{"id":279002,"date":"2022-11-14T18:20:55","date_gmt":"2022-11-14T17:20:55","guid":{"rendered":"https:\/\/dicodusport.fr\/blog\/?p=279002&#038;preview=true&#038;preview_id=279002"},"modified":"2022-11-20T10:59:03","modified_gmt":"2022-11-20T09:59:03","slug":"coupe-du-monde-de-football-une-premiere-etoile-pour-la-belgique","status":"publish","type":"post","link":"https:\/\/dicodusport.fr\/blog\/coupe-du-monde-de-football-une-premiere-etoile-pour-la-belgique\/","title":{"rendered":"Coupe du monde de football : Une premi\u00e8re \u00e9toile pour la Belgique ?"},"content":{"rendered":"<p style=\"text-align: justify;\"><b><i><a href=\"https:\/\/dicodusport.fr\/blog\/actualites\/football\/coupe-du-monde-de-football-2022\/\">COUPE DU MONDE DE FOOTBALL 2022<\/a> &#8211; Apr\u00e8s une 3\u00e8me place en 2018, la Belgique est de retour aux affaires, avec sa g\u00e9n\u00e9ration dor\u00e9e. Mais parviendra-t-elle \u00e0 faire mieux, et peut-\u00eatre remporter sa premi\u00e8re Coupe du monde ?<\/i><\/b><\/p>\n<h2 style=\"text-align: justify;\">Histoire de la Belgique en Coupe du monde<\/h2>\n<p style=\"text-align: justify;\">Au Qatar, la <strong>Belgique<\/strong> participera \u00e0 la Coupe du monde pour la quatorzi\u00e8me fois. Les d\u00e9buts de la Belgique en Coupe du monde ont \u00e9t\u00e9 compliqu\u00e9s, malgr\u00e9 deux huiti\u00e8mes de finale dans les ann\u00e9es 30 (1934 et 1938).<\/p>\n<p style=\"text-align: justify;\">Les Belges ne font pas mieux que 10\u00e8mes jusqu\u2019en 1986, o\u00f9 ils se classent \u00e0 la surprise g\u00e9n\u00e9rale 4\u00e8mes, sortis par l\u2019<strong>Argentine<\/strong> en demi-finales. Jusqu\u2019en 2014, ils ne re-d\u00e9passent pas les huiti\u00e8mes de finale. Mais depuis la <strong>Coupe du monde au Br\u00e9sil<\/strong> et l&rsquo;\u00e9mergence de la g\u00e9n\u00e9ration dor\u00e9e des <em>Diables Rouges<\/em>, le statut de ces derniers a chang\u00e9. Un quart perdu face \u00e0 leur b\u00eate noire (l&rsquo;Argentine) et en 2018, une demie perdue face aux Bleus. D\u2019ailleurs, 2018 fut leur meilleur r\u00e9sultat, avec une 3e place.<\/p>\n<h2 style=\"text-align: justify;\">Parcours en qualifications<\/h2>\n<p style=\"text-align: justify;\">Dans le groupe E pour les qualifications en Coupe du monde, les Belges ont fait face au <strong>Pays de Galles<\/strong>, la <strong>R\u00e9publique Tch\u00e8que<\/strong>, la <strong>Bi\u00e9lorussie<\/strong> et l\u2019<strong>Estonie<\/strong>. En tant que grands favoris du groupe, ils assument ce statut avec 20 points, 6 victoires et 2 matchs nuls, dont un gros carton 8-0 face \u00e0 la Bi\u00e9lorussie. La Belgique s&rsquo;est donc qualifi\u00e9e directement en Coupe du monde.<\/p>\n<h2 style=\"text-align: justify;\">Groupe et XI type de la Belgique<\/h2>\n<p style=\"text-align: justify;\"><b>Gardiens :<\/b> Thibault Courtois (Real Madrid), Simon Mignolet (Club Bruges), Koen Casteels (Wolfsburg).<\/p>\n<p style=\"text-align: justify;\"><b>D\u00e9fenseurs :<\/b> Jan Vertonghen (Anderlecht), Toby Alderweireld (Anvers), Leander Dendoncker (Aston Villa), Wout Faes (Leicester), Arthur Theate (Rennes), Zeno Debast (Anderlecht), Thomas Meunier (Dortmund), Timothy Castagne (Leicester).<\/p>\n<p style=\"text-align: justify;\"><b>Milieux :<\/b> Kevin De Bruyne (Manchester City), Youri Tielemans (Leicester), Amadou Onana (Everton), Axel Witsel (Atl\u00e9tico de Madrid), Hans Vanaken (Club Bruges).<br \/>\n<b><\/b><\/p>\n<p style=\"text-align: justify;\"><b>Attaquants :<\/b> Yannick Ferreira Carrasco (Atl\u00e9tico de Madrid), Thorgan Hazard (Dortmund), Eden Hazard (Real Madrid), Charles De Ketelaere (AC Milan), Leandro Trossard (Brighton), Dries Mertens (Galatasaray), J\u00e9r\u00e9my Doku (Rennes), Romelu Lukaku (Inter Milan), Michy Batshuayi (Fenerbah\u00e7e), Lo\u00efs Openda (Lens).<\/p>\n<blockquote class=\"twitter-tweet\">\n<p dir=\"ltr\" lang=\"fr\">&#x1f6a8; OFFICIEL ! La liste de la Belgique pour la Coupe du monde ! &#x1f1e7;&#x1f1ea; <a href=\"https:\/\/t.co\/zB80jJmJTF\">pic.twitter.com\/zB80jJmJTF<\/a><\/p>\n<p>\u2014 Actu Foot (@ActuFoot_) <a href=\"https:\/\/twitter.com\/ActuFoot_\/status\/1590664460007403520?ref_src=twsrc%5Etfw\">November 10, 2022<\/a><\/p><\/blockquote>\n<p><script async src=\"https:\/\/platform.twitter.com\/widgets.js\" charset=\"utf-8\"><\/script><\/p>\n<p style=\"text-align: justify;\"><strong>XI Type :<\/strong> Courtois &#8211; Vertonghen, Alderweireld, Denayer &#8211; Castagne, Witsel, Tielmans, Carrasco &#8211; De Bruyne, Hazard, Lukaku.<\/p>\n<h2 style=\"text-align: justify;\">Joueurs \u00e0 suivre<\/h2>\n<p style=\"text-align: justify;\">La s\u00e9lection belge pourra donc compter sur des joueurs d\u2019exp\u00e9rience et des atouts offensifs de poids. Sans surprise, il faudra suivre <strong>Kevin De Bruyne<\/strong>, joueur majeur du grand Manchester City de <strong>Guardiola<\/strong>, et qui est capable de tout. Mais il faudra aussi compter sur <strong>Romelu<\/strong> <strong>Lukaku<\/strong> qui voudra montrer qu\u2019il est l\u2019un des meilleurs num\u00e9ros 9 du monde, tandis qu\u2019<strong>Eden<\/strong> <strong>Hazard, <\/strong>en manque de temps de jeu \u00e0 Madrid, devra prouver qu\u2019il m\u00e9rite mieux.<\/p>\n<p style=\"text-align: justify;\">Mais il faudra aussi compter sur le banc de la Belgique avec des joueurs comme <strong>Leandro Trossard<\/strong> qui joue chez le surprenant Brighton, en feu en ce d\u00e9but de saison (7 buts et 3 passes d\u00e9cisives en 14 matchs de Premier League), ou encore <strong>J\u00e9r\u00e9my<\/strong> <strong>Doku<\/strong> et <strong>Arthur<\/strong> <strong>Theate,<\/strong> les deux jeunes Rennais.<\/p>\n<div id=\"attachment_279129\" style=\"width: 810px\" class=\"wp-caption aligncenter\"><a href=\"https:\/\/dicodusport.fr\/blog\/wp-content\/uploads\/2022\/11\/Kevin-De-Bruyne-Belgique.png\"><img loading=\"lazy\" decoding=\"async\" aria-describedby=\"caption-attachment-279129\" class=\"size-full wp-image-279129\" src=\"https:\/\/dicodusport.fr\/blog\/wp-content\/uploads\/2022\/11\/Kevin-De-Bruyne-Belgique.png\" alt=\"Kevin De Bruyne - Belgique\" width=\"800\" height=\"445\" srcset=\"https:\/\/dicodusport.fr\/blog\/wp-content\/uploads\/2022\/11\/Kevin-De-Bruyne-Belgique.png 800w, https:\/\/dicodusport.fr\/blog\/wp-content\/uploads\/2022\/11\/Kevin-De-Bruyne-Belgique-300x167.png 300w, https:\/\/dicodusport.fr\/blog\/wp-content\/uploads\/2022\/11\/Kevin-De-Bruyne-Belgique-768x427.png 768w\" sizes=\"auto, (max-width: 800px) 100vw, 800px\" \/><\/a><p id=\"caption-attachment-279129\" class=\"wp-caption-text\">Kevin De Bruyne &#8211; Belgique<\/p><\/div>\n<p>&nbsp;<\/p>\n<h2 style=\"text-align: justify;\">Calendrier de la Belgique<\/h2>\n<p style=\"text-align: justify;\"><strong>Mercredi 23 novembre<\/strong><\/p>\n<p style=\"text-align: justify;\"><strong>20h\u00a0<\/strong>: <strong>Belgique<\/strong> &#8211; <a href=\"https:\/\/dicodusport.fr\/blog\/coupe-du-monde-de-football-le-canada-a-la-recherche-dexperience\/\">Canada<\/a> (TF1 et beIN SPORTS 1)<\/p>\n<p style=\"text-align: justify;\"><strong>Dimanche 27 novembre<\/strong><\/p>\n<p style=\"text-align: justify;\"><strong>14h\u00a0: Belgique<\/strong> &#8211; <a href=\"https:\/\/dicodusport.fr\/blog\/coupe-du-monde-de-football-le-maroc-peut-il-dejouer-les-pronostics\/\">Maroc<\/a> (TF1 et beIN SPORTS 1)<\/p>\n<p style=\"text-align: justify;\"><strong>Jeudi 1<sup>er<\/sup> d\u00e9cembre<\/strong><\/p>\n<p style=\"text-align: justify;\"><strong>16h\u00a0:<\/strong> <a href=\"https:\/\/dicodusport.fr\/blog\/coupe-du-monde-de-football-la-croatie-taillee-pour-creer-une-nouvelle-surprise\/\">Croatie<\/a> &#8211; <strong>Belgique<\/strong> (beIN SPORTS 1)<\/p>\n<h2 style=\"text-align: justify;\">Notre pronostic pour la Belgique<\/h2>\n<p style=\"text-align: justify;\">Dans le <a href=\"https:\/\/dicodusport.fr\/blog\/calendrier-et-resultats-groupe-f-coupe-du-monde-de-football\/\">groupe F<\/a> avec le <strong>Canada<\/strong>, le <strong>Maroc<\/strong> et la <strong>Croatie<\/strong>, la Belgique semble la grande favorite, mais jouera s\u00fbrement une finale du groupe en cl\u00f4ture face \u00e0 la Croatie, le dernier finaliste. La Belgique finira donc dans le meilleur des cas premi\u00e8re du groupe, malgr\u00e9 ce match compliqu\u00e9 face \u00e0 la <strong>Croatie<\/strong>, qui pourrait quant \u00e0 elle cr\u00e9er une nouvelle surprise en 2022. Le Canada et le Maroc ne devraient repr\u00e9senter un grand danger pour les Diables Rouges.<\/p>\n","protected":false},"excerpt":{"rendered":"<p>COUPE DU MONDE DE FOOTBALL 2022 &#8211;\u00a0 Apr\u00e8s une 3\u00e8me place en 2018, la Belgique est de retour aux affaires, avec sa g\u00e9n\u00e9ration dor\u00e9e. Mais parviendra-t-elle \u00e0 faire mieux, et peut-\u00eatre remporter sa premi\u00e8re Coupe du monde ?<\/p>\n","protected":false},"author":74,"featured_media":279127,"comment_status":"open","ping_status":"closed","sticky":false,"template":"","format":"standard","meta":{"_acf_changed":false,"_daextam_enable_autolinks":"","footnotes":""},"categories":[47043,2301],"tags":[373,5095,380,75],"class_list":["post-279002","post","type-post","status-publish","format-standard","has-post-thumbnail","hentry","category-coupe-du-monde-de-football","category-football","tag-belgique","tag-coupe-du-monde-de-football","tag-eden-hazard","tag-football"],"acf":[],"yoast_head":"<!-- This site is optimized with the Yoast SEO Premium plugin v26.7 (Yoast SEO v26.7) - https:\/\/yoast.com\/wordpress\/plugins\/seo\/ -->\n<title>Coupe du monde de football : Une premi\u00e8re \u00e9toile pour la Belgique ?<\/title>\n<meta name=\"description\" content=\"COUPE DU MONDE DE FOOTBALL 2022 -\u00a0Apr\u00e8s une 3\u00e8me place en 2018, la Belgique est de retour aux affaires. Notre preview.\" \/>\n<meta name=\"robots\" content=\"index, follow, max-snippet:-1, max-image-preview:large, max-video-preview:-1\" \/>\n<link rel=\"canonical\" href=\"https:\/\/dicodusport.fr\/blog\/coupe-du-monde-de-football-une-premiere-etoile-pour-la-belgique\/\" \/>\n<meta property=\"og:locale\" content=\"fr_FR\" \/>\n<meta property=\"og:type\" content=\"article\" \/>\n<meta property=\"og:title\" content=\"Coupe du monde de football : Une premi\u00e8re \u00e9toile pour la Belgique ?\" \/>\n<meta property=\"og:description\" content=\"COUPE DU MONDE DE FOOTBALL 2022 -\u00a0Apr\u00e8s une 3\u00e8me place en 2018, la Belgique est de retour aux affaires. Notre preview.\" \/>\n<meta property=\"og:url\" content=\"https:\/\/dicodusport.fr\/blog\/coupe-du-monde-de-football-une-premiere-etoile-pour-la-belgique\/\" \/>\n<meta property=\"og:site_name\" content=\"Dicodusport\" \/>\n<meta property=\"article:publisher\" content=\"https:\/\/www.facebook.com\/dicodusport\" \/>\n<meta property=\"article:published_time\" content=\"2022-11-14T17:20:55+00:00\" \/>\n<meta property=\"article:modified_time\" content=\"2022-11-20T09:59:03+00:00\" \/>\n<meta property=\"og:image\" content=\"https:\/\/dicodusport.fr\/blog\/wp-content\/uploads\/2022\/11\/Coupe-du-monde-de-football-Une-premiere-etoile-pour-la-Belgique-.png\" \/>\n\t<meta property=\"og:image:width\" content=\"800\" \/>\n\t<meta property=\"og:image:height\" content=\"445\" \/>\n\t<meta property=\"og:image:type\" content=\"image\/png\" \/>\n<meta name=\"author\" content=\"Julien Guillaume\" \/>\n<meta name=\"twitter:card\" content=\"summary_large_image\" \/>\n<meta name=\"twitter:title\" content=\"Coupe du monde de football : Une premi\u00e8re \u00e9toile pour la Belgique ?\" \/>\n<meta name=\"twitter:creator\" content=\"@dicodusport\" \/>\n<meta name=\"twitter:site\" content=\"@dicodusport\" \/>\n<script type=\"application\/ld+json\" class=\"yoast-schema-graph\">{\"@context\":\"https:\/\/schema.org\",\"@graph\":[{\"@type\":\"NewsArticle\",\"@id\":\"https:\/\/dicodusport.fr\/blog\/coupe-du-monde-de-football-une-premiere-etoile-pour-la-belgique\/#article\",\"isPartOf\":{\"@id\":\"https:\/\/dicodusport.fr\/blog\/coupe-du-monde-de-football-une-premiere-etoile-pour-la-belgique\/\"},\"author\":{\"name\":\"Julien Guillaume\",\"@id\":\"https:\/\/dicodusport.fr\/blog\/#\/schema\/person\/fbc076c7537570c66101729bae63c6a3\"},\"headline\":\"Coupe du monde de football : Une premi\u00e8re \u00e9toile pour la Belgique ?\",\"datePublished\":\"2022-11-14T17:20:55+00:00\",\"dateModified\":\"2022-11-20T09:59:03+00:00\",\"mainEntityOfPage\":{\"@id\":\"https:\/\/dicodusport.fr\/blog\/coupe-du-monde-de-football-une-premiere-etoile-pour-la-belgique\/\"},\"wordCount\":694,\"commentCount\":0,\"publisher\":{\"@id\":\"https:\/\/dicodusport.fr\/blog\/#organization\"},\"image\":{\"@id\":\"https:\/\/dicodusport.fr\/blog\/coupe-du-monde-de-football-une-premiere-etoile-pour-la-belgique\/#primaryimage\"},\"thumbnailUrl\":\"https:\/\/dicodusport.fr\/blog\/wp-content\/uploads\/2022\/11\/Coupe-du-monde-de-football-Une-premiere-etoile-pour-la-Belgique-.png\",\"keywords\":[\"Belgique\",\"coupe du monde de football\",\"Eden Hazard\",\"Football\"],\"articleSection\":[\"Coupe du monde de football\",\"Football\"],\"inLanguage\":\"fr-FR\",\"potentialAction\":[{\"@type\":\"CommentAction\",\"name\":\"Comment\",\"target\":[\"https:\/\/dicodusport.fr\/blog\/coupe-du-monde-de-football-une-premiere-etoile-pour-la-belgique\/#respond\"]}],\"copyrightYear\":\"2022\",\"copyrightHolder\":{\"@id\":\"https:\/\/dicodusport.fr\/blog\/#organization\"}},{\"@type\":\"WebPage\",\"@id\":\"https:\/\/dicodusport.fr\/blog\/coupe-du-monde-de-football-une-premiere-etoile-pour-la-belgique\/\",\"url\":\"https:\/\/dicodusport.fr\/blog\/coupe-du-monde-de-football-une-premiere-etoile-pour-la-belgique\/\",\"name\":\"Coupe du monde de football : Une premi\u00e8re \u00e9toile pour la Belgique ?\",\"isPartOf\":{\"@id\":\"https:\/\/dicodusport.fr\/blog\/#website\"},\"primaryImageOfPage\":{\"@id\":\"https:\/\/dicodusport.fr\/blog\/coupe-du-monde-de-football-une-premiere-etoile-pour-la-belgique\/#primaryimage\"},\"image\":{\"@id\":\"https:\/\/dicodusport.fr\/blog\/coupe-du-monde-de-football-une-premiere-etoile-pour-la-belgique\/#primaryimage\"},\"thumbnailUrl\":\"https:\/\/dicodusport.fr\/blog\/wp-content\/uploads\/2022\/11\/Coupe-du-monde-de-football-Une-premiere-etoile-pour-la-Belgique-.png\",\"datePublished\":\"2022-11-14T17:20:55+00:00\",\"dateModified\":\"2022-11-20T09:59:03+00:00\",\"description\":\"COUPE DU MONDE DE FOOTBALL 2022 -\u00a0Apr\u00e8s une 3\u00e8me place en 2018, la Belgique est de retour aux affaires. Notre preview.\",\"breadcrumb\":{\"@id\":\"https:\/\/dicodusport.fr\/blog\/coupe-du-monde-de-football-une-premiere-etoile-pour-la-belgique\/#breadcrumb\"},\"inLanguage\":\"fr-FR\",\"potentialAction\":[{\"@type\":\"ReadAction\",\"target\":[\"https:\/\/dicodusport.fr\/blog\/coupe-du-monde-de-football-une-premiere-etoile-pour-la-belgique\/\"]}]},{\"@type\":\"ImageObject\",\"inLanguage\":\"fr-FR\",\"@id\":\"https:\/\/dicodusport.fr\/blog\/coupe-du-monde-de-football-une-premiere-etoile-pour-la-belgique\/#primaryimage\",\"url\":\"https:\/\/dicodusport.fr\/blog\/wp-content\/uploads\/2022\/11\/Coupe-du-monde-de-football-Une-premiere-etoile-pour-la-Belgique-.png\",\"contentUrl\":\"https:\/\/dicodusport.fr\/blog\/wp-content\/uploads\/2022\/11\/Coupe-du-monde-de-football-Une-premiere-etoile-pour-la-Belgique-.png\",\"width\":800,\"height\":445,\"caption\":\"Coupe du monde de football Une premi\u00e8re \u00e9toile pour la Belgique\"},{\"@type\":\"BreadcrumbList\",\"@id\":\"https:\/\/dicodusport.fr\/blog\/coupe-du-monde-de-football-une-premiere-etoile-pour-la-belgique\/#breadcrumb\",\"itemListElement\":[{\"@type\":\"ListItem\",\"position\":1,\"name\":\"Accueil\",\"item\":\"https:\/\/dicodusport.fr\/blog\/\"},{\"@type\":\"ListItem\",\"position\":2,\"name\":\"Coupe du monde de football : Une premi\u00e8re \u00e9toile pour la Belgique ?\"}]},{\"@type\":\"WebSite\",\"@id\":\"https:\/\/dicodusport.fr\/blog\/#website\",\"url\":\"https:\/\/dicodusport.fr\/blog\/\",\"name\":\"Dicodusport\",\"description\":\"L&#039;encyclop\u00e9die de l&#039;actualit\u00e9 sportive\",\"publisher\":{\"@id\":\"https:\/\/dicodusport.fr\/blog\/#organization\"},\"potentialAction\":[{\"@type\":\"SearchAction\",\"target\":{\"@type\":\"EntryPoint\",\"urlTemplate\":\"https:\/\/dicodusport.fr\/blog\/?s={search_term_string}\"},\"query-input\":{\"@type\":\"PropertyValueSpecification\",\"valueRequired\":true,\"valueName\":\"search_term_string\"}}],\"inLanguage\":\"fr-FR\"},{\"@type\":\"NewsMediaOrganization\",\"@id\":\"https:\/\/dicodusport.fr\/blog\/#organization\",\"name\":\"Dicodusport\",\"url\":\"https:\/\/dicodusport.fr\/blog\/\",\"logo\":{\"@type\":\"ImageObject\",\"inLanguage\":\"fr-FR\",\"@id\":\"https:\/\/dicodusport.fr\/blog\/#\/schema\/logo\/image\/\",\"url\":\"https:\/\/dicodusport.fr\/blog\/wp-content\/uploads\/2020\/06\/cropped-LOGO-DICODUSPORT-2020-SANS-FOND-SANS-TEXTE.png\",\"contentUrl\":\"https:\/\/dicodusport.fr\/blog\/wp-content\/uploads\/2020\/06\/cropped-LOGO-DICODUSPORT-2020-SANS-FOND-SANS-TEXTE.png\",\"width\":512,\"height\":512,\"caption\":\"Dicodusport\"},\"image\":{\"@id\":\"https:\/\/dicodusport.fr\/blog\/#\/schema\/logo\/image\/\"},\"sameAs\":[\"https:\/\/www.facebook.com\/dicodusport\",\"https:\/\/x.com\/dicodusport\",\"https:\/\/www.instagram.com\/dicodusport\/\",\"https:\/\/www.youtube.com\/channel\/UC7V2KZ5sd3htJivAbA4ZG3w\"],\"description\":\"Dicodusport est l'encyclop\u00e9die de l'actualit\u00e9 sportive.\",\"email\":\"bonjour@dicodusport.fr\",\"legalName\":\"DICODUSPORT\",\"foundingDate\":\"2018-01-14\",\"vatID\":\"FR71834470973\",\"taxID\":\"83447097300043\",\"numberOfEmployees\":{\"@type\":\"QuantitativeValue\",\"minValue\":\"1\",\"maxValue\":\"10\"}},{\"@type\":\"Person\",\"@id\":\"https:\/\/dicodusport.fr\/blog\/#\/schema\/person\/fbc076c7537570c66101729bae63c6a3\",\"name\":\"Julien Guillaume\",\"image\":{\"@type\":\"ImageObject\",\"inLanguage\":\"fr-FR\",\"@id\":\"https:\/\/dicodusport.fr\/blog\/#\/schema\/person\/image\/\",\"url\":\"https:\/\/dicodusport.fr\/blog\/wp-content\/uploads\/2020\/06\/cropped-LOGO-DICODUSPORT-2020-SANS-FOND-SANS-TEXTE-150x150.png\",\"contentUrl\":\"https:\/\/dicodusport.fr\/blog\/wp-content\/uploads\/2020\/06\/cropped-LOGO-DICODUSPORT-2020-SANS-FOND-SANS-TEXTE-150x150.png\",\"caption\":\"Julien Guillaume\"},\"url\":\"https:\/\/dicodusport.fr\/blog\/author\/julien-guillaume\/\"}]}<\/script>\n<!-- \/ Yoast SEO Premium plugin. -->","yoast_head_json":{"title":"Coupe du monde de football : Une premi\u00e8re \u00e9toile pour la Belgique ?","description":"COUPE DU MONDE DE FOOTBALL 2022 -\u00a0Apr\u00e8s une 3\u00e8me place en 2018, la Belgique est de retour aux affaires. Notre preview.","robots":{"index":"index","follow":"follow","max-snippet":"max-snippet:-1","max-image-preview":"max-image-preview:large","max-video-preview":"max-video-preview:-1"},"canonical":"https:\/\/dicodusport.fr\/blog\/coupe-du-monde-de-football-une-premiere-etoile-pour-la-belgique\/","og_locale":"fr_FR","og_type":"article","og_title":"Coupe du monde de football : Une premi\u00e8re \u00e9toile pour la Belgique ?","og_description":"COUPE DU MONDE DE FOOTBALL 2022 -\u00a0Apr\u00e8s une 3\u00e8me place en 2018, la Belgique est de retour aux affaires. Notre preview.","og_url":"https:\/\/dicodusport.fr\/blog\/coupe-du-monde-de-football-une-premiere-etoile-pour-la-belgique\/","og_site_name":"Dicodusport","article_publisher":"https:\/\/www.facebook.com\/dicodusport","article_published_time":"2022-11-14T17:20:55+00:00","article_modified_time":"2022-11-20T09:59:03+00:00","og_image":[{"width":800,"height":445,"url":"https:\/\/dicodusport.fr\/blog\/wp-content\/uploads\/2022\/11\/Coupe-du-monde-de-football-Une-premiere-etoile-pour-la-Belgique-.png","type":"image\/png"}],"author":"Julien Guillaume","twitter_card":"summary_large_image","twitter_title":"Coupe du monde de football : Une premi\u00e8re \u00e9toile pour la Belgique ?","twitter_creator":"@dicodusport","twitter_site":"@dicodusport","schema":{"@context":"https:\/\/schema.org","@graph":[{"@type":"NewsArticle","@id":"https:\/\/dicodusport.fr\/blog\/coupe-du-monde-de-football-une-premiere-etoile-pour-la-belgique\/#article","isPartOf":{"@id":"https:\/\/dicodusport.fr\/blog\/coupe-du-monde-de-football-une-premiere-etoile-pour-la-belgique\/"},"author":{"name":"Julien Guillaume","@id":"https:\/\/dicodusport.fr\/blog\/#\/schema\/person\/fbc076c7537570c66101729bae63c6a3"},"headline":"Coupe du monde de football : Une premi\u00e8re \u00e9toile pour la Belgique ?","datePublished":"2022-11-14T17:20:55+00:00","dateModified":"2022-11-20T09:59:03+00:00","mainEntityOfPage":{"@id":"https:\/\/dicodusport.fr\/blog\/coupe-du-monde-de-football-une-premiere-etoile-pour-la-belgique\/"},"wordCount":694,"commentCount":0,"publisher":{"@id":"https:\/\/dicodusport.fr\/blog\/#organization"},"image":{"@id":"https:\/\/dicodusport.fr\/blog\/coupe-du-monde-de-football-une-premiere-etoile-pour-la-belgique\/#primaryimage"},"thumbnailUrl":"https:\/\/dicodusport.fr\/blog\/wp-content\/uploads\/2022\/11\/Coupe-du-monde-de-football-Une-premiere-etoile-pour-la-Belgique-.png","keywords":["Belgique","coupe du monde de football","Eden Hazard","Football"],"articleSection":["Coupe du monde de football","Football"],"inLanguage":"fr-FR","potentialAction":[{"@type":"CommentAction","name":"Comment","target":["https:\/\/dicodusport.fr\/blog\/coupe-du-monde-de-football-une-premiere-etoile-pour-la-belgique\/#respond"]}],"copyrightYear":"2022","copyrightHolder":{"@id":"https:\/\/dicodusport.fr\/blog\/#organization"}},{"@type":"WebPage","@id":"https:\/\/dicodusport.fr\/blog\/coupe-du-monde-de-football-une-premiere-etoile-pour-la-belgique\/","url":"https:\/\/dicodusport.fr\/blog\/coupe-du-monde-de-football-une-premiere-etoile-pour-la-belgique\/","name":"Coupe du monde de football : Une premi\u00e8re \u00e9toile pour la Belgique ?","isPartOf":{"@id":"https:\/\/dicodusport.fr\/blog\/#website"},"primaryImageOfPage":{"@id":"https:\/\/dicodusport.fr\/blog\/coupe-du-monde-de-football-une-premiere-etoile-pour-la-belgique\/#primaryimage"},"image":{"@id":"https:\/\/dicodusport.fr\/blog\/coupe-du-monde-de-football-une-premiere-etoile-pour-la-belgique\/#primaryimage"},"thumbnailUrl":"https:\/\/dicodusport.fr\/blog\/wp-content\/uploads\/2022\/11\/Coupe-du-monde-de-football-Une-premiere-etoile-pour-la-Belgique-.png","datePublished":"2022-11-14T17:20:55+00:00","dateModified":"2022-11-20T09:59:03+00:00","description":"COUPE DU MONDE DE FOOTBALL 2022 -\u00a0Apr\u00e8s une 3\u00e8me place en 2018, la Belgique est de retour aux affaires. Notre preview.","breadcrumb":{"@id":"https:\/\/dicodusport.fr\/blog\/coupe-du-monde-de-football-une-premiere-etoile-pour-la-belgique\/#breadcrumb"},"inLanguage":"fr-FR","potentialAction":[{"@type":"ReadAction","target":["https:\/\/dicodusport.fr\/blog\/coupe-du-monde-de-football-une-premiere-etoile-pour-la-belgique\/"]}]},{"@type":"ImageObject","inLanguage":"fr-FR","@id":"https:\/\/dicodusport.fr\/blog\/coupe-du-monde-de-football-une-premiere-etoile-pour-la-belgique\/#primaryimage","url":"https:\/\/dicodusport.fr\/blog\/wp-content\/uploads\/2022\/11\/Coupe-du-monde-de-football-Une-premiere-etoile-pour-la-Belgique-.png","contentUrl":"https:\/\/dicodusport.fr\/blog\/wp-content\/uploads\/2022\/11\/Coupe-du-monde-de-football-Une-premiere-etoile-pour-la-Belgique-.png","width":800,"height":445,"caption":"Coupe du monde de football Une premi\u00e8re \u00e9toile pour la Belgique"},{"@type":"BreadcrumbList","@id":"https:\/\/dicodusport.fr\/blog\/coupe-du-monde-de-football-une-premiere-etoile-pour-la-belgique\/#breadcrumb","itemListElement":[{"@type":"ListItem","position":1,"name":"Accueil","item":"https:\/\/dicodusport.fr\/blog\/"},{"@type":"ListItem","position":2,"name":"Coupe du monde de football : Une premi\u00e8re \u00e9toile pour la Belgique ?"}]},{"@type":"WebSite","@id":"https:\/\/dicodusport.fr\/blog\/#website","url":"https:\/\/dicodusport.fr\/blog\/","name":"Dicodusport","description":"L&#039;encyclop\u00e9die de l&#039;actualit\u00e9 sportive","publisher":{"@id":"https:\/\/dicodusport.fr\/blog\/#organization"},"potentialAction":[{"@type":"SearchAction","target":{"@type":"EntryPoint","urlTemplate":"https:\/\/dicodusport.fr\/blog\/?s={search_term_string}"},"query-input":{"@type":"PropertyValueSpecification","valueRequired":true,"valueName":"search_term_string"}}],"inLanguage":"fr-FR"},{"@type":"NewsMediaOrganization","@id":"https:\/\/dicodusport.fr\/blog\/#organization","name":"Dicodusport","url":"https:\/\/dicodusport.fr\/blog\/","logo":{"@type":"ImageObject","inLanguage":"fr-FR","@id":"https:\/\/dicodusport.fr\/blog\/#\/schema\/logo\/image\/","url":"https:\/\/dicodusport.fr\/blog\/wp-content\/uploads\/2020\/06\/cropped-LOGO-DICODUSPORT-2020-SANS-FOND-SANS-TEXTE.png","contentUrl":"https:\/\/dicodusport.fr\/blog\/wp-content\/uploads\/2020\/06\/cropped-LOGO-DICODUSPORT-2020-SANS-FOND-SANS-TEXTE.png","width":512,"height":512,"caption":"Dicodusport"},"image":{"@id":"https:\/\/dicodusport.fr\/blog\/#\/schema\/logo\/image\/"},"sameAs":["https:\/\/www.facebook.com\/dicodusport","https:\/\/x.com\/dicodusport","https:\/\/www.instagram.com\/dicodusport\/","https:\/\/www.youtube.com\/channel\/UC7V2KZ5sd3htJivAbA4ZG3w"],"description":"Dicodusport est l'encyclop\u00e9die de l'actualit\u00e9 sportive.","email":"bonjour@dicodusport.fr","legalName":"DICODUSPORT","foundingDate":"2018-01-14","vatID":"FR71834470973","taxID":"83447097300043","numberOfEmployees":{"@type":"QuantitativeValue","minValue":"1","maxValue":"10"}},{"@type":"Person","@id":"https:\/\/dicodusport.fr\/blog\/#\/schema\/person\/fbc076c7537570c66101729bae63c6a3","name":"Julien Guillaume","image":{"@type":"ImageObject","inLanguage":"fr-FR","@id":"https:\/\/dicodusport.fr\/blog\/#\/schema\/person\/image\/","url":"https:\/\/dicodusport.fr\/blog\/wp-content\/uploads\/2020\/06\/cropped-LOGO-DICODUSPORT-2020-SANS-FOND-SANS-TEXTE-150x150.png","contentUrl":"https:\/\/dicodusport.fr\/blog\/wp-content\/uploads\/2020\/06\/cropped-LOGO-DICODUSPORT-2020-SANS-FOND-SANS-TEXTE-150x150.png","caption":"Julien Guillaume"},"url":"https:\/\/dicodusport.fr\/blog\/author\/julien-guillaume\/"}]}},"_links":{"self":[{"href":"https:\/\/dicodusport.fr\/blog\/wp-json\/wp\/v2\/posts\/279002","targetHints":{"allow":["GET"]}}],"collection":[{"href":"https:\/\/dicodusport.fr\/blog\/wp-json\/wp\/v2\/posts"}],"about":[{"href":"https:\/\/dicodusport.fr\/blog\/wp-json\/wp\/v2\/types\/post"}],"author":[{"embeddable":true,"href":"https:\/\/dicodusport.fr\/blog\/wp-json\/wp\/v2\/users\/74"}],"replies":[{"embeddable":true,"href":"https:\/\/dicodusport.fr\/blog\/wp-json\/wp\/v2\/comments?post=279002"}],"version-history":[{"count":0,"href":"https:\/\/dicodusport.fr\/blog\/wp-json\/wp\/v2\/posts\/279002\/revisions"}],"wp:featuredmedia":[{"embeddable":true,"href":"https:\/\/dicodusport.fr\/blog\/wp-json\/wp\/v2\/media\/279127"}],"wp:attachment":[{"href":"https:\/\/dicodusport.fr\/blog\/wp-json\/wp\/v2\/media?parent=279002"}],"wp:term":[{"taxonomy":"category","embeddable":true,"href":"https:\/\/dicodusport.fr\/blog\/wp-json\/wp\/v2\/categories?post=279002"},{"taxonomy":"post_tag","embeddable":true,"href":"https:\/\/dicodusport.fr\/blog\/wp-json\/wp\/v2\/tags?post=279002"}],"curies":[{"name":"wp","href":"https:\/\/api.w.org\/{rel}","templated":true}]}}