{"id":27910,"date":"2018-10-22T16:50:16","date_gmt":"2018-10-22T14:50:16","guid":{"rendered":"http:\/\/dicodusport.fr\/blog\/?p=27910"},"modified":"2018-10-23T10:32:24","modified_gmt":"2018-10-23T08:32:24","slug":"la-femme-du-week-end-vous-avez-elu-justine-braisaz","status":"publish","type":"post","link":"https:\/\/dicodusport.fr\/blog\/la-femme-du-week-end-vous-avez-elu-justine-braisaz\/","title":{"rendered":"La femme du week-end : vous avez \u00e9lu Justine Braisaz"},"content":{"rendered":"<p style=\"text-align: justify;\"><strong><em>Oppos\u00e9e \u00e0 sa co\u00e9quipi\u00e8re en \u00e9quipe de France de biathlon, Ana\u00efs Bescond, et Daria Kasatkina, vous avez \u00e9lu Justine Braisaz pour le titre de la femme du week-end.<\/em><\/strong><\/p>\n<p style=\"text-align: justify;\">On avait quitt\u00e9 Justine Braisaz d\u00e9pit\u00e9e, apr\u00e8s une saison 2017-2018 d\u00e9but\u00e9e tout feu tout flamme avant de craquer au fil des semaines. Hors du coup lors des Jeux de Pyeongchang, la native d&rsquo;Albertville a \u00e9t\u00e9 trahie par son tir, d\u00e9faillant dans la seconde moiti\u00e9 d&rsquo;une saison marqu\u00e9e, malgr\u00e9 tout, par sa premi\u00e8re victoire en Coupe du monde, sur la mass start au Grand-Bornand.<\/p>\n<p style=\"text-align: justify;\">Depuis, de l&rsquo;eau a coul\u00e9 sous les ponts. Une remise en question, un nouvel entra\u00eeneur pour l&rsquo;\u00e9quipe de France f\u00e9minine de biathlon, et revoil\u00e0 une Justine Braisaz conqu\u00e9rante, pr\u00eate \u00e0 croquer la saison 2018-2019 qui d\u00e9butera dans un peu plus d&rsquo;un mois. En attendant, les meilleures biathl\u00e8tes tricolores avaient rendez-vous ce week-end \u00e0 Ar\u00e7on, dans le d\u00e9partement du Doubs, pour les championnats de France de biathlon d&rsquo;\u00e9t\u00e9. Si elle a \u00e9t\u00e9 devanc\u00e9e par Ana\u00efs Bescond lors de la poursuite de dimanche, Justine Braisaz a remport\u00e9 le titre national en sprint samedi, en r\u00e9alisant un sans-faute au tir.<\/p>\n<p style=\"text-align: justify;\">Une performance qui augure de belles choses pour la nouvelle porte-drapeau du biathlon f\u00e9minin fran\u00e7ais, apr\u00e8s le d\u00e9part en retraite de Marie Dorin-Habert en fin de saison derni\u00e8re.<\/p>\n<h4>Les r\u00e9sultats complets<\/h4>\n<div id=\"attachment_27915\" style=\"width: 698px\" class=\"wp-caption aligncenter\"><img loading=\"lazy\" decoding=\"async\" aria-describedby=\"caption-attachment-27915\" class=\"size-full wp-image-27915\" src=\"http:\/\/dicodusport.fr\/blog\/wp-content\/uploads\/2018\/10\/R\u00e9sultats-femme-du-week-end-22-octobre-2018.png\" alt=\"\" width=\"688\" height=\"308\" srcset=\"https:\/\/dicodusport.fr\/blog\/wp-content\/uploads\/2018\/10\/R\u00e9sultats-femme-du-week-end-22-octobre-2018.png 688w, https:\/\/dicodusport.fr\/blog\/wp-content\/uploads\/2018\/10\/R\u00e9sultats-femme-du-week-end-22-octobre-2018-300x134.png 300w\" sizes=\"auto, (max-width: 688px) 100vw, 688px\" \/><p id=\"caption-attachment-27915\" class=\"wp-caption-text\">R\u00e9sultats femme du week-end<\/p><\/div>\n<p>&nbsp;<\/p>\n<p><strong><em>Flo Ostermann<br \/>\n<a href=\"https:\/\/www.facebook.com\/florent.ostermann\"><img loading=\"lazy\" decoding=\"async\" class=\"alignnone wp-image-2909\" src=\"http:\/\/dicodusport.fr\/blog\/wp-content\/uploads\/2017\/07\/logo-facebook-150x150.png\" sizes=\"auto, (max-width: 40px) 100vw, 40px\" srcset=\"https:\/\/dicodusport.fr\/blog\/wp-content\/uploads\/2017\/07\/logo-facebook-150x150.png 150w, https:\/\/dicodusport.fr\/blog\/wp-content\/uploads\/2017\/07\/logo-facebook-300x300.png 300w, https:\/\/dicodusport.fr\/blog\/wp-content\/uploads\/2017\/07\/logo-facebook.png 400w\" alt=\"\" width=\"40\" height=\"40\" \/><\/a><a href=\"https:\/\/twitter.com\/SportInsideMag\"><img loading=\"lazy\" decoding=\"async\" class=\"alignnone wp-image-2908\" src=\"http:\/\/dicodusport.fr\/blog\/wp-content\/uploads\/2017\/07\/logo-twitter-150x150.png\" alt=\"\" width=\"39\" height=\"39\" \/><\/a><\/em><\/strong><\/p>\n","protected":false},"excerpt":{"rendered":"<p>Oppos\u00e9e sa co\u00e9quipi\u00e8re en \u00e9quipe de France de biathlon, Ana\u00efs Bescond, et Daria Kasatkina, vous avez \u00e9lu Justine Braisaz pour le titre de la femme du week-end.<\/p>\n","protected":false},"author":4,"featured_media":27914,"comment_status":"open","ping_status":"closed","sticky":false,"template":"","format":"standard","meta":{"_acf_changed":false,"_daextam_enable_autolinks":"","footnotes":""},"categories":[2,2426,2313],"tags":[2427,4800,2701],"class_list":["post-27910","post","type-post","status-publish","format-standard","has-post-thumbnail","hentry","category-actualites","category-biathlon","category-sports-dhiver","tag-biathlon","tag-femme-du-week-end","tag-justine-braisaz"],"acf":[],"yoast_head":"<!-- This site is optimized with the Yoast SEO Premium plugin v26.7 (Yoast SEO v26.7) - https:\/\/yoast.com\/wordpress\/plugins\/seo\/ -->\n<title>La femme du week-end : vous avez \u00e9lu Justine Braisaz<\/title>\n<meta name=\"description\" content=\"Face \u00e0 sa co\u00e9quipi\u00e8re en \u00e9quipe de France, Ana\u00efs Bescond, et Daria Kasatkina, vous avez \u00e9lu Justine Braisaz pour le titre de la femme du week-end.\" \/>\n<meta name=\"robots\" content=\"index, follow, max-snippet:-1, max-image-preview:large, max-video-preview:-1\" \/>\n<link rel=\"canonical\" href=\"https:\/\/dicodusport.fr\/blog\/la-femme-du-week-end-vous-avez-elu-justine-braisaz\/\" \/>\n<meta property=\"og:locale\" content=\"fr_FR\" \/>\n<meta property=\"og:type\" content=\"article\" \/>\n<meta property=\"og:title\" content=\"La femme du week-end : vous avez \u00e9lu Justine Braisaz\" \/>\n<meta property=\"og:description\" content=\"Face \u00e0 sa co\u00e9quipi\u00e8re en \u00e9quipe de France, Ana\u00efs Bescond, et Daria Kasatkina, vous avez \u00e9lu Justine Braisaz pour le titre de la femme du week-end.\" \/>\n<meta property=\"og:url\" content=\"https:\/\/dicodusport.fr\/blog\/la-femme-du-week-end-vous-avez-elu-justine-braisaz\/\" \/>\n<meta property=\"og:site_name\" content=\"Dicodusport\" \/>\n<meta property=\"article:publisher\" content=\"https:\/\/www.facebook.com\/dicodusport\" \/>\n<meta property=\"article:author\" content=\"https:\/\/www.facebook.com\/florent.ostermann\" \/>\n<meta property=\"article:published_time\" content=\"2018-10-22T14:50:16+00:00\" \/>\n<meta property=\"article:modified_time\" content=\"2018-10-23T08:32:24+00:00\" \/>\n<meta property=\"og:image\" content=\"https:\/\/dicodusport.fr\/blog\/wp-content\/uploads\/2018\/10\/Justine-Braisaz-femme-du-week-end-22-octobre-2018-1.png\" \/>\n\t<meta property=\"og:image:width\" content=\"800\" \/>\n\t<meta property=\"og:image:height\" content=\"445\" \/>\n\t<meta property=\"og:image:type\" content=\"image\/png\" \/>\n<meta name=\"author\" content=\"Flo Ostermann\" \/>\n<meta name=\"twitter:card\" content=\"summary_large_image\" \/>\n<meta name=\"twitter:creator\" content=\"@https:\/\/twitter.com\/FlOstermann\" \/>\n<meta name=\"twitter:site\" content=\"@dicodusport\" \/>\n<script type=\"application\/ld+json\" class=\"yoast-schema-graph\">{\"@context\":\"https:\/\/schema.org\",\"@graph\":[{\"@type\":\"NewsArticle\",\"@id\":\"https:\/\/dicodusport.fr\/blog\/la-femme-du-week-end-vous-avez-elu-justine-braisaz\/#article\",\"isPartOf\":{\"@id\":\"https:\/\/dicodusport.fr\/blog\/la-femme-du-week-end-vous-avez-elu-justine-braisaz\/\"},\"author\":{\"name\":\"Flo Ostermann\",\"@id\":\"https:\/\/dicodusport.fr\/blog\/#\/schema\/person\/cb02af4c173ce4a653b55e9baf388d4a\"},\"headline\":\"La femme du week-end : vous avez \u00e9lu Justine Braisaz\",\"datePublished\":\"2018-10-22T14:50:16+00:00\",\"dateModified\":\"2018-10-23T08:32:24+00:00\",\"mainEntityOfPage\":{\"@id\":\"https:\/\/dicodusport.fr\/blog\/la-femme-du-week-end-vous-avez-elu-justine-braisaz\/\"},\"wordCount\":275,\"commentCount\":0,\"publisher\":{\"@id\":\"https:\/\/dicodusport.fr\/blog\/#organization\"},\"image\":{\"@id\":\"https:\/\/dicodusport.fr\/blog\/la-femme-du-week-end-vous-avez-elu-justine-braisaz\/#primaryimage\"},\"thumbnailUrl\":\"https:\/\/dicodusport.fr\/blog\/wp-content\/uploads\/2018\/10\/Justine-Braisaz-femme-du-week-end-22-octobre-2018-1.png\",\"keywords\":[\"Biathlon\",\"femme du week-end\",\"Justine Braisaz\"],\"articleSection\":[\"Actualit\u00e9s\",\"Biathlon\",\"Sports d'hiver\"],\"inLanguage\":\"fr-FR\",\"potentialAction\":[{\"@type\":\"CommentAction\",\"name\":\"Comment\",\"target\":[\"https:\/\/dicodusport.fr\/blog\/la-femme-du-week-end-vous-avez-elu-justine-braisaz\/#respond\"]}],\"copyrightYear\":\"2018\",\"copyrightHolder\":{\"@id\":\"https:\/\/dicodusport.fr\/blog\/#organization\"}},{\"@type\":\"WebPage\",\"@id\":\"https:\/\/dicodusport.fr\/blog\/la-femme-du-week-end-vous-avez-elu-justine-braisaz\/\",\"url\":\"https:\/\/dicodusport.fr\/blog\/la-femme-du-week-end-vous-avez-elu-justine-braisaz\/\",\"name\":\"La femme du week-end : vous avez \u00e9lu Justine Braisaz\",\"isPartOf\":{\"@id\":\"https:\/\/dicodusport.fr\/blog\/#website\"},\"primaryImageOfPage\":{\"@id\":\"https:\/\/dicodusport.fr\/blog\/la-femme-du-week-end-vous-avez-elu-justine-braisaz\/#primaryimage\"},\"image\":{\"@id\":\"https:\/\/dicodusport.fr\/blog\/la-femme-du-week-end-vous-avez-elu-justine-braisaz\/#primaryimage\"},\"thumbnailUrl\":\"https:\/\/dicodusport.fr\/blog\/wp-content\/uploads\/2018\/10\/Justine-Braisaz-femme-du-week-end-22-octobre-2018-1.png\",\"datePublished\":\"2018-10-22T14:50:16+00:00\",\"dateModified\":\"2018-10-23T08:32:24+00:00\",\"description\":\"Face \u00e0 sa co\u00e9quipi\u00e8re en \u00e9quipe de France, Ana\u00efs Bescond, et Daria Kasatkina, vous avez \u00e9lu Justine Braisaz pour le titre de la femme du week-end.\",\"breadcrumb\":{\"@id\":\"https:\/\/dicodusport.fr\/blog\/la-femme-du-week-end-vous-avez-elu-justine-braisaz\/#breadcrumb\"},\"inLanguage\":\"fr-FR\",\"potentialAction\":[{\"@type\":\"ReadAction\",\"target\":[\"https:\/\/dicodusport.fr\/blog\/la-femme-du-week-end-vous-avez-elu-justine-braisaz\/\"]}]},{\"@type\":\"ImageObject\",\"inLanguage\":\"fr-FR\",\"@id\":\"https:\/\/dicodusport.fr\/blog\/la-femme-du-week-end-vous-avez-elu-justine-braisaz\/#primaryimage\",\"url\":\"https:\/\/dicodusport.fr\/blog\/wp-content\/uploads\/2018\/10\/Justine-Braisaz-femme-du-week-end-22-octobre-2018-1.png\",\"contentUrl\":\"https:\/\/dicodusport.fr\/blog\/wp-content\/uploads\/2018\/10\/Justine-Braisaz-femme-du-week-end-22-octobre-2018-1.png\",\"width\":800,\"height\":445},{\"@type\":\"BreadcrumbList\",\"@id\":\"https:\/\/dicodusport.fr\/blog\/la-femme-du-week-end-vous-avez-elu-justine-braisaz\/#breadcrumb\",\"itemListElement\":[{\"@type\":\"ListItem\",\"position\":1,\"name\":\"Accueil\",\"item\":\"https:\/\/dicodusport.fr\/blog\/\"},{\"@type\":\"ListItem\",\"position\":2,\"name\":\"La femme du week-end : vous avez \u00e9lu Justine Braisaz\"}]},{\"@type\":\"WebSite\",\"@id\":\"https:\/\/dicodusport.fr\/blog\/#website\",\"url\":\"https:\/\/dicodusport.fr\/blog\/\",\"name\":\"Dicodusport\",\"description\":\"L&#039;encyclop\u00e9die de l&#039;actualit\u00e9 sportive\",\"publisher\":{\"@id\":\"https:\/\/dicodusport.fr\/blog\/#organization\"},\"potentialAction\":[{\"@type\":\"SearchAction\",\"target\":{\"@type\":\"EntryPoint\",\"urlTemplate\":\"https:\/\/dicodusport.fr\/blog\/?s={search_term_string}\"},\"query-input\":{\"@type\":\"PropertyValueSpecification\",\"valueRequired\":true,\"valueName\":\"search_term_string\"}}],\"inLanguage\":\"fr-FR\"},{\"@type\":\"NewsMediaOrganization\",\"@id\":\"https:\/\/dicodusport.fr\/blog\/#organization\",\"name\":\"Dicodusport\",\"url\":\"https:\/\/dicodusport.fr\/blog\/\",\"logo\":{\"@type\":\"ImageObject\",\"inLanguage\":\"fr-FR\",\"@id\":\"https:\/\/dicodusport.fr\/blog\/#\/schema\/logo\/image\/\",\"url\":\"https:\/\/dicodusport.fr\/blog\/wp-content\/uploads\/2020\/06\/cropped-LOGO-DICODUSPORT-2020-SANS-FOND-SANS-TEXTE.png\",\"contentUrl\":\"https:\/\/dicodusport.fr\/blog\/wp-content\/uploads\/2020\/06\/cropped-LOGO-DICODUSPORT-2020-SANS-FOND-SANS-TEXTE.png\",\"width\":512,\"height\":512,\"caption\":\"Dicodusport\"},\"image\":{\"@id\":\"https:\/\/dicodusport.fr\/blog\/#\/schema\/logo\/image\/\"},\"sameAs\":[\"https:\/\/www.facebook.com\/dicodusport\",\"https:\/\/x.com\/dicodusport\",\"https:\/\/www.instagram.com\/dicodusport\/\",\"https:\/\/www.youtube.com\/channel\/UC7V2KZ5sd3htJivAbA4ZG3w\"],\"description\":\"Dicodusport est l'encyclop\u00e9die de l'actualit\u00e9 sportive.\",\"email\":\"bonjour@dicodusport.fr\",\"legalName\":\"DICODUSPORT\",\"foundingDate\":\"2018-01-14\",\"vatID\":\"FR71834470973\",\"taxID\":\"83447097300043\",\"numberOfEmployees\":{\"@type\":\"QuantitativeValue\",\"minValue\":\"1\",\"maxValue\":\"10\"}},{\"@type\":\"Person\",\"@id\":\"https:\/\/dicodusport.fr\/blog\/#\/schema\/person\/cb02af4c173ce4a653b55e9baf388d4a\",\"name\":\"Flo Ostermann\",\"image\":{\"@type\":\"ImageObject\",\"inLanguage\":\"fr-FR\",\"@id\":\"https:\/\/dicodusport.fr\/blog\/#\/schema\/person\/image\/\",\"url\":\"https:\/\/dicodusport.fr\/blog\/wp-content\/uploads\/2021\/05\/Flo-Ostermann-150x150.jpg\",\"contentUrl\":\"https:\/\/dicodusport.fr\/blog\/wp-content\/uploads\/2021\/05\/Flo-Ostermann-150x150.jpg\",\"caption\":\"Flo Ostermann\"},\"description\":\"Journaliste\/R\u00e9dacteur depuis septembre 2015 - Mes premiers souvenirs dans le sport ? Les envol\u00e9es du Stade Toulousain et les duels Villeneuve-Schumacher et H\u00e4kkinen-Schumacher \u00e0 la fin des ann\u00e9es 90, la Coupe du monde de football en 1998, l\u2019exploit du XV de France face aux All Blacks en 1999, mais aussi Richard C\u0153ur de Lion qui vole sur les montagnes du Tour de France. Bien parti pour devenir professeur d\u2019EPS, les \u00e9v\u00e9nements de la vie (et la flemme d\u2019animer des s\u00e9ances de 3x500 m\u00e8tres toute ma vie) m\u2019ont conduit \u00e0 revoir mes plans. Me voil\u00e0 depuis fin 2017 sur Dicodusport, m\u00e9dia gr\u00e2ce (et pour) lequel je partage ma passion : le sport dans tous ses \u00e9tats. Le tout accompagn\u00e9 par les fous furieux et folles furieuses cit\u00e9s sur cette page !\",\"sameAs\":[\"https:\/\/www.facebook.com\/florent.ostermann\",\"https:\/\/x.com\/https:\/\/twitter.com\/FlOstermann\",\"admin\"],\"url\":\"https:\/\/dicodusport.fr\/blog\/author\/flo\/\"}]}<\/script>\n<!-- \/ Yoast SEO Premium plugin. -->","yoast_head_json":{"title":"La femme du week-end : vous avez \u00e9lu Justine Braisaz","description":"Face \u00e0 sa co\u00e9quipi\u00e8re en \u00e9quipe de France, Ana\u00efs Bescond, et Daria Kasatkina, vous avez \u00e9lu Justine Braisaz pour le titre de la femme du week-end.","robots":{"index":"index","follow":"follow","max-snippet":"max-snippet:-1","max-image-preview":"max-image-preview:large","max-video-preview":"max-video-preview:-1"},"canonical":"https:\/\/dicodusport.fr\/blog\/la-femme-du-week-end-vous-avez-elu-justine-braisaz\/","og_locale":"fr_FR","og_type":"article","og_title":"La femme du week-end : vous avez \u00e9lu Justine Braisaz","og_description":"Face \u00e0 sa co\u00e9quipi\u00e8re en \u00e9quipe de France, Ana\u00efs Bescond, et Daria Kasatkina, vous avez \u00e9lu Justine Braisaz pour le titre de la femme du week-end.","og_url":"https:\/\/dicodusport.fr\/blog\/la-femme-du-week-end-vous-avez-elu-justine-braisaz\/","og_site_name":"Dicodusport","article_publisher":"https:\/\/www.facebook.com\/dicodusport","article_author":"https:\/\/www.facebook.com\/florent.ostermann","article_published_time":"2018-10-22T14:50:16+00:00","article_modified_time":"2018-10-23T08:32:24+00:00","og_image":[{"width":800,"height":445,"url":"https:\/\/dicodusport.fr\/blog\/wp-content\/uploads\/2018\/10\/Justine-Braisaz-femme-du-week-end-22-octobre-2018-1.png","type":"image\/png"}],"author":"Flo Ostermann","twitter_card":"summary_large_image","twitter_creator":"@https:\/\/twitter.com\/FlOstermann","twitter_site":"@dicodusport","schema":{"@context":"https:\/\/schema.org","@graph":[{"@type":"NewsArticle","@id":"https:\/\/dicodusport.fr\/blog\/la-femme-du-week-end-vous-avez-elu-justine-braisaz\/#article","isPartOf":{"@id":"https:\/\/dicodusport.fr\/blog\/la-femme-du-week-end-vous-avez-elu-justine-braisaz\/"},"author":{"name":"Flo Ostermann","@id":"https:\/\/dicodusport.fr\/blog\/#\/schema\/person\/cb02af4c173ce4a653b55e9baf388d4a"},"headline":"La femme du week-end : vous avez \u00e9lu Justine Braisaz","datePublished":"2018-10-22T14:50:16+00:00","dateModified":"2018-10-23T08:32:24+00:00","mainEntityOfPage":{"@id":"https:\/\/dicodusport.fr\/blog\/la-femme-du-week-end-vous-avez-elu-justine-braisaz\/"},"wordCount":275,"commentCount":0,"publisher":{"@id":"https:\/\/dicodusport.fr\/blog\/#organization"},"image":{"@id":"https:\/\/dicodusport.fr\/blog\/la-femme-du-week-end-vous-avez-elu-justine-braisaz\/#primaryimage"},"thumbnailUrl":"https:\/\/dicodusport.fr\/blog\/wp-content\/uploads\/2018\/10\/Justine-Braisaz-femme-du-week-end-22-octobre-2018-1.png","keywords":["Biathlon","femme du week-end","Justine Braisaz"],"articleSection":["Actualit\u00e9s","Biathlon","Sports d'hiver"],"inLanguage":"fr-FR","potentialAction":[{"@type":"CommentAction","name":"Comment","target":["https:\/\/dicodusport.fr\/blog\/la-femme-du-week-end-vous-avez-elu-justine-braisaz\/#respond"]}],"copyrightYear":"2018","copyrightHolder":{"@id":"https:\/\/dicodusport.fr\/blog\/#organization"}},{"@type":"WebPage","@id":"https:\/\/dicodusport.fr\/blog\/la-femme-du-week-end-vous-avez-elu-justine-braisaz\/","url":"https:\/\/dicodusport.fr\/blog\/la-femme-du-week-end-vous-avez-elu-justine-braisaz\/","name":"La femme du week-end : vous avez \u00e9lu Justine Braisaz","isPartOf":{"@id":"https:\/\/dicodusport.fr\/blog\/#website"},"primaryImageOfPage":{"@id":"https:\/\/dicodusport.fr\/blog\/la-femme-du-week-end-vous-avez-elu-justine-braisaz\/#primaryimage"},"image":{"@id":"https:\/\/dicodusport.fr\/blog\/la-femme-du-week-end-vous-avez-elu-justine-braisaz\/#primaryimage"},"thumbnailUrl":"https:\/\/dicodusport.fr\/blog\/wp-content\/uploads\/2018\/10\/Justine-Braisaz-femme-du-week-end-22-octobre-2018-1.png","datePublished":"2018-10-22T14:50:16+00:00","dateModified":"2018-10-23T08:32:24+00:00","description":"Face \u00e0 sa co\u00e9quipi\u00e8re en \u00e9quipe de France, Ana\u00efs Bescond, et Daria Kasatkina, vous avez \u00e9lu Justine Braisaz pour le titre de la femme du week-end.","breadcrumb":{"@id":"https:\/\/dicodusport.fr\/blog\/la-femme-du-week-end-vous-avez-elu-justine-braisaz\/#breadcrumb"},"inLanguage":"fr-FR","potentialAction":[{"@type":"ReadAction","target":["https:\/\/dicodusport.fr\/blog\/la-femme-du-week-end-vous-avez-elu-justine-braisaz\/"]}]},{"@type":"ImageObject","inLanguage":"fr-FR","@id":"https:\/\/dicodusport.fr\/blog\/la-femme-du-week-end-vous-avez-elu-justine-braisaz\/#primaryimage","url":"https:\/\/dicodusport.fr\/blog\/wp-content\/uploads\/2018\/10\/Justine-Braisaz-femme-du-week-end-22-octobre-2018-1.png","contentUrl":"https:\/\/dicodusport.fr\/blog\/wp-content\/uploads\/2018\/10\/Justine-Braisaz-femme-du-week-end-22-octobre-2018-1.png","width":800,"height":445},{"@type":"BreadcrumbList","@id":"https:\/\/dicodusport.fr\/blog\/la-femme-du-week-end-vous-avez-elu-justine-braisaz\/#breadcrumb","itemListElement":[{"@type":"ListItem","position":1,"name":"Accueil","item":"https:\/\/dicodusport.fr\/blog\/"},{"@type":"ListItem","position":2,"name":"La femme du week-end : vous avez \u00e9lu Justine Braisaz"}]},{"@type":"WebSite","@id":"https:\/\/dicodusport.fr\/blog\/#website","url":"https:\/\/dicodusport.fr\/blog\/","name":"Dicodusport","description":"L&#039;encyclop\u00e9die de l&#039;actualit\u00e9 sportive","publisher":{"@id":"https:\/\/dicodusport.fr\/blog\/#organization"},"potentialAction":[{"@type":"SearchAction","target":{"@type":"EntryPoint","urlTemplate":"https:\/\/dicodusport.fr\/blog\/?s={search_term_string}"},"query-input":{"@type":"PropertyValueSpecification","valueRequired":true,"valueName":"search_term_string"}}],"inLanguage":"fr-FR"},{"@type":"NewsMediaOrganization","@id":"https:\/\/dicodusport.fr\/blog\/#organization","name":"Dicodusport","url":"https:\/\/dicodusport.fr\/blog\/","logo":{"@type":"ImageObject","inLanguage":"fr-FR","@id":"https:\/\/dicodusport.fr\/blog\/#\/schema\/logo\/image\/","url":"https:\/\/dicodusport.fr\/blog\/wp-content\/uploads\/2020\/06\/cropped-LOGO-DICODUSPORT-2020-SANS-FOND-SANS-TEXTE.png","contentUrl":"https:\/\/dicodusport.fr\/blog\/wp-content\/uploads\/2020\/06\/cropped-LOGO-DICODUSPORT-2020-SANS-FOND-SANS-TEXTE.png","width":512,"height":512,"caption":"Dicodusport"},"image":{"@id":"https:\/\/dicodusport.fr\/blog\/#\/schema\/logo\/image\/"},"sameAs":["https:\/\/www.facebook.com\/dicodusport","https:\/\/x.com\/dicodusport","https:\/\/www.instagram.com\/dicodusport\/","https:\/\/www.youtube.com\/channel\/UC7V2KZ5sd3htJivAbA4ZG3w"],"description":"Dicodusport est l'encyclop\u00e9die de l'actualit\u00e9 sportive.","email":"bonjour@dicodusport.fr","legalName":"DICODUSPORT","foundingDate":"2018-01-14","vatID":"FR71834470973","taxID":"83447097300043","numberOfEmployees":{"@type":"QuantitativeValue","minValue":"1","maxValue":"10"}},{"@type":"Person","@id":"https:\/\/dicodusport.fr\/blog\/#\/schema\/person\/cb02af4c173ce4a653b55e9baf388d4a","name":"Flo Ostermann","image":{"@type":"ImageObject","inLanguage":"fr-FR","@id":"https:\/\/dicodusport.fr\/blog\/#\/schema\/person\/image\/","url":"https:\/\/dicodusport.fr\/blog\/wp-content\/uploads\/2021\/05\/Flo-Ostermann-150x150.jpg","contentUrl":"https:\/\/dicodusport.fr\/blog\/wp-content\/uploads\/2021\/05\/Flo-Ostermann-150x150.jpg","caption":"Flo Ostermann"},"description":"Journaliste\/R\u00e9dacteur depuis septembre 2015 - Mes premiers souvenirs dans le sport ? Les envol\u00e9es du Stade Toulousain et les duels Villeneuve-Schumacher et H\u00e4kkinen-Schumacher \u00e0 la fin des ann\u00e9es 90, la Coupe du monde de football en 1998, l\u2019exploit du XV de France face aux All Blacks en 1999, mais aussi Richard C\u0153ur de Lion qui vole sur les montagnes du Tour de France. Bien parti pour devenir professeur d\u2019EPS, les \u00e9v\u00e9nements de la vie (et la flemme d\u2019animer des s\u00e9ances de 3x500 m\u00e8tres toute ma vie) m\u2019ont conduit \u00e0 revoir mes plans. Me voil\u00e0 depuis fin 2017 sur Dicodusport, m\u00e9dia gr\u00e2ce (et pour) lequel je partage ma passion : le sport dans tous ses \u00e9tats. Le tout accompagn\u00e9 par les fous furieux et folles furieuses cit\u00e9s sur cette page !","sameAs":["https:\/\/www.facebook.com\/florent.ostermann","https:\/\/x.com\/https:\/\/twitter.com\/FlOstermann","admin"],"url":"https:\/\/dicodusport.fr\/blog\/author\/flo\/"}]}},"_links":{"self":[{"href":"https:\/\/dicodusport.fr\/blog\/wp-json\/wp\/v2\/posts\/27910","targetHints":{"allow":["GET"]}}],"collection":[{"href":"https:\/\/dicodusport.fr\/blog\/wp-json\/wp\/v2\/posts"}],"about":[{"href":"https:\/\/dicodusport.fr\/blog\/wp-json\/wp\/v2\/types\/post"}],"author":[{"embeddable":true,"href":"https:\/\/dicodusport.fr\/blog\/wp-json\/wp\/v2\/users\/4"}],"replies":[{"embeddable":true,"href":"https:\/\/dicodusport.fr\/blog\/wp-json\/wp\/v2\/comments?post=27910"}],"version-history":[{"count":0,"href":"https:\/\/dicodusport.fr\/blog\/wp-json\/wp\/v2\/posts\/27910\/revisions"}],"wp:featuredmedia":[{"embeddable":true,"href":"https:\/\/dicodusport.fr\/blog\/wp-json\/wp\/v2\/media\/27914"}],"wp:attachment":[{"href":"https:\/\/dicodusport.fr\/blog\/wp-json\/wp\/v2\/media?parent=27910"}],"wp:term":[{"taxonomy":"category","embeddable":true,"href":"https:\/\/dicodusport.fr\/blog\/wp-json\/wp\/v2\/categories?post=27910"},{"taxonomy":"post_tag","embeddable":true,"href":"https:\/\/dicodusport.fr\/blog\/wp-json\/wp\/v2\/tags?post=27910"}],"curies":[{"name":"wp","href":"https:\/\/api.w.org\/{rel}","templated":true}]}}