{"id":279432,"date":"2022-11-16T08:03:59","date_gmt":"2022-11-16T07:03:59","guid":{"rendered":"https:\/\/dicodusport.fr\/blog\/?p=279432&#038;preview=true&#038;preview_id=279432"},"modified":"2022-11-16T08:16:06","modified_gmt":"2022-11-16T07:16:06","slug":"france-christopher-nkunku-forfait-un-ancien-nantais-devrait-le-remplacer","status":"publish","type":"post","link":"https:\/\/dicodusport.fr\/blog\/france-christopher-nkunku-forfait-un-ancien-nantais-devrait-le-remplacer\/","title":{"rendered":"France : Christopher Nkunku forfait, un ancien Nantais devrait le remplacer"},"content":{"rendered":"<p style=\"text-align: justify;\"><em><a style=\"font-weight: bold;\" href=\"https:\/\/dicodusport.fr\/blog\/actualites\/football\/coupe-du-monde-de-football-2022\/\">COUPE DU MONDE DE FOOTBALL 2022<\/a><b> &#8211; Touch\u00e9 au genou, Christopher Nkunku est forfait pour la Coupe du monde au Qatar et devrait \u00eatre remplac\u00e9 par Randal Kolo Muani (Eintracht Francfort).\u00a0<\/b><\/em><\/p>\n<p style=\"text-align: justify;\">Il n&rsquo;y avait pas vraiment d&rsquo;inqui\u00e9tude dans un premier temps pour <strong>Christopher<\/strong> <strong>Nkunku<\/strong>. C&rsquo;est suite \u00e0 un contact avec <strong>Eduardo<\/strong> <strong>Camavinga<\/strong> que le joueur de Leipzig a d\u00fb couper son entra\u00eenement, avec des premiers retours optimistes pour la suite. Apr\u00e8s des examens, le joueur du Leipzig souffre d&rsquo;une entorse du genou et est donc forfait pour la Coupe du monde au <strong>Qatar<\/strong>. <strong>Didier<\/strong> <strong>Deschamps<\/strong> peut le remplacer mais n&rsquo;a pas encore communiqu\u00e9 le nom de l&rsquo;heureux \u00e9lu. Selon nos confr\u00e8res de <em>RMC Sport<\/em>, <strong>Randal<\/strong> <strong>Kolo<\/strong> <strong>Muani<\/strong>, qui a f\u00eat\u00e9 sa premi\u00e8re s\u00e9lection en septembre, va \u00eatre convoqu\u00e9 \u00e0 la place de <strong>Christopher<\/strong> <strong>Nkunku<\/strong>.<\/p>\n<blockquote class=\"twitter-tweet\">\n<p dir=\"ltr\" lang=\"fr\">&#x1f6a8; Selon nos informations, c&rsquo;est l&rsquo;attaquant de Francfort Randal Kolo Muani qui devrait remplacer l&rsquo;infortun\u00e9 Christopher Nkunku.<\/p>\n<p>\u2014 RMC Sport (@RMCsport) <a href=\"https:\/\/twitter.com\/RMCsport\/status\/1592642031217741824?ref_src=twsrc%5Etfw\">November 15, 2022<\/a><\/p><\/blockquote>\n<p><script async src=\"https:\/\/platform.twitter.com\/widgets.js\" charset=\"utf-8\"><\/script><\/p>\n","protected":false},"excerpt":{"rendered":"<p>COUPE DU MONDE DE FOOTBALL 2022 &#8211; Touch\u00e9 au genou, Christopher Nkunku est forfait pour la Coupe du monde au Qatar et devrait \u00eatre remplac\u00e9 par Randal Kolo Muani.\u00a0<\/p>\n","protected":false},"author":1,"featured_media":264935,"comment_status":"open","ping_status":"closed","sticky":false,"template":"","format":"standard","meta":{"_acf_changed":false,"_daextam_enable_autolinks":"","footnotes":""},"categories":[47043,2301],"tags":[22529,75,30,16521],"class_list":["post-279432","post","type-post","status-publish","format-standard","has-post-thumbnail","hentry","category-coupe-du-monde-de-football","category-football","tag-christopher-nkunku","tag-football","tag-france","tag-randal-kolo-muani"],"acf":[],"yoast_head":"<!-- This site is optimized with the Yoast SEO Premium plugin v26.7 (Yoast SEO v26.7) - https:\/\/yoast.com\/wordpress\/plugins\/seo\/ -->\n<title>France : Christopher Nkunku forfait, un ancien Nantais devrait le remplacer<\/title>\n<meta name=\"description\" content=\"COUPE DU MONDE DE FOOTBALL 2022 - Touch\u00e9 au genou, Christopher Nkunku est forfait pour la Coupe du monde au Qatar et devrait \u00eatre remplac\u00e9 par Randal Kolo Muani.\u00a0\" \/>\n<meta name=\"robots\" content=\"index, follow, max-snippet:-1, max-image-preview:large, max-video-preview:-1\" \/>\n<link rel=\"canonical\" href=\"https:\/\/dicodusport.fr\/blog\/france-christopher-nkunku-forfait-un-ancien-nantais-devrait-le-remplacer\/\" \/>\n<meta property=\"og:locale\" content=\"fr_FR\" \/>\n<meta property=\"og:type\" content=\"article\" \/>\n<meta property=\"og:title\" content=\"France : Christopher Nkunku forfait, un ancien Nantais devrait le remplacer\" \/>\n<meta property=\"og:description\" content=\"COUPE DU MONDE DE FOOTBALL 2022 - Touch\u00e9 au genou, Christopher Nkunku est forfait pour la Coupe du monde au Qatar et devrait \u00eatre remplac\u00e9 par Randal Kolo Muani.\u00a0\" \/>\n<meta property=\"og:url\" content=\"https:\/\/dicodusport.fr\/blog\/france-christopher-nkunku-forfait-un-ancien-nantais-devrait-le-remplacer\/\" \/>\n<meta property=\"og:site_name\" content=\"Dicodusport\" \/>\n<meta property=\"article:publisher\" content=\"https:\/\/www.facebook.com\/dicodusport\" \/>\n<meta property=\"article:author\" content=\"https:\/\/www.facebook.com\/dicodusport\" \/>\n<meta property=\"article:published_time\" content=\"2022-11-16T07:03:59+00:00\" \/>\n<meta property=\"article:modified_time\" content=\"2022-11-16T07:16:06+00:00\" \/>\n<meta property=\"og:image\" content=\"https:\/\/dicodusport.fr\/blog\/wp-content\/uploads\/2022\/09\/La-composition-probable-de-la-France-pour-le-de\u0301placement-au-Danemark.png\" \/>\n\t<meta property=\"og:image:width\" content=\"800\" \/>\n\t<meta property=\"og:image:height\" content=\"445\" \/>\n\t<meta property=\"og:image:type\" content=\"image\/png\" \/>\n<meta name=\"author\" content=\"Nicolas Jacquemard\" \/>\n<meta name=\"twitter:card\" content=\"summary_large_image\" \/>\n<meta name=\"twitter:title\" content=\"France : Christopher Nkunku forfait, un ancien Nantais devrait le remplacer\" \/>\n<meta name=\"twitter:creator\" content=\"@https:\/\/twitter.com\/Nico_Jacquemard\" \/>\n<meta name=\"twitter:site\" content=\"@dicodusport\" \/>\n<script type=\"application\/ld+json\" class=\"yoast-schema-graph\">{\"@context\":\"https:\/\/schema.org\",\"@graph\":[{\"@type\":\"NewsArticle\",\"@id\":\"https:\/\/dicodusport.fr\/blog\/france-christopher-nkunku-forfait-un-ancien-nantais-devrait-le-remplacer\/#article\",\"isPartOf\":{\"@id\":\"https:\/\/dicodusport.fr\/blog\/france-christopher-nkunku-forfait-un-ancien-nantais-devrait-le-remplacer\/\"},\"author\":{\"name\":\"Nicolas Jacquemard\",\"@id\":\"https:\/\/dicodusport.fr\/blog\/#\/schema\/person\/55dcb50ad410894e431ed812bbb70191\"},\"headline\":\"France : Christopher Nkunku forfait, un ancien Nantais devrait le remplacer\",\"datePublished\":\"2022-11-16T07:03:59+00:00\",\"dateModified\":\"2022-11-16T07:16:06+00:00\",\"mainEntityOfPage\":{\"@id\":\"https:\/\/dicodusport.fr\/blog\/france-christopher-nkunku-forfait-un-ancien-nantais-devrait-le-remplacer\/\"},\"wordCount\":180,\"commentCount\":0,\"publisher\":{\"@id\":\"https:\/\/dicodusport.fr\/blog\/#organization\"},\"image\":{\"@id\":\"https:\/\/dicodusport.fr\/blog\/france-christopher-nkunku-forfait-un-ancien-nantais-devrait-le-remplacer\/#primaryimage\"},\"thumbnailUrl\":\"https:\/\/dicodusport.fr\/blog\/wp-content\/uploads\/2022\/09\/La-composition-probable-de-la-France-pour-le-de\u0301placement-au-Danemark.png\",\"keywords\":[\"Christopher Nkunku\",\"Football\",\"France\",\"Randal Kolo Muani\"],\"articleSection\":[\"Coupe du monde de football\",\"Football\"],\"inLanguage\":\"fr-FR\",\"potentialAction\":[{\"@type\":\"CommentAction\",\"name\":\"Comment\",\"target\":[\"https:\/\/dicodusport.fr\/blog\/france-christopher-nkunku-forfait-un-ancien-nantais-devrait-le-remplacer\/#respond\"]}],\"copyrightYear\":\"2022\",\"copyrightHolder\":{\"@id\":\"https:\/\/dicodusport.fr\/blog\/#organization\"}},{\"@type\":\"WebPage\",\"@id\":\"https:\/\/dicodusport.fr\/blog\/france-christopher-nkunku-forfait-un-ancien-nantais-devrait-le-remplacer\/\",\"url\":\"https:\/\/dicodusport.fr\/blog\/france-christopher-nkunku-forfait-un-ancien-nantais-devrait-le-remplacer\/\",\"name\":\"France : Christopher Nkunku forfait, un ancien Nantais devrait le remplacer\",\"isPartOf\":{\"@id\":\"https:\/\/dicodusport.fr\/blog\/#website\"},\"primaryImageOfPage\":{\"@id\":\"https:\/\/dicodusport.fr\/blog\/france-christopher-nkunku-forfait-un-ancien-nantais-devrait-le-remplacer\/#primaryimage\"},\"image\":{\"@id\":\"https:\/\/dicodusport.fr\/blog\/france-christopher-nkunku-forfait-un-ancien-nantais-devrait-le-remplacer\/#primaryimage\"},\"thumbnailUrl\":\"https:\/\/dicodusport.fr\/blog\/wp-content\/uploads\/2022\/09\/La-composition-probable-de-la-France-pour-le-de\u0301placement-au-Danemark.png\",\"datePublished\":\"2022-11-16T07:03:59+00:00\",\"dateModified\":\"2022-11-16T07:16:06+00:00\",\"description\":\"COUPE DU MONDE DE FOOTBALL 2022 - Touch\u00e9 au genou, Christopher Nkunku est forfait pour la Coupe du monde au Qatar et devrait \u00eatre remplac\u00e9 par Randal Kolo Muani.\u00a0\",\"breadcrumb\":{\"@id\":\"https:\/\/dicodusport.fr\/blog\/france-christopher-nkunku-forfait-un-ancien-nantais-devrait-le-remplacer\/#breadcrumb\"},\"inLanguage\":\"fr-FR\",\"potentialAction\":[{\"@type\":\"ReadAction\",\"target\":[\"https:\/\/dicodusport.fr\/blog\/france-christopher-nkunku-forfait-un-ancien-nantais-devrait-le-remplacer\/\"]}]},{\"@type\":\"ImageObject\",\"inLanguage\":\"fr-FR\",\"@id\":\"https:\/\/dicodusport.fr\/blog\/france-christopher-nkunku-forfait-un-ancien-nantais-devrait-le-remplacer\/#primaryimage\",\"url\":\"https:\/\/dicodusport.fr\/blog\/wp-content\/uploads\/2022\/09\/La-composition-probable-de-la-France-pour-le-de\u0301placement-au-Danemark.png\",\"contentUrl\":\"https:\/\/dicodusport.fr\/blog\/wp-content\/uploads\/2022\/09\/La-composition-probable-de-la-France-pour-le-de\u0301placement-au-Danemark.png\",\"width\":800,\"height\":445},{\"@type\":\"BreadcrumbList\",\"@id\":\"https:\/\/dicodusport.fr\/blog\/france-christopher-nkunku-forfait-un-ancien-nantais-devrait-le-remplacer\/#breadcrumb\",\"itemListElement\":[{\"@type\":\"ListItem\",\"position\":1,\"name\":\"Accueil\",\"item\":\"https:\/\/dicodusport.fr\/blog\/\"},{\"@type\":\"ListItem\",\"position\":2,\"name\":\"France : Christopher Nkunku forfait, un ancien Nantais devrait le remplacer\"}]},{\"@type\":\"WebSite\",\"@id\":\"https:\/\/dicodusport.fr\/blog\/#website\",\"url\":\"https:\/\/dicodusport.fr\/blog\/\",\"name\":\"Dicodusport\",\"description\":\"L&#039;encyclop\u00e9die de l&#039;actualit\u00e9 sportive\",\"publisher\":{\"@id\":\"https:\/\/dicodusport.fr\/blog\/#organization\"},\"potentialAction\":[{\"@type\":\"SearchAction\",\"target\":{\"@type\":\"EntryPoint\",\"urlTemplate\":\"https:\/\/dicodusport.fr\/blog\/?s={search_term_string}\"},\"query-input\":{\"@type\":\"PropertyValueSpecification\",\"valueRequired\":true,\"valueName\":\"search_term_string\"}}],\"inLanguage\":\"fr-FR\"},{\"@type\":\"NewsMediaOrganization\",\"@id\":\"https:\/\/dicodusport.fr\/blog\/#organization\",\"name\":\"Dicodusport\",\"url\":\"https:\/\/dicodusport.fr\/blog\/\",\"logo\":{\"@type\":\"ImageObject\",\"inLanguage\":\"fr-FR\",\"@id\":\"https:\/\/dicodusport.fr\/blog\/#\/schema\/logo\/image\/\",\"url\":\"https:\/\/dicodusport.fr\/blog\/wp-content\/uploads\/2020\/06\/cropped-LOGO-DICODUSPORT-2020-SANS-FOND-SANS-TEXTE.png\",\"contentUrl\":\"https:\/\/dicodusport.fr\/blog\/wp-content\/uploads\/2020\/06\/cropped-LOGO-DICODUSPORT-2020-SANS-FOND-SANS-TEXTE.png\",\"width\":512,\"height\":512,\"caption\":\"Dicodusport\"},\"image\":{\"@id\":\"https:\/\/dicodusport.fr\/blog\/#\/schema\/logo\/image\/\"},\"sameAs\":[\"https:\/\/www.facebook.com\/dicodusport\",\"https:\/\/x.com\/dicodusport\",\"https:\/\/www.instagram.com\/dicodusport\/\",\"https:\/\/www.youtube.com\/channel\/UC7V2KZ5sd3htJivAbA4ZG3w\"],\"description\":\"Dicodusport est l'encyclop\u00e9die de l'actualit\u00e9 sportive.\",\"email\":\"bonjour@dicodusport.fr\",\"legalName\":\"DICODUSPORT\",\"foundingDate\":\"2018-01-14\",\"vatID\":\"FR71834470973\",\"taxID\":\"83447097300043\",\"numberOfEmployees\":{\"@type\":\"QuantitativeValue\",\"minValue\":\"1\",\"maxValue\":\"10\"}},{\"@type\":\"Person\",\"@id\":\"https:\/\/dicodusport.fr\/blog\/#\/schema\/person\/55dcb50ad410894e431ed812bbb70191\",\"name\":\"Nicolas Jacquemard\",\"image\":{\"@type\":\"ImageObject\",\"inLanguage\":\"fr-FR\",\"@id\":\"https:\/\/dicodusport.fr\/blog\/#\/schema\/person\/image\/\",\"url\":\"https:\/\/dicodusport.fr\/blog\/wp-content\/uploads\/2021\/05\/Nicolas-Jacquemard-150x150.jpeg\",\"contentUrl\":\"https:\/\/dicodusport.fr\/blog\/wp-content\/uploads\/2021\/05\/Nicolas-Jacquemard-150x150.jpeg\",\"caption\":\"Nicolas Jacquemard\"},\"description\":\"Passionn\u00e9 de sport et entrepreneur depuis mes 18 ans, la cr\u00e9ation de Dicodusport m'a sembl\u00e9 \u00e9vidente pour participer \u00e0 la m\u00e9diatisation d'un plus grand nombre de sports. Le chemin est long mais avec une \u00e9quipe des plus motiv\u00e9es et les Jeux Olympiques de Paris 2024 en point de mire, nous y arriverons ! Journaliste dans le monde du sport depuis plus de 5 ans, je traite aussi bien de football, de rugby, de biathlon que de cyclisme.\",\"sameAs\":[\"https:\/\/www.facebook.com\/dicodusport\",\"https:\/\/x.com\/https:\/\/twitter.com\/Nico_Jacquemard\"],\"url\":\"https:\/\/dicodusport.fr\/blog\/author\/dicodusport\/\"}]}<\/script>\n<!-- \/ Yoast SEO Premium plugin. -->","yoast_head_json":{"title":"France : Christopher Nkunku forfait, un ancien Nantais devrait le remplacer","description":"COUPE DU MONDE DE FOOTBALL 2022 - Touch\u00e9 au genou, Christopher Nkunku est forfait pour la Coupe du monde au Qatar et devrait \u00eatre remplac\u00e9 par Randal Kolo Muani.\u00a0","robots":{"index":"index","follow":"follow","max-snippet":"max-snippet:-1","max-image-preview":"max-image-preview:large","max-video-preview":"max-video-preview:-1"},"canonical":"https:\/\/dicodusport.fr\/blog\/france-christopher-nkunku-forfait-un-ancien-nantais-devrait-le-remplacer\/","og_locale":"fr_FR","og_type":"article","og_title":"France : Christopher Nkunku forfait, un ancien Nantais devrait le remplacer","og_description":"COUPE DU MONDE DE FOOTBALL 2022 - Touch\u00e9 au genou, Christopher Nkunku est forfait pour la Coupe du monde au Qatar et devrait \u00eatre remplac\u00e9 par Randal Kolo Muani.\u00a0","og_url":"https:\/\/dicodusport.fr\/blog\/france-christopher-nkunku-forfait-un-ancien-nantais-devrait-le-remplacer\/","og_site_name":"Dicodusport","article_publisher":"https:\/\/www.facebook.com\/dicodusport","article_author":"https:\/\/www.facebook.com\/dicodusport","article_published_time":"2022-11-16T07:03:59+00:00","article_modified_time":"2022-11-16T07:16:06+00:00","og_image":[{"width":800,"height":445,"url":"https:\/\/dicodusport.fr\/blog\/wp-content\/uploads\/2022\/09\/La-composition-probable-de-la-France-pour-le-de\u0301placement-au-Danemark.png","type":"image\/png"}],"author":"Nicolas Jacquemard","twitter_card":"summary_large_image","twitter_title":"France : Christopher Nkunku forfait, un ancien Nantais devrait le remplacer","twitter_creator":"@https:\/\/twitter.com\/Nico_Jacquemard","twitter_site":"@dicodusport","schema":{"@context":"https:\/\/schema.org","@graph":[{"@type":"NewsArticle","@id":"https:\/\/dicodusport.fr\/blog\/france-christopher-nkunku-forfait-un-ancien-nantais-devrait-le-remplacer\/#article","isPartOf":{"@id":"https:\/\/dicodusport.fr\/blog\/france-christopher-nkunku-forfait-un-ancien-nantais-devrait-le-remplacer\/"},"author":{"name":"Nicolas Jacquemard","@id":"https:\/\/dicodusport.fr\/blog\/#\/schema\/person\/55dcb50ad410894e431ed812bbb70191"},"headline":"France : Christopher Nkunku forfait, un ancien Nantais devrait le remplacer","datePublished":"2022-11-16T07:03:59+00:00","dateModified":"2022-11-16T07:16:06+00:00","mainEntityOfPage":{"@id":"https:\/\/dicodusport.fr\/blog\/france-christopher-nkunku-forfait-un-ancien-nantais-devrait-le-remplacer\/"},"wordCount":180,"commentCount":0,"publisher":{"@id":"https:\/\/dicodusport.fr\/blog\/#organization"},"image":{"@id":"https:\/\/dicodusport.fr\/blog\/france-christopher-nkunku-forfait-un-ancien-nantais-devrait-le-remplacer\/#primaryimage"},"thumbnailUrl":"https:\/\/dicodusport.fr\/blog\/wp-content\/uploads\/2022\/09\/La-composition-probable-de-la-France-pour-le-de\u0301placement-au-Danemark.png","keywords":["Christopher Nkunku","Football","France","Randal Kolo Muani"],"articleSection":["Coupe du monde de football","Football"],"inLanguage":"fr-FR","potentialAction":[{"@type":"CommentAction","name":"Comment","target":["https:\/\/dicodusport.fr\/blog\/france-christopher-nkunku-forfait-un-ancien-nantais-devrait-le-remplacer\/#respond"]}],"copyrightYear":"2022","copyrightHolder":{"@id":"https:\/\/dicodusport.fr\/blog\/#organization"}},{"@type":"WebPage","@id":"https:\/\/dicodusport.fr\/blog\/france-christopher-nkunku-forfait-un-ancien-nantais-devrait-le-remplacer\/","url":"https:\/\/dicodusport.fr\/blog\/france-christopher-nkunku-forfait-un-ancien-nantais-devrait-le-remplacer\/","name":"France : Christopher Nkunku forfait, un ancien Nantais devrait le remplacer","isPartOf":{"@id":"https:\/\/dicodusport.fr\/blog\/#website"},"primaryImageOfPage":{"@id":"https:\/\/dicodusport.fr\/blog\/france-christopher-nkunku-forfait-un-ancien-nantais-devrait-le-remplacer\/#primaryimage"},"image":{"@id":"https:\/\/dicodusport.fr\/blog\/france-christopher-nkunku-forfait-un-ancien-nantais-devrait-le-remplacer\/#primaryimage"},"thumbnailUrl":"https:\/\/dicodusport.fr\/blog\/wp-content\/uploads\/2022\/09\/La-composition-probable-de-la-France-pour-le-de\u0301placement-au-Danemark.png","datePublished":"2022-11-16T07:03:59+00:00","dateModified":"2022-11-16T07:16:06+00:00","description":"COUPE DU MONDE DE FOOTBALL 2022 - Touch\u00e9 au genou, Christopher Nkunku est forfait pour la Coupe du monde au Qatar et devrait \u00eatre remplac\u00e9 par Randal Kolo Muani.\u00a0","breadcrumb":{"@id":"https:\/\/dicodusport.fr\/blog\/france-christopher-nkunku-forfait-un-ancien-nantais-devrait-le-remplacer\/#breadcrumb"},"inLanguage":"fr-FR","potentialAction":[{"@type":"ReadAction","target":["https:\/\/dicodusport.fr\/blog\/france-christopher-nkunku-forfait-un-ancien-nantais-devrait-le-remplacer\/"]}]},{"@type":"ImageObject","inLanguage":"fr-FR","@id":"https:\/\/dicodusport.fr\/blog\/france-christopher-nkunku-forfait-un-ancien-nantais-devrait-le-remplacer\/#primaryimage","url":"https:\/\/dicodusport.fr\/blog\/wp-content\/uploads\/2022\/09\/La-composition-probable-de-la-France-pour-le-de\u0301placement-au-Danemark.png","contentUrl":"https:\/\/dicodusport.fr\/blog\/wp-content\/uploads\/2022\/09\/La-composition-probable-de-la-France-pour-le-de\u0301placement-au-Danemark.png","width":800,"height":445},{"@type":"BreadcrumbList","@id":"https:\/\/dicodusport.fr\/blog\/france-christopher-nkunku-forfait-un-ancien-nantais-devrait-le-remplacer\/#breadcrumb","itemListElement":[{"@type":"ListItem","position":1,"name":"Accueil","item":"https:\/\/dicodusport.fr\/blog\/"},{"@type":"ListItem","position":2,"name":"France : Christopher Nkunku forfait, un ancien Nantais devrait le remplacer"}]},{"@type":"WebSite","@id":"https:\/\/dicodusport.fr\/blog\/#website","url":"https:\/\/dicodusport.fr\/blog\/","name":"Dicodusport","description":"L&#039;encyclop\u00e9die de l&#039;actualit\u00e9 sportive","publisher":{"@id":"https:\/\/dicodusport.fr\/blog\/#organization"},"potentialAction":[{"@type":"SearchAction","target":{"@type":"EntryPoint","urlTemplate":"https:\/\/dicodusport.fr\/blog\/?s={search_term_string}"},"query-input":{"@type":"PropertyValueSpecification","valueRequired":true,"valueName":"search_term_string"}}],"inLanguage":"fr-FR"},{"@type":"NewsMediaOrganization","@id":"https:\/\/dicodusport.fr\/blog\/#organization","name":"Dicodusport","url":"https:\/\/dicodusport.fr\/blog\/","logo":{"@type":"ImageObject","inLanguage":"fr-FR","@id":"https:\/\/dicodusport.fr\/blog\/#\/schema\/logo\/image\/","url":"https:\/\/dicodusport.fr\/blog\/wp-content\/uploads\/2020\/06\/cropped-LOGO-DICODUSPORT-2020-SANS-FOND-SANS-TEXTE.png","contentUrl":"https:\/\/dicodusport.fr\/blog\/wp-content\/uploads\/2020\/06\/cropped-LOGO-DICODUSPORT-2020-SANS-FOND-SANS-TEXTE.png","width":512,"height":512,"caption":"Dicodusport"},"image":{"@id":"https:\/\/dicodusport.fr\/blog\/#\/schema\/logo\/image\/"},"sameAs":["https:\/\/www.facebook.com\/dicodusport","https:\/\/x.com\/dicodusport","https:\/\/www.instagram.com\/dicodusport\/","https:\/\/www.youtube.com\/channel\/UC7V2KZ5sd3htJivAbA4ZG3w"],"description":"Dicodusport est l'encyclop\u00e9die de l'actualit\u00e9 sportive.","email":"bonjour@dicodusport.fr","legalName":"DICODUSPORT","foundingDate":"2018-01-14","vatID":"FR71834470973","taxID":"83447097300043","numberOfEmployees":{"@type":"QuantitativeValue","minValue":"1","maxValue":"10"}},{"@type":"Person","@id":"https:\/\/dicodusport.fr\/blog\/#\/schema\/person\/55dcb50ad410894e431ed812bbb70191","name":"Nicolas Jacquemard","image":{"@type":"ImageObject","inLanguage":"fr-FR","@id":"https:\/\/dicodusport.fr\/blog\/#\/schema\/person\/image\/","url":"https:\/\/dicodusport.fr\/blog\/wp-content\/uploads\/2021\/05\/Nicolas-Jacquemard-150x150.jpeg","contentUrl":"https:\/\/dicodusport.fr\/blog\/wp-content\/uploads\/2021\/05\/Nicolas-Jacquemard-150x150.jpeg","caption":"Nicolas Jacquemard"},"description":"Passionn\u00e9 de sport et entrepreneur depuis mes 18 ans, la cr\u00e9ation de Dicodusport m'a sembl\u00e9 \u00e9vidente pour participer \u00e0 la m\u00e9diatisation d'un plus grand nombre de sports. Le chemin est long mais avec une \u00e9quipe des plus motiv\u00e9es et les Jeux Olympiques de Paris 2024 en point de mire, nous y arriverons ! Journaliste dans le monde du sport depuis plus de 5 ans, je traite aussi bien de football, de rugby, de biathlon que de cyclisme.","sameAs":["https:\/\/www.facebook.com\/dicodusport","https:\/\/x.com\/https:\/\/twitter.com\/Nico_Jacquemard"],"url":"https:\/\/dicodusport.fr\/blog\/author\/dicodusport\/"}]}},"_links":{"self":[{"href":"https:\/\/dicodusport.fr\/blog\/wp-json\/wp\/v2\/posts\/279432","targetHints":{"allow":["GET"]}}],"collection":[{"href":"https:\/\/dicodusport.fr\/blog\/wp-json\/wp\/v2\/posts"}],"about":[{"href":"https:\/\/dicodusport.fr\/blog\/wp-json\/wp\/v2\/types\/post"}],"author":[{"embeddable":true,"href":"https:\/\/dicodusport.fr\/blog\/wp-json\/wp\/v2\/users\/1"}],"replies":[{"embeddable":true,"href":"https:\/\/dicodusport.fr\/blog\/wp-json\/wp\/v2\/comments?post=279432"}],"version-history":[{"count":0,"href":"https:\/\/dicodusport.fr\/blog\/wp-json\/wp\/v2\/posts\/279432\/revisions"}],"wp:featuredmedia":[{"embeddable":true,"href":"https:\/\/dicodusport.fr\/blog\/wp-json\/wp\/v2\/media\/264935"}],"wp:attachment":[{"href":"https:\/\/dicodusport.fr\/blog\/wp-json\/wp\/v2\/media?parent=279432"}],"wp:term":[{"taxonomy":"category","embeddable":true,"href":"https:\/\/dicodusport.fr\/blog\/wp-json\/wp\/v2\/categories?post=279432"},{"taxonomy":"post_tag","embeddable":true,"href":"https:\/\/dicodusport.fr\/blog\/wp-json\/wp\/v2\/tags?post=279432"}],"curies":[{"name":"wp","href":"https:\/\/api.w.org\/{rel}","templated":true}]}}