{"id":279459,"date":"2022-11-19T14:45:10","date_gmt":"2022-11-19T13:45:10","guid":{"rendered":"https:\/\/dicodusport.fr\/blog\/?p=279459&#038;preview=true&#038;preview_id=279459"},"modified":"2022-11-21T11:11:11","modified_gmt":"2022-11-21T10:11:11","slug":"coupe-du-monde-de-football-le-portugal-en-route-vers-le-dernier-carre","status":"publish","type":"post","link":"https:\/\/dicodusport.fr\/blog\/coupe-du-monde-de-football-le-portugal-en-route-vers-le-dernier-carre\/","title":{"rendered":"Coupe du monde de football : Le Portugal, en route vers le dernier carr\u00e9 ?"},"content":{"rendered":"<p style=\"text-align: justify;\"><b><i><a href=\"https:\/\/dicodusport.fr\/blog\/actualites\/football\/coupe-du-monde-de-football-2022\/\">COUPE DU MONDE DE FOOTBALL 2022<\/a> &#8211; Huiti<\/i><\/b><em><strong>\u00e8me participation \u00e0 une Coupe du monde pour le Portugal qui se d\u00e9placera au Qatar cet hiver, avec un effectif convaincant pour se placer parmi les favoris. La Sele\u00e7\u00e3o das Quinas saura-t-elle se hisser au-del\u00e0 des huiti\u00e8mes de finales, son dernier r\u00e9sultat en 2018 ?<\/strong><\/em><\/p>\n<h2 style=\"text-align: justify;\">Histoire du Portugal en Coupe du monde<\/h2>\n<p style=\"text-align: justify;\">Pour sa <strong>premi\u00e8re participation \u00e0 la comp\u00e9tition<\/strong>, il faut revenir en <strong>1966<\/strong> et traverser la Manche, puisque l\u2019histoire commence en Angleterre qui accueille la huiti\u00e8me \u00e9dition de la Coupe du monde. Il s\u2019agit jusqu\u2019ici de la meilleure performance pour <strong>la s\u00e9lection portugaise puisqu\u2019elle terminera \u00e0 la 3\u00e8me place<\/strong>. Plac\u00e9s dans le groupe 3, les Portugais affrontent la Bulgarie, la Hongrie ainsi qu\u2019un autre pays lusophone : le Br\u00e9sil. \u00a0<strong>Eus\u00e9bio<\/strong> sera un \u00e9l\u00e9ment cl\u00e9 avec ses 9 buts, il finira meilleur buteur de la comp\u00e9tition. Premi\u00e8re victoire 3-1 \u00e0 Old Trafford face \u00e0 la Hongrie. Le Portugal continuera sur cette lanc\u00e9e, victorieux 3-0 face \u00e0 la Bulgarie, avec un but <strong>d\u2019Eus\u00e9bio<\/strong>, ce dernier inscrivant un doubl\u00e9 face au Br\u00e9sil pour une victoire 3-1 \u00e0 la cl\u00e9.<\/p>\n<blockquote class=\"twitter-tweet\">\n<p dir=\"ltr\" lang=\"es\">Eusebio, Selecci\u00f3n de Portugal, Mundial Inglaterra. 1966. <a href=\"https:\/\/t.co\/sq2egdkA7B\">pic.twitter.com\/sq2egdkA7B<\/a><\/p>\n<p>\u2014 Nostalgia Futbolera \u00ae (@nostalgiafutbo1) <a href=\"https:\/\/twitter.com\/nostalgiafutbo1\/status\/1591074076638019589?ref_src=twsrc%5Etfw\">November 11, 2022<\/a><\/p><\/blockquote>\n<p><script async src=\"https:\/\/platform.twitter.com\/widgets.js\" charset=\"utf-8\"><\/script><\/p>\n<p style=\"text-align: justify;\">En t\u00eate de groupe, c\u2019est la Cor\u00e9e du Nord qui essaiera de stopper le Portugal, mais la victoire portugaise est in\u00e9vitable. Men\u00e9s 3-0 au bout de 25 minutes, ils r\u00e9ussissent l\u2019exploit de remonter \u00e0 5-3 gr\u00e2ce \u00e0 un quadrupl\u00e9 du Ballon d\u2019Or 1965. Cependant, ils tombent sur le pays h\u00f4te, \u00e0 Londres, et s\u2019effondreront aux portes de la finale 2-1 contre l\u2019Angleterre et un tr\u00e8s bon <strong>Bobby Charlton<\/strong>. Ils se rattraperont en remportant la petite finale 2-1 face \u00e0 l\u2019Union Sovi\u00e9tique avec un certain\u2026 <strong>Lev Yachine<\/strong> dans les cages sovi\u00e9tiques.<\/p>\n<p style=\"text-align: justify;\">La troisi\u00e8me place en 1966 reste jusqu\u2019ici une performance jamais \u00e9gal\u00e9e par le Portugal. Avec des participations \u00e0 oublier, puisqu\u2019ils <strong>ne passeront pas les phases de groupes<\/strong> lors des \u00e9ditions de <strong>1986, 2002 et 2014<\/strong>. Il y aura aussi d&rsquo;autres parcours qui manquaient de convictions, puisqu\u2019ils s\u2019arr\u00eateront en<strong> huiti\u00e8mes de finales<\/strong> au Cap en Afrique du Sud lors de l\u2019\u00e9dition <strong>2010<\/strong>, face \u00e0 leurs voisins espagnols (1-0), ainsi qu\u2019\u00e0 Sotchi en Russie lors de la derni\u00e8re Coupe du monde contre la<strong>\u00a0<\/strong><b>C\u00e9leste<\/b>\u00a0uruguayenne men\u00e9e par <strong>Edinson Cavani<\/strong>, (2-1).<\/p>\n<p style=\"text-align: justify;\">Depuis la troisi\u00e8me marche du podium au pays du Roi Charles III, le Portugal conna\u00eetra une deuxi\u00e8me fois le dernier carr\u00e9 en Allemagne lors de la comp\u00e9tition 2006. Avec une belle \u00e9quipe qui associe alors des joueurs exp\u00e9riment\u00e9s comme le Ballon d\u2019Or 2000<strong> Luis Figo.<\/strong> Mais aussi <strong>Pauleta<\/strong>, <strong>Costinha<\/strong> ainsi que les confirm\u00e9s <strong>Deco<\/strong>, <strong>Ricardo Carvalho<\/strong> et un jeune joueur talentueux venu de l\u2019\u00eele de Mad\u00e8re, disputant sa premi\u00e8re Coupe du monde \u00e0 l\u2019\u00e9poque, futur Ballon d\u2019Or \u00e0 cinq reprises : <strong>Cristiano Ronaldo<\/strong>. Les Portugais se d\u00e9gagent en t\u00eate du groupe D avec 3 victoires. 1-0 contre l\u2019Angola, 2-0 face \u00e0 l&rsquo;Iran et 2-1 aux d\u00e9pens du Mexique.<\/p>\n<p style=\"text-align: justify;\">Un beau parcours pour les Lusitaniens, qui participeront en huiti\u00e8mes de finales \u00e0 un match marquant de cette Coupe du monde, face aux Pays-Bas. Une opposition baptis\u00e9e <em><strong>la bataille de Nuremberg<\/strong><\/em> en r\u00e9f\u00e9rence au record de nombres de cartons d\u00e9gain\u00e9s par l\u2019arbitre dans un match international organis\u00e9 par la FIFA : 16 cartons jaunes et 4 rouges. \u00c0 9 contre 9, les hommes du s\u00e9lectionneur br\u00e9silien <strong>Luiz Felipe Scolari<\/strong> se qualifieront face aux Oranjes sur la pelouse du Frankenstadion (1-0). Ils \u00e9limineront les Anglais en quarts de finale, qu\u2019ils \u00e9limineront aux tirs au but apr\u00e8s un match nul, 0-0. Le Portugal rejoint alors la France pour une demi-finale qu\u2019il va perdre 1-0 suite au penalty de<strong> Zinedine Zidane<\/strong>, le meilleur joueur de la comp\u00e9tition. Le retour est amer au pays, apr\u00e8s une petite finale manqu\u00e9e contre le pays h\u00f4te, l\u2019Allemagne, avec une d\u00e9faite 1-3 \u00e0 Stuttgart.<\/p>\n<h2 style=\"text-align: justify;\">Parcours en qualifications<\/h2>\n<p style=\"text-align: justify;\"><strong>Deuxi\u00e8me d\u2019un groupe A<\/strong> qui \u00e9tait \u00e0 sa port\u00e9e, le Portugal se place derri\u00e8re la Serbie mais devant l\u2019Irlande, le Luxembourg et l\u2019Azerba\u00efdjan avec 5 victoires, 2 nuls et 1 d\u00e9faite. Les hommes de<strong> Fernando Santos<\/strong> sont alors rep\u00each\u00e9s pour disputer les barrages de qualifications de la zone Europe suite \u00e0 leur deuxi\u00e8me place. Plac\u00e9s dans le voie C, les co\u00e9quipiers de <strong>Cristiano Ronaldo<\/strong> vont \u00e9liminer la Turquie 3-1 avant de rencontrer la Mac\u00e9doine du Nord. Des Mac\u00e9doniens surprenants qui venaient de cr\u00e9er la surprise en \u00e9liminant l\u2019Italie, championne d\u2019Europe 2020. Mais les Portugais ne se font pas pi\u00e9ger et gr\u00e2ce \u00e0 un doubl\u00e9 de <strong>Bruno Fernandes<\/strong>, ils trouvent le chemin de la qualification, la 8\u00e8me participation \u00e0 une Coupe du monde pour le Portugal, la 5\u00e8me et derni\u00e8re pour son capitaine CR7.<\/p>\n<blockquote class=\"twitter-tweet\">\n<p dir=\"ltr\" lang=\"fr\">le Portugal est qualifi\u00e9 pour la Coupe du monde 2022 ! Ce sera la 5e Coupe du monde pour CR7 !<a href=\"https:\/\/twitter.com\/hashtag\/lequipeFOOT?src=hash&amp;ref_src=twsrc%5Etfw\">#lequipeFOOT<\/a> <a href=\"https:\/\/twitter.com\/hashtag\/PORMKD?src=hash&amp;ref_src=twsrc%5Etfw\">#PORMKD<\/a> <a href=\"https:\/\/t.co\/rJV1eTYmk6\">pic.twitter.com\/rJV1eTYmk6<\/a><\/p>\n<p>\u2014 la chaine L&rsquo;\u00c9quipe (@lachainelequipe) <a href=\"https:\/\/twitter.com\/lachainelequipe\/status\/1508906805073747982?ref_src=twsrc%5Etfw\">March 29, 2022<\/a><\/p><\/blockquote>\n<p><script async src=\"https:\/\/platform.twitter.com\/widgets.js\" charset=\"utf-8\"><\/script><\/p>\n<h2 style=\"text-align: justify;\">Groupe et XI type du Portugal<\/h2>\n<p style=\"text-align: justify;\">Jeudi 10 novembre, <strong>Fernando Santos<\/strong>, \u00e0 la t\u00eate de la s\u00e9lection depuis 2014, a convoqu\u00e9 26 joueurs qui le suivront au Qatar. Ainsi, les surprises du coach portugais sont le jeune <strong>Ant\u00f3nio Silva<\/strong>, 19 ans, p\u00e9pite du Benfica Lisbonne, auteur d\u2019une superbe saison ainsi que l\u2019attaquant <strong>Gon\u00e7alo Ramos<\/strong>, 19 ans \u00e9galement. Parmi les absents, <strong>Anthony Lopes<\/strong> gardien de l\u2019OL, <strong>Renato Sanches<\/strong> du PSG, les exp\u00e9riment\u00e9s <strong>Jos\u00e9 Fonte<\/strong> et<strong> Jo\u00e3o Moutinho<\/strong> ou encore les attaquants de Premier League, <strong>Diogo Jota<\/strong> et <strong>Pedro Neto<\/strong> tous deux bless\u00e9s.<\/p>\n<p style=\"text-align: justify;\"><strong>Gardiens\u00a0:<\/strong> Diogo Costa (Porto), Rui Patricio (As Roma), Jos\u00e9 Sa (Wolverhampton Wanderers)<\/p>\n<p style=\"text-align: justify;\"><strong>D\u00e9fenseurs :<\/strong> Jo\u00e3o Cancelo (Manchester City), Diogo Dalot (Manchester United), Pepe (Porto), R\u00faben Dias (Manchester City), Danilo Pereira (PSG), Ant\u00f3nio Silva (Benfica Lisbonne), Nuno Mendes (PSG), Rapha\u00ebl Guerreiro (Borussia Dortmund).<\/p>\n<p style=\"text-align: justify;\"><strong>Milieux\u00a0:<\/strong> William Carvalho (B\u00e9tis S\u00e9ville), R\u00faben Neves (Wolverhampton Wanderers), Palhinha (Fulham FC), Bruno Fernandes (Manchester United), Vitinha (PSG), Otavio (Porto), Matheus Nunes (Wolverhampton Wanderers), Bernardo Silva (Manchester City), Jo\u00e3o M\u00e1rio (Benfica Lisbonne).<\/p>\n<p style=\"text-align: justify;\"><strong>Attaquants :<\/strong> Cristiano Ronaldo (Manchester United), Jo\u00e3o F\u00e9lix (Atl\u00e9tico Madrid), Rafael Le\u00e3o (AC Milan), Ricardo Horta (SC Braga), Andr\u00e9 Silva (RB Leizpig), Gon\u00e7alo Ramos (Benfica Lisbonne).<\/p>\n<p style=\"text-align: justify;\"><span style=\"text-decoration: underline;\"><strong>Le XI type<\/strong><\/span><strong>\u00a0:<\/strong> Diogo Costa \u2013 Jo\u00e3o Cancelo, R\u00faben Dias, Pepe, Nuno Mendes \u2013 R\u00faben Neves, William Carvalho\/ Vitinha, Bruno Fernandes \u2013 Bernardo Silva, Cristiano Ronaldo, Rafael Le\u00e3o\/Jo\u00e3o F\u00e9lix.<\/p>\n<h2 style=\"text-align: justify;\">Les joueurs \u00e0 suivre<\/h2>\n<p style=\"text-align: justify;\">Bien \u00e9videmment, cette coupe du monde 2022 marquera la 5\u00e8me et derni\u00e8re participation de <strong>Cristiano Ronaldo<\/strong>. Le meilleur buteur de la s\u00e9lection portugaise sera tr\u00e8s attendu. Auteur d\u2019un d\u00e9but de saison tumultueux du c\u00f4t\u00e9 de <strong>Manchester United<\/strong>, l\u2019attaquant de 37 ans aura une occasion de se rattraper avec son pays, afin de tenter de remporter un troph\u00e9e toujours manquant dans son armoire.<\/p>\n<p style=\"text-align: justify;\">Les jeunes pousses <strong>Vitinha, Rafael Le\u00e3o<\/strong> et <strong>Nuno Mendes<\/strong> auront un coup \u00e0 jouer et peuvent \u00eatre des \u00e9l\u00e9ments incontournables pour le s\u00e9lectionneur. Enfin, la jeune r\u00e9v\u00e9lation dans les cages,<strong> Diogo Costa<\/strong>, devrait prendre la place de titulaire et r\u00e9pondre aux attentes plac\u00e9es en lui. <strong>Bruno Fernandes<\/strong>, lui, montrera qu\u2019il est un des leaders de l\u2019\u00e9quipe, sans oublier <strong>Jo\u00e3o F\u00e9lix<\/strong>, toujours attendu. Le Madril\u00e8ne devra prouver qu\u2019il peut \u00eatre un joueur important en s\u00e9lection.<\/p>\n<div id=\"attachment_280332\" style=\"width: 810px\" class=\"wp-caption aligncenter\"><a href=\"https:\/\/dicodusport.fr\/blog\/wp-content\/uploads\/2022\/11\/Cristiano-Ronaldo-Portugal.png\"><img loading=\"lazy\" decoding=\"async\" aria-describedby=\"caption-attachment-280332\" class=\"size-full wp-image-280332\" src=\"https:\/\/dicodusport.fr\/blog\/wp-content\/uploads\/2022\/11\/Cristiano-Ronaldo-Portugal.png\" alt=\"Cristiano Ronaldo - Portugal\" width=\"800\" height=\"445\" srcset=\"https:\/\/dicodusport.fr\/blog\/wp-content\/uploads\/2022\/11\/Cristiano-Ronaldo-Portugal.png 800w, https:\/\/dicodusport.fr\/blog\/wp-content\/uploads\/2022\/11\/Cristiano-Ronaldo-Portugal-300x167.png 300w, https:\/\/dicodusport.fr\/blog\/wp-content\/uploads\/2022\/11\/Cristiano-Ronaldo-Portugal-768x427.png 768w\" sizes=\"auto, (max-width: 800px) 100vw, 800px\" \/><\/a><p id=\"caption-attachment-280332\" class=\"wp-caption-text\">Cristiano Ronaldo &#8211; Portugal &#8211; Photo Icon Sport<\/p><\/div>\n<h2 style=\"text-align: justify;\">Calendrier du Portugal<\/h2>\n<h3 style=\"text-align: justify;\">Jeudi 24 novembre<\/h3>\n<p style=\"text-align: justify;\"><strong>17h\u00a0: Portugal<\/strong> &#8211; <a href=\"https:\/\/dicodusport.fr\/blog\/coupe-du-monde-de-football-le-ghana-les-black-stars-vont-ils-nous-surprendre\/\" target=\"_blank\" rel=\"noopener\">Ghana<\/a> (beIN SPORTS)<\/p>\n<h3 style=\"text-align: justify;\">Lundi 28 novembre<\/h3>\n<p style=\"text-align: justify;\"><strong>20h\u00a0:<\/strong> <strong>Portugal<\/strong> &#8211;\u00a0<a href=\"https:\/\/dicodusport.fr\/blog\/coupe-du-monde-de-football-luruguay-de-retour-au-sommet\/\" target=\"_blank\" rel=\"noopener\">Uruguay<\/a>\u00a0(TF1, beIN SPORTS)<\/p>\n<h3 style=\"text-align: justify;\">Vendredi 2 d\u00e9cembre<\/h3>\n<p style=\"text-align: justify;\"><strong>16h :<\/strong>\u00a0<a href=\"https:\/\/dicodusport.fr\/blog\/coupe-du-monde-de-football-la-coree-du-sud-quel-destin-pour-les-guerriers-taeguk\/\">Cor\u00e9e du Sud<\/a> &#8211; <b>Portugal<\/b> (beIN SPORTS)<\/p>\n<h2 style=\"text-align: justify;\">Notre pronostic pour le Portugal<\/h2>\n<p style=\"text-align: justify;\">Dot\u00e9 d\u2019un groupe compos\u00e9 de bons joueurs, le Portugal a des armes \u00e0 faire valoir pour cette Coupe du monde. N\u00e9anmoins, avec l\u2019absence de <strong>Diogo Jota<\/strong>, et sans oublier que les Portugais ont d\u00fb passer par les barrages, il faudra faire attention \u00e0 ne pas se faire surprendre lors de la phase de groupes face \u00e0 la <strong>Cor\u00e9e du Sud<\/strong> et le <strong>Ghana<\/strong>, deux \u00e9quipes qui restent \u00e0 leur port\u00e9e. Pour l\u2019<strong>Uruguay<\/strong>, l\u2019heure sera \u00e0 la revanche du dernier huiti\u00e8me de finale en 2018, pour la finale du <a href=\"https:\/\/dicodusport.fr\/blog\/calendrier-et-resultats-groupe-h-coupe-du-monde-de-football\/\">groupe H<\/a>.<\/p>\n<p style=\"text-align: justify;\">Il faudra ensuite se montrer costaud en retrouvant un membre du groupe G en huiti\u00e8me, qui pourrait \u00eatre le Br\u00e9sil, le Cameroun, la Suisse ou la Serbie, et ensuite s\u2019accrocher avec de possibles duels contre l\u2019Allemagne, l\u2019Espagne, la Croatie ou la Belgique, qui font partie des favoris \u00e9galement. Une Coupe du monde qui s\u2019annonce donc relev\u00e9e. Cependant, le Portugal peut r\u00e9ussir \u00e0 se cr\u00e9er une place dans le<strong> dernier carr\u00e9<\/strong> et devenir un des <strong>outsiders<\/strong> pour le titre.<\/p>\n","protected":false},"excerpt":{"rendered":"<p>COUPE DU MONDE DE FOOTBALL 2022 &#8211; Huiti\u00e8me participation \u00e0 une Coupe du monde pour le Portugal qui se d\u00e9placera au Qatar cet hiver, avec un effectif convaincant pour se placer parmi les favoris. La Sele\u00e7\u00e3o das Quinas saura-t-elle se hisser au-del\u00e0 des huiti\u00e8mes de finales, son dernier r\u00e9sultat en 2018 ?<\/p>\n","protected":false},"author":68,"featured_media":280341,"comment_status":"open","ping_status":"closed","sticky":false,"template":"","format":"standard","meta":{"_acf_changed":false,"_daextam_enable_autolinks":"","footnotes":""},"categories":[47043,2301],"tags":[5095,75,89],"class_list":["post-279459","post","type-post","status-publish","format-standard","has-post-thumbnail","hentry","category-coupe-du-monde-de-football","category-football","tag-coupe-du-monde-de-football","tag-football","tag-portugal"],"acf":[],"yoast_head":"<!-- This site is optimized with the Yoast SEO Premium plugin v26.7 (Yoast SEO v26.7) - https:\/\/yoast.com\/wordpress\/plugins\/seo\/ -->\n<title>Coupe du monde de football : Le Portugal, en route vers le dernier carr\u00e9 ?<\/title>\n<meta name=\"description\" content=\"COUPE DU MONDE DE FOOTBALL 2022 - Huiti\u00e8me participation \u00e0 une Coupe du monde pour le Portugal. Notre grande preview.\" \/>\n<meta name=\"robots\" content=\"index, follow, max-snippet:-1, max-image-preview:large, max-video-preview:-1\" \/>\n<link rel=\"canonical\" href=\"https:\/\/dicodusport.fr\/blog\/coupe-du-monde-de-football-le-portugal-en-route-vers-le-dernier-carre\/\" \/>\n<meta property=\"og:locale\" content=\"fr_FR\" \/>\n<meta property=\"og:type\" content=\"article\" \/>\n<meta property=\"og:title\" content=\"Coupe du monde de football : Le Portugal, en route vers le dernier carr\u00e9 ?\" \/>\n<meta property=\"og:description\" content=\"COUPE DU MONDE DE FOOTBALL 2022 - Huiti\u00e8me participation \u00e0 une Coupe du monde pour le Portugal. Notre grande preview.\" \/>\n<meta property=\"og:url\" content=\"https:\/\/dicodusport.fr\/blog\/coupe-du-monde-de-football-le-portugal-en-route-vers-le-dernier-carre\/\" \/>\n<meta property=\"og:site_name\" content=\"Dicodusport\" \/>\n<meta property=\"article:publisher\" content=\"https:\/\/www.facebook.com\/dicodusport\" \/>\n<meta property=\"article:published_time\" content=\"2022-11-19T13:45:10+00:00\" \/>\n<meta property=\"article:modified_time\" content=\"2022-11-21T10:11:11+00:00\" \/>\n<meta property=\"og:image\" content=\"https:\/\/dicodusport.fr\/blog\/wp-content\/uploads\/2022\/11\/Coupe-du-monde-de-football-Le-Portugal-en-route-vers-le-dernier-carre-1.png\" \/>\n\t<meta property=\"og:image:width\" content=\"800\" \/>\n\t<meta property=\"og:image:height\" content=\"445\" \/>\n\t<meta property=\"og:image:type\" content=\"image\/png\" \/>\n<meta name=\"author\" content=\"Tony Casalinho\" \/>\n<meta name=\"twitter:card\" content=\"summary_large_image\" \/>\n<meta name=\"twitter:title\" content=\"Coupe du monde de football : Le Portugal, en route vers le dernier carr\u00e9 ?\" \/>\n<meta name=\"twitter:creator\" content=\"@dicodusport\" \/>\n<meta name=\"twitter:site\" content=\"@dicodusport\" \/>\n<script type=\"application\/ld+json\" class=\"yoast-schema-graph\">{\"@context\":\"https:\/\/schema.org\",\"@graph\":[{\"@type\":\"NewsArticle\",\"@id\":\"https:\/\/dicodusport.fr\/blog\/coupe-du-monde-de-football-le-portugal-en-route-vers-le-dernier-carre\/#article\",\"isPartOf\":{\"@id\":\"https:\/\/dicodusport.fr\/blog\/coupe-du-monde-de-football-le-portugal-en-route-vers-le-dernier-carre\/\"},\"author\":{\"name\":\"Tony Casalinho\",\"@id\":\"https:\/\/dicodusport.fr\/blog\/#\/schema\/person\/ae565fda68ed8f546de6318261a6956c\"},\"headline\":\"Coupe du monde de football : Le Portugal, en route vers le dernier carr\u00e9 ?\",\"datePublished\":\"2022-11-19T13:45:10+00:00\",\"dateModified\":\"2022-11-21T10:11:11+00:00\",\"mainEntityOfPage\":{\"@id\":\"https:\/\/dicodusport.fr\/blog\/coupe-du-monde-de-football-le-portugal-en-route-vers-le-dernier-carre\/\"},\"wordCount\":1504,\"commentCount\":0,\"publisher\":{\"@id\":\"https:\/\/dicodusport.fr\/blog\/#organization\"},\"image\":{\"@id\":\"https:\/\/dicodusport.fr\/blog\/coupe-du-monde-de-football-le-portugal-en-route-vers-le-dernier-carre\/#primaryimage\"},\"thumbnailUrl\":\"https:\/\/dicodusport.fr\/blog\/wp-content\/uploads\/2022\/11\/Coupe-du-monde-de-football-Le-Portugal-en-route-vers-le-dernier-carre-1.png\",\"keywords\":[\"coupe du monde de football\",\"Football\",\"Portugal\"],\"articleSection\":[\"Coupe du monde de football\",\"Football\"],\"inLanguage\":\"fr-FR\",\"potentialAction\":[{\"@type\":\"CommentAction\",\"name\":\"Comment\",\"target\":[\"https:\/\/dicodusport.fr\/blog\/coupe-du-monde-de-football-le-portugal-en-route-vers-le-dernier-carre\/#respond\"]}],\"copyrightYear\":\"2022\",\"copyrightHolder\":{\"@id\":\"https:\/\/dicodusport.fr\/blog\/#organization\"}},{\"@type\":\"WebPage\",\"@id\":\"https:\/\/dicodusport.fr\/blog\/coupe-du-monde-de-football-le-portugal-en-route-vers-le-dernier-carre\/\",\"url\":\"https:\/\/dicodusport.fr\/blog\/coupe-du-monde-de-football-le-portugal-en-route-vers-le-dernier-carre\/\",\"name\":\"Coupe du monde de football : Le Portugal, en route vers le dernier carr\u00e9 ?\",\"isPartOf\":{\"@id\":\"https:\/\/dicodusport.fr\/blog\/#website\"},\"primaryImageOfPage\":{\"@id\":\"https:\/\/dicodusport.fr\/blog\/coupe-du-monde-de-football-le-portugal-en-route-vers-le-dernier-carre\/#primaryimage\"},\"image\":{\"@id\":\"https:\/\/dicodusport.fr\/blog\/coupe-du-monde-de-football-le-portugal-en-route-vers-le-dernier-carre\/#primaryimage\"},\"thumbnailUrl\":\"https:\/\/dicodusport.fr\/blog\/wp-content\/uploads\/2022\/11\/Coupe-du-monde-de-football-Le-Portugal-en-route-vers-le-dernier-carre-1.png\",\"datePublished\":\"2022-11-19T13:45:10+00:00\",\"dateModified\":\"2022-11-21T10:11:11+00:00\",\"description\":\"COUPE DU MONDE DE FOOTBALL 2022 - Huiti\u00e8me participation \u00e0 une Coupe du monde pour le Portugal. Notre grande preview.\",\"breadcrumb\":{\"@id\":\"https:\/\/dicodusport.fr\/blog\/coupe-du-monde-de-football-le-portugal-en-route-vers-le-dernier-carre\/#breadcrumb\"},\"inLanguage\":\"fr-FR\",\"potentialAction\":[{\"@type\":\"ReadAction\",\"target\":[\"https:\/\/dicodusport.fr\/blog\/coupe-du-monde-de-football-le-portugal-en-route-vers-le-dernier-carre\/\"]}]},{\"@type\":\"ImageObject\",\"inLanguage\":\"fr-FR\",\"@id\":\"https:\/\/dicodusport.fr\/blog\/coupe-du-monde-de-football-le-portugal-en-route-vers-le-dernier-carre\/#primaryimage\",\"url\":\"https:\/\/dicodusport.fr\/blog\/wp-content\/uploads\/2022\/11\/Coupe-du-monde-de-football-Le-Portugal-en-route-vers-le-dernier-carre-1.png\",\"contentUrl\":\"https:\/\/dicodusport.fr\/blog\/wp-content\/uploads\/2022\/11\/Coupe-du-monde-de-football-Le-Portugal-en-route-vers-le-dernier-carre-1.png\",\"width\":800,\"height\":445,\"caption\":\"Coupe du monde de football Le Portugal, en route vers le dernier carr\u00e9 (1)\"},{\"@type\":\"BreadcrumbList\",\"@id\":\"https:\/\/dicodusport.fr\/blog\/coupe-du-monde-de-football-le-portugal-en-route-vers-le-dernier-carre\/#breadcrumb\",\"itemListElement\":[{\"@type\":\"ListItem\",\"position\":1,\"name\":\"Accueil\",\"item\":\"https:\/\/dicodusport.fr\/blog\/\"},{\"@type\":\"ListItem\",\"position\":2,\"name\":\"Coupe du monde de football : Le Portugal, en route vers le dernier carr\u00e9 ?\"}]},{\"@type\":\"WebSite\",\"@id\":\"https:\/\/dicodusport.fr\/blog\/#website\",\"url\":\"https:\/\/dicodusport.fr\/blog\/\",\"name\":\"Dicodusport\",\"description\":\"L&#039;encyclop\u00e9die de l&#039;actualit\u00e9 sportive\",\"publisher\":{\"@id\":\"https:\/\/dicodusport.fr\/blog\/#organization\"},\"potentialAction\":[{\"@type\":\"SearchAction\",\"target\":{\"@type\":\"EntryPoint\",\"urlTemplate\":\"https:\/\/dicodusport.fr\/blog\/?s={search_term_string}\"},\"query-input\":{\"@type\":\"PropertyValueSpecification\",\"valueRequired\":true,\"valueName\":\"search_term_string\"}}],\"inLanguage\":\"fr-FR\"},{\"@type\":\"NewsMediaOrganization\",\"@id\":\"https:\/\/dicodusport.fr\/blog\/#organization\",\"name\":\"Dicodusport\",\"url\":\"https:\/\/dicodusport.fr\/blog\/\",\"logo\":{\"@type\":\"ImageObject\",\"inLanguage\":\"fr-FR\",\"@id\":\"https:\/\/dicodusport.fr\/blog\/#\/schema\/logo\/image\/\",\"url\":\"https:\/\/dicodusport.fr\/blog\/wp-content\/uploads\/2020\/06\/cropped-LOGO-DICODUSPORT-2020-SANS-FOND-SANS-TEXTE.png\",\"contentUrl\":\"https:\/\/dicodusport.fr\/blog\/wp-content\/uploads\/2020\/06\/cropped-LOGO-DICODUSPORT-2020-SANS-FOND-SANS-TEXTE.png\",\"width\":512,\"height\":512,\"caption\":\"Dicodusport\"},\"image\":{\"@id\":\"https:\/\/dicodusport.fr\/blog\/#\/schema\/logo\/image\/\"},\"sameAs\":[\"https:\/\/www.facebook.com\/dicodusport\",\"https:\/\/x.com\/dicodusport\",\"https:\/\/www.instagram.com\/dicodusport\/\",\"https:\/\/www.youtube.com\/channel\/UC7V2KZ5sd3htJivAbA4ZG3w\"],\"description\":\"Dicodusport est l'encyclop\u00e9die de l'actualit\u00e9 sportive.\",\"email\":\"bonjour@dicodusport.fr\",\"legalName\":\"DICODUSPORT\",\"foundingDate\":\"2018-01-14\",\"vatID\":\"FR71834470973\",\"taxID\":\"83447097300043\",\"numberOfEmployees\":{\"@type\":\"QuantitativeValue\",\"minValue\":\"1\",\"maxValue\":\"10\"}},{\"@type\":\"Person\",\"@id\":\"https:\/\/dicodusport.fr\/blog\/#\/schema\/person\/ae565fda68ed8f546de6318261a6956c\",\"name\":\"Tony Casalinho\",\"image\":{\"@type\":\"ImageObject\",\"inLanguage\":\"fr-FR\",\"@id\":\"https:\/\/dicodusport.fr\/blog\/#\/schema\/person\/image\/\",\"url\":\"https:\/\/dicodusport.fr\/blog\/wp-content\/uploads\/2022\/06\/photo-Copie-150x150.jpg\",\"contentUrl\":\"https:\/\/dicodusport.fr\/blog\/wp-content\/uploads\/2022\/06\/photo-Copie-150x150.jpg\",\"caption\":\"Tony Casalinho\"},\"sameAs\":[\"https:\/\/www.linkedin.com\/in\/tony-casalinho-756976231\/\"],\"url\":\"https:\/\/dicodusport.fr\/blog\/author\/tony-c\/\"}]}<\/script>\n<!-- \/ Yoast SEO Premium plugin. -->","yoast_head_json":{"title":"Coupe du monde de football : Le Portugal, en route vers le dernier carr\u00e9 ?","description":"COUPE DU MONDE DE FOOTBALL 2022 - Huiti\u00e8me participation \u00e0 une Coupe du monde pour le Portugal. Notre grande preview.","robots":{"index":"index","follow":"follow","max-snippet":"max-snippet:-1","max-image-preview":"max-image-preview:large","max-video-preview":"max-video-preview:-1"},"canonical":"https:\/\/dicodusport.fr\/blog\/coupe-du-monde-de-football-le-portugal-en-route-vers-le-dernier-carre\/","og_locale":"fr_FR","og_type":"article","og_title":"Coupe du monde de football : Le Portugal, en route vers le dernier carr\u00e9 ?","og_description":"COUPE DU MONDE DE FOOTBALL 2022 - Huiti\u00e8me participation \u00e0 une Coupe du monde pour le Portugal. Notre grande preview.","og_url":"https:\/\/dicodusport.fr\/blog\/coupe-du-monde-de-football-le-portugal-en-route-vers-le-dernier-carre\/","og_site_name":"Dicodusport","article_publisher":"https:\/\/www.facebook.com\/dicodusport","article_published_time":"2022-11-19T13:45:10+00:00","article_modified_time":"2022-11-21T10:11:11+00:00","og_image":[{"width":800,"height":445,"url":"https:\/\/dicodusport.fr\/blog\/wp-content\/uploads\/2022\/11\/Coupe-du-monde-de-football-Le-Portugal-en-route-vers-le-dernier-carre-1.png","type":"image\/png"}],"author":"Tony Casalinho","twitter_card":"summary_large_image","twitter_title":"Coupe du monde de football : Le Portugal, en route vers le dernier carr\u00e9 ?","twitter_creator":"@dicodusport","twitter_site":"@dicodusport","schema":{"@context":"https:\/\/schema.org","@graph":[{"@type":"NewsArticle","@id":"https:\/\/dicodusport.fr\/blog\/coupe-du-monde-de-football-le-portugal-en-route-vers-le-dernier-carre\/#article","isPartOf":{"@id":"https:\/\/dicodusport.fr\/blog\/coupe-du-monde-de-football-le-portugal-en-route-vers-le-dernier-carre\/"},"author":{"name":"Tony Casalinho","@id":"https:\/\/dicodusport.fr\/blog\/#\/schema\/person\/ae565fda68ed8f546de6318261a6956c"},"headline":"Coupe du monde de football : Le Portugal, en route vers le dernier carr\u00e9 ?","datePublished":"2022-11-19T13:45:10+00:00","dateModified":"2022-11-21T10:11:11+00:00","mainEntityOfPage":{"@id":"https:\/\/dicodusport.fr\/blog\/coupe-du-monde-de-football-le-portugal-en-route-vers-le-dernier-carre\/"},"wordCount":1504,"commentCount":0,"publisher":{"@id":"https:\/\/dicodusport.fr\/blog\/#organization"},"image":{"@id":"https:\/\/dicodusport.fr\/blog\/coupe-du-monde-de-football-le-portugal-en-route-vers-le-dernier-carre\/#primaryimage"},"thumbnailUrl":"https:\/\/dicodusport.fr\/blog\/wp-content\/uploads\/2022\/11\/Coupe-du-monde-de-football-Le-Portugal-en-route-vers-le-dernier-carre-1.png","keywords":["coupe du monde de football","Football","Portugal"],"articleSection":["Coupe du monde de football","Football"],"inLanguage":"fr-FR","potentialAction":[{"@type":"CommentAction","name":"Comment","target":["https:\/\/dicodusport.fr\/blog\/coupe-du-monde-de-football-le-portugal-en-route-vers-le-dernier-carre\/#respond"]}],"copyrightYear":"2022","copyrightHolder":{"@id":"https:\/\/dicodusport.fr\/blog\/#organization"}},{"@type":"WebPage","@id":"https:\/\/dicodusport.fr\/blog\/coupe-du-monde-de-football-le-portugal-en-route-vers-le-dernier-carre\/","url":"https:\/\/dicodusport.fr\/blog\/coupe-du-monde-de-football-le-portugal-en-route-vers-le-dernier-carre\/","name":"Coupe du monde de football : Le Portugal, en route vers le dernier carr\u00e9 ?","isPartOf":{"@id":"https:\/\/dicodusport.fr\/blog\/#website"},"primaryImageOfPage":{"@id":"https:\/\/dicodusport.fr\/blog\/coupe-du-monde-de-football-le-portugal-en-route-vers-le-dernier-carre\/#primaryimage"},"image":{"@id":"https:\/\/dicodusport.fr\/blog\/coupe-du-monde-de-football-le-portugal-en-route-vers-le-dernier-carre\/#primaryimage"},"thumbnailUrl":"https:\/\/dicodusport.fr\/blog\/wp-content\/uploads\/2022\/11\/Coupe-du-monde-de-football-Le-Portugal-en-route-vers-le-dernier-carre-1.png","datePublished":"2022-11-19T13:45:10+00:00","dateModified":"2022-11-21T10:11:11+00:00","description":"COUPE DU MONDE DE FOOTBALL 2022 - Huiti\u00e8me participation \u00e0 une Coupe du monde pour le Portugal. Notre grande preview.","breadcrumb":{"@id":"https:\/\/dicodusport.fr\/blog\/coupe-du-monde-de-football-le-portugal-en-route-vers-le-dernier-carre\/#breadcrumb"},"inLanguage":"fr-FR","potentialAction":[{"@type":"ReadAction","target":["https:\/\/dicodusport.fr\/blog\/coupe-du-monde-de-football-le-portugal-en-route-vers-le-dernier-carre\/"]}]},{"@type":"ImageObject","inLanguage":"fr-FR","@id":"https:\/\/dicodusport.fr\/blog\/coupe-du-monde-de-football-le-portugal-en-route-vers-le-dernier-carre\/#primaryimage","url":"https:\/\/dicodusport.fr\/blog\/wp-content\/uploads\/2022\/11\/Coupe-du-monde-de-football-Le-Portugal-en-route-vers-le-dernier-carre-1.png","contentUrl":"https:\/\/dicodusport.fr\/blog\/wp-content\/uploads\/2022\/11\/Coupe-du-monde-de-football-Le-Portugal-en-route-vers-le-dernier-carre-1.png","width":800,"height":445,"caption":"Coupe du monde de football Le Portugal, en route vers le dernier carr\u00e9 (1)"},{"@type":"BreadcrumbList","@id":"https:\/\/dicodusport.fr\/blog\/coupe-du-monde-de-football-le-portugal-en-route-vers-le-dernier-carre\/#breadcrumb","itemListElement":[{"@type":"ListItem","position":1,"name":"Accueil","item":"https:\/\/dicodusport.fr\/blog\/"},{"@type":"ListItem","position":2,"name":"Coupe du monde de football : Le Portugal, en route vers le dernier carr\u00e9 ?"}]},{"@type":"WebSite","@id":"https:\/\/dicodusport.fr\/blog\/#website","url":"https:\/\/dicodusport.fr\/blog\/","name":"Dicodusport","description":"L&#039;encyclop\u00e9die de l&#039;actualit\u00e9 sportive","publisher":{"@id":"https:\/\/dicodusport.fr\/blog\/#organization"},"potentialAction":[{"@type":"SearchAction","target":{"@type":"EntryPoint","urlTemplate":"https:\/\/dicodusport.fr\/blog\/?s={search_term_string}"},"query-input":{"@type":"PropertyValueSpecification","valueRequired":true,"valueName":"search_term_string"}}],"inLanguage":"fr-FR"},{"@type":"NewsMediaOrganization","@id":"https:\/\/dicodusport.fr\/blog\/#organization","name":"Dicodusport","url":"https:\/\/dicodusport.fr\/blog\/","logo":{"@type":"ImageObject","inLanguage":"fr-FR","@id":"https:\/\/dicodusport.fr\/blog\/#\/schema\/logo\/image\/","url":"https:\/\/dicodusport.fr\/blog\/wp-content\/uploads\/2020\/06\/cropped-LOGO-DICODUSPORT-2020-SANS-FOND-SANS-TEXTE.png","contentUrl":"https:\/\/dicodusport.fr\/blog\/wp-content\/uploads\/2020\/06\/cropped-LOGO-DICODUSPORT-2020-SANS-FOND-SANS-TEXTE.png","width":512,"height":512,"caption":"Dicodusport"},"image":{"@id":"https:\/\/dicodusport.fr\/blog\/#\/schema\/logo\/image\/"},"sameAs":["https:\/\/www.facebook.com\/dicodusport","https:\/\/x.com\/dicodusport","https:\/\/www.instagram.com\/dicodusport\/","https:\/\/www.youtube.com\/channel\/UC7V2KZ5sd3htJivAbA4ZG3w"],"description":"Dicodusport est l'encyclop\u00e9die de l'actualit\u00e9 sportive.","email":"bonjour@dicodusport.fr","legalName":"DICODUSPORT","foundingDate":"2018-01-14","vatID":"FR71834470973","taxID":"83447097300043","numberOfEmployees":{"@type":"QuantitativeValue","minValue":"1","maxValue":"10"}},{"@type":"Person","@id":"https:\/\/dicodusport.fr\/blog\/#\/schema\/person\/ae565fda68ed8f546de6318261a6956c","name":"Tony Casalinho","image":{"@type":"ImageObject","inLanguage":"fr-FR","@id":"https:\/\/dicodusport.fr\/blog\/#\/schema\/person\/image\/","url":"https:\/\/dicodusport.fr\/blog\/wp-content\/uploads\/2022\/06\/photo-Copie-150x150.jpg","contentUrl":"https:\/\/dicodusport.fr\/blog\/wp-content\/uploads\/2022\/06\/photo-Copie-150x150.jpg","caption":"Tony Casalinho"},"sameAs":["https:\/\/www.linkedin.com\/in\/tony-casalinho-756976231\/"],"url":"https:\/\/dicodusport.fr\/blog\/author\/tony-c\/"}]}},"_links":{"self":[{"href":"https:\/\/dicodusport.fr\/blog\/wp-json\/wp\/v2\/posts\/279459","targetHints":{"allow":["GET"]}}],"collection":[{"href":"https:\/\/dicodusport.fr\/blog\/wp-json\/wp\/v2\/posts"}],"about":[{"href":"https:\/\/dicodusport.fr\/blog\/wp-json\/wp\/v2\/types\/post"}],"author":[{"embeddable":true,"href":"https:\/\/dicodusport.fr\/blog\/wp-json\/wp\/v2\/users\/68"}],"replies":[{"embeddable":true,"href":"https:\/\/dicodusport.fr\/blog\/wp-json\/wp\/v2\/comments?post=279459"}],"version-history":[{"count":0,"href":"https:\/\/dicodusport.fr\/blog\/wp-json\/wp\/v2\/posts\/279459\/revisions"}],"wp:featuredmedia":[{"embeddable":true,"href":"https:\/\/dicodusport.fr\/blog\/wp-json\/wp\/v2\/media\/280341"}],"wp:attachment":[{"href":"https:\/\/dicodusport.fr\/blog\/wp-json\/wp\/v2\/media?parent=279459"}],"wp:term":[{"taxonomy":"category","embeddable":true,"href":"https:\/\/dicodusport.fr\/blog\/wp-json\/wp\/v2\/categories?post=279459"},{"taxonomy":"post_tag","embeddable":true,"href":"https:\/\/dicodusport.fr\/blog\/wp-json\/wp\/v2\/tags?post=279459"}],"curies":[{"name":"wp","href":"https:\/\/api.w.org\/{rel}","templated":true}]}}