{"id":279553,"date":"2022-11-16T15:20:02","date_gmt":"2022-11-16T14:20:02","guid":{"rendered":"https:\/\/dicodusport.fr\/blog\/?p=279553&#038;preview=true&#038;preview_id=279553"},"modified":"2022-11-16T16:11:47","modified_gmt":"2022-11-16T15:11:47","slug":"mercato-yvon-ledanois-signe-dans-une-equipe-etrangere","status":"publish","type":"post","link":"https:\/\/dicodusport.fr\/blog\/mercato-yvon-ledanois-signe-dans-une-equipe-etrangere\/","title":{"rendered":"Mercato : Yvon Ledanois signe dans une \u00e9quipe \u00e9trang\u00e8re"},"content":{"rendered":"<p style=\"text-align: justify;\"><strong><em>CYCLISME SUR ROUTE 2023 &#8211; Quelques semaines apr\u00e8s l&rsquo;annonce de son d\u00e9part d&rsquo;Ark\u00e9a-Samsic, Yvon Ledanois s&rsquo;est engag\u00e9 avec Movistar pour 2023.\u00a0<\/em><\/strong><\/p>\n<p style=\"text-align: justify;\"><strong>Yvon<\/strong> <strong>Ledanois<\/strong> est donc de retour dans une \u00e9quipe qu&rsquo;il conna\u00eet. Le Breton a en effet d\u00e9j\u00e0 occup\u00e9 le r\u00f4le de directeur sportif au sein de la formation, entre 2008 et 2012. L&rsquo;ancien coureur de 53 ans avait ensuite rejoint <strong>BMC<\/strong> en 2013, avant de s&rsquo;engager avec <strong>Fortuneo<\/strong> en 2018, devenue<strong> Ark\u00e9a-Samsic<\/strong> en 2019. Il y a quelques semaines, il avait d\u00e9clar\u00e9 dans les colonnes de <em>Ouest-France<\/em> avoir besoin d&rsquo;u nouveau challenge, et d&rsquo;ajouter que son d\u00e9part n&rsquo;\u00e9tait pas li\u00e9 \u00e0 <strong>Nairo<\/strong> <strong>Quintana<\/strong>.<\/p>\n<blockquote>\n<p style=\"text-align: justify;\">La deuxi\u00e8me, c\u2019est que j\u2019ai besoin d\u2019un nouveau challenge. Je prends du plaisir quand je vois un Laurent Pichon qui plie un Van Baarle d\u2019Ineos\u2026 Je crois avoir fait prendre conscience \u00e0 certains qu\u2019ils avaient des qualit\u00e9s. J\u2019ai le sentiment de sortir par la grande porte, on est en World Tour. Pour moi c\u2019est mission accomplie. Je pars d\u2019Ark\u00e9a-Samsic la t\u00eate haute, ce n\u2019est pas li\u00e9 \u00e0 Quintana. Je n\u2019\u00e9tais pas l\u2019ami de Quintana. J\u2019\u00e9tais directeur sportif d\u2019Ark\u00e9a-Samsic, pas de Quintana.<\/p>\n<\/blockquote>\n<p style=\"text-align: justify;\">Il n&rsquo;est pas le seul nouveau directeur sportif chez <strong>Movistar<\/strong>, puisque <strong>Xabier<\/strong> <strong>Muriel<\/strong> et <strong>J\u00fcrgen<\/strong> <strong>Roelandts<\/strong> rejoignent aussi la formation espagnole.<\/p>\n<blockquote class=\"twitter-tweet\">\n<p dir=\"ltr\" lang=\"es\">&#x1f468;&#x200d;&#x1f3eb;&#x1f199;&#x24c2;&#xfe0f; <a href=\"https:\/\/twitter.com\/hashtag\/MovistarTeam2023?src=hash&amp;ref_src=twsrc%5Etfw\">#MovistarTeam2023<\/a> incorpora a su staff de rendimiento tres nuevos directores deportivos: <a href=\"https:\/\/twitter.com\/xabimu?ref_src=twsrc%5Etfw\">@xabimu<\/a>, Yvon Ledanois y <a href=\"https:\/\/twitter.com\/jurgenroelandts?ref_src=twsrc%5Etfw\">@jurgenroelandts<\/a>. \u00a1Bienvenidos y gracias por formar parte de esta familia! <a href=\"https:\/\/twitter.com\/hashtag\/RodamosJuntos?src=hash&amp;ref_src=twsrc%5Etfw\">#RodamosJuntos<\/a><\/p>\n<p>Three additions to our DS group next year &gt; <a href=\"https:\/\/t.co\/ggqz48XaKC\">https:\/\/t.co\/ggqz48XaKC<\/a><\/p>\n<p>\u2014 Movistar Team (@Movistar_Team) <a href=\"https:\/\/twitter.com\/Movistar_Team\/status\/1592801647410954243?ref_src=twsrc%5Etfw\">November 16, 2022<\/a><\/p><\/blockquote>\n<p style=\"text-align: justify;\"><script async src=\"https:\/\/platform.twitter.com\/widgets.js\" charset=\"utf-8\"><\/script><\/p>\n","protected":false},"excerpt":{"rendered":"<p>CYCLISME SUR ROUTE 2023 &#8211; Quelques semaines apr\u00e8s l&rsquo;annonce de son d\u00e9part d&rsquo;Ark\u00e9a-Samsic, Yvon Ledanois s&rsquo;est engag\u00e9 avec Movistar pour 2023.\u00a0<\/p>\n","protected":false},"author":1,"featured_media":279555,"comment_status":"open","ping_status":"closed","sticky":false,"template":"","format":"standard","meta":{"_acf_changed":false,"_daextam_enable_autolinks":"","footnotes":""},"categories":[46994],"tags":[5354],"class_list":["post-279553","post","type-post","status-publish","format-standard","has-post-thumbnail","hentry","category-cyclisme-sur-route","tag-movistar"],"acf":[],"yoast_head":"<!-- This site is optimized with the Yoast SEO Premium plugin v26.7 (Yoast SEO v26.7) - https:\/\/yoast.com\/wordpress\/plugins\/seo\/ -->\n<title>Mercato : Yvon Ledanois signe dans une \u00e9quipe \u00e9trang\u00e8re<\/title>\n<meta name=\"description\" content=\"CYCLISME SUR ROUTE 2023 - Quelques semaines apr\u00e8s l&#039;annonce de son d\u00e9part d&#039;Ark\u00e9a-Samsic, Yvon Ledanois s&#039;est engag\u00e9 avec Movistar pour 2023.\u00a0\" \/>\n<meta name=\"robots\" content=\"index, follow, max-snippet:-1, max-image-preview:large, max-video-preview:-1\" \/>\n<link rel=\"canonical\" href=\"https:\/\/dicodusport.fr\/blog\/mercato-yvon-ledanois-signe-dans-une-equipe-etrangere\/\" \/>\n<meta property=\"og:locale\" content=\"fr_FR\" \/>\n<meta property=\"og:type\" content=\"article\" \/>\n<meta property=\"og:title\" content=\"Mercato : Yvon Ledanois signe dans une \u00e9quipe \u00e9trang\u00e8re\" \/>\n<meta property=\"og:description\" content=\"CYCLISME SUR ROUTE 2023 - Quelques semaines apr\u00e8s l&#039;annonce de son d\u00e9part d&#039;Ark\u00e9a-Samsic, Yvon Ledanois s&#039;est engag\u00e9 avec Movistar pour 2023.\u00a0\" \/>\n<meta property=\"og:url\" content=\"https:\/\/dicodusport.fr\/blog\/mercato-yvon-ledanois-signe-dans-une-equipe-etrangere\/\" \/>\n<meta property=\"og:site_name\" content=\"Dicodusport\" \/>\n<meta property=\"article:publisher\" content=\"https:\/\/www.facebook.com\/dicodusport\" \/>\n<meta property=\"article:author\" content=\"https:\/\/www.facebook.com\/dicodusport\" \/>\n<meta property=\"article:published_time\" content=\"2022-11-16T14:20:02+00:00\" \/>\n<meta property=\"article:modified_time\" content=\"2022-11-16T15:11:47+00:00\" \/>\n<meta property=\"og:image\" content=\"https:\/\/dicodusport.fr\/blog\/wp-content\/uploads\/2022\/11\/Mercato-Yvon-Ledanois-signe-dans-une-e\u0301quipe-e\u0301trange\u0300re.png\" \/>\n\t<meta property=\"og:image:width\" content=\"800\" \/>\n\t<meta property=\"og:image:height\" content=\"445\" \/>\n\t<meta property=\"og:image:type\" content=\"image\/png\" \/>\n<meta name=\"author\" content=\"Nicolas Jacquemard\" \/>\n<meta name=\"twitter:card\" content=\"summary_large_image\" \/>\n<meta name=\"twitter:title\" content=\"Mercato : Yvon Ledanois signe dans une \u00e9quipe \u00e9trang\u00e8re\" \/>\n<meta name=\"twitter:creator\" content=\"@https:\/\/twitter.com\/Nico_Jacquemard\" \/>\n<meta name=\"twitter:site\" content=\"@dicodusport\" \/>\n<script type=\"application\/ld+json\" class=\"yoast-schema-graph\">{\"@context\":\"https:\/\/schema.org\",\"@graph\":[{\"@type\":\"NewsArticle\",\"@id\":\"https:\/\/dicodusport.fr\/blog\/mercato-yvon-ledanois-signe-dans-une-equipe-etrangere\/#article\",\"isPartOf\":{\"@id\":\"https:\/\/dicodusport.fr\/blog\/mercato-yvon-ledanois-signe-dans-une-equipe-etrangere\/\"},\"author\":{\"name\":\"Nicolas Jacquemard\",\"@id\":\"https:\/\/dicodusport.fr\/blog\/#\/schema\/person\/55dcb50ad410894e431ed812bbb70191\"},\"headline\":\"Mercato : Yvon Ledanois signe dans une \u00e9quipe \u00e9trang\u00e8re\",\"datePublished\":\"2022-11-16T14:20:02+00:00\",\"dateModified\":\"2022-11-16T15:11:47+00:00\",\"mainEntityOfPage\":{\"@id\":\"https:\/\/dicodusport.fr\/blog\/mercato-yvon-ledanois-signe-dans-une-equipe-etrangere\/\"},\"wordCount\":300,\"commentCount\":0,\"publisher\":{\"@id\":\"https:\/\/dicodusport.fr\/blog\/#organization\"},\"image\":{\"@id\":\"https:\/\/dicodusport.fr\/blog\/mercato-yvon-ledanois-signe-dans-une-equipe-etrangere\/#primaryimage\"},\"thumbnailUrl\":\"https:\/\/dicodusport.fr\/blog\/wp-content\/uploads\/2022\/11\/Mercato-Yvon-Ledanois-signe-dans-une-e\u0301quipe-e\u0301trange\u0300re.png\",\"keywords\":[\"Movistar\"],\"articleSection\":[\"Cyclisme sur route\"],\"inLanguage\":\"fr-FR\",\"potentialAction\":[{\"@type\":\"CommentAction\",\"name\":\"Comment\",\"target\":[\"https:\/\/dicodusport.fr\/blog\/mercato-yvon-ledanois-signe-dans-une-equipe-etrangere\/#respond\"]}],\"copyrightYear\":\"2022\",\"copyrightHolder\":{\"@id\":\"https:\/\/dicodusport.fr\/blog\/#organization\"}},{\"@type\":\"WebPage\",\"@id\":\"https:\/\/dicodusport.fr\/blog\/mercato-yvon-ledanois-signe-dans-une-equipe-etrangere\/\",\"url\":\"https:\/\/dicodusport.fr\/blog\/mercato-yvon-ledanois-signe-dans-une-equipe-etrangere\/\",\"name\":\"Mercato : Yvon Ledanois signe dans une \u00e9quipe \u00e9trang\u00e8re\",\"isPartOf\":{\"@id\":\"https:\/\/dicodusport.fr\/blog\/#website\"},\"primaryImageOfPage\":{\"@id\":\"https:\/\/dicodusport.fr\/blog\/mercato-yvon-ledanois-signe-dans-une-equipe-etrangere\/#primaryimage\"},\"image\":{\"@id\":\"https:\/\/dicodusport.fr\/blog\/mercato-yvon-ledanois-signe-dans-une-equipe-etrangere\/#primaryimage\"},\"thumbnailUrl\":\"https:\/\/dicodusport.fr\/blog\/wp-content\/uploads\/2022\/11\/Mercato-Yvon-Ledanois-signe-dans-une-e\u0301quipe-e\u0301trange\u0300re.png\",\"datePublished\":\"2022-11-16T14:20:02+00:00\",\"dateModified\":\"2022-11-16T15:11:47+00:00\",\"description\":\"CYCLISME SUR ROUTE 2023 - Quelques semaines apr\u00e8s l'annonce de son d\u00e9part d'Ark\u00e9a-Samsic, Yvon Ledanois s'est engag\u00e9 avec Movistar pour 2023.\u00a0\",\"breadcrumb\":{\"@id\":\"https:\/\/dicodusport.fr\/blog\/mercato-yvon-ledanois-signe-dans-une-equipe-etrangere\/#breadcrumb\"},\"inLanguage\":\"fr-FR\",\"potentialAction\":[{\"@type\":\"ReadAction\",\"target\":[\"https:\/\/dicodusport.fr\/blog\/mercato-yvon-ledanois-signe-dans-une-equipe-etrangere\/\"]}]},{\"@type\":\"ImageObject\",\"inLanguage\":\"fr-FR\",\"@id\":\"https:\/\/dicodusport.fr\/blog\/mercato-yvon-ledanois-signe-dans-une-equipe-etrangere\/#primaryimage\",\"url\":\"https:\/\/dicodusport.fr\/blog\/wp-content\/uploads\/2022\/11\/Mercato-Yvon-Ledanois-signe-dans-une-e\u0301quipe-e\u0301trange\u0300re.png\",\"contentUrl\":\"https:\/\/dicodusport.fr\/blog\/wp-content\/uploads\/2022\/11\/Mercato-Yvon-Ledanois-signe-dans-une-e\u0301quipe-e\u0301trange\u0300re.png\",\"width\":800,\"height\":445},{\"@type\":\"BreadcrumbList\",\"@id\":\"https:\/\/dicodusport.fr\/blog\/mercato-yvon-ledanois-signe-dans-une-equipe-etrangere\/#breadcrumb\",\"itemListElement\":[{\"@type\":\"ListItem\",\"position\":1,\"name\":\"Accueil\",\"item\":\"https:\/\/dicodusport.fr\/blog\/\"},{\"@type\":\"ListItem\",\"position\":2,\"name\":\"Mercato : Yvon Ledanois signe dans une \u00e9quipe \u00e9trang\u00e8re\"}]},{\"@type\":\"WebSite\",\"@id\":\"https:\/\/dicodusport.fr\/blog\/#website\",\"url\":\"https:\/\/dicodusport.fr\/blog\/\",\"name\":\"Dicodusport\",\"description\":\"L&#039;encyclop\u00e9die de l&#039;actualit\u00e9 sportive\",\"publisher\":{\"@id\":\"https:\/\/dicodusport.fr\/blog\/#organization\"},\"potentialAction\":[{\"@type\":\"SearchAction\",\"target\":{\"@type\":\"EntryPoint\",\"urlTemplate\":\"https:\/\/dicodusport.fr\/blog\/?s={search_term_string}\"},\"query-input\":{\"@type\":\"PropertyValueSpecification\",\"valueRequired\":true,\"valueName\":\"search_term_string\"}}],\"inLanguage\":\"fr-FR\"},{\"@type\":\"NewsMediaOrganization\",\"@id\":\"https:\/\/dicodusport.fr\/blog\/#organization\",\"name\":\"Dicodusport\",\"url\":\"https:\/\/dicodusport.fr\/blog\/\",\"logo\":{\"@type\":\"ImageObject\",\"inLanguage\":\"fr-FR\",\"@id\":\"https:\/\/dicodusport.fr\/blog\/#\/schema\/logo\/image\/\",\"url\":\"https:\/\/dicodusport.fr\/blog\/wp-content\/uploads\/2020\/06\/cropped-LOGO-DICODUSPORT-2020-SANS-FOND-SANS-TEXTE.png\",\"contentUrl\":\"https:\/\/dicodusport.fr\/blog\/wp-content\/uploads\/2020\/06\/cropped-LOGO-DICODUSPORT-2020-SANS-FOND-SANS-TEXTE.png\",\"width\":512,\"height\":512,\"caption\":\"Dicodusport\"},\"image\":{\"@id\":\"https:\/\/dicodusport.fr\/blog\/#\/schema\/logo\/image\/\"},\"sameAs\":[\"https:\/\/www.facebook.com\/dicodusport\",\"https:\/\/x.com\/dicodusport\",\"https:\/\/www.instagram.com\/dicodusport\/\",\"https:\/\/www.youtube.com\/channel\/UC7V2KZ5sd3htJivAbA4ZG3w\"],\"description\":\"Dicodusport est l'encyclop\u00e9die de l'actualit\u00e9 sportive.\",\"email\":\"bonjour@dicodusport.fr\",\"legalName\":\"DICODUSPORT\",\"foundingDate\":\"2018-01-14\",\"vatID\":\"FR71834470973\",\"taxID\":\"83447097300043\",\"numberOfEmployees\":{\"@type\":\"QuantitativeValue\",\"minValue\":\"1\",\"maxValue\":\"10\"}},{\"@type\":\"Person\",\"@id\":\"https:\/\/dicodusport.fr\/blog\/#\/schema\/person\/55dcb50ad410894e431ed812bbb70191\",\"name\":\"Nicolas Jacquemard\",\"image\":{\"@type\":\"ImageObject\",\"inLanguage\":\"fr-FR\",\"@id\":\"https:\/\/dicodusport.fr\/blog\/#\/schema\/person\/image\/\",\"url\":\"https:\/\/dicodusport.fr\/blog\/wp-content\/uploads\/2021\/05\/Nicolas-Jacquemard-150x150.jpeg\",\"contentUrl\":\"https:\/\/dicodusport.fr\/blog\/wp-content\/uploads\/2021\/05\/Nicolas-Jacquemard-150x150.jpeg\",\"caption\":\"Nicolas Jacquemard\"},\"description\":\"Passionn\u00e9 de sport et entrepreneur depuis mes 18 ans, la cr\u00e9ation de Dicodusport m'a sembl\u00e9 \u00e9vidente pour participer \u00e0 la m\u00e9diatisation d'un plus grand nombre de sports. Le chemin est long mais avec une \u00e9quipe des plus motiv\u00e9es et les Jeux Olympiques de Paris 2024 en point de mire, nous y arriverons ! Journaliste dans le monde du sport depuis plus de 5 ans, je traite aussi bien de football, de rugby, de biathlon que de cyclisme.\",\"sameAs\":[\"https:\/\/www.facebook.com\/dicodusport\",\"https:\/\/x.com\/https:\/\/twitter.com\/Nico_Jacquemard\"],\"url\":\"https:\/\/dicodusport.fr\/blog\/author\/dicodusport\/\"}]}<\/script>\n<!-- \/ Yoast SEO Premium plugin. -->","yoast_head_json":{"title":"Mercato : Yvon Ledanois signe dans une \u00e9quipe \u00e9trang\u00e8re","description":"CYCLISME SUR ROUTE 2023 - Quelques semaines apr\u00e8s l'annonce de son d\u00e9part d'Ark\u00e9a-Samsic, Yvon Ledanois s'est engag\u00e9 avec Movistar pour 2023.\u00a0","robots":{"index":"index","follow":"follow","max-snippet":"max-snippet:-1","max-image-preview":"max-image-preview:large","max-video-preview":"max-video-preview:-1"},"canonical":"https:\/\/dicodusport.fr\/blog\/mercato-yvon-ledanois-signe-dans-une-equipe-etrangere\/","og_locale":"fr_FR","og_type":"article","og_title":"Mercato : Yvon Ledanois signe dans une \u00e9quipe \u00e9trang\u00e8re","og_description":"CYCLISME SUR ROUTE 2023 - Quelques semaines apr\u00e8s l'annonce de son d\u00e9part d'Ark\u00e9a-Samsic, Yvon Ledanois s'est engag\u00e9 avec Movistar pour 2023.\u00a0","og_url":"https:\/\/dicodusport.fr\/blog\/mercato-yvon-ledanois-signe-dans-une-equipe-etrangere\/","og_site_name":"Dicodusport","article_publisher":"https:\/\/www.facebook.com\/dicodusport","article_author":"https:\/\/www.facebook.com\/dicodusport","article_published_time":"2022-11-16T14:20:02+00:00","article_modified_time":"2022-11-16T15:11:47+00:00","og_image":[{"width":800,"height":445,"url":"https:\/\/dicodusport.fr\/blog\/wp-content\/uploads\/2022\/11\/Mercato-Yvon-Ledanois-signe-dans-une-e\u0301quipe-e\u0301trange\u0300re.png","type":"image\/png"}],"author":"Nicolas Jacquemard","twitter_card":"summary_large_image","twitter_title":"Mercato : Yvon Ledanois signe dans une \u00e9quipe \u00e9trang\u00e8re","twitter_creator":"@https:\/\/twitter.com\/Nico_Jacquemard","twitter_site":"@dicodusport","schema":{"@context":"https:\/\/schema.org","@graph":[{"@type":"NewsArticle","@id":"https:\/\/dicodusport.fr\/blog\/mercato-yvon-ledanois-signe-dans-une-equipe-etrangere\/#article","isPartOf":{"@id":"https:\/\/dicodusport.fr\/blog\/mercato-yvon-ledanois-signe-dans-une-equipe-etrangere\/"},"author":{"name":"Nicolas Jacquemard","@id":"https:\/\/dicodusport.fr\/blog\/#\/schema\/person\/55dcb50ad410894e431ed812bbb70191"},"headline":"Mercato : Yvon Ledanois signe dans une \u00e9quipe \u00e9trang\u00e8re","datePublished":"2022-11-16T14:20:02+00:00","dateModified":"2022-11-16T15:11:47+00:00","mainEntityOfPage":{"@id":"https:\/\/dicodusport.fr\/blog\/mercato-yvon-ledanois-signe-dans-une-equipe-etrangere\/"},"wordCount":300,"commentCount":0,"publisher":{"@id":"https:\/\/dicodusport.fr\/blog\/#organization"},"image":{"@id":"https:\/\/dicodusport.fr\/blog\/mercato-yvon-ledanois-signe-dans-une-equipe-etrangere\/#primaryimage"},"thumbnailUrl":"https:\/\/dicodusport.fr\/blog\/wp-content\/uploads\/2022\/11\/Mercato-Yvon-Ledanois-signe-dans-une-e\u0301quipe-e\u0301trange\u0300re.png","keywords":["Movistar"],"articleSection":["Cyclisme sur route"],"inLanguage":"fr-FR","potentialAction":[{"@type":"CommentAction","name":"Comment","target":["https:\/\/dicodusport.fr\/blog\/mercato-yvon-ledanois-signe-dans-une-equipe-etrangere\/#respond"]}],"copyrightYear":"2022","copyrightHolder":{"@id":"https:\/\/dicodusport.fr\/blog\/#organization"}},{"@type":"WebPage","@id":"https:\/\/dicodusport.fr\/blog\/mercato-yvon-ledanois-signe-dans-une-equipe-etrangere\/","url":"https:\/\/dicodusport.fr\/blog\/mercato-yvon-ledanois-signe-dans-une-equipe-etrangere\/","name":"Mercato : Yvon Ledanois signe dans une \u00e9quipe \u00e9trang\u00e8re","isPartOf":{"@id":"https:\/\/dicodusport.fr\/blog\/#website"},"primaryImageOfPage":{"@id":"https:\/\/dicodusport.fr\/blog\/mercato-yvon-ledanois-signe-dans-une-equipe-etrangere\/#primaryimage"},"image":{"@id":"https:\/\/dicodusport.fr\/blog\/mercato-yvon-ledanois-signe-dans-une-equipe-etrangere\/#primaryimage"},"thumbnailUrl":"https:\/\/dicodusport.fr\/blog\/wp-content\/uploads\/2022\/11\/Mercato-Yvon-Ledanois-signe-dans-une-e\u0301quipe-e\u0301trange\u0300re.png","datePublished":"2022-11-16T14:20:02+00:00","dateModified":"2022-11-16T15:11:47+00:00","description":"CYCLISME SUR ROUTE 2023 - Quelques semaines apr\u00e8s l'annonce de son d\u00e9part d'Ark\u00e9a-Samsic, Yvon Ledanois s'est engag\u00e9 avec Movistar pour 2023.\u00a0","breadcrumb":{"@id":"https:\/\/dicodusport.fr\/blog\/mercato-yvon-ledanois-signe-dans-une-equipe-etrangere\/#breadcrumb"},"inLanguage":"fr-FR","potentialAction":[{"@type":"ReadAction","target":["https:\/\/dicodusport.fr\/blog\/mercato-yvon-ledanois-signe-dans-une-equipe-etrangere\/"]}]},{"@type":"ImageObject","inLanguage":"fr-FR","@id":"https:\/\/dicodusport.fr\/blog\/mercato-yvon-ledanois-signe-dans-une-equipe-etrangere\/#primaryimage","url":"https:\/\/dicodusport.fr\/blog\/wp-content\/uploads\/2022\/11\/Mercato-Yvon-Ledanois-signe-dans-une-e\u0301quipe-e\u0301trange\u0300re.png","contentUrl":"https:\/\/dicodusport.fr\/blog\/wp-content\/uploads\/2022\/11\/Mercato-Yvon-Ledanois-signe-dans-une-e\u0301quipe-e\u0301trange\u0300re.png","width":800,"height":445},{"@type":"BreadcrumbList","@id":"https:\/\/dicodusport.fr\/blog\/mercato-yvon-ledanois-signe-dans-une-equipe-etrangere\/#breadcrumb","itemListElement":[{"@type":"ListItem","position":1,"name":"Accueil","item":"https:\/\/dicodusport.fr\/blog\/"},{"@type":"ListItem","position":2,"name":"Mercato : Yvon Ledanois signe dans une \u00e9quipe \u00e9trang\u00e8re"}]},{"@type":"WebSite","@id":"https:\/\/dicodusport.fr\/blog\/#website","url":"https:\/\/dicodusport.fr\/blog\/","name":"Dicodusport","description":"L&#039;encyclop\u00e9die de l&#039;actualit\u00e9 sportive","publisher":{"@id":"https:\/\/dicodusport.fr\/blog\/#organization"},"potentialAction":[{"@type":"SearchAction","target":{"@type":"EntryPoint","urlTemplate":"https:\/\/dicodusport.fr\/blog\/?s={search_term_string}"},"query-input":{"@type":"PropertyValueSpecification","valueRequired":true,"valueName":"search_term_string"}}],"inLanguage":"fr-FR"},{"@type":"NewsMediaOrganization","@id":"https:\/\/dicodusport.fr\/blog\/#organization","name":"Dicodusport","url":"https:\/\/dicodusport.fr\/blog\/","logo":{"@type":"ImageObject","inLanguage":"fr-FR","@id":"https:\/\/dicodusport.fr\/blog\/#\/schema\/logo\/image\/","url":"https:\/\/dicodusport.fr\/blog\/wp-content\/uploads\/2020\/06\/cropped-LOGO-DICODUSPORT-2020-SANS-FOND-SANS-TEXTE.png","contentUrl":"https:\/\/dicodusport.fr\/blog\/wp-content\/uploads\/2020\/06\/cropped-LOGO-DICODUSPORT-2020-SANS-FOND-SANS-TEXTE.png","width":512,"height":512,"caption":"Dicodusport"},"image":{"@id":"https:\/\/dicodusport.fr\/blog\/#\/schema\/logo\/image\/"},"sameAs":["https:\/\/www.facebook.com\/dicodusport","https:\/\/x.com\/dicodusport","https:\/\/www.instagram.com\/dicodusport\/","https:\/\/www.youtube.com\/channel\/UC7V2KZ5sd3htJivAbA4ZG3w"],"description":"Dicodusport est l'encyclop\u00e9die de l'actualit\u00e9 sportive.","email":"bonjour@dicodusport.fr","legalName":"DICODUSPORT","foundingDate":"2018-01-14","vatID":"FR71834470973","taxID":"83447097300043","numberOfEmployees":{"@type":"QuantitativeValue","minValue":"1","maxValue":"10"}},{"@type":"Person","@id":"https:\/\/dicodusport.fr\/blog\/#\/schema\/person\/55dcb50ad410894e431ed812bbb70191","name":"Nicolas Jacquemard","image":{"@type":"ImageObject","inLanguage":"fr-FR","@id":"https:\/\/dicodusport.fr\/blog\/#\/schema\/person\/image\/","url":"https:\/\/dicodusport.fr\/blog\/wp-content\/uploads\/2021\/05\/Nicolas-Jacquemard-150x150.jpeg","contentUrl":"https:\/\/dicodusport.fr\/blog\/wp-content\/uploads\/2021\/05\/Nicolas-Jacquemard-150x150.jpeg","caption":"Nicolas Jacquemard"},"description":"Passionn\u00e9 de sport et entrepreneur depuis mes 18 ans, la cr\u00e9ation de Dicodusport m'a sembl\u00e9 \u00e9vidente pour participer \u00e0 la m\u00e9diatisation d'un plus grand nombre de sports. Le chemin est long mais avec une \u00e9quipe des plus motiv\u00e9es et les Jeux Olympiques de Paris 2024 en point de mire, nous y arriverons ! Journaliste dans le monde du sport depuis plus de 5 ans, je traite aussi bien de football, de rugby, de biathlon que de cyclisme.","sameAs":["https:\/\/www.facebook.com\/dicodusport","https:\/\/x.com\/https:\/\/twitter.com\/Nico_Jacquemard"],"url":"https:\/\/dicodusport.fr\/blog\/author\/dicodusport\/"}]}},"_links":{"self":[{"href":"https:\/\/dicodusport.fr\/blog\/wp-json\/wp\/v2\/posts\/279553","targetHints":{"allow":["GET"]}}],"collection":[{"href":"https:\/\/dicodusport.fr\/blog\/wp-json\/wp\/v2\/posts"}],"about":[{"href":"https:\/\/dicodusport.fr\/blog\/wp-json\/wp\/v2\/types\/post"}],"author":[{"embeddable":true,"href":"https:\/\/dicodusport.fr\/blog\/wp-json\/wp\/v2\/users\/1"}],"replies":[{"embeddable":true,"href":"https:\/\/dicodusport.fr\/blog\/wp-json\/wp\/v2\/comments?post=279553"}],"version-history":[{"count":0,"href":"https:\/\/dicodusport.fr\/blog\/wp-json\/wp\/v2\/posts\/279553\/revisions"}],"wp:featuredmedia":[{"embeddable":true,"href":"https:\/\/dicodusport.fr\/blog\/wp-json\/wp\/v2\/media\/279555"}],"wp:attachment":[{"href":"https:\/\/dicodusport.fr\/blog\/wp-json\/wp\/v2\/media?parent=279553"}],"wp:term":[{"taxonomy":"category","embeddable":true,"href":"https:\/\/dicodusport.fr\/blog\/wp-json\/wp\/v2\/categories?post=279553"},{"taxonomy":"post_tag","embeddable":true,"href":"https:\/\/dicodusport.fr\/blog\/wp-json\/wp\/v2\/tags?post=279553"}],"curies":[{"name":"wp","href":"https:\/\/api.w.org\/{rel}","templated":true}]}}