{"id":27967,"date":"2018-10-30T12:00:24","date_gmt":"2018-10-30T11:00:24","guid":{"rendered":"http:\/\/dicodusport.fr\/blog\/?p=27967"},"modified":"2018-10-30T11:25:40","modified_gmt":"2018-10-30T10:25:40","slug":"guide-complet-saison-2018-2019-biathlon","status":"publish","type":"post","link":"https:\/\/dicodusport.fr\/blog\/guide-complet-saison-2018-2019-biathlon\/","title":{"rendered":"Le guide complet de la saison 2018-2019 de biathlon"},"content":{"rendered":"<p style=\"text-align: justify;\"><b><i>\u00c7a<\/i><\/b><em><strong>\u00a0y est, plus qu&rsquo;un mois avant le d\u00e9but de la saison 2018-2019 de Biathlon, avec la premi\u00e8re manche de la saison \u00e0 Pokljuka \u00e0 partir du 30 novembre ! L&rsquo;occasion de se pencher sur les favoris pour cette saison \u00e0 venir.<br \/>\n<\/strong><\/em><\/p>\n<table style=\"width: 800px;\">\n<tbody>\n<tr style=\"height: 27px;\">\n<td style=\"height: 27px; width: 18%; background-color: #827878;\"><span style=\"font-size: 14px; color: #ffffff;\"><strong>Coupe du monde<\/strong><\/span><\/td>\n<td style=\"height: 27px; width: 20.8606%;\"><span style=\"font-size: 14px;\"><strong>&#x1f1f8;&#x1f1ee;\u00a0Pokljuka<\/strong><\/span><\/td>\n<td style=\"height: 27px; width: 19.1394%;\"><span style=\"font-size: 14px;\"><strong>30 novembre au 9 d\u00e9cembre<\/strong><\/span><\/td>\n<\/tr>\n<tr style=\"height: 29px;\">\n<td style=\"height: 29px; width: 18%; background-color: #827878;\"><span style=\"font-size: 14px; color: #ffffff;\"><strong>Coupe du monde<\/strong><\/span><\/td>\n<td style=\"height: 29px; width: 20.8606%;\"><span style=\"font-size: 14px;\"><strong>&#x1f1e6;&#x1f1f9;\u00a0Hochfilzen<\/strong><\/span><\/td>\n<td style=\"height: 29px; width: 19.1394%;\"><span style=\"font-size: 14px;\"><strong>10 au 16 d\u00e9cembre<\/strong><\/span><\/td>\n<\/tr>\n<tr style=\"height: 28px;\">\n<td style=\"height: 28px; width: 18%; background-color: #827878;\"><span style=\"font-size: 14px; color: #ffffff;\"><strong>Coupe du monde<\/strong><\/span><\/td>\n<td style=\"height: 28px; width: 20.8606%;\"><span style=\"font-size: 14px;\"><strong>&#x1f1e8;&#x1f1ff; Nove Mesto<\/strong><\/span><\/td>\n<td style=\"height: 28px; width: 19.1394%;\"><span style=\"font-size: 14px;\"><strong>17 au 23 d\u00e9cembre<\/strong><\/span><\/td>\n<\/tr>\n<tr style=\"height: 27px;\">\n<td style=\"height: 27px; width: 18%; background-color: #827878;\"><span style=\"font-size: 14px; color: #ffffff;\"><strong>Coupe du monde<\/strong><\/span><\/td>\n<td style=\"height: 27px; width: 20.8606%;\"><span style=\"font-size: 14px;\"><strong>&#x1f1e9;&#x1f1ea;\u00a0Oberhof<\/strong><\/span><\/td>\n<td style=\"height: 27px; width: 19.1394%;\"><span style=\"font-size: 14px;\"><strong>7 au 13 janvier<\/strong><\/span><\/td>\n<\/tr>\n<tr style=\"height: 27px;\">\n<td style=\"height: 27px; width: 18%; background-color: #827878;\"><span style=\"font-size: 14px; color: #ffffff;\"><strong>Coupe du monde<\/strong><\/span><\/td>\n<td style=\"height: 27px; width: 20.8606%;\"><span style=\"font-size: 14px;\"><strong>&#x1f1e9;&#x1f1ea;\u00a0Ruhpolding<\/strong><\/span><\/td>\n<td style=\"height: 27px; width: 19.1394%;\"><span style=\"font-size: 14px;\"><strong>14 au 20 janvier<\/strong><\/span><\/td>\n<\/tr>\n<tr style=\"height: 27px;\">\n<td style=\"height: 27px; width: 18%; background-color: #827878;\"><span style=\"font-size: 14px; color: #ffffff;\"><strong>Coupe du monde<\/strong><\/span><\/td>\n<td style=\"height: 27px; width: 20.8606%;\"><span style=\"font-size: 14px;\"><strong>&#x1f1ee;&#x1f1f9;\u00a0Antholz-Anterselva\u00a0 \u00a0\u00a0<\/strong><\/span><\/td>\n<td style=\"height: 27px; width: 19.1394%;\"><span style=\"font-size: 14px;\"><strong>21 au 27 janvier<\/strong><\/span><\/td>\n<\/tr>\n<tr style=\"height: 26.6px;\">\n<td style=\"height: 26px; width: 18%; background-color: #827878;\"><span style=\"font-size: 14px; color: #ffffff;\"><strong>Coupe du monde<\/strong><\/span><\/td>\n<td style=\"height: 26px; width: 20.8606%;\"><span style=\"font-size: 14px;\"><strong>&#x1f1e8;&#x1f1e6; Canmore<\/strong><\/span><\/td>\n<td style=\"height: 26px; width: 19.1394%;\"><span style=\"font-size: 14px;\"><strong>4 au 10 f\u00e9vrier<\/strong><\/span><\/td>\n<\/tr>\n<tr style=\"height: 22px;\">\n<td style=\"height: 22px; width: 18%; background-color: #827878;\"><span style=\"font-size: 14px; color: #ffffff;\"><strong>Coupe du monde<\/strong><\/span><\/td>\n<td style=\"height: 22px; width: 20.8606%;\"><span style=\"font-size: 14px;\"><strong>&#x1f1fa;&#x1f1f8; Salt Lake City<\/strong><\/span><\/td>\n<td style=\"height: 22px; width: 19.1394%;\"><span style=\"font-size: 14px;\"><strong>11 au 17 f\u00e9vrier<\/strong><\/span><\/td>\n<\/tr>\n<tr style=\"height: 22px;\">\n<td style=\"height: 22px; width: 18%; background-color: #827878;\"><span style=\"font-size: 14px; color: #ffffff;\"><strong>Championnats du monde<\/strong><\/span><\/td>\n<td style=\"height: 22px; width: 20.8606%;\"><span style=\"font-size: 14px;\"><strong>&#x1f1f8;&#x1f1ea;\u00a0\u00d6stersund\u00a0<\/strong><\/span><\/td>\n<td style=\"height: 22px; width: 19.1394%;\"><span style=\"font-size: 14px;\"><strong>07\u00a0au 17 mars<\/strong><\/span><\/td>\n<\/tr>\n<tr style=\"height: 22px;\">\n<td style=\"height: 22px; width: 18%; background-color: #827878;\"><span style=\"font-size: 14px; color: #ffffff;\"><strong>Coupe du monde<\/strong><\/span><\/td>\n<td style=\"height: 22px; width: 20.8606%;\"><span style=\"font-size: 14px;\"><strong>&#x1f1f8;&#x1f1ef;\u00a0Oslo-Holmenkollen\u00a0 \u00a0\u00a0<\/strong><\/span><\/td>\n<td style=\"height: 22px; width: 19.1394%;\"><span style=\"font-size: 14px;\"><strong>18\u00a0au 24 mars<\/strong><\/span><\/td>\n<\/tr>\n<\/tbody>\n<\/table>\n<hr \/>\n<h1>Femmes : Qui pour succ\u00e9der \u00e0 Makarainen ?<\/h1>\n<div id=\"attachment_28327\" style=\"width: 670px\" class=\"wp-caption aligncenter\"><img loading=\"lazy\" decoding=\"async\" aria-describedby=\"caption-attachment-28327\" class=\"wp-image-28327 size-large\" src=\"http:\/\/dicodusport.fr\/blog\/wp-content\/uploads\/2018\/10\/Laura-Dahlmeier-1024x576.jpg\" alt=\"Saison 2018-2019 de Biathlon\" width=\"660\" height=\"371\" srcset=\"https:\/\/dicodusport.fr\/blog\/wp-content\/uploads\/2018\/10\/Laura-Dahlmeier-1024x576.jpg 1024w, https:\/\/dicodusport.fr\/blog\/wp-content\/uploads\/2018\/10\/Laura-Dahlmeier-300x169.jpg 300w, https:\/\/dicodusport.fr\/blog\/wp-content\/uploads\/2018\/10\/Laura-Dahlmeier-768x432.jpg 768w, https:\/\/dicodusport.fr\/blog\/wp-content\/uploads\/2018\/10\/Laura-Dahlmeier.jpg 1920w\" sizes=\"auto, (max-width: 660px) 100vw, 660px\" \/><p id=\"caption-attachment-28327\" class=\"wp-caption-text\">Dahlmeier, Kuzmina, Vittozzi : le futur podium de cette saison 2018-2019 de Biathlon ? &#8211; IBU<\/p><\/div>\n<p style=\"text-align: justify;\">On commence donc avec les biathl\u00e8tes f\u00e9minines, qui ont v\u00e9cu une saison pleine de suspense l&rsquo;an dernier : la lutte pour le gros globe de cristal a \u00e9t\u00e9 \u00e2pre, et c&rsquo;est finalement <strong>Kaisa Makarainen<\/strong> qui l&rsquo;a emport\u00e9, devant <strong>Anastasiya Kuzmina<\/strong> et <strong>Darya Domracheva<\/strong>. <strong>Laura Dahlmeier<\/strong> finit 4\u00e8me au g\u00e9n\u00e9ral mais l&rsquo;Allemande visait clairement les Jeux Olympiques, et c&rsquo;est un objectif qu&rsquo;elle a parfaitement n\u00e9goci\u00e9 en remportant l&rsquo;or sur le sprint et la poursuite, et le bronze sur l&rsquo;individuel.<\/p>\n<p style=\"text-align: justify;\">Pour cette saison, on peut clairement s&rsquo;attendre \u00e0 une nouvelle domination de Laura Dahlmeier sur le biathlon f\u00e9minin. Avec la retraite de Domracheva, et des concurrentes comme Makarainen et Kuzmina qui restent dangereuses mais qui sont en fin de carri\u00e8re, la piste semble bien dam\u00e9e pour celle qui avait domin\u00e9 le circuit mondial en 2016\/2017. \u00c0 seulement 25 ans, sa marge de progression est encore forte et il va falloir trouver de nouvelles comp\u00e9titrices pour la battre !<\/p>\n<p style=\"text-align: justify;\">Les Italiennes <strong>Dorothea Wierer<\/strong> (5\u00e8me l&rsquo;an dernier au g\u00e9n\u00e9ral) et surtout <strong>Lisa Vittozzi<\/strong> (6\u00e8me) joueront sans aucun doute les troubles-f\u00eates face \u00e0 l&rsquo;Allemande, et Vittozzi semble elle aussi promise \u00e0 un avenir radieux \u00e0 seulement 23 ans. C\u00f4t\u00e9 fran\u00e7ais, <strong>Justine Braisaz<\/strong> tentera d&rsquo;oublier sa saison derni\u00e8re rat\u00e9e et voudra renouer avec les tr\u00e8s bons r\u00e9sultats qu&rsquo;elle a r\u00e9alis\u00e9s il y a deux ans. <strong>Ana\u00efs Bescond<\/strong>, la meilleure tricolore l&rsquo;an pass\u00e9, tentera sans doute de faire aussi bien et de jouer le podium le plus souvent possible. On attend aussi de bonnes performances de\u00a0<strong>C\u00e9lia Aymonier<\/strong>, <strong>Ana\u00efs<\/strong> et <a href=\"http:\/\/dicodusport.fr\/blog\/autre-cote-pas-de-tir-chloe-chevalier-retour-en-coupe-du-monde\/\"><strong>Chlo\u00e9 Chevalier<\/strong><\/a>, et pourquoi pas de temps en temps des participations d&rsquo;<strong>Enora Latuilli\u00e8re<\/strong> ou de\u00a0<strong>Julia Simon<\/strong>.<\/p>\n<p><span style=\"text-decoration: underline;\"><strong>Le pronostic du g\u00e9n\u00e9ral en fin de saison :<\/strong><\/span><em><strong>\u00a0<\/strong><\/em><\/p>\n<ol>\n<li>Laura Dahlmeier<\/li>\n<li>Kaisa Makarainen<\/li>\n<li>Lisa Vittozzi<\/li>\n<li>Anastasiya Kuzmina<\/li>\n<li>Justine Braisaz<\/li>\n<\/ol>\n<hr \/>\n<h1>Chez les hommes, encore un duel Fourcade &#8211; Boe ?<\/h1>\n<div id=\"attachment_28329\" style=\"width: 670px\" class=\"wp-caption aligncenter\"><img loading=\"lazy\" decoding=\"async\" aria-describedby=\"caption-attachment-28329\" class=\"wp-image-28329 size-large\" src=\"http:\/\/dicodusport.fr\/blog\/wp-content\/uploads\/2018\/10\/Martin-Fourcade-Johannes-Boe-1024x576.jpg\" alt=\"Saison 2018-2019 de Biathlon\" width=\"660\" height=\"371\" srcset=\"https:\/\/dicodusport.fr\/blog\/wp-content\/uploads\/2018\/10\/Martin-Fourcade-Johannes-Boe-1024x576.jpg 1024w, https:\/\/dicodusport.fr\/blog\/wp-content\/uploads\/2018\/10\/Martin-Fourcade-Johannes-Boe-300x169.jpg 300w, https:\/\/dicodusport.fr\/blog\/wp-content\/uploads\/2018\/10\/Martin-Fourcade-Johannes-Boe-768x432.jpg 768w, https:\/\/dicodusport.fr\/blog\/wp-content\/uploads\/2018\/10\/Martin-Fourcade-Johannes-Boe.jpg 1920w\" sizes=\"auto, (max-width: 660px) 100vw, 660px\" \/><p id=\"caption-attachment-28329\" class=\"wp-caption-text\">Encore un duel Martin Fourcade &#8211; Johannes Boe cette saison ? &#8211; IBU<\/p><\/div>\n<p style=\"text-align: justify;\">Est-ce que cette saison 2018-2019 de biathlon va nous offrir \u00e0 nouveau un duel incroyable, entre ce qui peut \u00eatre consid\u00e9r\u00e9 comme deux des meilleurs biathl\u00e8tes de l&rsquo;histoire ? L&rsquo;an pass\u00e9,<strong> Martin Fourcade<\/strong> et <strong>Johannes Boe<\/strong> se sont rendus coup pour coup sur la piste, finissant finalement \u00e0 moins de 100 points d&rsquo;\u00e9carts au classement de la Coupe du monde (1116 points pour Fourcade, 1027 pour Johannes Boe). Surtout, la concurrence symbolis\u00e9e par Shipulin, Peiffer ou Hofer a \u00e9t\u00e9 rel\u00e9gu\u00e9e \u00e0 plus de 400 points (697 points en fin de saison pour <strong>Anton Shipulin<\/strong>, 3\u00e8me l&rsquo;an dernier).<\/p>\n<p style=\"text-align: justify;\">Aux Jeux Olympiques, Martin Fourcade a encore pris l&rsquo;avantage sur le jeune Norv\u00e9gien en ramenant 2 m\u00e9dailles d&rsquo;or sur la poursuite et la mass start contre une seule pour Boe sur l&rsquo;individuel. Si on cumule les r\u00e9sultats de la Coupe du monde et des JO d&rsquo;hiver, Martin Fourcade a encore un ski d&rsquo;avance sur le Norv\u00e9gien. <a href=\"http:\/\/dicodusport.fr\/blog\/martin-fourcade-une-grande-fierte-d-arriver-a-democratiser-ma-pratique\/\">\u00c0 30 ans, le Fran\u00e7ais poss\u00e8de encore quelques belles ann\u00e9es devant lui<\/a> mais Johannes Boe, de 5 ans son cadet, pourrait un jour lui chiper sa place de leader. D\u00e8s cette ann\u00e9e ? Difficile \u00e0 dire, mais cette rivalit\u00e9 va sans doute perdurer cette saison !<\/p>\n<p style=\"text-align: justify;\">Derri\u00e8re eux, il reste une place \u00e0 prendre sur le podium : si Shipulin reste un biathl\u00e8te exp\u00e9riment\u00e9, d&rsquo;autres pourraient bien venir lui prendre sa place.<strong> Lukas Hofer<\/strong>, <strong>Arndt Peiffer<\/strong>, <strong>Benedikt Doll<\/strong>, <strong>Jakov Fak<\/strong> ou <strong>Sebastian Samuelsson<\/strong> sont notamment <a href=\"http:\/\/dicodusport.fr\/blog\/quels-seront-adversaires-de-martin-fourcade-saison-prochaine\/\">les outsiders les plus probables pour cette saison<\/a>, mais la liste est loin d&rsquo;\u00eatre exhaustive.<\/p>\n<p style=\"text-align: justify;\">C\u00f4t\u00e9 fran\u00e7ais, <strong>Quentin Fillon Maillet<\/strong> reste sur 3 saisons dans le top 20 mondial : 12\u00e8me en 2016 et 20\u00e8me en 2017, le Jurassien de 26 ans est rentr\u00e9 pour la premi\u00e8re fois dans le top 10 la saison pass\u00e9e (10\u00e8me). La saison 2018-2019 de biathlon sera-t-elle celle de la confirmation pour QFM ? On esp\u00e8re pour lui. <strong>Simon Desthieux<\/strong> aura aussi sa carte \u00e0 jouer, lui qui reste sur une saison pleine (8\u00e8me du g\u00e9n\u00e9ral) avec quelques podiums \u00e0 son actif.<\/p>\n<p style=\"text-align: justify;\"><strong>Antonin Guigonnat<\/strong>, 20\u00e8me l&rsquo;an pass\u00e9, a enfin r\u00e9ussi \u00e0 d\u00e9coller avec un podium marquant au Grand-Bornand et un autre \u00e0 Ruhpolding. On esp\u00e8re la m\u00eame chose pour lui cette ann\u00e9e. <a href=\"http:\/\/dicodusport.fr\/blog\/de-lautre-cote-du-pas-de-tir-3-jacquelin-confirme-a-oberhof\/\"><strong>Emilien Jacquelin<\/strong><\/a>, \u00e9lu \u00ab\u00a0<em>rookie de l&rsquo;ann\u00e9e<\/em>\u00a0\u00bb la saison pass\u00e9e, aura \u00e0 c\u0153ur de confirmer dans la cour des grands et de continuer son apprentissage du haut niveau, d\u00e9j\u00e0 bien entam\u00e9. Et enfin, <strong>Simon Fourcade<\/strong> ou <strong>Fabien Claude<\/strong> devraient se disputer la derni\u00e8re place dans cette \u00e9quipe de France cet hiver suite \u00e0 la retraite de Jean-Guillaume B\u00e9atrix.<\/p>\n<p><span style=\"text-decoration: underline;\"><strong>Le pronostic du g\u00e9n\u00e9ral en fin de saison :<\/strong><\/span><em><strong>\u00a0<\/strong><\/em><\/p>\n<ol>\n<li>Martin Fourcade<\/li>\n<li>Johannes Boe<\/li>\n<li>Lukas Hofer<\/li>\n<li>Anton Shipulin<\/li>\n<li>Benedikt Doll<\/li>\n<\/ol>\n<hr \/>\n<p style=\"text-align: justify;\"><b><i>Encore un mois \u00e0 attendre avant la reprise de la saison 2018-2019 de biathlon, qui devrait encore une fois \u00eatre incroyable et pleine de promesses !<\/i><\/b><\/p>\n<p><em><strong>Mathieu Veillon<br \/>\n<a href=\"https:\/\/twitter.com\/MathieuVeillon\" target=\"_blank\" rel=\"noopener noreferrer\"><img loading=\"lazy\" decoding=\"async\" class=\"alignnone wp-image-2908\" src=\"http:\/\/dicodusport.fr\/blog\/wp-content\/uploads\/2017\/07\/logo-twitter-150x150.png\" alt=\"\" width=\"39\" height=\"39\" \/><\/a><\/strong><\/em><\/p>\n","protected":false},"excerpt":{"rendered":"<p>\u00c7a\u00a0y est, plus qu&rsquo;un mois avant le d\u00e9but de la saison 2018-2019 de Biathlon, avec la premi\u00e8re manche de la saison \u00e0 Pokljuka \u00e0 partir du 30 novembre ! L&rsquo;occasion de se pencher sur les favoris pour cette saison \u00e0 venir. Coupe du monde &#x1f1f8;&#x1f1ee;\u00a0Pokljuka 30 novembre au 9 d\u00e9cembre Coupe du monde &#x1f1e6;&#x1f1f9;\u00a0Hochfilzen 10 [&hellip;]<\/p>\n","protected":false},"author":21,"featured_media":28335,"comment_status":"open","ping_status":"closed","sticky":false,"template":"","format":"standard","meta":{"_acf_changed":false,"_daextam_enable_autolinks":"","footnotes":""},"categories":[2,2426,2313],"tags":[2427,2963,2198],"class_list":["post-27967","post","type-post","status-publish","format-standard","has-post-thumbnail","hentry","category-actualites","category-biathlon","category-sports-dhiver","tag-biathlon","tag-boe","tag-fourcade"],"acf":[],"yoast_head":"<!-- This site is optimized with the Yoast SEO Premium plugin v26.7 (Yoast SEO v26.7) - https:\/\/yoast.com\/wordpress\/plugins\/seo\/ -->\n<title>Le guide complet de la saison 2018-2019 de Biathlon !<\/title>\n<meta name=\"description\" content=\"\u00c7a\u00a0y est, plus qu&#039;un mois avant le d\u00e9but de la saison 2018-2019 de Biathlon ! L&#039;occasion de se pencher sur les favoris pour cette saison \u00e0 venir.\" \/>\n<meta name=\"robots\" content=\"index, follow, max-snippet:-1, max-image-preview:large, max-video-preview:-1\" \/>\n<link rel=\"canonical\" href=\"https:\/\/dicodusport.fr\/blog\/guide-complet-saison-2018-2019-biathlon\/\" \/>\n<meta property=\"og:locale\" content=\"fr_FR\" \/>\n<meta property=\"og:type\" content=\"article\" \/>\n<meta property=\"og:title\" content=\"Le guide complet de la saison 2018-2019 de biathlon\" \/>\n<meta property=\"og:description\" content=\"\u00c7a\u00a0y est, plus qu&#039;un mois avant le d\u00e9but de la saison 2018-2019 de Biathlon ! L&#039;occasion de se pencher sur les favoris pour cette saison \u00e0 venir.\" \/>\n<meta property=\"og:url\" content=\"https:\/\/dicodusport.fr\/blog\/guide-complet-saison-2018-2019-biathlon\/\" \/>\n<meta property=\"og:site_name\" content=\"Dicodusport\" \/>\n<meta property=\"article:publisher\" content=\"https:\/\/www.facebook.com\/dicodusport\" \/>\n<meta property=\"article:published_time\" content=\"2018-10-30T11:00:24+00:00\" \/>\n<meta property=\"og:image\" content=\"https:\/\/dicodusport.fr\/blog\/wp-content\/uploads\/2018\/10\/Saison-2018-2019-Biathlon.jpg\" \/>\n\t<meta property=\"og:image:width\" content=\"1200\" \/>\n\t<meta property=\"og:image:height\" content=\"670\" \/>\n\t<meta property=\"og:image:type\" content=\"image\/jpeg\" \/>\n<meta name=\"author\" content=\"Mathieu Veillon\" \/>\n<meta name=\"twitter:card\" content=\"summary_large_image\" \/>\n<meta name=\"twitter:creator\" content=\"@https:\/\/twitter.com\/MathieuVeillon\" \/>\n<meta name=\"twitter:site\" content=\"@dicodusport\" \/>\n<script type=\"application\/ld+json\" class=\"yoast-schema-graph\">{\"@context\":\"https:\/\/schema.org\",\"@graph\":[{\"@type\":\"NewsArticle\",\"@id\":\"https:\/\/dicodusport.fr\/blog\/guide-complet-saison-2018-2019-biathlon\/#article\",\"isPartOf\":{\"@id\":\"https:\/\/dicodusport.fr\/blog\/guide-complet-saison-2018-2019-biathlon\/\"},\"author\":{\"name\":\"Mathieu Veillon\",\"@id\":\"https:\/\/dicodusport.fr\/blog\/#\/schema\/person\/9731cdc747db1ceb457a2bfa9180a806\"},\"headline\":\"Le guide complet de la saison 2018-2019 de biathlon\",\"datePublished\":\"2018-10-30T11:00:24+00:00\",\"mainEntityOfPage\":{\"@id\":\"https:\/\/dicodusport.fr\/blog\/guide-complet-saison-2018-2019-biathlon\/\"},\"wordCount\":1038,\"commentCount\":0,\"publisher\":{\"@id\":\"https:\/\/dicodusport.fr\/blog\/#organization\"},\"image\":{\"@id\":\"https:\/\/dicodusport.fr\/blog\/guide-complet-saison-2018-2019-biathlon\/#primaryimage\"},\"thumbnailUrl\":\"https:\/\/dicodusport.fr\/blog\/wp-content\/uploads\/2018\/10\/Saison-2018-2019-Biathlon.jpg\",\"keywords\":[\"Biathlon\",\"Boe\",\"Fourcade\"],\"articleSection\":[\"Actualit\u00e9s\",\"Biathlon\",\"Sports d'hiver\"],\"inLanguage\":\"fr-FR\",\"potentialAction\":[{\"@type\":\"CommentAction\",\"name\":\"Comment\",\"target\":[\"https:\/\/dicodusport.fr\/blog\/guide-complet-saison-2018-2019-biathlon\/#respond\"]}],\"copyrightYear\":\"2018\",\"copyrightHolder\":{\"@id\":\"https:\/\/dicodusport.fr\/blog\/#organization\"}},{\"@type\":\"WebPage\",\"@id\":\"https:\/\/dicodusport.fr\/blog\/guide-complet-saison-2018-2019-biathlon\/\",\"url\":\"https:\/\/dicodusport.fr\/blog\/guide-complet-saison-2018-2019-biathlon\/\",\"name\":\"Le guide complet de la saison 2018-2019 de Biathlon !\",\"isPartOf\":{\"@id\":\"https:\/\/dicodusport.fr\/blog\/#website\"},\"primaryImageOfPage\":{\"@id\":\"https:\/\/dicodusport.fr\/blog\/guide-complet-saison-2018-2019-biathlon\/#primaryimage\"},\"image\":{\"@id\":\"https:\/\/dicodusport.fr\/blog\/guide-complet-saison-2018-2019-biathlon\/#primaryimage\"},\"thumbnailUrl\":\"https:\/\/dicodusport.fr\/blog\/wp-content\/uploads\/2018\/10\/Saison-2018-2019-Biathlon.jpg\",\"datePublished\":\"2018-10-30T11:00:24+00:00\",\"description\":\"\u00c7a\u00a0y est, plus qu'un mois avant le d\u00e9but de la saison 2018-2019 de Biathlon ! L'occasion de se pencher sur les favoris pour cette saison \u00e0 venir.\",\"breadcrumb\":{\"@id\":\"https:\/\/dicodusport.fr\/blog\/guide-complet-saison-2018-2019-biathlon\/#breadcrumb\"},\"inLanguage\":\"fr-FR\",\"potentialAction\":[{\"@type\":\"ReadAction\",\"target\":[\"https:\/\/dicodusport.fr\/blog\/guide-complet-saison-2018-2019-biathlon\/\"]}]},{\"@type\":\"ImageObject\",\"inLanguage\":\"fr-FR\",\"@id\":\"https:\/\/dicodusport.fr\/blog\/guide-complet-saison-2018-2019-biathlon\/#primaryimage\",\"url\":\"https:\/\/dicodusport.fr\/blog\/wp-content\/uploads\/2018\/10\/Saison-2018-2019-Biathlon.jpg\",\"contentUrl\":\"https:\/\/dicodusport.fr\/blog\/wp-content\/uploads\/2018\/10\/Saison-2018-2019-Biathlon.jpg\",\"width\":1200,\"height\":670,\"caption\":\"Saison 2018-2019 de Biathlon\"},{\"@type\":\"BreadcrumbList\",\"@id\":\"https:\/\/dicodusport.fr\/blog\/guide-complet-saison-2018-2019-biathlon\/#breadcrumb\",\"itemListElement\":[{\"@type\":\"ListItem\",\"position\":1,\"name\":\"Accueil\",\"item\":\"https:\/\/dicodusport.fr\/blog\/\"},{\"@type\":\"ListItem\",\"position\":2,\"name\":\"Le guide complet de la saison 2018-2019 de biathlon\"}]},{\"@type\":\"WebSite\",\"@id\":\"https:\/\/dicodusport.fr\/blog\/#website\",\"url\":\"https:\/\/dicodusport.fr\/blog\/\",\"name\":\"Dicodusport\",\"description\":\"L&#039;encyclop\u00e9die de l&#039;actualit\u00e9 sportive\",\"publisher\":{\"@id\":\"https:\/\/dicodusport.fr\/blog\/#organization\"},\"potentialAction\":[{\"@type\":\"SearchAction\",\"target\":{\"@type\":\"EntryPoint\",\"urlTemplate\":\"https:\/\/dicodusport.fr\/blog\/?s={search_term_string}\"},\"query-input\":{\"@type\":\"PropertyValueSpecification\",\"valueRequired\":true,\"valueName\":\"search_term_string\"}}],\"inLanguage\":\"fr-FR\"},{\"@type\":\"NewsMediaOrganization\",\"@id\":\"https:\/\/dicodusport.fr\/blog\/#organization\",\"name\":\"Dicodusport\",\"url\":\"https:\/\/dicodusport.fr\/blog\/\",\"logo\":{\"@type\":\"ImageObject\",\"inLanguage\":\"fr-FR\",\"@id\":\"https:\/\/dicodusport.fr\/blog\/#\/schema\/logo\/image\/\",\"url\":\"https:\/\/dicodusport.fr\/blog\/wp-content\/uploads\/2020\/06\/cropped-LOGO-DICODUSPORT-2020-SANS-FOND-SANS-TEXTE.png\",\"contentUrl\":\"https:\/\/dicodusport.fr\/blog\/wp-content\/uploads\/2020\/06\/cropped-LOGO-DICODUSPORT-2020-SANS-FOND-SANS-TEXTE.png\",\"width\":512,\"height\":512,\"caption\":\"Dicodusport\"},\"image\":{\"@id\":\"https:\/\/dicodusport.fr\/blog\/#\/schema\/logo\/image\/\"},\"sameAs\":[\"https:\/\/www.facebook.com\/dicodusport\",\"https:\/\/x.com\/dicodusport\",\"https:\/\/www.instagram.com\/dicodusport\/\",\"https:\/\/www.youtube.com\/channel\/UC7V2KZ5sd3htJivAbA4ZG3w\"],\"description\":\"Dicodusport est l'encyclop\u00e9die de l'actualit\u00e9 sportive.\",\"email\":\"bonjour@dicodusport.fr\",\"legalName\":\"DICODUSPORT\",\"foundingDate\":\"2018-01-14\",\"vatID\":\"FR71834470973\",\"taxID\":\"83447097300043\",\"numberOfEmployees\":{\"@type\":\"QuantitativeValue\",\"minValue\":\"1\",\"maxValue\":\"10\"}},{\"@type\":\"Person\",\"@id\":\"https:\/\/dicodusport.fr\/blog\/#\/schema\/person\/9731cdc747db1ceb457a2bfa9180a806\",\"name\":\"Mathieu Veillon\",\"image\":{\"@type\":\"ImageObject\",\"inLanguage\":\"fr-FR\",\"@id\":\"https:\/\/dicodusport.fr\/blog\/#\/schema\/person\/image\/\",\"url\":\"https:\/\/dicodusport.fr\/blog\/wp-content\/uploads\/2021\/05\/Mathieu-Veillon-150x150.jpg\",\"contentUrl\":\"https:\/\/dicodusport.fr\/blog\/wp-content\/uploads\/2021\/05\/Mathieu-Veillon-150x150.jpg\",\"caption\":\"Mathieu Veillon\"},\"description\":\"Journaliste\/r\u00e9dacteur depuis septembre 2015 - Ma d\u00e9finition du bonheur ? Une galette-saucisse au Roazhon Park ou un caf\u00e9 devant un Lakers\/Celtics au petit matin. Fid\u00e8le membre de la team insomniaque de la r\u00e9dac, j\u2019ai le pouvoir de rester \u00e9veill\u00e9 jusqu\u2019\u00e0 l\u2019aube pour faire vivre aux lecteurs ma passion du sport. Ainsi, j\u2019\u00e9cris principalement sur la NBA, le biathlon, le cyclisme ou encore la F1. Comptez dans mes exploits sportifs le fait d\u2019avoir fait gagner le Tour de France 2018 \u00e0 Tony Gallopin sur Pro Cycling Manager, ou encore d\u2019avoir men\u00e9 l\u2019\u00e9quipe nationale de Bretagne en finale de Coupe du monde sur Football Manager.\",\"sameAs\":[\"https:\/\/x.com\/https:\/\/twitter.com\/MathieuVeillon\"],\"url\":\"https:\/\/dicodusport.fr\/blog\/author\/mathieu\/\"}]}<\/script>\n<!-- \/ Yoast SEO Premium plugin. -->","yoast_head_json":{"title":"Le guide complet de la saison 2018-2019 de Biathlon !","description":"\u00c7a\u00a0y est, plus qu'un mois avant le d\u00e9but de la saison 2018-2019 de Biathlon ! L'occasion de se pencher sur les favoris pour cette saison \u00e0 venir.","robots":{"index":"index","follow":"follow","max-snippet":"max-snippet:-1","max-image-preview":"max-image-preview:large","max-video-preview":"max-video-preview:-1"},"canonical":"https:\/\/dicodusport.fr\/blog\/guide-complet-saison-2018-2019-biathlon\/","og_locale":"fr_FR","og_type":"article","og_title":"Le guide complet de la saison 2018-2019 de biathlon","og_description":"\u00c7a\u00a0y est, plus qu'un mois avant le d\u00e9but de la saison 2018-2019 de Biathlon ! L'occasion de se pencher sur les favoris pour cette saison \u00e0 venir.","og_url":"https:\/\/dicodusport.fr\/blog\/guide-complet-saison-2018-2019-biathlon\/","og_site_name":"Dicodusport","article_publisher":"https:\/\/www.facebook.com\/dicodusport","article_published_time":"2018-10-30T11:00:24+00:00","og_image":[{"width":1200,"height":670,"url":"https:\/\/dicodusport.fr\/blog\/wp-content\/uploads\/2018\/10\/Saison-2018-2019-Biathlon.jpg","type":"image\/jpeg"}],"author":"Mathieu Veillon","twitter_card":"summary_large_image","twitter_creator":"@https:\/\/twitter.com\/MathieuVeillon","twitter_site":"@dicodusport","schema":{"@context":"https:\/\/schema.org","@graph":[{"@type":"NewsArticle","@id":"https:\/\/dicodusport.fr\/blog\/guide-complet-saison-2018-2019-biathlon\/#article","isPartOf":{"@id":"https:\/\/dicodusport.fr\/blog\/guide-complet-saison-2018-2019-biathlon\/"},"author":{"name":"Mathieu Veillon","@id":"https:\/\/dicodusport.fr\/blog\/#\/schema\/person\/9731cdc747db1ceb457a2bfa9180a806"},"headline":"Le guide complet de la saison 2018-2019 de biathlon","datePublished":"2018-10-30T11:00:24+00:00","mainEntityOfPage":{"@id":"https:\/\/dicodusport.fr\/blog\/guide-complet-saison-2018-2019-biathlon\/"},"wordCount":1038,"commentCount":0,"publisher":{"@id":"https:\/\/dicodusport.fr\/blog\/#organization"},"image":{"@id":"https:\/\/dicodusport.fr\/blog\/guide-complet-saison-2018-2019-biathlon\/#primaryimage"},"thumbnailUrl":"https:\/\/dicodusport.fr\/blog\/wp-content\/uploads\/2018\/10\/Saison-2018-2019-Biathlon.jpg","keywords":["Biathlon","Boe","Fourcade"],"articleSection":["Actualit\u00e9s","Biathlon","Sports d'hiver"],"inLanguage":"fr-FR","potentialAction":[{"@type":"CommentAction","name":"Comment","target":["https:\/\/dicodusport.fr\/blog\/guide-complet-saison-2018-2019-biathlon\/#respond"]}],"copyrightYear":"2018","copyrightHolder":{"@id":"https:\/\/dicodusport.fr\/blog\/#organization"}},{"@type":"WebPage","@id":"https:\/\/dicodusport.fr\/blog\/guide-complet-saison-2018-2019-biathlon\/","url":"https:\/\/dicodusport.fr\/blog\/guide-complet-saison-2018-2019-biathlon\/","name":"Le guide complet de la saison 2018-2019 de Biathlon !","isPartOf":{"@id":"https:\/\/dicodusport.fr\/blog\/#website"},"primaryImageOfPage":{"@id":"https:\/\/dicodusport.fr\/blog\/guide-complet-saison-2018-2019-biathlon\/#primaryimage"},"image":{"@id":"https:\/\/dicodusport.fr\/blog\/guide-complet-saison-2018-2019-biathlon\/#primaryimage"},"thumbnailUrl":"https:\/\/dicodusport.fr\/blog\/wp-content\/uploads\/2018\/10\/Saison-2018-2019-Biathlon.jpg","datePublished":"2018-10-30T11:00:24+00:00","description":"\u00c7a\u00a0y est, plus qu'un mois avant le d\u00e9but de la saison 2018-2019 de Biathlon ! L'occasion de se pencher sur les favoris pour cette saison \u00e0 venir.","breadcrumb":{"@id":"https:\/\/dicodusport.fr\/blog\/guide-complet-saison-2018-2019-biathlon\/#breadcrumb"},"inLanguage":"fr-FR","potentialAction":[{"@type":"ReadAction","target":["https:\/\/dicodusport.fr\/blog\/guide-complet-saison-2018-2019-biathlon\/"]}]},{"@type":"ImageObject","inLanguage":"fr-FR","@id":"https:\/\/dicodusport.fr\/blog\/guide-complet-saison-2018-2019-biathlon\/#primaryimage","url":"https:\/\/dicodusport.fr\/blog\/wp-content\/uploads\/2018\/10\/Saison-2018-2019-Biathlon.jpg","contentUrl":"https:\/\/dicodusport.fr\/blog\/wp-content\/uploads\/2018\/10\/Saison-2018-2019-Biathlon.jpg","width":1200,"height":670,"caption":"Saison 2018-2019 de Biathlon"},{"@type":"BreadcrumbList","@id":"https:\/\/dicodusport.fr\/blog\/guide-complet-saison-2018-2019-biathlon\/#breadcrumb","itemListElement":[{"@type":"ListItem","position":1,"name":"Accueil","item":"https:\/\/dicodusport.fr\/blog\/"},{"@type":"ListItem","position":2,"name":"Le guide complet de la saison 2018-2019 de biathlon"}]},{"@type":"WebSite","@id":"https:\/\/dicodusport.fr\/blog\/#website","url":"https:\/\/dicodusport.fr\/blog\/","name":"Dicodusport","description":"L&#039;encyclop\u00e9die de l&#039;actualit\u00e9 sportive","publisher":{"@id":"https:\/\/dicodusport.fr\/blog\/#organization"},"potentialAction":[{"@type":"SearchAction","target":{"@type":"EntryPoint","urlTemplate":"https:\/\/dicodusport.fr\/blog\/?s={search_term_string}"},"query-input":{"@type":"PropertyValueSpecification","valueRequired":true,"valueName":"search_term_string"}}],"inLanguage":"fr-FR"},{"@type":"NewsMediaOrganization","@id":"https:\/\/dicodusport.fr\/blog\/#organization","name":"Dicodusport","url":"https:\/\/dicodusport.fr\/blog\/","logo":{"@type":"ImageObject","inLanguage":"fr-FR","@id":"https:\/\/dicodusport.fr\/blog\/#\/schema\/logo\/image\/","url":"https:\/\/dicodusport.fr\/blog\/wp-content\/uploads\/2020\/06\/cropped-LOGO-DICODUSPORT-2020-SANS-FOND-SANS-TEXTE.png","contentUrl":"https:\/\/dicodusport.fr\/blog\/wp-content\/uploads\/2020\/06\/cropped-LOGO-DICODUSPORT-2020-SANS-FOND-SANS-TEXTE.png","width":512,"height":512,"caption":"Dicodusport"},"image":{"@id":"https:\/\/dicodusport.fr\/blog\/#\/schema\/logo\/image\/"},"sameAs":["https:\/\/www.facebook.com\/dicodusport","https:\/\/x.com\/dicodusport","https:\/\/www.instagram.com\/dicodusport\/","https:\/\/www.youtube.com\/channel\/UC7V2KZ5sd3htJivAbA4ZG3w"],"description":"Dicodusport est l'encyclop\u00e9die de l'actualit\u00e9 sportive.","email":"bonjour@dicodusport.fr","legalName":"DICODUSPORT","foundingDate":"2018-01-14","vatID":"FR71834470973","taxID":"83447097300043","numberOfEmployees":{"@type":"QuantitativeValue","minValue":"1","maxValue":"10"}},{"@type":"Person","@id":"https:\/\/dicodusport.fr\/blog\/#\/schema\/person\/9731cdc747db1ceb457a2bfa9180a806","name":"Mathieu Veillon","image":{"@type":"ImageObject","inLanguage":"fr-FR","@id":"https:\/\/dicodusport.fr\/blog\/#\/schema\/person\/image\/","url":"https:\/\/dicodusport.fr\/blog\/wp-content\/uploads\/2021\/05\/Mathieu-Veillon-150x150.jpg","contentUrl":"https:\/\/dicodusport.fr\/blog\/wp-content\/uploads\/2021\/05\/Mathieu-Veillon-150x150.jpg","caption":"Mathieu Veillon"},"description":"Journaliste\/r\u00e9dacteur depuis septembre 2015 - Ma d\u00e9finition du bonheur ? Une galette-saucisse au Roazhon Park ou un caf\u00e9 devant un Lakers\/Celtics au petit matin. Fid\u00e8le membre de la team insomniaque de la r\u00e9dac, j\u2019ai le pouvoir de rester \u00e9veill\u00e9 jusqu\u2019\u00e0 l\u2019aube pour faire vivre aux lecteurs ma passion du sport. Ainsi, j\u2019\u00e9cris principalement sur la NBA, le biathlon, le cyclisme ou encore la F1. Comptez dans mes exploits sportifs le fait d\u2019avoir fait gagner le Tour de France 2018 \u00e0 Tony Gallopin sur Pro Cycling Manager, ou encore d\u2019avoir men\u00e9 l\u2019\u00e9quipe nationale de Bretagne en finale de Coupe du monde sur Football Manager.","sameAs":["https:\/\/x.com\/https:\/\/twitter.com\/MathieuVeillon"],"url":"https:\/\/dicodusport.fr\/blog\/author\/mathieu\/"}]}},"_links":{"self":[{"href":"https:\/\/dicodusport.fr\/blog\/wp-json\/wp\/v2\/posts\/27967","targetHints":{"allow":["GET"]}}],"collection":[{"href":"https:\/\/dicodusport.fr\/blog\/wp-json\/wp\/v2\/posts"}],"about":[{"href":"https:\/\/dicodusport.fr\/blog\/wp-json\/wp\/v2\/types\/post"}],"author":[{"embeddable":true,"href":"https:\/\/dicodusport.fr\/blog\/wp-json\/wp\/v2\/users\/21"}],"replies":[{"embeddable":true,"href":"https:\/\/dicodusport.fr\/blog\/wp-json\/wp\/v2\/comments?post=27967"}],"version-history":[{"count":0,"href":"https:\/\/dicodusport.fr\/blog\/wp-json\/wp\/v2\/posts\/27967\/revisions"}],"wp:featuredmedia":[{"embeddable":true,"href":"https:\/\/dicodusport.fr\/blog\/wp-json\/wp\/v2\/media\/28335"}],"wp:attachment":[{"href":"https:\/\/dicodusport.fr\/blog\/wp-json\/wp\/v2\/media?parent=27967"}],"wp:term":[{"taxonomy":"category","embeddable":true,"href":"https:\/\/dicodusport.fr\/blog\/wp-json\/wp\/v2\/categories?post=27967"},{"taxonomy":"post_tag","embeddable":true,"href":"https:\/\/dicodusport.fr\/blog\/wp-json\/wp\/v2\/tags?post=27967"}],"curies":[{"name":"wp","href":"https:\/\/api.w.org\/{rel}","templated":true}]}}