{"id":280409,"date":"2022-11-19T18:56:45","date_gmt":"2022-11-19T17:56:45","guid":{"rendered":"https:\/\/dicodusport.fr\/blog\/?p=280409&#038;preview=true&#038;preview_id=280409"},"modified":"2022-11-19T20:01:16","modified_gmt":"2022-11-19T19:01:16","slug":"mercato-nairo-quintana-interesserait-deux-equipes-worldteams","status":"publish","type":"post","link":"https:\/\/dicodusport.fr\/blog\/mercato-nairo-quintana-interesserait-deux-equipes-worldteams\/","title":{"rendered":"Mercato : Nairo Quintana int\u00e9resserait deux \u00e9quipes WorldTeams"},"content":{"rendered":"<p align=\"justify\"><em><strong>CYCLISME SUR ROUTE 2023 &#8211; Les derni\u00e8res rumeurs autour de l&rsquo;avenir de Nairo Quintana sont tout, sauf improbables. Selon plusieurs sources, Astana et Movistar pourraient enr\u00f4ler le Colombien. Ce dernier est en revanche \u00e9nigmatique pour 2023.<\/strong><\/em><\/p>\n<p align=\"justify\">Dans quelle \u00e9quipe <strong>Nairo Quintana<\/strong> va-t-il courir en 2023 ? Apr\u00e8s avoir refus\u00e9 <a href=\"https:\/\/dicodusport.fr\/blog\/mercato-une-equipe-de-troisieme-division-souhaite-engager-nairo-quintana\/\">une offre du <strong>Team Medell\u00edn-EPM<\/strong><\/a>, \u00e9quipe colombienne de troisi\u00e8me division, le Colombien de 32 ans attiserait les convoitises au sein des formations WorldTeams, et ce malgr\u00e9 l&rsquo;affaire du Tramadol, qui a pr\u00e9cipit\u00e9 sa disqualification du Tour de France 2022, et sa s\u00e9paration avec l&rsquo;\u00e9quipe <strong>Ark\u00e9a-Samsic<\/strong>. D\u00e9bout\u00e9 depuis par le Tribunal Arbitral du Sport, <strong>Quintana<\/strong> int\u00e9resserait deux formations : <strong>Astana<\/strong>, destination la plus probable, et <strong>Movistar<\/strong>, pour un retour \u00e0 la maison.<\/p>\n<p><span class=\"TUpiDWMN25SHrI0l6\"><\/p>\n<blockquote class=\"wp-embedded-content\" data-secret=\"BUWHAP6B97\"><p><a href=\"https:\/\/dicodusport.fr\/blog\/mercato-une-equipe-de-troisieme-division-souhaite-engager-nairo-quintana\/\">Mercato : Une \u00e9quipe de troisi\u00e8me division souhaite engager Nairo Quintana<\/a><\/p><\/blockquote>\n<p><iframe loading=\"lazy\" class=\"wp-embedded-content\" sandbox=\"allow-scripts\" security=\"restricted\" style=\"position: absolute; clip: rect(1px, 1px, 1px, 1px);\" title=\"\u00ab\u00a0Mercato : Une \u00e9quipe de troisi\u00e8me division souhaite engager Nairo Quintana\u00a0\u00bb &#8212; Dicodusport\" src=\"https:\/\/dicodusport.fr\/blog\/mercato-une-equipe-de-troisieme-division-souhaite-engager-nairo-quintana\/embed\/#?secret=3WIJN4Ni9U#?secret=BUWHAP6B97\" data-secret=\"BUWHAP6B97\" width=\"600\" height=\"338\" frameborder=\"0\" marginwidth=\"0\" marginheight=\"0\" scrolling=\"no\"><\/iframe><\/span><\/p>\n<h2 style=\"text-align: justify;\" align=\"justify\">Quintana \u00e9nigmatique<\/h2>\n<p style=\"text-align: justify;\">De son c\u00f4t\u00e9, le principal int\u00e9ress\u00e9 s\u00e8me le doute. Dans des propos rapport\u00e9s par l&rsquo;agence espagnole <em>EFE<\/em>, et repris par <a href=\"https:\/\/www.cyclismactu.net\/news-route-nairo-quintana-je-serai-actif-plus-haut-niveau-en-2023-70498.html\" target=\"_blank\" rel=\"nofollow noopener\"><em>Cyclism&rsquo;Actu<\/em><\/a>, <strong>Nairo Quintana<\/strong> est rest\u00e9 flou quant \u00e0 son avenir. Voire m\u00eame \u00e9nigmatique, \u00e0 tel point que l&rsquo;on pourrait comprendre qu&rsquo;il a d\u00e9j\u00e0 trouv\u00e9 un nouveau point de chute. <em>\u00ab<\/em> <em>Je ne peux pas encore dire grand-chose, mais je serai actif au plus haut niveau et je resterai motiv\u00e9 pour gagner de grandes \u00e9preuves. Je veux continuer \u00e0 courir les plus grandes courses et c\u2019est l\u2019ambition pour 2023 \u00bb. <\/em>Avant de persister,<em>\u00a0\u00ab Personnellement, je le dirais maintenant, mais c&rsquo;est de la politique \u00bb.<\/em><\/p>\n<p style=\"text-align: justify;\">Quelle serait donc cette \u00e9quipe qui aurait accept\u00e9 d&rsquo;accueillir <strong>Nairo Quintana<\/strong> dans ses rangs ? Quid de la <strong>Movistar<\/strong> ? \u00c0 cette question, le Colombien n&rsquo;a pas dit non, bien au contraire. <em>\u00ab<\/em> <em>Cela pourrait \u00eatre l\u2019une des options. Nous avons eu une bonne relation, mais le plus important est que j\u2019ai des options pour continuer en tant que coureur \u00bb<\/em>, laissant planer le doute. Pour rappel, le natif de C\u00f3mbita a \u00e9volu\u00e9 durant sept saisons chez <strong>Movistar<\/strong>, entre 2012 et 2019, avec \u00e0 la cl\u00e9, deux Grands Tours dans la poche, le Giro en 2014 et la Vuelta en 2016.<\/p>\n<h2 style=\"text-align: justify;\">Astana tient la corde<\/h2>\n<p style=\"text-align: justify;\">N\u00e9anmoins, difficile d&rsquo;imaginer un retour de <strong>Nairo Quintana<\/strong> au sein de la formation manag\u00e9e par <strong>Eusebio Unzu\u00e9<\/strong>. R\u00e9cemment, le directeur sportif fran\u00e7ais, <strong>Yvon Ledanois<\/strong>, a quitt\u00e9 Ark\u00e9a-Samsic pour rejoindre l&rsquo;\u00e9quipe espagnole. Avec, sans doute, une certaine animosit\u00e9 entre les deux hommes, apr\u00e8s l&rsquo;affaire du Tramadol.<\/p>\n<p style=\"text-align: justify;\">Ainsi, selon certaines sources en Espagne, une deuxi\u00e8me \u00e9quipe WorldTeam tiendrait finalement la corde : Astana. L&rsquo;\u00e9quipe dirig\u00e9e par <strong>Alexandre Vinokourov<\/strong>, <a href=\"https:\/\/dicodusport.fr\/blog\/mercato-astana-ne-veut-pas-de-nairo-quintana\/\">qui avait pourtant d\u00e9menti les rumeurs envoyant le Colombien dans sa formation d\u00e9but octobre<\/a>, serait pr\u00eate \u00e0 accueillir <strong>Nairo Quintana<\/strong>. Ces m\u00eames sources indiquent m\u00eame que la formation kazakhe serait sa probable destination pour 2023. Affaire \u00e0 suivre.<\/p>\n","protected":false},"excerpt":{"rendered":"<p>CYCLISME SUR ROUTE 2023 &#8211; Les derni\u00e8res rumeurs autour de l&rsquo;avenir de Nairo Quintana sont tout, sauf improbables. Selon plusieurs sources, Astana et Movistar pourraient enr\u00f4ler le Colombien. Ce dernier est en revanche \u00e9nigmatique pour 2023.<\/p>\n","protected":false},"author":4,"featured_media":267604,"comment_status":"open","ping_status":"closed","sticky":false,"template":"","format":"standard","meta":{"_acf_changed":false,"_daextam_enable_autolinks":"","footnotes":""},"categories":[46994],"tags":[6891,5377],"class_list":["post-280409","post","type-post","status-publish","format-standard","has-post-thumbnail","hentry","category-cyclisme-sur-route","tag-astana","tag-nairo-quintana"],"acf":[],"yoast_head":"<!-- This site is optimized with the Yoast SEO Premium plugin v26.7 (Yoast SEO v26.7) - https:\/\/yoast.com\/wordpress\/plugins\/seo\/ -->\n<title>Mercato : Nairo Quintana int\u00e9resserait deux \u00e9quipes WorldTeams<\/title>\n<meta name=\"description\" content=\"CYCLISME SUR ROUTE - Les derni\u00e8res rumeurs autour de Nairo Quintana sont tout, sauf improbables. Astana et Movistar seraient sur le coup.\" \/>\n<meta name=\"robots\" content=\"index, follow, max-snippet:-1, max-image-preview:large, max-video-preview:-1\" \/>\n<link rel=\"canonical\" href=\"https:\/\/dicodusport.fr\/blog\/mercato-nairo-quintana-interesserait-deux-equipes-worldteams\/\" \/>\n<meta property=\"og:locale\" content=\"fr_FR\" \/>\n<meta property=\"og:type\" content=\"article\" \/>\n<meta property=\"og:title\" content=\"Mercato : Nairo Quintana int\u00e9resserait deux \u00e9quipes WorldTeams\" \/>\n<meta property=\"og:description\" content=\"CYCLISME SUR ROUTE - Les derni\u00e8res rumeurs autour de Nairo Quintana sont tout, sauf improbables. Astana et Movistar seraient sur le coup.\" \/>\n<meta property=\"og:url\" content=\"https:\/\/dicodusport.fr\/blog\/mercato-nairo-quintana-interesserait-deux-equipes-worldteams\/\" \/>\n<meta property=\"og:site_name\" content=\"Dicodusport\" \/>\n<meta property=\"article:publisher\" content=\"https:\/\/www.facebook.com\/dicodusport\" \/>\n<meta property=\"article:author\" content=\"https:\/\/www.facebook.com\/florent.ostermann\" \/>\n<meta property=\"article:published_time\" content=\"2022-11-19T17:56:45+00:00\" \/>\n<meta property=\"article:modified_time\" content=\"2022-11-19T19:01:16+00:00\" \/>\n<meta property=\"og:image\" content=\"https:\/\/dicodusport.fr\/blog\/wp-content\/uploads\/2022\/10\/Mercato-Astana-ne-veut-pas-de-Nairo-Quintana.png\" \/>\n\t<meta property=\"og:image:width\" content=\"800\" \/>\n\t<meta property=\"og:image:height\" content=\"445\" \/>\n\t<meta property=\"og:image:type\" content=\"image\/png\" \/>\n<meta name=\"author\" content=\"Flo Ostermann\" \/>\n<meta name=\"twitter:card\" content=\"summary_large_image\" \/>\n<meta name=\"twitter:title\" content=\"Mercato : Nairo Quintana int\u00e9resserait deux \u00e9quipes WorldTeams\" \/>\n<meta name=\"twitter:creator\" content=\"@https:\/\/twitter.com\/FlOstermann\" \/>\n<meta name=\"twitter:site\" content=\"@dicodusport\" \/>\n<script type=\"application\/ld+json\" class=\"yoast-schema-graph\">{\"@context\":\"https:\/\/schema.org\",\"@graph\":[{\"@type\":\"NewsArticle\",\"@id\":\"https:\/\/dicodusport.fr\/blog\/mercato-nairo-quintana-interesserait-deux-equipes-worldteams\/#article\",\"isPartOf\":{\"@id\":\"https:\/\/dicodusport.fr\/blog\/mercato-nairo-quintana-interesserait-deux-equipes-worldteams\/\"},\"author\":{\"name\":\"Flo Ostermann\",\"@id\":\"https:\/\/dicodusport.fr\/blog\/#\/schema\/person\/cb02af4c173ce4a653b55e9baf388d4a\"},\"headline\":\"Mercato : Nairo Quintana int\u00e9resserait deux \u00e9quipes WorldTeams\",\"datePublished\":\"2022-11-19T17:56:45+00:00\",\"dateModified\":\"2022-11-19T19:01:16+00:00\",\"mainEntityOfPage\":{\"@id\":\"https:\/\/dicodusport.fr\/blog\/mercato-nairo-quintana-interesserait-deux-equipes-worldteams\/\"},\"wordCount\":468,\"commentCount\":0,\"publisher\":{\"@id\":\"https:\/\/dicodusport.fr\/blog\/#organization\"},\"image\":{\"@id\":\"https:\/\/dicodusport.fr\/blog\/mercato-nairo-quintana-interesserait-deux-equipes-worldteams\/#primaryimage\"},\"thumbnailUrl\":\"https:\/\/dicodusport.fr\/blog\/wp-content\/uploads\/2022\/10\/Mercato-Astana-ne-veut-pas-de-Nairo-Quintana.png\",\"keywords\":[\"Astana\",\"Nairo Quintana\"],\"articleSection\":[\"Cyclisme sur route\"],\"inLanguage\":\"fr-FR\",\"potentialAction\":[{\"@type\":\"CommentAction\",\"name\":\"Comment\",\"target\":[\"https:\/\/dicodusport.fr\/blog\/mercato-nairo-quintana-interesserait-deux-equipes-worldteams\/#respond\"]}],\"copyrightYear\":\"2022\",\"copyrightHolder\":{\"@id\":\"https:\/\/dicodusport.fr\/blog\/#organization\"}},{\"@type\":\"WebPage\",\"@id\":\"https:\/\/dicodusport.fr\/blog\/mercato-nairo-quintana-interesserait-deux-equipes-worldteams\/\",\"url\":\"https:\/\/dicodusport.fr\/blog\/mercato-nairo-quintana-interesserait-deux-equipes-worldteams\/\",\"name\":\"Mercato : Nairo Quintana int\u00e9resserait deux \u00e9quipes WorldTeams\",\"isPartOf\":{\"@id\":\"https:\/\/dicodusport.fr\/blog\/#website\"},\"primaryImageOfPage\":{\"@id\":\"https:\/\/dicodusport.fr\/blog\/mercato-nairo-quintana-interesserait-deux-equipes-worldteams\/#primaryimage\"},\"image\":{\"@id\":\"https:\/\/dicodusport.fr\/blog\/mercato-nairo-quintana-interesserait-deux-equipes-worldteams\/#primaryimage\"},\"thumbnailUrl\":\"https:\/\/dicodusport.fr\/blog\/wp-content\/uploads\/2022\/10\/Mercato-Astana-ne-veut-pas-de-Nairo-Quintana.png\",\"datePublished\":\"2022-11-19T17:56:45+00:00\",\"dateModified\":\"2022-11-19T19:01:16+00:00\",\"description\":\"CYCLISME SUR ROUTE - Les derni\u00e8res rumeurs autour de Nairo Quintana sont tout, sauf improbables. Astana et Movistar seraient sur le coup.\",\"breadcrumb\":{\"@id\":\"https:\/\/dicodusport.fr\/blog\/mercato-nairo-quintana-interesserait-deux-equipes-worldteams\/#breadcrumb\"},\"inLanguage\":\"fr-FR\",\"potentialAction\":[{\"@type\":\"ReadAction\",\"target\":[\"https:\/\/dicodusport.fr\/blog\/mercato-nairo-quintana-interesserait-deux-equipes-worldteams\/\"]}]},{\"@type\":\"ImageObject\",\"inLanguage\":\"fr-FR\",\"@id\":\"https:\/\/dicodusport.fr\/blog\/mercato-nairo-quintana-interesserait-deux-equipes-worldteams\/#primaryimage\",\"url\":\"https:\/\/dicodusport.fr\/blog\/wp-content\/uploads\/2022\/10\/Mercato-Astana-ne-veut-pas-de-Nairo-Quintana.png\",\"contentUrl\":\"https:\/\/dicodusport.fr\/blog\/wp-content\/uploads\/2022\/10\/Mercato-Astana-ne-veut-pas-de-Nairo-Quintana.png\",\"width\":800,\"height\":445},{\"@type\":\"BreadcrumbList\",\"@id\":\"https:\/\/dicodusport.fr\/blog\/mercato-nairo-quintana-interesserait-deux-equipes-worldteams\/#breadcrumb\",\"itemListElement\":[{\"@type\":\"ListItem\",\"position\":1,\"name\":\"Accueil\",\"item\":\"https:\/\/dicodusport.fr\/blog\/\"},{\"@type\":\"ListItem\",\"position\":2,\"name\":\"Mercato : Nairo Quintana int\u00e9resserait deux \u00e9quipes WorldTeams\"}]},{\"@type\":\"WebSite\",\"@id\":\"https:\/\/dicodusport.fr\/blog\/#website\",\"url\":\"https:\/\/dicodusport.fr\/blog\/\",\"name\":\"Dicodusport\",\"description\":\"L&#039;encyclop\u00e9die de l&#039;actualit\u00e9 sportive\",\"publisher\":{\"@id\":\"https:\/\/dicodusport.fr\/blog\/#organization\"},\"potentialAction\":[{\"@type\":\"SearchAction\",\"target\":{\"@type\":\"EntryPoint\",\"urlTemplate\":\"https:\/\/dicodusport.fr\/blog\/?s={search_term_string}\"},\"query-input\":{\"@type\":\"PropertyValueSpecification\",\"valueRequired\":true,\"valueName\":\"search_term_string\"}}],\"inLanguage\":\"fr-FR\"},{\"@type\":\"NewsMediaOrganization\",\"@id\":\"https:\/\/dicodusport.fr\/blog\/#organization\",\"name\":\"Dicodusport\",\"url\":\"https:\/\/dicodusport.fr\/blog\/\",\"logo\":{\"@type\":\"ImageObject\",\"inLanguage\":\"fr-FR\",\"@id\":\"https:\/\/dicodusport.fr\/blog\/#\/schema\/logo\/image\/\",\"url\":\"https:\/\/dicodusport.fr\/blog\/wp-content\/uploads\/2020\/06\/cropped-LOGO-DICODUSPORT-2020-SANS-FOND-SANS-TEXTE.png\",\"contentUrl\":\"https:\/\/dicodusport.fr\/blog\/wp-content\/uploads\/2020\/06\/cropped-LOGO-DICODUSPORT-2020-SANS-FOND-SANS-TEXTE.png\",\"width\":512,\"height\":512,\"caption\":\"Dicodusport\"},\"image\":{\"@id\":\"https:\/\/dicodusport.fr\/blog\/#\/schema\/logo\/image\/\"},\"sameAs\":[\"https:\/\/www.facebook.com\/dicodusport\",\"https:\/\/x.com\/dicodusport\",\"https:\/\/www.instagram.com\/dicodusport\/\",\"https:\/\/www.youtube.com\/channel\/UC7V2KZ5sd3htJivAbA4ZG3w\"],\"description\":\"Dicodusport est l'encyclop\u00e9die de l'actualit\u00e9 sportive.\",\"email\":\"bonjour@dicodusport.fr\",\"legalName\":\"DICODUSPORT\",\"foundingDate\":\"2018-01-14\",\"vatID\":\"FR71834470973\",\"taxID\":\"83447097300043\",\"numberOfEmployees\":{\"@type\":\"QuantitativeValue\",\"minValue\":\"1\",\"maxValue\":\"10\"}},{\"@type\":\"Person\",\"@id\":\"https:\/\/dicodusport.fr\/blog\/#\/schema\/person\/cb02af4c173ce4a653b55e9baf388d4a\",\"name\":\"Flo Ostermann\",\"image\":{\"@type\":\"ImageObject\",\"inLanguage\":\"fr-FR\",\"@id\":\"https:\/\/dicodusport.fr\/blog\/#\/schema\/person\/image\/\",\"url\":\"https:\/\/dicodusport.fr\/blog\/wp-content\/uploads\/2021\/05\/Flo-Ostermann-150x150.jpg\",\"contentUrl\":\"https:\/\/dicodusport.fr\/blog\/wp-content\/uploads\/2021\/05\/Flo-Ostermann-150x150.jpg\",\"caption\":\"Flo Ostermann\"},\"description\":\"Journaliste\/R\u00e9dacteur depuis septembre 2015 - Mes premiers souvenirs dans le sport ? Les envol\u00e9es du Stade Toulousain et les duels Villeneuve-Schumacher et H\u00e4kkinen-Schumacher \u00e0 la fin des ann\u00e9es 90, la Coupe du monde de football en 1998, l\u2019exploit du XV de France face aux All Blacks en 1999, mais aussi Richard C\u0153ur de Lion qui vole sur les montagnes du Tour de France. Bien parti pour devenir professeur d\u2019EPS, les \u00e9v\u00e9nements de la vie (et la flemme d\u2019animer des s\u00e9ances de 3x500 m\u00e8tres toute ma vie) m\u2019ont conduit \u00e0 revoir mes plans. Me voil\u00e0 depuis fin 2017 sur Dicodusport, m\u00e9dia gr\u00e2ce (et pour) lequel je partage ma passion : le sport dans tous ses \u00e9tats. Le tout accompagn\u00e9 par les fous furieux et folles furieuses cit\u00e9s sur cette page !\",\"sameAs\":[\"https:\/\/www.facebook.com\/florent.ostermann\",\"https:\/\/x.com\/https:\/\/twitter.com\/FlOstermann\",\"admin\"],\"url\":\"https:\/\/dicodusport.fr\/blog\/author\/flo\/\"}]}<\/script>\n<!-- \/ Yoast SEO Premium plugin. -->","yoast_head_json":{"title":"Mercato : Nairo Quintana int\u00e9resserait deux \u00e9quipes WorldTeams","description":"CYCLISME SUR ROUTE - Les derni\u00e8res rumeurs autour de Nairo Quintana sont tout, sauf improbables. Astana et Movistar seraient sur le coup.","robots":{"index":"index","follow":"follow","max-snippet":"max-snippet:-1","max-image-preview":"max-image-preview:large","max-video-preview":"max-video-preview:-1"},"canonical":"https:\/\/dicodusport.fr\/blog\/mercato-nairo-quintana-interesserait-deux-equipes-worldteams\/","og_locale":"fr_FR","og_type":"article","og_title":"Mercato : Nairo Quintana int\u00e9resserait deux \u00e9quipes WorldTeams","og_description":"CYCLISME SUR ROUTE - Les derni\u00e8res rumeurs autour de Nairo Quintana sont tout, sauf improbables. Astana et Movistar seraient sur le coup.","og_url":"https:\/\/dicodusport.fr\/blog\/mercato-nairo-quintana-interesserait-deux-equipes-worldteams\/","og_site_name":"Dicodusport","article_publisher":"https:\/\/www.facebook.com\/dicodusport","article_author":"https:\/\/www.facebook.com\/florent.ostermann","article_published_time":"2022-11-19T17:56:45+00:00","article_modified_time":"2022-11-19T19:01:16+00:00","og_image":[{"width":800,"height":445,"url":"https:\/\/dicodusport.fr\/blog\/wp-content\/uploads\/2022\/10\/Mercato-Astana-ne-veut-pas-de-Nairo-Quintana.png","type":"image\/png"}],"author":"Flo Ostermann","twitter_card":"summary_large_image","twitter_title":"Mercato : Nairo Quintana int\u00e9resserait deux \u00e9quipes WorldTeams","twitter_creator":"@https:\/\/twitter.com\/FlOstermann","twitter_site":"@dicodusport","schema":{"@context":"https:\/\/schema.org","@graph":[{"@type":"NewsArticle","@id":"https:\/\/dicodusport.fr\/blog\/mercato-nairo-quintana-interesserait-deux-equipes-worldteams\/#article","isPartOf":{"@id":"https:\/\/dicodusport.fr\/blog\/mercato-nairo-quintana-interesserait-deux-equipes-worldteams\/"},"author":{"name":"Flo Ostermann","@id":"https:\/\/dicodusport.fr\/blog\/#\/schema\/person\/cb02af4c173ce4a653b55e9baf388d4a"},"headline":"Mercato : Nairo Quintana int\u00e9resserait deux \u00e9quipes WorldTeams","datePublished":"2022-11-19T17:56:45+00:00","dateModified":"2022-11-19T19:01:16+00:00","mainEntityOfPage":{"@id":"https:\/\/dicodusport.fr\/blog\/mercato-nairo-quintana-interesserait-deux-equipes-worldteams\/"},"wordCount":468,"commentCount":0,"publisher":{"@id":"https:\/\/dicodusport.fr\/blog\/#organization"},"image":{"@id":"https:\/\/dicodusport.fr\/blog\/mercato-nairo-quintana-interesserait-deux-equipes-worldteams\/#primaryimage"},"thumbnailUrl":"https:\/\/dicodusport.fr\/blog\/wp-content\/uploads\/2022\/10\/Mercato-Astana-ne-veut-pas-de-Nairo-Quintana.png","keywords":["Astana","Nairo Quintana"],"articleSection":["Cyclisme sur route"],"inLanguage":"fr-FR","potentialAction":[{"@type":"CommentAction","name":"Comment","target":["https:\/\/dicodusport.fr\/blog\/mercato-nairo-quintana-interesserait-deux-equipes-worldteams\/#respond"]}],"copyrightYear":"2022","copyrightHolder":{"@id":"https:\/\/dicodusport.fr\/blog\/#organization"}},{"@type":"WebPage","@id":"https:\/\/dicodusport.fr\/blog\/mercato-nairo-quintana-interesserait-deux-equipes-worldteams\/","url":"https:\/\/dicodusport.fr\/blog\/mercato-nairo-quintana-interesserait-deux-equipes-worldteams\/","name":"Mercato : Nairo Quintana int\u00e9resserait deux \u00e9quipes WorldTeams","isPartOf":{"@id":"https:\/\/dicodusport.fr\/blog\/#website"},"primaryImageOfPage":{"@id":"https:\/\/dicodusport.fr\/blog\/mercato-nairo-quintana-interesserait-deux-equipes-worldteams\/#primaryimage"},"image":{"@id":"https:\/\/dicodusport.fr\/blog\/mercato-nairo-quintana-interesserait-deux-equipes-worldteams\/#primaryimage"},"thumbnailUrl":"https:\/\/dicodusport.fr\/blog\/wp-content\/uploads\/2022\/10\/Mercato-Astana-ne-veut-pas-de-Nairo-Quintana.png","datePublished":"2022-11-19T17:56:45+00:00","dateModified":"2022-11-19T19:01:16+00:00","description":"CYCLISME SUR ROUTE - Les derni\u00e8res rumeurs autour de Nairo Quintana sont tout, sauf improbables. Astana et Movistar seraient sur le coup.","breadcrumb":{"@id":"https:\/\/dicodusport.fr\/blog\/mercato-nairo-quintana-interesserait-deux-equipes-worldteams\/#breadcrumb"},"inLanguage":"fr-FR","potentialAction":[{"@type":"ReadAction","target":["https:\/\/dicodusport.fr\/blog\/mercato-nairo-quintana-interesserait-deux-equipes-worldteams\/"]}]},{"@type":"ImageObject","inLanguage":"fr-FR","@id":"https:\/\/dicodusport.fr\/blog\/mercato-nairo-quintana-interesserait-deux-equipes-worldteams\/#primaryimage","url":"https:\/\/dicodusport.fr\/blog\/wp-content\/uploads\/2022\/10\/Mercato-Astana-ne-veut-pas-de-Nairo-Quintana.png","contentUrl":"https:\/\/dicodusport.fr\/blog\/wp-content\/uploads\/2022\/10\/Mercato-Astana-ne-veut-pas-de-Nairo-Quintana.png","width":800,"height":445},{"@type":"BreadcrumbList","@id":"https:\/\/dicodusport.fr\/blog\/mercato-nairo-quintana-interesserait-deux-equipes-worldteams\/#breadcrumb","itemListElement":[{"@type":"ListItem","position":1,"name":"Accueil","item":"https:\/\/dicodusport.fr\/blog\/"},{"@type":"ListItem","position":2,"name":"Mercato : Nairo Quintana int\u00e9resserait deux \u00e9quipes WorldTeams"}]},{"@type":"WebSite","@id":"https:\/\/dicodusport.fr\/blog\/#website","url":"https:\/\/dicodusport.fr\/blog\/","name":"Dicodusport","description":"L&#039;encyclop\u00e9die de l&#039;actualit\u00e9 sportive","publisher":{"@id":"https:\/\/dicodusport.fr\/blog\/#organization"},"potentialAction":[{"@type":"SearchAction","target":{"@type":"EntryPoint","urlTemplate":"https:\/\/dicodusport.fr\/blog\/?s={search_term_string}"},"query-input":{"@type":"PropertyValueSpecification","valueRequired":true,"valueName":"search_term_string"}}],"inLanguage":"fr-FR"},{"@type":"NewsMediaOrganization","@id":"https:\/\/dicodusport.fr\/blog\/#organization","name":"Dicodusport","url":"https:\/\/dicodusport.fr\/blog\/","logo":{"@type":"ImageObject","inLanguage":"fr-FR","@id":"https:\/\/dicodusport.fr\/blog\/#\/schema\/logo\/image\/","url":"https:\/\/dicodusport.fr\/blog\/wp-content\/uploads\/2020\/06\/cropped-LOGO-DICODUSPORT-2020-SANS-FOND-SANS-TEXTE.png","contentUrl":"https:\/\/dicodusport.fr\/blog\/wp-content\/uploads\/2020\/06\/cropped-LOGO-DICODUSPORT-2020-SANS-FOND-SANS-TEXTE.png","width":512,"height":512,"caption":"Dicodusport"},"image":{"@id":"https:\/\/dicodusport.fr\/blog\/#\/schema\/logo\/image\/"},"sameAs":["https:\/\/www.facebook.com\/dicodusport","https:\/\/x.com\/dicodusport","https:\/\/www.instagram.com\/dicodusport\/","https:\/\/www.youtube.com\/channel\/UC7V2KZ5sd3htJivAbA4ZG3w"],"description":"Dicodusport est l'encyclop\u00e9die de l'actualit\u00e9 sportive.","email":"bonjour@dicodusport.fr","legalName":"DICODUSPORT","foundingDate":"2018-01-14","vatID":"FR71834470973","taxID":"83447097300043","numberOfEmployees":{"@type":"QuantitativeValue","minValue":"1","maxValue":"10"}},{"@type":"Person","@id":"https:\/\/dicodusport.fr\/blog\/#\/schema\/person\/cb02af4c173ce4a653b55e9baf388d4a","name":"Flo Ostermann","image":{"@type":"ImageObject","inLanguage":"fr-FR","@id":"https:\/\/dicodusport.fr\/blog\/#\/schema\/person\/image\/","url":"https:\/\/dicodusport.fr\/blog\/wp-content\/uploads\/2021\/05\/Flo-Ostermann-150x150.jpg","contentUrl":"https:\/\/dicodusport.fr\/blog\/wp-content\/uploads\/2021\/05\/Flo-Ostermann-150x150.jpg","caption":"Flo Ostermann"},"description":"Journaliste\/R\u00e9dacteur depuis septembre 2015 - Mes premiers souvenirs dans le sport ? Les envol\u00e9es du Stade Toulousain et les duels Villeneuve-Schumacher et H\u00e4kkinen-Schumacher \u00e0 la fin des ann\u00e9es 90, la Coupe du monde de football en 1998, l\u2019exploit du XV de France face aux All Blacks en 1999, mais aussi Richard C\u0153ur de Lion qui vole sur les montagnes du Tour de France. Bien parti pour devenir professeur d\u2019EPS, les \u00e9v\u00e9nements de la vie (et la flemme d\u2019animer des s\u00e9ances de 3x500 m\u00e8tres toute ma vie) m\u2019ont conduit \u00e0 revoir mes plans. Me voil\u00e0 depuis fin 2017 sur Dicodusport, m\u00e9dia gr\u00e2ce (et pour) lequel je partage ma passion : le sport dans tous ses \u00e9tats. Le tout accompagn\u00e9 par les fous furieux et folles furieuses cit\u00e9s sur cette page !","sameAs":["https:\/\/www.facebook.com\/florent.ostermann","https:\/\/x.com\/https:\/\/twitter.com\/FlOstermann","admin"],"url":"https:\/\/dicodusport.fr\/blog\/author\/flo\/"}]}},"_links":{"self":[{"href":"https:\/\/dicodusport.fr\/blog\/wp-json\/wp\/v2\/posts\/280409","targetHints":{"allow":["GET"]}}],"collection":[{"href":"https:\/\/dicodusport.fr\/blog\/wp-json\/wp\/v2\/posts"}],"about":[{"href":"https:\/\/dicodusport.fr\/blog\/wp-json\/wp\/v2\/types\/post"}],"author":[{"embeddable":true,"href":"https:\/\/dicodusport.fr\/blog\/wp-json\/wp\/v2\/users\/4"}],"replies":[{"embeddable":true,"href":"https:\/\/dicodusport.fr\/blog\/wp-json\/wp\/v2\/comments?post=280409"}],"version-history":[{"count":0,"href":"https:\/\/dicodusport.fr\/blog\/wp-json\/wp\/v2\/posts\/280409\/revisions"}],"wp:featuredmedia":[{"embeddable":true,"href":"https:\/\/dicodusport.fr\/blog\/wp-json\/wp\/v2\/media\/267604"}],"wp:attachment":[{"href":"https:\/\/dicodusport.fr\/blog\/wp-json\/wp\/v2\/media?parent=280409"}],"wp:term":[{"taxonomy":"category","embeddable":true,"href":"https:\/\/dicodusport.fr\/blog\/wp-json\/wp\/v2\/categories?post=280409"},{"taxonomy":"post_tag","embeddable":true,"href":"https:\/\/dicodusport.fr\/blog\/wp-json\/wp\/v2\/tags?post=280409"}],"curies":[{"name":"wp","href":"https:\/\/api.w.org\/{rel}","templated":true}]}}