{"id":280527,"date":"2022-11-20T07:54:26","date_gmt":"2022-11-20T06:54:26","guid":{"rendered":"https:\/\/dicodusport.fr\/blog\/?p=280527&#038;preview=true&#038;preview_id=280527"},"modified":"2022-11-20T11:26:38","modified_gmt":"2022-11-20T10:26:38","slug":"france-karim-benzema-forfait-pour-la-coupe-du-monde-qui-pour-le-remplacer","status":"publish","type":"post","link":"https:\/\/dicodusport.fr\/blog\/france-karim-benzema-forfait-pour-la-coupe-du-monde-qui-pour-le-remplacer\/","title":{"rendered":"France : Karim Benzema forfait pour la Coupe du monde, qui pour le remplacer ?"},"content":{"rendered":"<p align=\"justify\"><em><a style=\"font-weight: bold;\" href=\"https:\/\/dicodusport.fr\/blog\/actualites\/football\/coupe-du-monde-de-football-2022\/\">COUPE DU MONDE DE FOOTBALL 2022<\/a><b> &#8211; Nouveau coup dur pour l&rsquo;\u00e9quipe de France, avec le forfait de Karim Benzema, pour une blessure musculaire \u00e0 la cuisse. D\u00e9sormais, une seule question se pose : qui remplacera le Madril\u00e8ne ?<\/b><\/em><\/p>\n<p align=\"justify\">Bless\u00e9 \u00e0 l&rsquo;entra\u00eenement samedi, <strong>Karim<\/strong> <strong>Benzema<\/strong> a pass\u00e9 une IRM qui a confirm\u00e9 une blessure musculaire. Le <strong>Ballon d&rsquo;Or<\/strong> 2022 souffre d&rsquo;une l\u00e9sion du droit f\u00e9moral et doit renoncer \u00e0 participer \u00e0 la <strong>Coupe du monde 2022<\/strong>. Sur ses r\u00e9seaux sociaux, le <strong>Fran\u00e7ais<\/strong> s&rsquo;est expliqu\u00e9.<\/p>\n<blockquote>\n<p style=\"text-align: justify;\" align=\"justify\">De ma vie je n\u2019ai jamais abandonn\u00e9 mais ce soir il faut que je pense \u00e0 l\u2019\u00e9quipe comme je l\u2019ai toujours fait alors la raison me dit de laisser ma place \u00e0 quelqu\u2019un qui pourra aider notre groupe \u00e0 faire une belle Coupe du monde. Merci pour tous vos messages de soutien.<\/p>\n<\/blockquote>\n<p align=\"justify\"><strong>Didier<\/strong> <strong>Deschamps<\/strong> a lui aussi r\u00e9agi sur le site de la <strong>F\u00e9d\u00e9ration Fran\u00e7aise de Football<\/strong>.<\/p>\n<blockquote>\n<p style=\"text-align: justify;\" align=\"justify\">Je suis extr\u00eamement triste pour Karim qui avait fait de cette Coupe du monde un objectif majeur. Malgr\u00e9 ce nouveau coup dur pour l\u2019Equipe de France, j\u2019ai toute confiance en mon groupe. Nous allons tout faire pour relever l\u2019immense d\u00e9fi qui nous attend.<\/p>\n<\/blockquote>\n<p align=\"justify\">Comme la <strong>Coupe du monde<\/strong> n&rsquo;a pas commenc\u00e9, le s\u00e9lectionneur de l&rsquo;<strong>\u00e9quipe de France<\/strong> peut encore remplacer <strong>Karim Benzema<\/strong>. Plusieurs noms ont \u00e9t\u00e9 \u00e9voqu\u00e9s comme ceux de <strong>Wissam Ben Yedder<\/strong> et de <strong>Moussa Diaby<\/strong>, mais pour le moment, <strong>Didier<\/strong> <strong>Deschamps<\/strong> n&rsquo;a encore appel\u00e9 personne. <strong>Martin<\/strong> <strong>Terrier<\/strong>, \u00e9lu joueur du mois en Ligue 1, est une autre option.<\/p>\n<blockquote class=\"twitter-tweet\">\n<p dir=\"ltr\" lang=\"fr\">Touch\u00e9 au quadriceps de la cuisse gauche, Karim <a href=\"https:\/\/twitter.com\/Benzema?ref_src=twsrc%5Etfw\">@Benzema<\/a> est contraint de renoncer \u00e0 participer au Mondial.<\/p>\n<p>Toute l\u2019\u00e9quipe partage la tristesse de Karim et lui souhaite un prompt r\u00e9tablissement &#x1f499;<a href=\"https:\/\/twitter.com\/hashtag\/FiersdetreBleus?src=hash&amp;ref_src=twsrc%5Etfw\">#FiersdetreBleus<\/a> <a href=\"https:\/\/t.co\/cxXFBpgFx8\">pic.twitter.com\/cxXFBpgFx8<\/a><\/p>\n<p>\u2014 Equipe de France &#x2b50;&#x2b50; (@equipedefrance) <a href=\"https:\/\/twitter.com\/equipedefrance\/status\/1594095235067482113?ref_src=twsrc%5Etfw\">November 19, 2022<\/a><\/p><\/blockquote>\n<p><script async src=\"https:\/\/platform.twitter.com\/widgets.js\" charset=\"utf-8\"><\/script><\/p>\n","protected":false},"excerpt":{"rendered":"<p>COUPE DU MONDE DE FOOTBALL 2022 &#8211; Nouveau coup dur pour l&rsquo;\u00e9quipe de France, avec le forfait de Karim Benzema, pour une blessure musculaire \u00e0 la cuisse. D\u00e9sormais, une seule question se pose : qui remplacera le Madril\u00e8ne ?<\/p>\n","protected":false},"author":1,"featured_media":274589,"comment_status":"open","ping_status":"closed","sticky":false,"template":"","format":"standard","meta":{"_acf_changed":false,"_daextam_enable_autolinks":"","footnotes":""},"categories":[47043,2301],"tags":[3072,6966,75,30,4727],"class_list":["post-280527","post","type-post","status-publish","format-standard","has-post-thumbnail","hentry","category-coupe-du-monde-de-football","category-football","tag-benzema","tag-equipe-de-france-de-football","tag-football","tag-france","tag-karim-benzema"],"acf":[],"yoast_head":"<!-- This site is optimized with the Yoast SEO Premium plugin v26.7 (Yoast SEO v26.7) - https:\/\/yoast.com\/wordpress\/plugins\/seo\/ -->\n<title>France : Karim Benzema forfait pour la Coupe du monde, qui pour le remplacer ?<\/title>\n<meta name=\"description\" content=\"COUPE DU MONDE DE FOOTBALL 2022 - Nouveau coup dur pour l&#039;\u00e9quipe de France avec le forfait de Karim Benzema.\" \/>\n<meta name=\"robots\" content=\"index, follow, max-snippet:-1, max-image-preview:large, max-video-preview:-1\" \/>\n<link rel=\"canonical\" href=\"https:\/\/dicodusport.fr\/blog\/france-karim-benzema-forfait-pour-la-coupe-du-monde-qui-pour-le-remplacer\/\" \/>\n<meta property=\"og:locale\" content=\"fr_FR\" \/>\n<meta property=\"og:type\" content=\"article\" \/>\n<meta property=\"og:title\" content=\"France : Karim Benzema forfait pour la Coupe du monde, qui pour le remplacer ?\" \/>\n<meta property=\"og:description\" content=\"COUPE DU MONDE DE FOOTBALL 2022 - Nouveau coup dur pour l&#039;\u00e9quipe de France avec le forfait de Karim Benzema.\" \/>\n<meta property=\"og:url\" content=\"https:\/\/dicodusport.fr\/blog\/france-karim-benzema-forfait-pour-la-coupe-du-monde-qui-pour-le-remplacer\/\" \/>\n<meta property=\"og:site_name\" content=\"Dicodusport\" \/>\n<meta property=\"article:publisher\" content=\"https:\/\/www.facebook.com\/dicodusport\" \/>\n<meta property=\"article:author\" content=\"https:\/\/www.facebook.com\/dicodusport\" \/>\n<meta property=\"article:published_time\" content=\"2022-11-20T06:54:26+00:00\" \/>\n<meta property=\"article:modified_time\" content=\"2022-11-20T10:26:38+00:00\" \/>\n<meta property=\"og:image\" content=\"https:\/\/dicodusport.fr\/blog\/wp-content\/uploads\/2022\/10\/E\u0301quipe-de-France-Paul-Pogba-encore-blesse\u0301-Karim-Benzema-de-retour-a\u0300-lentrai\u0302nement.png\" \/>\n\t<meta property=\"og:image:width\" content=\"800\" \/>\n\t<meta property=\"og:image:height\" content=\"445\" \/>\n\t<meta property=\"og:image:type\" content=\"image\/png\" \/>\n<meta name=\"author\" content=\"Nicolas Jacquemard\" \/>\n<meta name=\"twitter:card\" content=\"summary_large_image\" \/>\n<meta name=\"twitter:title\" content=\"France : Karim Benzema forfait pour la Coupe du monde, qui pour le remplacer ?\" \/>\n<meta name=\"twitter:creator\" content=\"@https:\/\/twitter.com\/Nico_Jacquemard\" \/>\n<meta name=\"twitter:site\" content=\"@dicodusport\" \/>\n<script type=\"application\/ld+json\" class=\"yoast-schema-graph\">{\"@context\":\"https:\/\/schema.org\",\"@graph\":[{\"@type\":\"NewsArticle\",\"@id\":\"https:\/\/dicodusport.fr\/blog\/france-karim-benzema-forfait-pour-la-coupe-du-monde-qui-pour-le-remplacer\/#article\",\"isPartOf\":{\"@id\":\"https:\/\/dicodusport.fr\/blog\/france-karim-benzema-forfait-pour-la-coupe-du-monde-qui-pour-le-remplacer\/\"},\"author\":{\"name\":\"Nicolas Jacquemard\",\"@id\":\"https:\/\/dicodusport.fr\/blog\/#\/schema\/person\/55dcb50ad410894e431ed812bbb70191\"},\"headline\":\"France : Karim Benzema forfait pour la Coupe du monde, qui pour le remplacer ?\",\"datePublished\":\"2022-11-20T06:54:26+00:00\",\"dateModified\":\"2022-11-20T10:26:38+00:00\",\"mainEntityOfPage\":{\"@id\":\"https:\/\/dicodusport.fr\/blog\/france-karim-benzema-forfait-pour-la-coupe-du-monde-qui-pour-le-remplacer\/\"},\"wordCount\":328,\"commentCount\":0,\"publisher\":{\"@id\":\"https:\/\/dicodusport.fr\/blog\/#organization\"},\"image\":{\"@id\":\"https:\/\/dicodusport.fr\/blog\/france-karim-benzema-forfait-pour-la-coupe-du-monde-qui-pour-le-remplacer\/#primaryimage\"},\"thumbnailUrl\":\"https:\/\/dicodusport.fr\/blog\/wp-content\/uploads\/2022\/10\/E\u0301quipe-de-France-Paul-Pogba-encore-blesse\u0301-Karim-Benzema-de-retour-a\u0300-lentrai\u0302nement.png\",\"keywords\":[\"benzema\",\"Equipe de France de football\",\"Football\",\"France\",\"Karim Benzema\"],\"articleSection\":[\"Coupe du monde de football\",\"Football\"],\"inLanguage\":\"fr-FR\",\"potentialAction\":[{\"@type\":\"CommentAction\",\"name\":\"Comment\",\"target\":[\"https:\/\/dicodusport.fr\/blog\/france-karim-benzema-forfait-pour-la-coupe-du-monde-qui-pour-le-remplacer\/#respond\"]}],\"copyrightYear\":\"2022\",\"copyrightHolder\":{\"@id\":\"https:\/\/dicodusport.fr\/blog\/#organization\"}},{\"@type\":\"WebPage\",\"@id\":\"https:\/\/dicodusport.fr\/blog\/france-karim-benzema-forfait-pour-la-coupe-du-monde-qui-pour-le-remplacer\/\",\"url\":\"https:\/\/dicodusport.fr\/blog\/france-karim-benzema-forfait-pour-la-coupe-du-monde-qui-pour-le-remplacer\/\",\"name\":\"France : Karim Benzema forfait pour la Coupe du monde, qui pour le remplacer ?\",\"isPartOf\":{\"@id\":\"https:\/\/dicodusport.fr\/blog\/#website\"},\"primaryImageOfPage\":{\"@id\":\"https:\/\/dicodusport.fr\/blog\/france-karim-benzema-forfait-pour-la-coupe-du-monde-qui-pour-le-remplacer\/#primaryimage\"},\"image\":{\"@id\":\"https:\/\/dicodusport.fr\/blog\/france-karim-benzema-forfait-pour-la-coupe-du-monde-qui-pour-le-remplacer\/#primaryimage\"},\"thumbnailUrl\":\"https:\/\/dicodusport.fr\/blog\/wp-content\/uploads\/2022\/10\/E\u0301quipe-de-France-Paul-Pogba-encore-blesse\u0301-Karim-Benzema-de-retour-a\u0300-lentrai\u0302nement.png\",\"datePublished\":\"2022-11-20T06:54:26+00:00\",\"dateModified\":\"2022-11-20T10:26:38+00:00\",\"description\":\"COUPE DU MONDE DE FOOTBALL 2022 - Nouveau coup dur pour l'\u00e9quipe de France avec le forfait de Karim Benzema.\",\"breadcrumb\":{\"@id\":\"https:\/\/dicodusport.fr\/blog\/france-karim-benzema-forfait-pour-la-coupe-du-monde-qui-pour-le-remplacer\/#breadcrumb\"},\"inLanguage\":\"fr-FR\",\"potentialAction\":[{\"@type\":\"ReadAction\",\"target\":[\"https:\/\/dicodusport.fr\/blog\/france-karim-benzema-forfait-pour-la-coupe-du-monde-qui-pour-le-remplacer\/\"]}]},{\"@type\":\"ImageObject\",\"inLanguage\":\"fr-FR\",\"@id\":\"https:\/\/dicodusport.fr\/blog\/france-karim-benzema-forfait-pour-la-coupe-du-monde-qui-pour-le-remplacer\/#primaryimage\",\"url\":\"https:\/\/dicodusport.fr\/blog\/wp-content\/uploads\/2022\/10\/E\u0301quipe-de-France-Paul-Pogba-encore-blesse\u0301-Karim-Benzema-de-retour-a\u0300-lentrai\u0302nement.png\",\"contentUrl\":\"https:\/\/dicodusport.fr\/blog\/wp-content\/uploads\/2022\/10\/E\u0301quipe-de-France-Paul-Pogba-encore-blesse\u0301-Karim-Benzema-de-retour-a\u0300-lentrai\u0302nement.png\",\"width\":800,\"height\":445},{\"@type\":\"BreadcrumbList\",\"@id\":\"https:\/\/dicodusport.fr\/blog\/france-karim-benzema-forfait-pour-la-coupe-du-monde-qui-pour-le-remplacer\/#breadcrumb\",\"itemListElement\":[{\"@type\":\"ListItem\",\"position\":1,\"name\":\"Accueil\",\"item\":\"https:\/\/dicodusport.fr\/blog\/\"},{\"@type\":\"ListItem\",\"position\":2,\"name\":\"France : Karim Benzema forfait pour la Coupe du monde, qui pour le remplacer ?\"}]},{\"@type\":\"WebSite\",\"@id\":\"https:\/\/dicodusport.fr\/blog\/#website\",\"url\":\"https:\/\/dicodusport.fr\/blog\/\",\"name\":\"Dicodusport\",\"description\":\"L&#039;encyclop\u00e9die de l&#039;actualit\u00e9 sportive\",\"publisher\":{\"@id\":\"https:\/\/dicodusport.fr\/blog\/#organization\"},\"potentialAction\":[{\"@type\":\"SearchAction\",\"target\":{\"@type\":\"EntryPoint\",\"urlTemplate\":\"https:\/\/dicodusport.fr\/blog\/?s={search_term_string}\"},\"query-input\":{\"@type\":\"PropertyValueSpecification\",\"valueRequired\":true,\"valueName\":\"search_term_string\"}}],\"inLanguage\":\"fr-FR\"},{\"@type\":\"NewsMediaOrganization\",\"@id\":\"https:\/\/dicodusport.fr\/blog\/#organization\",\"name\":\"Dicodusport\",\"url\":\"https:\/\/dicodusport.fr\/blog\/\",\"logo\":{\"@type\":\"ImageObject\",\"inLanguage\":\"fr-FR\",\"@id\":\"https:\/\/dicodusport.fr\/blog\/#\/schema\/logo\/image\/\",\"url\":\"https:\/\/dicodusport.fr\/blog\/wp-content\/uploads\/2020\/06\/cropped-LOGO-DICODUSPORT-2020-SANS-FOND-SANS-TEXTE.png\",\"contentUrl\":\"https:\/\/dicodusport.fr\/blog\/wp-content\/uploads\/2020\/06\/cropped-LOGO-DICODUSPORT-2020-SANS-FOND-SANS-TEXTE.png\",\"width\":512,\"height\":512,\"caption\":\"Dicodusport\"},\"image\":{\"@id\":\"https:\/\/dicodusport.fr\/blog\/#\/schema\/logo\/image\/\"},\"sameAs\":[\"https:\/\/www.facebook.com\/dicodusport\",\"https:\/\/x.com\/dicodusport\",\"https:\/\/www.instagram.com\/dicodusport\/\",\"https:\/\/www.youtube.com\/channel\/UC7V2KZ5sd3htJivAbA4ZG3w\"],\"description\":\"Dicodusport est l'encyclop\u00e9die de l'actualit\u00e9 sportive.\",\"email\":\"bonjour@dicodusport.fr\",\"legalName\":\"DICODUSPORT\",\"foundingDate\":\"2018-01-14\",\"vatID\":\"FR71834470973\",\"taxID\":\"83447097300043\",\"numberOfEmployees\":{\"@type\":\"QuantitativeValue\",\"minValue\":\"1\",\"maxValue\":\"10\"}},{\"@type\":\"Person\",\"@id\":\"https:\/\/dicodusport.fr\/blog\/#\/schema\/person\/55dcb50ad410894e431ed812bbb70191\",\"name\":\"Nicolas Jacquemard\",\"image\":{\"@type\":\"ImageObject\",\"inLanguage\":\"fr-FR\",\"@id\":\"https:\/\/dicodusport.fr\/blog\/#\/schema\/person\/image\/\",\"url\":\"https:\/\/dicodusport.fr\/blog\/wp-content\/uploads\/2021\/05\/Nicolas-Jacquemard-150x150.jpeg\",\"contentUrl\":\"https:\/\/dicodusport.fr\/blog\/wp-content\/uploads\/2021\/05\/Nicolas-Jacquemard-150x150.jpeg\",\"caption\":\"Nicolas Jacquemard\"},\"description\":\"Passionn\u00e9 de sport et entrepreneur depuis mes 18 ans, la cr\u00e9ation de Dicodusport m'a sembl\u00e9 \u00e9vidente pour participer \u00e0 la m\u00e9diatisation d'un plus grand nombre de sports. Le chemin est long mais avec une \u00e9quipe des plus motiv\u00e9es et les Jeux Olympiques de Paris 2024 en point de mire, nous y arriverons ! Journaliste dans le monde du sport depuis plus de 5 ans, je traite aussi bien de football, de rugby, de biathlon que de cyclisme.\",\"sameAs\":[\"https:\/\/www.facebook.com\/dicodusport\",\"https:\/\/x.com\/https:\/\/twitter.com\/Nico_Jacquemard\"],\"url\":\"https:\/\/dicodusport.fr\/blog\/author\/dicodusport\/\"}]}<\/script>\n<!-- \/ Yoast SEO Premium plugin. -->","yoast_head_json":{"title":"France : Karim Benzema forfait pour la Coupe du monde, qui pour le remplacer ?","description":"COUPE DU MONDE DE FOOTBALL 2022 - Nouveau coup dur pour l'\u00e9quipe de France avec le forfait de Karim Benzema.","robots":{"index":"index","follow":"follow","max-snippet":"max-snippet:-1","max-image-preview":"max-image-preview:large","max-video-preview":"max-video-preview:-1"},"canonical":"https:\/\/dicodusport.fr\/blog\/france-karim-benzema-forfait-pour-la-coupe-du-monde-qui-pour-le-remplacer\/","og_locale":"fr_FR","og_type":"article","og_title":"France : Karim Benzema forfait pour la Coupe du monde, qui pour le remplacer ?","og_description":"COUPE DU MONDE DE FOOTBALL 2022 - Nouveau coup dur pour l'\u00e9quipe de France avec le forfait de Karim Benzema.","og_url":"https:\/\/dicodusport.fr\/blog\/france-karim-benzema-forfait-pour-la-coupe-du-monde-qui-pour-le-remplacer\/","og_site_name":"Dicodusport","article_publisher":"https:\/\/www.facebook.com\/dicodusport","article_author":"https:\/\/www.facebook.com\/dicodusport","article_published_time":"2022-11-20T06:54:26+00:00","article_modified_time":"2022-11-20T10:26:38+00:00","og_image":[{"width":800,"height":445,"url":"https:\/\/dicodusport.fr\/blog\/wp-content\/uploads\/2022\/10\/E\u0301quipe-de-France-Paul-Pogba-encore-blesse\u0301-Karim-Benzema-de-retour-a\u0300-lentrai\u0302nement.png","type":"image\/png"}],"author":"Nicolas Jacquemard","twitter_card":"summary_large_image","twitter_title":"France : Karim Benzema forfait pour la Coupe du monde, qui pour le remplacer ?","twitter_creator":"@https:\/\/twitter.com\/Nico_Jacquemard","twitter_site":"@dicodusport","schema":{"@context":"https:\/\/schema.org","@graph":[{"@type":"NewsArticle","@id":"https:\/\/dicodusport.fr\/blog\/france-karim-benzema-forfait-pour-la-coupe-du-monde-qui-pour-le-remplacer\/#article","isPartOf":{"@id":"https:\/\/dicodusport.fr\/blog\/france-karim-benzema-forfait-pour-la-coupe-du-monde-qui-pour-le-remplacer\/"},"author":{"name":"Nicolas Jacquemard","@id":"https:\/\/dicodusport.fr\/blog\/#\/schema\/person\/55dcb50ad410894e431ed812bbb70191"},"headline":"France : Karim Benzema forfait pour la Coupe du monde, qui pour le remplacer ?","datePublished":"2022-11-20T06:54:26+00:00","dateModified":"2022-11-20T10:26:38+00:00","mainEntityOfPage":{"@id":"https:\/\/dicodusport.fr\/blog\/france-karim-benzema-forfait-pour-la-coupe-du-monde-qui-pour-le-remplacer\/"},"wordCount":328,"commentCount":0,"publisher":{"@id":"https:\/\/dicodusport.fr\/blog\/#organization"},"image":{"@id":"https:\/\/dicodusport.fr\/blog\/france-karim-benzema-forfait-pour-la-coupe-du-monde-qui-pour-le-remplacer\/#primaryimage"},"thumbnailUrl":"https:\/\/dicodusport.fr\/blog\/wp-content\/uploads\/2022\/10\/E\u0301quipe-de-France-Paul-Pogba-encore-blesse\u0301-Karim-Benzema-de-retour-a\u0300-lentrai\u0302nement.png","keywords":["benzema","Equipe de France de football","Football","France","Karim Benzema"],"articleSection":["Coupe du monde de football","Football"],"inLanguage":"fr-FR","potentialAction":[{"@type":"CommentAction","name":"Comment","target":["https:\/\/dicodusport.fr\/blog\/france-karim-benzema-forfait-pour-la-coupe-du-monde-qui-pour-le-remplacer\/#respond"]}],"copyrightYear":"2022","copyrightHolder":{"@id":"https:\/\/dicodusport.fr\/blog\/#organization"}},{"@type":"WebPage","@id":"https:\/\/dicodusport.fr\/blog\/france-karim-benzema-forfait-pour-la-coupe-du-monde-qui-pour-le-remplacer\/","url":"https:\/\/dicodusport.fr\/blog\/france-karim-benzema-forfait-pour-la-coupe-du-monde-qui-pour-le-remplacer\/","name":"France : Karim Benzema forfait pour la Coupe du monde, qui pour le remplacer ?","isPartOf":{"@id":"https:\/\/dicodusport.fr\/blog\/#website"},"primaryImageOfPage":{"@id":"https:\/\/dicodusport.fr\/blog\/france-karim-benzema-forfait-pour-la-coupe-du-monde-qui-pour-le-remplacer\/#primaryimage"},"image":{"@id":"https:\/\/dicodusport.fr\/blog\/france-karim-benzema-forfait-pour-la-coupe-du-monde-qui-pour-le-remplacer\/#primaryimage"},"thumbnailUrl":"https:\/\/dicodusport.fr\/blog\/wp-content\/uploads\/2022\/10\/E\u0301quipe-de-France-Paul-Pogba-encore-blesse\u0301-Karim-Benzema-de-retour-a\u0300-lentrai\u0302nement.png","datePublished":"2022-11-20T06:54:26+00:00","dateModified":"2022-11-20T10:26:38+00:00","description":"COUPE DU MONDE DE FOOTBALL 2022 - Nouveau coup dur pour l'\u00e9quipe de France avec le forfait de Karim Benzema.","breadcrumb":{"@id":"https:\/\/dicodusport.fr\/blog\/france-karim-benzema-forfait-pour-la-coupe-du-monde-qui-pour-le-remplacer\/#breadcrumb"},"inLanguage":"fr-FR","potentialAction":[{"@type":"ReadAction","target":["https:\/\/dicodusport.fr\/blog\/france-karim-benzema-forfait-pour-la-coupe-du-monde-qui-pour-le-remplacer\/"]}]},{"@type":"ImageObject","inLanguage":"fr-FR","@id":"https:\/\/dicodusport.fr\/blog\/france-karim-benzema-forfait-pour-la-coupe-du-monde-qui-pour-le-remplacer\/#primaryimage","url":"https:\/\/dicodusport.fr\/blog\/wp-content\/uploads\/2022\/10\/E\u0301quipe-de-France-Paul-Pogba-encore-blesse\u0301-Karim-Benzema-de-retour-a\u0300-lentrai\u0302nement.png","contentUrl":"https:\/\/dicodusport.fr\/blog\/wp-content\/uploads\/2022\/10\/E\u0301quipe-de-France-Paul-Pogba-encore-blesse\u0301-Karim-Benzema-de-retour-a\u0300-lentrai\u0302nement.png","width":800,"height":445},{"@type":"BreadcrumbList","@id":"https:\/\/dicodusport.fr\/blog\/france-karim-benzema-forfait-pour-la-coupe-du-monde-qui-pour-le-remplacer\/#breadcrumb","itemListElement":[{"@type":"ListItem","position":1,"name":"Accueil","item":"https:\/\/dicodusport.fr\/blog\/"},{"@type":"ListItem","position":2,"name":"France : Karim Benzema forfait pour la Coupe du monde, qui pour le remplacer ?"}]},{"@type":"WebSite","@id":"https:\/\/dicodusport.fr\/blog\/#website","url":"https:\/\/dicodusport.fr\/blog\/","name":"Dicodusport","description":"L&#039;encyclop\u00e9die de l&#039;actualit\u00e9 sportive","publisher":{"@id":"https:\/\/dicodusport.fr\/blog\/#organization"},"potentialAction":[{"@type":"SearchAction","target":{"@type":"EntryPoint","urlTemplate":"https:\/\/dicodusport.fr\/blog\/?s={search_term_string}"},"query-input":{"@type":"PropertyValueSpecification","valueRequired":true,"valueName":"search_term_string"}}],"inLanguage":"fr-FR"},{"@type":"NewsMediaOrganization","@id":"https:\/\/dicodusport.fr\/blog\/#organization","name":"Dicodusport","url":"https:\/\/dicodusport.fr\/blog\/","logo":{"@type":"ImageObject","inLanguage":"fr-FR","@id":"https:\/\/dicodusport.fr\/blog\/#\/schema\/logo\/image\/","url":"https:\/\/dicodusport.fr\/blog\/wp-content\/uploads\/2020\/06\/cropped-LOGO-DICODUSPORT-2020-SANS-FOND-SANS-TEXTE.png","contentUrl":"https:\/\/dicodusport.fr\/blog\/wp-content\/uploads\/2020\/06\/cropped-LOGO-DICODUSPORT-2020-SANS-FOND-SANS-TEXTE.png","width":512,"height":512,"caption":"Dicodusport"},"image":{"@id":"https:\/\/dicodusport.fr\/blog\/#\/schema\/logo\/image\/"},"sameAs":["https:\/\/www.facebook.com\/dicodusport","https:\/\/x.com\/dicodusport","https:\/\/www.instagram.com\/dicodusport\/","https:\/\/www.youtube.com\/channel\/UC7V2KZ5sd3htJivAbA4ZG3w"],"description":"Dicodusport est l'encyclop\u00e9die de l'actualit\u00e9 sportive.","email":"bonjour@dicodusport.fr","legalName":"DICODUSPORT","foundingDate":"2018-01-14","vatID":"FR71834470973","taxID":"83447097300043","numberOfEmployees":{"@type":"QuantitativeValue","minValue":"1","maxValue":"10"}},{"@type":"Person","@id":"https:\/\/dicodusport.fr\/blog\/#\/schema\/person\/55dcb50ad410894e431ed812bbb70191","name":"Nicolas Jacquemard","image":{"@type":"ImageObject","inLanguage":"fr-FR","@id":"https:\/\/dicodusport.fr\/blog\/#\/schema\/person\/image\/","url":"https:\/\/dicodusport.fr\/blog\/wp-content\/uploads\/2021\/05\/Nicolas-Jacquemard-150x150.jpeg","contentUrl":"https:\/\/dicodusport.fr\/blog\/wp-content\/uploads\/2021\/05\/Nicolas-Jacquemard-150x150.jpeg","caption":"Nicolas Jacquemard"},"description":"Passionn\u00e9 de sport et entrepreneur depuis mes 18 ans, la cr\u00e9ation de Dicodusport m'a sembl\u00e9 \u00e9vidente pour participer \u00e0 la m\u00e9diatisation d'un plus grand nombre de sports. Le chemin est long mais avec une \u00e9quipe des plus motiv\u00e9es et les Jeux Olympiques de Paris 2024 en point de mire, nous y arriverons ! Journaliste dans le monde du sport depuis plus de 5 ans, je traite aussi bien de football, de rugby, de biathlon que de cyclisme.","sameAs":["https:\/\/www.facebook.com\/dicodusport","https:\/\/x.com\/https:\/\/twitter.com\/Nico_Jacquemard"],"url":"https:\/\/dicodusport.fr\/blog\/author\/dicodusport\/"}]}},"_links":{"self":[{"href":"https:\/\/dicodusport.fr\/blog\/wp-json\/wp\/v2\/posts\/280527","targetHints":{"allow":["GET"]}}],"collection":[{"href":"https:\/\/dicodusport.fr\/blog\/wp-json\/wp\/v2\/posts"}],"about":[{"href":"https:\/\/dicodusport.fr\/blog\/wp-json\/wp\/v2\/types\/post"}],"author":[{"embeddable":true,"href":"https:\/\/dicodusport.fr\/blog\/wp-json\/wp\/v2\/users\/1"}],"replies":[{"embeddable":true,"href":"https:\/\/dicodusport.fr\/blog\/wp-json\/wp\/v2\/comments?post=280527"}],"version-history":[{"count":0,"href":"https:\/\/dicodusport.fr\/blog\/wp-json\/wp\/v2\/posts\/280527\/revisions"}],"wp:featuredmedia":[{"embeddable":true,"href":"https:\/\/dicodusport.fr\/blog\/wp-json\/wp\/v2\/media\/274589"}],"wp:attachment":[{"href":"https:\/\/dicodusport.fr\/blog\/wp-json\/wp\/v2\/media?parent=280527"}],"wp:term":[{"taxonomy":"category","embeddable":true,"href":"https:\/\/dicodusport.fr\/blog\/wp-json\/wp\/v2\/categories?post=280527"},{"taxonomy":"post_tag","embeddable":true,"href":"https:\/\/dicodusport.fr\/blog\/wp-json\/wp\/v2\/tags?post=280527"}],"curies":[{"name":"wp","href":"https:\/\/api.w.org\/{rel}","templated":true}]}}