{"id":280628,"date":"2022-11-20T11:14:30","date_gmt":"2022-11-20T10:14:30","guid":{"rendered":"https:\/\/dicodusport.fr\/blog\/?p=280628&#038;preview=true&#038;preview_id=280628"},"modified":"2022-11-20T11:34:48","modified_gmt":"2022-11-20T10:34:48","slug":"france-karim-benzema-ne-sera-pas-remplace-pour-la-coupe-du-monde-2022","status":"publish","type":"post","link":"https:\/\/dicodusport.fr\/blog\/france-karim-benzema-ne-sera-pas-remplace-pour-la-coupe-du-monde-2022\/","title":{"rendered":"France : Karim Benzema ne sera pas remplac\u00e9 pour la Coupe du monde 2022"},"content":{"rendered":"<p style=\"text-align: justify;\" align=\"justify\"><em><a style=\"font-weight: bold;\" href=\"https:\/\/dicodusport.fr\/blog\/actualites\/football\/coupe-du-monde-de-football-2022\/\">COUPE DU MONDE DE FOOTBALL 2022<\/a><b> &#8211; Didier Deschamps a annonc\u00e9 dans T\u00e9l\u00e9foot que Karim Benzema, <a href=\"https:\/\/dicodusport.fr\/blog\/france-karim-benzema-forfait-pour-la-coupe-du-monde-qui-pour-le-remplacer\/\">forfait de derni\u00e8re minute<\/a>, ne sera pas remplac\u00e9.<\/b><\/em><\/p>\n<p style=\"text-align: justify;\" align=\"justify\">Bless\u00e9 samedi soir \u00e0 l&rsquo;entra\u00eenement, <strong>Karim<\/strong> <strong>Benzema<\/strong> a pass\u00e9 des examens qui ont confirm\u00e9 une l\u00e9sion \u00e0 la cuisse gauche. L&rsquo;attaquant du <strong>Real<\/strong> <strong>Madrid<\/strong> a quitt\u00e9 le <strong>Qatar<\/strong> t\u00f4t dimanche matin pour rentrer \u00e0 <strong>Madrid<\/strong>. La question \u00e9tait de savoir qui <strong>Didier<\/strong> <strong>Deschamps<\/strong> allait appeler pour le remplacer. Plusieurs options s&rsquo;offraient au s\u00e9lectionneur de l&rsquo;\u00e9quipe de France, mais il a finalement choisi de ne convoquer personne. Les <strong>Bleus<\/strong> vont donc disputer la <strong>Coupe du monde au Qatar<\/strong> avec un groupe de 25 joueurs, au lieu des 26 autoris\u00e9s par la <strong>FIFA<\/strong>.<\/p>\n<blockquote class=\"twitter-tweet\">\n<p dir=\"ltr\" lang=\"fr\">&#x1f1eb;&#x1f1f7; Au micro de T\u00e9l\u00e9foot, Didier Deschamps annonce que Karim Benzema ne sera pas remplac\u00e9 apr\u00e8s son forfait pour la Coupe du monde. \u00ab\u00a0Il a une l\u00e9sion trop importante par rapport aux \u00e9ch\u00e9ances qui arrivent. Sera-t-il remplac\u00e9 ? Non\u00a0\u00bb, explique le s\u00e9lectionneur de l&rsquo;\u00e9quipe de France.<\/p>\n<p>\u2014 RMC Sport (@RMCsport) <a href=\"https:\/\/twitter.com\/RMCsport\/status\/1594270937993601026?ref_src=twsrc%5Etfw\">November 20, 2022<\/a><\/p><\/blockquote>\n<p style=\"text-align: justify;\"><script async src=\"https:\/\/platform.twitter.com\/widgets.js\" charset=\"utf-8\"><\/script><\/p>\n","protected":false},"excerpt":{"rendered":"<p>COUPE DU MONDE DE FOOTBALL 2022 &#8211; Nouveau coup dur pour l&rsquo;\u00e9quipe de France, avec le forfait de Karim Benzema, pour une blessure musculaire \u00e0 la cuisse. D\u00e9sormais, une seule question se pose : qui remplacera le Madril\u00e8ne ?<\/p>\n","protected":false},"author":1,"featured_media":170567,"comment_status":"open","ping_status":"closed","sticky":false,"template":"","format":"standard","meta":{"_acf_changed":false,"_daextam_enable_autolinks":"","footnotes":""},"categories":[47043,2301],"tags":[3072,6966,75,30,4727],"class_list":["post-280628","post","type-post","status-publish","format-standard","has-post-thumbnail","hentry","category-coupe-du-monde-de-football","category-football","tag-benzema","tag-equipe-de-france-de-football","tag-football","tag-france","tag-karim-benzema"],"acf":[],"yoast_head":"<!-- This site is optimized with the Yoast SEO Premium plugin v26.7 (Yoast SEO v26.7) - https:\/\/yoast.com\/wordpress\/plugins\/seo\/ -->\n<title>France : Karim Benzema ne sera pas remplac\u00e9 pour la Coupe du monde 2022<\/title>\n<meta name=\"description\" content=\"COUPE DU MONDE DE FOOTBALL 2022 - Didier Deschamps a annonc\u00e9 dans T\u00e9l\u00e9foot que Karim Benzema ne sera pas remplac\u00e9.\" \/>\n<meta name=\"robots\" content=\"index, follow, max-snippet:-1, max-image-preview:large, max-video-preview:-1\" \/>\n<link rel=\"canonical\" href=\"https:\/\/dicodusport.fr\/blog\/france-karim-benzema-ne-sera-pas-remplace-pour-la-coupe-du-monde-2022\/\" \/>\n<meta property=\"og:locale\" content=\"fr_FR\" \/>\n<meta property=\"og:type\" content=\"article\" \/>\n<meta property=\"og:title\" content=\"France : Karim Benzema ne sera pas remplac\u00e9 pour la Coupe du monde 2022\" \/>\n<meta property=\"og:description\" content=\"COUPE DU MONDE DE FOOTBALL 2022 - Didier Deschamps a annonc\u00e9 dans T\u00e9l\u00e9foot que Karim Benzema ne sera pas remplac\u00e9.\" \/>\n<meta property=\"og:url\" content=\"https:\/\/dicodusport.fr\/blog\/france-karim-benzema-ne-sera-pas-remplace-pour-la-coupe-du-monde-2022\/\" \/>\n<meta property=\"og:site_name\" content=\"Dicodusport\" \/>\n<meta property=\"article:publisher\" content=\"https:\/\/www.facebook.com\/dicodusport\" \/>\n<meta property=\"article:author\" content=\"https:\/\/www.facebook.com\/dicodusport\" \/>\n<meta property=\"article:published_time\" content=\"2022-11-20T10:14:30+00:00\" \/>\n<meta property=\"article:modified_time\" content=\"2022-11-20T10:34:48+00:00\" \/>\n<meta property=\"og:image\" content=\"https:\/\/dicodusport.fr\/blog\/wp-content\/uploads\/2021\/10\/Karim-Benzema-Je-nai-jamais-joue\u0301-pour-ma-gueule.png\" \/>\n\t<meta property=\"og:image:width\" content=\"800\" \/>\n\t<meta property=\"og:image:height\" content=\"445\" \/>\n\t<meta property=\"og:image:type\" content=\"image\/png\" \/>\n<meta name=\"author\" content=\"Nicolas Jacquemard\" \/>\n<meta name=\"twitter:card\" content=\"summary_large_image\" \/>\n<meta name=\"twitter:title\" content=\"France : Karim Benzema ne sera pas remplac\u00e9 pour la Coupe du monde 2022\" \/>\n<meta name=\"twitter:creator\" content=\"@https:\/\/twitter.com\/Nico_Jacquemard\" \/>\n<meta name=\"twitter:site\" content=\"@dicodusport\" \/>\n<script type=\"application\/ld+json\" class=\"yoast-schema-graph\">{\"@context\":\"https:\/\/schema.org\",\"@graph\":[{\"@type\":\"NewsArticle\",\"@id\":\"https:\/\/dicodusport.fr\/blog\/france-karim-benzema-ne-sera-pas-remplace-pour-la-coupe-du-monde-2022\/#article\",\"isPartOf\":{\"@id\":\"https:\/\/dicodusport.fr\/blog\/france-karim-benzema-ne-sera-pas-remplace-pour-la-coupe-du-monde-2022\/\"},\"author\":{\"name\":\"Nicolas Jacquemard\",\"@id\":\"https:\/\/dicodusport.fr\/blog\/#\/schema\/person\/55dcb50ad410894e431ed812bbb70191\"},\"headline\":\"France : Karim Benzema ne sera pas remplac\u00e9 pour la Coupe du monde 2022\",\"datePublished\":\"2022-11-20T10:14:30+00:00\",\"dateModified\":\"2022-11-20T10:34:48+00:00\",\"mainEntityOfPage\":{\"@id\":\"https:\/\/dicodusport.fr\/blog\/france-karim-benzema-ne-sera-pas-remplace-pour-la-coupe-du-monde-2022\/\"},\"wordCount\":194,\"commentCount\":0,\"publisher\":{\"@id\":\"https:\/\/dicodusport.fr\/blog\/#organization\"},\"image\":{\"@id\":\"https:\/\/dicodusport.fr\/blog\/france-karim-benzema-ne-sera-pas-remplace-pour-la-coupe-du-monde-2022\/#primaryimage\"},\"thumbnailUrl\":\"https:\/\/dicodusport.fr\/blog\/wp-content\/uploads\/2021\/10\/Karim-Benzema-Je-nai-jamais-joue\u0301-pour-ma-gueule.png\",\"keywords\":[\"benzema\",\"Equipe de France de football\",\"Football\",\"France\",\"Karim Benzema\"],\"articleSection\":[\"Coupe du monde de football\",\"Football\"],\"inLanguage\":\"fr-FR\",\"potentialAction\":[{\"@type\":\"CommentAction\",\"name\":\"Comment\",\"target\":[\"https:\/\/dicodusport.fr\/blog\/france-karim-benzema-ne-sera-pas-remplace-pour-la-coupe-du-monde-2022\/#respond\"]}],\"copyrightYear\":\"2022\",\"copyrightHolder\":{\"@id\":\"https:\/\/dicodusport.fr\/blog\/#organization\"}},{\"@type\":\"WebPage\",\"@id\":\"https:\/\/dicodusport.fr\/blog\/france-karim-benzema-ne-sera-pas-remplace-pour-la-coupe-du-monde-2022\/\",\"url\":\"https:\/\/dicodusport.fr\/blog\/france-karim-benzema-ne-sera-pas-remplace-pour-la-coupe-du-monde-2022\/\",\"name\":\"France : Karim Benzema ne sera pas remplac\u00e9 pour la Coupe du monde 2022\",\"isPartOf\":{\"@id\":\"https:\/\/dicodusport.fr\/blog\/#website\"},\"primaryImageOfPage\":{\"@id\":\"https:\/\/dicodusport.fr\/blog\/france-karim-benzema-ne-sera-pas-remplace-pour-la-coupe-du-monde-2022\/#primaryimage\"},\"image\":{\"@id\":\"https:\/\/dicodusport.fr\/blog\/france-karim-benzema-ne-sera-pas-remplace-pour-la-coupe-du-monde-2022\/#primaryimage\"},\"thumbnailUrl\":\"https:\/\/dicodusport.fr\/blog\/wp-content\/uploads\/2021\/10\/Karim-Benzema-Je-nai-jamais-joue\u0301-pour-ma-gueule.png\",\"datePublished\":\"2022-11-20T10:14:30+00:00\",\"dateModified\":\"2022-11-20T10:34:48+00:00\",\"description\":\"COUPE DU MONDE DE FOOTBALL 2022 - Didier Deschamps a annonc\u00e9 dans T\u00e9l\u00e9foot que Karim Benzema ne sera pas remplac\u00e9.\",\"breadcrumb\":{\"@id\":\"https:\/\/dicodusport.fr\/blog\/france-karim-benzema-ne-sera-pas-remplace-pour-la-coupe-du-monde-2022\/#breadcrumb\"},\"inLanguage\":\"fr-FR\",\"potentialAction\":[{\"@type\":\"ReadAction\",\"target\":[\"https:\/\/dicodusport.fr\/blog\/france-karim-benzema-ne-sera-pas-remplace-pour-la-coupe-du-monde-2022\/\"]}]},{\"@type\":\"ImageObject\",\"inLanguage\":\"fr-FR\",\"@id\":\"https:\/\/dicodusport.fr\/blog\/france-karim-benzema-ne-sera-pas-remplace-pour-la-coupe-du-monde-2022\/#primaryimage\",\"url\":\"https:\/\/dicodusport.fr\/blog\/wp-content\/uploads\/2021\/10\/Karim-Benzema-Je-nai-jamais-joue\u0301-pour-ma-gueule.png\",\"contentUrl\":\"https:\/\/dicodusport.fr\/blog\/wp-content\/uploads\/2021\/10\/Karim-Benzema-Je-nai-jamais-joue\u0301-pour-ma-gueule.png\",\"width\":800,\"height\":445},{\"@type\":\"BreadcrumbList\",\"@id\":\"https:\/\/dicodusport.fr\/blog\/france-karim-benzema-ne-sera-pas-remplace-pour-la-coupe-du-monde-2022\/#breadcrumb\",\"itemListElement\":[{\"@type\":\"ListItem\",\"position\":1,\"name\":\"Accueil\",\"item\":\"https:\/\/dicodusport.fr\/blog\/\"},{\"@type\":\"ListItem\",\"position\":2,\"name\":\"France : Karim Benzema ne sera pas remplac\u00e9 pour la Coupe du monde 2022\"}]},{\"@type\":\"WebSite\",\"@id\":\"https:\/\/dicodusport.fr\/blog\/#website\",\"url\":\"https:\/\/dicodusport.fr\/blog\/\",\"name\":\"Dicodusport\",\"description\":\"L&#039;encyclop\u00e9die de l&#039;actualit\u00e9 sportive\",\"publisher\":{\"@id\":\"https:\/\/dicodusport.fr\/blog\/#organization\"},\"potentialAction\":[{\"@type\":\"SearchAction\",\"target\":{\"@type\":\"EntryPoint\",\"urlTemplate\":\"https:\/\/dicodusport.fr\/blog\/?s={search_term_string}\"},\"query-input\":{\"@type\":\"PropertyValueSpecification\",\"valueRequired\":true,\"valueName\":\"search_term_string\"}}],\"inLanguage\":\"fr-FR\"},{\"@type\":\"NewsMediaOrganization\",\"@id\":\"https:\/\/dicodusport.fr\/blog\/#organization\",\"name\":\"Dicodusport\",\"url\":\"https:\/\/dicodusport.fr\/blog\/\",\"logo\":{\"@type\":\"ImageObject\",\"inLanguage\":\"fr-FR\",\"@id\":\"https:\/\/dicodusport.fr\/blog\/#\/schema\/logo\/image\/\",\"url\":\"https:\/\/dicodusport.fr\/blog\/wp-content\/uploads\/2020\/06\/cropped-LOGO-DICODUSPORT-2020-SANS-FOND-SANS-TEXTE.png\",\"contentUrl\":\"https:\/\/dicodusport.fr\/blog\/wp-content\/uploads\/2020\/06\/cropped-LOGO-DICODUSPORT-2020-SANS-FOND-SANS-TEXTE.png\",\"width\":512,\"height\":512,\"caption\":\"Dicodusport\"},\"image\":{\"@id\":\"https:\/\/dicodusport.fr\/blog\/#\/schema\/logo\/image\/\"},\"sameAs\":[\"https:\/\/www.facebook.com\/dicodusport\",\"https:\/\/x.com\/dicodusport\",\"https:\/\/www.instagram.com\/dicodusport\/\",\"https:\/\/www.youtube.com\/channel\/UC7V2KZ5sd3htJivAbA4ZG3w\"],\"description\":\"Dicodusport est l'encyclop\u00e9die de l'actualit\u00e9 sportive.\",\"email\":\"bonjour@dicodusport.fr\",\"legalName\":\"DICODUSPORT\",\"foundingDate\":\"2018-01-14\",\"vatID\":\"FR71834470973\",\"taxID\":\"83447097300043\",\"numberOfEmployees\":{\"@type\":\"QuantitativeValue\",\"minValue\":\"1\",\"maxValue\":\"10\"}},{\"@type\":\"Person\",\"@id\":\"https:\/\/dicodusport.fr\/blog\/#\/schema\/person\/55dcb50ad410894e431ed812bbb70191\",\"name\":\"Nicolas Jacquemard\",\"image\":{\"@type\":\"ImageObject\",\"inLanguage\":\"fr-FR\",\"@id\":\"https:\/\/dicodusport.fr\/blog\/#\/schema\/person\/image\/\",\"url\":\"https:\/\/dicodusport.fr\/blog\/wp-content\/uploads\/2021\/05\/Nicolas-Jacquemard-150x150.jpeg\",\"contentUrl\":\"https:\/\/dicodusport.fr\/blog\/wp-content\/uploads\/2021\/05\/Nicolas-Jacquemard-150x150.jpeg\",\"caption\":\"Nicolas Jacquemard\"},\"description\":\"Passionn\u00e9 de sport et entrepreneur depuis mes 18 ans, la cr\u00e9ation de Dicodusport m'a sembl\u00e9 \u00e9vidente pour participer \u00e0 la m\u00e9diatisation d'un plus grand nombre de sports. Le chemin est long mais avec une \u00e9quipe des plus motiv\u00e9es et les Jeux Olympiques de Paris 2024 en point de mire, nous y arriverons ! Journaliste dans le monde du sport depuis plus de 5 ans, je traite aussi bien de football, de rugby, de biathlon que de cyclisme.\",\"sameAs\":[\"https:\/\/www.facebook.com\/dicodusport\",\"https:\/\/x.com\/https:\/\/twitter.com\/Nico_Jacquemard\"],\"url\":\"https:\/\/dicodusport.fr\/blog\/author\/dicodusport\/\"}]}<\/script>\n<!-- \/ Yoast SEO Premium plugin. -->","yoast_head_json":{"title":"France : Karim Benzema ne sera pas remplac\u00e9 pour la Coupe du monde 2022","description":"COUPE DU MONDE DE FOOTBALL 2022 - Didier Deschamps a annonc\u00e9 dans T\u00e9l\u00e9foot que Karim Benzema ne sera pas remplac\u00e9.","robots":{"index":"index","follow":"follow","max-snippet":"max-snippet:-1","max-image-preview":"max-image-preview:large","max-video-preview":"max-video-preview:-1"},"canonical":"https:\/\/dicodusport.fr\/blog\/france-karim-benzema-ne-sera-pas-remplace-pour-la-coupe-du-monde-2022\/","og_locale":"fr_FR","og_type":"article","og_title":"France : Karim Benzema ne sera pas remplac\u00e9 pour la Coupe du monde 2022","og_description":"COUPE DU MONDE DE FOOTBALL 2022 - Didier Deschamps a annonc\u00e9 dans T\u00e9l\u00e9foot que Karim Benzema ne sera pas remplac\u00e9.","og_url":"https:\/\/dicodusport.fr\/blog\/france-karim-benzema-ne-sera-pas-remplace-pour-la-coupe-du-monde-2022\/","og_site_name":"Dicodusport","article_publisher":"https:\/\/www.facebook.com\/dicodusport","article_author":"https:\/\/www.facebook.com\/dicodusport","article_published_time":"2022-11-20T10:14:30+00:00","article_modified_time":"2022-11-20T10:34:48+00:00","og_image":[{"width":800,"height":445,"url":"https:\/\/dicodusport.fr\/blog\/wp-content\/uploads\/2021\/10\/Karim-Benzema-Je-nai-jamais-joue\u0301-pour-ma-gueule.png","type":"image\/png"}],"author":"Nicolas Jacquemard","twitter_card":"summary_large_image","twitter_title":"France : Karim Benzema ne sera pas remplac\u00e9 pour la Coupe du monde 2022","twitter_creator":"@https:\/\/twitter.com\/Nico_Jacquemard","twitter_site":"@dicodusport","schema":{"@context":"https:\/\/schema.org","@graph":[{"@type":"NewsArticle","@id":"https:\/\/dicodusport.fr\/blog\/france-karim-benzema-ne-sera-pas-remplace-pour-la-coupe-du-monde-2022\/#article","isPartOf":{"@id":"https:\/\/dicodusport.fr\/blog\/france-karim-benzema-ne-sera-pas-remplace-pour-la-coupe-du-monde-2022\/"},"author":{"name":"Nicolas Jacquemard","@id":"https:\/\/dicodusport.fr\/blog\/#\/schema\/person\/55dcb50ad410894e431ed812bbb70191"},"headline":"France : Karim Benzema ne sera pas remplac\u00e9 pour la Coupe du monde 2022","datePublished":"2022-11-20T10:14:30+00:00","dateModified":"2022-11-20T10:34:48+00:00","mainEntityOfPage":{"@id":"https:\/\/dicodusport.fr\/blog\/france-karim-benzema-ne-sera-pas-remplace-pour-la-coupe-du-monde-2022\/"},"wordCount":194,"commentCount":0,"publisher":{"@id":"https:\/\/dicodusport.fr\/blog\/#organization"},"image":{"@id":"https:\/\/dicodusport.fr\/blog\/france-karim-benzema-ne-sera-pas-remplace-pour-la-coupe-du-monde-2022\/#primaryimage"},"thumbnailUrl":"https:\/\/dicodusport.fr\/blog\/wp-content\/uploads\/2021\/10\/Karim-Benzema-Je-nai-jamais-joue\u0301-pour-ma-gueule.png","keywords":["benzema","Equipe de France de football","Football","France","Karim Benzema"],"articleSection":["Coupe du monde de football","Football"],"inLanguage":"fr-FR","potentialAction":[{"@type":"CommentAction","name":"Comment","target":["https:\/\/dicodusport.fr\/blog\/france-karim-benzema-ne-sera-pas-remplace-pour-la-coupe-du-monde-2022\/#respond"]}],"copyrightYear":"2022","copyrightHolder":{"@id":"https:\/\/dicodusport.fr\/blog\/#organization"}},{"@type":"WebPage","@id":"https:\/\/dicodusport.fr\/blog\/france-karim-benzema-ne-sera-pas-remplace-pour-la-coupe-du-monde-2022\/","url":"https:\/\/dicodusport.fr\/blog\/france-karim-benzema-ne-sera-pas-remplace-pour-la-coupe-du-monde-2022\/","name":"France : Karim Benzema ne sera pas remplac\u00e9 pour la Coupe du monde 2022","isPartOf":{"@id":"https:\/\/dicodusport.fr\/blog\/#website"},"primaryImageOfPage":{"@id":"https:\/\/dicodusport.fr\/blog\/france-karim-benzema-ne-sera-pas-remplace-pour-la-coupe-du-monde-2022\/#primaryimage"},"image":{"@id":"https:\/\/dicodusport.fr\/blog\/france-karim-benzema-ne-sera-pas-remplace-pour-la-coupe-du-monde-2022\/#primaryimage"},"thumbnailUrl":"https:\/\/dicodusport.fr\/blog\/wp-content\/uploads\/2021\/10\/Karim-Benzema-Je-nai-jamais-joue\u0301-pour-ma-gueule.png","datePublished":"2022-11-20T10:14:30+00:00","dateModified":"2022-11-20T10:34:48+00:00","description":"COUPE DU MONDE DE FOOTBALL 2022 - Didier Deschamps a annonc\u00e9 dans T\u00e9l\u00e9foot que Karim Benzema ne sera pas remplac\u00e9.","breadcrumb":{"@id":"https:\/\/dicodusport.fr\/blog\/france-karim-benzema-ne-sera-pas-remplace-pour-la-coupe-du-monde-2022\/#breadcrumb"},"inLanguage":"fr-FR","potentialAction":[{"@type":"ReadAction","target":["https:\/\/dicodusport.fr\/blog\/france-karim-benzema-ne-sera-pas-remplace-pour-la-coupe-du-monde-2022\/"]}]},{"@type":"ImageObject","inLanguage":"fr-FR","@id":"https:\/\/dicodusport.fr\/blog\/france-karim-benzema-ne-sera-pas-remplace-pour-la-coupe-du-monde-2022\/#primaryimage","url":"https:\/\/dicodusport.fr\/blog\/wp-content\/uploads\/2021\/10\/Karim-Benzema-Je-nai-jamais-joue\u0301-pour-ma-gueule.png","contentUrl":"https:\/\/dicodusport.fr\/blog\/wp-content\/uploads\/2021\/10\/Karim-Benzema-Je-nai-jamais-joue\u0301-pour-ma-gueule.png","width":800,"height":445},{"@type":"BreadcrumbList","@id":"https:\/\/dicodusport.fr\/blog\/france-karim-benzema-ne-sera-pas-remplace-pour-la-coupe-du-monde-2022\/#breadcrumb","itemListElement":[{"@type":"ListItem","position":1,"name":"Accueil","item":"https:\/\/dicodusport.fr\/blog\/"},{"@type":"ListItem","position":2,"name":"France : Karim Benzema ne sera pas remplac\u00e9 pour la Coupe du monde 2022"}]},{"@type":"WebSite","@id":"https:\/\/dicodusport.fr\/blog\/#website","url":"https:\/\/dicodusport.fr\/blog\/","name":"Dicodusport","description":"L&#039;encyclop\u00e9die de l&#039;actualit\u00e9 sportive","publisher":{"@id":"https:\/\/dicodusport.fr\/blog\/#organization"},"potentialAction":[{"@type":"SearchAction","target":{"@type":"EntryPoint","urlTemplate":"https:\/\/dicodusport.fr\/blog\/?s={search_term_string}"},"query-input":{"@type":"PropertyValueSpecification","valueRequired":true,"valueName":"search_term_string"}}],"inLanguage":"fr-FR"},{"@type":"NewsMediaOrganization","@id":"https:\/\/dicodusport.fr\/blog\/#organization","name":"Dicodusport","url":"https:\/\/dicodusport.fr\/blog\/","logo":{"@type":"ImageObject","inLanguage":"fr-FR","@id":"https:\/\/dicodusport.fr\/blog\/#\/schema\/logo\/image\/","url":"https:\/\/dicodusport.fr\/blog\/wp-content\/uploads\/2020\/06\/cropped-LOGO-DICODUSPORT-2020-SANS-FOND-SANS-TEXTE.png","contentUrl":"https:\/\/dicodusport.fr\/blog\/wp-content\/uploads\/2020\/06\/cropped-LOGO-DICODUSPORT-2020-SANS-FOND-SANS-TEXTE.png","width":512,"height":512,"caption":"Dicodusport"},"image":{"@id":"https:\/\/dicodusport.fr\/blog\/#\/schema\/logo\/image\/"},"sameAs":["https:\/\/www.facebook.com\/dicodusport","https:\/\/x.com\/dicodusport","https:\/\/www.instagram.com\/dicodusport\/","https:\/\/www.youtube.com\/channel\/UC7V2KZ5sd3htJivAbA4ZG3w"],"description":"Dicodusport est l'encyclop\u00e9die de l'actualit\u00e9 sportive.","email":"bonjour@dicodusport.fr","legalName":"DICODUSPORT","foundingDate":"2018-01-14","vatID":"FR71834470973","taxID":"83447097300043","numberOfEmployees":{"@type":"QuantitativeValue","minValue":"1","maxValue":"10"}},{"@type":"Person","@id":"https:\/\/dicodusport.fr\/blog\/#\/schema\/person\/55dcb50ad410894e431ed812bbb70191","name":"Nicolas Jacquemard","image":{"@type":"ImageObject","inLanguage":"fr-FR","@id":"https:\/\/dicodusport.fr\/blog\/#\/schema\/person\/image\/","url":"https:\/\/dicodusport.fr\/blog\/wp-content\/uploads\/2021\/05\/Nicolas-Jacquemard-150x150.jpeg","contentUrl":"https:\/\/dicodusport.fr\/blog\/wp-content\/uploads\/2021\/05\/Nicolas-Jacquemard-150x150.jpeg","caption":"Nicolas Jacquemard"},"description":"Passionn\u00e9 de sport et entrepreneur depuis mes 18 ans, la cr\u00e9ation de Dicodusport m'a sembl\u00e9 \u00e9vidente pour participer \u00e0 la m\u00e9diatisation d'un plus grand nombre de sports. Le chemin est long mais avec une \u00e9quipe des plus motiv\u00e9es et les Jeux Olympiques de Paris 2024 en point de mire, nous y arriverons ! Journaliste dans le monde du sport depuis plus de 5 ans, je traite aussi bien de football, de rugby, de biathlon que de cyclisme.","sameAs":["https:\/\/www.facebook.com\/dicodusport","https:\/\/x.com\/https:\/\/twitter.com\/Nico_Jacquemard"],"url":"https:\/\/dicodusport.fr\/blog\/author\/dicodusport\/"}]}},"_links":{"self":[{"href":"https:\/\/dicodusport.fr\/blog\/wp-json\/wp\/v2\/posts\/280628","targetHints":{"allow":["GET"]}}],"collection":[{"href":"https:\/\/dicodusport.fr\/blog\/wp-json\/wp\/v2\/posts"}],"about":[{"href":"https:\/\/dicodusport.fr\/blog\/wp-json\/wp\/v2\/types\/post"}],"author":[{"embeddable":true,"href":"https:\/\/dicodusport.fr\/blog\/wp-json\/wp\/v2\/users\/1"}],"replies":[{"embeddable":true,"href":"https:\/\/dicodusport.fr\/blog\/wp-json\/wp\/v2\/comments?post=280628"}],"version-history":[{"count":0,"href":"https:\/\/dicodusport.fr\/blog\/wp-json\/wp\/v2\/posts\/280628\/revisions"}],"wp:featuredmedia":[{"embeddable":true,"href":"https:\/\/dicodusport.fr\/blog\/wp-json\/wp\/v2\/media\/170567"}],"wp:attachment":[{"href":"https:\/\/dicodusport.fr\/blog\/wp-json\/wp\/v2\/media?parent=280628"}],"wp:term":[{"taxonomy":"category","embeddable":true,"href":"https:\/\/dicodusport.fr\/blog\/wp-json\/wp\/v2\/categories?post=280628"},{"taxonomy":"post_tag","embeddable":true,"href":"https:\/\/dicodusport.fr\/blog\/wp-json\/wp\/v2\/tags?post=280628"}],"curies":[{"name":"wp","href":"https:\/\/api.w.org\/{rel}","templated":true}]}}