{"id":280667,"date":"2022-11-20T12:55:44","date_gmt":"2022-11-20T11:55:44","guid":{"rendered":"https:\/\/dicodusport.fr\/blog\/?p=280667&#038;preview=true&#038;preview_id=280667"},"modified":"2022-11-20T13:39:03","modified_gmt":"2022-11-20T12:39:03","slug":"euro-feminin-de-handball-2022-cleopatre-darleux-et-pauletta-foppa-dans-lequipe-type","status":"publish","type":"post","link":"https:\/\/dicodusport.fr\/blog\/euro-feminin-de-handball-2022-cleopatre-darleux-et-pauletta-foppa-dans-lequipe-type\/","title":{"rendered":"Euro f\u00e9minin de handball 2022 : Cl\u00e9op\u00e2tre Darleux et Pauletta Foppa dans l&rsquo;\u00e9quipe type"},"content":{"rendered":"<p style=\"text-align: justify;\"><strong><em><a title=\"Calendrier, scores et r\u00e9sultats Championnat d\u2019Europe f\u00e9minin de handball 2022\" href=\"https:\/\/dicodusport.fr\/blog\/calendrier-scores-et-resultats-euro-feminin-de-handball-2022\/\" target=\"_blank\" rel=\"noopener\">CHAMPIONNATS D&rsquo;EUROPE F\u00c9MININ DE HANDBALL 2022<\/a> &#8211; Les Fran\u00e7aises Cl\u00e9op\u00e2tre Darleux et Pauletta Foppa font partie de \u00ab\u00a0l&rsquo;\u00e9quipe All-star\u00a0\u00bb de l&rsquo;Euro.<br \/>\n<\/em><\/strong><\/p>\n<p style=\"text-align: justify;\">En attendant la distribution des m\u00e9dailles, \u00ab\u00a0<strong>l&rsquo;\u00e9quipe All-star<\/strong>\u00a0\u00bb de la comp\u00e9tition a \u00e9t\u00e9 d\u00e9voil\u00e9e. Dans celle-ci, on retrouve deux Fran\u00e7aises : <strong>Cl\u00e9op\u00e2tre Darleux<\/strong> et <strong>Pauletta Foppa<\/strong>. C&rsquo;est la premi\u00e8re fois que ces deux joueuses obtiennent cette distinction.<\/p>\n<p style=\"text-align: justify;\">Avec <strong>39%<\/strong> d&rsquo;efficacit\u00e9, la <strong>gardienne<\/strong> <strong>Cl\u00e9op\u00e2tre Darleux<\/strong> aura \u00e9t\u00e9 impressionnante tout au long de la comp\u00e9tition. D\u00e8s les premiers matchs, elle a livr\u00e9 des prestations abouties, \u00e9lue joueuse du match lors de la premi\u00e8re rencontre. Elle aurait \u00e9galement pu le recevoir face aux Pays-Bas d&rsquo;ailleurs. Seule Silje Solberg fait mieux (41%), avec un match en plus.<\/p>\n<blockquote class=\"twitter-tweet\">\n<p dir=\"ltr\" lang=\"nl\">\u00ab\u00a0La cr\u00e8me de la cr\u00e8me\u00a0\u00bb<a href=\"https:\/\/twitter.com\/CleoDarleux?ref_src=twsrc%5Etfw\">@CleoDarleux<\/a> is your &#8211;<\/p>\n<p>She closed the shop one more time! <a href=\"https:\/\/twitter.com\/hashtag\/ehfeuro2022?src=hash&amp;ref_src=twsrc%5Etfw\">#ehfeuro2022<\/a> | <a href=\"https:\/\/twitter.com\/hashtag\/playwithheart?src=hash&amp;ref_src=twsrc%5Etfw\">#playwithheart<\/a> | <a href=\"https:\/\/twitter.com\/FRAHandball?ref_src=twsrc%5Etfw\">@FRAHandball<\/a> <a href=\"https:\/\/t.co\/XfLy7WKmq3\">pic.twitter.com\/XfLy7WKmq3<\/a><\/p>\n<p>\u2014 EHF EURO (@EHFEURO) <a href=\"https:\/\/twitter.com\/EHFEURO\/status\/1594291553283244035?ref_src=twsrc%5Etfw\">November 20, 2022<\/a><\/p><\/blockquote>\n<p><script async src=\"https:\/\/platform.twitter.com\/widgets.js\" charset=\"utf-8\"><\/script><\/p>\n<p style=\"text-align: justify;\">La jeune <strong>Pauletta Foppa<\/strong> ne cesse d&rsquo;impressionner. Peut-\u00eatre la meilleure <strong>pivot<\/strong> au monde \u00e0 tout juste 21 ans, elle aura une nouvelle fois \u00e9tal\u00e9 tout son talent aux yeux de l&rsquo;Europe. Meilleure marqueuse fran\u00e7aise des JO l&rsquo;ann\u00e9e derni\u00e8re, elle avait termin\u00e9 la comp\u00e9tition avec un 7\/7 en finale face \u00e0 la Russie. \u00c0 l&rsquo;Euro, elle a inscrit <strong>22 buts<\/strong> \u00e0 71%. Mais comme elle l&rsquo;a montr\u00e9 lors du dernier match face \u00e0 la Norv\u00e8ge, elle a \u00e9galement \u00e9t\u00e9 pr\u00e9cieuse pour r\u00e9aliser des <strong>interceptions<\/strong> (4 face \u00e0 la Norv\u00e8ge, 5 face au Mont\u00e9n\u00e9gro).<\/p>\n<blockquote class=\"twitter-tweet\">\n<p dir=\"ltr\" lang=\"en\">Simple, beautiful and efficient: Zaadi &#x27a1;&#xfe0f; Foppa &#x2197;&#xfe0f;&#x2198;&#xfe0f;<a href=\"https:\/\/twitter.com\/hashtag\/ehfeuro2022?src=hash&amp;ref_src=twsrc%5Etfw\">#ehfeuro2022<\/a> | <a href=\"https:\/\/twitter.com\/hashtag\/playwithheart?src=hash&amp;ref_src=twsrc%5Etfw\">#playwithheart<\/a> | <a href=\"https:\/\/twitter.com\/FRAHandball?ref_src=twsrc%5Etfw\">@FRAHandball<\/a> <a href=\"https:\/\/t.co\/jGVU1Hg9ws\">pic.twitter.com\/jGVU1Hg9ws<\/a><\/p>\n<p>\u2014 EHF EURO (@EHFEURO) <a href=\"https:\/\/twitter.com\/EHFEURO\/status\/1589717329990254593?ref_src=twsrc%5Etfw\">November 7, 2022<\/a><\/p><\/blockquote>\n<p><script async src=\"https:\/\/platform.twitter.com\/widgets.js\" charset=\"utf-8\"><\/script><\/p>\n<p style=\"text-align: justify;\">Les autres \u00ab\u00a0nouvelles\u00a0\u00bb sont <strong>Emma Friis<\/strong> du Danemark (aili\u00e8re gauche), <strong>Katrin Klujber<\/strong> de la Hongrie (arri\u00e8re droite), <strong>Kathrine Heindahl<\/strong> du Danemark (meilleure d\u00e9fenseure) et la <strong>MVP de la comp\u00e9tition<\/strong> : la Norv\u00e9gienne <strong>Henny Reistad<\/strong>. Celle qui aura fait mal aux Bleues en seconde p\u00e9riode, a inscrit 43 buts (3e au classement) et est la premi\u00e8re au classement des buts inscrits dans le jeu (39). L&rsquo;ann\u00e9e derni\u00e8re, Reistad avait \u00e9t\u00e9 \u00e9lue MVP de la Ligue des Champions remport\u00e9e par Vipers et meilleure arri\u00e8re gauche du Mondial.<\/p>\n<p style=\"text-align: justify;\">Parmi les habitu\u00e9es aux r\u00e9compenses, on retrouve la grande <strong>Stine Oftedal<\/strong>. Pour la <strong>troisi\u00e8me fois cons\u00e9cutive<\/strong>, elle est \u00e9lue meilleure <strong>demi-centre<\/strong> de la comp\u00e9tition. En Ligue des Champions, c&rsquo;est 4 nominations cons\u00e9cutives !<\/p>\n<p style=\"text-align: justify;\"><strong>Jovanka Radicevic<\/strong> qui a d\u00e9pass\u00e9 la barre des 200 buts lors de l&rsquo;Euro, est pour la <strong>3e fois meilleure arri\u00e8re droite<\/strong> de l&rsquo;Euro apr\u00e8s 2012 et 2020.<\/p>\n<p style=\"text-align: justify;\">Enfin, la recordwoman des nominations est <strong>Cristina Neagu<\/strong>. La <strong>meilleure marqueuse \u00e0 l&rsquo;Euro<\/strong> chez les hommes et les femmes (<strong>315 buts<\/strong>) est pour la <strong>4e fois meilleure arri\u00e8re gauche<\/strong> de la comp\u00e9tition apr\u00e8s 2010, 2014 et 2016.<\/p>\n<h2 style=\"text-align: center;\">\u00c9quipe all-star de l&rsquo;Euro f\u00e9minin 2022<\/h2>\n<div id=\"attachment_280670\" style=\"width: 370px\" class=\"wp-caption aligncenter\"><a href=\"https:\/\/dicodusport.fr\/blog\/wp-content\/uploads\/2022\/11\/All-star-team-Euro-2022-de-handball.jpg\"><img loading=\"lazy\" decoding=\"async\" aria-describedby=\"caption-attachment-280670\" class=\"wp-image-280670\" src=\"https:\/\/dicodusport.fr\/blog\/wp-content\/uploads\/2022\/11\/All-star-team-Euro-2022-de-handball.jpg\" alt=\"\" width=\"360\" height=\"450\" srcset=\"https:\/\/dicodusport.fr\/blog\/wp-content\/uploads\/2022\/11\/All-star-team-Euro-2022-de-handball.jpg 564w, https:\/\/dicodusport.fr\/blog\/wp-content\/uploads\/2022\/11\/All-star-team-Euro-2022-de-handball-240x300.jpg 240w\" sizes=\"auto, (max-width: 360px) 100vw, 360px\" \/><\/a><p id=\"caption-attachment-280670\" class=\"wp-caption-text\">Visuel EHF<\/p><\/div>\n","protected":false},"excerpt":{"rendered":"<p>CHAMPIONNATS D&rsquo;EUROPE F\u00c9MININ DE HANDBALL 2022 &#8211; Les Fran\u00e7aises Cl\u00e9op\u00e2tre Darleux et Pauletta Foppa font partie de \u00ab\u00a0l&rsquo;\u00e9quipe All-star\u00a0\u00bb de l&rsquo;Euro.<\/p>\n","protected":false},"author":12,"featured_media":280669,"comment_status":"open","ping_status":"closed","sticky":false,"template":"","format":"standard","meta":{"_acf_changed":false,"_daextam_enable_autolinks":"","footnotes":""},"categories":[47047],"tags":[12947,12845,6938],"class_list":["post-280667","post","type-post","status-publish","format-standard","has-post-thumbnail","hentry","category-euro-de-handball","tag-cleopatre-darleux","tag-euro-feminin-de-handball","tag-pauletta-foppa"],"acf":[],"yoast_head":"<!-- This site is optimized with the Yoast SEO Premium plugin v26.7 (Yoast SEO v26.7) - https:\/\/yoast.com\/wordpress\/plugins\/seo\/ -->\n<title>Euro f\u00e9minin de handball 2022 : Cl\u00e9op\u00e2tre Darleux et Pauletta Foppa dans l&#039;\u00e9quipe type<\/title>\n<meta name=\"description\" content=\"Les Fran\u00e7aises Cl\u00e9op\u00e2tre Darleux et Pauletta Foppa font partie de &quot;l&#039;\u00e9quipe All-star&quot; de l&#039;Euro f\u00e9minin de handball.\" \/>\n<meta name=\"robots\" content=\"index, follow, max-snippet:-1, max-image-preview:large, max-video-preview:-1\" \/>\n<link rel=\"canonical\" href=\"https:\/\/dicodusport.fr\/blog\/euro-feminin-de-handball-2022-cleopatre-darleux-et-pauletta-foppa-dans-lequipe-type\/\" \/>\n<meta property=\"og:locale\" content=\"fr_FR\" \/>\n<meta property=\"og:type\" content=\"article\" \/>\n<meta property=\"og:title\" content=\"Euro f\u00e9minin de handball 2022 : Cl\u00e9op\u00e2tre Darleux et Pauletta Foppa dans l&#039;\u00e9quipe type\" \/>\n<meta property=\"og:description\" content=\"Les Fran\u00e7aises Cl\u00e9op\u00e2tre Darleux et Pauletta Foppa font partie de &quot;l&#039;\u00e9quipe All-star&quot; de l&#039;Euro f\u00e9minin de handball.\" \/>\n<meta property=\"og:url\" content=\"https:\/\/dicodusport.fr\/blog\/euro-feminin-de-handball-2022-cleopatre-darleux-et-pauletta-foppa-dans-lequipe-type\/\" \/>\n<meta property=\"og:site_name\" content=\"Dicodusport\" \/>\n<meta property=\"article:publisher\" content=\"https:\/\/www.facebook.com\/dicodusport\" \/>\n<meta property=\"article:published_time\" content=\"2022-11-20T11:55:44+00:00\" \/>\n<meta property=\"article:modified_time\" content=\"2022-11-20T12:39:03+00:00\" \/>\n<meta property=\"og:image\" content=\"https:\/\/dicodusport.fr\/blog\/wp-content\/uploads\/2022\/11\/Euro-feminin-de-handball-2022-Cleopatre-Darleux-et-Pauletta-Foppa-dans-lequipe-type.jpg\" \/>\n\t<meta property=\"og:image:width\" content=\"800\" \/>\n\t<meta property=\"og:image:height\" content=\"445\" \/>\n\t<meta property=\"og:image:type\" content=\"image\/jpeg\" \/>\n<meta name=\"author\" content=\"Arlette Yeye\" \/>\n<meta name=\"twitter:card\" content=\"summary_large_image\" \/>\n<meta name=\"twitter:title\" content=\"Euro f\u00e9minin de handball 2022 : Cl\u00e9op\u00e2tre Darleux et Pauletta Foppa dans l&#039;\u00e9quipe type\" \/>\n<meta name=\"twitter:creator\" content=\"@https:\/\/twitter.com\/Shiclette94\" \/>\n<meta name=\"twitter:site\" content=\"@dicodusport\" \/>\n<script type=\"application\/ld+json\" class=\"yoast-schema-graph\">{\"@context\":\"https:\/\/schema.org\",\"@graph\":[{\"@type\":\"NewsArticle\",\"@id\":\"https:\/\/dicodusport.fr\/blog\/euro-feminin-de-handball-2022-cleopatre-darleux-et-pauletta-foppa-dans-lequipe-type\/#article\",\"isPartOf\":{\"@id\":\"https:\/\/dicodusport.fr\/blog\/euro-feminin-de-handball-2022-cleopatre-darleux-et-pauletta-foppa-dans-lequipe-type\/\"},\"author\":{\"name\":\"Arlette Yeye\",\"@id\":\"https:\/\/dicodusport.fr\/blog\/#\/schema\/person\/cce96fa88785bd8573e3d43078ac8c79\"},\"headline\":\"Euro f\u00e9minin de handball 2022 : Cl\u00e9op\u00e2tre Darleux et Pauletta Foppa dans l&rsquo;\u00e9quipe type\",\"datePublished\":\"2022-11-20T11:55:44+00:00\",\"dateModified\":\"2022-11-20T12:39:03+00:00\",\"mainEntityOfPage\":{\"@id\":\"https:\/\/dicodusport.fr\/blog\/euro-feminin-de-handball-2022-cleopatre-darleux-et-pauletta-foppa-dans-lequipe-type\/\"},\"wordCount\":518,\"commentCount\":0,\"publisher\":{\"@id\":\"https:\/\/dicodusport.fr\/blog\/#organization\"},\"image\":{\"@id\":\"https:\/\/dicodusport.fr\/blog\/euro-feminin-de-handball-2022-cleopatre-darleux-et-pauletta-foppa-dans-lequipe-type\/#primaryimage\"},\"thumbnailUrl\":\"https:\/\/dicodusport.fr\/blog\/wp-content\/uploads\/2022\/11\/Euro-feminin-de-handball-2022-Cleopatre-Darleux-et-Pauletta-Foppa-dans-lequipe-type.jpg\",\"keywords\":[\"Cl\u00e9op\u00e2tre Darleux\",\"Euro f\u00e9minin de handball\",\"Pauletta Foppa\"],\"articleSection\":[\"Euro de handball\"],\"inLanguage\":\"fr-FR\",\"potentialAction\":[{\"@type\":\"CommentAction\",\"name\":\"Comment\",\"target\":[\"https:\/\/dicodusport.fr\/blog\/euro-feminin-de-handball-2022-cleopatre-darleux-et-pauletta-foppa-dans-lequipe-type\/#respond\"]}],\"copyrightYear\":\"2022\",\"copyrightHolder\":{\"@id\":\"https:\/\/dicodusport.fr\/blog\/#organization\"}},{\"@type\":\"WebPage\",\"@id\":\"https:\/\/dicodusport.fr\/blog\/euro-feminin-de-handball-2022-cleopatre-darleux-et-pauletta-foppa-dans-lequipe-type\/\",\"url\":\"https:\/\/dicodusport.fr\/blog\/euro-feminin-de-handball-2022-cleopatre-darleux-et-pauletta-foppa-dans-lequipe-type\/\",\"name\":\"Euro f\u00e9minin de handball 2022 : Cl\u00e9op\u00e2tre Darleux et Pauletta Foppa dans l'\u00e9quipe type\",\"isPartOf\":{\"@id\":\"https:\/\/dicodusport.fr\/blog\/#website\"},\"primaryImageOfPage\":{\"@id\":\"https:\/\/dicodusport.fr\/blog\/euro-feminin-de-handball-2022-cleopatre-darleux-et-pauletta-foppa-dans-lequipe-type\/#primaryimage\"},\"image\":{\"@id\":\"https:\/\/dicodusport.fr\/blog\/euro-feminin-de-handball-2022-cleopatre-darleux-et-pauletta-foppa-dans-lequipe-type\/#primaryimage\"},\"thumbnailUrl\":\"https:\/\/dicodusport.fr\/blog\/wp-content\/uploads\/2022\/11\/Euro-feminin-de-handball-2022-Cleopatre-Darleux-et-Pauletta-Foppa-dans-lequipe-type.jpg\",\"datePublished\":\"2022-11-20T11:55:44+00:00\",\"dateModified\":\"2022-11-20T12:39:03+00:00\",\"description\":\"Les Fran\u00e7aises Cl\u00e9op\u00e2tre Darleux et Pauletta Foppa font partie de \\\"l'\u00e9quipe All-star\\\" de l'Euro f\u00e9minin de handball.\",\"breadcrumb\":{\"@id\":\"https:\/\/dicodusport.fr\/blog\/euro-feminin-de-handball-2022-cleopatre-darleux-et-pauletta-foppa-dans-lequipe-type\/#breadcrumb\"},\"inLanguage\":\"fr-FR\",\"potentialAction\":[{\"@type\":\"ReadAction\",\"target\":[\"https:\/\/dicodusport.fr\/blog\/euro-feminin-de-handball-2022-cleopatre-darleux-et-pauletta-foppa-dans-lequipe-type\/\"]}]},{\"@type\":\"ImageObject\",\"inLanguage\":\"fr-FR\",\"@id\":\"https:\/\/dicodusport.fr\/blog\/euro-feminin-de-handball-2022-cleopatre-darleux-et-pauletta-foppa-dans-lequipe-type\/#primaryimage\",\"url\":\"https:\/\/dicodusport.fr\/blog\/wp-content\/uploads\/2022\/11\/Euro-feminin-de-handball-2022-Cleopatre-Darleux-et-Pauletta-Foppa-dans-lequipe-type.jpg\",\"contentUrl\":\"https:\/\/dicodusport.fr\/blog\/wp-content\/uploads\/2022\/11\/Euro-feminin-de-handball-2022-Cleopatre-Darleux-et-Pauletta-Foppa-dans-lequipe-type.jpg\",\"width\":800,\"height\":445,\"caption\":\"Euro f\u00e9minin de handball 2022 Cl\u00e9op\u00e2tre Darleux et Pauletta Foppa dans l'\u00e9quipe type\"},{\"@type\":\"BreadcrumbList\",\"@id\":\"https:\/\/dicodusport.fr\/blog\/euro-feminin-de-handball-2022-cleopatre-darleux-et-pauletta-foppa-dans-lequipe-type\/#breadcrumb\",\"itemListElement\":[{\"@type\":\"ListItem\",\"position\":1,\"name\":\"Accueil\",\"item\":\"https:\/\/dicodusport.fr\/blog\/\"},{\"@type\":\"ListItem\",\"position\":2,\"name\":\"Euro f\u00e9minin de handball 2022 : Cl\u00e9op\u00e2tre Darleux et Pauletta Foppa dans l&rsquo;\u00e9quipe type\"}]},{\"@type\":\"WebSite\",\"@id\":\"https:\/\/dicodusport.fr\/blog\/#website\",\"url\":\"https:\/\/dicodusport.fr\/blog\/\",\"name\":\"Dicodusport\",\"description\":\"L&#039;encyclop\u00e9die de l&#039;actualit\u00e9 sportive\",\"publisher\":{\"@id\":\"https:\/\/dicodusport.fr\/blog\/#organization\"},\"potentialAction\":[{\"@type\":\"SearchAction\",\"target\":{\"@type\":\"EntryPoint\",\"urlTemplate\":\"https:\/\/dicodusport.fr\/blog\/?s={search_term_string}\"},\"query-input\":{\"@type\":\"PropertyValueSpecification\",\"valueRequired\":true,\"valueName\":\"search_term_string\"}}],\"inLanguage\":\"fr-FR\"},{\"@type\":\"NewsMediaOrganization\",\"@id\":\"https:\/\/dicodusport.fr\/blog\/#organization\",\"name\":\"Dicodusport\",\"url\":\"https:\/\/dicodusport.fr\/blog\/\",\"logo\":{\"@type\":\"ImageObject\",\"inLanguage\":\"fr-FR\",\"@id\":\"https:\/\/dicodusport.fr\/blog\/#\/schema\/logo\/image\/\",\"url\":\"https:\/\/dicodusport.fr\/blog\/wp-content\/uploads\/2020\/06\/cropped-LOGO-DICODUSPORT-2020-SANS-FOND-SANS-TEXTE.png\",\"contentUrl\":\"https:\/\/dicodusport.fr\/blog\/wp-content\/uploads\/2020\/06\/cropped-LOGO-DICODUSPORT-2020-SANS-FOND-SANS-TEXTE.png\",\"width\":512,\"height\":512,\"caption\":\"Dicodusport\"},\"image\":{\"@id\":\"https:\/\/dicodusport.fr\/blog\/#\/schema\/logo\/image\/\"},\"sameAs\":[\"https:\/\/www.facebook.com\/dicodusport\",\"https:\/\/x.com\/dicodusport\",\"https:\/\/www.instagram.com\/dicodusport\/\",\"https:\/\/www.youtube.com\/channel\/UC7V2KZ5sd3htJivAbA4ZG3w\"],\"description\":\"Dicodusport est l'encyclop\u00e9die de l'actualit\u00e9 sportive.\",\"email\":\"bonjour@dicodusport.fr\",\"legalName\":\"DICODUSPORT\",\"foundingDate\":\"2018-01-14\",\"vatID\":\"FR71834470973\",\"taxID\":\"83447097300043\",\"numberOfEmployees\":{\"@type\":\"QuantitativeValue\",\"minValue\":\"1\",\"maxValue\":\"10\"}},{\"@type\":\"Person\",\"@id\":\"https:\/\/dicodusport.fr\/blog\/#\/schema\/person\/cce96fa88785bd8573e3d43078ac8c79\",\"name\":\"Arlette Yeye\",\"image\":{\"@type\":\"ImageObject\",\"inLanguage\":\"fr-FR\",\"@id\":\"https:\/\/dicodusport.fr\/blog\/#\/schema\/person\/image\/\",\"url\":\"https:\/\/secure.gravatar.com\/avatar\/dca4a6239e6d708e46c45d60e160de6c?s=96&d=wp_user_avatar&r=g\",\"contentUrl\":\"https:\/\/secure.gravatar.com\/avatar\/dca4a6239e6d708e46c45d60e160de6c?s=96&d=wp_user_avatar&r=g\",\"caption\":\"Arlette Yeye\"},\"description\":\"Journaliste\/r\u00e9dactrice depuis septembre 2015 - Supportrice de Chelsea, j'ai pour sports de pr\u00e9dilection le handball, l'athl\u00e9tisme et le tennis. Si je tweete plus vite que mon ombre, vous pouvez aussi me retrouver les week-ends sur les playgrounds de Bruxelles pour un petit foot ou basket entre potes. Parcourir la France, l'Europe et plus si affinit\u00e9s pour suivre mes sportifs pr\u00e9f\u00e9r\u00e9s ? Mon kif ! Et c'est avec plaisir que je partage les r\u00e9sultats des sports populaires mais \u00e9galement plus confidentiels pour Dicodusport.\",\"sameAs\":[\"https:\/\/x.com\/https:\/\/twitter.com\/Shiclette94\"],\"url\":\"https:\/\/dicodusport.fr\/blog\/author\/arlette\/\"}]}<\/script>\n<!-- \/ Yoast SEO Premium plugin. -->","yoast_head_json":{"title":"Euro f\u00e9minin de handball 2022 : Cl\u00e9op\u00e2tre Darleux et Pauletta Foppa dans l'\u00e9quipe type","description":"Les Fran\u00e7aises Cl\u00e9op\u00e2tre Darleux et Pauletta Foppa font partie de \"l'\u00e9quipe All-star\" de l'Euro f\u00e9minin de handball.","robots":{"index":"index","follow":"follow","max-snippet":"max-snippet:-1","max-image-preview":"max-image-preview:large","max-video-preview":"max-video-preview:-1"},"canonical":"https:\/\/dicodusport.fr\/blog\/euro-feminin-de-handball-2022-cleopatre-darleux-et-pauletta-foppa-dans-lequipe-type\/","og_locale":"fr_FR","og_type":"article","og_title":"Euro f\u00e9minin de handball 2022 : Cl\u00e9op\u00e2tre Darleux et Pauletta Foppa dans l'\u00e9quipe type","og_description":"Les Fran\u00e7aises Cl\u00e9op\u00e2tre Darleux et Pauletta Foppa font partie de \"l'\u00e9quipe All-star\" de l'Euro f\u00e9minin de handball.","og_url":"https:\/\/dicodusport.fr\/blog\/euro-feminin-de-handball-2022-cleopatre-darleux-et-pauletta-foppa-dans-lequipe-type\/","og_site_name":"Dicodusport","article_publisher":"https:\/\/www.facebook.com\/dicodusport","article_published_time":"2022-11-20T11:55:44+00:00","article_modified_time":"2022-11-20T12:39:03+00:00","og_image":[{"width":800,"height":445,"url":"https:\/\/dicodusport.fr\/blog\/wp-content\/uploads\/2022\/11\/Euro-feminin-de-handball-2022-Cleopatre-Darleux-et-Pauletta-Foppa-dans-lequipe-type.jpg","type":"image\/jpeg"}],"author":"Arlette Yeye","twitter_card":"summary_large_image","twitter_title":"Euro f\u00e9minin de handball 2022 : Cl\u00e9op\u00e2tre Darleux et Pauletta Foppa dans l'\u00e9quipe type","twitter_creator":"@https:\/\/twitter.com\/Shiclette94","twitter_site":"@dicodusport","schema":{"@context":"https:\/\/schema.org","@graph":[{"@type":"NewsArticle","@id":"https:\/\/dicodusport.fr\/blog\/euro-feminin-de-handball-2022-cleopatre-darleux-et-pauletta-foppa-dans-lequipe-type\/#article","isPartOf":{"@id":"https:\/\/dicodusport.fr\/blog\/euro-feminin-de-handball-2022-cleopatre-darleux-et-pauletta-foppa-dans-lequipe-type\/"},"author":{"name":"Arlette Yeye","@id":"https:\/\/dicodusport.fr\/blog\/#\/schema\/person\/cce96fa88785bd8573e3d43078ac8c79"},"headline":"Euro f\u00e9minin de handball 2022 : Cl\u00e9op\u00e2tre Darleux et Pauletta Foppa dans l&rsquo;\u00e9quipe type","datePublished":"2022-11-20T11:55:44+00:00","dateModified":"2022-11-20T12:39:03+00:00","mainEntityOfPage":{"@id":"https:\/\/dicodusport.fr\/blog\/euro-feminin-de-handball-2022-cleopatre-darleux-et-pauletta-foppa-dans-lequipe-type\/"},"wordCount":518,"commentCount":0,"publisher":{"@id":"https:\/\/dicodusport.fr\/blog\/#organization"},"image":{"@id":"https:\/\/dicodusport.fr\/blog\/euro-feminin-de-handball-2022-cleopatre-darleux-et-pauletta-foppa-dans-lequipe-type\/#primaryimage"},"thumbnailUrl":"https:\/\/dicodusport.fr\/blog\/wp-content\/uploads\/2022\/11\/Euro-feminin-de-handball-2022-Cleopatre-Darleux-et-Pauletta-Foppa-dans-lequipe-type.jpg","keywords":["Cl\u00e9op\u00e2tre Darleux","Euro f\u00e9minin de handball","Pauletta Foppa"],"articleSection":["Euro de handball"],"inLanguage":"fr-FR","potentialAction":[{"@type":"CommentAction","name":"Comment","target":["https:\/\/dicodusport.fr\/blog\/euro-feminin-de-handball-2022-cleopatre-darleux-et-pauletta-foppa-dans-lequipe-type\/#respond"]}],"copyrightYear":"2022","copyrightHolder":{"@id":"https:\/\/dicodusport.fr\/blog\/#organization"}},{"@type":"WebPage","@id":"https:\/\/dicodusport.fr\/blog\/euro-feminin-de-handball-2022-cleopatre-darleux-et-pauletta-foppa-dans-lequipe-type\/","url":"https:\/\/dicodusport.fr\/blog\/euro-feminin-de-handball-2022-cleopatre-darleux-et-pauletta-foppa-dans-lequipe-type\/","name":"Euro f\u00e9minin de handball 2022 : Cl\u00e9op\u00e2tre Darleux et Pauletta Foppa dans l'\u00e9quipe type","isPartOf":{"@id":"https:\/\/dicodusport.fr\/blog\/#website"},"primaryImageOfPage":{"@id":"https:\/\/dicodusport.fr\/blog\/euro-feminin-de-handball-2022-cleopatre-darleux-et-pauletta-foppa-dans-lequipe-type\/#primaryimage"},"image":{"@id":"https:\/\/dicodusport.fr\/blog\/euro-feminin-de-handball-2022-cleopatre-darleux-et-pauletta-foppa-dans-lequipe-type\/#primaryimage"},"thumbnailUrl":"https:\/\/dicodusport.fr\/blog\/wp-content\/uploads\/2022\/11\/Euro-feminin-de-handball-2022-Cleopatre-Darleux-et-Pauletta-Foppa-dans-lequipe-type.jpg","datePublished":"2022-11-20T11:55:44+00:00","dateModified":"2022-11-20T12:39:03+00:00","description":"Les Fran\u00e7aises Cl\u00e9op\u00e2tre Darleux et Pauletta Foppa font partie de \"l'\u00e9quipe All-star\" de l'Euro f\u00e9minin de handball.","breadcrumb":{"@id":"https:\/\/dicodusport.fr\/blog\/euro-feminin-de-handball-2022-cleopatre-darleux-et-pauletta-foppa-dans-lequipe-type\/#breadcrumb"},"inLanguage":"fr-FR","potentialAction":[{"@type":"ReadAction","target":["https:\/\/dicodusport.fr\/blog\/euro-feminin-de-handball-2022-cleopatre-darleux-et-pauletta-foppa-dans-lequipe-type\/"]}]},{"@type":"ImageObject","inLanguage":"fr-FR","@id":"https:\/\/dicodusport.fr\/blog\/euro-feminin-de-handball-2022-cleopatre-darleux-et-pauletta-foppa-dans-lequipe-type\/#primaryimage","url":"https:\/\/dicodusport.fr\/blog\/wp-content\/uploads\/2022\/11\/Euro-feminin-de-handball-2022-Cleopatre-Darleux-et-Pauletta-Foppa-dans-lequipe-type.jpg","contentUrl":"https:\/\/dicodusport.fr\/blog\/wp-content\/uploads\/2022\/11\/Euro-feminin-de-handball-2022-Cleopatre-Darleux-et-Pauletta-Foppa-dans-lequipe-type.jpg","width":800,"height":445,"caption":"Euro f\u00e9minin de handball 2022 Cl\u00e9op\u00e2tre Darleux et Pauletta Foppa dans l'\u00e9quipe type"},{"@type":"BreadcrumbList","@id":"https:\/\/dicodusport.fr\/blog\/euro-feminin-de-handball-2022-cleopatre-darleux-et-pauletta-foppa-dans-lequipe-type\/#breadcrumb","itemListElement":[{"@type":"ListItem","position":1,"name":"Accueil","item":"https:\/\/dicodusport.fr\/blog\/"},{"@type":"ListItem","position":2,"name":"Euro f\u00e9minin de handball 2022 : Cl\u00e9op\u00e2tre Darleux et Pauletta Foppa dans l&rsquo;\u00e9quipe type"}]},{"@type":"WebSite","@id":"https:\/\/dicodusport.fr\/blog\/#website","url":"https:\/\/dicodusport.fr\/blog\/","name":"Dicodusport","description":"L&#039;encyclop\u00e9die de l&#039;actualit\u00e9 sportive","publisher":{"@id":"https:\/\/dicodusport.fr\/blog\/#organization"},"potentialAction":[{"@type":"SearchAction","target":{"@type":"EntryPoint","urlTemplate":"https:\/\/dicodusport.fr\/blog\/?s={search_term_string}"},"query-input":{"@type":"PropertyValueSpecification","valueRequired":true,"valueName":"search_term_string"}}],"inLanguage":"fr-FR"},{"@type":"NewsMediaOrganization","@id":"https:\/\/dicodusport.fr\/blog\/#organization","name":"Dicodusport","url":"https:\/\/dicodusport.fr\/blog\/","logo":{"@type":"ImageObject","inLanguage":"fr-FR","@id":"https:\/\/dicodusport.fr\/blog\/#\/schema\/logo\/image\/","url":"https:\/\/dicodusport.fr\/blog\/wp-content\/uploads\/2020\/06\/cropped-LOGO-DICODUSPORT-2020-SANS-FOND-SANS-TEXTE.png","contentUrl":"https:\/\/dicodusport.fr\/blog\/wp-content\/uploads\/2020\/06\/cropped-LOGO-DICODUSPORT-2020-SANS-FOND-SANS-TEXTE.png","width":512,"height":512,"caption":"Dicodusport"},"image":{"@id":"https:\/\/dicodusport.fr\/blog\/#\/schema\/logo\/image\/"},"sameAs":["https:\/\/www.facebook.com\/dicodusport","https:\/\/x.com\/dicodusport","https:\/\/www.instagram.com\/dicodusport\/","https:\/\/www.youtube.com\/channel\/UC7V2KZ5sd3htJivAbA4ZG3w"],"description":"Dicodusport est l'encyclop\u00e9die de l'actualit\u00e9 sportive.","email":"bonjour@dicodusport.fr","legalName":"DICODUSPORT","foundingDate":"2018-01-14","vatID":"FR71834470973","taxID":"83447097300043","numberOfEmployees":{"@type":"QuantitativeValue","minValue":"1","maxValue":"10"}},{"@type":"Person","@id":"https:\/\/dicodusport.fr\/blog\/#\/schema\/person\/cce96fa88785bd8573e3d43078ac8c79","name":"Arlette Yeye","image":{"@type":"ImageObject","inLanguage":"fr-FR","@id":"https:\/\/dicodusport.fr\/blog\/#\/schema\/person\/image\/","url":"https:\/\/secure.gravatar.com\/avatar\/dca4a6239e6d708e46c45d60e160de6c?s=96&d=wp_user_avatar&r=g","contentUrl":"https:\/\/secure.gravatar.com\/avatar\/dca4a6239e6d708e46c45d60e160de6c?s=96&d=wp_user_avatar&r=g","caption":"Arlette Yeye"},"description":"Journaliste\/r\u00e9dactrice depuis septembre 2015 - Supportrice de Chelsea, j'ai pour sports de pr\u00e9dilection le handball, l'athl\u00e9tisme et le tennis. Si je tweete plus vite que mon ombre, vous pouvez aussi me retrouver les week-ends sur les playgrounds de Bruxelles pour un petit foot ou basket entre potes. Parcourir la France, l'Europe et plus si affinit\u00e9s pour suivre mes sportifs pr\u00e9f\u00e9r\u00e9s ? Mon kif ! Et c'est avec plaisir que je partage les r\u00e9sultats des sports populaires mais \u00e9galement plus confidentiels pour Dicodusport.","sameAs":["https:\/\/x.com\/https:\/\/twitter.com\/Shiclette94"],"url":"https:\/\/dicodusport.fr\/blog\/author\/arlette\/"}]}},"_links":{"self":[{"href":"https:\/\/dicodusport.fr\/blog\/wp-json\/wp\/v2\/posts\/280667","targetHints":{"allow":["GET"]}}],"collection":[{"href":"https:\/\/dicodusport.fr\/blog\/wp-json\/wp\/v2\/posts"}],"about":[{"href":"https:\/\/dicodusport.fr\/blog\/wp-json\/wp\/v2\/types\/post"}],"author":[{"embeddable":true,"href":"https:\/\/dicodusport.fr\/blog\/wp-json\/wp\/v2\/users\/12"}],"replies":[{"embeddable":true,"href":"https:\/\/dicodusport.fr\/blog\/wp-json\/wp\/v2\/comments?post=280667"}],"version-history":[{"count":0,"href":"https:\/\/dicodusport.fr\/blog\/wp-json\/wp\/v2\/posts\/280667\/revisions"}],"wp:featuredmedia":[{"embeddable":true,"href":"https:\/\/dicodusport.fr\/blog\/wp-json\/wp\/v2\/media\/280669"}],"wp:attachment":[{"href":"https:\/\/dicodusport.fr\/blog\/wp-json\/wp\/v2\/media?parent=280667"}],"wp:term":[{"taxonomy":"category","embeddable":true,"href":"https:\/\/dicodusport.fr\/blog\/wp-json\/wp\/v2\/categories?post=280667"},{"taxonomy":"post_tag","embeddable":true,"href":"https:\/\/dicodusport.fr\/blog\/wp-json\/wp\/v2\/tags?post=280667"}],"curies":[{"name":"wp","href":"https:\/\/api.w.org\/{rel}","templated":true}]}}