{"id":28100,"date":"2018-10-25T22:54:12","date_gmt":"2018-10-25T20:54:12","guid":{"rendered":"http:\/\/dicodusport.fr\/blog\/?p=28100"},"modified":"2018-10-26T08:25:20","modified_gmt":"2018-10-26T06:25:20","slug":"om-lazio-1-3-les-notes-des-marseillais","status":"publish","type":"post","link":"https:\/\/dicodusport.fr\/blog\/om-lazio-1-3-les-notes-des-marseillais\/","title":{"rendered":"OM &#8211; Lazio (1-3) : les notes des Marseillais"},"content":{"rendered":"<p style=\"text-align: justify;\"><em><strong>L&rsquo;OM a quasiment dit adieu \u00e0 l&rsquo;Europa League, apr\u00e8s sa d\u00e9faite \u00e0 domicile face \u00e0 la Lazio, 1-3. Voici nos notes pour les Marseillais.<br \/>\n<\/strong><\/em><\/p>\n<p style=\"text-align: justify;\"><strong>Steve Mandanda &#8211; 3<\/strong> : Coupable d&rsquo;une sortie hasardeuse sur l&rsquo;ouverture du score de Wallace, le gardien international a ensuite sauv\u00e9 les meubles sur les offensives romaines, en r\u00e9alisant deux parades importantes (32&prime; et 52&prime;). En revanche, il ne peut pas faire grand chose sur le but de Caicedo \u00e0 l&rsquo;heure de jeu et celui de Marusic dans les derni\u00e8res minutes. Une soir\u00e9e frustrante pour le portier olympien.<\/p>\n<p style=\"text-align: justify;\"><strong>Hiroki Sakai &#8211; 6 <\/strong>: L&rsquo;un des Marseillais le moins \u00e0 la peine sur le terrain. Le Japonnais a \u00e9t\u00e9 solide dans son couloir droit avec quelques interventions d\u00e9cisives. Offensivement, on l&rsquo;a vu tenter et aller de l&rsquo;avant, adressant des centres qui n&rsquo;ont pas toujours trouv\u00e9s preneur. Il n&rsquo;a pas \u00e0 rougir de sa prestation personnelle.<\/p>\n<p style=\"text-align: justify;\"><strong>Adil Rami &#8211; 3<\/strong> : Il l\u00e2che le marquage sur le but de Wallace \u00e0 la 10\u00e8me minute. Trop tendre et manquant d&rsquo;agressivit\u00e9, l&rsquo;international tricolore a souffert et a laiss\u00e9 trop de libert\u00e9 aux attaquants romains, comme sur le deuxi\u00e8me but transalpin o\u00f9 il se fait balader par Immobile. D\u00e9pass\u00e9 de bout en bout, ce n&rsquo;est pas avec ce genre de prestation qu&rsquo;Adil Rami retrouvera les Bleus.<\/p>\n<p style=\"text-align: justify;\"><strong>Boubacar Kamara &#8211; 3 <\/strong>: Comme son acolyte de la d\u00e9fense centrale, le joueur de 19 ans a \u00e9t\u00e9 bouscul\u00e9 et n&rsquo;a pas \u00e9t\u00e9 au niveau ce soir. Il aurait pu co\u00fbter un p\u00e9nalty aux siens sur ce contact dans la surface marseillaise avec Caicedo (20&prime;). Pris de vitesse par Caicedo sur le deuxi\u00e8me but romain \u00e0 l&rsquo;heure de jeu. Bref, une soir\u00e9e \u00e0 oublier pour Kamara<\/p>\n<p style=\"text-align: justify;\"><strong>Jordan Amavi &#8211; 4<\/strong> : Match tr\u00e8s neutre pour le lat\u00e9ral gauche marseillais. Il a tent\u00e9 d&rsquo;amener quelque chose sur le front de l&rsquo;attaque phoc\u00e9enne, mais s&rsquo;est montr\u00e9 trop timide globalement. Il a ensuite \u00e9t\u00e9 d\u00e9pass\u00e9 dans son couloir sur le but de Caicedo en deuxi\u00e8me p\u00e9riode. Remplac\u00e9 par <strong>Bouna Sarr<\/strong> \u00e0 la 81\u00e8me minute.<\/p>\n<p style=\"text-align: justify;\"><strong>Kevin Strootman &#8211; 3 <\/strong>: On attend toujours plus du N\u00e9erlandais. Tranchant en tout d\u00e9but de rencontre, il a ensuite subi face aux attaquants du club italien. Il a disparu de la circulation au fil de la rencontre. Une d\u00e9ception, encore une fois.<\/p>\n<p style=\"text-align: justify;\"><strong>Luiz Gustavo &#8211; 5<\/strong> : Un petit peu plus en vue que son comp\u00e8re de l&rsquo;entre-jeu, le Br\u00e9silien s&rsquo;est surtout illustr\u00e9 d\u00e9fensivement lors du premier acte, avec des interventions tranchantes (4 ballons r\u00e9cup\u00e9r\u00e9s durant la 1\u00e8re demi-heure), avant de subir un peu plus face aux assauts de la Lazio. Une perc\u00e9e qui aurait pu offrir l&rsquo;\u00e9galisation avant l&rsquo;heure de jeu. Mais quand \u00e7a ne veut pas&#8230; On louera n\u00e9anmoins son envie sur le terrain, lui permettant de s&rsquo;arracher en deuxi\u00e8me mi-temps, alors que les Olympiens \u00e9taient en train de sombrer. En vain.<\/p>\n<p style=\"text-align: justify;\"><strong>Morgan Sanson &#8211; 5<\/strong> : L&rsquo;ancien Montpelli\u00e9rain n&rsquo;a pas \u00e9t\u00e9 ridicule ce soir. Il n&rsquo;est pas loin d&rsquo;\u00e9galiser peu avant la demi-heure de jeu sur une magnifique frappe enroul\u00e9e mais surtout en tout d\u00e9but de deuxi\u00e8me acte, loupant l&rsquo;immanquable face au but italien (56&prime;). S&rsquo;il a eu du d\u00e9chet, il a tent\u00e9 et n&rsquo;a pas m\u00e9nag\u00e9 ses efforts. Remplac\u00e9 par <strong>Clinton Njie<\/strong> \u00e0 la 66\u00e8me minute.<\/p>\n<p style=\"text-align: justify;\"><strong>Dimitri Payet &#8211; 4\u00a0<\/strong> : Esseul\u00e9 dans la cr\u00e9ation du jeu, le R\u00e9unionnais n&rsquo;a pas pes\u00e9 sur les d\u00e9bats ce soir. Sans parler des corners mal tir\u00e9s, chose rare chez l&rsquo;ancien joueur de West Ham. Il a \u00e9galement perdu 12 ballons durant les quarante premi\u00e8res minutes. Mais sans mouvement autour de lui, comment pouvait-il en \u00eatre autrement ? Son coup-franc magistral sauve quelque peu son match (87&prime;).<\/p>\n<p style=\"text-align: justify;\"><strong>Lucas Ocampos &#8211; 5<\/strong> : Du bon et du moins bon pour l&rsquo;Argentin. Il a \u00e9t\u00e9 plut\u00f4t \u00e0 l&rsquo;aise offensivement et n&rsquo;\u00e9tait pas loin d&rsquo;\u00e9galiser \u00e0 la 26\u00e8me minute. Il a tent\u00e9 de combiner, notamment avec Mitroglou, mais sans succ\u00e8s.<\/p>\n<p style=\"text-align: justify;\"><strong>Kostas Mitroglou &#8211; 3<\/strong>\u00a0: Un nouveau match tr\u00e8s compliqu\u00e9 pour le Grec. Les Romains ayant eu la possession du ballon, il a eu du mal \u00e0 \u00eatre trouv\u00e9 par Payet lorsque ce dernier avait le ballon. Remplac\u00e9 par <strong>Val\u00e8re Germain<\/strong> \u00e0 la 66\u00e8me minute.<\/p>\n<p><strong><em>Flo Ostermann<br \/>\n<a href=\"https:\/\/www.facebook.com\/florent.ostermann\"><img loading=\"lazy\" decoding=\"async\" class=\"alignnone wp-image-2909\" src=\"http:\/\/dicodusport.fr\/blog\/wp-content\/uploads\/2017\/07\/logo-facebook-150x150.png\" sizes=\"auto, (max-width: 40px) 100vw, 40px\" srcset=\"https:\/\/dicodusport.fr\/blog\/wp-content\/uploads\/2017\/07\/logo-facebook-150x150.png 150w, https:\/\/dicodusport.fr\/blog\/wp-content\/uploads\/2017\/07\/logo-facebook-300x300.png 300w, https:\/\/dicodusport.fr\/blog\/wp-content\/uploads\/2017\/07\/logo-facebook.png 400w\" alt=\"\" width=\"40\" height=\"40\" \/><\/a><a href=\"https:\/\/twitter.com\/SportInsideMag\"><img loading=\"lazy\" decoding=\"async\" class=\"alignnone wp-image-2908\" src=\"http:\/\/dicodusport.fr\/blog\/wp-content\/uploads\/2017\/07\/logo-twitter-150x150.png\" alt=\"\" width=\"39\" height=\"39\" \/><\/a><\/em><\/strong><\/p>\n","protected":false},"excerpt":{"rendered":"<p>L&rsquo;OM a quasiment dit adieu \u00e0 l&rsquo;Europa League, apr\u00e8s sa d\u00e9faite \u00e0 domicile face \u00e0 la Lazio, 1-3. Voici nos notes pour les Marseillais.<\/p>\n","protected":false},"author":4,"featured_media":28103,"comment_status":"open","ping_status":"closed","sticky":false,"template":"","format":"standard","meta":{"_acf_changed":false,"_daextam_enable_autolinks":"","footnotes":""},"categories":[2,2301],"tags":[3829,75,4437],"class_list":["post-28100","post","type-post","status-publish","format-standard","has-post-thumbnail","hentry","category-actualites","category-football","tag-europa-league","tag-football","tag-ligue-europa"],"acf":[],"yoast_head":"<!-- This site is optimized with the Yoast SEO Premium plugin v26.7 (Yoast SEO v26.7) - https:\/\/yoast.com\/wordpress\/plugins\/seo\/ -->\n<title>OM - Lazio (1-3) : les notes des Marseillais<\/title>\n<meta name=\"description\" content=\"L&#039;OM a quasiment dit adieu \u00e0 l&#039;Europa League, apr\u00e8s sa d\u00e9faite \u00e0 domicile face \u00e0 la Lazio, 1-3. Voici nos notes pour les Marseillais.\" \/>\n<meta name=\"robots\" content=\"index, follow, max-snippet:-1, max-image-preview:large, max-video-preview:-1\" \/>\n<link rel=\"canonical\" href=\"https:\/\/dicodusport.fr\/blog\/om-lazio-1-3-les-notes-des-marseillais\/\" \/>\n<meta property=\"og:locale\" content=\"fr_FR\" \/>\n<meta property=\"og:type\" content=\"article\" \/>\n<meta property=\"og:title\" content=\"OM - Lazio (1-3) : les notes des Marseillais\" \/>\n<meta property=\"og:description\" content=\"L&#039;OM a quasiment dit adieu \u00e0 l&#039;Europa League, apr\u00e8s sa d\u00e9faite \u00e0 domicile face \u00e0 la Lazio, 1-3. Voici nos notes pour les Marseillais.\" \/>\n<meta property=\"og:url\" content=\"https:\/\/dicodusport.fr\/blog\/om-lazio-1-3-les-notes-des-marseillais\/\" \/>\n<meta property=\"og:site_name\" content=\"Dicodusport\" \/>\n<meta property=\"article:publisher\" content=\"https:\/\/www.facebook.com\/dicodusport\" \/>\n<meta property=\"article:author\" content=\"https:\/\/www.facebook.com\/florent.ostermann\" \/>\n<meta property=\"article:published_time\" content=\"2018-10-25T20:54:12+00:00\" \/>\n<meta property=\"article:modified_time\" content=\"2018-10-26T06:25:20+00:00\" \/>\n<meta property=\"og:image\" content=\"https:\/\/dicodusport.fr\/blog\/wp-content\/uploads\/2018\/10\/Notes-OM-Lazio-Rome-Europa-League.png\" \/>\n\t<meta property=\"og:image:width\" content=\"800\" \/>\n\t<meta property=\"og:image:height\" content=\"445\" \/>\n\t<meta property=\"og:image:type\" content=\"image\/png\" \/>\n<meta name=\"author\" content=\"Flo Ostermann\" \/>\n<meta name=\"twitter:card\" content=\"summary_large_image\" \/>\n<meta name=\"twitter:creator\" content=\"@https:\/\/twitter.com\/FlOstermann\" \/>\n<meta name=\"twitter:site\" content=\"@dicodusport\" \/>\n<script type=\"application\/ld+json\" class=\"yoast-schema-graph\">{\"@context\":\"https:\/\/schema.org\",\"@graph\":[{\"@type\":\"NewsArticle\",\"@id\":\"https:\/\/dicodusport.fr\/blog\/om-lazio-1-3-les-notes-des-marseillais\/#article\",\"isPartOf\":{\"@id\":\"https:\/\/dicodusport.fr\/blog\/om-lazio-1-3-les-notes-des-marseillais\/\"},\"author\":{\"name\":\"Flo Ostermann\",\"@id\":\"https:\/\/dicodusport.fr\/blog\/#\/schema\/person\/cb02af4c173ce4a653b55e9baf388d4a\"},\"headline\":\"OM &#8211; Lazio (1-3) : les notes des Marseillais\",\"datePublished\":\"2018-10-25T20:54:12+00:00\",\"dateModified\":\"2018-10-26T06:25:20+00:00\",\"mainEntityOfPage\":{\"@id\":\"https:\/\/dicodusport.fr\/blog\/om-lazio-1-3-les-notes-des-marseillais\/\"},\"wordCount\":739,\"commentCount\":0,\"publisher\":{\"@id\":\"https:\/\/dicodusport.fr\/blog\/#organization\"},\"image\":{\"@id\":\"https:\/\/dicodusport.fr\/blog\/om-lazio-1-3-les-notes-des-marseillais\/#primaryimage\"},\"thumbnailUrl\":\"https:\/\/dicodusport.fr\/blog\/wp-content\/uploads\/2018\/10\/Notes-OM-Lazio-Rome-Europa-League.png\",\"keywords\":[\"Europa League\",\"Football\",\"Ligue Europa\"],\"articleSection\":[\"Actualit\u00e9s\",\"Football\"],\"inLanguage\":\"fr-FR\",\"potentialAction\":[{\"@type\":\"CommentAction\",\"name\":\"Comment\",\"target\":[\"https:\/\/dicodusport.fr\/blog\/om-lazio-1-3-les-notes-des-marseillais\/#respond\"]}],\"copyrightYear\":\"2018\",\"copyrightHolder\":{\"@id\":\"https:\/\/dicodusport.fr\/blog\/#organization\"}},{\"@type\":\"WebPage\",\"@id\":\"https:\/\/dicodusport.fr\/blog\/om-lazio-1-3-les-notes-des-marseillais\/\",\"url\":\"https:\/\/dicodusport.fr\/blog\/om-lazio-1-3-les-notes-des-marseillais\/\",\"name\":\"OM - Lazio (1-3) : les notes des Marseillais\",\"isPartOf\":{\"@id\":\"https:\/\/dicodusport.fr\/blog\/#website\"},\"primaryImageOfPage\":{\"@id\":\"https:\/\/dicodusport.fr\/blog\/om-lazio-1-3-les-notes-des-marseillais\/#primaryimage\"},\"image\":{\"@id\":\"https:\/\/dicodusport.fr\/blog\/om-lazio-1-3-les-notes-des-marseillais\/#primaryimage\"},\"thumbnailUrl\":\"https:\/\/dicodusport.fr\/blog\/wp-content\/uploads\/2018\/10\/Notes-OM-Lazio-Rome-Europa-League.png\",\"datePublished\":\"2018-10-25T20:54:12+00:00\",\"dateModified\":\"2018-10-26T06:25:20+00:00\",\"description\":\"L'OM a quasiment dit adieu \u00e0 l'Europa League, apr\u00e8s sa d\u00e9faite \u00e0 domicile face \u00e0 la Lazio, 1-3. Voici nos notes pour les Marseillais.\",\"breadcrumb\":{\"@id\":\"https:\/\/dicodusport.fr\/blog\/om-lazio-1-3-les-notes-des-marseillais\/#breadcrumb\"},\"inLanguage\":\"fr-FR\",\"potentialAction\":[{\"@type\":\"ReadAction\",\"target\":[\"https:\/\/dicodusport.fr\/blog\/om-lazio-1-3-les-notes-des-marseillais\/\"]}]},{\"@type\":\"ImageObject\",\"inLanguage\":\"fr-FR\",\"@id\":\"https:\/\/dicodusport.fr\/blog\/om-lazio-1-3-les-notes-des-marseillais\/#primaryimage\",\"url\":\"https:\/\/dicodusport.fr\/blog\/wp-content\/uploads\/2018\/10\/Notes-OM-Lazio-Rome-Europa-League.png\",\"contentUrl\":\"https:\/\/dicodusport.fr\/blog\/wp-content\/uploads\/2018\/10\/Notes-OM-Lazio-Rome-Europa-League.png\",\"width\":800,\"height\":445},{\"@type\":\"BreadcrumbList\",\"@id\":\"https:\/\/dicodusport.fr\/blog\/om-lazio-1-3-les-notes-des-marseillais\/#breadcrumb\",\"itemListElement\":[{\"@type\":\"ListItem\",\"position\":1,\"name\":\"Accueil\",\"item\":\"https:\/\/dicodusport.fr\/blog\/\"},{\"@type\":\"ListItem\",\"position\":2,\"name\":\"OM &#8211; Lazio (1-3) : les notes des Marseillais\"}]},{\"@type\":\"WebSite\",\"@id\":\"https:\/\/dicodusport.fr\/blog\/#website\",\"url\":\"https:\/\/dicodusport.fr\/blog\/\",\"name\":\"Dicodusport\",\"description\":\"L&#039;encyclop\u00e9die de l&#039;actualit\u00e9 sportive\",\"publisher\":{\"@id\":\"https:\/\/dicodusport.fr\/blog\/#organization\"},\"potentialAction\":[{\"@type\":\"SearchAction\",\"target\":{\"@type\":\"EntryPoint\",\"urlTemplate\":\"https:\/\/dicodusport.fr\/blog\/?s={search_term_string}\"},\"query-input\":{\"@type\":\"PropertyValueSpecification\",\"valueRequired\":true,\"valueName\":\"search_term_string\"}}],\"inLanguage\":\"fr-FR\"},{\"@type\":\"NewsMediaOrganization\",\"@id\":\"https:\/\/dicodusport.fr\/blog\/#organization\",\"name\":\"Dicodusport\",\"url\":\"https:\/\/dicodusport.fr\/blog\/\",\"logo\":{\"@type\":\"ImageObject\",\"inLanguage\":\"fr-FR\",\"@id\":\"https:\/\/dicodusport.fr\/blog\/#\/schema\/logo\/image\/\",\"url\":\"https:\/\/dicodusport.fr\/blog\/wp-content\/uploads\/2020\/06\/cropped-LOGO-DICODUSPORT-2020-SANS-FOND-SANS-TEXTE.png\",\"contentUrl\":\"https:\/\/dicodusport.fr\/blog\/wp-content\/uploads\/2020\/06\/cropped-LOGO-DICODUSPORT-2020-SANS-FOND-SANS-TEXTE.png\",\"width\":512,\"height\":512,\"caption\":\"Dicodusport\"},\"image\":{\"@id\":\"https:\/\/dicodusport.fr\/blog\/#\/schema\/logo\/image\/\"},\"sameAs\":[\"https:\/\/www.facebook.com\/dicodusport\",\"https:\/\/x.com\/dicodusport\",\"https:\/\/www.instagram.com\/dicodusport\/\",\"https:\/\/www.youtube.com\/channel\/UC7V2KZ5sd3htJivAbA4ZG3w\"],\"description\":\"Dicodusport est l'encyclop\u00e9die de l'actualit\u00e9 sportive.\",\"email\":\"bonjour@dicodusport.fr\",\"legalName\":\"DICODUSPORT\",\"foundingDate\":\"2018-01-14\",\"vatID\":\"FR71834470973\",\"taxID\":\"83447097300043\",\"numberOfEmployees\":{\"@type\":\"QuantitativeValue\",\"minValue\":\"1\",\"maxValue\":\"10\"}},{\"@type\":\"Person\",\"@id\":\"https:\/\/dicodusport.fr\/blog\/#\/schema\/person\/cb02af4c173ce4a653b55e9baf388d4a\",\"name\":\"Flo Ostermann\",\"image\":{\"@type\":\"ImageObject\",\"inLanguage\":\"fr-FR\",\"@id\":\"https:\/\/dicodusport.fr\/blog\/#\/schema\/person\/image\/\",\"url\":\"https:\/\/dicodusport.fr\/blog\/wp-content\/uploads\/2021\/05\/Flo-Ostermann-150x150.jpg\",\"contentUrl\":\"https:\/\/dicodusport.fr\/blog\/wp-content\/uploads\/2021\/05\/Flo-Ostermann-150x150.jpg\",\"caption\":\"Flo Ostermann\"},\"description\":\"Journaliste\/R\u00e9dacteur depuis septembre 2015 - Mes premiers souvenirs dans le sport ? Les envol\u00e9es du Stade Toulousain et les duels Villeneuve-Schumacher et H\u00e4kkinen-Schumacher \u00e0 la fin des ann\u00e9es 90, la Coupe du monde de football en 1998, l\u2019exploit du XV de France face aux All Blacks en 1999, mais aussi Richard C\u0153ur de Lion qui vole sur les montagnes du Tour de France. Bien parti pour devenir professeur d\u2019EPS, les \u00e9v\u00e9nements de la vie (et la flemme d\u2019animer des s\u00e9ances de 3x500 m\u00e8tres toute ma vie) m\u2019ont conduit \u00e0 revoir mes plans. Me voil\u00e0 depuis fin 2017 sur Dicodusport, m\u00e9dia gr\u00e2ce (et pour) lequel je partage ma passion : le sport dans tous ses \u00e9tats. Le tout accompagn\u00e9 par les fous furieux et folles furieuses cit\u00e9s sur cette page !\",\"sameAs\":[\"https:\/\/www.facebook.com\/florent.ostermann\",\"https:\/\/x.com\/https:\/\/twitter.com\/FlOstermann\",\"admin\"],\"url\":\"https:\/\/dicodusport.fr\/blog\/author\/flo\/\"}]}<\/script>\n<!-- \/ Yoast SEO Premium plugin. -->","yoast_head_json":{"title":"OM - Lazio (1-3) : les notes des Marseillais","description":"L'OM a quasiment dit adieu \u00e0 l'Europa League, apr\u00e8s sa d\u00e9faite \u00e0 domicile face \u00e0 la Lazio, 1-3. Voici nos notes pour les Marseillais.","robots":{"index":"index","follow":"follow","max-snippet":"max-snippet:-1","max-image-preview":"max-image-preview:large","max-video-preview":"max-video-preview:-1"},"canonical":"https:\/\/dicodusport.fr\/blog\/om-lazio-1-3-les-notes-des-marseillais\/","og_locale":"fr_FR","og_type":"article","og_title":"OM - Lazio (1-3) : les notes des Marseillais","og_description":"L'OM a quasiment dit adieu \u00e0 l'Europa League, apr\u00e8s sa d\u00e9faite \u00e0 domicile face \u00e0 la Lazio, 1-3. Voici nos notes pour les Marseillais.","og_url":"https:\/\/dicodusport.fr\/blog\/om-lazio-1-3-les-notes-des-marseillais\/","og_site_name":"Dicodusport","article_publisher":"https:\/\/www.facebook.com\/dicodusport","article_author":"https:\/\/www.facebook.com\/florent.ostermann","article_published_time":"2018-10-25T20:54:12+00:00","article_modified_time":"2018-10-26T06:25:20+00:00","og_image":[{"width":800,"height":445,"url":"https:\/\/dicodusport.fr\/blog\/wp-content\/uploads\/2018\/10\/Notes-OM-Lazio-Rome-Europa-League.png","type":"image\/png"}],"author":"Flo Ostermann","twitter_card":"summary_large_image","twitter_creator":"@https:\/\/twitter.com\/FlOstermann","twitter_site":"@dicodusport","schema":{"@context":"https:\/\/schema.org","@graph":[{"@type":"NewsArticle","@id":"https:\/\/dicodusport.fr\/blog\/om-lazio-1-3-les-notes-des-marseillais\/#article","isPartOf":{"@id":"https:\/\/dicodusport.fr\/blog\/om-lazio-1-3-les-notes-des-marseillais\/"},"author":{"name":"Flo Ostermann","@id":"https:\/\/dicodusport.fr\/blog\/#\/schema\/person\/cb02af4c173ce4a653b55e9baf388d4a"},"headline":"OM &#8211; Lazio (1-3) : les notes des Marseillais","datePublished":"2018-10-25T20:54:12+00:00","dateModified":"2018-10-26T06:25:20+00:00","mainEntityOfPage":{"@id":"https:\/\/dicodusport.fr\/blog\/om-lazio-1-3-les-notes-des-marseillais\/"},"wordCount":739,"commentCount":0,"publisher":{"@id":"https:\/\/dicodusport.fr\/blog\/#organization"},"image":{"@id":"https:\/\/dicodusport.fr\/blog\/om-lazio-1-3-les-notes-des-marseillais\/#primaryimage"},"thumbnailUrl":"https:\/\/dicodusport.fr\/blog\/wp-content\/uploads\/2018\/10\/Notes-OM-Lazio-Rome-Europa-League.png","keywords":["Europa League","Football","Ligue Europa"],"articleSection":["Actualit\u00e9s","Football"],"inLanguage":"fr-FR","potentialAction":[{"@type":"CommentAction","name":"Comment","target":["https:\/\/dicodusport.fr\/blog\/om-lazio-1-3-les-notes-des-marseillais\/#respond"]}],"copyrightYear":"2018","copyrightHolder":{"@id":"https:\/\/dicodusport.fr\/blog\/#organization"}},{"@type":"WebPage","@id":"https:\/\/dicodusport.fr\/blog\/om-lazio-1-3-les-notes-des-marseillais\/","url":"https:\/\/dicodusport.fr\/blog\/om-lazio-1-3-les-notes-des-marseillais\/","name":"OM - Lazio (1-3) : les notes des Marseillais","isPartOf":{"@id":"https:\/\/dicodusport.fr\/blog\/#website"},"primaryImageOfPage":{"@id":"https:\/\/dicodusport.fr\/blog\/om-lazio-1-3-les-notes-des-marseillais\/#primaryimage"},"image":{"@id":"https:\/\/dicodusport.fr\/blog\/om-lazio-1-3-les-notes-des-marseillais\/#primaryimage"},"thumbnailUrl":"https:\/\/dicodusport.fr\/blog\/wp-content\/uploads\/2018\/10\/Notes-OM-Lazio-Rome-Europa-League.png","datePublished":"2018-10-25T20:54:12+00:00","dateModified":"2018-10-26T06:25:20+00:00","description":"L'OM a quasiment dit adieu \u00e0 l'Europa League, apr\u00e8s sa d\u00e9faite \u00e0 domicile face \u00e0 la Lazio, 1-3. Voici nos notes pour les Marseillais.","breadcrumb":{"@id":"https:\/\/dicodusport.fr\/blog\/om-lazio-1-3-les-notes-des-marseillais\/#breadcrumb"},"inLanguage":"fr-FR","potentialAction":[{"@type":"ReadAction","target":["https:\/\/dicodusport.fr\/blog\/om-lazio-1-3-les-notes-des-marseillais\/"]}]},{"@type":"ImageObject","inLanguage":"fr-FR","@id":"https:\/\/dicodusport.fr\/blog\/om-lazio-1-3-les-notes-des-marseillais\/#primaryimage","url":"https:\/\/dicodusport.fr\/blog\/wp-content\/uploads\/2018\/10\/Notes-OM-Lazio-Rome-Europa-League.png","contentUrl":"https:\/\/dicodusport.fr\/blog\/wp-content\/uploads\/2018\/10\/Notes-OM-Lazio-Rome-Europa-League.png","width":800,"height":445},{"@type":"BreadcrumbList","@id":"https:\/\/dicodusport.fr\/blog\/om-lazio-1-3-les-notes-des-marseillais\/#breadcrumb","itemListElement":[{"@type":"ListItem","position":1,"name":"Accueil","item":"https:\/\/dicodusport.fr\/blog\/"},{"@type":"ListItem","position":2,"name":"OM &#8211; Lazio (1-3) : les notes des Marseillais"}]},{"@type":"WebSite","@id":"https:\/\/dicodusport.fr\/blog\/#website","url":"https:\/\/dicodusport.fr\/blog\/","name":"Dicodusport","description":"L&#039;encyclop\u00e9die de l&#039;actualit\u00e9 sportive","publisher":{"@id":"https:\/\/dicodusport.fr\/blog\/#organization"},"potentialAction":[{"@type":"SearchAction","target":{"@type":"EntryPoint","urlTemplate":"https:\/\/dicodusport.fr\/blog\/?s={search_term_string}"},"query-input":{"@type":"PropertyValueSpecification","valueRequired":true,"valueName":"search_term_string"}}],"inLanguage":"fr-FR"},{"@type":"NewsMediaOrganization","@id":"https:\/\/dicodusport.fr\/blog\/#organization","name":"Dicodusport","url":"https:\/\/dicodusport.fr\/blog\/","logo":{"@type":"ImageObject","inLanguage":"fr-FR","@id":"https:\/\/dicodusport.fr\/blog\/#\/schema\/logo\/image\/","url":"https:\/\/dicodusport.fr\/blog\/wp-content\/uploads\/2020\/06\/cropped-LOGO-DICODUSPORT-2020-SANS-FOND-SANS-TEXTE.png","contentUrl":"https:\/\/dicodusport.fr\/blog\/wp-content\/uploads\/2020\/06\/cropped-LOGO-DICODUSPORT-2020-SANS-FOND-SANS-TEXTE.png","width":512,"height":512,"caption":"Dicodusport"},"image":{"@id":"https:\/\/dicodusport.fr\/blog\/#\/schema\/logo\/image\/"},"sameAs":["https:\/\/www.facebook.com\/dicodusport","https:\/\/x.com\/dicodusport","https:\/\/www.instagram.com\/dicodusport\/","https:\/\/www.youtube.com\/channel\/UC7V2KZ5sd3htJivAbA4ZG3w"],"description":"Dicodusport est l'encyclop\u00e9die de l'actualit\u00e9 sportive.","email":"bonjour@dicodusport.fr","legalName":"DICODUSPORT","foundingDate":"2018-01-14","vatID":"FR71834470973","taxID":"83447097300043","numberOfEmployees":{"@type":"QuantitativeValue","minValue":"1","maxValue":"10"}},{"@type":"Person","@id":"https:\/\/dicodusport.fr\/blog\/#\/schema\/person\/cb02af4c173ce4a653b55e9baf388d4a","name":"Flo Ostermann","image":{"@type":"ImageObject","inLanguage":"fr-FR","@id":"https:\/\/dicodusport.fr\/blog\/#\/schema\/person\/image\/","url":"https:\/\/dicodusport.fr\/blog\/wp-content\/uploads\/2021\/05\/Flo-Ostermann-150x150.jpg","contentUrl":"https:\/\/dicodusport.fr\/blog\/wp-content\/uploads\/2021\/05\/Flo-Ostermann-150x150.jpg","caption":"Flo Ostermann"},"description":"Journaliste\/R\u00e9dacteur depuis septembre 2015 - Mes premiers souvenirs dans le sport ? Les envol\u00e9es du Stade Toulousain et les duels Villeneuve-Schumacher et H\u00e4kkinen-Schumacher \u00e0 la fin des ann\u00e9es 90, la Coupe du monde de football en 1998, l\u2019exploit du XV de France face aux All Blacks en 1999, mais aussi Richard C\u0153ur de Lion qui vole sur les montagnes du Tour de France. Bien parti pour devenir professeur d\u2019EPS, les \u00e9v\u00e9nements de la vie (et la flemme d\u2019animer des s\u00e9ances de 3x500 m\u00e8tres toute ma vie) m\u2019ont conduit \u00e0 revoir mes plans. Me voil\u00e0 depuis fin 2017 sur Dicodusport, m\u00e9dia gr\u00e2ce (et pour) lequel je partage ma passion : le sport dans tous ses \u00e9tats. Le tout accompagn\u00e9 par les fous furieux et folles furieuses cit\u00e9s sur cette page !","sameAs":["https:\/\/www.facebook.com\/florent.ostermann","https:\/\/x.com\/https:\/\/twitter.com\/FlOstermann","admin"],"url":"https:\/\/dicodusport.fr\/blog\/author\/flo\/"}]}},"_links":{"self":[{"href":"https:\/\/dicodusport.fr\/blog\/wp-json\/wp\/v2\/posts\/28100","targetHints":{"allow":["GET"]}}],"collection":[{"href":"https:\/\/dicodusport.fr\/blog\/wp-json\/wp\/v2\/posts"}],"about":[{"href":"https:\/\/dicodusport.fr\/blog\/wp-json\/wp\/v2\/types\/post"}],"author":[{"embeddable":true,"href":"https:\/\/dicodusport.fr\/blog\/wp-json\/wp\/v2\/users\/4"}],"replies":[{"embeddable":true,"href":"https:\/\/dicodusport.fr\/blog\/wp-json\/wp\/v2\/comments?post=28100"}],"version-history":[{"count":0,"href":"https:\/\/dicodusport.fr\/blog\/wp-json\/wp\/v2\/posts\/28100\/revisions"}],"wp:featuredmedia":[{"embeddable":true,"href":"https:\/\/dicodusport.fr\/blog\/wp-json\/wp\/v2\/media\/28103"}],"wp:attachment":[{"href":"https:\/\/dicodusport.fr\/blog\/wp-json\/wp\/v2\/media?parent=28100"}],"wp:term":[{"taxonomy":"category","embeddable":true,"href":"https:\/\/dicodusport.fr\/blog\/wp-json\/wp\/v2\/categories?post=28100"},{"taxonomy":"post_tag","embeddable":true,"href":"https:\/\/dicodusport.fr\/blog\/wp-json\/wp\/v2\/tags?post=28100"}],"curies":[{"name":"wp","href":"https:\/\/api.w.org\/{rel}","templated":true}]}}