{"id":281079,"date":"2022-11-21T13:21:53","date_gmt":"2022-11-21T12:21:53","guid":{"rendered":"https:\/\/dicodusport.fr\/blog\/?p=281079&#038;preview=true&#038;preview_id=281079"},"modified":"2022-11-21T13:32:52","modified_gmt":"2022-11-21T12:32:52","slug":"jessy-tremouliere-les-membres-du-staff-du-xv-de-france-ont-ete-malhonnetes","status":"publish","type":"post","link":"https:\/\/dicodusport.fr\/blog\/jessy-tremouliere-les-membres-du-staff-du-xv-de-france-ont-ete-malhonnetes\/","title":{"rendered":"Jessy Tr\u00e9mouli\u00e8re : \u00ab\u00a0Les membres du staff du XV de France ont \u00e9t\u00e9 malhonn\u00eates\u00a0\u00bb"},"content":{"rendered":"<p style=\"text-align: justify;\" align=\"justify\"><em><strong><a href=\"https:\/\/dicodusport.fr\/blog\/actualites\/rugby\/rugby-a-xv\/xv-de-france\/\">XV DE FRANCE<\/a> &#8211; Dans un long entretien accord\u00e9 \u00e0 L&rsquo;\u00c9quipe, l&rsquo;arri\u00e8re de l&rsquo;\u00e9quipe de France f\u00e9minine de rugby, Jessy Tr\u00e9mouli\u00e8re, est revenue sur sa Coupe du monde avec les Bleues, et a exprim\u00e9 sa d\u00e9ception quant \u00e0 certaines choses.\u00a0<\/strong><\/em><\/p>\n<p style=\"text-align: justify;\" align=\"justify\">La trois-quarts des Bleues,<strong> Jessy Tr\u00e9mouli\u00e8re,<\/strong> a v\u00e9cu une Coupe du monde compliqu\u00e9e, avec peu de temps de jeu. Son absence en demi-finale a \u00e9t\u00e9 point\u00e9e du doigt, alors qu&rsquo;elle aurait pu prendre la p\u00e9nalit\u00e9 de la gagne rat\u00e9e par sa co\u00e9quipi\u00e8re, Caroline Drouin. <strong>Jessy<\/strong> <strong>Tr\u00e9mouli\u00e8re<\/strong> en veut aux trois membres du staff de l&rsquo;\u00e9quipe de France, <strong>Thomas<\/strong> <strong>Darracq<\/strong> et ses deux adjoints <strong>David<\/strong> <strong>Ortiz<\/strong> et <strong>Ga\u00eblle<\/strong> <strong>Mignot<\/strong>, comme elle l&rsquo;a expliqu\u00e9 \u00e0 <a href=\"https:\/\/www.lequipe.fr\/Rugby\/Article\/L-amertume-de-jessy-tremouliere-vis-a-vis-du-staff-des-bleues-ils-ont-ete-malhonnetes\/1365960\" target=\"_blank\" rel=\"nofollow noopener\"><em>L&rsquo;\u00c9quipe<\/em><\/a>.<\/p>\n<blockquote>\n<p style=\"text-align: justify;\" align=\"justify\">Sur les six matches du Mondial, j&rsquo;ai eu deux entretiens avec les entra\u00eeneurs. Les choix n&rsquo;ont pas \u00e9t\u00e9 justifi\u00e9s. Il n&rsquo;y a pas eu d&rsquo;honn\u00eatet\u00e9 dans nos entretiens, ils m&rsquo;ont fait des reproches mais ce n&rsquo;\u00e9tait pas du tout constructif. Ils ont point\u00e9 du doigt ce qui n&rsquo;allait pas, notamment un manque de vitesse. Mais ils savaient d\u00e8s le d\u00e9but que je n&rsquo;\u00e9tais pas la plus rapide.<\/p>\n<\/blockquote>\n<p style=\"text-align: justify;\" align=\"justify\">La meilleure joueuse du monde en 2018 va m\u00eame plus loin en se montrant tr\u00e8s dure envers les trois membres du staff des <strong>Bleues<\/strong> en <strong>Nouvelle<\/strong>&#8211;<strong>Z\u00e9lande<\/strong>.<\/p>\n<blockquote>\n<p style=\"text-align: justify;\" align=\"justify\">Je leur reproche un manque de respect. Ils ont \u00e9t\u00e9 malhonn\u00eates parce qu&rsquo;il n&rsquo;y avait pas du tout de discours constructif. J&rsquo;ai le sentiment qu&rsquo;on m&rsquo;a mis la t\u00eate sous l&rsquo;eau, \u00e0 me rabaisser. En ressortant des entretiens, j&rsquo;avais l&rsquo;impression d&rsquo;\u00eatre nulle, de ne plus savoir jouer au rugby. Je ne savais pas, sur les entra\u00eenements, o\u00f9 est-ce qu&rsquo;il fallait que je m&rsquo;am\u00e9liore pour apporter un petit plus. On avan\u00e7ait un peu \u00e0 l&rsquo;aveugle. Mais, sur le terrain et en dehors, je n&rsquo;ai rien \u00e0 me reprocher, j&rsquo;ai tout donn\u00e9 \u00e0 chaque fois. Face aux Fidji et au Canada, je n&rsquo;ai pas failli, j&rsquo;ai essay\u00e9 d&rsquo;apporter mon v\u00e9cu et mon savoir-faire \u00e0 l&rsquo;\u00e9quipe, d&rsquo;\u00eatre l\u00e0 pour mes co\u00e9quipi\u00e8res. Apr\u00e8s, malheureusement, le fait que je sois titulaire, rempla\u00e7ante ou hors des 23, c&rsquo;est la d\u00e9cision de trois personnes et je n&rsquo;ai pas d&#8217;emprise l\u00e0-dessus.<\/p>\n<\/blockquote>\n<blockquote class=\"twitter-tweet\">\n<p dir=\"ltr\" lang=\"fr\">\u00ab Ils ont \u00e9t\u00e9 malhonn\u00eates \u00bb<\/p>\n<p>Bien Jessy &#x1f44a;&#x1f3fb;&#x1f4a5;&#x1f94a; <a href=\"https:\/\/t.co\/RwaZ93uDec\">https:\/\/t.co\/RwaZ93uDec<\/a><\/p>\n<p>\u2014 Team Jaune&amp;Bleu (@TeamYellowArmy) <a href=\"https:\/\/twitter.com\/TeamYellowArmy\/status\/1594602120464199680?ref_src=twsrc%5Etfw\">November 21, 2022<\/a><\/p><\/blockquote>\n<p style=\"text-align: justify;\"><script async src=\"https:\/\/platform.twitter.com\/widgets.js\" charset=\"utf-8\"><\/script><\/p>\n","protected":false},"excerpt":{"rendered":"<p>XV DE FRANCE &#8211; Dans un long entretien accord\u00e9 \u00e0 L&rsquo;\u00c9quipe, l&rsquo;arri\u00e8re de l&rsquo;\u00e9quipe de France f\u00e9minine de rugby, Jessy Tr\u00e9mouli\u00e8re, est revenue sur sa Coupe du monde avec les Bleues, et a exprim\u00e9 sa d\u00e9ception quant \u00e0 certaines choses.\u00a0<\/p>\n","protected":false},"author":1,"featured_media":281086,"comment_status":"open","ping_status":"closed","sticky":false,"template":"","format":"standard","meta":{"_acf_changed":false,"_daextam_enable_autolinks":"","footnotes":""},"categories":[9129,19951],"tags":[1615,1638],"class_list":["post-281079","post","type-post","status-publish","format-standard","has-post-thumbnail","hentry","category-rugby-a-xv","category-xv-de-france","tag-jessy-tremouliere","tag-xv-de-france"],"acf":[],"yoast_head":"<!-- This site is optimized with the Yoast SEO Premium plugin v26.7 (Yoast SEO v26.7) - https:\/\/yoast.com\/wordpress\/plugins\/seo\/ -->\n<title>Jessy Tr\u00e9mouli\u00e8re : &quot;Les membres du staff du XV de France ont \u00e9t\u00e9 malhonn\u00eates&quot;<\/title>\n<meta name=\"description\" content=\"XV DE FRANCE - Dans un entretien accord\u00e9 \u00e0 L&#039;\u00c9quipe, l&#039;arri\u00e8re de l&#039;\u00e9quipe de France f\u00e9minine de rugby, Jessy Tr\u00e9mouli\u00e8re, a vid\u00e9 son sac.\" \/>\n<meta name=\"robots\" content=\"index, follow, max-snippet:-1, max-image-preview:large, max-video-preview:-1\" \/>\n<link rel=\"canonical\" href=\"https:\/\/dicodusport.fr\/blog\/jessy-tremouliere-les-membres-du-staff-du-xv-de-france-ont-ete-malhonnetes\/\" \/>\n<meta property=\"og:locale\" content=\"fr_FR\" \/>\n<meta property=\"og:type\" content=\"article\" \/>\n<meta property=\"og:title\" content=\"Jessy Tr\u00e9mouli\u00e8re : &quot;Les membres du staff du XV de France ont \u00e9t\u00e9 malhonn\u00eates&quot;\" \/>\n<meta property=\"og:description\" content=\"XV DE FRANCE - Dans un entretien accord\u00e9 \u00e0 L&#039;\u00c9quipe, l&#039;arri\u00e8re de l&#039;\u00e9quipe de France f\u00e9minine de rugby, Jessy Tr\u00e9mouli\u00e8re, a vid\u00e9 son sac.\" \/>\n<meta property=\"og:url\" content=\"https:\/\/dicodusport.fr\/blog\/jessy-tremouliere-les-membres-du-staff-du-xv-de-france-ont-ete-malhonnetes\/\" \/>\n<meta property=\"og:site_name\" content=\"Dicodusport\" \/>\n<meta property=\"article:publisher\" content=\"https:\/\/www.facebook.com\/dicodusport\" \/>\n<meta property=\"article:author\" content=\"https:\/\/www.facebook.com\/dicodusport\" \/>\n<meta property=\"article:published_time\" content=\"2022-11-21T12:21:53+00:00\" \/>\n<meta property=\"article:modified_time\" content=\"2022-11-21T12:32:52+00:00\" \/>\n<meta property=\"og:image\" content=\"https:\/\/dicodusport.fr\/blog\/wp-content\/uploads\/2022\/11\/Jessy-Tre\u0301moulie\u0300re-Les-membres-du-staff-du-XV-de-France-ont-e\u0301te\u0301-malhonne\u0302tes.png\" \/>\n\t<meta property=\"og:image:width\" content=\"800\" \/>\n\t<meta property=\"og:image:height\" content=\"445\" \/>\n\t<meta property=\"og:image:type\" content=\"image\/png\" \/>\n<meta name=\"author\" content=\"Nicolas Jacquemard\" \/>\n<meta name=\"twitter:card\" content=\"summary_large_image\" \/>\n<meta name=\"twitter:title\" content=\"Jessy Tr\u00e9mouli\u00e8re : &quot;Les membres du staff du XV de France ont \u00e9t\u00e9 malhonn\u00eates&quot;\" \/>\n<meta name=\"twitter:creator\" content=\"@https:\/\/twitter.com\/Nico_Jacquemard\" \/>\n<meta name=\"twitter:site\" content=\"@dicodusport\" \/>\n<script type=\"application\/ld+json\" class=\"yoast-schema-graph\">{\"@context\":\"https:\/\/schema.org\",\"@graph\":[{\"@type\":\"NewsArticle\",\"@id\":\"https:\/\/dicodusport.fr\/blog\/jessy-tremouliere-les-membres-du-staff-du-xv-de-france-ont-ete-malhonnetes\/#article\",\"isPartOf\":{\"@id\":\"https:\/\/dicodusport.fr\/blog\/jessy-tremouliere-les-membres-du-staff-du-xv-de-france-ont-ete-malhonnetes\/\"},\"author\":{\"name\":\"Nicolas Jacquemard\",\"@id\":\"https:\/\/dicodusport.fr\/blog\/#\/schema\/person\/55dcb50ad410894e431ed812bbb70191\"},\"headline\":\"Jessy Tr\u00e9mouli\u00e8re : \u00ab\u00a0Les membres du staff du XV de France ont \u00e9t\u00e9 malhonn\u00eates\u00a0\u00bb\",\"datePublished\":\"2022-11-21T12:21:53+00:00\",\"dateModified\":\"2022-11-21T12:32:52+00:00\",\"mainEntityOfPage\":{\"@id\":\"https:\/\/dicodusport.fr\/blog\/jessy-tremouliere-les-membres-du-staff-du-xv-de-france-ont-ete-malhonnetes\/\"},\"wordCount\":460,\"commentCount\":1,\"publisher\":{\"@id\":\"https:\/\/dicodusport.fr\/blog\/#organization\"},\"image\":{\"@id\":\"https:\/\/dicodusport.fr\/blog\/jessy-tremouliere-les-membres-du-staff-du-xv-de-france-ont-ete-malhonnetes\/#primaryimage\"},\"thumbnailUrl\":\"https:\/\/dicodusport.fr\/blog\/wp-content\/uploads\/2022\/11\/Jessy-Tre\u0301moulie\u0300re-Les-membres-du-staff-du-XV-de-France-ont-e\u0301te\u0301-malhonne\u0302tes.png\",\"keywords\":[\"Jessy Tr\u00e9mouli\u00e8re\",\"XV de France\"],\"articleSection\":[\"Rugby \u00e0 XV\",\"XV de France\"],\"inLanguage\":\"fr-FR\",\"potentialAction\":[{\"@type\":\"CommentAction\",\"name\":\"Comment\",\"target\":[\"https:\/\/dicodusport.fr\/blog\/jessy-tremouliere-les-membres-du-staff-du-xv-de-france-ont-ete-malhonnetes\/#respond\"]}],\"copyrightYear\":\"2022\",\"copyrightHolder\":{\"@id\":\"https:\/\/dicodusport.fr\/blog\/#organization\"}},{\"@type\":\"WebPage\",\"@id\":\"https:\/\/dicodusport.fr\/blog\/jessy-tremouliere-les-membres-du-staff-du-xv-de-france-ont-ete-malhonnetes\/\",\"url\":\"https:\/\/dicodusport.fr\/blog\/jessy-tremouliere-les-membres-du-staff-du-xv-de-france-ont-ete-malhonnetes\/\",\"name\":\"Jessy Tr\u00e9mouli\u00e8re : \\\"Les membres du staff du XV de France ont \u00e9t\u00e9 malhonn\u00eates\\\"\",\"isPartOf\":{\"@id\":\"https:\/\/dicodusport.fr\/blog\/#website\"},\"primaryImageOfPage\":{\"@id\":\"https:\/\/dicodusport.fr\/blog\/jessy-tremouliere-les-membres-du-staff-du-xv-de-france-ont-ete-malhonnetes\/#primaryimage\"},\"image\":{\"@id\":\"https:\/\/dicodusport.fr\/blog\/jessy-tremouliere-les-membres-du-staff-du-xv-de-france-ont-ete-malhonnetes\/#primaryimage\"},\"thumbnailUrl\":\"https:\/\/dicodusport.fr\/blog\/wp-content\/uploads\/2022\/11\/Jessy-Tre\u0301moulie\u0300re-Les-membres-du-staff-du-XV-de-France-ont-e\u0301te\u0301-malhonne\u0302tes.png\",\"datePublished\":\"2022-11-21T12:21:53+00:00\",\"dateModified\":\"2022-11-21T12:32:52+00:00\",\"description\":\"XV DE FRANCE - Dans un entretien accord\u00e9 \u00e0 L'\u00c9quipe, l'arri\u00e8re de l'\u00e9quipe de France f\u00e9minine de rugby, Jessy Tr\u00e9mouli\u00e8re, a vid\u00e9 son sac.\",\"breadcrumb\":{\"@id\":\"https:\/\/dicodusport.fr\/blog\/jessy-tremouliere-les-membres-du-staff-du-xv-de-france-ont-ete-malhonnetes\/#breadcrumb\"},\"inLanguage\":\"fr-FR\",\"potentialAction\":[{\"@type\":\"ReadAction\",\"target\":[\"https:\/\/dicodusport.fr\/blog\/jessy-tremouliere-les-membres-du-staff-du-xv-de-france-ont-ete-malhonnetes\/\"]}]},{\"@type\":\"ImageObject\",\"inLanguage\":\"fr-FR\",\"@id\":\"https:\/\/dicodusport.fr\/blog\/jessy-tremouliere-les-membres-du-staff-du-xv-de-france-ont-ete-malhonnetes\/#primaryimage\",\"url\":\"https:\/\/dicodusport.fr\/blog\/wp-content\/uploads\/2022\/11\/Jessy-Tre\u0301moulie\u0300re-Les-membres-du-staff-du-XV-de-France-ont-e\u0301te\u0301-malhonne\u0302tes.png\",\"contentUrl\":\"https:\/\/dicodusport.fr\/blog\/wp-content\/uploads\/2022\/11\/Jessy-Tre\u0301moulie\u0300re-Les-membres-du-staff-du-XV-de-France-ont-e\u0301te\u0301-malhonne\u0302tes.png\",\"width\":800,\"height\":445},{\"@type\":\"BreadcrumbList\",\"@id\":\"https:\/\/dicodusport.fr\/blog\/jessy-tremouliere-les-membres-du-staff-du-xv-de-france-ont-ete-malhonnetes\/#breadcrumb\",\"itemListElement\":[{\"@type\":\"ListItem\",\"position\":1,\"name\":\"Accueil\",\"item\":\"https:\/\/dicodusport.fr\/blog\/\"},{\"@type\":\"ListItem\",\"position\":2,\"name\":\"Jessy Tr\u00e9mouli\u00e8re : \u00ab\u00a0Les membres du staff du XV de France ont \u00e9t\u00e9 malhonn\u00eates\u00a0\u00bb\"}]},{\"@type\":\"WebSite\",\"@id\":\"https:\/\/dicodusport.fr\/blog\/#website\",\"url\":\"https:\/\/dicodusport.fr\/blog\/\",\"name\":\"Dicodusport\",\"description\":\"L&#039;encyclop\u00e9die de l&#039;actualit\u00e9 sportive\",\"publisher\":{\"@id\":\"https:\/\/dicodusport.fr\/blog\/#organization\"},\"potentialAction\":[{\"@type\":\"SearchAction\",\"target\":{\"@type\":\"EntryPoint\",\"urlTemplate\":\"https:\/\/dicodusport.fr\/blog\/?s={search_term_string}\"},\"query-input\":{\"@type\":\"PropertyValueSpecification\",\"valueRequired\":true,\"valueName\":\"search_term_string\"}}],\"inLanguage\":\"fr-FR\"},{\"@type\":\"NewsMediaOrganization\",\"@id\":\"https:\/\/dicodusport.fr\/blog\/#organization\",\"name\":\"Dicodusport\",\"url\":\"https:\/\/dicodusport.fr\/blog\/\",\"logo\":{\"@type\":\"ImageObject\",\"inLanguage\":\"fr-FR\",\"@id\":\"https:\/\/dicodusport.fr\/blog\/#\/schema\/logo\/image\/\",\"url\":\"https:\/\/dicodusport.fr\/blog\/wp-content\/uploads\/2020\/06\/cropped-LOGO-DICODUSPORT-2020-SANS-FOND-SANS-TEXTE.png\",\"contentUrl\":\"https:\/\/dicodusport.fr\/blog\/wp-content\/uploads\/2020\/06\/cropped-LOGO-DICODUSPORT-2020-SANS-FOND-SANS-TEXTE.png\",\"width\":512,\"height\":512,\"caption\":\"Dicodusport\"},\"image\":{\"@id\":\"https:\/\/dicodusport.fr\/blog\/#\/schema\/logo\/image\/\"},\"sameAs\":[\"https:\/\/www.facebook.com\/dicodusport\",\"https:\/\/x.com\/dicodusport\",\"https:\/\/www.instagram.com\/dicodusport\/\",\"https:\/\/www.youtube.com\/channel\/UC7V2KZ5sd3htJivAbA4ZG3w\"],\"description\":\"Dicodusport est l'encyclop\u00e9die de l'actualit\u00e9 sportive.\",\"email\":\"bonjour@dicodusport.fr\",\"legalName\":\"DICODUSPORT\",\"foundingDate\":\"2018-01-14\",\"vatID\":\"FR71834470973\",\"taxID\":\"83447097300043\",\"numberOfEmployees\":{\"@type\":\"QuantitativeValue\",\"minValue\":\"1\",\"maxValue\":\"10\"}},{\"@type\":\"Person\",\"@id\":\"https:\/\/dicodusport.fr\/blog\/#\/schema\/person\/55dcb50ad410894e431ed812bbb70191\",\"name\":\"Nicolas Jacquemard\",\"image\":{\"@type\":\"ImageObject\",\"inLanguage\":\"fr-FR\",\"@id\":\"https:\/\/dicodusport.fr\/blog\/#\/schema\/person\/image\/\",\"url\":\"https:\/\/dicodusport.fr\/blog\/wp-content\/uploads\/2021\/05\/Nicolas-Jacquemard-150x150.jpeg\",\"contentUrl\":\"https:\/\/dicodusport.fr\/blog\/wp-content\/uploads\/2021\/05\/Nicolas-Jacquemard-150x150.jpeg\",\"caption\":\"Nicolas Jacquemard\"},\"description\":\"Passionn\u00e9 de sport et entrepreneur depuis mes 18 ans, la cr\u00e9ation de Dicodusport m'a sembl\u00e9 \u00e9vidente pour participer \u00e0 la m\u00e9diatisation d'un plus grand nombre de sports. Le chemin est long mais avec une \u00e9quipe des plus motiv\u00e9es et les Jeux Olympiques de Paris 2024 en point de mire, nous y arriverons ! Journaliste dans le monde du sport depuis plus de 5 ans, je traite aussi bien de football, de rugby, de biathlon que de cyclisme.\",\"sameAs\":[\"https:\/\/www.facebook.com\/dicodusport\",\"https:\/\/x.com\/https:\/\/twitter.com\/Nico_Jacquemard\"],\"url\":\"https:\/\/dicodusport.fr\/blog\/author\/dicodusport\/\"}]}<\/script>\n<!-- \/ Yoast SEO Premium plugin. -->","yoast_head_json":{"title":"Jessy Tr\u00e9mouli\u00e8re : \"Les membres du staff du XV de France ont \u00e9t\u00e9 malhonn\u00eates\"","description":"XV DE FRANCE - Dans un entretien accord\u00e9 \u00e0 L'\u00c9quipe, l'arri\u00e8re de l'\u00e9quipe de France f\u00e9minine de rugby, Jessy Tr\u00e9mouli\u00e8re, a vid\u00e9 son sac.","robots":{"index":"index","follow":"follow","max-snippet":"max-snippet:-1","max-image-preview":"max-image-preview:large","max-video-preview":"max-video-preview:-1"},"canonical":"https:\/\/dicodusport.fr\/blog\/jessy-tremouliere-les-membres-du-staff-du-xv-de-france-ont-ete-malhonnetes\/","og_locale":"fr_FR","og_type":"article","og_title":"Jessy Tr\u00e9mouli\u00e8re : \"Les membres du staff du XV de France ont \u00e9t\u00e9 malhonn\u00eates\"","og_description":"XV DE FRANCE - Dans un entretien accord\u00e9 \u00e0 L'\u00c9quipe, l'arri\u00e8re de l'\u00e9quipe de France f\u00e9minine de rugby, Jessy Tr\u00e9mouli\u00e8re, a vid\u00e9 son sac.","og_url":"https:\/\/dicodusport.fr\/blog\/jessy-tremouliere-les-membres-du-staff-du-xv-de-france-ont-ete-malhonnetes\/","og_site_name":"Dicodusport","article_publisher":"https:\/\/www.facebook.com\/dicodusport","article_author":"https:\/\/www.facebook.com\/dicodusport","article_published_time":"2022-11-21T12:21:53+00:00","article_modified_time":"2022-11-21T12:32:52+00:00","og_image":[{"width":800,"height":445,"url":"https:\/\/dicodusport.fr\/blog\/wp-content\/uploads\/2022\/11\/Jessy-Tre\u0301moulie\u0300re-Les-membres-du-staff-du-XV-de-France-ont-e\u0301te\u0301-malhonne\u0302tes.png","type":"image\/png"}],"author":"Nicolas Jacquemard","twitter_card":"summary_large_image","twitter_title":"Jessy Tr\u00e9mouli\u00e8re : \"Les membres du staff du XV de France ont \u00e9t\u00e9 malhonn\u00eates\"","twitter_creator":"@https:\/\/twitter.com\/Nico_Jacquemard","twitter_site":"@dicodusport","schema":{"@context":"https:\/\/schema.org","@graph":[{"@type":"NewsArticle","@id":"https:\/\/dicodusport.fr\/blog\/jessy-tremouliere-les-membres-du-staff-du-xv-de-france-ont-ete-malhonnetes\/#article","isPartOf":{"@id":"https:\/\/dicodusport.fr\/blog\/jessy-tremouliere-les-membres-du-staff-du-xv-de-france-ont-ete-malhonnetes\/"},"author":{"name":"Nicolas Jacquemard","@id":"https:\/\/dicodusport.fr\/blog\/#\/schema\/person\/55dcb50ad410894e431ed812bbb70191"},"headline":"Jessy Tr\u00e9mouli\u00e8re : \u00ab\u00a0Les membres du staff du XV de France ont \u00e9t\u00e9 malhonn\u00eates\u00a0\u00bb","datePublished":"2022-11-21T12:21:53+00:00","dateModified":"2022-11-21T12:32:52+00:00","mainEntityOfPage":{"@id":"https:\/\/dicodusport.fr\/blog\/jessy-tremouliere-les-membres-du-staff-du-xv-de-france-ont-ete-malhonnetes\/"},"wordCount":460,"commentCount":1,"publisher":{"@id":"https:\/\/dicodusport.fr\/blog\/#organization"},"image":{"@id":"https:\/\/dicodusport.fr\/blog\/jessy-tremouliere-les-membres-du-staff-du-xv-de-france-ont-ete-malhonnetes\/#primaryimage"},"thumbnailUrl":"https:\/\/dicodusport.fr\/blog\/wp-content\/uploads\/2022\/11\/Jessy-Tre\u0301moulie\u0300re-Les-membres-du-staff-du-XV-de-France-ont-e\u0301te\u0301-malhonne\u0302tes.png","keywords":["Jessy Tr\u00e9mouli\u00e8re","XV de France"],"articleSection":["Rugby \u00e0 XV","XV de France"],"inLanguage":"fr-FR","potentialAction":[{"@type":"CommentAction","name":"Comment","target":["https:\/\/dicodusport.fr\/blog\/jessy-tremouliere-les-membres-du-staff-du-xv-de-france-ont-ete-malhonnetes\/#respond"]}],"copyrightYear":"2022","copyrightHolder":{"@id":"https:\/\/dicodusport.fr\/blog\/#organization"}},{"@type":"WebPage","@id":"https:\/\/dicodusport.fr\/blog\/jessy-tremouliere-les-membres-du-staff-du-xv-de-france-ont-ete-malhonnetes\/","url":"https:\/\/dicodusport.fr\/blog\/jessy-tremouliere-les-membres-du-staff-du-xv-de-france-ont-ete-malhonnetes\/","name":"Jessy Tr\u00e9mouli\u00e8re : \"Les membres du staff du XV de France ont \u00e9t\u00e9 malhonn\u00eates\"","isPartOf":{"@id":"https:\/\/dicodusport.fr\/blog\/#website"},"primaryImageOfPage":{"@id":"https:\/\/dicodusport.fr\/blog\/jessy-tremouliere-les-membres-du-staff-du-xv-de-france-ont-ete-malhonnetes\/#primaryimage"},"image":{"@id":"https:\/\/dicodusport.fr\/blog\/jessy-tremouliere-les-membres-du-staff-du-xv-de-france-ont-ete-malhonnetes\/#primaryimage"},"thumbnailUrl":"https:\/\/dicodusport.fr\/blog\/wp-content\/uploads\/2022\/11\/Jessy-Tre\u0301moulie\u0300re-Les-membres-du-staff-du-XV-de-France-ont-e\u0301te\u0301-malhonne\u0302tes.png","datePublished":"2022-11-21T12:21:53+00:00","dateModified":"2022-11-21T12:32:52+00:00","description":"XV DE FRANCE - Dans un entretien accord\u00e9 \u00e0 L'\u00c9quipe, l'arri\u00e8re de l'\u00e9quipe de France f\u00e9minine de rugby, Jessy Tr\u00e9mouli\u00e8re, a vid\u00e9 son sac.","breadcrumb":{"@id":"https:\/\/dicodusport.fr\/blog\/jessy-tremouliere-les-membres-du-staff-du-xv-de-france-ont-ete-malhonnetes\/#breadcrumb"},"inLanguage":"fr-FR","potentialAction":[{"@type":"ReadAction","target":["https:\/\/dicodusport.fr\/blog\/jessy-tremouliere-les-membres-du-staff-du-xv-de-france-ont-ete-malhonnetes\/"]}]},{"@type":"ImageObject","inLanguage":"fr-FR","@id":"https:\/\/dicodusport.fr\/blog\/jessy-tremouliere-les-membres-du-staff-du-xv-de-france-ont-ete-malhonnetes\/#primaryimage","url":"https:\/\/dicodusport.fr\/blog\/wp-content\/uploads\/2022\/11\/Jessy-Tre\u0301moulie\u0300re-Les-membres-du-staff-du-XV-de-France-ont-e\u0301te\u0301-malhonne\u0302tes.png","contentUrl":"https:\/\/dicodusport.fr\/blog\/wp-content\/uploads\/2022\/11\/Jessy-Tre\u0301moulie\u0300re-Les-membres-du-staff-du-XV-de-France-ont-e\u0301te\u0301-malhonne\u0302tes.png","width":800,"height":445},{"@type":"BreadcrumbList","@id":"https:\/\/dicodusport.fr\/blog\/jessy-tremouliere-les-membres-du-staff-du-xv-de-france-ont-ete-malhonnetes\/#breadcrumb","itemListElement":[{"@type":"ListItem","position":1,"name":"Accueil","item":"https:\/\/dicodusport.fr\/blog\/"},{"@type":"ListItem","position":2,"name":"Jessy Tr\u00e9mouli\u00e8re : \u00ab\u00a0Les membres du staff du XV de France ont \u00e9t\u00e9 malhonn\u00eates\u00a0\u00bb"}]},{"@type":"WebSite","@id":"https:\/\/dicodusport.fr\/blog\/#website","url":"https:\/\/dicodusport.fr\/blog\/","name":"Dicodusport","description":"L&#039;encyclop\u00e9die de l&#039;actualit\u00e9 sportive","publisher":{"@id":"https:\/\/dicodusport.fr\/blog\/#organization"},"potentialAction":[{"@type":"SearchAction","target":{"@type":"EntryPoint","urlTemplate":"https:\/\/dicodusport.fr\/blog\/?s={search_term_string}"},"query-input":{"@type":"PropertyValueSpecification","valueRequired":true,"valueName":"search_term_string"}}],"inLanguage":"fr-FR"},{"@type":"NewsMediaOrganization","@id":"https:\/\/dicodusport.fr\/blog\/#organization","name":"Dicodusport","url":"https:\/\/dicodusport.fr\/blog\/","logo":{"@type":"ImageObject","inLanguage":"fr-FR","@id":"https:\/\/dicodusport.fr\/blog\/#\/schema\/logo\/image\/","url":"https:\/\/dicodusport.fr\/blog\/wp-content\/uploads\/2020\/06\/cropped-LOGO-DICODUSPORT-2020-SANS-FOND-SANS-TEXTE.png","contentUrl":"https:\/\/dicodusport.fr\/blog\/wp-content\/uploads\/2020\/06\/cropped-LOGO-DICODUSPORT-2020-SANS-FOND-SANS-TEXTE.png","width":512,"height":512,"caption":"Dicodusport"},"image":{"@id":"https:\/\/dicodusport.fr\/blog\/#\/schema\/logo\/image\/"},"sameAs":["https:\/\/www.facebook.com\/dicodusport","https:\/\/x.com\/dicodusport","https:\/\/www.instagram.com\/dicodusport\/","https:\/\/www.youtube.com\/channel\/UC7V2KZ5sd3htJivAbA4ZG3w"],"description":"Dicodusport est l'encyclop\u00e9die de l'actualit\u00e9 sportive.","email":"bonjour@dicodusport.fr","legalName":"DICODUSPORT","foundingDate":"2018-01-14","vatID":"FR71834470973","taxID":"83447097300043","numberOfEmployees":{"@type":"QuantitativeValue","minValue":"1","maxValue":"10"}},{"@type":"Person","@id":"https:\/\/dicodusport.fr\/blog\/#\/schema\/person\/55dcb50ad410894e431ed812bbb70191","name":"Nicolas Jacquemard","image":{"@type":"ImageObject","inLanguage":"fr-FR","@id":"https:\/\/dicodusport.fr\/blog\/#\/schema\/person\/image\/","url":"https:\/\/dicodusport.fr\/blog\/wp-content\/uploads\/2021\/05\/Nicolas-Jacquemard-150x150.jpeg","contentUrl":"https:\/\/dicodusport.fr\/blog\/wp-content\/uploads\/2021\/05\/Nicolas-Jacquemard-150x150.jpeg","caption":"Nicolas Jacquemard"},"description":"Passionn\u00e9 de sport et entrepreneur depuis mes 18 ans, la cr\u00e9ation de Dicodusport m'a sembl\u00e9 \u00e9vidente pour participer \u00e0 la m\u00e9diatisation d'un plus grand nombre de sports. Le chemin est long mais avec une \u00e9quipe des plus motiv\u00e9es et les Jeux Olympiques de Paris 2024 en point de mire, nous y arriverons ! Journaliste dans le monde du sport depuis plus de 5 ans, je traite aussi bien de football, de rugby, de biathlon que de cyclisme.","sameAs":["https:\/\/www.facebook.com\/dicodusport","https:\/\/x.com\/https:\/\/twitter.com\/Nico_Jacquemard"],"url":"https:\/\/dicodusport.fr\/blog\/author\/dicodusport\/"}]}},"_links":{"self":[{"href":"https:\/\/dicodusport.fr\/blog\/wp-json\/wp\/v2\/posts\/281079","targetHints":{"allow":["GET"]}}],"collection":[{"href":"https:\/\/dicodusport.fr\/blog\/wp-json\/wp\/v2\/posts"}],"about":[{"href":"https:\/\/dicodusport.fr\/blog\/wp-json\/wp\/v2\/types\/post"}],"author":[{"embeddable":true,"href":"https:\/\/dicodusport.fr\/blog\/wp-json\/wp\/v2\/users\/1"}],"replies":[{"embeddable":true,"href":"https:\/\/dicodusport.fr\/blog\/wp-json\/wp\/v2\/comments?post=281079"}],"version-history":[{"count":0,"href":"https:\/\/dicodusport.fr\/blog\/wp-json\/wp\/v2\/posts\/281079\/revisions"}],"wp:featuredmedia":[{"embeddable":true,"href":"https:\/\/dicodusport.fr\/blog\/wp-json\/wp\/v2\/media\/281086"}],"wp:attachment":[{"href":"https:\/\/dicodusport.fr\/blog\/wp-json\/wp\/v2\/media?parent=281079"}],"wp:term":[{"taxonomy":"category","embeddable":true,"href":"https:\/\/dicodusport.fr\/blog\/wp-json\/wp\/v2\/categories?post=281079"},{"taxonomy":"post_tag","embeddable":true,"href":"https:\/\/dicodusport.fr\/blog\/wp-json\/wp\/v2\/tags?post=281079"}],"curies":[{"name":"wp","href":"https:\/\/api.w.org\/{rel}","templated":true}]}}