{"id":281331,"date":"2022-11-22T12:31:45","date_gmt":"2022-11-22T11:31:45","guid":{"rendered":"https:\/\/dicodusport.fr\/blog\/?p=281331&#038;preview=true&#038;preview_id=281331"},"modified":"2022-11-25T16:05:29","modified_gmt":"2022-11-25T15:05:29","slug":"hockey-sur-glace-mondial-d1a-u20-la-liste-de-yorick-treille-passee-au-crible","status":"publish","type":"post","link":"https:\/\/dicodusport.fr\/blog\/hockey-sur-glace-mondial-d1a-u20-la-liste-de-yorick-treille-passee-au-crible\/","title":{"rendered":"Hockey sur Glace \/ Mondial D1A U20 : La liste de Yorick Treille pass\u00e9e au crible"},"content":{"rendered":"<p style=\"text-align: justify;\" align=\"justify\"><em><strong>HOCKEY SUR GLACE \/ MONDIAL D1A U20 &#8211; <a href=\"https:\/\/dicodusport.fr\/blog\/hockey-sur-glace-les-bleuets-battent-la-slovenie-pour-decrocher-la-montee-en-d1a\/\">Un an apr\u00e8s avoir obtenu son accession en D1A<\/a>, l&rsquo;\u00e9quipe de France U20 s&rsquo;appr\u00eate \u00e0 retrouver l&rsquo;antichambre de l&rsquo;\u00c9lite, du 11 au 17 d\u00e9cembre prochain \u00e0 Asker, en Norv\u00e8ge. \u00c0 vingt jours du d\u00e9but de la comp\u00e9tition, Yorick Treille a d\u00e9voil\u00e9 une liste de 22 joueurs, avec 8 r\u00e9servistes.<\/strong><\/em><\/p>\n<p style=\"text-align: justify;\" align=\"justify\">L&rsquo;anomalie a \u00e9t\u00e9 r\u00e9par\u00e9e, il faut d\u00e9sormais faire en sorte que cela ne se reproduise plus. Descendue au troisi\u00e8me \u00e9chelon mondial, <strong>l&rsquo;\u00c9quipe de France U20<\/strong> ne s&rsquo;est pas attard\u00e9e \u00e0 ce niveau en obtenant le titre de D1B en fin d&rsquo;ann\u00e9e derni\u00e8re. \u00c0 Tallinn, les Tricolores avaient d\u00e9croch\u00e9 la premi\u00e8re place au terme d&rsquo;une derni\u00e8re rencontre serr\u00e9e face \u00e0 la Slov\u00e9nie. \u00c0 l&rsquo;\u00e9poque, <strong>Tomas Simonsen<\/strong> avait brill\u00e9 en cumulant 13 points.<\/p>\n<h2 style=\"text-align: justify;\" align=\"justify\">Un duo de gardiens solide, une d\u00e9fense en question<\/h2>\n<p style=\"text-align: justify;\" align=\"justify\">Un an plus tard, le groupe a logiquement bien chang\u00e9, puisque certains gar\u00e7ons titr\u00e9s ne sont plus disponibles dans la cat\u00e9gorie. Cela n&#8217;emp\u00eache pas <strong>Yorick Treille<\/strong> de pouvoir s&rsquo;appuyer sur <strong>11 joueurs ayant connu le succ\u00e8s de Tallinn 2021<\/strong>, soit la moiti\u00e9 de son effectif. Devant le filet, les Bleuets pourront s&rsquo;appuyer sur deux gar\u00e7ons talentueux, \u00e9voluant en Suisse. Pr\u00e9sent la saison derni\u00e8re \u00e0 la fois aux Mondiaux U18 et U20, <a href=\"https:\/\/dicodusport.fr\/blog\/mondial-d1a-u18-antoine-keller-ange-gardien-des-bleuets\/\"><strong>Antoine Keller<\/strong> s&rsquo;\u00e9tait signal\u00e9<\/a>. Cette saison, il \u00e9volue encore avec les U20 du Gen\u00e8ve-Servette, mais a eu l&rsquo;occasion de vivre quelques matchs de National League sur le banc. De son c\u00f4t\u00e9, <strong>Martin Neckar<\/strong> est avec les U20 de Langnau, et affiche de beaux progr\u00e8s, mois apr\u00e8s mois.<\/p>\n<p style=\"text-align: justify;\" align=\"justify\">En d\u00e9fense, trois rescap\u00e9s sont \u00e0 signaler : <strong>Alexis Dog\u00e9mont, Antoine Fertin<\/strong> et <strong>Arthur Larroque<\/strong>. Le premier s&rsquo;est depuis expatri\u00e9 aux \u00c9tats-Unis tandis que les deux derniers \u00e9voluent d\u00e9sormais en Ligue Magnus, le premier \u00e0 Grenoble, le second \u00e0 Anglet. Pour les accompagner, <strong>Ulysse Tournier<\/strong> sera l&rsquo;un des gar\u00e7ons \u00e0 suivre. Impliqu\u00e9 cette saison en Ligue Magnus avec Rouen pour pallier les blessures, le natif de Bordeaux a r\u00e9pondu pr\u00e9sent, inscrivant m\u00eame son premier but professionnel. <strong>Quentin Delmas<\/strong>, <strong>Mathis Despatie<\/strong> et <strong>Paul Nassivet<\/strong> compl\u00e8tent la rotation. Seul ce dernier \u00e9volue avec avec une \u00e9quipe s\u00e9nior depuis la saison derni\u00e8re en Division 1.<\/p>\n<blockquote class=\"twitter-tweet\">\n<p dir=\"ltr\" lang=\"fr\">&#x1f3d2;&#x1f44f; F\u00e9licitations \u00e0 notre jeune d\u00e9fenseur, Ulysse Tournier (18 ans), pour son 1&#xfe0f;&#x20e3;er but en <a href=\"https:\/\/twitter.com\/LigueMagnus?ref_src=twsrc%5Etfw\">@LigueMagnus<\/a> inscrit hier soir contre les <a href=\"https:\/\/twitter.com\/les_jokers?ref_src=twsrc%5Etfw\">@les_jokers<\/a> &#x1f0cf; !!! <a href=\"https:\/\/t.co\/u8t8qsCcA3\">pic.twitter.com\/u8t8qsCcA3<\/a><\/p>\n<p>\u2014 Dragons de Rouen (@DragonsdeRouen) <a href=\"https:\/\/twitter.com\/DragonsdeRouen\/status\/1575023067662721024?ref_src=twsrc%5Etfw\">September 28, 2022<\/a><\/p><\/blockquote>\n<p><script async src=\"https:\/\/platform.twitter.com\/widgets.js\" charset=\"utf-8\"><\/script><\/p>\n<h2 style=\"text-align: justify;\" align=\"justify\">Une offensive orpheline de Tomas Simonsen \u00e0 reconstruire<\/h2>\n<p style=\"text-align: justify;\" align=\"justify\">Sur le plan offensif, il sera donc difficile de combler la perte de la p\u00e9pite <strong>Tomas Simonsen<\/strong>. Mais il y a malgr\u00e9 tout du talent pour trouver des alignements int\u00e9ressants et de l&rsquo;efficacit\u00e9. Ainsi, plusieurs joueurs aguerris en Ligue Magnus garnissent le groupe. On pense \u00e9videmment au trio rouennais <strong>Jordan Herv\u00e9 &#8211; Kaylian Leborgne &#8211; Tommy Perret<\/strong>, puisque les trois bonhommes disposent en cumul\u00e9 de 105 matchs au plus haut niveau fran\u00e7ais. <strong>Enzo Carry<\/strong> est lui depuis la saison derni\u00e8re un membre incontournable des Boxers de Bordeaux, et a d\u00e9j\u00e0 quasiment \u00e9gal\u00e9 son total de points de la saison 2021-2022 en championnat (12 en 20 matchs contre 13 en 39).<\/p>\n<p style=\"text-align: justify;\" align=\"justify\">Pr\u00e9sents \u00e0 Tallinn, les Grenoblois <strong>Mathias Bachelet<\/strong> et <strong>Paul Siraudin<\/strong> seront accompagn\u00e9s de leurs jeunes co\u00e9quipiers <strong>Valentin Grosset\u00eate <\/strong>et <strong>Tom Guidoux<\/strong> pour former une colonie qui rince les championnats espoirs. Absent de mani\u00e8re surprenante \u00e0 Tallinn alors qu&rsquo;il \u00e9tait l&rsquo;un des meilleurs pointeurs du championnat suisse U20, <strong>Maxime Orlov<\/strong> sera bien de la partie cette fois. Plut\u00f4t logique pour un gar\u00e7on d\u00e9sormais int\u00e9gr\u00e9 de mani\u00e8re permanente \u00e0 la rotation de Winterthur en Swiss League (D2 suisse).<\/p>\n<p style=\"text-align: justify;\" align=\"justify\">Pas de surprise non pus en ce qui concerne la convocation du Gothique <strong>Ilies Djemel<\/strong>, et du jeune <strong>Emil Tavernier<\/strong>, <a href=\"https:\/\/dicodusport.fr\/blog\/mondiaux-d1a-u18-les-bleuets-cedent-face-a-la-slovaquie-malgre-un-triple-demil-tavernier\/\">rayonnant en U18 tout au long de la saison derni\u00e8re<\/a>, et qui \u00e9volue d\u00e9sormais dans le championnat U20 finlandais avec KalPa. <strong>Paul Schmitt<\/strong> et <strong>Shanouk Boiteau<\/strong> compl\u00e8tent un effectif auquel n&rsquo;est pas int\u00e9gr\u00e9 <strong>Esteban Ragot<\/strong>, malgr\u00e9 sa solide exp\u00e9rience avec les Boxers (58 matchs de Magnus).<\/p>\n<blockquote class=\"twitter-tweet\">\n<p dir=\"ltr\" lang=\"fr\">&#x1f4c4; D\u00e9couvrez la liste des joueurs U20 convoqu\u00e9s pour le Mondial D1A \u00e0 Asker (NOR) &#x1f1f3;&#x1f1f4; du 11 au 17 d\u00e9cembre &#x1f3c6;<\/p>\n<p>11\/12 &#x1f19a; &#x1f1f0;&#x1f1ff; (20h00)<br \/>\n12\/12 &#x1f19a; &#x1f1f3;&#x1f1f4; (20h00)<br \/>\n14\/12 &#x1f19a; &#x1f1f8;&#x1f1ee; (13h00)<br \/>\n15\/12 &#x1f19a; &#x1f1ed;&#x1f1fa; (13h00)<br \/>\n17\/12 &#x1f19a; &#x1f1e9;&#x1f1f0; (16h30)<a href=\"https:\/\/twitter.com\/hashtag\/TeamFranceHockey?src=hash&amp;ref_src=twsrc%5Etfw\">#TeamFranceHockey<\/a> <a href=\"https:\/\/t.co\/Ie6jcalnS7\">https:\/\/t.co\/Ie6jcalnS7<\/a><\/p>\n<p>\u2014 \u00c9quipes de France Hockey (@Hockey_FRA) <a href=\"https:\/\/twitter.com\/Hockey_FRA\/status\/1594986720592003076?ref_src=twsrc%5Etfw\">November 22, 2022<\/a><\/p><\/blockquote>\n<p><script async src=\"https:\/\/platform.twitter.com\/widgets.js\" charset=\"utf-8\"><\/script><\/p>\n<h2 style=\"text-align: justify;\" align=\"justify\">Le programme<\/h2>\n<p style=\"text-align: justify;\" align=\"justify\"><em>3 au 6 d\u00e9cembre :<\/em> Stage \u00e0 Cergy-Pontoise<\/p>\n<p style=\"text-align: justify;\" align=\"justify\"><em>Mercredi 7 d\u00e9cembre :<\/em> Arriv\u00e9e en Norv\u00e8ge \u00e0 Asker<\/p>\n<p style=\"text-align: justify;\" align=\"justify\"><em>Dimanche 11 d\u00e9cembre :<\/em> <strong>France<\/strong> &#8211; Kazakhstan (20h)<\/p>\n<p style=\"text-align: justify;\" align=\"justify\"><em>Lundi 12 d\u00e9cembre :<\/em> Norv\u00e8ge &#8211; <strong>France<\/strong> (20h)<\/p>\n<p style=\"text-align: justify;\" align=\"justify\"><em>Mercredi 14 d\u00e9cembre :<\/em> Slov\u00e9nie &#8211; <strong>France<\/strong> (13h)<\/p>\n<p style=\"text-align: justify;\" align=\"justify\"><em>Jeudi 15 d\u00e9cembre :<\/em> <strong>France<\/strong> &#8211; Hongrie (13h)<\/p>\n<p style=\"text-align: justify;\" align=\"justify\"><em>Samedi 17 d\u00e9cembre :<\/em> Danemark &#8211; <strong>France<\/strong> (16h30)<\/p>\n<h2 style=\"text-align: justify;\" align=\"justify\">La liste compl\u00e8te<\/h2>\n<p style=\"text-align: justify;\" align=\"justify\"><strong><span style=\"text-decoration: underline;\"><em>Gardiens<\/em><\/span> <\/strong>: Antoine KELLER (Gen\u00e8ve-Servette, SUI), Martin NECKER (Langnau, SUI)<\/p>\n<p style=\"text-align: justify;\" align=\"justify\"><span style=\"text-decoration: underline;\"><em><strong>D\u00e9fenseurs<\/strong><\/em><\/span><em><strong> :<\/strong><\/em> Quentin DELMAS (Gen\u00e8ve-Servette, SUI), Mathis DESPATIE (Grenoble), Alexis DOG\u00c9MONT (Jersey Hitmen, USA), Antoine FERTIN (Grenoble), Arthur LARROQUE (Anglet), Paul NASSIVET (Caen), Ulysse TOURNIER (Rouen)<\/p>\n<p style=\"text-align: justify;\" align=\"justify\"><span style=\"text-decoration: underline;\"><strong><em>Attaquants<\/em><\/strong><\/span><strong><em> :<\/em><\/strong> Mathias BACHELET (Grenoble), Shanouk BOITEAU (Strasbourg), Enzo CARRY (Bordeaux), Ilies DJEMEL (Amiens), Tom GUIDOUX (Grenoble), Valentin GROSSET\u00caTE (Grenoble), Jordan HERV\u00c9 (Rouen), Kaylian LEBORGNE (Rouen), Tom GUIDOUX (Grenoble), Maxime ORLOV (Winterthur, Sui), Tommy PERRET (Rouen), Paul SCHMITT (Cergy-Pontoise), Paul SIRAUDIN (Grenoble), Emil TAVERNIER (KalPa, FIN)<\/p>\n<p style=\"text-align: justify;\" align=\"justify\"><span style=\"text-decoration: underline;\"><em><strong>R\u00e9servistes<\/strong><\/em><\/span><em><strong> :<\/strong><\/em> Mathis THIRION (Rouen), Jamie EYRE (Islanders HC, USA), L\u00e9o FAURE (Gap), Noa GONCALVES-NIVELAIS (Rouen), Fiorenzo VILLARD (Rouen), Rapha\u00ebl CHAUVEL (Caen), Colin DELATOUR (Strasbourg), Hugo NOGARETTO (Grenoble), Esteban RAGOT (Bordeaux), Hugo RAVEAUD (Grenoble)<\/p>\n","protected":false},"excerpt":{"rendered":"<p>HOCKEY SUR GLACE \/ MONDIAL D1A U20 &#8211; Un an apr\u00e8s avoir obtenu son accession en D1A, l&rsquo;\u00e9quipe de France U20 s&rsquo;appr\u00eate \u00e0 retrouver l&rsquo;antichambre de l&rsquo;\u00c9lite, du 11 au 17 d\u00e9cembre prochain \u00e0 Asker, en Norv\u00e8ge. \u00c0 vingt jours du d\u00e9but de la comp\u00e9tition, Yorick Treille a d\u00e9voil\u00e9 une liste de 22 joueurs, avec 8 r\u00e9servistes.<\/p>\n","protected":false},"author":55,"featured_media":180930,"comment_status":"open","ping_status":"closed","sticky":false,"template":"","format":"standard","meta":{"_acf_changed":false,"_daextam_enable_autolinks":"","footnotes":""},"categories":[10575],"tags":[22889,199,28101,18587],"class_list":["post-281331","post","type-post","status-publish","format-standard","has-post-thumbnail","hentry","category-hockey-sur-glace","tag-antoine-keller","tag-equipe-de-france","tag-mondial-d1a-u20","tag-yorick-treille"],"acf":[],"yoast_head":"<!-- This site is optimized with the Yoast SEO Premium plugin v26.7 (Yoast SEO v26.7) - https:\/\/yoast.com\/wordpress\/plugins\/seo\/ -->\n<title>Hockey sur Glace \/ Mondial D1A U20 : La liste de Yorick Treille pass\u00e9e au crible<\/title>\n<meta name=\"description\" content=\"Le s\u00e9lectionneur Yorick Treille a d\u00e9voil\u00e9 sa liste pour les Mondiaux U20 D1A, que l&#039;\u00c9quipe de France disputera en Norv\u00e8ge au mois de d\u00e9cembre.\" \/>\n<meta name=\"robots\" content=\"index, follow, max-snippet:-1, max-image-preview:large, max-video-preview:-1\" \/>\n<link rel=\"canonical\" href=\"https:\/\/dicodusport.fr\/blog\/hockey-sur-glace-mondial-d1a-u20-la-liste-de-yorick-treille-passee-au-crible\/\" \/>\n<meta property=\"og:locale\" content=\"fr_FR\" \/>\n<meta property=\"og:type\" content=\"article\" \/>\n<meta property=\"og:title\" content=\"Hockey sur Glace \/ Mondial D1A U20 : La liste de Yorick Treille pass\u00e9e au crible\" \/>\n<meta property=\"og:description\" content=\"Le s\u00e9lectionneur Yorick Treille a d\u00e9voil\u00e9 sa liste pour les Mondiaux U20 D1A, que l&#039;\u00c9quipe de France disputera en Norv\u00e8ge au mois de d\u00e9cembre.\" \/>\n<meta property=\"og:url\" content=\"https:\/\/dicodusport.fr\/blog\/hockey-sur-glace-mondial-d1a-u20-la-liste-de-yorick-treille-passee-au-crible\/\" \/>\n<meta property=\"og:site_name\" content=\"Dicodusport\" \/>\n<meta property=\"article:publisher\" content=\"https:\/\/www.facebook.com\/dicodusport\" \/>\n<meta property=\"article:published_time\" content=\"2022-11-22T11:31:45+00:00\" \/>\n<meta property=\"article:modified_time\" content=\"2022-11-25T15:05:29+00:00\" \/>\n<meta property=\"og:image\" content=\"https:\/\/dicodusport.fr\/blog\/wp-content\/uploads\/2021\/11\/Hockey-sur-glace-France-Les-23-joueurs-retenus-pour-les-Mondiaux-U20-Division-1.png\" \/>\n\t<meta property=\"og:image:width\" content=\"800\" \/>\n\t<meta property=\"og:image:height\" content=\"445\" \/>\n\t<meta property=\"og:image:type\" content=\"image\/png\" \/>\n<meta name=\"author\" content=\"Maxime Cazenave\" \/>\n<meta name=\"twitter:card\" content=\"summary_large_image\" \/>\n<meta name=\"twitter:title\" content=\"Hockey sur Glace \/ Mondial D1A U20 : La liste de Yorick Treille pass\u00e9e au crible\" \/>\n<meta name=\"twitter:creator\" content=\"@https:\/\/twitter.com\/Maxime_Caze\" \/>\n<meta name=\"twitter:site\" content=\"@dicodusport\" \/>\n<script type=\"application\/ld+json\" class=\"yoast-schema-graph\">{\"@context\":\"https:\/\/schema.org\",\"@graph\":[{\"@type\":\"NewsArticle\",\"@id\":\"https:\/\/dicodusport.fr\/blog\/hockey-sur-glace-mondial-d1a-u20-la-liste-de-yorick-treille-passee-au-crible\/#article\",\"isPartOf\":{\"@id\":\"https:\/\/dicodusport.fr\/blog\/hockey-sur-glace-mondial-d1a-u20-la-liste-de-yorick-treille-passee-au-crible\/\"},\"author\":{\"name\":\"Maxime Cazenave\",\"@id\":\"https:\/\/dicodusport.fr\/blog\/#\/schema\/person\/37def232098a7a5cbab3974a3690abb0\"},\"headline\":\"Hockey sur Glace \/ Mondial D1A U20 : La liste de Yorick Treille pass\u00e9e au crible\",\"datePublished\":\"2022-11-22T11:31:45+00:00\",\"dateModified\":\"2022-11-25T15:05:29+00:00\",\"mainEntityOfPage\":{\"@id\":\"https:\/\/dicodusport.fr\/blog\/hockey-sur-glace-mondial-d1a-u20-la-liste-de-yorick-treille-passee-au-crible\/\"},\"wordCount\":1007,\"commentCount\":1,\"publisher\":{\"@id\":\"https:\/\/dicodusport.fr\/blog\/#organization\"},\"image\":{\"@id\":\"https:\/\/dicodusport.fr\/blog\/hockey-sur-glace-mondial-d1a-u20-la-liste-de-yorick-treille-passee-au-crible\/#primaryimage\"},\"thumbnailUrl\":\"https:\/\/dicodusport.fr\/blog\/wp-content\/uploads\/2021\/11\/Hockey-sur-glace-France-Les-23-joueurs-retenus-pour-les-Mondiaux-U20-Division-1.png\",\"keywords\":[\"Antoine Keller\",\"\u00c9quipe de France\",\"Mondial D1A U20\",\"Yorick Treille\"],\"articleSection\":[\"Hockey sur glace\"],\"inLanguage\":\"fr-FR\",\"potentialAction\":[{\"@type\":\"CommentAction\",\"name\":\"Comment\",\"target\":[\"https:\/\/dicodusport.fr\/blog\/hockey-sur-glace-mondial-d1a-u20-la-liste-de-yorick-treille-passee-au-crible\/#respond\"]}],\"copyrightYear\":\"2022\",\"copyrightHolder\":{\"@id\":\"https:\/\/dicodusport.fr\/blog\/#organization\"}},{\"@type\":\"WebPage\",\"@id\":\"https:\/\/dicodusport.fr\/blog\/hockey-sur-glace-mondial-d1a-u20-la-liste-de-yorick-treille-passee-au-crible\/\",\"url\":\"https:\/\/dicodusport.fr\/blog\/hockey-sur-glace-mondial-d1a-u20-la-liste-de-yorick-treille-passee-au-crible\/\",\"name\":\"Hockey sur Glace \/ Mondial D1A U20 : La liste de Yorick Treille pass\u00e9e au crible\",\"isPartOf\":{\"@id\":\"https:\/\/dicodusport.fr\/blog\/#website\"},\"primaryImageOfPage\":{\"@id\":\"https:\/\/dicodusport.fr\/blog\/hockey-sur-glace-mondial-d1a-u20-la-liste-de-yorick-treille-passee-au-crible\/#primaryimage\"},\"image\":{\"@id\":\"https:\/\/dicodusport.fr\/blog\/hockey-sur-glace-mondial-d1a-u20-la-liste-de-yorick-treille-passee-au-crible\/#primaryimage\"},\"thumbnailUrl\":\"https:\/\/dicodusport.fr\/blog\/wp-content\/uploads\/2021\/11\/Hockey-sur-glace-France-Les-23-joueurs-retenus-pour-les-Mondiaux-U20-Division-1.png\",\"datePublished\":\"2022-11-22T11:31:45+00:00\",\"dateModified\":\"2022-11-25T15:05:29+00:00\",\"description\":\"Le s\u00e9lectionneur Yorick Treille a d\u00e9voil\u00e9 sa liste pour les Mondiaux U20 D1A, que l'\u00c9quipe de France disputera en Norv\u00e8ge au mois de d\u00e9cembre.\",\"breadcrumb\":{\"@id\":\"https:\/\/dicodusport.fr\/blog\/hockey-sur-glace-mondial-d1a-u20-la-liste-de-yorick-treille-passee-au-crible\/#breadcrumb\"},\"inLanguage\":\"fr-FR\",\"potentialAction\":[{\"@type\":\"ReadAction\",\"target\":[\"https:\/\/dicodusport.fr\/blog\/hockey-sur-glace-mondial-d1a-u20-la-liste-de-yorick-treille-passee-au-crible\/\"]}]},{\"@type\":\"ImageObject\",\"inLanguage\":\"fr-FR\",\"@id\":\"https:\/\/dicodusport.fr\/blog\/hockey-sur-glace-mondial-d1a-u20-la-liste-de-yorick-treille-passee-au-crible\/#primaryimage\",\"url\":\"https:\/\/dicodusport.fr\/blog\/wp-content\/uploads\/2021\/11\/Hockey-sur-glace-France-Les-23-joueurs-retenus-pour-les-Mondiaux-U20-Division-1.png\",\"contentUrl\":\"https:\/\/dicodusport.fr\/blog\/wp-content\/uploads\/2021\/11\/Hockey-sur-glace-France-Les-23-joueurs-retenus-pour-les-Mondiaux-U20-Division-1.png\",\"width\":800,\"height\":445,\"caption\":\"Hockey sur glace - France Les 23 joueurs retenus pour les Mondiaux U20 Division 1\"},{\"@type\":\"BreadcrumbList\",\"@id\":\"https:\/\/dicodusport.fr\/blog\/hockey-sur-glace-mondial-d1a-u20-la-liste-de-yorick-treille-passee-au-crible\/#breadcrumb\",\"itemListElement\":[{\"@type\":\"ListItem\",\"position\":1,\"name\":\"Accueil\",\"item\":\"https:\/\/dicodusport.fr\/blog\/\"},{\"@type\":\"ListItem\",\"position\":2,\"name\":\"Hockey sur Glace \/ Mondial D1A U20 : La liste de Yorick Treille pass\u00e9e au crible\"}]},{\"@type\":\"WebSite\",\"@id\":\"https:\/\/dicodusport.fr\/blog\/#website\",\"url\":\"https:\/\/dicodusport.fr\/blog\/\",\"name\":\"Dicodusport\",\"description\":\"L&#039;encyclop\u00e9die de l&#039;actualit\u00e9 sportive\",\"publisher\":{\"@id\":\"https:\/\/dicodusport.fr\/blog\/#organization\"},\"potentialAction\":[{\"@type\":\"SearchAction\",\"target\":{\"@type\":\"EntryPoint\",\"urlTemplate\":\"https:\/\/dicodusport.fr\/blog\/?s={search_term_string}\"},\"query-input\":{\"@type\":\"PropertyValueSpecification\",\"valueRequired\":true,\"valueName\":\"search_term_string\"}}],\"inLanguage\":\"fr-FR\"},{\"@type\":\"NewsMediaOrganization\",\"@id\":\"https:\/\/dicodusport.fr\/blog\/#organization\",\"name\":\"Dicodusport\",\"url\":\"https:\/\/dicodusport.fr\/blog\/\",\"logo\":{\"@type\":\"ImageObject\",\"inLanguage\":\"fr-FR\",\"@id\":\"https:\/\/dicodusport.fr\/blog\/#\/schema\/logo\/image\/\",\"url\":\"https:\/\/dicodusport.fr\/blog\/wp-content\/uploads\/2020\/06\/cropped-LOGO-DICODUSPORT-2020-SANS-FOND-SANS-TEXTE.png\",\"contentUrl\":\"https:\/\/dicodusport.fr\/blog\/wp-content\/uploads\/2020\/06\/cropped-LOGO-DICODUSPORT-2020-SANS-FOND-SANS-TEXTE.png\",\"width\":512,\"height\":512,\"caption\":\"Dicodusport\"},\"image\":{\"@id\":\"https:\/\/dicodusport.fr\/blog\/#\/schema\/logo\/image\/\"},\"sameAs\":[\"https:\/\/www.facebook.com\/dicodusport\",\"https:\/\/x.com\/dicodusport\",\"https:\/\/www.instagram.com\/dicodusport\/\",\"https:\/\/www.youtube.com\/channel\/UC7V2KZ5sd3htJivAbA4ZG3w\"],\"description\":\"Dicodusport est l'encyclop\u00e9die de l'actualit\u00e9 sportive.\",\"email\":\"bonjour@dicodusport.fr\",\"legalName\":\"DICODUSPORT\",\"foundingDate\":\"2018-01-14\",\"vatID\":\"FR71834470973\",\"taxID\":\"83447097300043\",\"numberOfEmployees\":{\"@type\":\"QuantitativeValue\",\"minValue\":\"1\",\"maxValue\":\"10\"}},{\"@type\":\"Person\",\"@id\":\"https:\/\/dicodusport.fr\/blog\/#\/schema\/person\/37def232098a7a5cbab3974a3690abb0\",\"name\":\"Maxime Cazenave\",\"image\":{\"@type\":\"ImageObject\",\"inLanguage\":\"fr-FR\",\"@id\":\"https:\/\/dicodusport.fr\/blog\/#\/schema\/person\/image\/\",\"url\":\"https:\/\/dicodusport.fr\/blog\/wp-content\/uploads\/2021\/05\/Maxime-Cazenave-150x150.jpg\",\"contentUrl\":\"https:\/\/dicodusport.fr\/blog\/wp-content\/uploads\/2021\/05\/Maxime-Cazenave-150x150.jpg\",\"caption\":\"Maxime Cazenave\"},\"description\":\"Journaliste\/R\u00e9dacteur depuis 2012 - Berc\u00e9 par l\u2019amour des Girondins de Bordeaux, les \u00e9checs de Christophe Moreau sur le Tour de France sous l'\u00e8re Lance Armstrong et le fade-away l\u00e9tal de Dirk Nowitzki, ma passion d\u00e9vorante pour le sport a toujours \u00e9t\u00e9 un pan incontournable de ma vie. Transmettre ma passion \u00e0 l\u2019\u00e9crit a \u00e9t\u00e9 une transition naturelle. Suiveur assidu de basket et de hockey sur glace, je garde toujours un peu de place pour suivre le cyclisme, le football et le maximum de performances fran\u00e7aises.\",\"sameAs\":[\"https:\/\/x.com\/https:\/\/twitter.com\/Maxime_Caze\"],\"url\":\"https:\/\/dicodusport.fr\/blog\/author\/maximec\/\"}]}<\/script>\n<!-- \/ Yoast SEO Premium plugin. -->","yoast_head_json":{"title":"Hockey sur Glace \/ Mondial D1A U20 : La liste de Yorick Treille pass\u00e9e au crible","description":"Le s\u00e9lectionneur Yorick Treille a d\u00e9voil\u00e9 sa liste pour les Mondiaux U20 D1A, que l'\u00c9quipe de France disputera en Norv\u00e8ge au mois de d\u00e9cembre.","robots":{"index":"index","follow":"follow","max-snippet":"max-snippet:-1","max-image-preview":"max-image-preview:large","max-video-preview":"max-video-preview:-1"},"canonical":"https:\/\/dicodusport.fr\/blog\/hockey-sur-glace-mondial-d1a-u20-la-liste-de-yorick-treille-passee-au-crible\/","og_locale":"fr_FR","og_type":"article","og_title":"Hockey sur Glace \/ Mondial D1A U20 : La liste de Yorick Treille pass\u00e9e au crible","og_description":"Le s\u00e9lectionneur Yorick Treille a d\u00e9voil\u00e9 sa liste pour les Mondiaux U20 D1A, que l'\u00c9quipe de France disputera en Norv\u00e8ge au mois de d\u00e9cembre.","og_url":"https:\/\/dicodusport.fr\/blog\/hockey-sur-glace-mondial-d1a-u20-la-liste-de-yorick-treille-passee-au-crible\/","og_site_name":"Dicodusport","article_publisher":"https:\/\/www.facebook.com\/dicodusport","article_published_time":"2022-11-22T11:31:45+00:00","article_modified_time":"2022-11-25T15:05:29+00:00","og_image":[{"width":800,"height":445,"url":"https:\/\/dicodusport.fr\/blog\/wp-content\/uploads\/2021\/11\/Hockey-sur-glace-France-Les-23-joueurs-retenus-pour-les-Mondiaux-U20-Division-1.png","type":"image\/png"}],"author":"Maxime Cazenave","twitter_card":"summary_large_image","twitter_title":"Hockey sur Glace \/ Mondial D1A U20 : La liste de Yorick Treille pass\u00e9e au crible","twitter_creator":"@https:\/\/twitter.com\/Maxime_Caze","twitter_site":"@dicodusport","schema":{"@context":"https:\/\/schema.org","@graph":[{"@type":"NewsArticle","@id":"https:\/\/dicodusport.fr\/blog\/hockey-sur-glace-mondial-d1a-u20-la-liste-de-yorick-treille-passee-au-crible\/#article","isPartOf":{"@id":"https:\/\/dicodusport.fr\/blog\/hockey-sur-glace-mondial-d1a-u20-la-liste-de-yorick-treille-passee-au-crible\/"},"author":{"name":"Maxime Cazenave","@id":"https:\/\/dicodusport.fr\/blog\/#\/schema\/person\/37def232098a7a5cbab3974a3690abb0"},"headline":"Hockey sur Glace \/ Mondial D1A U20 : La liste de Yorick Treille pass\u00e9e au crible","datePublished":"2022-11-22T11:31:45+00:00","dateModified":"2022-11-25T15:05:29+00:00","mainEntityOfPage":{"@id":"https:\/\/dicodusport.fr\/blog\/hockey-sur-glace-mondial-d1a-u20-la-liste-de-yorick-treille-passee-au-crible\/"},"wordCount":1007,"commentCount":1,"publisher":{"@id":"https:\/\/dicodusport.fr\/blog\/#organization"},"image":{"@id":"https:\/\/dicodusport.fr\/blog\/hockey-sur-glace-mondial-d1a-u20-la-liste-de-yorick-treille-passee-au-crible\/#primaryimage"},"thumbnailUrl":"https:\/\/dicodusport.fr\/blog\/wp-content\/uploads\/2021\/11\/Hockey-sur-glace-France-Les-23-joueurs-retenus-pour-les-Mondiaux-U20-Division-1.png","keywords":["Antoine Keller","\u00c9quipe de France","Mondial D1A U20","Yorick Treille"],"articleSection":["Hockey sur glace"],"inLanguage":"fr-FR","potentialAction":[{"@type":"CommentAction","name":"Comment","target":["https:\/\/dicodusport.fr\/blog\/hockey-sur-glace-mondial-d1a-u20-la-liste-de-yorick-treille-passee-au-crible\/#respond"]}],"copyrightYear":"2022","copyrightHolder":{"@id":"https:\/\/dicodusport.fr\/blog\/#organization"}},{"@type":"WebPage","@id":"https:\/\/dicodusport.fr\/blog\/hockey-sur-glace-mondial-d1a-u20-la-liste-de-yorick-treille-passee-au-crible\/","url":"https:\/\/dicodusport.fr\/blog\/hockey-sur-glace-mondial-d1a-u20-la-liste-de-yorick-treille-passee-au-crible\/","name":"Hockey sur Glace \/ Mondial D1A U20 : La liste de Yorick Treille pass\u00e9e au crible","isPartOf":{"@id":"https:\/\/dicodusport.fr\/blog\/#website"},"primaryImageOfPage":{"@id":"https:\/\/dicodusport.fr\/blog\/hockey-sur-glace-mondial-d1a-u20-la-liste-de-yorick-treille-passee-au-crible\/#primaryimage"},"image":{"@id":"https:\/\/dicodusport.fr\/blog\/hockey-sur-glace-mondial-d1a-u20-la-liste-de-yorick-treille-passee-au-crible\/#primaryimage"},"thumbnailUrl":"https:\/\/dicodusport.fr\/blog\/wp-content\/uploads\/2021\/11\/Hockey-sur-glace-France-Les-23-joueurs-retenus-pour-les-Mondiaux-U20-Division-1.png","datePublished":"2022-11-22T11:31:45+00:00","dateModified":"2022-11-25T15:05:29+00:00","description":"Le s\u00e9lectionneur Yorick Treille a d\u00e9voil\u00e9 sa liste pour les Mondiaux U20 D1A, que l'\u00c9quipe de France disputera en Norv\u00e8ge au mois de d\u00e9cembre.","breadcrumb":{"@id":"https:\/\/dicodusport.fr\/blog\/hockey-sur-glace-mondial-d1a-u20-la-liste-de-yorick-treille-passee-au-crible\/#breadcrumb"},"inLanguage":"fr-FR","potentialAction":[{"@type":"ReadAction","target":["https:\/\/dicodusport.fr\/blog\/hockey-sur-glace-mondial-d1a-u20-la-liste-de-yorick-treille-passee-au-crible\/"]}]},{"@type":"ImageObject","inLanguage":"fr-FR","@id":"https:\/\/dicodusport.fr\/blog\/hockey-sur-glace-mondial-d1a-u20-la-liste-de-yorick-treille-passee-au-crible\/#primaryimage","url":"https:\/\/dicodusport.fr\/blog\/wp-content\/uploads\/2021\/11\/Hockey-sur-glace-France-Les-23-joueurs-retenus-pour-les-Mondiaux-U20-Division-1.png","contentUrl":"https:\/\/dicodusport.fr\/blog\/wp-content\/uploads\/2021\/11\/Hockey-sur-glace-France-Les-23-joueurs-retenus-pour-les-Mondiaux-U20-Division-1.png","width":800,"height":445,"caption":"Hockey sur glace - France Les 23 joueurs retenus pour les Mondiaux U20 Division 1"},{"@type":"BreadcrumbList","@id":"https:\/\/dicodusport.fr\/blog\/hockey-sur-glace-mondial-d1a-u20-la-liste-de-yorick-treille-passee-au-crible\/#breadcrumb","itemListElement":[{"@type":"ListItem","position":1,"name":"Accueil","item":"https:\/\/dicodusport.fr\/blog\/"},{"@type":"ListItem","position":2,"name":"Hockey sur Glace \/ Mondial D1A U20 : La liste de Yorick Treille pass\u00e9e au crible"}]},{"@type":"WebSite","@id":"https:\/\/dicodusport.fr\/blog\/#website","url":"https:\/\/dicodusport.fr\/blog\/","name":"Dicodusport","description":"L&#039;encyclop\u00e9die de l&#039;actualit\u00e9 sportive","publisher":{"@id":"https:\/\/dicodusport.fr\/blog\/#organization"},"potentialAction":[{"@type":"SearchAction","target":{"@type":"EntryPoint","urlTemplate":"https:\/\/dicodusport.fr\/blog\/?s={search_term_string}"},"query-input":{"@type":"PropertyValueSpecification","valueRequired":true,"valueName":"search_term_string"}}],"inLanguage":"fr-FR"},{"@type":"NewsMediaOrganization","@id":"https:\/\/dicodusport.fr\/blog\/#organization","name":"Dicodusport","url":"https:\/\/dicodusport.fr\/blog\/","logo":{"@type":"ImageObject","inLanguage":"fr-FR","@id":"https:\/\/dicodusport.fr\/blog\/#\/schema\/logo\/image\/","url":"https:\/\/dicodusport.fr\/blog\/wp-content\/uploads\/2020\/06\/cropped-LOGO-DICODUSPORT-2020-SANS-FOND-SANS-TEXTE.png","contentUrl":"https:\/\/dicodusport.fr\/blog\/wp-content\/uploads\/2020\/06\/cropped-LOGO-DICODUSPORT-2020-SANS-FOND-SANS-TEXTE.png","width":512,"height":512,"caption":"Dicodusport"},"image":{"@id":"https:\/\/dicodusport.fr\/blog\/#\/schema\/logo\/image\/"},"sameAs":["https:\/\/www.facebook.com\/dicodusport","https:\/\/x.com\/dicodusport","https:\/\/www.instagram.com\/dicodusport\/","https:\/\/www.youtube.com\/channel\/UC7V2KZ5sd3htJivAbA4ZG3w"],"description":"Dicodusport est l'encyclop\u00e9die de l'actualit\u00e9 sportive.","email":"bonjour@dicodusport.fr","legalName":"DICODUSPORT","foundingDate":"2018-01-14","vatID":"FR71834470973","taxID":"83447097300043","numberOfEmployees":{"@type":"QuantitativeValue","minValue":"1","maxValue":"10"}},{"@type":"Person","@id":"https:\/\/dicodusport.fr\/blog\/#\/schema\/person\/37def232098a7a5cbab3974a3690abb0","name":"Maxime Cazenave","image":{"@type":"ImageObject","inLanguage":"fr-FR","@id":"https:\/\/dicodusport.fr\/blog\/#\/schema\/person\/image\/","url":"https:\/\/dicodusport.fr\/blog\/wp-content\/uploads\/2021\/05\/Maxime-Cazenave-150x150.jpg","contentUrl":"https:\/\/dicodusport.fr\/blog\/wp-content\/uploads\/2021\/05\/Maxime-Cazenave-150x150.jpg","caption":"Maxime Cazenave"},"description":"Journaliste\/R\u00e9dacteur depuis 2012 - Berc\u00e9 par l\u2019amour des Girondins de Bordeaux, les \u00e9checs de Christophe Moreau sur le Tour de France sous l'\u00e8re Lance Armstrong et le fade-away l\u00e9tal de Dirk Nowitzki, ma passion d\u00e9vorante pour le sport a toujours \u00e9t\u00e9 un pan incontournable de ma vie. Transmettre ma passion \u00e0 l\u2019\u00e9crit a \u00e9t\u00e9 une transition naturelle. Suiveur assidu de basket et de hockey sur glace, je garde toujours un peu de place pour suivre le cyclisme, le football et le maximum de performances fran\u00e7aises.","sameAs":["https:\/\/x.com\/https:\/\/twitter.com\/Maxime_Caze"],"url":"https:\/\/dicodusport.fr\/blog\/author\/maximec\/"}]}},"_links":{"self":[{"href":"https:\/\/dicodusport.fr\/blog\/wp-json\/wp\/v2\/posts\/281331","targetHints":{"allow":["GET"]}}],"collection":[{"href":"https:\/\/dicodusport.fr\/blog\/wp-json\/wp\/v2\/posts"}],"about":[{"href":"https:\/\/dicodusport.fr\/blog\/wp-json\/wp\/v2\/types\/post"}],"author":[{"embeddable":true,"href":"https:\/\/dicodusport.fr\/blog\/wp-json\/wp\/v2\/users\/55"}],"replies":[{"embeddable":true,"href":"https:\/\/dicodusport.fr\/blog\/wp-json\/wp\/v2\/comments?post=281331"}],"version-history":[{"count":0,"href":"https:\/\/dicodusport.fr\/blog\/wp-json\/wp\/v2\/posts\/281331\/revisions"}],"wp:featuredmedia":[{"embeddable":true,"href":"https:\/\/dicodusport.fr\/blog\/wp-json\/wp\/v2\/media\/180930"}],"wp:attachment":[{"href":"https:\/\/dicodusport.fr\/blog\/wp-json\/wp\/v2\/media?parent=281331"}],"wp:term":[{"taxonomy":"category","embeddable":true,"href":"https:\/\/dicodusport.fr\/blog\/wp-json\/wp\/v2\/categories?post=281331"},{"taxonomy":"post_tag","embeddable":true,"href":"https:\/\/dicodusport.fr\/blog\/wp-json\/wp\/v2\/tags?post=281331"}],"curies":[{"name":"wp","href":"https:\/\/api.w.org\/{rel}","templated":true}]}}