{"id":281938,"date":"2022-11-24T08:17:32","date_gmt":"2022-11-24T07:17:32","guid":{"rendered":"https:\/\/dicodusport.fr\/blog\/?p=281938&#038;preview=true&#038;preview_id=281938"},"modified":"2022-11-24T08:52:28","modified_gmt":"2022-11-24T07:52:28","slug":"ufc-282-blesse-jiri-prochazka-declare-forfait-et-abandonne-sa-ceinture-des-mi-lourds","status":"publish","type":"post","link":"https:\/\/dicodusport.fr\/blog\/ufc-282-blesse-jiri-prochazka-declare-forfait-et-abandonne-sa-ceinture-des-mi-lourds\/","title":{"rendered":"UFC 282 : Bless\u00e9, Jiri Prochazka d\u00e9clare forfait et abandonne sa ceinture des mi-lourds"},"content":{"rendered":"<p align=\"justify\"><em><strong>UFC &#8211; Pr\u00e9vu pour combattre en main event de l&rsquo;UFC 282 le 11 d\u00e9cembre, Jiri Prochazka s&rsquo;est bless\u00e9 et a d\u00e9clar\u00e9 forfait pour <\/strong><\/em><b><i>l&rsquo;\u00e9v\u00e9nement. Le Tch\u00e8que a\u00a0\u00e9galement rendu vacant son titre des mi-lourds !<\/i><\/b><\/p>\n<p style=\"text-align: justify;\" align=\"justify\">Quelques mois apr\u00e8s leur <a href=\"https:\/\/dicodusport.fr\/blog\/ufc-275-jiri-prochazka-soumet-glover-teixeira-et-devient-champion-du-monde-des-mi-lourds\/\">premier combat \u00e9pique<\/a>, <b>Jiri Prochazka<\/b> et <b>Glover Texeira<\/b> devaient remettre \u00e7a lors de l&rsquo;<b>UFC 282<\/b>. Mais la nuit pass\u00e9e, patatras ! Le champion du monde s&rsquo;est s\u00e9rieusement bless\u00e9 \u00e0 l&rsquo;\u00e9paule. Son indisponibilit\u00e9 est estim\u00e9e \u00e0 plus d&rsquo;un an ! En toute logique, le Tch\u00e8que a donc d\u00e9clar\u00e9 forfait pour l&rsquo;<b>UFC 282<\/b>, pr\u00e9vu le 11 d\u00e9cembre \u00e0 Las Vegas.<\/p>\n<p style=\"text-align: justify;\" align=\"justify\">Selon <em>ESPN<\/em>, Prochazka a pris la d\u00e9cision radicale d&rsquo;abandonner sa ceinture mondiale pour que la cat\u00e9gorie puisse continuer d&rsquo;avancer. Son adversaire pr\u00e9vu, <b>Glover Teixeira<\/b>, a refus\u00e9 d&rsquo;affronter un autre combattant et ne sera pas sur la carte de l&rsquo;<b>UFC 282<\/b>. N\u00e9anmoins, cet \u00e9v\u00e9nement, qui sera le dernier Pay-per-view de l&rsquo;ann\u00e9e 2022 \u00e0 l&rsquo;UFC, accueillera bien un match de championnat du monde des mi-lourds.<\/p>\n<h2 align=\"justify\">Jan Blachowicz et Magomed Ankalaev \u00e0 la rescousse !<\/h2>\n<p style=\"text-align: justify;\">C&rsquo;est confirm\u00e9 par l&rsquo;UFC, le Polonais<b> Jan Blachowicz<\/b> (39 ans, 29-9) et le Russe <b>Magomed Ankalaev <\/b>(30 ans, 17-1) vont s&rsquo;affronter pour la ceinture vacante le 11 d\u00e9cembre. Initialement, les deux hommes devaient combattre sur 3 rounds en combat d&rsquo;encadrement de l&rsquo;<b>UFC 282<\/b>. Mais la blessure de <b>Prochazka<\/b> les propulse en main event, sur cinq rounds, avec titre mondial en jeu !<\/p>\n<p style=\"text-align: justify;\">Champion du monde des mi-lourds entre septembre 2020 et octobre 2021, et premier homme \u00e0 avoir <a href=\"https:\/\/dicodusport.fr\/blog\/ufc-259-tous-les-resultats-de-la-soiree\/\">battu Israel Adesanya \u00e0 l&rsquo;UFC,<\/a> <b>Jan Blachowicz<\/b> peut d\u00e9crocher la ceinture pour la deuxi\u00e8me fois de sa carri\u00e8re. Quant au ph\u00e9nom\u00e8ne daghestanais <strong>Magomed Ankalaev<\/strong>, une victoire lui permettrait de devenir champion pour la premi\u00e8re fois. Et de porter \u00e0 10 sa s\u00e9rie victoires cons\u00e9cutives \u00e0 l&rsquo;UFC ! Rendez-vous le 11 d\u00e9cembre pour ce main event qui s&rsquo;annonce explosif !<\/p>\n<blockquote class=\"twitter-tweet\">\n<p dir=\"ltr\" lang=\"en\">Our NEW light heavyweight title fight headlining <a href=\"https:\/\/twitter.com\/hashtag\/UFC282?src=hash&amp;ref_src=twsrc%5Etfw\">#UFC282<\/a> &#x1f3c6;<\/p>\n<p>Jiri Prochazka has suffered a significant shoulder injury. Out of respect to the athletes and the division he will vacate his title.<a href=\"https:\/\/twitter.com\/JanBlachowicz?ref_src=twsrc%5Etfw\">@JanBlachowicz<\/a> vs <a href=\"https:\/\/twitter.com\/AnkalaevM?ref_src=twsrc%5Etfw\">@AnkalaevM<\/a> is your new main event for the undisputed UFC LHW belt! <a href=\"https:\/\/t.co\/CScRxmjWwS\">pic.twitter.com\/CScRxmjWwS<\/a><\/p>\n<p>\u2014 UFC (@ufc) <a href=\"https:\/\/twitter.com\/ufc\/status\/1595540582213951488?ref_src=twsrc%5Etfw\">November 23, 2022<\/a><\/p><\/blockquote>\n<p><script async src=\"https:\/\/platform.twitter.com\/widgets.js\" charset=\"utf-8\"><\/script><\/p>\n","protected":false},"excerpt":{"rendered":"<p>UFC &#8211; Pr\u00e9vu pour combattre en main event de l&rsquo;UFC 282 le 11 d\u00e9cembre, Jiri Prochazka s&rsquo;est bless\u00e9 et a d\u00e9clar\u00e9 forfait pour l&rsquo;\u00e9v\u00e9nement. Le Tch\u00e8que a\u00a0\u00e9galement rendu vacant son titre des mi-lourds !<\/p>\n","protected":false},"author":39,"featured_media":281943,"comment_status":"open","ping_status":"closed","sticky":false,"template":"","format":"standard","meta":{"_acf_changed":false,"_daextam_enable_autolinks":"","footnotes":""},"categories":[10666],"tags":[],"class_list":["post-281938","post","type-post","status-publish","format-standard","has-post-thumbnail","hentry","category-mma"],"acf":[],"yoast_head":"<!-- This site is optimized with the Yoast SEO Premium plugin v26.7 (Yoast SEO v26.7) - https:\/\/yoast.com\/wordpress\/plugins\/seo\/ -->\n<title>UFC 282 : Bless\u00e9, Jiri Prochazka d\u00e9clare forfait et abandonne sa ceinture des mi-lourds<\/title>\n<meta name=\"description\" content=\"UFC - Pr\u00e9vu pour combattre en main event de l&#039;UFC 282 le 11 d\u00e9cembre, Jiri Prochazka s&#039;est bless\u00e9 et a d\u00e9clar\u00e9 forfait pour l&#039;\u00e9v\u00e9nement.\" \/>\n<meta name=\"robots\" content=\"index, follow, max-snippet:-1, max-image-preview:large, max-video-preview:-1\" \/>\n<link rel=\"canonical\" href=\"https:\/\/dicodusport.fr\/blog\/ufc-282-blesse-jiri-prochazka-declare-forfait-et-abandonne-sa-ceinture-des-mi-lourds\/\" \/>\n<meta property=\"og:locale\" content=\"fr_FR\" \/>\n<meta property=\"og:type\" content=\"article\" \/>\n<meta property=\"og:title\" content=\"UFC 282 : Bless\u00e9, Jiri Prochazka d\u00e9clare forfait et abandonne sa ceinture des mi-lourds\" \/>\n<meta property=\"og:description\" content=\"UFC - Pr\u00e9vu pour combattre en main event de l&#039;UFC 282 le 11 d\u00e9cembre, Jiri Prochazka s&#039;est bless\u00e9 et a d\u00e9clar\u00e9 forfait pour l&#039;\u00e9v\u00e9nement.\" \/>\n<meta property=\"og:url\" content=\"https:\/\/dicodusport.fr\/blog\/ufc-282-blesse-jiri-prochazka-declare-forfait-et-abandonne-sa-ceinture-des-mi-lourds\/\" \/>\n<meta property=\"og:site_name\" content=\"Dicodusport\" \/>\n<meta property=\"article:publisher\" content=\"https:\/\/www.facebook.com\/dicodusport\" \/>\n<meta property=\"article:published_time\" content=\"2022-11-24T07:17:32+00:00\" \/>\n<meta property=\"article:modified_time\" content=\"2022-11-24T07:52:28+00:00\" \/>\n<meta property=\"og:image\" content=\"https:\/\/dicodusport.fr\/blog\/wp-content\/uploads\/2022\/11\/UFC-282-Blesse-Jiri-Prochazka-declare-forfait-et-abandonne-sa-ceinture-des-mi-lourds.png\" \/>\n\t<meta property=\"og:image:width\" content=\"800\" \/>\n\t<meta property=\"og:image:height\" content=\"445\" \/>\n\t<meta property=\"og:image:type\" content=\"image\/png\" \/>\n<meta name=\"author\" content=\"Idriss Ahamada\" \/>\n<meta name=\"twitter:card\" content=\"summary_large_image\" \/>\n<meta name=\"twitter:title\" content=\"UFC 282 : Bless\u00e9, Jiri Prochazka d\u00e9clare forfait et abandonne sa ceinture des mi-lourds\" \/>\n<meta name=\"twitter:creator\" content=\"@https:\/\/twitter.com\/idriss_ia7\" \/>\n<meta name=\"twitter:site\" content=\"@dicodusport\" \/>\n<script type=\"application\/ld+json\" class=\"yoast-schema-graph\">{\"@context\":\"https:\/\/schema.org\",\"@graph\":[{\"@type\":\"NewsArticle\",\"@id\":\"https:\/\/dicodusport.fr\/blog\/ufc-282-blesse-jiri-prochazka-declare-forfait-et-abandonne-sa-ceinture-des-mi-lourds\/#article\",\"isPartOf\":{\"@id\":\"https:\/\/dicodusport.fr\/blog\/ufc-282-blesse-jiri-prochazka-declare-forfait-et-abandonne-sa-ceinture-des-mi-lourds\/\"},\"author\":{\"name\":\"Idriss Ahamada\",\"@id\":\"https:\/\/dicodusport.fr\/blog\/#\/schema\/person\/f3797823174b5e2975b9efe0302f16f4\"},\"headline\":\"UFC 282 : Bless\u00e9, Jiri Prochazka d\u00e9clare forfait et abandonne sa ceinture des mi-lourds\",\"datePublished\":\"2022-11-24T07:17:32+00:00\",\"dateModified\":\"2022-11-24T07:52:28+00:00\",\"mainEntityOfPage\":{\"@id\":\"https:\/\/dicodusport.fr\/blog\/ufc-282-blesse-jiri-prochazka-declare-forfait-et-abandonne-sa-ceinture-des-mi-lourds\/\"},\"wordCount\":392,\"commentCount\":1,\"publisher\":{\"@id\":\"https:\/\/dicodusport.fr\/blog\/#organization\"},\"image\":{\"@id\":\"https:\/\/dicodusport.fr\/blog\/ufc-282-blesse-jiri-prochazka-declare-forfait-et-abandonne-sa-ceinture-des-mi-lourds\/#primaryimage\"},\"thumbnailUrl\":\"https:\/\/dicodusport.fr\/blog\/wp-content\/uploads\/2022\/11\/UFC-282-Blesse-Jiri-Prochazka-declare-forfait-et-abandonne-sa-ceinture-des-mi-lourds.png\",\"articleSection\":[\"MMA\"],\"inLanguage\":\"fr-FR\",\"potentialAction\":[{\"@type\":\"CommentAction\",\"name\":\"Comment\",\"target\":[\"https:\/\/dicodusport.fr\/blog\/ufc-282-blesse-jiri-prochazka-declare-forfait-et-abandonne-sa-ceinture-des-mi-lourds\/#respond\"]}],\"copyrightYear\":\"2022\",\"copyrightHolder\":{\"@id\":\"https:\/\/dicodusport.fr\/blog\/#organization\"}},{\"@type\":\"WebPage\",\"@id\":\"https:\/\/dicodusport.fr\/blog\/ufc-282-blesse-jiri-prochazka-declare-forfait-et-abandonne-sa-ceinture-des-mi-lourds\/\",\"url\":\"https:\/\/dicodusport.fr\/blog\/ufc-282-blesse-jiri-prochazka-declare-forfait-et-abandonne-sa-ceinture-des-mi-lourds\/\",\"name\":\"UFC 282 : Bless\u00e9, Jiri Prochazka d\u00e9clare forfait et abandonne sa ceinture des mi-lourds\",\"isPartOf\":{\"@id\":\"https:\/\/dicodusport.fr\/blog\/#website\"},\"primaryImageOfPage\":{\"@id\":\"https:\/\/dicodusport.fr\/blog\/ufc-282-blesse-jiri-prochazka-declare-forfait-et-abandonne-sa-ceinture-des-mi-lourds\/#primaryimage\"},\"image\":{\"@id\":\"https:\/\/dicodusport.fr\/blog\/ufc-282-blesse-jiri-prochazka-declare-forfait-et-abandonne-sa-ceinture-des-mi-lourds\/#primaryimage\"},\"thumbnailUrl\":\"https:\/\/dicodusport.fr\/blog\/wp-content\/uploads\/2022\/11\/UFC-282-Blesse-Jiri-Prochazka-declare-forfait-et-abandonne-sa-ceinture-des-mi-lourds.png\",\"datePublished\":\"2022-11-24T07:17:32+00:00\",\"dateModified\":\"2022-11-24T07:52:28+00:00\",\"description\":\"UFC - Pr\u00e9vu pour combattre en main event de l'UFC 282 le 11 d\u00e9cembre, Jiri Prochazka s'est bless\u00e9 et a d\u00e9clar\u00e9 forfait pour l'\u00e9v\u00e9nement.\",\"breadcrumb\":{\"@id\":\"https:\/\/dicodusport.fr\/blog\/ufc-282-blesse-jiri-prochazka-declare-forfait-et-abandonne-sa-ceinture-des-mi-lourds\/#breadcrumb\"},\"inLanguage\":\"fr-FR\",\"potentialAction\":[{\"@type\":\"ReadAction\",\"target\":[\"https:\/\/dicodusport.fr\/blog\/ufc-282-blesse-jiri-prochazka-declare-forfait-et-abandonne-sa-ceinture-des-mi-lourds\/\"]}]},{\"@type\":\"ImageObject\",\"inLanguage\":\"fr-FR\",\"@id\":\"https:\/\/dicodusport.fr\/blog\/ufc-282-blesse-jiri-prochazka-declare-forfait-et-abandonne-sa-ceinture-des-mi-lourds\/#primaryimage\",\"url\":\"https:\/\/dicodusport.fr\/blog\/wp-content\/uploads\/2022\/11\/UFC-282-Blesse-Jiri-Prochazka-declare-forfait-et-abandonne-sa-ceinture-des-mi-lourds.png\",\"contentUrl\":\"https:\/\/dicodusport.fr\/blog\/wp-content\/uploads\/2022\/11\/UFC-282-Blesse-Jiri-Prochazka-declare-forfait-et-abandonne-sa-ceinture-des-mi-lourds.png\",\"width\":800,\"height\":445,\"caption\":\"UFC 282 Bless\u00e9, Jiri Prochazka d\u00e9clare forfait et abandonne sa ceinture des mi-lourds\"},{\"@type\":\"BreadcrumbList\",\"@id\":\"https:\/\/dicodusport.fr\/blog\/ufc-282-blesse-jiri-prochazka-declare-forfait-et-abandonne-sa-ceinture-des-mi-lourds\/#breadcrumb\",\"itemListElement\":[{\"@type\":\"ListItem\",\"position\":1,\"name\":\"Accueil\",\"item\":\"https:\/\/dicodusport.fr\/blog\/\"},{\"@type\":\"ListItem\",\"position\":2,\"name\":\"UFC 282 : Bless\u00e9, Jiri Prochazka d\u00e9clare forfait et abandonne sa ceinture des mi-lourds\"}]},{\"@type\":\"WebSite\",\"@id\":\"https:\/\/dicodusport.fr\/blog\/#website\",\"url\":\"https:\/\/dicodusport.fr\/blog\/\",\"name\":\"Dicodusport\",\"description\":\"L&#039;encyclop\u00e9die de l&#039;actualit\u00e9 sportive\",\"publisher\":{\"@id\":\"https:\/\/dicodusport.fr\/blog\/#organization\"},\"potentialAction\":[{\"@type\":\"SearchAction\",\"target\":{\"@type\":\"EntryPoint\",\"urlTemplate\":\"https:\/\/dicodusport.fr\/blog\/?s={search_term_string}\"},\"query-input\":{\"@type\":\"PropertyValueSpecification\",\"valueRequired\":true,\"valueName\":\"search_term_string\"}}],\"inLanguage\":\"fr-FR\"},{\"@type\":\"NewsMediaOrganization\",\"@id\":\"https:\/\/dicodusport.fr\/blog\/#organization\",\"name\":\"Dicodusport\",\"url\":\"https:\/\/dicodusport.fr\/blog\/\",\"logo\":{\"@type\":\"ImageObject\",\"inLanguage\":\"fr-FR\",\"@id\":\"https:\/\/dicodusport.fr\/blog\/#\/schema\/logo\/image\/\",\"url\":\"https:\/\/dicodusport.fr\/blog\/wp-content\/uploads\/2020\/06\/cropped-LOGO-DICODUSPORT-2020-SANS-FOND-SANS-TEXTE.png\",\"contentUrl\":\"https:\/\/dicodusport.fr\/blog\/wp-content\/uploads\/2020\/06\/cropped-LOGO-DICODUSPORT-2020-SANS-FOND-SANS-TEXTE.png\",\"width\":512,\"height\":512,\"caption\":\"Dicodusport\"},\"image\":{\"@id\":\"https:\/\/dicodusport.fr\/blog\/#\/schema\/logo\/image\/\"},\"sameAs\":[\"https:\/\/www.facebook.com\/dicodusport\",\"https:\/\/x.com\/dicodusport\",\"https:\/\/www.instagram.com\/dicodusport\/\",\"https:\/\/www.youtube.com\/channel\/UC7V2KZ5sd3htJivAbA4ZG3w\"],\"description\":\"Dicodusport est l'encyclop\u00e9die de l'actualit\u00e9 sportive.\",\"email\":\"bonjour@dicodusport.fr\",\"legalName\":\"DICODUSPORT\",\"foundingDate\":\"2018-01-14\",\"vatID\":\"FR71834470973\",\"taxID\":\"83447097300043\",\"numberOfEmployees\":{\"@type\":\"QuantitativeValue\",\"minValue\":\"1\",\"maxValue\":\"10\"}},{\"@type\":\"Person\",\"@id\":\"https:\/\/dicodusport.fr\/blog\/#\/schema\/person\/f3797823174b5e2975b9efe0302f16f4\",\"name\":\"Idriss Ahamada\",\"image\":{\"@type\":\"ImageObject\",\"inLanguage\":\"fr-FR\",\"@id\":\"https:\/\/dicodusport.fr\/blog\/#\/schema\/person\/image\/\",\"url\":\"https:\/\/dicodusport.fr\/blog\/wp-content\/uploads\/2021\/04\/Maillot-Idriss-Dicodusport-150x150.png\",\"contentUrl\":\"https:\/\/dicodusport.fr\/blog\/wp-content\/uploads\/2021\/04\/Maillot-Idriss-Dicodusport-150x150.png\",\"caption\":\"Idriss Ahamada\"},\"description\":\"Passionn\u00e9 de sport depuis toujours, c\u2019est tout naturellement qu\u2019apr\u00e8s avoir compris que je n\u2019avais pas le niveau pour jouer \u00e0 Manchester United, et pas la force n\u00e9cessaire pour combattre \u00e0 l\u2019UFC que je me suis tourn\u00e9 vers le journalisme pour raconter les exploits et les histoires de ceux qui en sont capables. Le football, surtout quand il est jou\u00e9 en Angleterre, reste mon premier amour. Mais j\u2019aime aussi veiller la nuit pour vous parler de KO et de victoires unanimes \u00e0 l\u2019UFC ou sur les rings de boxe. Mon c\u00f4t\u00e9 fan de Wayne Rooney m\u2019a \u00e9galement pouss\u00e9 \u00e0 devenir polyvalent et \u00e0 parler aussi de rugby (\u00e0 XIII comme \u00e0 XV) et occasionnellement de cyclisme. C\u2019est donc logiquement que j\u2019ai rejoint Dicodusport, pour pouvoir parler de l\u2019actualit\u00e9, sur tous les terrains.\",\"sameAs\":[\"https:\/\/x.com\/https:\/\/twitter.com\/idriss_ia7\"],\"url\":\"https:\/\/dicodusport.fr\/blog\/author\/idriss\/\"}]}<\/script>\n<!-- \/ Yoast SEO Premium plugin. -->","yoast_head_json":{"title":"UFC 282 : Bless\u00e9, Jiri Prochazka d\u00e9clare forfait et abandonne sa ceinture des mi-lourds","description":"UFC - Pr\u00e9vu pour combattre en main event de l'UFC 282 le 11 d\u00e9cembre, Jiri Prochazka s'est bless\u00e9 et a d\u00e9clar\u00e9 forfait pour l'\u00e9v\u00e9nement.","robots":{"index":"index","follow":"follow","max-snippet":"max-snippet:-1","max-image-preview":"max-image-preview:large","max-video-preview":"max-video-preview:-1"},"canonical":"https:\/\/dicodusport.fr\/blog\/ufc-282-blesse-jiri-prochazka-declare-forfait-et-abandonne-sa-ceinture-des-mi-lourds\/","og_locale":"fr_FR","og_type":"article","og_title":"UFC 282 : Bless\u00e9, Jiri Prochazka d\u00e9clare forfait et abandonne sa ceinture des mi-lourds","og_description":"UFC - Pr\u00e9vu pour combattre en main event de l'UFC 282 le 11 d\u00e9cembre, Jiri Prochazka s'est bless\u00e9 et a d\u00e9clar\u00e9 forfait pour l'\u00e9v\u00e9nement.","og_url":"https:\/\/dicodusport.fr\/blog\/ufc-282-blesse-jiri-prochazka-declare-forfait-et-abandonne-sa-ceinture-des-mi-lourds\/","og_site_name":"Dicodusport","article_publisher":"https:\/\/www.facebook.com\/dicodusport","article_published_time":"2022-11-24T07:17:32+00:00","article_modified_time":"2022-11-24T07:52:28+00:00","og_image":[{"width":800,"height":445,"url":"https:\/\/dicodusport.fr\/blog\/wp-content\/uploads\/2022\/11\/UFC-282-Blesse-Jiri-Prochazka-declare-forfait-et-abandonne-sa-ceinture-des-mi-lourds.png","type":"image\/png"}],"author":"Idriss Ahamada","twitter_card":"summary_large_image","twitter_title":"UFC 282 : Bless\u00e9, Jiri Prochazka d\u00e9clare forfait et abandonne sa ceinture des mi-lourds","twitter_creator":"@https:\/\/twitter.com\/idriss_ia7","twitter_site":"@dicodusport","schema":{"@context":"https:\/\/schema.org","@graph":[{"@type":"NewsArticle","@id":"https:\/\/dicodusport.fr\/blog\/ufc-282-blesse-jiri-prochazka-declare-forfait-et-abandonne-sa-ceinture-des-mi-lourds\/#article","isPartOf":{"@id":"https:\/\/dicodusport.fr\/blog\/ufc-282-blesse-jiri-prochazka-declare-forfait-et-abandonne-sa-ceinture-des-mi-lourds\/"},"author":{"name":"Idriss Ahamada","@id":"https:\/\/dicodusport.fr\/blog\/#\/schema\/person\/f3797823174b5e2975b9efe0302f16f4"},"headline":"UFC 282 : Bless\u00e9, Jiri Prochazka d\u00e9clare forfait et abandonne sa ceinture des mi-lourds","datePublished":"2022-11-24T07:17:32+00:00","dateModified":"2022-11-24T07:52:28+00:00","mainEntityOfPage":{"@id":"https:\/\/dicodusport.fr\/blog\/ufc-282-blesse-jiri-prochazka-declare-forfait-et-abandonne-sa-ceinture-des-mi-lourds\/"},"wordCount":392,"commentCount":1,"publisher":{"@id":"https:\/\/dicodusport.fr\/blog\/#organization"},"image":{"@id":"https:\/\/dicodusport.fr\/blog\/ufc-282-blesse-jiri-prochazka-declare-forfait-et-abandonne-sa-ceinture-des-mi-lourds\/#primaryimage"},"thumbnailUrl":"https:\/\/dicodusport.fr\/blog\/wp-content\/uploads\/2022\/11\/UFC-282-Blesse-Jiri-Prochazka-declare-forfait-et-abandonne-sa-ceinture-des-mi-lourds.png","articleSection":["MMA"],"inLanguage":"fr-FR","potentialAction":[{"@type":"CommentAction","name":"Comment","target":["https:\/\/dicodusport.fr\/blog\/ufc-282-blesse-jiri-prochazka-declare-forfait-et-abandonne-sa-ceinture-des-mi-lourds\/#respond"]}],"copyrightYear":"2022","copyrightHolder":{"@id":"https:\/\/dicodusport.fr\/blog\/#organization"}},{"@type":"WebPage","@id":"https:\/\/dicodusport.fr\/blog\/ufc-282-blesse-jiri-prochazka-declare-forfait-et-abandonne-sa-ceinture-des-mi-lourds\/","url":"https:\/\/dicodusport.fr\/blog\/ufc-282-blesse-jiri-prochazka-declare-forfait-et-abandonne-sa-ceinture-des-mi-lourds\/","name":"UFC 282 : Bless\u00e9, Jiri Prochazka d\u00e9clare forfait et abandonne sa ceinture des mi-lourds","isPartOf":{"@id":"https:\/\/dicodusport.fr\/blog\/#website"},"primaryImageOfPage":{"@id":"https:\/\/dicodusport.fr\/blog\/ufc-282-blesse-jiri-prochazka-declare-forfait-et-abandonne-sa-ceinture-des-mi-lourds\/#primaryimage"},"image":{"@id":"https:\/\/dicodusport.fr\/blog\/ufc-282-blesse-jiri-prochazka-declare-forfait-et-abandonne-sa-ceinture-des-mi-lourds\/#primaryimage"},"thumbnailUrl":"https:\/\/dicodusport.fr\/blog\/wp-content\/uploads\/2022\/11\/UFC-282-Blesse-Jiri-Prochazka-declare-forfait-et-abandonne-sa-ceinture-des-mi-lourds.png","datePublished":"2022-11-24T07:17:32+00:00","dateModified":"2022-11-24T07:52:28+00:00","description":"UFC - Pr\u00e9vu pour combattre en main event de l'UFC 282 le 11 d\u00e9cembre, Jiri Prochazka s'est bless\u00e9 et a d\u00e9clar\u00e9 forfait pour l'\u00e9v\u00e9nement.","breadcrumb":{"@id":"https:\/\/dicodusport.fr\/blog\/ufc-282-blesse-jiri-prochazka-declare-forfait-et-abandonne-sa-ceinture-des-mi-lourds\/#breadcrumb"},"inLanguage":"fr-FR","potentialAction":[{"@type":"ReadAction","target":["https:\/\/dicodusport.fr\/blog\/ufc-282-blesse-jiri-prochazka-declare-forfait-et-abandonne-sa-ceinture-des-mi-lourds\/"]}]},{"@type":"ImageObject","inLanguage":"fr-FR","@id":"https:\/\/dicodusport.fr\/blog\/ufc-282-blesse-jiri-prochazka-declare-forfait-et-abandonne-sa-ceinture-des-mi-lourds\/#primaryimage","url":"https:\/\/dicodusport.fr\/blog\/wp-content\/uploads\/2022\/11\/UFC-282-Blesse-Jiri-Prochazka-declare-forfait-et-abandonne-sa-ceinture-des-mi-lourds.png","contentUrl":"https:\/\/dicodusport.fr\/blog\/wp-content\/uploads\/2022\/11\/UFC-282-Blesse-Jiri-Prochazka-declare-forfait-et-abandonne-sa-ceinture-des-mi-lourds.png","width":800,"height":445,"caption":"UFC 282 Bless\u00e9, Jiri Prochazka d\u00e9clare forfait et abandonne sa ceinture des mi-lourds"},{"@type":"BreadcrumbList","@id":"https:\/\/dicodusport.fr\/blog\/ufc-282-blesse-jiri-prochazka-declare-forfait-et-abandonne-sa-ceinture-des-mi-lourds\/#breadcrumb","itemListElement":[{"@type":"ListItem","position":1,"name":"Accueil","item":"https:\/\/dicodusport.fr\/blog\/"},{"@type":"ListItem","position":2,"name":"UFC 282 : Bless\u00e9, Jiri Prochazka d\u00e9clare forfait et abandonne sa ceinture des mi-lourds"}]},{"@type":"WebSite","@id":"https:\/\/dicodusport.fr\/blog\/#website","url":"https:\/\/dicodusport.fr\/blog\/","name":"Dicodusport","description":"L&#039;encyclop\u00e9die de l&#039;actualit\u00e9 sportive","publisher":{"@id":"https:\/\/dicodusport.fr\/blog\/#organization"},"potentialAction":[{"@type":"SearchAction","target":{"@type":"EntryPoint","urlTemplate":"https:\/\/dicodusport.fr\/blog\/?s={search_term_string}"},"query-input":{"@type":"PropertyValueSpecification","valueRequired":true,"valueName":"search_term_string"}}],"inLanguage":"fr-FR"},{"@type":"NewsMediaOrganization","@id":"https:\/\/dicodusport.fr\/blog\/#organization","name":"Dicodusport","url":"https:\/\/dicodusport.fr\/blog\/","logo":{"@type":"ImageObject","inLanguage":"fr-FR","@id":"https:\/\/dicodusport.fr\/blog\/#\/schema\/logo\/image\/","url":"https:\/\/dicodusport.fr\/blog\/wp-content\/uploads\/2020\/06\/cropped-LOGO-DICODUSPORT-2020-SANS-FOND-SANS-TEXTE.png","contentUrl":"https:\/\/dicodusport.fr\/blog\/wp-content\/uploads\/2020\/06\/cropped-LOGO-DICODUSPORT-2020-SANS-FOND-SANS-TEXTE.png","width":512,"height":512,"caption":"Dicodusport"},"image":{"@id":"https:\/\/dicodusport.fr\/blog\/#\/schema\/logo\/image\/"},"sameAs":["https:\/\/www.facebook.com\/dicodusport","https:\/\/x.com\/dicodusport","https:\/\/www.instagram.com\/dicodusport\/","https:\/\/www.youtube.com\/channel\/UC7V2KZ5sd3htJivAbA4ZG3w"],"description":"Dicodusport est l'encyclop\u00e9die de l'actualit\u00e9 sportive.","email":"bonjour@dicodusport.fr","legalName":"DICODUSPORT","foundingDate":"2018-01-14","vatID":"FR71834470973","taxID":"83447097300043","numberOfEmployees":{"@type":"QuantitativeValue","minValue":"1","maxValue":"10"}},{"@type":"Person","@id":"https:\/\/dicodusport.fr\/blog\/#\/schema\/person\/f3797823174b5e2975b9efe0302f16f4","name":"Idriss Ahamada","image":{"@type":"ImageObject","inLanguage":"fr-FR","@id":"https:\/\/dicodusport.fr\/blog\/#\/schema\/person\/image\/","url":"https:\/\/dicodusport.fr\/blog\/wp-content\/uploads\/2021\/04\/Maillot-Idriss-Dicodusport-150x150.png","contentUrl":"https:\/\/dicodusport.fr\/blog\/wp-content\/uploads\/2021\/04\/Maillot-Idriss-Dicodusport-150x150.png","caption":"Idriss Ahamada"},"description":"Passionn\u00e9 de sport depuis toujours, c\u2019est tout naturellement qu\u2019apr\u00e8s avoir compris que je n\u2019avais pas le niveau pour jouer \u00e0 Manchester United, et pas la force n\u00e9cessaire pour combattre \u00e0 l\u2019UFC que je me suis tourn\u00e9 vers le journalisme pour raconter les exploits et les histoires de ceux qui en sont capables. Le football, surtout quand il est jou\u00e9 en Angleterre, reste mon premier amour. Mais j\u2019aime aussi veiller la nuit pour vous parler de KO et de victoires unanimes \u00e0 l\u2019UFC ou sur les rings de boxe. Mon c\u00f4t\u00e9 fan de Wayne Rooney m\u2019a \u00e9galement pouss\u00e9 \u00e0 devenir polyvalent et \u00e0 parler aussi de rugby (\u00e0 XIII comme \u00e0 XV) et occasionnellement de cyclisme. C\u2019est donc logiquement que j\u2019ai rejoint Dicodusport, pour pouvoir parler de l\u2019actualit\u00e9, sur tous les terrains.","sameAs":["https:\/\/x.com\/https:\/\/twitter.com\/idriss_ia7"],"url":"https:\/\/dicodusport.fr\/blog\/author\/idriss\/"}]}},"_links":{"self":[{"href":"https:\/\/dicodusport.fr\/blog\/wp-json\/wp\/v2\/posts\/281938","targetHints":{"allow":["GET"]}}],"collection":[{"href":"https:\/\/dicodusport.fr\/blog\/wp-json\/wp\/v2\/posts"}],"about":[{"href":"https:\/\/dicodusport.fr\/blog\/wp-json\/wp\/v2\/types\/post"}],"author":[{"embeddable":true,"href":"https:\/\/dicodusport.fr\/blog\/wp-json\/wp\/v2\/users\/39"}],"replies":[{"embeddable":true,"href":"https:\/\/dicodusport.fr\/blog\/wp-json\/wp\/v2\/comments?post=281938"}],"version-history":[{"count":0,"href":"https:\/\/dicodusport.fr\/blog\/wp-json\/wp\/v2\/posts\/281938\/revisions"}],"wp:featuredmedia":[{"embeddable":true,"href":"https:\/\/dicodusport.fr\/blog\/wp-json\/wp\/v2\/media\/281943"}],"wp:attachment":[{"href":"https:\/\/dicodusport.fr\/blog\/wp-json\/wp\/v2\/media?parent=281938"}],"wp:term":[{"taxonomy":"category","embeddable":true,"href":"https:\/\/dicodusport.fr\/blog\/wp-json\/wp\/v2\/categories?post=281938"},{"taxonomy":"post_tag","embeddable":true,"href":"https:\/\/dicodusport.fr\/blog\/wp-json\/wp\/v2\/tags?post=281938"}],"curies":[{"name":"wp","href":"https:\/\/api.w.org\/{rel}","templated":true}]}}