{"id":281940,"date":"2022-11-24T11:27:54","date_gmt":"2022-11-24T10:27:54","guid":{"rendered":"https:\/\/dicodusport.fr\/blog\/?p=281940&#038;preview=true&#038;preview_id=281940"},"modified":"2022-11-28T09:37:28","modified_gmt":"2022-11-28T08:37:28","slug":"coupe-du-monde-de-biathlon-2022-2023-qu-attendre-des-bleues-cette-saison","status":"publish","type":"post","link":"https:\/\/dicodusport.fr\/blog\/coupe-du-monde-de-biathlon-2022-2023-qu-attendre-des-bleues-cette-saison\/","title":{"rendered":"Coupe du monde de biathlon 2022\/2023 : Qu&rsquo;attendre des Bleues cette saison ?"},"content":{"rendered":"<p style=\"text-align: justify;\"><em><strong><a href=\"https:\/\/dicodusport.fr\/blog\/actualites\/biathlon\/coupe-du-monde-biathlon-2022-2023\/\">COUPE DU MONDE DE BIATHLON 2022-2023<\/a> &#8211; Sans Justine Braisaz-Bouchet, en pause, ni Ana\u00efs Bescond, retrait\u00e9e, l&rsquo;\u00e9quipe de France f\u00e9minine aura tout de m\u00eame des ambitions cette saison. Tour d&rsquo;horizon des forces en pr\u00e9sence en cette saison post-olympique.<\/strong><\/em><\/p>\n<h2 style=\"text-align: justify;\">Ana\u00efs Chevalier-Bouchet<\/h2>\n<p style=\"text-align: justify;\">Ce sera la neuvi\u00e8me campagne en Coupe du monde pour <em>ACB<\/em> qui, <a href=\"https:\/\/dicodusport.fr\/blog\/biathlon-anais-chevalier-bouchet-poursuit-au-moins-une-saison\/\">apr\u00e8s avoir laiss\u00e9 planer le doute<\/a>, rempile et sera d\u00e9sormais la v\u00e9t\u00e9ran de cette \u00e9quipe. Mais elle reste l&rsquo;une des meilleures, et des plus ambitieuses. Rien de plus normal pour la <a href=\"https:\/\/dicodusport.fr\/blog\/jo-pekin-2022-biathlon-anais-chevalier-bouchet-vice-championne-olympique-individuel\/\">m\u00e9daill\u00e9e d&rsquo;argent de l&rsquo;individuel aux derniers Jeux Olympiques<\/a>. Ceci dit, il serait tout de m\u00eame temps d&rsquo;enrichir son palmar\u00e8s. Elle ne compte qu&rsquo;une seule victoire en Coupe du monde, qui remonte \u00e0 plus de 5 ans. Si sa r\u00e9gularit\u00e9 est une force, elle doit viser plus haut. Bien s\u00fbr, elle sera membre de base du relais.<\/p>\n<p style=\"text-align: justify;\"><span style=\"text-decoration: underline;\"><strong>Pronostic<\/strong> :<\/span><\/p>\n<p style=\"text-align: justify;\">Un top 5 au classement g\u00e9n\u00e9ral (comme l&rsquo;an dernier) est bien s\u00fbr un objectif de base. Mais <strong>Ana\u00efs Chevalier-Bouchet<\/strong> a les moyens de se couvrir quelque peu de gloire. Les Mondiaux d&rsquo;Oberhof seront une belle occasion, mais au vu de sa r\u00e9gularit\u00e9, elle pourrait largement courir derri\u00e8re un petit globe. Tr\u00e8s pr\u00e9sente en sprint et en poursuite la saison pass\u00e9e &#8211; <a href=\"https:\/\/dicodusport.fr\/blog\/biathlon-pre-saison-idre-anais-chevalier-devance-les-soeurs-oeberg\/\">elle vient d&rsquo;ailleurs de remporter le sprint de pr\u00e9saison<\/a> &#8211; , cela pourrait \u00eatre l&rsquo;occasion de franchir un palier sur le plan individuel.<\/p>\n<blockquote class=\"twitter-tweet\">\n<p dir=\"ltr\" lang=\"fr\">&#x1f4ac; \u00ab Je ne me prends pas trop la t\u00eate, preuve est que \u00e7a fonctionne ! C&rsquo;est une bonne le\u00e7on pour cet hiver. \u00bb<\/p>\n<p>Ana\u00efs Chevalier-Bouchet revient sur sa course et son nouvel \u00e9tat d&rsquo;esprit, apr\u00e8s sa pause pendant la pr\u00e9paration cet automne. <a href=\"https:\/\/twitter.com\/hashtag\/lequipeBIATHLON?src=hash&amp;ref_src=twsrc%5Etfw\">#lequipeBIATHLON<\/a> <a href=\"https:\/\/t.co\/G2hnbMjdnT\">pic.twitter.com\/G2hnbMjdnT<\/a><\/p>\n<p>\u2014 la chaine L&rsquo;\u00c9quipe (@lachainelequipe) <a href=\"https:\/\/twitter.com\/lachainelequipe\/status\/1591762644238618624?ref_src=twsrc%5Etfw\">November 13, 2022<\/a><\/p><\/blockquote>\n<p style=\"text-align: justify;\"><script async src=\"https:\/\/platform.twitter.com\/widgets.js\" charset=\"utf-8\"><\/script><\/p>\n<hr \/>\n<h2 style=\"text-align: justify;\">Chlo\u00e9 Chevalier<\/h2>\n<p style=\"text-align: justify;\">La \u00ab\u00a0s\u0153ur de\u00a0\u00bb <a href=\"https:\/\/dicodusport.fr\/blog\/chloe-chevalier-j-ai-un-reve-participer-aux-jeux-olympiques-et-ramener-une-medaille\/\">a elle aussi r\u00e9fl\u00e9chi<\/a> avant de repartir pour un tour. Si son palmar\u00e8s est plus modeste, elle a tout de m\u00eame sign\u00e9 quelques top 10 la saison pass\u00e9e. D\u00e9sormais, la voil\u00e0 membre \u00e0 plein temps de l&rsquo;\u00e9quipe de France A. Si elle manque de r\u00e9gularit\u00e9, <strong>Chlo\u00e9 Chevalier<\/strong> a d\u00e9j\u00e0 montr\u00e9 qu&rsquo;elle avait les moyens de rivaliser avec les meilleures sur une course.<\/p>\n<h4 style=\"text-align: justify;\"><span style=\"text-decoration: underline;\">Pronostic :<\/span><\/h4>\n<p style=\"text-align: justify;\">On esp\u00e8re que sa d\u00e9cision de rempiler lui donnera le coup de fouet n\u00e9cessaire pour aller chercher un premier podium en Coupe du monde. C&rsquo;est un objectif raisonnable, \u00e0 condition d&rsquo;acqu\u00e9rir une forme de r\u00e9gularit\u00e9 indispensable. 22\u00e8me du classement g\u00e9n\u00e9ral la saison pass\u00e9e, elle est en mesure d&rsquo;int\u00e9grer le top 20, voire mieux.<\/p>\n<div id=\"attachment_212893\" style=\"width: 810px\" class=\"wp-caption aligncenter\"><a href=\"https:\/\/dicodusport.fr\/blog\/wp-content\/uploads\/2022\/04\/Biathlon-Chloe-Chevalier-championne-de-France-sur-la-mass-start.png\"><img loading=\"lazy\" decoding=\"async\" aria-describedby=\"caption-attachment-212893\" class=\"size-full wp-image-212893\" src=\"https:\/\/dicodusport.fr\/blog\/wp-content\/uploads\/2022\/04\/Biathlon-Chloe-Chevalier-championne-de-France-sur-la-mass-start.png\" alt=\"Biathlon Chlo\u00e9 Chevalier championne de France sur la mass start\" width=\"800\" height=\"445\" srcset=\"https:\/\/dicodusport.fr\/blog\/wp-content\/uploads\/2022\/04\/Biathlon-Chloe-Chevalier-championne-de-France-sur-la-mass-start.png 800w, https:\/\/dicodusport.fr\/blog\/wp-content\/uploads\/2022\/04\/Biathlon-Chloe-Chevalier-championne-de-France-sur-la-mass-start-300x167.png 300w, https:\/\/dicodusport.fr\/blog\/wp-content\/uploads\/2022\/04\/Biathlon-Chloe-Chevalier-championne-de-France-sur-la-mass-start-768x427.png 768w\" sizes=\"auto, (max-width: 800px) 100vw, 800px\" \/><\/a><p id=\"caption-attachment-212893\" class=\"wp-caption-text\">Chlo\u00e9 Chevalier &#8211; Photo Icon Sport<\/p><\/div>\n<hr \/>\n<h2 style=\"text-align: justify;\">Julia Simon<\/h2>\n<p style=\"text-align: justify;\">Explosion attendue pour<strong> Julia Simon<\/strong> cette saison. \u00c0 26 ans, elle est en pleine force de l&rsquo;\u00e2ge, et en cette ann\u00e9e post-olympique, elle a tout pour briller. Voil\u00e0 trois saisons qu&rsquo;elle remporte au moins une victoire en Coupe du monde, mais il y a la place pour mieux. Toujours \u00e0 son aise sur les mass starts, on la surveillera sur ce type d&rsquo;\u00e9preuve cette saison. Sa r\u00e9gularit\u00e9 au classement g\u00e9n\u00e9ral (8\u00e8me, 13\u00e8me, 12\u00e8me lors des trois derni\u00e8res saisons) fait d&rsquo;elle une belle outsider, et <a href=\"https:\/\/dicodusport.fr\/blog\/julia-simon-je-n-ai-pas-encore-exploite-toutes-mes-capacites\/\">elle est consciente de ses capacit\u00e9s<\/a>.<\/p>\n<p style=\"text-align: justify;\"><span style=\"text-decoration: underline;\"><strong>Pronostic<\/strong> :<\/span><\/p>\n<p style=\"text-align: justify;\">Top 10 du classement g\u00e9n\u00e9ral, c&rsquo;est un minimum. Elle peut viser le top 5, mais on l&rsquo;attend surtout lors des Mondiaux. Les Bleues attendent un titre individuel mondial depuis 2016, et <strong>Julia Simon<\/strong> semble en mesure de mettre fin \u00e0 cette disette anormale. Outre cela, pourquoi pas se mettre en chasse du petit globe de la <em>mass start<\/em> ? Bref, les possibilit\u00e9s sont immenses pour elle, qui pourrait devenir la figure du biathlon f\u00e9minin fran\u00e7ais cette saison.<\/p>\n<div id=\"attachment_278197\" style=\"width: 810px\" class=\"wp-caption aligncenter\"><a href=\"https:\/\/dicodusport.fr\/blog\/wp-content\/uploads\/2022\/11\/Biathlon-Pre-saison-Idre-Julia-Simon-et-Lou-Jeanmonnot-sur-le-podium-de-lindividuel-court.png\"><img loading=\"lazy\" decoding=\"async\" aria-describedby=\"caption-attachment-278197\" class=\"size-full wp-image-278197\" src=\"https:\/\/dicodusport.fr\/blog\/wp-content\/uploads\/2022\/11\/Biathlon-Pre-saison-Idre-Julia-Simon-et-Lou-Jeanmonnot-sur-le-podium-de-lindividuel-court.png\" alt=\"Biathlon Pr\u00e9-saison Idre Julia Simon et Lou Jeanmonnot sur le podium de l'individuel court\" width=\"800\" height=\"445\" srcset=\"https:\/\/dicodusport.fr\/blog\/wp-content\/uploads\/2022\/11\/Biathlon-Pre-saison-Idre-Julia-Simon-et-Lou-Jeanmonnot-sur-le-podium-de-lindividuel-court.png 800w, https:\/\/dicodusport.fr\/blog\/wp-content\/uploads\/2022\/11\/Biathlon-Pre-saison-Idre-Julia-Simon-et-Lou-Jeanmonnot-sur-le-podium-de-lindividuel-court-300x167.png 300w, https:\/\/dicodusport.fr\/blog\/wp-content\/uploads\/2022\/11\/Biathlon-Pre-saison-Idre-Julia-Simon-et-Lou-Jeanmonnot-sur-le-podium-de-lindividuel-court-768x427.png 768w\" sizes=\"auto, (max-width: 800px) 100vw, 800px\" \/><\/a><p id=\"caption-attachment-278197\" class=\"wp-caption-text\">Julia Simon, la saison de l&rsquo;explosion ? &#8211; Photo Icon Sport<\/p><\/div>\n<hr \/>\n<h2 style=\"text-align: justify;\">Lou Jeanmonnot<\/h2>\n<p style=\"text-align: justify;\">Pr\u00e9sente al\u00e9atoirement en Coupe du monde lors des deux derni\u00e8res saisons, <a href=\"https:\/\/dicodusport.fr\/blog\/ibu-cup-ridnaun-victoire-de-colombo-sur-poursuite-gros-globe-pour-jeanmonnot\/\">sa victoire au classement g\u00e9n\u00e9ral de l&rsquo;IBU Cup 2021\/2022<\/a> lui offre une place \u00e0 plein temps sur le grand circuit. Grand espoir fran\u00e7ais de la discipline, elle devrait acqu\u00e9rir une exp\u00e9rience indispensable avec cette premi\u00e8re saison compl\u00e8te.<\/p>\n<h4 style=\"text-align: justify;\"><span style=\"text-decoration: underline;\">Pronostic :<\/span><\/h4>\n<p style=\"text-align: justify;\">Elle est l\u00e0 pour apprendre, mais pas seulement. Elle a d\u00e9j\u00e0 montr\u00e9 sa forme <a href=\"https:\/\/dicodusport.fr\/blog\/biathlon-pre-saison-idre-julia-simon-et-lou-jeanmonnot-sur-le-podium-de-lindividuel-court\/\">en montant sur le podium lors d&rsquo;une course de pr\u00e9saison<\/a>. Ainsi, elle semble en mesure de se montrer, et d&rsquo;aller pour commencer chercher des top 10. Acqu\u00e9rir une r\u00e9gularit\u00e9 \u00e0 ce haut niveau est une premi\u00e8re \u00e9tape, en attendant mieux. Et il y a \u00e9galement une place de titulaire dans le relais \u00e0 aller chercher.<\/p>\n<div id=\"attachment_206571\" style=\"width: 810px\" class=\"wp-caption aligncenter\"><a href=\"https:\/\/dicodusport.fr\/blog\/wp-content\/uploads\/2022\/03\/IBU-Cup-Ridnaun-Victorieuse-sur-le-sprint-Lou-Jeanmonnot-vole-vers-le-gros-globe-1.png\"><img loading=\"lazy\" decoding=\"async\" aria-describedby=\"caption-attachment-206571\" class=\"size-full wp-image-206571\" src=\"https:\/\/dicodusport.fr\/blog\/wp-content\/uploads\/2022\/03\/IBU-Cup-Ridnaun-Victorieuse-sur-le-sprint-Lou-Jeanmonnot-vole-vers-le-gros-globe-1.png\" alt=\"IBU Cup Ridnaun Victorieuse sur le sprint, Lou Jeanmonnot vole vers le gros globe (1)\" width=\"800\" height=\"445\" srcset=\"https:\/\/dicodusport.fr\/blog\/wp-content\/uploads\/2022\/03\/IBU-Cup-Ridnaun-Victorieuse-sur-le-sprint-Lou-Jeanmonnot-vole-vers-le-gros-globe-1.png 800w, https:\/\/dicodusport.fr\/blog\/wp-content\/uploads\/2022\/03\/IBU-Cup-Ridnaun-Victorieuse-sur-le-sprint-Lou-Jeanmonnot-vole-vers-le-gros-globe-1-300x167.png 300w, https:\/\/dicodusport.fr\/blog\/wp-content\/uploads\/2022\/03\/IBU-Cup-Ridnaun-Victorieuse-sur-le-sprint-Lou-Jeanmonnot-vole-vers-le-gros-globe-1-768x427.png 768w\" sizes=\"auto, (max-width: 800px) 100vw, 800px\" \/><\/a><p id=\"caption-attachment-206571\" class=\"wp-caption-text\">Lou Jeanmonnot, l&rsquo;\u00e9toile montante de biathlon f\u00e9minin fran\u00e7ais &#8211; Photo IBU<\/p><\/div>\n<hr \/>\n<h2 style=\"text-align: justify;\">Paula Botet, Caroline Colombo et Sophie Chauveau<\/h2>\n<p style=\"text-align: justify;\">Les deux premi\u00e8res connaissent d\u00e9j\u00e0 le circuit Coupe du monde, alors que <strong>Sophie Chauveau<\/strong>, elle, <a href=\"https:\/\/dicodusport.fr\/blog\/coupe-du-monde-de-biathlon-sophie-chauveau-gagne-sa-place-en-equipe-de-france\/\">a b\u00e9n\u00e9fici\u00e9 du quota suppl\u00e9mentaire accord\u00e9 \u00e0 la France pour arracher sa s\u00e9lection<\/a>. Si elles seront sept pour la premi\u00e8re manche, elles ne seront que six ensuite. Ainsi, ces trois biathl\u00e8tes devront se battre pour conserver leur place sur le circuit Coupe du monde.<\/p>\n<h4 style=\"text-align: justify;\"><span style=\"text-decoration: underline;\">Pronostic :<\/span><\/h4>\n<p style=\"text-align: justify;\">On sera tr\u00e8s attentifs donc \u00e0 cette premi\u00e8re manche de Coupe du monde, \u00e0 partir de mardi 29 novembre \u00e0 Kontiolahti (Finlande). Les r\u00e9sultats de ces trois biathl\u00e8tes d\u00e9finiront la suite de leur saison. Avantage <strong>Paula Botet<\/strong> et <strong>Caroline Colombo<\/strong>, plus exp\u00e9riment\u00e9es, m\u00eame si une surprise n&rsquo;est pas \u00e0 exclure.<\/p>\n<ul>\n<li style=\"text-align: justify;\"><strong>\u00c0 lire aussi &#8211; <a href=\"https:\/\/dicodusport.fr\/blog\/biathlon-coupe-du-monde-2022-2023-calendrier-complet\/\">Le calendrier complet de la Coupe du monde de biathlon 2022-2023<\/a><\/strong><\/li>\n<\/ul>\n","protected":false},"excerpt":{"rendered":"<p>COUPE DU MONDE DE BIATHLON 2022-2023 &#8211; Sans Justine Braisaz-Bouchet, en pause, ni Ana\u00efs Bescond, retrait\u00e9e, l&rsquo;\u00e9quipe de France f\u00e9minine aura tout de m\u00eame des ambitions cette saison. Tour d&rsquo;horizon des forces en pr\u00e9sence en cette saison post-olympique.<\/p>\n","protected":false},"author":59,"featured_media":222528,"comment_status":"open","ping_status":"closed","sticky":false,"template":"","format":"standard","meta":{"_acf_changed":false,"_daextam_enable_autolinks":"","footnotes":""},"categories":[47040],"tags":[19936,2427,9369,2867,6893,7304,20988,27943,24],"class_list":["post-281940","post","type-post","status-publish","format-standard","has-post-thumbnail","hentry","category-coupe-du-monde-de-biathlon","tag-anais-chevalier-bouchet","tag-biathlon","tag-caroline-colombo","tag-chloe-chevalier","tag-julia-simon","tag-lou-jeanmonnot","tag-paula-botet","tag-sophie-chauveau","tag-sport"],"acf":[],"yoast_head":"<!-- This site is optimized with the Yoast SEO Premium plugin v26.7 (Yoast SEO v26.7) - https:\/\/yoast.com\/wordpress\/plugins\/seo\/ -->\n<title>Coupe du monde de biathlon 2022\/2023 : Qu&#039;attendre des Bleues cette saison ?<\/title>\n<meta name=\"description\" content=\"COUPE DU MONDE DE BIATHLON 2022-2023 - L&#039;\u00e9quipe de France f\u00e9minine aura tout de m\u00eame des ambitions cette saison.\" \/>\n<meta name=\"robots\" content=\"index, follow, max-snippet:-1, max-image-preview:large, max-video-preview:-1\" \/>\n<link rel=\"canonical\" href=\"https:\/\/dicodusport.fr\/blog\/coupe-du-monde-de-biathlon-2022-2023-qu-attendre-des-bleues-cette-saison\/\" \/>\n<meta property=\"og:locale\" content=\"fr_FR\" \/>\n<meta property=\"og:type\" content=\"article\" \/>\n<meta property=\"og:title\" content=\"Coupe du monde de biathlon 2022\/2023 : Qu&#039;attendre des Bleues cette saison ?\" \/>\n<meta property=\"og:description\" content=\"COUPE DU MONDE DE BIATHLON 2022-2023 - L&#039;\u00e9quipe de France f\u00e9minine aura tout de m\u00eame des ambitions cette saison.\" \/>\n<meta property=\"og:url\" content=\"https:\/\/dicodusport.fr\/blog\/coupe-du-monde-de-biathlon-2022-2023-qu-attendre-des-bleues-cette-saison\/\" \/>\n<meta property=\"og:site_name\" content=\"Dicodusport\" \/>\n<meta property=\"article:publisher\" content=\"https:\/\/www.facebook.com\/dicodusport\" \/>\n<meta property=\"article:author\" content=\"https:\/\/www.facebook.com\/sebastien.gente\/\" \/>\n<meta property=\"article:published_time\" content=\"2022-11-24T10:27:54+00:00\" \/>\n<meta property=\"article:modified_time\" content=\"2022-11-28T08:37:28+00:00\" \/>\n<meta property=\"og:image\" content=\"https:\/\/dicodusport.fr\/blog\/wp-content\/uploads\/2022\/05\/Biathlon-Anai\u0308s-Chevalier-Bouchet-poursuit-au-moins-une-saison.png\" \/>\n\t<meta property=\"og:image:width\" content=\"800\" \/>\n\t<meta property=\"og:image:height\" content=\"445\" \/>\n\t<meta property=\"og:image:type\" content=\"image\/png\" \/>\n<meta name=\"author\" content=\"S\u00e9bastien Gente\" \/>\n<meta name=\"twitter:card\" content=\"summary_large_image\" \/>\n<meta name=\"twitter:title\" content=\"Coupe du monde de biathlon 2022\/2023 : Qu&#039;attendre des Bleues cette saison ?\" \/>\n<meta name=\"twitter:creator\" content=\"@https:\/\/twitter.com\/globulo24\" \/>\n<meta name=\"twitter:site\" content=\"@dicodusport\" \/>\n<script type=\"application\/ld+json\" class=\"yoast-schema-graph\">{\"@context\":\"https:\/\/schema.org\",\"@graph\":[{\"@type\":\"NewsArticle\",\"@id\":\"https:\/\/dicodusport.fr\/blog\/coupe-du-monde-de-biathlon-2022-2023-qu-attendre-des-bleues-cette-saison\/#article\",\"isPartOf\":{\"@id\":\"https:\/\/dicodusport.fr\/blog\/coupe-du-monde-de-biathlon-2022-2023-qu-attendre-des-bleues-cette-saison\/\"},\"author\":{\"name\":\"S\u00e9bastien Gente\",\"@id\":\"https:\/\/dicodusport.fr\/blog\/#\/schema\/person\/627966a6cde45dbd8c5e36ac85d783da\"},\"headline\":\"Coupe du monde de biathlon 2022\/2023 : Qu&rsquo;attendre des Bleues cette saison ?\",\"datePublished\":\"2022-11-24T10:27:54+00:00\",\"dateModified\":\"2022-11-28T08:37:28+00:00\",\"mainEntityOfPage\":{\"@id\":\"https:\/\/dicodusport.fr\/blog\/coupe-du-monde-de-biathlon-2022-2023-qu-attendre-des-bleues-cette-saison\/\"},\"wordCount\":976,\"commentCount\":0,\"publisher\":{\"@id\":\"https:\/\/dicodusport.fr\/blog\/#organization\"},\"image\":{\"@id\":\"https:\/\/dicodusport.fr\/blog\/coupe-du-monde-de-biathlon-2022-2023-qu-attendre-des-bleues-cette-saison\/#primaryimage\"},\"thumbnailUrl\":\"https:\/\/dicodusport.fr\/blog\/wp-content\/uploads\/2022\/05\/Biathlon-Anai\u0308s-Chevalier-Bouchet-poursuit-au-moins-une-saison.png\",\"keywords\":[\"Ana\u00efs Chevalier-Bouchet\",\"Biathlon\",\"Caroline Colombo\",\"Chlo\u00e9 Chevalier\",\"Julia Simon\",\"Lou Jeanmonnot\",\"Paula Botet\",\"Sophie Chauveau\",\"sport\"],\"articleSection\":[\"Coupe du monde de biathlon\"],\"inLanguage\":\"fr-FR\",\"potentialAction\":[{\"@type\":\"CommentAction\",\"name\":\"Comment\",\"target\":[\"https:\/\/dicodusport.fr\/blog\/coupe-du-monde-de-biathlon-2022-2023-qu-attendre-des-bleues-cette-saison\/#respond\"]}],\"copyrightYear\":\"2022\",\"copyrightHolder\":{\"@id\":\"https:\/\/dicodusport.fr\/blog\/#organization\"}},{\"@type\":\"WebPage\",\"@id\":\"https:\/\/dicodusport.fr\/blog\/coupe-du-monde-de-biathlon-2022-2023-qu-attendre-des-bleues-cette-saison\/\",\"url\":\"https:\/\/dicodusport.fr\/blog\/coupe-du-monde-de-biathlon-2022-2023-qu-attendre-des-bleues-cette-saison\/\",\"name\":\"Coupe du monde de biathlon 2022\/2023 : Qu'attendre des Bleues cette saison ?\",\"isPartOf\":{\"@id\":\"https:\/\/dicodusport.fr\/blog\/#website\"},\"primaryImageOfPage\":{\"@id\":\"https:\/\/dicodusport.fr\/blog\/coupe-du-monde-de-biathlon-2022-2023-qu-attendre-des-bleues-cette-saison\/#primaryimage\"},\"image\":{\"@id\":\"https:\/\/dicodusport.fr\/blog\/coupe-du-monde-de-biathlon-2022-2023-qu-attendre-des-bleues-cette-saison\/#primaryimage\"},\"thumbnailUrl\":\"https:\/\/dicodusport.fr\/blog\/wp-content\/uploads\/2022\/05\/Biathlon-Anai\u0308s-Chevalier-Bouchet-poursuit-au-moins-une-saison.png\",\"datePublished\":\"2022-11-24T10:27:54+00:00\",\"dateModified\":\"2022-11-28T08:37:28+00:00\",\"description\":\"COUPE DU MONDE DE BIATHLON 2022-2023 - L'\u00e9quipe de France f\u00e9minine aura tout de m\u00eame des ambitions cette saison.\",\"breadcrumb\":{\"@id\":\"https:\/\/dicodusport.fr\/blog\/coupe-du-monde-de-biathlon-2022-2023-qu-attendre-des-bleues-cette-saison\/#breadcrumb\"},\"inLanguage\":\"fr-FR\",\"potentialAction\":[{\"@type\":\"ReadAction\",\"target\":[\"https:\/\/dicodusport.fr\/blog\/coupe-du-monde-de-biathlon-2022-2023-qu-attendre-des-bleues-cette-saison\/\"]}]},{\"@type\":\"ImageObject\",\"inLanguage\":\"fr-FR\",\"@id\":\"https:\/\/dicodusport.fr\/blog\/coupe-du-monde-de-biathlon-2022-2023-qu-attendre-des-bleues-cette-saison\/#primaryimage\",\"url\":\"https:\/\/dicodusport.fr\/blog\/wp-content\/uploads\/2022\/05\/Biathlon-Anai\u0308s-Chevalier-Bouchet-poursuit-au-moins-une-saison.png\",\"contentUrl\":\"https:\/\/dicodusport.fr\/blog\/wp-content\/uploads\/2022\/05\/Biathlon-Anai\u0308s-Chevalier-Bouchet-poursuit-au-moins-une-saison.png\",\"width\":800,\"height\":445,\"caption\":\"Coupe du monde de biathlon 2022\/2023 Qu'attendre des Fran\u00e7aises cette saison\"},{\"@type\":\"BreadcrumbList\",\"@id\":\"https:\/\/dicodusport.fr\/blog\/coupe-du-monde-de-biathlon-2022-2023-qu-attendre-des-bleues-cette-saison\/#breadcrumb\",\"itemListElement\":[{\"@type\":\"ListItem\",\"position\":1,\"name\":\"Accueil\",\"item\":\"https:\/\/dicodusport.fr\/blog\/\"},{\"@type\":\"ListItem\",\"position\":2,\"name\":\"Coupe du monde de biathlon 2022\/2023 : Qu&rsquo;attendre des Bleues cette saison ?\"}]},{\"@type\":\"WebSite\",\"@id\":\"https:\/\/dicodusport.fr\/blog\/#website\",\"url\":\"https:\/\/dicodusport.fr\/blog\/\",\"name\":\"Dicodusport\",\"description\":\"L&#039;encyclop\u00e9die de l&#039;actualit\u00e9 sportive\",\"publisher\":{\"@id\":\"https:\/\/dicodusport.fr\/blog\/#organization\"},\"potentialAction\":[{\"@type\":\"SearchAction\",\"target\":{\"@type\":\"EntryPoint\",\"urlTemplate\":\"https:\/\/dicodusport.fr\/blog\/?s={search_term_string}\"},\"query-input\":{\"@type\":\"PropertyValueSpecification\",\"valueRequired\":true,\"valueName\":\"search_term_string\"}}],\"inLanguage\":\"fr-FR\"},{\"@type\":\"NewsMediaOrganization\",\"@id\":\"https:\/\/dicodusport.fr\/blog\/#organization\",\"name\":\"Dicodusport\",\"url\":\"https:\/\/dicodusport.fr\/blog\/\",\"logo\":{\"@type\":\"ImageObject\",\"inLanguage\":\"fr-FR\",\"@id\":\"https:\/\/dicodusport.fr\/blog\/#\/schema\/logo\/image\/\",\"url\":\"https:\/\/dicodusport.fr\/blog\/wp-content\/uploads\/2020\/06\/cropped-LOGO-DICODUSPORT-2020-SANS-FOND-SANS-TEXTE.png\",\"contentUrl\":\"https:\/\/dicodusport.fr\/blog\/wp-content\/uploads\/2020\/06\/cropped-LOGO-DICODUSPORT-2020-SANS-FOND-SANS-TEXTE.png\",\"width\":512,\"height\":512,\"caption\":\"Dicodusport\"},\"image\":{\"@id\":\"https:\/\/dicodusport.fr\/blog\/#\/schema\/logo\/image\/\"},\"sameAs\":[\"https:\/\/www.facebook.com\/dicodusport\",\"https:\/\/x.com\/dicodusport\",\"https:\/\/www.instagram.com\/dicodusport\/\",\"https:\/\/www.youtube.com\/channel\/UC7V2KZ5sd3htJivAbA4ZG3w\"],\"description\":\"Dicodusport est l'encyclop\u00e9die de l'actualit\u00e9 sportive.\",\"email\":\"bonjour@dicodusport.fr\",\"legalName\":\"DICODUSPORT\",\"foundingDate\":\"2018-01-14\",\"vatID\":\"FR71834470973\",\"taxID\":\"83447097300043\",\"numberOfEmployees\":{\"@type\":\"QuantitativeValue\",\"minValue\":\"1\",\"maxValue\":\"10\"}},{\"@type\":\"Person\",\"@id\":\"https:\/\/dicodusport.fr\/blog\/#\/schema\/person\/627966a6cde45dbd8c5e36ac85d783da\",\"name\":\"S\u00e9bastien Gente\",\"image\":{\"@type\":\"ImageObject\",\"inLanguage\":\"fr-FR\",\"@id\":\"https:\/\/dicodusport.fr\/blog\/#\/schema\/person\/image\/\",\"url\":\"https:\/\/dicodusport.fr\/blog\/wp-content\/uploads\/2021\/09\/1510990_10205810251400683_4124423575079401707_n-150x150.jpg\",\"contentUrl\":\"https:\/\/dicodusport.fr\/blog\/wp-content\/uploads\/2021\/09\/1510990_10205810251400683_4124423575079401707_n-150x150.jpg\",\"caption\":\"S\u00e9bastien Gente\"},\"description\":\"John Stockton, Gianni Bugno, Zinedine Zidane, Steffi Graf, Frode Andresen, St\u00e9phane Stoecklin, Davis Kamoga, Primoz Peterka, Werner Schlager et Aur\u00e9lien Rougerie. Point commun entre ces sportifs? Ils m'ont fait r\u00eaver et ont berc\u00e9 mon adolescence. Je suis un fondu de sports et j'essaie de retranscrire ma passion \u00e0 travers mes articles. Originaire du P\u00e9rigord, ma passion pour les Girondins, les Jaunards et les Jazzmen transpire dans mes \u00e9crits. \u00c0 Dicodusport depuis 2021, je d\u00e9niche les sports m\u00e9connus dans lesquels la France brille, et il y en a !\",\"sameAs\":[\"https:\/\/www.facebook.com\/sebastien.gente\/\",\"https:\/\/www.instagram.com\/sebgente\/\",\"https:\/\/www.linkedin.com\/in\/sbastien-gente-a29583169\/\",\"https:\/\/x.com\/https:\/\/twitter.com\/globulo24\",\"SebastienGente\"],\"worksFor\":\"S\u00e9bastien GENTE\",\"url\":\"https:\/\/dicodusport.fr\/blog\/author\/sebastiengente\/\"}]}<\/script>\n<!-- \/ Yoast SEO Premium plugin. -->","yoast_head_json":{"title":"Coupe du monde de biathlon 2022\/2023 : Qu'attendre des Bleues cette saison ?","description":"COUPE DU MONDE DE BIATHLON 2022-2023 - L'\u00e9quipe de France f\u00e9minine aura tout de m\u00eame des ambitions cette saison.","robots":{"index":"index","follow":"follow","max-snippet":"max-snippet:-1","max-image-preview":"max-image-preview:large","max-video-preview":"max-video-preview:-1"},"canonical":"https:\/\/dicodusport.fr\/blog\/coupe-du-monde-de-biathlon-2022-2023-qu-attendre-des-bleues-cette-saison\/","og_locale":"fr_FR","og_type":"article","og_title":"Coupe du monde de biathlon 2022\/2023 : Qu'attendre des Bleues cette saison ?","og_description":"COUPE DU MONDE DE BIATHLON 2022-2023 - L'\u00e9quipe de France f\u00e9minine aura tout de m\u00eame des ambitions cette saison.","og_url":"https:\/\/dicodusport.fr\/blog\/coupe-du-monde-de-biathlon-2022-2023-qu-attendre-des-bleues-cette-saison\/","og_site_name":"Dicodusport","article_publisher":"https:\/\/www.facebook.com\/dicodusport","article_author":"https:\/\/www.facebook.com\/sebastien.gente\/","article_published_time":"2022-11-24T10:27:54+00:00","article_modified_time":"2022-11-28T08:37:28+00:00","og_image":[{"width":800,"height":445,"url":"https:\/\/dicodusport.fr\/blog\/wp-content\/uploads\/2022\/05\/Biathlon-Anai\u0308s-Chevalier-Bouchet-poursuit-au-moins-une-saison.png","type":"image\/png"}],"author":"S\u00e9bastien Gente","twitter_card":"summary_large_image","twitter_title":"Coupe du monde de biathlon 2022\/2023 : Qu'attendre des Bleues cette saison ?","twitter_creator":"@https:\/\/twitter.com\/globulo24","twitter_site":"@dicodusport","schema":{"@context":"https:\/\/schema.org","@graph":[{"@type":"NewsArticle","@id":"https:\/\/dicodusport.fr\/blog\/coupe-du-monde-de-biathlon-2022-2023-qu-attendre-des-bleues-cette-saison\/#article","isPartOf":{"@id":"https:\/\/dicodusport.fr\/blog\/coupe-du-monde-de-biathlon-2022-2023-qu-attendre-des-bleues-cette-saison\/"},"author":{"name":"S\u00e9bastien Gente","@id":"https:\/\/dicodusport.fr\/blog\/#\/schema\/person\/627966a6cde45dbd8c5e36ac85d783da"},"headline":"Coupe du monde de biathlon 2022\/2023 : Qu&rsquo;attendre des Bleues cette saison ?","datePublished":"2022-11-24T10:27:54+00:00","dateModified":"2022-11-28T08:37:28+00:00","mainEntityOfPage":{"@id":"https:\/\/dicodusport.fr\/blog\/coupe-du-monde-de-biathlon-2022-2023-qu-attendre-des-bleues-cette-saison\/"},"wordCount":976,"commentCount":0,"publisher":{"@id":"https:\/\/dicodusport.fr\/blog\/#organization"},"image":{"@id":"https:\/\/dicodusport.fr\/blog\/coupe-du-monde-de-biathlon-2022-2023-qu-attendre-des-bleues-cette-saison\/#primaryimage"},"thumbnailUrl":"https:\/\/dicodusport.fr\/blog\/wp-content\/uploads\/2022\/05\/Biathlon-Anai\u0308s-Chevalier-Bouchet-poursuit-au-moins-une-saison.png","keywords":["Ana\u00efs Chevalier-Bouchet","Biathlon","Caroline Colombo","Chlo\u00e9 Chevalier","Julia Simon","Lou Jeanmonnot","Paula Botet","Sophie Chauveau","sport"],"articleSection":["Coupe du monde de biathlon"],"inLanguage":"fr-FR","potentialAction":[{"@type":"CommentAction","name":"Comment","target":["https:\/\/dicodusport.fr\/blog\/coupe-du-monde-de-biathlon-2022-2023-qu-attendre-des-bleues-cette-saison\/#respond"]}],"copyrightYear":"2022","copyrightHolder":{"@id":"https:\/\/dicodusport.fr\/blog\/#organization"}},{"@type":"WebPage","@id":"https:\/\/dicodusport.fr\/blog\/coupe-du-monde-de-biathlon-2022-2023-qu-attendre-des-bleues-cette-saison\/","url":"https:\/\/dicodusport.fr\/blog\/coupe-du-monde-de-biathlon-2022-2023-qu-attendre-des-bleues-cette-saison\/","name":"Coupe du monde de biathlon 2022\/2023 : Qu'attendre des Bleues cette saison ?","isPartOf":{"@id":"https:\/\/dicodusport.fr\/blog\/#website"},"primaryImageOfPage":{"@id":"https:\/\/dicodusport.fr\/blog\/coupe-du-monde-de-biathlon-2022-2023-qu-attendre-des-bleues-cette-saison\/#primaryimage"},"image":{"@id":"https:\/\/dicodusport.fr\/blog\/coupe-du-monde-de-biathlon-2022-2023-qu-attendre-des-bleues-cette-saison\/#primaryimage"},"thumbnailUrl":"https:\/\/dicodusport.fr\/blog\/wp-content\/uploads\/2022\/05\/Biathlon-Anai\u0308s-Chevalier-Bouchet-poursuit-au-moins-une-saison.png","datePublished":"2022-11-24T10:27:54+00:00","dateModified":"2022-11-28T08:37:28+00:00","description":"COUPE DU MONDE DE BIATHLON 2022-2023 - L'\u00e9quipe de France f\u00e9minine aura tout de m\u00eame des ambitions cette saison.","breadcrumb":{"@id":"https:\/\/dicodusport.fr\/blog\/coupe-du-monde-de-biathlon-2022-2023-qu-attendre-des-bleues-cette-saison\/#breadcrumb"},"inLanguage":"fr-FR","potentialAction":[{"@type":"ReadAction","target":["https:\/\/dicodusport.fr\/blog\/coupe-du-monde-de-biathlon-2022-2023-qu-attendre-des-bleues-cette-saison\/"]}]},{"@type":"ImageObject","inLanguage":"fr-FR","@id":"https:\/\/dicodusport.fr\/blog\/coupe-du-monde-de-biathlon-2022-2023-qu-attendre-des-bleues-cette-saison\/#primaryimage","url":"https:\/\/dicodusport.fr\/blog\/wp-content\/uploads\/2022\/05\/Biathlon-Anai\u0308s-Chevalier-Bouchet-poursuit-au-moins-une-saison.png","contentUrl":"https:\/\/dicodusport.fr\/blog\/wp-content\/uploads\/2022\/05\/Biathlon-Anai\u0308s-Chevalier-Bouchet-poursuit-au-moins-une-saison.png","width":800,"height":445,"caption":"Coupe du monde de biathlon 2022\/2023 Qu'attendre des Fran\u00e7aises cette saison"},{"@type":"BreadcrumbList","@id":"https:\/\/dicodusport.fr\/blog\/coupe-du-monde-de-biathlon-2022-2023-qu-attendre-des-bleues-cette-saison\/#breadcrumb","itemListElement":[{"@type":"ListItem","position":1,"name":"Accueil","item":"https:\/\/dicodusport.fr\/blog\/"},{"@type":"ListItem","position":2,"name":"Coupe du monde de biathlon 2022\/2023 : Qu&rsquo;attendre des Bleues cette saison ?"}]},{"@type":"WebSite","@id":"https:\/\/dicodusport.fr\/blog\/#website","url":"https:\/\/dicodusport.fr\/blog\/","name":"Dicodusport","description":"L&#039;encyclop\u00e9die de l&#039;actualit\u00e9 sportive","publisher":{"@id":"https:\/\/dicodusport.fr\/blog\/#organization"},"potentialAction":[{"@type":"SearchAction","target":{"@type":"EntryPoint","urlTemplate":"https:\/\/dicodusport.fr\/blog\/?s={search_term_string}"},"query-input":{"@type":"PropertyValueSpecification","valueRequired":true,"valueName":"search_term_string"}}],"inLanguage":"fr-FR"},{"@type":"NewsMediaOrganization","@id":"https:\/\/dicodusport.fr\/blog\/#organization","name":"Dicodusport","url":"https:\/\/dicodusport.fr\/blog\/","logo":{"@type":"ImageObject","inLanguage":"fr-FR","@id":"https:\/\/dicodusport.fr\/blog\/#\/schema\/logo\/image\/","url":"https:\/\/dicodusport.fr\/blog\/wp-content\/uploads\/2020\/06\/cropped-LOGO-DICODUSPORT-2020-SANS-FOND-SANS-TEXTE.png","contentUrl":"https:\/\/dicodusport.fr\/blog\/wp-content\/uploads\/2020\/06\/cropped-LOGO-DICODUSPORT-2020-SANS-FOND-SANS-TEXTE.png","width":512,"height":512,"caption":"Dicodusport"},"image":{"@id":"https:\/\/dicodusport.fr\/blog\/#\/schema\/logo\/image\/"},"sameAs":["https:\/\/www.facebook.com\/dicodusport","https:\/\/x.com\/dicodusport","https:\/\/www.instagram.com\/dicodusport\/","https:\/\/www.youtube.com\/channel\/UC7V2KZ5sd3htJivAbA4ZG3w"],"description":"Dicodusport est l'encyclop\u00e9die de l'actualit\u00e9 sportive.","email":"bonjour@dicodusport.fr","legalName":"DICODUSPORT","foundingDate":"2018-01-14","vatID":"FR71834470973","taxID":"83447097300043","numberOfEmployees":{"@type":"QuantitativeValue","minValue":"1","maxValue":"10"}},{"@type":"Person","@id":"https:\/\/dicodusport.fr\/blog\/#\/schema\/person\/627966a6cde45dbd8c5e36ac85d783da","name":"S\u00e9bastien Gente","image":{"@type":"ImageObject","inLanguage":"fr-FR","@id":"https:\/\/dicodusport.fr\/blog\/#\/schema\/person\/image\/","url":"https:\/\/dicodusport.fr\/blog\/wp-content\/uploads\/2021\/09\/1510990_10205810251400683_4124423575079401707_n-150x150.jpg","contentUrl":"https:\/\/dicodusport.fr\/blog\/wp-content\/uploads\/2021\/09\/1510990_10205810251400683_4124423575079401707_n-150x150.jpg","caption":"S\u00e9bastien Gente"},"description":"John Stockton, Gianni Bugno, Zinedine Zidane, Steffi Graf, Frode Andresen, St\u00e9phane Stoecklin, Davis Kamoga, Primoz Peterka, Werner Schlager et Aur\u00e9lien Rougerie. Point commun entre ces sportifs? Ils m'ont fait r\u00eaver et ont berc\u00e9 mon adolescence. Je suis un fondu de sports et j'essaie de retranscrire ma passion \u00e0 travers mes articles. Originaire du P\u00e9rigord, ma passion pour les Girondins, les Jaunards et les Jazzmen transpire dans mes \u00e9crits. \u00c0 Dicodusport depuis 2021, je d\u00e9niche les sports m\u00e9connus dans lesquels la France brille, et il y en a !","sameAs":["https:\/\/www.facebook.com\/sebastien.gente\/","https:\/\/www.instagram.com\/sebgente\/","https:\/\/www.linkedin.com\/in\/sbastien-gente-a29583169\/","https:\/\/x.com\/https:\/\/twitter.com\/globulo24","SebastienGente"],"worksFor":"S\u00e9bastien GENTE","url":"https:\/\/dicodusport.fr\/blog\/author\/sebastiengente\/"}]}},"_links":{"self":[{"href":"https:\/\/dicodusport.fr\/blog\/wp-json\/wp\/v2\/posts\/281940","targetHints":{"allow":["GET"]}}],"collection":[{"href":"https:\/\/dicodusport.fr\/blog\/wp-json\/wp\/v2\/posts"}],"about":[{"href":"https:\/\/dicodusport.fr\/blog\/wp-json\/wp\/v2\/types\/post"}],"author":[{"embeddable":true,"href":"https:\/\/dicodusport.fr\/blog\/wp-json\/wp\/v2\/users\/59"}],"replies":[{"embeddable":true,"href":"https:\/\/dicodusport.fr\/blog\/wp-json\/wp\/v2\/comments?post=281940"}],"version-history":[{"count":0,"href":"https:\/\/dicodusport.fr\/blog\/wp-json\/wp\/v2\/posts\/281940\/revisions"}],"wp:featuredmedia":[{"embeddable":true,"href":"https:\/\/dicodusport.fr\/blog\/wp-json\/wp\/v2\/media\/222528"}],"wp:attachment":[{"href":"https:\/\/dicodusport.fr\/blog\/wp-json\/wp\/v2\/media?parent=281940"}],"wp:term":[{"taxonomy":"category","embeddable":true,"href":"https:\/\/dicodusport.fr\/blog\/wp-json\/wp\/v2\/categories?post=281940"},{"taxonomy":"post_tag","embeddable":true,"href":"https:\/\/dicodusport.fr\/blog\/wp-json\/wp\/v2\/tags?post=281940"}],"curies":[{"name":"wp","href":"https:\/\/api.w.org\/{rel}","templated":true}]}}