{"id":282438,"date":"2022-11-25T18:27:00","date_gmt":"2022-11-25T17:27:00","guid":{"rendered":"https:\/\/dicodusport.fr\/blog\/?p=282438&#038;preview=true&#038;preview_id=282438"},"modified":"2022-11-25T18:27:00","modified_gmt":"2022-11-25T17:27:00","slug":"ski-alpin-saison-terminee-pour-thibaut-favrot","status":"publish","type":"post","link":"https:\/\/dicodusport.fr\/blog\/ski-alpin-saison-terminee-pour-thibaut-favrot\/","title":{"rendered":"Ski alpin : Saison termin\u00e9e pour Thibaut Favrot"},"content":{"rendered":"<p style=\"text-align: justify;\"><i><b><a href=\"https:\/\/dicodusport.fr\/blog\/actualites\/sports-dhiver\/ski\/coupe-du-monde-ski-alpin-2022-2023\/\">COUPE DU MONDE DE SKI ALPIN 2022-2023<\/a> &#8211; Aujourd&rsquo;hui, l&rsquo;\u00e9quipe de France de ski alpin a annonc\u00e9 la fin de saison pr\u00e9matur\u00e9e pour le g\u00e9antiste Thibaut Favrot, suite \u00e0 une chute \u00e0 l&rsquo;entra\u00eenement.<\/b><\/i><\/p>\n<p style=\"text-align: justify;\"><a href=\"https:\/\/dicodusport.fr\/blog\/classement-geant-hommes-solden-2022\/\">Dixi\u00e8me du g\u00e9ant d&rsquo;ouverture \u00e0 S\u00f6lden<\/a>, <strong>Thibaut Favrot<\/strong> a \u00e9t\u00e9 victime d&rsquo;une grosse chute lors d&rsquo;un entra\u00eenement \u00e0 Levi en Finlande. Malheureusement, le skieur n\u00e9 \u00e0 Strasbourg souffre d\u2019une rupture du ligament crois\u00e9 ant\u00e9rieur avec l\u00e9sion du lat\u00e9ral externe du genou gauche. Il sera op\u00e9r\u00e9 le plus rapidement que possible \u00e0 Lyon et sa saison est d\u00e9j\u00e0 termin\u00e9e apr\u00e8s seulement une course.<\/p>\n<blockquote class=\"twitter-tweet\">\n<p dir=\"ltr\" lang=\"fr\">Apr\u00e8s une chute en Finlande, Thibaut Favrot souffre d\u2019une rupture du ligament crois\u00e9 ant\u00e9rieur avec l\u00e9sion du lat\u00e9ral externeI du genou gauche.<\/p>\n<p>Sa saison est malheureusement termin\u00e9e. &#x1f61e;<\/p>\n<p>&#x1f4f8; Agence Zoom <a href=\"https:\/\/t.co\/hoL2LcUEpG\">pic.twitter.com\/hoL2LcUEpG<\/a><\/p>\n<p>\u2014 FFS &#8211; F\u00e9d\u00e9ration Fran\u00e7aise de Ski (@FedFranceSki) <a href=\"https:\/\/twitter.com\/FedFranceSki\/status\/1596183766028156928?ref_src=twsrc%5Etfw\">November 25, 2022<\/a><\/p><\/blockquote>\n<p><script async src=\"https:\/\/platform.twitter.com\/widgets.js\" charset=\"utf-8\"><\/script><\/p>\n","protected":false},"excerpt":{"rendered":"<p>COUPE DU MONDE DE SKI ALPIN 2022-2023 &#8211; Aujourd&rsquo;hui, l&rsquo;\u00e9quipe de France de ski alpin a annonc\u00e9 la fin de saison pr\u00e9matur\u00e9e pour le g\u00e9antiste Thibaut Favrot, suite \u00e0 une chute \u00e0 l&rsquo;entra\u00eenement.<\/p>\n","protected":false},"author":48,"featured_media":282449,"comment_status":"open","ping_status":"closed","sticky":false,"template":"","format":"standard","meta":{"_acf_changed":false,"_daextam_enable_autolinks":"","footnotes":""},"categories":[47084],"tags":[1530,2233],"class_list":["post-282438","post","type-post","status-publish","format-standard","has-post-thumbnail","hentry","category-coupe-du-monde-ski-alpin","tag-coupe-du-monde","tag-ski-alpin"],"acf":[],"yoast_head":"<!-- This site is optimized with the Yoast SEO Premium plugin v26.7 (Yoast SEO v26.7) - https:\/\/yoast.com\/wordpress\/plugins\/seo\/ -->\n<title>Ski alpin : Saison termin\u00e9e pour Thibaut Favrot<\/title>\n<meta name=\"description\" content=\"COUPE DU MONDE DE SKI ALPIN 2022-2023 - Aujourd&#039;hui, l&#039;\u00e9quipe de France de ski alpin a annonc\u00e9 la fin de saison pr\u00e9matur\u00e9e de Thibaut Favrot\" \/>\n<meta name=\"robots\" content=\"index, follow, max-snippet:-1, max-image-preview:large, max-video-preview:-1\" \/>\n<link rel=\"canonical\" href=\"https:\/\/dicodusport.fr\/blog\/ski-alpin-saison-terminee-pour-thibaut-favrot\/\" \/>\n<meta property=\"og:locale\" content=\"fr_FR\" \/>\n<meta property=\"og:type\" content=\"article\" \/>\n<meta property=\"og:title\" content=\"Ski alpin : Saison termin\u00e9e pour Thibaut Favrot\" \/>\n<meta property=\"og:description\" content=\"COUPE DU MONDE DE SKI ALPIN 2022-2023 - Aujourd&#039;hui, l&#039;\u00e9quipe de France de ski alpin a annonc\u00e9 la fin de saison pr\u00e9matur\u00e9e de Thibaut Favrot\" \/>\n<meta property=\"og:url\" content=\"https:\/\/dicodusport.fr\/blog\/ski-alpin-saison-terminee-pour-thibaut-favrot\/\" \/>\n<meta property=\"og:site_name\" content=\"Dicodusport\" \/>\n<meta property=\"article:publisher\" content=\"https:\/\/www.facebook.com\/dicodusport\" \/>\n<meta property=\"article:author\" content=\"https:\/\/www.facebook.com\/groups\/LesRoisDuPeloton\" \/>\n<meta property=\"article:published_time\" content=\"2022-11-25T17:27:00+00:00\" \/>\n<meta property=\"og:image\" content=\"https:\/\/dicodusport.fr\/blog\/wp-content\/uploads\/2022\/11\/Ski-alpin-Saison-terminee-pour-Thibaut-Favrot.png\" \/>\n\t<meta property=\"og:image:width\" content=\"800\" \/>\n\t<meta property=\"og:image:height\" content=\"445\" \/>\n\t<meta property=\"og:image:type\" content=\"image\/png\" \/>\n<meta name=\"author\" content=\"Emilien Descampiaux\" \/>\n<meta name=\"twitter:card\" content=\"summary_large_image\" \/>\n<meta name=\"twitter:title\" content=\"Ski alpin : Saison termin\u00e9e pour Thibaut Favrot\" \/>\n<meta name=\"twitter:creator\" content=\"@https:\/\/twitter.com\/LRoisDuPeloton\" \/>\n<meta name=\"twitter:site\" content=\"@dicodusport\" \/>\n<script type=\"application\/ld+json\" class=\"yoast-schema-graph\">{\"@context\":\"https:\/\/schema.org\",\"@graph\":[{\"@type\":\"NewsArticle\",\"@id\":\"https:\/\/dicodusport.fr\/blog\/ski-alpin-saison-terminee-pour-thibaut-favrot\/#article\",\"isPartOf\":{\"@id\":\"https:\/\/dicodusport.fr\/blog\/ski-alpin-saison-terminee-pour-thibaut-favrot\/\"},\"author\":{\"name\":\"Emilien Descampiaux\",\"@id\":\"https:\/\/dicodusport.fr\/blog\/#\/schema\/person\/6db4bae06b171592211be385b32876a7\"},\"headline\":\"Ski alpin : Saison termin\u00e9e pour Thibaut Favrot\",\"datePublished\":\"2022-11-25T17:27:00+00:00\",\"mainEntityOfPage\":{\"@id\":\"https:\/\/dicodusport.fr\/blog\/ski-alpin-saison-terminee-pour-thibaut-favrot\/\"},\"wordCount\":176,\"commentCount\":0,\"publisher\":{\"@id\":\"https:\/\/dicodusport.fr\/blog\/#organization\"},\"image\":{\"@id\":\"https:\/\/dicodusport.fr\/blog\/ski-alpin-saison-terminee-pour-thibaut-favrot\/#primaryimage\"},\"thumbnailUrl\":\"https:\/\/dicodusport.fr\/blog\/wp-content\/uploads\/2022\/11\/Ski-alpin-Saison-terminee-pour-Thibaut-Favrot.png\",\"keywords\":[\"Coupe du monde\",\"Ski alpin\"],\"articleSection\":[\"Coupe du monde de ski alpin\"],\"inLanguage\":\"fr-FR\",\"potentialAction\":[{\"@type\":\"CommentAction\",\"name\":\"Comment\",\"target\":[\"https:\/\/dicodusport.fr\/blog\/ski-alpin-saison-terminee-pour-thibaut-favrot\/#respond\"]}],\"copyrightYear\":\"2022\",\"copyrightHolder\":{\"@id\":\"https:\/\/dicodusport.fr\/blog\/#organization\"}},{\"@type\":\"WebPage\",\"@id\":\"https:\/\/dicodusport.fr\/blog\/ski-alpin-saison-terminee-pour-thibaut-favrot\/\",\"url\":\"https:\/\/dicodusport.fr\/blog\/ski-alpin-saison-terminee-pour-thibaut-favrot\/\",\"name\":\"Ski alpin : Saison termin\u00e9e pour Thibaut Favrot\",\"isPartOf\":{\"@id\":\"https:\/\/dicodusport.fr\/blog\/#website\"},\"primaryImageOfPage\":{\"@id\":\"https:\/\/dicodusport.fr\/blog\/ski-alpin-saison-terminee-pour-thibaut-favrot\/#primaryimage\"},\"image\":{\"@id\":\"https:\/\/dicodusport.fr\/blog\/ski-alpin-saison-terminee-pour-thibaut-favrot\/#primaryimage\"},\"thumbnailUrl\":\"https:\/\/dicodusport.fr\/blog\/wp-content\/uploads\/2022\/11\/Ski-alpin-Saison-terminee-pour-Thibaut-Favrot.png\",\"datePublished\":\"2022-11-25T17:27:00+00:00\",\"description\":\"COUPE DU MONDE DE SKI ALPIN 2022-2023 - Aujourd'hui, l'\u00e9quipe de France de ski alpin a annonc\u00e9 la fin de saison pr\u00e9matur\u00e9e de Thibaut Favrot\",\"breadcrumb\":{\"@id\":\"https:\/\/dicodusport.fr\/blog\/ski-alpin-saison-terminee-pour-thibaut-favrot\/#breadcrumb\"},\"inLanguage\":\"fr-FR\",\"potentialAction\":[{\"@type\":\"ReadAction\",\"target\":[\"https:\/\/dicodusport.fr\/blog\/ski-alpin-saison-terminee-pour-thibaut-favrot\/\"]}]},{\"@type\":\"ImageObject\",\"inLanguage\":\"fr-FR\",\"@id\":\"https:\/\/dicodusport.fr\/blog\/ski-alpin-saison-terminee-pour-thibaut-favrot\/#primaryimage\",\"url\":\"https:\/\/dicodusport.fr\/blog\/wp-content\/uploads\/2022\/11\/Ski-alpin-Saison-terminee-pour-Thibaut-Favrot.png\",\"contentUrl\":\"https:\/\/dicodusport.fr\/blog\/wp-content\/uploads\/2022\/11\/Ski-alpin-Saison-terminee-pour-Thibaut-Favrot.png\",\"width\":800,\"height\":445,\"caption\":\"Ski alpin Saison termin\u00e9e pour Thibaut Favrot\"},{\"@type\":\"BreadcrumbList\",\"@id\":\"https:\/\/dicodusport.fr\/blog\/ski-alpin-saison-terminee-pour-thibaut-favrot\/#breadcrumb\",\"itemListElement\":[{\"@type\":\"ListItem\",\"position\":1,\"name\":\"Accueil\",\"item\":\"https:\/\/dicodusport.fr\/blog\/\"},{\"@type\":\"ListItem\",\"position\":2,\"name\":\"Ski alpin : Saison termin\u00e9e pour Thibaut Favrot\"}]},{\"@type\":\"WebSite\",\"@id\":\"https:\/\/dicodusport.fr\/blog\/#website\",\"url\":\"https:\/\/dicodusport.fr\/blog\/\",\"name\":\"Dicodusport\",\"description\":\"L&#039;encyclop\u00e9die de l&#039;actualit\u00e9 sportive\",\"publisher\":{\"@id\":\"https:\/\/dicodusport.fr\/blog\/#organization\"},\"potentialAction\":[{\"@type\":\"SearchAction\",\"target\":{\"@type\":\"EntryPoint\",\"urlTemplate\":\"https:\/\/dicodusport.fr\/blog\/?s={search_term_string}\"},\"query-input\":{\"@type\":\"PropertyValueSpecification\",\"valueRequired\":true,\"valueName\":\"search_term_string\"}}],\"inLanguage\":\"fr-FR\"},{\"@type\":\"NewsMediaOrganization\",\"@id\":\"https:\/\/dicodusport.fr\/blog\/#organization\",\"name\":\"Dicodusport\",\"url\":\"https:\/\/dicodusport.fr\/blog\/\",\"logo\":{\"@type\":\"ImageObject\",\"inLanguage\":\"fr-FR\",\"@id\":\"https:\/\/dicodusport.fr\/blog\/#\/schema\/logo\/image\/\",\"url\":\"https:\/\/dicodusport.fr\/blog\/wp-content\/uploads\/2020\/06\/cropped-LOGO-DICODUSPORT-2020-SANS-FOND-SANS-TEXTE.png\",\"contentUrl\":\"https:\/\/dicodusport.fr\/blog\/wp-content\/uploads\/2020\/06\/cropped-LOGO-DICODUSPORT-2020-SANS-FOND-SANS-TEXTE.png\",\"width\":512,\"height\":512,\"caption\":\"Dicodusport\"},\"image\":{\"@id\":\"https:\/\/dicodusport.fr\/blog\/#\/schema\/logo\/image\/\"},\"sameAs\":[\"https:\/\/www.facebook.com\/dicodusport\",\"https:\/\/x.com\/dicodusport\",\"https:\/\/www.instagram.com\/dicodusport\/\",\"https:\/\/www.youtube.com\/channel\/UC7V2KZ5sd3htJivAbA4ZG3w\"],\"description\":\"Dicodusport est l'encyclop\u00e9die de l'actualit\u00e9 sportive.\",\"email\":\"bonjour@dicodusport.fr\",\"legalName\":\"DICODUSPORT\",\"foundingDate\":\"2018-01-14\",\"vatID\":\"FR71834470973\",\"taxID\":\"83447097300043\",\"numberOfEmployees\":{\"@type\":\"QuantitativeValue\",\"minValue\":\"1\",\"maxValue\":\"10\"}},{\"@type\":\"Person\",\"@id\":\"https:\/\/dicodusport.fr\/blog\/#\/schema\/person\/6db4bae06b171592211be385b32876a7\",\"name\":\"Emilien Descampiaux\",\"image\":{\"@type\":\"ImageObject\",\"inLanguage\":\"fr-FR\",\"@id\":\"https:\/\/dicodusport.fr\/blog\/#\/schema\/person\/image\/\",\"url\":\"https:\/\/dicodusport.fr\/blog\/wp-content\/uploads\/2021\/05\/Emilien-Descampiaux-150x150.jpg\",\"contentUrl\":\"https:\/\/dicodusport.fr\/blog\/wp-content\/uploads\/2021\/05\/Emilien-Descampiaux-150x150.jpg\",\"caption\":\"Emilien Descampiaux\"},\"description\":\"Journaliste\/r\u00e9dacteur depuis 2014 - Fan de la classe de Frank Vandenbroucke, je vis cyclisme (et de ses paysages) depuis plus de 20 ans. Je suis tr\u00e8s impliqu\u00e9 sur mes diff\u00e9rents r\u00e9seaux sociaux pour partager ma passion sur le monde et l'Histoire de la bicyclette avec ma voix sur les images en noir et blanc du succ\u00e8s de Rik Van Steenbergen lors du Ronde sur le V\u00e9lodrome de Gand.\",\"sameAs\":[\"https:\/\/www.facebook.com\/groups\/LesRoisDuPeloton\",\"https:\/\/x.com\/https:\/\/twitter.com\/LRoisDuPeloton\"],\"url\":\"https:\/\/dicodusport.fr\/blog\/author\/emiliend\/\"}]}<\/script>\n<!-- \/ Yoast SEO Premium plugin. -->","yoast_head_json":{"title":"Ski alpin : Saison termin\u00e9e pour Thibaut Favrot","description":"COUPE DU MONDE DE SKI ALPIN 2022-2023 - Aujourd'hui, l'\u00e9quipe de France de ski alpin a annonc\u00e9 la fin de saison pr\u00e9matur\u00e9e de Thibaut Favrot","robots":{"index":"index","follow":"follow","max-snippet":"max-snippet:-1","max-image-preview":"max-image-preview:large","max-video-preview":"max-video-preview:-1"},"canonical":"https:\/\/dicodusport.fr\/blog\/ski-alpin-saison-terminee-pour-thibaut-favrot\/","og_locale":"fr_FR","og_type":"article","og_title":"Ski alpin : Saison termin\u00e9e pour Thibaut Favrot","og_description":"COUPE DU MONDE DE SKI ALPIN 2022-2023 - Aujourd'hui, l'\u00e9quipe de France de ski alpin a annonc\u00e9 la fin de saison pr\u00e9matur\u00e9e de Thibaut Favrot","og_url":"https:\/\/dicodusport.fr\/blog\/ski-alpin-saison-terminee-pour-thibaut-favrot\/","og_site_name":"Dicodusport","article_publisher":"https:\/\/www.facebook.com\/dicodusport","article_author":"https:\/\/www.facebook.com\/groups\/LesRoisDuPeloton","article_published_time":"2022-11-25T17:27:00+00:00","og_image":[{"width":800,"height":445,"url":"https:\/\/dicodusport.fr\/blog\/wp-content\/uploads\/2022\/11\/Ski-alpin-Saison-terminee-pour-Thibaut-Favrot.png","type":"image\/png"}],"author":"Emilien Descampiaux","twitter_card":"summary_large_image","twitter_title":"Ski alpin : Saison termin\u00e9e pour Thibaut Favrot","twitter_creator":"@https:\/\/twitter.com\/LRoisDuPeloton","twitter_site":"@dicodusport","schema":{"@context":"https:\/\/schema.org","@graph":[{"@type":"NewsArticle","@id":"https:\/\/dicodusport.fr\/blog\/ski-alpin-saison-terminee-pour-thibaut-favrot\/#article","isPartOf":{"@id":"https:\/\/dicodusport.fr\/blog\/ski-alpin-saison-terminee-pour-thibaut-favrot\/"},"author":{"name":"Emilien Descampiaux","@id":"https:\/\/dicodusport.fr\/blog\/#\/schema\/person\/6db4bae06b171592211be385b32876a7"},"headline":"Ski alpin : Saison termin\u00e9e pour Thibaut Favrot","datePublished":"2022-11-25T17:27:00+00:00","mainEntityOfPage":{"@id":"https:\/\/dicodusport.fr\/blog\/ski-alpin-saison-terminee-pour-thibaut-favrot\/"},"wordCount":176,"commentCount":0,"publisher":{"@id":"https:\/\/dicodusport.fr\/blog\/#organization"},"image":{"@id":"https:\/\/dicodusport.fr\/blog\/ski-alpin-saison-terminee-pour-thibaut-favrot\/#primaryimage"},"thumbnailUrl":"https:\/\/dicodusport.fr\/blog\/wp-content\/uploads\/2022\/11\/Ski-alpin-Saison-terminee-pour-Thibaut-Favrot.png","keywords":["Coupe du monde","Ski alpin"],"articleSection":["Coupe du monde de ski alpin"],"inLanguage":"fr-FR","potentialAction":[{"@type":"CommentAction","name":"Comment","target":["https:\/\/dicodusport.fr\/blog\/ski-alpin-saison-terminee-pour-thibaut-favrot\/#respond"]}],"copyrightYear":"2022","copyrightHolder":{"@id":"https:\/\/dicodusport.fr\/blog\/#organization"}},{"@type":"WebPage","@id":"https:\/\/dicodusport.fr\/blog\/ski-alpin-saison-terminee-pour-thibaut-favrot\/","url":"https:\/\/dicodusport.fr\/blog\/ski-alpin-saison-terminee-pour-thibaut-favrot\/","name":"Ski alpin : Saison termin\u00e9e pour Thibaut Favrot","isPartOf":{"@id":"https:\/\/dicodusport.fr\/blog\/#website"},"primaryImageOfPage":{"@id":"https:\/\/dicodusport.fr\/blog\/ski-alpin-saison-terminee-pour-thibaut-favrot\/#primaryimage"},"image":{"@id":"https:\/\/dicodusport.fr\/blog\/ski-alpin-saison-terminee-pour-thibaut-favrot\/#primaryimage"},"thumbnailUrl":"https:\/\/dicodusport.fr\/blog\/wp-content\/uploads\/2022\/11\/Ski-alpin-Saison-terminee-pour-Thibaut-Favrot.png","datePublished":"2022-11-25T17:27:00+00:00","description":"COUPE DU MONDE DE SKI ALPIN 2022-2023 - Aujourd'hui, l'\u00e9quipe de France de ski alpin a annonc\u00e9 la fin de saison pr\u00e9matur\u00e9e de Thibaut Favrot","breadcrumb":{"@id":"https:\/\/dicodusport.fr\/blog\/ski-alpin-saison-terminee-pour-thibaut-favrot\/#breadcrumb"},"inLanguage":"fr-FR","potentialAction":[{"@type":"ReadAction","target":["https:\/\/dicodusport.fr\/blog\/ski-alpin-saison-terminee-pour-thibaut-favrot\/"]}]},{"@type":"ImageObject","inLanguage":"fr-FR","@id":"https:\/\/dicodusport.fr\/blog\/ski-alpin-saison-terminee-pour-thibaut-favrot\/#primaryimage","url":"https:\/\/dicodusport.fr\/blog\/wp-content\/uploads\/2022\/11\/Ski-alpin-Saison-terminee-pour-Thibaut-Favrot.png","contentUrl":"https:\/\/dicodusport.fr\/blog\/wp-content\/uploads\/2022\/11\/Ski-alpin-Saison-terminee-pour-Thibaut-Favrot.png","width":800,"height":445,"caption":"Ski alpin Saison termin\u00e9e pour Thibaut Favrot"},{"@type":"BreadcrumbList","@id":"https:\/\/dicodusport.fr\/blog\/ski-alpin-saison-terminee-pour-thibaut-favrot\/#breadcrumb","itemListElement":[{"@type":"ListItem","position":1,"name":"Accueil","item":"https:\/\/dicodusport.fr\/blog\/"},{"@type":"ListItem","position":2,"name":"Ski alpin : Saison termin\u00e9e pour Thibaut Favrot"}]},{"@type":"WebSite","@id":"https:\/\/dicodusport.fr\/blog\/#website","url":"https:\/\/dicodusport.fr\/blog\/","name":"Dicodusport","description":"L&#039;encyclop\u00e9die de l&#039;actualit\u00e9 sportive","publisher":{"@id":"https:\/\/dicodusport.fr\/blog\/#organization"},"potentialAction":[{"@type":"SearchAction","target":{"@type":"EntryPoint","urlTemplate":"https:\/\/dicodusport.fr\/blog\/?s={search_term_string}"},"query-input":{"@type":"PropertyValueSpecification","valueRequired":true,"valueName":"search_term_string"}}],"inLanguage":"fr-FR"},{"@type":"NewsMediaOrganization","@id":"https:\/\/dicodusport.fr\/blog\/#organization","name":"Dicodusport","url":"https:\/\/dicodusport.fr\/blog\/","logo":{"@type":"ImageObject","inLanguage":"fr-FR","@id":"https:\/\/dicodusport.fr\/blog\/#\/schema\/logo\/image\/","url":"https:\/\/dicodusport.fr\/blog\/wp-content\/uploads\/2020\/06\/cropped-LOGO-DICODUSPORT-2020-SANS-FOND-SANS-TEXTE.png","contentUrl":"https:\/\/dicodusport.fr\/blog\/wp-content\/uploads\/2020\/06\/cropped-LOGO-DICODUSPORT-2020-SANS-FOND-SANS-TEXTE.png","width":512,"height":512,"caption":"Dicodusport"},"image":{"@id":"https:\/\/dicodusport.fr\/blog\/#\/schema\/logo\/image\/"},"sameAs":["https:\/\/www.facebook.com\/dicodusport","https:\/\/x.com\/dicodusport","https:\/\/www.instagram.com\/dicodusport\/","https:\/\/www.youtube.com\/channel\/UC7V2KZ5sd3htJivAbA4ZG3w"],"description":"Dicodusport est l'encyclop\u00e9die de l'actualit\u00e9 sportive.","email":"bonjour@dicodusport.fr","legalName":"DICODUSPORT","foundingDate":"2018-01-14","vatID":"FR71834470973","taxID":"83447097300043","numberOfEmployees":{"@type":"QuantitativeValue","minValue":"1","maxValue":"10"}},{"@type":"Person","@id":"https:\/\/dicodusport.fr\/blog\/#\/schema\/person\/6db4bae06b171592211be385b32876a7","name":"Emilien Descampiaux","image":{"@type":"ImageObject","inLanguage":"fr-FR","@id":"https:\/\/dicodusport.fr\/blog\/#\/schema\/person\/image\/","url":"https:\/\/dicodusport.fr\/blog\/wp-content\/uploads\/2021\/05\/Emilien-Descampiaux-150x150.jpg","contentUrl":"https:\/\/dicodusport.fr\/blog\/wp-content\/uploads\/2021\/05\/Emilien-Descampiaux-150x150.jpg","caption":"Emilien Descampiaux"},"description":"Journaliste\/r\u00e9dacteur depuis 2014 - Fan de la classe de Frank Vandenbroucke, je vis cyclisme (et de ses paysages) depuis plus de 20 ans. Je suis tr\u00e8s impliqu\u00e9 sur mes diff\u00e9rents r\u00e9seaux sociaux pour partager ma passion sur le monde et l'Histoire de la bicyclette avec ma voix sur les images en noir et blanc du succ\u00e8s de Rik Van Steenbergen lors du Ronde sur le V\u00e9lodrome de Gand.","sameAs":["https:\/\/www.facebook.com\/groups\/LesRoisDuPeloton","https:\/\/x.com\/https:\/\/twitter.com\/LRoisDuPeloton"],"url":"https:\/\/dicodusport.fr\/blog\/author\/emiliend\/"}]}},"_links":{"self":[{"href":"https:\/\/dicodusport.fr\/blog\/wp-json\/wp\/v2\/posts\/282438","targetHints":{"allow":["GET"]}}],"collection":[{"href":"https:\/\/dicodusport.fr\/blog\/wp-json\/wp\/v2\/posts"}],"about":[{"href":"https:\/\/dicodusport.fr\/blog\/wp-json\/wp\/v2\/types\/post"}],"author":[{"embeddable":true,"href":"https:\/\/dicodusport.fr\/blog\/wp-json\/wp\/v2\/users\/48"}],"replies":[{"embeddable":true,"href":"https:\/\/dicodusport.fr\/blog\/wp-json\/wp\/v2\/comments?post=282438"}],"version-history":[{"count":0,"href":"https:\/\/dicodusport.fr\/blog\/wp-json\/wp\/v2\/posts\/282438\/revisions"}],"wp:featuredmedia":[{"embeddable":true,"href":"https:\/\/dicodusport.fr\/blog\/wp-json\/wp\/v2\/media\/282449"}],"wp:attachment":[{"href":"https:\/\/dicodusport.fr\/blog\/wp-json\/wp\/v2\/media?parent=282438"}],"wp:term":[{"taxonomy":"category","embeddable":true,"href":"https:\/\/dicodusport.fr\/blog\/wp-json\/wp\/v2\/categories?post=282438"},{"taxonomy":"post_tag","embeddable":true,"href":"https:\/\/dicodusport.fr\/blog\/wp-json\/wp\/v2\/tags?post=282438"}],"curies":[{"name":"wp","href":"https:\/\/api.w.org\/{rel}","templated":true}]}}