{"id":282704,"date":"2022-11-26T23:05:05","date_gmt":"2022-11-26T22:05:05","guid":{"rendered":"https:\/\/dicodusport.fr\/blog\/?p=282704&#038;preview=true&#038;preview_id=282704"},"modified":"2022-11-26T23:10:38","modified_gmt":"2022-11-26T22:10:38","slug":"piste-ligue-des-champions-troisieme-succes-pour-une-mathilde-gros-imperiale","status":"publish","type":"post","link":"https:\/\/dicodusport.fr\/blog\/piste-ligue-des-champions-troisieme-succes-pour-une-mathilde-gros-imperiale\/","title":{"rendered":"Piste Ligue des Champions : Troisi\u00e8me succ\u00e8s pour une Mathilde Gros imp\u00e9riale"},"content":{"rendered":"<p style=\"text-align: justify;\"><em><a style=\"font-weight: bold;\" href=\"https:\/\/dicodusport.fr\/blog\/programme-et-resultats-ligue-des-champions-de-cyclisme-sur-piste-2022-troisieme-etape\/\">LIGUE DES CHAMPIONS DE CYCLISME SUR PISTE<\/a><b> &#8211; La troisi\u00e8me manche\u00a0 de cette comp\u00e9tition regroupant l&rsquo;\u00e9lite de la piste mondiale avait lieu ce soir \u00e0 Saint-Quentin en Yvelines. Dicodusport \u00e9tait sur place pour suivre la comp\u00e9tition et les performances fran\u00e7aises, avec un \u0153il\u00a0particulier sur les championnes du monde Mathilde Gros et Taky Marie-Divine Kouam\u00e9.<\/b><\/em><\/p>\n<p style=\"text-align: justify;\">\u00c0 peine plus d&rsquo;un mois apr\u00e8s avoir accueilli des Mondiaux r\u00e9ussis pour les Fran\u00e7ais, le V\u00e9lodrome National de Saint-Quentin-En-Yvelines accueillait de nouveau l&rsquo;\u00e9lite du cyclisme sur piste. Les Tricolores \u00e9taient peu nombreux \u00e0 concourir, mais ils \u00e9taient attendus au tournant, en particulier <strong>Mathilde Gros<\/strong>. <a href=\"https:\/\/dicodusport.fr\/blog\/mondiaux-cyclisme-sur-piste-mathilde-gros-championne-du-monde-de-la-vitesse\/\">La championne du monde de la vitesse individuelle<\/a> avait remport\u00e9 les deux premi\u00e8res manches, <a href=\"https:\/\/dicodusport.fr\/blog\/piste-ligue-des-champions-succes-de-mathilde-gros-en-vitesse\/\">d&rsquo;abord \u00e0 Palma de Majorque<\/a> puis <a href=\"https:\/\/dicodusport.fr\/blog\/piste-ligue-des-champions-mathilde-gros-encore-une-fois-imperiale-en-vitesse\/\">la semaine derni\u00e8re \u00e0 Berlin<\/a>, et ne visait rien d&rsquo;autre que le trois sur trois \u00e0 domicile. Mais <a href=\"https:\/\/dicodusport.fr\/blog\/mondiaux-cyclisme-sur-piste-marie-divine-kouame-championne-du-monde-du-500-metres\/\">la championne du monde du 500 m\u00e8tres<\/a>, <strong>Taky Marie-Divine Kouam\u00e9<\/strong>, avait aussi une belle carte \u00e0 jouer, tout comme <strong>Rayan Helal<\/strong> et <strong>Tom Derache<\/strong> chez les messieurs.<\/p>\n<h2 style=\"text-align: justify;\">Mathilde Gros si pr\u00e8s en keirin<\/h2>\n<p style=\"text-align: justify;\">Contrairement aux deux premi\u00e8res manches, les deux Bleues ont cette fois franchi l&rsquo;\u00e9cueil des s\u00e9ries en keirin. Mention sp\u00e9ciale \u00e0 <strong>Kouam\u00e9<\/strong>, qui a pr\u00e9cipit\u00e9 la chute de la leader du classement g\u00e9n\u00e9ral de la vitesse, <strong>Martha Bayona<\/strong>. Une bonne nouvelle pour <strong>Mathilde Gros<\/strong>, convaincante dans sa s\u00e9rie, qui tenait l\u00e0 une belle occasion de faire une bonne op\u00e9ration.<\/p>\n<p style=\"text-align: justify;\">Mais elle a tir\u00e9 un bien mauvais dossard, contrairement \u00e0 sa compatriote, qui a pris d&rsquo;entr\u00e9e la corde. <strong>Mathilde Gros<\/strong> a cependant parfaitement g\u00e9r\u00e9 sa course, mais a \u00e9t\u00e9 oblig\u00e9e de produire un effort pour boucher un trou de quelques m\u00e8tres. Ce qui explique les 2 centi\u00e8mes qui lui a manqu\u00e9 pour sauter la laur\u00e9ate,<strong> Steffi van der Peet.<\/strong> Une deuxi\u00e8me place toutefois de bon augure pour elle, qui n&rsquo;avait pas \u00e9t\u00e9 convaincante en keirin jusqu&rsquo;ici. <strong>Taky Marie-Divine Kouam\u00e9,\u00a0<\/strong>elle, \u00e9choue au pied du podium.<\/p>\n<blockquote class=\"twitter-tweet\">\n<p dir=\"ltr\" lang=\"fr\">&#x1f1eb;&#x1f1f7; Mathilde Gros termine 2e de la finale du keirin mais marque de pr\u00e9cieux points dans l&rsquo;optique du classement g\u00e9n\u00e9ral&#8230;<\/p>\n<p>Suivez la 3e \u00e9tape de l&rsquo;UCI Track Champions League sur Eurosport <a href=\"https:\/\/twitter.com\/hashtag\/UCITCL?src=hash&amp;ref_src=twsrc%5Etfw\">#UCITCL<\/a> <a href=\"https:\/\/t.co\/oCcWne7qo7\">pic.twitter.com\/oCcWne7qo7<\/a><\/p>\n<p>\u2014 Eurosport France (@Eurosport_FR) <a href=\"https:\/\/twitter.com\/Eurosport_FR\/status\/1596587628828450816?ref_src=twsrc%5Etfw\">November 26, 2022<\/a><\/p><\/blockquote>\n<p style=\"text-align: justify;\"><script async src=\"https:\/\/platform.twitter.com\/widgets.js\" charset=\"utf-8\"><\/script><\/p>\n<h2 style=\"text-align: justify;\">Toujours au-dessus en vitesse<\/h2>\n<p style=\"text-align: justify;\">Pour son malheur, <strong>Taky Marie-Divine Kouam\u00e9\u00a0<\/strong>n&rsquo;a pas eu l&rsquo;occasion de se racheter en vitesse. La faute \u00e0 un tirage au sort qui l&rsquo;a envoy\u00e9 d\u00e9fier la redoutable <strong>Shanne Braspennincx<\/strong> d\u00e8s le premier tour. Malgr\u00e9 tous ses efforts, impossible pour elle de prendre en d\u00e9faut la N\u00e9erlandaise. <strong>Mathilde Gros<\/strong>, elle, a facilement domin\u00e9 le premier tour, mais s&rsquo;est vue offrir une demi-finale royale avec <strong>Kelsey Mitchell<\/strong> et <strong>Laurine van Riessen<\/strong>.<\/p>\n<p style=\"text-align: justify;\">Une demi-finale qu&rsquo;elle a domin\u00e9 de fa\u00e7on incroyable, alors que la N\u00e9erlandaise avait attaqu\u00e9 fort \u00e0 plus d&rsquo;un tour de la fin. C&rsquo;est elle qui a fait l&rsquo;effort et qui a bouch\u00e9 un \u00e9norme trou, avant de porter son effort \u00e0 la fin et de r\u00e9sister au retour de la Canadienne. Une nouvelle place en finale pour assister enfin au duel que tout le monde attendait, contre la Colombienne <strong>Martha Bayona<\/strong>.<\/p>\n<p style=\"text-align: justify;\">Une finale de grande qualit\u00e9, o\u00f9 Mathilde Gros a man\u0153uvr\u00e9 \u00e0 sa guise et<span class=\"x4k7w5x x1h91t0o x1h9r5lt xv2umb2 x1beo9mf xaigb6o x12ejxvf x3igimt xarpa2k xedcshv x1lytzrv x1t2pt76 x7ja8zs x1qrby5j x1jfb8zj\"> une nouvelle fois d\u00e9montr\u00e9 sa sup\u00e9riorit\u00e9 actuelle. Elle ne va jamais paniquer devant les tentatives de la Colombienne, et r\u00e9sister \u00e0 l&rsquo;ultime effort adverse dans le virage pour faire se lever la foule. Une victoire, une deuxi\u00e8me place et le maillot de <strong>leader du classement g\u00e9n\u00e9ral en prime<\/strong> : Mathilde Gros a r\u00e9gn\u00e9 sur Saint-Quentin-en-Yvelines.<\/span><\/p>\n<blockquote class=\"twitter-tweet\">\n<p dir=\"ltr\" lang=\"fr\">&#x1f1eb;&#x1f1f7;&#x1f60d; <a href=\"https:\/\/twitter.com\/gros_mathilde?ref_src=twsrc%5Etfw\">@gros_mathilde<\/a> r\u00e9gale encore ! La championne du monde fran\u00e7aise dompte Martha Bayona en finale de la vitesse et s&#8217;empare de la t\u00eate du classement g\u00e9n\u00e9ral de l&rsquo;UCI Track Champions League en sprint !<\/p>\n<p>Vibrez devant l&rsquo;<a href=\"https:\/\/twitter.com\/hashtag\/UCITCL?src=hash&amp;ref_src=twsrc%5Etfw\">#UCITCL<\/a> sur Eurosport <a href=\"https:\/\/t.co\/GNojflD8g9\">pic.twitter.com\/GNojflD8g9<\/a><\/p>\n<p>\u2014 Eurosport France (@Eurosport_FR) <a href=\"https:\/\/twitter.com\/Eurosport_FR\/status\/1596618986187239424?ref_src=twsrc%5Etfw\">November 26, 2022<\/a><\/p><\/blockquote>\n<p><script async src=\"https:\/\/platform.twitter.com\/widgets.js\" charset=\"utf-8\"><\/script><\/p>\n<h2 style=\"text-align: justify;\">Les hommes pas \u00e0 la f\u00eate<\/h2>\n<p style=\"text-align: justify;\">Chez les messieurs, <strong>Rayan Helal<\/strong> et <strong>Tom Derache<\/strong> n&rsquo;ont pas eu autant de r\u00e9ussite. Le premier nomm\u00e9 a pourtant tout tent\u00e9 et fait vibrer le public. Il a tenu t\u00eate au roi <strong>Harry Lavreysen<\/strong> durant sa s\u00e9rie de la vitesse, s&rsquo;inclinant de peu. En keirin, il a fait se lever la foule en pla\u00e7ant une \u00e9norme acc\u00e9l\u00e9ration \u00e0 deux tours de l&rsquo;arriv\u00e9e de sa s\u00e9rie, mais a malheureusement pay\u00e9 la note et \u00e9chou\u00e9 \u00e0 se qualifier en finale.<\/p>\n<p style=\"text-align: justify;\"><strong>Tom Derache,<\/strong> lui, n&rsquo;a pas non plus pass\u00e9 un tour. De retour de blessure lors des derniers Mondiaux, il est clairement en manque de rythme. Que ce soit en vitesse ou en keirin, il n&rsquo;a pas franchi les s\u00e9ries. Mais gageons que le vice-champion d&rsquo;Europe 2021 sera bient\u00f4t de retour \u00e0 son meilleur niveau.<\/p>\n","protected":false},"excerpt":{"rendered":"<p>LIGUE DES CHAMPIONS DE CYCLISME SUR PISTE &#8211; La troisi\u00e8me manche\u00a0 de cette comp\u00e9tition regroupant l&rsquo;\u00e9lite de la piste mondiale avait lieu ce soir \u00e0 Saint-Quentin en Yvelines. Dicodusport \u00e9tait sur place pour suivre la comp\u00e9tition et les performances fran\u00e7aises, avec un \u0153il\u00a0particulier sur les championnes du monde Mathilde Gros et Taky Marie-Divine Kouam\u00e9.<\/p>\n","protected":false},"author":59,"featured_media":282847,"comment_status":"open","ping_status":"closed","sticky":false,"template":"","format":"standard","meta":{"_acf_changed":false,"_daextam_enable_autolinks":"","footnotes":""},"categories":[14089],"tags":[1664,27909,1721],"class_list":["post-282704","post","type-post","status-publish","format-standard","has-post-thumbnail","hentry","category-cyclisme-sur-piste","tag-cyclisme-sur-piste","tag-ligue-des-champions-de-cyclisme-sur-piste","tag-mathilde-gros"],"acf":[],"yoast_head":"<!-- This site is optimized with the Yoast SEO Premium plugin v26.7 (Yoast SEO v26.7) - https:\/\/yoast.com\/wordpress\/plugins\/seo\/ -->\n<title>Piste Ligue des Champions : Troisi\u00e8me succ\u00e8s pour une Mathilde Gros imp\u00e9riale<\/title>\n<meta name=\"description\" content=\"LIGUE DES CHAMPIONS DE CYCLISME SUR PISTE - \u00c0 domicile, Mathilde Gros a triomph\u00e9 s&#039;imposant lors de la vitesse individuelle et 2e du keirin.\" \/>\n<meta name=\"robots\" content=\"index, follow, max-snippet:-1, max-image-preview:large, max-video-preview:-1\" \/>\n<link rel=\"canonical\" href=\"https:\/\/dicodusport.fr\/blog\/piste-ligue-des-champions-troisieme-succes-pour-une-mathilde-gros-imperiale\/\" \/>\n<meta property=\"og:locale\" content=\"fr_FR\" \/>\n<meta property=\"og:type\" content=\"article\" \/>\n<meta property=\"og:title\" content=\"Piste Ligue des Champions : Troisi\u00e8me succ\u00e8s pour une Mathilde Gros imp\u00e9riale\" \/>\n<meta property=\"og:description\" content=\"LIGUE DES CHAMPIONS DE CYCLISME SUR PISTE - \u00c0 domicile, Mathilde Gros a triomph\u00e9 s&#039;imposant lors de la vitesse individuelle et 2e du keirin.\" \/>\n<meta property=\"og:url\" content=\"https:\/\/dicodusport.fr\/blog\/piste-ligue-des-champions-troisieme-succes-pour-une-mathilde-gros-imperiale\/\" \/>\n<meta property=\"og:site_name\" content=\"Dicodusport\" \/>\n<meta property=\"article:publisher\" content=\"https:\/\/www.facebook.com\/dicodusport\" \/>\n<meta property=\"article:author\" content=\"https:\/\/www.facebook.com\/sebastien.gente\/\" \/>\n<meta property=\"article:published_time\" content=\"2022-11-26T22:05:05+00:00\" \/>\n<meta property=\"article:modified_time\" content=\"2022-11-26T22:10:38+00:00\" \/>\n<meta property=\"og:image\" content=\"https:\/\/dicodusport.fr\/blog\/wp-content\/uploads\/2022\/11\/Ligue-des-Champions-cyclisme-sur-piste-Troisieme-succes-pour-une-Mathilde-Gros-imperiale.jpg\" \/>\n\t<meta property=\"og:image:width\" content=\"800\" \/>\n\t<meta property=\"og:image:height\" content=\"445\" \/>\n\t<meta property=\"og:image:type\" content=\"image\/jpeg\" \/>\n<meta name=\"author\" content=\"S\u00e9bastien Gente\" \/>\n<meta name=\"twitter:card\" content=\"summary_large_image\" \/>\n<meta name=\"twitter:title\" content=\"Piste Ligue des Champions : Troisi\u00e8me succ\u00e8s pour une Mathilde Gros imp\u00e9riale\" \/>\n<meta name=\"twitter:creator\" content=\"@https:\/\/twitter.com\/globulo24\" \/>\n<meta name=\"twitter:site\" content=\"@dicodusport\" \/>\n<script type=\"application\/ld+json\" class=\"yoast-schema-graph\">{\"@context\":\"https:\/\/schema.org\",\"@graph\":[{\"@type\":\"NewsArticle\",\"@id\":\"https:\/\/dicodusport.fr\/blog\/piste-ligue-des-champions-troisieme-succes-pour-une-mathilde-gros-imperiale\/#article\",\"isPartOf\":{\"@id\":\"https:\/\/dicodusport.fr\/blog\/piste-ligue-des-champions-troisieme-succes-pour-une-mathilde-gros-imperiale\/\"},\"author\":{\"name\":\"S\u00e9bastien Gente\",\"@id\":\"https:\/\/dicodusport.fr\/blog\/#\/schema\/person\/627966a6cde45dbd8c5e36ac85d783da\"},\"headline\":\"Piste Ligue des Champions : Troisi\u00e8me succ\u00e8s pour une Mathilde Gros imp\u00e9riale\",\"datePublished\":\"2022-11-26T22:05:05+00:00\",\"dateModified\":\"2022-11-26T22:10:38+00:00\",\"mainEntityOfPage\":{\"@id\":\"https:\/\/dicodusport.fr\/blog\/piste-ligue-des-champions-troisieme-succes-pour-une-mathilde-gros-imperiale\/\"},\"wordCount\":850,\"commentCount\":0,\"publisher\":{\"@id\":\"https:\/\/dicodusport.fr\/blog\/#organization\"},\"image\":{\"@id\":\"https:\/\/dicodusport.fr\/blog\/piste-ligue-des-champions-troisieme-succes-pour-une-mathilde-gros-imperiale\/#primaryimage\"},\"thumbnailUrl\":\"https:\/\/dicodusport.fr\/blog\/wp-content\/uploads\/2022\/11\/Ligue-des-Champions-cyclisme-sur-piste-Troisieme-succes-pour-une-Mathilde-Gros-imperiale.jpg\",\"keywords\":[\"cyclisme sur piste\",\"Ligue des Champions de cyclisme sur piste\",\"Mathilde Gros\"],\"articleSection\":[\"Cyclisme sur piste\"],\"inLanguage\":\"fr-FR\",\"potentialAction\":[{\"@type\":\"CommentAction\",\"name\":\"Comment\",\"target\":[\"https:\/\/dicodusport.fr\/blog\/piste-ligue-des-champions-troisieme-succes-pour-une-mathilde-gros-imperiale\/#respond\"]}],\"copyrightYear\":\"2022\",\"copyrightHolder\":{\"@id\":\"https:\/\/dicodusport.fr\/blog\/#organization\"}},{\"@type\":\"WebPage\",\"@id\":\"https:\/\/dicodusport.fr\/blog\/piste-ligue-des-champions-troisieme-succes-pour-une-mathilde-gros-imperiale\/\",\"url\":\"https:\/\/dicodusport.fr\/blog\/piste-ligue-des-champions-troisieme-succes-pour-une-mathilde-gros-imperiale\/\",\"name\":\"Piste Ligue des Champions : Troisi\u00e8me succ\u00e8s pour une Mathilde Gros imp\u00e9riale\",\"isPartOf\":{\"@id\":\"https:\/\/dicodusport.fr\/blog\/#website\"},\"primaryImageOfPage\":{\"@id\":\"https:\/\/dicodusport.fr\/blog\/piste-ligue-des-champions-troisieme-succes-pour-une-mathilde-gros-imperiale\/#primaryimage\"},\"image\":{\"@id\":\"https:\/\/dicodusport.fr\/blog\/piste-ligue-des-champions-troisieme-succes-pour-une-mathilde-gros-imperiale\/#primaryimage\"},\"thumbnailUrl\":\"https:\/\/dicodusport.fr\/blog\/wp-content\/uploads\/2022\/11\/Ligue-des-Champions-cyclisme-sur-piste-Troisieme-succes-pour-une-Mathilde-Gros-imperiale.jpg\",\"datePublished\":\"2022-11-26T22:05:05+00:00\",\"dateModified\":\"2022-11-26T22:10:38+00:00\",\"description\":\"LIGUE DES CHAMPIONS DE CYCLISME SUR PISTE - \u00c0 domicile, Mathilde Gros a triomph\u00e9 s'imposant lors de la vitesse individuelle et 2e du keirin.\",\"breadcrumb\":{\"@id\":\"https:\/\/dicodusport.fr\/blog\/piste-ligue-des-champions-troisieme-succes-pour-une-mathilde-gros-imperiale\/#breadcrumb\"},\"inLanguage\":\"fr-FR\",\"potentialAction\":[{\"@type\":\"ReadAction\",\"target\":[\"https:\/\/dicodusport.fr\/blog\/piste-ligue-des-champions-troisieme-succes-pour-une-mathilde-gros-imperiale\/\"]}]},{\"@type\":\"ImageObject\",\"inLanguage\":\"fr-FR\",\"@id\":\"https:\/\/dicodusport.fr\/blog\/piste-ligue-des-champions-troisieme-succes-pour-une-mathilde-gros-imperiale\/#primaryimage\",\"url\":\"https:\/\/dicodusport.fr\/blog\/wp-content\/uploads\/2022\/11\/Ligue-des-Champions-cyclisme-sur-piste-Troisieme-succes-pour-une-Mathilde-Gros-imperiale.jpg\",\"contentUrl\":\"https:\/\/dicodusport.fr\/blog\/wp-content\/uploads\/2022\/11\/Ligue-des-Champions-cyclisme-sur-piste-Troisieme-succes-pour-une-Mathilde-Gros-imperiale.jpg\",\"width\":800,\"height\":445,\"caption\":\"Ligue des Champions cyclisme sur piste Troisi\u00e8me succ\u00e8s pour une Mathilde Gros imp\u00e9riale\"},{\"@type\":\"BreadcrumbList\",\"@id\":\"https:\/\/dicodusport.fr\/blog\/piste-ligue-des-champions-troisieme-succes-pour-une-mathilde-gros-imperiale\/#breadcrumb\",\"itemListElement\":[{\"@type\":\"ListItem\",\"position\":1,\"name\":\"Accueil\",\"item\":\"https:\/\/dicodusport.fr\/blog\/\"},{\"@type\":\"ListItem\",\"position\":2,\"name\":\"Piste Ligue des Champions : Troisi\u00e8me succ\u00e8s pour une Mathilde Gros imp\u00e9riale\"}]},{\"@type\":\"WebSite\",\"@id\":\"https:\/\/dicodusport.fr\/blog\/#website\",\"url\":\"https:\/\/dicodusport.fr\/blog\/\",\"name\":\"Dicodusport\",\"description\":\"L&#039;encyclop\u00e9die de l&#039;actualit\u00e9 sportive\",\"publisher\":{\"@id\":\"https:\/\/dicodusport.fr\/blog\/#organization\"},\"potentialAction\":[{\"@type\":\"SearchAction\",\"target\":{\"@type\":\"EntryPoint\",\"urlTemplate\":\"https:\/\/dicodusport.fr\/blog\/?s={search_term_string}\"},\"query-input\":{\"@type\":\"PropertyValueSpecification\",\"valueRequired\":true,\"valueName\":\"search_term_string\"}}],\"inLanguage\":\"fr-FR\"},{\"@type\":\"NewsMediaOrganization\",\"@id\":\"https:\/\/dicodusport.fr\/blog\/#organization\",\"name\":\"Dicodusport\",\"url\":\"https:\/\/dicodusport.fr\/blog\/\",\"logo\":{\"@type\":\"ImageObject\",\"inLanguage\":\"fr-FR\",\"@id\":\"https:\/\/dicodusport.fr\/blog\/#\/schema\/logo\/image\/\",\"url\":\"https:\/\/dicodusport.fr\/blog\/wp-content\/uploads\/2020\/06\/cropped-LOGO-DICODUSPORT-2020-SANS-FOND-SANS-TEXTE.png\",\"contentUrl\":\"https:\/\/dicodusport.fr\/blog\/wp-content\/uploads\/2020\/06\/cropped-LOGO-DICODUSPORT-2020-SANS-FOND-SANS-TEXTE.png\",\"width\":512,\"height\":512,\"caption\":\"Dicodusport\"},\"image\":{\"@id\":\"https:\/\/dicodusport.fr\/blog\/#\/schema\/logo\/image\/\"},\"sameAs\":[\"https:\/\/www.facebook.com\/dicodusport\",\"https:\/\/x.com\/dicodusport\",\"https:\/\/www.instagram.com\/dicodusport\/\",\"https:\/\/www.youtube.com\/channel\/UC7V2KZ5sd3htJivAbA4ZG3w\"],\"description\":\"Dicodusport est l'encyclop\u00e9die de l'actualit\u00e9 sportive.\",\"email\":\"bonjour@dicodusport.fr\",\"legalName\":\"DICODUSPORT\",\"foundingDate\":\"2018-01-14\",\"vatID\":\"FR71834470973\",\"taxID\":\"83447097300043\",\"numberOfEmployees\":{\"@type\":\"QuantitativeValue\",\"minValue\":\"1\",\"maxValue\":\"10\"}},{\"@type\":\"Person\",\"@id\":\"https:\/\/dicodusport.fr\/blog\/#\/schema\/person\/627966a6cde45dbd8c5e36ac85d783da\",\"name\":\"S\u00e9bastien Gente\",\"image\":{\"@type\":\"ImageObject\",\"inLanguage\":\"fr-FR\",\"@id\":\"https:\/\/dicodusport.fr\/blog\/#\/schema\/person\/image\/\",\"url\":\"https:\/\/dicodusport.fr\/blog\/wp-content\/uploads\/2021\/09\/1510990_10205810251400683_4124423575079401707_n-150x150.jpg\",\"contentUrl\":\"https:\/\/dicodusport.fr\/blog\/wp-content\/uploads\/2021\/09\/1510990_10205810251400683_4124423575079401707_n-150x150.jpg\",\"caption\":\"S\u00e9bastien Gente\"},\"description\":\"John Stockton, Gianni Bugno, Zinedine Zidane, Steffi Graf, Frode Andresen, St\u00e9phane Stoecklin, Davis Kamoga, Primoz Peterka, Werner Schlager et Aur\u00e9lien Rougerie. Point commun entre ces sportifs? Ils m'ont fait r\u00eaver et ont berc\u00e9 mon adolescence. Je suis un fondu de sports et j'essaie de retranscrire ma passion \u00e0 travers mes articles. Originaire du P\u00e9rigord, ma passion pour les Girondins, les Jaunards et les Jazzmen transpire dans mes \u00e9crits. \u00c0 Dicodusport depuis 2021, je d\u00e9niche les sports m\u00e9connus dans lesquels la France brille, et il y en a !\",\"sameAs\":[\"https:\/\/www.facebook.com\/sebastien.gente\/\",\"https:\/\/www.instagram.com\/sebgente\/\",\"https:\/\/www.linkedin.com\/in\/sbastien-gente-a29583169\/\",\"https:\/\/x.com\/https:\/\/twitter.com\/globulo24\",\"SebastienGente\"],\"worksFor\":\"S\u00e9bastien GENTE\",\"url\":\"https:\/\/dicodusport.fr\/blog\/author\/sebastiengente\/\"}]}<\/script>\n<!-- \/ Yoast SEO Premium plugin. -->","yoast_head_json":{"title":"Piste Ligue des Champions : Troisi\u00e8me succ\u00e8s pour une Mathilde Gros imp\u00e9riale","description":"LIGUE DES CHAMPIONS DE CYCLISME SUR PISTE - \u00c0 domicile, Mathilde Gros a triomph\u00e9 s'imposant lors de la vitesse individuelle et 2e du keirin.","robots":{"index":"index","follow":"follow","max-snippet":"max-snippet:-1","max-image-preview":"max-image-preview:large","max-video-preview":"max-video-preview:-1"},"canonical":"https:\/\/dicodusport.fr\/blog\/piste-ligue-des-champions-troisieme-succes-pour-une-mathilde-gros-imperiale\/","og_locale":"fr_FR","og_type":"article","og_title":"Piste Ligue des Champions : Troisi\u00e8me succ\u00e8s pour une Mathilde Gros imp\u00e9riale","og_description":"LIGUE DES CHAMPIONS DE CYCLISME SUR PISTE - \u00c0 domicile, Mathilde Gros a triomph\u00e9 s'imposant lors de la vitesse individuelle et 2e du keirin.","og_url":"https:\/\/dicodusport.fr\/blog\/piste-ligue-des-champions-troisieme-succes-pour-une-mathilde-gros-imperiale\/","og_site_name":"Dicodusport","article_publisher":"https:\/\/www.facebook.com\/dicodusport","article_author":"https:\/\/www.facebook.com\/sebastien.gente\/","article_published_time":"2022-11-26T22:05:05+00:00","article_modified_time":"2022-11-26T22:10:38+00:00","og_image":[{"width":800,"height":445,"url":"https:\/\/dicodusport.fr\/blog\/wp-content\/uploads\/2022\/11\/Ligue-des-Champions-cyclisme-sur-piste-Troisieme-succes-pour-une-Mathilde-Gros-imperiale.jpg","type":"image\/jpeg"}],"author":"S\u00e9bastien Gente","twitter_card":"summary_large_image","twitter_title":"Piste Ligue des Champions : Troisi\u00e8me succ\u00e8s pour une Mathilde Gros imp\u00e9riale","twitter_creator":"@https:\/\/twitter.com\/globulo24","twitter_site":"@dicodusport","schema":{"@context":"https:\/\/schema.org","@graph":[{"@type":"NewsArticle","@id":"https:\/\/dicodusport.fr\/blog\/piste-ligue-des-champions-troisieme-succes-pour-une-mathilde-gros-imperiale\/#article","isPartOf":{"@id":"https:\/\/dicodusport.fr\/blog\/piste-ligue-des-champions-troisieme-succes-pour-une-mathilde-gros-imperiale\/"},"author":{"name":"S\u00e9bastien Gente","@id":"https:\/\/dicodusport.fr\/blog\/#\/schema\/person\/627966a6cde45dbd8c5e36ac85d783da"},"headline":"Piste Ligue des Champions : Troisi\u00e8me succ\u00e8s pour une Mathilde Gros imp\u00e9riale","datePublished":"2022-11-26T22:05:05+00:00","dateModified":"2022-11-26T22:10:38+00:00","mainEntityOfPage":{"@id":"https:\/\/dicodusport.fr\/blog\/piste-ligue-des-champions-troisieme-succes-pour-une-mathilde-gros-imperiale\/"},"wordCount":850,"commentCount":0,"publisher":{"@id":"https:\/\/dicodusport.fr\/blog\/#organization"},"image":{"@id":"https:\/\/dicodusport.fr\/blog\/piste-ligue-des-champions-troisieme-succes-pour-une-mathilde-gros-imperiale\/#primaryimage"},"thumbnailUrl":"https:\/\/dicodusport.fr\/blog\/wp-content\/uploads\/2022\/11\/Ligue-des-Champions-cyclisme-sur-piste-Troisieme-succes-pour-une-Mathilde-Gros-imperiale.jpg","keywords":["cyclisme sur piste","Ligue des Champions de cyclisme sur piste","Mathilde Gros"],"articleSection":["Cyclisme sur piste"],"inLanguage":"fr-FR","potentialAction":[{"@type":"CommentAction","name":"Comment","target":["https:\/\/dicodusport.fr\/blog\/piste-ligue-des-champions-troisieme-succes-pour-une-mathilde-gros-imperiale\/#respond"]}],"copyrightYear":"2022","copyrightHolder":{"@id":"https:\/\/dicodusport.fr\/blog\/#organization"}},{"@type":"WebPage","@id":"https:\/\/dicodusport.fr\/blog\/piste-ligue-des-champions-troisieme-succes-pour-une-mathilde-gros-imperiale\/","url":"https:\/\/dicodusport.fr\/blog\/piste-ligue-des-champions-troisieme-succes-pour-une-mathilde-gros-imperiale\/","name":"Piste Ligue des Champions : Troisi\u00e8me succ\u00e8s pour une Mathilde Gros imp\u00e9riale","isPartOf":{"@id":"https:\/\/dicodusport.fr\/blog\/#website"},"primaryImageOfPage":{"@id":"https:\/\/dicodusport.fr\/blog\/piste-ligue-des-champions-troisieme-succes-pour-une-mathilde-gros-imperiale\/#primaryimage"},"image":{"@id":"https:\/\/dicodusport.fr\/blog\/piste-ligue-des-champions-troisieme-succes-pour-une-mathilde-gros-imperiale\/#primaryimage"},"thumbnailUrl":"https:\/\/dicodusport.fr\/blog\/wp-content\/uploads\/2022\/11\/Ligue-des-Champions-cyclisme-sur-piste-Troisieme-succes-pour-une-Mathilde-Gros-imperiale.jpg","datePublished":"2022-11-26T22:05:05+00:00","dateModified":"2022-11-26T22:10:38+00:00","description":"LIGUE DES CHAMPIONS DE CYCLISME SUR PISTE - \u00c0 domicile, Mathilde Gros a triomph\u00e9 s'imposant lors de la vitesse individuelle et 2e du keirin.","breadcrumb":{"@id":"https:\/\/dicodusport.fr\/blog\/piste-ligue-des-champions-troisieme-succes-pour-une-mathilde-gros-imperiale\/#breadcrumb"},"inLanguage":"fr-FR","potentialAction":[{"@type":"ReadAction","target":["https:\/\/dicodusport.fr\/blog\/piste-ligue-des-champions-troisieme-succes-pour-une-mathilde-gros-imperiale\/"]}]},{"@type":"ImageObject","inLanguage":"fr-FR","@id":"https:\/\/dicodusport.fr\/blog\/piste-ligue-des-champions-troisieme-succes-pour-une-mathilde-gros-imperiale\/#primaryimage","url":"https:\/\/dicodusport.fr\/blog\/wp-content\/uploads\/2022\/11\/Ligue-des-Champions-cyclisme-sur-piste-Troisieme-succes-pour-une-Mathilde-Gros-imperiale.jpg","contentUrl":"https:\/\/dicodusport.fr\/blog\/wp-content\/uploads\/2022\/11\/Ligue-des-Champions-cyclisme-sur-piste-Troisieme-succes-pour-une-Mathilde-Gros-imperiale.jpg","width":800,"height":445,"caption":"Ligue des Champions cyclisme sur piste Troisi\u00e8me succ\u00e8s pour une Mathilde Gros imp\u00e9riale"},{"@type":"BreadcrumbList","@id":"https:\/\/dicodusport.fr\/blog\/piste-ligue-des-champions-troisieme-succes-pour-une-mathilde-gros-imperiale\/#breadcrumb","itemListElement":[{"@type":"ListItem","position":1,"name":"Accueil","item":"https:\/\/dicodusport.fr\/blog\/"},{"@type":"ListItem","position":2,"name":"Piste Ligue des Champions : Troisi\u00e8me succ\u00e8s pour une Mathilde Gros imp\u00e9riale"}]},{"@type":"WebSite","@id":"https:\/\/dicodusport.fr\/blog\/#website","url":"https:\/\/dicodusport.fr\/blog\/","name":"Dicodusport","description":"L&#039;encyclop\u00e9die de l&#039;actualit\u00e9 sportive","publisher":{"@id":"https:\/\/dicodusport.fr\/blog\/#organization"},"potentialAction":[{"@type":"SearchAction","target":{"@type":"EntryPoint","urlTemplate":"https:\/\/dicodusport.fr\/blog\/?s={search_term_string}"},"query-input":{"@type":"PropertyValueSpecification","valueRequired":true,"valueName":"search_term_string"}}],"inLanguage":"fr-FR"},{"@type":"NewsMediaOrganization","@id":"https:\/\/dicodusport.fr\/blog\/#organization","name":"Dicodusport","url":"https:\/\/dicodusport.fr\/blog\/","logo":{"@type":"ImageObject","inLanguage":"fr-FR","@id":"https:\/\/dicodusport.fr\/blog\/#\/schema\/logo\/image\/","url":"https:\/\/dicodusport.fr\/blog\/wp-content\/uploads\/2020\/06\/cropped-LOGO-DICODUSPORT-2020-SANS-FOND-SANS-TEXTE.png","contentUrl":"https:\/\/dicodusport.fr\/blog\/wp-content\/uploads\/2020\/06\/cropped-LOGO-DICODUSPORT-2020-SANS-FOND-SANS-TEXTE.png","width":512,"height":512,"caption":"Dicodusport"},"image":{"@id":"https:\/\/dicodusport.fr\/blog\/#\/schema\/logo\/image\/"},"sameAs":["https:\/\/www.facebook.com\/dicodusport","https:\/\/x.com\/dicodusport","https:\/\/www.instagram.com\/dicodusport\/","https:\/\/www.youtube.com\/channel\/UC7V2KZ5sd3htJivAbA4ZG3w"],"description":"Dicodusport est l'encyclop\u00e9die de l'actualit\u00e9 sportive.","email":"bonjour@dicodusport.fr","legalName":"DICODUSPORT","foundingDate":"2018-01-14","vatID":"FR71834470973","taxID":"83447097300043","numberOfEmployees":{"@type":"QuantitativeValue","minValue":"1","maxValue":"10"}},{"@type":"Person","@id":"https:\/\/dicodusport.fr\/blog\/#\/schema\/person\/627966a6cde45dbd8c5e36ac85d783da","name":"S\u00e9bastien Gente","image":{"@type":"ImageObject","inLanguage":"fr-FR","@id":"https:\/\/dicodusport.fr\/blog\/#\/schema\/person\/image\/","url":"https:\/\/dicodusport.fr\/blog\/wp-content\/uploads\/2021\/09\/1510990_10205810251400683_4124423575079401707_n-150x150.jpg","contentUrl":"https:\/\/dicodusport.fr\/blog\/wp-content\/uploads\/2021\/09\/1510990_10205810251400683_4124423575079401707_n-150x150.jpg","caption":"S\u00e9bastien Gente"},"description":"John Stockton, Gianni Bugno, Zinedine Zidane, Steffi Graf, Frode Andresen, St\u00e9phane Stoecklin, Davis Kamoga, Primoz Peterka, Werner Schlager et Aur\u00e9lien Rougerie. Point commun entre ces sportifs? Ils m'ont fait r\u00eaver et ont berc\u00e9 mon adolescence. Je suis un fondu de sports et j'essaie de retranscrire ma passion \u00e0 travers mes articles. Originaire du P\u00e9rigord, ma passion pour les Girondins, les Jaunards et les Jazzmen transpire dans mes \u00e9crits. \u00c0 Dicodusport depuis 2021, je d\u00e9niche les sports m\u00e9connus dans lesquels la France brille, et il y en a !","sameAs":["https:\/\/www.facebook.com\/sebastien.gente\/","https:\/\/www.instagram.com\/sebgente\/","https:\/\/www.linkedin.com\/in\/sbastien-gente-a29583169\/","https:\/\/x.com\/https:\/\/twitter.com\/globulo24","SebastienGente"],"worksFor":"S\u00e9bastien GENTE","url":"https:\/\/dicodusport.fr\/blog\/author\/sebastiengente\/"}]}},"_links":{"self":[{"href":"https:\/\/dicodusport.fr\/blog\/wp-json\/wp\/v2\/posts\/282704","targetHints":{"allow":["GET"]}}],"collection":[{"href":"https:\/\/dicodusport.fr\/blog\/wp-json\/wp\/v2\/posts"}],"about":[{"href":"https:\/\/dicodusport.fr\/blog\/wp-json\/wp\/v2\/types\/post"}],"author":[{"embeddable":true,"href":"https:\/\/dicodusport.fr\/blog\/wp-json\/wp\/v2\/users\/59"}],"replies":[{"embeddable":true,"href":"https:\/\/dicodusport.fr\/blog\/wp-json\/wp\/v2\/comments?post=282704"}],"version-history":[{"count":0,"href":"https:\/\/dicodusport.fr\/blog\/wp-json\/wp\/v2\/posts\/282704\/revisions"}],"wp:featuredmedia":[{"embeddable":true,"href":"https:\/\/dicodusport.fr\/blog\/wp-json\/wp\/v2\/media\/282847"}],"wp:attachment":[{"href":"https:\/\/dicodusport.fr\/blog\/wp-json\/wp\/v2\/media?parent=282704"}],"wp:term":[{"taxonomy":"category","embeddable":true,"href":"https:\/\/dicodusport.fr\/blog\/wp-json\/wp\/v2\/categories?post=282704"},{"taxonomy":"post_tag","embeddable":true,"href":"https:\/\/dicodusport.fr\/blog\/wp-json\/wp\/v2\/tags?post=282704"}],"curies":[{"name":"wp","href":"https:\/\/api.w.org\/{rel}","templated":true}]}}