{"id":283039,"date":"2022-11-27T19:56:40","date_gmt":"2022-11-27T18:56:40","guid":{"rendered":"https:\/\/dicodusport.fr\/blog\/?p=283039&#038;preview=true&#038;preview_id=283039"},"modified":"2022-11-27T21:58:53","modified_gmt":"2022-11-27T20:58:53","slug":"ski-alpin-killington-wendy-holdener-et-anna-swenn-larsson-remportent-le-slalom","status":"publish","type":"post","link":"https:\/\/dicodusport.fr\/blog\/ski-alpin-killington-wendy-holdener-et-anna-swenn-larsson-remportent-le-slalom\/","title":{"rendered":"Ski alpin Killington : Wendy Holdener et Anna Swenn Larsson remportent le slalom"},"content":{"rendered":"<p style=\"text-align: justify;\"><i><a style=\"font-weight: bold;\" href=\"https:\/\/dicodusport.fr\/blog\/actualites\/sports-dhiver\/ski\/coupe-du-monde-ski-alpin-2022-2023\/\">COUPE DU MONDE DE SKI ALPIN 2022-2023<\/a><b> &#8211; Ex\u00e6quo, Wendy Holdener et Anna Swenn Larsson se sont impos\u00e9es sur le slalom de Killington aux \u00c9tats-Unis, ce dimanche. C&rsquo;est la premi\u00e8re victoire en Coupe du monde pour la Su\u00e9doise et la Suissesse.<\/b><\/i><\/p>\n<h2 style=\"text-align: justify;\">Mikaela Shiffrin ma\u00eetrise la premi\u00e8re manche<\/h2>\n<p style=\"text-align: justify;\">Sur une premi\u00e8re manche facile \u00e0 skier, <strong>Mikaela Shiffrin<\/strong> a ma\u00eetris\u00e9 les d\u00e9bats en mettant beaucoup de rythme pour faire le meilleur temps en 50 secondes et 35 centi\u00e8mes. Elle a devanc\u00e9 de 21 centi\u00e8mes <strong>Wendy Holdener<\/strong> qui \u00e9tait \u00e0 la lutte avec l&rsquo;Am\u00e9ricaine. Mais la Suissesse a faibli tr\u00e8s l\u00e9g\u00e8rement sur la seconde moiti\u00e9 du parcours.<\/p>\n<p style=\"text-align: justify;\">Ensuite, <strong>Katharina Liensberger<\/strong> a \u00e9t\u00e9 la plus rapide sur le bas pour faire le 3e temps \u00e0 22 centi\u00e8mes devant <strong>Petra Vlhova,<\/strong> cinqui\u00e8me \u00e0 31 centi\u00e8mes, et <strong>Anna Swenn Larsson,<\/strong> sixi\u00e8me \u00e0 38 centi\u00e8mes. <strong>Lena Duerr<\/strong> \u00e9tait la derni\u00e8re fille sous la seconde en septi\u00e8me position \u00e0 65 centi\u00e8mes puisque <strong>Ana Bucik<\/strong> \u00e9tait \u00e0 la deuxi\u00e8me.<\/p>\n<p style=\"text-align: justify;\">Pour les Fran\u00e7aises, <strong>Nastasia Noens<\/strong> s&rsquo;est fait bouger dans le mur pour terminer \u00e0 2 secondes et 57 centi\u00e8mes. N\u00e9anmoins, elle a r\u00e9ussi \u00e0 se qualifier pour la seconde manche avec le 22e temps. <strong>Marie Lamure<\/strong> n&rsquo;a pas r\u00e9it\u00e9r\u00e9 sa performance de Levi, puisqu&rsquo;elle a rat\u00e9 la qualification pour 18 centi\u00e8mes (34e \u00e0 3 secondes 36). Enfin, <strong>Clara Direz<\/strong> a conclu la manche avec le 40e temps \u00e0 4 secondes et 95 centi\u00e8mes, sur une piste tr\u00e8s d\u00e9grad\u00e9e \u00e0 cause de la douceur du climat dans le Vermont.<\/p>\n<h2 style=\"text-align: justify;\">Holdener et Larsson vainqueurs<\/h2>\n<p style=\"text-align: justify;\">Malgr\u00e9 une grosse faute sur le haut de la piste, <strong>Anna Swenn Larsson<\/strong> a r\u00e9ussi \u00e0 r\u00e9aliser le meilleur temps final en 1 minute 42 secondes et 97 centi\u00e8mes. Mais, la Su\u00e9doise a d\u00fb partager la premi\u00e8re place avec <em>la Poulidor<\/em> de la discipline : <strong>Wendy Holdener.<\/strong><\/p>\n<blockquote class=\"twitter-tweet\">\n<p dir=\"ltr\" lang=\"fr\">Incroyable sc\u00e9nario \u00e0 Killington ! Wendy Holdener et Anna Swenn Larsson terminent ex-aequo et remportent chacune le premier slalom de leur carri\u00e8re <a href=\"https:\/\/twitter.com\/hashtag\/ChaletClub?src=hash&amp;ref_src=twsrc%5Etfw\">#ChaletClub<\/a> <a href=\"https:\/\/t.co\/kxSTQkQ0BZ\">pic.twitter.com\/kxSTQkQ0BZ<\/a><\/p>\n<p>\u2014 Eurosport France (@Eurosport_FR) <a href=\"https:\/\/twitter.com\/Eurosport_FR\/status\/1596952290123866113?ref_src=twsrc%5Etfw\">November 27, 2022<\/a><\/p><\/blockquote>\n<p><script async src=\"https:\/\/platform.twitter.com\/widgets.js\" charset=\"utf-8\"><\/script><\/p>\n<p style=\"text-align: justify;\">Autre belle surprise, <strong>Katharina Truppe<\/strong> est mont\u00e9e sur la bo\u00eete avec le troisi\u00e8me temps \u00e0 22 centi\u00e8mes devant <strong>Petra Vlhova,<\/strong> quatri\u00e8me \u00e0 49 centi\u00e8mes, avec des appuis bien trop massifs pour ce type de neige. Sur une neige de printemps et sur un trac\u00e9 plus direct, <strong>Mikaela Shiffrin<\/strong> a eu toutes les peines du monde pour d\u00e9gringoler finalement \u00e0 la cinqui\u00e8me place \u00e0 59 centi\u00e8mes. N\u00e9anmoins,\u00a0<strong>Shiffrin <\/strong>conserve les commandes du g\u00e9n\u00e9ral de la Coupe du monde avec 265 points. Gr\u00e2ce \u00e0 sa victoire,\u00a0<strong>Holdener\u00a0<\/strong>est maintenant deuxi\u00e8me \u00e0 25 points et\u00a0<strong>Vlhova,\u00a0<\/strong>troisi\u00e8me \u00e0 45 points.<\/p>\n<p style=\"text-align: justify;\">Par la suite, <strong>Franziska Gritsch<\/strong> a profit\u00e9 d&rsquo;une piste impeccable avec son 30e temps de la premi\u00e8re manche pour r\u00e9aliser une incroyable remont\u00e9e jusqu&rsquo;\u00e0 la 8e place. L&rsquo;Autrichienne a r\u00e9alis\u00e9 le meilleur temps de la seconde manche en 50 secondes et 17 centi\u00e8mes. Du c\u00f4t\u00e9 du camp autrichien, <strong>Katharina Liensberger\u00a0<\/strong>a malheureusement chut\u00e9 peu avant le premier interm\u00e9diaire.<\/p>\n<p style=\"text-align: justify;\">Enfin, <strong>Nastasia Noens<\/strong> a perdu pas mal de temps sur la fin du second trac\u00e9. N\u00e9anmoins, la slalomeuse fran\u00e7aise est remont\u00e9e finalement au 12e rang.<\/p>\n<h2 style=\"text-align: justify;\">\u00c0 lire aussi<\/h2>\n<ul>\n<li style=\"text-align: justify;\"><strong><a href=\"https:\/\/dicodusport.fr\/blog\/classement-slalom-femmes-killington-2022\/\">Le classement du slalom de Killington<\/a>\u00a0<\/strong><\/li>\n<li style=\"text-align: justify;\"><a href=\"https:\/\/dicodusport.fr\/blog\/classement-general-femmes-coupe-du-monde-ski-alpin-2022-2023\/\"><strong>Le classement g\u00e9n\u00e9ral de la Coupe du monde<\/strong><\/a><\/li>\n<\/ul>\n","protected":false},"excerpt":{"rendered":"<p>COUPE DU MONDE DE SKI ALPIN 2022-2023 &#8211; Ex\u00e6quo, Wendy Holdener et Anna Swenn Larsson se sont impos\u00e9es sur le slalom de Killington aux \u00c9tats-Unis, ce dimanche. C&rsquo;est la premi\u00e8re victoire en Coupe du monde pour la Su\u00e9doise.<\/p>\n","protected":false},"author":48,"featured_media":283140,"comment_status":"open","ping_status":"closed","sticky":false,"template":"","format":"standard","meta":{"_acf_changed":false,"_daextam_enable_autolinks":"","footnotes":""},"categories":[47084],"tags":[1530,2233],"class_list":["post-283039","post","type-post","status-publish","format-standard","has-post-thumbnail","hentry","category-coupe-du-monde-ski-alpin","tag-coupe-du-monde","tag-ski-alpin"],"acf":[],"yoast_head":"<!-- This site is optimized with the Yoast SEO Premium plugin v26.7 (Yoast SEO v26.7) - https:\/\/yoast.com\/wordpress\/plugins\/seo\/ -->\n<title>Ski alpin Killington : Wendy Holdener et Anna Swenn Larsson remportent le slalom<\/title>\n<meta name=\"description\" content=\"COUPE DU MONDE DE SKI ALPIN 2022-2023 - Wendy Holdener et Anna Swenn Larsson se sont impos\u00e9es sur le slalom de Killington.\" \/>\n<meta name=\"robots\" content=\"index, follow, max-snippet:-1, max-image-preview:large, max-video-preview:-1\" \/>\n<link rel=\"canonical\" href=\"https:\/\/dicodusport.fr\/blog\/ski-alpin-killington-wendy-holdener-et-anna-swenn-larsson-remportent-le-slalom\/\" \/>\n<meta property=\"og:locale\" content=\"fr_FR\" \/>\n<meta property=\"og:type\" content=\"article\" \/>\n<meta property=\"og:title\" content=\"Ski alpin Killington : Wendy Holdener et Anna Swenn Larsson remportent le slalom\" \/>\n<meta property=\"og:description\" content=\"COUPE DU MONDE DE SKI ALPIN 2022-2023 - Wendy Holdener et Anna Swenn Larsson se sont impos\u00e9es sur le slalom de Killington.\" \/>\n<meta property=\"og:url\" content=\"https:\/\/dicodusport.fr\/blog\/ski-alpin-killington-wendy-holdener-et-anna-swenn-larsson-remportent-le-slalom\/\" \/>\n<meta property=\"og:site_name\" content=\"Dicodusport\" \/>\n<meta property=\"article:publisher\" content=\"https:\/\/www.facebook.com\/dicodusport\" \/>\n<meta property=\"article:author\" content=\"https:\/\/www.facebook.com\/groups\/LesRoisDuPeloton\" \/>\n<meta property=\"article:published_time\" content=\"2022-11-27T18:56:40+00:00\" \/>\n<meta property=\"article:modified_time\" content=\"2022-11-27T20:58:53+00:00\" \/>\n<meta property=\"og:image\" content=\"https:\/\/dicodusport.fr\/blog\/wp-content\/uploads\/2022\/11\/Ski-alpin-Killington-Wendy-Holdener-et-Anna-Swenn-Larsson-remportent-le-slalom.png\" \/>\n\t<meta property=\"og:image:width\" content=\"800\" \/>\n\t<meta property=\"og:image:height\" content=\"445\" \/>\n\t<meta property=\"og:image:type\" content=\"image\/png\" \/>\n<meta name=\"author\" content=\"Emilien Descampiaux\" \/>\n<meta name=\"twitter:card\" content=\"summary_large_image\" \/>\n<meta name=\"twitter:title\" content=\"Ski alpin Killington : Wendy Holdener et Anna Swenn Larsson remportent le slalom\" \/>\n<meta name=\"twitter:creator\" content=\"@https:\/\/twitter.com\/LRoisDuPeloton\" \/>\n<meta name=\"twitter:site\" content=\"@dicodusport\" \/>\n<script type=\"application\/ld+json\" class=\"yoast-schema-graph\">{\"@context\":\"https:\/\/schema.org\",\"@graph\":[{\"@type\":\"NewsArticle\",\"@id\":\"https:\/\/dicodusport.fr\/blog\/ski-alpin-killington-wendy-holdener-et-anna-swenn-larsson-remportent-le-slalom\/#article\",\"isPartOf\":{\"@id\":\"https:\/\/dicodusport.fr\/blog\/ski-alpin-killington-wendy-holdener-et-anna-swenn-larsson-remportent-le-slalom\/\"},\"author\":{\"name\":\"Emilien Descampiaux\",\"@id\":\"https:\/\/dicodusport.fr\/blog\/#\/schema\/person\/6db4bae06b171592211be385b32876a7\"},\"headline\":\"Ski alpin Killington : Wendy Holdener et Anna Swenn Larsson remportent le slalom\",\"datePublished\":\"2022-11-27T18:56:40+00:00\",\"dateModified\":\"2022-11-27T20:58:53+00:00\",\"mainEntityOfPage\":{\"@id\":\"https:\/\/dicodusport.fr\/blog\/ski-alpin-killington-wendy-holdener-et-anna-swenn-larsson-remportent-le-slalom\/\"},\"wordCount\":568,\"commentCount\":0,\"publisher\":{\"@id\":\"https:\/\/dicodusport.fr\/blog\/#organization\"},\"image\":{\"@id\":\"https:\/\/dicodusport.fr\/blog\/ski-alpin-killington-wendy-holdener-et-anna-swenn-larsson-remportent-le-slalom\/#primaryimage\"},\"thumbnailUrl\":\"https:\/\/dicodusport.fr\/blog\/wp-content\/uploads\/2022\/11\/Ski-alpin-Killington-Wendy-Holdener-et-Anna-Swenn-Larsson-remportent-le-slalom.png\",\"keywords\":[\"Coupe du monde\",\"Ski alpin\"],\"articleSection\":[\"Coupe du monde de ski alpin\"],\"inLanguage\":\"fr-FR\",\"potentialAction\":[{\"@type\":\"CommentAction\",\"name\":\"Comment\",\"target\":[\"https:\/\/dicodusport.fr\/blog\/ski-alpin-killington-wendy-holdener-et-anna-swenn-larsson-remportent-le-slalom\/#respond\"]}],\"copyrightYear\":\"2022\",\"copyrightHolder\":{\"@id\":\"https:\/\/dicodusport.fr\/blog\/#organization\"}},{\"@type\":\"WebPage\",\"@id\":\"https:\/\/dicodusport.fr\/blog\/ski-alpin-killington-wendy-holdener-et-anna-swenn-larsson-remportent-le-slalom\/\",\"url\":\"https:\/\/dicodusport.fr\/blog\/ski-alpin-killington-wendy-holdener-et-anna-swenn-larsson-remportent-le-slalom\/\",\"name\":\"Ski alpin Killington : Wendy Holdener et Anna Swenn Larsson remportent le slalom\",\"isPartOf\":{\"@id\":\"https:\/\/dicodusport.fr\/blog\/#website\"},\"primaryImageOfPage\":{\"@id\":\"https:\/\/dicodusport.fr\/blog\/ski-alpin-killington-wendy-holdener-et-anna-swenn-larsson-remportent-le-slalom\/#primaryimage\"},\"image\":{\"@id\":\"https:\/\/dicodusport.fr\/blog\/ski-alpin-killington-wendy-holdener-et-anna-swenn-larsson-remportent-le-slalom\/#primaryimage\"},\"thumbnailUrl\":\"https:\/\/dicodusport.fr\/blog\/wp-content\/uploads\/2022\/11\/Ski-alpin-Killington-Wendy-Holdener-et-Anna-Swenn-Larsson-remportent-le-slalom.png\",\"datePublished\":\"2022-11-27T18:56:40+00:00\",\"dateModified\":\"2022-11-27T20:58:53+00:00\",\"description\":\"COUPE DU MONDE DE SKI ALPIN 2022-2023 - Wendy Holdener et Anna Swenn Larsson se sont impos\u00e9es sur le slalom de Killington.\",\"breadcrumb\":{\"@id\":\"https:\/\/dicodusport.fr\/blog\/ski-alpin-killington-wendy-holdener-et-anna-swenn-larsson-remportent-le-slalom\/#breadcrumb\"},\"inLanguage\":\"fr-FR\",\"potentialAction\":[{\"@type\":\"ReadAction\",\"target\":[\"https:\/\/dicodusport.fr\/blog\/ski-alpin-killington-wendy-holdener-et-anna-swenn-larsson-remportent-le-slalom\/\"]}]},{\"@type\":\"ImageObject\",\"inLanguage\":\"fr-FR\",\"@id\":\"https:\/\/dicodusport.fr\/blog\/ski-alpin-killington-wendy-holdener-et-anna-swenn-larsson-remportent-le-slalom\/#primaryimage\",\"url\":\"https:\/\/dicodusport.fr\/blog\/wp-content\/uploads\/2022\/11\/Ski-alpin-Killington-Wendy-Holdener-et-Anna-Swenn-Larsson-remportent-le-slalom.png\",\"contentUrl\":\"https:\/\/dicodusport.fr\/blog\/wp-content\/uploads\/2022\/11\/Ski-alpin-Killington-Wendy-Holdener-et-Anna-Swenn-Larsson-remportent-le-slalom.png\",\"width\":800,\"height\":445,\"caption\":\"Ski alpin Killington Wendy Holdener et Anna Swenn Larsson remportent le slalom\"},{\"@type\":\"BreadcrumbList\",\"@id\":\"https:\/\/dicodusport.fr\/blog\/ski-alpin-killington-wendy-holdener-et-anna-swenn-larsson-remportent-le-slalom\/#breadcrumb\",\"itemListElement\":[{\"@type\":\"ListItem\",\"position\":1,\"name\":\"Accueil\",\"item\":\"https:\/\/dicodusport.fr\/blog\/\"},{\"@type\":\"ListItem\",\"position\":2,\"name\":\"Ski alpin Killington : Wendy Holdener et Anna Swenn Larsson remportent le slalom\"}]},{\"@type\":\"WebSite\",\"@id\":\"https:\/\/dicodusport.fr\/blog\/#website\",\"url\":\"https:\/\/dicodusport.fr\/blog\/\",\"name\":\"Dicodusport\",\"description\":\"L&#039;encyclop\u00e9die de l&#039;actualit\u00e9 sportive\",\"publisher\":{\"@id\":\"https:\/\/dicodusport.fr\/blog\/#organization\"},\"potentialAction\":[{\"@type\":\"SearchAction\",\"target\":{\"@type\":\"EntryPoint\",\"urlTemplate\":\"https:\/\/dicodusport.fr\/blog\/?s={search_term_string}\"},\"query-input\":{\"@type\":\"PropertyValueSpecification\",\"valueRequired\":true,\"valueName\":\"search_term_string\"}}],\"inLanguage\":\"fr-FR\"},{\"@type\":\"NewsMediaOrganization\",\"@id\":\"https:\/\/dicodusport.fr\/blog\/#organization\",\"name\":\"Dicodusport\",\"url\":\"https:\/\/dicodusport.fr\/blog\/\",\"logo\":{\"@type\":\"ImageObject\",\"inLanguage\":\"fr-FR\",\"@id\":\"https:\/\/dicodusport.fr\/blog\/#\/schema\/logo\/image\/\",\"url\":\"https:\/\/dicodusport.fr\/blog\/wp-content\/uploads\/2020\/06\/cropped-LOGO-DICODUSPORT-2020-SANS-FOND-SANS-TEXTE.png\",\"contentUrl\":\"https:\/\/dicodusport.fr\/blog\/wp-content\/uploads\/2020\/06\/cropped-LOGO-DICODUSPORT-2020-SANS-FOND-SANS-TEXTE.png\",\"width\":512,\"height\":512,\"caption\":\"Dicodusport\"},\"image\":{\"@id\":\"https:\/\/dicodusport.fr\/blog\/#\/schema\/logo\/image\/\"},\"sameAs\":[\"https:\/\/www.facebook.com\/dicodusport\",\"https:\/\/x.com\/dicodusport\",\"https:\/\/www.instagram.com\/dicodusport\/\",\"https:\/\/www.youtube.com\/channel\/UC7V2KZ5sd3htJivAbA4ZG3w\"],\"description\":\"Dicodusport est l'encyclop\u00e9die de l'actualit\u00e9 sportive.\",\"email\":\"bonjour@dicodusport.fr\",\"legalName\":\"DICODUSPORT\",\"foundingDate\":\"2018-01-14\",\"vatID\":\"FR71834470973\",\"taxID\":\"83447097300043\",\"numberOfEmployees\":{\"@type\":\"QuantitativeValue\",\"minValue\":\"1\",\"maxValue\":\"10\"}},{\"@type\":\"Person\",\"@id\":\"https:\/\/dicodusport.fr\/blog\/#\/schema\/person\/6db4bae06b171592211be385b32876a7\",\"name\":\"Emilien Descampiaux\",\"image\":{\"@type\":\"ImageObject\",\"inLanguage\":\"fr-FR\",\"@id\":\"https:\/\/dicodusport.fr\/blog\/#\/schema\/person\/image\/\",\"url\":\"https:\/\/dicodusport.fr\/blog\/wp-content\/uploads\/2021\/05\/Emilien-Descampiaux-150x150.jpg\",\"contentUrl\":\"https:\/\/dicodusport.fr\/blog\/wp-content\/uploads\/2021\/05\/Emilien-Descampiaux-150x150.jpg\",\"caption\":\"Emilien Descampiaux\"},\"description\":\"Journaliste\/r\u00e9dacteur depuis 2014 - Fan de la classe de Frank Vandenbroucke, je vis cyclisme (et de ses paysages) depuis plus de 20 ans. Je suis tr\u00e8s impliqu\u00e9 sur mes diff\u00e9rents r\u00e9seaux sociaux pour partager ma passion sur le monde et l'Histoire de la bicyclette avec ma voix sur les images en noir et blanc du succ\u00e8s de Rik Van Steenbergen lors du Ronde sur le V\u00e9lodrome de Gand.\",\"sameAs\":[\"https:\/\/www.facebook.com\/groups\/LesRoisDuPeloton\",\"https:\/\/x.com\/https:\/\/twitter.com\/LRoisDuPeloton\"],\"url\":\"https:\/\/dicodusport.fr\/blog\/author\/emiliend\/\"}]}<\/script>\n<!-- \/ Yoast SEO Premium plugin. -->","yoast_head_json":{"title":"Ski alpin Killington : Wendy Holdener et Anna Swenn Larsson remportent le slalom","description":"COUPE DU MONDE DE SKI ALPIN 2022-2023 - Wendy Holdener et Anna Swenn Larsson se sont impos\u00e9es sur le slalom de Killington.","robots":{"index":"index","follow":"follow","max-snippet":"max-snippet:-1","max-image-preview":"max-image-preview:large","max-video-preview":"max-video-preview:-1"},"canonical":"https:\/\/dicodusport.fr\/blog\/ski-alpin-killington-wendy-holdener-et-anna-swenn-larsson-remportent-le-slalom\/","og_locale":"fr_FR","og_type":"article","og_title":"Ski alpin Killington : Wendy Holdener et Anna Swenn Larsson remportent le slalom","og_description":"COUPE DU MONDE DE SKI ALPIN 2022-2023 - Wendy Holdener et Anna Swenn Larsson se sont impos\u00e9es sur le slalom de Killington.","og_url":"https:\/\/dicodusport.fr\/blog\/ski-alpin-killington-wendy-holdener-et-anna-swenn-larsson-remportent-le-slalom\/","og_site_name":"Dicodusport","article_publisher":"https:\/\/www.facebook.com\/dicodusport","article_author":"https:\/\/www.facebook.com\/groups\/LesRoisDuPeloton","article_published_time":"2022-11-27T18:56:40+00:00","article_modified_time":"2022-11-27T20:58:53+00:00","og_image":[{"width":800,"height":445,"url":"https:\/\/dicodusport.fr\/blog\/wp-content\/uploads\/2022\/11\/Ski-alpin-Killington-Wendy-Holdener-et-Anna-Swenn-Larsson-remportent-le-slalom.png","type":"image\/png"}],"author":"Emilien Descampiaux","twitter_card":"summary_large_image","twitter_title":"Ski alpin Killington : Wendy Holdener et Anna Swenn Larsson remportent le slalom","twitter_creator":"@https:\/\/twitter.com\/LRoisDuPeloton","twitter_site":"@dicodusport","schema":{"@context":"https:\/\/schema.org","@graph":[{"@type":"NewsArticle","@id":"https:\/\/dicodusport.fr\/blog\/ski-alpin-killington-wendy-holdener-et-anna-swenn-larsson-remportent-le-slalom\/#article","isPartOf":{"@id":"https:\/\/dicodusport.fr\/blog\/ski-alpin-killington-wendy-holdener-et-anna-swenn-larsson-remportent-le-slalom\/"},"author":{"name":"Emilien Descampiaux","@id":"https:\/\/dicodusport.fr\/blog\/#\/schema\/person\/6db4bae06b171592211be385b32876a7"},"headline":"Ski alpin Killington : Wendy Holdener et Anna Swenn Larsson remportent le slalom","datePublished":"2022-11-27T18:56:40+00:00","dateModified":"2022-11-27T20:58:53+00:00","mainEntityOfPage":{"@id":"https:\/\/dicodusport.fr\/blog\/ski-alpin-killington-wendy-holdener-et-anna-swenn-larsson-remportent-le-slalom\/"},"wordCount":568,"commentCount":0,"publisher":{"@id":"https:\/\/dicodusport.fr\/blog\/#organization"},"image":{"@id":"https:\/\/dicodusport.fr\/blog\/ski-alpin-killington-wendy-holdener-et-anna-swenn-larsson-remportent-le-slalom\/#primaryimage"},"thumbnailUrl":"https:\/\/dicodusport.fr\/blog\/wp-content\/uploads\/2022\/11\/Ski-alpin-Killington-Wendy-Holdener-et-Anna-Swenn-Larsson-remportent-le-slalom.png","keywords":["Coupe du monde","Ski alpin"],"articleSection":["Coupe du monde de ski alpin"],"inLanguage":"fr-FR","potentialAction":[{"@type":"CommentAction","name":"Comment","target":["https:\/\/dicodusport.fr\/blog\/ski-alpin-killington-wendy-holdener-et-anna-swenn-larsson-remportent-le-slalom\/#respond"]}],"copyrightYear":"2022","copyrightHolder":{"@id":"https:\/\/dicodusport.fr\/blog\/#organization"}},{"@type":"WebPage","@id":"https:\/\/dicodusport.fr\/blog\/ski-alpin-killington-wendy-holdener-et-anna-swenn-larsson-remportent-le-slalom\/","url":"https:\/\/dicodusport.fr\/blog\/ski-alpin-killington-wendy-holdener-et-anna-swenn-larsson-remportent-le-slalom\/","name":"Ski alpin Killington : Wendy Holdener et Anna Swenn Larsson remportent le slalom","isPartOf":{"@id":"https:\/\/dicodusport.fr\/blog\/#website"},"primaryImageOfPage":{"@id":"https:\/\/dicodusport.fr\/blog\/ski-alpin-killington-wendy-holdener-et-anna-swenn-larsson-remportent-le-slalom\/#primaryimage"},"image":{"@id":"https:\/\/dicodusport.fr\/blog\/ski-alpin-killington-wendy-holdener-et-anna-swenn-larsson-remportent-le-slalom\/#primaryimage"},"thumbnailUrl":"https:\/\/dicodusport.fr\/blog\/wp-content\/uploads\/2022\/11\/Ski-alpin-Killington-Wendy-Holdener-et-Anna-Swenn-Larsson-remportent-le-slalom.png","datePublished":"2022-11-27T18:56:40+00:00","dateModified":"2022-11-27T20:58:53+00:00","description":"COUPE DU MONDE DE SKI ALPIN 2022-2023 - Wendy Holdener et Anna Swenn Larsson se sont impos\u00e9es sur le slalom de Killington.","breadcrumb":{"@id":"https:\/\/dicodusport.fr\/blog\/ski-alpin-killington-wendy-holdener-et-anna-swenn-larsson-remportent-le-slalom\/#breadcrumb"},"inLanguage":"fr-FR","potentialAction":[{"@type":"ReadAction","target":["https:\/\/dicodusport.fr\/blog\/ski-alpin-killington-wendy-holdener-et-anna-swenn-larsson-remportent-le-slalom\/"]}]},{"@type":"ImageObject","inLanguage":"fr-FR","@id":"https:\/\/dicodusport.fr\/blog\/ski-alpin-killington-wendy-holdener-et-anna-swenn-larsson-remportent-le-slalom\/#primaryimage","url":"https:\/\/dicodusport.fr\/blog\/wp-content\/uploads\/2022\/11\/Ski-alpin-Killington-Wendy-Holdener-et-Anna-Swenn-Larsson-remportent-le-slalom.png","contentUrl":"https:\/\/dicodusport.fr\/blog\/wp-content\/uploads\/2022\/11\/Ski-alpin-Killington-Wendy-Holdener-et-Anna-Swenn-Larsson-remportent-le-slalom.png","width":800,"height":445,"caption":"Ski alpin Killington Wendy Holdener et Anna Swenn Larsson remportent le slalom"},{"@type":"BreadcrumbList","@id":"https:\/\/dicodusport.fr\/blog\/ski-alpin-killington-wendy-holdener-et-anna-swenn-larsson-remportent-le-slalom\/#breadcrumb","itemListElement":[{"@type":"ListItem","position":1,"name":"Accueil","item":"https:\/\/dicodusport.fr\/blog\/"},{"@type":"ListItem","position":2,"name":"Ski alpin Killington : Wendy Holdener et Anna Swenn Larsson remportent le slalom"}]},{"@type":"WebSite","@id":"https:\/\/dicodusport.fr\/blog\/#website","url":"https:\/\/dicodusport.fr\/blog\/","name":"Dicodusport","description":"L&#039;encyclop\u00e9die de l&#039;actualit\u00e9 sportive","publisher":{"@id":"https:\/\/dicodusport.fr\/blog\/#organization"},"potentialAction":[{"@type":"SearchAction","target":{"@type":"EntryPoint","urlTemplate":"https:\/\/dicodusport.fr\/blog\/?s={search_term_string}"},"query-input":{"@type":"PropertyValueSpecification","valueRequired":true,"valueName":"search_term_string"}}],"inLanguage":"fr-FR"},{"@type":"NewsMediaOrganization","@id":"https:\/\/dicodusport.fr\/blog\/#organization","name":"Dicodusport","url":"https:\/\/dicodusport.fr\/blog\/","logo":{"@type":"ImageObject","inLanguage":"fr-FR","@id":"https:\/\/dicodusport.fr\/blog\/#\/schema\/logo\/image\/","url":"https:\/\/dicodusport.fr\/blog\/wp-content\/uploads\/2020\/06\/cropped-LOGO-DICODUSPORT-2020-SANS-FOND-SANS-TEXTE.png","contentUrl":"https:\/\/dicodusport.fr\/blog\/wp-content\/uploads\/2020\/06\/cropped-LOGO-DICODUSPORT-2020-SANS-FOND-SANS-TEXTE.png","width":512,"height":512,"caption":"Dicodusport"},"image":{"@id":"https:\/\/dicodusport.fr\/blog\/#\/schema\/logo\/image\/"},"sameAs":["https:\/\/www.facebook.com\/dicodusport","https:\/\/x.com\/dicodusport","https:\/\/www.instagram.com\/dicodusport\/","https:\/\/www.youtube.com\/channel\/UC7V2KZ5sd3htJivAbA4ZG3w"],"description":"Dicodusport est l'encyclop\u00e9die de l'actualit\u00e9 sportive.","email":"bonjour@dicodusport.fr","legalName":"DICODUSPORT","foundingDate":"2018-01-14","vatID":"FR71834470973","taxID":"83447097300043","numberOfEmployees":{"@type":"QuantitativeValue","minValue":"1","maxValue":"10"}},{"@type":"Person","@id":"https:\/\/dicodusport.fr\/blog\/#\/schema\/person\/6db4bae06b171592211be385b32876a7","name":"Emilien Descampiaux","image":{"@type":"ImageObject","inLanguage":"fr-FR","@id":"https:\/\/dicodusport.fr\/blog\/#\/schema\/person\/image\/","url":"https:\/\/dicodusport.fr\/blog\/wp-content\/uploads\/2021\/05\/Emilien-Descampiaux-150x150.jpg","contentUrl":"https:\/\/dicodusport.fr\/blog\/wp-content\/uploads\/2021\/05\/Emilien-Descampiaux-150x150.jpg","caption":"Emilien Descampiaux"},"description":"Journaliste\/r\u00e9dacteur depuis 2014 - Fan de la classe de Frank Vandenbroucke, je vis cyclisme (et de ses paysages) depuis plus de 20 ans. Je suis tr\u00e8s impliqu\u00e9 sur mes diff\u00e9rents r\u00e9seaux sociaux pour partager ma passion sur le monde et l'Histoire de la bicyclette avec ma voix sur les images en noir et blanc du succ\u00e8s de Rik Van Steenbergen lors du Ronde sur le V\u00e9lodrome de Gand.","sameAs":["https:\/\/www.facebook.com\/groups\/LesRoisDuPeloton","https:\/\/x.com\/https:\/\/twitter.com\/LRoisDuPeloton"],"url":"https:\/\/dicodusport.fr\/blog\/author\/emiliend\/"}]}},"_links":{"self":[{"href":"https:\/\/dicodusport.fr\/blog\/wp-json\/wp\/v2\/posts\/283039","targetHints":{"allow":["GET"]}}],"collection":[{"href":"https:\/\/dicodusport.fr\/blog\/wp-json\/wp\/v2\/posts"}],"about":[{"href":"https:\/\/dicodusport.fr\/blog\/wp-json\/wp\/v2\/types\/post"}],"author":[{"embeddable":true,"href":"https:\/\/dicodusport.fr\/blog\/wp-json\/wp\/v2\/users\/48"}],"replies":[{"embeddable":true,"href":"https:\/\/dicodusport.fr\/blog\/wp-json\/wp\/v2\/comments?post=283039"}],"version-history":[{"count":0,"href":"https:\/\/dicodusport.fr\/blog\/wp-json\/wp\/v2\/posts\/283039\/revisions"}],"wp:featuredmedia":[{"embeddable":true,"href":"https:\/\/dicodusport.fr\/blog\/wp-json\/wp\/v2\/media\/283140"}],"wp:attachment":[{"href":"https:\/\/dicodusport.fr\/blog\/wp-json\/wp\/v2\/media?parent=283039"}],"wp:term":[{"taxonomy":"category","embeddable":true,"href":"https:\/\/dicodusport.fr\/blog\/wp-json\/wp\/v2\/categories?post=283039"},{"taxonomy":"post_tag","embeddable":true,"href":"https:\/\/dicodusport.fr\/blog\/wp-json\/wp\/v2\/tags?post=283039"}],"curies":[{"name":"wp","href":"https:\/\/api.w.org\/{rel}","templated":true}]}}