{"id":283427,"date":"2022-11-28T16:13:57","date_gmt":"2022-11-28T15:13:57","guid":{"rendered":"https:\/\/dicodusport.fr\/blog\/?p=283427&#038;preview=true&#038;preview_id=283427"},"modified":"2022-11-28T16:22:04","modified_gmt":"2022-11-28T15:22:04","slug":"biathlon-kontiolahti-2022-startlist-individuel-hommes","status":"publish","type":"post","link":"https:\/\/dicodusport.fr\/blog\/biathlon-kontiolahti-2022-startlist-individuel-hommes\/","title":{"rendered":"Biathlon Kontiolahti 2022 &#8211; Startlist Individuel hommes"},"content":{"rendered":"<p style=\"text-align: justify;\" align=\"justify\"><em><a style=\"font-weight: bold;\" href=\"https:\/\/dicodusport.fr\/blog\/biathlon-coupe-du-monde-2022-2023-calendrier-complet\/\">COUPE DU MONDE DE BIATHLON 2022-2023<\/a><b> &#8211;\u00a0<\/b><strong>KONTIOLAHTI<\/strong><b> &#8211; <strong>D\u00e9couvrez la startlist de l&rsquo;individuel hommes de Kontiolahti (Findlande), dont le d\u00e9part est pr\u00e9vu le mardi 29 novembre \u00e0 13h15.<\/strong><\/b><br \/>\n<\/em><\/p>\n<h2 style=\"text-align: justify;\" align=\"justify\">La startlist de l&rsquo;individuel hommes de Kontiolahti<\/h2>\n<a href=\"https:\/\/dicodusport.fr\/blog\/wp-content\/uploads\/2022\/11\/Startlist-individuel-Hommes.pdf\" class=\"pdfemb-viewer\" style=\"\" data-width=\"max\" data-height=\"max\"  data-toolbar=\"both\" data-toolbar-fixed=\"on\">Startlist individuel Hommes<br\/><\/a>\n<h2 style=\"text-align: justify;\">\u00c0 lire aussi<\/h2>\n<ul>\n<li><a href=\"https:\/\/dicodusport.fr\/blog\/biathlon-kontiolahti-2022-programme-complet-et-resultats\/\" target=\"_blank\" rel=\"noopener\"><strong>Biathlon Kontiolahti 2022 \u2013 Programme complet et r\u00e9sultats<\/strong><\/a><\/li>\n<li style=\"text-align: justify;\"><a href=\"https:\/\/dicodusport.fr\/blog\/biathlon-kontiolahti-2022-la-selection-francaise\/\" target=\"_blank\" rel=\"noopener\"><strong>Biathlon Kontiolahti 2022 \u2013 La s\u00e9lection fran\u00e7aise<\/strong><\/a><\/li>\n<\/ul>\n","protected":false},"excerpt":{"rendered":"<p>COUPE DU MONDE DE BIATHLON 2022-2023 &#8211;\u00a0KONTIOLAHTI &#8211; D\u00e9couvrez la startlist de l&rsquo;individuel hommes de Kontiolahti (Findlande), dont le d\u00e9part est pr\u00e9vu le mardi 29 novembre \u00e0 13h15.<\/p>\n","protected":false},"author":1,"featured_media":278121,"comment_status":"open","ping_status":"closed","sticky":false,"template":"","format":"standard","meta":{"_acf_changed":false,"_daextam_enable_autolinks":"","footnotes":""},"categories":[47040],"tags":[2427,12759,12745,10148],"class_list":["post-283427","post","type-post","status-publish","format-standard","has-post-thumbnail","hentry","category-coupe-du-monde-de-biathlon","tag-biathlon","tag-biathlon-kontiolahti","tag-individuel-kontiolahti","tag-kontiolahti"],"acf":[],"yoast_head":"<!-- This site is optimized with the Yoast SEO Premium plugin v26.7 (Yoast SEO v26.7) - https:\/\/yoast.com\/wordpress\/plugins\/seo\/ -->\n<title>Biathlon Kontiolahti 2022 - Startlist Individuel hommes<\/title>\n<meta name=\"description\" content=\"D\u00e9couvrez la startlist de l&#039;individuel hommes de Kontiolahti (Findlande), dont le d\u00e9part est pr\u00e9vu le mardi 29 novembre \u00e0 13h15.\" \/>\n<meta name=\"robots\" content=\"index, follow, max-snippet:-1, max-image-preview:large, max-video-preview:-1\" \/>\n<link rel=\"canonical\" href=\"https:\/\/dicodusport.fr\/blog\/biathlon-kontiolahti-2022-startlist-individuel-hommes\/\" \/>\n<meta property=\"og:locale\" content=\"fr_FR\" \/>\n<meta property=\"og:type\" content=\"article\" \/>\n<meta property=\"og:title\" content=\"Biathlon Kontiolahti 2022 - Startlist Individuel hommes\" \/>\n<meta property=\"og:description\" content=\"D\u00e9couvrez la startlist de l&#039;individuel hommes de Kontiolahti (Findlande), dont le d\u00e9part est pr\u00e9vu le mardi 29 novembre \u00e0 13h15.\" \/>\n<meta property=\"og:url\" content=\"https:\/\/dicodusport.fr\/blog\/biathlon-kontiolahti-2022-startlist-individuel-hommes\/\" \/>\n<meta property=\"og:site_name\" content=\"Dicodusport\" \/>\n<meta property=\"article:publisher\" content=\"https:\/\/www.facebook.com\/dicodusport\" \/>\n<meta property=\"article:author\" content=\"https:\/\/www.facebook.com\/dicodusport\" \/>\n<meta property=\"article:published_time\" content=\"2022-11-28T15:13:57+00:00\" \/>\n<meta property=\"article:modified_time\" content=\"2022-11-28T15:22:04+00:00\" \/>\n<meta property=\"og:image\" content=\"https:\/\/dicodusport.fr\/blog\/wp-content\/uploads\/2022\/11\/Biathlon-Pre-saison-Idre-Fabien-Claude-simpose-dentree-de-jeu.png\" \/>\n\t<meta property=\"og:image:width\" content=\"800\" \/>\n\t<meta property=\"og:image:height\" content=\"445\" \/>\n\t<meta property=\"og:image:type\" content=\"image\/png\" \/>\n<meta name=\"author\" content=\"Nicolas Jacquemard\" \/>\n<meta name=\"twitter:card\" content=\"summary_large_image\" \/>\n<meta name=\"twitter:title\" content=\"Biathlon Kontiolahti 2022 - Startlist Individuel hommes\" \/>\n<meta name=\"twitter:creator\" content=\"@https:\/\/twitter.com\/Nico_Jacquemard\" \/>\n<meta name=\"twitter:site\" content=\"@dicodusport\" \/>\n<script type=\"application\/ld+json\" class=\"yoast-schema-graph\">{\"@context\":\"https:\/\/schema.org\",\"@graph\":[{\"@type\":\"NewsArticle\",\"@id\":\"https:\/\/dicodusport.fr\/blog\/biathlon-kontiolahti-2022-startlist-individuel-hommes\/#article\",\"isPartOf\":{\"@id\":\"https:\/\/dicodusport.fr\/blog\/biathlon-kontiolahti-2022-startlist-individuel-hommes\/\"},\"author\":{\"name\":\"Nicolas Jacquemard\",\"@id\":\"https:\/\/dicodusport.fr\/blog\/#\/schema\/person\/55dcb50ad410894e431ed812bbb70191\"},\"headline\":\"Biathlon Kontiolahti 2022 &#8211; Startlist Individuel hommes\",\"datePublished\":\"2022-11-28T15:13:57+00:00\",\"dateModified\":\"2022-11-28T15:22:04+00:00\",\"mainEntityOfPage\":{\"@id\":\"https:\/\/dicodusport.fr\/blog\/biathlon-kontiolahti-2022-startlist-individuel-hommes\/\"},\"wordCount\":75,\"commentCount\":0,\"publisher\":{\"@id\":\"https:\/\/dicodusport.fr\/blog\/#organization\"},\"image\":{\"@id\":\"https:\/\/dicodusport.fr\/blog\/biathlon-kontiolahti-2022-startlist-individuel-hommes\/#primaryimage\"},\"thumbnailUrl\":\"https:\/\/dicodusport.fr\/blog\/wp-content\/uploads\/2022\/11\/Biathlon-Pre-saison-Idre-Fabien-Claude-simpose-dentree-de-jeu.png\",\"keywords\":[\"Biathlon\",\"Biathlon Kontiolahti\",\"individuel Kontiolahti\",\"Kontiolahti\"],\"articleSection\":[\"Coupe du monde de biathlon\"],\"inLanguage\":\"fr-FR\",\"potentialAction\":[{\"@type\":\"CommentAction\",\"name\":\"Comment\",\"target\":[\"https:\/\/dicodusport.fr\/blog\/biathlon-kontiolahti-2022-startlist-individuel-hommes\/#respond\"]}],\"copyrightYear\":\"2022\",\"copyrightHolder\":{\"@id\":\"https:\/\/dicodusport.fr\/blog\/#organization\"}},{\"@type\":\"WebPage\",\"@id\":\"https:\/\/dicodusport.fr\/blog\/biathlon-kontiolahti-2022-startlist-individuel-hommes\/\",\"url\":\"https:\/\/dicodusport.fr\/blog\/biathlon-kontiolahti-2022-startlist-individuel-hommes\/\",\"name\":\"Biathlon Kontiolahti 2022 - Startlist Individuel hommes\",\"isPartOf\":{\"@id\":\"https:\/\/dicodusport.fr\/blog\/#website\"},\"primaryImageOfPage\":{\"@id\":\"https:\/\/dicodusport.fr\/blog\/biathlon-kontiolahti-2022-startlist-individuel-hommes\/#primaryimage\"},\"image\":{\"@id\":\"https:\/\/dicodusport.fr\/blog\/biathlon-kontiolahti-2022-startlist-individuel-hommes\/#primaryimage\"},\"thumbnailUrl\":\"https:\/\/dicodusport.fr\/blog\/wp-content\/uploads\/2022\/11\/Biathlon-Pre-saison-Idre-Fabien-Claude-simpose-dentree-de-jeu.png\",\"datePublished\":\"2022-11-28T15:13:57+00:00\",\"dateModified\":\"2022-11-28T15:22:04+00:00\",\"description\":\"D\u00e9couvrez la startlist de l'individuel hommes de Kontiolahti (Findlande), dont le d\u00e9part est pr\u00e9vu le mardi 29 novembre \u00e0 13h15.\",\"breadcrumb\":{\"@id\":\"https:\/\/dicodusport.fr\/blog\/biathlon-kontiolahti-2022-startlist-individuel-hommes\/#breadcrumb\"},\"inLanguage\":\"fr-FR\",\"potentialAction\":[{\"@type\":\"ReadAction\",\"target\":[\"https:\/\/dicodusport.fr\/blog\/biathlon-kontiolahti-2022-startlist-individuel-hommes\/\"]}]},{\"@type\":\"ImageObject\",\"inLanguage\":\"fr-FR\",\"@id\":\"https:\/\/dicodusport.fr\/blog\/biathlon-kontiolahti-2022-startlist-individuel-hommes\/#primaryimage\",\"url\":\"https:\/\/dicodusport.fr\/blog\/wp-content\/uploads\/2022\/11\/Biathlon-Pre-saison-Idre-Fabien-Claude-simpose-dentree-de-jeu.png\",\"contentUrl\":\"https:\/\/dicodusport.fr\/blog\/wp-content\/uploads\/2022\/11\/Biathlon-Pre-saison-Idre-Fabien-Claude-simpose-dentree-de-jeu.png\",\"width\":800,\"height\":445,\"caption\":\"Biathlon Pr\u00e9-saison Idre Fabien Claude s'impose d'entr\u00e9e de jeu\"},{\"@type\":\"BreadcrumbList\",\"@id\":\"https:\/\/dicodusport.fr\/blog\/biathlon-kontiolahti-2022-startlist-individuel-hommes\/#breadcrumb\",\"itemListElement\":[{\"@type\":\"ListItem\",\"position\":1,\"name\":\"Accueil\",\"item\":\"https:\/\/dicodusport.fr\/blog\/\"},{\"@type\":\"ListItem\",\"position\":2,\"name\":\"Biathlon Kontiolahti 2022 &#8211; Startlist Individuel hommes\"}]},{\"@type\":\"WebSite\",\"@id\":\"https:\/\/dicodusport.fr\/blog\/#website\",\"url\":\"https:\/\/dicodusport.fr\/blog\/\",\"name\":\"Dicodusport\",\"description\":\"L&#039;encyclop\u00e9die de l&#039;actualit\u00e9 sportive\",\"publisher\":{\"@id\":\"https:\/\/dicodusport.fr\/blog\/#organization\"},\"potentialAction\":[{\"@type\":\"SearchAction\",\"target\":{\"@type\":\"EntryPoint\",\"urlTemplate\":\"https:\/\/dicodusport.fr\/blog\/?s={search_term_string}\"},\"query-input\":{\"@type\":\"PropertyValueSpecification\",\"valueRequired\":true,\"valueName\":\"search_term_string\"}}],\"inLanguage\":\"fr-FR\"},{\"@type\":\"NewsMediaOrganization\",\"@id\":\"https:\/\/dicodusport.fr\/blog\/#organization\",\"name\":\"Dicodusport\",\"url\":\"https:\/\/dicodusport.fr\/blog\/\",\"logo\":{\"@type\":\"ImageObject\",\"inLanguage\":\"fr-FR\",\"@id\":\"https:\/\/dicodusport.fr\/blog\/#\/schema\/logo\/image\/\",\"url\":\"https:\/\/dicodusport.fr\/blog\/wp-content\/uploads\/2020\/06\/cropped-LOGO-DICODUSPORT-2020-SANS-FOND-SANS-TEXTE.png\",\"contentUrl\":\"https:\/\/dicodusport.fr\/blog\/wp-content\/uploads\/2020\/06\/cropped-LOGO-DICODUSPORT-2020-SANS-FOND-SANS-TEXTE.png\",\"width\":512,\"height\":512,\"caption\":\"Dicodusport\"},\"image\":{\"@id\":\"https:\/\/dicodusport.fr\/blog\/#\/schema\/logo\/image\/\"},\"sameAs\":[\"https:\/\/www.facebook.com\/dicodusport\",\"https:\/\/x.com\/dicodusport\",\"https:\/\/www.instagram.com\/dicodusport\/\",\"https:\/\/www.youtube.com\/channel\/UC7V2KZ5sd3htJivAbA4ZG3w\"],\"description\":\"Dicodusport est l'encyclop\u00e9die de l'actualit\u00e9 sportive.\",\"email\":\"bonjour@dicodusport.fr\",\"legalName\":\"DICODUSPORT\",\"foundingDate\":\"2018-01-14\",\"vatID\":\"FR71834470973\",\"taxID\":\"83447097300043\",\"numberOfEmployees\":{\"@type\":\"QuantitativeValue\",\"minValue\":\"1\",\"maxValue\":\"10\"}},{\"@type\":\"Person\",\"@id\":\"https:\/\/dicodusport.fr\/blog\/#\/schema\/person\/55dcb50ad410894e431ed812bbb70191\",\"name\":\"Nicolas Jacquemard\",\"image\":{\"@type\":\"ImageObject\",\"inLanguage\":\"fr-FR\",\"@id\":\"https:\/\/dicodusport.fr\/blog\/#\/schema\/person\/image\/\",\"url\":\"https:\/\/dicodusport.fr\/blog\/wp-content\/uploads\/2021\/05\/Nicolas-Jacquemard-150x150.jpeg\",\"contentUrl\":\"https:\/\/dicodusport.fr\/blog\/wp-content\/uploads\/2021\/05\/Nicolas-Jacquemard-150x150.jpeg\",\"caption\":\"Nicolas Jacquemard\"},\"description\":\"Passionn\u00e9 de sport et entrepreneur depuis mes 18 ans, la cr\u00e9ation de Dicodusport m'a sembl\u00e9 \u00e9vidente pour participer \u00e0 la m\u00e9diatisation d'un plus grand nombre de sports. Le chemin est long mais avec une \u00e9quipe des plus motiv\u00e9es et les Jeux Olympiques de Paris 2024 en point de mire, nous y arriverons ! Journaliste dans le monde du sport depuis plus de 5 ans, je traite aussi bien de football, de rugby, de biathlon que de cyclisme.\",\"sameAs\":[\"https:\/\/www.facebook.com\/dicodusport\",\"https:\/\/x.com\/https:\/\/twitter.com\/Nico_Jacquemard\"],\"url\":\"https:\/\/dicodusport.fr\/blog\/author\/dicodusport\/\"}]}<\/script>\n<!-- \/ Yoast SEO Premium plugin. -->","yoast_head_json":{"title":"Biathlon Kontiolahti 2022 - Startlist Individuel hommes","description":"D\u00e9couvrez la startlist de l'individuel hommes de Kontiolahti (Findlande), dont le d\u00e9part est pr\u00e9vu le mardi 29 novembre \u00e0 13h15.","robots":{"index":"index","follow":"follow","max-snippet":"max-snippet:-1","max-image-preview":"max-image-preview:large","max-video-preview":"max-video-preview:-1"},"canonical":"https:\/\/dicodusport.fr\/blog\/biathlon-kontiolahti-2022-startlist-individuel-hommes\/","og_locale":"fr_FR","og_type":"article","og_title":"Biathlon Kontiolahti 2022 - Startlist Individuel hommes","og_description":"D\u00e9couvrez la startlist de l'individuel hommes de Kontiolahti (Findlande), dont le d\u00e9part est pr\u00e9vu le mardi 29 novembre \u00e0 13h15.","og_url":"https:\/\/dicodusport.fr\/blog\/biathlon-kontiolahti-2022-startlist-individuel-hommes\/","og_site_name":"Dicodusport","article_publisher":"https:\/\/www.facebook.com\/dicodusport","article_author":"https:\/\/www.facebook.com\/dicodusport","article_published_time":"2022-11-28T15:13:57+00:00","article_modified_time":"2022-11-28T15:22:04+00:00","og_image":[{"width":800,"height":445,"url":"https:\/\/dicodusport.fr\/blog\/wp-content\/uploads\/2022\/11\/Biathlon-Pre-saison-Idre-Fabien-Claude-simpose-dentree-de-jeu.png","type":"image\/png"}],"author":"Nicolas Jacquemard","twitter_card":"summary_large_image","twitter_title":"Biathlon Kontiolahti 2022 - Startlist Individuel hommes","twitter_creator":"@https:\/\/twitter.com\/Nico_Jacquemard","twitter_site":"@dicodusport","schema":{"@context":"https:\/\/schema.org","@graph":[{"@type":"NewsArticle","@id":"https:\/\/dicodusport.fr\/blog\/biathlon-kontiolahti-2022-startlist-individuel-hommes\/#article","isPartOf":{"@id":"https:\/\/dicodusport.fr\/blog\/biathlon-kontiolahti-2022-startlist-individuel-hommes\/"},"author":{"name":"Nicolas Jacquemard","@id":"https:\/\/dicodusport.fr\/blog\/#\/schema\/person\/55dcb50ad410894e431ed812bbb70191"},"headline":"Biathlon Kontiolahti 2022 &#8211; Startlist Individuel hommes","datePublished":"2022-11-28T15:13:57+00:00","dateModified":"2022-11-28T15:22:04+00:00","mainEntityOfPage":{"@id":"https:\/\/dicodusport.fr\/blog\/biathlon-kontiolahti-2022-startlist-individuel-hommes\/"},"wordCount":75,"commentCount":0,"publisher":{"@id":"https:\/\/dicodusport.fr\/blog\/#organization"},"image":{"@id":"https:\/\/dicodusport.fr\/blog\/biathlon-kontiolahti-2022-startlist-individuel-hommes\/#primaryimage"},"thumbnailUrl":"https:\/\/dicodusport.fr\/blog\/wp-content\/uploads\/2022\/11\/Biathlon-Pre-saison-Idre-Fabien-Claude-simpose-dentree-de-jeu.png","keywords":["Biathlon","Biathlon Kontiolahti","individuel Kontiolahti","Kontiolahti"],"articleSection":["Coupe du monde de biathlon"],"inLanguage":"fr-FR","potentialAction":[{"@type":"CommentAction","name":"Comment","target":["https:\/\/dicodusport.fr\/blog\/biathlon-kontiolahti-2022-startlist-individuel-hommes\/#respond"]}],"copyrightYear":"2022","copyrightHolder":{"@id":"https:\/\/dicodusport.fr\/blog\/#organization"}},{"@type":"WebPage","@id":"https:\/\/dicodusport.fr\/blog\/biathlon-kontiolahti-2022-startlist-individuel-hommes\/","url":"https:\/\/dicodusport.fr\/blog\/biathlon-kontiolahti-2022-startlist-individuel-hommes\/","name":"Biathlon Kontiolahti 2022 - Startlist Individuel hommes","isPartOf":{"@id":"https:\/\/dicodusport.fr\/blog\/#website"},"primaryImageOfPage":{"@id":"https:\/\/dicodusport.fr\/blog\/biathlon-kontiolahti-2022-startlist-individuel-hommes\/#primaryimage"},"image":{"@id":"https:\/\/dicodusport.fr\/blog\/biathlon-kontiolahti-2022-startlist-individuel-hommes\/#primaryimage"},"thumbnailUrl":"https:\/\/dicodusport.fr\/blog\/wp-content\/uploads\/2022\/11\/Biathlon-Pre-saison-Idre-Fabien-Claude-simpose-dentree-de-jeu.png","datePublished":"2022-11-28T15:13:57+00:00","dateModified":"2022-11-28T15:22:04+00:00","description":"D\u00e9couvrez la startlist de l'individuel hommes de Kontiolahti (Findlande), dont le d\u00e9part est pr\u00e9vu le mardi 29 novembre \u00e0 13h15.","breadcrumb":{"@id":"https:\/\/dicodusport.fr\/blog\/biathlon-kontiolahti-2022-startlist-individuel-hommes\/#breadcrumb"},"inLanguage":"fr-FR","potentialAction":[{"@type":"ReadAction","target":["https:\/\/dicodusport.fr\/blog\/biathlon-kontiolahti-2022-startlist-individuel-hommes\/"]}]},{"@type":"ImageObject","inLanguage":"fr-FR","@id":"https:\/\/dicodusport.fr\/blog\/biathlon-kontiolahti-2022-startlist-individuel-hommes\/#primaryimage","url":"https:\/\/dicodusport.fr\/blog\/wp-content\/uploads\/2022\/11\/Biathlon-Pre-saison-Idre-Fabien-Claude-simpose-dentree-de-jeu.png","contentUrl":"https:\/\/dicodusport.fr\/blog\/wp-content\/uploads\/2022\/11\/Biathlon-Pre-saison-Idre-Fabien-Claude-simpose-dentree-de-jeu.png","width":800,"height":445,"caption":"Biathlon Pr\u00e9-saison Idre Fabien Claude s'impose d'entr\u00e9e de jeu"},{"@type":"BreadcrumbList","@id":"https:\/\/dicodusport.fr\/blog\/biathlon-kontiolahti-2022-startlist-individuel-hommes\/#breadcrumb","itemListElement":[{"@type":"ListItem","position":1,"name":"Accueil","item":"https:\/\/dicodusport.fr\/blog\/"},{"@type":"ListItem","position":2,"name":"Biathlon Kontiolahti 2022 &#8211; Startlist Individuel hommes"}]},{"@type":"WebSite","@id":"https:\/\/dicodusport.fr\/blog\/#website","url":"https:\/\/dicodusport.fr\/blog\/","name":"Dicodusport","description":"L&#039;encyclop\u00e9die de l&#039;actualit\u00e9 sportive","publisher":{"@id":"https:\/\/dicodusport.fr\/blog\/#organization"},"potentialAction":[{"@type":"SearchAction","target":{"@type":"EntryPoint","urlTemplate":"https:\/\/dicodusport.fr\/blog\/?s={search_term_string}"},"query-input":{"@type":"PropertyValueSpecification","valueRequired":true,"valueName":"search_term_string"}}],"inLanguage":"fr-FR"},{"@type":"NewsMediaOrganization","@id":"https:\/\/dicodusport.fr\/blog\/#organization","name":"Dicodusport","url":"https:\/\/dicodusport.fr\/blog\/","logo":{"@type":"ImageObject","inLanguage":"fr-FR","@id":"https:\/\/dicodusport.fr\/blog\/#\/schema\/logo\/image\/","url":"https:\/\/dicodusport.fr\/blog\/wp-content\/uploads\/2020\/06\/cropped-LOGO-DICODUSPORT-2020-SANS-FOND-SANS-TEXTE.png","contentUrl":"https:\/\/dicodusport.fr\/blog\/wp-content\/uploads\/2020\/06\/cropped-LOGO-DICODUSPORT-2020-SANS-FOND-SANS-TEXTE.png","width":512,"height":512,"caption":"Dicodusport"},"image":{"@id":"https:\/\/dicodusport.fr\/blog\/#\/schema\/logo\/image\/"},"sameAs":["https:\/\/www.facebook.com\/dicodusport","https:\/\/x.com\/dicodusport","https:\/\/www.instagram.com\/dicodusport\/","https:\/\/www.youtube.com\/channel\/UC7V2KZ5sd3htJivAbA4ZG3w"],"description":"Dicodusport est l'encyclop\u00e9die de l'actualit\u00e9 sportive.","email":"bonjour@dicodusport.fr","legalName":"DICODUSPORT","foundingDate":"2018-01-14","vatID":"FR71834470973","taxID":"83447097300043","numberOfEmployees":{"@type":"QuantitativeValue","minValue":"1","maxValue":"10"}},{"@type":"Person","@id":"https:\/\/dicodusport.fr\/blog\/#\/schema\/person\/55dcb50ad410894e431ed812bbb70191","name":"Nicolas Jacquemard","image":{"@type":"ImageObject","inLanguage":"fr-FR","@id":"https:\/\/dicodusport.fr\/blog\/#\/schema\/person\/image\/","url":"https:\/\/dicodusport.fr\/blog\/wp-content\/uploads\/2021\/05\/Nicolas-Jacquemard-150x150.jpeg","contentUrl":"https:\/\/dicodusport.fr\/blog\/wp-content\/uploads\/2021\/05\/Nicolas-Jacquemard-150x150.jpeg","caption":"Nicolas Jacquemard"},"description":"Passionn\u00e9 de sport et entrepreneur depuis mes 18 ans, la cr\u00e9ation de Dicodusport m'a sembl\u00e9 \u00e9vidente pour participer \u00e0 la m\u00e9diatisation d'un plus grand nombre de sports. Le chemin est long mais avec une \u00e9quipe des plus motiv\u00e9es et les Jeux Olympiques de Paris 2024 en point de mire, nous y arriverons ! Journaliste dans le monde du sport depuis plus de 5 ans, je traite aussi bien de football, de rugby, de biathlon que de cyclisme.","sameAs":["https:\/\/www.facebook.com\/dicodusport","https:\/\/x.com\/https:\/\/twitter.com\/Nico_Jacquemard"],"url":"https:\/\/dicodusport.fr\/blog\/author\/dicodusport\/"}]}},"_links":{"self":[{"href":"https:\/\/dicodusport.fr\/blog\/wp-json\/wp\/v2\/posts\/283427","targetHints":{"allow":["GET"]}}],"collection":[{"href":"https:\/\/dicodusport.fr\/blog\/wp-json\/wp\/v2\/posts"}],"about":[{"href":"https:\/\/dicodusport.fr\/blog\/wp-json\/wp\/v2\/types\/post"}],"author":[{"embeddable":true,"href":"https:\/\/dicodusport.fr\/blog\/wp-json\/wp\/v2\/users\/1"}],"replies":[{"embeddable":true,"href":"https:\/\/dicodusport.fr\/blog\/wp-json\/wp\/v2\/comments?post=283427"}],"version-history":[{"count":0,"href":"https:\/\/dicodusport.fr\/blog\/wp-json\/wp\/v2\/posts\/283427\/revisions"}],"wp:featuredmedia":[{"embeddable":true,"href":"https:\/\/dicodusport.fr\/blog\/wp-json\/wp\/v2\/media\/278121"}],"wp:attachment":[{"href":"https:\/\/dicodusport.fr\/blog\/wp-json\/wp\/v2\/media?parent=283427"}],"wp:term":[{"taxonomy":"category","embeddable":true,"href":"https:\/\/dicodusport.fr\/blog\/wp-json\/wp\/v2\/categories?post=283427"},{"taxonomy":"post_tag","embeddable":true,"href":"https:\/\/dicodusport.fr\/blog\/wp-json\/wp\/v2\/tags?post=283427"}],"curies":[{"name":"wp","href":"https:\/\/api.w.org\/{rel}","templated":true}]}}