{"id":28375,"date":"2018-10-31T10:37:41","date_gmt":"2018-10-31T09:37:41","guid":{"rendered":"http:\/\/dicodusport.fr\/blog\/?p=28375"},"modified":"2018-10-31T10:37:41","modified_gmt":"2018-10-31T09:37:41","slug":"sylvain-andre-etre-champion-du-monde-cela-marque-une-carriere","status":"publish","type":"post","link":"https:\/\/dicodusport.fr\/blog\/sylvain-andre-etre-champion-du-monde-cela-marque-une-carriere\/","title":{"rendered":"Sylvain Andr\u00e9 : \u00ab\u00a0\u00catre champion du monde, cela marque une carri\u00e8re\u00a0\u00bb"},"content":{"rendered":"<p style=\"text-align: justify;\"><em><strong>Nous avons rencontr\u00e9 Sylvain Andr\u00e9, champion du monde de BMX en 2018, qui nous parle de ses d\u00e9buts, de son quotidien et de ses deux derni\u00e8res saisons r\u00e9ussies.\u00a0<\/strong><\/em><\/p>\n<h2 style=\"text-align: justify;\">Sylvain, peux-tu te pr\u00e9senter en quelques mots ?<\/h2>\n<p style=\"text-align: justify;\">J\u2019ai 26 ans, je suis originaire de Cavaillon o\u00f9 je vis actuellement. J\u2019ai commenc\u00e9 le v\u00e9lo il y a 20 ans, j&rsquo;ai pass\u00e9 4 ou 5 ans\u00a0au p\u00f4le France Elite d\u2019Aix en Provence.<\/p>\n<h2 style=\"text-align: justify;\">Comment est n\u00e9e ta passion pour le BMX ?<\/h2>\n<p style=\"text-align: justify;\">C\u2019est un peu par hasard, c\u2019est un coll\u00e8gue de mon p\u00e8re qui en faisait et qui m\u2019a propos\u00e9 d\u2019essayer. Depuis, je ne fais plus que \u00e7a et je n\u2019ai jamais eu envie de faire autre chose car je me suis toujours amus\u00e9 dans cette discipline.<\/p>\n<h2 style=\"text-align: justify;\">Comment se d\u00e9roule une semaine type d\u2019entra\u00eenement pour un champion de BMX ?<\/h2>\n<p style=\"text-align: justify;\">Je m\u2019entra\u00eene du lundi au vendredi, avec parfois le samedi matin en plus, dont trois fois dans la semaine o\u00f9 je fais une double s\u00e9ance, matin et apr\u00e8s-midi. Cela fait 8 \u00e0 10 cr\u00e9neaux d\u2019entra\u00eenement hebdomadaires, je vais aussi 2 \u00e0 3 fois par semaine \u00e0 la salle de musculation, 2 \u00e0 3 fois sur la piste de BMX et le reste du temps, c\u2019est du travail sur le v\u00e9lo mais pas sur la piste : des sprints \u00e0 plat, en mont\u00e9e, en descente, avec un parachute. L&rsquo;hiver, on fait un peu de VTT et de v\u00e9lo sur route pour travailler notre condition physique g\u00e9n\u00e9rale et avoir un \u00ab\u00a0moteur\u00a0\u00bb, car il faut encha\u00eener les courses sur les comp\u00e9titions.<\/p>\n<h2 style=\"text-align: justify;\">Champion du monde cette ann\u00e9e, qu&rsquo;est-ce que cela repr\u00e9sente pour toi ? Quelles \u00e9taient les \u00e9motions en franchissant la ligne ?<\/h2>\n<p style=\"text-align: justify;\">C&rsquo;est vraiment cool, c&rsquo;est un titre de champion du monde avec tout ce que cela repr\u00e9sente : \u00eatre champion du monde, cela marque une carri\u00e8re. Au niveau du cyclisme, cela parle car on a tous le m\u00eame maillot blanc arc en ciel et cela parle \u00e0 tout le monde. C&rsquo;est une course d&rsquo;un jour, la finale, si on la fait 10 fois, je la gagne peut-\u00eatre qu&rsquo;une fois mais j&rsquo;\u00e9tais devant ce jour-l\u00e0.<\/p>\n<p style=\"text-align: justify;\">Au moment de franchir la ligne, c&rsquo;est un peu sp\u00e9cial car je ne sais pas si j&rsquo;ai gagn\u00e9. Je reviens de derri\u00e8re au dernier moment, on a \u00e9t\u00e9 d\u00e9partag\u00e9s \u00e0 la photo finish. Il y a eu plus de 30 secondes qui se sont \u00e9coul\u00e9es apr\u00e8s la course avant que je sache si je m&rsquo;\u00e9tais impos\u00e9 ou pas. Apr\u00e8s, une fois que j&rsquo;ai su, c&rsquo;est beaucoup de joie car cela repr\u00e9sente tellement de choses d&rsquo;\u00eatre champion du monde. C&rsquo;est une r\u00e9compense pour moi, mais aussi pour toutes les personnes qui m&rsquo;aident au quotidien et qui bossent avec moi.<\/p>\n<h2 style=\"text-align: justify;\">Tu as gagn\u00e9 la Coupe du monde en 2017, et donc le championnat du monde en 2018. O\u00f9 places-tu ces deux succ\u00e8s l&rsquo;un par rapport \u00e0 l&rsquo;autre ?<\/h2>\n<p style=\"text-align: justify;\">Sportivement, remporter le g\u00e9n\u00e9ral de la Coupe du monde en gagnant au moins une manche, \u00e7a a pour moi au moins autant de valeur que le titre de champion du monde. Gagner le g\u00e9n\u00e9ral, il faut \u00eatre r\u00e9gulier sur une saison et sur des pistes diff\u00e9rentes, cela refl\u00e8te peut-\u00eatre plus la valeur sportive d&rsquo;un athl\u00e8te. Au fond de moi, je crois que je pr\u00e9f\u00e8re avoir gagn\u00e9 la Coupe du monde, mais c&rsquo;est vrai que cela ne parle pas autant qu&rsquo;un titre de champion du monde. Ce qui est s\u00fbr, c&rsquo;est que ce sont deux choses diff\u00e9rentes, et c&rsquo;est dur de choisir entre les deux.<\/p>\n<h2 style=\"text-align: justify;\">2019 arrive, quels seront tes objectifs ?<\/h2>\n<p style=\"text-align: justify;\">\u00c7a va \u00eatre un peu le m\u00eame calendrier que la saison que je viens d&rsquo;achever. Le but est de continuer \u00e0 marcher aussi fort en Coupe du monde pour qualifier un maximum de Fran\u00e7ais aux Jeux Olympiques. Si on est bons, on sera 3 au d\u00e9part des JO 2020. Il y a aussi un classement interne entre Fran\u00e7ais qui va \u00eatre mis en place pour savoir qui ira aux Jeux. Donc en faisant des bonnes performances, en plus de qualifier un maximum de Fran\u00e7ais, j&rsquo;augmente mes chances d&rsquo;y participer. Il faut que je continue sur la lanc\u00e9e de mes deux derni\u00e8res ann\u00e9es pour faire des podiums et gagner des courses.<\/p>\n<p><img loading=\"lazy\" decoding=\"async\" class=\"size-large wp-image-28441 aligncenter\" src=\"http:\/\/dicodusport.fr\/blog\/wp-content\/uploads\/2018\/10\/Sylvain-Andre\u0301-2-1024x683.jpg\" alt=\"\" width=\"660\" height=\"440\" \/><\/p>\n<h2 style=\"text-align: justify;\">Tokyo 2020, c&rsquo;est donc d\u00e9j\u00e0 bien pr\u00e9sent dans ta t\u00eate ?<\/h2>\n<p style=\"text-align: justify;\">Oui, m\u00eame si les qualifications finales se dessinent en 2020, il y a cette nouveaut\u00e9, ce classement entre nous qui fait que Tokyo sera d\u00e9j\u00e0 l\u00e0. Ce classement va comptabiliser les finales de chaque Fran\u00e7ais sur les Coupes du monde et championnats du monde \u00e0 partir de 2019 et permettra de faire une premi\u00e8re s\u00e9lection avant Tokyo. Apr\u00e8s, de toute fa\u00e7on, d\u00e8s qu&rsquo;on sort d&rsquo;une Olympiade, on a d\u00e9j\u00e0 la suivante en ligne de mire.<\/p>\n<h2 style=\"text-align: justify;\">Paris 2024, c&rsquo;est encore tr\u00e8s loin mais est-ce qu&rsquo;aujourd&rsquo;hui, tu te dis que tu aimerais y \u00eatre ?<\/h2>\n<p style=\"text-align: justify;\">Oui c&rsquo;est tr\u00e8s loin, c&rsquo;est dans 6 ans, autant de temps que je suis \u00e0 ce niveau. J&rsquo;aurai 32 ans donc on verra, il y a plein de choses qui peuvent se passer d&rsquo;ici l\u00e0. Il y a aussi l&rsquo;aspect niveau de vie \u00e0 prendre en compte car avec le BMX, je ne roule pas sur l&rsquo;or. Apr\u00e8s, comme c&rsquo;est en France, il y a peut-\u00eatre plus de partenaires priv\u00e9s qui vont s&rsquo;engager avec les athl\u00e8tes. Cela fait donc beaucoup de param\u00e8tres. La motivation, elle sera l\u00e0, donc si le reste est ok, pourquoi\u00a0pas car\u00a0faire des Jeux Olympiques \u00e0 la maison, cela doit \u00eatre quelque chose de sympa.<\/p>\n<h2 style=\"text-align: justify;\">Le BMX est un sport o\u00f9 il y a du contact mais aussi des chutes. Est-ce que tu as encore de l&rsquo;appr\u00e9hension avant les courses ?<\/h2>\n<p style=\"text-align: justify;\">Non je n&rsquo;ai plus d&rsquo;appr\u00e9hension, c&rsquo;est un sport de confrontation et si tu commences \u00e0 penser \u00e0 tout cela ou \u00e0 avoir peur, c&rsquo;est d\u00e9j\u00e0 fini. M\u00eame si on a forcement ce param\u00e8tre dans un coin de la t\u00eate, on ne peut pas se permettre d&rsquo;y penser car en plus, cela augmenterait nos chances de tomber ou de se faire mal. Et m\u00eame quand on voit un crash dans le run juste avant le n\u00f4tre, il ne faut pas que cela change quoi que ce soit.<\/p>\n<p style=\"text-align: justify;\"><em><strong>Nicolas Jacquemard<\/strong><br \/>\n<\/em><a style=\"color: #000000;\" href=\"https:\/\/twitter.com\/Nico_Jacquemard\" target=\"_blank\" rel=\"noopener noreferrer\"><img loading=\"lazy\" decoding=\"async\" class=\"alignnone wp-image-2908\" src=\"http:\/\/dicodusport.fr\/blog\/wp-content\/uploads\/2017\/07\/logo-twitter-150x150.png\" alt=\"\" width=\"39\" height=\"39\" \/><\/a><a style=\"color: #000000;\" href=\"https:\/\/www.facebook.com\/dicodusport\/\" target=\"_blank\" rel=\"noopener noreferrer\"><img loading=\"lazy\" decoding=\"async\" class=\"alignnone wp-image-2909\" src=\"http:\/\/dicodusport.fr\/blog\/wp-content\/uploads\/2017\/07\/logo-facebook-150x150.png\" alt=\"\" width=\"40\" height=\"40\" \/><\/a><\/p>\n<p><strong><em>Cr\u00e9dit photos :\u00a0Craig Dutton, Fabmx1, Kirby Cronk et BMX mania <\/em><\/strong><\/p>\n","protected":false},"excerpt":{"rendered":"<p>Nous avons rencontr\u00e9 Sylvain Andr\u00e9, champion du monde de BMX en 2018, qui nous parle de ses d\u00e9buts, de son quotidien et de ses deux derni\u00e8res saison r\u00e9ussies.\u00a0<\/p>\n","protected":false},"author":1,"featured_media":28442,"comment_status":"open","ping_status":"closed","sticky":false,"template":"","format":"standard","meta":{"_acf_changed":false,"_daextam_enable_autolinks":"","footnotes":""},"categories":[2,2307,4],"tags":[1119,574,6267,579],"class_list":["post-28375","post","type-post","status-publish","format-standard","has-post-thumbnail","hentry","category-actualites","category-cyclisme","category-portraits","tag-bmx","tag-cyclisme","tag-sylvain-andre","tag-velo"],"acf":[],"yoast_head":"<!-- This site is optimized with the Yoast SEO Premium plugin v26.7 (Yoast SEO v26.7) - https:\/\/yoast.com\/wordpress\/plugins\/seo\/ -->\n<title>Sylvain Andr\u00e9 : &quot;\u00catre champion du monde, cela marque une carri\u00e8re&quot;<\/title>\n<meta name=\"description\" content=\"Nous avons rencontr\u00e9 Sylvain Andr\u00e9, champion du monde de BMX en 2018, qui nous parle de ses d\u00e9buts, de son quotidien et de ses deux derni\u00e8res saison r\u00e9ussies.\u00a0\" \/>\n<meta name=\"robots\" content=\"index, follow, max-snippet:-1, max-image-preview:large, max-video-preview:-1\" \/>\n<link rel=\"canonical\" href=\"https:\/\/dicodusport.fr\/blog\/sylvain-andre-etre-champion-du-monde-cela-marque-une-carriere\/\" \/>\n<meta property=\"og:locale\" content=\"fr_FR\" \/>\n<meta property=\"og:type\" content=\"article\" \/>\n<meta property=\"og:title\" content=\"Sylvain Andr\u00e9 : &quot;\u00catre champion du monde, cela marque une carri\u00e8re&quot;\" \/>\n<meta property=\"og:description\" content=\"Nous avons rencontr\u00e9 Sylvain Andr\u00e9, champion du monde de BMX en 2018, qui nous parle de ses d\u00e9buts, de son quotidien et de ses deux derni\u00e8res saison r\u00e9ussies.\u00a0\" \/>\n<meta property=\"og:url\" content=\"https:\/\/dicodusport.fr\/blog\/sylvain-andre-etre-champion-du-monde-cela-marque-une-carriere\/\" \/>\n<meta property=\"og:site_name\" content=\"Dicodusport\" \/>\n<meta property=\"article:publisher\" content=\"https:\/\/www.facebook.com\/dicodusport\" \/>\n<meta property=\"article:author\" content=\"https:\/\/www.facebook.com\/dicodusport\" \/>\n<meta property=\"article:published_time\" content=\"2018-10-31T09:37:41+00:00\" \/>\n<meta property=\"og:image\" content=\"https:\/\/dicodusport.fr\/blog\/wp-content\/uploads\/2018\/10\/Sylvain-Andre\u0301.png\" \/>\n\t<meta property=\"og:image:width\" content=\"1200\" \/>\n\t<meta property=\"og:image:height\" content=\"670\" \/>\n\t<meta property=\"og:image:type\" content=\"image\/png\" \/>\n<meta name=\"author\" content=\"Nicolas Jacquemard\" \/>\n<meta name=\"twitter:card\" content=\"summary_large_image\" \/>\n<meta name=\"twitter:creator\" content=\"@https:\/\/twitter.com\/Nico_Jacquemard\" \/>\n<meta name=\"twitter:site\" content=\"@dicodusport\" \/>\n<script type=\"application\/ld+json\" class=\"yoast-schema-graph\">{\"@context\":\"https:\/\/schema.org\",\"@graph\":[{\"@type\":\"NewsArticle\",\"@id\":\"https:\/\/dicodusport.fr\/blog\/sylvain-andre-etre-champion-du-monde-cela-marque-une-carriere\/#article\",\"isPartOf\":{\"@id\":\"https:\/\/dicodusport.fr\/blog\/sylvain-andre-etre-champion-du-monde-cela-marque-une-carriere\/\"},\"author\":{\"name\":\"Nicolas Jacquemard\",\"@id\":\"https:\/\/dicodusport.fr\/blog\/#\/schema\/person\/55dcb50ad410894e431ed812bbb70191\"},\"headline\":\"Sylvain Andr\u00e9 : \u00ab\u00a0\u00catre champion du monde, cela marque une carri\u00e8re\u00a0\u00bb\",\"datePublished\":\"2018-10-31T09:37:41+00:00\",\"mainEntityOfPage\":{\"@id\":\"https:\/\/dicodusport.fr\/blog\/sylvain-andre-etre-champion-du-monde-cela-marque-une-carriere\/\"},\"wordCount\":1140,\"commentCount\":0,\"publisher\":{\"@id\":\"https:\/\/dicodusport.fr\/blog\/#organization\"},\"image\":{\"@id\":\"https:\/\/dicodusport.fr\/blog\/sylvain-andre-etre-champion-du-monde-cela-marque-une-carriere\/#primaryimage\"},\"thumbnailUrl\":\"https:\/\/dicodusport.fr\/blog\/wp-content\/uploads\/2018\/10\/Sylvain-Andre\u0301.png\",\"keywords\":[\"BMX\",\"Cyclisme\",\"Sylvain Andr\u00e9\",\"v\u00e9lo\"],\"articleSection\":[\"Actualit\u00e9s\",\"Cyclisme\",\"Portraits\"],\"inLanguage\":\"fr-FR\",\"potentialAction\":[{\"@type\":\"CommentAction\",\"name\":\"Comment\",\"target\":[\"https:\/\/dicodusport.fr\/blog\/sylvain-andre-etre-champion-du-monde-cela-marque-une-carriere\/#respond\"]}],\"copyrightYear\":\"2018\",\"copyrightHolder\":{\"@id\":\"https:\/\/dicodusport.fr\/blog\/#organization\"}},{\"@type\":\"WebPage\",\"@id\":\"https:\/\/dicodusport.fr\/blog\/sylvain-andre-etre-champion-du-monde-cela-marque-une-carriere\/\",\"url\":\"https:\/\/dicodusport.fr\/blog\/sylvain-andre-etre-champion-du-monde-cela-marque-une-carriere\/\",\"name\":\"Sylvain Andr\u00e9 : \\\"\u00catre champion du monde, cela marque une carri\u00e8re\\\"\",\"isPartOf\":{\"@id\":\"https:\/\/dicodusport.fr\/blog\/#website\"},\"primaryImageOfPage\":{\"@id\":\"https:\/\/dicodusport.fr\/blog\/sylvain-andre-etre-champion-du-monde-cela-marque-une-carriere\/#primaryimage\"},\"image\":{\"@id\":\"https:\/\/dicodusport.fr\/blog\/sylvain-andre-etre-champion-du-monde-cela-marque-une-carriere\/#primaryimage\"},\"thumbnailUrl\":\"https:\/\/dicodusport.fr\/blog\/wp-content\/uploads\/2018\/10\/Sylvain-Andre\u0301.png\",\"datePublished\":\"2018-10-31T09:37:41+00:00\",\"description\":\"Nous avons rencontr\u00e9 Sylvain Andr\u00e9, champion du monde de BMX en 2018, qui nous parle de ses d\u00e9buts, de son quotidien et de ses deux derni\u00e8res saison r\u00e9ussies.\u00a0\",\"breadcrumb\":{\"@id\":\"https:\/\/dicodusport.fr\/blog\/sylvain-andre-etre-champion-du-monde-cela-marque-une-carriere\/#breadcrumb\"},\"inLanguage\":\"fr-FR\",\"potentialAction\":[{\"@type\":\"ReadAction\",\"target\":[\"https:\/\/dicodusport.fr\/blog\/sylvain-andre-etre-champion-du-monde-cela-marque-une-carriere\/\"]}]},{\"@type\":\"ImageObject\",\"inLanguage\":\"fr-FR\",\"@id\":\"https:\/\/dicodusport.fr\/blog\/sylvain-andre-etre-champion-du-monde-cela-marque-une-carriere\/#primaryimage\",\"url\":\"https:\/\/dicodusport.fr\/blog\/wp-content\/uploads\/2018\/10\/Sylvain-Andre\u0301.png\",\"contentUrl\":\"https:\/\/dicodusport.fr\/blog\/wp-content\/uploads\/2018\/10\/Sylvain-Andre\u0301.png\",\"width\":1200,\"height\":670},{\"@type\":\"BreadcrumbList\",\"@id\":\"https:\/\/dicodusport.fr\/blog\/sylvain-andre-etre-champion-du-monde-cela-marque-une-carriere\/#breadcrumb\",\"itemListElement\":[{\"@type\":\"ListItem\",\"position\":1,\"name\":\"Accueil\",\"item\":\"https:\/\/dicodusport.fr\/blog\/\"},{\"@type\":\"ListItem\",\"position\":2,\"name\":\"Sylvain Andr\u00e9 : \u00ab\u00a0\u00catre champion du monde, cela marque une carri\u00e8re\u00a0\u00bb\"}]},{\"@type\":\"WebSite\",\"@id\":\"https:\/\/dicodusport.fr\/blog\/#website\",\"url\":\"https:\/\/dicodusport.fr\/blog\/\",\"name\":\"Dicodusport\",\"description\":\"L&#039;encyclop\u00e9die de l&#039;actualit\u00e9 sportive\",\"publisher\":{\"@id\":\"https:\/\/dicodusport.fr\/blog\/#organization\"},\"potentialAction\":[{\"@type\":\"SearchAction\",\"target\":{\"@type\":\"EntryPoint\",\"urlTemplate\":\"https:\/\/dicodusport.fr\/blog\/?s={search_term_string}\"},\"query-input\":{\"@type\":\"PropertyValueSpecification\",\"valueRequired\":true,\"valueName\":\"search_term_string\"}}],\"inLanguage\":\"fr-FR\"},{\"@type\":\"NewsMediaOrganization\",\"@id\":\"https:\/\/dicodusport.fr\/blog\/#organization\",\"name\":\"Dicodusport\",\"url\":\"https:\/\/dicodusport.fr\/blog\/\",\"logo\":{\"@type\":\"ImageObject\",\"inLanguage\":\"fr-FR\",\"@id\":\"https:\/\/dicodusport.fr\/blog\/#\/schema\/logo\/image\/\",\"url\":\"https:\/\/dicodusport.fr\/blog\/wp-content\/uploads\/2020\/06\/cropped-LOGO-DICODUSPORT-2020-SANS-FOND-SANS-TEXTE.png\",\"contentUrl\":\"https:\/\/dicodusport.fr\/blog\/wp-content\/uploads\/2020\/06\/cropped-LOGO-DICODUSPORT-2020-SANS-FOND-SANS-TEXTE.png\",\"width\":512,\"height\":512,\"caption\":\"Dicodusport\"},\"image\":{\"@id\":\"https:\/\/dicodusport.fr\/blog\/#\/schema\/logo\/image\/\"},\"sameAs\":[\"https:\/\/www.facebook.com\/dicodusport\",\"https:\/\/x.com\/dicodusport\",\"https:\/\/www.instagram.com\/dicodusport\/\",\"https:\/\/www.youtube.com\/channel\/UC7V2KZ5sd3htJivAbA4ZG3w\"],\"description\":\"Dicodusport est l'encyclop\u00e9die de l'actualit\u00e9 sportive.\",\"email\":\"bonjour@dicodusport.fr\",\"legalName\":\"DICODUSPORT\",\"foundingDate\":\"2018-01-14\",\"vatID\":\"FR71834470973\",\"taxID\":\"83447097300043\",\"numberOfEmployees\":{\"@type\":\"QuantitativeValue\",\"minValue\":\"1\",\"maxValue\":\"10\"}},{\"@type\":\"Person\",\"@id\":\"https:\/\/dicodusport.fr\/blog\/#\/schema\/person\/55dcb50ad410894e431ed812bbb70191\",\"name\":\"Nicolas Jacquemard\",\"image\":{\"@type\":\"ImageObject\",\"inLanguage\":\"fr-FR\",\"@id\":\"https:\/\/dicodusport.fr\/blog\/#\/schema\/person\/image\/\",\"url\":\"https:\/\/dicodusport.fr\/blog\/wp-content\/uploads\/2021\/05\/Nicolas-Jacquemard-150x150.jpeg\",\"contentUrl\":\"https:\/\/dicodusport.fr\/blog\/wp-content\/uploads\/2021\/05\/Nicolas-Jacquemard-150x150.jpeg\",\"caption\":\"Nicolas Jacquemard\"},\"description\":\"Passionn\u00e9 de sport et entrepreneur depuis mes 18 ans, la cr\u00e9ation de Dicodusport m'a sembl\u00e9 \u00e9vidente pour participer \u00e0 la m\u00e9diatisation d'un plus grand nombre de sports. Le chemin est long mais avec une \u00e9quipe des plus motiv\u00e9es et les Jeux Olympiques de Paris 2024 en point de mire, nous y arriverons ! Journaliste dans le monde du sport depuis plus de 5 ans, je traite aussi bien de football, de rugby, de biathlon que de cyclisme.\",\"sameAs\":[\"https:\/\/www.facebook.com\/dicodusport\",\"https:\/\/x.com\/https:\/\/twitter.com\/Nico_Jacquemard\"],\"url\":\"https:\/\/dicodusport.fr\/blog\/author\/dicodusport\/\"}]}<\/script>\n<!-- \/ Yoast SEO Premium plugin. -->","yoast_head_json":{"title":"Sylvain Andr\u00e9 : \"\u00catre champion du monde, cela marque une carri\u00e8re\"","description":"Nous avons rencontr\u00e9 Sylvain Andr\u00e9, champion du monde de BMX en 2018, qui nous parle de ses d\u00e9buts, de son quotidien et de ses deux derni\u00e8res saison r\u00e9ussies.\u00a0","robots":{"index":"index","follow":"follow","max-snippet":"max-snippet:-1","max-image-preview":"max-image-preview:large","max-video-preview":"max-video-preview:-1"},"canonical":"https:\/\/dicodusport.fr\/blog\/sylvain-andre-etre-champion-du-monde-cela-marque-une-carriere\/","og_locale":"fr_FR","og_type":"article","og_title":"Sylvain Andr\u00e9 : \"\u00catre champion du monde, cela marque une carri\u00e8re\"","og_description":"Nous avons rencontr\u00e9 Sylvain Andr\u00e9, champion du monde de BMX en 2018, qui nous parle de ses d\u00e9buts, de son quotidien et de ses deux derni\u00e8res saison r\u00e9ussies.\u00a0","og_url":"https:\/\/dicodusport.fr\/blog\/sylvain-andre-etre-champion-du-monde-cela-marque-une-carriere\/","og_site_name":"Dicodusport","article_publisher":"https:\/\/www.facebook.com\/dicodusport","article_author":"https:\/\/www.facebook.com\/dicodusport","article_published_time":"2018-10-31T09:37:41+00:00","og_image":[{"width":1200,"height":670,"url":"https:\/\/dicodusport.fr\/blog\/wp-content\/uploads\/2018\/10\/Sylvain-Andre\u0301.png","type":"image\/png"}],"author":"Nicolas Jacquemard","twitter_card":"summary_large_image","twitter_creator":"@https:\/\/twitter.com\/Nico_Jacquemard","twitter_site":"@dicodusport","schema":{"@context":"https:\/\/schema.org","@graph":[{"@type":"NewsArticle","@id":"https:\/\/dicodusport.fr\/blog\/sylvain-andre-etre-champion-du-monde-cela-marque-une-carriere\/#article","isPartOf":{"@id":"https:\/\/dicodusport.fr\/blog\/sylvain-andre-etre-champion-du-monde-cela-marque-une-carriere\/"},"author":{"name":"Nicolas Jacquemard","@id":"https:\/\/dicodusport.fr\/blog\/#\/schema\/person\/55dcb50ad410894e431ed812bbb70191"},"headline":"Sylvain Andr\u00e9 : \u00ab\u00a0\u00catre champion du monde, cela marque une carri\u00e8re\u00a0\u00bb","datePublished":"2018-10-31T09:37:41+00:00","mainEntityOfPage":{"@id":"https:\/\/dicodusport.fr\/blog\/sylvain-andre-etre-champion-du-monde-cela-marque-une-carriere\/"},"wordCount":1140,"commentCount":0,"publisher":{"@id":"https:\/\/dicodusport.fr\/blog\/#organization"},"image":{"@id":"https:\/\/dicodusport.fr\/blog\/sylvain-andre-etre-champion-du-monde-cela-marque-une-carriere\/#primaryimage"},"thumbnailUrl":"https:\/\/dicodusport.fr\/blog\/wp-content\/uploads\/2018\/10\/Sylvain-Andre\u0301.png","keywords":["BMX","Cyclisme","Sylvain Andr\u00e9","v\u00e9lo"],"articleSection":["Actualit\u00e9s","Cyclisme","Portraits"],"inLanguage":"fr-FR","potentialAction":[{"@type":"CommentAction","name":"Comment","target":["https:\/\/dicodusport.fr\/blog\/sylvain-andre-etre-champion-du-monde-cela-marque-une-carriere\/#respond"]}],"copyrightYear":"2018","copyrightHolder":{"@id":"https:\/\/dicodusport.fr\/blog\/#organization"}},{"@type":"WebPage","@id":"https:\/\/dicodusport.fr\/blog\/sylvain-andre-etre-champion-du-monde-cela-marque-une-carriere\/","url":"https:\/\/dicodusport.fr\/blog\/sylvain-andre-etre-champion-du-monde-cela-marque-une-carriere\/","name":"Sylvain Andr\u00e9 : \"\u00catre champion du monde, cela marque une carri\u00e8re\"","isPartOf":{"@id":"https:\/\/dicodusport.fr\/blog\/#website"},"primaryImageOfPage":{"@id":"https:\/\/dicodusport.fr\/blog\/sylvain-andre-etre-champion-du-monde-cela-marque-une-carriere\/#primaryimage"},"image":{"@id":"https:\/\/dicodusport.fr\/blog\/sylvain-andre-etre-champion-du-monde-cela-marque-une-carriere\/#primaryimage"},"thumbnailUrl":"https:\/\/dicodusport.fr\/blog\/wp-content\/uploads\/2018\/10\/Sylvain-Andre\u0301.png","datePublished":"2018-10-31T09:37:41+00:00","description":"Nous avons rencontr\u00e9 Sylvain Andr\u00e9, champion du monde de BMX en 2018, qui nous parle de ses d\u00e9buts, de son quotidien et de ses deux derni\u00e8res saison r\u00e9ussies.\u00a0","breadcrumb":{"@id":"https:\/\/dicodusport.fr\/blog\/sylvain-andre-etre-champion-du-monde-cela-marque-une-carriere\/#breadcrumb"},"inLanguage":"fr-FR","potentialAction":[{"@type":"ReadAction","target":["https:\/\/dicodusport.fr\/blog\/sylvain-andre-etre-champion-du-monde-cela-marque-une-carriere\/"]}]},{"@type":"ImageObject","inLanguage":"fr-FR","@id":"https:\/\/dicodusport.fr\/blog\/sylvain-andre-etre-champion-du-monde-cela-marque-une-carriere\/#primaryimage","url":"https:\/\/dicodusport.fr\/blog\/wp-content\/uploads\/2018\/10\/Sylvain-Andre\u0301.png","contentUrl":"https:\/\/dicodusport.fr\/blog\/wp-content\/uploads\/2018\/10\/Sylvain-Andre\u0301.png","width":1200,"height":670},{"@type":"BreadcrumbList","@id":"https:\/\/dicodusport.fr\/blog\/sylvain-andre-etre-champion-du-monde-cela-marque-une-carriere\/#breadcrumb","itemListElement":[{"@type":"ListItem","position":1,"name":"Accueil","item":"https:\/\/dicodusport.fr\/blog\/"},{"@type":"ListItem","position":2,"name":"Sylvain Andr\u00e9 : \u00ab\u00a0\u00catre champion du monde, cela marque une carri\u00e8re\u00a0\u00bb"}]},{"@type":"WebSite","@id":"https:\/\/dicodusport.fr\/blog\/#website","url":"https:\/\/dicodusport.fr\/blog\/","name":"Dicodusport","description":"L&#039;encyclop\u00e9die de l&#039;actualit\u00e9 sportive","publisher":{"@id":"https:\/\/dicodusport.fr\/blog\/#organization"},"potentialAction":[{"@type":"SearchAction","target":{"@type":"EntryPoint","urlTemplate":"https:\/\/dicodusport.fr\/blog\/?s={search_term_string}"},"query-input":{"@type":"PropertyValueSpecification","valueRequired":true,"valueName":"search_term_string"}}],"inLanguage":"fr-FR"},{"@type":"NewsMediaOrganization","@id":"https:\/\/dicodusport.fr\/blog\/#organization","name":"Dicodusport","url":"https:\/\/dicodusport.fr\/blog\/","logo":{"@type":"ImageObject","inLanguage":"fr-FR","@id":"https:\/\/dicodusport.fr\/blog\/#\/schema\/logo\/image\/","url":"https:\/\/dicodusport.fr\/blog\/wp-content\/uploads\/2020\/06\/cropped-LOGO-DICODUSPORT-2020-SANS-FOND-SANS-TEXTE.png","contentUrl":"https:\/\/dicodusport.fr\/blog\/wp-content\/uploads\/2020\/06\/cropped-LOGO-DICODUSPORT-2020-SANS-FOND-SANS-TEXTE.png","width":512,"height":512,"caption":"Dicodusport"},"image":{"@id":"https:\/\/dicodusport.fr\/blog\/#\/schema\/logo\/image\/"},"sameAs":["https:\/\/www.facebook.com\/dicodusport","https:\/\/x.com\/dicodusport","https:\/\/www.instagram.com\/dicodusport\/","https:\/\/www.youtube.com\/channel\/UC7V2KZ5sd3htJivAbA4ZG3w"],"description":"Dicodusport est l'encyclop\u00e9die de l'actualit\u00e9 sportive.","email":"bonjour@dicodusport.fr","legalName":"DICODUSPORT","foundingDate":"2018-01-14","vatID":"FR71834470973","taxID":"83447097300043","numberOfEmployees":{"@type":"QuantitativeValue","minValue":"1","maxValue":"10"}},{"@type":"Person","@id":"https:\/\/dicodusport.fr\/blog\/#\/schema\/person\/55dcb50ad410894e431ed812bbb70191","name":"Nicolas Jacquemard","image":{"@type":"ImageObject","inLanguage":"fr-FR","@id":"https:\/\/dicodusport.fr\/blog\/#\/schema\/person\/image\/","url":"https:\/\/dicodusport.fr\/blog\/wp-content\/uploads\/2021\/05\/Nicolas-Jacquemard-150x150.jpeg","contentUrl":"https:\/\/dicodusport.fr\/blog\/wp-content\/uploads\/2021\/05\/Nicolas-Jacquemard-150x150.jpeg","caption":"Nicolas Jacquemard"},"description":"Passionn\u00e9 de sport et entrepreneur depuis mes 18 ans, la cr\u00e9ation de Dicodusport m'a sembl\u00e9 \u00e9vidente pour participer \u00e0 la m\u00e9diatisation d'un plus grand nombre de sports. Le chemin est long mais avec une \u00e9quipe des plus motiv\u00e9es et les Jeux Olympiques de Paris 2024 en point de mire, nous y arriverons ! Journaliste dans le monde du sport depuis plus de 5 ans, je traite aussi bien de football, de rugby, de biathlon que de cyclisme.","sameAs":["https:\/\/www.facebook.com\/dicodusport","https:\/\/x.com\/https:\/\/twitter.com\/Nico_Jacquemard"],"url":"https:\/\/dicodusport.fr\/blog\/author\/dicodusport\/"}]}},"_links":{"self":[{"href":"https:\/\/dicodusport.fr\/blog\/wp-json\/wp\/v2\/posts\/28375","targetHints":{"allow":["GET"]}}],"collection":[{"href":"https:\/\/dicodusport.fr\/blog\/wp-json\/wp\/v2\/posts"}],"about":[{"href":"https:\/\/dicodusport.fr\/blog\/wp-json\/wp\/v2\/types\/post"}],"author":[{"embeddable":true,"href":"https:\/\/dicodusport.fr\/blog\/wp-json\/wp\/v2\/users\/1"}],"replies":[{"embeddable":true,"href":"https:\/\/dicodusport.fr\/blog\/wp-json\/wp\/v2\/comments?post=28375"}],"version-history":[{"count":0,"href":"https:\/\/dicodusport.fr\/blog\/wp-json\/wp\/v2\/posts\/28375\/revisions"}],"wp:featuredmedia":[{"embeddable":true,"href":"https:\/\/dicodusport.fr\/blog\/wp-json\/wp\/v2\/media\/28442"}],"wp:attachment":[{"href":"https:\/\/dicodusport.fr\/blog\/wp-json\/wp\/v2\/media?parent=28375"}],"wp:term":[{"taxonomy":"category","embeddable":true,"href":"https:\/\/dicodusport.fr\/blog\/wp-json\/wp\/v2\/categories?post=28375"},{"taxonomy":"post_tag","embeddable":true,"href":"https:\/\/dicodusport.fr\/blog\/wp-json\/wp\/v2\/tags?post=28375"}],"curies":[{"name":"wp","href":"https:\/\/api.w.org\/{rel}","templated":true}]}}