{"id":284016,"date":"2022-12-02T12:31:48","date_gmt":"2022-12-02T11:31:48","guid":{"rendered":"https:\/\/dicodusport.fr\/blog\/?p=284016&#038;preview=true&#038;preview_id=284016"},"modified":"2022-12-02T12:31:48","modified_gmt":"2022-12-02T11:31:48","slug":"charlotte-verdier-clermont-foot-63-une-responsabilite-forte-de-prendre-les-gants","status":"publish","type":"post","link":"https:\/\/dicodusport.fr\/blog\/charlotte-verdier-clermont-foot-63-une-responsabilite-forte-de-prendre-les-gants\/","title":{"rendered":"Charlotte Verdier (Clermont Foot 63) : \u00ab Une responsabilit\u00e9 forte de prendre les gants \u00bb"},"content":{"rendered":"<p align=\"justify\"><em><strong>FOOTBALL &#8211; <b><i>Le Clermont Foot 63 poursuit son d\u00e9veloppement vers le plus haut niveau \u00e0 travers sa section f\u00e9minine mont\u00e9e en D2 f\u00e9minine en 2022, un an apr\u00e8s l\u2019ascension de la formation masculine dans l\u2019\u00e9lite du football fran\u00e7ais en d\u00e9couvrant la Ligue 1. Rencontre avec Charlotte Verdier, \u00e9l\u00e9ment-cl\u00e9 en endossant cette responsabilit\u00e9 de dernier rempart de l\u2019\u00e9quipe clermontoise au poste de gardien de but.<\/i><\/b>\u00a0<\/strong><\/em><\/p>\n<h3 style=\"text-align: justify;\"><b>Bonjour Charlotte Verdier. Tout d\u2019abord pouvez-vous vous pr\u00e9senter aux lecteurs de notre m\u00e9dia ?\u00a0<\/b><\/h3>\n<p style=\"text-align: justify;\"><span style=\"font-weight: 400;\">Bonjour, je m\u2019appelle Charlotte Verdier, j\u2019ai 23 ans et j\u2019ai commenc\u00e9 \u00e0 pratiquer le football en \u00e9voluant dans l\u2019Aveyron au sein d\u2019un petit club \u00e0 c\u00f4t\u00e9 de chez moi, en jouant avec les gar\u00e7ons jusqu\u2019en U15. Apr\u00e8s, je suis partie \u00e0 Rodez et en parall\u00e8le, j\u2019\u00e9tais au p\u00f4le espoir \u00e0 Blagnac. Ensuite, j\u2019ai eu l\u2019opportunit\u00e9 de signer en D2 \u00e0 Toulouse, en tant que gardienne num\u00e9ro deux au d\u00e9but, puis j\u2019ai pu devenir num\u00e9ro un jusqu\u2019au moment du d\u00e9but du Covid en 2020. J\u2019ai eu l\u2019occasion de venir au Clermont Foot 63 en juillet 2020 pour jouer la mont\u00e9e en D2. Aujourd\u2019hui, j\u2019entame ma troisi\u00e8me saison avec le club auvergnat.\u00a0\u00a0<\/span><\/p>\n<h3 style=\"text-align: justify;\"><b>Comment est venue votre passion pour le football, et plus sp\u00e9cifiquement pour le poste de gardien de but ?\u00a0<\/b><\/h3>\n<p style=\"text-align: justify;\"><span style=\"font-weight: 400;\">Vers huit ans, j\u2019ai eu l\u2019envie de faire du foot et mes parents m\u2019ont inscrite. Petite, on m\u2019a mis dans les cages, et j\u2019ai su directement au fond de moi que c\u2019\u00e9tait le poste de gardienne qui me correspondait le mieux. Une fois qu\u2019on y go\u00fbte, c\u2019est inn\u00e9. Le poste de gardien, cela ne s\u2019invente pas, c\u2019est quelque chose que l\u2019on a au fond de soi je pense, car tout le monde ne peut pas prendre la responsabilit\u00e9 d\u2019aller dans les cages.\u00a0<\/span><\/p>\n<h2 style=\"text-align: justify;\">Une ascension en D2 f\u00e9minine avec le Clermont Foot 63<\/h2>\n<h3 style=\"text-align: justify;\"><b>Pourquoi avoir choisi de rejoindre le Clermont Foot 63 apr\u00e8s trois ann\u00e9es avec le Toulouse FC ?\u00a0\u00a0<\/b><\/h3>\n<p style=\"text-align: justify;\"><span style=\"font-weight: 400;\">En D2 f\u00e9minine avec Toulouse, on a jou\u00e9 pendant deux ann\u00e9es le maintien, c\u2019\u00e9tait compliqu\u00e9. Je cherchais un autre objectif et une mont\u00e9e, c\u2019est int\u00e9ressant \u00e0 jouer. Clermont \u00e9tait en R1 f\u00e9minine et le projet me correspondait bien dans un club tr\u00e8s accueillant. Donc cela a motiv\u00e9 mon choix de rejoindre le club auvergnat avec \u00e0 la cl\u00e9, un super objectif qui a \u00e9t\u00e9 atteint au bout de ma deuxi\u00e8me saison dans cette \u00e9quipe.\u00a0\u00a0\u00a0\u00a0\u00a0\u00a0\u00a0\u00a0\u00a0<\/span><\/p>\n<h3 style=\"text-align: justify;\"><b>La mont\u00e9e du Clermont Foot 63 en Ligue 1 a-t-elle eu une incidence pour la section f\u00e9minine afin de surfer sur la vague ascendante du club avec cette ambition d\u2019acc\u00e9der \u00e0 la D2 f\u00e9minine ? <\/b><\/h3>\n<p style=\"text-align: justify;\"><span style=\"font-weight: 400;\">L\u2019opportunit\u00e9 de pouvoir jouer la mont\u00e9e juste un an apr\u00e8s celle de l\u2019\u00e9quipe masculine a \u00e9t\u00e9 tr\u00e8s motivante, c\u2019est vrai. C\u2019\u00e9tait aussi notre objectif apr\u00e8s nos r\u00e9sultats de la saison pass\u00e9e et cela d\u00e8s le premier jour o\u00f9 l\u2019on s\u2019est retrouv\u00e9es en ao\u00fbt. Puis, nous sommes arriv\u00e9es \u00e0 ce potentiel sc\u00e9nario en acc\u00e9dant aux deux confrontations de barrages d\u2019ascension que l&rsquo;on a disput\u00e9es contre Lorient pour finalement d\u00e9crocher cette mont\u00e9e en D2 f\u00e9minine.\u00a0<\/span><\/p>\n<h3 style=\"text-align: justify;\"><b>Justement pour deux rencontres d\u00e9cisives o\u00f9 le travail d\u2019une saison repose, aborde-t-on cela d\u2019une fa\u00e7on diff\u00e9rente ou avec une pression suppl\u00e9mentaire ?\u00a0<\/b><\/h3>\n<p style=\"text-align: justify;\"><span style=\"font-weight: 400;\">Pour pr\u00e9parer cette ultime \u00e9tape, il n\u2019y a pas eu une pr\u00e9paration diff\u00e9rente que d\u2019habitude. Le match aller que nous avons remport\u00e9 4-0 en Bretagne a \u00e9t\u00e9 un avantage consid\u00e9rable et a apport\u00e9 de la s\u00e9r\u00e9nit\u00e9 pour aborder le tout dernier match \u00e0 Clermont devant notre public. C\u2019\u00e9tait moins stressant, car on savait que l\u2019on avait juste \u00e0 profiter et \u00e0 finir le travail. Il ne fallait pas se mettre une pression suppl\u00e9mentaire si l\u2019on montrait le visage du match aller et si l\u2019on jouait comme nous l\u2019avons fait tout l\u2019exercice 2021-2022.\u00a0<\/span><\/p>\n<h2 style=\"text-align: justify;\">Objectif : maintien en D2 f\u00e9minine !<\/h2>\n<h3 style=\"text-align: justify;\"><b>Cette ascension en D2 f\u00e9minine a-t-elle une influence sur la fr\u00e9quentation des spectateurs pour venir encourager l\u2019\u00e9quipe f\u00e9minine du Clermont Foot 63 ?<\/b><span style=\"font-weight: 400;\">\u00a0\u00a0\u00a0<\/span><\/h3>\n<p style=\"text-align: justify;\"><span style=\"font-weight: 400;\">La mont\u00e9e en D2 f\u00e9minine attire plus de spectateurs en tribunes qui viennent voir le football f\u00e9minin. En championnat, on remarque qu\u2019il y a plus de monde pour venir nous encourager. Apr\u00e8s c\u2019est un public essentiellement compos\u00e9 des familles des joueuses, des filles qui \u00e9voluent au sein du centre de formation du Clermont Foot f\u00e9minin, ce que je trouve tr\u00e8s important car cela permet de d\u00e9velopper l\u2019esprit club avec les diff\u00e9rentes sections f\u00e9minines. Cela serait bien d\u2019avoir encore plus de monde quand on voit les affluences qu\u2019il peut y avoir dans d\u2019autres pays pour regarder du football f\u00e9minin. Mais \u00e0 titre de comparaison avec mon passage \u00e0 Toulouse, on voit que l\u2019int\u00e9r\u00eat pour le football f\u00e9minin a bien \u00e9volu\u00e9 et c\u2019est tant mieux.\u00a0<\/span><\/p>\n<h3 style=\"text-align: justify;\"><b>Cette saison, le Clermont Foot 63 est en difficult\u00e9 avec seulement une victoire et un nul en deux mois et demi. Avez-vous d\u00e9fini un objectif ou un nombre de points pr\u00e9cis \u00e0 atteindre avant la tr\u00eave et \u00e0 l\u2019issue de la saison ? <\/b><span style=\"font-weight: 400;\">\u00a0<\/span><\/h3>\n<p style=\"text-align: justify;\"><span style=\"font-weight: 400;\">Il faudrait que l\u2019on arrive \u00e0 la tr\u00eave de mi-saison avec un maximum de points. Pour le moment, nous en avons que quatre (une victoire contre Albi, un nul contre N\u00eemes ). En d\u00e9but de saison, nous avions fix\u00e9 l\u2019objectif de la sixi\u00e8me place qui permettrait \u00e0 l\u2019\u00e9quipe de se maintenir en D2 f\u00e9minine et de continuer \u00e0 \u00e9voluer dans cette division.\u00a0\u00a0\u00a0\u00a0\u00a0\u00a0\u00a0<\/span><\/p>\n<p style=\"text-align: justify;\" align=\"justify\">\n","protected":false},"excerpt":{"rendered":"<p>FOOTBALL &#8211; Le Clermont Foot 63 poursuit son d\u00e9veloppement vers le plus haut niveau \u00e0 travers sa section f\u00e9minine mont\u00e9e en D2 f\u00e9minine en 2022, un an apr\u00e8s l\u2019ascension de la formation masculine dans l\u2019\u00e9lite du football fran\u00e7ais en d\u00e9couvrant la Ligue 1. Rencontre avec Charlotte Verdier, \u00e9l\u00e9ment-cl\u00e9 en endossant cette responsabilit\u00e9 de dernier rempart de l\u2019\u00e9quipe clermontoise au poste de gardien de but.\u00a0<\/p>\n","protected":false},"author":62,"featured_media":284646,"comment_status":"open","ping_status":"closed","sticky":false,"template":"","format":"standard","meta":{"_acf_changed":false,"_daextam_enable_autolinks":"","footnotes":""},"categories":[2301],"tags":[5771,75],"class_list":["post-284016","post","type-post","status-publish","format-standard","has-post-thumbnail","hentry","category-football","tag-clermont-foot","tag-football"],"acf":[],"yoast_head":"<!-- This site is optimized with the Yoast SEO Premium plugin v26.7 (Yoast SEO v26.7) - https:\/\/yoast.com\/wordpress\/plugins\/seo\/ -->\n<title>Charlotte Verdier (Clermont Foot 63) : \u00ab Une responsabilit\u00e9 forte de prendre les gants \u00bb<\/title>\n<meta name=\"description\" content=\"Rencontre avec Charlotte Verdier, \u00e9l\u00e9ment-cl\u00e9 en endossant cette responsabilit\u00e9 de dernier rempart de l\u2019\u00e9quipe clermontoise.\" \/>\n<meta name=\"robots\" content=\"index, follow, max-snippet:-1, max-image-preview:large, max-video-preview:-1\" \/>\n<link rel=\"canonical\" href=\"https:\/\/dicodusport.fr\/blog\/charlotte-verdier-clermont-foot-63-une-responsabilite-forte-de-prendre-les-gants\/\" \/>\n<meta property=\"og:locale\" content=\"fr_FR\" \/>\n<meta property=\"og:type\" content=\"article\" \/>\n<meta property=\"og:title\" content=\"Charlotte Verdier (Clermont Foot 63) : \u00ab Une responsabilit\u00e9 forte de prendre les gants \u00bb\" \/>\n<meta property=\"og:description\" content=\"Rencontre avec Charlotte Verdier, \u00e9l\u00e9ment-cl\u00e9 en endossant cette responsabilit\u00e9 de dernier rempart de l\u2019\u00e9quipe clermontoise.\" \/>\n<meta property=\"og:url\" content=\"https:\/\/dicodusport.fr\/blog\/charlotte-verdier-clermont-foot-63-une-responsabilite-forte-de-prendre-les-gants\/\" \/>\n<meta property=\"og:site_name\" content=\"Dicodusport\" \/>\n<meta property=\"article:publisher\" content=\"https:\/\/www.facebook.com\/dicodusport\" \/>\n<meta property=\"article:published_time\" content=\"2022-12-02T11:31:48+00:00\" \/>\n<meta property=\"og:image\" content=\"https:\/\/dicodusport.fr\/blog\/wp-content\/uploads\/2022\/11\/Charlotte-Verdier-Clermont-Foot-63-Une-responsabilite-forte-de-prendre-les-gants-.png\" \/>\n\t<meta property=\"og:image:width\" content=\"800\" \/>\n\t<meta property=\"og:image:height\" content=\"445\" \/>\n\t<meta property=\"og:image:type\" content=\"image\/png\" \/>\n<meta name=\"author\" content=\"Andr\u00e9a Lamy\" \/>\n<meta name=\"twitter:card\" content=\"summary_large_image\" \/>\n<meta name=\"twitter:title\" content=\"Charlotte Verdier (Clermont Foot 63) : \u00ab Une responsabilit\u00e9 forte de prendre les gants \u00bb\" \/>\n<meta name=\"twitter:creator\" content=\"@dicodusport\" \/>\n<meta name=\"twitter:site\" content=\"@dicodusport\" \/>\n<script type=\"application\/ld+json\" class=\"yoast-schema-graph\">{\"@context\":\"https:\/\/schema.org\",\"@graph\":[{\"@type\":\"NewsArticle\",\"@id\":\"https:\/\/dicodusport.fr\/blog\/charlotte-verdier-clermont-foot-63-une-responsabilite-forte-de-prendre-les-gants\/#article\",\"isPartOf\":{\"@id\":\"https:\/\/dicodusport.fr\/blog\/charlotte-verdier-clermont-foot-63-une-responsabilite-forte-de-prendre-les-gants\/\"},\"author\":{\"name\":\"Andr\u00e9a Lamy\",\"@id\":\"https:\/\/dicodusport.fr\/blog\/#\/schema\/person\/5b73f4b55b8683f37e9f75d6dc039f31\"},\"headline\":\"Charlotte Verdier (Clermont Foot 63) : \u00ab Une responsabilit\u00e9 forte de prendre les gants \u00bb\",\"datePublished\":\"2022-12-02T11:31:48+00:00\",\"mainEntityOfPage\":{\"@id\":\"https:\/\/dicodusport.fr\/blog\/charlotte-verdier-clermont-foot-63-une-responsabilite-forte-de-prendre-les-gants\/\"},\"wordCount\":992,\"commentCount\":0,\"publisher\":{\"@id\":\"https:\/\/dicodusport.fr\/blog\/#organization\"},\"image\":{\"@id\":\"https:\/\/dicodusport.fr\/blog\/charlotte-verdier-clermont-foot-63-une-responsabilite-forte-de-prendre-les-gants\/#primaryimage\"},\"thumbnailUrl\":\"https:\/\/dicodusport.fr\/blog\/wp-content\/uploads\/2022\/11\/Charlotte-Verdier-Clermont-Foot-63-Une-responsabilite-forte-de-prendre-les-gants-.png\",\"keywords\":[\"Clermont Foot\",\"Football\"],\"articleSection\":[\"Football\"],\"inLanguage\":\"fr-FR\",\"potentialAction\":[{\"@type\":\"CommentAction\",\"name\":\"Comment\",\"target\":[\"https:\/\/dicodusport.fr\/blog\/charlotte-verdier-clermont-foot-63-une-responsabilite-forte-de-prendre-les-gants\/#respond\"]}],\"copyrightYear\":\"2022\",\"copyrightHolder\":{\"@id\":\"https:\/\/dicodusport.fr\/blog\/#organization\"}},{\"@type\":\"WebPage\",\"@id\":\"https:\/\/dicodusport.fr\/blog\/charlotte-verdier-clermont-foot-63-une-responsabilite-forte-de-prendre-les-gants\/\",\"url\":\"https:\/\/dicodusport.fr\/blog\/charlotte-verdier-clermont-foot-63-une-responsabilite-forte-de-prendre-les-gants\/\",\"name\":\"Charlotte Verdier (Clermont Foot 63) : \u00ab Une responsabilit\u00e9 forte de prendre les gants \u00bb\",\"isPartOf\":{\"@id\":\"https:\/\/dicodusport.fr\/blog\/#website\"},\"primaryImageOfPage\":{\"@id\":\"https:\/\/dicodusport.fr\/blog\/charlotte-verdier-clermont-foot-63-une-responsabilite-forte-de-prendre-les-gants\/#primaryimage\"},\"image\":{\"@id\":\"https:\/\/dicodusport.fr\/blog\/charlotte-verdier-clermont-foot-63-une-responsabilite-forte-de-prendre-les-gants\/#primaryimage\"},\"thumbnailUrl\":\"https:\/\/dicodusport.fr\/blog\/wp-content\/uploads\/2022\/11\/Charlotte-Verdier-Clermont-Foot-63-Une-responsabilite-forte-de-prendre-les-gants-.png\",\"datePublished\":\"2022-12-02T11:31:48+00:00\",\"description\":\"Rencontre avec Charlotte Verdier, \u00e9l\u00e9ment-cl\u00e9 en endossant cette responsabilit\u00e9 de dernier rempart de l\u2019\u00e9quipe clermontoise.\",\"breadcrumb\":{\"@id\":\"https:\/\/dicodusport.fr\/blog\/charlotte-verdier-clermont-foot-63-une-responsabilite-forte-de-prendre-les-gants\/#breadcrumb\"},\"inLanguage\":\"fr-FR\",\"potentialAction\":[{\"@type\":\"ReadAction\",\"target\":[\"https:\/\/dicodusport.fr\/blog\/charlotte-verdier-clermont-foot-63-une-responsabilite-forte-de-prendre-les-gants\/\"]}]},{\"@type\":\"ImageObject\",\"inLanguage\":\"fr-FR\",\"@id\":\"https:\/\/dicodusport.fr\/blog\/charlotte-verdier-clermont-foot-63-une-responsabilite-forte-de-prendre-les-gants\/#primaryimage\",\"url\":\"https:\/\/dicodusport.fr\/blog\/wp-content\/uploads\/2022\/11\/Charlotte-Verdier-Clermont-Foot-63-Une-responsabilite-forte-de-prendre-les-gants-.png\",\"contentUrl\":\"https:\/\/dicodusport.fr\/blog\/wp-content\/uploads\/2022\/11\/Charlotte-Verdier-Clermont-Foot-63-Une-responsabilite-forte-de-prendre-les-gants-.png\",\"width\":800,\"height\":445,\"caption\":\"Charlotte Verdier (Clermont Foot 63) \u00ab Une responsabilit\u00e9 forte de prendre les gants \u00bb\"},{\"@type\":\"BreadcrumbList\",\"@id\":\"https:\/\/dicodusport.fr\/blog\/charlotte-verdier-clermont-foot-63-une-responsabilite-forte-de-prendre-les-gants\/#breadcrumb\",\"itemListElement\":[{\"@type\":\"ListItem\",\"position\":1,\"name\":\"Accueil\",\"item\":\"https:\/\/dicodusport.fr\/blog\/\"},{\"@type\":\"ListItem\",\"position\":2,\"name\":\"Charlotte Verdier (Clermont Foot 63) : \u00ab Une responsabilit\u00e9 forte de prendre les gants \u00bb\"}]},{\"@type\":\"WebSite\",\"@id\":\"https:\/\/dicodusport.fr\/blog\/#website\",\"url\":\"https:\/\/dicodusport.fr\/blog\/\",\"name\":\"Dicodusport\",\"description\":\"L&#039;encyclop\u00e9die de l&#039;actualit\u00e9 sportive\",\"publisher\":{\"@id\":\"https:\/\/dicodusport.fr\/blog\/#organization\"},\"potentialAction\":[{\"@type\":\"SearchAction\",\"target\":{\"@type\":\"EntryPoint\",\"urlTemplate\":\"https:\/\/dicodusport.fr\/blog\/?s={search_term_string}\"},\"query-input\":{\"@type\":\"PropertyValueSpecification\",\"valueRequired\":true,\"valueName\":\"search_term_string\"}}],\"inLanguage\":\"fr-FR\"},{\"@type\":\"NewsMediaOrganization\",\"@id\":\"https:\/\/dicodusport.fr\/blog\/#organization\",\"name\":\"Dicodusport\",\"url\":\"https:\/\/dicodusport.fr\/blog\/\",\"logo\":{\"@type\":\"ImageObject\",\"inLanguage\":\"fr-FR\",\"@id\":\"https:\/\/dicodusport.fr\/blog\/#\/schema\/logo\/image\/\",\"url\":\"https:\/\/dicodusport.fr\/blog\/wp-content\/uploads\/2020\/06\/cropped-LOGO-DICODUSPORT-2020-SANS-FOND-SANS-TEXTE.png\",\"contentUrl\":\"https:\/\/dicodusport.fr\/blog\/wp-content\/uploads\/2020\/06\/cropped-LOGO-DICODUSPORT-2020-SANS-FOND-SANS-TEXTE.png\",\"width\":512,\"height\":512,\"caption\":\"Dicodusport\"},\"image\":{\"@id\":\"https:\/\/dicodusport.fr\/blog\/#\/schema\/logo\/image\/\"},\"sameAs\":[\"https:\/\/www.facebook.com\/dicodusport\",\"https:\/\/x.com\/dicodusport\",\"https:\/\/www.instagram.com\/dicodusport\/\",\"https:\/\/www.youtube.com\/channel\/UC7V2KZ5sd3htJivAbA4ZG3w\"],\"description\":\"Dicodusport est l'encyclop\u00e9die de l'actualit\u00e9 sportive.\",\"email\":\"bonjour@dicodusport.fr\",\"legalName\":\"DICODUSPORT\",\"foundingDate\":\"2018-01-14\",\"vatID\":\"FR71834470973\",\"taxID\":\"83447097300043\",\"numberOfEmployees\":{\"@type\":\"QuantitativeValue\",\"minValue\":\"1\",\"maxValue\":\"10\"}},{\"@type\":\"Person\",\"@id\":\"https:\/\/dicodusport.fr\/blog\/#\/schema\/person\/5b73f4b55b8683f37e9f75d6dc039f31\",\"name\":\"Andr\u00e9a Lamy\",\"image\":{\"@type\":\"ImageObject\",\"inLanguage\":\"fr-FR\",\"@id\":\"https:\/\/dicodusport.fr\/blog\/#\/schema\/person\/image\/\",\"url\":\"https:\/\/dicodusport.fr\/blog\/wp-content\/uploads\/2022\/03\/Andrea-150x150.jpg\",\"contentUrl\":\"https:\/\/dicodusport.fr\/blog\/wp-content\/uploads\/2022\/03\/Andrea-150x150.jpg\",\"caption\":\"Andr\u00e9a Lamy\"},\"url\":\"https:\/\/dicodusport.fr\/blog\/author\/andrea-lamy\/\"}]}<\/script>\n<!-- \/ Yoast SEO Premium plugin. -->","yoast_head_json":{"title":"Charlotte Verdier (Clermont Foot 63) : \u00ab Une responsabilit\u00e9 forte de prendre les gants \u00bb","description":"Rencontre avec Charlotte Verdier, \u00e9l\u00e9ment-cl\u00e9 en endossant cette responsabilit\u00e9 de dernier rempart de l\u2019\u00e9quipe clermontoise.","robots":{"index":"index","follow":"follow","max-snippet":"max-snippet:-1","max-image-preview":"max-image-preview:large","max-video-preview":"max-video-preview:-1"},"canonical":"https:\/\/dicodusport.fr\/blog\/charlotte-verdier-clermont-foot-63-une-responsabilite-forte-de-prendre-les-gants\/","og_locale":"fr_FR","og_type":"article","og_title":"Charlotte Verdier (Clermont Foot 63) : \u00ab Une responsabilit\u00e9 forte de prendre les gants \u00bb","og_description":"Rencontre avec Charlotte Verdier, \u00e9l\u00e9ment-cl\u00e9 en endossant cette responsabilit\u00e9 de dernier rempart de l\u2019\u00e9quipe clermontoise.","og_url":"https:\/\/dicodusport.fr\/blog\/charlotte-verdier-clermont-foot-63-une-responsabilite-forte-de-prendre-les-gants\/","og_site_name":"Dicodusport","article_publisher":"https:\/\/www.facebook.com\/dicodusport","article_published_time":"2022-12-02T11:31:48+00:00","og_image":[{"width":800,"height":445,"url":"https:\/\/dicodusport.fr\/blog\/wp-content\/uploads\/2022\/11\/Charlotte-Verdier-Clermont-Foot-63-Une-responsabilite-forte-de-prendre-les-gants-.png","type":"image\/png"}],"author":"Andr\u00e9a Lamy","twitter_card":"summary_large_image","twitter_title":"Charlotte Verdier (Clermont Foot 63) : \u00ab Une responsabilit\u00e9 forte de prendre les gants \u00bb","twitter_creator":"@dicodusport","twitter_site":"@dicodusport","schema":{"@context":"https:\/\/schema.org","@graph":[{"@type":"NewsArticle","@id":"https:\/\/dicodusport.fr\/blog\/charlotte-verdier-clermont-foot-63-une-responsabilite-forte-de-prendre-les-gants\/#article","isPartOf":{"@id":"https:\/\/dicodusport.fr\/blog\/charlotte-verdier-clermont-foot-63-une-responsabilite-forte-de-prendre-les-gants\/"},"author":{"name":"Andr\u00e9a Lamy","@id":"https:\/\/dicodusport.fr\/blog\/#\/schema\/person\/5b73f4b55b8683f37e9f75d6dc039f31"},"headline":"Charlotte Verdier (Clermont Foot 63) : \u00ab Une responsabilit\u00e9 forte de prendre les gants \u00bb","datePublished":"2022-12-02T11:31:48+00:00","mainEntityOfPage":{"@id":"https:\/\/dicodusport.fr\/blog\/charlotte-verdier-clermont-foot-63-une-responsabilite-forte-de-prendre-les-gants\/"},"wordCount":992,"commentCount":0,"publisher":{"@id":"https:\/\/dicodusport.fr\/blog\/#organization"},"image":{"@id":"https:\/\/dicodusport.fr\/blog\/charlotte-verdier-clermont-foot-63-une-responsabilite-forte-de-prendre-les-gants\/#primaryimage"},"thumbnailUrl":"https:\/\/dicodusport.fr\/blog\/wp-content\/uploads\/2022\/11\/Charlotte-Verdier-Clermont-Foot-63-Une-responsabilite-forte-de-prendre-les-gants-.png","keywords":["Clermont Foot","Football"],"articleSection":["Football"],"inLanguage":"fr-FR","potentialAction":[{"@type":"CommentAction","name":"Comment","target":["https:\/\/dicodusport.fr\/blog\/charlotte-verdier-clermont-foot-63-une-responsabilite-forte-de-prendre-les-gants\/#respond"]}],"copyrightYear":"2022","copyrightHolder":{"@id":"https:\/\/dicodusport.fr\/blog\/#organization"}},{"@type":"WebPage","@id":"https:\/\/dicodusport.fr\/blog\/charlotte-verdier-clermont-foot-63-une-responsabilite-forte-de-prendre-les-gants\/","url":"https:\/\/dicodusport.fr\/blog\/charlotte-verdier-clermont-foot-63-une-responsabilite-forte-de-prendre-les-gants\/","name":"Charlotte Verdier (Clermont Foot 63) : \u00ab Une responsabilit\u00e9 forte de prendre les gants \u00bb","isPartOf":{"@id":"https:\/\/dicodusport.fr\/blog\/#website"},"primaryImageOfPage":{"@id":"https:\/\/dicodusport.fr\/blog\/charlotte-verdier-clermont-foot-63-une-responsabilite-forte-de-prendre-les-gants\/#primaryimage"},"image":{"@id":"https:\/\/dicodusport.fr\/blog\/charlotte-verdier-clermont-foot-63-une-responsabilite-forte-de-prendre-les-gants\/#primaryimage"},"thumbnailUrl":"https:\/\/dicodusport.fr\/blog\/wp-content\/uploads\/2022\/11\/Charlotte-Verdier-Clermont-Foot-63-Une-responsabilite-forte-de-prendre-les-gants-.png","datePublished":"2022-12-02T11:31:48+00:00","description":"Rencontre avec Charlotte Verdier, \u00e9l\u00e9ment-cl\u00e9 en endossant cette responsabilit\u00e9 de dernier rempart de l\u2019\u00e9quipe clermontoise.","breadcrumb":{"@id":"https:\/\/dicodusport.fr\/blog\/charlotte-verdier-clermont-foot-63-une-responsabilite-forte-de-prendre-les-gants\/#breadcrumb"},"inLanguage":"fr-FR","potentialAction":[{"@type":"ReadAction","target":["https:\/\/dicodusport.fr\/blog\/charlotte-verdier-clermont-foot-63-une-responsabilite-forte-de-prendre-les-gants\/"]}]},{"@type":"ImageObject","inLanguage":"fr-FR","@id":"https:\/\/dicodusport.fr\/blog\/charlotte-verdier-clermont-foot-63-une-responsabilite-forte-de-prendre-les-gants\/#primaryimage","url":"https:\/\/dicodusport.fr\/blog\/wp-content\/uploads\/2022\/11\/Charlotte-Verdier-Clermont-Foot-63-Une-responsabilite-forte-de-prendre-les-gants-.png","contentUrl":"https:\/\/dicodusport.fr\/blog\/wp-content\/uploads\/2022\/11\/Charlotte-Verdier-Clermont-Foot-63-Une-responsabilite-forte-de-prendre-les-gants-.png","width":800,"height":445,"caption":"Charlotte Verdier (Clermont Foot 63) \u00ab Une responsabilit\u00e9 forte de prendre les gants \u00bb"},{"@type":"BreadcrumbList","@id":"https:\/\/dicodusport.fr\/blog\/charlotte-verdier-clermont-foot-63-une-responsabilite-forte-de-prendre-les-gants\/#breadcrumb","itemListElement":[{"@type":"ListItem","position":1,"name":"Accueil","item":"https:\/\/dicodusport.fr\/blog\/"},{"@type":"ListItem","position":2,"name":"Charlotte Verdier (Clermont Foot 63) : \u00ab Une responsabilit\u00e9 forte de prendre les gants \u00bb"}]},{"@type":"WebSite","@id":"https:\/\/dicodusport.fr\/blog\/#website","url":"https:\/\/dicodusport.fr\/blog\/","name":"Dicodusport","description":"L&#039;encyclop\u00e9die de l&#039;actualit\u00e9 sportive","publisher":{"@id":"https:\/\/dicodusport.fr\/blog\/#organization"},"potentialAction":[{"@type":"SearchAction","target":{"@type":"EntryPoint","urlTemplate":"https:\/\/dicodusport.fr\/blog\/?s={search_term_string}"},"query-input":{"@type":"PropertyValueSpecification","valueRequired":true,"valueName":"search_term_string"}}],"inLanguage":"fr-FR"},{"@type":"NewsMediaOrganization","@id":"https:\/\/dicodusport.fr\/blog\/#organization","name":"Dicodusport","url":"https:\/\/dicodusport.fr\/blog\/","logo":{"@type":"ImageObject","inLanguage":"fr-FR","@id":"https:\/\/dicodusport.fr\/blog\/#\/schema\/logo\/image\/","url":"https:\/\/dicodusport.fr\/blog\/wp-content\/uploads\/2020\/06\/cropped-LOGO-DICODUSPORT-2020-SANS-FOND-SANS-TEXTE.png","contentUrl":"https:\/\/dicodusport.fr\/blog\/wp-content\/uploads\/2020\/06\/cropped-LOGO-DICODUSPORT-2020-SANS-FOND-SANS-TEXTE.png","width":512,"height":512,"caption":"Dicodusport"},"image":{"@id":"https:\/\/dicodusport.fr\/blog\/#\/schema\/logo\/image\/"},"sameAs":["https:\/\/www.facebook.com\/dicodusport","https:\/\/x.com\/dicodusport","https:\/\/www.instagram.com\/dicodusport\/","https:\/\/www.youtube.com\/channel\/UC7V2KZ5sd3htJivAbA4ZG3w"],"description":"Dicodusport est l'encyclop\u00e9die de l'actualit\u00e9 sportive.","email":"bonjour@dicodusport.fr","legalName":"DICODUSPORT","foundingDate":"2018-01-14","vatID":"FR71834470973","taxID":"83447097300043","numberOfEmployees":{"@type":"QuantitativeValue","minValue":"1","maxValue":"10"}},{"@type":"Person","@id":"https:\/\/dicodusport.fr\/blog\/#\/schema\/person\/5b73f4b55b8683f37e9f75d6dc039f31","name":"Andr\u00e9a Lamy","image":{"@type":"ImageObject","inLanguage":"fr-FR","@id":"https:\/\/dicodusport.fr\/blog\/#\/schema\/person\/image\/","url":"https:\/\/dicodusport.fr\/blog\/wp-content\/uploads\/2022\/03\/Andrea-150x150.jpg","contentUrl":"https:\/\/dicodusport.fr\/blog\/wp-content\/uploads\/2022\/03\/Andrea-150x150.jpg","caption":"Andr\u00e9a Lamy"},"url":"https:\/\/dicodusport.fr\/blog\/author\/andrea-lamy\/"}]}},"_links":{"self":[{"href":"https:\/\/dicodusport.fr\/blog\/wp-json\/wp\/v2\/posts\/284016","targetHints":{"allow":["GET"]}}],"collection":[{"href":"https:\/\/dicodusport.fr\/blog\/wp-json\/wp\/v2\/posts"}],"about":[{"href":"https:\/\/dicodusport.fr\/blog\/wp-json\/wp\/v2\/types\/post"}],"author":[{"embeddable":true,"href":"https:\/\/dicodusport.fr\/blog\/wp-json\/wp\/v2\/users\/62"}],"replies":[{"embeddable":true,"href":"https:\/\/dicodusport.fr\/blog\/wp-json\/wp\/v2\/comments?post=284016"}],"version-history":[{"count":0,"href":"https:\/\/dicodusport.fr\/blog\/wp-json\/wp\/v2\/posts\/284016\/revisions"}],"wp:featuredmedia":[{"embeddable":true,"href":"https:\/\/dicodusport.fr\/blog\/wp-json\/wp\/v2\/media\/284646"}],"wp:attachment":[{"href":"https:\/\/dicodusport.fr\/blog\/wp-json\/wp\/v2\/media?parent=284016"}],"wp:term":[{"taxonomy":"category","embeddable":true,"href":"https:\/\/dicodusport.fr\/blog\/wp-json\/wp\/v2\/categories?post=284016"},{"taxonomy":"post_tag","embeddable":true,"href":"https:\/\/dicodusport.fr\/blog\/wp-json\/wp\/v2\/tags?post=284016"}],"curies":[{"name":"wp","href":"https:\/\/api.w.org\/{rel}","templated":true}]}}