{"id":284054,"date":"2022-11-30T13:41:31","date_gmt":"2022-11-30T12:41:31","guid":{"rendered":"https:\/\/dicodusport.fr\/blog\/?p=284054&#038;preview=true&#038;preview_id=284054"},"modified":"2025-08-24T13:16:46","modified_gmt":"2025-08-24T11:16:46","slug":"ibu-cup-idre-fjall-martin-uldal-enleve-la-poursuite-quadruple-norvegien","status":"publish","type":"post","link":"https:\/\/dicodusport.fr\/blog\/ibu-cup-idre-fjall-martin-uldal-enleve-la-poursuite-quadruple-norvegien\/","title":{"rendered":"IBU Cup Idre Fj\u00e4ll : Martin Uldal enl\u00e8ve la poursuite, quadrupl\u00e9 norv\u00e9gien !"},"content":{"rendered":"<p style=\"text-align: justify;\"><i><a style=\"font-weight: bold;\" href=\"https:\/\/dicodusport.fr\/blog\/ibu-cup-idre-fjall-2022-programme-complet-et-resultats\/\">BIATHLON &#8211; IBU CUP DE IDRE FJ\u00c4LL 2022<\/a><b> &#8211; Le Norv\u00e9gien Martin Uldal, 21 ans, a remport\u00e9 ce mercredi la poursuite d&rsquo;Idre Fj\u00e4ll (Su\u00e8de). Apr\u00e8s un doubl\u00e9 la veille sur le sprint, les Scandinaves s&rsquo;offrent cette fois un quadrupl\u00e9, avec Stroemsheim, Overby et Nevland qui compl\u00e8tent le top 4.<\/b><\/i><\/p>\n<p style=\"text-align: justify;\">Apr\u00e8s le doubl\u00e9 du sprint mardi, les Norv\u00e9giens ont fait encore plus fort ce mercredi, sur la poursuite. Ainsi, <strong>Martin Uldal<\/strong> (21 ans) a rafl\u00e9 la mise. Quadruple m\u00e9daill\u00e9 d&rsquo;argent sur les Mondiaux juniors l&rsquo;hiver dernier, <strong>Uldal<\/strong> avait disput\u00e9 ses premi\u00e8res courses en Coupe du monde en fin de saison pass\u00e9e, \u00e0 Oslo (Norv\u00e8ge). Aujourd&rsquo;hui, il aura \u00e9t\u00e9 l\u00e9tal. Cinqui\u00e8me du sprint hier, un 17\/20 sur tir (1-0-1-1) et une prestation de qualit\u00e9 sur les skis lui auront permis de d\u00e9crocher un premier succ\u00e8s en <strong>IBU Cup<\/strong>.<\/p>\n<p style=\"text-align: justify;\">Derri\u00e8re lui, ses compatriotes ont \u00e9galement fait fort. Victorieux du sprint, <strong>Endre Stroemsheim<\/strong> a eu du mal face aux cibles (15\/20), mais sa vitesse sur les skis lui a permis de conserver la deuxi\u00e8me place. Deuxi\u00e8me mardi, <strong>Mats Overby<\/strong> compl\u00e8te le podium (18\/20). Enfin, le troisi\u00e8me larron norv\u00e9gien, <strong>Martin Nevland<\/strong>, au prix d&rsquo;un incroyable 20\/20, prend la 4\u00e8me place, apr\u00e8s un sprint d\u00e9cevant achev\u00e9 \u00e0 la 24\u00e8me place. C\u00f4t\u00e9 Fran\u00e7ais, le mieux plac\u00e9 n&rsquo;est autre que <strong>Oscar Lombardot<\/strong>. Ce dernier doit se contenter de la 14\u00e8me place, avec une performance tr\u00e8s mitig\u00e9e au tir (16\/20)<\/p>\n<blockquote class=\"twitter-tweet\">\n<p dir=\"ltr\" lang=\"en\">Great day for Norway in today&rsquo;s Men Pursuit!&#x1f525;<\/p>\n<p>1.&#x1f1f3;&#x1f1f4;Martin Uldal<br \/>\n2.&#x1f1f3;&#x1f1f4;Endre Stroemsheim<br \/>\n3.&#x1f1f3;&#x1f1f4;Mats Oeverby<\/p>\n<p>&#x1f4f7;Per Danielsson | <a href=\"https:\/\/twitter.com\/hashtag\/biathlon?src=hash&amp;ref_src=twsrc%5Etfw\">#biathlon<\/a> | <a href=\"https:\/\/twitter.com\/hashtag\/ibucup?src=hash&amp;ref_src=twsrc%5Etfw\">#ibucup<\/a> <a href=\"https:\/\/t.co\/37myvHf2ri\">pic.twitter.com\/37myvHf2ri<\/a><\/p>\n<p>\u2014 IBU Cup Biathlon (@IBU_CUP) <a href=\"https:\/\/twitter.com\/IBU_CUP\/status\/1597940633033138177?ref_src=twsrc%5Etfw\">November 30, 2022<\/a><\/p><\/blockquote>\n<p><script async src=\"https:\/\/platform.twitter.com\/widgets.js\" charset=\"utf-8\"><\/script><\/p>\n<h2>Le classement des Fran\u00e7ais<\/h2>\n<p><strong>14. Oscar Lombardot : <\/strong>+2:26.7 &#8211; 0-1-1-2<br \/>\n<strong>17. Ambroise Meunier :\u00a0 <\/strong>+2:57.4 &#8211; 0-0-1-0<br \/>\n<strong>19. R\u00e9mi Broutier : <\/strong>+3:00.9 &#8211; 2-1-1-0<br \/>\n<strong>24. Lou Thi\u00e9vent : <\/strong>+3:38.3 &#8211; 2-0-1-1<br \/>\n<strong>33. S\u00e9bastien Mahon : <\/strong>+4:54.4 &#8211; 2-1-0-1<br \/>\n<strong>38. Paul Fontaine : <\/strong>+5:25.2 &#8211; 0-0-2-2<\/p>\n<h2 style=\"text-align: justify;\"><strong>\u00c0 lire aussi<\/strong><\/h2>\n<ul>\n<li style=\"text-align: justify;\"><strong><a href=\"https:\/\/dicodusport.fr\/blog\/biathlon-ibu-cup-idre-fjall-classement-poursuite-hommes\/\">Le classement de la poursuite hommes d&rsquo;Idre Fj\u00e4ll<\/a>\u00a0<\/strong><\/li>\n<li style=\"text-align: justify;\"><a href=\"https:\/\/dicodusport.fr\/blog\/biathlon-ibu-cup-2022-2023-le-calendrier-complet\/\"><strong>Le calendrier complet de l&rsquo;IBU Cup 2022-2023<\/strong><\/a><\/li>\n<\/ul>\n","protected":false},"excerpt":{"rendered":"<p>BIATHLON &#8211; IBU CUP DE IDRE FJ\u00c4LL 2022 &#8211; Le Norv\u00e9gien Martin Uldal, 21 ans, a remport\u00e9 ce mercredi la poursuite d&rsquo;Idre Fj\u00e4ll (Su\u00e8de). Apr\u00e8s un doubl\u00e9 la veille sur le sprint, les Scandinaves s&rsquo;offrent cette fois un quadrupl\u00e9, avec Stroemsheim, Overby et Nevland qui compl\u00e8tent le top 4.<\/p>\n","protected":false},"author":4,"featured_media":284074,"comment_status":"open","ping_status":"closed","sticky":false,"template":"","format":"standard","meta":{"_acf_changed":false,"_daextam_enable_autolinks":"","footnotes":""},"categories":[2426],"tags":[2427,27811,28173],"class_list":["post-284054","post","type-post","status-publish","format-standard","has-post-thumbnail","hentry","category-biathlon","tag-biathlon","tag-biathlon-idre-fjall","tag-ibu-cup-idre-fjall"],"acf":[],"yoast_head":"<!-- This site is optimized with the Yoast SEO Premium plugin v26.7 (Yoast SEO v26.7) - https:\/\/yoast.com\/wordpress\/plugins\/seo\/ -->\n<title>IBU Cup Idre Fj\u00e4ll : Martin Uldal enl\u00e8ve la poursuite, quadrupl\u00e9 norv\u00e9gien !<\/title>\n<meta name=\"description\" content=\"BIATHLON - IBU CUP DE IDRE FJ\u00c4LL 2022 - Le Norv\u00e9gien Martin Uldal, 21 ans, a remport\u00e9 ce mercredi la poursuite d&#039;Idre Fj\u00e4ll (Su\u00e8de).\" \/>\n<meta name=\"robots\" content=\"index, follow, max-snippet:-1, max-image-preview:large, max-video-preview:-1\" \/>\n<link rel=\"canonical\" href=\"https:\/\/dicodusport.fr\/blog\/ibu-cup-idre-fjall-martin-uldal-enleve-la-poursuite-quadruple-norvegien\/\" \/>\n<meta property=\"og:locale\" content=\"fr_FR\" \/>\n<meta property=\"og:type\" content=\"article\" \/>\n<meta property=\"og:title\" content=\"IBU Cup Idre Fj\u00e4ll : Martin Uldal enl\u00e8ve la poursuite, quadrupl\u00e9 norv\u00e9gien !\" \/>\n<meta property=\"og:description\" content=\"BIATHLON - IBU CUP DE IDRE FJ\u00c4LL 2022 - Le Norv\u00e9gien Martin Uldal, 21 ans, a remport\u00e9 ce mercredi la poursuite d&#039;Idre Fj\u00e4ll (Su\u00e8de).\" \/>\n<meta property=\"og:url\" content=\"https:\/\/dicodusport.fr\/blog\/ibu-cup-idre-fjall-martin-uldal-enleve-la-poursuite-quadruple-norvegien\/\" \/>\n<meta property=\"og:site_name\" content=\"Dicodusport\" \/>\n<meta property=\"article:publisher\" content=\"https:\/\/www.facebook.com\/dicodusport\" \/>\n<meta property=\"article:author\" content=\"https:\/\/www.facebook.com\/florent.ostermann\" \/>\n<meta property=\"article:published_time\" content=\"2022-11-30T12:41:31+00:00\" \/>\n<meta property=\"article:modified_time\" content=\"2025-08-24T11:16:46+00:00\" \/>\n<meta property=\"og:image\" content=\"https:\/\/dicodusport.fr\/blog\/wp-content\/uploads\/2022\/11\/IBU-Cup-Idre-Fjall-Martin-Uldal-enleve-la-poursuite-quadruple-norvegien-.png\" \/>\n\t<meta property=\"og:image:width\" content=\"800\" \/>\n\t<meta property=\"og:image:height\" content=\"445\" \/>\n\t<meta property=\"og:image:type\" content=\"image\/png\" \/>\n<meta name=\"author\" content=\"Flo Ostermann\" \/>\n<meta name=\"twitter:card\" content=\"summary_large_image\" \/>\n<meta name=\"twitter:title\" content=\"IBU Cup Idre Fj\u00e4ll : Martin Uldal enl\u00e8ve la poursuite, quadrupl\u00e9 norv\u00e9gien !\" \/>\n<meta name=\"twitter:creator\" content=\"@https:\/\/twitter.com\/FlOstermann\" \/>\n<meta name=\"twitter:site\" content=\"@dicodusport\" \/>\n<script type=\"application\/ld+json\" class=\"yoast-schema-graph\">{\"@context\":\"https:\/\/schema.org\",\"@graph\":[{\"@type\":\"NewsArticle\",\"@id\":\"https:\/\/dicodusport.fr\/blog\/ibu-cup-idre-fjall-martin-uldal-enleve-la-poursuite-quadruple-norvegien\/#article\",\"isPartOf\":{\"@id\":\"https:\/\/dicodusport.fr\/blog\/ibu-cup-idre-fjall-martin-uldal-enleve-la-poursuite-quadruple-norvegien\/\"},\"author\":{\"name\":\"Flo Ostermann\",\"@id\":\"https:\/\/dicodusport.fr\/blog\/#\/schema\/person\/cb02af4c173ce4a653b55e9baf388d4a\"},\"headline\":\"IBU Cup Idre Fj\u00e4ll : Martin Uldal enl\u00e8ve la poursuite, quadrupl\u00e9 norv\u00e9gien !\",\"datePublished\":\"2022-11-30T12:41:31+00:00\",\"dateModified\":\"2025-08-24T11:16:46+00:00\",\"mainEntityOfPage\":{\"@id\":\"https:\/\/dicodusport.fr\/blog\/ibu-cup-idre-fjall-martin-uldal-enleve-la-poursuite-quadruple-norvegien\/\"},\"wordCount\":388,\"commentCount\":0,\"publisher\":{\"@id\":\"https:\/\/dicodusport.fr\/blog\/#organization\"},\"image\":{\"@id\":\"https:\/\/dicodusport.fr\/blog\/ibu-cup-idre-fjall-martin-uldal-enleve-la-poursuite-quadruple-norvegien\/#primaryimage\"},\"thumbnailUrl\":\"https:\/\/dicodusport.fr\/blog\/wp-content\/uploads\/2022\/11\/IBU-Cup-Idre-Fjall-Martin-Uldal-enleve-la-poursuite-quadruple-norvegien-.png\",\"keywords\":[\"Biathlon\",\"Biathlon Idre Fj\u00e4ll\",\"IBU Cup Idre Fj\u00e4ll\"],\"articleSection\":[\"Biathlon\"],\"inLanguage\":\"fr-FR\",\"potentialAction\":[{\"@type\":\"CommentAction\",\"name\":\"Comment\",\"target\":[\"https:\/\/dicodusport.fr\/blog\/ibu-cup-idre-fjall-martin-uldal-enleve-la-poursuite-quadruple-norvegien\/#respond\"]}],\"copyrightYear\":\"2022\",\"copyrightHolder\":{\"@id\":\"https:\/\/dicodusport.fr\/blog\/#organization\"}},{\"@type\":\"WebPage\",\"@id\":\"https:\/\/dicodusport.fr\/blog\/ibu-cup-idre-fjall-martin-uldal-enleve-la-poursuite-quadruple-norvegien\/\",\"url\":\"https:\/\/dicodusport.fr\/blog\/ibu-cup-idre-fjall-martin-uldal-enleve-la-poursuite-quadruple-norvegien\/\",\"name\":\"IBU Cup Idre Fj\u00e4ll : Martin Uldal enl\u00e8ve la poursuite, quadrupl\u00e9 norv\u00e9gien !\",\"isPartOf\":{\"@id\":\"https:\/\/dicodusport.fr\/blog\/#website\"},\"primaryImageOfPage\":{\"@id\":\"https:\/\/dicodusport.fr\/blog\/ibu-cup-idre-fjall-martin-uldal-enleve-la-poursuite-quadruple-norvegien\/#primaryimage\"},\"image\":{\"@id\":\"https:\/\/dicodusport.fr\/blog\/ibu-cup-idre-fjall-martin-uldal-enleve-la-poursuite-quadruple-norvegien\/#primaryimage\"},\"thumbnailUrl\":\"https:\/\/dicodusport.fr\/blog\/wp-content\/uploads\/2022\/11\/IBU-Cup-Idre-Fjall-Martin-Uldal-enleve-la-poursuite-quadruple-norvegien-.png\",\"datePublished\":\"2022-11-30T12:41:31+00:00\",\"dateModified\":\"2025-08-24T11:16:46+00:00\",\"description\":\"BIATHLON - IBU CUP DE IDRE FJ\u00c4LL 2022 - Le Norv\u00e9gien Martin Uldal, 21 ans, a remport\u00e9 ce mercredi la poursuite d'Idre Fj\u00e4ll (Su\u00e8de).\",\"breadcrumb\":{\"@id\":\"https:\/\/dicodusport.fr\/blog\/ibu-cup-idre-fjall-martin-uldal-enleve-la-poursuite-quadruple-norvegien\/#breadcrumb\"},\"inLanguage\":\"fr-FR\",\"potentialAction\":[{\"@type\":\"ReadAction\",\"target\":[\"https:\/\/dicodusport.fr\/blog\/ibu-cup-idre-fjall-martin-uldal-enleve-la-poursuite-quadruple-norvegien\/\"]}]},{\"@type\":\"ImageObject\",\"inLanguage\":\"fr-FR\",\"@id\":\"https:\/\/dicodusport.fr\/blog\/ibu-cup-idre-fjall-martin-uldal-enleve-la-poursuite-quadruple-norvegien\/#primaryimage\",\"url\":\"https:\/\/dicodusport.fr\/blog\/wp-content\/uploads\/2022\/11\/IBU-Cup-Idre-Fjall-Martin-Uldal-enleve-la-poursuite-quadruple-norvegien-.png\",\"contentUrl\":\"https:\/\/dicodusport.fr\/blog\/wp-content\/uploads\/2022\/11\/IBU-Cup-Idre-Fjall-Martin-Uldal-enleve-la-poursuite-quadruple-norvegien-.png\",\"width\":800,\"height\":445,\"caption\":\"IBU Cup Idre Fj\u00e4ll Martin Uldal enl\u00e8ve la poursuite, quadrupl\u00e9 norv\u00e9gien !\"},{\"@type\":\"BreadcrumbList\",\"@id\":\"https:\/\/dicodusport.fr\/blog\/ibu-cup-idre-fjall-martin-uldal-enleve-la-poursuite-quadruple-norvegien\/#breadcrumb\",\"itemListElement\":[{\"@type\":\"ListItem\",\"position\":1,\"name\":\"Accueil\",\"item\":\"https:\/\/dicodusport.fr\/blog\/\"},{\"@type\":\"ListItem\",\"position\":2,\"name\":\"IBU Cup Idre Fj\u00e4ll : Martin Uldal enl\u00e8ve la poursuite, quadrupl\u00e9 norv\u00e9gien !\"}]},{\"@type\":\"WebSite\",\"@id\":\"https:\/\/dicodusport.fr\/blog\/#website\",\"url\":\"https:\/\/dicodusport.fr\/blog\/\",\"name\":\"Dicodusport\",\"description\":\"L&#039;encyclop\u00e9die de l&#039;actualit\u00e9 sportive\",\"publisher\":{\"@id\":\"https:\/\/dicodusport.fr\/blog\/#organization\"},\"potentialAction\":[{\"@type\":\"SearchAction\",\"target\":{\"@type\":\"EntryPoint\",\"urlTemplate\":\"https:\/\/dicodusport.fr\/blog\/?s={search_term_string}\"},\"query-input\":{\"@type\":\"PropertyValueSpecification\",\"valueRequired\":true,\"valueName\":\"search_term_string\"}}],\"inLanguage\":\"fr-FR\"},{\"@type\":\"NewsMediaOrganization\",\"@id\":\"https:\/\/dicodusport.fr\/blog\/#organization\",\"name\":\"Dicodusport\",\"url\":\"https:\/\/dicodusport.fr\/blog\/\",\"logo\":{\"@type\":\"ImageObject\",\"inLanguage\":\"fr-FR\",\"@id\":\"https:\/\/dicodusport.fr\/blog\/#\/schema\/logo\/image\/\",\"url\":\"https:\/\/dicodusport.fr\/blog\/wp-content\/uploads\/2020\/06\/cropped-LOGO-DICODUSPORT-2020-SANS-FOND-SANS-TEXTE.png\",\"contentUrl\":\"https:\/\/dicodusport.fr\/blog\/wp-content\/uploads\/2020\/06\/cropped-LOGO-DICODUSPORT-2020-SANS-FOND-SANS-TEXTE.png\",\"width\":512,\"height\":512,\"caption\":\"Dicodusport\"},\"image\":{\"@id\":\"https:\/\/dicodusport.fr\/blog\/#\/schema\/logo\/image\/\"},\"sameAs\":[\"https:\/\/www.facebook.com\/dicodusport\",\"https:\/\/x.com\/dicodusport\",\"https:\/\/www.instagram.com\/dicodusport\/\",\"https:\/\/www.youtube.com\/channel\/UC7V2KZ5sd3htJivAbA4ZG3w\"],\"description\":\"Dicodusport est l'encyclop\u00e9die de l'actualit\u00e9 sportive.\",\"email\":\"bonjour@dicodusport.fr\",\"legalName\":\"DICODUSPORT\",\"foundingDate\":\"2018-01-14\",\"vatID\":\"FR71834470973\",\"taxID\":\"83447097300043\",\"numberOfEmployees\":{\"@type\":\"QuantitativeValue\",\"minValue\":\"1\",\"maxValue\":\"10\"}},{\"@type\":\"Person\",\"@id\":\"https:\/\/dicodusport.fr\/blog\/#\/schema\/person\/cb02af4c173ce4a653b55e9baf388d4a\",\"name\":\"Flo Ostermann\",\"image\":{\"@type\":\"ImageObject\",\"inLanguage\":\"fr-FR\",\"@id\":\"https:\/\/dicodusport.fr\/blog\/#\/schema\/person\/image\/\",\"url\":\"https:\/\/dicodusport.fr\/blog\/wp-content\/uploads\/2021\/05\/Flo-Ostermann-150x150.jpg\",\"contentUrl\":\"https:\/\/dicodusport.fr\/blog\/wp-content\/uploads\/2021\/05\/Flo-Ostermann-150x150.jpg\",\"caption\":\"Flo Ostermann\"},\"description\":\"Journaliste\/R\u00e9dacteur depuis septembre 2015 - Mes premiers souvenirs dans le sport ? Les envol\u00e9es du Stade Toulousain et les duels Villeneuve-Schumacher et H\u00e4kkinen-Schumacher \u00e0 la fin des ann\u00e9es 90, la Coupe du monde de football en 1998, l\u2019exploit du XV de France face aux All Blacks en 1999, mais aussi Richard C\u0153ur de Lion qui vole sur les montagnes du Tour de France. Bien parti pour devenir professeur d\u2019EPS, les \u00e9v\u00e9nements de la vie (et la flemme d\u2019animer des s\u00e9ances de 3x500 m\u00e8tres toute ma vie) m\u2019ont conduit \u00e0 revoir mes plans. Me voil\u00e0 depuis fin 2017 sur Dicodusport, m\u00e9dia gr\u00e2ce (et pour) lequel je partage ma passion : le sport dans tous ses \u00e9tats. Le tout accompagn\u00e9 par les fous furieux et folles furieuses cit\u00e9s sur cette page !\",\"sameAs\":[\"https:\/\/www.facebook.com\/florent.ostermann\",\"https:\/\/x.com\/https:\/\/twitter.com\/FlOstermann\",\"admin\"],\"url\":\"https:\/\/dicodusport.fr\/blog\/author\/flo\/\"}]}<\/script>\n<!-- \/ Yoast SEO Premium plugin. -->","yoast_head_json":{"title":"IBU Cup Idre Fj\u00e4ll : Martin Uldal enl\u00e8ve la poursuite, quadrupl\u00e9 norv\u00e9gien !","description":"BIATHLON - IBU CUP DE IDRE FJ\u00c4LL 2022 - Le Norv\u00e9gien Martin Uldal, 21 ans, a remport\u00e9 ce mercredi la poursuite d'Idre Fj\u00e4ll (Su\u00e8de).","robots":{"index":"index","follow":"follow","max-snippet":"max-snippet:-1","max-image-preview":"max-image-preview:large","max-video-preview":"max-video-preview:-1"},"canonical":"https:\/\/dicodusport.fr\/blog\/ibu-cup-idre-fjall-martin-uldal-enleve-la-poursuite-quadruple-norvegien\/","og_locale":"fr_FR","og_type":"article","og_title":"IBU Cup Idre Fj\u00e4ll : Martin Uldal enl\u00e8ve la poursuite, quadrupl\u00e9 norv\u00e9gien !","og_description":"BIATHLON - IBU CUP DE IDRE FJ\u00c4LL 2022 - Le Norv\u00e9gien Martin Uldal, 21 ans, a remport\u00e9 ce mercredi la poursuite d'Idre Fj\u00e4ll (Su\u00e8de).","og_url":"https:\/\/dicodusport.fr\/blog\/ibu-cup-idre-fjall-martin-uldal-enleve-la-poursuite-quadruple-norvegien\/","og_site_name":"Dicodusport","article_publisher":"https:\/\/www.facebook.com\/dicodusport","article_author":"https:\/\/www.facebook.com\/florent.ostermann","article_published_time":"2022-11-30T12:41:31+00:00","article_modified_time":"2025-08-24T11:16:46+00:00","og_image":[{"width":800,"height":445,"url":"https:\/\/dicodusport.fr\/blog\/wp-content\/uploads\/2022\/11\/IBU-Cup-Idre-Fjall-Martin-Uldal-enleve-la-poursuite-quadruple-norvegien-.png","type":"image\/png"}],"author":"Flo Ostermann","twitter_card":"summary_large_image","twitter_title":"IBU Cup Idre Fj\u00e4ll : Martin Uldal enl\u00e8ve la poursuite, quadrupl\u00e9 norv\u00e9gien !","twitter_creator":"@https:\/\/twitter.com\/FlOstermann","twitter_site":"@dicodusport","schema":{"@context":"https:\/\/schema.org","@graph":[{"@type":"NewsArticle","@id":"https:\/\/dicodusport.fr\/blog\/ibu-cup-idre-fjall-martin-uldal-enleve-la-poursuite-quadruple-norvegien\/#article","isPartOf":{"@id":"https:\/\/dicodusport.fr\/blog\/ibu-cup-idre-fjall-martin-uldal-enleve-la-poursuite-quadruple-norvegien\/"},"author":{"name":"Flo Ostermann","@id":"https:\/\/dicodusport.fr\/blog\/#\/schema\/person\/cb02af4c173ce4a653b55e9baf388d4a"},"headline":"IBU Cup Idre Fj\u00e4ll : Martin Uldal enl\u00e8ve la poursuite, quadrupl\u00e9 norv\u00e9gien !","datePublished":"2022-11-30T12:41:31+00:00","dateModified":"2025-08-24T11:16:46+00:00","mainEntityOfPage":{"@id":"https:\/\/dicodusport.fr\/blog\/ibu-cup-idre-fjall-martin-uldal-enleve-la-poursuite-quadruple-norvegien\/"},"wordCount":388,"commentCount":0,"publisher":{"@id":"https:\/\/dicodusport.fr\/blog\/#organization"},"image":{"@id":"https:\/\/dicodusport.fr\/blog\/ibu-cup-idre-fjall-martin-uldal-enleve-la-poursuite-quadruple-norvegien\/#primaryimage"},"thumbnailUrl":"https:\/\/dicodusport.fr\/blog\/wp-content\/uploads\/2022\/11\/IBU-Cup-Idre-Fjall-Martin-Uldal-enleve-la-poursuite-quadruple-norvegien-.png","keywords":["Biathlon","Biathlon Idre Fj\u00e4ll","IBU Cup Idre Fj\u00e4ll"],"articleSection":["Biathlon"],"inLanguage":"fr-FR","potentialAction":[{"@type":"CommentAction","name":"Comment","target":["https:\/\/dicodusport.fr\/blog\/ibu-cup-idre-fjall-martin-uldal-enleve-la-poursuite-quadruple-norvegien\/#respond"]}],"copyrightYear":"2022","copyrightHolder":{"@id":"https:\/\/dicodusport.fr\/blog\/#organization"}},{"@type":"WebPage","@id":"https:\/\/dicodusport.fr\/blog\/ibu-cup-idre-fjall-martin-uldal-enleve-la-poursuite-quadruple-norvegien\/","url":"https:\/\/dicodusport.fr\/blog\/ibu-cup-idre-fjall-martin-uldal-enleve-la-poursuite-quadruple-norvegien\/","name":"IBU Cup Idre Fj\u00e4ll : Martin Uldal enl\u00e8ve la poursuite, quadrupl\u00e9 norv\u00e9gien !","isPartOf":{"@id":"https:\/\/dicodusport.fr\/blog\/#website"},"primaryImageOfPage":{"@id":"https:\/\/dicodusport.fr\/blog\/ibu-cup-idre-fjall-martin-uldal-enleve-la-poursuite-quadruple-norvegien\/#primaryimage"},"image":{"@id":"https:\/\/dicodusport.fr\/blog\/ibu-cup-idre-fjall-martin-uldal-enleve-la-poursuite-quadruple-norvegien\/#primaryimage"},"thumbnailUrl":"https:\/\/dicodusport.fr\/blog\/wp-content\/uploads\/2022\/11\/IBU-Cup-Idre-Fjall-Martin-Uldal-enleve-la-poursuite-quadruple-norvegien-.png","datePublished":"2022-11-30T12:41:31+00:00","dateModified":"2025-08-24T11:16:46+00:00","description":"BIATHLON - IBU CUP DE IDRE FJ\u00c4LL 2022 - Le Norv\u00e9gien Martin Uldal, 21 ans, a remport\u00e9 ce mercredi la poursuite d'Idre Fj\u00e4ll (Su\u00e8de).","breadcrumb":{"@id":"https:\/\/dicodusport.fr\/blog\/ibu-cup-idre-fjall-martin-uldal-enleve-la-poursuite-quadruple-norvegien\/#breadcrumb"},"inLanguage":"fr-FR","potentialAction":[{"@type":"ReadAction","target":["https:\/\/dicodusport.fr\/blog\/ibu-cup-idre-fjall-martin-uldal-enleve-la-poursuite-quadruple-norvegien\/"]}]},{"@type":"ImageObject","inLanguage":"fr-FR","@id":"https:\/\/dicodusport.fr\/blog\/ibu-cup-idre-fjall-martin-uldal-enleve-la-poursuite-quadruple-norvegien\/#primaryimage","url":"https:\/\/dicodusport.fr\/blog\/wp-content\/uploads\/2022\/11\/IBU-Cup-Idre-Fjall-Martin-Uldal-enleve-la-poursuite-quadruple-norvegien-.png","contentUrl":"https:\/\/dicodusport.fr\/blog\/wp-content\/uploads\/2022\/11\/IBU-Cup-Idre-Fjall-Martin-Uldal-enleve-la-poursuite-quadruple-norvegien-.png","width":800,"height":445,"caption":"IBU Cup Idre Fj\u00e4ll Martin Uldal enl\u00e8ve la poursuite, quadrupl\u00e9 norv\u00e9gien !"},{"@type":"BreadcrumbList","@id":"https:\/\/dicodusport.fr\/blog\/ibu-cup-idre-fjall-martin-uldal-enleve-la-poursuite-quadruple-norvegien\/#breadcrumb","itemListElement":[{"@type":"ListItem","position":1,"name":"Accueil","item":"https:\/\/dicodusport.fr\/blog\/"},{"@type":"ListItem","position":2,"name":"IBU Cup Idre Fj\u00e4ll : Martin Uldal enl\u00e8ve la poursuite, quadrupl\u00e9 norv\u00e9gien !"}]},{"@type":"WebSite","@id":"https:\/\/dicodusport.fr\/blog\/#website","url":"https:\/\/dicodusport.fr\/blog\/","name":"Dicodusport","description":"L&#039;encyclop\u00e9die de l&#039;actualit\u00e9 sportive","publisher":{"@id":"https:\/\/dicodusport.fr\/blog\/#organization"},"potentialAction":[{"@type":"SearchAction","target":{"@type":"EntryPoint","urlTemplate":"https:\/\/dicodusport.fr\/blog\/?s={search_term_string}"},"query-input":{"@type":"PropertyValueSpecification","valueRequired":true,"valueName":"search_term_string"}}],"inLanguage":"fr-FR"},{"@type":"NewsMediaOrganization","@id":"https:\/\/dicodusport.fr\/blog\/#organization","name":"Dicodusport","url":"https:\/\/dicodusport.fr\/blog\/","logo":{"@type":"ImageObject","inLanguage":"fr-FR","@id":"https:\/\/dicodusport.fr\/blog\/#\/schema\/logo\/image\/","url":"https:\/\/dicodusport.fr\/blog\/wp-content\/uploads\/2020\/06\/cropped-LOGO-DICODUSPORT-2020-SANS-FOND-SANS-TEXTE.png","contentUrl":"https:\/\/dicodusport.fr\/blog\/wp-content\/uploads\/2020\/06\/cropped-LOGO-DICODUSPORT-2020-SANS-FOND-SANS-TEXTE.png","width":512,"height":512,"caption":"Dicodusport"},"image":{"@id":"https:\/\/dicodusport.fr\/blog\/#\/schema\/logo\/image\/"},"sameAs":["https:\/\/www.facebook.com\/dicodusport","https:\/\/x.com\/dicodusport","https:\/\/www.instagram.com\/dicodusport\/","https:\/\/www.youtube.com\/channel\/UC7V2KZ5sd3htJivAbA4ZG3w"],"description":"Dicodusport est l'encyclop\u00e9die de l'actualit\u00e9 sportive.","email":"bonjour@dicodusport.fr","legalName":"DICODUSPORT","foundingDate":"2018-01-14","vatID":"FR71834470973","taxID":"83447097300043","numberOfEmployees":{"@type":"QuantitativeValue","minValue":"1","maxValue":"10"}},{"@type":"Person","@id":"https:\/\/dicodusport.fr\/blog\/#\/schema\/person\/cb02af4c173ce4a653b55e9baf388d4a","name":"Flo Ostermann","image":{"@type":"ImageObject","inLanguage":"fr-FR","@id":"https:\/\/dicodusport.fr\/blog\/#\/schema\/person\/image\/","url":"https:\/\/dicodusport.fr\/blog\/wp-content\/uploads\/2021\/05\/Flo-Ostermann-150x150.jpg","contentUrl":"https:\/\/dicodusport.fr\/blog\/wp-content\/uploads\/2021\/05\/Flo-Ostermann-150x150.jpg","caption":"Flo Ostermann"},"description":"Journaliste\/R\u00e9dacteur depuis septembre 2015 - Mes premiers souvenirs dans le sport ? Les envol\u00e9es du Stade Toulousain et les duels Villeneuve-Schumacher et H\u00e4kkinen-Schumacher \u00e0 la fin des ann\u00e9es 90, la Coupe du monde de football en 1998, l\u2019exploit du XV de France face aux All Blacks en 1999, mais aussi Richard C\u0153ur de Lion qui vole sur les montagnes du Tour de France. Bien parti pour devenir professeur d\u2019EPS, les \u00e9v\u00e9nements de la vie (et la flemme d\u2019animer des s\u00e9ances de 3x500 m\u00e8tres toute ma vie) m\u2019ont conduit \u00e0 revoir mes plans. Me voil\u00e0 depuis fin 2017 sur Dicodusport, m\u00e9dia gr\u00e2ce (et pour) lequel je partage ma passion : le sport dans tous ses \u00e9tats. Le tout accompagn\u00e9 par les fous furieux et folles furieuses cit\u00e9s sur cette page !","sameAs":["https:\/\/www.facebook.com\/florent.ostermann","https:\/\/x.com\/https:\/\/twitter.com\/FlOstermann","admin"],"url":"https:\/\/dicodusport.fr\/blog\/author\/flo\/"}]}},"_links":{"self":[{"href":"https:\/\/dicodusport.fr\/blog\/wp-json\/wp\/v2\/posts\/284054","targetHints":{"allow":["GET"]}}],"collection":[{"href":"https:\/\/dicodusport.fr\/blog\/wp-json\/wp\/v2\/posts"}],"about":[{"href":"https:\/\/dicodusport.fr\/blog\/wp-json\/wp\/v2\/types\/post"}],"author":[{"embeddable":true,"href":"https:\/\/dicodusport.fr\/blog\/wp-json\/wp\/v2\/users\/4"}],"replies":[{"embeddable":true,"href":"https:\/\/dicodusport.fr\/blog\/wp-json\/wp\/v2\/comments?post=284054"}],"version-history":[{"count":1,"href":"https:\/\/dicodusport.fr\/blog\/wp-json\/wp\/v2\/posts\/284054\/revisions"}],"predecessor-version":[{"id":605056,"href":"https:\/\/dicodusport.fr\/blog\/wp-json\/wp\/v2\/posts\/284054\/revisions\/605056"}],"wp:featuredmedia":[{"embeddable":true,"href":"https:\/\/dicodusport.fr\/blog\/wp-json\/wp\/v2\/media\/284074"}],"wp:attachment":[{"href":"https:\/\/dicodusport.fr\/blog\/wp-json\/wp\/v2\/media?parent=284054"}],"wp:term":[{"taxonomy":"category","embeddable":true,"href":"https:\/\/dicodusport.fr\/blog\/wp-json\/wp\/v2\/categories?post=284054"},{"taxonomy":"post_tag","embeddable":true,"href":"https:\/\/dicodusport.fr\/blog\/wp-json\/wp\/v2\/tags?post=284054"}],"curies":[{"name":"wp","href":"https:\/\/api.w.org\/{rel}","templated":true}]}}