{"id":28431,"date":"2018-10-31T10:06:19","date_gmt":"2018-10-31T09:06:19","guid":{"rendered":"http:\/\/dicodusport.fr\/blog\/?p=28431"},"modified":"2018-10-31T10:10:12","modified_gmt":"2018-10-31T09:10:12","slug":"l-olympique-lyonnais-brille-par-sa-formation","status":"publish","type":"post","link":"https:\/\/dicodusport.fr\/blog\/l-olympique-lyonnais-brille-par-sa-formation\/","title":{"rendered":"L&rsquo;Olympique Lyonnais brille par sa formation"},"content":{"rendered":"<p style=\"text-align: justify;\"><em><strong>R\u00e9put\u00e9 depuis de nombreuses ann\u00e9es pour la qualit\u00e9 de son centre de formation et sa capacit\u00e9 \u00e0 sortir r\u00e9guli\u00e8rement de tr\u00e8s bons jeunes joueurs de ce dernier, l\u2019Olympique Lyonnais se positionne comme le second meilleur club d\u2019Europe \u00e0 ce niveau, comme le r\u00e9v\u00e8le le Centre International d\u2019\u00c9tude du Sport (CIES) dans sa nouvelle \u00e9tude.<\/strong><\/em><\/p>\n<p><span class=\"ce5jyU2IR4PM9ZbThg7XmKYFOdu8wi3oHWxQGap1qNzBlCvJktSEL\"><\/p>\n<blockquote class=\"twitter-tweet\" data-width=\"550\" data-dnt=\"true\">\n<p lang=\"en\" dir=\"ltr\">.<a href=\"https:\/\/twitter.com\/OL?ref_src=twsrc%5Etfw\">@OL<\/a> gets close to .<a href=\"https:\/\/twitter.com\/realmadrid?ref_src=twsrc%5Etfw\">@realmadrid<\/a> in the exclusive <a href=\"https:\/\/twitter.com\/CIES_Football?ref_src=twsrc%5Etfw\">@CIES_Football<\/a> rankings for clubs having trained the most players currently present in the big-5 European leagues, find out more at <a href=\"https:\/\/t.co\/l3lGtfGVvh\">https:\/\/t.co\/l3lGtfGVvh<\/a> <a href=\"https:\/\/twitter.com\/hashtag\/FCBarcelona?src=hash&amp;ref_src=twsrc%5Etfw\">#FCBarcelona<\/a> <a href=\"https:\/\/twitter.com\/hashtag\/AthleticClub?src=hash&amp;ref_src=twsrc%5Etfw\">#AthleticClub<\/a> <a href=\"https:\/\/twitter.com\/hashtag\/PSG?src=hash&amp;ref_src=twsrc%5Etfw\">#PSG<\/a> <a href=\"https:\/\/twitter.com\/hashtag\/staderennais?src=hash&amp;ref_src=twsrc%5Etfw\">#staderennais<\/a> <a href=\"https:\/\/twitter.com\/hashtag\/manchesterunited?src=hash&amp;ref_src=twsrc%5Etfw\">#manchesterunited<\/a> <a href=\"https:\/\/t.co\/Gb2J02aDp0\">pic.twitter.com\/Gb2J02aDp0<\/a><\/p>\n<p>&mdash; CIES Football Obs (@CIES_Football) <a href=\"https:\/\/twitter.com\/CIES_Football\/status\/1056864313963696131?ref_src=twsrc%5Etfw\">October 29, 2018<\/a><\/p><\/blockquote>\n<p><script async src=\"https:\/\/platform.twitter.com\/widgets.js\" charset=\"utf-8\"><\/script><\/span><\/p>\n<p style=\"text-align: justify;\">Karim Benzema, Alexandre Lacazette, Nabil Fekir, Samuel Umtiti, Corentin Tolisso, Anthony Martial ou encore Houssem Aouar. Tous ces joueurs brillent dans les plus grands clubs europ\u00e9ens avec un point commun, celui d\u2019avoir \u00e9t\u00e9 form\u00e9 \u00e0 l\u2019Olympique Lyonnais. Et ils ne sont pas les seuls. D\u2019apr\u00e8s la derni\u00e8re \u00e9tude du Centre International d\u2019Etude du Sport, ils sont 45 joueurs form\u00e9s \u00e0 l\u2019Olympique Lyonnais \u00e0 \u00e9voluer dans l\u2019une des 31 premi\u00e8res divisions europ\u00e9ennes. Au sein de ce classement, le centre de formation lyonnais gagne sept places en comparaison de son classement 2017 pour se retrouver quatorzi\u00e8me de ce classement. Une belle progression pour un club qui met en avant depuis de nombreuses ann\u00e9es les qualit\u00e9s de sa formation.<\/p>\n<div id=\"attachment_28438\" style=\"width: 819px\" class=\"wp-caption aligncenter\"><img loading=\"lazy\" decoding=\"async\" aria-describedby=\"caption-attachment-28438\" class=\" wp-image-28438\" src=\"http:\/\/dicodusport.fr\/blog\/wp-content\/uploads\/2018\/10\/Umtiti-Tolisso-Lacazette-tous-forme\u0301s-a\u0300-lOlympique-Lyonnais-LExpress.jpg\" alt=\"\" width=\"809\" height=\"455\" srcset=\"https:\/\/dicodusport.fr\/blog\/wp-content\/uploads\/2018\/10\/Umtiti-Tolisso-Lacazette-tous-forme\u0301s-a\u0300-lOlympique-Lyonnais-LExpress.jpg 640w, https:\/\/dicodusport.fr\/blog\/wp-content\/uploads\/2018\/10\/Umtiti-Tolisso-Lacazette-tous-forme\u0301s-a\u0300-lOlympique-Lyonnais-LExpress-300x169.jpg 300w\" sizes=\"auto, (max-width: 809px) 100vw, 809px\" \/><p id=\"caption-attachment-28438\" class=\"wp-caption-text\">Umtiti, Tolisso, Lacazette, tous forme\u0301s a\u0300 l&rsquo;Olympique Lyonnais &#8211; AFP<\/p><\/div>\n<p style=\"text-align: justify;\">Mieux encore, lorsque l\u2019on s\u2019int\u00e9resse uniquement aux cinq plus grands championnats europ\u00e9ens parmi lesquels l\u2019Espagne, l\u2019Angleterre, l\u2019Allemagne, l\u2019Italie et la France, l\u2019Olympique Lyonnais est tout simplement le deuxi\u00e8me club formateur \u00e0 fournir le plus de joueurs avec pas moins de 35 joueurs issus de son centre de formation. Une performance notable qui place le club rhodanien \u00e0 seulement une unit\u00e9 du grand Real Madrid avec ses 36 joueurs form\u00e9s au club.<\/p>\n<p><span class=\"bw3HULqAnmlXog1dQ6MR0D2efGBuTjaiYF45s97rPIvWp8hNEcKSxJtOC\"><\/p>\n<blockquote class=\"twitter-tweet\" data-width=\"550\" data-dnt=\"true\">\n<p lang=\"fr\" dir=\"ltr\">La <a href=\"https:\/\/twitter.com\/hashtag\/TeamOL?src=hash&amp;ref_src=twsrc%5Etfw\">#TeamOL<\/a> gagne un rang dans le classement des \u00e9quipes ayant form\u00e9 les joueurs actifs dans le big-5 selon l\u2019Observatoire du football CIES ! \ud83d\udcaa\ud83d\udd34\ud83d\udd35<\/p>\n<p>L&#39;OL est d\u00e9sormais 2\u00e8me avec 35 joueurs juste derri\u00e8re le <a href=\"https:\/\/twitter.com\/realmadrid?ref_src=twsrc%5Etfw\">@realmadrid<\/a> ! Formidable <a href=\"https:\/\/twitter.com\/hashtag\/Academy?src=hash&amp;ref_src=twsrc%5Etfw\">#Academy<\/a> ! \ud83d\udc4f\ud83d\udc4f <a href=\"https:\/\/t.co\/mUt3DiiXea\">pic.twitter.com\/mUt3DiiXea<\/a><\/p>\n<p>&mdash; Olympique Lyonnais (@OL) <a href=\"https:\/\/twitter.com\/OL\/status\/1056845207478697985?ref_src=twsrc%5Etfw\">October 29, 2018<\/a><\/p><\/blockquote>\n<p><script async src=\"https:\/\/platform.twitter.com\/widgets.js\" charset=\"utf-8\"><\/script><\/span><\/p>\n<p style=\"text-align: justify;\">Fort de sa strat\u00e9gie tourn\u00e9e autour de la formation, l\u2019Olympique Lyonnais peut s\u2019appuyer sur une structure importante qui voit ann\u00e9e apr\u00e8s ann\u00e9e de tr\u00e8s nombreux joueurs devenir professionnels. Bien que la liste issue de cette \u00e9tude du Centre International d\u2019Etude du Sport soit d\u00e9j\u00e0 cons\u00e9quente, il faut ajouter \u00e0 cette derni\u00e8re les nombreux jeunes Lyonnais qui \u00e9voluent r\u00e9guli\u00e8rement en seconde division, notamment fran\u00e7aise, et qui sont eux aussi issus du centre de formation de l\u2019Olympique Lyonnais. Un travail \u00e0 mettre \u00e0 l\u2019actif, actuellement, de Jean-Fran\u00e7ois Vulliez, le directeur du centre de formation, et de ses \u00e9quipes.<\/p>\n<p style=\"text-align: justify;\">Ce dernier ne veut pas se contenter d\u2019une bonne place dans un tel classement et souhaite que son centre de formation puisse \u00eatre <em>\u00ab\u00a0capable d\u2019alimenter encore plus r\u00e9guli\u00e8rement notre \u00e9quipe fanion\u00a0\u00bb<\/em>. Pour Jean-Fran\u00e7ois Vulliez, <em>\u00ab\u00a0il faut absolument que dans les ann\u00e9es futures, nous puissions sortir dans chaque g\u00e9n\u00e9ration un \u00e0 deux jeunes de niveau Champions League \u00bb<\/em>. Cela promet encore de belles ann\u00e9es en mati\u00e8re de formation du c\u00f4t\u00e9 de l\u2019OL.<\/p>\n<p><strong><em>Bastien Pitte<br \/>\n<a href=\"https:\/\/www.facebook.com\/bastien.pitte\" target=\"_blank\" rel=\"noopener\"><img loading=\"lazy\" decoding=\"async\" class=\"alignnone wp-image-2909\" src=\"http:\/\/dicodusport.fr\/blog\/wp-content\/uploads\/2017\/07\/logo-facebook-150x150.png\" alt=\"\" width=\"39\" height=\"39\" \/><\/a><\/em><\/strong><a href=\"https:\/\/www.linkedin.com\/in\/bastien-pitte\" target=\"_blank\" rel=\"noopener\"><img loading=\"lazy\" decoding=\"async\" class=\"alignnone wp-image-3711\" src=\"http:\/\/dicodusport.fr\/blog\/wp-content\/uploads\/2017\/08\/signature-linkedin-150x150.png\" alt=\"\" width=\"39\" height=\"39\" srcset=\"https:\/\/dicodusport.fr\/blog\/wp-content\/uploads\/2017\/08\/signature-linkedin-150x150.png 150w, https:\/\/dicodusport.fr\/blog\/wp-content\/uploads\/2017\/08\/signature-linkedin.png 295w\" sizes=\"auto, (max-width: 39px) 100vw, 39px\" \/><\/a><\/p>\n","protected":false},"excerpt":{"rendered":"<p>L\u2019Olympique Lyonnais se positionne comme le second meilleur club d\u2019Europe en mati\u00e8re de formation, comme le r\u00e9v\u00e8le le Centre International d\u2019Etude du Sport. <\/p>\n","protected":false},"author":28,"featured_media":28445,"comment_status":"open","ping_status":"closed","sticky":false,"template":"","format":"standard","meta":{"_acf_changed":false,"_daextam_enable_autolinks":"","footnotes":""},"categories":[2,2301],"tags":[1800,75,2845,1146],"class_list":["post-28431","post","type-post","status-publish","format-standard","has-post-thumbnail","hentry","category-actualites","category-football","tag-europe","tag-football","tag-jean-michel-aulas","tag-olympique-lyonnais"],"acf":[],"yoast_head":"<!-- This site is optimized with the Yoast SEO Premium plugin v26.7 (Yoast SEO v26.7) - https:\/\/yoast.com\/wordpress\/plugins\/seo\/ -->\n<title>L&#039;Olympique Lyonnais brille par sa formation<\/title>\n<meta name=\"description\" content=\"L\u2019Olympique Lyonnais se positionne comme le second meilleur club d\u2019Europe en mati\u00e8re de formation, comme le r\u00e9v\u00e8le le Centre International d\u2019Etude du Sport.\" \/>\n<meta name=\"robots\" content=\"index, follow, max-snippet:-1, max-image-preview:large, max-video-preview:-1\" \/>\n<link rel=\"canonical\" href=\"https:\/\/dicodusport.fr\/blog\/l-olympique-lyonnais-brille-par-sa-formation\/\" \/>\n<meta property=\"og:locale\" content=\"fr_FR\" \/>\n<meta property=\"og:type\" content=\"article\" \/>\n<meta property=\"og:title\" content=\"L&#039;Olympique Lyonnais brille par sa formation\" \/>\n<meta property=\"og:description\" content=\"L\u2019Olympique Lyonnais se positionne comme le second meilleur club d\u2019Europe en mati\u00e8re de formation, comme le r\u00e9v\u00e8le le Centre International d\u2019Etude du Sport.\" \/>\n<meta property=\"og:url\" content=\"https:\/\/dicodusport.fr\/blog\/l-olympique-lyonnais-brille-par-sa-formation\/\" \/>\n<meta property=\"og:site_name\" content=\"Dicodusport\" \/>\n<meta property=\"article:publisher\" content=\"https:\/\/www.facebook.com\/dicodusport\" \/>\n<meta property=\"article:published_time\" content=\"2018-10-31T09:06:19+00:00\" \/>\n<meta property=\"article:modified_time\" content=\"2018-10-31T09:10:12+00:00\" \/>\n<meta property=\"og:image\" content=\"https:\/\/dicodusport.fr\/blog\/wp-content\/uploads\/2018\/10\/Fekir-Aouar-formation-lyonnaise.png\" \/>\n\t<meta property=\"og:image:width\" content=\"800\" \/>\n\t<meta property=\"og:image:height\" content=\"445\" \/>\n\t<meta property=\"og:image:type\" content=\"image\/png\" \/>\n<meta name=\"author\" content=\"Bastien Pitte\" \/>\n<meta name=\"twitter:card\" content=\"summary_large_image\" \/>\n<meta name=\"twitter:creator\" content=\"@dicodusport\" \/>\n<meta name=\"twitter:site\" content=\"@dicodusport\" \/>\n<script type=\"application\/ld+json\" class=\"yoast-schema-graph\">{\"@context\":\"https:\/\/schema.org\",\"@graph\":[{\"@type\":\"NewsArticle\",\"@id\":\"https:\/\/dicodusport.fr\/blog\/l-olympique-lyonnais-brille-par-sa-formation\/#article\",\"isPartOf\":{\"@id\":\"https:\/\/dicodusport.fr\/blog\/l-olympique-lyonnais-brille-par-sa-formation\/\"},\"author\":{\"name\":\"Bastien Pitte\",\"@id\":\"https:\/\/dicodusport.fr\/blog\/#\/schema\/person\/0d3ca824646a2d0c77bdd7e45230c071\"},\"headline\":\"L&rsquo;Olympique Lyonnais brille par sa formation\",\"datePublished\":\"2018-10-31T09:06:19+00:00\",\"dateModified\":\"2018-10-31T09:10:12+00:00\",\"mainEntityOfPage\":{\"@id\":\"https:\/\/dicodusport.fr\/blog\/l-olympique-lyonnais-brille-par-sa-formation\/\"},\"wordCount\":500,\"commentCount\":0,\"publisher\":{\"@id\":\"https:\/\/dicodusport.fr\/blog\/#organization\"},\"image\":{\"@id\":\"https:\/\/dicodusport.fr\/blog\/l-olympique-lyonnais-brille-par-sa-formation\/#primaryimage\"},\"thumbnailUrl\":\"https:\/\/dicodusport.fr\/blog\/wp-content\/uploads\/2018\/10\/Fekir-Aouar-formation-lyonnaise.png\",\"keywords\":[\"Europe\",\"Football\",\"Jean-Michel Aulas\",\"Olympique lyonnais\"],\"articleSection\":[\"Actualit\u00e9s\",\"Football\"],\"inLanguage\":\"fr-FR\",\"potentialAction\":[{\"@type\":\"CommentAction\",\"name\":\"Comment\",\"target\":[\"https:\/\/dicodusport.fr\/blog\/l-olympique-lyonnais-brille-par-sa-formation\/#respond\"]}],\"copyrightYear\":\"2018\",\"copyrightHolder\":{\"@id\":\"https:\/\/dicodusport.fr\/blog\/#organization\"}},{\"@type\":\"WebPage\",\"@id\":\"https:\/\/dicodusport.fr\/blog\/l-olympique-lyonnais-brille-par-sa-formation\/\",\"url\":\"https:\/\/dicodusport.fr\/blog\/l-olympique-lyonnais-brille-par-sa-formation\/\",\"name\":\"L'Olympique Lyonnais brille par sa formation\",\"isPartOf\":{\"@id\":\"https:\/\/dicodusport.fr\/blog\/#website\"},\"primaryImageOfPage\":{\"@id\":\"https:\/\/dicodusport.fr\/blog\/l-olympique-lyonnais-brille-par-sa-formation\/#primaryimage\"},\"image\":{\"@id\":\"https:\/\/dicodusport.fr\/blog\/l-olympique-lyonnais-brille-par-sa-formation\/#primaryimage\"},\"thumbnailUrl\":\"https:\/\/dicodusport.fr\/blog\/wp-content\/uploads\/2018\/10\/Fekir-Aouar-formation-lyonnaise.png\",\"datePublished\":\"2018-10-31T09:06:19+00:00\",\"dateModified\":\"2018-10-31T09:10:12+00:00\",\"description\":\"L\u2019Olympique Lyonnais se positionne comme le second meilleur club d\u2019Europe en mati\u00e8re de formation, comme le r\u00e9v\u00e8le le Centre International d\u2019Etude du Sport.\",\"breadcrumb\":{\"@id\":\"https:\/\/dicodusport.fr\/blog\/l-olympique-lyonnais-brille-par-sa-formation\/#breadcrumb\"},\"inLanguage\":\"fr-FR\",\"potentialAction\":[{\"@type\":\"ReadAction\",\"target\":[\"https:\/\/dicodusport.fr\/blog\/l-olympique-lyonnais-brille-par-sa-formation\/\"]}]},{\"@type\":\"ImageObject\",\"inLanguage\":\"fr-FR\",\"@id\":\"https:\/\/dicodusport.fr\/blog\/l-olympique-lyonnais-brille-par-sa-formation\/#primaryimage\",\"url\":\"https:\/\/dicodusport.fr\/blog\/wp-content\/uploads\/2018\/10\/Fekir-Aouar-formation-lyonnaise.png\",\"contentUrl\":\"https:\/\/dicodusport.fr\/blog\/wp-content\/uploads\/2018\/10\/Fekir-Aouar-formation-lyonnaise.png\",\"width\":800,\"height\":445},{\"@type\":\"BreadcrumbList\",\"@id\":\"https:\/\/dicodusport.fr\/blog\/l-olympique-lyonnais-brille-par-sa-formation\/#breadcrumb\",\"itemListElement\":[{\"@type\":\"ListItem\",\"position\":1,\"name\":\"Accueil\",\"item\":\"https:\/\/dicodusport.fr\/blog\/\"},{\"@type\":\"ListItem\",\"position\":2,\"name\":\"L&rsquo;Olympique Lyonnais brille par sa formation\"}]},{\"@type\":\"WebSite\",\"@id\":\"https:\/\/dicodusport.fr\/blog\/#website\",\"url\":\"https:\/\/dicodusport.fr\/blog\/\",\"name\":\"Dicodusport\",\"description\":\"L&#039;encyclop\u00e9die de l&#039;actualit\u00e9 sportive\",\"publisher\":{\"@id\":\"https:\/\/dicodusport.fr\/blog\/#organization\"},\"potentialAction\":[{\"@type\":\"SearchAction\",\"target\":{\"@type\":\"EntryPoint\",\"urlTemplate\":\"https:\/\/dicodusport.fr\/blog\/?s={search_term_string}\"},\"query-input\":{\"@type\":\"PropertyValueSpecification\",\"valueRequired\":true,\"valueName\":\"search_term_string\"}}],\"inLanguage\":\"fr-FR\"},{\"@type\":\"NewsMediaOrganization\",\"@id\":\"https:\/\/dicodusport.fr\/blog\/#organization\",\"name\":\"Dicodusport\",\"url\":\"https:\/\/dicodusport.fr\/blog\/\",\"logo\":{\"@type\":\"ImageObject\",\"inLanguage\":\"fr-FR\",\"@id\":\"https:\/\/dicodusport.fr\/blog\/#\/schema\/logo\/image\/\",\"url\":\"https:\/\/dicodusport.fr\/blog\/wp-content\/uploads\/2020\/06\/cropped-LOGO-DICODUSPORT-2020-SANS-FOND-SANS-TEXTE.png\",\"contentUrl\":\"https:\/\/dicodusport.fr\/blog\/wp-content\/uploads\/2020\/06\/cropped-LOGO-DICODUSPORT-2020-SANS-FOND-SANS-TEXTE.png\",\"width\":512,\"height\":512,\"caption\":\"Dicodusport\"},\"image\":{\"@id\":\"https:\/\/dicodusport.fr\/blog\/#\/schema\/logo\/image\/\"},\"sameAs\":[\"https:\/\/www.facebook.com\/dicodusport\",\"https:\/\/x.com\/dicodusport\",\"https:\/\/www.instagram.com\/dicodusport\/\",\"https:\/\/www.youtube.com\/channel\/UC7V2KZ5sd3htJivAbA4ZG3w\"],\"description\":\"Dicodusport est l'encyclop\u00e9die de l'actualit\u00e9 sportive.\",\"email\":\"bonjour@dicodusport.fr\",\"legalName\":\"DICODUSPORT\",\"foundingDate\":\"2018-01-14\",\"vatID\":\"FR71834470973\",\"taxID\":\"83447097300043\",\"numberOfEmployees\":{\"@type\":\"QuantitativeValue\",\"minValue\":\"1\",\"maxValue\":\"10\"}},{\"@type\":\"Person\",\"@id\":\"https:\/\/dicodusport.fr\/blog\/#\/schema\/person\/0d3ca824646a2d0c77bdd7e45230c071\",\"name\":\"Bastien Pitte\",\"image\":{\"@type\":\"ImageObject\",\"inLanguage\":\"fr-FR\",\"@id\":\"https:\/\/dicodusport.fr\/blog\/#\/schema\/person\/image\/\",\"url\":\"https:\/\/dicodusport.fr\/blog\/wp-content\/uploads\/2020\/06\/cropped-LOGO-DICODUSPORT-2020-SANS-FOND-SANS-TEXTE-150x150.png\",\"contentUrl\":\"https:\/\/dicodusport.fr\/blog\/wp-content\/uploads\/2020\/06\/cropped-LOGO-DICODUSPORT-2020-SANS-FOND-SANS-TEXTE-150x150.png\",\"caption\":\"Bastien Pitte\"},\"url\":\"https:\/\/dicodusport.fr\/blog\/author\/bastien\/\"}]}<\/script>\n<!-- \/ Yoast SEO Premium plugin. -->","yoast_head_json":{"title":"L'Olympique Lyonnais brille par sa formation","description":"L\u2019Olympique Lyonnais se positionne comme le second meilleur club d\u2019Europe en mati\u00e8re de formation, comme le r\u00e9v\u00e8le le Centre International d\u2019Etude du Sport.","robots":{"index":"index","follow":"follow","max-snippet":"max-snippet:-1","max-image-preview":"max-image-preview:large","max-video-preview":"max-video-preview:-1"},"canonical":"https:\/\/dicodusport.fr\/blog\/l-olympique-lyonnais-brille-par-sa-formation\/","og_locale":"fr_FR","og_type":"article","og_title":"L'Olympique Lyonnais brille par sa formation","og_description":"L\u2019Olympique Lyonnais se positionne comme le second meilleur club d\u2019Europe en mati\u00e8re de formation, comme le r\u00e9v\u00e8le le Centre International d\u2019Etude du Sport.","og_url":"https:\/\/dicodusport.fr\/blog\/l-olympique-lyonnais-brille-par-sa-formation\/","og_site_name":"Dicodusport","article_publisher":"https:\/\/www.facebook.com\/dicodusport","article_published_time":"2018-10-31T09:06:19+00:00","article_modified_time":"2018-10-31T09:10:12+00:00","og_image":[{"width":800,"height":445,"url":"https:\/\/dicodusport.fr\/blog\/wp-content\/uploads\/2018\/10\/Fekir-Aouar-formation-lyonnaise.png","type":"image\/png"}],"author":"Bastien Pitte","twitter_card":"summary_large_image","twitter_creator":"@dicodusport","twitter_site":"@dicodusport","schema":{"@context":"https:\/\/schema.org","@graph":[{"@type":"NewsArticle","@id":"https:\/\/dicodusport.fr\/blog\/l-olympique-lyonnais-brille-par-sa-formation\/#article","isPartOf":{"@id":"https:\/\/dicodusport.fr\/blog\/l-olympique-lyonnais-brille-par-sa-formation\/"},"author":{"name":"Bastien Pitte","@id":"https:\/\/dicodusport.fr\/blog\/#\/schema\/person\/0d3ca824646a2d0c77bdd7e45230c071"},"headline":"L&rsquo;Olympique Lyonnais brille par sa formation","datePublished":"2018-10-31T09:06:19+00:00","dateModified":"2018-10-31T09:10:12+00:00","mainEntityOfPage":{"@id":"https:\/\/dicodusport.fr\/blog\/l-olympique-lyonnais-brille-par-sa-formation\/"},"wordCount":500,"commentCount":0,"publisher":{"@id":"https:\/\/dicodusport.fr\/blog\/#organization"},"image":{"@id":"https:\/\/dicodusport.fr\/blog\/l-olympique-lyonnais-brille-par-sa-formation\/#primaryimage"},"thumbnailUrl":"https:\/\/dicodusport.fr\/blog\/wp-content\/uploads\/2018\/10\/Fekir-Aouar-formation-lyonnaise.png","keywords":["Europe","Football","Jean-Michel Aulas","Olympique lyonnais"],"articleSection":["Actualit\u00e9s","Football"],"inLanguage":"fr-FR","potentialAction":[{"@type":"CommentAction","name":"Comment","target":["https:\/\/dicodusport.fr\/blog\/l-olympique-lyonnais-brille-par-sa-formation\/#respond"]}],"copyrightYear":"2018","copyrightHolder":{"@id":"https:\/\/dicodusport.fr\/blog\/#organization"}},{"@type":"WebPage","@id":"https:\/\/dicodusport.fr\/blog\/l-olympique-lyonnais-brille-par-sa-formation\/","url":"https:\/\/dicodusport.fr\/blog\/l-olympique-lyonnais-brille-par-sa-formation\/","name":"L'Olympique Lyonnais brille par sa formation","isPartOf":{"@id":"https:\/\/dicodusport.fr\/blog\/#website"},"primaryImageOfPage":{"@id":"https:\/\/dicodusport.fr\/blog\/l-olympique-lyonnais-brille-par-sa-formation\/#primaryimage"},"image":{"@id":"https:\/\/dicodusport.fr\/blog\/l-olympique-lyonnais-brille-par-sa-formation\/#primaryimage"},"thumbnailUrl":"https:\/\/dicodusport.fr\/blog\/wp-content\/uploads\/2018\/10\/Fekir-Aouar-formation-lyonnaise.png","datePublished":"2018-10-31T09:06:19+00:00","dateModified":"2018-10-31T09:10:12+00:00","description":"L\u2019Olympique Lyonnais se positionne comme le second meilleur club d\u2019Europe en mati\u00e8re de formation, comme le r\u00e9v\u00e8le le Centre International d\u2019Etude du Sport.","breadcrumb":{"@id":"https:\/\/dicodusport.fr\/blog\/l-olympique-lyonnais-brille-par-sa-formation\/#breadcrumb"},"inLanguage":"fr-FR","potentialAction":[{"@type":"ReadAction","target":["https:\/\/dicodusport.fr\/blog\/l-olympique-lyonnais-brille-par-sa-formation\/"]}]},{"@type":"ImageObject","inLanguage":"fr-FR","@id":"https:\/\/dicodusport.fr\/blog\/l-olympique-lyonnais-brille-par-sa-formation\/#primaryimage","url":"https:\/\/dicodusport.fr\/blog\/wp-content\/uploads\/2018\/10\/Fekir-Aouar-formation-lyonnaise.png","contentUrl":"https:\/\/dicodusport.fr\/blog\/wp-content\/uploads\/2018\/10\/Fekir-Aouar-formation-lyonnaise.png","width":800,"height":445},{"@type":"BreadcrumbList","@id":"https:\/\/dicodusport.fr\/blog\/l-olympique-lyonnais-brille-par-sa-formation\/#breadcrumb","itemListElement":[{"@type":"ListItem","position":1,"name":"Accueil","item":"https:\/\/dicodusport.fr\/blog\/"},{"@type":"ListItem","position":2,"name":"L&rsquo;Olympique Lyonnais brille par sa formation"}]},{"@type":"WebSite","@id":"https:\/\/dicodusport.fr\/blog\/#website","url":"https:\/\/dicodusport.fr\/blog\/","name":"Dicodusport","description":"L&#039;encyclop\u00e9die de l&#039;actualit\u00e9 sportive","publisher":{"@id":"https:\/\/dicodusport.fr\/blog\/#organization"},"potentialAction":[{"@type":"SearchAction","target":{"@type":"EntryPoint","urlTemplate":"https:\/\/dicodusport.fr\/blog\/?s={search_term_string}"},"query-input":{"@type":"PropertyValueSpecification","valueRequired":true,"valueName":"search_term_string"}}],"inLanguage":"fr-FR"},{"@type":"NewsMediaOrganization","@id":"https:\/\/dicodusport.fr\/blog\/#organization","name":"Dicodusport","url":"https:\/\/dicodusport.fr\/blog\/","logo":{"@type":"ImageObject","inLanguage":"fr-FR","@id":"https:\/\/dicodusport.fr\/blog\/#\/schema\/logo\/image\/","url":"https:\/\/dicodusport.fr\/blog\/wp-content\/uploads\/2020\/06\/cropped-LOGO-DICODUSPORT-2020-SANS-FOND-SANS-TEXTE.png","contentUrl":"https:\/\/dicodusport.fr\/blog\/wp-content\/uploads\/2020\/06\/cropped-LOGO-DICODUSPORT-2020-SANS-FOND-SANS-TEXTE.png","width":512,"height":512,"caption":"Dicodusport"},"image":{"@id":"https:\/\/dicodusport.fr\/blog\/#\/schema\/logo\/image\/"},"sameAs":["https:\/\/www.facebook.com\/dicodusport","https:\/\/x.com\/dicodusport","https:\/\/www.instagram.com\/dicodusport\/","https:\/\/www.youtube.com\/channel\/UC7V2KZ5sd3htJivAbA4ZG3w"],"description":"Dicodusport est l'encyclop\u00e9die de l'actualit\u00e9 sportive.","email":"bonjour@dicodusport.fr","legalName":"DICODUSPORT","foundingDate":"2018-01-14","vatID":"FR71834470973","taxID":"83447097300043","numberOfEmployees":{"@type":"QuantitativeValue","minValue":"1","maxValue":"10"}},{"@type":"Person","@id":"https:\/\/dicodusport.fr\/blog\/#\/schema\/person\/0d3ca824646a2d0c77bdd7e45230c071","name":"Bastien Pitte","image":{"@type":"ImageObject","inLanguage":"fr-FR","@id":"https:\/\/dicodusport.fr\/blog\/#\/schema\/person\/image\/","url":"https:\/\/dicodusport.fr\/blog\/wp-content\/uploads\/2020\/06\/cropped-LOGO-DICODUSPORT-2020-SANS-FOND-SANS-TEXTE-150x150.png","contentUrl":"https:\/\/dicodusport.fr\/blog\/wp-content\/uploads\/2020\/06\/cropped-LOGO-DICODUSPORT-2020-SANS-FOND-SANS-TEXTE-150x150.png","caption":"Bastien Pitte"},"url":"https:\/\/dicodusport.fr\/blog\/author\/bastien\/"}]}},"_links":{"self":[{"href":"https:\/\/dicodusport.fr\/blog\/wp-json\/wp\/v2\/posts\/28431","targetHints":{"allow":["GET"]}}],"collection":[{"href":"https:\/\/dicodusport.fr\/blog\/wp-json\/wp\/v2\/posts"}],"about":[{"href":"https:\/\/dicodusport.fr\/blog\/wp-json\/wp\/v2\/types\/post"}],"author":[{"embeddable":true,"href":"https:\/\/dicodusport.fr\/blog\/wp-json\/wp\/v2\/users\/28"}],"replies":[{"embeddable":true,"href":"https:\/\/dicodusport.fr\/blog\/wp-json\/wp\/v2\/comments?post=28431"}],"version-history":[{"count":0,"href":"https:\/\/dicodusport.fr\/blog\/wp-json\/wp\/v2\/posts\/28431\/revisions"}],"wp:featuredmedia":[{"embeddable":true,"href":"https:\/\/dicodusport.fr\/blog\/wp-json\/wp\/v2\/media\/28445"}],"wp:attachment":[{"href":"https:\/\/dicodusport.fr\/blog\/wp-json\/wp\/v2\/media?parent=28431"}],"wp:term":[{"taxonomy":"category","embeddable":true,"href":"https:\/\/dicodusport.fr\/blog\/wp-json\/wp\/v2\/categories?post=28431"},{"taxonomy":"post_tag","embeddable":true,"href":"https:\/\/dicodusport.fr\/blog\/wp-json\/wp\/v2\/tags?post=28431"}],"curies":[{"name":"wp","href":"https:\/\/api.w.org\/{rel}","templated":true}]}}