{"id":284404,"date":"2022-12-01T14:51:49","date_gmt":"2022-12-01T13:51:49","guid":{"rendered":"https:\/\/dicodusport.fr\/blog\/?p=284404&#038;preview=true&#038;preview_id=284404"},"modified":"2022-12-01T15:27:56","modified_gmt":"2022-12-01T14:27:56","slug":"biathlon-kontiolahti-2022-les-bleues-au-pied-du-podium-en-relais-la-suede-simpose","status":"publish","type":"post","link":"https:\/\/dicodusport.fr\/blog\/biathlon-kontiolahti-2022-les-bleues-au-pied-du-podium-en-relais-la-suede-simpose\/","title":{"rendered":"Biathlon Kontiolahti 2022 : Les Bleues au pied du podium en relais, la Su\u00e8de s&rsquo;impose"},"content":{"rendered":"<p style=\"text-align: justify;\"><b><i><a href=\"https:\/\/dicodusport.fr\/blog\/biathlon-kontiolahti-2022-programme-complet-et-resultats\/\">BIATHLON COUPE DU MONDE DE KONTIOLAHTI 2022<\/a> &#8211; Le relais bleu a \u00e9t\u00e9 de qualit\u00e9 in\u00e9gale, et malgr\u00e9 la bonne forme d&rsquo;Ana\u00efs Chevalier-Bouchet, les Fran\u00e7aises n&rsquo;ont pas r\u00e9ussi \u00e0 monter sur la bo\u00eete lors d&rsquo;une course domin\u00e9e par la Su\u00e8de.\u00a0<\/i><\/b><\/p>\n<p style=\"text-align: justify;\">Apr\u00e8s <a href=\"https:\/\/dicodusport.fr\/blog\/biathlon-kontiolahti-2022-les-bleus-troisieles-du-relais-norvege-victorieuse\/\">la troisi\u00e8me place des hommes en pr\u00e9ambule<\/a>, c&rsquo;\u00e9tait au tour des femmes de disputer leur premier relais de la saison. On \u00e9tait impatients de voir ce qu&rsquo;allait donner ce relais fran\u00e7ais forc\u00e9ment renouvel\u00e9 par rapport \u00e0 la saison pass\u00e9e. <strong>Lou Jeanmonnot, Ana\u00efs Chevalier-Bouchet, Chlo\u00e9 Chevalier<\/strong> et<strong> Julia Simon<\/strong> avaient un bon coup \u00e0 jouer, mais les favorites restaient les Su\u00e9doises, port\u00e9es par <strong>Hanna Oeberg,<\/strong> <a href=\"https:\/\/dicodusport.fr\/blog\/biathlon-kontiolahti-hanna-oeberg-rafle-la-mise-sur-individuel-ouverture\/\">laur\u00e9ate de l&rsquo;individuel hier<\/a>.<\/p>\n<h2 style=\"text-align: justify;\">Jeanmonnot paye pour apprendre, Chevalier-Bouchet imp\u00e9riale<\/h2>\n<p style=\"text-align: justify;\">Pour son premier relais en Coupe du monde, <strong>Lou Jeanmonnot<\/strong> d\u00e9marrait donc pour l&rsquo;\u00e9quipe de France. Une pression visiblement difficile \u00e0 supporter, puisqu&rsquo;elle a pioch\u00e9 trois fois sur son tir couch\u00e9, mais a \u00e9vit\u00e9 un tour de p\u00e9nalit\u00e9 qui aurait \u00e9t\u00e9 r\u00e9dhibitoire pour un bon r\u00e9sultat. Elle a redress\u00e9 la barre sur le debout (1 seule pioche), mais le mal \u00e9tait fait, et elle a pass\u00e9 le relais en 9\u00e8me position, \u00e0 presque 40 secondes de la t\u00eate.<\/p>\n<blockquote class=\"twitter-tweet\">\n<p dir=\"ltr\" lang=\"fr\">&#x1f615;&#x1f1eb;&#x1f1f7; Lou Jeanmonnot avec trois pioches pour d\u00e9marrer le relais<\/p>\n<p>&#x1f4f2;&#x1f4bb;&#x1f4fa; Le direct &gt; <a href=\"https:\/\/t.co\/bWSrhVawF5\">https:\/\/t.co\/bWSrhVawF5<\/a><a href=\"https:\/\/twitter.com\/hashtag\/lequipeBIATHLON?src=hash&amp;ref_src=twsrc%5Etfw\">#lequipeBIATHLON<\/a> <a href=\"https:\/\/t.co\/9vPkUtszaX\">pic.twitter.com\/9vPkUtszaX<\/a><\/p>\n<p>\u2014 la chaine L&rsquo;\u00c9quipe (@lachainelequipe) <a href=\"https:\/\/twitter.com\/lachainelequipe\/status\/1598296840163803136?ref_src=twsrc%5Etfw\">December 1, 2022<\/a><\/p><\/blockquote>\n<p style=\"text-align: justify;\"><script async src=\"https:\/\/platform.twitter.com\/widgets.js\" charset=\"utf-8\"><\/script><\/p>\n<p style=\"text-align: justify;\"><strong>Ana\u00efs Chevalier-Bouchet<\/strong> avait alors du pain sur la planche. Boucher l&rsquo;\u00e9cart et relancer les Bleues. Mission accomplie, et de quelle mani\u00e8re ! <strong>10\/10<\/strong>, aucune pioche, une belle aisance \u00e0 skis : un boulot de tauli\u00e8re. La Tricolore a rejoint la ligne dans le groupe de t\u00eate, avec la Norv\u00e8ge, la Su\u00e8de, l&rsquo;Autriche, la Suisse, l&rsquo;Allemagne et l&rsquo;Italie. Un relais parfait, qui a remis les Bleues sur le bon chemin.<\/p>\n<h2 style=\"text-align: justify;\">Chlo\u00e9 Chevalier tremble, les Bleues quatri\u00e8mes<\/h2>\n<p style=\"text-align: justify;\"><strong>Chlo\u00e9 Chevalier<\/strong> devait alors poursuivre le bon travail de sa s\u0153ur. Le tir couch\u00e9 a \u00e9t\u00e9 ma\u00eetris\u00e9, avec une seule pioche, et une place au chaud dans un groupe \u00e0 la poursuite d&rsquo;<strong>Hanna Oeberg<\/strong>, qui s&rsquo;\u00e9tait envol\u00e9e \u00e0 skis. Mais sur le debout, la Fran\u00e7aise a trembl\u00e9, devant user deux balles suppl\u00e9mentaires pour faire tomber la derni\u00e8re cible. Cons\u00e9quence, elle en a fini \u00e0 presque une minute de la t\u00eate, mais surtout \u00e0 plus de 30 secondes du podium provisoire.<\/p>\n<blockquote class=\"twitter-tweet\">\n<p dir=\"ltr\" lang=\"fr\">Chlo\u00e9 Chevalier &#x1f91c;&#x1f91b; Julia Simon<\/p>\n<p>Les Fran\u00e7aises sont d\u00e9sormais cinqui\u00e8mes \u00e0 moins d&rsquo;une minute de la t\u00eate occup\u00e9e par la Su\u00e8de qui vient de lancer Elvira Oeberg &#x1f1f8;&#x1f1ea;<\/p>\n<p>&#x1f4f2;&#x1f4bb;&#x1f4fa; Le direct &gt; <a href=\"https:\/\/t.co\/bWSrhVawF5\">https:\/\/t.co\/bWSrhVawF5<\/a><a href=\"https:\/\/twitter.com\/hashtag\/lequipeBIATHLON?src=hash&amp;ref_src=twsrc%5Etfw\">#lequipeBIATHLON<\/a> <a href=\"https:\/\/t.co\/0VNjAlPl7c\">pic.twitter.com\/0VNjAlPl7c<\/a><\/p>\n<p>\u2014 la chaine L&rsquo;\u00c9quipe (@lachainelequipe) <a href=\"https:\/\/twitter.com\/lachainelequipe\/status\/1598309943068721155?ref_src=twsrc%5Etfw\">December 1, 2022<\/a><\/p><\/blockquote>\n<p style=\"text-align: justify;\"><script async src=\"https:\/\/platform.twitter.com\/widgets.js\" charset=\"utf-8\"><\/script><\/p>\n<p style=\"text-align: justify;\">Il fallait alors une<strong> Julia Simon<\/strong> des grands jours pour esp\u00e9rer monter sur la bo\u00eete. Si elle a fait le travail sur le tir couch\u00e9, les filles devant n&rsquo;ont pas ralenti. Elle s&rsquo;est alors isol\u00e9e \u00e0 la quatri\u00e8me place, mais devait esp\u00e9rer une craquante d&rsquo;une des trois premi\u00e8res. Probl\u00e8me, ce n&rsquo;\u00e9tait pas \u00e7a en skis. Malgr\u00e9 un tir parfait (0 pioche), elle ne pourra revenir. Ainsi, l&rsquo;\u00e9quipe de France termine au pied d&rsquo;un podium domin\u00e9 par la Su\u00e8de, comme attendu, devant l&rsquo;Allemagne et la Norv\u00e8ge. Pas de quoi s&rsquo;alarmer cependant, tant on sait que le relais f\u00e9minin, renouvel\u00e9 \u00e0 50%, doit encore trouver de nouvelles marques. \u00c0 ce titre, la performance du jour est encourageante.<\/p>\n<h2 style=\"text-align: justify;\"><strong>\u00c0 lire aussi<\/strong><\/h2>\n<ul>\n<li style=\"text-align: justify;\"><a href=\"https:\/\/dicodusport.fr\/blog\/biathlon-kontiolahti-2022-classement-relais-femmes\/\"><strong>Classement du relais femmes de Kontiolahti<\/strong><\/a><\/li>\n<li style=\"text-align: justify;\"><a href=\"https:\/\/dicodusport.fr\/blog\/biathlon-kontiolahti-2022-programme-complet-et-resultats\/\"><strong>Le calendrier complet de la Coupe du monde de biathlon 2022-2023<\/strong><\/a><\/li>\n<\/ul>\n","protected":false},"excerpt":{"rendered":"<p>BIATHLON COUPE DU MONDE DE KONTIOLAHTI 2022 &#8211; Le relais bleu a \u00e9t\u00e9 de qualit\u00e9 in\u00e9gale, et malgr\u00e9 la bonne forme d&rsquo;Ana\u00efs Chevalier-Bouchet, les Fran\u00e7aises n&rsquo;ont pas r\u00e9ussi \u00e0 monter sur la bo\u00eete lors d&rsquo;une course domin\u00e9e par la Su\u00e8de.\u00a0<\/p>\n","protected":false},"author":59,"featured_media":284426,"comment_status":"open","ping_status":"closed","sticky":false,"template":"","format":"standard","meta":{"_acf_changed":false,"_daextam_enable_autolinks":"","footnotes":""},"categories":[47040],"tags":[2427,12759],"class_list":["post-284404","post","type-post","status-publish","format-standard","has-post-thumbnail","hentry","category-coupe-du-monde-de-biathlon","tag-biathlon","tag-biathlon-kontiolahti"],"acf":[],"yoast_head":"<!-- This site is optimized with the Yoast SEO Premium plugin v26.7 (Yoast SEO v26.7) - https:\/\/yoast.com\/wordpress\/plugins\/seo\/ -->\n<title>Biathlon Kontiolahti 2022 : Les Bleues au pied du podium en relais, la Su\u00e8de s&#039;impose<\/title>\n<meta name=\"description\" content=\"BIATHLON COUPE DU MONDE DE KONTIOLAHTI 2022 -malgr\u00e9 la bonne forme d&#039;Ana\u00efs Chevalier-Bouchet, les Fran\u00e7aises n&#039;ont pas r\u00e9ussi \u00e0 monter sur la bo\u00eete\" \/>\n<meta name=\"robots\" content=\"index, follow, max-snippet:-1, max-image-preview:large, max-video-preview:-1\" \/>\n<link rel=\"canonical\" href=\"https:\/\/dicodusport.fr\/blog\/biathlon-kontiolahti-2022-les-bleues-au-pied-du-podium-en-relais-la-suede-simpose\/\" \/>\n<meta property=\"og:locale\" content=\"fr_FR\" \/>\n<meta property=\"og:type\" content=\"article\" \/>\n<meta property=\"og:title\" content=\"Biathlon Kontiolahti 2022 : Les Bleues au pied du podium en relais, la Su\u00e8de s&#039;impose\" \/>\n<meta property=\"og:description\" content=\"BIATHLON COUPE DU MONDE DE KONTIOLAHTI 2022 -malgr\u00e9 la bonne forme d&#039;Ana\u00efs Chevalier-Bouchet, les Fran\u00e7aises n&#039;ont pas r\u00e9ussi \u00e0 monter sur la bo\u00eete\" \/>\n<meta property=\"og:url\" content=\"https:\/\/dicodusport.fr\/blog\/biathlon-kontiolahti-2022-les-bleues-au-pied-du-podium-en-relais-la-suede-simpose\/\" \/>\n<meta property=\"og:site_name\" content=\"Dicodusport\" \/>\n<meta property=\"article:publisher\" content=\"https:\/\/www.facebook.com\/dicodusport\" \/>\n<meta property=\"article:author\" content=\"https:\/\/www.facebook.com\/sebastien.gente\/\" \/>\n<meta property=\"article:published_time\" content=\"2022-12-01T13:51:49+00:00\" \/>\n<meta property=\"article:modified_time\" content=\"2022-12-01T14:27:56+00:00\" \/>\n<meta property=\"og:image\" content=\"https:\/\/dicodusport.fr\/blog\/wp-content\/uploads\/2022\/12\/Biathlon-Kontiolahti-2022-Les-Bleues-au-pied-du-podium-en-relais-la-Suede-simpose.png\" \/>\n\t<meta property=\"og:image:width\" content=\"800\" \/>\n\t<meta property=\"og:image:height\" content=\"445\" \/>\n\t<meta property=\"og:image:type\" content=\"image\/png\" \/>\n<meta name=\"author\" content=\"S\u00e9bastien Gente\" \/>\n<meta name=\"twitter:card\" content=\"summary_large_image\" \/>\n<meta name=\"twitter:title\" content=\"Biathlon Kontiolahti 2022 : Les Bleues au pied du podium en relais, la Su\u00e8de s&#039;impose\" \/>\n<meta name=\"twitter:creator\" content=\"@https:\/\/twitter.com\/globulo24\" \/>\n<meta name=\"twitter:site\" content=\"@dicodusport\" \/>\n<script type=\"application\/ld+json\" class=\"yoast-schema-graph\">{\"@context\":\"https:\/\/schema.org\",\"@graph\":[{\"@type\":\"NewsArticle\",\"@id\":\"https:\/\/dicodusport.fr\/blog\/biathlon-kontiolahti-2022-les-bleues-au-pied-du-podium-en-relais-la-suede-simpose\/#article\",\"isPartOf\":{\"@id\":\"https:\/\/dicodusport.fr\/blog\/biathlon-kontiolahti-2022-les-bleues-au-pied-du-podium-en-relais-la-suede-simpose\/\"},\"author\":{\"name\":\"S\u00e9bastien Gente\",\"@id\":\"https:\/\/dicodusport.fr\/blog\/#\/schema\/person\/627966a6cde45dbd8c5e36ac85d783da\"},\"headline\":\"Biathlon Kontiolahti 2022 : Les Bleues au pied du podium en relais, la Su\u00e8de s&rsquo;impose\",\"datePublished\":\"2022-12-01T13:51:49+00:00\",\"dateModified\":\"2022-12-01T14:27:56+00:00\",\"mainEntityOfPage\":{\"@id\":\"https:\/\/dicodusport.fr\/blog\/biathlon-kontiolahti-2022-les-bleues-au-pied-du-podium-en-relais-la-suede-simpose\/\"},\"wordCount\":662,\"commentCount\":0,\"publisher\":{\"@id\":\"https:\/\/dicodusport.fr\/blog\/#organization\"},\"image\":{\"@id\":\"https:\/\/dicodusport.fr\/blog\/biathlon-kontiolahti-2022-les-bleues-au-pied-du-podium-en-relais-la-suede-simpose\/#primaryimage\"},\"thumbnailUrl\":\"https:\/\/dicodusport.fr\/blog\/wp-content\/uploads\/2022\/12\/Biathlon-Kontiolahti-2022-Les-Bleues-au-pied-du-podium-en-relais-la-Suede-simpose.png\",\"keywords\":[\"Biathlon\",\"Biathlon Kontiolahti\"],\"articleSection\":[\"Coupe du monde de biathlon\"],\"inLanguage\":\"fr-FR\",\"potentialAction\":[{\"@type\":\"CommentAction\",\"name\":\"Comment\",\"target\":[\"https:\/\/dicodusport.fr\/blog\/biathlon-kontiolahti-2022-les-bleues-au-pied-du-podium-en-relais-la-suede-simpose\/#respond\"]}],\"copyrightYear\":\"2022\",\"copyrightHolder\":{\"@id\":\"https:\/\/dicodusport.fr\/blog\/#organization\"}},{\"@type\":\"WebPage\",\"@id\":\"https:\/\/dicodusport.fr\/blog\/biathlon-kontiolahti-2022-les-bleues-au-pied-du-podium-en-relais-la-suede-simpose\/\",\"url\":\"https:\/\/dicodusport.fr\/blog\/biathlon-kontiolahti-2022-les-bleues-au-pied-du-podium-en-relais-la-suede-simpose\/\",\"name\":\"Biathlon Kontiolahti 2022 : Les Bleues au pied du podium en relais, la Su\u00e8de s'impose\",\"isPartOf\":{\"@id\":\"https:\/\/dicodusport.fr\/blog\/#website\"},\"primaryImageOfPage\":{\"@id\":\"https:\/\/dicodusport.fr\/blog\/biathlon-kontiolahti-2022-les-bleues-au-pied-du-podium-en-relais-la-suede-simpose\/#primaryimage\"},\"image\":{\"@id\":\"https:\/\/dicodusport.fr\/blog\/biathlon-kontiolahti-2022-les-bleues-au-pied-du-podium-en-relais-la-suede-simpose\/#primaryimage\"},\"thumbnailUrl\":\"https:\/\/dicodusport.fr\/blog\/wp-content\/uploads\/2022\/12\/Biathlon-Kontiolahti-2022-Les-Bleues-au-pied-du-podium-en-relais-la-Suede-simpose.png\",\"datePublished\":\"2022-12-01T13:51:49+00:00\",\"dateModified\":\"2022-12-01T14:27:56+00:00\",\"description\":\"BIATHLON COUPE DU MONDE DE KONTIOLAHTI 2022 -malgr\u00e9 la bonne forme d'Ana\u00efs Chevalier-Bouchet, les Fran\u00e7aises n'ont pas r\u00e9ussi \u00e0 monter sur la bo\u00eete\",\"breadcrumb\":{\"@id\":\"https:\/\/dicodusport.fr\/blog\/biathlon-kontiolahti-2022-les-bleues-au-pied-du-podium-en-relais-la-suede-simpose\/#breadcrumb\"},\"inLanguage\":\"fr-FR\",\"potentialAction\":[{\"@type\":\"ReadAction\",\"target\":[\"https:\/\/dicodusport.fr\/blog\/biathlon-kontiolahti-2022-les-bleues-au-pied-du-podium-en-relais-la-suede-simpose\/\"]}]},{\"@type\":\"ImageObject\",\"inLanguage\":\"fr-FR\",\"@id\":\"https:\/\/dicodusport.fr\/blog\/biathlon-kontiolahti-2022-les-bleues-au-pied-du-podium-en-relais-la-suede-simpose\/#primaryimage\",\"url\":\"https:\/\/dicodusport.fr\/blog\/wp-content\/uploads\/2022\/12\/Biathlon-Kontiolahti-2022-Les-Bleues-au-pied-du-podium-en-relais-la-Suede-simpose.png\",\"contentUrl\":\"https:\/\/dicodusport.fr\/blog\/wp-content\/uploads\/2022\/12\/Biathlon-Kontiolahti-2022-Les-Bleues-au-pied-du-podium-en-relais-la-Suede-simpose.png\",\"width\":800,\"height\":445,\"caption\":\"Biathlon Kontiolahti 2022 Les Bleues au pied du podium en relais, la Su\u00e8de s'impose\"},{\"@type\":\"BreadcrumbList\",\"@id\":\"https:\/\/dicodusport.fr\/blog\/biathlon-kontiolahti-2022-les-bleues-au-pied-du-podium-en-relais-la-suede-simpose\/#breadcrumb\",\"itemListElement\":[{\"@type\":\"ListItem\",\"position\":1,\"name\":\"Accueil\",\"item\":\"https:\/\/dicodusport.fr\/blog\/\"},{\"@type\":\"ListItem\",\"position\":2,\"name\":\"Biathlon Kontiolahti 2022 : Les Bleues au pied du podium en relais, la Su\u00e8de s&rsquo;impose\"}]},{\"@type\":\"WebSite\",\"@id\":\"https:\/\/dicodusport.fr\/blog\/#website\",\"url\":\"https:\/\/dicodusport.fr\/blog\/\",\"name\":\"Dicodusport\",\"description\":\"L&#039;encyclop\u00e9die de l&#039;actualit\u00e9 sportive\",\"publisher\":{\"@id\":\"https:\/\/dicodusport.fr\/blog\/#organization\"},\"potentialAction\":[{\"@type\":\"SearchAction\",\"target\":{\"@type\":\"EntryPoint\",\"urlTemplate\":\"https:\/\/dicodusport.fr\/blog\/?s={search_term_string}\"},\"query-input\":{\"@type\":\"PropertyValueSpecification\",\"valueRequired\":true,\"valueName\":\"search_term_string\"}}],\"inLanguage\":\"fr-FR\"},{\"@type\":\"NewsMediaOrganization\",\"@id\":\"https:\/\/dicodusport.fr\/blog\/#organization\",\"name\":\"Dicodusport\",\"url\":\"https:\/\/dicodusport.fr\/blog\/\",\"logo\":{\"@type\":\"ImageObject\",\"inLanguage\":\"fr-FR\",\"@id\":\"https:\/\/dicodusport.fr\/blog\/#\/schema\/logo\/image\/\",\"url\":\"https:\/\/dicodusport.fr\/blog\/wp-content\/uploads\/2020\/06\/cropped-LOGO-DICODUSPORT-2020-SANS-FOND-SANS-TEXTE.png\",\"contentUrl\":\"https:\/\/dicodusport.fr\/blog\/wp-content\/uploads\/2020\/06\/cropped-LOGO-DICODUSPORT-2020-SANS-FOND-SANS-TEXTE.png\",\"width\":512,\"height\":512,\"caption\":\"Dicodusport\"},\"image\":{\"@id\":\"https:\/\/dicodusport.fr\/blog\/#\/schema\/logo\/image\/\"},\"sameAs\":[\"https:\/\/www.facebook.com\/dicodusport\",\"https:\/\/x.com\/dicodusport\",\"https:\/\/www.instagram.com\/dicodusport\/\",\"https:\/\/www.youtube.com\/channel\/UC7V2KZ5sd3htJivAbA4ZG3w\"],\"description\":\"Dicodusport est l'encyclop\u00e9die de l'actualit\u00e9 sportive.\",\"email\":\"bonjour@dicodusport.fr\",\"legalName\":\"DICODUSPORT\",\"foundingDate\":\"2018-01-14\",\"vatID\":\"FR71834470973\",\"taxID\":\"83447097300043\",\"numberOfEmployees\":{\"@type\":\"QuantitativeValue\",\"minValue\":\"1\",\"maxValue\":\"10\"}},{\"@type\":\"Person\",\"@id\":\"https:\/\/dicodusport.fr\/blog\/#\/schema\/person\/627966a6cde45dbd8c5e36ac85d783da\",\"name\":\"S\u00e9bastien Gente\",\"image\":{\"@type\":\"ImageObject\",\"inLanguage\":\"fr-FR\",\"@id\":\"https:\/\/dicodusport.fr\/blog\/#\/schema\/person\/image\/\",\"url\":\"https:\/\/dicodusport.fr\/blog\/wp-content\/uploads\/2021\/09\/1510990_10205810251400683_4124423575079401707_n-150x150.jpg\",\"contentUrl\":\"https:\/\/dicodusport.fr\/blog\/wp-content\/uploads\/2021\/09\/1510990_10205810251400683_4124423575079401707_n-150x150.jpg\",\"caption\":\"S\u00e9bastien Gente\"},\"description\":\"John Stockton, Gianni Bugno, Zinedine Zidane, Steffi Graf, Frode Andresen, St\u00e9phane Stoecklin, Davis Kamoga, Primoz Peterka, Werner Schlager et Aur\u00e9lien Rougerie. Point commun entre ces sportifs? Ils m'ont fait r\u00eaver et ont berc\u00e9 mon adolescence. Je suis un fondu de sports et j'essaie de retranscrire ma passion \u00e0 travers mes articles. Originaire du P\u00e9rigord, ma passion pour les Girondins, les Jaunards et les Jazzmen transpire dans mes \u00e9crits. \u00c0 Dicodusport depuis 2021, je d\u00e9niche les sports m\u00e9connus dans lesquels la France brille, et il y en a !\",\"sameAs\":[\"https:\/\/www.facebook.com\/sebastien.gente\/\",\"https:\/\/www.instagram.com\/sebgente\/\",\"https:\/\/www.linkedin.com\/in\/sbastien-gente-a29583169\/\",\"https:\/\/x.com\/https:\/\/twitter.com\/globulo24\",\"SebastienGente\"],\"worksFor\":\"S\u00e9bastien GENTE\",\"url\":\"https:\/\/dicodusport.fr\/blog\/author\/sebastiengente\/\"}]}<\/script>\n<!-- \/ Yoast SEO Premium plugin. -->","yoast_head_json":{"title":"Biathlon Kontiolahti 2022 : Les Bleues au pied du podium en relais, la Su\u00e8de s'impose","description":"BIATHLON COUPE DU MONDE DE KONTIOLAHTI 2022 -malgr\u00e9 la bonne forme d'Ana\u00efs Chevalier-Bouchet, les Fran\u00e7aises n'ont pas r\u00e9ussi \u00e0 monter sur la bo\u00eete","robots":{"index":"index","follow":"follow","max-snippet":"max-snippet:-1","max-image-preview":"max-image-preview:large","max-video-preview":"max-video-preview:-1"},"canonical":"https:\/\/dicodusport.fr\/blog\/biathlon-kontiolahti-2022-les-bleues-au-pied-du-podium-en-relais-la-suede-simpose\/","og_locale":"fr_FR","og_type":"article","og_title":"Biathlon Kontiolahti 2022 : Les Bleues au pied du podium en relais, la Su\u00e8de s'impose","og_description":"BIATHLON COUPE DU MONDE DE KONTIOLAHTI 2022 -malgr\u00e9 la bonne forme d'Ana\u00efs Chevalier-Bouchet, les Fran\u00e7aises n'ont pas r\u00e9ussi \u00e0 monter sur la bo\u00eete","og_url":"https:\/\/dicodusport.fr\/blog\/biathlon-kontiolahti-2022-les-bleues-au-pied-du-podium-en-relais-la-suede-simpose\/","og_site_name":"Dicodusport","article_publisher":"https:\/\/www.facebook.com\/dicodusport","article_author":"https:\/\/www.facebook.com\/sebastien.gente\/","article_published_time":"2022-12-01T13:51:49+00:00","article_modified_time":"2022-12-01T14:27:56+00:00","og_image":[{"width":800,"height":445,"url":"https:\/\/dicodusport.fr\/blog\/wp-content\/uploads\/2022\/12\/Biathlon-Kontiolahti-2022-Les-Bleues-au-pied-du-podium-en-relais-la-Suede-simpose.png","type":"image\/png"}],"author":"S\u00e9bastien Gente","twitter_card":"summary_large_image","twitter_title":"Biathlon Kontiolahti 2022 : Les Bleues au pied du podium en relais, la Su\u00e8de s'impose","twitter_creator":"@https:\/\/twitter.com\/globulo24","twitter_site":"@dicodusport","schema":{"@context":"https:\/\/schema.org","@graph":[{"@type":"NewsArticle","@id":"https:\/\/dicodusport.fr\/blog\/biathlon-kontiolahti-2022-les-bleues-au-pied-du-podium-en-relais-la-suede-simpose\/#article","isPartOf":{"@id":"https:\/\/dicodusport.fr\/blog\/biathlon-kontiolahti-2022-les-bleues-au-pied-du-podium-en-relais-la-suede-simpose\/"},"author":{"name":"S\u00e9bastien Gente","@id":"https:\/\/dicodusport.fr\/blog\/#\/schema\/person\/627966a6cde45dbd8c5e36ac85d783da"},"headline":"Biathlon Kontiolahti 2022 : Les Bleues au pied du podium en relais, la Su\u00e8de s&rsquo;impose","datePublished":"2022-12-01T13:51:49+00:00","dateModified":"2022-12-01T14:27:56+00:00","mainEntityOfPage":{"@id":"https:\/\/dicodusport.fr\/blog\/biathlon-kontiolahti-2022-les-bleues-au-pied-du-podium-en-relais-la-suede-simpose\/"},"wordCount":662,"commentCount":0,"publisher":{"@id":"https:\/\/dicodusport.fr\/blog\/#organization"},"image":{"@id":"https:\/\/dicodusport.fr\/blog\/biathlon-kontiolahti-2022-les-bleues-au-pied-du-podium-en-relais-la-suede-simpose\/#primaryimage"},"thumbnailUrl":"https:\/\/dicodusport.fr\/blog\/wp-content\/uploads\/2022\/12\/Biathlon-Kontiolahti-2022-Les-Bleues-au-pied-du-podium-en-relais-la-Suede-simpose.png","keywords":["Biathlon","Biathlon Kontiolahti"],"articleSection":["Coupe du monde de biathlon"],"inLanguage":"fr-FR","potentialAction":[{"@type":"CommentAction","name":"Comment","target":["https:\/\/dicodusport.fr\/blog\/biathlon-kontiolahti-2022-les-bleues-au-pied-du-podium-en-relais-la-suede-simpose\/#respond"]}],"copyrightYear":"2022","copyrightHolder":{"@id":"https:\/\/dicodusport.fr\/blog\/#organization"}},{"@type":"WebPage","@id":"https:\/\/dicodusport.fr\/blog\/biathlon-kontiolahti-2022-les-bleues-au-pied-du-podium-en-relais-la-suede-simpose\/","url":"https:\/\/dicodusport.fr\/blog\/biathlon-kontiolahti-2022-les-bleues-au-pied-du-podium-en-relais-la-suede-simpose\/","name":"Biathlon Kontiolahti 2022 : Les Bleues au pied du podium en relais, la Su\u00e8de s'impose","isPartOf":{"@id":"https:\/\/dicodusport.fr\/blog\/#website"},"primaryImageOfPage":{"@id":"https:\/\/dicodusport.fr\/blog\/biathlon-kontiolahti-2022-les-bleues-au-pied-du-podium-en-relais-la-suede-simpose\/#primaryimage"},"image":{"@id":"https:\/\/dicodusport.fr\/blog\/biathlon-kontiolahti-2022-les-bleues-au-pied-du-podium-en-relais-la-suede-simpose\/#primaryimage"},"thumbnailUrl":"https:\/\/dicodusport.fr\/blog\/wp-content\/uploads\/2022\/12\/Biathlon-Kontiolahti-2022-Les-Bleues-au-pied-du-podium-en-relais-la-Suede-simpose.png","datePublished":"2022-12-01T13:51:49+00:00","dateModified":"2022-12-01T14:27:56+00:00","description":"BIATHLON COUPE DU MONDE DE KONTIOLAHTI 2022 -malgr\u00e9 la bonne forme d'Ana\u00efs Chevalier-Bouchet, les Fran\u00e7aises n'ont pas r\u00e9ussi \u00e0 monter sur la bo\u00eete","breadcrumb":{"@id":"https:\/\/dicodusport.fr\/blog\/biathlon-kontiolahti-2022-les-bleues-au-pied-du-podium-en-relais-la-suede-simpose\/#breadcrumb"},"inLanguage":"fr-FR","potentialAction":[{"@type":"ReadAction","target":["https:\/\/dicodusport.fr\/blog\/biathlon-kontiolahti-2022-les-bleues-au-pied-du-podium-en-relais-la-suede-simpose\/"]}]},{"@type":"ImageObject","inLanguage":"fr-FR","@id":"https:\/\/dicodusport.fr\/blog\/biathlon-kontiolahti-2022-les-bleues-au-pied-du-podium-en-relais-la-suede-simpose\/#primaryimage","url":"https:\/\/dicodusport.fr\/blog\/wp-content\/uploads\/2022\/12\/Biathlon-Kontiolahti-2022-Les-Bleues-au-pied-du-podium-en-relais-la-Suede-simpose.png","contentUrl":"https:\/\/dicodusport.fr\/blog\/wp-content\/uploads\/2022\/12\/Biathlon-Kontiolahti-2022-Les-Bleues-au-pied-du-podium-en-relais-la-Suede-simpose.png","width":800,"height":445,"caption":"Biathlon Kontiolahti 2022 Les Bleues au pied du podium en relais, la Su\u00e8de s'impose"},{"@type":"BreadcrumbList","@id":"https:\/\/dicodusport.fr\/blog\/biathlon-kontiolahti-2022-les-bleues-au-pied-du-podium-en-relais-la-suede-simpose\/#breadcrumb","itemListElement":[{"@type":"ListItem","position":1,"name":"Accueil","item":"https:\/\/dicodusport.fr\/blog\/"},{"@type":"ListItem","position":2,"name":"Biathlon Kontiolahti 2022 : Les Bleues au pied du podium en relais, la Su\u00e8de s&rsquo;impose"}]},{"@type":"WebSite","@id":"https:\/\/dicodusport.fr\/blog\/#website","url":"https:\/\/dicodusport.fr\/blog\/","name":"Dicodusport","description":"L&#039;encyclop\u00e9die de l&#039;actualit\u00e9 sportive","publisher":{"@id":"https:\/\/dicodusport.fr\/blog\/#organization"},"potentialAction":[{"@type":"SearchAction","target":{"@type":"EntryPoint","urlTemplate":"https:\/\/dicodusport.fr\/blog\/?s={search_term_string}"},"query-input":{"@type":"PropertyValueSpecification","valueRequired":true,"valueName":"search_term_string"}}],"inLanguage":"fr-FR"},{"@type":"NewsMediaOrganization","@id":"https:\/\/dicodusport.fr\/blog\/#organization","name":"Dicodusport","url":"https:\/\/dicodusport.fr\/blog\/","logo":{"@type":"ImageObject","inLanguage":"fr-FR","@id":"https:\/\/dicodusport.fr\/blog\/#\/schema\/logo\/image\/","url":"https:\/\/dicodusport.fr\/blog\/wp-content\/uploads\/2020\/06\/cropped-LOGO-DICODUSPORT-2020-SANS-FOND-SANS-TEXTE.png","contentUrl":"https:\/\/dicodusport.fr\/blog\/wp-content\/uploads\/2020\/06\/cropped-LOGO-DICODUSPORT-2020-SANS-FOND-SANS-TEXTE.png","width":512,"height":512,"caption":"Dicodusport"},"image":{"@id":"https:\/\/dicodusport.fr\/blog\/#\/schema\/logo\/image\/"},"sameAs":["https:\/\/www.facebook.com\/dicodusport","https:\/\/x.com\/dicodusport","https:\/\/www.instagram.com\/dicodusport\/","https:\/\/www.youtube.com\/channel\/UC7V2KZ5sd3htJivAbA4ZG3w"],"description":"Dicodusport est l'encyclop\u00e9die de l'actualit\u00e9 sportive.","email":"bonjour@dicodusport.fr","legalName":"DICODUSPORT","foundingDate":"2018-01-14","vatID":"FR71834470973","taxID":"83447097300043","numberOfEmployees":{"@type":"QuantitativeValue","minValue":"1","maxValue":"10"}},{"@type":"Person","@id":"https:\/\/dicodusport.fr\/blog\/#\/schema\/person\/627966a6cde45dbd8c5e36ac85d783da","name":"S\u00e9bastien Gente","image":{"@type":"ImageObject","inLanguage":"fr-FR","@id":"https:\/\/dicodusport.fr\/blog\/#\/schema\/person\/image\/","url":"https:\/\/dicodusport.fr\/blog\/wp-content\/uploads\/2021\/09\/1510990_10205810251400683_4124423575079401707_n-150x150.jpg","contentUrl":"https:\/\/dicodusport.fr\/blog\/wp-content\/uploads\/2021\/09\/1510990_10205810251400683_4124423575079401707_n-150x150.jpg","caption":"S\u00e9bastien Gente"},"description":"John Stockton, Gianni Bugno, Zinedine Zidane, Steffi Graf, Frode Andresen, St\u00e9phane Stoecklin, Davis Kamoga, Primoz Peterka, Werner Schlager et Aur\u00e9lien Rougerie. Point commun entre ces sportifs? Ils m'ont fait r\u00eaver et ont berc\u00e9 mon adolescence. Je suis un fondu de sports et j'essaie de retranscrire ma passion \u00e0 travers mes articles. Originaire du P\u00e9rigord, ma passion pour les Girondins, les Jaunards et les Jazzmen transpire dans mes \u00e9crits. \u00c0 Dicodusport depuis 2021, je d\u00e9niche les sports m\u00e9connus dans lesquels la France brille, et il y en a !","sameAs":["https:\/\/www.facebook.com\/sebastien.gente\/","https:\/\/www.instagram.com\/sebgente\/","https:\/\/www.linkedin.com\/in\/sbastien-gente-a29583169\/","https:\/\/x.com\/https:\/\/twitter.com\/globulo24","SebastienGente"],"worksFor":"S\u00e9bastien GENTE","url":"https:\/\/dicodusport.fr\/blog\/author\/sebastiengente\/"}]}},"_links":{"self":[{"href":"https:\/\/dicodusport.fr\/blog\/wp-json\/wp\/v2\/posts\/284404","targetHints":{"allow":["GET"]}}],"collection":[{"href":"https:\/\/dicodusport.fr\/blog\/wp-json\/wp\/v2\/posts"}],"about":[{"href":"https:\/\/dicodusport.fr\/blog\/wp-json\/wp\/v2\/types\/post"}],"author":[{"embeddable":true,"href":"https:\/\/dicodusport.fr\/blog\/wp-json\/wp\/v2\/users\/59"}],"replies":[{"embeddable":true,"href":"https:\/\/dicodusport.fr\/blog\/wp-json\/wp\/v2\/comments?post=284404"}],"version-history":[{"count":0,"href":"https:\/\/dicodusport.fr\/blog\/wp-json\/wp\/v2\/posts\/284404\/revisions"}],"wp:featuredmedia":[{"embeddable":true,"href":"https:\/\/dicodusport.fr\/blog\/wp-json\/wp\/v2\/media\/284426"}],"wp:attachment":[{"href":"https:\/\/dicodusport.fr\/blog\/wp-json\/wp\/v2\/media?parent=284404"}],"wp:term":[{"taxonomy":"category","embeddable":true,"href":"https:\/\/dicodusport.fr\/blog\/wp-json\/wp\/v2\/categories?post=284404"},{"taxonomy":"post_tag","embeddable":true,"href":"https:\/\/dicodusport.fr\/blog\/wp-json\/wp\/v2\/tags?post=284404"}],"curies":[{"name":"wp","href":"https:\/\/api.w.org\/{rel}","templated":true}]}}