{"id":28470,"date":"2018-11-01T10:33:16","date_gmt":"2018-11-01T09:33:16","guid":{"rendered":"http:\/\/dicodusport.fr\/blog\/?p=28470"},"modified":"2018-11-01T11:14:49","modified_gmt":"2018-11-01T10:14:49","slug":"coupe-davis-peur-bleue-sur-la-finale","status":"publish","type":"post","link":"https:\/\/dicodusport.fr\/blog\/coupe-davis-peur-bleue-sur-la-finale\/","title":{"rendered":"Coupe Davis : peur bleue sur la finale"},"content":{"rendered":"<p style=\"text-align: left;\"><em><strong>Dans trois semaines aura lieu la finale de la Coupe Davis entre la France et la Croatie. Plus l&rsquo;\u00e9v\u00e9nement se rapproche, plus il est difficile d&rsquo;esp\u00e9rer une nouvelle fin heureuse pour les Tricolores.\u00a0<\/strong><\/em><\/p>\n<p style=\"text-align: justify;\">Pour le dernier tournoi de la saison \u00e0 Paris Bercy, les Bleus ont brill\u00e9 par leur absence. Dix engag\u00e9s au d\u00e9part, mais aucun ne sera au rendez-vous du troisi\u00e8me tour. Sept d&rsquo;entre eux n&rsquo;avaient d\u00e9j\u00e0 pas vu le deuxi\u00e8me. Au-del\u00e0 de ce tournoi, le tennis fran\u00e7ais inqui\u00e8te ces derniers mois : le meilleur repr\u00e9sentant \u00e0 l&rsquo;ATP \u00e9tant Richard Gasquet avec une 28\u00e8me place, juste devant Ga\u00ebl Monfils, 30\u00e8me.<\/p>\n<p style=\"text-align: justify;\">Pour en revenir au Rolex Paris Masters, les adversaires des Bleus, Marin Clic et Borna Coric, ont tous les deux le m\u00e9rite d&rsquo;\u00eatre toujours en lice pour le troisi\u00e8me tour. Le mieux class\u00e9 d&rsquo;entre eux, le vainqueur de l&rsquo;US Open 2015, est m\u00eame en bonne position pour valider l&rsquo;un des deux derniers tickets pour le Masters de Londres.<\/p>\n<p style=\"text-align: justify;\">C\u00f4t\u00e9 Tricolores, rien de bon \u00e0 en ressortir. Richard Gasquet a c\u00e9d\u00e9 face \u00e0 un Jack Sock qui n&rsquo;a presque pas gagn\u00e9 un match de la saison, Lucas Pouille a \u00e9t\u00e9 inoffensif contre Gilles Simon qui l&rsquo;a lui m\u00eame \u00e9t\u00e9 face \u00e0 Dominic Thiem. Beno\u00eet Paire a fait les frais du terrifiant hongrois Fuscovics et J\u00e9r\u00e9my Chardy n&rsquo;a rien pu faire face \u00e0 Verdasco, tomb\u00e9 au 2\u00e8me tour face \u00e0 un lucky-loser.<\/p>\n<p style=\"text-align: justify;\">Jo-Wilfried Tsonga et Adrian Mannarino ont respectivement subi la loi de Milos Raonic et Kei Nishikori. Le meilleur Fran\u00e7ais de cette fin de saison, Ga\u00ebl Monfils, a quant \u00e0 lui fait forfait. La place de Yannick Noah est donc loin d&rsquo;\u00eatre la plus confortable au moment de d\u00e9signer les joueurs retenus pour la grande finale. On peut se rattacher \u00e0 la magie de la Coupe Davis pour esp\u00e9rer voir les Bleus triompher \u00e0 Lille, mais il parait plus logique d&rsquo;avoir une peur bleue \u00e0 l&rsquo;id\u00e9e que cela ne tourne \u00e0 la correction.<\/p>\n<p><em><strong>Nicolas Jacquemard<\/strong><br \/>\n<\/em><a style=\"color: #000000;\" href=\"https:\/\/twitter.com\/Nico_Jacquemard\" target=\"_blank\" rel=\"noopener noreferrer\"><img loading=\"lazy\" decoding=\"async\" class=\"alignnone wp-image-2908\" src=\"http:\/\/dicodusport.fr\/blog\/wp-content\/uploads\/2017\/07\/logo-twitter-150x150.png\" alt=\"\" width=\"39\" height=\"39\" \/><\/a><a style=\"color: #000000;\" href=\"https:\/\/www.facebook.com\/dicodusport\/\" target=\"_blank\" rel=\"noopener noreferrer\"><img loading=\"lazy\" decoding=\"async\" class=\"alignnone wp-image-2909\" src=\"http:\/\/dicodusport.fr\/blog\/wp-content\/uploads\/2017\/07\/logo-facebook-150x150.png\" alt=\"\" width=\"40\" height=\"40\" \/><\/a><\/p>\n","protected":false},"excerpt":{"rendered":"<p>Dans trois semaines aura lieu la finale de la Coupe Davis entre la France et la Croatie. Plus l&rsquo;\u00e9v\u00e9nement se rapproche, plus il est difficile d&rsquo;esp\u00e9rer une nouvelle fin heureuse pour les Tricolores. <\/p>\n","protected":false},"author":1,"featured_media":28474,"comment_status":"open","ping_status":"closed","sticky":false,"template":"","format":"standard","meta":{"_acf_changed":false,"_daextam_enable_autolinks":"","footnotes":""},"categories":[2,2302],"tags":[2540,3509,158,996,2411],"class_list":["post-28470","post","type-post","status-publish","format-standard","has-post-thumbnail","hentry","category-actualites","category-tennis","tag-coupe-davis","tag-france-croatie","tag-monfils","tag-noah","tag-pouille"],"acf":[],"yoast_head":"<!-- This site is optimized with the Yoast SEO Premium plugin v26.7 (Yoast SEO v26.7) - https:\/\/yoast.com\/wordpress\/plugins\/seo\/ -->\n<title>Coupe Davis : peur bleue sur la finale<\/title>\n<meta name=\"description\" content=\"Dans 3 semaines aura lieu la finale de la Coupe Davis. Plus l&#039;\u00e9v\u00e9nement se rapproche, plus il est difficile d&#039;esp\u00e9rer une nouvelle fin heureuse.\" \/>\n<meta name=\"robots\" content=\"index, follow, max-snippet:-1, max-image-preview:large, max-video-preview:-1\" \/>\n<link rel=\"canonical\" href=\"https:\/\/dicodusport.fr\/blog\/coupe-davis-peur-bleue-sur-la-finale\/\" \/>\n<meta property=\"og:locale\" content=\"fr_FR\" \/>\n<meta property=\"og:type\" content=\"article\" \/>\n<meta property=\"og:title\" content=\"Coupe Davis : peur bleue sur la finale\" \/>\n<meta property=\"og:description\" content=\"Dans 3 semaines aura lieu la finale de la Coupe Davis. Plus l&#039;\u00e9v\u00e9nement se rapproche, plus il est difficile d&#039;esp\u00e9rer une nouvelle fin heureuse.\" \/>\n<meta property=\"og:url\" content=\"https:\/\/dicodusport.fr\/blog\/coupe-davis-peur-bleue-sur-la-finale\/\" \/>\n<meta property=\"og:site_name\" content=\"Dicodusport\" \/>\n<meta property=\"article:publisher\" content=\"https:\/\/www.facebook.com\/dicodusport\" \/>\n<meta property=\"article:author\" content=\"https:\/\/www.facebook.com\/dicodusport\" \/>\n<meta property=\"article:published_time\" content=\"2018-11-01T09:33:16+00:00\" \/>\n<meta property=\"article:modified_time\" content=\"2018-11-01T10:14:49+00:00\" \/>\n<meta property=\"og:image\" content=\"https:\/\/dicodusport.fr\/blog\/wp-content\/uploads\/2018\/11\/Coupe-Davis-Yannick-Noah.png\" \/>\n\t<meta property=\"og:image:width\" content=\"800\" \/>\n\t<meta property=\"og:image:height\" content=\"445\" \/>\n\t<meta property=\"og:image:type\" content=\"image\/png\" \/>\n<meta name=\"author\" content=\"Nicolas Jacquemard\" \/>\n<meta name=\"twitter:card\" content=\"summary_large_image\" \/>\n<meta name=\"twitter:creator\" content=\"@https:\/\/twitter.com\/Nico_Jacquemard\" \/>\n<meta name=\"twitter:site\" content=\"@dicodusport\" \/>\n<script type=\"application\/ld+json\" class=\"yoast-schema-graph\">{\"@context\":\"https:\/\/schema.org\",\"@graph\":[{\"@type\":\"NewsArticle\",\"@id\":\"https:\/\/dicodusport.fr\/blog\/coupe-davis-peur-bleue-sur-la-finale\/#article\",\"isPartOf\":{\"@id\":\"https:\/\/dicodusport.fr\/blog\/coupe-davis-peur-bleue-sur-la-finale\/\"},\"author\":{\"name\":\"Nicolas Jacquemard\",\"@id\":\"https:\/\/dicodusport.fr\/blog\/#\/schema\/person\/55dcb50ad410894e431ed812bbb70191\"},\"headline\":\"Coupe Davis : peur bleue sur la finale\",\"datePublished\":\"2018-11-01T09:33:16+00:00\",\"dateModified\":\"2018-11-01T10:14:49+00:00\",\"mainEntityOfPage\":{\"@id\":\"https:\/\/dicodusport.fr\/blog\/coupe-davis-peur-bleue-sur-la-finale\/\"},\"wordCount\":358,\"commentCount\":0,\"publisher\":{\"@id\":\"https:\/\/dicodusport.fr\/blog\/#organization\"},\"image\":{\"@id\":\"https:\/\/dicodusport.fr\/blog\/coupe-davis-peur-bleue-sur-la-finale\/#primaryimage\"},\"thumbnailUrl\":\"https:\/\/dicodusport.fr\/blog\/wp-content\/uploads\/2018\/11\/Coupe-Davis-Yannick-Noah.png\",\"keywords\":[\"Coupe Davis\",\"France-Croatie\",\"monfils\",\"noah\",\"Pouille\"],\"articleSection\":[\"Actualit\u00e9s\",\"Tennis\"],\"inLanguage\":\"fr-FR\",\"potentialAction\":[{\"@type\":\"CommentAction\",\"name\":\"Comment\",\"target\":[\"https:\/\/dicodusport.fr\/blog\/coupe-davis-peur-bleue-sur-la-finale\/#respond\"]}],\"copyrightYear\":\"2018\",\"copyrightHolder\":{\"@id\":\"https:\/\/dicodusport.fr\/blog\/#organization\"}},{\"@type\":\"WebPage\",\"@id\":\"https:\/\/dicodusport.fr\/blog\/coupe-davis-peur-bleue-sur-la-finale\/\",\"url\":\"https:\/\/dicodusport.fr\/blog\/coupe-davis-peur-bleue-sur-la-finale\/\",\"name\":\"Coupe Davis : peur bleue sur la finale\",\"isPartOf\":{\"@id\":\"https:\/\/dicodusport.fr\/blog\/#website\"},\"primaryImageOfPage\":{\"@id\":\"https:\/\/dicodusport.fr\/blog\/coupe-davis-peur-bleue-sur-la-finale\/#primaryimage\"},\"image\":{\"@id\":\"https:\/\/dicodusport.fr\/blog\/coupe-davis-peur-bleue-sur-la-finale\/#primaryimage\"},\"thumbnailUrl\":\"https:\/\/dicodusport.fr\/blog\/wp-content\/uploads\/2018\/11\/Coupe-Davis-Yannick-Noah.png\",\"datePublished\":\"2018-11-01T09:33:16+00:00\",\"dateModified\":\"2018-11-01T10:14:49+00:00\",\"description\":\"Dans 3 semaines aura lieu la finale de la Coupe Davis. Plus l'\u00e9v\u00e9nement se rapproche, plus il est difficile d'esp\u00e9rer une nouvelle fin heureuse.\",\"breadcrumb\":{\"@id\":\"https:\/\/dicodusport.fr\/blog\/coupe-davis-peur-bleue-sur-la-finale\/#breadcrumb\"},\"inLanguage\":\"fr-FR\",\"potentialAction\":[{\"@type\":\"ReadAction\",\"target\":[\"https:\/\/dicodusport.fr\/blog\/coupe-davis-peur-bleue-sur-la-finale\/\"]}]},{\"@type\":\"ImageObject\",\"inLanguage\":\"fr-FR\",\"@id\":\"https:\/\/dicodusport.fr\/blog\/coupe-davis-peur-bleue-sur-la-finale\/#primaryimage\",\"url\":\"https:\/\/dicodusport.fr\/blog\/wp-content\/uploads\/2018\/11\/Coupe-Davis-Yannick-Noah.png\",\"contentUrl\":\"https:\/\/dicodusport.fr\/blog\/wp-content\/uploads\/2018\/11\/Coupe-Davis-Yannick-Noah.png\",\"width\":800,\"height\":445,\"caption\":\"Yannick Noah a du souci \u00e0 se faire avant la finale de la Coupe Davis.\"},{\"@type\":\"BreadcrumbList\",\"@id\":\"https:\/\/dicodusport.fr\/blog\/coupe-davis-peur-bleue-sur-la-finale\/#breadcrumb\",\"itemListElement\":[{\"@type\":\"ListItem\",\"position\":1,\"name\":\"Accueil\",\"item\":\"https:\/\/dicodusport.fr\/blog\/\"},{\"@type\":\"ListItem\",\"position\":2,\"name\":\"Coupe Davis : peur bleue sur la finale\"}]},{\"@type\":\"WebSite\",\"@id\":\"https:\/\/dicodusport.fr\/blog\/#website\",\"url\":\"https:\/\/dicodusport.fr\/blog\/\",\"name\":\"Dicodusport\",\"description\":\"L&#039;encyclop\u00e9die de l&#039;actualit\u00e9 sportive\",\"publisher\":{\"@id\":\"https:\/\/dicodusport.fr\/blog\/#organization\"},\"potentialAction\":[{\"@type\":\"SearchAction\",\"target\":{\"@type\":\"EntryPoint\",\"urlTemplate\":\"https:\/\/dicodusport.fr\/blog\/?s={search_term_string}\"},\"query-input\":{\"@type\":\"PropertyValueSpecification\",\"valueRequired\":true,\"valueName\":\"search_term_string\"}}],\"inLanguage\":\"fr-FR\"},{\"@type\":\"NewsMediaOrganization\",\"@id\":\"https:\/\/dicodusport.fr\/blog\/#organization\",\"name\":\"Dicodusport\",\"url\":\"https:\/\/dicodusport.fr\/blog\/\",\"logo\":{\"@type\":\"ImageObject\",\"inLanguage\":\"fr-FR\",\"@id\":\"https:\/\/dicodusport.fr\/blog\/#\/schema\/logo\/image\/\",\"url\":\"https:\/\/dicodusport.fr\/blog\/wp-content\/uploads\/2020\/06\/cropped-LOGO-DICODUSPORT-2020-SANS-FOND-SANS-TEXTE.png\",\"contentUrl\":\"https:\/\/dicodusport.fr\/blog\/wp-content\/uploads\/2020\/06\/cropped-LOGO-DICODUSPORT-2020-SANS-FOND-SANS-TEXTE.png\",\"width\":512,\"height\":512,\"caption\":\"Dicodusport\"},\"image\":{\"@id\":\"https:\/\/dicodusport.fr\/blog\/#\/schema\/logo\/image\/\"},\"sameAs\":[\"https:\/\/www.facebook.com\/dicodusport\",\"https:\/\/x.com\/dicodusport\",\"https:\/\/www.instagram.com\/dicodusport\/\",\"https:\/\/www.youtube.com\/channel\/UC7V2KZ5sd3htJivAbA4ZG3w\"],\"description\":\"Dicodusport est l'encyclop\u00e9die de l'actualit\u00e9 sportive.\",\"email\":\"bonjour@dicodusport.fr\",\"legalName\":\"DICODUSPORT\",\"foundingDate\":\"2018-01-14\",\"vatID\":\"FR71834470973\",\"taxID\":\"83447097300043\",\"numberOfEmployees\":{\"@type\":\"QuantitativeValue\",\"minValue\":\"1\",\"maxValue\":\"10\"}},{\"@type\":\"Person\",\"@id\":\"https:\/\/dicodusport.fr\/blog\/#\/schema\/person\/55dcb50ad410894e431ed812bbb70191\",\"name\":\"Nicolas Jacquemard\",\"image\":{\"@type\":\"ImageObject\",\"inLanguage\":\"fr-FR\",\"@id\":\"https:\/\/dicodusport.fr\/blog\/#\/schema\/person\/image\/\",\"url\":\"https:\/\/dicodusport.fr\/blog\/wp-content\/uploads\/2021\/05\/Nicolas-Jacquemard-150x150.jpeg\",\"contentUrl\":\"https:\/\/dicodusport.fr\/blog\/wp-content\/uploads\/2021\/05\/Nicolas-Jacquemard-150x150.jpeg\",\"caption\":\"Nicolas Jacquemard\"},\"description\":\"Passionn\u00e9 de sport et entrepreneur depuis mes 18 ans, la cr\u00e9ation de Dicodusport m'a sembl\u00e9 \u00e9vidente pour participer \u00e0 la m\u00e9diatisation d'un plus grand nombre de sports. Le chemin est long mais avec une \u00e9quipe des plus motiv\u00e9es et les Jeux Olympiques de Paris 2024 en point de mire, nous y arriverons ! Journaliste dans le monde du sport depuis plus de 5 ans, je traite aussi bien de football, de rugby, de biathlon que de cyclisme.\",\"sameAs\":[\"https:\/\/www.facebook.com\/dicodusport\",\"https:\/\/x.com\/https:\/\/twitter.com\/Nico_Jacquemard\"],\"url\":\"https:\/\/dicodusport.fr\/blog\/author\/dicodusport\/\"}]}<\/script>\n<!-- \/ Yoast SEO Premium plugin. -->","yoast_head_json":{"title":"Coupe Davis : peur bleue sur la finale","description":"Dans 3 semaines aura lieu la finale de la Coupe Davis. Plus l'\u00e9v\u00e9nement se rapproche, plus il est difficile d'esp\u00e9rer une nouvelle fin heureuse.","robots":{"index":"index","follow":"follow","max-snippet":"max-snippet:-1","max-image-preview":"max-image-preview:large","max-video-preview":"max-video-preview:-1"},"canonical":"https:\/\/dicodusport.fr\/blog\/coupe-davis-peur-bleue-sur-la-finale\/","og_locale":"fr_FR","og_type":"article","og_title":"Coupe Davis : peur bleue sur la finale","og_description":"Dans 3 semaines aura lieu la finale de la Coupe Davis. Plus l'\u00e9v\u00e9nement se rapproche, plus il est difficile d'esp\u00e9rer une nouvelle fin heureuse.","og_url":"https:\/\/dicodusport.fr\/blog\/coupe-davis-peur-bleue-sur-la-finale\/","og_site_name":"Dicodusport","article_publisher":"https:\/\/www.facebook.com\/dicodusport","article_author":"https:\/\/www.facebook.com\/dicodusport","article_published_time":"2018-11-01T09:33:16+00:00","article_modified_time":"2018-11-01T10:14:49+00:00","og_image":[{"width":800,"height":445,"url":"https:\/\/dicodusport.fr\/blog\/wp-content\/uploads\/2018\/11\/Coupe-Davis-Yannick-Noah.png","type":"image\/png"}],"author":"Nicolas Jacquemard","twitter_card":"summary_large_image","twitter_creator":"@https:\/\/twitter.com\/Nico_Jacquemard","twitter_site":"@dicodusport","schema":{"@context":"https:\/\/schema.org","@graph":[{"@type":"NewsArticle","@id":"https:\/\/dicodusport.fr\/blog\/coupe-davis-peur-bleue-sur-la-finale\/#article","isPartOf":{"@id":"https:\/\/dicodusport.fr\/blog\/coupe-davis-peur-bleue-sur-la-finale\/"},"author":{"name":"Nicolas Jacquemard","@id":"https:\/\/dicodusport.fr\/blog\/#\/schema\/person\/55dcb50ad410894e431ed812bbb70191"},"headline":"Coupe Davis : peur bleue sur la finale","datePublished":"2018-11-01T09:33:16+00:00","dateModified":"2018-11-01T10:14:49+00:00","mainEntityOfPage":{"@id":"https:\/\/dicodusport.fr\/blog\/coupe-davis-peur-bleue-sur-la-finale\/"},"wordCount":358,"commentCount":0,"publisher":{"@id":"https:\/\/dicodusport.fr\/blog\/#organization"},"image":{"@id":"https:\/\/dicodusport.fr\/blog\/coupe-davis-peur-bleue-sur-la-finale\/#primaryimage"},"thumbnailUrl":"https:\/\/dicodusport.fr\/blog\/wp-content\/uploads\/2018\/11\/Coupe-Davis-Yannick-Noah.png","keywords":["Coupe Davis","France-Croatie","monfils","noah","Pouille"],"articleSection":["Actualit\u00e9s","Tennis"],"inLanguage":"fr-FR","potentialAction":[{"@type":"CommentAction","name":"Comment","target":["https:\/\/dicodusport.fr\/blog\/coupe-davis-peur-bleue-sur-la-finale\/#respond"]}],"copyrightYear":"2018","copyrightHolder":{"@id":"https:\/\/dicodusport.fr\/blog\/#organization"}},{"@type":"WebPage","@id":"https:\/\/dicodusport.fr\/blog\/coupe-davis-peur-bleue-sur-la-finale\/","url":"https:\/\/dicodusport.fr\/blog\/coupe-davis-peur-bleue-sur-la-finale\/","name":"Coupe Davis : peur bleue sur la finale","isPartOf":{"@id":"https:\/\/dicodusport.fr\/blog\/#website"},"primaryImageOfPage":{"@id":"https:\/\/dicodusport.fr\/blog\/coupe-davis-peur-bleue-sur-la-finale\/#primaryimage"},"image":{"@id":"https:\/\/dicodusport.fr\/blog\/coupe-davis-peur-bleue-sur-la-finale\/#primaryimage"},"thumbnailUrl":"https:\/\/dicodusport.fr\/blog\/wp-content\/uploads\/2018\/11\/Coupe-Davis-Yannick-Noah.png","datePublished":"2018-11-01T09:33:16+00:00","dateModified":"2018-11-01T10:14:49+00:00","description":"Dans 3 semaines aura lieu la finale de la Coupe Davis. Plus l'\u00e9v\u00e9nement se rapproche, plus il est difficile d'esp\u00e9rer une nouvelle fin heureuse.","breadcrumb":{"@id":"https:\/\/dicodusport.fr\/blog\/coupe-davis-peur-bleue-sur-la-finale\/#breadcrumb"},"inLanguage":"fr-FR","potentialAction":[{"@type":"ReadAction","target":["https:\/\/dicodusport.fr\/blog\/coupe-davis-peur-bleue-sur-la-finale\/"]}]},{"@type":"ImageObject","inLanguage":"fr-FR","@id":"https:\/\/dicodusport.fr\/blog\/coupe-davis-peur-bleue-sur-la-finale\/#primaryimage","url":"https:\/\/dicodusport.fr\/blog\/wp-content\/uploads\/2018\/11\/Coupe-Davis-Yannick-Noah.png","contentUrl":"https:\/\/dicodusport.fr\/blog\/wp-content\/uploads\/2018\/11\/Coupe-Davis-Yannick-Noah.png","width":800,"height":445,"caption":"Yannick Noah a du souci \u00e0 se faire avant la finale de la Coupe Davis."},{"@type":"BreadcrumbList","@id":"https:\/\/dicodusport.fr\/blog\/coupe-davis-peur-bleue-sur-la-finale\/#breadcrumb","itemListElement":[{"@type":"ListItem","position":1,"name":"Accueil","item":"https:\/\/dicodusport.fr\/blog\/"},{"@type":"ListItem","position":2,"name":"Coupe Davis : peur bleue sur la finale"}]},{"@type":"WebSite","@id":"https:\/\/dicodusport.fr\/blog\/#website","url":"https:\/\/dicodusport.fr\/blog\/","name":"Dicodusport","description":"L&#039;encyclop\u00e9die de l&#039;actualit\u00e9 sportive","publisher":{"@id":"https:\/\/dicodusport.fr\/blog\/#organization"},"potentialAction":[{"@type":"SearchAction","target":{"@type":"EntryPoint","urlTemplate":"https:\/\/dicodusport.fr\/blog\/?s={search_term_string}"},"query-input":{"@type":"PropertyValueSpecification","valueRequired":true,"valueName":"search_term_string"}}],"inLanguage":"fr-FR"},{"@type":"NewsMediaOrganization","@id":"https:\/\/dicodusport.fr\/blog\/#organization","name":"Dicodusport","url":"https:\/\/dicodusport.fr\/blog\/","logo":{"@type":"ImageObject","inLanguage":"fr-FR","@id":"https:\/\/dicodusport.fr\/blog\/#\/schema\/logo\/image\/","url":"https:\/\/dicodusport.fr\/blog\/wp-content\/uploads\/2020\/06\/cropped-LOGO-DICODUSPORT-2020-SANS-FOND-SANS-TEXTE.png","contentUrl":"https:\/\/dicodusport.fr\/blog\/wp-content\/uploads\/2020\/06\/cropped-LOGO-DICODUSPORT-2020-SANS-FOND-SANS-TEXTE.png","width":512,"height":512,"caption":"Dicodusport"},"image":{"@id":"https:\/\/dicodusport.fr\/blog\/#\/schema\/logo\/image\/"},"sameAs":["https:\/\/www.facebook.com\/dicodusport","https:\/\/x.com\/dicodusport","https:\/\/www.instagram.com\/dicodusport\/","https:\/\/www.youtube.com\/channel\/UC7V2KZ5sd3htJivAbA4ZG3w"],"description":"Dicodusport est l'encyclop\u00e9die de l'actualit\u00e9 sportive.","email":"bonjour@dicodusport.fr","legalName":"DICODUSPORT","foundingDate":"2018-01-14","vatID":"FR71834470973","taxID":"83447097300043","numberOfEmployees":{"@type":"QuantitativeValue","minValue":"1","maxValue":"10"}},{"@type":"Person","@id":"https:\/\/dicodusport.fr\/blog\/#\/schema\/person\/55dcb50ad410894e431ed812bbb70191","name":"Nicolas Jacquemard","image":{"@type":"ImageObject","inLanguage":"fr-FR","@id":"https:\/\/dicodusport.fr\/blog\/#\/schema\/person\/image\/","url":"https:\/\/dicodusport.fr\/blog\/wp-content\/uploads\/2021\/05\/Nicolas-Jacquemard-150x150.jpeg","contentUrl":"https:\/\/dicodusport.fr\/blog\/wp-content\/uploads\/2021\/05\/Nicolas-Jacquemard-150x150.jpeg","caption":"Nicolas Jacquemard"},"description":"Passionn\u00e9 de sport et entrepreneur depuis mes 18 ans, la cr\u00e9ation de Dicodusport m'a sembl\u00e9 \u00e9vidente pour participer \u00e0 la m\u00e9diatisation d'un plus grand nombre de sports. Le chemin est long mais avec une \u00e9quipe des plus motiv\u00e9es et les Jeux Olympiques de Paris 2024 en point de mire, nous y arriverons ! Journaliste dans le monde du sport depuis plus de 5 ans, je traite aussi bien de football, de rugby, de biathlon que de cyclisme.","sameAs":["https:\/\/www.facebook.com\/dicodusport","https:\/\/x.com\/https:\/\/twitter.com\/Nico_Jacquemard"],"url":"https:\/\/dicodusport.fr\/blog\/author\/dicodusport\/"}]}},"_links":{"self":[{"href":"https:\/\/dicodusport.fr\/blog\/wp-json\/wp\/v2\/posts\/28470","targetHints":{"allow":["GET"]}}],"collection":[{"href":"https:\/\/dicodusport.fr\/blog\/wp-json\/wp\/v2\/posts"}],"about":[{"href":"https:\/\/dicodusport.fr\/blog\/wp-json\/wp\/v2\/types\/post"}],"author":[{"embeddable":true,"href":"https:\/\/dicodusport.fr\/blog\/wp-json\/wp\/v2\/users\/1"}],"replies":[{"embeddable":true,"href":"https:\/\/dicodusport.fr\/blog\/wp-json\/wp\/v2\/comments?post=28470"}],"version-history":[{"count":0,"href":"https:\/\/dicodusport.fr\/blog\/wp-json\/wp\/v2\/posts\/28470\/revisions"}],"wp:featuredmedia":[{"embeddable":true,"href":"https:\/\/dicodusport.fr\/blog\/wp-json\/wp\/v2\/media\/28474"}],"wp:attachment":[{"href":"https:\/\/dicodusport.fr\/blog\/wp-json\/wp\/v2\/media?parent=28470"}],"wp:term":[{"taxonomy":"category","embeddable":true,"href":"https:\/\/dicodusport.fr\/blog\/wp-json\/wp\/v2\/categories?post=28470"},{"taxonomy":"post_tag","embeddable":true,"href":"https:\/\/dicodusport.fr\/blog\/wp-json\/wp\/v2\/tags?post=28470"}],"curies":[{"name":"wp","href":"https:\/\/api.w.org\/{rel}","templated":true}]}}