{"id":284715,"date":"2022-12-02T18:52:07","date_gmt":"2022-12-02T17:52:07","guid":{"rendered":"https:\/\/dicodusport.fr\/blog\/?p=284715&#038;preview=true&#038;preview_id=284715"},"modified":"2022-12-02T20:27:15","modified_gmt":"2022-12-02T19:27:15","slug":"suisse-la-composition-officielle-face-a-la-serbie","status":"publish","type":"post","link":"https:\/\/dicodusport.fr\/blog\/suisse-la-composition-officielle-face-a-la-serbie\/","title":{"rendered":"Suisse : La composition officielle face \u00e0 la Serbie"},"content":{"rendered":"<p style=\"text-align: justify;\" align=\"justify\"><em><a style=\"font-weight: bold;\" href=\"https:\/\/dicodusport.fr\/blog\/actualites\/football\/coupe-du-monde-de-football-2022\/\">COUPE DU MONDE DE FOOTBALL 2022<\/a><b> &#8211; Murat Yak\u0131n a donn\u00e9 sa composition pour le match de la Suisse face \u00e0 la Serbie, lors de la troisi\u00e8me journ\u00e9e de la Coupe du monde 2022.\u00a0\u00a0<\/b><\/em><\/p>\n<p style=\"text-align: justify;\" align=\"justify\">La Nati sera priv\u00e9e de <strong>Yann Sommer<\/strong> et <strong>Nico<\/strong> <strong>Elvedi<\/strong> pour ce match d\u00e9cisif, les deux joueurs sont malades. <strong>Breel Embolo<\/strong>, attaquant de l&rsquo;AS Monaco, est bien pr\u00e9sent tout comme l&rsquo;ancien Lyonnais, <strong>Xerdan<\/strong> <strong>Shaqiri<\/strong> ou encore le milieu d&rsquo;Arsenal, <strong>Granit<\/strong> <strong>Xhaka<\/strong>.<\/p>\n<h2 style=\"text-align: justify;\" align=\"justify\">La composition officielle de la Suisse pour le troisi\u00e8me match de la Coupe du monde 2022<\/h2>\n<p style=\"text-align: justify;\">Kobel &#8211; Widmer, Akandji, Sch\u00e4r, Rodriguez &#8211; Freuler, Xhaka &#8211; Shaqiri, Sow, Vargas &#8211; Embolo<\/p>\n<blockquote class=\"twitter-tweet\">\n<p dir=\"ltr\" lang=\"fr\">Aufstellung \/ Composition \/ Formazione<\/p>\n<p>&#x1f1f7;&#x1f1f8; &#x1f19a;&#x1f1e8;&#x1f1ed;<br \/>\n&#x1f557; 20:00 CET<br \/>\n&#x1f4fa; SRF 2, RTS 2, RSI La 2<a href=\"https:\/\/twitter.com\/hashtag\/natimiteuch?src=hash&amp;ref_src=twsrc%5Etfw\">#natimiteuch<\/a> <a href=\"https:\/\/twitter.com\/hashtag\/lanatiavecvous?src=hash&amp;ref_src=twsrc%5Etfw\">#lanatiavecvous<\/a> <a href=\"https:\/\/twitter.com\/hashtag\/lanaticonvoi?src=hash&amp;ref_src=twsrc%5Etfw\">#lanaticonvoi<\/a> <a href=\"https:\/\/t.co\/nUN4Et3hnj\">pic.twitter.com\/nUN4Et3hnj<\/a><\/p>\n<p>\u2014 &#x1f1e8;&#x1f1ed; Nati (@nati_sfv_asf) <a href=\"https:\/\/twitter.com\/nati_sfv_asf\/status\/1598735841203032075?ref_src=twsrc%5Etfw\">December 2, 2022<\/a><\/p><\/blockquote>\n<p><script async src=\"https:\/\/platform.twitter.com\/widgets.js\" charset=\"utf-8\"><\/script><\/p>\n<h2 style=\"text-align: justify;\">\u00c0 lire aussi<\/h2>\n<ul>\n<li style=\"text-align: justify;\"><a href=\"https:\/\/dicodusport.fr\/blog\/serbie-suisse-a-quelle-heure-et-sur-quelle-chaine\/\" target=\"_blank\" rel=\"noopener\"><strong>Serbie \u2013 Suisse : \u00c0 quelle heure et sur quelle cha\u00eene<\/strong><\/a><\/li>\n<li style=\"text-align: justify;\"><a href=\"https:\/\/dicodusport.fr\/blog\/pronostic-serbie-suisse-coupe-du-monde-de-football-2022\/\" target=\"_blank\" rel=\"noopener\"><strong>Pronostic Serbie \u2013 Suisse, 3\u00e8me journ\u00e9e Coupe du monde 2022<\/strong><\/a><\/li>\n<\/ul>\n","protected":false},"excerpt":{"rendered":"<p>COUPE DU MONDE DE FOOTBALL 2022 &#8211; Murat Yak\u0131n a donn\u00e9 sa composition pour le match de la Suisse face \u00e0 la Serbie, lors de la troisi\u00e8me journ\u00e9e de la Coupe du monde 2022.\u00a0\u00a0<\/p>\n","protected":false},"author":1,"featured_media":282009,"comment_status":"open","ping_status":"closed","sticky":false,"template":"","format":"standard","meta":{"_acf_changed":false,"_daextam_enable_autolinks":"","footnotes":""},"categories":[47043,2301],"tags":[7146,75,1773,334],"class_list":["post-284715","post","type-post","status-publish","format-standard","has-post-thumbnail","hentry","category-coupe-du-monde-de-football","category-football","tag-composition","tag-football","tag-serbie","tag-suisse"],"acf":[],"yoast_head":"<!-- This site is optimized with the Yoast SEO Premium plugin v26.7 (Yoast SEO v26.7) - https:\/\/yoast.com\/wordpress\/plugins\/seo\/ -->\n<title>Suisse : La composition officielle face \u00e0 la Serbie<\/title>\n<meta name=\"description\" content=\"COUPE DU MONDE DE FOOTBALL 2022 - Murat Yak\u0131n a donn\u00e9 sa composition pour le match de la Suisse face \u00e0 la Serbie, lors de la troisi\u00e8me journ\u00e9e de la Coupe du monde 2022.\u00a0\u00a0\" \/>\n<meta name=\"robots\" content=\"index, follow, max-snippet:-1, max-image-preview:large, max-video-preview:-1\" \/>\n<link rel=\"canonical\" href=\"https:\/\/dicodusport.fr\/blog\/suisse-la-composition-officielle-face-a-la-serbie\/\" \/>\n<meta property=\"og:locale\" content=\"fr_FR\" \/>\n<meta property=\"og:type\" content=\"article\" \/>\n<meta property=\"og:title\" content=\"Suisse : La composition officielle face \u00e0 la Serbie\" \/>\n<meta property=\"og:description\" content=\"COUPE DU MONDE DE FOOTBALL 2022 - Murat Yak\u0131n a donn\u00e9 sa composition pour le match de la Suisse face \u00e0 la Serbie, lors de la troisi\u00e8me journ\u00e9e de la Coupe du monde 2022.\u00a0\u00a0\" \/>\n<meta property=\"og:url\" content=\"https:\/\/dicodusport.fr\/blog\/suisse-la-composition-officielle-face-a-la-serbie\/\" \/>\n<meta property=\"og:site_name\" content=\"Dicodusport\" \/>\n<meta property=\"article:publisher\" content=\"https:\/\/www.facebook.com\/dicodusport\" \/>\n<meta property=\"article:author\" content=\"https:\/\/www.facebook.com\/dicodusport\" \/>\n<meta property=\"article:published_time\" content=\"2022-12-02T17:52:07+00:00\" \/>\n<meta property=\"article:modified_time\" content=\"2022-12-02T19:27:15+00:00\" \/>\n<meta property=\"og:image\" content=\"https:\/\/dicodusport.fr\/blog\/wp-content\/uploads\/2022\/11\/Coupe-du-monde-de-football-La-Suisse-assure-avec-sa-victoire-face-au-Cameroun-1024x683.jpg\" \/>\n\t<meta property=\"og:image:width\" content=\"1024\" \/>\n\t<meta property=\"og:image:height\" content=\"683\" \/>\n\t<meta property=\"og:image:type\" content=\"image\/jpeg\" \/>\n<meta name=\"author\" content=\"Nicolas Jacquemard\" \/>\n<meta name=\"twitter:card\" content=\"summary_large_image\" \/>\n<meta name=\"twitter:title\" content=\"Suisse : La composition officielle face \u00e0 la Serbie\" \/>\n<meta name=\"twitter:creator\" content=\"@https:\/\/twitter.com\/Nico_Jacquemard\" \/>\n<meta name=\"twitter:site\" content=\"@dicodusport\" \/>\n<script type=\"application\/ld+json\" class=\"yoast-schema-graph\">{\"@context\":\"https:\/\/schema.org\",\"@graph\":[{\"@type\":\"NewsArticle\",\"@id\":\"https:\/\/dicodusport.fr\/blog\/suisse-la-composition-officielle-face-a-la-serbie\/#article\",\"isPartOf\":{\"@id\":\"https:\/\/dicodusport.fr\/blog\/suisse-la-composition-officielle-face-a-la-serbie\/\"},\"author\":{\"name\":\"Nicolas Jacquemard\",\"@id\":\"https:\/\/dicodusport.fr\/blog\/#\/schema\/person\/55dcb50ad410894e431ed812bbb70191\"},\"headline\":\"Suisse : La composition officielle face \u00e0 la Serbie\",\"datePublished\":\"2022-12-02T17:52:07+00:00\",\"dateModified\":\"2022-12-02T19:27:15+00:00\",\"mainEntityOfPage\":{\"@id\":\"https:\/\/dicodusport.fr\/blog\/suisse-la-composition-officielle-face-a-la-serbie\/\"},\"wordCount\":188,\"commentCount\":0,\"publisher\":{\"@id\":\"https:\/\/dicodusport.fr\/blog\/#organization\"},\"image\":{\"@id\":\"https:\/\/dicodusport.fr\/blog\/suisse-la-composition-officielle-face-a-la-serbie\/#primaryimage\"},\"thumbnailUrl\":\"https:\/\/dicodusport.fr\/blog\/wp-content\/uploads\/2022\/11\/Coupe-du-monde-de-football-La-Suisse-assure-avec-sa-victoire-face-au-Cameroun-e1669304980542.jpg\",\"keywords\":[\"composition\",\"Football\",\"Serbie\",\"Suisse\"],\"articleSection\":[\"Coupe du monde de football\",\"Football\"],\"inLanguage\":\"fr-FR\",\"potentialAction\":[{\"@type\":\"CommentAction\",\"name\":\"Comment\",\"target\":[\"https:\/\/dicodusport.fr\/blog\/suisse-la-composition-officielle-face-a-la-serbie\/#respond\"]}],\"copyrightYear\":\"2022\",\"copyrightHolder\":{\"@id\":\"https:\/\/dicodusport.fr\/blog\/#organization\"}},{\"@type\":\"WebPage\",\"@id\":\"https:\/\/dicodusport.fr\/blog\/suisse-la-composition-officielle-face-a-la-serbie\/\",\"url\":\"https:\/\/dicodusport.fr\/blog\/suisse-la-composition-officielle-face-a-la-serbie\/\",\"name\":\"Suisse : La composition officielle face \u00e0 la Serbie\",\"isPartOf\":{\"@id\":\"https:\/\/dicodusport.fr\/blog\/#website\"},\"primaryImageOfPage\":{\"@id\":\"https:\/\/dicodusport.fr\/blog\/suisse-la-composition-officielle-face-a-la-serbie\/#primaryimage\"},\"image\":{\"@id\":\"https:\/\/dicodusport.fr\/blog\/suisse-la-composition-officielle-face-a-la-serbie\/#primaryimage\"},\"thumbnailUrl\":\"https:\/\/dicodusport.fr\/blog\/wp-content\/uploads\/2022\/11\/Coupe-du-monde-de-football-La-Suisse-assure-avec-sa-victoire-face-au-Cameroun-e1669304980542.jpg\",\"datePublished\":\"2022-12-02T17:52:07+00:00\",\"dateModified\":\"2022-12-02T19:27:15+00:00\",\"description\":\"COUPE DU MONDE DE FOOTBALL 2022 - Murat Yak\u0131n a donn\u00e9 sa composition pour le match de la Suisse face \u00e0 la Serbie, lors de la troisi\u00e8me journ\u00e9e de la Coupe du monde 2022.\u00a0\u00a0\",\"breadcrumb\":{\"@id\":\"https:\/\/dicodusport.fr\/blog\/suisse-la-composition-officielle-face-a-la-serbie\/#breadcrumb\"},\"inLanguage\":\"fr-FR\",\"potentialAction\":[{\"@type\":\"ReadAction\",\"target\":[\"https:\/\/dicodusport.fr\/blog\/suisse-la-composition-officielle-face-a-la-serbie\/\"]}]},{\"@type\":\"ImageObject\",\"inLanguage\":\"fr-FR\",\"@id\":\"https:\/\/dicodusport.fr\/blog\/suisse-la-composition-officielle-face-a-la-serbie\/#primaryimage\",\"url\":\"https:\/\/dicodusport.fr\/blog\/wp-content\/uploads\/2022\/11\/Coupe-du-monde-de-football-La-Suisse-assure-avec-sa-victoire-face-au-Cameroun-e1669304980542.jpg\",\"contentUrl\":\"https:\/\/dicodusport.fr\/blog\/wp-content\/uploads\/2022\/11\/Coupe-du-monde-de-football-La-Suisse-assure-avec-sa-victoire-face-au-Cameroun-e1669304980542.jpg\",\"width\":800,\"height\":446,\"caption\":\"Coupe du monde de football La Suisse assure avec sa victoire face au Cameroun\"},{\"@type\":\"BreadcrumbList\",\"@id\":\"https:\/\/dicodusport.fr\/blog\/suisse-la-composition-officielle-face-a-la-serbie\/#breadcrumb\",\"itemListElement\":[{\"@type\":\"ListItem\",\"position\":1,\"name\":\"Accueil\",\"item\":\"https:\/\/dicodusport.fr\/blog\/\"},{\"@type\":\"ListItem\",\"position\":2,\"name\":\"Suisse : La composition officielle face \u00e0 la Serbie\"}]},{\"@type\":\"WebSite\",\"@id\":\"https:\/\/dicodusport.fr\/blog\/#website\",\"url\":\"https:\/\/dicodusport.fr\/blog\/\",\"name\":\"Dicodusport\",\"description\":\"L&#039;encyclop\u00e9die de l&#039;actualit\u00e9 sportive\",\"publisher\":{\"@id\":\"https:\/\/dicodusport.fr\/blog\/#organization\"},\"potentialAction\":[{\"@type\":\"SearchAction\",\"target\":{\"@type\":\"EntryPoint\",\"urlTemplate\":\"https:\/\/dicodusport.fr\/blog\/?s={search_term_string}\"},\"query-input\":{\"@type\":\"PropertyValueSpecification\",\"valueRequired\":true,\"valueName\":\"search_term_string\"}}],\"inLanguage\":\"fr-FR\"},{\"@type\":\"NewsMediaOrganization\",\"@id\":\"https:\/\/dicodusport.fr\/blog\/#organization\",\"name\":\"Dicodusport\",\"url\":\"https:\/\/dicodusport.fr\/blog\/\",\"logo\":{\"@type\":\"ImageObject\",\"inLanguage\":\"fr-FR\",\"@id\":\"https:\/\/dicodusport.fr\/blog\/#\/schema\/logo\/image\/\",\"url\":\"https:\/\/dicodusport.fr\/blog\/wp-content\/uploads\/2020\/06\/cropped-LOGO-DICODUSPORT-2020-SANS-FOND-SANS-TEXTE.png\",\"contentUrl\":\"https:\/\/dicodusport.fr\/blog\/wp-content\/uploads\/2020\/06\/cropped-LOGO-DICODUSPORT-2020-SANS-FOND-SANS-TEXTE.png\",\"width\":512,\"height\":512,\"caption\":\"Dicodusport\"},\"image\":{\"@id\":\"https:\/\/dicodusport.fr\/blog\/#\/schema\/logo\/image\/\"},\"sameAs\":[\"https:\/\/www.facebook.com\/dicodusport\",\"https:\/\/x.com\/dicodusport\",\"https:\/\/www.instagram.com\/dicodusport\/\",\"https:\/\/www.youtube.com\/channel\/UC7V2KZ5sd3htJivAbA4ZG3w\"],\"description\":\"Dicodusport est l'encyclop\u00e9die de l'actualit\u00e9 sportive.\",\"email\":\"bonjour@dicodusport.fr\",\"legalName\":\"DICODUSPORT\",\"foundingDate\":\"2018-01-14\",\"vatID\":\"FR71834470973\",\"taxID\":\"83447097300043\",\"numberOfEmployees\":{\"@type\":\"QuantitativeValue\",\"minValue\":\"1\",\"maxValue\":\"10\"}},{\"@type\":\"Person\",\"@id\":\"https:\/\/dicodusport.fr\/blog\/#\/schema\/person\/55dcb50ad410894e431ed812bbb70191\",\"name\":\"Nicolas Jacquemard\",\"image\":{\"@type\":\"ImageObject\",\"inLanguage\":\"fr-FR\",\"@id\":\"https:\/\/dicodusport.fr\/blog\/#\/schema\/person\/image\/\",\"url\":\"https:\/\/dicodusport.fr\/blog\/wp-content\/uploads\/2021\/05\/Nicolas-Jacquemard-150x150.jpeg\",\"contentUrl\":\"https:\/\/dicodusport.fr\/blog\/wp-content\/uploads\/2021\/05\/Nicolas-Jacquemard-150x150.jpeg\",\"caption\":\"Nicolas Jacquemard\"},\"description\":\"Passionn\u00e9 de sport et entrepreneur depuis mes 18 ans, la cr\u00e9ation de Dicodusport m'a sembl\u00e9 \u00e9vidente pour participer \u00e0 la m\u00e9diatisation d'un plus grand nombre de sports. Le chemin est long mais avec une \u00e9quipe des plus motiv\u00e9es et les Jeux Olympiques de Paris 2024 en point de mire, nous y arriverons ! Journaliste dans le monde du sport depuis plus de 5 ans, je traite aussi bien de football, de rugby, de biathlon que de cyclisme.\",\"sameAs\":[\"https:\/\/www.facebook.com\/dicodusport\",\"https:\/\/x.com\/https:\/\/twitter.com\/Nico_Jacquemard\"],\"url\":\"https:\/\/dicodusport.fr\/blog\/author\/dicodusport\/\"}]}<\/script>\n<!-- \/ Yoast SEO Premium plugin. -->","yoast_head_json":{"title":"Suisse : La composition officielle face \u00e0 la Serbie","description":"COUPE DU MONDE DE FOOTBALL 2022 - Murat Yak\u0131n a donn\u00e9 sa composition pour le match de la Suisse face \u00e0 la Serbie, lors de la troisi\u00e8me journ\u00e9e de la Coupe du monde 2022.\u00a0\u00a0","robots":{"index":"index","follow":"follow","max-snippet":"max-snippet:-1","max-image-preview":"max-image-preview:large","max-video-preview":"max-video-preview:-1"},"canonical":"https:\/\/dicodusport.fr\/blog\/suisse-la-composition-officielle-face-a-la-serbie\/","og_locale":"fr_FR","og_type":"article","og_title":"Suisse : La composition officielle face \u00e0 la Serbie","og_description":"COUPE DU MONDE DE FOOTBALL 2022 - Murat Yak\u0131n a donn\u00e9 sa composition pour le match de la Suisse face \u00e0 la Serbie, lors de la troisi\u00e8me journ\u00e9e de la Coupe du monde 2022.\u00a0\u00a0","og_url":"https:\/\/dicodusport.fr\/blog\/suisse-la-composition-officielle-face-a-la-serbie\/","og_site_name":"Dicodusport","article_publisher":"https:\/\/www.facebook.com\/dicodusport","article_author":"https:\/\/www.facebook.com\/dicodusport","article_published_time":"2022-12-02T17:52:07+00:00","article_modified_time":"2022-12-02T19:27:15+00:00","og_image":[{"width":1024,"height":683,"url":"https:\/\/dicodusport.fr\/blog\/wp-content\/uploads\/2022\/11\/Coupe-du-monde-de-football-La-Suisse-assure-avec-sa-victoire-face-au-Cameroun-1024x683.jpg","type":"image\/jpeg"}],"author":"Nicolas Jacquemard","twitter_card":"summary_large_image","twitter_title":"Suisse : La composition officielle face \u00e0 la Serbie","twitter_creator":"@https:\/\/twitter.com\/Nico_Jacquemard","twitter_site":"@dicodusport","schema":{"@context":"https:\/\/schema.org","@graph":[{"@type":"NewsArticle","@id":"https:\/\/dicodusport.fr\/blog\/suisse-la-composition-officielle-face-a-la-serbie\/#article","isPartOf":{"@id":"https:\/\/dicodusport.fr\/blog\/suisse-la-composition-officielle-face-a-la-serbie\/"},"author":{"name":"Nicolas Jacquemard","@id":"https:\/\/dicodusport.fr\/blog\/#\/schema\/person\/55dcb50ad410894e431ed812bbb70191"},"headline":"Suisse : La composition officielle face \u00e0 la Serbie","datePublished":"2022-12-02T17:52:07+00:00","dateModified":"2022-12-02T19:27:15+00:00","mainEntityOfPage":{"@id":"https:\/\/dicodusport.fr\/blog\/suisse-la-composition-officielle-face-a-la-serbie\/"},"wordCount":188,"commentCount":0,"publisher":{"@id":"https:\/\/dicodusport.fr\/blog\/#organization"},"image":{"@id":"https:\/\/dicodusport.fr\/blog\/suisse-la-composition-officielle-face-a-la-serbie\/#primaryimage"},"thumbnailUrl":"https:\/\/dicodusport.fr\/blog\/wp-content\/uploads\/2022\/11\/Coupe-du-monde-de-football-La-Suisse-assure-avec-sa-victoire-face-au-Cameroun-e1669304980542.jpg","keywords":["composition","Football","Serbie","Suisse"],"articleSection":["Coupe du monde de football","Football"],"inLanguage":"fr-FR","potentialAction":[{"@type":"CommentAction","name":"Comment","target":["https:\/\/dicodusport.fr\/blog\/suisse-la-composition-officielle-face-a-la-serbie\/#respond"]}],"copyrightYear":"2022","copyrightHolder":{"@id":"https:\/\/dicodusport.fr\/blog\/#organization"}},{"@type":"WebPage","@id":"https:\/\/dicodusport.fr\/blog\/suisse-la-composition-officielle-face-a-la-serbie\/","url":"https:\/\/dicodusport.fr\/blog\/suisse-la-composition-officielle-face-a-la-serbie\/","name":"Suisse : La composition officielle face \u00e0 la Serbie","isPartOf":{"@id":"https:\/\/dicodusport.fr\/blog\/#website"},"primaryImageOfPage":{"@id":"https:\/\/dicodusport.fr\/blog\/suisse-la-composition-officielle-face-a-la-serbie\/#primaryimage"},"image":{"@id":"https:\/\/dicodusport.fr\/blog\/suisse-la-composition-officielle-face-a-la-serbie\/#primaryimage"},"thumbnailUrl":"https:\/\/dicodusport.fr\/blog\/wp-content\/uploads\/2022\/11\/Coupe-du-monde-de-football-La-Suisse-assure-avec-sa-victoire-face-au-Cameroun-e1669304980542.jpg","datePublished":"2022-12-02T17:52:07+00:00","dateModified":"2022-12-02T19:27:15+00:00","description":"COUPE DU MONDE DE FOOTBALL 2022 - Murat Yak\u0131n a donn\u00e9 sa composition pour le match de la Suisse face \u00e0 la Serbie, lors de la troisi\u00e8me journ\u00e9e de la Coupe du monde 2022.\u00a0\u00a0","breadcrumb":{"@id":"https:\/\/dicodusport.fr\/blog\/suisse-la-composition-officielle-face-a-la-serbie\/#breadcrumb"},"inLanguage":"fr-FR","potentialAction":[{"@type":"ReadAction","target":["https:\/\/dicodusport.fr\/blog\/suisse-la-composition-officielle-face-a-la-serbie\/"]}]},{"@type":"ImageObject","inLanguage":"fr-FR","@id":"https:\/\/dicodusport.fr\/blog\/suisse-la-composition-officielle-face-a-la-serbie\/#primaryimage","url":"https:\/\/dicodusport.fr\/blog\/wp-content\/uploads\/2022\/11\/Coupe-du-monde-de-football-La-Suisse-assure-avec-sa-victoire-face-au-Cameroun-e1669304980542.jpg","contentUrl":"https:\/\/dicodusport.fr\/blog\/wp-content\/uploads\/2022\/11\/Coupe-du-monde-de-football-La-Suisse-assure-avec-sa-victoire-face-au-Cameroun-e1669304980542.jpg","width":800,"height":446,"caption":"Coupe du monde de football La Suisse assure avec sa victoire face au Cameroun"},{"@type":"BreadcrumbList","@id":"https:\/\/dicodusport.fr\/blog\/suisse-la-composition-officielle-face-a-la-serbie\/#breadcrumb","itemListElement":[{"@type":"ListItem","position":1,"name":"Accueil","item":"https:\/\/dicodusport.fr\/blog\/"},{"@type":"ListItem","position":2,"name":"Suisse : La composition officielle face \u00e0 la Serbie"}]},{"@type":"WebSite","@id":"https:\/\/dicodusport.fr\/blog\/#website","url":"https:\/\/dicodusport.fr\/blog\/","name":"Dicodusport","description":"L&#039;encyclop\u00e9die de l&#039;actualit\u00e9 sportive","publisher":{"@id":"https:\/\/dicodusport.fr\/blog\/#organization"},"potentialAction":[{"@type":"SearchAction","target":{"@type":"EntryPoint","urlTemplate":"https:\/\/dicodusport.fr\/blog\/?s={search_term_string}"},"query-input":{"@type":"PropertyValueSpecification","valueRequired":true,"valueName":"search_term_string"}}],"inLanguage":"fr-FR"},{"@type":"NewsMediaOrganization","@id":"https:\/\/dicodusport.fr\/blog\/#organization","name":"Dicodusport","url":"https:\/\/dicodusport.fr\/blog\/","logo":{"@type":"ImageObject","inLanguage":"fr-FR","@id":"https:\/\/dicodusport.fr\/blog\/#\/schema\/logo\/image\/","url":"https:\/\/dicodusport.fr\/blog\/wp-content\/uploads\/2020\/06\/cropped-LOGO-DICODUSPORT-2020-SANS-FOND-SANS-TEXTE.png","contentUrl":"https:\/\/dicodusport.fr\/blog\/wp-content\/uploads\/2020\/06\/cropped-LOGO-DICODUSPORT-2020-SANS-FOND-SANS-TEXTE.png","width":512,"height":512,"caption":"Dicodusport"},"image":{"@id":"https:\/\/dicodusport.fr\/blog\/#\/schema\/logo\/image\/"},"sameAs":["https:\/\/www.facebook.com\/dicodusport","https:\/\/x.com\/dicodusport","https:\/\/www.instagram.com\/dicodusport\/","https:\/\/www.youtube.com\/channel\/UC7V2KZ5sd3htJivAbA4ZG3w"],"description":"Dicodusport est l'encyclop\u00e9die de l'actualit\u00e9 sportive.","email":"bonjour@dicodusport.fr","legalName":"DICODUSPORT","foundingDate":"2018-01-14","vatID":"FR71834470973","taxID":"83447097300043","numberOfEmployees":{"@type":"QuantitativeValue","minValue":"1","maxValue":"10"}},{"@type":"Person","@id":"https:\/\/dicodusport.fr\/blog\/#\/schema\/person\/55dcb50ad410894e431ed812bbb70191","name":"Nicolas Jacquemard","image":{"@type":"ImageObject","inLanguage":"fr-FR","@id":"https:\/\/dicodusport.fr\/blog\/#\/schema\/person\/image\/","url":"https:\/\/dicodusport.fr\/blog\/wp-content\/uploads\/2021\/05\/Nicolas-Jacquemard-150x150.jpeg","contentUrl":"https:\/\/dicodusport.fr\/blog\/wp-content\/uploads\/2021\/05\/Nicolas-Jacquemard-150x150.jpeg","caption":"Nicolas Jacquemard"},"description":"Passionn\u00e9 de sport et entrepreneur depuis mes 18 ans, la cr\u00e9ation de Dicodusport m'a sembl\u00e9 \u00e9vidente pour participer \u00e0 la m\u00e9diatisation d'un plus grand nombre de sports. Le chemin est long mais avec une \u00e9quipe des plus motiv\u00e9es et les Jeux Olympiques de Paris 2024 en point de mire, nous y arriverons ! Journaliste dans le monde du sport depuis plus de 5 ans, je traite aussi bien de football, de rugby, de biathlon que de cyclisme.","sameAs":["https:\/\/www.facebook.com\/dicodusport","https:\/\/x.com\/https:\/\/twitter.com\/Nico_Jacquemard"],"url":"https:\/\/dicodusport.fr\/blog\/author\/dicodusport\/"}]}},"_links":{"self":[{"href":"https:\/\/dicodusport.fr\/blog\/wp-json\/wp\/v2\/posts\/284715","targetHints":{"allow":["GET"]}}],"collection":[{"href":"https:\/\/dicodusport.fr\/blog\/wp-json\/wp\/v2\/posts"}],"about":[{"href":"https:\/\/dicodusport.fr\/blog\/wp-json\/wp\/v2\/types\/post"}],"author":[{"embeddable":true,"href":"https:\/\/dicodusport.fr\/blog\/wp-json\/wp\/v2\/users\/1"}],"replies":[{"embeddable":true,"href":"https:\/\/dicodusport.fr\/blog\/wp-json\/wp\/v2\/comments?post=284715"}],"version-history":[{"count":0,"href":"https:\/\/dicodusport.fr\/blog\/wp-json\/wp\/v2\/posts\/284715\/revisions"}],"wp:featuredmedia":[{"embeddable":true,"href":"https:\/\/dicodusport.fr\/blog\/wp-json\/wp\/v2\/media\/282009"}],"wp:attachment":[{"href":"https:\/\/dicodusport.fr\/blog\/wp-json\/wp\/v2\/media?parent=284715"}],"wp:term":[{"taxonomy":"category","embeddable":true,"href":"https:\/\/dicodusport.fr\/blog\/wp-json\/wp\/v2\/categories?post=284715"},{"taxonomy":"post_tag","embeddable":true,"href":"https:\/\/dicodusport.fr\/blog\/wp-json\/wp\/v2\/tags?post=284715"}],"curies":[{"name":"wp","href":"https:\/\/api.w.org\/{rel}","templated":true}]}}