{"id":284925,"date":"2022-12-03T09:35:52","date_gmt":"2022-12-03T08:35:52","guid":{"rendered":"https:\/\/dicodusport.fr\/blog\/?p=284925&#038;preview=true&#038;preview_id=284925"},"modified":"2022-12-03T10:42:48","modified_gmt":"2022-12-03T09:42:48","slug":"judo-grand-slam-de-tokyo-2022-medaille-de-bronze-pour-alpha-oumar-djalo","status":"publish","type":"post","link":"https:\/\/dicodusport.fr\/blog\/judo-grand-slam-de-tokyo-2022-medaille-de-bronze-pour-alpha-oumar-djalo\/","title":{"rendered":"Judo &#8211; Grand Slam de Tokyo 2022 : M\u00e9daille de bronze pour Alpha Oumar Djalo"},"content":{"rendered":"<p style=\"text-align: justify;\"><em><b>GRAND SLAM DE TOKYO &#8211; Premi\u00e8re journ\u00e9e de comp\u00e9tition frustrante pour la d\u00e9l\u00e9gation fran\u00e7aise, qui n&rsquo;a d\u00e9croch\u00e9 qu&rsquo;une seule m\u00e9daille, le bronze pour Alpha Oumar\u00a0Djalo en -81 kg.<\/b><\/em><\/p>\n<p style=\"text-align: justify;\">Belle saison pour <strong>Alpha Oumar Djalo<\/strong>. En juillet, <a href=\"https:\/\/dicodusport.fr\/blog\/judo-grand-prix-de-zagreb-2022-alpha-oumar-djalo-remporte-lor\/\">il remportait par surprise le Grand Prix de Zagreb<\/a>, d\u00e9crochant sa qualification pour les Championnats du monde en -81 kg. Mais \u00e0 Tachkent, il n&rsquo;avait pu monter sur le podium. Il reste n\u00e9anmoins un combattant \u00e9m\u00e9rite, et l&rsquo;a prouv\u00e9 \u00e0 Tokyo. Battu en quart de finale par le Japonais <strong>Kenya Kohara<\/strong>, il a trouv\u00e9 les ressources pour remporter ses deux combats de rep\u00eachage, dont le dernier contre un autre local, <strong>Takeshi Sasaki<\/strong>. Une belle m\u00e9daille de bronze qui ouvre le compteur des Bleus.<\/p>\n<blockquote class=\"twitter-tweet\">\n<p dir=\"ltr\" lang=\"fr\">&#x2615;&#xfe0f; Au menu pour votre petit d\u00e9jeuner :<\/p>\n<p>Le waza-ari victorieux d\u2019Alpha Djalo (-81kg) qui lui permet de remporter la m\u00e9daille de bronze ! &#x1f949;&#x1f4a5;<\/p>\n<p>&#x1f3a5; IJF<a href=\"https:\/\/twitter.com\/hashtag\/JudoTokyo?src=hash&amp;ref_src=twsrc%5Etfw\">#JudoTokyo<\/a> <a href=\"https:\/\/twitter.com\/hashtag\/GoLesBleus?src=hash&amp;ref_src=twsrc%5Etfw\">#GoLesBleus<\/a> <a href=\"https:\/\/twitter.com\/hashtag\/FierdEtreJudoka?src=hash&amp;ref_src=twsrc%5Etfw\">#FierdEtreJudoka<\/a> <a href=\"https:\/\/t.co\/TqTQ5BqCje\">pic.twitter.com\/TqTQ5BqCje<\/a><\/p>\n<p>\u2014 France Judo (@francejudo_) <a href=\"https:\/\/twitter.com\/francejudo_\/status\/1598955510711177216?ref_src=twsrc%5Etfw\">December 3, 2022<\/a><\/p><\/blockquote>\n<p style=\"text-align: justify;\"><script async src=\"https:\/\/platform.twitter.com\/widgets.js\" charset=\"utf-8\"><\/script><\/p>\n<p style=\"text-align: justify;\">Les autres Fran\u00e7ais n&rsquo;ont pas \u00e9t\u00e9 \u00e0 la f\u00eate. Dans la m\u00eame cat\u00e9gorie, <strong>Nicolas Chilard<\/strong> a lui aussi chut\u00e9 en quarts, mais n&rsquo;a pas r\u00e9ussi \u00e0 s&rsquo;extirper de son premier combat de rep\u00eachage. Chez les -90 kg, ni <strong>Loris Tassier<\/strong>, ni <strong>Maxime-Ga\u00ebl Ngayap Hambou<\/strong> ne sont all\u00e9s plus loin que le second tour. M\u00eame sanction pour <strong>Joan-Benjamin Gaba<\/strong> en -73 kg, et pour <strong>Fa\u00efza Mokdar<\/strong> en -57 kg. N\u00e9anmoins, on esp\u00e8re que la journ\u00e9e de demain sera plus productive pour les Bleus, avec notamment <strong>L\u00e9a Fontaine<\/strong> et <strong>Kenny Liveze<\/strong> en figure de proue.<\/p>\n","protected":false},"excerpt":{"rendered":"<p>GRAND SLAM DE TOKYO &#8211; Premi\u00e8re journ\u00e9e de comp\u00e9tition frustrante pour la d\u00e9l\u00e9gation fran\u00e7aise, qui n&rsquo;a d\u00e9croch\u00e9 qu&rsquo;une seule m\u00e9daille, le bronze pour Alpha Oumar\u00a0Djalo en -81 kg.<\/p>\n","protected":false},"author":59,"featured_media":284926,"comment_status":"open","ping_status":"closed","sticky":false,"template":"","format":"standard","meta":{"_acf_changed":false,"_daextam_enable_autolinks":"","footnotes":""},"categories":[8651],"tags":[16016,12237,68],"class_list":["post-284925","post","type-post","status-publish","format-standard","has-post-thumbnail","hentry","category-judo","tag-alpha-oumar-djalo","tag-equipe-de-france-de-judo","tag-judo"],"acf":[],"yoast_head":"<!-- This site is optimized with the Yoast SEO Premium plugin v26.7 (Yoast SEO v26.7) - https:\/\/yoast.com\/wordpress\/plugins\/seo\/ -->\n<title>Judo - Grand Slam de Tokyo 2022 : M\u00e9daille de bronze pour Alpha Oumar Djalo<\/title>\n<meta name=\"description\" content=\"GRAND SLAM DE TOKYO - la d\u00e9l\u00e9gation fran\u00e7aise n&#039;a d\u00e9croch\u00e9 qu&#039;une seule m\u00e9daille, le bronze pour Alpha Oumar\u00a0Djalo en -81 kg.\" \/>\n<meta name=\"robots\" content=\"index, follow, max-snippet:-1, max-image-preview:large, max-video-preview:-1\" \/>\n<link rel=\"canonical\" href=\"https:\/\/dicodusport.fr\/blog\/judo-grand-slam-de-tokyo-2022-medaille-de-bronze-pour-alpha-oumar-djalo\/\" \/>\n<meta property=\"og:locale\" content=\"fr_FR\" \/>\n<meta property=\"og:type\" content=\"article\" \/>\n<meta property=\"og:title\" content=\"Judo - Grand Slam de Tokyo 2022 : M\u00e9daille de bronze pour Alpha Oumar Djalo\" \/>\n<meta property=\"og:description\" content=\"GRAND SLAM DE TOKYO - la d\u00e9l\u00e9gation fran\u00e7aise n&#039;a d\u00e9croch\u00e9 qu&#039;une seule m\u00e9daille, le bronze pour Alpha Oumar\u00a0Djalo en -81 kg.\" \/>\n<meta property=\"og:url\" content=\"https:\/\/dicodusport.fr\/blog\/judo-grand-slam-de-tokyo-2022-medaille-de-bronze-pour-alpha-oumar-djalo\/\" \/>\n<meta property=\"og:site_name\" content=\"Dicodusport\" \/>\n<meta property=\"article:publisher\" content=\"https:\/\/www.facebook.com\/dicodusport\" \/>\n<meta property=\"article:author\" content=\"https:\/\/www.facebook.com\/sebastien.gente\/\" \/>\n<meta property=\"article:published_time\" content=\"2022-12-03T08:35:52+00:00\" \/>\n<meta property=\"article:modified_time\" content=\"2022-12-03T09:42:48+00:00\" \/>\n<meta property=\"og:image\" content=\"https:\/\/dicodusport.fr\/blog\/wp-content\/uploads\/2022\/12\/Judo-Grand-Slam-de-Tokyo-2022-Medaille-de-bronze-pour-Alpha-Oumar-Djalo.png\" \/>\n\t<meta property=\"og:image:width\" content=\"800\" \/>\n\t<meta property=\"og:image:height\" content=\"445\" \/>\n\t<meta property=\"og:image:type\" content=\"image\/png\" \/>\n<meta name=\"author\" content=\"S\u00e9bastien Gente\" \/>\n<meta name=\"twitter:card\" content=\"summary_large_image\" \/>\n<meta name=\"twitter:title\" content=\"Judo - Grand Slam de Tokyo 2022 : M\u00e9daille de bronze pour Alpha Oumar Djalo\" \/>\n<meta name=\"twitter:creator\" content=\"@https:\/\/twitter.com\/globulo24\" \/>\n<meta name=\"twitter:site\" content=\"@dicodusport\" \/>\n<script type=\"application\/ld+json\" class=\"yoast-schema-graph\">{\"@context\":\"https:\/\/schema.org\",\"@graph\":[{\"@type\":\"NewsArticle\",\"@id\":\"https:\/\/dicodusport.fr\/blog\/judo-grand-slam-de-tokyo-2022-medaille-de-bronze-pour-alpha-oumar-djalo\/#article\",\"isPartOf\":{\"@id\":\"https:\/\/dicodusport.fr\/blog\/judo-grand-slam-de-tokyo-2022-medaille-de-bronze-pour-alpha-oumar-djalo\/\"},\"author\":{\"name\":\"S\u00e9bastien Gente\",\"@id\":\"https:\/\/dicodusport.fr\/blog\/#\/schema\/person\/627966a6cde45dbd8c5e36ac85d783da\"},\"headline\":\"Judo &#8211; Grand Slam de Tokyo 2022 : M\u00e9daille de bronze pour Alpha Oumar Djalo\",\"datePublished\":\"2022-12-03T08:35:52+00:00\",\"dateModified\":\"2022-12-03T09:42:48+00:00\",\"mainEntityOfPage\":{\"@id\":\"https:\/\/dicodusport.fr\/blog\/judo-grand-slam-de-tokyo-2022-medaille-de-bronze-pour-alpha-oumar-djalo\/\"},\"wordCount\":306,\"commentCount\":0,\"publisher\":{\"@id\":\"https:\/\/dicodusport.fr\/blog\/#organization\"},\"image\":{\"@id\":\"https:\/\/dicodusport.fr\/blog\/judo-grand-slam-de-tokyo-2022-medaille-de-bronze-pour-alpha-oumar-djalo\/#primaryimage\"},\"thumbnailUrl\":\"https:\/\/dicodusport.fr\/blog\/wp-content\/uploads\/2022\/12\/Judo-Grand-Slam-de-Tokyo-2022-Medaille-de-bronze-pour-Alpha-Oumar-Djalo.png\",\"keywords\":[\"Alpha Oumar Djalo\",\"\u00e9quipe de France de judo\",\"Judo\"],\"articleSection\":[\"Judo\"],\"inLanguage\":\"fr-FR\",\"potentialAction\":[{\"@type\":\"CommentAction\",\"name\":\"Comment\",\"target\":[\"https:\/\/dicodusport.fr\/blog\/judo-grand-slam-de-tokyo-2022-medaille-de-bronze-pour-alpha-oumar-djalo\/#respond\"]}],\"copyrightYear\":\"2022\",\"copyrightHolder\":{\"@id\":\"https:\/\/dicodusport.fr\/blog\/#organization\"}},{\"@type\":\"WebPage\",\"@id\":\"https:\/\/dicodusport.fr\/blog\/judo-grand-slam-de-tokyo-2022-medaille-de-bronze-pour-alpha-oumar-djalo\/\",\"url\":\"https:\/\/dicodusport.fr\/blog\/judo-grand-slam-de-tokyo-2022-medaille-de-bronze-pour-alpha-oumar-djalo\/\",\"name\":\"Judo - Grand Slam de Tokyo 2022 : M\u00e9daille de bronze pour Alpha Oumar Djalo\",\"isPartOf\":{\"@id\":\"https:\/\/dicodusport.fr\/blog\/#website\"},\"primaryImageOfPage\":{\"@id\":\"https:\/\/dicodusport.fr\/blog\/judo-grand-slam-de-tokyo-2022-medaille-de-bronze-pour-alpha-oumar-djalo\/#primaryimage\"},\"image\":{\"@id\":\"https:\/\/dicodusport.fr\/blog\/judo-grand-slam-de-tokyo-2022-medaille-de-bronze-pour-alpha-oumar-djalo\/#primaryimage\"},\"thumbnailUrl\":\"https:\/\/dicodusport.fr\/blog\/wp-content\/uploads\/2022\/12\/Judo-Grand-Slam-de-Tokyo-2022-Medaille-de-bronze-pour-Alpha-Oumar-Djalo.png\",\"datePublished\":\"2022-12-03T08:35:52+00:00\",\"dateModified\":\"2022-12-03T09:42:48+00:00\",\"description\":\"GRAND SLAM DE TOKYO - la d\u00e9l\u00e9gation fran\u00e7aise n'a d\u00e9croch\u00e9 qu'une seule m\u00e9daille, le bronze pour Alpha Oumar\u00a0Djalo en -81 kg.\",\"breadcrumb\":{\"@id\":\"https:\/\/dicodusport.fr\/blog\/judo-grand-slam-de-tokyo-2022-medaille-de-bronze-pour-alpha-oumar-djalo\/#breadcrumb\"},\"inLanguage\":\"fr-FR\",\"potentialAction\":[{\"@type\":\"ReadAction\",\"target\":[\"https:\/\/dicodusport.fr\/blog\/judo-grand-slam-de-tokyo-2022-medaille-de-bronze-pour-alpha-oumar-djalo\/\"]}]},{\"@type\":\"ImageObject\",\"inLanguage\":\"fr-FR\",\"@id\":\"https:\/\/dicodusport.fr\/blog\/judo-grand-slam-de-tokyo-2022-medaille-de-bronze-pour-alpha-oumar-djalo\/#primaryimage\",\"url\":\"https:\/\/dicodusport.fr\/blog\/wp-content\/uploads\/2022\/12\/Judo-Grand-Slam-de-Tokyo-2022-Medaille-de-bronze-pour-Alpha-Oumar-Djalo.png\",\"contentUrl\":\"https:\/\/dicodusport.fr\/blog\/wp-content\/uploads\/2022\/12\/Judo-Grand-Slam-de-Tokyo-2022-Medaille-de-bronze-pour-Alpha-Oumar-Djalo.png\",\"width\":800,\"height\":445,\"caption\":\"Judo - Grand Slam de Tokyo 2022 M\u00e9daille de bronze pour Alpha Oumar Djalo\"},{\"@type\":\"BreadcrumbList\",\"@id\":\"https:\/\/dicodusport.fr\/blog\/judo-grand-slam-de-tokyo-2022-medaille-de-bronze-pour-alpha-oumar-djalo\/#breadcrumb\",\"itemListElement\":[{\"@type\":\"ListItem\",\"position\":1,\"name\":\"Accueil\",\"item\":\"https:\/\/dicodusport.fr\/blog\/\"},{\"@type\":\"ListItem\",\"position\":2,\"name\":\"Judo &#8211; Grand Slam de Tokyo 2022 : M\u00e9daille de bronze pour Alpha Oumar Djalo\"}]},{\"@type\":\"WebSite\",\"@id\":\"https:\/\/dicodusport.fr\/blog\/#website\",\"url\":\"https:\/\/dicodusport.fr\/blog\/\",\"name\":\"Dicodusport\",\"description\":\"L&#039;encyclop\u00e9die de l&#039;actualit\u00e9 sportive\",\"publisher\":{\"@id\":\"https:\/\/dicodusport.fr\/blog\/#organization\"},\"potentialAction\":[{\"@type\":\"SearchAction\",\"target\":{\"@type\":\"EntryPoint\",\"urlTemplate\":\"https:\/\/dicodusport.fr\/blog\/?s={search_term_string}\"},\"query-input\":{\"@type\":\"PropertyValueSpecification\",\"valueRequired\":true,\"valueName\":\"search_term_string\"}}],\"inLanguage\":\"fr-FR\"},{\"@type\":\"NewsMediaOrganization\",\"@id\":\"https:\/\/dicodusport.fr\/blog\/#organization\",\"name\":\"Dicodusport\",\"url\":\"https:\/\/dicodusport.fr\/blog\/\",\"logo\":{\"@type\":\"ImageObject\",\"inLanguage\":\"fr-FR\",\"@id\":\"https:\/\/dicodusport.fr\/blog\/#\/schema\/logo\/image\/\",\"url\":\"https:\/\/dicodusport.fr\/blog\/wp-content\/uploads\/2020\/06\/cropped-LOGO-DICODUSPORT-2020-SANS-FOND-SANS-TEXTE.png\",\"contentUrl\":\"https:\/\/dicodusport.fr\/blog\/wp-content\/uploads\/2020\/06\/cropped-LOGO-DICODUSPORT-2020-SANS-FOND-SANS-TEXTE.png\",\"width\":512,\"height\":512,\"caption\":\"Dicodusport\"},\"image\":{\"@id\":\"https:\/\/dicodusport.fr\/blog\/#\/schema\/logo\/image\/\"},\"sameAs\":[\"https:\/\/www.facebook.com\/dicodusport\",\"https:\/\/x.com\/dicodusport\",\"https:\/\/www.instagram.com\/dicodusport\/\",\"https:\/\/www.youtube.com\/channel\/UC7V2KZ5sd3htJivAbA4ZG3w\"],\"description\":\"Dicodusport est l'encyclop\u00e9die de l'actualit\u00e9 sportive.\",\"email\":\"bonjour@dicodusport.fr\",\"legalName\":\"DICODUSPORT\",\"foundingDate\":\"2018-01-14\",\"vatID\":\"FR71834470973\",\"taxID\":\"83447097300043\",\"numberOfEmployees\":{\"@type\":\"QuantitativeValue\",\"minValue\":\"1\",\"maxValue\":\"10\"}},{\"@type\":\"Person\",\"@id\":\"https:\/\/dicodusport.fr\/blog\/#\/schema\/person\/627966a6cde45dbd8c5e36ac85d783da\",\"name\":\"S\u00e9bastien Gente\",\"image\":{\"@type\":\"ImageObject\",\"inLanguage\":\"fr-FR\",\"@id\":\"https:\/\/dicodusport.fr\/blog\/#\/schema\/person\/image\/\",\"url\":\"https:\/\/dicodusport.fr\/blog\/wp-content\/uploads\/2021\/09\/1510990_10205810251400683_4124423575079401707_n-150x150.jpg\",\"contentUrl\":\"https:\/\/dicodusport.fr\/blog\/wp-content\/uploads\/2021\/09\/1510990_10205810251400683_4124423575079401707_n-150x150.jpg\",\"caption\":\"S\u00e9bastien Gente\"},\"description\":\"John Stockton, Gianni Bugno, Zinedine Zidane, Steffi Graf, Frode Andresen, St\u00e9phane Stoecklin, Davis Kamoga, Primoz Peterka, Werner Schlager et Aur\u00e9lien Rougerie. Point commun entre ces sportifs? Ils m'ont fait r\u00eaver et ont berc\u00e9 mon adolescence. Je suis un fondu de sports et j'essaie de retranscrire ma passion \u00e0 travers mes articles. Originaire du P\u00e9rigord, ma passion pour les Girondins, les Jaunards et les Jazzmen transpire dans mes \u00e9crits. \u00c0 Dicodusport depuis 2021, je d\u00e9niche les sports m\u00e9connus dans lesquels la France brille, et il y en a !\",\"sameAs\":[\"https:\/\/www.facebook.com\/sebastien.gente\/\",\"https:\/\/www.instagram.com\/sebgente\/\",\"https:\/\/www.linkedin.com\/in\/sbastien-gente-a29583169\/\",\"https:\/\/x.com\/https:\/\/twitter.com\/globulo24\",\"SebastienGente\"],\"worksFor\":\"S\u00e9bastien GENTE\",\"url\":\"https:\/\/dicodusport.fr\/blog\/author\/sebastiengente\/\"}]}<\/script>\n<!-- \/ Yoast SEO Premium plugin. -->","yoast_head_json":{"title":"Judo - Grand Slam de Tokyo 2022 : M\u00e9daille de bronze pour Alpha Oumar Djalo","description":"GRAND SLAM DE TOKYO - la d\u00e9l\u00e9gation fran\u00e7aise n'a d\u00e9croch\u00e9 qu'une seule m\u00e9daille, le bronze pour Alpha Oumar\u00a0Djalo en -81 kg.","robots":{"index":"index","follow":"follow","max-snippet":"max-snippet:-1","max-image-preview":"max-image-preview:large","max-video-preview":"max-video-preview:-1"},"canonical":"https:\/\/dicodusport.fr\/blog\/judo-grand-slam-de-tokyo-2022-medaille-de-bronze-pour-alpha-oumar-djalo\/","og_locale":"fr_FR","og_type":"article","og_title":"Judo - Grand Slam de Tokyo 2022 : M\u00e9daille de bronze pour Alpha Oumar Djalo","og_description":"GRAND SLAM DE TOKYO - la d\u00e9l\u00e9gation fran\u00e7aise n'a d\u00e9croch\u00e9 qu'une seule m\u00e9daille, le bronze pour Alpha Oumar\u00a0Djalo en -81 kg.","og_url":"https:\/\/dicodusport.fr\/blog\/judo-grand-slam-de-tokyo-2022-medaille-de-bronze-pour-alpha-oumar-djalo\/","og_site_name":"Dicodusport","article_publisher":"https:\/\/www.facebook.com\/dicodusport","article_author":"https:\/\/www.facebook.com\/sebastien.gente\/","article_published_time":"2022-12-03T08:35:52+00:00","article_modified_time":"2022-12-03T09:42:48+00:00","og_image":[{"width":800,"height":445,"url":"https:\/\/dicodusport.fr\/blog\/wp-content\/uploads\/2022\/12\/Judo-Grand-Slam-de-Tokyo-2022-Medaille-de-bronze-pour-Alpha-Oumar-Djalo.png","type":"image\/png"}],"author":"S\u00e9bastien Gente","twitter_card":"summary_large_image","twitter_title":"Judo - Grand Slam de Tokyo 2022 : M\u00e9daille de bronze pour Alpha Oumar Djalo","twitter_creator":"@https:\/\/twitter.com\/globulo24","twitter_site":"@dicodusport","schema":{"@context":"https:\/\/schema.org","@graph":[{"@type":"NewsArticle","@id":"https:\/\/dicodusport.fr\/blog\/judo-grand-slam-de-tokyo-2022-medaille-de-bronze-pour-alpha-oumar-djalo\/#article","isPartOf":{"@id":"https:\/\/dicodusport.fr\/blog\/judo-grand-slam-de-tokyo-2022-medaille-de-bronze-pour-alpha-oumar-djalo\/"},"author":{"name":"S\u00e9bastien Gente","@id":"https:\/\/dicodusport.fr\/blog\/#\/schema\/person\/627966a6cde45dbd8c5e36ac85d783da"},"headline":"Judo &#8211; Grand Slam de Tokyo 2022 : M\u00e9daille de bronze pour Alpha Oumar Djalo","datePublished":"2022-12-03T08:35:52+00:00","dateModified":"2022-12-03T09:42:48+00:00","mainEntityOfPage":{"@id":"https:\/\/dicodusport.fr\/blog\/judo-grand-slam-de-tokyo-2022-medaille-de-bronze-pour-alpha-oumar-djalo\/"},"wordCount":306,"commentCount":0,"publisher":{"@id":"https:\/\/dicodusport.fr\/blog\/#organization"},"image":{"@id":"https:\/\/dicodusport.fr\/blog\/judo-grand-slam-de-tokyo-2022-medaille-de-bronze-pour-alpha-oumar-djalo\/#primaryimage"},"thumbnailUrl":"https:\/\/dicodusport.fr\/blog\/wp-content\/uploads\/2022\/12\/Judo-Grand-Slam-de-Tokyo-2022-Medaille-de-bronze-pour-Alpha-Oumar-Djalo.png","keywords":["Alpha Oumar Djalo","\u00e9quipe de France de judo","Judo"],"articleSection":["Judo"],"inLanguage":"fr-FR","potentialAction":[{"@type":"CommentAction","name":"Comment","target":["https:\/\/dicodusport.fr\/blog\/judo-grand-slam-de-tokyo-2022-medaille-de-bronze-pour-alpha-oumar-djalo\/#respond"]}],"copyrightYear":"2022","copyrightHolder":{"@id":"https:\/\/dicodusport.fr\/blog\/#organization"}},{"@type":"WebPage","@id":"https:\/\/dicodusport.fr\/blog\/judo-grand-slam-de-tokyo-2022-medaille-de-bronze-pour-alpha-oumar-djalo\/","url":"https:\/\/dicodusport.fr\/blog\/judo-grand-slam-de-tokyo-2022-medaille-de-bronze-pour-alpha-oumar-djalo\/","name":"Judo - Grand Slam de Tokyo 2022 : M\u00e9daille de bronze pour Alpha Oumar Djalo","isPartOf":{"@id":"https:\/\/dicodusport.fr\/blog\/#website"},"primaryImageOfPage":{"@id":"https:\/\/dicodusport.fr\/blog\/judo-grand-slam-de-tokyo-2022-medaille-de-bronze-pour-alpha-oumar-djalo\/#primaryimage"},"image":{"@id":"https:\/\/dicodusport.fr\/blog\/judo-grand-slam-de-tokyo-2022-medaille-de-bronze-pour-alpha-oumar-djalo\/#primaryimage"},"thumbnailUrl":"https:\/\/dicodusport.fr\/blog\/wp-content\/uploads\/2022\/12\/Judo-Grand-Slam-de-Tokyo-2022-Medaille-de-bronze-pour-Alpha-Oumar-Djalo.png","datePublished":"2022-12-03T08:35:52+00:00","dateModified":"2022-12-03T09:42:48+00:00","description":"GRAND SLAM DE TOKYO - la d\u00e9l\u00e9gation fran\u00e7aise n'a d\u00e9croch\u00e9 qu'une seule m\u00e9daille, le bronze pour Alpha Oumar\u00a0Djalo en -81 kg.","breadcrumb":{"@id":"https:\/\/dicodusport.fr\/blog\/judo-grand-slam-de-tokyo-2022-medaille-de-bronze-pour-alpha-oumar-djalo\/#breadcrumb"},"inLanguage":"fr-FR","potentialAction":[{"@type":"ReadAction","target":["https:\/\/dicodusport.fr\/blog\/judo-grand-slam-de-tokyo-2022-medaille-de-bronze-pour-alpha-oumar-djalo\/"]}]},{"@type":"ImageObject","inLanguage":"fr-FR","@id":"https:\/\/dicodusport.fr\/blog\/judo-grand-slam-de-tokyo-2022-medaille-de-bronze-pour-alpha-oumar-djalo\/#primaryimage","url":"https:\/\/dicodusport.fr\/blog\/wp-content\/uploads\/2022\/12\/Judo-Grand-Slam-de-Tokyo-2022-Medaille-de-bronze-pour-Alpha-Oumar-Djalo.png","contentUrl":"https:\/\/dicodusport.fr\/blog\/wp-content\/uploads\/2022\/12\/Judo-Grand-Slam-de-Tokyo-2022-Medaille-de-bronze-pour-Alpha-Oumar-Djalo.png","width":800,"height":445,"caption":"Judo - Grand Slam de Tokyo 2022 M\u00e9daille de bronze pour Alpha Oumar Djalo"},{"@type":"BreadcrumbList","@id":"https:\/\/dicodusport.fr\/blog\/judo-grand-slam-de-tokyo-2022-medaille-de-bronze-pour-alpha-oumar-djalo\/#breadcrumb","itemListElement":[{"@type":"ListItem","position":1,"name":"Accueil","item":"https:\/\/dicodusport.fr\/blog\/"},{"@type":"ListItem","position":2,"name":"Judo &#8211; Grand Slam de Tokyo 2022 : M\u00e9daille de bronze pour Alpha Oumar Djalo"}]},{"@type":"WebSite","@id":"https:\/\/dicodusport.fr\/blog\/#website","url":"https:\/\/dicodusport.fr\/blog\/","name":"Dicodusport","description":"L&#039;encyclop\u00e9die de l&#039;actualit\u00e9 sportive","publisher":{"@id":"https:\/\/dicodusport.fr\/blog\/#organization"},"potentialAction":[{"@type":"SearchAction","target":{"@type":"EntryPoint","urlTemplate":"https:\/\/dicodusport.fr\/blog\/?s={search_term_string}"},"query-input":{"@type":"PropertyValueSpecification","valueRequired":true,"valueName":"search_term_string"}}],"inLanguage":"fr-FR"},{"@type":"NewsMediaOrganization","@id":"https:\/\/dicodusport.fr\/blog\/#organization","name":"Dicodusport","url":"https:\/\/dicodusport.fr\/blog\/","logo":{"@type":"ImageObject","inLanguage":"fr-FR","@id":"https:\/\/dicodusport.fr\/blog\/#\/schema\/logo\/image\/","url":"https:\/\/dicodusport.fr\/blog\/wp-content\/uploads\/2020\/06\/cropped-LOGO-DICODUSPORT-2020-SANS-FOND-SANS-TEXTE.png","contentUrl":"https:\/\/dicodusport.fr\/blog\/wp-content\/uploads\/2020\/06\/cropped-LOGO-DICODUSPORT-2020-SANS-FOND-SANS-TEXTE.png","width":512,"height":512,"caption":"Dicodusport"},"image":{"@id":"https:\/\/dicodusport.fr\/blog\/#\/schema\/logo\/image\/"},"sameAs":["https:\/\/www.facebook.com\/dicodusport","https:\/\/x.com\/dicodusport","https:\/\/www.instagram.com\/dicodusport\/","https:\/\/www.youtube.com\/channel\/UC7V2KZ5sd3htJivAbA4ZG3w"],"description":"Dicodusport est l'encyclop\u00e9die de l'actualit\u00e9 sportive.","email":"bonjour@dicodusport.fr","legalName":"DICODUSPORT","foundingDate":"2018-01-14","vatID":"FR71834470973","taxID":"83447097300043","numberOfEmployees":{"@type":"QuantitativeValue","minValue":"1","maxValue":"10"}},{"@type":"Person","@id":"https:\/\/dicodusport.fr\/blog\/#\/schema\/person\/627966a6cde45dbd8c5e36ac85d783da","name":"S\u00e9bastien Gente","image":{"@type":"ImageObject","inLanguage":"fr-FR","@id":"https:\/\/dicodusport.fr\/blog\/#\/schema\/person\/image\/","url":"https:\/\/dicodusport.fr\/blog\/wp-content\/uploads\/2021\/09\/1510990_10205810251400683_4124423575079401707_n-150x150.jpg","contentUrl":"https:\/\/dicodusport.fr\/blog\/wp-content\/uploads\/2021\/09\/1510990_10205810251400683_4124423575079401707_n-150x150.jpg","caption":"S\u00e9bastien Gente"},"description":"John Stockton, Gianni Bugno, Zinedine Zidane, Steffi Graf, Frode Andresen, St\u00e9phane Stoecklin, Davis Kamoga, Primoz Peterka, Werner Schlager et Aur\u00e9lien Rougerie. Point commun entre ces sportifs? Ils m'ont fait r\u00eaver et ont berc\u00e9 mon adolescence. Je suis un fondu de sports et j'essaie de retranscrire ma passion \u00e0 travers mes articles. Originaire du P\u00e9rigord, ma passion pour les Girondins, les Jaunards et les Jazzmen transpire dans mes \u00e9crits. \u00c0 Dicodusport depuis 2021, je d\u00e9niche les sports m\u00e9connus dans lesquels la France brille, et il y en a !","sameAs":["https:\/\/www.facebook.com\/sebastien.gente\/","https:\/\/www.instagram.com\/sebgente\/","https:\/\/www.linkedin.com\/in\/sbastien-gente-a29583169\/","https:\/\/x.com\/https:\/\/twitter.com\/globulo24","SebastienGente"],"worksFor":"S\u00e9bastien GENTE","url":"https:\/\/dicodusport.fr\/blog\/author\/sebastiengente\/"}]}},"_links":{"self":[{"href":"https:\/\/dicodusport.fr\/blog\/wp-json\/wp\/v2\/posts\/284925","targetHints":{"allow":["GET"]}}],"collection":[{"href":"https:\/\/dicodusport.fr\/blog\/wp-json\/wp\/v2\/posts"}],"about":[{"href":"https:\/\/dicodusport.fr\/blog\/wp-json\/wp\/v2\/types\/post"}],"author":[{"embeddable":true,"href":"https:\/\/dicodusport.fr\/blog\/wp-json\/wp\/v2\/users\/59"}],"replies":[{"embeddable":true,"href":"https:\/\/dicodusport.fr\/blog\/wp-json\/wp\/v2\/comments?post=284925"}],"version-history":[{"count":0,"href":"https:\/\/dicodusport.fr\/blog\/wp-json\/wp\/v2\/posts\/284925\/revisions"}],"wp:featuredmedia":[{"embeddable":true,"href":"https:\/\/dicodusport.fr\/blog\/wp-json\/wp\/v2\/media\/284926"}],"wp:attachment":[{"href":"https:\/\/dicodusport.fr\/blog\/wp-json\/wp\/v2\/media?parent=284925"}],"wp:term":[{"taxonomy":"category","embeddable":true,"href":"https:\/\/dicodusport.fr\/blog\/wp-json\/wp\/v2\/categories?post=284925"},{"taxonomy":"post_tag","embeddable":true,"href":"https:\/\/dicodusport.fr\/blog\/wp-json\/wp\/v2\/tags?post=284925"}],"curies":[{"name":"wp","href":"https:\/\/api.w.org\/{rel}","templated":true}]}}