{"id":285417,"date":"2022-12-04T13:16:38","date_gmt":"2022-12-04T12:16:38","guid":{"rendered":"https:\/\/dicodusport.fr\/blog\/?p=285417&#038;preview=true&#038;preview_id=285417"},"modified":"2022-12-04T13:19:14","modified_gmt":"2022-12-04T12:19:14","slug":"mercato-mark-cavendish-de-retour-chez-ineos-grenadiers","status":"publish","type":"post","link":"https:\/\/dicodusport.fr\/blog\/mercato-mark-cavendish-de-retour-chez-ineos-grenadiers\/","title":{"rendered":"Mercato : Mark Cavendish de retour chez INEOS Grenadiers ?"},"content":{"rendered":"<p align=\"justify\"><em><b>CYCLISME SUR ROUTE 2023 &#8211;\u00a0 Selon nos confr\u00e8res de VeloNews, Mark Cavendish pourrait rebondir chez INEOS Grenadiers, formation pour laquelle il a d\u00e9j\u00e0 couru en 2012, lorsque cette derni\u00e8re s&rsquo;appelait encore Team Sky.<\/b><\/em><\/p>\n<p style=\"text-align: justify;\" align=\"justify\">O\u00f9 <a href=\"https:\/\/dicodusport.fr\/blog\/mark-cavendish-ne-rejoindra-pas-bb-hotels-la-saison-prochaine\/\"><strong>Mark Cavendish<\/strong><\/a> va-t-il courir la saison prochaine. Alors qu&rsquo;il devait \u00eatre la star du projet <strong>B&amp;B Hotels<\/strong>, <a href=\"https:\/\/dicodusport.fr\/blog\/bb-hotels-jerome-pineau-libere-tous-ses-coureurs\/\">officiellement tomb\u00e9 \u00e0 l&rsquo;eau vendredi soir<\/a>, le sprinteur britannique est \u00e0 la recherche d&rsquo;un nouveau point du chute. Le coureur aux 34 bouquets sur le Tour de France, qui a dit au revoir pour de bon ce week-end \u00e0 la Quick-Step Alpha Vinyl de <strong>Patrick Lefevere<\/strong>, pourrait retrouver une autre de ses anciennes \u00e9quipes.<\/p>\n<p style=\"text-align: justify;\" align=\"justify\">En effet, selon <em><a href=\"https:\/\/www.velonews.com\/news\/road\/mark-cavendish-facing-uncertain-future-after-bb-hotels-team-loses-backers\/\" target=\"_blank\" rel=\"nofollow noopener\">VeloNews<\/a>,<\/em> les rumeurs d&rsquo;un retour du <em>Cav&rsquo;<\/em> du c\u00f4t\u00e9 <strong>INEOS Grenadiers<\/strong> enflent. Pour rappel, <strong>Mark Cavendish<\/strong> a d\u00e9j\u00e0 \u00e9volu\u00e9 au sein de la formation manag\u00e9e par <strong>Dave Brailsford<\/strong>. C&rsquo;\u00e9tait en 2021, lorsque l&rsquo;\u00e9quipe britannique se nommait encore <strong>Team Sky<\/strong>. Cette ann\u00e9e-l\u00e0, le coureur de 37 ans avait d\u00e9croch\u00e9 15 succ\u00e8s, dont trois \u00e9tapes sur le Tour de France et le Tour d&rsquo;Italie, en plus d&rsquo;une victoire sur <strong>Kuurne-Bruxelles-Kuurne<\/strong>. Affaire \u00e0 suivre donc, pour ce qui serait le dernier d\u00e9fi au plus haut niveau, d&rsquo;un <strong>Mark Cavendish<\/strong> d\u00e9cid\u00e9ment \u00e9ternel.<\/p>\n<div id=\"attachment_285453\" style=\"width: 750px\" class=\"wp-caption aligncenter\"><a href=\"https:\/\/dicodusport.fr\/blog\/wp-content\/uploads\/2022\/12\/Mark-Cavendish-vainqueur-de-la-derniere-etape-du-Tour-de-France-2012-a-Paris-scaled.jpg\"><img loading=\"lazy\" decoding=\"async\" aria-describedby=\"caption-attachment-285453\" class=\"size-large wp-image-285453\" src=\"https:\/\/dicodusport.fr\/blog\/wp-content\/uploads\/2022\/12\/Mark-Cavendish-vainqueur-de-la-derniere-etape-du-Tour-de-France-2012-a-Paris-1024x678.jpg\" alt=\"Mark Cavendish vainqueur de la derni\u00e8re \u00e9tape du Tour de France 2012, \u00e0 Paris\" width=\"740\" height=\"490\" srcset=\"https:\/\/dicodusport.fr\/blog\/wp-content\/uploads\/2022\/12\/Mark-Cavendish-vainqueur-de-la-derniere-etape-du-Tour-de-France-2012-a-Paris-1024x678.jpg 1024w, https:\/\/dicodusport.fr\/blog\/wp-content\/uploads\/2022\/12\/Mark-Cavendish-vainqueur-de-la-derniere-etape-du-Tour-de-France-2012-a-Paris-300x199.jpg 300w, https:\/\/dicodusport.fr\/blog\/wp-content\/uploads\/2022\/12\/Mark-Cavendish-vainqueur-de-la-derniere-etape-du-Tour-de-France-2012-a-Paris-768x509.jpg 768w, https:\/\/dicodusport.fr\/blog\/wp-content\/uploads\/2022\/12\/Mark-Cavendish-vainqueur-de-la-derniere-etape-du-Tour-de-France-2012-a-Paris-1536x1017.jpg 1536w, https:\/\/dicodusport.fr\/blog\/wp-content\/uploads\/2022\/12\/Mark-Cavendish-vainqueur-de-la-derniere-etape-du-Tour-de-France-2012-a-Paris-2048x1357.jpg 2048w\" sizes=\"auto, (max-width: 740px) 100vw, 740px\" \/><\/a><p id=\"caption-attachment-285453\" class=\"wp-caption-text\">Mark Cavendish vainqueur de la derni\u00e8re \u00e9tape du Tour de France 2012, \u00e0 Paris &#8211; Photo Icon Sport<\/p><\/div>\n","protected":false},"excerpt":{"rendered":"<p>CYCLISME SUR ROUTE 2023 &#8211;\u00a0 Selon nos confr\u00e8res de VeloNews, Mark Cavendish pourrait rebondir chez INEOS Grenadiers, formation pour laquelle il a d\u00e9j\u00e0 couru en 2012, lorsque cette derni\u00e8re s&rsquo;appelait encore Team Sky.<\/p>\n","protected":false},"author":4,"featured_media":268055,"comment_status":"open","ping_status":"closed","sticky":false,"template":"","format":"standard","meta":{"_acf_changed":false,"_daextam_enable_autolinks":"","footnotes":""},"categories":[46994],"tags":[9086,11397,9087,8386],"class_list":["post-285417","post","type-post","status-publish","format-standard","has-post-thumbnail","hentry","category-cyclisme-sur-route","tag-cavendish","tag-ineos-grenadiers","tag-mark-cavendish","tag-mercato-cyclisme"],"acf":[],"yoast_head":"<!-- This site is optimized with the Yoast SEO Premium plugin v26.7 (Yoast SEO v26.7) - https:\/\/yoast.com\/wordpress\/plugins\/seo\/ -->\n<title>Mercato : Mark Cavendish de retour chez INEOS Grenadiers ?<\/title>\n<meta name=\"description\" content=\"CYCLISME SUR ROUTE 2023 -\u00a0 Selon nos confr\u00e8res de VeloNews, Mark Cavendish pourrait rebondir chez INEOS Grenadiers.\" \/>\n<meta name=\"robots\" content=\"index, follow, max-snippet:-1, max-image-preview:large, max-video-preview:-1\" \/>\n<link rel=\"canonical\" href=\"https:\/\/dicodusport.fr\/blog\/mercato-mark-cavendish-de-retour-chez-ineos-grenadiers\/\" \/>\n<meta property=\"og:locale\" content=\"fr_FR\" \/>\n<meta property=\"og:type\" content=\"article\" \/>\n<meta property=\"og:title\" content=\"Mercato : Mark Cavendish de retour chez INEOS Grenadiers ?\" \/>\n<meta property=\"og:description\" content=\"CYCLISME SUR ROUTE 2023 -\u00a0 Selon nos confr\u00e8res de VeloNews, Mark Cavendish pourrait rebondir chez INEOS Grenadiers.\" \/>\n<meta property=\"og:url\" content=\"https:\/\/dicodusport.fr\/blog\/mercato-mark-cavendish-de-retour-chez-ineos-grenadiers\/\" \/>\n<meta property=\"og:site_name\" content=\"Dicodusport\" \/>\n<meta property=\"article:publisher\" content=\"https:\/\/www.facebook.com\/dicodusport\" \/>\n<meta property=\"article:author\" content=\"https:\/\/www.facebook.com\/florent.ostermann\" \/>\n<meta property=\"article:published_time\" content=\"2022-12-04T12:16:38+00:00\" \/>\n<meta property=\"article:modified_time\" content=\"2022-12-04T12:19:14+00:00\" \/>\n<meta property=\"og:image\" content=\"https:\/\/dicodusport.fr\/blog\/wp-content\/uploads\/2022\/10\/Mercato-BB-Hotels-C\u0327a-se-pre\u0301cise-pour-Cavendish-et-son-futur-poisson-pilote.png\" \/>\n\t<meta property=\"og:image:width\" content=\"800\" \/>\n\t<meta property=\"og:image:height\" content=\"445\" \/>\n\t<meta property=\"og:image:type\" content=\"image\/png\" \/>\n<meta name=\"author\" content=\"Flo Ostermann\" \/>\n<meta name=\"twitter:card\" content=\"summary_large_image\" \/>\n<meta name=\"twitter:title\" content=\"Mercato : Mark Cavendish de retour chez INEOS Grenadiers ?\" \/>\n<meta name=\"twitter:creator\" content=\"@https:\/\/twitter.com\/FlOstermann\" \/>\n<meta name=\"twitter:site\" content=\"@dicodusport\" \/>\n<script type=\"application\/ld+json\" class=\"yoast-schema-graph\">{\"@context\":\"https:\/\/schema.org\",\"@graph\":[{\"@type\":\"NewsArticle\",\"@id\":\"https:\/\/dicodusport.fr\/blog\/mercato-mark-cavendish-de-retour-chez-ineos-grenadiers\/#article\",\"isPartOf\":{\"@id\":\"https:\/\/dicodusport.fr\/blog\/mercato-mark-cavendish-de-retour-chez-ineos-grenadiers\/\"},\"author\":{\"name\":\"Flo Ostermann\",\"@id\":\"https:\/\/dicodusport.fr\/blog\/#\/schema\/person\/cb02af4c173ce4a653b55e9baf388d4a\"},\"headline\":\"Mercato : Mark Cavendish de retour chez INEOS Grenadiers ?\",\"datePublished\":\"2022-12-04T12:16:38+00:00\",\"dateModified\":\"2022-12-04T12:19:14+00:00\",\"mainEntityOfPage\":{\"@id\":\"https:\/\/dicodusport.fr\/blog\/mercato-mark-cavendish-de-retour-chez-ineos-grenadiers\/\"},\"wordCount\":242,\"commentCount\":0,\"publisher\":{\"@id\":\"https:\/\/dicodusport.fr\/blog\/#organization\"},\"image\":{\"@id\":\"https:\/\/dicodusport.fr\/blog\/mercato-mark-cavendish-de-retour-chez-ineos-grenadiers\/#primaryimage\"},\"thumbnailUrl\":\"https:\/\/dicodusport.fr\/blog\/wp-content\/uploads\/2022\/10\/Mercato-BB-Hotels-C\u0327a-se-pre\u0301cise-pour-Cavendish-et-son-futur-poisson-pilote.png\",\"keywords\":[\"Cavendish\",\"INEOS Grenadiers\",\"Mark Cavendish\",\"Mercato Cyclisme\"],\"articleSection\":[\"Cyclisme sur route\"],\"inLanguage\":\"fr-FR\",\"potentialAction\":[{\"@type\":\"CommentAction\",\"name\":\"Comment\",\"target\":[\"https:\/\/dicodusport.fr\/blog\/mercato-mark-cavendish-de-retour-chez-ineos-grenadiers\/#respond\"]}],\"copyrightYear\":\"2022\",\"copyrightHolder\":{\"@id\":\"https:\/\/dicodusport.fr\/blog\/#organization\"}},{\"@type\":\"WebPage\",\"@id\":\"https:\/\/dicodusport.fr\/blog\/mercato-mark-cavendish-de-retour-chez-ineos-grenadiers\/\",\"url\":\"https:\/\/dicodusport.fr\/blog\/mercato-mark-cavendish-de-retour-chez-ineos-grenadiers\/\",\"name\":\"Mercato : Mark Cavendish de retour chez INEOS Grenadiers ?\",\"isPartOf\":{\"@id\":\"https:\/\/dicodusport.fr\/blog\/#website\"},\"primaryImageOfPage\":{\"@id\":\"https:\/\/dicodusport.fr\/blog\/mercato-mark-cavendish-de-retour-chez-ineos-grenadiers\/#primaryimage\"},\"image\":{\"@id\":\"https:\/\/dicodusport.fr\/blog\/mercato-mark-cavendish-de-retour-chez-ineos-grenadiers\/#primaryimage\"},\"thumbnailUrl\":\"https:\/\/dicodusport.fr\/blog\/wp-content\/uploads\/2022\/10\/Mercato-BB-Hotels-C\u0327a-se-pre\u0301cise-pour-Cavendish-et-son-futur-poisson-pilote.png\",\"datePublished\":\"2022-12-04T12:16:38+00:00\",\"dateModified\":\"2022-12-04T12:19:14+00:00\",\"description\":\"CYCLISME SUR ROUTE 2023 -\u00a0 Selon nos confr\u00e8res de VeloNews, Mark Cavendish pourrait rebondir chez INEOS Grenadiers.\",\"breadcrumb\":{\"@id\":\"https:\/\/dicodusport.fr\/blog\/mercato-mark-cavendish-de-retour-chez-ineos-grenadiers\/#breadcrumb\"},\"inLanguage\":\"fr-FR\",\"potentialAction\":[{\"@type\":\"ReadAction\",\"target\":[\"https:\/\/dicodusport.fr\/blog\/mercato-mark-cavendish-de-retour-chez-ineos-grenadiers\/\"]}]},{\"@type\":\"ImageObject\",\"inLanguage\":\"fr-FR\",\"@id\":\"https:\/\/dicodusport.fr\/blog\/mercato-mark-cavendish-de-retour-chez-ineos-grenadiers\/#primaryimage\",\"url\":\"https:\/\/dicodusport.fr\/blog\/wp-content\/uploads\/2022\/10\/Mercato-BB-Hotels-C\u0327a-se-pre\u0301cise-pour-Cavendish-et-son-futur-poisson-pilote.png\",\"contentUrl\":\"https:\/\/dicodusport.fr\/blog\/wp-content\/uploads\/2022\/10\/Mercato-BB-Hotels-C\u0327a-se-pre\u0301cise-pour-Cavendish-et-son-futur-poisson-pilote.png\",\"width\":800,\"height\":445,\"caption\":\"Mercato : Mark Cavendish de retour chez INEOS Grenadiers ?\"},{\"@type\":\"BreadcrumbList\",\"@id\":\"https:\/\/dicodusport.fr\/blog\/mercato-mark-cavendish-de-retour-chez-ineos-grenadiers\/#breadcrumb\",\"itemListElement\":[{\"@type\":\"ListItem\",\"position\":1,\"name\":\"Accueil\",\"item\":\"https:\/\/dicodusport.fr\/blog\/\"},{\"@type\":\"ListItem\",\"position\":2,\"name\":\"Mercato : Mark Cavendish de retour chez INEOS Grenadiers ?\"}]},{\"@type\":\"WebSite\",\"@id\":\"https:\/\/dicodusport.fr\/blog\/#website\",\"url\":\"https:\/\/dicodusport.fr\/blog\/\",\"name\":\"Dicodusport\",\"description\":\"L&#039;encyclop\u00e9die de l&#039;actualit\u00e9 sportive\",\"publisher\":{\"@id\":\"https:\/\/dicodusport.fr\/blog\/#organization\"},\"potentialAction\":[{\"@type\":\"SearchAction\",\"target\":{\"@type\":\"EntryPoint\",\"urlTemplate\":\"https:\/\/dicodusport.fr\/blog\/?s={search_term_string}\"},\"query-input\":{\"@type\":\"PropertyValueSpecification\",\"valueRequired\":true,\"valueName\":\"search_term_string\"}}],\"inLanguage\":\"fr-FR\"},{\"@type\":\"NewsMediaOrganization\",\"@id\":\"https:\/\/dicodusport.fr\/blog\/#organization\",\"name\":\"Dicodusport\",\"url\":\"https:\/\/dicodusport.fr\/blog\/\",\"logo\":{\"@type\":\"ImageObject\",\"inLanguage\":\"fr-FR\",\"@id\":\"https:\/\/dicodusport.fr\/blog\/#\/schema\/logo\/image\/\",\"url\":\"https:\/\/dicodusport.fr\/blog\/wp-content\/uploads\/2020\/06\/cropped-LOGO-DICODUSPORT-2020-SANS-FOND-SANS-TEXTE.png\",\"contentUrl\":\"https:\/\/dicodusport.fr\/blog\/wp-content\/uploads\/2020\/06\/cropped-LOGO-DICODUSPORT-2020-SANS-FOND-SANS-TEXTE.png\",\"width\":512,\"height\":512,\"caption\":\"Dicodusport\"},\"image\":{\"@id\":\"https:\/\/dicodusport.fr\/blog\/#\/schema\/logo\/image\/\"},\"sameAs\":[\"https:\/\/www.facebook.com\/dicodusport\",\"https:\/\/x.com\/dicodusport\",\"https:\/\/www.instagram.com\/dicodusport\/\",\"https:\/\/www.youtube.com\/channel\/UC7V2KZ5sd3htJivAbA4ZG3w\"],\"description\":\"Dicodusport est l'encyclop\u00e9die de l'actualit\u00e9 sportive.\",\"email\":\"bonjour@dicodusport.fr\",\"legalName\":\"DICODUSPORT\",\"foundingDate\":\"2018-01-14\",\"vatID\":\"FR71834470973\",\"taxID\":\"83447097300043\",\"numberOfEmployees\":{\"@type\":\"QuantitativeValue\",\"minValue\":\"1\",\"maxValue\":\"10\"}},{\"@type\":\"Person\",\"@id\":\"https:\/\/dicodusport.fr\/blog\/#\/schema\/person\/cb02af4c173ce4a653b55e9baf388d4a\",\"name\":\"Flo Ostermann\",\"image\":{\"@type\":\"ImageObject\",\"inLanguage\":\"fr-FR\",\"@id\":\"https:\/\/dicodusport.fr\/blog\/#\/schema\/person\/image\/\",\"url\":\"https:\/\/dicodusport.fr\/blog\/wp-content\/uploads\/2021\/05\/Flo-Ostermann-150x150.jpg\",\"contentUrl\":\"https:\/\/dicodusport.fr\/blog\/wp-content\/uploads\/2021\/05\/Flo-Ostermann-150x150.jpg\",\"caption\":\"Flo Ostermann\"},\"description\":\"Journaliste\/R\u00e9dacteur depuis septembre 2015 - Mes premiers souvenirs dans le sport ? Les envol\u00e9es du Stade Toulousain et les duels Villeneuve-Schumacher et H\u00e4kkinen-Schumacher \u00e0 la fin des ann\u00e9es 90, la Coupe du monde de football en 1998, l\u2019exploit du XV de France face aux All Blacks en 1999, mais aussi Richard C\u0153ur de Lion qui vole sur les montagnes du Tour de France. Bien parti pour devenir professeur d\u2019EPS, les \u00e9v\u00e9nements de la vie (et la flemme d\u2019animer des s\u00e9ances de 3x500 m\u00e8tres toute ma vie) m\u2019ont conduit \u00e0 revoir mes plans. Me voil\u00e0 depuis fin 2017 sur Dicodusport, m\u00e9dia gr\u00e2ce (et pour) lequel je partage ma passion : le sport dans tous ses \u00e9tats. Le tout accompagn\u00e9 par les fous furieux et folles furieuses cit\u00e9s sur cette page !\",\"sameAs\":[\"https:\/\/www.facebook.com\/florent.ostermann\",\"https:\/\/x.com\/https:\/\/twitter.com\/FlOstermann\",\"admin\"],\"url\":\"https:\/\/dicodusport.fr\/blog\/author\/flo\/\"}]}<\/script>\n<!-- \/ Yoast SEO Premium plugin. -->","yoast_head_json":{"title":"Mercato : Mark Cavendish de retour chez INEOS Grenadiers ?","description":"CYCLISME SUR ROUTE 2023 -\u00a0 Selon nos confr\u00e8res de VeloNews, Mark Cavendish pourrait rebondir chez INEOS Grenadiers.","robots":{"index":"index","follow":"follow","max-snippet":"max-snippet:-1","max-image-preview":"max-image-preview:large","max-video-preview":"max-video-preview:-1"},"canonical":"https:\/\/dicodusport.fr\/blog\/mercato-mark-cavendish-de-retour-chez-ineos-grenadiers\/","og_locale":"fr_FR","og_type":"article","og_title":"Mercato : Mark Cavendish de retour chez INEOS Grenadiers ?","og_description":"CYCLISME SUR ROUTE 2023 -\u00a0 Selon nos confr\u00e8res de VeloNews, Mark Cavendish pourrait rebondir chez INEOS Grenadiers.","og_url":"https:\/\/dicodusport.fr\/blog\/mercato-mark-cavendish-de-retour-chez-ineos-grenadiers\/","og_site_name":"Dicodusport","article_publisher":"https:\/\/www.facebook.com\/dicodusport","article_author":"https:\/\/www.facebook.com\/florent.ostermann","article_published_time":"2022-12-04T12:16:38+00:00","article_modified_time":"2022-12-04T12:19:14+00:00","og_image":[{"width":800,"height":445,"url":"https:\/\/dicodusport.fr\/blog\/wp-content\/uploads\/2022\/10\/Mercato-BB-Hotels-C\u0327a-se-pre\u0301cise-pour-Cavendish-et-son-futur-poisson-pilote.png","type":"image\/png"}],"author":"Flo Ostermann","twitter_card":"summary_large_image","twitter_title":"Mercato : Mark Cavendish de retour chez INEOS Grenadiers ?","twitter_creator":"@https:\/\/twitter.com\/FlOstermann","twitter_site":"@dicodusport","schema":{"@context":"https:\/\/schema.org","@graph":[{"@type":"NewsArticle","@id":"https:\/\/dicodusport.fr\/blog\/mercato-mark-cavendish-de-retour-chez-ineos-grenadiers\/#article","isPartOf":{"@id":"https:\/\/dicodusport.fr\/blog\/mercato-mark-cavendish-de-retour-chez-ineos-grenadiers\/"},"author":{"name":"Flo Ostermann","@id":"https:\/\/dicodusport.fr\/blog\/#\/schema\/person\/cb02af4c173ce4a653b55e9baf388d4a"},"headline":"Mercato : Mark Cavendish de retour chez INEOS Grenadiers ?","datePublished":"2022-12-04T12:16:38+00:00","dateModified":"2022-12-04T12:19:14+00:00","mainEntityOfPage":{"@id":"https:\/\/dicodusport.fr\/blog\/mercato-mark-cavendish-de-retour-chez-ineos-grenadiers\/"},"wordCount":242,"commentCount":0,"publisher":{"@id":"https:\/\/dicodusport.fr\/blog\/#organization"},"image":{"@id":"https:\/\/dicodusport.fr\/blog\/mercato-mark-cavendish-de-retour-chez-ineos-grenadiers\/#primaryimage"},"thumbnailUrl":"https:\/\/dicodusport.fr\/blog\/wp-content\/uploads\/2022\/10\/Mercato-BB-Hotels-C\u0327a-se-pre\u0301cise-pour-Cavendish-et-son-futur-poisson-pilote.png","keywords":["Cavendish","INEOS Grenadiers","Mark Cavendish","Mercato Cyclisme"],"articleSection":["Cyclisme sur route"],"inLanguage":"fr-FR","potentialAction":[{"@type":"CommentAction","name":"Comment","target":["https:\/\/dicodusport.fr\/blog\/mercato-mark-cavendish-de-retour-chez-ineos-grenadiers\/#respond"]}],"copyrightYear":"2022","copyrightHolder":{"@id":"https:\/\/dicodusport.fr\/blog\/#organization"}},{"@type":"WebPage","@id":"https:\/\/dicodusport.fr\/blog\/mercato-mark-cavendish-de-retour-chez-ineos-grenadiers\/","url":"https:\/\/dicodusport.fr\/blog\/mercato-mark-cavendish-de-retour-chez-ineos-grenadiers\/","name":"Mercato : Mark Cavendish de retour chez INEOS Grenadiers ?","isPartOf":{"@id":"https:\/\/dicodusport.fr\/blog\/#website"},"primaryImageOfPage":{"@id":"https:\/\/dicodusport.fr\/blog\/mercato-mark-cavendish-de-retour-chez-ineos-grenadiers\/#primaryimage"},"image":{"@id":"https:\/\/dicodusport.fr\/blog\/mercato-mark-cavendish-de-retour-chez-ineos-grenadiers\/#primaryimage"},"thumbnailUrl":"https:\/\/dicodusport.fr\/blog\/wp-content\/uploads\/2022\/10\/Mercato-BB-Hotels-C\u0327a-se-pre\u0301cise-pour-Cavendish-et-son-futur-poisson-pilote.png","datePublished":"2022-12-04T12:16:38+00:00","dateModified":"2022-12-04T12:19:14+00:00","description":"CYCLISME SUR ROUTE 2023 -\u00a0 Selon nos confr\u00e8res de VeloNews, Mark Cavendish pourrait rebondir chez INEOS Grenadiers.","breadcrumb":{"@id":"https:\/\/dicodusport.fr\/blog\/mercato-mark-cavendish-de-retour-chez-ineos-grenadiers\/#breadcrumb"},"inLanguage":"fr-FR","potentialAction":[{"@type":"ReadAction","target":["https:\/\/dicodusport.fr\/blog\/mercato-mark-cavendish-de-retour-chez-ineos-grenadiers\/"]}]},{"@type":"ImageObject","inLanguage":"fr-FR","@id":"https:\/\/dicodusport.fr\/blog\/mercato-mark-cavendish-de-retour-chez-ineos-grenadiers\/#primaryimage","url":"https:\/\/dicodusport.fr\/blog\/wp-content\/uploads\/2022\/10\/Mercato-BB-Hotels-C\u0327a-se-pre\u0301cise-pour-Cavendish-et-son-futur-poisson-pilote.png","contentUrl":"https:\/\/dicodusport.fr\/blog\/wp-content\/uploads\/2022\/10\/Mercato-BB-Hotels-C\u0327a-se-pre\u0301cise-pour-Cavendish-et-son-futur-poisson-pilote.png","width":800,"height":445,"caption":"Mercato : Mark Cavendish de retour chez INEOS Grenadiers ?"},{"@type":"BreadcrumbList","@id":"https:\/\/dicodusport.fr\/blog\/mercato-mark-cavendish-de-retour-chez-ineos-grenadiers\/#breadcrumb","itemListElement":[{"@type":"ListItem","position":1,"name":"Accueil","item":"https:\/\/dicodusport.fr\/blog\/"},{"@type":"ListItem","position":2,"name":"Mercato : Mark Cavendish de retour chez INEOS Grenadiers ?"}]},{"@type":"WebSite","@id":"https:\/\/dicodusport.fr\/blog\/#website","url":"https:\/\/dicodusport.fr\/blog\/","name":"Dicodusport","description":"L&#039;encyclop\u00e9die de l&#039;actualit\u00e9 sportive","publisher":{"@id":"https:\/\/dicodusport.fr\/blog\/#organization"},"potentialAction":[{"@type":"SearchAction","target":{"@type":"EntryPoint","urlTemplate":"https:\/\/dicodusport.fr\/blog\/?s={search_term_string}"},"query-input":{"@type":"PropertyValueSpecification","valueRequired":true,"valueName":"search_term_string"}}],"inLanguage":"fr-FR"},{"@type":"NewsMediaOrganization","@id":"https:\/\/dicodusport.fr\/blog\/#organization","name":"Dicodusport","url":"https:\/\/dicodusport.fr\/blog\/","logo":{"@type":"ImageObject","inLanguage":"fr-FR","@id":"https:\/\/dicodusport.fr\/blog\/#\/schema\/logo\/image\/","url":"https:\/\/dicodusport.fr\/blog\/wp-content\/uploads\/2020\/06\/cropped-LOGO-DICODUSPORT-2020-SANS-FOND-SANS-TEXTE.png","contentUrl":"https:\/\/dicodusport.fr\/blog\/wp-content\/uploads\/2020\/06\/cropped-LOGO-DICODUSPORT-2020-SANS-FOND-SANS-TEXTE.png","width":512,"height":512,"caption":"Dicodusport"},"image":{"@id":"https:\/\/dicodusport.fr\/blog\/#\/schema\/logo\/image\/"},"sameAs":["https:\/\/www.facebook.com\/dicodusport","https:\/\/x.com\/dicodusport","https:\/\/www.instagram.com\/dicodusport\/","https:\/\/www.youtube.com\/channel\/UC7V2KZ5sd3htJivAbA4ZG3w"],"description":"Dicodusport est l'encyclop\u00e9die de l'actualit\u00e9 sportive.","email":"bonjour@dicodusport.fr","legalName":"DICODUSPORT","foundingDate":"2018-01-14","vatID":"FR71834470973","taxID":"83447097300043","numberOfEmployees":{"@type":"QuantitativeValue","minValue":"1","maxValue":"10"}},{"@type":"Person","@id":"https:\/\/dicodusport.fr\/blog\/#\/schema\/person\/cb02af4c173ce4a653b55e9baf388d4a","name":"Flo Ostermann","image":{"@type":"ImageObject","inLanguage":"fr-FR","@id":"https:\/\/dicodusport.fr\/blog\/#\/schema\/person\/image\/","url":"https:\/\/dicodusport.fr\/blog\/wp-content\/uploads\/2021\/05\/Flo-Ostermann-150x150.jpg","contentUrl":"https:\/\/dicodusport.fr\/blog\/wp-content\/uploads\/2021\/05\/Flo-Ostermann-150x150.jpg","caption":"Flo Ostermann"},"description":"Journaliste\/R\u00e9dacteur depuis septembre 2015 - Mes premiers souvenirs dans le sport ? Les envol\u00e9es du Stade Toulousain et les duels Villeneuve-Schumacher et H\u00e4kkinen-Schumacher \u00e0 la fin des ann\u00e9es 90, la Coupe du monde de football en 1998, l\u2019exploit du XV de France face aux All Blacks en 1999, mais aussi Richard C\u0153ur de Lion qui vole sur les montagnes du Tour de France. Bien parti pour devenir professeur d\u2019EPS, les \u00e9v\u00e9nements de la vie (et la flemme d\u2019animer des s\u00e9ances de 3x500 m\u00e8tres toute ma vie) m\u2019ont conduit \u00e0 revoir mes plans. Me voil\u00e0 depuis fin 2017 sur Dicodusport, m\u00e9dia gr\u00e2ce (et pour) lequel je partage ma passion : le sport dans tous ses \u00e9tats. Le tout accompagn\u00e9 par les fous furieux et folles furieuses cit\u00e9s sur cette page !","sameAs":["https:\/\/www.facebook.com\/florent.ostermann","https:\/\/x.com\/https:\/\/twitter.com\/FlOstermann","admin"],"url":"https:\/\/dicodusport.fr\/blog\/author\/flo\/"}]}},"_links":{"self":[{"href":"https:\/\/dicodusport.fr\/blog\/wp-json\/wp\/v2\/posts\/285417","targetHints":{"allow":["GET"]}}],"collection":[{"href":"https:\/\/dicodusport.fr\/blog\/wp-json\/wp\/v2\/posts"}],"about":[{"href":"https:\/\/dicodusport.fr\/blog\/wp-json\/wp\/v2\/types\/post"}],"author":[{"embeddable":true,"href":"https:\/\/dicodusport.fr\/blog\/wp-json\/wp\/v2\/users\/4"}],"replies":[{"embeddable":true,"href":"https:\/\/dicodusport.fr\/blog\/wp-json\/wp\/v2\/comments?post=285417"}],"version-history":[{"count":0,"href":"https:\/\/dicodusport.fr\/blog\/wp-json\/wp\/v2\/posts\/285417\/revisions"}],"wp:featuredmedia":[{"embeddable":true,"href":"https:\/\/dicodusport.fr\/blog\/wp-json\/wp\/v2\/media\/268055"}],"wp:attachment":[{"href":"https:\/\/dicodusport.fr\/blog\/wp-json\/wp\/v2\/media?parent=285417"}],"wp:term":[{"taxonomy":"category","embeddable":true,"href":"https:\/\/dicodusport.fr\/blog\/wp-json\/wp\/v2\/categories?post=285417"},{"taxonomy":"post_tag","embeddable":true,"href":"https:\/\/dicodusport.fr\/blog\/wp-json\/wp\/v2\/tags?post=285417"}],"curies":[{"name":"wp","href":"https:\/\/api.w.org\/{rel}","templated":true}]}}