{"id":285424,"date":"2022-12-04T13:24:57","date_gmt":"2022-12-04T12:24:57","guid":{"rendered":"https:\/\/dicodusport.fr\/blog\/?p=285424&#038;preview=true&#038;preview_id=285424"},"modified":"2022-12-04T13:52:06","modified_gmt":"2022-12-04T12:52:06","slug":"coupe-du-monde-de-cyclo-cross-fem-van-empel-simpose-a-anvers","status":"publish","type":"post","link":"https:\/\/dicodusport.fr\/blog\/coupe-du-monde-de-cyclo-cross-fem-van-empel-simpose-a-anvers\/","title":{"rendered":"Coupe du monde de cyclo-cross : Fem van Empel s&rsquo;impose \u00e0 Anvers"},"content":{"rendered":"<p style=\"text-align: justify;\"><strong style=\"font-style: italic;\"><a href=\"https:\/\/dicodusport.fr\/blog\/actualites\/cyclisme\/cyclo-cross\/coupe-du-monde-cyclo-cross-2022-2023\/\">COUPE DU MONDE DE CYCLO-CROSS 2022-2023<\/a> &#8211; Fem van Empel (Bingoal Pauwels Sauces) a<\/strong><strong style=\"font-style: italic;\"> remport\u00e9 la huiti\u00e8me manche \u00e0 Anvers en Belgique, ce dimanche. Elle a devanc\u00e9 Puck Pieterse (Alpecin-Deceuninck) et Shirin van Anrooij (Baloise Trek Lions).\u00a0\u00a0<\/strong><\/p>\n<p style=\"text-align: justify;\">Pour cette course qui se disputait pour la premi\u00e8re fois dans le cadre de la Coupe du monde, <strong>Lucinda Brand, Ceylin del Carmen Alvarado<\/strong> et <strong>Marion Norbert-Riberolle<\/strong> \u00e9taient absentes. Les deux grandes favorites, <strong>Fem van Empel<\/strong> et <strong>Puck Pieterse<\/strong>, n&rsquo;ont pas disput\u00e9 la course du SuperPrestige \u00e0 Boom, hier.<\/p>\n<p style=\"text-align: justify;\">D&rsquo;abord, <strong>Denise Betsema<\/strong> a chut\u00e9 sur le premier talus du circuit alors que <strong>Puck Pieterse<\/strong> a impos\u00e9 un gros tempo avec <strong>Fem van Empel<\/strong> dans son sillage. Partie en poursuite derri\u00e8re le duo, <strong>Shirin van Anrooij<\/strong> est tomb\u00e9e en prenant mal l&rsquo;orni\u00e8re dans le sable. \u00c0 la lutte pour le Top 10, <strong>Line Burquier<\/strong> et <strong>Pauline Ferrand-Pr\u00e9vot<\/strong> ont perdu beaucoup de temps dans le long passage de course \u00e0 pied dans le sable, qui concluait le circuit anversois.<\/p>\n<h2 style=\"text-align: justify;\">Le r\u00e9veil de Fem van Empel<\/h2>\n<p style=\"text-align: justify;\">Puis, g\u00ean\u00e9e par le froid, <strong>Fem van Empel<\/strong> a fait plusieurs fautes techniques sur le deuxi\u00e8me tour et a \u00e9t\u00e9 oblig\u00e9e de produire un petit effort pour revenir sur sa compatriote dans le deuxi\u00e8me tour. <strong>Fem van Empel<\/strong> a hauss\u00e9 le rythme \u00e0 la fin du troisi\u00e8me tour alors que <strong>Shirin van Anrooij<\/strong> a continu\u00e9 \u00e0 perdre du temps. Du c\u00f4t\u00e9 de <strong>Pauline Ferrand-Pr\u00e9vot<\/strong>, elle a abandonn\u00e9 \u00e0 la mi-course.<\/p>\n<p style=\"text-align: justify;\">Ensuite, <strong>Fem van Empel<\/strong> a creus\u00e9 un bel \u00e9cart sur le quatri\u00e8me tour avec 16 secondes d&rsquo;avance. La double tenante du titre sur ce parcours sableux <strong>Denise Betsema<\/strong> a r\u00e9alis\u00e9 une belle remont\u00e9e pour recoller \u00e0 <strong>Inge van der Heijden<\/strong> pour la quatri\u00e8me place.<\/p>\n<p style=\"text-align: justify;\">Finalement, <strong>Fem van Empel<\/strong> a retrouv\u00e9 le chemin de la victoire pour d\u00e9crocher une cinqui\u00e8me manche de la Coupe du monde cette saison, apr\u00e8s ses succ\u00e8s \u00e0 Maasmechelen, \u00e0 T\u00e0bor, \u00e0 Fayetteville et \u00e0 Waterloo. Elle a devanc\u00e9 de 34 secondes <strong>Puck Pieterse. Shirin van Anrooij<\/strong> a compl\u00e9t\u00e9 le podium \u00e0 1 minute et 12 secondes devant <strong>Denise Betsema,<\/strong> quatri\u00e8me \u00e0 1 minute 30. <strong>Line Burquier<\/strong> a bien limit\u00e9 la casse sur un parcours usant avec la 11e place \u00e0 3 minutes 38. <strong>Amandine Fouquenet<\/strong> a termin\u00e9 13e \u00e0 3 minutes 51.<\/p>\n<blockquote class=\"twitter-tweet\">\n<p dir=\"ltr\" lang=\"en\">Fem van Empel takes her 5&#xfe0f;&#x20e3;th victory in the <a href=\"https:\/\/twitter.com\/hashtag\/CXWorldCup?src=hash&amp;ref_src=twsrc%5Etfw\">#CXWorldCup<\/a> this season after a beautiful performance in Antwerpen. &#x1f1e7;&#x1f1ea; She finishes solo, Puck Pieterse &#x1f948; and Shirin van Anrooij &#x1f949; join her on the podium. &#x1f64c; <a href=\"https:\/\/t.co\/j96zL0XGEQ\">pic.twitter.com\/j96zL0XGEQ<\/a><\/p>\n<p>\u2014 UCI Cyclo-cross World Cup (@UCIcyclocrossWC) <a href=\"https:\/\/twitter.com\/UCIcyclocrossWC\/status\/1599381453095292929?ref_src=twsrc%5Etfw\">December 4, 2022<\/a><\/p><\/blockquote>\n<p><script async src=\"https:\/\/platform.twitter.com\/widgets.js\" charset=\"utf-8\"><\/script><\/p>\n<p style=\"text-align: justify;\">Au classement g\u00e9n\u00e9ral de la Coupe du monde,\u00a0<strong>Fem van Empel\u00a0<\/strong>a accentu\u00e9 son avance avec 290 points. Elle devance\u00a0<strong>Puck Pieterse\u00a0<\/strong>avec 195 points et\u00a0<strong>Shirin van Anrooij\u00a0<\/strong>avec 159 points.<\/p>\n<h2 style=\"text-align: justify;\">\u00c0 lire aussi<\/h2>\n<ul>\n<li style=\"text-align: justify;\"><a href=\"https:\/\/dicodusport.fr\/blog\/cyclo-cross-anvers-2022-classement-course-femmes\/\"><strong>Classement de la course femmes de la Coupe du monde d&rsquo;Anvers<\/strong><\/a><\/li>\n<li style=\"text-align: justify;\"><a href=\"https:\/\/dicodusport.fr\/blog\/classement-general-femmes-coupe-du-monde-cyclo-cross-2022-2023\/\"><strong>Classement g\u00e9n\u00e9ral de la Coupe du monde de cyclo-cross<\/strong><\/a><\/li>\n<\/ul>\n","protected":false},"excerpt":{"rendered":"<p>COUPE DU MONDE DE CYCLO-CROSS 2022-2023 &#8211; Fem van Empel (Bingoal Pauwels Sauces) a remport\u00e9 la huiti\u00e8me manche \u00e0 Anvers en Belgique, ce dimanche. Elle a devanc\u00e9 Puck Pieterse (Alpecin-Deceuninck) et Shirin van Anrooij (Baloise Trek Lions).\u00a0\u00a0<\/p>\n","protected":false},"author":48,"featured_media":285462,"comment_status":"open","ping_status":"closed","sticky":false,"template":"","format":"standard","meta":{"_acf_changed":false,"_daextam_enable_autolinks":"","footnotes":""},"categories":[9611],"tags":[20902,6666,28339],"class_list":["post-285424","post","type-post","status-publish","format-standard","has-post-thumbnail","hentry","category-cyclo-cross","tag-coupe-du-monde-de-cyclo-cross","tag-cyclo-cross","tag-cyclo-cross-anvers"],"acf":[],"yoast_head":"<!-- This site is optimized with the Yoast SEO Premium plugin v26.7 (Yoast SEO v26.7) - https:\/\/yoast.com\/wordpress\/plugins\/seo\/ -->\n<title>Coupe du monde de cyclo-cross : Fem van Empel s&#039;impose \u00e0 Anvers<\/title>\n<meta name=\"description\" content=\"COUPE DU MONDE DE CYCLO-CROSS 2022-2023 - Fem van Empel (Bingoal Pauwels Sauces) a remport\u00e9 la huiti\u00e8me manche \u00e0 Anvers en Belgique.\" \/>\n<meta name=\"robots\" content=\"index, follow, max-snippet:-1, max-image-preview:large, max-video-preview:-1\" \/>\n<link rel=\"canonical\" href=\"https:\/\/dicodusport.fr\/blog\/coupe-du-monde-de-cyclo-cross-fem-van-empel-simpose-a-anvers\/\" \/>\n<meta property=\"og:locale\" content=\"fr_FR\" \/>\n<meta property=\"og:type\" content=\"article\" \/>\n<meta property=\"og:title\" content=\"Coupe du monde de cyclo-cross : Fem van Empel s&#039;impose \u00e0 Anvers\" \/>\n<meta property=\"og:description\" content=\"COUPE DU MONDE DE CYCLO-CROSS 2022-2023 - Fem van Empel (Bingoal Pauwels Sauces) a remport\u00e9 la huiti\u00e8me manche \u00e0 Anvers en Belgique.\" \/>\n<meta property=\"og:url\" content=\"https:\/\/dicodusport.fr\/blog\/coupe-du-monde-de-cyclo-cross-fem-van-empel-simpose-a-anvers\/\" \/>\n<meta property=\"og:site_name\" content=\"Dicodusport\" \/>\n<meta property=\"article:publisher\" content=\"https:\/\/www.facebook.com\/dicodusport\" \/>\n<meta property=\"article:author\" content=\"https:\/\/www.facebook.com\/groups\/LesRoisDuPeloton\" \/>\n<meta property=\"article:published_time\" content=\"2022-12-04T12:24:57+00:00\" \/>\n<meta property=\"article:modified_time\" content=\"2022-12-04T12:52:06+00:00\" \/>\n<meta property=\"og:image\" content=\"https:\/\/dicodusport.fr\/blog\/wp-content\/uploads\/2022\/12\/Coupe-du-monde-de-cyclo-cross-Fem-van-Empel-simpose-a-Anvers.png\" \/>\n\t<meta property=\"og:image:width\" content=\"800\" \/>\n\t<meta property=\"og:image:height\" content=\"445\" \/>\n\t<meta property=\"og:image:type\" content=\"image\/png\" \/>\n<meta name=\"author\" content=\"Emilien Descampiaux\" \/>\n<meta name=\"twitter:card\" content=\"summary_large_image\" \/>\n<meta name=\"twitter:title\" content=\"Coupe du monde de cyclo-cross : Fem van Empel s&#039;impose \u00e0 Anvers\" \/>\n<meta name=\"twitter:creator\" content=\"@https:\/\/twitter.com\/LRoisDuPeloton\" \/>\n<meta name=\"twitter:site\" content=\"@dicodusport\" \/>\n<script type=\"application\/ld+json\" class=\"yoast-schema-graph\">{\"@context\":\"https:\/\/schema.org\",\"@graph\":[{\"@type\":\"NewsArticle\",\"@id\":\"https:\/\/dicodusport.fr\/blog\/coupe-du-monde-de-cyclo-cross-fem-van-empel-simpose-a-anvers\/#article\",\"isPartOf\":{\"@id\":\"https:\/\/dicodusport.fr\/blog\/coupe-du-monde-de-cyclo-cross-fem-van-empel-simpose-a-anvers\/\"},\"author\":{\"name\":\"Emilien Descampiaux\",\"@id\":\"https:\/\/dicodusport.fr\/blog\/#\/schema\/person\/6db4bae06b171592211be385b32876a7\"},\"headline\":\"Coupe du monde de cyclo-cross : Fem van Empel s&rsquo;impose \u00e0 Anvers\",\"datePublished\":\"2022-12-04T12:24:57+00:00\",\"dateModified\":\"2022-12-04T12:52:06+00:00\",\"mainEntityOfPage\":{\"@id\":\"https:\/\/dicodusport.fr\/blog\/coupe-du-monde-de-cyclo-cross-fem-van-empel-simpose-a-anvers\/\"},\"wordCount\":507,\"commentCount\":0,\"publisher\":{\"@id\":\"https:\/\/dicodusport.fr\/blog\/#organization\"},\"image\":{\"@id\":\"https:\/\/dicodusport.fr\/blog\/coupe-du-monde-de-cyclo-cross-fem-van-empel-simpose-a-anvers\/#primaryimage\"},\"thumbnailUrl\":\"https:\/\/dicodusport.fr\/blog\/wp-content\/uploads\/2022\/12\/Coupe-du-monde-de-cyclo-cross-Fem-van-Empel-simpose-a-Anvers.png\",\"keywords\":[\"Coupe du monde de cyclo-cross\",\"Cyclo-cross\",\"Cyclo-cross Anvers\"],\"articleSection\":[\"Cyclo-cross\"],\"inLanguage\":\"fr-FR\",\"potentialAction\":[{\"@type\":\"CommentAction\",\"name\":\"Comment\",\"target\":[\"https:\/\/dicodusport.fr\/blog\/coupe-du-monde-de-cyclo-cross-fem-van-empel-simpose-a-anvers\/#respond\"]}],\"copyrightYear\":\"2022\",\"copyrightHolder\":{\"@id\":\"https:\/\/dicodusport.fr\/blog\/#organization\"}},{\"@type\":\"WebPage\",\"@id\":\"https:\/\/dicodusport.fr\/blog\/coupe-du-monde-de-cyclo-cross-fem-van-empel-simpose-a-anvers\/\",\"url\":\"https:\/\/dicodusport.fr\/blog\/coupe-du-monde-de-cyclo-cross-fem-van-empel-simpose-a-anvers\/\",\"name\":\"Coupe du monde de cyclo-cross : Fem van Empel s'impose \u00e0 Anvers\",\"isPartOf\":{\"@id\":\"https:\/\/dicodusport.fr\/blog\/#website\"},\"primaryImageOfPage\":{\"@id\":\"https:\/\/dicodusport.fr\/blog\/coupe-du-monde-de-cyclo-cross-fem-van-empel-simpose-a-anvers\/#primaryimage\"},\"image\":{\"@id\":\"https:\/\/dicodusport.fr\/blog\/coupe-du-monde-de-cyclo-cross-fem-van-empel-simpose-a-anvers\/#primaryimage\"},\"thumbnailUrl\":\"https:\/\/dicodusport.fr\/blog\/wp-content\/uploads\/2022\/12\/Coupe-du-monde-de-cyclo-cross-Fem-van-Empel-simpose-a-Anvers.png\",\"datePublished\":\"2022-12-04T12:24:57+00:00\",\"dateModified\":\"2022-12-04T12:52:06+00:00\",\"description\":\"COUPE DU MONDE DE CYCLO-CROSS 2022-2023 - Fem van Empel (Bingoal Pauwels Sauces) a remport\u00e9 la huiti\u00e8me manche \u00e0 Anvers en Belgique.\",\"breadcrumb\":{\"@id\":\"https:\/\/dicodusport.fr\/blog\/coupe-du-monde-de-cyclo-cross-fem-van-empel-simpose-a-anvers\/#breadcrumb\"},\"inLanguage\":\"fr-FR\",\"potentialAction\":[{\"@type\":\"ReadAction\",\"target\":[\"https:\/\/dicodusport.fr\/blog\/coupe-du-monde-de-cyclo-cross-fem-van-empel-simpose-a-anvers\/\"]}]},{\"@type\":\"ImageObject\",\"inLanguage\":\"fr-FR\",\"@id\":\"https:\/\/dicodusport.fr\/blog\/coupe-du-monde-de-cyclo-cross-fem-van-empel-simpose-a-anvers\/#primaryimage\",\"url\":\"https:\/\/dicodusport.fr\/blog\/wp-content\/uploads\/2022\/12\/Coupe-du-monde-de-cyclo-cross-Fem-van-Empel-simpose-a-Anvers.png\",\"contentUrl\":\"https:\/\/dicodusport.fr\/blog\/wp-content\/uploads\/2022\/12\/Coupe-du-monde-de-cyclo-cross-Fem-van-Empel-simpose-a-Anvers.png\",\"width\":800,\"height\":445,\"caption\":\"Coupe du monde de cyclo-cross Fem van Empel s'impose \u00e0 Anvers\"},{\"@type\":\"BreadcrumbList\",\"@id\":\"https:\/\/dicodusport.fr\/blog\/coupe-du-monde-de-cyclo-cross-fem-van-empel-simpose-a-anvers\/#breadcrumb\",\"itemListElement\":[{\"@type\":\"ListItem\",\"position\":1,\"name\":\"Accueil\",\"item\":\"https:\/\/dicodusport.fr\/blog\/\"},{\"@type\":\"ListItem\",\"position\":2,\"name\":\"Coupe du monde de cyclo-cross : Fem van Empel s&rsquo;impose \u00e0 Anvers\"}]},{\"@type\":\"WebSite\",\"@id\":\"https:\/\/dicodusport.fr\/blog\/#website\",\"url\":\"https:\/\/dicodusport.fr\/blog\/\",\"name\":\"Dicodusport\",\"description\":\"L&#039;encyclop\u00e9die de l&#039;actualit\u00e9 sportive\",\"publisher\":{\"@id\":\"https:\/\/dicodusport.fr\/blog\/#organization\"},\"potentialAction\":[{\"@type\":\"SearchAction\",\"target\":{\"@type\":\"EntryPoint\",\"urlTemplate\":\"https:\/\/dicodusport.fr\/blog\/?s={search_term_string}\"},\"query-input\":{\"@type\":\"PropertyValueSpecification\",\"valueRequired\":true,\"valueName\":\"search_term_string\"}}],\"inLanguage\":\"fr-FR\"},{\"@type\":\"NewsMediaOrganization\",\"@id\":\"https:\/\/dicodusport.fr\/blog\/#organization\",\"name\":\"Dicodusport\",\"url\":\"https:\/\/dicodusport.fr\/blog\/\",\"logo\":{\"@type\":\"ImageObject\",\"inLanguage\":\"fr-FR\",\"@id\":\"https:\/\/dicodusport.fr\/blog\/#\/schema\/logo\/image\/\",\"url\":\"https:\/\/dicodusport.fr\/blog\/wp-content\/uploads\/2020\/06\/cropped-LOGO-DICODUSPORT-2020-SANS-FOND-SANS-TEXTE.png\",\"contentUrl\":\"https:\/\/dicodusport.fr\/blog\/wp-content\/uploads\/2020\/06\/cropped-LOGO-DICODUSPORT-2020-SANS-FOND-SANS-TEXTE.png\",\"width\":512,\"height\":512,\"caption\":\"Dicodusport\"},\"image\":{\"@id\":\"https:\/\/dicodusport.fr\/blog\/#\/schema\/logo\/image\/\"},\"sameAs\":[\"https:\/\/www.facebook.com\/dicodusport\",\"https:\/\/x.com\/dicodusport\",\"https:\/\/www.instagram.com\/dicodusport\/\",\"https:\/\/www.youtube.com\/channel\/UC7V2KZ5sd3htJivAbA4ZG3w\"],\"description\":\"Dicodusport est l'encyclop\u00e9die de l'actualit\u00e9 sportive.\",\"email\":\"bonjour@dicodusport.fr\",\"legalName\":\"DICODUSPORT\",\"foundingDate\":\"2018-01-14\",\"vatID\":\"FR71834470973\",\"taxID\":\"83447097300043\",\"numberOfEmployees\":{\"@type\":\"QuantitativeValue\",\"minValue\":\"1\",\"maxValue\":\"10\"}},{\"@type\":\"Person\",\"@id\":\"https:\/\/dicodusport.fr\/blog\/#\/schema\/person\/6db4bae06b171592211be385b32876a7\",\"name\":\"Emilien Descampiaux\",\"image\":{\"@type\":\"ImageObject\",\"inLanguage\":\"fr-FR\",\"@id\":\"https:\/\/dicodusport.fr\/blog\/#\/schema\/person\/image\/\",\"url\":\"https:\/\/dicodusport.fr\/blog\/wp-content\/uploads\/2021\/05\/Emilien-Descampiaux-150x150.jpg\",\"contentUrl\":\"https:\/\/dicodusport.fr\/blog\/wp-content\/uploads\/2021\/05\/Emilien-Descampiaux-150x150.jpg\",\"caption\":\"Emilien Descampiaux\"},\"description\":\"Journaliste\/r\u00e9dacteur depuis 2014 - Fan de la classe de Frank Vandenbroucke, je vis cyclisme (et de ses paysages) depuis plus de 20 ans. Je suis tr\u00e8s impliqu\u00e9 sur mes diff\u00e9rents r\u00e9seaux sociaux pour partager ma passion sur le monde et l'Histoire de la bicyclette avec ma voix sur les images en noir et blanc du succ\u00e8s de Rik Van Steenbergen lors du Ronde sur le V\u00e9lodrome de Gand.\",\"sameAs\":[\"https:\/\/www.facebook.com\/groups\/LesRoisDuPeloton\",\"https:\/\/x.com\/https:\/\/twitter.com\/LRoisDuPeloton\"],\"url\":\"https:\/\/dicodusport.fr\/blog\/author\/emiliend\/\"}]}<\/script>\n<!-- \/ Yoast SEO Premium plugin. -->","yoast_head_json":{"title":"Coupe du monde de cyclo-cross : Fem van Empel s'impose \u00e0 Anvers","description":"COUPE DU MONDE DE CYCLO-CROSS 2022-2023 - Fem van Empel (Bingoal Pauwels Sauces) a remport\u00e9 la huiti\u00e8me manche \u00e0 Anvers en Belgique.","robots":{"index":"index","follow":"follow","max-snippet":"max-snippet:-1","max-image-preview":"max-image-preview:large","max-video-preview":"max-video-preview:-1"},"canonical":"https:\/\/dicodusport.fr\/blog\/coupe-du-monde-de-cyclo-cross-fem-van-empel-simpose-a-anvers\/","og_locale":"fr_FR","og_type":"article","og_title":"Coupe du monde de cyclo-cross : Fem van Empel s'impose \u00e0 Anvers","og_description":"COUPE DU MONDE DE CYCLO-CROSS 2022-2023 - Fem van Empel (Bingoal Pauwels Sauces) a remport\u00e9 la huiti\u00e8me manche \u00e0 Anvers en Belgique.","og_url":"https:\/\/dicodusport.fr\/blog\/coupe-du-monde-de-cyclo-cross-fem-van-empel-simpose-a-anvers\/","og_site_name":"Dicodusport","article_publisher":"https:\/\/www.facebook.com\/dicodusport","article_author":"https:\/\/www.facebook.com\/groups\/LesRoisDuPeloton","article_published_time":"2022-12-04T12:24:57+00:00","article_modified_time":"2022-12-04T12:52:06+00:00","og_image":[{"width":800,"height":445,"url":"https:\/\/dicodusport.fr\/blog\/wp-content\/uploads\/2022\/12\/Coupe-du-monde-de-cyclo-cross-Fem-van-Empel-simpose-a-Anvers.png","type":"image\/png"}],"author":"Emilien Descampiaux","twitter_card":"summary_large_image","twitter_title":"Coupe du monde de cyclo-cross : Fem van Empel s'impose \u00e0 Anvers","twitter_creator":"@https:\/\/twitter.com\/LRoisDuPeloton","twitter_site":"@dicodusport","schema":{"@context":"https:\/\/schema.org","@graph":[{"@type":"NewsArticle","@id":"https:\/\/dicodusport.fr\/blog\/coupe-du-monde-de-cyclo-cross-fem-van-empel-simpose-a-anvers\/#article","isPartOf":{"@id":"https:\/\/dicodusport.fr\/blog\/coupe-du-monde-de-cyclo-cross-fem-van-empel-simpose-a-anvers\/"},"author":{"name":"Emilien Descampiaux","@id":"https:\/\/dicodusport.fr\/blog\/#\/schema\/person\/6db4bae06b171592211be385b32876a7"},"headline":"Coupe du monde de cyclo-cross : Fem van Empel s&rsquo;impose \u00e0 Anvers","datePublished":"2022-12-04T12:24:57+00:00","dateModified":"2022-12-04T12:52:06+00:00","mainEntityOfPage":{"@id":"https:\/\/dicodusport.fr\/blog\/coupe-du-monde-de-cyclo-cross-fem-van-empel-simpose-a-anvers\/"},"wordCount":507,"commentCount":0,"publisher":{"@id":"https:\/\/dicodusport.fr\/blog\/#organization"},"image":{"@id":"https:\/\/dicodusport.fr\/blog\/coupe-du-monde-de-cyclo-cross-fem-van-empel-simpose-a-anvers\/#primaryimage"},"thumbnailUrl":"https:\/\/dicodusport.fr\/blog\/wp-content\/uploads\/2022\/12\/Coupe-du-monde-de-cyclo-cross-Fem-van-Empel-simpose-a-Anvers.png","keywords":["Coupe du monde de cyclo-cross","Cyclo-cross","Cyclo-cross Anvers"],"articleSection":["Cyclo-cross"],"inLanguage":"fr-FR","potentialAction":[{"@type":"CommentAction","name":"Comment","target":["https:\/\/dicodusport.fr\/blog\/coupe-du-monde-de-cyclo-cross-fem-van-empel-simpose-a-anvers\/#respond"]}],"copyrightYear":"2022","copyrightHolder":{"@id":"https:\/\/dicodusport.fr\/blog\/#organization"}},{"@type":"WebPage","@id":"https:\/\/dicodusport.fr\/blog\/coupe-du-monde-de-cyclo-cross-fem-van-empel-simpose-a-anvers\/","url":"https:\/\/dicodusport.fr\/blog\/coupe-du-monde-de-cyclo-cross-fem-van-empel-simpose-a-anvers\/","name":"Coupe du monde de cyclo-cross : Fem van Empel s'impose \u00e0 Anvers","isPartOf":{"@id":"https:\/\/dicodusport.fr\/blog\/#website"},"primaryImageOfPage":{"@id":"https:\/\/dicodusport.fr\/blog\/coupe-du-monde-de-cyclo-cross-fem-van-empel-simpose-a-anvers\/#primaryimage"},"image":{"@id":"https:\/\/dicodusport.fr\/blog\/coupe-du-monde-de-cyclo-cross-fem-van-empel-simpose-a-anvers\/#primaryimage"},"thumbnailUrl":"https:\/\/dicodusport.fr\/blog\/wp-content\/uploads\/2022\/12\/Coupe-du-monde-de-cyclo-cross-Fem-van-Empel-simpose-a-Anvers.png","datePublished":"2022-12-04T12:24:57+00:00","dateModified":"2022-12-04T12:52:06+00:00","description":"COUPE DU MONDE DE CYCLO-CROSS 2022-2023 - Fem van Empel (Bingoal Pauwels Sauces) a remport\u00e9 la huiti\u00e8me manche \u00e0 Anvers en Belgique.","breadcrumb":{"@id":"https:\/\/dicodusport.fr\/blog\/coupe-du-monde-de-cyclo-cross-fem-van-empel-simpose-a-anvers\/#breadcrumb"},"inLanguage":"fr-FR","potentialAction":[{"@type":"ReadAction","target":["https:\/\/dicodusport.fr\/blog\/coupe-du-monde-de-cyclo-cross-fem-van-empel-simpose-a-anvers\/"]}]},{"@type":"ImageObject","inLanguage":"fr-FR","@id":"https:\/\/dicodusport.fr\/blog\/coupe-du-monde-de-cyclo-cross-fem-van-empel-simpose-a-anvers\/#primaryimage","url":"https:\/\/dicodusport.fr\/blog\/wp-content\/uploads\/2022\/12\/Coupe-du-monde-de-cyclo-cross-Fem-van-Empel-simpose-a-Anvers.png","contentUrl":"https:\/\/dicodusport.fr\/blog\/wp-content\/uploads\/2022\/12\/Coupe-du-monde-de-cyclo-cross-Fem-van-Empel-simpose-a-Anvers.png","width":800,"height":445,"caption":"Coupe du monde de cyclo-cross Fem van Empel s'impose \u00e0 Anvers"},{"@type":"BreadcrumbList","@id":"https:\/\/dicodusport.fr\/blog\/coupe-du-monde-de-cyclo-cross-fem-van-empel-simpose-a-anvers\/#breadcrumb","itemListElement":[{"@type":"ListItem","position":1,"name":"Accueil","item":"https:\/\/dicodusport.fr\/blog\/"},{"@type":"ListItem","position":2,"name":"Coupe du monde de cyclo-cross : Fem van Empel s&rsquo;impose \u00e0 Anvers"}]},{"@type":"WebSite","@id":"https:\/\/dicodusport.fr\/blog\/#website","url":"https:\/\/dicodusport.fr\/blog\/","name":"Dicodusport","description":"L&#039;encyclop\u00e9die de l&#039;actualit\u00e9 sportive","publisher":{"@id":"https:\/\/dicodusport.fr\/blog\/#organization"},"potentialAction":[{"@type":"SearchAction","target":{"@type":"EntryPoint","urlTemplate":"https:\/\/dicodusport.fr\/blog\/?s={search_term_string}"},"query-input":{"@type":"PropertyValueSpecification","valueRequired":true,"valueName":"search_term_string"}}],"inLanguage":"fr-FR"},{"@type":"NewsMediaOrganization","@id":"https:\/\/dicodusport.fr\/blog\/#organization","name":"Dicodusport","url":"https:\/\/dicodusport.fr\/blog\/","logo":{"@type":"ImageObject","inLanguage":"fr-FR","@id":"https:\/\/dicodusport.fr\/blog\/#\/schema\/logo\/image\/","url":"https:\/\/dicodusport.fr\/blog\/wp-content\/uploads\/2020\/06\/cropped-LOGO-DICODUSPORT-2020-SANS-FOND-SANS-TEXTE.png","contentUrl":"https:\/\/dicodusport.fr\/blog\/wp-content\/uploads\/2020\/06\/cropped-LOGO-DICODUSPORT-2020-SANS-FOND-SANS-TEXTE.png","width":512,"height":512,"caption":"Dicodusport"},"image":{"@id":"https:\/\/dicodusport.fr\/blog\/#\/schema\/logo\/image\/"},"sameAs":["https:\/\/www.facebook.com\/dicodusport","https:\/\/x.com\/dicodusport","https:\/\/www.instagram.com\/dicodusport\/","https:\/\/www.youtube.com\/channel\/UC7V2KZ5sd3htJivAbA4ZG3w"],"description":"Dicodusport est l'encyclop\u00e9die de l'actualit\u00e9 sportive.","email":"bonjour@dicodusport.fr","legalName":"DICODUSPORT","foundingDate":"2018-01-14","vatID":"FR71834470973","taxID":"83447097300043","numberOfEmployees":{"@type":"QuantitativeValue","minValue":"1","maxValue":"10"}},{"@type":"Person","@id":"https:\/\/dicodusport.fr\/blog\/#\/schema\/person\/6db4bae06b171592211be385b32876a7","name":"Emilien Descampiaux","image":{"@type":"ImageObject","inLanguage":"fr-FR","@id":"https:\/\/dicodusport.fr\/blog\/#\/schema\/person\/image\/","url":"https:\/\/dicodusport.fr\/blog\/wp-content\/uploads\/2021\/05\/Emilien-Descampiaux-150x150.jpg","contentUrl":"https:\/\/dicodusport.fr\/blog\/wp-content\/uploads\/2021\/05\/Emilien-Descampiaux-150x150.jpg","caption":"Emilien Descampiaux"},"description":"Journaliste\/r\u00e9dacteur depuis 2014 - Fan de la classe de Frank Vandenbroucke, je vis cyclisme (et de ses paysages) depuis plus de 20 ans. Je suis tr\u00e8s impliqu\u00e9 sur mes diff\u00e9rents r\u00e9seaux sociaux pour partager ma passion sur le monde et l'Histoire de la bicyclette avec ma voix sur les images en noir et blanc du succ\u00e8s de Rik Van Steenbergen lors du Ronde sur le V\u00e9lodrome de Gand.","sameAs":["https:\/\/www.facebook.com\/groups\/LesRoisDuPeloton","https:\/\/x.com\/https:\/\/twitter.com\/LRoisDuPeloton"],"url":"https:\/\/dicodusport.fr\/blog\/author\/emiliend\/"}]}},"_links":{"self":[{"href":"https:\/\/dicodusport.fr\/blog\/wp-json\/wp\/v2\/posts\/285424","targetHints":{"allow":["GET"]}}],"collection":[{"href":"https:\/\/dicodusport.fr\/blog\/wp-json\/wp\/v2\/posts"}],"about":[{"href":"https:\/\/dicodusport.fr\/blog\/wp-json\/wp\/v2\/types\/post"}],"author":[{"embeddable":true,"href":"https:\/\/dicodusport.fr\/blog\/wp-json\/wp\/v2\/users\/48"}],"replies":[{"embeddable":true,"href":"https:\/\/dicodusport.fr\/blog\/wp-json\/wp\/v2\/comments?post=285424"}],"version-history":[{"count":0,"href":"https:\/\/dicodusport.fr\/blog\/wp-json\/wp\/v2\/posts\/285424\/revisions"}],"wp:featuredmedia":[{"embeddable":true,"href":"https:\/\/dicodusport.fr\/blog\/wp-json\/wp\/v2\/media\/285462"}],"wp:attachment":[{"href":"https:\/\/dicodusport.fr\/blog\/wp-json\/wp\/v2\/media?parent=285424"}],"wp:term":[{"taxonomy":"category","embeddable":true,"href":"https:\/\/dicodusport.fr\/blog\/wp-json\/wp\/v2\/categories?post=285424"},{"taxonomy":"post_tag","embeddable":true,"href":"https:\/\/dicodusport.fr\/blog\/wp-json\/wp\/v2\/tags?post=285424"}],"curies":[{"name":"wp","href":"https:\/\/api.w.org\/{rel}","templated":true}]}}