{"id":285543,"date":"2022-12-04T15:42:22","date_gmt":"2022-12-04T14:42:22","guid":{"rendered":"https:\/\/dicodusport.fr\/blog\/?p=285543&#038;preview=true&#038;preview_id=285543"},"modified":"2025-08-24T13:16:36","modified_gmt":"2025-08-24T11:16:36","slug":"ibu-cup-idre-fjall-endre-stroemsheim-triomphe-a-nouveau-sur-le-sprint","status":"publish","type":"post","link":"https:\/\/dicodusport.fr\/blog\/ibu-cup-idre-fjall-endre-stroemsheim-triomphe-a-nouveau-sur-le-sprint\/","title":{"rendered":"IBU Cup Idre Fj\u00e4ll : Endre Stroemsheim triomphe \u00e0 nouveau sur le sprint"},"content":{"rendered":"<p style=\"text-align: justify;\"><b><i><a href=\"https:\/\/dicodusport.fr\/blog\/ibu-cup-idre-fjall-2022-programme-complet-et-resultats\/\">BIATHLON &#8211; IBU CUP DE IDRE FJ\u00c4LL 2022<\/a> &#8211; D\u00e9j\u00e0 victorieux du premier sprint mardi et de l&rsquo;individuel samedi, Endre Stroemsheim a remis \u00e7a ce dimanche, sur le deuxi\u00e8me sprint de l&rsquo;IBU Cup d&rsquo;Idre Fj\u00e4ll.<\/i><\/b><\/p>\n<p style=\"text-align: justify;\">Incroyable <strong>Endre Stroemsheim<\/strong> ! Le biathl\u00e8te norv\u00e9gien de 25 ans s&rsquo;est offert un troisi\u00e8me succ\u00e8s en quatre courses \u00e0 <strong>Idre Fj\u00e4ll<\/strong>, en s&rsquo;imposant sur le deuxi\u00e8me sprint finlandais ce dimanche. Un 9\/10 au tir (1-0), mais une nouvelle performance de choix sur les skis, pour un quatri\u00e8me podium en autant de courses, puisque le Scandinaves avait \u00e9galement pris la deuxi\u00e8me place de la poursuite mercredi. Derri\u00e8re lui, les exp\u00e9riment\u00e9s <strong>Philipp Horn<\/strong> (0-0, +13.1) et <strong>Andrejs Rastorgujevs<\/strong> (0-1, +22.2) compl\u00e8tent le podium.<\/p>\n<blockquote class=\"twitter-tweet\">\n<p dir=\"ltr\" lang=\"en\">\u00ab\u00a0Good shooting, fast shooting and good skiing.\u00a0\u00bb That&rsquo;s right, Endre!&#x1f929;<\/p>\n<p>Endre Stroemsheim adds another win into his collection, second in Sprint.&#x270c;&#xfe0f;<a href=\"https:\/\/twitter.com\/hashtag\/biathlon?src=hash&amp;ref_src=twsrc%5Etfw\">#biathlon<\/a> | <a href=\"https:\/\/twitter.com\/hashtag\/IBUCup?src=hash&amp;ref_src=twsrc%5Etfw\">#IBUCup<\/a> <a href=\"https:\/\/t.co\/Tnm81Q5JxL\">pic.twitter.com\/Tnm81Q5JxL<\/a><\/p>\n<p>\u2014 IBU Cup Biathlon (@IBU_CUP) <a href=\"https:\/\/twitter.com\/IBU_CUP\/status\/1599413829221249025?ref_src=twsrc%5Etfw\">December 4, 2022<\/a><\/p><\/blockquote>\n<p><script async src=\"https:\/\/platform.twitter.com\/widgets.js\" charset=\"utf-8\"><\/script><\/p>\n<p style=\"text-align: justify;\">C\u00f4t\u00e9 fran\u00e7ais, il y a du mieux. Auteur d&rsquo;un sans-faute,<strong> R\u00e9mi Broutier<\/strong> se classe 5\u00e8me pour une belle c\u00e9r\u00e9monie des fleurs. <strong>Oscar Lombardot<\/strong> est lui aux portes du top 10 (11\u00e8me, 0-1, +1:16).<\/p>\n<h2 style=\"text-align: justify;\"><strong>\u00c0 lire aussi<\/strong><\/h2>\n<ul>\n<li style=\"text-align: justify;\"><strong><a href=\"https:\/\/dicodusport.fr\/blog\/biathlon-ibu-cup-idre-fjall-classement-sprint-hommes-2\/\">Le classement du sprint hommes d&rsquo;Idre Fj\u00e4ll<\/a>\u00a0<\/strong><\/li>\n<li style=\"text-align: justify;\"><a href=\"https:\/\/dicodusport.fr\/blog\/biathlon-ibu-cup-2022-2023-le-calendrier-complet\/\"><strong>Le calendrier complet de l&rsquo;IBU Cup 2022-2023<\/strong><\/a><\/li>\n<\/ul>\n","protected":false},"excerpt":{"rendered":"<p>BIATHLON &#8211; IBU CUP DE IDRE FJ\u00c4LL 2022 &#8211; D\u00e9j\u00e0 victorieux du premier sprint mardi et de l&rsquo;individuel samedi, Endre Stroemsheim a remis \u00e7a ce dimanche, sur le deuxi\u00e8me sprint de l&rsquo;IBU Cup d&rsquo;Idre Fj\u00e4ll.<\/p>\n","protected":false},"author":4,"featured_media":285559,"comment_status":"open","ping_status":"closed","sticky":false,"template":"","format":"standard","meta":{"_acf_changed":false,"_daextam_enable_autolinks":"","footnotes":""},"categories":[2426],"tags":[2427,27811,28173],"class_list":["post-285543","post","type-post","status-publish","format-standard","has-post-thumbnail","hentry","category-biathlon","tag-biathlon","tag-biathlon-idre-fjall","tag-ibu-cup-idre-fjall"],"acf":[],"yoast_head":"<!-- This site is optimized with the Yoast SEO Premium plugin v26.7 (Yoast SEO v26.7) - https:\/\/yoast.com\/wordpress\/plugins\/seo\/ -->\n<title>IBU Cup Idre Fj\u00e4ll : Endre Stroemsheim triomphe \u00e0 nouveau sur le sprint<\/title>\n<meta name=\"description\" content=\"D\u00e9j\u00e0 victorieux du premier sprint mardi et de l&#039;individuel samedi, Endre Stroemsheim a remis \u00e7a ce dimanche, sur le deuxi\u00e8me sprint d&#039;Idre Fj\u00e4ll.\" \/>\n<meta name=\"robots\" content=\"index, follow, max-snippet:-1, max-image-preview:large, max-video-preview:-1\" \/>\n<link rel=\"canonical\" href=\"https:\/\/dicodusport.fr\/blog\/ibu-cup-idre-fjall-endre-stroemsheim-triomphe-a-nouveau-sur-le-sprint\/\" \/>\n<meta property=\"og:locale\" content=\"fr_FR\" \/>\n<meta property=\"og:type\" content=\"article\" \/>\n<meta property=\"og:title\" content=\"IBU Cup Idre Fj\u00e4ll : Endre Stroemsheim triomphe \u00e0 nouveau sur le sprint\" \/>\n<meta property=\"og:description\" content=\"D\u00e9j\u00e0 victorieux du premier sprint mardi et de l&#039;individuel samedi, Endre Stroemsheim a remis \u00e7a ce dimanche, sur le deuxi\u00e8me sprint d&#039;Idre Fj\u00e4ll.\" \/>\n<meta property=\"og:url\" content=\"https:\/\/dicodusport.fr\/blog\/ibu-cup-idre-fjall-endre-stroemsheim-triomphe-a-nouveau-sur-le-sprint\/\" \/>\n<meta property=\"og:site_name\" content=\"Dicodusport\" \/>\n<meta property=\"article:publisher\" content=\"https:\/\/www.facebook.com\/dicodusport\" \/>\n<meta property=\"article:author\" content=\"https:\/\/www.facebook.com\/florent.ostermann\" \/>\n<meta property=\"article:published_time\" content=\"2022-12-04T14:42:22+00:00\" \/>\n<meta property=\"article:modified_time\" content=\"2025-08-24T11:16:36+00:00\" \/>\n<meta property=\"og:image\" content=\"https:\/\/dicodusport.fr\/blog\/wp-content\/uploads\/2022\/12\/IBU-Cup-Idre-Fjall-Endre-Stroemsheim-triomphe-a-nouveau-sur-le-sprint.png\" \/>\n\t<meta property=\"og:image:width\" content=\"800\" \/>\n\t<meta property=\"og:image:height\" content=\"445\" \/>\n\t<meta property=\"og:image:type\" content=\"image\/png\" \/>\n<meta name=\"author\" content=\"Flo Ostermann\" \/>\n<meta name=\"twitter:card\" content=\"summary_large_image\" \/>\n<meta name=\"twitter:title\" content=\"IBU Cup Idre Fj\u00e4ll : Endre Stroemsheim triomphe \u00e0 nouveau sur le sprint\" \/>\n<meta name=\"twitter:creator\" content=\"@https:\/\/twitter.com\/FlOstermann\" \/>\n<meta name=\"twitter:site\" content=\"@dicodusport\" \/>\n<script type=\"application\/ld+json\" class=\"yoast-schema-graph\">{\"@context\":\"https:\/\/schema.org\",\"@graph\":[{\"@type\":\"NewsArticle\",\"@id\":\"https:\/\/dicodusport.fr\/blog\/ibu-cup-idre-fjall-endre-stroemsheim-triomphe-a-nouveau-sur-le-sprint\/#article\",\"isPartOf\":{\"@id\":\"https:\/\/dicodusport.fr\/blog\/ibu-cup-idre-fjall-endre-stroemsheim-triomphe-a-nouveau-sur-le-sprint\/\"},\"author\":{\"name\":\"Flo Ostermann\",\"@id\":\"https:\/\/dicodusport.fr\/blog\/#\/schema\/person\/cb02af4c173ce4a653b55e9baf388d4a\"},\"headline\":\"IBU Cup Idre Fj\u00e4ll : Endre Stroemsheim triomphe \u00e0 nouveau sur le sprint\",\"datePublished\":\"2022-12-04T14:42:22+00:00\",\"dateModified\":\"2025-08-24T11:16:36+00:00\",\"mainEntityOfPage\":{\"@id\":\"https:\/\/dicodusport.fr\/blog\/ibu-cup-idre-fjall-endre-stroemsheim-triomphe-a-nouveau-sur-le-sprint\/\"},\"wordCount\":240,\"commentCount\":0,\"publisher\":{\"@id\":\"https:\/\/dicodusport.fr\/blog\/#organization\"},\"image\":{\"@id\":\"https:\/\/dicodusport.fr\/blog\/ibu-cup-idre-fjall-endre-stroemsheim-triomphe-a-nouveau-sur-le-sprint\/#primaryimage\"},\"thumbnailUrl\":\"https:\/\/dicodusport.fr\/blog\/wp-content\/uploads\/2022\/12\/IBU-Cup-Idre-Fjall-Endre-Stroemsheim-triomphe-a-nouveau-sur-le-sprint.png\",\"keywords\":[\"Biathlon\",\"Biathlon Idre Fj\u00e4ll\",\"IBU Cup Idre Fj\u00e4ll\"],\"articleSection\":[\"Biathlon\"],\"inLanguage\":\"fr-FR\",\"potentialAction\":[{\"@type\":\"CommentAction\",\"name\":\"Comment\",\"target\":[\"https:\/\/dicodusport.fr\/blog\/ibu-cup-idre-fjall-endre-stroemsheim-triomphe-a-nouveau-sur-le-sprint\/#respond\"]}],\"copyrightYear\":\"2022\",\"copyrightHolder\":{\"@id\":\"https:\/\/dicodusport.fr\/blog\/#organization\"}},{\"@type\":\"WebPage\",\"@id\":\"https:\/\/dicodusport.fr\/blog\/ibu-cup-idre-fjall-endre-stroemsheim-triomphe-a-nouveau-sur-le-sprint\/\",\"url\":\"https:\/\/dicodusport.fr\/blog\/ibu-cup-idre-fjall-endre-stroemsheim-triomphe-a-nouveau-sur-le-sprint\/\",\"name\":\"IBU Cup Idre Fj\u00e4ll : Endre Stroemsheim triomphe \u00e0 nouveau sur le sprint\",\"isPartOf\":{\"@id\":\"https:\/\/dicodusport.fr\/blog\/#website\"},\"primaryImageOfPage\":{\"@id\":\"https:\/\/dicodusport.fr\/blog\/ibu-cup-idre-fjall-endre-stroemsheim-triomphe-a-nouveau-sur-le-sprint\/#primaryimage\"},\"image\":{\"@id\":\"https:\/\/dicodusport.fr\/blog\/ibu-cup-idre-fjall-endre-stroemsheim-triomphe-a-nouveau-sur-le-sprint\/#primaryimage\"},\"thumbnailUrl\":\"https:\/\/dicodusport.fr\/blog\/wp-content\/uploads\/2022\/12\/IBU-Cup-Idre-Fjall-Endre-Stroemsheim-triomphe-a-nouveau-sur-le-sprint.png\",\"datePublished\":\"2022-12-04T14:42:22+00:00\",\"dateModified\":\"2025-08-24T11:16:36+00:00\",\"description\":\"D\u00e9j\u00e0 victorieux du premier sprint mardi et de l'individuel samedi, Endre Stroemsheim a remis \u00e7a ce dimanche, sur le deuxi\u00e8me sprint d'Idre Fj\u00e4ll.\",\"breadcrumb\":{\"@id\":\"https:\/\/dicodusport.fr\/blog\/ibu-cup-idre-fjall-endre-stroemsheim-triomphe-a-nouveau-sur-le-sprint\/#breadcrumb\"},\"inLanguage\":\"fr-FR\",\"potentialAction\":[{\"@type\":\"ReadAction\",\"target\":[\"https:\/\/dicodusport.fr\/blog\/ibu-cup-idre-fjall-endre-stroemsheim-triomphe-a-nouveau-sur-le-sprint\/\"]}]},{\"@type\":\"ImageObject\",\"inLanguage\":\"fr-FR\",\"@id\":\"https:\/\/dicodusport.fr\/blog\/ibu-cup-idre-fjall-endre-stroemsheim-triomphe-a-nouveau-sur-le-sprint\/#primaryimage\",\"url\":\"https:\/\/dicodusport.fr\/blog\/wp-content\/uploads\/2022\/12\/IBU-Cup-Idre-Fjall-Endre-Stroemsheim-triomphe-a-nouveau-sur-le-sprint.png\",\"contentUrl\":\"https:\/\/dicodusport.fr\/blog\/wp-content\/uploads\/2022\/12\/IBU-Cup-Idre-Fjall-Endre-Stroemsheim-triomphe-a-nouveau-sur-le-sprint.png\",\"width\":800,\"height\":445,\"caption\":\"IBU Cup Idre Fj\u00e4ll Endre Stroemsheim triomphe \u00e0 nouveau sur le sprint\"},{\"@type\":\"BreadcrumbList\",\"@id\":\"https:\/\/dicodusport.fr\/blog\/ibu-cup-idre-fjall-endre-stroemsheim-triomphe-a-nouveau-sur-le-sprint\/#breadcrumb\",\"itemListElement\":[{\"@type\":\"ListItem\",\"position\":1,\"name\":\"Accueil\",\"item\":\"https:\/\/dicodusport.fr\/blog\/\"},{\"@type\":\"ListItem\",\"position\":2,\"name\":\"IBU Cup Idre Fj\u00e4ll : Endre Stroemsheim triomphe \u00e0 nouveau sur le sprint\"}]},{\"@type\":\"WebSite\",\"@id\":\"https:\/\/dicodusport.fr\/blog\/#website\",\"url\":\"https:\/\/dicodusport.fr\/blog\/\",\"name\":\"Dicodusport\",\"description\":\"L&#039;encyclop\u00e9die de l&#039;actualit\u00e9 sportive\",\"publisher\":{\"@id\":\"https:\/\/dicodusport.fr\/blog\/#organization\"},\"potentialAction\":[{\"@type\":\"SearchAction\",\"target\":{\"@type\":\"EntryPoint\",\"urlTemplate\":\"https:\/\/dicodusport.fr\/blog\/?s={search_term_string}\"},\"query-input\":{\"@type\":\"PropertyValueSpecification\",\"valueRequired\":true,\"valueName\":\"search_term_string\"}}],\"inLanguage\":\"fr-FR\"},{\"@type\":\"NewsMediaOrganization\",\"@id\":\"https:\/\/dicodusport.fr\/blog\/#organization\",\"name\":\"Dicodusport\",\"url\":\"https:\/\/dicodusport.fr\/blog\/\",\"logo\":{\"@type\":\"ImageObject\",\"inLanguage\":\"fr-FR\",\"@id\":\"https:\/\/dicodusport.fr\/blog\/#\/schema\/logo\/image\/\",\"url\":\"https:\/\/dicodusport.fr\/blog\/wp-content\/uploads\/2020\/06\/cropped-LOGO-DICODUSPORT-2020-SANS-FOND-SANS-TEXTE.png\",\"contentUrl\":\"https:\/\/dicodusport.fr\/blog\/wp-content\/uploads\/2020\/06\/cropped-LOGO-DICODUSPORT-2020-SANS-FOND-SANS-TEXTE.png\",\"width\":512,\"height\":512,\"caption\":\"Dicodusport\"},\"image\":{\"@id\":\"https:\/\/dicodusport.fr\/blog\/#\/schema\/logo\/image\/\"},\"sameAs\":[\"https:\/\/www.facebook.com\/dicodusport\",\"https:\/\/x.com\/dicodusport\",\"https:\/\/www.instagram.com\/dicodusport\/\",\"https:\/\/www.youtube.com\/channel\/UC7V2KZ5sd3htJivAbA4ZG3w\"],\"description\":\"Dicodusport est l'encyclop\u00e9die de l'actualit\u00e9 sportive.\",\"email\":\"bonjour@dicodusport.fr\",\"legalName\":\"DICODUSPORT\",\"foundingDate\":\"2018-01-14\",\"vatID\":\"FR71834470973\",\"taxID\":\"83447097300043\",\"numberOfEmployees\":{\"@type\":\"QuantitativeValue\",\"minValue\":\"1\",\"maxValue\":\"10\"}},{\"@type\":\"Person\",\"@id\":\"https:\/\/dicodusport.fr\/blog\/#\/schema\/person\/cb02af4c173ce4a653b55e9baf388d4a\",\"name\":\"Flo Ostermann\",\"image\":{\"@type\":\"ImageObject\",\"inLanguage\":\"fr-FR\",\"@id\":\"https:\/\/dicodusport.fr\/blog\/#\/schema\/person\/image\/\",\"url\":\"https:\/\/dicodusport.fr\/blog\/wp-content\/uploads\/2021\/05\/Flo-Ostermann-150x150.jpg\",\"contentUrl\":\"https:\/\/dicodusport.fr\/blog\/wp-content\/uploads\/2021\/05\/Flo-Ostermann-150x150.jpg\",\"caption\":\"Flo Ostermann\"},\"description\":\"Journaliste\/R\u00e9dacteur depuis septembre 2015 - Mes premiers souvenirs dans le sport ? Les envol\u00e9es du Stade Toulousain et les duels Villeneuve-Schumacher et H\u00e4kkinen-Schumacher \u00e0 la fin des ann\u00e9es 90, la Coupe du monde de football en 1998, l\u2019exploit du XV de France face aux All Blacks en 1999, mais aussi Richard C\u0153ur de Lion qui vole sur les montagnes du Tour de France. Bien parti pour devenir professeur d\u2019EPS, les \u00e9v\u00e9nements de la vie (et la flemme d\u2019animer des s\u00e9ances de 3x500 m\u00e8tres toute ma vie) m\u2019ont conduit \u00e0 revoir mes plans. Me voil\u00e0 depuis fin 2017 sur Dicodusport, m\u00e9dia gr\u00e2ce (et pour) lequel je partage ma passion : le sport dans tous ses \u00e9tats. Le tout accompagn\u00e9 par les fous furieux et folles furieuses cit\u00e9s sur cette page !\",\"sameAs\":[\"https:\/\/www.facebook.com\/florent.ostermann\",\"https:\/\/x.com\/https:\/\/twitter.com\/FlOstermann\",\"admin\"],\"url\":\"https:\/\/dicodusport.fr\/blog\/author\/flo\/\"}]}<\/script>\n<!-- \/ Yoast SEO Premium plugin. -->","yoast_head_json":{"title":"IBU Cup Idre Fj\u00e4ll : Endre Stroemsheim triomphe \u00e0 nouveau sur le sprint","description":"D\u00e9j\u00e0 victorieux du premier sprint mardi et de l'individuel samedi, Endre Stroemsheim a remis \u00e7a ce dimanche, sur le deuxi\u00e8me sprint d'Idre Fj\u00e4ll.","robots":{"index":"index","follow":"follow","max-snippet":"max-snippet:-1","max-image-preview":"max-image-preview:large","max-video-preview":"max-video-preview:-1"},"canonical":"https:\/\/dicodusport.fr\/blog\/ibu-cup-idre-fjall-endre-stroemsheim-triomphe-a-nouveau-sur-le-sprint\/","og_locale":"fr_FR","og_type":"article","og_title":"IBU Cup Idre Fj\u00e4ll : Endre Stroemsheim triomphe \u00e0 nouveau sur le sprint","og_description":"D\u00e9j\u00e0 victorieux du premier sprint mardi et de l'individuel samedi, Endre Stroemsheim a remis \u00e7a ce dimanche, sur le deuxi\u00e8me sprint d'Idre Fj\u00e4ll.","og_url":"https:\/\/dicodusport.fr\/blog\/ibu-cup-idre-fjall-endre-stroemsheim-triomphe-a-nouveau-sur-le-sprint\/","og_site_name":"Dicodusport","article_publisher":"https:\/\/www.facebook.com\/dicodusport","article_author":"https:\/\/www.facebook.com\/florent.ostermann","article_published_time":"2022-12-04T14:42:22+00:00","article_modified_time":"2025-08-24T11:16:36+00:00","og_image":[{"width":800,"height":445,"url":"https:\/\/dicodusport.fr\/blog\/wp-content\/uploads\/2022\/12\/IBU-Cup-Idre-Fjall-Endre-Stroemsheim-triomphe-a-nouveau-sur-le-sprint.png","type":"image\/png"}],"author":"Flo Ostermann","twitter_card":"summary_large_image","twitter_title":"IBU Cup Idre Fj\u00e4ll : Endre Stroemsheim triomphe \u00e0 nouveau sur le sprint","twitter_creator":"@https:\/\/twitter.com\/FlOstermann","twitter_site":"@dicodusport","schema":{"@context":"https:\/\/schema.org","@graph":[{"@type":"NewsArticle","@id":"https:\/\/dicodusport.fr\/blog\/ibu-cup-idre-fjall-endre-stroemsheim-triomphe-a-nouveau-sur-le-sprint\/#article","isPartOf":{"@id":"https:\/\/dicodusport.fr\/blog\/ibu-cup-idre-fjall-endre-stroemsheim-triomphe-a-nouveau-sur-le-sprint\/"},"author":{"name":"Flo Ostermann","@id":"https:\/\/dicodusport.fr\/blog\/#\/schema\/person\/cb02af4c173ce4a653b55e9baf388d4a"},"headline":"IBU Cup Idre Fj\u00e4ll : Endre Stroemsheim triomphe \u00e0 nouveau sur le sprint","datePublished":"2022-12-04T14:42:22+00:00","dateModified":"2025-08-24T11:16:36+00:00","mainEntityOfPage":{"@id":"https:\/\/dicodusport.fr\/blog\/ibu-cup-idre-fjall-endre-stroemsheim-triomphe-a-nouveau-sur-le-sprint\/"},"wordCount":240,"commentCount":0,"publisher":{"@id":"https:\/\/dicodusport.fr\/blog\/#organization"},"image":{"@id":"https:\/\/dicodusport.fr\/blog\/ibu-cup-idre-fjall-endre-stroemsheim-triomphe-a-nouveau-sur-le-sprint\/#primaryimage"},"thumbnailUrl":"https:\/\/dicodusport.fr\/blog\/wp-content\/uploads\/2022\/12\/IBU-Cup-Idre-Fjall-Endre-Stroemsheim-triomphe-a-nouveau-sur-le-sprint.png","keywords":["Biathlon","Biathlon Idre Fj\u00e4ll","IBU Cup Idre Fj\u00e4ll"],"articleSection":["Biathlon"],"inLanguage":"fr-FR","potentialAction":[{"@type":"CommentAction","name":"Comment","target":["https:\/\/dicodusport.fr\/blog\/ibu-cup-idre-fjall-endre-stroemsheim-triomphe-a-nouveau-sur-le-sprint\/#respond"]}],"copyrightYear":"2022","copyrightHolder":{"@id":"https:\/\/dicodusport.fr\/blog\/#organization"}},{"@type":"WebPage","@id":"https:\/\/dicodusport.fr\/blog\/ibu-cup-idre-fjall-endre-stroemsheim-triomphe-a-nouveau-sur-le-sprint\/","url":"https:\/\/dicodusport.fr\/blog\/ibu-cup-idre-fjall-endre-stroemsheim-triomphe-a-nouveau-sur-le-sprint\/","name":"IBU Cup Idre Fj\u00e4ll : Endre Stroemsheim triomphe \u00e0 nouveau sur le sprint","isPartOf":{"@id":"https:\/\/dicodusport.fr\/blog\/#website"},"primaryImageOfPage":{"@id":"https:\/\/dicodusport.fr\/blog\/ibu-cup-idre-fjall-endre-stroemsheim-triomphe-a-nouveau-sur-le-sprint\/#primaryimage"},"image":{"@id":"https:\/\/dicodusport.fr\/blog\/ibu-cup-idre-fjall-endre-stroemsheim-triomphe-a-nouveau-sur-le-sprint\/#primaryimage"},"thumbnailUrl":"https:\/\/dicodusport.fr\/blog\/wp-content\/uploads\/2022\/12\/IBU-Cup-Idre-Fjall-Endre-Stroemsheim-triomphe-a-nouveau-sur-le-sprint.png","datePublished":"2022-12-04T14:42:22+00:00","dateModified":"2025-08-24T11:16:36+00:00","description":"D\u00e9j\u00e0 victorieux du premier sprint mardi et de l'individuel samedi, Endre Stroemsheim a remis \u00e7a ce dimanche, sur le deuxi\u00e8me sprint d'Idre Fj\u00e4ll.","breadcrumb":{"@id":"https:\/\/dicodusport.fr\/blog\/ibu-cup-idre-fjall-endre-stroemsheim-triomphe-a-nouveau-sur-le-sprint\/#breadcrumb"},"inLanguage":"fr-FR","potentialAction":[{"@type":"ReadAction","target":["https:\/\/dicodusport.fr\/blog\/ibu-cup-idre-fjall-endre-stroemsheim-triomphe-a-nouveau-sur-le-sprint\/"]}]},{"@type":"ImageObject","inLanguage":"fr-FR","@id":"https:\/\/dicodusport.fr\/blog\/ibu-cup-idre-fjall-endre-stroemsheim-triomphe-a-nouveau-sur-le-sprint\/#primaryimage","url":"https:\/\/dicodusport.fr\/blog\/wp-content\/uploads\/2022\/12\/IBU-Cup-Idre-Fjall-Endre-Stroemsheim-triomphe-a-nouveau-sur-le-sprint.png","contentUrl":"https:\/\/dicodusport.fr\/blog\/wp-content\/uploads\/2022\/12\/IBU-Cup-Idre-Fjall-Endre-Stroemsheim-triomphe-a-nouveau-sur-le-sprint.png","width":800,"height":445,"caption":"IBU Cup Idre Fj\u00e4ll Endre Stroemsheim triomphe \u00e0 nouveau sur le sprint"},{"@type":"BreadcrumbList","@id":"https:\/\/dicodusport.fr\/blog\/ibu-cup-idre-fjall-endre-stroemsheim-triomphe-a-nouveau-sur-le-sprint\/#breadcrumb","itemListElement":[{"@type":"ListItem","position":1,"name":"Accueil","item":"https:\/\/dicodusport.fr\/blog\/"},{"@type":"ListItem","position":2,"name":"IBU Cup Idre Fj\u00e4ll : Endre Stroemsheim triomphe \u00e0 nouveau sur le sprint"}]},{"@type":"WebSite","@id":"https:\/\/dicodusport.fr\/blog\/#website","url":"https:\/\/dicodusport.fr\/blog\/","name":"Dicodusport","description":"L&#039;encyclop\u00e9die de l&#039;actualit\u00e9 sportive","publisher":{"@id":"https:\/\/dicodusport.fr\/blog\/#organization"},"potentialAction":[{"@type":"SearchAction","target":{"@type":"EntryPoint","urlTemplate":"https:\/\/dicodusport.fr\/blog\/?s={search_term_string}"},"query-input":{"@type":"PropertyValueSpecification","valueRequired":true,"valueName":"search_term_string"}}],"inLanguage":"fr-FR"},{"@type":"NewsMediaOrganization","@id":"https:\/\/dicodusport.fr\/blog\/#organization","name":"Dicodusport","url":"https:\/\/dicodusport.fr\/blog\/","logo":{"@type":"ImageObject","inLanguage":"fr-FR","@id":"https:\/\/dicodusport.fr\/blog\/#\/schema\/logo\/image\/","url":"https:\/\/dicodusport.fr\/blog\/wp-content\/uploads\/2020\/06\/cropped-LOGO-DICODUSPORT-2020-SANS-FOND-SANS-TEXTE.png","contentUrl":"https:\/\/dicodusport.fr\/blog\/wp-content\/uploads\/2020\/06\/cropped-LOGO-DICODUSPORT-2020-SANS-FOND-SANS-TEXTE.png","width":512,"height":512,"caption":"Dicodusport"},"image":{"@id":"https:\/\/dicodusport.fr\/blog\/#\/schema\/logo\/image\/"},"sameAs":["https:\/\/www.facebook.com\/dicodusport","https:\/\/x.com\/dicodusport","https:\/\/www.instagram.com\/dicodusport\/","https:\/\/www.youtube.com\/channel\/UC7V2KZ5sd3htJivAbA4ZG3w"],"description":"Dicodusport est l'encyclop\u00e9die de l'actualit\u00e9 sportive.","email":"bonjour@dicodusport.fr","legalName":"DICODUSPORT","foundingDate":"2018-01-14","vatID":"FR71834470973","taxID":"83447097300043","numberOfEmployees":{"@type":"QuantitativeValue","minValue":"1","maxValue":"10"}},{"@type":"Person","@id":"https:\/\/dicodusport.fr\/blog\/#\/schema\/person\/cb02af4c173ce4a653b55e9baf388d4a","name":"Flo Ostermann","image":{"@type":"ImageObject","inLanguage":"fr-FR","@id":"https:\/\/dicodusport.fr\/blog\/#\/schema\/person\/image\/","url":"https:\/\/dicodusport.fr\/blog\/wp-content\/uploads\/2021\/05\/Flo-Ostermann-150x150.jpg","contentUrl":"https:\/\/dicodusport.fr\/blog\/wp-content\/uploads\/2021\/05\/Flo-Ostermann-150x150.jpg","caption":"Flo Ostermann"},"description":"Journaliste\/R\u00e9dacteur depuis septembre 2015 - Mes premiers souvenirs dans le sport ? Les envol\u00e9es du Stade Toulousain et les duels Villeneuve-Schumacher et H\u00e4kkinen-Schumacher \u00e0 la fin des ann\u00e9es 90, la Coupe du monde de football en 1998, l\u2019exploit du XV de France face aux All Blacks en 1999, mais aussi Richard C\u0153ur de Lion qui vole sur les montagnes du Tour de France. Bien parti pour devenir professeur d\u2019EPS, les \u00e9v\u00e9nements de la vie (et la flemme d\u2019animer des s\u00e9ances de 3x500 m\u00e8tres toute ma vie) m\u2019ont conduit \u00e0 revoir mes plans. Me voil\u00e0 depuis fin 2017 sur Dicodusport, m\u00e9dia gr\u00e2ce (et pour) lequel je partage ma passion : le sport dans tous ses \u00e9tats. Le tout accompagn\u00e9 par les fous furieux et folles furieuses cit\u00e9s sur cette page !","sameAs":["https:\/\/www.facebook.com\/florent.ostermann","https:\/\/x.com\/https:\/\/twitter.com\/FlOstermann","admin"],"url":"https:\/\/dicodusport.fr\/blog\/author\/flo\/"}]}},"_links":{"self":[{"href":"https:\/\/dicodusport.fr\/blog\/wp-json\/wp\/v2\/posts\/285543","targetHints":{"allow":["GET"]}}],"collection":[{"href":"https:\/\/dicodusport.fr\/blog\/wp-json\/wp\/v2\/posts"}],"about":[{"href":"https:\/\/dicodusport.fr\/blog\/wp-json\/wp\/v2\/types\/post"}],"author":[{"embeddable":true,"href":"https:\/\/dicodusport.fr\/blog\/wp-json\/wp\/v2\/users\/4"}],"replies":[{"embeddable":true,"href":"https:\/\/dicodusport.fr\/blog\/wp-json\/wp\/v2\/comments?post=285543"}],"version-history":[{"count":1,"href":"https:\/\/dicodusport.fr\/blog\/wp-json\/wp\/v2\/posts\/285543\/revisions"}],"predecessor-version":[{"id":605045,"href":"https:\/\/dicodusport.fr\/blog\/wp-json\/wp\/v2\/posts\/285543\/revisions\/605045"}],"wp:featuredmedia":[{"embeddable":true,"href":"https:\/\/dicodusport.fr\/blog\/wp-json\/wp\/v2\/media\/285559"}],"wp:attachment":[{"href":"https:\/\/dicodusport.fr\/blog\/wp-json\/wp\/v2\/media?parent=285543"}],"wp:term":[{"taxonomy":"category","embeddable":true,"href":"https:\/\/dicodusport.fr\/blog\/wp-json\/wp\/v2\/categories?post=285543"},{"taxonomy":"post_tag","embeddable":true,"href":"https:\/\/dicodusport.fr\/blog\/wp-json\/wp\/v2\/tags?post=285543"}],"curies":[{"name":"wp","href":"https:\/\/api.w.org\/{rel}","templated":true}]}}