{"id":285839,"date":"2022-12-11T15:01:22","date_gmt":"2022-12-11T14:01:22","guid":{"rendered":"https:\/\/dicodusport.fr\/blog\/?p=285839&#038;preview=true&#038;preview_id=285839"},"modified":"2022-12-11T15:04:18","modified_gmt":"2022-12-11T14:04:18","slug":"biathlon-hochfilzen-2022-programme-complet-et-resultats","status":"publish","type":"post","link":"https:\/\/dicodusport.fr\/blog\/biathlon-hochfilzen-2022-programme-complet-et-resultats\/","title":{"rendered":"Biathlon Hochfilzen 2022 &#8211; Programme complet et r\u00e9sultats"},"content":{"rendered":"<p style=\"text-align: justify;\"><strong><em><a href=\"https:\/\/dicodusport.fr\/blog\/actualites\/biathlon\/coupe-du-monde-biathlon-2022-2023\/\">COUPE DU MONDE DE BIATHLON 2022-2023<\/a> &#8211; D\u00e9couvrez le programme complet et les r\u00e9sultats de la 2\u00e8me \u00e9tape<\/em><\/strong><strong><em> de la Coupe du monde de biathlon, qui se d\u00e9roule sur le site de Hochfilzen (Autriche)<\/em><\/strong><strong><em>, qui se d\u00e9roule du 8 au 11 d\u00e9cembre 2022.<\/em><\/strong><\/p>\n<p style=\"text-align: justify;\">Apr\u00e8s une premi\u00e8re \u00e9tape spectaculaire \u00e0 <strong>Kontiolahti<\/strong>, la caravane du biathlon d\u00e9barque en Autriche, pour la deuxi\u00e8me \u00e9tape de la <strong>Coupe du monde de biathlon 2022-2023<\/strong>. Sur le site d&rsquo;<strong>Hochfilzen<\/strong> nich\u00e9 en plein c\u0153ur du Tyrol, les biathl\u00e8tes s&rsquo;affronteront sur trois courses : le sprint, la poursuite et le relais par genre. \u00c0 l&rsquo;inverse du premier acte finlandais, les athl\u00e8tes \u00e9volueront cette fois en altitude, \u00e0 pr\u00e8s de 1 000 m au-dessus du niveau de la mer. De quoi, sans doute, r\u00e9\u00e9quilibrer les d\u00e9bats sur les skis, Su\u00e9dois et Norv\u00e9giens ayant domin\u00e9 sur les spatules \u00e0 <strong>Kontiolahti<\/strong>.<\/p>\n<p style=\"text-align: justify;\">\u00c0 <strong>Hochfilzen<\/strong>, l&rsquo;\u00e9quipe de France voudra certainement faire au moins aussi bien qu&rsquo;en Finlande. Avec trois podiums d\u00e9croch\u00e9s dont un succ\u00e8s, <a href=\"https:\/\/dicodusport.fr\/blog\/biathlon-kontiolahti-2022-julia-simon-en-patronne-sur-la-poursuite\/\">celui de <strong>Julia Simon<\/strong> sur la poursuite<\/a>, les Tricolores devraient monter en puissance en Autriche. Si la biathl\u00e8te des Saisies et <strong>\u00c9milien Jacquelin<\/strong>, troisi\u00e8me de la poursuite masculine, ont d\u00e9j\u00e0 r\u00e9pondu pr\u00e9sents, <strong>Quentin Fillon Maillet<\/strong>, double tenant du titre sur la poursuite autrichienne, et <strong>Ana\u00efs Chevalier-Bouchet<\/strong>, sont attendus, apr\u00e8s une mise en route mi-figue, mi-raisin, lors de l&rsquo;\u00e9tape inaugurale.<\/p>\n<p style=\"text-align: justify;\"><strong>Les courses sont, bien entendu, retransmises en direct sur La cha\u00eene L&rsquo;\u00c9quipe.\u00a0<\/strong><\/p>\n<h2 style=\"text-align: justify;\">Biathlon : Le programme complet de Hochfilzen &#8211; D\u00e9cembre 2022<\/h2>\n<table style=\"width: 100%; border-collapse: collapse; font-size: 0.9em;\">\n<tbody>\n<tr>\n<td style=\"background-color: #0081b4; width: 800px; text-align: center; vertical-align: middle;\" colspan=\"6\"><span style=\"color: #ffffff;\"><strong>JEUDI 8 D\u00c9CEMBRE 2022<\/strong><\/span><span style=\"color: #ffffff;\"><strong><br \/>\n<\/strong><\/span><\/td>\n<\/tr>\n<tr>\n<td style=\"text-align: center; vertical-align: middle; width: 20%; background-color: #8db5c4;\"><span style=\"color: #ffffff; font-size: 0.9em;\"><strong>Horaire<\/strong><\/span><\/td>\n<td style=\"text-align: center; vertical-align: middle; width: 20%; background-color: #8db5c4;\" colspan=\"2\"><span style=\"color: #ffffff;\"><span style=\"font-size: 0.9em;\"><b>\u00c9preuve<\/b><\/span><\/span><\/td>\n<td style=\"text-align: center; vertical-align: middle; width: 20%; background-color: #8db5c4;\"><span style=\"color: #ffffff; font-size: 0.9em;\"><strong>Vainqueur<\/strong><\/span><\/td>\n<td style=\"text-align: center; vertical-align: middle; width: 20%; background-color: #8db5c4;\"><span style=\"color: #ffffff; font-size: 0.9em;\"><strong>Deuxi\u00e8me<\/strong><\/span><\/td>\n<td style=\"text-align: center; vertical-align: middle; width: 20%; background-color: #8db5c4;\"><span style=\"color: #ffffff; font-size: 0.9em;\"><strong>Troisi\u00e8me<\/strong><\/span><\/td>\n<\/tr>\n<tr>\n<td style=\"text-align: center; vertical-align: middle; width: 20%;\"><strong>14h10<\/strong><\/td>\n<td style=\"text-align: center; vertical-align: middle; width: 20%;\" colspan=\"2\"><strong>Sprint (F)<br \/>\n<a href=\"https:\/\/dicodusport.fr\/blog\/sprint-hochfilzen-julia-simon-troisieme-et-en-jaune-denise-herrmann-wick-s-impose\/\"><span style=\"font-size: 0.8em;\"><i><span style=\"font-size: 10.368px;\">R\u00e9sum\u00e9<\/span><\/i><\/span><\/a><span style=\"font-size: 0.8em;\"><i><span style=\"font-size: 10.368px;\"> &#8211; <a href=\"https:\/\/dicodusport.fr\/blog\/biathlon-hochfilzen-2022-classement-sprint-femmes\/\">Classement<\/a><\/span><\/i><\/span><br \/>\n<i><\/i><\/strong><\/td>\n<td style=\"text-align: center; vertical-align: middle; width: 20%; font-size: 0.9em;\"><strong><span style=\"font-size: 0.9em;\">&#x1f1e9;&#x1f1ea; DENISE HERRMANN-WICK<br \/>\n<span style=\"font-size: 11.52px;\"><i>20:07.1 \/ 0-0<\/i><\/span><\/span><\/strong><\/td>\n<td style=\"text-align: center; vertical-align: middle; width: 20%; font-size: 0.9em;\"><span style=\"font-size: 0.9em;\">&#x1f1e8;&#x1f1ff; MARKETA DAVIDOVA<br \/>\n<span style=\"font-size: 11.52px;\"><i>+18.1 \/ 0-1<\/i><\/span><\/span><\/td>\n<td style=\"text-align: center; vertical-align: middle; width: 20%; font-size: 0.9em;\"><span style=\"font-size: 0.9em;\">&#x1f1eb;&#x1f1f7; JULIA SIMON<br \/>\n<span style=\"font-size: 11.52px;\"><i>+20.1 \/ 0-1<\/i><\/span><\/span><\/td>\n<\/tr>\n<tr>\n<td style=\"background-color: #0081b4; width: 800px; text-align: center; vertical-align: middle;\" colspan=\"6\"><span style=\"color: #ffffff;\"><strong>VENDREDI 9 D\u00c9CEMBRE 2022<\/strong><\/span><span style=\"color: #ffffff;\"><strong><br \/>\n<\/strong><\/span><\/td>\n<\/tr>\n<tr>\n<td style=\"text-align: center; vertical-align: middle; width: 20%; background-color: #8db5c4;\"><span style=\"color: #ffffff; font-size: 0.9em;\"><strong>Horaire<\/strong><\/span><\/td>\n<td style=\"text-align: center; vertical-align: middle; width: 20%; background-color: #8db5c4;\" colspan=\"2\"><span style=\"color: #ffffff;\"><span style=\"font-size: 0.9em;\"><b>\u00c9preuve<\/b><\/span><\/span><\/td>\n<td style=\"text-align: center; vertical-align: middle; width: 20%; background-color: #8db5c4;\"><span style=\"color: #ffffff; font-size: 0.9em;\"><strong>Vainqueur<\/strong><\/span><\/td>\n<td style=\"text-align: center; vertical-align: middle; width: 20%; background-color: #8db5c4;\"><span style=\"color: #ffffff; font-size: 0.9em;\"><strong>Deuxi\u00e8me<\/strong><\/span><\/td>\n<td style=\"text-align: center; vertical-align: middle; width: 20%; background-color: #8db5c4;\"><span style=\"color: #ffffff; font-size: 0.9em;\"><strong>Troisi\u00e8me<\/strong><\/span><\/td>\n<\/tr>\n<tr>\n<td style=\"text-align: center; vertical-align: middle; width: 20%;\"><strong>13h45<\/strong><\/td>\n<td style=\"text-align: center; vertical-align: middle;\" colspan=\"2\"><strong>Sprint (H)<br \/>\n<a href=\"https:\/\/dicodusport.fr\/blog\/sprint-hochfilzen-johannnes-boe-implacable-devant-emilien-jacquelin\/\"><span style=\"font-size: 0.8em;\"><i><span style=\"font-size: 10.368px;\">R\u00e9sum\u00e9<\/span><\/i><\/span><\/a><span style=\"font-size: 0.8em;\"><i><span style=\"font-size: 10.368px;\"> &#8211; <a href=\"https:\/\/dicodusport.fr\/blog\/biathlon-hochfilzen-2022-classement-sprint-hommes\/\">Classement<\/a><\/span><\/i><\/span><br \/>\n<i><\/i><\/strong><\/td>\n<td style=\"text-align: center; vertical-align: middle; width: 20%; font-size: 0.9em;\"><strong><span style=\"font-size: 0.9em;\">&#x1f1f3;&#x1f1f4; JOHANNES BOE<br \/>\n<span style=\"font-size: 11.52px;\"><i>23:04.0 \/ 0-0<\/i><\/span><\/span><\/strong><\/td>\n<td style=\"text-align: center; vertical-align: middle; width: 20%; font-size: 0.9em;\"><span style=\"font-size: 0.9em;\">&#x1f1eb;&#x1f1f7; \u00c9MILIEN JACQUELIN<br \/>\n<span style=\"font-size: 11.52px;\"><i>+43.0 \/ 0-1<\/i><\/span><\/span><\/td>\n<td style=\"text-align: center; vertical-align: middle; width: 20%; font-size: 0.9em;\"><span style=\"font-size: 0.9em;\">&#x1f1f3;&#x1f1f4; STURLA LAEGREID<br \/>\n<span style=\"font-size: 11.52px;\"><i>+46.9 \/ 0-1<\/i><\/span><\/span><\/td>\n<\/tr>\n<tr>\n<td style=\"background-color: #0081b4; width: 800px; text-align: center; vertical-align: middle;\" colspan=\"6\"><span style=\"color: #ffffff;\"><strong>SAMEDI 10 D\u00c9CEMBRE 2022<\/strong><\/span><\/td>\n<\/tr>\n<tr>\n<td style=\"text-align: center; vertical-align: middle; width: 20%; background-color: #8db5c4;\"><span style=\"color: #ffffff; font-size: 0.9em;\"><strong>Horaire<\/strong><\/span><\/td>\n<td style=\"text-align: center; vertical-align: middle; width: 20%; background-color: #8db5c4;\" colspan=\"2\"><span style=\"color: #ffffff;\"><span style=\"font-size: 0.9em;\"><b>\u00c9preuve<\/b><\/span><\/span><\/td>\n<td style=\"text-align: center; vertical-align: middle; width: 20%; background-color: #8db5c4;\"><span style=\"color: #ffffff; font-size: 0.9em;\"><strong>Vainqueur<\/strong><\/span><\/td>\n<td style=\"text-align: center; vertical-align: middle; width: 20%; background-color: #8db5c4;\"><span style=\"color: #ffffff; font-size: 0.9em;\"><strong>Deuxi\u00e8me<\/strong><\/span><\/td>\n<td style=\"text-align: center; vertical-align: middle; width: 20%; background-color: #8db5c4;\"><span style=\"color: #ffffff; font-size: 0.9em;\"><strong>Troisi\u00e8me<\/strong><\/span><\/td>\n<\/tr>\n<tr>\n<td style=\"text-align: center; vertical-align: middle; width: 20%;\"><strong>11h30<\/strong><\/td>\n<td style=\"text-align: center; vertical-align: middle; width: 20%;\" colspan=\"2\"><strong>Poursuite (F)<br \/>\n<a href=\"https:\/\/dicodusport.fr\/blog\/poursuite-hochfilzen-victoire-julia-simon-en-patronne\/\"><span style=\"font-size: 0.8em;\"><i><span style=\"font-size: 10.368px;\">R\u00e9sum\u00e9<\/span><\/i><\/span><\/a><span style=\"font-size: 0.8em;\"><i><span style=\"font-size: 10.368px;\"> &#8211; <a href=\"https:\/\/dicodusport.fr\/blog\/biathlon-hochfilzen-2022-classement-poursuite-femmes\/\">Classement<\/a><\/span><\/i><\/span><br \/>\n<\/strong><\/td>\n<td style=\"text-align: center; vertical-align: middle; width: 20%; font-size: 0.9em;\"><strong><span style=\"font-size: 0.9em;\">&#x1f1eb;&#x1f1f7; JULIA SIMON<br \/>\n<span style=\"font-size: 11.52px;\"><i>29:56.7 \/ 0-0-1-0<\/i><\/span><\/span><\/strong><\/td>\n<td style=\"text-align: center; vertical-align: middle; width: 20%; font-size: 0.9em;\"><span style=\"font-size: 0.9em;\">&#x1f1f3;&#x1f1f4; INGRID TANDREVOLD<br \/>\n<span style=\"font-size: 11.52px;\"><i>+19.6 \/ 0-0-1-0<\/i><\/span><\/span><\/td>\n<td style=\"text-align: center; vertical-align: middle; width: 20%; font-size: 0.9em;\"><span style=\"font-size: 0.9em;\">&#x1f1e8;&#x1f1ff; MARKETA DAVIDOVA<br \/>\n<span style=\"font-size: 11.52px;\"><i>+28.1 \/ 0-0-2-0<\/i><\/span><\/span><\/td>\n<\/tr>\n<tr>\n<td style=\"text-align: center; vertical-align: middle; width: 20%;\"><strong>13h40<\/strong><\/td>\n<td style=\"text-align: center; vertical-align: middle;\" colspan=\"2\"><strong>Relais (H)<br \/>\n<a href=\"https:\/\/dicodusport.fr\/blog\/relais-hommes-hochfilzen-2022-la-norvege-intouchable-la-france-4eme\/\"><span style=\"font-size: 0.8em;\"><i><span style=\"font-size: 10.368px;\">R\u00e9sum\u00e9<\/span><\/i><\/span><\/a><span style=\"font-size: 0.8em;\"><i><span style=\"font-size: 10.368px;\"> &#8211; <a href=\"https:\/\/dicodusport.fr\/blog\/biathlon-hochfilzen-2022-classement-relais-hommes\/\">Classement<\/a><\/span><\/i><\/span><br \/>\n<\/strong><\/td>\n<td style=\"text-align: center; vertical-align: middle; width: 20%; font-size: 0.9em;\"><span style=\"font-size: 0.9em;\"><strong>&#x1f1f3;&#x1f1f4; NORV\u00c8GE<\/strong><br \/>\n<strong><span style=\"font-size: 11.52px;\"><i>1h18:02.6 \/ 1+7<\/i><\/span><\/strong><br \/>\n<\/span><\/td>\n<td style=\"text-align: center; vertical-align: middle; width: 20%; font-size: 0.9em;\"><span style=\"font-size: 0.9em;\">&#x1f1f8;&#x1f1ea; SU\u00c8DE<br \/>\n<span style=\"font-size: 11.52px;\"><i>+20.0 \/ 0+8<\/i><\/span><br \/>\n<\/span><\/td>\n<td style=\"text-align: center; vertical-align: middle; width: 20%; font-size: 0.9em;\"><span style=\"font-size: 0.9em;\">&#x1f1e9;&#x1f1ea; ALLEMAGNE<br \/>\n<span style=\"font-size: 11.52px;\"><i>+28.6 \/ 1+5<\/i><\/span><br \/>\n<\/span><\/td>\n<\/tr>\n<tr>\n<td style=\"background-color: #0081b4; width: 800px; text-align: center; vertical-align: middle;\" colspan=\"6\"><span style=\"color: #ffffff;\"><strong>DIMANCHE 11 D\u00c9CEMBRE 2022<\/strong><\/span><span style=\"color: #ffffff;\"><strong><br \/>\n<\/strong><\/span><\/td>\n<\/tr>\n<tr>\n<td style=\"text-align: center; vertical-align: middle; width: 20%; background-color: #8db5c4;\"><span style=\"color: #ffffff; font-size: 0.9em;\"><strong>Horaire<\/strong><\/span><\/td>\n<td style=\"text-align: center; vertical-align: middle; width: 20%; background-color: #8db5c4;\" colspan=\"2\"><span style=\"color: #ffffff;\"><span style=\"font-size: 0.9em;\"><b>\u00c9preuve<\/b><\/span><\/span><\/td>\n<td style=\"text-align: center; vertical-align: middle; width: 20%; background-color: #8db5c4;\"><span style=\"color: #ffffff; font-size: 0.9em;\"><strong>Vainqueur<\/strong><\/span><\/td>\n<td style=\"text-align: center; vertical-align: middle; width: 20%; background-color: #8db5c4;\"><span style=\"color: #ffffff; font-size: 0.9em;\"><strong>Deuxi\u00e8me<\/strong><\/span><\/td>\n<td style=\"text-align: center; vertical-align: middle; width: 20%; background-color: #8db5c4;\"><span style=\"color: #ffffff; font-size: 0.9em;\"><strong>Troisi\u00e8me<\/strong><\/span><\/td>\n<\/tr>\n<tr>\n<td style=\"text-align: center; vertical-align: middle; width: 20%;\"><strong>11h30<\/strong><\/td>\n<td style=\"text-align: center; vertical-align: middle; width: 20%;\" colspan=\"2\"><strong>Relais (F)<br \/>\n<a title=\"Relais femmes d\u2019Hochfilzen : Les Fran\u00e7aises s\u2019imposent en patronnes\" href=\"https:\/\/dicodusport.fr\/blog\/relais-femmes-dhochfilzen-les-francaises-simposent-en-patronnes\/\" rel=\"\"><span style=\"font-size: 0.8em;\"><i><span style=\"font-size: 10.368px;\">R\u00e9sum\u00e9<\/span><\/i><\/span><\/a><span style=\"font-size: 0.8em;\"><i><span style=\"font-size: 10.368px;\"> &#8211; <a title=\"Biathlon Hochfilzen 2022 \u2013 Classement Relais femmes\" href=\"https:\/\/dicodusport.fr\/blog\/biathlon-hochfilzen-2022-classement-relais-femmes\/\" rel=\"\">Classement<\/a><\/span><\/i><\/span><br \/>\n<\/strong><\/td>\n<td style=\"text-align: center; vertical-align: middle; width: 20%; font-size: 0.9em;\"><span style=\"font-size: 0.9em;\"><strong>&#x1f1eb;&#x1f1f7; FRANCE<\/strong><br \/>\n<strong><span style=\"font-size: 11.52px;\"><i>1h14:21.1 \/ 0+4<\/i><\/span><\/strong><\/span><\/td>\n<td style=\"text-align: center; vertical-align: middle; width: 20%; font-size: 0.9em;\"><span style=\"font-size: 0.9em;\">&#x1f1f8;&#x1f1ea; SU\u00c8DE<br \/>\n<span style=\"font-size: 11.52px;\"><i>+10.4 \/ 0+9<\/i><\/span><\/span><\/td>\n<td style=\"text-align: center; vertical-align: middle; width: 20%; font-size: 0.9em;\"><span style=\"font-size: 0.9em;\">&#x1f1ee;&#x1f1f9; ITALIE<br \/>\n<span style=\"font-size: 11.52px;\"><i>+18.5 \/ 0+4<\/i><\/span><\/span><\/td>\n<\/tr>\n<tr>\n<td style=\"text-align: center; vertical-align: middle; width: 20%;\"><strong>14h15<\/strong><\/td>\n<td style=\"text-align: center; vertical-align: middle;\" colspan=\"2\"><strong>Poursuite (H)<br \/>\n<a title=\"Poursuite d\u2019Hochfilzen : Johannes Boe pas inqui\u00e9t\u00e9, \u00c9milien Jacquelin troisi\u00e8me\" href=\"https:\/\/dicodusport.fr\/blog\/poursuite-dhochfilzen-johannes-boe-pas-inquiete-emilien-jacquelin-troisieme\/\" rel=\"\"><span style=\"font-size: 0.8em;\"><i><span style=\"font-size: 10.368px;\">R\u00e9sum\u00e9<\/span><\/i><\/span><\/a><span style=\"font-size: 0.8em;\"><i><span style=\"font-size: 10.368px;\"> &#8211; <a title=\"Biathlon Hochfilzen 2022 \u2013 Classement Poursuite hommes\" href=\"https:\/\/dicodusport.fr\/blog\/biathlon-hochfilzen-2022-classement-poursuite-hommes\/\" rel=\"\">Classement<\/a><\/span><\/i><\/span><br \/>\n<\/strong><\/td>\n<td style=\"text-align: center; vertical-align: middle; width: 20%; font-size: 0.9em;\"><strong><span style=\"font-size: 0.9em;\">&#x1f1f3;&#x1f1f4; JOHANNES BOE<br \/>\n<span style=\"font-size: 11.52px;\"><i>33:50.7 \/ 0-1-0-1<\/i><\/span><\/span><\/strong><\/td>\n<td style=\"text-align: center; vertical-align: middle; width: 20%; font-size: 0.9em;\"><span style=\"font-size: 0.9em;\">&#x1f1f3;&#x1f1f4; STURLA LAEGREID<br \/>\n<span style=\"font-size: 11.52px;\"><i>+47.9 \/ 0-0-1-1<\/i><\/span><\/span><\/td>\n<td style=\"text-align: center; vertical-align: middle; width: 20%; font-size: 0.9em;\"><span style=\"font-size: 0.9em;\">&#x1f1eb;&#x1f1f7; \u00c9MILIEN JACQUELIN<br \/>\n<span style=\"font-size: 11.52px;\"><i>+1:13.9 \/ 0-1-1-1<\/i><\/span><\/span><\/td>\n<\/tr>\n<\/tbody>\n<\/table>\n<h2 style=\"text-align: justify;\">\u00c0 lire aussi<\/h2>\n<ul>\n<li style=\"text-align: justify;\"><a href=\"https:\/\/dicodusport.fr\/blog\/biathlon-hochfilzen-2022-la-selection-francaise\/\"><strong>La s\u00e9lection fran\u00e7aise pour Hochfilzen<\/strong><\/a><\/li>\n<li><a href=\"https:\/\/dicodusport.fr\/blog\/coupe-du-monde-biathlon-classement-general-femmes\/\"><strong>Le classement g\u00e9n\u00e9ral femmes<\/strong><\/a><\/li>\n<li style=\"text-align: justify;\"><a href=\"https:\/\/dicodusport.fr\/blog\/coupe-du-monde-biathlon-classement-general-hommes\/\"><strong>Le classement g\u00e9n\u00e9ral hommes<\/strong><\/a><\/li>\n<li style=\"text-align: justify;\"><a href=\"https:\/\/dicodusport.fr\/blog\/biathlon-coupe-du-monde-2022-2023-calendrier-complet\/https:\/\/dicodusport.fr\/blog\/biathlon-coupe-du-monde-2022-2023-calendrier-complet\/\"><strong>Le calendrier complet de la Coupe du monde de biathlon 2022-2023<\/strong><\/a><\/li>\n<\/ul>\n","protected":false},"excerpt":{"rendered":"<p>COUPE DU MONDE DE BIATHLON 2022-2023 &#8211; D\u00e9couvrez le programme complet et les r\u00e9sultats de la 2\u00e8me \u00e9tape de la Coupe du monde de biathlon, qui se d\u00e9roule sur le site de Hochfilzen (Autriche), qui se d\u00e9roule du 8 au 11 d\u00e9cembre 2022.<\/p>\n","protected":false},"author":4,"featured_media":285848,"comment_status":"open","ping_status":"closed","sticky":false,"template":"","format":"standard","meta":{"_acf_changed":false,"_daextam_enable_autolinks":"","footnotes":""},"categories":[47040],"tags":[12890],"class_list":["post-285839","post","type-post","status-publish","format-standard","has-post-thumbnail","hentry","category-coupe-du-monde-de-biathlon","tag-biathlon-hochfilzen"],"acf":[],"yoast_head":"<!-- This site is optimized with the Yoast SEO Premium plugin v26.7 (Yoast SEO v26.7) - https:\/\/yoast.com\/wordpress\/plugins\/seo\/ -->\n<title>Biathlon Hochfilzen 2022 - Programme complet et r\u00e9sultats<\/title>\n<meta name=\"description\" content=\"COUPE DU MONDE DE BIATHLON 2022-2023 - D\u00e9couvrez le programme et les r\u00e9sultats complets de la 2\u00e8me \u00e9tape \u00e0 Hochfilzen (Autriche)\" \/>\n<meta name=\"robots\" content=\"index, follow, max-snippet:-1, max-image-preview:large, max-video-preview:-1\" \/>\n<link rel=\"canonical\" href=\"https:\/\/dicodusport.fr\/blog\/biathlon-hochfilzen-2022-programme-complet-et-resultats\/\" \/>\n<meta property=\"og:locale\" content=\"fr_FR\" \/>\n<meta property=\"og:type\" content=\"article\" \/>\n<meta property=\"og:title\" content=\"Biathlon Hochfilzen 2022 - Programme complet et r\u00e9sultats\" \/>\n<meta property=\"og:description\" content=\"COUPE DU MONDE DE BIATHLON 2022-2023 - D\u00e9couvrez le programme et les r\u00e9sultats complets de la 2\u00e8me \u00e9tape \u00e0 Hochfilzen (Autriche)\" \/>\n<meta property=\"og:url\" content=\"https:\/\/dicodusport.fr\/blog\/biathlon-hochfilzen-2022-programme-complet-et-resultats\/\" \/>\n<meta property=\"og:site_name\" content=\"Dicodusport\" \/>\n<meta property=\"article:publisher\" content=\"https:\/\/www.facebook.com\/dicodusport\" \/>\n<meta property=\"article:author\" content=\"https:\/\/www.facebook.com\/florent.ostermann\" \/>\n<meta property=\"article:published_time\" content=\"2022-12-11T14:01:22+00:00\" \/>\n<meta property=\"article:modified_time\" content=\"2022-12-11T14:04:18+00:00\" \/>\n<meta property=\"og:image\" content=\"https:\/\/dicodusport.fr\/blog\/wp-content\/uploads\/2022\/12\/Biathlon-Hochfilzen-2022-Programme-complet-et-resultats.png\" \/>\n\t<meta property=\"og:image:width\" content=\"800\" \/>\n\t<meta property=\"og:image:height\" content=\"445\" \/>\n\t<meta property=\"og:image:type\" content=\"image\/png\" \/>\n<meta name=\"author\" content=\"Flo Ostermann\" \/>\n<meta name=\"twitter:card\" content=\"summary_large_image\" \/>\n<meta name=\"twitter:title\" content=\"Biathlon Hochfilzen 2022 - Programme complet et r\u00e9sultats\" \/>\n<meta name=\"twitter:creator\" content=\"@https:\/\/twitter.com\/FlOstermann\" \/>\n<meta name=\"twitter:site\" content=\"@dicodusport\" \/>\n<script type=\"application\/ld+json\" class=\"yoast-schema-graph\">{\"@context\":\"https:\/\/schema.org\",\"@graph\":[{\"@type\":\"NewsArticle\",\"@id\":\"https:\/\/dicodusport.fr\/blog\/biathlon-hochfilzen-2022-programme-complet-et-resultats\/#article\",\"isPartOf\":{\"@id\":\"https:\/\/dicodusport.fr\/blog\/biathlon-hochfilzen-2022-programme-complet-et-resultats\/\"},\"author\":{\"name\":\"Flo Ostermann\",\"@id\":\"https:\/\/dicodusport.fr\/blog\/#\/schema\/person\/cb02af4c173ce4a653b55e9baf388d4a\"},\"headline\":\"Biathlon Hochfilzen 2022 &#8211; Programme complet et r\u00e9sultats\",\"datePublished\":\"2022-12-11T14:01:22+00:00\",\"dateModified\":\"2022-12-11T14:04:18+00:00\",\"mainEntityOfPage\":{\"@id\":\"https:\/\/dicodusport.fr\/blog\/biathlon-hochfilzen-2022-programme-complet-et-resultats\/\"},\"wordCount\":554,\"commentCount\":0,\"publisher\":{\"@id\":\"https:\/\/dicodusport.fr\/blog\/#organization\"},\"image\":{\"@id\":\"https:\/\/dicodusport.fr\/blog\/biathlon-hochfilzen-2022-programme-complet-et-resultats\/#primaryimage\"},\"thumbnailUrl\":\"https:\/\/dicodusport.fr\/blog\/wp-content\/uploads\/2022\/12\/Biathlon-Hochfilzen-2022-Programme-complet-et-resultats.png\",\"keywords\":[\"Biathlon Hochfilzen\"],\"articleSection\":[\"Coupe du monde de biathlon\"],\"inLanguage\":\"fr-FR\",\"potentialAction\":[{\"@type\":\"CommentAction\",\"name\":\"Comment\",\"target\":[\"https:\/\/dicodusport.fr\/blog\/biathlon-hochfilzen-2022-programme-complet-et-resultats\/#respond\"]}],\"copyrightYear\":\"2022\",\"copyrightHolder\":{\"@id\":\"https:\/\/dicodusport.fr\/blog\/#organization\"}},{\"@type\":\"WebPage\",\"@id\":\"https:\/\/dicodusport.fr\/blog\/biathlon-hochfilzen-2022-programme-complet-et-resultats\/\",\"url\":\"https:\/\/dicodusport.fr\/blog\/biathlon-hochfilzen-2022-programme-complet-et-resultats\/\",\"name\":\"Biathlon Hochfilzen 2022 - Programme complet et r\u00e9sultats\",\"isPartOf\":{\"@id\":\"https:\/\/dicodusport.fr\/blog\/#website\"},\"primaryImageOfPage\":{\"@id\":\"https:\/\/dicodusport.fr\/blog\/biathlon-hochfilzen-2022-programme-complet-et-resultats\/#primaryimage\"},\"image\":{\"@id\":\"https:\/\/dicodusport.fr\/blog\/biathlon-hochfilzen-2022-programme-complet-et-resultats\/#primaryimage\"},\"thumbnailUrl\":\"https:\/\/dicodusport.fr\/blog\/wp-content\/uploads\/2022\/12\/Biathlon-Hochfilzen-2022-Programme-complet-et-resultats.png\",\"datePublished\":\"2022-12-11T14:01:22+00:00\",\"dateModified\":\"2022-12-11T14:04:18+00:00\",\"description\":\"COUPE DU MONDE DE BIATHLON 2022-2023 - D\u00e9couvrez le programme et les r\u00e9sultats complets de la 2\u00e8me \u00e9tape \u00e0 Hochfilzen (Autriche)\",\"breadcrumb\":{\"@id\":\"https:\/\/dicodusport.fr\/blog\/biathlon-hochfilzen-2022-programme-complet-et-resultats\/#breadcrumb\"},\"inLanguage\":\"fr-FR\",\"potentialAction\":[{\"@type\":\"ReadAction\",\"target\":[\"https:\/\/dicodusport.fr\/blog\/biathlon-hochfilzen-2022-programme-complet-et-resultats\/\"]}]},{\"@type\":\"ImageObject\",\"inLanguage\":\"fr-FR\",\"@id\":\"https:\/\/dicodusport.fr\/blog\/biathlon-hochfilzen-2022-programme-complet-et-resultats\/#primaryimage\",\"url\":\"https:\/\/dicodusport.fr\/blog\/wp-content\/uploads\/2022\/12\/Biathlon-Hochfilzen-2022-Programme-complet-et-resultats.png\",\"contentUrl\":\"https:\/\/dicodusport.fr\/blog\/wp-content\/uploads\/2022\/12\/Biathlon-Hochfilzen-2022-Programme-complet-et-resultats.png\",\"width\":800,\"height\":445,\"caption\":\"Biathlon Hochfilzen 2022 - Programme complet et r\u00e9sultats\"},{\"@type\":\"BreadcrumbList\",\"@id\":\"https:\/\/dicodusport.fr\/blog\/biathlon-hochfilzen-2022-programme-complet-et-resultats\/#breadcrumb\",\"itemListElement\":[{\"@type\":\"ListItem\",\"position\":1,\"name\":\"Accueil\",\"item\":\"https:\/\/dicodusport.fr\/blog\/\"},{\"@type\":\"ListItem\",\"position\":2,\"name\":\"Biathlon Hochfilzen 2022 &#8211; Programme complet et r\u00e9sultats\"}]},{\"@type\":\"WebSite\",\"@id\":\"https:\/\/dicodusport.fr\/blog\/#website\",\"url\":\"https:\/\/dicodusport.fr\/blog\/\",\"name\":\"Dicodusport\",\"description\":\"L&#039;encyclop\u00e9die de l&#039;actualit\u00e9 sportive\",\"publisher\":{\"@id\":\"https:\/\/dicodusport.fr\/blog\/#organization\"},\"potentialAction\":[{\"@type\":\"SearchAction\",\"target\":{\"@type\":\"EntryPoint\",\"urlTemplate\":\"https:\/\/dicodusport.fr\/blog\/?s={search_term_string}\"},\"query-input\":{\"@type\":\"PropertyValueSpecification\",\"valueRequired\":true,\"valueName\":\"search_term_string\"}}],\"inLanguage\":\"fr-FR\"},{\"@type\":\"NewsMediaOrganization\",\"@id\":\"https:\/\/dicodusport.fr\/blog\/#organization\",\"name\":\"Dicodusport\",\"url\":\"https:\/\/dicodusport.fr\/blog\/\",\"logo\":{\"@type\":\"ImageObject\",\"inLanguage\":\"fr-FR\",\"@id\":\"https:\/\/dicodusport.fr\/blog\/#\/schema\/logo\/image\/\",\"url\":\"https:\/\/dicodusport.fr\/blog\/wp-content\/uploads\/2020\/06\/cropped-LOGO-DICODUSPORT-2020-SANS-FOND-SANS-TEXTE.png\",\"contentUrl\":\"https:\/\/dicodusport.fr\/blog\/wp-content\/uploads\/2020\/06\/cropped-LOGO-DICODUSPORT-2020-SANS-FOND-SANS-TEXTE.png\",\"width\":512,\"height\":512,\"caption\":\"Dicodusport\"},\"image\":{\"@id\":\"https:\/\/dicodusport.fr\/blog\/#\/schema\/logo\/image\/\"},\"sameAs\":[\"https:\/\/www.facebook.com\/dicodusport\",\"https:\/\/x.com\/dicodusport\",\"https:\/\/www.instagram.com\/dicodusport\/\",\"https:\/\/www.youtube.com\/channel\/UC7V2KZ5sd3htJivAbA4ZG3w\"],\"description\":\"Dicodusport est l'encyclop\u00e9die de l'actualit\u00e9 sportive.\",\"email\":\"bonjour@dicodusport.fr\",\"legalName\":\"DICODUSPORT\",\"foundingDate\":\"2018-01-14\",\"vatID\":\"FR71834470973\",\"taxID\":\"83447097300043\",\"numberOfEmployees\":{\"@type\":\"QuantitativeValue\",\"minValue\":\"1\",\"maxValue\":\"10\"}},{\"@type\":\"Person\",\"@id\":\"https:\/\/dicodusport.fr\/blog\/#\/schema\/person\/cb02af4c173ce4a653b55e9baf388d4a\",\"name\":\"Flo Ostermann\",\"image\":{\"@type\":\"ImageObject\",\"inLanguage\":\"fr-FR\",\"@id\":\"https:\/\/dicodusport.fr\/blog\/#\/schema\/person\/image\/\",\"url\":\"https:\/\/dicodusport.fr\/blog\/wp-content\/uploads\/2021\/05\/Flo-Ostermann-150x150.jpg\",\"contentUrl\":\"https:\/\/dicodusport.fr\/blog\/wp-content\/uploads\/2021\/05\/Flo-Ostermann-150x150.jpg\",\"caption\":\"Flo Ostermann\"},\"description\":\"Journaliste\/R\u00e9dacteur depuis septembre 2015 - Mes premiers souvenirs dans le sport ? Les envol\u00e9es du Stade Toulousain et les duels Villeneuve-Schumacher et H\u00e4kkinen-Schumacher \u00e0 la fin des ann\u00e9es 90, la Coupe du monde de football en 1998, l\u2019exploit du XV de France face aux All Blacks en 1999, mais aussi Richard C\u0153ur de Lion qui vole sur les montagnes du Tour de France. Bien parti pour devenir professeur d\u2019EPS, les \u00e9v\u00e9nements de la vie (et la flemme d\u2019animer des s\u00e9ances de 3x500 m\u00e8tres toute ma vie) m\u2019ont conduit \u00e0 revoir mes plans. Me voil\u00e0 depuis fin 2017 sur Dicodusport, m\u00e9dia gr\u00e2ce (et pour) lequel je partage ma passion : le sport dans tous ses \u00e9tats. Le tout accompagn\u00e9 par les fous furieux et folles furieuses cit\u00e9s sur cette page !\",\"sameAs\":[\"https:\/\/www.facebook.com\/florent.ostermann\",\"https:\/\/x.com\/https:\/\/twitter.com\/FlOstermann\",\"admin\"],\"url\":\"https:\/\/dicodusport.fr\/blog\/author\/flo\/\"}]}<\/script>\n<!-- \/ Yoast SEO Premium plugin. -->","yoast_head_json":{"title":"Biathlon Hochfilzen 2022 - Programme complet et r\u00e9sultats","description":"COUPE DU MONDE DE BIATHLON 2022-2023 - D\u00e9couvrez le programme et les r\u00e9sultats complets de la 2\u00e8me \u00e9tape \u00e0 Hochfilzen (Autriche)","robots":{"index":"index","follow":"follow","max-snippet":"max-snippet:-1","max-image-preview":"max-image-preview:large","max-video-preview":"max-video-preview:-1"},"canonical":"https:\/\/dicodusport.fr\/blog\/biathlon-hochfilzen-2022-programme-complet-et-resultats\/","og_locale":"fr_FR","og_type":"article","og_title":"Biathlon Hochfilzen 2022 - Programme complet et r\u00e9sultats","og_description":"COUPE DU MONDE DE BIATHLON 2022-2023 - D\u00e9couvrez le programme et les r\u00e9sultats complets de la 2\u00e8me \u00e9tape \u00e0 Hochfilzen (Autriche)","og_url":"https:\/\/dicodusport.fr\/blog\/biathlon-hochfilzen-2022-programme-complet-et-resultats\/","og_site_name":"Dicodusport","article_publisher":"https:\/\/www.facebook.com\/dicodusport","article_author":"https:\/\/www.facebook.com\/florent.ostermann","article_published_time":"2022-12-11T14:01:22+00:00","article_modified_time":"2022-12-11T14:04:18+00:00","og_image":[{"width":800,"height":445,"url":"https:\/\/dicodusport.fr\/blog\/wp-content\/uploads\/2022\/12\/Biathlon-Hochfilzen-2022-Programme-complet-et-resultats.png","type":"image\/png"}],"author":"Flo Ostermann","twitter_card":"summary_large_image","twitter_title":"Biathlon Hochfilzen 2022 - Programme complet et r\u00e9sultats","twitter_creator":"@https:\/\/twitter.com\/FlOstermann","twitter_site":"@dicodusport","schema":{"@context":"https:\/\/schema.org","@graph":[{"@type":"NewsArticle","@id":"https:\/\/dicodusport.fr\/blog\/biathlon-hochfilzen-2022-programme-complet-et-resultats\/#article","isPartOf":{"@id":"https:\/\/dicodusport.fr\/blog\/biathlon-hochfilzen-2022-programme-complet-et-resultats\/"},"author":{"name":"Flo Ostermann","@id":"https:\/\/dicodusport.fr\/blog\/#\/schema\/person\/cb02af4c173ce4a653b55e9baf388d4a"},"headline":"Biathlon Hochfilzen 2022 &#8211; Programme complet et r\u00e9sultats","datePublished":"2022-12-11T14:01:22+00:00","dateModified":"2022-12-11T14:04:18+00:00","mainEntityOfPage":{"@id":"https:\/\/dicodusport.fr\/blog\/biathlon-hochfilzen-2022-programme-complet-et-resultats\/"},"wordCount":554,"commentCount":0,"publisher":{"@id":"https:\/\/dicodusport.fr\/blog\/#organization"},"image":{"@id":"https:\/\/dicodusport.fr\/blog\/biathlon-hochfilzen-2022-programme-complet-et-resultats\/#primaryimage"},"thumbnailUrl":"https:\/\/dicodusport.fr\/blog\/wp-content\/uploads\/2022\/12\/Biathlon-Hochfilzen-2022-Programme-complet-et-resultats.png","keywords":["Biathlon Hochfilzen"],"articleSection":["Coupe du monde de biathlon"],"inLanguage":"fr-FR","potentialAction":[{"@type":"CommentAction","name":"Comment","target":["https:\/\/dicodusport.fr\/blog\/biathlon-hochfilzen-2022-programme-complet-et-resultats\/#respond"]}],"copyrightYear":"2022","copyrightHolder":{"@id":"https:\/\/dicodusport.fr\/blog\/#organization"}},{"@type":"WebPage","@id":"https:\/\/dicodusport.fr\/blog\/biathlon-hochfilzen-2022-programme-complet-et-resultats\/","url":"https:\/\/dicodusport.fr\/blog\/biathlon-hochfilzen-2022-programme-complet-et-resultats\/","name":"Biathlon Hochfilzen 2022 - Programme complet et r\u00e9sultats","isPartOf":{"@id":"https:\/\/dicodusport.fr\/blog\/#website"},"primaryImageOfPage":{"@id":"https:\/\/dicodusport.fr\/blog\/biathlon-hochfilzen-2022-programme-complet-et-resultats\/#primaryimage"},"image":{"@id":"https:\/\/dicodusport.fr\/blog\/biathlon-hochfilzen-2022-programme-complet-et-resultats\/#primaryimage"},"thumbnailUrl":"https:\/\/dicodusport.fr\/blog\/wp-content\/uploads\/2022\/12\/Biathlon-Hochfilzen-2022-Programme-complet-et-resultats.png","datePublished":"2022-12-11T14:01:22+00:00","dateModified":"2022-12-11T14:04:18+00:00","description":"COUPE DU MONDE DE BIATHLON 2022-2023 - D\u00e9couvrez le programme et les r\u00e9sultats complets de la 2\u00e8me \u00e9tape \u00e0 Hochfilzen (Autriche)","breadcrumb":{"@id":"https:\/\/dicodusport.fr\/blog\/biathlon-hochfilzen-2022-programme-complet-et-resultats\/#breadcrumb"},"inLanguage":"fr-FR","potentialAction":[{"@type":"ReadAction","target":["https:\/\/dicodusport.fr\/blog\/biathlon-hochfilzen-2022-programme-complet-et-resultats\/"]}]},{"@type":"ImageObject","inLanguage":"fr-FR","@id":"https:\/\/dicodusport.fr\/blog\/biathlon-hochfilzen-2022-programme-complet-et-resultats\/#primaryimage","url":"https:\/\/dicodusport.fr\/blog\/wp-content\/uploads\/2022\/12\/Biathlon-Hochfilzen-2022-Programme-complet-et-resultats.png","contentUrl":"https:\/\/dicodusport.fr\/blog\/wp-content\/uploads\/2022\/12\/Biathlon-Hochfilzen-2022-Programme-complet-et-resultats.png","width":800,"height":445,"caption":"Biathlon Hochfilzen 2022 - Programme complet et r\u00e9sultats"},{"@type":"BreadcrumbList","@id":"https:\/\/dicodusport.fr\/blog\/biathlon-hochfilzen-2022-programme-complet-et-resultats\/#breadcrumb","itemListElement":[{"@type":"ListItem","position":1,"name":"Accueil","item":"https:\/\/dicodusport.fr\/blog\/"},{"@type":"ListItem","position":2,"name":"Biathlon Hochfilzen 2022 &#8211; Programme complet et r\u00e9sultats"}]},{"@type":"WebSite","@id":"https:\/\/dicodusport.fr\/blog\/#website","url":"https:\/\/dicodusport.fr\/blog\/","name":"Dicodusport","description":"L&#039;encyclop\u00e9die de l&#039;actualit\u00e9 sportive","publisher":{"@id":"https:\/\/dicodusport.fr\/blog\/#organization"},"potentialAction":[{"@type":"SearchAction","target":{"@type":"EntryPoint","urlTemplate":"https:\/\/dicodusport.fr\/blog\/?s={search_term_string}"},"query-input":{"@type":"PropertyValueSpecification","valueRequired":true,"valueName":"search_term_string"}}],"inLanguage":"fr-FR"},{"@type":"NewsMediaOrganization","@id":"https:\/\/dicodusport.fr\/blog\/#organization","name":"Dicodusport","url":"https:\/\/dicodusport.fr\/blog\/","logo":{"@type":"ImageObject","inLanguage":"fr-FR","@id":"https:\/\/dicodusport.fr\/blog\/#\/schema\/logo\/image\/","url":"https:\/\/dicodusport.fr\/blog\/wp-content\/uploads\/2020\/06\/cropped-LOGO-DICODUSPORT-2020-SANS-FOND-SANS-TEXTE.png","contentUrl":"https:\/\/dicodusport.fr\/blog\/wp-content\/uploads\/2020\/06\/cropped-LOGO-DICODUSPORT-2020-SANS-FOND-SANS-TEXTE.png","width":512,"height":512,"caption":"Dicodusport"},"image":{"@id":"https:\/\/dicodusport.fr\/blog\/#\/schema\/logo\/image\/"},"sameAs":["https:\/\/www.facebook.com\/dicodusport","https:\/\/x.com\/dicodusport","https:\/\/www.instagram.com\/dicodusport\/","https:\/\/www.youtube.com\/channel\/UC7V2KZ5sd3htJivAbA4ZG3w"],"description":"Dicodusport est l'encyclop\u00e9die de l'actualit\u00e9 sportive.","email":"bonjour@dicodusport.fr","legalName":"DICODUSPORT","foundingDate":"2018-01-14","vatID":"FR71834470973","taxID":"83447097300043","numberOfEmployees":{"@type":"QuantitativeValue","minValue":"1","maxValue":"10"}},{"@type":"Person","@id":"https:\/\/dicodusport.fr\/blog\/#\/schema\/person\/cb02af4c173ce4a653b55e9baf388d4a","name":"Flo Ostermann","image":{"@type":"ImageObject","inLanguage":"fr-FR","@id":"https:\/\/dicodusport.fr\/blog\/#\/schema\/person\/image\/","url":"https:\/\/dicodusport.fr\/blog\/wp-content\/uploads\/2021\/05\/Flo-Ostermann-150x150.jpg","contentUrl":"https:\/\/dicodusport.fr\/blog\/wp-content\/uploads\/2021\/05\/Flo-Ostermann-150x150.jpg","caption":"Flo Ostermann"},"description":"Journaliste\/R\u00e9dacteur depuis septembre 2015 - Mes premiers souvenirs dans le sport ? Les envol\u00e9es du Stade Toulousain et les duels Villeneuve-Schumacher et H\u00e4kkinen-Schumacher \u00e0 la fin des ann\u00e9es 90, la Coupe du monde de football en 1998, l\u2019exploit du XV de France face aux All Blacks en 1999, mais aussi Richard C\u0153ur de Lion qui vole sur les montagnes du Tour de France. Bien parti pour devenir professeur d\u2019EPS, les \u00e9v\u00e9nements de la vie (et la flemme d\u2019animer des s\u00e9ances de 3x500 m\u00e8tres toute ma vie) m\u2019ont conduit \u00e0 revoir mes plans. Me voil\u00e0 depuis fin 2017 sur Dicodusport, m\u00e9dia gr\u00e2ce (et pour) lequel je partage ma passion : le sport dans tous ses \u00e9tats. Le tout accompagn\u00e9 par les fous furieux et folles furieuses cit\u00e9s sur cette page !","sameAs":["https:\/\/www.facebook.com\/florent.ostermann","https:\/\/x.com\/https:\/\/twitter.com\/FlOstermann","admin"],"url":"https:\/\/dicodusport.fr\/blog\/author\/flo\/"}]}},"_links":{"self":[{"href":"https:\/\/dicodusport.fr\/blog\/wp-json\/wp\/v2\/posts\/285839","targetHints":{"allow":["GET"]}}],"collection":[{"href":"https:\/\/dicodusport.fr\/blog\/wp-json\/wp\/v2\/posts"}],"about":[{"href":"https:\/\/dicodusport.fr\/blog\/wp-json\/wp\/v2\/types\/post"}],"author":[{"embeddable":true,"href":"https:\/\/dicodusport.fr\/blog\/wp-json\/wp\/v2\/users\/4"}],"replies":[{"embeddable":true,"href":"https:\/\/dicodusport.fr\/blog\/wp-json\/wp\/v2\/comments?post=285839"}],"version-history":[{"count":0,"href":"https:\/\/dicodusport.fr\/blog\/wp-json\/wp\/v2\/posts\/285839\/revisions"}],"wp:featuredmedia":[{"embeddable":true,"href":"https:\/\/dicodusport.fr\/blog\/wp-json\/wp\/v2\/media\/285848"}],"wp:attachment":[{"href":"https:\/\/dicodusport.fr\/blog\/wp-json\/wp\/v2\/media?parent=285839"}],"wp:term":[{"taxonomy":"category","embeddable":true,"href":"https:\/\/dicodusport.fr\/blog\/wp-json\/wp\/v2\/categories?post=285839"},{"taxonomy":"post_tag","embeddable":true,"href":"https:\/\/dicodusport.fr\/blog\/wp-json\/wp\/v2\/tags?post=285839"}],"curies":[{"name":"wp","href":"https:\/\/api.w.org\/{rel}","templated":true}]}}