{"id":285859,"date":"2022-12-05T18:50:23","date_gmt":"2022-12-05T17:50:23","guid":{"rendered":"https:\/\/dicodusport.fr\/blog\/?p=285859&#038;preview=true&#038;preview_id=285859"},"modified":"2022-12-05T19:23:36","modified_gmt":"2022-12-05T18:23:36","slug":"coree-du-sud-la-composition-officielle-face-au-bresil","status":"publish","type":"post","link":"https:\/\/dicodusport.fr\/blog\/coree-du-sud-la-composition-officielle-face-au-bresil\/","title":{"rendered":"Cor\u00e9e du Sud : La composition officielle face au Br\u00e9sil"},"content":{"rendered":"<p style=\"text-align: justify;\" align=\"justify\"><em><a style=\"font-weight: bold;\" href=\"https:\/\/dicodusport.fr\/blog\/actualites\/football\/coupe-du-monde-de-football-2022\/\">COUPE DU MONDE DE FOOTBALL 2022<\/a><b> &#8211; Paulo Bento a donn\u00e9 sa composition pour le match de la Cor\u00e9e du Sud face au Br\u00e9sil, huiti\u00e8me de finale de la Coupe du monde 2022.<\/b><\/em><\/p>\n<p style=\"text-align: justify;\" align=\"justify\"><strong>Hee-chan Hwang<\/strong>, buteur d\u00e9cisif contre le <strong>Portugal,<\/strong> est cette fois-ci titulaire face au <strong>Br\u00e9sil<\/strong>. Pour le reste c&rsquo;est du classique pour le s\u00e9lectionneur de la <strong>Cor\u00e9e du Sud<\/strong> pour ce choc face au <strong>Br\u00e9sil<\/strong>.<\/p>\n<h2 style=\"text-align: justify;\" align=\"justify\">La composition officielle de la Cor\u00e9e du Sud pour le huiti\u00e8me de finale de la Coupe du monde 2022<\/h2>\n<p style=\"text-align: justify;\">S. Kim \u2013 Mo. Kim, Mi. Kim, Y. Kim, J. Kim \u2013 I. Hwang, W. Jung \u2013 H. Hwang, J. Lee, H. Son \u2013 G. Cho<\/p>\n<blockquote class=\"twitter-tweet\">\n<p dir=\"ltr\" lang=\"ko\">[ ] \ube0c\ub77c\uc9c8\uc804\uc5d0 \ucd9c\uc804\ud558\ub294 \ucd95\uad6c\uad6d\uac00\ub300\ud45c\ud300\uc758 \uc120\ubc1c\uba85\ub2e8\uc744 \uacf5\uac1c\ud569\ub2c8\ub2e4!<\/p>\n<p>&#x2714;2022 FIFA \uce74\ud0c0\ub974 \uc6d4\ub4dc\ucef5 16\uac15\uc804<br \/>\nv<a href=\"https:\/\/twitter.com\/hashtag\/%EB%B8%8C%EB%9D%BC%EC%A7%88?src=hash&amp;ref_src=twsrc%5Etfw\">#\ube0c\ub77c\uc9c8<\/a> 12.06(\ud654) 04:00 (KST)<a href=\"https:\/\/twitter.com\/hashtag\/%EB%8C%80%ED%95%9C%EB%AF%BC%EA%B5%AD?src=hash&amp;ref_src=twsrc%5Etfw\">#\ub300\ud55c\ubbfc\uad6d<\/a> <a href=\"https:\/\/twitter.com\/hashtag\/%EC%B6%95%EA%B5%AC%EA%B5%AD%EA%B0%80%EB%8C%80%ED%91%9C%ED%8C%80?src=hash&amp;ref_src=twsrc%5Etfw\">#\ucd95\uad6c\uad6d\uac00\ub300\ud45c\ud300<\/a> \ub354 \ub728\uac81\uac8c, <a href=\"https:\/\/t.co\/jsYxq49vtT\">pic.twitter.com\/jsYxq49vtT<\/a><\/p>\n<p>\u2014 theKFA (@theKFA) <a href=\"https:\/\/twitter.com\/theKFA\/status\/1599822097337155586?ref_src=twsrc%5Etfw\">December 5, 2022<\/a><\/p><\/blockquote>\n<p><script async src=\"https:\/\/platform.twitter.com\/widgets.js\" charset=\"utf-8\"><\/script><\/p>\n<h2 style=\"text-align: justify;\">\u00c0 lire aussi<\/h2>\n<ul>\n<li style=\"text-align: justify;\"><a href=\"https:\/\/dicodusport.fr\/blog\/bresil-coree-du-sud-a-quelle-heure-et-sur-quelle-chaine-tv\/\" target=\"_blank\" rel=\"noopener\"><strong>Br\u00e9sil &#8211; Cor\u00e9e du Sud : \u00c0 quelle heure et sur quelle cha\u00eene<\/strong><\/a><\/li>\n<li style=\"text-align: justify;\"><a href=\"https:\/\/dicodusport.fr\/blog\/pronostic-bresil-coree-du-sud-coupe-du-monde-de-football-2022\/\" target=\"_blank\" rel=\"noopener\"><strong>Pronostic Br\u00e9sil &#8211; Cor\u00e9e du Sud, Coupe du monde 2022<\/strong><\/a><\/li>\n<\/ul>\n","protected":false},"excerpt":{"rendered":"<p>COUPE DU MONDE DE FOOTBALL 2022 &#8211; Paulo Bento a donn\u00e9 sa composition pour le match de la Cor\u00e9e du Sud face au Br\u00e9sil, huiti\u00e8me de finale de la Coupe du monde 2022.<\/p>\n","protected":false},"author":1,"featured_media":284769,"comment_status":"open","ping_status":"closed","sticky":false,"template":"","format":"standard","meta":{"_acf_changed":false,"_daextam_enable_autolinks":"","footnotes":""},"categories":[47043,2301],"tags":[201,7146,5099,75],"class_list":["post-285859","post","type-post","status-publish","format-standard","has-post-thumbnail","hentry","category-coupe-du-monde-de-football","category-football","tag-bresil","tag-composition","tag-coree-du-sud","tag-football"],"acf":[],"yoast_head":"<!-- This site is optimized with the Yoast SEO Premium plugin v26.7 (Yoast SEO v26.7) - https:\/\/yoast.com\/wordpress\/plugins\/seo\/ -->\n<title>Cor\u00e9e du Sud : La composition officielle face au Br\u00e9sil<\/title>\n<meta name=\"description\" content=\"Paulo Bento a donn\u00e9 sa composition pour le match de la Cor\u00e9e du Sud face au Br\u00e9sil, huiti\u00e8me de finale de la Coupe du monde 2022.\" \/>\n<meta name=\"robots\" content=\"index, follow, max-snippet:-1, max-image-preview:large, max-video-preview:-1\" \/>\n<link rel=\"canonical\" href=\"https:\/\/dicodusport.fr\/blog\/coree-du-sud-la-composition-officielle-face-au-bresil\/\" \/>\n<meta property=\"og:locale\" content=\"fr_FR\" \/>\n<meta property=\"og:type\" content=\"article\" \/>\n<meta property=\"og:title\" content=\"Cor\u00e9e du Sud : La composition officielle face au Br\u00e9sil\" \/>\n<meta property=\"og:description\" content=\"Paulo Bento a donn\u00e9 sa composition pour le match de la Cor\u00e9e du Sud face au Br\u00e9sil, huiti\u00e8me de finale de la Coupe du monde 2022.\" \/>\n<meta property=\"og:url\" content=\"https:\/\/dicodusport.fr\/blog\/coree-du-sud-la-composition-officielle-face-au-bresil\/\" \/>\n<meta property=\"og:site_name\" content=\"Dicodusport\" \/>\n<meta property=\"article:publisher\" content=\"https:\/\/www.facebook.com\/dicodusport\" \/>\n<meta property=\"article:author\" content=\"https:\/\/www.facebook.com\/dicodusport\" \/>\n<meta property=\"article:published_time\" content=\"2022-12-05T17:50:23+00:00\" \/>\n<meta property=\"article:modified_time\" content=\"2022-12-05T18:23:36+00:00\" \/>\n<meta property=\"og:image\" content=\"https:\/\/dicodusport.fr\/blog\/wp-content\/uploads\/2022\/12\/Coupe-du-monde-de-football-Le-Portugal-premier-lexploit-de-la-Coree-du-Sud.png\" \/>\n\t<meta property=\"og:image:width\" content=\"800\" \/>\n\t<meta property=\"og:image:height\" content=\"445\" \/>\n\t<meta property=\"og:image:type\" content=\"image\/png\" \/>\n<meta name=\"author\" content=\"Nicolas Jacquemard\" \/>\n<meta name=\"twitter:card\" content=\"summary_large_image\" \/>\n<meta name=\"twitter:title\" content=\"Cor\u00e9e du Sud : La composition officielle face au Br\u00e9sil\" \/>\n<meta name=\"twitter:creator\" content=\"@https:\/\/twitter.com\/Nico_Jacquemard\" \/>\n<meta name=\"twitter:site\" content=\"@dicodusport\" \/>\n<script type=\"application\/ld+json\" class=\"yoast-schema-graph\">{\"@context\":\"https:\/\/schema.org\",\"@graph\":[{\"@type\":\"NewsArticle\",\"@id\":\"https:\/\/dicodusport.fr\/blog\/coree-du-sud-la-composition-officielle-face-au-bresil\/#article\",\"isPartOf\":{\"@id\":\"https:\/\/dicodusport.fr\/blog\/coree-du-sud-la-composition-officielle-face-au-bresil\/\"},\"author\":{\"name\":\"Nicolas Jacquemard\",\"@id\":\"https:\/\/dicodusport.fr\/blog\/#\/schema\/person\/55dcb50ad410894e431ed812bbb70191\"},\"headline\":\"Cor\u00e9e du Sud : La composition officielle face au Br\u00e9sil\",\"datePublished\":\"2022-12-05T17:50:23+00:00\",\"dateModified\":\"2022-12-05T18:23:36+00:00\",\"mainEntityOfPage\":{\"@id\":\"https:\/\/dicodusport.fr\/blog\/coree-du-sud-la-composition-officielle-face-au-bresil\/\"},\"wordCount\":166,\"commentCount\":0,\"publisher\":{\"@id\":\"https:\/\/dicodusport.fr\/blog\/#organization\"},\"image\":{\"@id\":\"https:\/\/dicodusport.fr\/blog\/coree-du-sud-la-composition-officielle-face-au-bresil\/#primaryimage\"},\"thumbnailUrl\":\"https:\/\/dicodusport.fr\/blog\/wp-content\/uploads\/2022\/12\/Coupe-du-monde-de-football-Le-Portugal-premier-lexploit-de-la-Coree-du-Sud.png\",\"keywords\":[\"Br\u00e9sil\",\"composition\",\"Cor\u00e9e du Sud\",\"Football\"],\"articleSection\":[\"Coupe du monde de football\",\"Football\"],\"inLanguage\":\"fr-FR\",\"potentialAction\":[{\"@type\":\"CommentAction\",\"name\":\"Comment\",\"target\":[\"https:\/\/dicodusport.fr\/blog\/coree-du-sud-la-composition-officielle-face-au-bresil\/#respond\"]}],\"copyrightYear\":\"2022\",\"copyrightHolder\":{\"@id\":\"https:\/\/dicodusport.fr\/blog\/#organization\"}},{\"@type\":\"WebPage\",\"@id\":\"https:\/\/dicodusport.fr\/blog\/coree-du-sud-la-composition-officielle-face-au-bresil\/\",\"url\":\"https:\/\/dicodusport.fr\/blog\/coree-du-sud-la-composition-officielle-face-au-bresil\/\",\"name\":\"Cor\u00e9e du Sud : La composition officielle face au Br\u00e9sil\",\"isPartOf\":{\"@id\":\"https:\/\/dicodusport.fr\/blog\/#website\"},\"primaryImageOfPage\":{\"@id\":\"https:\/\/dicodusport.fr\/blog\/coree-du-sud-la-composition-officielle-face-au-bresil\/#primaryimage\"},\"image\":{\"@id\":\"https:\/\/dicodusport.fr\/blog\/coree-du-sud-la-composition-officielle-face-au-bresil\/#primaryimage\"},\"thumbnailUrl\":\"https:\/\/dicodusport.fr\/blog\/wp-content\/uploads\/2022\/12\/Coupe-du-monde-de-football-Le-Portugal-premier-lexploit-de-la-Coree-du-Sud.png\",\"datePublished\":\"2022-12-05T17:50:23+00:00\",\"dateModified\":\"2022-12-05T18:23:36+00:00\",\"description\":\"Paulo Bento a donn\u00e9 sa composition pour le match de la Cor\u00e9e du Sud face au Br\u00e9sil, huiti\u00e8me de finale de la Coupe du monde 2022.\",\"breadcrumb\":{\"@id\":\"https:\/\/dicodusport.fr\/blog\/coree-du-sud-la-composition-officielle-face-au-bresil\/#breadcrumb\"},\"inLanguage\":\"fr-FR\",\"potentialAction\":[{\"@type\":\"ReadAction\",\"target\":[\"https:\/\/dicodusport.fr\/blog\/coree-du-sud-la-composition-officielle-face-au-bresil\/\"]}]},{\"@type\":\"ImageObject\",\"inLanguage\":\"fr-FR\",\"@id\":\"https:\/\/dicodusport.fr\/blog\/coree-du-sud-la-composition-officielle-face-au-bresil\/#primaryimage\",\"url\":\"https:\/\/dicodusport.fr\/blog\/wp-content\/uploads\/2022\/12\/Coupe-du-monde-de-football-Le-Portugal-premier-lexploit-de-la-Coree-du-Sud.png\",\"contentUrl\":\"https:\/\/dicodusport.fr\/blog\/wp-content\/uploads\/2022\/12\/Coupe-du-monde-de-football-Le-Portugal-premier-lexploit-de-la-Coree-du-Sud.png\",\"width\":800,\"height\":445,\"caption\":\"Coupe du monde de football Le Portugal premier, l'exploit de la Cor\u00e9e du Sud\"},{\"@type\":\"BreadcrumbList\",\"@id\":\"https:\/\/dicodusport.fr\/blog\/coree-du-sud-la-composition-officielle-face-au-bresil\/#breadcrumb\",\"itemListElement\":[{\"@type\":\"ListItem\",\"position\":1,\"name\":\"Accueil\",\"item\":\"https:\/\/dicodusport.fr\/blog\/\"},{\"@type\":\"ListItem\",\"position\":2,\"name\":\"Cor\u00e9e du Sud : La composition officielle face au Br\u00e9sil\"}]},{\"@type\":\"WebSite\",\"@id\":\"https:\/\/dicodusport.fr\/blog\/#website\",\"url\":\"https:\/\/dicodusport.fr\/blog\/\",\"name\":\"Dicodusport\",\"description\":\"L&#039;encyclop\u00e9die de l&#039;actualit\u00e9 sportive\",\"publisher\":{\"@id\":\"https:\/\/dicodusport.fr\/blog\/#organization\"},\"potentialAction\":[{\"@type\":\"SearchAction\",\"target\":{\"@type\":\"EntryPoint\",\"urlTemplate\":\"https:\/\/dicodusport.fr\/blog\/?s={search_term_string}\"},\"query-input\":{\"@type\":\"PropertyValueSpecification\",\"valueRequired\":true,\"valueName\":\"search_term_string\"}}],\"inLanguage\":\"fr-FR\"},{\"@type\":\"NewsMediaOrganization\",\"@id\":\"https:\/\/dicodusport.fr\/blog\/#organization\",\"name\":\"Dicodusport\",\"url\":\"https:\/\/dicodusport.fr\/blog\/\",\"logo\":{\"@type\":\"ImageObject\",\"inLanguage\":\"fr-FR\",\"@id\":\"https:\/\/dicodusport.fr\/blog\/#\/schema\/logo\/image\/\",\"url\":\"https:\/\/dicodusport.fr\/blog\/wp-content\/uploads\/2020\/06\/cropped-LOGO-DICODUSPORT-2020-SANS-FOND-SANS-TEXTE.png\",\"contentUrl\":\"https:\/\/dicodusport.fr\/blog\/wp-content\/uploads\/2020\/06\/cropped-LOGO-DICODUSPORT-2020-SANS-FOND-SANS-TEXTE.png\",\"width\":512,\"height\":512,\"caption\":\"Dicodusport\"},\"image\":{\"@id\":\"https:\/\/dicodusport.fr\/blog\/#\/schema\/logo\/image\/\"},\"sameAs\":[\"https:\/\/www.facebook.com\/dicodusport\",\"https:\/\/x.com\/dicodusport\",\"https:\/\/www.instagram.com\/dicodusport\/\",\"https:\/\/www.youtube.com\/channel\/UC7V2KZ5sd3htJivAbA4ZG3w\"],\"description\":\"Dicodusport est l'encyclop\u00e9die de l'actualit\u00e9 sportive.\",\"email\":\"bonjour@dicodusport.fr\",\"legalName\":\"DICODUSPORT\",\"foundingDate\":\"2018-01-14\",\"vatID\":\"FR71834470973\",\"taxID\":\"83447097300043\",\"numberOfEmployees\":{\"@type\":\"QuantitativeValue\",\"minValue\":\"1\",\"maxValue\":\"10\"}},{\"@type\":\"Person\",\"@id\":\"https:\/\/dicodusport.fr\/blog\/#\/schema\/person\/55dcb50ad410894e431ed812bbb70191\",\"name\":\"Nicolas Jacquemard\",\"image\":{\"@type\":\"ImageObject\",\"inLanguage\":\"fr-FR\",\"@id\":\"https:\/\/dicodusport.fr\/blog\/#\/schema\/person\/image\/\",\"url\":\"https:\/\/dicodusport.fr\/blog\/wp-content\/uploads\/2021\/05\/Nicolas-Jacquemard-150x150.jpeg\",\"contentUrl\":\"https:\/\/dicodusport.fr\/blog\/wp-content\/uploads\/2021\/05\/Nicolas-Jacquemard-150x150.jpeg\",\"caption\":\"Nicolas Jacquemard\"},\"description\":\"Passionn\u00e9 de sport et entrepreneur depuis mes 18 ans, la cr\u00e9ation de Dicodusport m'a sembl\u00e9 \u00e9vidente pour participer \u00e0 la m\u00e9diatisation d'un plus grand nombre de sports. Le chemin est long mais avec une \u00e9quipe des plus motiv\u00e9es et les Jeux Olympiques de Paris 2024 en point de mire, nous y arriverons ! Journaliste dans le monde du sport depuis plus de 5 ans, je traite aussi bien de football, de rugby, de biathlon que de cyclisme.\",\"sameAs\":[\"https:\/\/www.facebook.com\/dicodusport\",\"https:\/\/x.com\/https:\/\/twitter.com\/Nico_Jacquemard\"],\"url\":\"https:\/\/dicodusport.fr\/blog\/author\/dicodusport\/\"}]}<\/script>\n<!-- \/ Yoast SEO Premium plugin. -->","yoast_head_json":{"title":"Cor\u00e9e du Sud : La composition officielle face au Br\u00e9sil","description":"Paulo Bento a donn\u00e9 sa composition pour le match de la Cor\u00e9e du Sud face au Br\u00e9sil, huiti\u00e8me de finale de la Coupe du monde 2022.","robots":{"index":"index","follow":"follow","max-snippet":"max-snippet:-1","max-image-preview":"max-image-preview:large","max-video-preview":"max-video-preview:-1"},"canonical":"https:\/\/dicodusport.fr\/blog\/coree-du-sud-la-composition-officielle-face-au-bresil\/","og_locale":"fr_FR","og_type":"article","og_title":"Cor\u00e9e du Sud : La composition officielle face au Br\u00e9sil","og_description":"Paulo Bento a donn\u00e9 sa composition pour le match de la Cor\u00e9e du Sud face au Br\u00e9sil, huiti\u00e8me de finale de la Coupe du monde 2022.","og_url":"https:\/\/dicodusport.fr\/blog\/coree-du-sud-la-composition-officielle-face-au-bresil\/","og_site_name":"Dicodusport","article_publisher":"https:\/\/www.facebook.com\/dicodusport","article_author":"https:\/\/www.facebook.com\/dicodusport","article_published_time":"2022-12-05T17:50:23+00:00","article_modified_time":"2022-12-05T18:23:36+00:00","og_image":[{"width":800,"height":445,"url":"https:\/\/dicodusport.fr\/blog\/wp-content\/uploads\/2022\/12\/Coupe-du-monde-de-football-Le-Portugal-premier-lexploit-de-la-Coree-du-Sud.png","type":"image\/png"}],"author":"Nicolas Jacquemard","twitter_card":"summary_large_image","twitter_title":"Cor\u00e9e du Sud : La composition officielle face au Br\u00e9sil","twitter_creator":"@https:\/\/twitter.com\/Nico_Jacquemard","twitter_site":"@dicodusport","schema":{"@context":"https:\/\/schema.org","@graph":[{"@type":"NewsArticle","@id":"https:\/\/dicodusport.fr\/blog\/coree-du-sud-la-composition-officielle-face-au-bresil\/#article","isPartOf":{"@id":"https:\/\/dicodusport.fr\/blog\/coree-du-sud-la-composition-officielle-face-au-bresil\/"},"author":{"name":"Nicolas Jacquemard","@id":"https:\/\/dicodusport.fr\/blog\/#\/schema\/person\/55dcb50ad410894e431ed812bbb70191"},"headline":"Cor\u00e9e du Sud : La composition officielle face au Br\u00e9sil","datePublished":"2022-12-05T17:50:23+00:00","dateModified":"2022-12-05T18:23:36+00:00","mainEntityOfPage":{"@id":"https:\/\/dicodusport.fr\/blog\/coree-du-sud-la-composition-officielle-face-au-bresil\/"},"wordCount":166,"commentCount":0,"publisher":{"@id":"https:\/\/dicodusport.fr\/blog\/#organization"},"image":{"@id":"https:\/\/dicodusport.fr\/blog\/coree-du-sud-la-composition-officielle-face-au-bresil\/#primaryimage"},"thumbnailUrl":"https:\/\/dicodusport.fr\/blog\/wp-content\/uploads\/2022\/12\/Coupe-du-monde-de-football-Le-Portugal-premier-lexploit-de-la-Coree-du-Sud.png","keywords":["Br\u00e9sil","composition","Cor\u00e9e du Sud","Football"],"articleSection":["Coupe du monde de football","Football"],"inLanguage":"fr-FR","potentialAction":[{"@type":"CommentAction","name":"Comment","target":["https:\/\/dicodusport.fr\/blog\/coree-du-sud-la-composition-officielle-face-au-bresil\/#respond"]}],"copyrightYear":"2022","copyrightHolder":{"@id":"https:\/\/dicodusport.fr\/blog\/#organization"}},{"@type":"WebPage","@id":"https:\/\/dicodusport.fr\/blog\/coree-du-sud-la-composition-officielle-face-au-bresil\/","url":"https:\/\/dicodusport.fr\/blog\/coree-du-sud-la-composition-officielle-face-au-bresil\/","name":"Cor\u00e9e du Sud : La composition officielle face au Br\u00e9sil","isPartOf":{"@id":"https:\/\/dicodusport.fr\/blog\/#website"},"primaryImageOfPage":{"@id":"https:\/\/dicodusport.fr\/blog\/coree-du-sud-la-composition-officielle-face-au-bresil\/#primaryimage"},"image":{"@id":"https:\/\/dicodusport.fr\/blog\/coree-du-sud-la-composition-officielle-face-au-bresil\/#primaryimage"},"thumbnailUrl":"https:\/\/dicodusport.fr\/blog\/wp-content\/uploads\/2022\/12\/Coupe-du-monde-de-football-Le-Portugal-premier-lexploit-de-la-Coree-du-Sud.png","datePublished":"2022-12-05T17:50:23+00:00","dateModified":"2022-12-05T18:23:36+00:00","description":"Paulo Bento a donn\u00e9 sa composition pour le match de la Cor\u00e9e du Sud face au Br\u00e9sil, huiti\u00e8me de finale de la Coupe du monde 2022.","breadcrumb":{"@id":"https:\/\/dicodusport.fr\/blog\/coree-du-sud-la-composition-officielle-face-au-bresil\/#breadcrumb"},"inLanguage":"fr-FR","potentialAction":[{"@type":"ReadAction","target":["https:\/\/dicodusport.fr\/blog\/coree-du-sud-la-composition-officielle-face-au-bresil\/"]}]},{"@type":"ImageObject","inLanguage":"fr-FR","@id":"https:\/\/dicodusport.fr\/blog\/coree-du-sud-la-composition-officielle-face-au-bresil\/#primaryimage","url":"https:\/\/dicodusport.fr\/blog\/wp-content\/uploads\/2022\/12\/Coupe-du-monde-de-football-Le-Portugal-premier-lexploit-de-la-Coree-du-Sud.png","contentUrl":"https:\/\/dicodusport.fr\/blog\/wp-content\/uploads\/2022\/12\/Coupe-du-monde-de-football-Le-Portugal-premier-lexploit-de-la-Coree-du-Sud.png","width":800,"height":445,"caption":"Coupe du monde de football Le Portugal premier, l'exploit de la Cor\u00e9e du Sud"},{"@type":"BreadcrumbList","@id":"https:\/\/dicodusport.fr\/blog\/coree-du-sud-la-composition-officielle-face-au-bresil\/#breadcrumb","itemListElement":[{"@type":"ListItem","position":1,"name":"Accueil","item":"https:\/\/dicodusport.fr\/blog\/"},{"@type":"ListItem","position":2,"name":"Cor\u00e9e du Sud : La composition officielle face au Br\u00e9sil"}]},{"@type":"WebSite","@id":"https:\/\/dicodusport.fr\/blog\/#website","url":"https:\/\/dicodusport.fr\/blog\/","name":"Dicodusport","description":"L&#039;encyclop\u00e9die de l&#039;actualit\u00e9 sportive","publisher":{"@id":"https:\/\/dicodusport.fr\/blog\/#organization"},"potentialAction":[{"@type":"SearchAction","target":{"@type":"EntryPoint","urlTemplate":"https:\/\/dicodusport.fr\/blog\/?s={search_term_string}"},"query-input":{"@type":"PropertyValueSpecification","valueRequired":true,"valueName":"search_term_string"}}],"inLanguage":"fr-FR"},{"@type":"NewsMediaOrganization","@id":"https:\/\/dicodusport.fr\/blog\/#organization","name":"Dicodusport","url":"https:\/\/dicodusport.fr\/blog\/","logo":{"@type":"ImageObject","inLanguage":"fr-FR","@id":"https:\/\/dicodusport.fr\/blog\/#\/schema\/logo\/image\/","url":"https:\/\/dicodusport.fr\/blog\/wp-content\/uploads\/2020\/06\/cropped-LOGO-DICODUSPORT-2020-SANS-FOND-SANS-TEXTE.png","contentUrl":"https:\/\/dicodusport.fr\/blog\/wp-content\/uploads\/2020\/06\/cropped-LOGO-DICODUSPORT-2020-SANS-FOND-SANS-TEXTE.png","width":512,"height":512,"caption":"Dicodusport"},"image":{"@id":"https:\/\/dicodusport.fr\/blog\/#\/schema\/logo\/image\/"},"sameAs":["https:\/\/www.facebook.com\/dicodusport","https:\/\/x.com\/dicodusport","https:\/\/www.instagram.com\/dicodusport\/","https:\/\/www.youtube.com\/channel\/UC7V2KZ5sd3htJivAbA4ZG3w"],"description":"Dicodusport est l'encyclop\u00e9die de l'actualit\u00e9 sportive.","email":"bonjour@dicodusport.fr","legalName":"DICODUSPORT","foundingDate":"2018-01-14","vatID":"FR71834470973","taxID":"83447097300043","numberOfEmployees":{"@type":"QuantitativeValue","minValue":"1","maxValue":"10"}},{"@type":"Person","@id":"https:\/\/dicodusport.fr\/blog\/#\/schema\/person\/55dcb50ad410894e431ed812bbb70191","name":"Nicolas Jacquemard","image":{"@type":"ImageObject","inLanguage":"fr-FR","@id":"https:\/\/dicodusport.fr\/blog\/#\/schema\/person\/image\/","url":"https:\/\/dicodusport.fr\/blog\/wp-content\/uploads\/2021\/05\/Nicolas-Jacquemard-150x150.jpeg","contentUrl":"https:\/\/dicodusport.fr\/blog\/wp-content\/uploads\/2021\/05\/Nicolas-Jacquemard-150x150.jpeg","caption":"Nicolas Jacquemard"},"description":"Passionn\u00e9 de sport et entrepreneur depuis mes 18 ans, la cr\u00e9ation de Dicodusport m'a sembl\u00e9 \u00e9vidente pour participer \u00e0 la m\u00e9diatisation d'un plus grand nombre de sports. Le chemin est long mais avec une \u00e9quipe des plus motiv\u00e9es et les Jeux Olympiques de Paris 2024 en point de mire, nous y arriverons ! Journaliste dans le monde du sport depuis plus de 5 ans, je traite aussi bien de football, de rugby, de biathlon que de cyclisme.","sameAs":["https:\/\/www.facebook.com\/dicodusport","https:\/\/x.com\/https:\/\/twitter.com\/Nico_Jacquemard"],"url":"https:\/\/dicodusport.fr\/blog\/author\/dicodusport\/"}]}},"_links":{"self":[{"href":"https:\/\/dicodusport.fr\/blog\/wp-json\/wp\/v2\/posts\/285859","targetHints":{"allow":["GET"]}}],"collection":[{"href":"https:\/\/dicodusport.fr\/blog\/wp-json\/wp\/v2\/posts"}],"about":[{"href":"https:\/\/dicodusport.fr\/blog\/wp-json\/wp\/v2\/types\/post"}],"author":[{"embeddable":true,"href":"https:\/\/dicodusport.fr\/blog\/wp-json\/wp\/v2\/users\/1"}],"replies":[{"embeddable":true,"href":"https:\/\/dicodusport.fr\/blog\/wp-json\/wp\/v2\/comments?post=285859"}],"version-history":[{"count":0,"href":"https:\/\/dicodusport.fr\/blog\/wp-json\/wp\/v2\/posts\/285859\/revisions"}],"wp:featuredmedia":[{"embeddable":true,"href":"https:\/\/dicodusport.fr\/blog\/wp-json\/wp\/v2\/media\/284769"}],"wp:attachment":[{"href":"https:\/\/dicodusport.fr\/blog\/wp-json\/wp\/v2\/media?parent=285859"}],"wp:term":[{"taxonomy":"category","embeddable":true,"href":"https:\/\/dicodusport.fr\/blog\/wp-json\/wp\/v2\/categories?post=285859"},{"taxonomy":"post_tag","embeddable":true,"href":"https:\/\/dicodusport.fr\/blog\/wp-json\/wp\/v2\/tags?post=285859"}],"curies":[{"name":"wp","href":"https:\/\/api.w.org\/{rel}","templated":true}]}}