{"id":285920,"date":"2022-12-06T08:30:46","date_gmt":"2022-12-06T07:30:46","guid":{"rendered":"https:\/\/dicodusport.fr\/blog\/?p=285920&#038;preview=true&#038;preview_id=285920"},"modified":"2022-12-06T08:31:04","modified_gmt":"2022-12-06T07:31:04","slug":"mercato-trek-segafredo-pourrait-signer-un-coureur-de-la-bb-hotels","status":"publish","type":"post","link":"https:\/\/dicodusport.fr\/blog\/mercato-trek-segafredo-pourrait-signer-un-coureur-de-la-bb-hotels\/","title":{"rendered":"Mercato : Trek-Segafredo pourrait signer un coureur de la B&#038;B Hotels"},"content":{"rendered":"<p align=\"justify\"><em><strong>CYCLISME SUR ROUTE 2023 &#8211; Selon Le T\u00e9l\u00e9gramme, la Trek-Segafredo pourrait recruter Luca Mozzato pour la saison 2023.\u00a0<\/strong><\/em><\/p>\n<p align=\"justify\">Comme tous ses co\u00e9quipiers, <a href=\"https:\/\/dicodusport.fr\/blog\/bb-hotels-jerome-pineau-libere-tous-ses-coureurs\/\"><strong>Luca<\/strong>\u00a0<strong>Mozzato<\/strong> a \u00e9t\u00e9 lib\u00e9r\u00e9 par <strong>J\u00e9r\u00f4me<\/strong> <strong>Pineau<\/strong> en fin de semaine derni\u00e8re<\/a>. Tous les coureurs qui devaient faire partie de la <strong>B&amp;B Hotels<\/strong> sont libres d&rsquo;aller voir ailleurs, comme l&rsquo;\u00e9quipe ne repartira qu&rsquo;au mieux, en troisi\u00e8me division. Si certains risquent d&rsquo;avoir du mal \u00e0 trouver une nouvelle \u00e9quipe puisque les effectifs sont presque tous complets, <strong>Luca Mozzato<\/strong> ne manque pas de sollicitations. Alors que l&rsquo;Italien serait suivi de tr\u00e8s pr\u00e8s par<a href=\"https:\/\/dicodusport.fr\/blog\/mercato-axel-laurance-franck-bonnamour-et-luca-mozatto-auraient-deja-trouve-une-nouvelle-equipe\/\"><strong> Ark\u00e9a-Samsic<\/strong><\/a>, il serait aussi dans les petits papiers de la <strong>Trek-Segafredo<\/strong>. L&rsquo;\u00e9quipe am\u00e9ricaine pourrait donc accueillir le deuxi\u00e8me du <strong>Tro Bro L\u00e9on<\/strong> en 2022, ce qui laisserait une place pour un autre coureur de <strong>B&amp;B Hotels<\/strong> chez <strong>Ark\u00e9a-Samsic<\/strong>.<\/p>\n<blockquote class=\"twitter-tweet\">\n<p dir=\"ltr\" lang=\"fr\">&#x1f6b4;&#x200d;&#x2642;&#xfe0f;&#x1f1ee;&#x1f1f9; Le sprinteur italien est l\u2019un des coureurs les plus sollicit\u00e9s de la formation bretonne, qui vient de lib\u00e9rer tous son effectif<a href=\"https:\/\/t.co\/C3dHgSLIDF\">https:\/\/t.co\/C3dHgSLIDF<\/a><\/p>\n<p>\u2014 Le T\u00e9l\u00e9gramme Sport (@TelegrammeSport) <a href=\"https:\/\/twitter.com\/TelegrammeSport\/status\/1599719821293256706?ref_src=twsrc%5Etfw\">December 5, 2022<\/a><\/p><\/blockquote>\n<p><script async src=\"https:\/\/platform.twitter.com\/widgets.js\" charset=\"utf-8\"><\/script><\/p>\n","protected":false},"excerpt":{"rendered":"<p>CYCLISME SUR ROUTE 2023 &#8211; Selon Le T\u00e9l\u00e9gramme, la Trek-Segafredo pourrait recruter Luca Mozzato pour la saison 2023.\u00a0<\/p>\n","protected":false},"author":1,"featured_media":283962,"comment_status":"open","ping_status":"closed","sticky":false,"template":"","format":"standard","meta":{"_acf_changed":false,"_daextam_enable_autolinks":"","footnotes":""},"categories":[46994],"tags":[27946,9136],"class_list":["post-285920","post","type-post","status-publish","format-standard","has-post-thumbnail","hentry","category-cyclisme-sur-route","tag-luca-mozzato","tag-trek-segafredo"],"acf":[],"yoast_head":"<!-- This site is optimized with the Yoast SEO Premium plugin v26.7 (Yoast SEO v26.7) - https:\/\/yoast.com\/wordpress\/plugins\/seo\/ -->\n<title>Mercato : Trek-Segafredo pourrait signer un coureur de la B&amp;B Hotels<\/title>\n<meta name=\"description\" content=\"CYCLISME SUR ROUTE 2023 - Selon Le T\u00e9l\u00e9gramme, la Trek-Segafredo pourrait recruter Luca Mozzato pour la saison 2023.\u00a0\" \/>\n<meta name=\"robots\" content=\"index, follow, max-snippet:-1, max-image-preview:large, max-video-preview:-1\" \/>\n<link rel=\"canonical\" href=\"https:\/\/dicodusport.fr\/blog\/mercato-trek-segafredo-pourrait-signer-un-coureur-de-la-bb-hotels\/\" \/>\n<meta property=\"og:locale\" content=\"fr_FR\" \/>\n<meta property=\"og:type\" content=\"article\" \/>\n<meta property=\"og:title\" content=\"Mercato : Trek-Segafredo pourrait signer un coureur de la B&amp;B Hotels\" \/>\n<meta property=\"og:description\" content=\"CYCLISME SUR ROUTE 2023 - Selon Le T\u00e9l\u00e9gramme, la Trek-Segafredo pourrait recruter Luca Mozzato pour la saison 2023.\u00a0\" \/>\n<meta property=\"og:url\" content=\"https:\/\/dicodusport.fr\/blog\/mercato-trek-segafredo-pourrait-signer-un-coureur-de-la-bb-hotels\/\" \/>\n<meta property=\"og:site_name\" content=\"Dicodusport\" \/>\n<meta property=\"article:publisher\" content=\"https:\/\/www.facebook.com\/dicodusport\" \/>\n<meta property=\"article:author\" content=\"https:\/\/www.facebook.com\/dicodusport\" \/>\n<meta property=\"article:published_time\" content=\"2022-12-06T07:30:46+00:00\" \/>\n<meta property=\"article:modified_time\" content=\"2022-12-06T07:31:04+00:00\" \/>\n<meta property=\"og:image\" content=\"https:\/\/dicodusport.fr\/blog\/wp-content\/uploads\/2022\/11\/Mercato-Arke\u0301a-Samsic-est-tombe\u0301-daccord-avec-un-cadre-de-la-BB-Hotels.png\" \/>\n\t<meta property=\"og:image:width\" content=\"800\" \/>\n\t<meta property=\"og:image:height\" content=\"445\" \/>\n\t<meta property=\"og:image:type\" content=\"image\/png\" \/>\n<meta name=\"author\" content=\"Nicolas Jacquemard\" \/>\n<meta name=\"twitter:card\" content=\"summary_large_image\" \/>\n<meta name=\"twitter:title\" content=\"Mercato : Trek-Segafredo pourrait signer un coureur de la B&amp;B Hotels\" \/>\n<meta name=\"twitter:creator\" content=\"@https:\/\/twitter.com\/Nico_Jacquemard\" \/>\n<meta name=\"twitter:site\" content=\"@dicodusport\" \/>\n<script type=\"application\/ld+json\" class=\"yoast-schema-graph\">{\"@context\":\"https:\/\/schema.org\",\"@graph\":[{\"@type\":\"NewsArticle\",\"@id\":\"https:\/\/dicodusport.fr\/blog\/mercato-trek-segafredo-pourrait-signer-un-coureur-de-la-bb-hotels\/#article\",\"isPartOf\":{\"@id\":\"https:\/\/dicodusport.fr\/blog\/mercato-trek-segafredo-pourrait-signer-un-coureur-de-la-bb-hotels\/\"},\"author\":{\"name\":\"Nicolas Jacquemard\",\"@id\":\"https:\/\/dicodusport.fr\/blog\/#\/schema\/person\/55dcb50ad410894e431ed812bbb70191\"},\"headline\":\"Mercato : Trek-Segafredo pourrait signer un coureur de la B&#038;B Hotels\",\"datePublished\":\"2022-12-06T07:30:46+00:00\",\"dateModified\":\"2022-12-06T07:31:04+00:00\",\"mainEntityOfPage\":{\"@id\":\"https:\/\/dicodusport.fr\/blog\/mercato-trek-segafredo-pourrait-signer-un-coureur-de-la-bb-hotels\/\"},\"wordCount\":213,\"commentCount\":0,\"publisher\":{\"@id\":\"https:\/\/dicodusport.fr\/blog\/#organization\"},\"image\":{\"@id\":\"https:\/\/dicodusport.fr\/blog\/mercato-trek-segafredo-pourrait-signer-un-coureur-de-la-bb-hotels\/#primaryimage\"},\"thumbnailUrl\":\"https:\/\/dicodusport.fr\/blog\/wp-content\/uploads\/2022\/11\/Mercato-Arke\u0301a-Samsic-est-tombe\u0301-daccord-avec-un-cadre-de-la-BB-Hotels.png\",\"keywords\":[\"Luca Mozzato\",\"Trek-Segafredo\"],\"articleSection\":[\"Cyclisme sur route\"],\"inLanguage\":\"fr-FR\",\"potentialAction\":[{\"@type\":\"CommentAction\",\"name\":\"Comment\",\"target\":[\"https:\/\/dicodusport.fr\/blog\/mercato-trek-segafredo-pourrait-signer-un-coureur-de-la-bb-hotels\/#respond\"]}],\"copyrightYear\":\"2022\",\"copyrightHolder\":{\"@id\":\"https:\/\/dicodusport.fr\/blog\/#organization\"}},{\"@type\":\"WebPage\",\"@id\":\"https:\/\/dicodusport.fr\/blog\/mercato-trek-segafredo-pourrait-signer-un-coureur-de-la-bb-hotels\/\",\"url\":\"https:\/\/dicodusport.fr\/blog\/mercato-trek-segafredo-pourrait-signer-un-coureur-de-la-bb-hotels\/\",\"name\":\"Mercato : Trek-Segafredo pourrait signer un coureur de la B&B Hotels\",\"isPartOf\":{\"@id\":\"https:\/\/dicodusport.fr\/blog\/#website\"},\"primaryImageOfPage\":{\"@id\":\"https:\/\/dicodusport.fr\/blog\/mercato-trek-segafredo-pourrait-signer-un-coureur-de-la-bb-hotels\/#primaryimage\"},\"image\":{\"@id\":\"https:\/\/dicodusport.fr\/blog\/mercato-trek-segafredo-pourrait-signer-un-coureur-de-la-bb-hotels\/#primaryimage\"},\"thumbnailUrl\":\"https:\/\/dicodusport.fr\/blog\/wp-content\/uploads\/2022\/11\/Mercato-Arke\u0301a-Samsic-est-tombe\u0301-daccord-avec-un-cadre-de-la-BB-Hotels.png\",\"datePublished\":\"2022-12-06T07:30:46+00:00\",\"dateModified\":\"2022-12-06T07:31:04+00:00\",\"description\":\"CYCLISME SUR ROUTE 2023 - Selon Le T\u00e9l\u00e9gramme, la Trek-Segafredo pourrait recruter Luca Mozzato pour la saison 2023.\u00a0\",\"breadcrumb\":{\"@id\":\"https:\/\/dicodusport.fr\/blog\/mercato-trek-segafredo-pourrait-signer-un-coureur-de-la-bb-hotels\/#breadcrumb\"},\"inLanguage\":\"fr-FR\",\"potentialAction\":[{\"@type\":\"ReadAction\",\"target\":[\"https:\/\/dicodusport.fr\/blog\/mercato-trek-segafredo-pourrait-signer-un-coureur-de-la-bb-hotels\/\"]}]},{\"@type\":\"ImageObject\",\"inLanguage\":\"fr-FR\",\"@id\":\"https:\/\/dicodusport.fr\/blog\/mercato-trek-segafredo-pourrait-signer-un-coureur-de-la-bb-hotels\/#primaryimage\",\"url\":\"https:\/\/dicodusport.fr\/blog\/wp-content\/uploads\/2022\/11\/Mercato-Arke\u0301a-Samsic-est-tombe\u0301-daccord-avec-un-cadre-de-la-BB-Hotels.png\",\"contentUrl\":\"https:\/\/dicodusport.fr\/blog\/wp-content\/uploads\/2022\/11\/Mercato-Arke\u0301a-Samsic-est-tombe\u0301-daccord-avec-un-cadre-de-la-BB-Hotels.png\",\"width\":800,\"height\":445},{\"@type\":\"BreadcrumbList\",\"@id\":\"https:\/\/dicodusport.fr\/blog\/mercato-trek-segafredo-pourrait-signer-un-coureur-de-la-bb-hotels\/#breadcrumb\",\"itemListElement\":[{\"@type\":\"ListItem\",\"position\":1,\"name\":\"Accueil\",\"item\":\"https:\/\/dicodusport.fr\/blog\/\"},{\"@type\":\"ListItem\",\"position\":2,\"name\":\"Mercato : Trek-Segafredo pourrait signer un coureur de la B&#038;B Hotels\"}]},{\"@type\":\"WebSite\",\"@id\":\"https:\/\/dicodusport.fr\/blog\/#website\",\"url\":\"https:\/\/dicodusport.fr\/blog\/\",\"name\":\"Dicodusport\",\"description\":\"L&#039;encyclop\u00e9die de l&#039;actualit\u00e9 sportive\",\"publisher\":{\"@id\":\"https:\/\/dicodusport.fr\/blog\/#organization\"},\"potentialAction\":[{\"@type\":\"SearchAction\",\"target\":{\"@type\":\"EntryPoint\",\"urlTemplate\":\"https:\/\/dicodusport.fr\/blog\/?s={search_term_string}\"},\"query-input\":{\"@type\":\"PropertyValueSpecification\",\"valueRequired\":true,\"valueName\":\"search_term_string\"}}],\"inLanguage\":\"fr-FR\"},{\"@type\":\"NewsMediaOrganization\",\"@id\":\"https:\/\/dicodusport.fr\/blog\/#organization\",\"name\":\"Dicodusport\",\"url\":\"https:\/\/dicodusport.fr\/blog\/\",\"logo\":{\"@type\":\"ImageObject\",\"inLanguage\":\"fr-FR\",\"@id\":\"https:\/\/dicodusport.fr\/blog\/#\/schema\/logo\/image\/\",\"url\":\"https:\/\/dicodusport.fr\/blog\/wp-content\/uploads\/2020\/06\/cropped-LOGO-DICODUSPORT-2020-SANS-FOND-SANS-TEXTE.png\",\"contentUrl\":\"https:\/\/dicodusport.fr\/blog\/wp-content\/uploads\/2020\/06\/cropped-LOGO-DICODUSPORT-2020-SANS-FOND-SANS-TEXTE.png\",\"width\":512,\"height\":512,\"caption\":\"Dicodusport\"},\"image\":{\"@id\":\"https:\/\/dicodusport.fr\/blog\/#\/schema\/logo\/image\/\"},\"sameAs\":[\"https:\/\/www.facebook.com\/dicodusport\",\"https:\/\/x.com\/dicodusport\",\"https:\/\/www.instagram.com\/dicodusport\/\",\"https:\/\/www.youtube.com\/channel\/UC7V2KZ5sd3htJivAbA4ZG3w\"],\"description\":\"Dicodusport est l'encyclop\u00e9die de l'actualit\u00e9 sportive.\",\"email\":\"bonjour@dicodusport.fr\",\"legalName\":\"DICODUSPORT\",\"foundingDate\":\"2018-01-14\",\"vatID\":\"FR71834470973\",\"taxID\":\"83447097300043\",\"numberOfEmployees\":{\"@type\":\"QuantitativeValue\",\"minValue\":\"1\",\"maxValue\":\"10\"}},{\"@type\":\"Person\",\"@id\":\"https:\/\/dicodusport.fr\/blog\/#\/schema\/person\/55dcb50ad410894e431ed812bbb70191\",\"name\":\"Nicolas Jacquemard\",\"image\":{\"@type\":\"ImageObject\",\"inLanguage\":\"fr-FR\",\"@id\":\"https:\/\/dicodusport.fr\/blog\/#\/schema\/person\/image\/\",\"url\":\"https:\/\/dicodusport.fr\/blog\/wp-content\/uploads\/2021\/05\/Nicolas-Jacquemard-150x150.jpeg\",\"contentUrl\":\"https:\/\/dicodusport.fr\/blog\/wp-content\/uploads\/2021\/05\/Nicolas-Jacquemard-150x150.jpeg\",\"caption\":\"Nicolas Jacquemard\"},\"description\":\"Passionn\u00e9 de sport et entrepreneur depuis mes 18 ans, la cr\u00e9ation de Dicodusport m'a sembl\u00e9 \u00e9vidente pour participer \u00e0 la m\u00e9diatisation d'un plus grand nombre de sports. Le chemin est long mais avec une \u00e9quipe des plus motiv\u00e9es et les Jeux Olympiques de Paris 2024 en point de mire, nous y arriverons ! Journaliste dans le monde du sport depuis plus de 5 ans, je traite aussi bien de football, de rugby, de biathlon que de cyclisme.\",\"sameAs\":[\"https:\/\/www.facebook.com\/dicodusport\",\"https:\/\/x.com\/https:\/\/twitter.com\/Nico_Jacquemard\"],\"url\":\"https:\/\/dicodusport.fr\/blog\/author\/dicodusport\/\"}]}<\/script>\n<!-- \/ Yoast SEO Premium plugin. -->","yoast_head_json":{"title":"Mercato : Trek-Segafredo pourrait signer un coureur de la B&B Hotels","description":"CYCLISME SUR ROUTE 2023 - Selon Le T\u00e9l\u00e9gramme, la Trek-Segafredo pourrait recruter Luca Mozzato pour la saison 2023.\u00a0","robots":{"index":"index","follow":"follow","max-snippet":"max-snippet:-1","max-image-preview":"max-image-preview:large","max-video-preview":"max-video-preview:-1"},"canonical":"https:\/\/dicodusport.fr\/blog\/mercato-trek-segafredo-pourrait-signer-un-coureur-de-la-bb-hotels\/","og_locale":"fr_FR","og_type":"article","og_title":"Mercato : Trek-Segafredo pourrait signer un coureur de la B&B Hotels","og_description":"CYCLISME SUR ROUTE 2023 - Selon Le T\u00e9l\u00e9gramme, la Trek-Segafredo pourrait recruter Luca Mozzato pour la saison 2023.\u00a0","og_url":"https:\/\/dicodusport.fr\/blog\/mercato-trek-segafredo-pourrait-signer-un-coureur-de-la-bb-hotels\/","og_site_name":"Dicodusport","article_publisher":"https:\/\/www.facebook.com\/dicodusport","article_author":"https:\/\/www.facebook.com\/dicodusport","article_published_time":"2022-12-06T07:30:46+00:00","article_modified_time":"2022-12-06T07:31:04+00:00","og_image":[{"width":800,"height":445,"url":"https:\/\/dicodusport.fr\/blog\/wp-content\/uploads\/2022\/11\/Mercato-Arke\u0301a-Samsic-est-tombe\u0301-daccord-avec-un-cadre-de-la-BB-Hotels.png","type":"image\/png"}],"author":"Nicolas Jacquemard","twitter_card":"summary_large_image","twitter_title":"Mercato : Trek-Segafredo pourrait signer un coureur de la B&B Hotels","twitter_creator":"@https:\/\/twitter.com\/Nico_Jacquemard","twitter_site":"@dicodusport","schema":{"@context":"https:\/\/schema.org","@graph":[{"@type":"NewsArticle","@id":"https:\/\/dicodusport.fr\/blog\/mercato-trek-segafredo-pourrait-signer-un-coureur-de-la-bb-hotels\/#article","isPartOf":{"@id":"https:\/\/dicodusport.fr\/blog\/mercato-trek-segafredo-pourrait-signer-un-coureur-de-la-bb-hotels\/"},"author":{"name":"Nicolas Jacquemard","@id":"https:\/\/dicodusport.fr\/blog\/#\/schema\/person\/55dcb50ad410894e431ed812bbb70191"},"headline":"Mercato : Trek-Segafredo pourrait signer un coureur de la B&#038;B Hotels","datePublished":"2022-12-06T07:30:46+00:00","dateModified":"2022-12-06T07:31:04+00:00","mainEntityOfPage":{"@id":"https:\/\/dicodusport.fr\/blog\/mercato-trek-segafredo-pourrait-signer-un-coureur-de-la-bb-hotels\/"},"wordCount":213,"commentCount":0,"publisher":{"@id":"https:\/\/dicodusport.fr\/blog\/#organization"},"image":{"@id":"https:\/\/dicodusport.fr\/blog\/mercato-trek-segafredo-pourrait-signer-un-coureur-de-la-bb-hotels\/#primaryimage"},"thumbnailUrl":"https:\/\/dicodusport.fr\/blog\/wp-content\/uploads\/2022\/11\/Mercato-Arke\u0301a-Samsic-est-tombe\u0301-daccord-avec-un-cadre-de-la-BB-Hotels.png","keywords":["Luca Mozzato","Trek-Segafredo"],"articleSection":["Cyclisme sur route"],"inLanguage":"fr-FR","potentialAction":[{"@type":"CommentAction","name":"Comment","target":["https:\/\/dicodusport.fr\/blog\/mercato-trek-segafredo-pourrait-signer-un-coureur-de-la-bb-hotels\/#respond"]}],"copyrightYear":"2022","copyrightHolder":{"@id":"https:\/\/dicodusport.fr\/blog\/#organization"}},{"@type":"WebPage","@id":"https:\/\/dicodusport.fr\/blog\/mercato-trek-segafredo-pourrait-signer-un-coureur-de-la-bb-hotels\/","url":"https:\/\/dicodusport.fr\/blog\/mercato-trek-segafredo-pourrait-signer-un-coureur-de-la-bb-hotels\/","name":"Mercato : Trek-Segafredo pourrait signer un coureur de la B&B Hotels","isPartOf":{"@id":"https:\/\/dicodusport.fr\/blog\/#website"},"primaryImageOfPage":{"@id":"https:\/\/dicodusport.fr\/blog\/mercato-trek-segafredo-pourrait-signer-un-coureur-de-la-bb-hotels\/#primaryimage"},"image":{"@id":"https:\/\/dicodusport.fr\/blog\/mercato-trek-segafredo-pourrait-signer-un-coureur-de-la-bb-hotels\/#primaryimage"},"thumbnailUrl":"https:\/\/dicodusport.fr\/blog\/wp-content\/uploads\/2022\/11\/Mercato-Arke\u0301a-Samsic-est-tombe\u0301-daccord-avec-un-cadre-de-la-BB-Hotels.png","datePublished":"2022-12-06T07:30:46+00:00","dateModified":"2022-12-06T07:31:04+00:00","description":"CYCLISME SUR ROUTE 2023 - Selon Le T\u00e9l\u00e9gramme, la Trek-Segafredo pourrait recruter Luca Mozzato pour la saison 2023.\u00a0","breadcrumb":{"@id":"https:\/\/dicodusport.fr\/blog\/mercato-trek-segafredo-pourrait-signer-un-coureur-de-la-bb-hotels\/#breadcrumb"},"inLanguage":"fr-FR","potentialAction":[{"@type":"ReadAction","target":["https:\/\/dicodusport.fr\/blog\/mercato-trek-segafredo-pourrait-signer-un-coureur-de-la-bb-hotels\/"]}]},{"@type":"ImageObject","inLanguage":"fr-FR","@id":"https:\/\/dicodusport.fr\/blog\/mercato-trek-segafredo-pourrait-signer-un-coureur-de-la-bb-hotels\/#primaryimage","url":"https:\/\/dicodusport.fr\/blog\/wp-content\/uploads\/2022\/11\/Mercato-Arke\u0301a-Samsic-est-tombe\u0301-daccord-avec-un-cadre-de-la-BB-Hotels.png","contentUrl":"https:\/\/dicodusport.fr\/blog\/wp-content\/uploads\/2022\/11\/Mercato-Arke\u0301a-Samsic-est-tombe\u0301-daccord-avec-un-cadre-de-la-BB-Hotels.png","width":800,"height":445},{"@type":"BreadcrumbList","@id":"https:\/\/dicodusport.fr\/blog\/mercato-trek-segafredo-pourrait-signer-un-coureur-de-la-bb-hotels\/#breadcrumb","itemListElement":[{"@type":"ListItem","position":1,"name":"Accueil","item":"https:\/\/dicodusport.fr\/blog\/"},{"@type":"ListItem","position":2,"name":"Mercato : Trek-Segafredo pourrait signer un coureur de la B&#038;B Hotels"}]},{"@type":"WebSite","@id":"https:\/\/dicodusport.fr\/blog\/#website","url":"https:\/\/dicodusport.fr\/blog\/","name":"Dicodusport","description":"L&#039;encyclop\u00e9die de l&#039;actualit\u00e9 sportive","publisher":{"@id":"https:\/\/dicodusport.fr\/blog\/#organization"},"potentialAction":[{"@type":"SearchAction","target":{"@type":"EntryPoint","urlTemplate":"https:\/\/dicodusport.fr\/blog\/?s={search_term_string}"},"query-input":{"@type":"PropertyValueSpecification","valueRequired":true,"valueName":"search_term_string"}}],"inLanguage":"fr-FR"},{"@type":"NewsMediaOrganization","@id":"https:\/\/dicodusport.fr\/blog\/#organization","name":"Dicodusport","url":"https:\/\/dicodusport.fr\/blog\/","logo":{"@type":"ImageObject","inLanguage":"fr-FR","@id":"https:\/\/dicodusport.fr\/blog\/#\/schema\/logo\/image\/","url":"https:\/\/dicodusport.fr\/blog\/wp-content\/uploads\/2020\/06\/cropped-LOGO-DICODUSPORT-2020-SANS-FOND-SANS-TEXTE.png","contentUrl":"https:\/\/dicodusport.fr\/blog\/wp-content\/uploads\/2020\/06\/cropped-LOGO-DICODUSPORT-2020-SANS-FOND-SANS-TEXTE.png","width":512,"height":512,"caption":"Dicodusport"},"image":{"@id":"https:\/\/dicodusport.fr\/blog\/#\/schema\/logo\/image\/"},"sameAs":["https:\/\/www.facebook.com\/dicodusport","https:\/\/x.com\/dicodusport","https:\/\/www.instagram.com\/dicodusport\/","https:\/\/www.youtube.com\/channel\/UC7V2KZ5sd3htJivAbA4ZG3w"],"description":"Dicodusport est l'encyclop\u00e9die de l'actualit\u00e9 sportive.","email":"bonjour@dicodusport.fr","legalName":"DICODUSPORT","foundingDate":"2018-01-14","vatID":"FR71834470973","taxID":"83447097300043","numberOfEmployees":{"@type":"QuantitativeValue","minValue":"1","maxValue":"10"}},{"@type":"Person","@id":"https:\/\/dicodusport.fr\/blog\/#\/schema\/person\/55dcb50ad410894e431ed812bbb70191","name":"Nicolas Jacquemard","image":{"@type":"ImageObject","inLanguage":"fr-FR","@id":"https:\/\/dicodusport.fr\/blog\/#\/schema\/person\/image\/","url":"https:\/\/dicodusport.fr\/blog\/wp-content\/uploads\/2021\/05\/Nicolas-Jacquemard-150x150.jpeg","contentUrl":"https:\/\/dicodusport.fr\/blog\/wp-content\/uploads\/2021\/05\/Nicolas-Jacquemard-150x150.jpeg","caption":"Nicolas Jacquemard"},"description":"Passionn\u00e9 de sport et entrepreneur depuis mes 18 ans, la cr\u00e9ation de Dicodusport m'a sembl\u00e9 \u00e9vidente pour participer \u00e0 la m\u00e9diatisation d'un plus grand nombre de sports. Le chemin est long mais avec une \u00e9quipe des plus motiv\u00e9es et les Jeux Olympiques de Paris 2024 en point de mire, nous y arriverons ! Journaliste dans le monde du sport depuis plus de 5 ans, je traite aussi bien de football, de rugby, de biathlon que de cyclisme.","sameAs":["https:\/\/www.facebook.com\/dicodusport","https:\/\/x.com\/https:\/\/twitter.com\/Nico_Jacquemard"],"url":"https:\/\/dicodusport.fr\/blog\/author\/dicodusport\/"}]}},"_links":{"self":[{"href":"https:\/\/dicodusport.fr\/blog\/wp-json\/wp\/v2\/posts\/285920","targetHints":{"allow":["GET"]}}],"collection":[{"href":"https:\/\/dicodusport.fr\/blog\/wp-json\/wp\/v2\/posts"}],"about":[{"href":"https:\/\/dicodusport.fr\/blog\/wp-json\/wp\/v2\/types\/post"}],"author":[{"embeddable":true,"href":"https:\/\/dicodusport.fr\/blog\/wp-json\/wp\/v2\/users\/1"}],"replies":[{"embeddable":true,"href":"https:\/\/dicodusport.fr\/blog\/wp-json\/wp\/v2\/comments?post=285920"}],"version-history":[{"count":0,"href":"https:\/\/dicodusport.fr\/blog\/wp-json\/wp\/v2\/posts\/285920\/revisions"}],"wp:featuredmedia":[{"embeddable":true,"href":"https:\/\/dicodusport.fr\/blog\/wp-json\/wp\/v2\/media\/283962"}],"wp:attachment":[{"href":"https:\/\/dicodusport.fr\/blog\/wp-json\/wp\/v2\/media?parent=285920"}],"wp:term":[{"taxonomy":"category","embeddable":true,"href":"https:\/\/dicodusport.fr\/blog\/wp-json\/wp\/v2\/categories?post=285920"},{"taxonomy":"post_tag","embeddable":true,"href":"https:\/\/dicodusport.fr\/blog\/wp-json\/wp\/v2\/tags?post=285920"}],"curies":[{"name":"wp","href":"https:\/\/api.w.org\/{rel}","templated":true}]}}