{"id":286437,"date":"2022-12-08T16:05:34","date_gmt":"2022-12-08T15:05:34","guid":{"rendered":"https:\/\/dicodusport.fr\/blog\/?p=286437&#038;preview=true&#038;preview_id=286437"},"modified":"2022-12-08T16:24:02","modified_gmt":"2022-12-08T15:24:02","slug":"lol-ne-sera-pas-rachete-par-john-textor","status":"publish","type":"post","link":"https:\/\/dicodusport.fr\/blog\/lol-ne-sera-pas-rachete-par-john-textor\/","title":{"rendered":"L&rsquo;OL ne sera pas rachet\u00e9 par John Textor"},"content":{"rendered":"<p align=\"justify\"><em><strong>LIGUE 1 2022-2023 &#8211; Selon nos confr\u00e8res de Canal+, le rachat de l&rsquo;Olympique Lyonnais par John Textor va tomber \u00e0 l&rsquo;eau.\u00a0<\/strong><\/em><\/p>\n<p align=\"justify\">L&rsquo;<strong>Olympique Lyonnais<\/strong> a pourtant annonc\u00e9 ce mercredi matin que la vente \u00e0 <strong>John<\/strong> <strong>Textor<\/strong> \u00e9tait en bonne voie, et que l&rsquo;Am\u00e9ricain avait un d\u00e9lai de quelques jours pour finaliser le closing. Mais selon nos confr\u00e8res de <em>Canal+<\/em>, le rachat ne se fera pas, et l&rsquo;Olympique Lyonnais ne sera pas vendu \u00e0 <strong>John<\/strong> <strong>Textor<\/strong>. Ce serait un vrai coup dur pour le club de <strong>Jean-Michel<\/strong> <strong>Aulas<\/strong> qui avait beaucoup mis\u00e9 sur cette op\u00e9ration, puisque deux des actionnaires principaux avaient annonc\u00e9 il y a plusieurs mois vouloir vendre leurs parts. L&rsquo;action en bourse du groupe <strong>OL<\/strong> sera \u00e9videment scrut\u00e9e, car elle pourrait perdre beaucoup de valeur \u00e0 court terme.<\/p>\n<blockquote class=\"twitter-tweet\">\n<p dir=\"ltr\" lang=\"fr\">INFO CANAL+<\/p>\n<p>L&rsquo; <a href=\"https:\/\/twitter.com\/OL?ref_src=twsrc%5Etfw\">@OL<\/a> ne sera pas vendu \u00e0 John Textor &#x274c;<\/p>\n<p>Plus d&rsquo;infos \u00e0 venir sur <a href=\"https:\/\/twitter.com\/infosportplus?ref_src=twsrc%5Etfw\">@infosportplus<\/a> <a href=\"https:\/\/t.co\/SvcAt86GFi\">pic.twitter.com\/SvcAt86GFi<\/a><\/p>\n<p>\u2014 CANAL+ Foot (@CanalplusFoot) <a href=\"https:\/\/twitter.com\/CanalplusFoot\/status\/1600864983071739904?ref_src=twsrc%5Etfw\">December 8, 2022<\/a><\/p><\/blockquote>\n<p><script async src=\"https:\/\/platform.twitter.com\/widgets.js\" charset=\"utf-8\"><\/script><\/p>\n","protected":false},"excerpt":{"rendered":"<p>LIGUE 1 2022-2023 &#8211; Selon nos confr\u00e8res de Canal+, le rachat de l&rsquo;Olympique Lyonnais par John Textor va tomber \u00e0 l&rsquo;eau.\u00a0<\/p>\n","protected":false},"author":1,"featured_media":273176,"comment_status":"open","ping_status":"closed","sticky":false,"template":"","format":"standard","meta":{"_acf_changed":false,"_daextam_enable_autolinks":"","footnotes":""},"categories":[2301,47045],"tags":[75,1554,1145,1146],"class_list":["post-286437","post","type-post","status-publish","format-standard","has-post-thumbnail","hentry","category-football","category-ligue-1","tag-football","tag-ligue-1","tag-ol","tag-olympique-lyonnais"],"acf":[],"yoast_head":"<!-- This site is optimized with the Yoast SEO Premium plugin v26.7 (Yoast SEO v26.7) - https:\/\/yoast.com\/wordpress\/plugins\/seo\/ -->\n<title>L&#039;OL ne sera pas rachet\u00e9 par John Textor<\/title>\n<meta name=\"description\" content=\"LIGUE 1 2022-2023 - Selon nos confr\u00e8res de Canal+, le rachat de l&#039;Olympique Lyonnais par John Textor va tomber \u00e0 l&#039;eau.\u00a0\" \/>\n<meta name=\"robots\" content=\"index, follow, max-snippet:-1, max-image-preview:large, max-video-preview:-1\" \/>\n<link rel=\"canonical\" href=\"https:\/\/dicodusport.fr\/blog\/lol-ne-sera-pas-rachete-par-john-textor\/\" \/>\n<meta property=\"og:locale\" content=\"fr_FR\" \/>\n<meta property=\"og:type\" content=\"article\" \/>\n<meta property=\"og:title\" content=\"L&#039;OL ne sera pas rachet\u00e9 par John Textor\" \/>\n<meta property=\"og:description\" content=\"LIGUE 1 2022-2023 - Selon nos confr\u00e8res de Canal+, le rachat de l&#039;Olympique Lyonnais par John Textor va tomber \u00e0 l&#039;eau.\u00a0\" \/>\n<meta property=\"og:url\" content=\"https:\/\/dicodusport.fr\/blog\/lol-ne-sera-pas-rachete-par-john-textor\/\" \/>\n<meta property=\"og:site_name\" content=\"Dicodusport\" \/>\n<meta property=\"article:publisher\" content=\"https:\/\/www.facebook.com\/dicodusport\" \/>\n<meta property=\"article:author\" content=\"https:\/\/www.facebook.com\/dicodusport\" \/>\n<meta property=\"article:published_time\" content=\"2022-12-08T15:05:34+00:00\" \/>\n<meta property=\"article:modified_time\" content=\"2022-12-08T15:24:02+00:00\" \/>\n<meta property=\"og:image\" content=\"https:\/\/dicodusport.fr\/blog\/wp-content\/uploads\/2022\/10\/Vente-OL-John-Textor-apporte-a-preuve-du-financement-pour-le-rachat.png\" \/>\n\t<meta property=\"og:image:width\" content=\"800\" \/>\n\t<meta property=\"og:image:height\" content=\"445\" \/>\n\t<meta property=\"og:image:type\" content=\"image\/png\" \/>\n<meta name=\"author\" content=\"Nicolas Jacquemard\" \/>\n<meta name=\"twitter:card\" content=\"summary_large_image\" \/>\n<meta name=\"twitter:title\" content=\"L&#039;OL ne sera pas rachet\u00e9 par John Textor\" \/>\n<meta name=\"twitter:creator\" content=\"@https:\/\/twitter.com\/Nico_Jacquemard\" \/>\n<meta name=\"twitter:site\" content=\"@dicodusport\" \/>\n<script type=\"application\/ld+json\" class=\"yoast-schema-graph\">{\"@context\":\"https:\/\/schema.org\",\"@graph\":[{\"@type\":\"NewsArticle\",\"@id\":\"https:\/\/dicodusport.fr\/blog\/lol-ne-sera-pas-rachete-par-john-textor\/#article\",\"isPartOf\":{\"@id\":\"https:\/\/dicodusport.fr\/blog\/lol-ne-sera-pas-rachete-par-john-textor\/\"},\"author\":{\"name\":\"Nicolas Jacquemard\",\"@id\":\"https:\/\/dicodusport.fr\/blog\/#\/schema\/person\/55dcb50ad410894e431ed812bbb70191\"},\"headline\":\"L&rsquo;OL ne sera pas rachet\u00e9 par John Textor\",\"datePublished\":\"2022-12-08T15:05:34+00:00\",\"dateModified\":\"2022-12-08T15:24:02+00:00\",\"mainEntityOfPage\":{\"@id\":\"https:\/\/dicodusport.fr\/blog\/lol-ne-sera-pas-rachete-par-john-textor\/\"},\"wordCount\":171,\"commentCount\":0,\"publisher\":{\"@id\":\"https:\/\/dicodusport.fr\/blog\/#organization\"},\"image\":{\"@id\":\"https:\/\/dicodusport.fr\/blog\/lol-ne-sera-pas-rachete-par-john-textor\/#primaryimage\"},\"thumbnailUrl\":\"https:\/\/dicodusport.fr\/blog\/wp-content\/uploads\/2022\/10\/Vente-OL-John-Textor-apporte-a-preuve-du-financement-pour-le-rachat.png\",\"keywords\":[\"Football\",\"Ligue 1\",\"OL\",\"Olympique lyonnais\"],\"articleSection\":[\"Football\",\"Ligue 1\"],\"inLanguage\":\"fr-FR\",\"potentialAction\":[{\"@type\":\"CommentAction\",\"name\":\"Comment\",\"target\":[\"https:\/\/dicodusport.fr\/blog\/lol-ne-sera-pas-rachete-par-john-textor\/#respond\"]}],\"copyrightYear\":\"2022\",\"copyrightHolder\":{\"@id\":\"https:\/\/dicodusport.fr\/blog\/#organization\"}},{\"@type\":\"WebPage\",\"@id\":\"https:\/\/dicodusport.fr\/blog\/lol-ne-sera-pas-rachete-par-john-textor\/\",\"url\":\"https:\/\/dicodusport.fr\/blog\/lol-ne-sera-pas-rachete-par-john-textor\/\",\"name\":\"L'OL ne sera pas rachet\u00e9 par John Textor\",\"isPartOf\":{\"@id\":\"https:\/\/dicodusport.fr\/blog\/#website\"},\"primaryImageOfPage\":{\"@id\":\"https:\/\/dicodusport.fr\/blog\/lol-ne-sera-pas-rachete-par-john-textor\/#primaryimage\"},\"image\":{\"@id\":\"https:\/\/dicodusport.fr\/blog\/lol-ne-sera-pas-rachete-par-john-textor\/#primaryimage\"},\"thumbnailUrl\":\"https:\/\/dicodusport.fr\/blog\/wp-content\/uploads\/2022\/10\/Vente-OL-John-Textor-apporte-a-preuve-du-financement-pour-le-rachat.png\",\"datePublished\":\"2022-12-08T15:05:34+00:00\",\"dateModified\":\"2022-12-08T15:24:02+00:00\",\"description\":\"LIGUE 1 2022-2023 - Selon nos confr\u00e8res de Canal+, le rachat de l'Olympique Lyonnais par John Textor va tomber \u00e0 l'eau.\u00a0\",\"breadcrumb\":{\"@id\":\"https:\/\/dicodusport.fr\/blog\/lol-ne-sera-pas-rachete-par-john-textor\/#breadcrumb\"},\"inLanguage\":\"fr-FR\",\"potentialAction\":[{\"@type\":\"ReadAction\",\"target\":[\"https:\/\/dicodusport.fr\/blog\/lol-ne-sera-pas-rachete-par-john-textor\/\"]}]},{\"@type\":\"ImageObject\",\"inLanguage\":\"fr-FR\",\"@id\":\"https:\/\/dicodusport.fr\/blog\/lol-ne-sera-pas-rachete-par-john-textor\/#primaryimage\",\"url\":\"https:\/\/dicodusport.fr\/blog\/wp-content\/uploads\/2022\/10\/Vente-OL-John-Textor-apporte-a-preuve-du-financement-pour-le-rachat.png\",\"contentUrl\":\"https:\/\/dicodusport.fr\/blog\/wp-content\/uploads\/2022\/10\/Vente-OL-John-Textor-apporte-a-preuve-du-financement-pour-le-rachat.png\",\"width\":800,\"height\":445},{\"@type\":\"BreadcrumbList\",\"@id\":\"https:\/\/dicodusport.fr\/blog\/lol-ne-sera-pas-rachete-par-john-textor\/#breadcrumb\",\"itemListElement\":[{\"@type\":\"ListItem\",\"position\":1,\"name\":\"Accueil\",\"item\":\"https:\/\/dicodusport.fr\/blog\/\"},{\"@type\":\"ListItem\",\"position\":2,\"name\":\"L&rsquo;OL ne sera pas rachet\u00e9 par John Textor\"}]},{\"@type\":\"WebSite\",\"@id\":\"https:\/\/dicodusport.fr\/blog\/#website\",\"url\":\"https:\/\/dicodusport.fr\/blog\/\",\"name\":\"Dicodusport\",\"description\":\"L&#039;encyclop\u00e9die de l&#039;actualit\u00e9 sportive\",\"publisher\":{\"@id\":\"https:\/\/dicodusport.fr\/blog\/#organization\"},\"potentialAction\":[{\"@type\":\"SearchAction\",\"target\":{\"@type\":\"EntryPoint\",\"urlTemplate\":\"https:\/\/dicodusport.fr\/blog\/?s={search_term_string}\"},\"query-input\":{\"@type\":\"PropertyValueSpecification\",\"valueRequired\":true,\"valueName\":\"search_term_string\"}}],\"inLanguage\":\"fr-FR\"},{\"@type\":\"NewsMediaOrganization\",\"@id\":\"https:\/\/dicodusport.fr\/blog\/#organization\",\"name\":\"Dicodusport\",\"url\":\"https:\/\/dicodusport.fr\/blog\/\",\"logo\":{\"@type\":\"ImageObject\",\"inLanguage\":\"fr-FR\",\"@id\":\"https:\/\/dicodusport.fr\/blog\/#\/schema\/logo\/image\/\",\"url\":\"https:\/\/dicodusport.fr\/blog\/wp-content\/uploads\/2020\/06\/cropped-LOGO-DICODUSPORT-2020-SANS-FOND-SANS-TEXTE.png\",\"contentUrl\":\"https:\/\/dicodusport.fr\/blog\/wp-content\/uploads\/2020\/06\/cropped-LOGO-DICODUSPORT-2020-SANS-FOND-SANS-TEXTE.png\",\"width\":512,\"height\":512,\"caption\":\"Dicodusport\"},\"image\":{\"@id\":\"https:\/\/dicodusport.fr\/blog\/#\/schema\/logo\/image\/\"},\"sameAs\":[\"https:\/\/www.facebook.com\/dicodusport\",\"https:\/\/x.com\/dicodusport\",\"https:\/\/www.instagram.com\/dicodusport\/\",\"https:\/\/www.youtube.com\/channel\/UC7V2KZ5sd3htJivAbA4ZG3w\"],\"description\":\"Dicodusport est l'encyclop\u00e9die de l'actualit\u00e9 sportive.\",\"email\":\"bonjour@dicodusport.fr\",\"legalName\":\"DICODUSPORT\",\"foundingDate\":\"2018-01-14\",\"vatID\":\"FR71834470973\",\"taxID\":\"83447097300043\",\"numberOfEmployees\":{\"@type\":\"QuantitativeValue\",\"minValue\":\"1\",\"maxValue\":\"10\"}},{\"@type\":\"Person\",\"@id\":\"https:\/\/dicodusport.fr\/blog\/#\/schema\/person\/55dcb50ad410894e431ed812bbb70191\",\"name\":\"Nicolas Jacquemard\",\"image\":{\"@type\":\"ImageObject\",\"inLanguage\":\"fr-FR\",\"@id\":\"https:\/\/dicodusport.fr\/blog\/#\/schema\/person\/image\/\",\"url\":\"https:\/\/dicodusport.fr\/blog\/wp-content\/uploads\/2021\/05\/Nicolas-Jacquemard-150x150.jpeg\",\"contentUrl\":\"https:\/\/dicodusport.fr\/blog\/wp-content\/uploads\/2021\/05\/Nicolas-Jacquemard-150x150.jpeg\",\"caption\":\"Nicolas Jacquemard\"},\"description\":\"Passionn\u00e9 de sport et entrepreneur depuis mes 18 ans, la cr\u00e9ation de Dicodusport m'a sembl\u00e9 \u00e9vidente pour participer \u00e0 la m\u00e9diatisation d'un plus grand nombre de sports. Le chemin est long mais avec une \u00e9quipe des plus motiv\u00e9es et les Jeux Olympiques de Paris 2024 en point de mire, nous y arriverons ! Journaliste dans le monde du sport depuis plus de 5 ans, je traite aussi bien de football, de rugby, de biathlon que de cyclisme.\",\"sameAs\":[\"https:\/\/www.facebook.com\/dicodusport\",\"https:\/\/x.com\/https:\/\/twitter.com\/Nico_Jacquemard\"],\"url\":\"https:\/\/dicodusport.fr\/blog\/author\/dicodusport\/\"}]}<\/script>\n<!-- \/ Yoast SEO Premium plugin. -->","yoast_head_json":{"title":"L'OL ne sera pas rachet\u00e9 par John Textor","description":"LIGUE 1 2022-2023 - Selon nos confr\u00e8res de Canal+, le rachat de l'Olympique Lyonnais par John Textor va tomber \u00e0 l'eau.\u00a0","robots":{"index":"index","follow":"follow","max-snippet":"max-snippet:-1","max-image-preview":"max-image-preview:large","max-video-preview":"max-video-preview:-1"},"canonical":"https:\/\/dicodusport.fr\/blog\/lol-ne-sera-pas-rachete-par-john-textor\/","og_locale":"fr_FR","og_type":"article","og_title":"L'OL ne sera pas rachet\u00e9 par John Textor","og_description":"LIGUE 1 2022-2023 - Selon nos confr\u00e8res de Canal+, le rachat de l'Olympique Lyonnais par John Textor va tomber \u00e0 l'eau.\u00a0","og_url":"https:\/\/dicodusport.fr\/blog\/lol-ne-sera-pas-rachete-par-john-textor\/","og_site_name":"Dicodusport","article_publisher":"https:\/\/www.facebook.com\/dicodusport","article_author":"https:\/\/www.facebook.com\/dicodusport","article_published_time":"2022-12-08T15:05:34+00:00","article_modified_time":"2022-12-08T15:24:02+00:00","og_image":[{"width":800,"height":445,"url":"https:\/\/dicodusport.fr\/blog\/wp-content\/uploads\/2022\/10\/Vente-OL-John-Textor-apporte-a-preuve-du-financement-pour-le-rachat.png","type":"image\/png"}],"author":"Nicolas Jacquemard","twitter_card":"summary_large_image","twitter_title":"L'OL ne sera pas rachet\u00e9 par John Textor","twitter_creator":"@https:\/\/twitter.com\/Nico_Jacquemard","twitter_site":"@dicodusport","schema":{"@context":"https:\/\/schema.org","@graph":[{"@type":"NewsArticle","@id":"https:\/\/dicodusport.fr\/blog\/lol-ne-sera-pas-rachete-par-john-textor\/#article","isPartOf":{"@id":"https:\/\/dicodusport.fr\/blog\/lol-ne-sera-pas-rachete-par-john-textor\/"},"author":{"name":"Nicolas Jacquemard","@id":"https:\/\/dicodusport.fr\/blog\/#\/schema\/person\/55dcb50ad410894e431ed812bbb70191"},"headline":"L&rsquo;OL ne sera pas rachet\u00e9 par John Textor","datePublished":"2022-12-08T15:05:34+00:00","dateModified":"2022-12-08T15:24:02+00:00","mainEntityOfPage":{"@id":"https:\/\/dicodusport.fr\/blog\/lol-ne-sera-pas-rachete-par-john-textor\/"},"wordCount":171,"commentCount":0,"publisher":{"@id":"https:\/\/dicodusport.fr\/blog\/#organization"},"image":{"@id":"https:\/\/dicodusport.fr\/blog\/lol-ne-sera-pas-rachete-par-john-textor\/#primaryimage"},"thumbnailUrl":"https:\/\/dicodusport.fr\/blog\/wp-content\/uploads\/2022\/10\/Vente-OL-John-Textor-apporte-a-preuve-du-financement-pour-le-rachat.png","keywords":["Football","Ligue 1","OL","Olympique lyonnais"],"articleSection":["Football","Ligue 1"],"inLanguage":"fr-FR","potentialAction":[{"@type":"CommentAction","name":"Comment","target":["https:\/\/dicodusport.fr\/blog\/lol-ne-sera-pas-rachete-par-john-textor\/#respond"]}],"copyrightYear":"2022","copyrightHolder":{"@id":"https:\/\/dicodusport.fr\/blog\/#organization"}},{"@type":"WebPage","@id":"https:\/\/dicodusport.fr\/blog\/lol-ne-sera-pas-rachete-par-john-textor\/","url":"https:\/\/dicodusport.fr\/blog\/lol-ne-sera-pas-rachete-par-john-textor\/","name":"L'OL ne sera pas rachet\u00e9 par John Textor","isPartOf":{"@id":"https:\/\/dicodusport.fr\/blog\/#website"},"primaryImageOfPage":{"@id":"https:\/\/dicodusport.fr\/blog\/lol-ne-sera-pas-rachete-par-john-textor\/#primaryimage"},"image":{"@id":"https:\/\/dicodusport.fr\/blog\/lol-ne-sera-pas-rachete-par-john-textor\/#primaryimage"},"thumbnailUrl":"https:\/\/dicodusport.fr\/blog\/wp-content\/uploads\/2022\/10\/Vente-OL-John-Textor-apporte-a-preuve-du-financement-pour-le-rachat.png","datePublished":"2022-12-08T15:05:34+00:00","dateModified":"2022-12-08T15:24:02+00:00","description":"LIGUE 1 2022-2023 - Selon nos confr\u00e8res de Canal+, le rachat de l'Olympique Lyonnais par John Textor va tomber \u00e0 l'eau.\u00a0","breadcrumb":{"@id":"https:\/\/dicodusport.fr\/blog\/lol-ne-sera-pas-rachete-par-john-textor\/#breadcrumb"},"inLanguage":"fr-FR","potentialAction":[{"@type":"ReadAction","target":["https:\/\/dicodusport.fr\/blog\/lol-ne-sera-pas-rachete-par-john-textor\/"]}]},{"@type":"ImageObject","inLanguage":"fr-FR","@id":"https:\/\/dicodusport.fr\/blog\/lol-ne-sera-pas-rachete-par-john-textor\/#primaryimage","url":"https:\/\/dicodusport.fr\/blog\/wp-content\/uploads\/2022\/10\/Vente-OL-John-Textor-apporte-a-preuve-du-financement-pour-le-rachat.png","contentUrl":"https:\/\/dicodusport.fr\/blog\/wp-content\/uploads\/2022\/10\/Vente-OL-John-Textor-apporte-a-preuve-du-financement-pour-le-rachat.png","width":800,"height":445},{"@type":"BreadcrumbList","@id":"https:\/\/dicodusport.fr\/blog\/lol-ne-sera-pas-rachete-par-john-textor\/#breadcrumb","itemListElement":[{"@type":"ListItem","position":1,"name":"Accueil","item":"https:\/\/dicodusport.fr\/blog\/"},{"@type":"ListItem","position":2,"name":"L&rsquo;OL ne sera pas rachet\u00e9 par John Textor"}]},{"@type":"WebSite","@id":"https:\/\/dicodusport.fr\/blog\/#website","url":"https:\/\/dicodusport.fr\/blog\/","name":"Dicodusport","description":"L&#039;encyclop\u00e9die de l&#039;actualit\u00e9 sportive","publisher":{"@id":"https:\/\/dicodusport.fr\/blog\/#organization"},"potentialAction":[{"@type":"SearchAction","target":{"@type":"EntryPoint","urlTemplate":"https:\/\/dicodusport.fr\/blog\/?s={search_term_string}"},"query-input":{"@type":"PropertyValueSpecification","valueRequired":true,"valueName":"search_term_string"}}],"inLanguage":"fr-FR"},{"@type":"NewsMediaOrganization","@id":"https:\/\/dicodusport.fr\/blog\/#organization","name":"Dicodusport","url":"https:\/\/dicodusport.fr\/blog\/","logo":{"@type":"ImageObject","inLanguage":"fr-FR","@id":"https:\/\/dicodusport.fr\/blog\/#\/schema\/logo\/image\/","url":"https:\/\/dicodusport.fr\/blog\/wp-content\/uploads\/2020\/06\/cropped-LOGO-DICODUSPORT-2020-SANS-FOND-SANS-TEXTE.png","contentUrl":"https:\/\/dicodusport.fr\/blog\/wp-content\/uploads\/2020\/06\/cropped-LOGO-DICODUSPORT-2020-SANS-FOND-SANS-TEXTE.png","width":512,"height":512,"caption":"Dicodusport"},"image":{"@id":"https:\/\/dicodusport.fr\/blog\/#\/schema\/logo\/image\/"},"sameAs":["https:\/\/www.facebook.com\/dicodusport","https:\/\/x.com\/dicodusport","https:\/\/www.instagram.com\/dicodusport\/","https:\/\/www.youtube.com\/channel\/UC7V2KZ5sd3htJivAbA4ZG3w"],"description":"Dicodusport est l'encyclop\u00e9die de l'actualit\u00e9 sportive.","email":"bonjour@dicodusport.fr","legalName":"DICODUSPORT","foundingDate":"2018-01-14","vatID":"FR71834470973","taxID":"83447097300043","numberOfEmployees":{"@type":"QuantitativeValue","minValue":"1","maxValue":"10"}},{"@type":"Person","@id":"https:\/\/dicodusport.fr\/blog\/#\/schema\/person\/55dcb50ad410894e431ed812bbb70191","name":"Nicolas Jacquemard","image":{"@type":"ImageObject","inLanguage":"fr-FR","@id":"https:\/\/dicodusport.fr\/blog\/#\/schema\/person\/image\/","url":"https:\/\/dicodusport.fr\/blog\/wp-content\/uploads\/2021\/05\/Nicolas-Jacquemard-150x150.jpeg","contentUrl":"https:\/\/dicodusport.fr\/blog\/wp-content\/uploads\/2021\/05\/Nicolas-Jacquemard-150x150.jpeg","caption":"Nicolas Jacquemard"},"description":"Passionn\u00e9 de sport et entrepreneur depuis mes 18 ans, la cr\u00e9ation de Dicodusport m'a sembl\u00e9 \u00e9vidente pour participer \u00e0 la m\u00e9diatisation d'un plus grand nombre de sports. Le chemin est long mais avec une \u00e9quipe des plus motiv\u00e9es et les Jeux Olympiques de Paris 2024 en point de mire, nous y arriverons ! Journaliste dans le monde du sport depuis plus de 5 ans, je traite aussi bien de football, de rugby, de biathlon que de cyclisme.","sameAs":["https:\/\/www.facebook.com\/dicodusport","https:\/\/x.com\/https:\/\/twitter.com\/Nico_Jacquemard"],"url":"https:\/\/dicodusport.fr\/blog\/author\/dicodusport\/"}]}},"_links":{"self":[{"href":"https:\/\/dicodusport.fr\/blog\/wp-json\/wp\/v2\/posts\/286437","targetHints":{"allow":["GET"]}}],"collection":[{"href":"https:\/\/dicodusport.fr\/blog\/wp-json\/wp\/v2\/posts"}],"about":[{"href":"https:\/\/dicodusport.fr\/blog\/wp-json\/wp\/v2\/types\/post"}],"author":[{"embeddable":true,"href":"https:\/\/dicodusport.fr\/blog\/wp-json\/wp\/v2\/users\/1"}],"replies":[{"embeddable":true,"href":"https:\/\/dicodusport.fr\/blog\/wp-json\/wp\/v2\/comments?post=286437"}],"version-history":[{"count":0,"href":"https:\/\/dicodusport.fr\/blog\/wp-json\/wp\/v2\/posts\/286437\/revisions"}],"wp:featuredmedia":[{"embeddable":true,"href":"https:\/\/dicodusport.fr\/blog\/wp-json\/wp\/v2\/media\/273176"}],"wp:attachment":[{"href":"https:\/\/dicodusport.fr\/blog\/wp-json\/wp\/v2\/media?parent=286437"}],"wp:term":[{"taxonomy":"category","embeddable":true,"href":"https:\/\/dicodusport.fr\/blog\/wp-json\/wp\/v2\/categories?post=286437"},{"taxonomy":"post_tag","embeddable":true,"href":"https:\/\/dicodusport.fr\/blog\/wp-json\/wp\/v2\/tags?post=286437"}],"curies":[{"name":"wp","href":"https:\/\/api.w.org\/{rel}","templated":true}]}}