{"id":28645,"date":"2018-11-05T14:57:01","date_gmt":"2018-11-05T13:57:01","guid":{"rendered":"http:\/\/dicodusport.fr\/blog\/?p=28645"},"modified":"2021-07-27T10:03:58","modified_gmt":"2021-07-27T08:03:58","slug":"la-femme-du-week-end-vous-avez-elu-simone-biles","status":"publish","type":"post","link":"https:\/\/dicodusport.fr\/blog\/la-femme-du-week-end-vous-avez-elu-simone-biles\/","title":{"rendered":"La femme du week-end : vous avez \u00e9lu Simone Biles"},"content":{"rendered":"<p style=\"text-align: justify;\"><strong><em>Sans surprise, <a href=\"https:\/\/dicodusport.fr\/blog\/qui-est-la-femme-du-week-end-biles\/\" target=\"_blank\" rel=\"noopener\">vous avez \u00e9lu la gymnaste am\u00e9ricaine Simone Biles<\/a> pour le titre de femme du week-end.<\/em><\/strong><\/p>\n<p style=\"text-align: justify;\">14. C&rsquo;est le nombre de titres mondiaux d\u00e9croch\u00e9s par l&rsquo;Am\u00e9ricaine de 21 ans. Apr\u00e8s ses 10 sacres cumul\u00e9s lors des Mondiaux d&rsquo;Anvers en 2013, Nanning en 2014 et Glasgow en 2015, la native de Columbus dans l&rsquo;Ohio a glan\u00e9 quatre nouveau titres \u00e0 Doha : sur les concours g\u00e9n\u00e9raux par \u00e9quipes et en individuel, mais aussi au saut de cheval et au sol, Simone Biles n&rsquo;a pas fait dans la dentelle pour son retour \u00e0 la comp\u00e9tition sur la sc\u00e8ne internationale.<\/p>\n<p style=\"text-align: justify;\">Apr\u00e8s une longue ann\u00e9e sabbatique durant laquelle elle avait avou\u00e9 avoir \u00e9t\u00e9 abus\u00e9e sexuellement quelques mois plus t\u00f4t par Larry Nassar, l&rsquo;ancien m\u00e9decin de l&rsquo;\u00e9quipe am\u00e9ricaine, la quadruple championne olympique \u00e0 Rio a donc remis les pendules \u00e0 l&rsquo;heure, \u00e0 deux ans des JO de Tokyo\u00a0p\u00f9 elle partira une nouvelle fois favorite.<\/p>\n<p style=\"text-align: justify;\">Avec ses quatre nouvelles couronnes mondiales, elle efface des tablettes le Bi\u00e9lorusse Vitaly Scherbo, qui \u00e9tait jusque-l\u00e0 le recordman du nombre de sacres mondiaux en gymnastique, avec 12 m\u00e9dailles d&rsquo;or. Elle \u00e9gale par la m\u00eame occasion la Russe Svetlana Khorkina au nombre des m\u00e9dailles d\u00e9croch\u00e9es sur les championnats du monde (20). Car oui, en plus de ses quatre breloques en or, l&rsquo;Am\u00e9ricaine a \u00e9galement l&rsquo;argent aux barres asym\u00e9triques et le bronze \u00e0 la poutre. Si elle n&rsquo;est pas invincible, Simone Biles reste l&rsquo;un des grands ph\u00e9nom\u00e8nes du sport mondial actuellement.<\/p>\n<p><strong><em>Flo Ostermann<br \/>\n<a href=\"https:\/\/www.facebook.com\/florent.ostermann\"><img loading=\"lazy\" decoding=\"async\" class=\"alignnone wp-image-2909\" src=\"http:\/\/dicodusport.fr\/blog\/wp-content\/uploads\/2017\/07\/logo-facebook-150x150.png\" sizes=\"auto, (max-width: 40px) 100vw, 40px\" srcset=\"https:\/\/dicodusport.fr\/blog\/wp-content\/uploads\/2017\/07\/logo-facebook-150x150.png 150w, https:\/\/dicodusport.fr\/blog\/wp-content\/uploads\/2017\/07\/logo-facebook-300x300.png 300w, https:\/\/dicodusport.fr\/blog\/wp-content\/uploads\/2017\/07\/logo-facebook.png 400w\" alt=\"\" width=\"40\" height=\"40\" \/><\/a><a href=\"https:\/\/twitter.com\/SportInsideMag\"><img loading=\"lazy\" decoding=\"async\" class=\"alignnone wp-image-2908\" src=\"http:\/\/dicodusport.fr\/blog\/wp-content\/uploads\/2017\/07\/logo-twitter-150x150.png\" alt=\"\" width=\"39\" height=\"39\" \/><\/a><\/em><\/strong><\/p>\n","protected":false},"excerpt":{"rendered":"<p>Sans surprise, vous avez \u00e9lu la gymnaste am\u00e9ricaine Simone Biles pour le titre de femme du week-end.<\/p>\n","protected":false},"author":4,"featured_media":150968,"comment_status":"open","ping_status":"closed","sticky":false,"template":"","format":"standard","meta":{"_acf_changed":false,"_daextam_enable_autolinks":"","footnotes":""},"categories":[2,2314],"tags":[4800,6587],"class_list":["post-28645","post","type-post","status-publish","format-standard","has-post-thumbnail","hentry","category-actualites","category-sports-artistiques","tag-femme-du-week-end","tag-simone-biles"],"acf":[],"yoast_head":"<!-- This site is optimized with the Yoast SEO Premium plugin v26.7 (Yoast SEO v26.7) - https:\/\/yoast.com\/wordpress\/plugins\/seo\/ -->\n<title>La femme du week-end : vous avez \u00e9lu Simone Biles<\/title>\n<meta name=\"description\" content=\"Sans surprise, vous avez \u00e9lu la gymnaste am\u00e9ricaine Simone Biles pour le titre de femme du week-end.\" \/>\n<meta name=\"robots\" content=\"index, follow, max-snippet:-1, max-image-preview:large, max-video-preview:-1\" \/>\n<link rel=\"canonical\" href=\"https:\/\/dicodusport.fr\/blog\/la-femme-du-week-end-vous-avez-elu-simone-biles\/\" \/>\n<meta property=\"og:locale\" content=\"fr_FR\" \/>\n<meta property=\"og:type\" content=\"article\" \/>\n<meta property=\"og:title\" content=\"La femme du week-end : vous avez \u00e9lu Simone Biles\" \/>\n<meta property=\"og:description\" content=\"Sans surprise, vous avez \u00e9lu la gymnaste am\u00e9ricaine Simone Biles pour le titre de femme du week-end.\" \/>\n<meta property=\"og:url\" content=\"https:\/\/dicodusport.fr\/blog\/la-femme-du-week-end-vous-avez-elu-simone-biles\/\" \/>\n<meta property=\"og:site_name\" content=\"Dicodusport\" \/>\n<meta property=\"article:publisher\" content=\"https:\/\/www.facebook.com\/dicodusport\" \/>\n<meta property=\"article:author\" content=\"https:\/\/www.facebook.com\/florent.ostermann\" \/>\n<meta property=\"article:published_time\" content=\"2018-11-05T13:57:01+00:00\" \/>\n<meta property=\"article:modified_time\" content=\"2021-07-27T08:03:58+00:00\" \/>\n<meta property=\"og:image\" content=\"https:\/\/dicodusport.fr\/blog\/wp-content\/uploads\/2018\/11\/Vous-avez-e\u0301lu-Simone-Biles.png\" \/>\n\t<meta property=\"og:image:width\" content=\"800\" \/>\n\t<meta property=\"og:image:height\" content=\"445\" \/>\n\t<meta property=\"og:image:type\" content=\"image\/png\" \/>\n<meta name=\"author\" content=\"Flo Ostermann\" \/>\n<meta name=\"twitter:card\" content=\"summary_large_image\" \/>\n<meta name=\"twitter:creator\" content=\"@https:\/\/twitter.com\/FlOstermann\" \/>\n<meta name=\"twitter:site\" content=\"@dicodusport\" \/>\n<script type=\"application\/ld+json\" class=\"yoast-schema-graph\">{\"@context\":\"https:\/\/schema.org\",\"@graph\":[{\"@type\":\"NewsArticle\",\"@id\":\"https:\/\/dicodusport.fr\/blog\/la-femme-du-week-end-vous-avez-elu-simone-biles\/#article\",\"isPartOf\":{\"@id\":\"https:\/\/dicodusport.fr\/blog\/la-femme-du-week-end-vous-avez-elu-simone-biles\/\"},\"author\":{\"name\":\"Flo Ostermann\",\"@id\":\"https:\/\/dicodusport.fr\/blog\/#\/schema\/person\/cb02af4c173ce4a653b55e9baf388d4a\"},\"headline\":\"La femme du week-end : vous avez \u00e9lu Simone Biles\",\"datePublished\":\"2018-11-05T13:57:01+00:00\",\"dateModified\":\"2021-07-27T08:03:58+00:00\",\"mainEntityOfPage\":{\"@id\":\"https:\/\/dicodusport.fr\/blog\/la-femme-du-week-end-vous-avez-elu-simone-biles\/\"},\"wordCount\":276,\"commentCount\":0,\"publisher\":{\"@id\":\"https:\/\/dicodusport.fr\/blog\/#organization\"},\"image\":{\"@id\":\"https:\/\/dicodusport.fr\/blog\/la-femme-du-week-end-vous-avez-elu-simone-biles\/#primaryimage\"},\"thumbnailUrl\":\"https:\/\/dicodusport.fr\/blog\/wp-content\/uploads\/2018\/11\/Vous-avez-e\u0301lu-Simone-Biles.png\",\"keywords\":[\"femme du week-end\",\"Simone Biles\"],\"articleSection\":[\"Actualit\u00e9s\",\"Sports artistiques\"],\"inLanguage\":\"fr-FR\",\"potentialAction\":[{\"@type\":\"CommentAction\",\"name\":\"Comment\",\"target\":[\"https:\/\/dicodusport.fr\/blog\/la-femme-du-week-end-vous-avez-elu-simone-biles\/#respond\"]}],\"copyrightYear\":\"2018\",\"copyrightHolder\":{\"@id\":\"https:\/\/dicodusport.fr\/blog\/#organization\"}},{\"@type\":\"WebPage\",\"@id\":\"https:\/\/dicodusport.fr\/blog\/la-femme-du-week-end-vous-avez-elu-simone-biles\/\",\"url\":\"https:\/\/dicodusport.fr\/blog\/la-femme-du-week-end-vous-avez-elu-simone-biles\/\",\"name\":\"La femme du week-end : vous avez \u00e9lu Simone Biles\",\"isPartOf\":{\"@id\":\"https:\/\/dicodusport.fr\/blog\/#website\"},\"primaryImageOfPage\":{\"@id\":\"https:\/\/dicodusport.fr\/blog\/la-femme-du-week-end-vous-avez-elu-simone-biles\/#primaryimage\"},\"image\":{\"@id\":\"https:\/\/dicodusport.fr\/blog\/la-femme-du-week-end-vous-avez-elu-simone-biles\/#primaryimage\"},\"thumbnailUrl\":\"https:\/\/dicodusport.fr\/blog\/wp-content\/uploads\/2018\/11\/Vous-avez-e\u0301lu-Simone-Biles.png\",\"datePublished\":\"2018-11-05T13:57:01+00:00\",\"dateModified\":\"2021-07-27T08:03:58+00:00\",\"description\":\"Sans surprise, vous avez \u00e9lu la gymnaste am\u00e9ricaine Simone Biles pour le titre de femme du week-end.\",\"breadcrumb\":{\"@id\":\"https:\/\/dicodusport.fr\/blog\/la-femme-du-week-end-vous-avez-elu-simone-biles\/#breadcrumb\"},\"inLanguage\":\"fr-FR\",\"potentialAction\":[{\"@type\":\"ReadAction\",\"target\":[\"https:\/\/dicodusport.fr\/blog\/la-femme-du-week-end-vous-avez-elu-simone-biles\/\"]}]},{\"@type\":\"ImageObject\",\"inLanguage\":\"fr-FR\",\"@id\":\"https:\/\/dicodusport.fr\/blog\/la-femme-du-week-end-vous-avez-elu-simone-biles\/#primaryimage\",\"url\":\"https:\/\/dicodusport.fr\/blog\/wp-content\/uploads\/2018\/11\/Vous-avez-e\u0301lu-Simone-Biles.png\",\"contentUrl\":\"https:\/\/dicodusport.fr\/blog\/wp-content\/uploads\/2018\/11\/Vous-avez-e\u0301lu-Simone-Biles.png\",\"width\":800,\"height\":445},{\"@type\":\"BreadcrumbList\",\"@id\":\"https:\/\/dicodusport.fr\/blog\/la-femme-du-week-end-vous-avez-elu-simone-biles\/#breadcrumb\",\"itemListElement\":[{\"@type\":\"ListItem\",\"position\":1,\"name\":\"Accueil\",\"item\":\"https:\/\/dicodusport.fr\/blog\/\"},{\"@type\":\"ListItem\",\"position\":2,\"name\":\"La femme du week-end : vous avez \u00e9lu Simone Biles\"}]},{\"@type\":\"WebSite\",\"@id\":\"https:\/\/dicodusport.fr\/blog\/#website\",\"url\":\"https:\/\/dicodusport.fr\/blog\/\",\"name\":\"Dicodusport\",\"description\":\"L&#039;encyclop\u00e9die de l&#039;actualit\u00e9 sportive\",\"publisher\":{\"@id\":\"https:\/\/dicodusport.fr\/blog\/#organization\"},\"potentialAction\":[{\"@type\":\"SearchAction\",\"target\":{\"@type\":\"EntryPoint\",\"urlTemplate\":\"https:\/\/dicodusport.fr\/blog\/?s={search_term_string}\"},\"query-input\":{\"@type\":\"PropertyValueSpecification\",\"valueRequired\":true,\"valueName\":\"search_term_string\"}}],\"inLanguage\":\"fr-FR\"},{\"@type\":\"NewsMediaOrganization\",\"@id\":\"https:\/\/dicodusport.fr\/blog\/#organization\",\"name\":\"Dicodusport\",\"url\":\"https:\/\/dicodusport.fr\/blog\/\",\"logo\":{\"@type\":\"ImageObject\",\"inLanguage\":\"fr-FR\",\"@id\":\"https:\/\/dicodusport.fr\/blog\/#\/schema\/logo\/image\/\",\"url\":\"https:\/\/dicodusport.fr\/blog\/wp-content\/uploads\/2020\/06\/cropped-LOGO-DICODUSPORT-2020-SANS-FOND-SANS-TEXTE.png\",\"contentUrl\":\"https:\/\/dicodusport.fr\/blog\/wp-content\/uploads\/2020\/06\/cropped-LOGO-DICODUSPORT-2020-SANS-FOND-SANS-TEXTE.png\",\"width\":512,\"height\":512,\"caption\":\"Dicodusport\"},\"image\":{\"@id\":\"https:\/\/dicodusport.fr\/blog\/#\/schema\/logo\/image\/\"},\"sameAs\":[\"https:\/\/www.facebook.com\/dicodusport\",\"https:\/\/x.com\/dicodusport\",\"https:\/\/www.instagram.com\/dicodusport\/\",\"https:\/\/www.youtube.com\/channel\/UC7V2KZ5sd3htJivAbA4ZG3w\"],\"description\":\"Dicodusport est l'encyclop\u00e9die de l'actualit\u00e9 sportive.\",\"email\":\"bonjour@dicodusport.fr\",\"legalName\":\"DICODUSPORT\",\"foundingDate\":\"2018-01-14\",\"vatID\":\"FR71834470973\",\"taxID\":\"83447097300043\",\"numberOfEmployees\":{\"@type\":\"QuantitativeValue\",\"minValue\":\"1\",\"maxValue\":\"10\"}},{\"@type\":\"Person\",\"@id\":\"https:\/\/dicodusport.fr\/blog\/#\/schema\/person\/cb02af4c173ce4a653b55e9baf388d4a\",\"name\":\"Flo Ostermann\",\"image\":{\"@type\":\"ImageObject\",\"inLanguage\":\"fr-FR\",\"@id\":\"https:\/\/dicodusport.fr\/blog\/#\/schema\/person\/image\/\",\"url\":\"https:\/\/dicodusport.fr\/blog\/wp-content\/uploads\/2021\/05\/Flo-Ostermann-150x150.jpg\",\"contentUrl\":\"https:\/\/dicodusport.fr\/blog\/wp-content\/uploads\/2021\/05\/Flo-Ostermann-150x150.jpg\",\"caption\":\"Flo Ostermann\"},\"description\":\"Journaliste\/R\u00e9dacteur depuis septembre 2015 - Mes premiers souvenirs dans le sport ? Les envol\u00e9es du Stade Toulousain et les duels Villeneuve-Schumacher et H\u00e4kkinen-Schumacher \u00e0 la fin des ann\u00e9es 90, la Coupe du monde de football en 1998, l\u2019exploit du XV de France face aux All Blacks en 1999, mais aussi Richard C\u0153ur de Lion qui vole sur les montagnes du Tour de France. Bien parti pour devenir professeur d\u2019EPS, les \u00e9v\u00e9nements de la vie (et la flemme d\u2019animer des s\u00e9ances de 3x500 m\u00e8tres toute ma vie) m\u2019ont conduit \u00e0 revoir mes plans. Me voil\u00e0 depuis fin 2017 sur Dicodusport, m\u00e9dia gr\u00e2ce (et pour) lequel je partage ma passion : le sport dans tous ses \u00e9tats. Le tout accompagn\u00e9 par les fous furieux et folles furieuses cit\u00e9s sur cette page !\",\"sameAs\":[\"https:\/\/www.facebook.com\/florent.ostermann\",\"https:\/\/x.com\/https:\/\/twitter.com\/FlOstermann\",\"admin\"],\"url\":\"https:\/\/dicodusport.fr\/blog\/author\/flo\/\"}]}<\/script>\n<!-- \/ Yoast SEO Premium plugin. -->","yoast_head_json":{"title":"La femme du week-end : vous avez \u00e9lu Simone Biles","description":"Sans surprise, vous avez \u00e9lu la gymnaste am\u00e9ricaine Simone Biles pour le titre de femme du week-end.","robots":{"index":"index","follow":"follow","max-snippet":"max-snippet:-1","max-image-preview":"max-image-preview:large","max-video-preview":"max-video-preview:-1"},"canonical":"https:\/\/dicodusport.fr\/blog\/la-femme-du-week-end-vous-avez-elu-simone-biles\/","og_locale":"fr_FR","og_type":"article","og_title":"La femme du week-end : vous avez \u00e9lu Simone Biles","og_description":"Sans surprise, vous avez \u00e9lu la gymnaste am\u00e9ricaine Simone Biles pour le titre de femme du week-end.","og_url":"https:\/\/dicodusport.fr\/blog\/la-femme-du-week-end-vous-avez-elu-simone-biles\/","og_site_name":"Dicodusport","article_publisher":"https:\/\/www.facebook.com\/dicodusport","article_author":"https:\/\/www.facebook.com\/florent.ostermann","article_published_time":"2018-11-05T13:57:01+00:00","article_modified_time":"2021-07-27T08:03:58+00:00","og_image":[{"width":800,"height":445,"url":"https:\/\/dicodusport.fr\/blog\/wp-content\/uploads\/2018\/11\/Vous-avez-e\u0301lu-Simone-Biles.png","type":"image\/png"}],"author":"Flo Ostermann","twitter_card":"summary_large_image","twitter_creator":"@https:\/\/twitter.com\/FlOstermann","twitter_site":"@dicodusport","schema":{"@context":"https:\/\/schema.org","@graph":[{"@type":"NewsArticle","@id":"https:\/\/dicodusport.fr\/blog\/la-femme-du-week-end-vous-avez-elu-simone-biles\/#article","isPartOf":{"@id":"https:\/\/dicodusport.fr\/blog\/la-femme-du-week-end-vous-avez-elu-simone-biles\/"},"author":{"name":"Flo Ostermann","@id":"https:\/\/dicodusport.fr\/blog\/#\/schema\/person\/cb02af4c173ce4a653b55e9baf388d4a"},"headline":"La femme du week-end : vous avez \u00e9lu Simone Biles","datePublished":"2018-11-05T13:57:01+00:00","dateModified":"2021-07-27T08:03:58+00:00","mainEntityOfPage":{"@id":"https:\/\/dicodusport.fr\/blog\/la-femme-du-week-end-vous-avez-elu-simone-biles\/"},"wordCount":276,"commentCount":0,"publisher":{"@id":"https:\/\/dicodusport.fr\/blog\/#organization"},"image":{"@id":"https:\/\/dicodusport.fr\/blog\/la-femme-du-week-end-vous-avez-elu-simone-biles\/#primaryimage"},"thumbnailUrl":"https:\/\/dicodusport.fr\/blog\/wp-content\/uploads\/2018\/11\/Vous-avez-e\u0301lu-Simone-Biles.png","keywords":["femme du week-end","Simone Biles"],"articleSection":["Actualit\u00e9s","Sports artistiques"],"inLanguage":"fr-FR","potentialAction":[{"@type":"CommentAction","name":"Comment","target":["https:\/\/dicodusport.fr\/blog\/la-femme-du-week-end-vous-avez-elu-simone-biles\/#respond"]}],"copyrightYear":"2018","copyrightHolder":{"@id":"https:\/\/dicodusport.fr\/blog\/#organization"}},{"@type":"WebPage","@id":"https:\/\/dicodusport.fr\/blog\/la-femme-du-week-end-vous-avez-elu-simone-biles\/","url":"https:\/\/dicodusport.fr\/blog\/la-femme-du-week-end-vous-avez-elu-simone-biles\/","name":"La femme du week-end : vous avez \u00e9lu Simone Biles","isPartOf":{"@id":"https:\/\/dicodusport.fr\/blog\/#website"},"primaryImageOfPage":{"@id":"https:\/\/dicodusport.fr\/blog\/la-femme-du-week-end-vous-avez-elu-simone-biles\/#primaryimage"},"image":{"@id":"https:\/\/dicodusport.fr\/blog\/la-femme-du-week-end-vous-avez-elu-simone-biles\/#primaryimage"},"thumbnailUrl":"https:\/\/dicodusport.fr\/blog\/wp-content\/uploads\/2018\/11\/Vous-avez-e\u0301lu-Simone-Biles.png","datePublished":"2018-11-05T13:57:01+00:00","dateModified":"2021-07-27T08:03:58+00:00","description":"Sans surprise, vous avez \u00e9lu la gymnaste am\u00e9ricaine Simone Biles pour le titre de femme du week-end.","breadcrumb":{"@id":"https:\/\/dicodusport.fr\/blog\/la-femme-du-week-end-vous-avez-elu-simone-biles\/#breadcrumb"},"inLanguage":"fr-FR","potentialAction":[{"@type":"ReadAction","target":["https:\/\/dicodusport.fr\/blog\/la-femme-du-week-end-vous-avez-elu-simone-biles\/"]}]},{"@type":"ImageObject","inLanguage":"fr-FR","@id":"https:\/\/dicodusport.fr\/blog\/la-femme-du-week-end-vous-avez-elu-simone-biles\/#primaryimage","url":"https:\/\/dicodusport.fr\/blog\/wp-content\/uploads\/2018\/11\/Vous-avez-e\u0301lu-Simone-Biles.png","contentUrl":"https:\/\/dicodusport.fr\/blog\/wp-content\/uploads\/2018\/11\/Vous-avez-e\u0301lu-Simone-Biles.png","width":800,"height":445},{"@type":"BreadcrumbList","@id":"https:\/\/dicodusport.fr\/blog\/la-femme-du-week-end-vous-avez-elu-simone-biles\/#breadcrumb","itemListElement":[{"@type":"ListItem","position":1,"name":"Accueil","item":"https:\/\/dicodusport.fr\/blog\/"},{"@type":"ListItem","position":2,"name":"La femme du week-end : vous avez \u00e9lu Simone Biles"}]},{"@type":"WebSite","@id":"https:\/\/dicodusport.fr\/blog\/#website","url":"https:\/\/dicodusport.fr\/blog\/","name":"Dicodusport","description":"L&#039;encyclop\u00e9die de l&#039;actualit\u00e9 sportive","publisher":{"@id":"https:\/\/dicodusport.fr\/blog\/#organization"},"potentialAction":[{"@type":"SearchAction","target":{"@type":"EntryPoint","urlTemplate":"https:\/\/dicodusport.fr\/blog\/?s={search_term_string}"},"query-input":{"@type":"PropertyValueSpecification","valueRequired":true,"valueName":"search_term_string"}}],"inLanguage":"fr-FR"},{"@type":"NewsMediaOrganization","@id":"https:\/\/dicodusport.fr\/blog\/#organization","name":"Dicodusport","url":"https:\/\/dicodusport.fr\/blog\/","logo":{"@type":"ImageObject","inLanguage":"fr-FR","@id":"https:\/\/dicodusport.fr\/blog\/#\/schema\/logo\/image\/","url":"https:\/\/dicodusport.fr\/blog\/wp-content\/uploads\/2020\/06\/cropped-LOGO-DICODUSPORT-2020-SANS-FOND-SANS-TEXTE.png","contentUrl":"https:\/\/dicodusport.fr\/blog\/wp-content\/uploads\/2020\/06\/cropped-LOGO-DICODUSPORT-2020-SANS-FOND-SANS-TEXTE.png","width":512,"height":512,"caption":"Dicodusport"},"image":{"@id":"https:\/\/dicodusport.fr\/blog\/#\/schema\/logo\/image\/"},"sameAs":["https:\/\/www.facebook.com\/dicodusport","https:\/\/x.com\/dicodusport","https:\/\/www.instagram.com\/dicodusport\/","https:\/\/www.youtube.com\/channel\/UC7V2KZ5sd3htJivAbA4ZG3w"],"description":"Dicodusport est l'encyclop\u00e9die de l'actualit\u00e9 sportive.","email":"bonjour@dicodusport.fr","legalName":"DICODUSPORT","foundingDate":"2018-01-14","vatID":"FR71834470973","taxID":"83447097300043","numberOfEmployees":{"@type":"QuantitativeValue","minValue":"1","maxValue":"10"}},{"@type":"Person","@id":"https:\/\/dicodusport.fr\/blog\/#\/schema\/person\/cb02af4c173ce4a653b55e9baf388d4a","name":"Flo Ostermann","image":{"@type":"ImageObject","inLanguage":"fr-FR","@id":"https:\/\/dicodusport.fr\/blog\/#\/schema\/person\/image\/","url":"https:\/\/dicodusport.fr\/blog\/wp-content\/uploads\/2021\/05\/Flo-Ostermann-150x150.jpg","contentUrl":"https:\/\/dicodusport.fr\/blog\/wp-content\/uploads\/2021\/05\/Flo-Ostermann-150x150.jpg","caption":"Flo Ostermann"},"description":"Journaliste\/R\u00e9dacteur depuis septembre 2015 - Mes premiers souvenirs dans le sport ? Les envol\u00e9es du Stade Toulousain et les duels Villeneuve-Schumacher et H\u00e4kkinen-Schumacher \u00e0 la fin des ann\u00e9es 90, la Coupe du monde de football en 1998, l\u2019exploit du XV de France face aux All Blacks en 1999, mais aussi Richard C\u0153ur de Lion qui vole sur les montagnes du Tour de France. Bien parti pour devenir professeur d\u2019EPS, les \u00e9v\u00e9nements de la vie (et la flemme d\u2019animer des s\u00e9ances de 3x500 m\u00e8tres toute ma vie) m\u2019ont conduit \u00e0 revoir mes plans. Me voil\u00e0 depuis fin 2017 sur Dicodusport, m\u00e9dia gr\u00e2ce (et pour) lequel je partage ma passion : le sport dans tous ses \u00e9tats. Le tout accompagn\u00e9 par les fous furieux et folles furieuses cit\u00e9s sur cette page !","sameAs":["https:\/\/www.facebook.com\/florent.ostermann","https:\/\/x.com\/https:\/\/twitter.com\/FlOstermann","admin"],"url":"https:\/\/dicodusport.fr\/blog\/author\/flo\/"}]}},"_links":{"self":[{"href":"https:\/\/dicodusport.fr\/blog\/wp-json\/wp\/v2\/posts\/28645","targetHints":{"allow":["GET"]}}],"collection":[{"href":"https:\/\/dicodusport.fr\/blog\/wp-json\/wp\/v2\/posts"}],"about":[{"href":"https:\/\/dicodusport.fr\/blog\/wp-json\/wp\/v2\/types\/post"}],"author":[{"embeddable":true,"href":"https:\/\/dicodusport.fr\/blog\/wp-json\/wp\/v2\/users\/4"}],"replies":[{"embeddable":true,"href":"https:\/\/dicodusport.fr\/blog\/wp-json\/wp\/v2\/comments?post=28645"}],"version-history":[{"count":0,"href":"https:\/\/dicodusport.fr\/blog\/wp-json\/wp\/v2\/posts\/28645\/revisions"}],"wp:featuredmedia":[{"embeddable":true,"href":"https:\/\/dicodusport.fr\/blog\/wp-json\/wp\/v2\/media\/150968"}],"wp:attachment":[{"href":"https:\/\/dicodusport.fr\/blog\/wp-json\/wp\/v2\/media?parent=28645"}],"wp:term":[{"taxonomy":"category","embeddable":true,"href":"https:\/\/dicodusport.fr\/blog\/wp-json\/wp\/v2\/categories?post=28645"},{"taxonomy":"post_tag","embeddable":true,"href":"https:\/\/dicodusport.fr\/blog\/wp-json\/wp\/v2\/tags?post=28645"}],"curies":[{"name":"wp","href":"https:\/\/api.w.org\/{rel}","templated":true}]}}