{"id":286600,"date":"2022-12-09T11:41:47","date_gmt":"2022-12-09T10:41:47","guid":{"rendered":"https:\/\/dicodusport.fr\/blog\/?p=286600&#038;preview=true&#038;preview_id=286600"},"modified":"2022-12-09T11:47:15","modified_gmt":"2022-12-09T10:47:15","slug":"thibaut-pinot-de-retour-sur-le-giro-david-gaudu-sur-le-tour-de-france","status":"publish","type":"post","link":"https:\/\/dicodusport.fr\/blog\/thibaut-pinot-de-retour-sur-le-giro-david-gaudu-sur-le-tour-de-france\/","title":{"rendered":"Thibaut Pinot de retour sur le Giro, David Gaudu sur le Tour de France"},"content":{"rendered":"<p align=\"justify\"><em><strong>CYCLISME SUR ROUTE 2023 &#8211; Thibaut Pinot sera le leader de la Groupama-FDJ sur le <a href=\"https:\/\/dicodusport.fr\/blog\/tour-ditalie-2023-ce-quil-faut-retenir-du-parcours-de-la-106eme-edition-du-giro\/\">Tour d&rsquo;Italie 2023<\/a> (6 au 28 mai 2023). De son c\u00f4t\u00e9, David Gaudu tentera \u00e0 nouveau sa chance sur le <a href=\"https:\/\/dicodusport.fr\/blog\/le-parcours-du-tour-de-france-2023-avec-8-etapes-de-montagne\/\">Tour de France 2023<\/a> (1er au 23 juillet).\u00a0<\/strong><\/em><\/p>\n<p style=\"text-align: justify;\" align=\"justify\">Apr\u00e8s avoir pris part \u00e0 la <strong>Grande<\/strong> <strong>Boucle<\/strong> et \u00e0 la <strong>Vuelta<\/strong> en 2022, <strong>Thibaut<\/strong> <strong>Pinot<\/strong> sera sur le <strong>Giro<\/strong> en 2023. Pas de classement g\u00e9n\u00e9ral annonc\u00e9, mais une volont\u00e9 de gagner en montagne face aux meilleurs grimpeurs du peloton, et donc probablement de s&rsquo;accrocher \u00e0 une belle place finale. Le quatri\u00e8me du <strong>Tour d&rsquo;Italie<\/strong> 2017 s&rsquo;est expliqu\u00e9 sur le site de la <em>Groupama-FDJ<\/em>.<\/p>\n<blockquote>\n<p style=\"text-align: justify;\" align=\"justify\">Je vais retrouver les routes du Tour d&rsquo;Italie en mai prochain et j&rsquo;en suis tr\u00e8s heureux. Cinq ans apr\u00e8s ma derni\u00e8re participation et mon abandon, je dois prendre ma revanche sur cette course mythique. Le Giro sera l&rsquo;objectif principal de ma saison avec un but clair : gagner face aux meilleurs, \u00e0 la p\u00e9dale, sur des \u00e9tapes de montagne.<\/p>\n<\/blockquote>\n<p style=\"text-align: justify;\" align=\"justify\">Sans surprise, <strong>David<\/strong> <strong>Gaudu<\/strong> sera \u00e0 nouveau sur la <strong>Grande<\/strong> <strong>Boucle<\/strong>. Le quatri\u00e8me du Tour de France 2022 veut briller \u00e0 nouveau sur les routes du <strong>Tour de France<\/strong> en 2023, avec un objectif bien pr\u00e9cis : le podium. Sur les r\u00e9seaux sociaux de son \u00e9quipe, il s&rsquo;est \u00e9galement exprim\u00e9.<\/p>\n<blockquote>\n<p style=\"text-align: justify;\" align=\"justify\">Nous sommes parvenus, avec un grand travail d&rsquo;\u00e9quipe, \u00e0 conqu\u00e9rir la quatri\u00e8me place sur l&rsquo;\u00e9dition 2022, mais nous continuons de viser toujours plus haut : le podium.<\/p>\n<\/blockquote>\n<p style=\"text-align: justify;\" align=\"justify\">Enfin, pour <strong>Arnaud<\/strong> <strong>D\u00e9mare<\/strong>, le choix du <strong>Grand Tour<\/strong> ne semble pas arr\u00eat\u00e9, puisqu&rsquo;aucune annonce n&rsquo;a \u00e9t\u00e9 faite dans ce sens ce vendredi. Le sprinteur fran\u00e7ais, qui visera les 100 victoires en carri\u00e8re d\u00e8s 2023, avait lui d\u00e9j\u00e0 fait part de sa volont\u00e9 de retrouver le <strong>Tour de France<\/strong> en 2023.<\/p>\n<blockquote class=\"twitter-tweet\">\n<p dir=\"ltr\" lang=\"fr\">Thibaut Pinot sera, en mai prochain, de retour sur les routes du Tour d&rsquo;Italie &#x1f7e2;&#x26aa;&#x1f534; <a href=\"https:\/\/t.co\/UZvMjGI9EX\">pic.twitter.com\/UZvMjGI9EX<\/a><\/p>\n<p>\u2014 \u00c9quipe Cycliste Groupama-FDJ (@GroupamaFDJ) <a href=\"https:\/\/twitter.com\/GroupamaFDJ\/status\/1601154862196006912?ref_src=twsrc%5Etfw\">December 9, 2022<\/a><\/p><\/blockquote>\n<p><script async src=\"https:\/\/platform.twitter.com\/widgets.js\" charset=\"utf-8\"><\/script><\/p>\n","protected":false},"excerpt":{"rendered":"<p>CYCLISME SUR ROUTE 2023 &#8211; Thibaut Pinot sera le leader de la Groupama-FDJ sur le Tour d&rsquo;Italie (6 au 28 mai 2023). De son c\u00f4t\u00e9, David Gaudu tentera \u00e0 nouveau sa chance sur le Tour de France (1er au 23 juillet).\u00a0<\/p>\n","protected":false},"author":1,"featured_media":241235,"comment_status":"open","ping_status":"closed","sticky":false,"template":"","format":"standard","meta":{"_acf_changed":false,"_daextam_enable_autolinks":"","footnotes":""},"categories":[46994],"tags":[574,3113,3279,4839,4722],"class_list":["post-286600","post","type-post","status-publish","format-standard","has-post-thumbnail","hentry","category-cyclisme-sur-route","tag-cyclisme","tag-david-gaudu","tag-groupama-fdj","tag-thibaut-pinot","tag-tour-ditalie"],"acf":[],"yoast_head":"<!-- This site is optimized with the Yoast SEO Premium plugin v26.7 (Yoast SEO v26.7) - https:\/\/yoast.com\/wordpress\/plugins\/seo\/ -->\n<title>Thibaut Pinot de retour sur le Giro, David Gaudu sur le Tour de France<\/title>\n<meta name=\"description\" content=\"CYCLISME SUR ROUTE 2023 - Thibaut Pinot sera le leader de la Groupama-FDJ sur le Tour d&#039;Italie (6 au 28 mai 2023).\" \/>\n<meta name=\"robots\" content=\"index, follow, max-snippet:-1, max-image-preview:large, max-video-preview:-1\" \/>\n<link rel=\"canonical\" href=\"https:\/\/dicodusport.fr\/blog\/thibaut-pinot-de-retour-sur-le-giro-david-gaudu-sur-le-tour-de-france\/\" \/>\n<meta property=\"og:locale\" content=\"fr_FR\" \/>\n<meta property=\"og:type\" content=\"article\" \/>\n<meta property=\"og:title\" content=\"Thibaut Pinot de retour sur le Giro, David Gaudu sur le Tour de France\" \/>\n<meta property=\"og:description\" content=\"CYCLISME SUR ROUTE 2023 - Thibaut Pinot sera le leader de la Groupama-FDJ sur le Tour d&#039;Italie (6 au 28 mai 2023).\" \/>\n<meta property=\"og:url\" content=\"https:\/\/dicodusport.fr\/blog\/thibaut-pinot-de-retour-sur-le-giro-david-gaudu-sur-le-tour-de-france\/\" \/>\n<meta property=\"og:site_name\" content=\"Dicodusport\" \/>\n<meta property=\"article:publisher\" content=\"https:\/\/www.facebook.com\/dicodusport\" \/>\n<meta property=\"article:author\" content=\"https:\/\/www.facebook.com\/dicodusport\" \/>\n<meta property=\"article:published_time\" content=\"2022-12-09T10:41:47+00:00\" \/>\n<meta property=\"article:modified_time\" content=\"2022-12-09T10:47:15+00:00\" \/>\n<meta property=\"og:image\" content=\"https:\/\/dicodusport.fr\/blog\/wp-content\/uploads\/2022\/07\/Thibaut-Pinot-Cest-peut-e\u0302tre-la-dernie\u0300re-Planche-de-ma-carrie\u0300re.png\" \/>\n\t<meta property=\"og:image:width\" content=\"800\" \/>\n\t<meta property=\"og:image:height\" content=\"445\" \/>\n\t<meta property=\"og:image:type\" content=\"image\/png\" \/>\n<meta name=\"author\" content=\"Nicolas Jacquemard\" \/>\n<meta name=\"twitter:card\" content=\"summary_large_image\" \/>\n<meta name=\"twitter:title\" content=\"Thibaut Pinot de retour sur le Giro, David Gaudu sur le Tour de France\" \/>\n<meta name=\"twitter:creator\" content=\"@https:\/\/twitter.com\/Nico_Jacquemard\" \/>\n<meta name=\"twitter:site\" content=\"@dicodusport\" \/>\n<script type=\"application\/ld+json\" class=\"yoast-schema-graph\">{\"@context\":\"https:\/\/schema.org\",\"@graph\":[{\"@type\":\"NewsArticle\",\"@id\":\"https:\/\/dicodusport.fr\/blog\/thibaut-pinot-de-retour-sur-le-giro-david-gaudu-sur-le-tour-de-france\/#article\",\"isPartOf\":{\"@id\":\"https:\/\/dicodusport.fr\/blog\/thibaut-pinot-de-retour-sur-le-giro-david-gaudu-sur-le-tour-de-france\/\"},\"author\":{\"name\":\"Nicolas Jacquemard\",\"@id\":\"https:\/\/dicodusport.fr\/blog\/#\/schema\/person\/55dcb50ad410894e431ed812bbb70191\"},\"headline\":\"Thibaut Pinot de retour sur le Giro, David Gaudu sur le Tour de France\",\"datePublished\":\"2022-12-09T10:41:47+00:00\",\"dateModified\":\"2022-12-09T10:47:15+00:00\",\"mainEntityOfPage\":{\"@id\":\"https:\/\/dicodusport.fr\/blog\/thibaut-pinot-de-retour-sur-le-giro-david-gaudu-sur-le-tour-de-france\/\"},\"wordCount\":345,\"commentCount\":0,\"publisher\":{\"@id\":\"https:\/\/dicodusport.fr\/blog\/#organization\"},\"image\":{\"@id\":\"https:\/\/dicodusport.fr\/blog\/thibaut-pinot-de-retour-sur-le-giro-david-gaudu-sur-le-tour-de-france\/#primaryimage\"},\"thumbnailUrl\":\"https:\/\/dicodusport.fr\/blog\/wp-content\/uploads\/2022\/07\/Thibaut-Pinot-Cest-peut-e\u0302tre-la-dernie\u0300re-Planche-de-ma-carrie\u0300re.png\",\"keywords\":[\"Cyclisme\",\"David Gaudu\",\"Groupama FDJ\",\"Thibaut Pinot\",\"Tour d'Italie\"],\"articleSection\":[\"Cyclisme sur route\"],\"inLanguage\":\"fr-FR\",\"potentialAction\":[{\"@type\":\"CommentAction\",\"name\":\"Comment\",\"target\":[\"https:\/\/dicodusport.fr\/blog\/thibaut-pinot-de-retour-sur-le-giro-david-gaudu-sur-le-tour-de-france\/#respond\"]}],\"copyrightYear\":\"2022\",\"copyrightHolder\":{\"@id\":\"https:\/\/dicodusport.fr\/blog\/#organization\"}},{\"@type\":\"WebPage\",\"@id\":\"https:\/\/dicodusport.fr\/blog\/thibaut-pinot-de-retour-sur-le-giro-david-gaudu-sur-le-tour-de-france\/\",\"url\":\"https:\/\/dicodusport.fr\/blog\/thibaut-pinot-de-retour-sur-le-giro-david-gaudu-sur-le-tour-de-france\/\",\"name\":\"Thibaut Pinot de retour sur le Giro, David Gaudu sur le Tour de France\",\"isPartOf\":{\"@id\":\"https:\/\/dicodusport.fr\/blog\/#website\"},\"primaryImageOfPage\":{\"@id\":\"https:\/\/dicodusport.fr\/blog\/thibaut-pinot-de-retour-sur-le-giro-david-gaudu-sur-le-tour-de-france\/#primaryimage\"},\"image\":{\"@id\":\"https:\/\/dicodusport.fr\/blog\/thibaut-pinot-de-retour-sur-le-giro-david-gaudu-sur-le-tour-de-france\/#primaryimage\"},\"thumbnailUrl\":\"https:\/\/dicodusport.fr\/blog\/wp-content\/uploads\/2022\/07\/Thibaut-Pinot-Cest-peut-e\u0302tre-la-dernie\u0300re-Planche-de-ma-carrie\u0300re.png\",\"datePublished\":\"2022-12-09T10:41:47+00:00\",\"dateModified\":\"2022-12-09T10:47:15+00:00\",\"description\":\"CYCLISME SUR ROUTE 2023 - Thibaut Pinot sera le leader de la Groupama-FDJ sur le Tour d'Italie (6 au 28 mai 2023).\",\"breadcrumb\":{\"@id\":\"https:\/\/dicodusport.fr\/blog\/thibaut-pinot-de-retour-sur-le-giro-david-gaudu-sur-le-tour-de-france\/#breadcrumb\"},\"inLanguage\":\"fr-FR\",\"potentialAction\":[{\"@type\":\"ReadAction\",\"target\":[\"https:\/\/dicodusport.fr\/blog\/thibaut-pinot-de-retour-sur-le-giro-david-gaudu-sur-le-tour-de-france\/\"]}]},{\"@type\":\"ImageObject\",\"inLanguage\":\"fr-FR\",\"@id\":\"https:\/\/dicodusport.fr\/blog\/thibaut-pinot-de-retour-sur-le-giro-david-gaudu-sur-le-tour-de-france\/#primaryimage\",\"url\":\"https:\/\/dicodusport.fr\/blog\/wp-content\/uploads\/2022\/07\/Thibaut-Pinot-Cest-peut-e\u0302tre-la-dernie\u0300re-Planche-de-ma-carrie\u0300re.png\",\"contentUrl\":\"https:\/\/dicodusport.fr\/blog\/wp-content\/uploads\/2022\/07\/Thibaut-Pinot-Cest-peut-e\u0302tre-la-dernie\u0300re-Planche-de-ma-carrie\u0300re.png\",\"width\":800,\"height\":445},{\"@type\":\"BreadcrumbList\",\"@id\":\"https:\/\/dicodusport.fr\/blog\/thibaut-pinot-de-retour-sur-le-giro-david-gaudu-sur-le-tour-de-france\/#breadcrumb\",\"itemListElement\":[{\"@type\":\"ListItem\",\"position\":1,\"name\":\"Accueil\",\"item\":\"https:\/\/dicodusport.fr\/blog\/\"},{\"@type\":\"ListItem\",\"position\":2,\"name\":\"Thibaut Pinot de retour sur le Giro, David Gaudu sur le Tour de France\"}]},{\"@type\":\"WebSite\",\"@id\":\"https:\/\/dicodusport.fr\/blog\/#website\",\"url\":\"https:\/\/dicodusport.fr\/blog\/\",\"name\":\"Dicodusport\",\"description\":\"L&#039;encyclop\u00e9die de l&#039;actualit\u00e9 sportive\",\"publisher\":{\"@id\":\"https:\/\/dicodusport.fr\/blog\/#organization\"},\"potentialAction\":[{\"@type\":\"SearchAction\",\"target\":{\"@type\":\"EntryPoint\",\"urlTemplate\":\"https:\/\/dicodusport.fr\/blog\/?s={search_term_string}\"},\"query-input\":{\"@type\":\"PropertyValueSpecification\",\"valueRequired\":true,\"valueName\":\"search_term_string\"}}],\"inLanguage\":\"fr-FR\"},{\"@type\":\"NewsMediaOrganization\",\"@id\":\"https:\/\/dicodusport.fr\/blog\/#organization\",\"name\":\"Dicodusport\",\"url\":\"https:\/\/dicodusport.fr\/blog\/\",\"logo\":{\"@type\":\"ImageObject\",\"inLanguage\":\"fr-FR\",\"@id\":\"https:\/\/dicodusport.fr\/blog\/#\/schema\/logo\/image\/\",\"url\":\"https:\/\/dicodusport.fr\/blog\/wp-content\/uploads\/2020\/06\/cropped-LOGO-DICODUSPORT-2020-SANS-FOND-SANS-TEXTE.png\",\"contentUrl\":\"https:\/\/dicodusport.fr\/blog\/wp-content\/uploads\/2020\/06\/cropped-LOGO-DICODUSPORT-2020-SANS-FOND-SANS-TEXTE.png\",\"width\":512,\"height\":512,\"caption\":\"Dicodusport\"},\"image\":{\"@id\":\"https:\/\/dicodusport.fr\/blog\/#\/schema\/logo\/image\/\"},\"sameAs\":[\"https:\/\/www.facebook.com\/dicodusport\",\"https:\/\/x.com\/dicodusport\",\"https:\/\/www.instagram.com\/dicodusport\/\",\"https:\/\/www.youtube.com\/channel\/UC7V2KZ5sd3htJivAbA4ZG3w\"],\"description\":\"Dicodusport est l'encyclop\u00e9die de l'actualit\u00e9 sportive.\",\"email\":\"bonjour@dicodusport.fr\",\"legalName\":\"DICODUSPORT\",\"foundingDate\":\"2018-01-14\",\"vatID\":\"FR71834470973\",\"taxID\":\"83447097300043\",\"numberOfEmployees\":{\"@type\":\"QuantitativeValue\",\"minValue\":\"1\",\"maxValue\":\"10\"}},{\"@type\":\"Person\",\"@id\":\"https:\/\/dicodusport.fr\/blog\/#\/schema\/person\/55dcb50ad410894e431ed812bbb70191\",\"name\":\"Nicolas Jacquemard\",\"image\":{\"@type\":\"ImageObject\",\"inLanguage\":\"fr-FR\",\"@id\":\"https:\/\/dicodusport.fr\/blog\/#\/schema\/person\/image\/\",\"url\":\"https:\/\/dicodusport.fr\/blog\/wp-content\/uploads\/2021\/05\/Nicolas-Jacquemard-150x150.jpeg\",\"contentUrl\":\"https:\/\/dicodusport.fr\/blog\/wp-content\/uploads\/2021\/05\/Nicolas-Jacquemard-150x150.jpeg\",\"caption\":\"Nicolas Jacquemard\"},\"description\":\"Passionn\u00e9 de sport et entrepreneur depuis mes 18 ans, la cr\u00e9ation de Dicodusport m'a sembl\u00e9 \u00e9vidente pour participer \u00e0 la m\u00e9diatisation d'un plus grand nombre de sports. Le chemin est long mais avec une \u00e9quipe des plus motiv\u00e9es et les Jeux Olympiques de Paris 2024 en point de mire, nous y arriverons ! Journaliste dans le monde du sport depuis plus de 5 ans, je traite aussi bien de football, de rugby, de biathlon que de cyclisme.\",\"sameAs\":[\"https:\/\/www.facebook.com\/dicodusport\",\"https:\/\/x.com\/https:\/\/twitter.com\/Nico_Jacquemard\"],\"url\":\"https:\/\/dicodusport.fr\/blog\/author\/dicodusport\/\"}]}<\/script>\n<!-- \/ Yoast SEO Premium plugin. -->","yoast_head_json":{"title":"Thibaut Pinot de retour sur le Giro, David Gaudu sur le Tour de France","description":"CYCLISME SUR ROUTE 2023 - Thibaut Pinot sera le leader de la Groupama-FDJ sur le Tour d'Italie (6 au 28 mai 2023).","robots":{"index":"index","follow":"follow","max-snippet":"max-snippet:-1","max-image-preview":"max-image-preview:large","max-video-preview":"max-video-preview:-1"},"canonical":"https:\/\/dicodusport.fr\/blog\/thibaut-pinot-de-retour-sur-le-giro-david-gaudu-sur-le-tour-de-france\/","og_locale":"fr_FR","og_type":"article","og_title":"Thibaut Pinot de retour sur le Giro, David Gaudu sur le Tour de France","og_description":"CYCLISME SUR ROUTE 2023 - Thibaut Pinot sera le leader de la Groupama-FDJ sur le Tour d'Italie (6 au 28 mai 2023).","og_url":"https:\/\/dicodusport.fr\/blog\/thibaut-pinot-de-retour-sur-le-giro-david-gaudu-sur-le-tour-de-france\/","og_site_name":"Dicodusport","article_publisher":"https:\/\/www.facebook.com\/dicodusport","article_author":"https:\/\/www.facebook.com\/dicodusport","article_published_time":"2022-12-09T10:41:47+00:00","article_modified_time":"2022-12-09T10:47:15+00:00","og_image":[{"width":800,"height":445,"url":"https:\/\/dicodusport.fr\/blog\/wp-content\/uploads\/2022\/07\/Thibaut-Pinot-Cest-peut-e\u0302tre-la-dernie\u0300re-Planche-de-ma-carrie\u0300re.png","type":"image\/png"}],"author":"Nicolas Jacquemard","twitter_card":"summary_large_image","twitter_title":"Thibaut Pinot de retour sur le Giro, David Gaudu sur le Tour de France","twitter_creator":"@https:\/\/twitter.com\/Nico_Jacquemard","twitter_site":"@dicodusport","schema":{"@context":"https:\/\/schema.org","@graph":[{"@type":"NewsArticle","@id":"https:\/\/dicodusport.fr\/blog\/thibaut-pinot-de-retour-sur-le-giro-david-gaudu-sur-le-tour-de-france\/#article","isPartOf":{"@id":"https:\/\/dicodusport.fr\/blog\/thibaut-pinot-de-retour-sur-le-giro-david-gaudu-sur-le-tour-de-france\/"},"author":{"name":"Nicolas Jacquemard","@id":"https:\/\/dicodusport.fr\/blog\/#\/schema\/person\/55dcb50ad410894e431ed812bbb70191"},"headline":"Thibaut Pinot de retour sur le Giro, David Gaudu sur le Tour de France","datePublished":"2022-12-09T10:41:47+00:00","dateModified":"2022-12-09T10:47:15+00:00","mainEntityOfPage":{"@id":"https:\/\/dicodusport.fr\/blog\/thibaut-pinot-de-retour-sur-le-giro-david-gaudu-sur-le-tour-de-france\/"},"wordCount":345,"commentCount":0,"publisher":{"@id":"https:\/\/dicodusport.fr\/blog\/#organization"},"image":{"@id":"https:\/\/dicodusport.fr\/blog\/thibaut-pinot-de-retour-sur-le-giro-david-gaudu-sur-le-tour-de-france\/#primaryimage"},"thumbnailUrl":"https:\/\/dicodusport.fr\/blog\/wp-content\/uploads\/2022\/07\/Thibaut-Pinot-Cest-peut-e\u0302tre-la-dernie\u0300re-Planche-de-ma-carrie\u0300re.png","keywords":["Cyclisme","David Gaudu","Groupama FDJ","Thibaut Pinot","Tour d'Italie"],"articleSection":["Cyclisme sur route"],"inLanguage":"fr-FR","potentialAction":[{"@type":"CommentAction","name":"Comment","target":["https:\/\/dicodusport.fr\/blog\/thibaut-pinot-de-retour-sur-le-giro-david-gaudu-sur-le-tour-de-france\/#respond"]}],"copyrightYear":"2022","copyrightHolder":{"@id":"https:\/\/dicodusport.fr\/blog\/#organization"}},{"@type":"WebPage","@id":"https:\/\/dicodusport.fr\/blog\/thibaut-pinot-de-retour-sur-le-giro-david-gaudu-sur-le-tour-de-france\/","url":"https:\/\/dicodusport.fr\/blog\/thibaut-pinot-de-retour-sur-le-giro-david-gaudu-sur-le-tour-de-france\/","name":"Thibaut Pinot de retour sur le Giro, David Gaudu sur le Tour de France","isPartOf":{"@id":"https:\/\/dicodusport.fr\/blog\/#website"},"primaryImageOfPage":{"@id":"https:\/\/dicodusport.fr\/blog\/thibaut-pinot-de-retour-sur-le-giro-david-gaudu-sur-le-tour-de-france\/#primaryimage"},"image":{"@id":"https:\/\/dicodusport.fr\/blog\/thibaut-pinot-de-retour-sur-le-giro-david-gaudu-sur-le-tour-de-france\/#primaryimage"},"thumbnailUrl":"https:\/\/dicodusport.fr\/blog\/wp-content\/uploads\/2022\/07\/Thibaut-Pinot-Cest-peut-e\u0302tre-la-dernie\u0300re-Planche-de-ma-carrie\u0300re.png","datePublished":"2022-12-09T10:41:47+00:00","dateModified":"2022-12-09T10:47:15+00:00","description":"CYCLISME SUR ROUTE 2023 - Thibaut Pinot sera le leader de la Groupama-FDJ sur le Tour d'Italie (6 au 28 mai 2023).","breadcrumb":{"@id":"https:\/\/dicodusport.fr\/blog\/thibaut-pinot-de-retour-sur-le-giro-david-gaudu-sur-le-tour-de-france\/#breadcrumb"},"inLanguage":"fr-FR","potentialAction":[{"@type":"ReadAction","target":["https:\/\/dicodusport.fr\/blog\/thibaut-pinot-de-retour-sur-le-giro-david-gaudu-sur-le-tour-de-france\/"]}]},{"@type":"ImageObject","inLanguage":"fr-FR","@id":"https:\/\/dicodusport.fr\/blog\/thibaut-pinot-de-retour-sur-le-giro-david-gaudu-sur-le-tour-de-france\/#primaryimage","url":"https:\/\/dicodusport.fr\/blog\/wp-content\/uploads\/2022\/07\/Thibaut-Pinot-Cest-peut-e\u0302tre-la-dernie\u0300re-Planche-de-ma-carrie\u0300re.png","contentUrl":"https:\/\/dicodusport.fr\/blog\/wp-content\/uploads\/2022\/07\/Thibaut-Pinot-Cest-peut-e\u0302tre-la-dernie\u0300re-Planche-de-ma-carrie\u0300re.png","width":800,"height":445},{"@type":"BreadcrumbList","@id":"https:\/\/dicodusport.fr\/blog\/thibaut-pinot-de-retour-sur-le-giro-david-gaudu-sur-le-tour-de-france\/#breadcrumb","itemListElement":[{"@type":"ListItem","position":1,"name":"Accueil","item":"https:\/\/dicodusport.fr\/blog\/"},{"@type":"ListItem","position":2,"name":"Thibaut Pinot de retour sur le Giro, David Gaudu sur le Tour de France"}]},{"@type":"WebSite","@id":"https:\/\/dicodusport.fr\/blog\/#website","url":"https:\/\/dicodusport.fr\/blog\/","name":"Dicodusport","description":"L&#039;encyclop\u00e9die de l&#039;actualit\u00e9 sportive","publisher":{"@id":"https:\/\/dicodusport.fr\/blog\/#organization"},"potentialAction":[{"@type":"SearchAction","target":{"@type":"EntryPoint","urlTemplate":"https:\/\/dicodusport.fr\/blog\/?s={search_term_string}"},"query-input":{"@type":"PropertyValueSpecification","valueRequired":true,"valueName":"search_term_string"}}],"inLanguage":"fr-FR"},{"@type":"NewsMediaOrganization","@id":"https:\/\/dicodusport.fr\/blog\/#organization","name":"Dicodusport","url":"https:\/\/dicodusport.fr\/blog\/","logo":{"@type":"ImageObject","inLanguage":"fr-FR","@id":"https:\/\/dicodusport.fr\/blog\/#\/schema\/logo\/image\/","url":"https:\/\/dicodusport.fr\/blog\/wp-content\/uploads\/2020\/06\/cropped-LOGO-DICODUSPORT-2020-SANS-FOND-SANS-TEXTE.png","contentUrl":"https:\/\/dicodusport.fr\/blog\/wp-content\/uploads\/2020\/06\/cropped-LOGO-DICODUSPORT-2020-SANS-FOND-SANS-TEXTE.png","width":512,"height":512,"caption":"Dicodusport"},"image":{"@id":"https:\/\/dicodusport.fr\/blog\/#\/schema\/logo\/image\/"},"sameAs":["https:\/\/www.facebook.com\/dicodusport","https:\/\/x.com\/dicodusport","https:\/\/www.instagram.com\/dicodusport\/","https:\/\/www.youtube.com\/channel\/UC7V2KZ5sd3htJivAbA4ZG3w"],"description":"Dicodusport est l'encyclop\u00e9die de l'actualit\u00e9 sportive.","email":"bonjour@dicodusport.fr","legalName":"DICODUSPORT","foundingDate":"2018-01-14","vatID":"FR71834470973","taxID":"83447097300043","numberOfEmployees":{"@type":"QuantitativeValue","minValue":"1","maxValue":"10"}},{"@type":"Person","@id":"https:\/\/dicodusport.fr\/blog\/#\/schema\/person\/55dcb50ad410894e431ed812bbb70191","name":"Nicolas Jacquemard","image":{"@type":"ImageObject","inLanguage":"fr-FR","@id":"https:\/\/dicodusport.fr\/blog\/#\/schema\/person\/image\/","url":"https:\/\/dicodusport.fr\/blog\/wp-content\/uploads\/2021\/05\/Nicolas-Jacquemard-150x150.jpeg","contentUrl":"https:\/\/dicodusport.fr\/blog\/wp-content\/uploads\/2021\/05\/Nicolas-Jacquemard-150x150.jpeg","caption":"Nicolas Jacquemard"},"description":"Passionn\u00e9 de sport et entrepreneur depuis mes 18 ans, la cr\u00e9ation de Dicodusport m'a sembl\u00e9 \u00e9vidente pour participer \u00e0 la m\u00e9diatisation d'un plus grand nombre de sports. Le chemin est long mais avec une \u00e9quipe des plus motiv\u00e9es et les Jeux Olympiques de Paris 2024 en point de mire, nous y arriverons ! Journaliste dans le monde du sport depuis plus de 5 ans, je traite aussi bien de football, de rugby, de biathlon que de cyclisme.","sameAs":["https:\/\/www.facebook.com\/dicodusport","https:\/\/x.com\/https:\/\/twitter.com\/Nico_Jacquemard"],"url":"https:\/\/dicodusport.fr\/blog\/author\/dicodusport\/"}]}},"_links":{"self":[{"href":"https:\/\/dicodusport.fr\/blog\/wp-json\/wp\/v2\/posts\/286600","targetHints":{"allow":["GET"]}}],"collection":[{"href":"https:\/\/dicodusport.fr\/blog\/wp-json\/wp\/v2\/posts"}],"about":[{"href":"https:\/\/dicodusport.fr\/blog\/wp-json\/wp\/v2\/types\/post"}],"author":[{"embeddable":true,"href":"https:\/\/dicodusport.fr\/blog\/wp-json\/wp\/v2\/users\/1"}],"replies":[{"embeddable":true,"href":"https:\/\/dicodusport.fr\/blog\/wp-json\/wp\/v2\/comments?post=286600"}],"version-history":[{"count":0,"href":"https:\/\/dicodusport.fr\/blog\/wp-json\/wp\/v2\/posts\/286600\/revisions"}],"wp:featuredmedia":[{"embeddable":true,"href":"https:\/\/dicodusport.fr\/blog\/wp-json\/wp\/v2\/media\/241235"}],"wp:attachment":[{"href":"https:\/\/dicodusport.fr\/blog\/wp-json\/wp\/v2\/media?parent=286600"}],"wp:term":[{"taxonomy":"category","embeddable":true,"href":"https:\/\/dicodusport.fr\/blog\/wp-json\/wp\/v2\/categories?post=286600"},{"taxonomy":"post_tag","embeddable":true,"href":"https:\/\/dicodusport.fr\/blog\/wp-json\/wp\/v2\/tags?post=286600"}],"curies":[{"name":"wp","href":"https:\/\/api.w.org\/{rel}","templated":true}]}}