{"id":286713,"date":"2022-12-09T16:05:53","date_gmt":"2022-12-09T15:05:53","guid":{"rendered":"https:\/\/dicodusport.fr\/blog\/?p=286713&#038;preview=true&#038;preview_id=286713"},"modified":"2022-12-09T16:27:09","modified_gmt":"2022-12-09T15:27:09","slug":"skicross-le-podium-pour-youri-duplessis-kergomard-a-val-thorens","status":"publish","type":"post","link":"https:\/\/dicodusport.fr\/blog\/skicross-le-podium-pour-youri-duplessis-kergomard-a-val-thorens\/","title":{"rendered":"Skicross : Le podium pour Youri Duplessis-Kergomard \u00e0 Val Thorens"},"content":{"rendered":"<p align=\"justify\"><strong style=\"font-style: italic;\"><em>SKICROSS SAISON 2022-2023<\/em> &#8211; \u00c0 Val Thorens, pour l&rsquo;ouverture de la saison, Youri Duplessis-Kergomard a \u00e9gal\u00e9 sa meilleure performance en Coupe du monde avec une deuxi\u00e8me place aujourd&rsquo;hui. Victoire de l&rsquo;Autrichien Mathias Graf.<\/strong><\/p>\n<p align=\"justify\"><strong>Youri Duplessis-Kergomard\u00a0<\/strong>aurait pu ne jamais monter sur le podium. Les fortes chutes de neige et le vent ont d\u00e9cal\u00e9 de trois heures la seconde course du week-end en Savoie. Seul Fran\u00e7ais qualifi\u00e9 en demi-finale, le skieur de M\u00e9ribel a termin\u00e9 2e derri\u00e8re un novice. L&rsquo;Autrichien\u00a0<strong>Mathias Graf<\/strong> d\u00e9butait ce week-end en Coupe du monde. Venu du ski alpin, il a domin\u00e9 de la t\u00eate et des \u00e9paules la finale.<\/p>\n<p align=\"justify\">La troisi\u00e8me place revient \u00e0 un Suisse mais pas forc\u00e9ment l&rsquo;un des plus connus :\u00a0<strong>Marc Bischofberger<\/strong>. Seulement trois Tricolores ont pass\u00e9 la qualification, <strong>Terence Tchiknavorian\u00a0<\/strong>et\u00a0<strong>Bastien<\/strong><strong> Midol<\/strong> terminent en dehors du Top 8. Chez les dames,\u00a0<strong>Jade Grillet-Aubert\u00a0<\/strong>et\u00a0<strong>Marielle Berger-Sabbatel<\/strong> ont disput\u00e9 la petite finale, terminant finalement aux 7e et 8e positions. La Su\u00e9doise de 26 ans,\u00a0<strong>Sandra Naeslund<\/strong>, a battu le record de victoires dans l&rsquo;histoire du skicross en s&rsquo;imposant \u00e0 Val Thorens. C&rsquo;est son 30e succ\u00e8s en carri\u00e8re.<\/p>\n<blockquote class=\"twitter-tweet\">\n<p dir=\"ltr\" lang=\"fr\">Un go\u00fbt de d\u00e9j\u00e0-vu !<br \/>\nDeuxi\u00e8me PODIUM en carri\u00e8re pour Youri Duplessis-Kergomard qui prend, comme en 2019 et dans la m\u00eame station, la 2e place sur la Coupe du Monde de Ski Cross de <a href=\"https:\/\/twitter.com\/Val_Tho?ref_src=twsrc%5Etfw\">@Val_Tho<\/a> ! &#x1f4aa;<\/p>\n<p>&#x1f4f8; Agence Zoom l <a href=\"https:\/\/twitter.com\/hashtag\/skicross?src=hash&amp;ref_src=twsrc%5Etfw\">#skicross<\/a> <a href=\"https:\/\/t.co\/vz1HTzTsId\">pic.twitter.com\/vz1HTzTsId<\/a><\/p>\n<p>\u2014 FFS &#8211; F\u00e9d\u00e9ration Fran\u00e7aise de Ski (@FedFranceSki) <a href=\"https:\/\/twitter.com\/FedFranceSki\/status\/1601225353527074818?ref_src=twsrc%5Etfw\">December 9, 2022<\/a><\/p><\/blockquote>\n<p><script async src=\"https:\/\/platform.twitter.com\/widgets.js\" charset=\"utf-8\"><\/script><\/p>\n","protected":false},"excerpt":{"rendered":"<p>SKICROSS SAISON 2022-2023 &#8211; \u00c0 Val Thorens, pour l&rsquo;ouverture de la saison, Youri Duplessis-Kergomard a r\u00e9alis\u00e9 sa meilleure performance en Coupe du monde avec une deuxi\u00e8me place aujourd&rsquo;hui. Victoire de l&rsquo;Autrichien Mathias Graf.<\/p>\n","protected":false},"author":61,"featured_media":286721,"comment_status":"open","ping_status":"closed","sticky":false,"template":"","format":"standard","meta":{"_acf_changed":false,"_daextam_enable_autolinks":"","footnotes":""},"categories":[9217],"tags":[1530,2947,3127,28420],"class_list":["post-286713","post","type-post","status-publish","format-standard","has-post-thumbnail","hentry","category-ski","tag-coupe-du-monde","tag-skicross","tag-val-thorens","tag-youri-duplessis-kergomard"],"acf":[],"yoast_head":"<!-- This site is optimized with the Yoast SEO Premium plugin v26.7 (Yoast SEO v26.7) - https:\/\/yoast.com\/wordpress\/plugins\/seo\/ -->\n<title>Skicross : Le podium pour Youri Duplessis-Kergomard \u00e0 Val Thorens<\/title>\n<meta name=\"description\" content=\"SKICROSS - \u00c0 Val Thorens, Youri Duplessis-Kergomard a r\u00e9alis\u00e9 sa meilleure performance en Coupe du monde avec une deuxi\u00e8me place aujourd&#039;hui.\" \/>\n<meta name=\"robots\" content=\"index, follow, max-snippet:-1, max-image-preview:large, max-video-preview:-1\" \/>\n<link rel=\"canonical\" href=\"https:\/\/dicodusport.fr\/blog\/skicross-le-podium-pour-youri-duplessis-kergomard-a-val-thorens\/\" \/>\n<meta property=\"og:locale\" content=\"fr_FR\" \/>\n<meta property=\"og:type\" content=\"article\" \/>\n<meta property=\"og:title\" content=\"Skicross : Le podium pour Youri Duplessis-Kergomard \u00e0 Val Thorens\" \/>\n<meta property=\"og:description\" content=\"SKICROSS - \u00c0 Val Thorens, Youri Duplessis-Kergomard a r\u00e9alis\u00e9 sa meilleure performance en Coupe du monde avec une deuxi\u00e8me place aujourd&#039;hui.\" \/>\n<meta property=\"og:url\" content=\"https:\/\/dicodusport.fr\/blog\/skicross-le-podium-pour-youri-duplessis-kergomard-a-val-thorens\/\" \/>\n<meta property=\"og:site_name\" content=\"Dicodusport\" \/>\n<meta property=\"article:publisher\" content=\"https:\/\/www.facebook.com\/dicodusport\" \/>\n<meta property=\"article:published_time\" content=\"2022-12-09T15:05:53+00:00\" \/>\n<meta property=\"article:modified_time\" content=\"2022-12-09T15:27:09+00:00\" \/>\n<meta property=\"og:image\" content=\"https:\/\/dicodusport.fr\/blog\/wp-content\/uploads\/2022\/12\/Ski-cross-Le-podium-pour-Youri-Duplessis-Kergomard-a-Val-Thorens.png\" \/>\n\t<meta property=\"og:image:width\" content=\"800\" \/>\n\t<meta property=\"og:image:height\" content=\"445\" \/>\n\t<meta property=\"og:image:type\" content=\"image\/png\" \/>\n<meta name=\"author\" content=\"Pierre Gorce\" \/>\n<meta name=\"twitter:card\" content=\"summary_large_image\" \/>\n<meta name=\"twitter:title\" content=\"Skicross : Le podium pour Youri Duplessis-Kergomard \u00e0 Val Thorens\" \/>\n<meta name=\"twitter:creator\" content=\"@https:\/\/twitter.com\/pierregorce12\" \/>\n<meta name=\"twitter:site\" content=\"@dicodusport\" \/>\n<script type=\"application\/ld+json\" class=\"yoast-schema-graph\">{\"@context\":\"https:\/\/schema.org\",\"@graph\":[{\"@type\":\"NewsArticle\",\"@id\":\"https:\/\/dicodusport.fr\/blog\/skicross-le-podium-pour-youri-duplessis-kergomard-a-val-thorens\/#article\",\"isPartOf\":{\"@id\":\"https:\/\/dicodusport.fr\/blog\/skicross-le-podium-pour-youri-duplessis-kergomard-a-val-thorens\/\"},\"author\":{\"name\":\"Pierre Gorce\",\"@id\":\"https:\/\/dicodusport.fr\/blog\/#\/schema\/person\/0eaf70b33d703a1a66b1155ac1bda018\"},\"headline\":\"Skicross : Le podium pour Youri Duplessis-Kergomard \u00e0 Val Thorens\",\"datePublished\":\"2022-12-09T15:05:53+00:00\",\"dateModified\":\"2022-12-09T15:27:09+00:00\",\"mainEntityOfPage\":{\"@id\":\"https:\/\/dicodusport.fr\/blog\/skicross-le-podium-pour-youri-duplessis-kergomard-a-val-thorens\/\"},\"wordCount\":274,\"commentCount\":0,\"publisher\":{\"@id\":\"https:\/\/dicodusport.fr\/blog\/#organization\"},\"image\":{\"@id\":\"https:\/\/dicodusport.fr\/blog\/skicross-le-podium-pour-youri-duplessis-kergomard-a-val-thorens\/#primaryimage\"},\"thumbnailUrl\":\"https:\/\/dicodusport.fr\/blog\/wp-content\/uploads\/2022\/12\/Ski-cross-Le-podium-pour-Youri-Duplessis-Kergomard-a-Val-Thorens.png\",\"keywords\":[\"Coupe du monde\",\"skicross\",\"Val Thorens\",\"Youri Duplessis-Kergomard\"],\"articleSection\":[\"Ski\"],\"inLanguage\":\"fr-FR\",\"potentialAction\":[{\"@type\":\"CommentAction\",\"name\":\"Comment\",\"target\":[\"https:\/\/dicodusport.fr\/blog\/skicross-le-podium-pour-youri-duplessis-kergomard-a-val-thorens\/#respond\"]}],\"copyrightYear\":\"2022\",\"copyrightHolder\":{\"@id\":\"https:\/\/dicodusport.fr\/blog\/#organization\"}},{\"@type\":\"WebPage\",\"@id\":\"https:\/\/dicodusport.fr\/blog\/skicross-le-podium-pour-youri-duplessis-kergomard-a-val-thorens\/\",\"url\":\"https:\/\/dicodusport.fr\/blog\/skicross-le-podium-pour-youri-duplessis-kergomard-a-val-thorens\/\",\"name\":\"Skicross : Le podium pour Youri Duplessis-Kergomard \u00e0 Val Thorens\",\"isPartOf\":{\"@id\":\"https:\/\/dicodusport.fr\/blog\/#website\"},\"primaryImageOfPage\":{\"@id\":\"https:\/\/dicodusport.fr\/blog\/skicross-le-podium-pour-youri-duplessis-kergomard-a-val-thorens\/#primaryimage\"},\"image\":{\"@id\":\"https:\/\/dicodusport.fr\/blog\/skicross-le-podium-pour-youri-duplessis-kergomard-a-val-thorens\/#primaryimage\"},\"thumbnailUrl\":\"https:\/\/dicodusport.fr\/blog\/wp-content\/uploads\/2022\/12\/Ski-cross-Le-podium-pour-Youri-Duplessis-Kergomard-a-Val-Thorens.png\",\"datePublished\":\"2022-12-09T15:05:53+00:00\",\"dateModified\":\"2022-12-09T15:27:09+00:00\",\"description\":\"SKICROSS - \u00c0 Val Thorens, Youri Duplessis-Kergomard a r\u00e9alis\u00e9 sa meilleure performance en Coupe du monde avec une deuxi\u00e8me place aujourd'hui.\",\"breadcrumb\":{\"@id\":\"https:\/\/dicodusport.fr\/blog\/skicross-le-podium-pour-youri-duplessis-kergomard-a-val-thorens\/#breadcrumb\"},\"inLanguage\":\"fr-FR\",\"potentialAction\":[{\"@type\":\"ReadAction\",\"target\":[\"https:\/\/dicodusport.fr\/blog\/skicross-le-podium-pour-youri-duplessis-kergomard-a-val-thorens\/\"]}]},{\"@type\":\"ImageObject\",\"inLanguage\":\"fr-FR\",\"@id\":\"https:\/\/dicodusport.fr\/blog\/skicross-le-podium-pour-youri-duplessis-kergomard-a-val-thorens\/#primaryimage\",\"url\":\"https:\/\/dicodusport.fr\/blog\/wp-content\/uploads\/2022\/12\/Ski-cross-Le-podium-pour-Youri-Duplessis-Kergomard-a-Val-Thorens.png\",\"contentUrl\":\"https:\/\/dicodusport.fr\/blog\/wp-content\/uploads\/2022\/12\/Ski-cross-Le-podium-pour-Youri-Duplessis-Kergomard-a-Val-Thorens.png\",\"width\":800,\"height\":445,\"caption\":\"Ski cross Le podium pour Youri Duplessis-Kergomard \u00e0 Val Thorens\"},{\"@type\":\"BreadcrumbList\",\"@id\":\"https:\/\/dicodusport.fr\/blog\/skicross-le-podium-pour-youri-duplessis-kergomard-a-val-thorens\/#breadcrumb\",\"itemListElement\":[{\"@type\":\"ListItem\",\"position\":1,\"name\":\"Accueil\",\"item\":\"https:\/\/dicodusport.fr\/blog\/\"},{\"@type\":\"ListItem\",\"position\":2,\"name\":\"Skicross : Le podium pour Youri Duplessis-Kergomard \u00e0 Val Thorens\"}]},{\"@type\":\"WebSite\",\"@id\":\"https:\/\/dicodusport.fr\/blog\/#website\",\"url\":\"https:\/\/dicodusport.fr\/blog\/\",\"name\":\"Dicodusport\",\"description\":\"L&#039;encyclop\u00e9die de l&#039;actualit\u00e9 sportive\",\"publisher\":{\"@id\":\"https:\/\/dicodusport.fr\/blog\/#organization\"},\"potentialAction\":[{\"@type\":\"SearchAction\",\"target\":{\"@type\":\"EntryPoint\",\"urlTemplate\":\"https:\/\/dicodusport.fr\/blog\/?s={search_term_string}\"},\"query-input\":{\"@type\":\"PropertyValueSpecification\",\"valueRequired\":true,\"valueName\":\"search_term_string\"}}],\"inLanguage\":\"fr-FR\"},{\"@type\":\"NewsMediaOrganization\",\"@id\":\"https:\/\/dicodusport.fr\/blog\/#organization\",\"name\":\"Dicodusport\",\"url\":\"https:\/\/dicodusport.fr\/blog\/\",\"logo\":{\"@type\":\"ImageObject\",\"inLanguage\":\"fr-FR\",\"@id\":\"https:\/\/dicodusport.fr\/blog\/#\/schema\/logo\/image\/\",\"url\":\"https:\/\/dicodusport.fr\/blog\/wp-content\/uploads\/2020\/06\/cropped-LOGO-DICODUSPORT-2020-SANS-FOND-SANS-TEXTE.png\",\"contentUrl\":\"https:\/\/dicodusport.fr\/blog\/wp-content\/uploads\/2020\/06\/cropped-LOGO-DICODUSPORT-2020-SANS-FOND-SANS-TEXTE.png\",\"width\":512,\"height\":512,\"caption\":\"Dicodusport\"},\"image\":{\"@id\":\"https:\/\/dicodusport.fr\/blog\/#\/schema\/logo\/image\/\"},\"sameAs\":[\"https:\/\/www.facebook.com\/dicodusport\",\"https:\/\/x.com\/dicodusport\",\"https:\/\/www.instagram.com\/dicodusport\/\",\"https:\/\/www.youtube.com\/channel\/UC7V2KZ5sd3htJivAbA4ZG3w\"],\"description\":\"Dicodusport est l'encyclop\u00e9die de l'actualit\u00e9 sportive.\",\"email\":\"bonjour@dicodusport.fr\",\"legalName\":\"DICODUSPORT\",\"foundingDate\":\"2018-01-14\",\"vatID\":\"FR71834470973\",\"taxID\":\"83447097300043\",\"numberOfEmployees\":{\"@type\":\"QuantitativeValue\",\"minValue\":\"1\",\"maxValue\":\"10\"}},{\"@type\":\"Person\",\"@id\":\"https:\/\/dicodusport.fr\/blog\/#\/schema\/person\/0eaf70b33d703a1a66b1155ac1bda018\",\"name\":\"Pierre Gorce\",\"image\":{\"@type\":\"ImageObject\",\"inLanguage\":\"fr-FR\",\"@id\":\"https:\/\/dicodusport.fr\/blog\/#\/schema\/person\/image\/\",\"url\":\"https:\/\/dicodusport.fr\/blog\/wp-content\/uploads\/2022\/03\/IMG_20211214_233053_722-150x150.jpg\",\"contentUrl\":\"https:\/\/dicodusport.fr\/blog\/wp-content\/uploads\/2022\/03\/IMG_20211214_233053_722-150x150.jpg\",\"caption\":\"Pierre Gorce\"},\"description\":\"Couteau suisse venant tout droit de Haute-Savoie. Habitu\u00e9 \u00e0 regarder du sport depuis petit, j'en ai maintenant fait mon m\u00e9tier. Des sports d'hiver au surf, en passant par le tennis, la F1, le handball et l'athl\u00e9tisme, j'essaie d'avoir mes yeux sur l'enti\u00e8ret\u00e9 de l'actualit\u00e9. Jeune homme berc\u00e9 par les exploits de Jean-Baptiste Grange, Sebastian Vettel et des Experts. Membre de la g\u00e9n\u00e9ration 1999 comme Luka Doncic, Sydney McLaughlin, Lando Norris et Loana Lecomte, mais avec beaucoup moins de talent qu'eux.\",\"sameAs\":[\"https:\/\/x.com\/https:\/\/twitter.com\/pierregorce12\"],\"birthDate\":\"1999-08-29\",\"url\":\"https:\/\/dicodusport.fr\/blog\/author\/pierreg\/\"}]}<\/script>\n<!-- \/ Yoast SEO Premium plugin. -->","yoast_head_json":{"title":"Skicross : Le podium pour Youri Duplessis-Kergomard \u00e0 Val Thorens","description":"SKICROSS - \u00c0 Val Thorens, Youri Duplessis-Kergomard a r\u00e9alis\u00e9 sa meilleure performance en Coupe du monde avec une deuxi\u00e8me place aujourd'hui.","robots":{"index":"index","follow":"follow","max-snippet":"max-snippet:-1","max-image-preview":"max-image-preview:large","max-video-preview":"max-video-preview:-1"},"canonical":"https:\/\/dicodusport.fr\/blog\/skicross-le-podium-pour-youri-duplessis-kergomard-a-val-thorens\/","og_locale":"fr_FR","og_type":"article","og_title":"Skicross : Le podium pour Youri Duplessis-Kergomard \u00e0 Val Thorens","og_description":"SKICROSS - \u00c0 Val Thorens, Youri Duplessis-Kergomard a r\u00e9alis\u00e9 sa meilleure performance en Coupe du monde avec une deuxi\u00e8me place aujourd'hui.","og_url":"https:\/\/dicodusport.fr\/blog\/skicross-le-podium-pour-youri-duplessis-kergomard-a-val-thorens\/","og_site_name":"Dicodusport","article_publisher":"https:\/\/www.facebook.com\/dicodusport","article_published_time":"2022-12-09T15:05:53+00:00","article_modified_time":"2022-12-09T15:27:09+00:00","og_image":[{"width":800,"height":445,"url":"https:\/\/dicodusport.fr\/blog\/wp-content\/uploads\/2022\/12\/Ski-cross-Le-podium-pour-Youri-Duplessis-Kergomard-a-Val-Thorens.png","type":"image\/png"}],"author":"Pierre Gorce","twitter_card":"summary_large_image","twitter_title":"Skicross : Le podium pour Youri Duplessis-Kergomard \u00e0 Val Thorens","twitter_creator":"@https:\/\/twitter.com\/pierregorce12","twitter_site":"@dicodusport","schema":{"@context":"https:\/\/schema.org","@graph":[{"@type":"NewsArticle","@id":"https:\/\/dicodusport.fr\/blog\/skicross-le-podium-pour-youri-duplessis-kergomard-a-val-thorens\/#article","isPartOf":{"@id":"https:\/\/dicodusport.fr\/blog\/skicross-le-podium-pour-youri-duplessis-kergomard-a-val-thorens\/"},"author":{"name":"Pierre Gorce","@id":"https:\/\/dicodusport.fr\/blog\/#\/schema\/person\/0eaf70b33d703a1a66b1155ac1bda018"},"headline":"Skicross : Le podium pour Youri Duplessis-Kergomard \u00e0 Val Thorens","datePublished":"2022-12-09T15:05:53+00:00","dateModified":"2022-12-09T15:27:09+00:00","mainEntityOfPage":{"@id":"https:\/\/dicodusport.fr\/blog\/skicross-le-podium-pour-youri-duplessis-kergomard-a-val-thorens\/"},"wordCount":274,"commentCount":0,"publisher":{"@id":"https:\/\/dicodusport.fr\/blog\/#organization"},"image":{"@id":"https:\/\/dicodusport.fr\/blog\/skicross-le-podium-pour-youri-duplessis-kergomard-a-val-thorens\/#primaryimage"},"thumbnailUrl":"https:\/\/dicodusport.fr\/blog\/wp-content\/uploads\/2022\/12\/Ski-cross-Le-podium-pour-Youri-Duplessis-Kergomard-a-Val-Thorens.png","keywords":["Coupe du monde","skicross","Val Thorens","Youri Duplessis-Kergomard"],"articleSection":["Ski"],"inLanguage":"fr-FR","potentialAction":[{"@type":"CommentAction","name":"Comment","target":["https:\/\/dicodusport.fr\/blog\/skicross-le-podium-pour-youri-duplessis-kergomard-a-val-thorens\/#respond"]}],"copyrightYear":"2022","copyrightHolder":{"@id":"https:\/\/dicodusport.fr\/blog\/#organization"}},{"@type":"WebPage","@id":"https:\/\/dicodusport.fr\/blog\/skicross-le-podium-pour-youri-duplessis-kergomard-a-val-thorens\/","url":"https:\/\/dicodusport.fr\/blog\/skicross-le-podium-pour-youri-duplessis-kergomard-a-val-thorens\/","name":"Skicross : Le podium pour Youri Duplessis-Kergomard \u00e0 Val Thorens","isPartOf":{"@id":"https:\/\/dicodusport.fr\/blog\/#website"},"primaryImageOfPage":{"@id":"https:\/\/dicodusport.fr\/blog\/skicross-le-podium-pour-youri-duplessis-kergomard-a-val-thorens\/#primaryimage"},"image":{"@id":"https:\/\/dicodusport.fr\/blog\/skicross-le-podium-pour-youri-duplessis-kergomard-a-val-thorens\/#primaryimage"},"thumbnailUrl":"https:\/\/dicodusport.fr\/blog\/wp-content\/uploads\/2022\/12\/Ski-cross-Le-podium-pour-Youri-Duplessis-Kergomard-a-Val-Thorens.png","datePublished":"2022-12-09T15:05:53+00:00","dateModified":"2022-12-09T15:27:09+00:00","description":"SKICROSS - \u00c0 Val Thorens, Youri Duplessis-Kergomard a r\u00e9alis\u00e9 sa meilleure performance en Coupe du monde avec une deuxi\u00e8me place aujourd'hui.","breadcrumb":{"@id":"https:\/\/dicodusport.fr\/blog\/skicross-le-podium-pour-youri-duplessis-kergomard-a-val-thorens\/#breadcrumb"},"inLanguage":"fr-FR","potentialAction":[{"@type":"ReadAction","target":["https:\/\/dicodusport.fr\/blog\/skicross-le-podium-pour-youri-duplessis-kergomard-a-val-thorens\/"]}]},{"@type":"ImageObject","inLanguage":"fr-FR","@id":"https:\/\/dicodusport.fr\/blog\/skicross-le-podium-pour-youri-duplessis-kergomard-a-val-thorens\/#primaryimage","url":"https:\/\/dicodusport.fr\/blog\/wp-content\/uploads\/2022\/12\/Ski-cross-Le-podium-pour-Youri-Duplessis-Kergomard-a-Val-Thorens.png","contentUrl":"https:\/\/dicodusport.fr\/blog\/wp-content\/uploads\/2022\/12\/Ski-cross-Le-podium-pour-Youri-Duplessis-Kergomard-a-Val-Thorens.png","width":800,"height":445,"caption":"Ski cross Le podium pour Youri Duplessis-Kergomard \u00e0 Val Thorens"},{"@type":"BreadcrumbList","@id":"https:\/\/dicodusport.fr\/blog\/skicross-le-podium-pour-youri-duplessis-kergomard-a-val-thorens\/#breadcrumb","itemListElement":[{"@type":"ListItem","position":1,"name":"Accueil","item":"https:\/\/dicodusport.fr\/blog\/"},{"@type":"ListItem","position":2,"name":"Skicross : Le podium pour Youri Duplessis-Kergomard \u00e0 Val Thorens"}]},{"@type":"WebSite","@id":"https:\/\/dicodusport.fr\/blog\/#website","url":"https:\/\/dicodusport.fr\/blog\/","name":"Dicodusport","description":"L&#039;encyclop\u00e9die de l&#039;actualit\u00e9 sportive","publisher":{"@id":"https:\/\/dicodusport.fr\/blog\/#organization"},"potentialAction":[{"@type":"SearchAction","target":{"@type":"EntryPoint","urlTemplate":"https:\/\/dicodusport.fr\/blog\/?s={search_term_string}"},"query-input":{"@type":"PropertyValueSpecification","valueRequired":true,"valueName":"search_term_string"}}],"inLanguage":"fr-FR"},{"@type":"NewsMediaOrganization","@id":"https:\/\/dicodusport.fr\/blog\/#organization","name":"Dicodusport","url":"https:\/\/dicodusport.fr\/blog\/","logo":{"@type":"ImageObject","inLanguage":"fr-FR","@id":"https:\/\/dicodusport.fr\/blog\/#\/schema\/logo\/image\/","url":"https:\/\/dicodusport.fr\/blog\/wp-content\/uploads\/2020\/06\/cropped-LOGO-DICODUSPORT-2020-SANS-FOND-SANS-TEXTE.png","contentUrl":"https:\/\/dicodusport.fr\/blog\/wp-content\/uploads\/2020\/06\/cropped-LOGO-DICODUSPORT-2020-SANS-FOND-SANS-TEXTE.png","width":512,"height":512,"caption":"Dicodusport"},"image":{"@id":"https:\/\/dicodusport.fr\/blog\/#\/schema\/logo\/image\/"},"sameAs":["https:\/\/www.facebook.com\/dicodusport","https:\/\/x.com\/dicodusport","https:\/\/www.instagram.com\/dicodusport\/","https:\/\/www.youtube.com\/channel\/UC7V2KZ5sd3htJivAbA4ZG3w"],"description":"Dicodusport est l'encyclop\u00e9die de l'actualit\u00e9 sportive.","email":"bonjour@dicodusport.fr","legalName":"DICODUSPORT","foundingDate":"2018-01-14","vatID":"FR71834470973","taxID":"83447097300043","numberOfEmployees":{"@type":"QuantitativeValue","minValue":"1","maxValue":"10"}},{"@type":"Person","@id":"https:\/\/dicodusport.fr\/blog\/#\/schema\/person\/0eaf70b33d703a1a66b1155ac1bda018","name":"Pierre Gorce","image":{"@type":"ImageObject","inLanguage":"fr-FR","@id":"https:\/\/dicodusport.fr\/blog\/#\/schema\/person\/image\/","url":"https:\/\/dicodusport.fr\/blog\/wp-content\/uploads\/2022\/03\/IMG_20211214_233053_722-150x150.jpg","contentUrl":"https:\/\/dicodusport.fr\/blog\/wp-content\/uploads\/2022\/03\/IMG_20211214_233053_722-150x150.jpg","caption":"Pierre Gorce"},"description":"Couteau suisse venant tout droit de Haute-Savoie. Habitu\u00e9 \u00e0 regarder du sport depuis petit, j'en ai maintenant fait mon m\u00e9tier. Des sports d'hiver au surf, en passant par le tennis, la F1, le handball et l'athl\u00e9tisme, j'essaie d'avoir mes yeux sur l'enti\u00e8ret\u00e9 de l'actualit\u00e9. Jeune homme berc\u00e9 par les exploits de Jean-Baptiste Grange, Sebastian Vettel et des Experts. Membre de la g\u00e9n\u00e9ration 1999 comme Luka Doncic, Sydney McLaughlin, Lando Norris et Loana Lecomte, mais avec beaucoup moins de talent qu'eux.","sameAs":["https:\/\/x.com\/https:\/\/twitter.com\/pierregorce12"],"birthDate":"1999-08-29","url":"https:\/\/dicodusport.fr\/blog\/author\/pierreg\/"}]}},"_links":{"self":[{"href":"https:\/\/dicodusport.fr\/blog\/wp-json\/wp\/v2\/posts\/286713","targetHints":{"allow":["GET"]}}],"collection":[{"href":"https:\/\/dicodusport.fr\/blog\/wp-json\/wp\/v2\/posts"}],"about":[{"href":"https:\/\/dicodusport.fr\/blog\/wp-json\/wp\/v2\/types\/post"}],"author":[{"embeddable":true,"href":"https:\/\/dicodusport.fr\/blog\/wp-json\/wp\/v2\/users\/61"}],"replies":[{"embeddable":true,"href":"https:\/\/dicodusport.fr\/blog\/wp-json\/wp\/v2\/comments?post=286713"}],"version-history":[{"count":0,"href":"https:\/\/dicodusport.fr\/blog\/wp-json\/wp\/v2\/posts\/286713\/revisions"}],"wp:featuredmedia":[{"embeddable":true,"href":"https:\/\/dicodusport.fr\/blog\/wp-json\/wp\/v2\/media\/286721"}],"wp:attachment":[{"href":"https:\/\/dicodusport.fr\/blog\/wp-json\/wp\/v2\/media?parent=286713"}],"wp:term":[{"taxonomy":"category","embeddable":true,"href":"https:\/\/dicodusport.fr\/blog\/wp-json\/wp\/v2\/categories?post=286713"},{"taxonomy":"post_tag","embeddable":true,"href":"https:\/\/dicodusport.fr\/blog\/wp-json\/wp\/v2\/tags?post=286713"}],"curies":[{"name":"wp","href":"https:\/\/api.w.org\/{rel}","templated":true}]}}