{"id":286745,"date":"2022-12-09T18:57:15","date_gmt":"2022-12-09T17:57:15","guid":{"rendered":"https:\/\/dicodusport.fr\/blog\/?p=286745&#038;preview=true&#038;preview_id=286745"},"modified":"2022-12-09T21:16:12","modified_gmt":"2022-12-09T20:16:12","slug":"argentine-la-composition-officielle-face-aux-pays-bas","status":"publish","type":"post","link":"https:\/\/dicodusport.fr\/blog\/argentine-la-composition-officielle-face-aux-pays-bas\/","title":{"rendered":"Argentine : La composition officielle face aux Pays-Bas"},"content":{"rendered":"<p style=\"text-align: justify;\" align=\"justify\"><em><a style=\"font-weight: bold;\" href=\"https:\/\/dicodusport.fr\/blog\/actualites\/football\/coupe-du-monde-de-football-2022\/\">COUPE DU MONDE DE FOOTBALL 2022<\/a><b> &#8211; Lionel Scaloni a donn\u00e9 sa composition pour le match de l&rsquo;Argentine face aux Pays-Bas, quart de finale de la Coupe du monde 2022.<\/b><\/em><\/p>\n<p style=\"text-align: justify;\" align=\"justify\">Le s\u00e9lectionneur argentin change de syst\u00e8me pour s&rsquo;adapter \u00e0 celui des <strong>Pays-Bas<\/strong>. C&rsquo;est donc une \u00e9quipe avec cinq joueurs d\u00e9fensifs qui est align\u00e9e et un milieu de terrain \u00e0 trois. Devant, <strong>Lionel<\/strong> <strong>Messi<\/strong> est associ\u00e9 \u00e0 <strong>Julian<\/strong> <strong>Alvarez<\/strong>.<\/p>\n<h2 style=\"text-align: justify;\" align=\"justify\">La composition officielle de l&rsquo;Argentine pour le quart de finale de la Coupe du monde 2022<\/h2>\n<p style=\"text-align: justify;\">E. Martinez &#8211; Molina, Romero, Otamendi, L. Martinez, Acu\u00f1a &#8211; De Paul, Fernandez, Mac Allister &#8211; Messi, Alvarez<\/p>\n<blockquote class=\"twitter-tweet\">\n<p dir=\"ltr\" lang=\"es\"><a href=\"https:\/\/twitter.com\/hashtag\/Qatar2022?src=hash&amp;ref_src=twsrc%5Etfw\">#Qatar2022<\/a><\/p>\n<p>&#x1f4cb; \u00a1Once inicial confirmado! &#x26bd;<\/p>\n<p>As\u00ed formar\u00e1 <a href=\"https:\/\/twitter.com\/Argentina?ref_src=twsrc%5Etfw\">@Argentina<\/a> &#x1f1e6;&#x1f1f7; para el encuentro ante <a href=\"https:\/\/twitter.com\/hashtag\/Pa%C3%ADsesBajos?src=hash&amp;ref_src=twsrc%5Etfw\">#Pa\u00edsesBajos<\/a> &#x1f1f3;&#x1f1f1; <a href=\"https:\/\/t.co\/eSz1qyBDPn\">pic.twitter.com\/eSz1qyBDPn<\/a><\/p>\n<p>\u2014 Selecci\u00f3n Argentina &#x1f1e6;&#x1f1f7; (@Argentina) <a href=\"https:\/\/twitter.com\/Argentina\/status\/1601280516778360832?ref_src=twsrc%5Etfw\">December 9, 2022<\/a><\/p><\/blockquote>\n<p><script async src=\"https:\/\/platform.twitter.com\/widgets.js\" charset=\"utf-8\"><\/script><\/p>\n<h2 style=\"text-align: justify;\">\u00c0 lire aussi<\/h2>\n<ul>\n<li style=\"text-align: justify;\"><a href=\"https:\/\/dicodusport.fr\/blog\/pays-bas-argentine-a-quelle-heure-et-sur-quelle-chaine-tv\/\"><strong>Pays-Bas &#8211; Argentine : \u00c0 quelle heure et sur quelle cha\u00eene<\/strong><\/a><\/li>\n<li style=\"text-align: justify;\"><a href=\"https:\/\/dicodusport.fr\/blog\/pronostic-pays-bas-argentine-coupe-du-monde-de-football-2022\/\"><strong>Pronostic Pays-Bas &#8211; Argentine<\/strong><\/a><\/li>\n<\/ul>\n","protected":false},"excerpt":{"rendered":"<p>COUPE DU MONDE DE FOOTBALL 2022 &#8211; Lionel Scaloni a donn\u00e9 sa composition pour le match de l&rsquo;Argentine face aux Pays-Bas, quart de finale de la Coupe du monde 2022.<\/p>\n","protected":false},"author":1,"featured_media":282825,"comment_status":"open","ping_status":"closed","sticky":false,"template":"","format":"standard","meta":{"_acf_changed":false,"_daextam_enable_autolinks":"","footnotes":""},"categories":[47043,2301],"tags":[4209,7146,75,1344],"class_list":["post-286745","post","type-post","status-publish","format-standard","has-post-thumbnail","hentry","category-coupe-du-monde-de-football","category-football","tag-argentine","tag-composition","tag-football","tag-pays-bas"],"acf":[],"yoast_head":"<!-- This site is optimized with the Yoast SEO Premium plugin v26.7 (Yoast SEO v26.7) - https:\/\/yoast.com\/wordpress\/plugins\/seo\/ -->\n<title>Argentine : La composition officielle face aux Pays-Bas<\/title>\n<meta name=\"description\" content=\"Lionel Scaloni a donn\u00e9 sa composition pour le match de l&#039;Argentine face aux Pays-Bas, quart de finale de la Coupe du monde 2022.\" \/>\n<meta name=\"robots\" content=\"index, follow, max-snippet:-1, max-image-preview:large, max-video-preview:-1\" \/>\n<link rel=\"canonical\" href=\"https:\/\/dicodusport.fr\/blog\/argentine-la-composition-officielle-face-aux-pays-bas\/\" \/>\n<meta property=\"og:locale\" content=\"fr_FR\" \/>\n<meta property=\"og:type\" content=\"article\" \/>\n<meta property=\"og:title\" content=\"Argentine : La composition officielle face aux Pays-Bas\" \/>\n<meta property=\"og:description\" content=\"Lionel Scaloni a donn\u00e9 sa composition pour le match de l&#039;Argentine face aux Pays-Bas, quart de finale de la Coupe du monde 2022.\" \/>\n<meta property=\"og:url\" content=\"https:\/\/dicodusport.fr\/blog\/argentine-la-composition-officielle-face-aux-pays-bas\/\" \/>\n<meta property=\"og:site_name\" content=\"Dicodusport\" \/>\n<meta property=\"article:publisher\" content=\"https:\/\/www.facebook.com\/dicodusport\" \/>\n<meta property=\"article:author\" content=\"https:\/\/www.facebook.com\/dicodusport\" \/>\n<meta property=\"article:published_time\" content=\"2022-12-09T17:57:15+00:00\" \/>\n<meta property=\"article:modified_time\" content=\"2022-12-09T20:16:12+00:00\" \/>\n<meta property=\"og:image\" content=\"https:\/\/dicodusport.fr\/blog\/wp-content\/uploads\/2022\/11\/Coupe-du-monde-de-football-LArgentine-de-Lionel-Messi-se-relance-face-au-Mexique.png\" \/>\n\t<meta property=\"og:image:width\" content=\"800\" \/>\n\t<meta property=\"og:image:height\" content=\"445\" \/>\n\t<meta property=\"og:image:type\" content=\"image\/png\" \/>\n<meta name=\"author\" content=\"Nicolas Jacquemard\" \/>\n<meta name=\"twitter:card\" content=\"summary_large_image\" \/>\n<meta name=\"twitter:title\" content=\"Argentine : La composition officielle face aux Pays-Bas\" \/>\n<meta name=\"twitter:creator\" content=\"@https:\/\/twitter.com\/Nico_Jacquemard\" \/>\n<meta name=\"twitter:site\" content=\"@dicodusport\" \/>\n<script type=\"application\/ld+json\" class=\"yoast-schema-graph\">{\"@context\":\"https:\/\/schema.org\",\"@graph\":[{\"@type\":\"NewsArticle\",\"@id\":\"https:\/\/dicodusport.fr\/blog\/argentine-la-composition-officielle-face-aux-pays-bas\/#article\",\"isPartOf\":{\"@id\":\"https:\/\/dicodusport.fr\/blog\/argentine-la-composition-officielle-face-aux-pays-bas\/\"},\"author\":{\"name\":\"Nicolas Jacquemard\",\"@id\":\"https:\/\/dicodusport.fr\/blog\/#\/schema\/person\/55dcb50ad410894e431ed812bbb70191\"},\"headline\":\"Argentine : La composition officielle face aux Pays-Bas\",\"datePublished\":\"2022-12-09T17:57:15+00:00\",\"dateModified\":\"2022-12-09T20:16:12+00:00\",\"mainEntityOfPage\":{\"@id\":\"https:\/\/dicodusport.fr\/blog\/argentine-la-composition-officielle-face-aux-pays-bas\/\"},\"wordCount\":174,\"commentCount\":0,\"publisher\":{\"@id\":\"https:\/\/dicodusport.fr\/blog\/#organization\"},\"image\":{\"@id\":\"https:\/\/dicodusport.fr\/blog\/argentine-la-composition-officielle-face-aux-pays-bas\/#primaryimage\"},\"thumbnailUrl\":\"https:\/\/dicodusport.fr\/blog\/wp-content\/uploads\/2022\/11\/Coupe-du-monde-de-football-LArgentine-de-Lionel-Messi-se-relance-face-au-Mexique.png\",\"keywords\":[\"Argentine\",\"composition\",\"Football\",\"Pays Bas\"],\"articleSection\":[\"Coupe du monde de football\",\"Football\"],\"inLanguage\":\"fr-FR\",\"potentialAction\":[{\"@type\":\"CommentAction\",\"name\":\"Comment\",\"target\":[\"https:\/\/dicodusport.fr\/blog\/argentine-la-composition-officielle-face-aux-pays-bas\/#respond\"]}],\"copyrightYear\":\"2022\",\"copyrightHolder\":{\"@id\":\"https:\/\/dicodusport.fr\/blog\/#organization\"}},{\"@type\":\"WebPage\",\"@id\":\"https:\/\/dicodusport.fr\/blog\/argentine-la-composition-officielle-face-aux-pays-bas\/\",\"url\":\"https:\/\/dicodusport.fr\/blog\/argentine-la-composition-officielle-face-aux-pays-bas\/\",\"name\":\"Argentine : La composition officielle face aux Pays-Bas\",\"isPartOf\":{\"@id\":\"https:\/\/dicodusport.fr\/blog\/#website\"},\"primaryImageOfPage\":{\"@id\":\"https:\/\/dicodusport.fr\/blog\/argentine-la-composition-officielle-face-aux-pays-bas\/#primaryimage\"},\"image\":{\"@id\":\"https:\/\/dicodusport.fr\/blog\/argentine-la-composition-officielle-face-aux-pays-bas\/#primaryimage\"},\"thumbnailUrl\":\"https:\/\/dicodusport.fr\/blog\/wp-content\/uploads\/2022\/11\/Coupe-du-monde-de-football-LArgentine-de-Lionel-Messi-se-relance-face-au-Mexique.png\",\"datePublished\":\"2022-12-09T17:57:15+00:00\",\"dateModified\":\"2022-12-09T20:16:12+00:00\",\"description\":\"Lionel Scaloni a donn\u00e9 sa composition pour le match de l'Argentine face aux Pays-Bas, quart de finale de la Coupe du monde 2022.\",\"breadcrumb\":{\"@id\":\"https:\/\/dicodusport.fr\/blog\/argentine-la-composition-officielle-face-aux-pays-bas\/#breadcrumb\"},\"inLanguage\":\"fr-FR\",\"potentialAction\":[{\"@type\":\"ReadAction\",\"target\":[\"https:\/\/dicodusport.fr\/blog\/argentine-la-composition-officielle-face-aux-pays-bas\/\"]}]},{\"@type\":\"ImageObject\",\"inLanguage\":\"fr-FR\",\"@id\":\"https:\/\/dicodusport.fr\/blog\/argentine-la-composition-officielle-face-aux-pays-bas\/#primaryimage\",\"url\":\"https:\/\/dicodusport.fr\/blog\/wp-content\/uploads\/2022\/11\/Coupe-du-monde-de-football-LArgentine-de-Lionel-Messi-se-relance-face-au-Mexique.png\",\"contentUrl\":\"https:\/\/dicodusport.fr\/blog\/wp-content\/uploads\/2022\/11\/Coupe-du-monde-de-football-LArgentine-de-Lionel-Messi-se-relance-face-au-Mexique.png\",\"width\":800,\"height\":445,\"caption\":\"Coupe du monde de football L'Argentine de Lionel Messi se relance face au Mexique\"},{\"@type\":\"BreadcrumbList\",\"@id\":\"https:\/\/dicodusport.fr\/blog\/argentine-la-composition-officielle-face-aux-pays-bas\/#breadcrumb\",\"itemListElement\":[{\"@type\":\"ListItem\",\"position\":1,\"name\":\"Accueil\",\"item\":\"https:\/\/dicodusport.fr\/blog\/\"},{\"@type\":\"ListItem\",\"position\":2,\"name\":\"Argentine : La composition officielle face aux Pays-Bas\"}]},{\"@type\":\"WebSite\",\"@id\":\"https:\/\/dicodusport.fr\/blog\/#website\",\"url\":\"https:\/\/dicodusport.fr\/blog\/\",\"name\":\"Dicodusport\",\"description\":\"L&#039;encyclop\u00e9die de l&#039;actualit\u00e9 sportive\",\"publisher\":{\"@id\":\"https:\/\/dicodusport.fr\/blog\/#organization\"},\"potentialAction\":[{\"@type\":\"SearchAction\",\"target\":{\"@type\":\"EntryPoint\",\"urlTemplate\":\"https:\/\/dicodusport.fr\/blog\/?s={search_term_string}\"},\"query-input\":{\"@type\":\"PropertyValueSpecification\",\"valueRequired\":true,\"valueName\":\"search_term_string\"}}],\"inLanguage\":\"fr-FR\"},{\"@type\":\"NewsMediaOrganization\",\"@id\":\"https:\/\/dicodusport.fr\/blog\/#organization\",\"name\":\"Dicodusport\",\"url\":\"https:\/\/dicodusport.fr\/blog\/\",\"logo\":{\"@type\":\"ImageObject\",\"inLanguage\":\"fr-FR\",\"@id\":\"https:\/\/dicodusport.fr\/blog\/#\/schema\/logo\/image\/\",\"url\":\"https:\/\/dicodusport.fr\/blog\/wp-content\/uploads\/2020\/06\/cropped-LOGO-DICODUSPORT-2020-SANS-FOND-SANS-TEXTE.png\",\"contentUrl\":\"https:\/\/dicodusport.fr\/blog\/wp-content\/uploads\/2020\/06\/cropped-LOGO-DICODUSPORT-2020-SANS-FOND-SANS-TEXTE.png\",\"width\":512,\"height\":512,\"caption\":\"Dicodusport\"},\"image\":{\"@id\":\"https:\/\/dicodusport.fr\/blog\/#\/schema\/logo\/image\/\"},\"sameAs\":[\"https:\/\/www.facebook.com\/dicodusport\",\"https:\/\/x.com\/dicodusport\",\"https:\/\/www.instagram.com\/dicodusport\/\",\"https:\/\/www.youtube.com\/channel\/UC7V2KZ5sd3htJivAbA4ZG3w\"],\"description\":\"Dicodusport est l'encyclop\u00e9die de l'actualit\u00e9 sportive.\",\"email\":\"bonjour@dicodusport.fr\",\"legalName\":\"DICODUSPORT\",\"foundingDate\":\"2018-01-14\",\"vatID\":\"FR71834470973\",\"taxID\":\"83447097300043\",\"numberOfEmployees\":{\"@type\":\"QuantitativeValue\",\"minValue\":\"1\",\"maxValue\":\"10\"}},{\"@type\":\"Person\",\"@id\":\"https:\/\/dicodusport.fr\/blog\/#\/schema\/person\/55dcb50ad410894e431ed812bbb70191\",\"name\":\"Nicolas Jacquemard\",\"image\":{\"@type\":\"ImageObject\",\"inLanguage\":\"fr-FR\",\"@id\":\"https:\/\/dicodusport.fr\/blog\/#\/schema\/person\/image\/\",\"url\":\"https:\/\/dicodusport.fr\/blog\/wp-content\/uploads\/2021\/05\/Nicolas-Jacquemard-150x150.jpeg\",\"contentUrl\":\"https:\/\/dicodusport.fr\/blog\/wp-content\/uploads\/2021\/05\/Nicolas-Jacquemard-150x150.jpeg\",\"caption\":\"Nicolas Jacquemard\"},\"description\":\"Passionn\u00e9 de sport et entrepreneur depuis mes 18 ans, la cr\u00e9ation de Dicodusport m'a sembl\u00e9 \u00e9vidente pour participer \u00e0 la m\u00e9diatisation d'un plus grand nombre de sports. Le chemin est long mais avec une \u00e9quipe des plus motiv\u00e9es et les Jeux Olympiques de Paris 2024 en point de mire, nous y arriverons ! Journaliste dans le monde du sport depuis plus de 5 ans, je traite aussi bien de football, de rugby, de biathlon que de cyclisme.\",\"sameAs\":[\"https:\/\/www.facebook.com\/dicodusport\",\"https:\/\/x.com\/https:\/\/twitter.com\/Nico_Jacquemard\"],\"url\":\"https:\/\/dicodusport.fr\/blog\/author\/dicodusport\/\"}]}<\/script>\n<!-- \/ Yoast SEO Premium plugin. -->","yoast_head_json":{"title":"Argentine : La composition officielle face aux Pays-Bas","description":"Lionel Scaloni a donn\u00e9 sa composition pour le match de l'Argentine face aux Pays-Bas, quart de finale de la Coupe du monde 2022.","robots":{"index":"index","follow":"follow","max-snippet":"max-snippet:-1","max-image-preview":"max-image-preview:large","max-video-preview":"max-video-preview:-1"},"canonical":"https:\/\/dicodusport.fr\/blog\/argentine-la-composition-officielle-face-aux-pays-bas\/","og_locale":"fr_FR","og_type":"article","og_title":"Argentine : La composition officielle face aux Pays-Bas","og_description":"Lionel Scaloni a donn\u00e9 sa composition pour le match de l'Argentine face aux Pays-Bas, quart de finale de la Coupe du monde 2022.","og_url":"https:\/\/dicodusport.fr\/blog\/argentine-la-composition-officielle-face-aux-pays-bas\/","og_site_name":"Dicodusport","article_publisher":"https:\/\/www.facebook.com\/dicodusport","article_author":"https:\/\/www.facebook.com\/dicodusport","article_published_time":"2022-12-09T17:57:15+00:00","article_modified_time":"2022-12-09T20:16:12+00:00","og_image":[{"width":800,"height":445,"url":"https:\/\/dicodusport.fr\/blog\/wp-content\/uploads\/2022\/11\/Coupe-du-monde-de-football-LArgentine-de-Lionel-Messi-se-relance-face-au-Mexique.png","type":"image\/png"}],"author":"Nicolas Jacquemard","twitter_card":"summary_large_image","twitter_title":"Argentine : La composition officielle face aux Pays-Bas","twitter_creator":"@https:\/\/twitter.com\/Nico_Jacquemard","twitter_site":"@dicodusport","schema":{"@context":"https:\/\/schema.org","@graph":[{"@type":"NewsArticle","@id":"https:\/\/dicodusport.fr\/blog\/argentine-la-composition-officielle-face-aux-pays-bas\/#article","isPartOf":{"@id":"https:\/\/dicodusport.fr\/blog\/argentine-la-composition-officielle-face-aux-pays-bas\/"},"author":{"name":"Nicolas Jacquemard","@id":"https:\/\/dicodusport.fr\/blog\/#\/schema\/person\/55dcb50ad410894e431ed812bbb70191"},"headline":"Argentine : La composition officielle face aux Pays-Bas","datePublished":"2022-12-09T17:57:15+00:00","dateModified":"2022-12-09T20:16:12+00:00","mainEntityOfPage":{"@id":"https:\/\/dicodusport.fr\/blog\/argentine-la-composition-officielle-face-aux-pays-bas\/"},"wordCount":174,"commentCount":0,"publisher":{"@id":"https:\/\/dicodusport.fr\/blog\/#organization"},"image":{"@id":"https:\/\/dicodusport.fr\/blog\/argentine-la-composition-officielle-face-aux-pays-bas\/#primaryimage"},"thumbnailUrl":"https:\/\/dicodusport.fr\/blog\/wp-content\/uploads\/2022\/11\/Coupe-du-monde-de-football-LArgentine-de-Lionel-Messi-se-relance-face-au-Mexique.png","keywords":["Argentine","composition","Football","Pays Bas"],"articleSection":["Coupe du monde de football","Football"],"inLanguage":"fr-FR","potentialAction":[{"@type":"CommentAction","name":"Comment","target":["https:\/\/dicodusport.fr\/blog\/argentine-la-composition-officielle-face-aux-pays-bas\/#respond"]}],"copyrightYear":"2022","copyrightHolder":{"@id":"https:\/\/dicodusport.fr\/blog\/#organization"}},{"@type":"WebPage","@id":"https:\/\/dicodusport.fr\/blog\/argentine-la-composition-officielle-face-aux-pays-bas\/","url":"https:\/\/dicodusport.fr\/blog\/argentine-la-composition-officielle-face-aux-pays-bas\/","name":"Argentine : La composition officielle face aux Pays-Bas","isPartOf":{"@id":"https:\/\/dicodusport.fr\/blog\/#website"},"primaryImageOfPage":{"@id":"https:\/\/dicodusport.fr\/blog\/argentine-la-composition-officielle-face-aux-pays-bas\/#primaryimage"},"image":{"@id":"https:\/\/dicodusport.fr\/blog\/argentine-la-composition-officielle-face-aux-pays-bas\/#primaryimage"},"thumbnailUrl":"https:\/\/dicodusport.fr\/blog\/wp-content\/uploads\/2022\/11\/Coupe-du-monde-de-football-LArgentine-de-Lionel-Messi-se-relance-face-au-Mexique.png","datePublished":"2022-12-09T17:57:15+00:00","dateModified":"2022-12-09T20:16:12+00:00","description":"Lionel Scaloni a donn\u00e9 sa composition pour le match de l'Argentine face aux Pays-Bas, quart de finale de la Coupe du monde 2022.","breadcrumb":{"@id":"https:\/\/dicodusport.fr\/blog\/argentine-la-composition-officielle-face-aux-pays-bas\/#breadcrumb"},"inLanguage":"fr-FR","potentialAction":[{"@type":"ReadAction","target":["https:\/\/dicodusport.fr\/blog\/argentine-la-composition-officielle-face-aux-pays-bas\/"]}]},{"@type":"ImageObject","inLanguage":"fr-FR","@id":"https:\/\/dicodusport.fr\/blog\/argentine-la-composition-officielle-face-aux-pays-bas\/#primaryimage","url":"https:\/\/dicodusport.fr\/blog\/wp-content\/uploads\/2022\/11\/Coupe-du-monde-de-football-LArgentine-de-Lionel-Messi-se-relance-face-au-Mexique.png","contentUrl":"https:\/\/dicodusport.fr\/blog\/wp-content\/uploads\/2022\/11\/Coupe-du-monde-de-football-LArgentine-de-Lionel-Messi-se-relance-face-au-Mexique.png","width":800,"height":445,"caption":"Coupe du monde de football L'Argentine de Lionel Messi se relance face au Mexique"},{"@type":"BreadcrumbList","@id":"https:\/\/dicodusport.fr\/blog\/argentine-la-composition-officielle-face-aux-pays-bas\/#breadcrumb","itemListElement":[{"@type":"ListItem","position":1,"name":"Accueil","item":"https:\/\/dicodusport.fr\/blog\/"},{"@type":"ListItem","position":2,"name":"Argentine : La composition officielle face aux Pays-Bas"}]},{"@type":"WebSite","@id":"https:\/\/dicodusport.fr\/blog\/#website","url":"https:\/\/dicodusport.fr\/blog\/","name":"Dicodusport","description":"L&#039;encyclop\u00e9die de l&#039;actualit\u00e9 sportive","publisher":{"@id":"https:\/\/dicodusport.fr\/blog\/#organization"},"potentialAction":[{"@type":"SearchAction","target":{"@type":"EntryPoint","urlTemplate":"https:\/\/dicodusport.fr\/blog\/?s={search_term_string}"},"query-input":{"@type":"PropertyValueSpecification","valueRequired":true,"valueName":"search_term_string"}}],"inLanguage":"fr-FR"},{"@type":"NewsMediaOrganization","@id":"https:\/\/dicodusport.fr\/blog\/#organization","name":"Dicodusport","url":"https:\/\/dicodusport.fr\/blog\/","logo":{"@type":"ImageObject","inLanguage":"fr-FR","@id":"https:\/\/dicodusport.fr\/blog\/#\/schema\/logo\/image\/","url":"https:\/\/dicodusport.fr\/blog\/wp-content\/uploads\/2020\/06\/cropped-LOGO-DICODUSPORT-2020-SANS-FOND-SANS-TEXTE.png","contentUrl":"https:\/\/dicodusport.fr\/blog\/wp-content\/uploads\/2020\/06\/cropped-LOGO-DICODUSPORT-2020-SANS-FOND-SANS-TEXTE.png","width":512,"height":512,"caption":"Dicodusport"},"image":{"@id":"https:\/\/dicodusport.fr\/blog\/#\/schema\/logo\/image\/"},"sameAs":["https:\/\/www.facebook.com\/dicodusport","https:\/\/x.com\/dicodusport","https:\/\/www.instagram.com\/dicodusport\/","https:\/\/www.youtube.com\/channel\/UC7V2KZ5sd3htJivAbA4ZG3w"],"description":"Dicodusport est l'encyclop\u00e9die de l'actualit\u00e9 sportive.","email":"bonjour@dicodusport.fr","legalName":"DICODUSPORT","foundingDate":"2018-01-14","vatID":"FR71834470973","taxID":"83447097300043","numberOfEmployees":{"@type":"QuantitativeValue","minValue":"1","maxValue":"10"}},{"@type":"Person","@id":"https:\/\/dicodusport.fr\/blog\/#\/schema\/person\/55dcb50ad410894e431ed812bbb70191","name":"Nicolas Jacquemard","image":{"@type":"ImageObject","inLanguage":"fr-FR","@id":"https:\/\/dicodusport.fr\/blog\/#\/schema\/person\/image\/","url":"https:\/\/dicodusport.fr\/blog\/wp-content\/uploads\/2021\/05\/Nicolas-Jacquemard-150x150.jpeg","contentUrl":"https:\/\/dicodusport.fr\/blog\/wp-content\/uploads\/2021\/05\/Nicolas-Jacquemard-150x150.jpeg","caption":"Nicolas Jacquemard"},"description":"Passionn\u00e9 de sport et entrepreneur depuis mes 18 ans, la cr\u00e9ation de Dicodusport m'a sembl\u00e9 \u00e9vidente pour participer \u00e0 la m\u00e9diatisation d'un plus grand nombre de sports. Le chemin est long mais avec une \u00e9quipe des plus motiv\u00e9es et les Jeux Olympiques de Paris 2024 en point de mire, nous y arriverons ! Journaliste dans le monde du sport depuis plus de 5 ans, je traite aussi bien de football, de rugby, de biathlon que de cyclisme.","sameAs":["https:\/\/www.facebook.com\/dicodusport","https:\/\/x.com\/https:\/\/twitter.com\/Nico_Jacquemard"],"url":"https:\/\/dicodusport.fr\/blog\/author\/dicodusport\/"}]}},"_links":{"self":[{"href":"https:\/\/dicodusport.fr\/blog\/wp-json\/wp\/v2\/posts\/286745","targetHints":{"allow":["GET"]}}],"collection":[{"href":"https:\/\/dicodusport.fr\/blog\/wp-json\/wp\/v2\/posts"}],"about":[{"href":"https:\/\/dicodusport.fr\/blog\/wp-json\/wp\/v2\/types\/post"}],"author":[{"embeddable":true,"href":"https:\/\/dicodusport.fr\/blog\/wp-json\/wp\/v2\/users\/1"}],"replies":[{"embeddable":true,"href":"https:\/\/dicodusport.fr\/blog\/wp-json\/wp\/v2\/comments?post=286745"}],"version-history":[{"count":0,"href":"https:\/\/dicodusport.fr\/blog\/wp-json\/wp\/v2\/posts\/286745\/revisions"}],"wp:featuredmedia":[{"embeddable":true,"href":"https:\/\/dicodusport.fr\/blog\/wp-json\/wp\/v2\/media\/282825"}],"wp:attachment":[{"href":"https:\/\/dicodusport.fr\/blog\/wp-json\/wp\/v2\/media?parent=286745"}],"wp:term":[{"taxonomy":"category","embeddable":true,"href":"https:\/\/dicodusport.fr\/blog\/wp-json\/wp\/v2\/categories?post=286745"},{"taxonomy":"post_tag","embeddable":true,"href":"https:\/\/dicodusport.fr\/blog\/wp-json\/wp\/v2\/tags?post=286745"}],"curies":[{"name":"wp","href":"https:\/\/api.w.org\/{rel}","templated":true}]}}