{"id":2869,"date":"2017-07-17T11:51:04","date_gmt":"2017-07-17T10:51:04","guid":{"rendered":"http:\/\/dicodusport.fr\/blog\/?p=2869"},"modified":"2025-11-20T18:38:02","modified_gmt":"2025-11-20T17:38:02","slug":"un-lundi-au-taquet-3-des-tricolores-au-top","status":"publish","type":"post","link":"https:\/\/dicodusport.fr\/blog\/un-lundi-au-taquet-3-des-tricolores-au-top\/","title":{"rendered":"Un lundi au taquet #3 : des Tricolores au top !"},"content":{"rendered":"<p style=\"text-align: justify;\"><span style=\"color: #000000;\"><strong><em>Comment \u00e7a ? Vous n&rsquo;avez pas suivi l&rsquo;actualit\u00e9 sportive cette semaine ? Pas de probl\u00e8me, votre blog Dicodusport vous offre une s\u00e9ance de rattrapage, entre s\u00e9rieux et humour. <\/em><\/strong><strong><em>Moteur.<\/em><\/strong><\/span><\/p>\n<hr \/>\n<h6 style=\"text-align: center;\"><span style=\"color: #000000;\"><em><strong>&#8211; En bref &#8211;<\/strong><\/em><\/span><\/h6>\n<p style=\"text-align: justify;\"><span style=\"color: #000000;\"><strong>#Voile &#8211; Coville toujours plus vite, toujours plus fort<br \/>\n<\/strong>Le mano \u00e0 mano Francis Joyon \/ Thomas Coville continue dans la course au record de la Travers\u00e9e de l&rsquo;Atlantique Nord en solitaire ! Et c&rsquo;est le dernier cit\u00e9 qui a pris l&rsquo;ascendant, puisque Thomas Coville a tout simplement pulv\u00e9ris\u00e9 le temps de son meilleur adversaire, en 4 jours et 11 heures 10 minutes et 23 s. Parti mardi matin de New-York, il a franchi le cap Lizard, au sud de l&rsquo;Angleterre ce samedi. D\u00e9j\u00e0 d\u00e9tenteur du record du Tour du monde en solitaire depuis d\u00e9cembre dernier, le Rennais s&rsquo;affirme comme l&rsquo;un des plus grands marins de tous les temps. Jusqu&rsquo;o\u00f9 ira-t-il ?<br \/>\n<\/span><\/p>\n<p style=\"text-align: justify;\"><span style=\"color: #000000;\"><strong>#Handisport \/ Athl\u00e9tisme &#8211; Premi\u00e8res breloques pour les Bleu(e)s aux Mondiaux<br \/>\n<\/strong>Les Championnats du Monde Handisport ont d\u00e9but\u00e9 vendredi, \u00e0 Londres, avec une d\u00e9l\u00e9gation tricolore en plein renouveau. Apr\u00e8s trois jours de comp\u00e9tition, l&rsquo;\u00e9quipe de France a d\u00e9croch\u00e9 deux m\u00e9dailles : l&rsquo;argent pour Mandy Fran\u00e7ois-Elie, sur le 200m T37 (<\/span><span style=\"color: #000000;\">atteinte s\u00e9v\u00e8re d\u2019un membre sup\u00e9rieur, <\/span><span style=\"color: #000000;\">d\u2019un membre inf\u00e9rieur associ\u00e9 et au <\/span><span style=\"color: #000000;\">tronc de mani\u00e8re lat\u00e9rale, cons\u00e9cutif \u00e0 une l\u00e9sion c\u00e9r\u00e9brale) et le bronze pour Pierre Fairbank, toujours sur 200m, mais en T53 (atteinte totale des membres inf\u00e9rieurs et du tronc). Si vous voulez voir de vraies le\u00e7ons de vie, alors zappez sur France O, tous les jours \u00e0 partir de 20h, jusqu&rsquo;au 23 juillet. Spectacle et admiration au rendez-vous.<br \/>\n<\/span><\/p>\n<div id=\"attachment_2962\" style=\"width: 306px\" class=\"wp-caption aligncenter\"><img loading=\"lazy\" decoding=\"async\" aria-describedby=\"caption-attachment-2962\" class=\"wp-image-2962\" src=\"http:\/\/dicodusport.fr\/blog\/wp-content\/uploads\/2017\/07\/Fran\u00e7oise-Elie-AthleHandisport-226x300.jpg\" alt=\"\" width=\"296\" height=\"393\" srcset=\"https:\/\/dicodusport.fr\/blog\/wp-content\/uploads\/2017\/07\/Fran\u00e7oise-Elie-AthleHandisport-226x300.jpg 226w, https:\/\/dicodusport.fr\/blog\/wp-content\/uploads\/2017\/07\/Fran\u00e7oise-Elie-AthleHandisport.jpg 524w\" sizes=\"auto, (max-width: 296px) 100vw, 296px\" \/><p id=\"caption-attachment-2962\" class=\"wp-caption-text\">Le sourire de Mandy Fran\u00e7ois-Elie, en argent sur 200m T37 &#8211; AthleHandisport<\/p><\/div>\n<p style=\"text-align: justify;\"><span style=\"color: #000000;\"><strong style=\"color: #000000;\">#BMX &#8211; Joris Daudet sur le toit de l&rsquo;Europe<br \/>\n<\/strong>Le week-end dernier, on vous parlait du cinqui\u00e8me titre de champion de France de Joris Daudet, chez lui, \u00e0 Bordeaux. On vous avez aussi dit qu&rsquo;on reparlerait de lui aujourd&rsquo;hui. Dans le mille ! Le Girondin est devenu champion d&rsquo;Europe pour la deuxi\u00e8me fois de sa carri\u00e8re, apr\u00e8s 2011. Cerise sur le g\u00e2teau, c&rsquo;est sur la m\u00eame piste qu&rsquo;il y a sept jours qu&rsquo;il a d\u00e9croch\u00e9 son titre continental. Un magnifique triomphe devant les siens. Belle prestation d&rsquo;ensemble des Fran\u00e7ais, puisque Sylvain Andr\u00e9, vice-champion de France, s&rsquo;adjuge la m\u00e9daille de bronze devant Arthur Pilard. La place des Quinconces porte bonheur aux Tricolores.<br \/>\n<\/span><\/p>\n<p style=\"text-align: justify;\"><span style=\"color: #000000;\">Pas de titre en revanche chez les filles, mais un vrai coup de chapeau pour Manon Valentino. La native de Valr\u00e9as, qui a lourdement chut\u00e9 le week-end dernier lors des Championnats de France, a tout de m\u00eame pris le d\u00e9part pour terminer \u00e0 une belle septi\u00e8me place. Le titre est revenu \u00e0 la N\u00e9erlandaise Laura Smulders, grande favorite de la comp\u00e9tition.<\/span><\/p>\n<p style=\"text-align: justify;\"><span style=\"color: #000000;\"><strong>#VTT &#8211; Pauline Ferrand-Pr\u00e9vot renoue avec la victoire<br \/>\n<\/strong>Cyclisme, toujours. Les Championnats de France de VTT avaient lieu ce week-end, \u00e0 Ploeuc L&rsquo;Hermitage en Bretagne. Le point d&rsquo;orgue, c&rsquo;\u00e9tait hier avec les \u00e9preuves de Cross-Country Elite. Chez les dames, Pauline Ferrand-Pr\u00e9vot est devenue pour la quatri\u00e8me fois de suite championne de France, devant l&rsquo;\u00e9toile montante de la discipline, Sabrina Enaux. Apr\u00e8s des JO de Rio totalement rat\u00e9s, aussi bien en VTT que sur route, PFP semble retrouver son niveau depuis quelques semaines. La multiple championne du Monde (VTT et route) a d\u00e9cid\u00e9 de se consacrer enti\u00e8rement au Cross-Country cette ann\u00e9e.<\/span><\/p>\n<p style=\"text-align: justify;\"><span style=\"color: #000000;\">Chez les hommes, c&rsquo;est Maxime Marotte qui s&rsquo;est d\u00e9croche le titre national. L&rsquo;Alsacien, deuxi\u00e8me de la Coupe du Monde actuellement, s\u2019avan\u00e7ait en grand favori, en l&rsquo;absence notamment de la l\u00e9gende de la discipline c\u00f4t\u00e9 tricolore, Julien Absalon.<\/span><\/p>\n<hr \/>\n<h6 style=\"text-align: center;\"><span style=\"color: #000000;\"><em><strong>&#8211; La femme et l&rsquo;homme de la semaine &#8211;<\/strong><\/em><\/span><\/h6>\n<p style=\"text-align: justify;\"><span style=\"color: #000000;\">Une fois n&rsquo;est pas coutume, la femme et l&rsquo;homme de la semaine sont associ\u00e9s dans la m\u00eame rubrique ! Et c&rsquo;est un double COCORICO, avec les titres de champions du Monde de Natation en eau libre pour Aur\u00e9lie Muller et Marc-Antoine Olivier \u00e0 Budapest (Hongrie). C&rsquo;est sur le 10km sur que la native de Lorraine s&rsquo;est impos\u00e9e, en dominant la course de bout en bout, un an apr\u00e8s avoir \u00e9t\u00e9 injustement disqualifi\u00e9e lors des JO de Rio. Une sacr\u00e9e revanche pour celle qui nous avait \u00e9mu apr\u00e8s cet \u00e9pisode malheureux. Elle conserve ainsi son titre acquis en 2015 \u00e0 Kazan (Russie). Son compatriote Marc-Antoine Olivier, 21 ans, a lui aussi fait vibrer les supporters tricolores en Hongrie ; le Nordiste a remport\u00e9 la m\u00e9daille d&rsquo;or sur le 5km au terme d&rsquo;un final de toute beaut\u00e9. En plus du titre mondial, les deux athl\u00e8tes ont un autre point en commun : \u00eatre entrain\u00e9s par Philippe Lucas. \u00c7a ne doit pas rigoler tous les jours \u00e0 l&rsquo;entrainement !<\/span><\/p>\n<div id=\"attachment_2963\" style=\"width: 462px\" class=\"wp-caption aligncenter\"><img loading=\"lazy\" decoding=\"async\" aria-describedby=\"caption-attachment-2963\" class=\"wp-image-2963\" src=\"http:\/\/dicodusport.fr\/blog\/wp-content\/uploads\/2017\/07\/7136163_3ed50da511e14ce3218a4ef5c9d4cdcd7f735580_1000x625-300x188.jpg\" alt=\"\" width=\"452\" height=\"283\" srcset=\"https:\/\/dicodusport.fr\/blog\/wp-content\/uploads\/2017\/07\/7136163_3ed50da511e14ce3218a4ef5c9d4cdcd7f735580_1000x625-300x188.jpg 300w, https:\/\/dicodusport.fr\/blog\/wp-content\/uploads\/2017\/07\/7136163_3ed50da511e14ce3218a4ef5c9d4cdcd7f735580_1000x625-768x480.jpg 768w, https:\/\/dicodusport.fr\/blog\/wp-content\/uploads\/2017\/07\/7136163_3ed50da511e14ce3218a4ef5c9d4cdcd7f735580_1000x625.jpg 1000w\" sizes=\"auto, (max-width: 452px) 100vw, 452px\" \/><p id=\"caption-attachment-2963\" class=\"wp-caption-text\">Le grand bonheur de Marc-Antoine Olivier, champion du Monde \u00e0 seulement 21 ans &#8211; AFP<\/p><\/div>\n<hr \/>\n<h6 style=\"text-align: center;\"><span style=\"color: #000000;\"><em><strong>&#8211; L&rsquo;\u00e9quipe de la semaine &#8211;<\/strong><\/em><\/span><\/h6>\n<p style=\"text-align: justify;\"><span style=\"color: #000000;\">La jeunesse du Softball fran\u00e7ais se porte bien. Oui, on le sait les incultes, vous ne connaissez sans doute pas <a href=\"http:\/\/dicodusport.fr\/definition-sport\/softball\/\">cette discipline<\/a>.<br \/>\nC&rsquo;est aux Pays-Bas que les Championnats d&rsquo;Europe de la jeunesse se tenaient cette semaine. Et grand coup de chapeau \u00e0 l&rsquo;\u00e9quipe de France 12U (10-12ans), qui est devenue vice-championne d&rsquo;Europe, en s&rsquo;inclinant face aux Italiens (grrr) en finale, 13 \u00e0 1. Une magnifique performance apr\u00e8s une 3\u00e8me et une 5\u00e8me place lors des deux derni\u00e8res \u00e9ditions. Des cracks en devenir ! Nous, on veut les voir en 2024, \u00e0 Paris, si vous voyez ce qu&rsquo;on veut dire.<\/span><\/p>\n<div id=\"attachment_2964\" style=\"width: 464px\" class=\"wp-caption aligncenter\"><img loading=\"lazy\" decoding=\"async\" aria-describedby=\"caption-attachment-2964\" class=\"wp-image-2964\" src=\"http:\/\/dicodusport.fr\/blog\/wp-content\/uploads\/2017\/07\/FFBS-300x200.jpg\" alt=\"\" width=\"454\" height=\"303\" srcset=\"https:\/\/dicodusport.fr\/blog\/wp-content\/uploads\/2017\/07\/FFBS-300x200.jpg 300w, https:\/\/dicodusport.fr\/blog\/wp-content\/uploads\/2017\/07\/FFBS-768x513.jpg 768w, https:\/\/dicodusport.fr\/blog\/wp-content\/uploads\/2017\/07\/FFBS-1024x684.jpg 1024w, https:\/\/dicodusport.fr\/blog\/wp-content\/uploads\/2017\/07\/FFBS.jpg 2048w\" sizes=\"auto, (max-width: 454px) 100vw, 454px\" \/><p id=\"caption-attachment-2964\" class=\"wp-caption-text\">Des jeunes pousses qui ont d\u00e9j\u00e0 la t\u00eate \u00e0 2024 &#8211; F\u00e9d\u00e9ration Fran\u00e7aise de Baseball et Softball<\/p><\/div>\n<hr \/>\n<h6 style=\"text-align: center;\"><span style=\"color: #000000;\"><strong><em>&#8211; Le Tweet qui nous a fait rire &#8211;<\/em><\/strong><\/span><\/h6>\n<p style=\"text-align: justify;\"><span style=\"color: #000000;\">Dans la s\u00e9rie \u00ab\u00a0Qu&rsquo;est-ce qui est jaune et qui attend ?\u00a0\u00bb : le Tour de France et Twitter nous offrent encore et toujours de gros fou-rires. Comme la semaine derni\u00e8re, Dans la musette nous r\u00e9gale, en faisant r\u00e9f\u00e9rence \u00e0 l&rsquo;\u00e9pisode abracadabrantesque de l&rsquo;\u00e9tape du Mont Ventoux l&rsquo;an pass\u00e9, o\u00f9 Christopher Froome se tapait un trail dans le plus grand des calmes sur les pentes du Mont Chauve. Mythique.<\/span><\/p>\n<blockquote class=\"twitter-tweet tw-align-center\" data-lang=\"fr\">\n<p dir=\"ltr\" lang=\"fr\">Qu&rsquo;est-ce qui est jaune et qui attend ? <a href=\"https:\/\/twitter.com\/hashtag\/TDF2017?src=hash\">#TDF2017<\/a> <a href=\"https:\/\/t.co\/5DZJ9deR51\">pic.twitter.com\/5DZJ9deR51<\/a><\/p>\n<p>\u2014 Dans la musette (@DansLaMusette) <a href=\"https:\/\/twitter.com\/DansLaMusette\/status\/884392563968548864\">10 juillet 2017<\/a><\/p><\/blockquote>\n<p><script async src=\"\/\/platform.twitter.com\/widgets.js\" charset=\"utf-8\"><\/script><\/p>\n<hr \/>\n<h6 style=\"text-align: center;\"><span style=\"color: #000000;\"><strong><em>&#8211; Ce qu&rsquo;il ne faut pas louper cette semaine &#8211;<\/em><\/strong><\/span><\/h6>\n<p style=\"text-align: justify;\"><span style=\"color: #000000;\"><span style=\"font-size: 18pt;\"><strong>\u2219<\/strong><\/span> Le Tour de France entame sa derni\u00e8re ligne droite d\u00e8s demain, en mettant le cap sur les Alpes. Apr\u00e8s une semaine de r\u00eave pour les Fran\u00e7ais, peut-on esp\u00e9rer voir Romain Bardet au jaune sur les Champs-\u00c9lys\u00e9es dimanche prochain ?<br \/>\n<\/span><\/p>\n<p style=\"text-align: justify;\"><span style=\"color: #000000;\"><span style=\"font-size: 18pt;\"><strong>\u2219<\/strong><\/span> Le d\u00e9but de\u00a0<\/span><a href=\"http:\/\/dicodusport.fr\/blog\/euro-feminin-2017\/\">l&rsquo;Euro f\u00e9minin de Football<\/a><span style=\"color: #000000;\">\u00a0! Si la comp\u00e9tition a d\u00e9marr\u00e9 hier aux Pays-Bas, l&rsquo;\u00e9quipe de France disputera son premier match demain, face \u00e0 l&rsquo;Islande. Une rencontre \u00e0 suivre sur France 2, d\u00e8s 20h45. A noter que France T\u00e9l\u00e9visions retransmettra 27 matchs en int\u00e9gralit\u00e9. Nous, on aime \u00e7a.<br \/>\n<\/span><\/p>\n<p style=\"text-align: justify;\"><span style=\"color: #000000;\"><span style=\"font-size: 18pt;\"><strong>\u2219<\/strong><\/span> Enfin, les Championnats du Monde d&rsquo;Escrime d\u00e9butent ce mercredi \u00e0 Leipzig, en Allemagne. Point complet sur les performances de nos Tricolores la semaine prochaine !<br \/>\n<\/span><\/p>\n<p style=\"text-align: justify;\"><em><span style=\"color: #000000;\"><strong>Flo Ostermann<\/strong><\/span><br \/>\n<\/em><em>\u00a0<\/em><a href=\"https:\/\/www.facebook.com\/florent.ostermann\"><img loading=\"lazy\" decoding=\"async\" class=\"alignnone wp-image-2909\" src=\"http:\/\/dicodusport.fr\/blog\/wp-content\/uploads\/2017\/07\/logo-facebook-150x150.png\" alt=\"\" width=\"40\" height=\"40\" \/><\/a>\u00a0<a href=\"https:\/\/twitter.com\/SportInsideMag\"><img loading=\"lazy\" decoding=\"async\" class=\"alignnone wp-image-2908\" src=\"http:\/\/dicodusport.fr\/blog\/wp-content\/uploads\/2017\/07\/logo-twitter-150x150.png\" alt=\"\" width=\"39\" height=\"39\" \/><\/a><\/p>\n<p style=\"text-align: justify;\"><a href=\"http:\/\/dicodusport.fr\/\"><img loading=\"lazy\" decoding=\"async\" class=\"aligncenter wp-image-1000\" src=\"http:\/\/dicodusport.fr\/blog\/wp-content\/uploads\/2017\/01\/cropped-logo-dicodusport-sans-fond-1-300x300.png\" alt=\"\" width=\"110\" height=\"110\" srcset=\"https:\/\/dicodusport.fr\/blog\/wp-content\/uploads\/2017\/01\/cropped-logo-dicodusport-sans-fond-1-300x300.png 300w, https:\/\/dicodusport.fr\/blog\/wp-content\/uploads\/2017\/01\/cropped-logo-dicodusport-sans-fond-1-150x150.png 150w, https:\/\/dicodusport.fr\/blog\/wp-content\/uploads\/2017\/01\/cropped-logo-dicodusport-sans-fond-1-270x270.png 270w, https:\/\/dicodusport.fr\/blog\/wp-content\/uploads\/2017\/01\/cropped-logo-dicodusport-sans-fond-1-192x192.png 192w, https:\/\/dicodusport.fr\/blog\/wp-content\/uploads\/2017\/01\/cropped-logo-dicodusport-sans-fond-1-180x180.png 180w, https:\/\/dicodusport.fr\/blog\/wp-content\/uploads\/2017\/01\/cropped-logo-dicodusport-sans-fond-1-32x32.png 32w, https:\/\/dicodusport.fr\/blog\/wp-content\/uploads\/2017\/01\/cropped-logo-dicodusport-sans-fond-1.png 512w\" sizes=\"auto, (max-width: 110px) 100vw, 110px\" \/><\/a><\/p>\n","protected":false},"excerpt":{"rendered":"<p>Comment \u00e7a ? Vous n&rsquo;avez pas suivi l&rsquo;actualit\u00e9 sportive cette semaine ? Pas de probl\u00e8me, votre blog Dicodusport vous offre une s\u00e9ance de rattrapage, entre s\u00e9rieux et humour. Moteur. &#8211; En bref &#8211; #Voile &#8211; Coville toujours plus vite, toujours plus fort Le mano \u00e0 mano Francis Joyon \/ Thomas Coville continue dans la course [&hellip;]<\/p>\n","protected":false},"author":4,"featured_media":2951,"comment_status":"open","ping_status":"closed","sticky":false,"template":"","format":"standard","meta":{"_acf_changed":false,"_daextam_enable_autolinks":"","footnotes":""},"categories":[2366],"tags":[143,1342,1265,1300,1341,1340,1262],"class_list":["post-2869","post","type-post","status-publish","format-standard","has-post-thumbnail","hentry","category-multisports","tag-athletisme","tag-aurelie-muller","tag-handisport","tag-joris-daudet","tag-marc-antoine-olivier","tag-pauline-ferrand-prevot","tag-tour-de-france"],"acf":[],"yoast_head":"<!-- This site is optimized with the Yoast SEO Premium plugin v26.7 (Yoast SEO v26.7) - https:\/\/yoast.com\/wordpress\/plugins\/seo\/ -->\n<title>Un lundi au taquet #3 : des Tricolores au top !<\/title>\n<meta name=\"description\" content=\"Un lundi au taquet, \u00e9pisode num\u00e9ro 3, avec cette semaine, des Tricolores qui trustent les podiums sur la sc\u00e8ne europ\u00e9enne, mais aussi internationale.\" \/>\n<meta name=\"robots\" content=\"index, follow, max-snippet:-1, max-image-preview:large, max-video-preview:-1\" \/>\n<link rel=\"canonical\" href=\"https:\/\/dicodusport.fr\/blog\/un-lundi-au-taquet-3-des-tricolores-au-top\/\" \/>\n<meta property=\"og:locale\" content=\"fr_FR\" \/>\n<meta property=\"og:type\" content=\"article\" \/>\n<meta property=\"og:title\" content=\"Un lundi au taquet #3 : des Tricolores au top !\" \/>\n<meta property=\"og:description\" content=\"Un lundi au taquet, \u00e9pisode num\u00e9ro 3, avec cette semaine, des Tricolores qui trustent les podiums sur la sc\u00e8ne europ\u00e9enne, mais aussi internationale.\" \/>\n<meta property=\"og:url\" content=\"https:\/\/dicodusport.fr\/blog\/un-lundi-au-taquet-3-des-tricolores-au-top\/\" \/>\n<meta property=\"og:site_name\" content=\"Dicodusport\" \/>\n<meta property=\"article:publisher\" content=\"https:\/\/www.facebook.com\/dicodusport\" \/>\n<meta property=\"article:author\" content=\"https:\/\/www.facebook.com\/florent.ostermann\" \/>\n<meta property=\"article:published_time\" content=\"2017-07-17T10:51:04+00:00\" \/>\n<meta property=\"article:modified_time\" content=\"2025-11-20T17:38:02+00:00\" \/>\n<meta property=\"og:image\" content=\"https:\/\/dicodusport.fr\/blog\/wp-content\/uploads\/2017\/07\/Sans-titre.jpg\" \/>\n\t<meta property=\"og:image:width\" content=\"931\" \/>\n\t<meta property=\"og:image:height\" content=\"579\" \/>\n\t<meta property=\"og:image:type\" content=\"image\/jpeg\" \/>\n<meta name=\"author\" content=\"Flo Ostermann\" \/>\n<meta name=\"twitter:card\" content=\"summary_large_image\" \/>\n<meta name=\"twitter:creator\" content=\"@https:\/\/twitter.com\/FlOstermann\" \/>\n<meta name=\"twitter:site\" content=\"@dicodusport\" \/>\n<script type=\"application\/ld+json\" class=\"yoast-schema-graph\">{\"@context\":\"https:\/\/schema.org\",\"@graph\":[{\"@type\":\"NewsArticle\",\"@id\":\"https:\/\/dicodusport.fr\/blog\/un-lundi-au-taquet-3-des-tricolores-au-top\/#article\",\"isPartOf\":{\"@id\":\"https:\/\/dicodusport.fr\/blog\/un-lundi-au-taquet-3-des-tricolores-au-top\/\"},\"author\":{\"name\":\"Flo Ostermann\",\"@id\":\"https:\/\/dicodusport.fr\/blog\/#\/schema\/person\/cb02af4c173ce4a653b55e9baf388d4a\"},\"headline\":\"Un lundi au taquet #3 : des Tricolores au top !\",\"datePublished\":\"2017-07-17T10:51:04+00:00\",\"dateModified\":\"2025-11-20T17:38:02+00:00\",\"mainEntityOfPage\":{\"@id\":\"https:\/\/dicodusport.fr\/blog\/un-lundi-au-taquet-3-des-tricolores-au-top\/\"},\"wordCount\":1254,\"commentCount\":0,\"publisher\":{\"@id\":\"https:\/\/dicodusport.fr\/blog\/#organization\"},\"image\":{\"@id\":\"https:\/\/dicodusport.fr\/blog\/un-lundi-au-taquet-3-des-tricolores-au-top\/#primaryimage\"},\"thumbnailUrl\":\"https:\/\/dicodusport.fr\/blog\/wp-content\/uploads\/2017\/07\/Sans-titre.jpg\",\"keywords\":[\"Athl\u00e9tisme\",\"Aur\u00e9lie Muller\",\"handisport\",\"Joris Daudet\",\"Marc-Antoine Olivier\",\"Pauline Ferrand-Pr\u00e9vot\",\"Tour de France\"],\"articleSection\":[\"Multisports\"],\"inLanguage\":\"fr-FR\",\"potentialAction\":[{\"@type\":\"CommentAction\",\"name\":\"Comment\",\"target\":[\"https:\/\/dicodusport.fr\/blog\/un-lundi-au-taquet-3-des-tricolores-au-top\/#respond\"]}],\"copyrightYear\":\"2017\",\"copyrightHolder\":{\"@id\":\"https:\/\/dicodusport.fr\/blog\/#organization\"}},{\"@type\":\"WebPage\",\"@id\":\"https:\/\/dicodusport.fr\/blog\/un-lundi-au-taquet-3-des-tricolores-au-top\/\",\"url\":\"https:\/\/dicodusport.fr\/blog\/un-lundi-au-taquet-3-des-tricolores-au-top\/\",\"name\":\"Un lundi au taquet #3 : des Tricolores au top !\",\"isPartOf\":{\"@id\":\"https:\/\/dicodusport.fr\/blog\/#website\"},\"primaryImageOfPage\":{\"@id\":\"https:\/\/dicodusport.fr\/blog\/un-lundi-au-taquet-3-des-tricolores-au-top\/#primaryimage\"},\"image\":{\"@id\":\"https:\/\/dicodusport.fr\/blog\/un-lundi-au-taquet-3-des-tricolores-au-top\/#primaryimage\"},\"thumbnailUrl\":\"https:\/\/dicodusport.fr\/blog\/wp-content\/uploads\/2017\/07\/Sans-titre.jpg\",\"datePublished\":\"2017-07-17T10:51:04+00:00\",\"dateModified\":\"2025-11-20T17:38:02+00:00\",\"description\":\"Un lundi au taquet, \u00e9pisode num\u00e9ro 3, avec cette semaine, des Tricolores qui trustent les podiums sur la sc\u00e8ne europ\u00e9enne, mais aussi internationale.\",\"breadcrumb\":{\"@id\":\"https:\/\/dicodusport.fr\/blog\/un-lundi-au-taquet-3-des-tricolores-au-top\/#breadcrumb\"},\"inLanguage\":\"fr-FR\",\"potentialAction\":[{\"@type\":\"ReadAction\",\"target\":[\"https:\/\/dicodusport.fr\/blog\/un-lundi-au-taquet-3-des-tricolores-au-top\/\"]}]},{\"@type\":\"ImageObject\",\"inLanguage\":\"fr-FR\",\"@id\":\"https:\/\/dicodusport.fr\/blog\/un-lundi-au-taquet-3-des-tricolores-au-top\/#primaryimage\",\"url\":\"https:\/\/dicodusport.fr\/blog\/wp-content\/uploads\/2017\/07\/Sans-titre.jpg\",\"contentUrl\":\"https:\/\/dicodusport.fr\/blog\/wp-content\/uploads\/2017\/07\/Sans-titre.jpg\",\"width\":931,\"height\":579},{\"@type\":\"BreadcrumbList\",\"@id\":\"https:\/\/dicodusport.fr\/blog\/un-lundi-au-taquet-3-des-tricolores-au-top\/#breadcrumb\",\"itemListElement\":[{\"@type\":\"ListItem\",\"position\":1,\"name\":\"Accueil\",\"item\":\"https:\/\/dicodusport.fr\/blog\/\"},{\"@type\":\"ListItem\",\"position\":2,\"name\":\"Un lundi au taquet #3 : des Tricolores au top !\"}]},{\"@type\":\"WebSite\",\"@id\":\"https:\/\/dicodusport.fr\/blog\/#website\",\"url\":\"https:\/\/dicodusport.fr\/blog\/\",\"name\":\"Dicodusport\",\"description\":\"L&#039;encyclop\u00e9die de l&#039;actualit\u00e9 sportive\",\"publisher\":{\"@id\":\"https:\/\/dicodusport.fr\/blog\/#organization\"},\"potentialAction\":[{\"@type\":\"SearchAction\",\"target\":{\"@type\":\"EntryPoint\",\"urlTemplate\":\"https:\/\/dicodusport.fr\/blog\/?s={search_term_string}\"},\"query-input\":{\"@type\":\"PropertyValueSpecification\",\"valueRequired\":true,\"valueName\":\"search_term_string\"}}],\"inLanguage\":\"fr-FR\"},{\"@type\":\"NewsMediaOrganization\",\"@id\":\"https:\/\/dicodusport.fr\/blog\/#organization\",\"name\":\"Dicodusport\",\"url\":\"https:\/\/dicodusport.fr\/blog\/\",\"logo\":{\"@type\":\"ImageObject\",\"inLanguage\":\"fr-FR\",\"@id\":\"https:\/\/dicodusport.fr\/blog\/#\/schema\/logo\/image\/\",\"url\":\"https:\/\/dicodusport.fr\/blog\/wp-content\/uploads\/2020\/06\/cropped-LOGO-DICODUSPORT-2020-SANS-FOND-SANS-TEXTE.png\",\"contentUrl\":\"https:\/\/dicodusport.fr\/blog\/wp-content\/uploads\/2020\/06\/cropped-LOGO-DICODUSPORT-2020-SANS-FOND-SANS-TEXTE.png\",\"width\":512,\"height\":512,\"caption\":\"Dicodusport\"},\"image\":{\"@id\":\"https:\/\/dicodusport.fr\/blog\/#\/schema\/logo\/image\/\"},\"sameAs\":[\"https:\/\/www.facebook.com\/dicodusport\",\"https:\/\/x.com\/dicodusport\",\"https:\/\/www.instagram.com\/dicodusport\/\",\"https:\/\/www.youtube.com\/channel\/UC7V2KZ5sd3htJivAbA4ZG3w\"],\"description\":\"Dicodusport est l'encyclop\u00e9die de l'actualit\u00e9 sportive.\",\"email\":\"bonjour@dicodusport.fr\",\"legalName\":\"DICODUSPORT\",\"foundingDate\":\"2018-01-14\",\"vatID\":\"FR71834470973\",\"taxID\":\"83447097300043\",\"numberOfEmployees\":{\"@type\":\"QuantitativeValue\",\"minValue\":\"1\",\"maxValue\":\"10\"}},{\"@type\":\"Person\",\"@id\":\"https:\/\/dicodusport.fr\/blog\/#\/schema\/person\/cb02af4c173ce4a653b55e9baf388d4a\",\"name\":\"Flo Ostermann\",\"image\":{\"@type\":\"ImageObject\",\"inLanguage\":\"fr-FR\",\"@id\":\"https:\/\/dicodusport.fr\/blog\/#\/schema\/person\/image\/\",\"url\":\"https:\/\/dicodusport.fr\/blog\/wp-content\/uploads\/2021\/05\/Flo-Ostermann-150x150.jpg\",\"contentUrl\":\"https:\/\/dicodusport.fr\/blog\/wp-content\/uploads\/2021\/05\/Flo-Ostermann-150x150.jpg\",\"caption\":\"Flo Ostermann\"},\"description\":\"Journaliste\/R\u00e9dacteur depuis septembre 2015 - Mes premiers souvenirs dans le sport ? Les envol\u00e9es du Stade Toulousain et les duels Villeneuve-Schumacher et H\u00e4kkinen-Schumacher \u00e0 la fin des ann\u00e9es 90, la Coupe du monde de football en 1998, l\u2019exploit du XV de France face aux All Blacks en 1999, mais aussi Richard C\u0153ur de Lion qui vole sur les montagnes du Tour de France. Bien parti pour devenir professeur d\u2019EPS, les \u00e9v\u00e9nements de la vie (et la flemme d\u2019animer des s\u00e9ances de 3x500 m\u00e8tres toute ma vie) m\u2019ont conduit \u00e0 revoir mes plans. Me voil\u00e0 depuis fin 2017 sur Dicodusport, m\u00e9dia gr\u00e2ce (et pour) lequel je partage ma passion : le sport dans tous ses \u00e9tats. Le tout accompagn\u00e9 par les fous furieux et folles furieuses cit\u00e9s sur cette page !\",\"sameAs\":[\"https:\/\/www.facebook.com\/florent.ostermann\",\"https:\/\/x.com\/https:\/\/twitter.com\/FlOstermann\",\"admin\"],\"url\":\"https:\/\/dicodusport.fr\/blog\/author\/flo\/\"}]}<\/script>\n<!-- \/ Yoast SEO Premium plugin. -->","yoast_head_json":{"title":"Un lundi au taquet #3 : des Tricolores au top !","description":"Un lundi au taquet, \u00e9pisode num\u00e9ro 3, avec cette semaine, des Tricolores qui trustent les podiums sur la sc\u00e8ne europ\u00e9enne, mais aussi internationale.","robots":{"index":"index","follow":"follow","max-snippet":"max-snippet:-1","max-image-preview":"max-image-preview:large","max-video-preview":"max-video-preview:-1"},"canonical":"https:\/\/dicodusport.fr\/blog\/un-lundi-au-taquet-3-des-tricolores-au-top\/","og_locale":"fr_FR","og_type":"article","og_title":"Un lundi au taquet #3 : des Tricolores au top !","og_description":"Un lundi au taquet, \u00e9pisode num\u00e9ro 3, avec cette semaine, des Tricolores qui trustent les podiums sur la sc\u00e8ne europ\u00e9enne, mais aussi internationale.","og_url":"https:\/\/dicodusport.fr\/blog\/un-lundi-au-taquet-3-des-tricolores-au-top\/","og_site_name":"Dicodusport","article_publisher":"https:\/\/www.facebook.com\/dicodusport","article_author":"https:\/\/www.facebook.com\/florent.ostermann","article_published_time":"2017-07-17T10:51:04+00:00","article_modified_time":"2025-11-20T17:38:02+00:00","og_image":[{"width":931,"height":579,"url":"https:\/\/dicodusport.fr\/blog\/wp-content\/uploads\/2017\/07\/Sans-titre.jpg","type":"image\/jpeg"}],"author":"Flo Ostermann","twitter_card":"summary_large_image","twitter_creator":"@https:\/\/twitter.com\/FlOstermann","twitter_site":"@dicodusport","schema":{"@context":"https:\/\/schema.org","@graph":[{"@type":"NewsArticle","@id":"https:\/\/dicodusport.fr\/blog\/un-lundi-au-taquet-3-des-tricolores-au-top\/#article","isPartOf":{"@id":"https:\/\/dicodusport.fr\/blog\/un-lundi-au-taquet-3-des-tricolores-au-top\/"},"author":{"name":"Flo Ostermann","@id":"https:\/\/dicodusport.fr\/blog\/#\/schema\/person\/cb02af4c173ce4a653b55e9baf388d4a"},"headline":"Un lundi au taquet #3 : des Tricolores au top !","datePublished":"2017-07-17T10:51:04+00:00","dateModified":"2025-11-20T17:38:02+00:00","mainEntityOfPage":{"@id":"https:\/\/dicodusport.fr\/blog\/un-lundi-au-taquet-3-des-tricolores-au-top\/"},"wordCount":1254,"commentCount":0,"publisher":{"@id":"https:\/\/dicodusport.fr\/blog\/#organization"},"image":{"@id":"https:\/\/dicodusport.fr\/blog\/un-lundi-au-taquet-3-des-tricolores-au-top\/#primaryimage"},"thumbnailUrl":"https:\/\/dicodusport.fr\/blog\/wp-content\/uploads\/2017\/07\/Sans-titre.jpg","keywords":["Athl\u00e9tisme","Aur\u00e9lie Muller","handisport","Joris Daudet","Marc-Antoine Olivier","Pauline Ferrand-Pr\u00e9vot","Tour de France"],"articleSection":["Multisports"],"inLanguage":"fr-FR","potentialAction":[{"@type":"CommentAction","name":"Comment","target":["https:\/\/dicodusport.fr\/blog\/un-lundi-au-taquet-3-des-tricolores-au-top\/#respond"]}],"copyrightYear":"2017","copyrightHolder":{"@id":"https:\/\/dicodusport.fr\/blog\/#organization"}},{"@type":"WebPage","@id":"https:\/\/dicodusport.fr\/blog\/un-lundi-au-taquet-3-des-tricolores-au-top\/","url":"https:\/\/dicodusport.fr\/blog\/un-lundi-au-taquet-3-des-tricolores-au-top\/","name":"Un lundi au taquet #3 : des Tricolores au top !","isPartOf":{"@id":"https:\/\/dicodusport.fr\/blog\/#website"},"primaryImageOfPage":{"@id":"https:\/\/dicodusport.fr\/blog\/un-lundi-au-taquet-3-des-tricolores-au-top\/#primaryimage"},"image":{"@id":"https:\/\/dicodusport.fr\/blog\/un-lundi-au-taquet-3-des-tricolores-au-top\/#primaryimage"},"thumbnailUrl":"https:\/\/dicodusport.fr\/blog\/wp-content\/uploads\/2017\/07\/Sans-titre.jpg","datePublished":"2017-07-17T10:51:04+00:00","dateModified":"2025-11-20T17:38:02+00:00","description":"Un lundi au taquet, \u00e9pisode num\u00e9ro 3, avec cette semaine, des Tricolores qui trustent les podiums sur la sc\u00e8ne europ\u00e9enne, mais aussi internationale.","breadcrumb":{"@id":"https:\/\/dicodusport.fr\/blog\/un-lundi-au-taquet-3-des-tricolores-au-top\/#breadcrumb"},"inLanguage":"fr-FR","potentialAction":[{"@type":"ReadAction","target":["https:\/\/dicodusport.fr\/blog\/un-lundi-au-taquet-3-des-tricolores-au-top\/"]}]},{"@type":"ImageObject","inLanguage":"fr-FR","@id":"https:\/\/dicodusport.fr\/blog\/un-lundi-au-taquet-3-des-tricolores-au-top\/#primaryimage","url":"https:\/\/dicodusport.fr\/blog\/wp-content\/uploads\/2017\/07\/Sans-titre.jpg","contentUrl":"https:\/\/dicodusport.fr\/blog\/wp-content\/uploads\/2017\/07\/Sans-titre.jpg","width":931,"height":579},{"@type":"BreadcrumbList","@id":"https:\/\/dicodusport.fr\/blog\/un-lundi-au-taquet-3-des-tricolores-au-top\/#breadcrumb","itemListElement":[{"@type":"ListItem","position":1,"name":"Accueil","item":"https:\/\/dicodusport.fr\/blog\/"},{"@type":"ListItem","position":2,"name":"Un lundi au taquet #3 : des Tricolores au top !"}]},{"@type":"WebSite","@id":"https:\/\/dicodusport.fr\/blog\/#website","url":"https:\/\/dicodusport.fr\/blog\/","name":"Dicodusport","description":"L&#039;encyclop\u00e9die de l&#039;actualit\u00e9 sportive","publisher":{"@id":"https:\/\/dicodusport.fr\/blog\/#organization"},"potentialAction":[{"@type":"SearchAction","target":{"@type":"EntryPoint","urlTemplate":"https:\/\/dicodusport.fr\/blog\/?s={search_term_string}"},"query-input":{"@type":"PropertyValueSpecification","valueRequired":true,"valueName":"search_term_string"}}],"inLanguage":"fr-FR"},{"@type":"NewsMediaOrganization","@id":"https:\/\/dicodusport.fr\/blog\/#organization","name":"Dicodusport","url":"https:\/\/dicodusport.fr\/blog\/","logo":{"@type":"ImageObject","inLanguage":"fr-FR","@id":"https:\/\/dicodusport.fr\/blog\/#\/schema\/logo\/image\/","url":"https:\/\/dicodusport.fr\/blog\/wp-content\/uploads\/2020\/06\/cropped-LOGO-DICODUSPORT-2020-SANS-FOND-SANS-TEXTE.png","contentUrl":"https:\/\/dicodusport.fr\/blog\/wp-content\/uploads\/2020\/06\/cropped-LOGO-DICODUSPORT-2020-SANS-FOND-SANS-TEXTE.png","width":512,"height":512,"caption":"Dicodusport"},"image":{"@id":"https:\/\/dicodusport.fr\/blog\/#\/schema\/logo\/image\/"},"sameAs":["https:\/\/www.facebook.com\/dicodusport","https:\/\/x.com\/dicodusport","https:\/\/www.instagram.com\/dicodusport\/","https:\/\/www.youtube.com\/channel\/UC7V2KZ5sd3htJivAbA4ZG3w"],"description":"Dicodusport est l'encyclop\u00e9die de l'actualit\u00e9 sportive.","email":"bonjour@dicodusport.fr","legalName":"DICODUSPORT","foundingDate":"2018-01-14","vatID":"FR71834470973","taxID":"83447097300043","numberOfEmployees":{"@type":"QuantitativeValue","minValue":"1","maxValue":"10"}},{"@type":"Person","@id":"https:\/\/dicodusport.fr\/blog\/#\/schema\/person\/cb02af4c173ce4a653b55e9baf388d4a","name":"Flo Ostermann","image":{"@type":"ImageObject","inLanguage":"fr-FR","@id":"https:\/\/dicodusport.fr\/blog\/#\/schema\/person\/image\/","url":"https:\/\/dicodusport.fr\/blog\/wp-content\/uploads\/2021\/05\/Flo-Ostermann-150x150.jpg","contentUrl":"https:\/\/dicodusport.fr\/blog\/wp-content\/uploads\/2021\/05\/Flo-Ostermann-150x150.jpg","caption":"Flo Ostermann"},"description":"Journaliste\/R\u00e9dacteur depuis septembre 2015 - Mes premiers souvenirs dans le sport ? Les envol\u00e9es du Stade Toulousain et les duels Villeneuve-Schumacher et H\u00e4kkinen-Schumacher \u00e0 la fin des ann\u00e9es 90, la Coupe du monde de football en 1998, l\u2019exploit du XV de France face aux All Blacks en 1999, mais aussi Richard C\u0153ur de Lion qui vole sur les montagnes du Tour de France. Bien parti pour devenir professeur d\u2019EPS, les \u00e9v\u00e9nements de la vie (et la flemme d\u2019animer des s\u00e9ances de 3x500 m\u00e8tres toute ma vie) m\u2019ont conduit \u00e0 revoir mes plans. Me voil\u00e0 depuis fin 2017 sur Dicodusport, m\u00e9dia gr\u00e2ce (et pour) lequel je partage ma passion : le sport dans tous ses \u00e9tats. Le tout accompagn\u00e9 par les fous furieux et folles furieuses cit\u00e9s sur cette page !","sameAs":["https:\/\/www.facebook.com\/florent.ostermann","https:\/\/x.com\/https:\/\/twitter.com\/FlOstermann","admin"],"url":"https:\/\/dicodusport.fr\/blog\/author\/flo\/"}]}},"_links":{"self":[{"href":"https:\/\/dicodusport.fr\/blog\/wp-json\/wp\/v2\/posts\/2869","targetHints":{"allow":["GET"]}}],"collection":[{"href":"https:\/\/dicodusport.fr\/blog\/wp-json\/wp\/v2\/posts"}],"about":[{"href":"https:\/\/dicodusport.fr\/blog\/wp-json\/wp\/v2\/types\/post"}],"author":[{"embeddable":true,"href":"https:\/\/dicodusport.fr\/blog\/wp-json\/wp\/v2\/users\/4"}],"replies":[{"embeddable":true,"href":"https:\/\/dicodusport.fr\/blog\/wp-json\/wp\/v2\/comments?post=2869"}],"version-history":[{"count":1,"href":"https:\/\/dicodusport.fr\/blog\/wp-json\/wp\/v2\/posts\/2869\/revisions"}],"predecessor-version":[{"id":626907,"href":"https:\/\/dicodusport.fr\/blog\/wp-json\/wp\/v2\/posts\/2869\/revisions\/626907"}],"wp:featuredmedia":[{"embeddable":true,"href":"https:\/\/dicodusport.fr\/blog\/wp-json\/wp\/v2\/media\/2951"}],"wp:attachment":[{"href":"https:\/\/dicodusport.fr\/blog\/wp-json\/wp\/v2\/media?parent=2869"}],"wp:term":[{"taxonomy":"category","embeddable":true,"href":"https:\/\/dicodusport.fr\/blog\/wp-json\/wp\/v2\/categories?post=2869"},{"taxonomy":"post_tag","embeddable":true,"href":"https:\/\/dicodusport.fr\/blog\/wp-json\/wp\/v2\/tags?post=2869"}],"curies":[{"name":"wp","href":"https:\/\/api.w.org\/{rel}","templated":true}]}}