{"id":286904,"date":"2022-12-10T14:29:33","date_gmt":"2022-12-10T13:29:33","guid":{"rendered":"https:\/\/dicodusport.fr\/blog\/?p=286904&#038;preview=true&#038;preview_id=286904"},"modified":"2022-12-10T14:47:26","modified_gmt":"2022-12-10T13:47:26","slug":"geant-de-sestrieres-marta-bassino-simpose-a-domicile","status":"publish","type":"post","link":"https:\/\/dicodusport.fr\/blog\/geant-de-sestrieres-marta-bassino-simpose-a-domicile\/","title":{"rendered":"G\u00e9ant de Sestri\u00e8res : Marta Bassino s&rsquo;impose \u00e0 domicile"},"content":{"rendered":"<p style=\"text-align: justify;\"><i><a style=\"font-weight: bold;\" href=\"https:\/\/dicodusport.fr\/blog\/actualites\/sports-dhiver\/ski\/coupe-du-monde-ski-alpin-2022-2023\/\">COUPE DU MONDE DE SKI ALPIN 2022-2023<\/a><b> &#8211; L&rsquo;Italienne Marta Bassino s&rsquo;est impos\u00e9e sur le deuxi\u00e8me g\u00e9ant de la saison \u00e0 Sestri\u00e8res en Italie, ce samedi. Elle a devanc\u00e9 Sara Hector et Petra Vlhova.\u00a0<\/b><\/i><\/p>\n<h2 style=\"text-align: justify;\">Petra Vlhova dompte la premi\u00e8re manche<\/h2>\n<p style=\"text-align: justify;\">D&rsquo;abord,<strong> Petra Vlhova<\/strong> a r\u00e9ussi le meilleur de temps de la premi\u00e8re manche en 1 minute 12 secondes et 30 centi\u00e8mes en ne commettant aucune faute malgr\u00e9 une piste marqu\u00e9e. Ensuite, avec le dossard 1, <strong>Marta Bassino<\/strong> a superbement ski\u00e9 la partie de l&rsquo;entr\u00e9e du slalom pour faire le deuxi\u00e8me temps \u00e0 7 centi\u00e8mes.<\/p>\n<p style=\"text-align: justify;\">Victorieuse en 2016, <strong>Tessa Worley<\/strong> s&rsquo;est \u00e9lanc\u00e9e avec le dossard 2. Elle a eu du mal sur la seconde moiti\u00e9 du trac\u00e9, mais elle a r\u00e9alis\u00e9 le troisi\u00e8me temps \u00e0 40 centi\u00e8mes. Ensuite, <strong>Mikaela Shiffrin<\/strong> a manqu\u00e9 d&rsquo;agressivit\u00e9 malgr\u00e9 un ski tr\u00e8s propre \u00e0 44 centi\u00e8mes devant <strong>Ragnhild Mowinckel<\/strong>, cinqui\u00e8me \u00e0 47 centi\u00e8mes, et <strong>Sara Hector<\/strong>, sixi\u00e8me \u00e0 une demi-seconde.<\/p>\n<p style=\"text-align: justify;\">\u00c9limin\u00e9e en premi\u00e8re manche \u00e0 Killington, <strong>Coralie Frasse-Sombet<\/strong> a fait une \u00e9norme faute apr\u00e8s le troisi\u00e8me interm\u00e9diaire, mais elle a r\u00e9ussi \u00e0 se qualifier avec le 25e temps \u00e0 2 secondes 52 centi\u00e8mes. <strong>Romane Miradoli<\/strong> a rat\u00e9 de peu la qualification avec le 32e temps \u00e0 3 secondes et 21 centi\u00e8mes alors que les deux derni\u00e8res Fran\u00e7aises, <strong>Doriane Escane<\/strong> et <strong>Clara Direz<\/strong>, sont sorties de la piste.<\/p>\n<h2 style=\"text-align: justify;\">Marta Bassino retrouve le chemin du succ\u00e8s<\/h2>\n<p style=\"text-align: justify;\">Apr\u00e8s avoir perdu du temps r\u00e9guli\u00e8rement sur le haut, <strong>Marta Bassino<\/strong> a \u00e9t\u00e9 excellente sur le bas de la piste pour d\u00e9crocher son sixi\u00e8me succ\u00e8s en carri\u00e8re en 2 minutes 28 secondes et 89 centi\u00e8mes. Elle a mis le meilleur sur <strong>Sara Hector<\/strong> pour 11 centi\u00e8mes. La Su\u00e9doise est mont\u00e9e pour la huiti\u00e8me fois sur une podium sur les 11 derniers g\u00e9ants.<\/p>\n<p style=\"text-align: justify;\">Par la suite, <strong>Petra Vlhova<\/strong> a compl\u00e9t\u00e9 le podium \u00e0 40 centi\u00e8mes devant <strong>Federica Brignone<\/strong>, quatri\u00e8me \u00e0 66 centi\u00e8mes. <strong>Tessa Worley<\/strong> \u00e9tait moins fluide et plus attentive pour se classer finalement cinqui\u00e8me \u00e0 1 seconde 26 devant <strong>Mikaela Shiffrin<\/strong> qui a subi la piste avec une \u00e9norme faute en bas.<\/p>\n<blockquote class=\"twitter-tweet\">\n<p dir=\"ltr\" lang=\"fr\">Ce sera une 5e place au final pour <a href=\"https:\/\/twitter.com\/TessaWorley?ref_src=twsrc%5Etfw\">@TessaWorley<\/a> sur le g\u00e9ant de <a href=\"https:\/\/twitter.com\/hashtag\/Sestriere?src=hash&amp;ref_src=twsrc%5Etfw\">#Sestriere<\/a> remport\u00e9 par <a href=\"https:\/\/twitter.com\/hashtag\/MartaBassino?src=hash&amp;ref_src=twsrc%5Etfw\">#MartaBassino<\/a> devant <a href=\"https:\/\/twitter.com\/hashtag\/SaraHector?src=hash&amp;ref_src=twsrc%5Etfw\">#SaraHector<\/a> et <a href=\"https:\/\/twitter.com\/hashtag\/LaraGut?src=hash&amp;ref_src=twsrc%5Etfw\">#LaraGut<\/a> . <a href=\"https:\/\/twitter.com\/FSCoralie?ref_src=twsrc%5Etfw\">@FSCoralie<\/a> termine 25e &#x1f1eb;&#x1f1f7;<br \/>\n&#x1f399;<a href=\"https:\/\/twitter.com\/oliviercanton?ref_src=twsrc%5Etfw\">@oliviercanton<\/a> <a href=\"https:\/\/twitter.com\/flomasnada?ref_src=twsrc%5Etfw\">@flomasnada<\/a><br \/>\n&#x27a1;&#xfe0f;<a href=\"https:\/\/twitter.com\/Eurosport_FR?ref_src=twsrc%5Etfw\">@Eurosport_FR<\/a> <a href=\"https:\/\/t.co\/xtnL4zP1zs\">pic.twitter.com\/xtnL4zP1zs<\/a><\/p>\n<p>\u2014 Chalet &#x2744;&#xfe0f; Club (@ChaletClub2021) <a href=\"https:\/\/twitter.com\/ChaletClub2021\/status\/1601570497556512769?ref_src=twsrc%5Etfw\">December 10, 2022<\/a><\/p><\/blockquote>\n<p><script async src=\"https:\/\/platform.twitter.com\/widgets.js\" charset=\"utf-8\"><\/script><\/p>\n<p style=\"text-align: justify;\">Enfin, <strong>Coralie Frasse-Sombet<\/strong> a fait une tr\u00e8s bonne seconde manche sur une piste impeccable pour remonter \u00e0 la 15e place \u00e0 3 secondes et 5 centi\u00e8mes.<\/p>\n<h2 style=\"text-align: justify;\">\u00c0 lire aussi<\/h2>\n<ul>\n<li style=\"text-align: justify;\"><strong><a href=\"https:\/\/dicodusport.fr\/blog\/classement-geant-femmes-sestrieres-2022\/\">Le classement du g\u00e9ant de Sestri\u00e8res<\/a>\u00a0<\/strong><\/li>\n<li style=\"text-align: justify;\"><a href=\"https:\/\/dicodusport.fr\/blog\/classement-general-femmes-coupe-du-monde-ski-alpin-2022-2023\/\"><strong>Le classement g\u00e9n\u00e9ral de la Coupe du monde<\/strong><\/a><\/li>\n<\/ul>\n","protected":false},"excerpt":{"rendered":"<p>COUPE DU MONDE DE SKI ALPIN 2022-2023 &#8211; L&rsquo;Italienne Marta Bassino s&rsquo;est impos\u00e9e sur le deuxi\u00e8me g\u00e9ant de la saison \u00e0 Sestri\u00e8res en Italie, ce samedi. Elle a devanc\u00e9 Sara Hector et Petra Vlhova.\u00a0<\/p>\n","protected":false},"author":48,"featured_media":287027,"comment_status":"open","ping_status":"closed","sticky":false,"template":"","format":"standard","meta":{"_acf_changed":false,"_daextam_enable_autolinks":"","footnotes":""},"categories":[47084],"tags":[1530,2233],"class_list":["post-286904","post","type-post","status-publish","format-standard","has-post-thumbnail","hentry","category-coupe-du-monde-ski-alpin","tag-coupe-du-monde","tag-ski-alpin"],"acf":[],"yoast_head":"<!-- This site is optimized with the Yoast SEO Premium plugin v26.7 (Yoast SEO v26.7) - https:\/\/yoast.com\/wordpress\/plugins\/seo\/ -->\n<title>G\u00e9ant de Sestri\u00e8res : Marta Bassino s&#039;impose \u00e0 domicile<\/title>\n<meta name=\"description\" content=\"COUPE DU MONDE DE SKI ALPIN 2022-2023 - Marta Bassino s&#039;est impos\u00e9e sur le g\u00e9ant de Sestri\u00e8res devant Sara Hector et Petra Vlhova.\" \/>\n<meta name=\"robots\" content=\"index, follow, max-snippet:-1, max-image-preview:large, max-video-preview:-1\" \/>\n<link rel=\"canonical\" href=\"https:\/\/dicodusport.fr\/blog\/geant-de-sestrieres-marta-bassino-simpose-a-domicile\/\" \/>\n<meta property=\"og:locale\" content=\"fr_FR\" \/>\n<meta property=\"og:type\" content=\"article\" \/>\n<meta property=\"og:title\" content=\"G\u00e9ant de Sestri\u00e8res : Marta Bassino s&#039;impose \u00e0 domicile\" \/>\n<meta property=\"og:description\" content=\"COUPE DU MONDE DE SKI ALPIN 2022-2023 - Marta Bassino s&#039;est impos\u00e9e sur le g\u00e9ant de Sestri\u00e8res devant Sara Hector et Petra Vlhova.\" \/>\n<meta property=\"og:url\" content=\"https:\/\/dicodusport.fr\/blog\/geant-de-sestrieres-marta-bassino-simpose-a-domicile\/\" \/>\n<meta property=\"og:site_name\" content=\"Dicodusport\" \/>\n<meta property=\"article:publisher\" content=\"https:\/\/www.facebook.com\/dicodusport\" \/>\n<meta property=\"article:author\" content=\"https:\/\/www.facebook.com\/groups\/LesRoisDuPeloton\" \/>\n<meta property=\"article:published_time\" content=\"2022-12-10T13:29:33+00:00\" \/>\n<meta property=\"article:modified_time\" content=\"2022-12-10T13:47:26+00:00\" \/>\n<meta property=\"og:image\" content=\"https:\/\/dicodusport.fr\/blog\/wp-content\/uploads\/2022\/12\/Geant-de-Sestrieres-Marta-Bassino-simpose-a-domicile.png\" \/>\n\t<meta property=\"og:image:width\" content=\"800\" \/>\n\t<meta property=\"og:image:height\" content=\"445\" \/>\n\t<meta property=\"og:image:type\" content=\"image\/png\" \/>\n<meta name=\"author\" content=\"Emilien Descampiaux\" \/>\n<meta name=\"twitter:card\" content=\"summary_large_image\" \/>\n<meta name=\"twitter:title\" content=\"G\u00e9ant de Sestri\u00e8res : Marta Bassino s&#039;impose \u00e0 domicile\" \/>\n<meta name=\"twitter:creator\" content=\"@https:\/\/twitter.com\/LRoisDuPeloton\" \/>\n<meta name=\"twitter:site\" content=\"@dicodusport\" \/>\n<script type=\"application\/ld+json\" class=\"yoast-schema-graph\">{\"@context\":\"https:\/\/schema.org\",\"@graph\":[{\"@type\":\"NewsArticle\",\"@id\":\"https:\/\/dicodusport.fr\/blog\/geant-de-sestrieres-marta-bassino-simpose-a-domicile\/#article\",\"isPartOf\":{\"@id\":\"https:\/\/dicodusport.fr\/blog\/geant-de-sestrieres-marta-bassino-simpose-a-domicile\/\"},\"author\":{\"name\":\"Emilien Descampiaux\",\"@id\":\"https:\/\/dicodusport.fr\/blog\/#\/schema\/person\/6db4bae06b171592211be385b32876a7\"},\"headline\":\"G\u00e9ant de Sestri\u00e8res : Marta Bassino s&rsquo;impose \u00e0 domicile\",\"datePublished\":\"2022-12-10T13:29:33+00:00\",\"dateModified\":\"2022-12-10T13:47:26+00:00\",\"mainEntityOfPage\":{\"@id\":\"https:\/\/dicodusport.fr\/blog\/geant-de-sestrieres-marta-bassino-simpose-a-domicile\/\"},\"wordCount\":468,\"commentCount\":0,\"publisher\":{\"@id\":\"https:\/\/dicodusport.fr\/blog\/#organization\"},\"image\":{\"@id\":\"https:\/\/dicodusport.fr\/blog\/geant-de-sestrieres-marta-bassino-simpose-a-domicile\/#primaryimage\"},\"thumbnailUrl\":\"https:\/\/dicodusport.fr\/blog\/wp-content\/uploads\/2022\/12\/Geant-de-Sestrieres-Marta-Bassino-simpose-a-domicile.png\",\"keywords\":[\"Coupe du monde\",\"Ski alpin\"],\"articleSection\":[\"Coupe du monde de ski alpin\"],\"inLanguage\":\"fr-FR\",\"potentialAction\":[{\"@type\":\"CommentAction\",\"name\":\"Comment\",\"target\":[\"https:\/\/dicodusport.fr\/blog\/geant-de-sestrieres-marta-bassino-simpose-a-domicile\/#respond\"]}],\"copyrightYear\":\"2022\",\"copyrightHolder\":{\"@id\":\"https:\/\/dicodusport.fr\/blog\/#organization\"}},{\"@type\":\"WebPage\",\"@id\":\"https:\/\/dicodusport.fr\/blog\/geant-de-sestrieres-marta-bassino-simpose-a-domicile\/\",\"url\":\"https:\/\/dicodusport.fr\/blog\/geant-de-sestrieres-marta-bassino-simpose-a-domicile\/\",\"name\":\"G\u00e9ant de Sestri\u00e8res : Marta Bassino s'impose \u00e0 domicile\",\"isPartOf\":{\"@id\":\"https:\/\/dicodusport.fr\/blog\/#website\"},\"primaryImageOfPage\":{\"@id\":\"https:\/\/dicodusport.fr\/blog\/geant-de-sestrieres-marta-bassino-simpose-a-domicile\/#primaryimage\"},\"image\":{\"@id\":\"https:\/\/dicodusport.fr\/blog\/geant-de-sestrieres-marta-bassino-simpose-a-domicile\/#primaryimage\"},\"thumbnailUrl\":\"https:\/\/dicodusport.fr\/blog\/wp-content\/uploads\/2022\/12\/Geant-de-Sestrieres-Marta-Bassino-simpose-a-domicile.png\",\"datePublished\":\"2022-12-10T13:29:33+00:00\",\"dateModified\":\"2022-12-10T13:47:26+00:00\",\"description\":\"COUPE DU MONDE DE SKI ALPIN 2022-2023 - Marta Bassino s'est impos\u00e9e sur le g\u00e9ant de Sestri\u00e8res devant Sara Hector et Petra Vlhova.\",\"breadcrumb\":{\"@id\":\"https:\/\/dicodusport.fr\/blog\/geant-de-sestrieres-marta-bassino-simpose-a-domicile\/#breadcrumb\"},\"inLanguage\":\"fr-FR\",\"potentialAction\":[{\"@type\":\"ReadAction\",\"target\":[\"https:\/\/dicodusport.fr\/blog\/geant-de-sestrieres-marta-bassino-simpose-a-domicile\/\"]}]},{\"@type\":\"ImageObject\",\"inLanguage\":\"fr-FR\",\"@id\":\"https:\/\/dicodusport.fr\/blog\/geant-de-sestrieres-marta-bassino-simpose-a-domicile\/#primaryimage\",\"url\":\"https:\/\/dicodusport.fr\/blog\/wp-content\/uploads\/2022\/12\/Geant-de-Sestrieres-Marta-Bassino-simpose-a-domicile.png\",\"contentUrl\":\"https:\/\/dicodusport.fr\/blog\/wp-content\/uploads\/2022\/12\/Geant-de-Sestrieres-Marta-Bassino-simpose-a-domicile.png\",\"width\":800,\"height\":445,\"caption\":\"G\u00e9ant de Sestri\u00e8res Marta Bassino s'impose \u00e0 domicile\"},{\"@type\":\"BreadcrumbList\",\"@id\":\"https:\/\/dicodusport.fr\/blog\/geant-de-sestrieres-marta-bassino-simpose-a-domicile\/#breadcrumb\",\"itemListElement\":[{\"@type\":\"ListItem\",\"position\":1,\"name\":\"Accueil\",\"item\":\"https:\/\/dicodusport.fr\/blog\/\"},{\"@type\":\"ListItem\",\"position\":2,\"name\":\"G\u00e9ant de Sestri\u00e8res : Marta Bassino s&rsquo;impose \u00e0 domicile\"}]},{\"@type\":\"WebSite\",\"@id\":\"https:\/\/dicodusport.fr\/blog\/#website\",\"url\":\"https:\/\/dicodusport.fr\/blog\/\",\"name\":\"Dicodusport\",\"description\":\"L&#039;encyclop\u00e9die de l&#039;actualit\u00e9 sportive\",\"publisher\":{\"@id\":\"https:\/\/dicodusport.fr\/blog\/#organization\"},\"potentialAction\":[{\"@type\":\"SearchAction\",\"target\":{\"@type\":\"EntryPoint\",\"urlTemplate\":\"https:\/\/dicodusport.fr\/blog\/?s={search_term_string}\"},\"query-input\":{\"@type\":\"PropertyValueSpecification\",\"valueRequired\":true,\"valueName\":\"search_term_string\"}}],\"inLanguage\":\"fr-FR\"},{\"@type\":\"NewsMediaOrganization\",\"@id\":\"https:\/\/dicodusport.fr\/blog\/#organization\",\"name\":\"Dicodusport\",\"url\":\"https:\/\/dicodusport.fr\/blog\/\",\"logo\":{\"@type\":\"ImageObject\",\"inLanguage\":\"fr-FR\",\"@id\":\"https:\/\/dicodusport.fr\/blog\/#\/schema\/logo\/image\/\",\"url\":\"https:\/\/dicodusport.fr\/blog\/wp-content\/uploads\/2020\/06\/cropped-LOGO-DICODUSPORT-2020-SANS-FOND-SANS-TEXTE.png\",\"contentUrl\":\"https:\/\/dicodusport.fr\/blog\/wp-content\/uploads\/2020\/06\/cropped-LOGO-DICODUSPORT-2020-SANS-FOND-SANS-TEXTE.png\",\"width\":512,\"height\":512,\"caption\":\"Dicodusport\"},\"image\":{\"@id\":\"https:\/\/dicodusport.fr\/blog\/#\/schema\/logo\/image\/\"},\"sameAs\":[\"https:\/\/www.facebook.com\/dicodusport\",\"https:\/\/x.com\/dicodusport\",\"https:\/\/www.instagram.com\/dicodusport\/\",\"https:\/\/www.youtube.com\/channel\/UC7V2KZ5sd3htJivAbA4ZG3w\"],\"description\":\"Dicodusport est l'encyclop\u00e9die de l'actualit\u00e9 sportive.\",\"email\":\"bonjour@dicodusport.fr\",\"legalName\":\"DICODUSPORT\",\"foundingDate\":\"2018-01-14\",\"vatID\":\"FR71834470973\",\"taxID\":\"83447097300043\",\"numberOfEmployees\":{\"@type\":\"QuantitativeValue\",\"minValue\":\"1\",\"maxValue\":\"10\"}},{\"@type\":\"Person\",\"@id\":\"https:\/\/dicodusport.fr\/blog\/#\/schema\/person\/6db4bae06b171592211be385b32876a7\",\"name\":\"Emilien Descampiaux\",\"image\":{\"@type\":\"ImageObject\",\"inLanguage\":\"fr-FR\",\"@id\":\"https:\/\/dicodusport.fr\/blog\/#\/schema\/person\/image\/\",\"url\":\"https:\/\/dicodusport.fr\/blog\/wp-content\/uploads\/2021\/05\/Emilien-Descampiaux-150x150.jpg\",\"contentUrl\":\"https:\/\/dicodusport.fr\/blog\/wp-content\/uploads\/2021\/05\/Emilien-Descampiaux-150x150.jpg\",\"caption\":\"Emilien Descampiaux\"},\"description\":\"Journaliste\/r\u00e9dacteur depuis 2014 - Fan de la classe de Frank Vandenbroucke, je vis cyclisme (et de ses paysages) depuis plus de 20 ans. Je suis tr\u00e8s impliqu\u00e9 sur mes diff\u00e9rents r\u00e9seaux sociaux pour partager ma passion sur le monde et l'Histoire de la bicyclette avec ma voix sur les images en noir et blanc du succ\u00e8s de Rik Van Steenbergen lors du Ronde sur le V\u00e9lodrome de Gand.\",\"sameAs\":[\"https:\/\/www.facebook.com\/groups\/LesRoisDuPeloton\",\"https:\/\/x.com\/https:\/\/twitter.com\/LRoisDuPeloton\"],\"url\":\"https:\/\/dicodusport.fr\/blog\/author\/emiliend\/\"}]}<\/script>\n<!-- \/ Yoast SEO Premium plugin. -->","yoast_head_json":{"title":"G\u00e9ant de Sestri\u00e8res : Marta Bassino s'impose \u00e0 domicile","description":"COUPE DU MONDE DE SKI ALPIN 2022-2023 - Marta Bassino s'est impos\u00e9e sur le g\u00e9ant de Sestri\u00e8res devant Sara Hector et Petra Vlhova.","robots":{"index":"index","follow":"follow","max-snippet":"max-snippet:-1","max-image-preview":"max-image-preview:large","max-video-preview":"max-video-preview:-1"},"canonical":"https:\/\/dicodusport.fr\/blog\/geant-de-sestrieres-marta-bassino-simpose-a-domicile\/","og_locale":"fr_FR","og_type":"article","og_title":"G\u00e9ant de Sestri\u00e8res : Marta Bassino s'impose \u00e0 domicile","og_description":"COUPE DU MONDE DE SKI ALPIN 2022-2023 - Marta Bassino s'est impos\u00e9e sur le g\u00e9ant de Sestri\u00e8res devant Sara Hector et Petra Vlhova.","og_url":"https:\/\/dicodusport.fr\/blog\/geant-de-sestrieres-marta-bassino-simpose-a-domicile\/","og_site_name":"Dicodusport","article_publisher":"https:\/\/www.facebook.com\/dicodusport","article_author":"https:\/\/www.facebook.com\/groups\/LesRoisDuPeloton","article_published_time":"2022-12-10T13:29:33+00:00","article_modified_time":"2022-12-10T13:47:26+00:00","og_image":[{"width":800,"height":445,"url":"https:\/\/dicodusport.fr\/blog\/wp-content\/uploads\/2022\/12\/Geant-de-Sestrieres-Marta-Bassino-simpose-a-domicile.png","type":"image\/png"}],"author":"Emilien Descampiaux","twitter_card":"summary_large_image","twitter_title":"G\u00e9ant de Sestri\u00e8res : Marta Bassino s'impose \u00e0 domicile","twitter_creator":"@https:\/\/twitter.com\/LRoisDuPeloton","twitter_site":"@dicodusport","schema":{"@context":"https:\/\/schema.org","@graph":[{"@type":"NewsArticle","@id":"https:\/\/dicodusport.fr\/blog\/geant-de-sestrieres-marta-bassino-simpose-a-domicile\/#article","isPartOf":{"@id":"https:\/\/dicodusport.fr\/blog\/geant-de-sestrieres-marta-bassino-simpose-a-domicile\/"},"author":{"name":"Emilien Descampiaux","@id":"https:\/\/dicodusport.fr\/blog\/#\/schema\/person\/6db4bae06b171592211be385b32876a7"},"headline":"G\u00e9ant de Sestri\u00e8res : Marta Bassino s&rsquo;impose \u00e0 domicile","datePublished":"2022-12-10T13:29:33+00:00","dateModified":"2022-12-10T13:47:26+00:00","mainEntityOfPage":{"@id":"https:\/\/dicodusport.fr\/blog\/geant-de-sestrieres-marta-bassino-simpose-a-domicile\/"},"wordCount":468,"commentCount":0,"publisher":{"@id":"https:\/\/dicodusport.fr\/blog\/#organization"},"image":{"@id":"https:\/\/dicodusport.fr\/blog\/geant-de-sestrieres-marta-bassino-simpose-a-domicile\/#primaryimage"},"thumbnailUrl":"https:\/\/dicodusport.fr\/blog\/wp-content\/uploads\/2022\/12\/Geant-de-Sestrieres-Marta-Bassino-simpose-a-domicile.png","keywords":["Coupe du monde","Ski alpin"],"articleSection":["Coupe du monde de ski alpin"],"inLanguage":"fr-FR","potentialAction":[{"@type":"CommentAction","name":"Comment","target":["https:\/\/dicodusport.fr\/blog\/geant-de-sestrieres-marta-bassino-simpose-a-domicile\/#respond"]}],"copyrightYear":"2022","copyrightHolder":{"@id":"https:\/\/dicodusport.fr\/blog\/#organization"}},{"@type":"WebPage","@id":"https:\/\/dicodusport.fr\/blog\/geant-de-sestrieres-marta-bassino-simpose-a-domicile\/","url":"https:\/\/dicodusport.fr\/blog\/geant-de-sestrieres-marta-bassino-simpose-a-domicile\/","name":"G\u00e9ant de Sestri\u00e8res : Marta Bassino s'impose \u00e0 domicile","isPartOf":{"@id":"https:\/\/dicodusport.fr\/blog\/#website"},"primaryImageOfPage":{"@id":"https:\/\/dicodusport.fr\/blog\/geant-de-sestrieres-marta-bassino-simpose-a-domicile\/#primaryimage"},"image":{"@id":"https:\/\/dicodusport.fr\/blog\/geant-de-sestrieres-marta-bassino-simpose-a-domicile\/#primaryimage"},"thumbnailUrl":"https:\/\/dicodusport.fr\/blog\/wp-content\/uploads\/2022\/12\/Geant-de-Sestrieres-Marta-Bassino-simpose-a-domicile.png","datePublished":"2022-12-10T13:29:33+00:00","dateModified":"2022-12-10T13:47:26+00:00","description":"COUPE DU MONDE DE SKI ALPIN 2022-2023 - Marta Bassino s'est impos\u00e9e sur le g\u00e9ant de Sestri\u00e8res devant Sara Hector et Petra Vlhova.","breadcrumb":{"@id":"https:\/\/dicodusport.fr\/blog\/geant-de-sestrieres-marta-bassino-simpose-a-domicile\/#breadcrumb"},"inLanguage":"fr-FR","potentialAction":[{"@type":"ReadAction","target":["https:\/\/dicodusport.fr\/blog\/geant-de-sestrieres-marta-bassino-simpose-a-domicile\/"]}]},{"@type":"ImageObject","inLanguage":"fr-FR","@id":"https:\/\/dicodusport.fr\/blog\/geant-de-sestrieres-marta-bassino-simpose-a-domicile\/#primaryimage","url":"https:\/\/dicodusport.fr\/blog\/wp-content\/uploads\/2022\/12\/Geant-de-Sestrieres-Marta-Bassino-simpose-a-domicile.png","contentUrl":"https:\/\/dicodusport.fr\/blog\/wp-content\/uploads\/2022\/12\/Geant-de-Sestrieres-Marta-Bassino-simpose-a-domicile.png","width":800,"height":445,"caption":"G\u00e9ant de Sestri\u00e8res Marta Bassino s'impose \u00e0 domicile"},{"@type":"BreadcrumbList","@id":"https:\/\/dicodusport.fr\/blog\/geant-de-sestrieres-marta-bassino-simpose-a-domicile\/#breadcrumb","itemListElement":[{"@type":"ListItem","position":1,"name":"Accueil","item":"https:\/\/dicodusport.fr\/blog\/"},{"@type":"ListItem","position":2,"name":"G\u00e9ant de Sestri\u00e8res : Marta Bassino s&rsquo;impose \u00e0 domicile"}]},{"@type":"WebSite","@id":"https:\/\/dicodusport.fr\/blog\/#website","url":"https:\/\/dicodusport.fr\/blog\/","name":"Dicodusport","description":"L&#039;encyclop\u00e9die de l&#039;actualit\u00e9 sportive","publisher":{"@id":"https:\/\/dicodusport.fr\/blog\/#organization"},"potentialAction":[{"@type":"SearchAction","target":{"@type":"EntryPoint","urlTemplate":"https:\/\/dicodusport.fr\/blog\/?s={search_term_string}"},"query-input":{"@type":"PropertyValueSpecification","valueRequired":true,"valueName":"search_term_string"}}],"inLanguage":"fr-FR"},{"@type":"NewsMediaOrganization","@id":"https:\/\/dicodusport.fr\/blog\/#organization","name":"Dicodusport","url":"https:\/\/dicodusport.fr\/blog\/","logo":{"@type":"ImageObject","inLanguage":"fr-FR","@id":"https:\/\/dicodusport.fr\/blog\/#\/schema\/logo\/image\/","url":"https:\/\/dicodusport.fr\/blog\/wp-content\/uploads\/2020\/06\/cropped-LOGO-DICODUSPORT-2020-SANS-FOND-SANS-TEXTE.png","contentUrl":"https:\/\/dicodusport.fr\/blog\/wp-content\/uploads\/2020\/06\/cropped-LOGO-DICODUSPORT-2020-SANS-FOND-SANS-TEXTE.png","width":512,"height":512,"caption":"Dicodusport"},"image":{"@id":"https:\/\/dicodusport.fr\/blog\/#\/schema\/logo\/image\/"},"sameAs":["https:\/\/www.facebook.com\/dicodusport","https:\/\/x.com\/dicodusport","https:\/\/www.instagram.com\/dicodusport\/","https:\/\/www.youtube.com\/channel\/UC7V2KZ5sd3htJivAbA4ZG3w"],"description":"Dicodusport est l'encyclop\u00e9die de l'actualit\u00e9 sportive.","email":"bonjour@dicodusport.fr","legalName":"DICODUSPORT","foundingDate":"2018-01-14","vatID":"FR71834470973","taxID":"83447097300043","numberOfEmployees":{"@type":"QuantitativeValue","minValue":"1","maxValue":"10"}},{"@type":"Person","@id":"https:\/\/dicodusport.fr\/blog\/#\/schema\/person\/6db4bae06b171592211be385b32876a7","name":"Emilien Descampiaux","image":{"@type":"ImageObject","inLanguage":"fr-FR","@id":"https:\/\/dicodusport.fr\/blog\/#\/schema\/person\/image\/","url":"https:\/\/dicodusport.fr\/blog\/wp-content\/uploads\/2021\/05\/Emilien-Descampiaux-150x150.jpg","contentUrl":"https:\/\/dicodusport.fr\/blog\/wp-content\/uploads\/2021\/05\/Emilien-Descampiaux-150x150.jpg","caption":"Emilien Descampiaux"},"description":"Journaliste\/r\u00e9dacteur depuis 2014 - Fan de la classe de Frank Vandenbroucke, je vis cyclisme (et de ses paysages) depuis plus de 20 ans. Je suis tr\u00e8s impliqu\u00e9 sur mes diff\u00e9rents r\u00e9seaux sociaux pour partager ma passion sur le monde et l'Histoire de la bicyclette avec ma voix sur les images en noir et blanc du succ\u00e8s de Rik Van Steenbergen lors du Ronde sur le V\u00e9lodrome de Gand.","sameAs":["https:\/\/www.facebook.com\/groups\/LesRoisDuPeloton","https:\/\/x.com\/https:\/\/twitter.com\/LRoisDuPeloton"],"url":"https:\/\/dicodusport.fr\/blog\/author\/emiliend\/"}]}},"_links":{"self":[{"href":"https:\/\/dicodusport.fr\/blog\/wp-json\/wp\/v2\/posts\/286904","targetHints":{"allow":["GET"]}}],"collection":[{"href":"https:\/\/dicodusport.fr\/blog\/wp-json\/wp\/v2\/posts"}],"about":[{"href":"https:\/\/dicodusport.fr\/blog\/wp-json\/wp\/v2\/types\/post"}],"author":[{"embeddable":true,"href":"https:\/\/dicodusport.fr\/blog\/wp-json\/wp\/v2\/users\/48"}],"replies":[{"embeddable":true,"href":"https:\/\/dicodusport.fr\/blog\/wp-json\/wp\/v2\/comments?post=286904"}],"version-history":[{"count":0,"href":"https:\/\/dicodusport.fr\/blog\/wp-json\/wp\/v2\/posts\/286904\/revisions"}],"wp:featuredmedia":[{"embeddable":true,"href":"https:\/\/dicodusport.fr\/blog\/wp-json\/wp\/v2\/media\/287027"}],"wp:attachment":[{"href":"https:\/\/dicodusport.fr\/blog\/wp-json\/wp\/v2\/media?parent=286904"}],"wp:term":[{"taxonomy":"category","embeddable":true,"href":"https:\/\/dicodusport.fr\/blog\/wp-json\/wp\/v2\/categories?post=286904"},{"taxonomy":"post_tag","embeddable":true,"href":"https:\/\/dicodusport.fr\/blog\/wp-json\/wp\/v2\/tags?post=286904"}],"curies":[{"name":"wp","href":"https:\/\/api.w.org\/{rel}","templated":true}]}}