{"id":286915,"date":"2022-12-10T12:03:29","date_gmt":"2022-12-10T11:03:29","guid":{"rendered":"https:\/\/dicodusport.fr\/blog\/?p=286915&#038;preview=true&#038;preview_id=286915"},"modified":"2022-12-10T13:06:23","modified_gmt":"2022-12-10T12:06:23","slug":"poursuite-hochfilzen-victoire-julia-simon-en-patronne","status":"publish","type":"post","link":"https:\/\/dicodusport.fr\/blog\/poursuite-hochfilzen-victoire-julia-simon-en-patronne\/","title":{"rendered":"Poursuite d&rsquo;Hochfilzen : Victoire de Julia Simon en patronne !"},"content":{"rendered":"<p align=\"justify\"><em><strong><b><i><a href=\"https:\/\/dicodusport.fr\/blog\/biathlon-hochfilzen-2022-programme-complet-et-resultats\/\">BIATHLON COUPE DU MONDE HOCHFILZEN 2022<\/a> &#8211; \u00c9norme Julia Simon ! La Fran\u00e7aise a remport\u00e9 ce samedi la poursuite d&rsquo;Hochfilzen, en Autriche. Un 19\/20 face aux cibles qui lui permet de glaner un deuxi\u00e8me succ\u00e8s cette saison, apr\u00e8s sa victoire sur <a href=\"https:\/\/dicodusport.fr\/blog\/biathlon-kontiolahti-2022-julia-simon-en-patronne-sur-la-poursuite\/\">la poursuite, d\u00e9j\u00e0, de Kontiolahti (Finlande)<\/a>.<\/i><\/b><\/strong><\/em><\/p>\n<p align=\"justify\">Elle est exceptionnelle en ce d\u00e9but de saison ! Partie avec 20 secondes de retard sur l&rsquo;Allemande <strong>Denise Herrmann-Wick<\/strong>, victorieuse du sprint, la Fran\u00e7aise <strong>Julia Simon<\/strong> a remport\u00e9 ce samedi la <strong>poursuite d&rsquo;Hochfilzen<\/strong>, une semaine apr\u00e8s avoir triomph\u00e9 sur celle de Kontiolahti, en Finlande. Une seule faute au tir, sur le premier debout (0-0-1-0), ne l&rsquo;aura pas emp\u00each\u00e9e d&rsquo;aller d\u00e9crocher un sixi\u00e8me succ\u00e8s en carri\u00e8re sur la Coupe du monde.<\/p>\n<h2 style=\"text-align: justify;\" align=\"justify\">La concurrence pas invit\u00e9e<\/h2>\n<p align=\"justify\">Arriv\u00e9e sur le dernier tir debout en compagnie de la bluffante Su\u00e9doise, <strong>Linn Persson<\/strong>, la biathl\u00e8te des Saisies s&rsquo;est comport\u00e9e en patronne, en r\u00e9alisant un sans-faute, au contraire de son adversaire. Derri\u00e8re, les autres cadors du circuit n&rsquo;ont pu que constater les d\u00e9g\u00e2ts. Sur la ligne, la leader du classement g\u00e9n\u00e9ral, qui en profite, \u00e9videmment, pour conforter son dossard jaune, devance la Norv\u00e9gienne <strong>Ingrid Tandrevold<\/strong> (+19.6, 0-0-1-0) et la Tch\u00e8que <strong>Marketa Davidova<\/strong> (+28.1, 0-0-2-0).<\/p>\n<blockquote class=\"twitter-tweet\">\n<p dir=\"ltr\" lang=\"fr\">Julia Simon reine de la poursuite ! &#x1f60d; <a href=\"https:\/\/twitter.com\/hashtag\/lequipeBIATHLON?src=hash&amp;ref_src=twsrc%5Etfw\">#lequipeBIATHLON<\/a> <a href=\"https:\/\/t.co\/gnIEJVnxPJ\">pic.twitter.com\/gnIEJVnxPJ<\/a><\/p>\n<p>\u2014 la chaine L&rsquo;\u00c9quipe (@lachainelequipe) <a href=\"https:\/\/twitter.com\/lachainelequipe\/status\/1601533243702099969?ref_src=twsrc%5Etfw\">December 10, 2022<\/a><\/p><\/blockquote>\n<p><script async src=\"https:\/\/platform.twitter.com\/widgets.js\" charset=\"utf-8\"><\/script><\/p>\n<p align=\"justify\"><strong>Elvira Oeberg<\/strong> (+41.4 \/ 0-1-2-0), <strong>Denise Herrmann-Wick<\/strong> (+42.7 \/ 0-1-1-1) et <strong>Linn Persson<\/strong> (+46.0 \/ 0-0-0-2) compl\u00e8tent le top 6. Dauphine de <strong>Julia Simon<\/strong> au g\u00e9n\u00e9ral ce matin, <strong>Lisa Vittozzi<\/strong> se classe 8\u00e8me. <strong>Tandrevold<\/strong> est d\u00e9sormais la nouvelle deuxi\u00e8me derri\u00e8re l&rsquo;intouchable Fran\u00e7ais, en \u00e9tat de gr\u00e2ce en ce d\u00e9but de saison.<\/p>\n<h2 style=\"text-align: justify;\" align=\"justify\">Le classement des Fran\u00e7aises<\/h2>\n<p style=\"text-align: justify;\">1. Julia Simon en 29:56.7 \/ 0-0-1-0<br \/>\n12. Ana\u00efs Chevalier-Bouchet \u00e0 1:36.8 \/ 2-0-0-1<br \/>\n16. Lou Jeanmonnot \u00e0 2:09.9 \/ 1-1-0-0<br \/>\n20. Chlo\u00e9 Chevalier \u00e0 2:19.6 \/ 2-0-0-2<br \/>\n22. Caroline Colombo \u00e0 2:36.4 \/ 0-0-2-2<\/p>\n<h2 style=\"text-align: justify;\"><strong>\u00c0 lire aussi<\/strong><\/h2>\n<ul>\n<li class=\"mvp-post-title left entry-title\" style=\"text-align: justify;\"><strong><a href=\"https:\/\/dicodusport.fr\/blog\/biathlon-hochfilzen-2022-classement-poursuite-femmes\/\">Le classement de la poursuite femmes de Hochfilzen<\/a>\u00a0<\/strong><\/li>\n<li style=\"text-align: justify;\"><a href=\"https:\/\/dicodusport.fr\/blog\/coupe-du-monde-biathlon-classement-general-femmes\/\"><strong>Le classement g\u00e9n\u00e9ral femmes<\/strong><\/a><\/li>\n<li class=\"mvp-post-title left entry-title\" style=\"text-align: justify;\"><a href=\"https:\/\/dicodusport.fr\/blog\/biathlon-kontiolahti-2022-programme-complet-et-resultats\/\"><strong>Le calendrier complet de la Coupe du monde de biathlon 2022-2023<\/strong><\/a><\/li>\n<\/ul>\n","protected":false},"excerpt":{"rendered":"<p>BIATHLON COUPE DU MONDE HOCHFILZEN 2022 &#8211; \u00c9norme Julia Simon ! La Fran\u00e7aise a remport\u00e9 ce samedi la poursuite d&rsquo;Hochfilzen, en Autriche. Un 19\/20 face aux cibles qui lui permet de glaner un deuxi\u00e8me succ\u00e8s cette saison, apr\u00e8s sa victoire sur la poursuite, d\u00e9j\u00e0, de Kontiolahti (Finlande).<\/p>\n","protected":false},"author":4,"featured_media":286975,"comment_status":"open","ping_status":"closed","sticky":false,"template":"","format":"standard","meta":{"_acf_changed":false,"_daextam_enable_autolinks":"","footnotes":""},"categories":[47040],"tags":[2427,12890,1530,6898,24],"class_list":["post-286915","post","type-post","status-publish","format-standard","has-post-thumbnail","hentry","category-coupe-du-monde-de-biathlon","tag-biathlon","tag-biathlon-hochfilzen","tag-coupe-du-monde","tag-hochfilzen","tag-sport"],"acf":[],"yoast_head":"<!-- This site is optimized with the Yoast SEO Premium plugin v26.7 (Yoast SEO v26.7) - https:\/\/yoast.com\/wordpress\/plugins\/seo\/ -->\n<title>Poursuite d&#039;Hochfilzen : Victoire de Julia Simon en patronne !<\/title>\n<meta name=\"description\" content=\"BIATHLON COUPE DU MONDE HOCHFILZEN 2022 - \u00c9norme Julia Simon ! La Fran\u00e7aise a remport\u00e9 ce samedi la poursuite d&#039;Hochfilzen, en Autriche.\" \/>\n<meta name=\"robots\" content=\"index, follow, max-snippet:-1, max-image-preview:large, max-video-preview:-1\" \/>\n<link rel=\"canonical\" href=\"https:\/\/dicodusport.fr\/blog\/poursuite-hochfilzen-victoire-julia-simon-en-patronne\/\" \/>\n<meta property=\"og:locale\" content=\"fr_FR\" \/>\n<meta property=\"og:type\" content=\"article\" \/>\n<meta property=\"og:title\" content=\"Poursuite d&#039;Hochfilzen : Victoire de Julia Simon en patronne !\" \/>\n<meta property=\"og:description\" content=\"BIATHLON COUPE DU MONDE HOCHFILZEN 2022 - \u00c9norme Julia Simon ! La Fran\u00e7aise a remport\u00e9 ce samedi la poursuite d&#039;Hochfilzen, en Autriche.\" \/>\n<meta property=\"og:url\" content=\"https:\/\/dicodusport.fr\/blog\/poursuite-hochfilzen-victoire-julia-simon-en-patronne\/\" \/>\n<meta property=\"og:site_name\" content=\"Dicodusport\" \/>\n<meta property=\"article:publisher\" content=\"https:\/\/www.facebook.com\/dicodusport\" \/>\n<meta property=\"article:author\" content=\"https:\/\/www.facebook.com\/florent.ostermann\" \/>\n<meta property=\"article:published_time\" content=\"2022-12-10T11:03:29+00:00\" \/>\n<meta property=\"article:modified_time\" content=\"2022-12-10T12:06:23+00:00\" \/>\n<meta property=\"og:image\" content=\"https:\/\/dicodusport.fr\/blog\/wp-content\/uploads\/2022\/12\/Poursuite-dHochfilzen-Victoire-de-Julia-Simon-en-patronne-1.png\" \/>\n\t<meta property=\"og:image:width\" content=\"800\" \/>\n\t<meta property=\"og:image:height\" content=\"445\" \/>\n\t<meta property=\"og:image:type\" content=\"image\/png\" \/>\n<meta name=\"author\" content=\"Flo Ostermann\" \/>\n<meta name=\"twitter:card\" content=\"summary_large_image\" \/>\n<meta name=\"twitter:title\" content=\"Poursuite d&#039;Hochfilzen : Victoire de Julia Simon en patronne !\" \/>\n<meta name=\"twitter:creator\" content=\"@https:\/\/twitter.com\/FlOstermann\" \/>\n<meta name=\"twitter:site\" content=\"@dicodusport\" \/>\n<script type=\"application\/ld+json\" class=\"yoast-schema-graph\">{\"@context\":\"https:\/\/schema.org\",\"@graph\":[{\"@type\":\"NewsArticle\",\"@id\":\"https:\/\/dicodusport.fr\/blog\/poursuite-hochfilzen-victoire-julia-simon-en-patronne\/#article\",\"isPartOf\":{\"@id\":\"https:\/\/dicodusport.fr\/blog\/poursuite-hochfilzen-victoire-julia-simon-en-patronne\/\"},\"author\":{\"name\":\"Flo Ostermann\",\"@id\":\"https:\/\/dicodusport.fr\/blog\/#\/schema\/person\/cb02af4c173ce4a653b55e9baf388d4a\"},\"headline\":\"Poursuite d&rsquo;Hochfilzen : Victoire de Julia Simon en patronne !\",\"datePublished\":\"2022-12-10T11:03:29+00:00\",\"dateModified\":\"2022-12-10T12:06:23+00:00\",\"mainEntityOfPage\":{\"@id\":\"https:\/\/dicodusport.fr\/blog\/poursuite-hochfilzen-victoire-julia-simon-en-patronne\/\"},\"wordCount\":376,\"commentCount\":0,\"publisher\":{\"@id\":\"https:\/\/dicodusport.fr\/blog\/#organization\"},\"image\":{\"@id\":\"https:\/\/dicodusport.fr\/blog\/poursuite-hochfilzen-victoire-julia-simon-en-patronne\/#primaryimage\"},\"thumbnailUrl\":\"https:\/\/dicodusport.fr\/blog\/wp-content\/uploads\/2022\/12\/Poursuite-dHochfilzen-Victoire-de-Julia-Simon-en-patronne-1.png\",\"keywords\":[\"Biathlon\",\"Biathlon Hochfilzen\",\"Coupe du monde\",\"Hochfilzen\",\"sport\"],\"articleSection\":[\"Coupe du monde de biathlon\"],\"inLanguage\":\"fr-FR\",\"potentialAction\":[{\"@type\":\"CommentAction\",\"name\":\"Comment\",\"target\":[\"https:\/\/dicodusport.fr\/blog\/poursuite-hochfilzen-victoire-julia-simon-en-patronne\/#respond\"]}],\"copyrightYear\":\"2022\",\"copyrightHolder\":{\"@id\":\"https:\/\/dicodusport.fr\/blog\/#organization\"}},{\"@type\":\"WebPage\",\"@id\":\"https:\/\/dicodusport.fr\/blog\/poursuite-hochfilzen-victoire-julia-simon-en-patronne\/\",\"url\":\"https:\/\/dicodusport.fr\/blog\/poursuite-hochfilzen-victoire-julia-simon-en-patronne\/\",\"name\":\"Poursuite d'Hochfilzen : Victoire de Julia Simon en patronne !\",\"isPartOf\":{\"@id\":\"https:\/\/dicodusport.fr\/blog\/#website\"},\"primaryImageOfPage\":{\"@id\":\"https:\/\/dicodusport.fr\/blog\/poursuite-hochfilzen-victoire-julia-simon-en-patronne\/#primaryimage\"},\"image\":{\"@id\":\"https:\/\/dicodusport.fr\/blog\/poursuite-hochfilzen-victoire-julia-simon-en-patronne\/#primaryimage\"},\"thumbnailUrl\":\"https:\/\/dicodusport.fr\/blog\/wp-content\/uploads\/2022\/12\/Poursuite-dHochfilzen-Victoire-de-Julia-Simon-en-patronne-1.png\",\"datePublished\":\"2022-12-10T11:03:29+00:00\",\"dateModified\":\"2022-12-10T12:06:23+00:00\",\"description\":\"BIATHLON COUPE DU MONDE HOCHFILZEN 2022 - \u00c9norme Julia Simon ! La Fran\u00e7aise a remport\u00e9 ce samedi la poursuite d'Hochfilzen, en Autriche.\",\"breadcrumb\":{\"@id\":\"https:\/\/dicodusport.fr\/blog\/poursuite-hochfilzen-victoire-julia-simon-en-patronne\/#breadcrumb\"},\"inLanguage\":\"fr-FR\",\"potentialAction\":[{\"@type\":\"ReadAction\",\"target\":[\"https:\/\/dicodusport.fr\/blog\/poursuite-hochfilzen-victoire-julia-simon-en-patronne\/\"]}]},{\"@type\":\"ImageObject\",\"inLanguage\":\"fr-FR\",\"@id\":\"https:\/\/dicodusport.fr\/blog\/poursuite-hochfilzen-victoire-julia-simon-en-patronne\/#primaryimage\",\"url\":\"https:\/\/dicodusport.fr\/blog\/wp-content\/uploads\/2022\/12\/Poursuite-dHochfilzen-Victoire-de-Julia-Simon-en-patronne-1.png\",\"contentUrl\":\"https:\/\/dicodusport.fr\/blog\/wp-content\/uploads\/2022\/12\/Poursuite-dHochfilzen-Victoire-de-Julia-Simon-en-patronne-1.png\",\"width\":800,\"height\":445,\"caption\":\"Poursuite d'Hochfilzen Victoire de Julia Simon en patronne ! (1)\"},{\"@type\":\"BreadcrumbList\",\"@id\":\"https:\/\/dicodusport.fr\/blog\/poursuite-hochfilzen-victoire-julia-simon-en-patronne\/#breadcrumb\",\"itemListElement\":[{\"@type\":\"ListItem\",\"position\":1,\"name\":\"Accueil\",\"item\":\"https:\/\/dicodusport.fr\/blog\/\"},{\"@type\":\"ListItem\",\"position\":2,\"name\":\"Poursuite d&rsquo;Hochfilzen : Victoire de Julia Simon en patronne !\"}]},{\"@type\":\"WebSite\",\"@id\":\"https:\/\/dicodusport.fr\/blog\/#website\",\"url\":\"https:\/\/dicodusport.fr\/blog\/\",\"name\":\"Dicodusport\",\"description\":\"L&#039;encyclop\u00e9die de l&#039;actualit\u00e9 sportive\",\"publisher\":{\"@id\":\"https:\/\/dicodusport.fr\/blog\/#organization\"},\"potentialAction\":[{\"@type\":\"SearchAction\",\"target\":{\"@type\":\"EntryPoint\",\"urlTemplate\":\"https:\/\/dicodusport.fr\/blog\/?s={search_term_string}\"},\"query-input\":{\"@type\":\"PropertyValueSpecification\",\"valueRequired\":true,\"valueName\":\"search_term_string\"}}],\"inLanguage\":\"fr-FR\"},{\"@type\":\"NewsMediaOrganization\",\"@id\":\"https:\/\/dicodusport.fr\/blog\/#organization\",\"name\":\"Dicodusport\",\"url\":\"https:\/\/dicodusport.fr\/blog\/\",\"logo\":{\"@type\":\"ImageObject\",\"inLanguage\":\"fr-FR\",\"@id\":\"https:\/\/dicodusport.fr\/blog\/#\/schema\/logo\/image\/\",\"url\":\"https:\/\/dicodusport.fr\/blog\/wp-content\/uploads\/2020\/06\/cropped-LOGO-DICODUSPORT-2020-SANS-FOND-SANS-TEXTE.png\",\"contentUrl\":\"https:\/\/dicodusport.fr\/blog\/wp-content\/uploads\/2020\/06\/cropped-LOGO-DICODUSPORT-2020-SANS-FOND-SANS-TEXTE.png\",\"width\":512,\"height\":512,\"caption\":\"Dicodusport\"},\"image\":{\"@id\":\"https:\/\/dicodusport.fr\/blog\/#\/schema\/logo\/image\/\"},\"sameAs\":[\"https:\/\/www.facebook.com\/dicodusport\",\"https:\/\/x.com\/dicodusport\",\"https:\/\/www.instagram.com\/dicodusport\/\",\"https:\/\/www.youtube.com\/channel\/UC7V2KZ5sd3htJivAbA4ZG3w\"],\"description\":\"Dicodusport est l'encyclop\u00e9die de l'actualit\u00e9 sportive.\",\"email\":\"bonjour@dicodusport.fr\",\"legalName\":\"DICODUSPORT\",\"foundingDate\":\"2018-01-14\",\"vatID\":\"FR71834470973\",\"taxID\":\"83447097300043\",\"numberOfEmployees\":{\"@type\":\"QuantitativeValue\",\"minValue\":\"1\",\"maxValue\":\"10\"}},{\"@type\":\"Person\",\"@id\":\"https:\/\/dicodusport.fr\/blog\/#\/schema\/person\/cb02af4c173ce4a653b55e9baf388d4a\",\"name\":\"Flo Ostermann\",\"image\":{\"@type\":\"ImageObject\",\"inLanguage\":\"fr-FR\",\"@id\":\"https:\/\/dicodusport.fr\/blog\/#\/schema\/person\/image\/\",\"url\":\"https:\/\/dicodusport.fr\/blog\/wp-content\/uploads\/2021\/05\/Flo-Ostermann-150x150.jpg\",\"contentUrl\":\"https:\/\/dicodusport.fr\/blog\/wp-content\/uploads\/2021\/05\/Flo-Ostermann-150x150.jpg\",\"caption\":\"Flo Ostermann\"},\"description\":\"Journaliste\/R\u00e9dacteur depuis septembre 2015 - Mes premiers souvenirs dans le sport ? Les envol\u00e9es du Stade Toulousain et les duels Villeneuve-Schumacher et H\u00e4kkinen-Schumacher \u00e0 la fin des ann\u00e9es 90, la Coupe du monde de football en 1998, l\u2019exploit du XV de France face aux All Blacks en 1999, mais aussi Richard C\u0153ur de Lion qui vole sur les montagnes du Tour de France. Bien parti pour devenir professeur d\u2019EPS, les \u00e9v\u00e9nements de la vie (et la flemme d\u2019animer des s\u00e9ances de 3x500 m\u00e8tres toute ma vie) m\u2019ont conduit \u00e0 revoir mes plans. Me voil\u00e0 depuis fin 2017 sur Dicodusport, m\u00e9dia gr\u00e2ce (et pour) lequel je partage ma passion : le sport dans tous ses \u00e9tats. Le tout accompagn\u00e9 par les fous furieux et folles furieuses cit\u00e9s sur cette page !\",\"sameAs\":[\"https:\/\/www.facebook.com\/florent.ostermann\",\"https:\/\/x.com\/https:\/\/twitter.com\/FlOstermann\",\"admin\"],\"url\":\"https:\/\/dicodusport.fr\/blog\/author\/flo\/\"}]}<\/script>\n<!-- \/ Yoast SEO Premium plugin. -->","yoast_head_json":{"title":"Poursuite d'Hochfilzen : Victoire de Julia Simon en patronne !","description":"BIATHLON COUPE DU MONDE HOCHFILZEN 2022 - \u00c9norme Julia Simon ! La Fran\u00e7aise a remport\u00e9 ce samedi la poursuite d'Hochfilzen, en Autriche.","robots":{"index":"index","follow":"follow","max-snippet":"max-snippet:-1","max-image-preview":"max-image-preview:large","max-video-preview":"max-video-preview:-1"},"canonical":"https:\/\/dicodusport.fr\/blog\/poursuite-hochfilzen-victoire-julia-simon-en-patronne\/","og_locale":"fr_FR","og_type":"article","og_title":"Poursuite d'Hochfilzen : Victoire de Julia Simon en patronne !","og_description":"BIATHLON COUPE DU MONDE HOCHFILZEN 2022 - \u00c9norme Julia Simon ! La Fran\u00e7aise a remport\u00e9 ce samedi la poursuite d'Hochfilzen, en Autriche.","og_url":"https:\/\/dicodusport.fr\/blog\/poursuite-hochfilzen-victoire-julia-simon-en-patronne\/","og_site_name":"Dicodusport","article_publisher":"https:\/\/www.facebook.com\/dicodusport","article_author":"https:\/\/www.facebook.com\/florent.ostermann","article_published_time":"2022-12-10T11:03:29+00:00","article_modified_time":"2022-12-10T12:06:23+00:00","og_image":[{"width":800,"height":445,"url":"https:\/\/dicodusport.fr\/blog\/wp-content\/uploads\/2022\/12\/Poursuite-dHochfilzen-Victoire-de-Julia-Simon-en-patronne-1.png","type":"image\/png"}],"author":"Flo Ostermann","twitter_card":"summary_large_image","twitter_title":"Poursuite d'Hochfilzen : Victoire de Julia Simon en patronne !","twitter_creator":"@https:\/\/twitter.com\/FlOstermann","twitter_site":"@dicodusport","schema":{"@context":"https:\/\/schema.org","@graph":[{"@type":"NewsArticle","@id":"https:\/\/dicodusport.fr\/blog\/poursuite-hochfilzen-victoire-julia-simon-en-patronne\/#article","isPartOf":{"@id":"https:\/\/dicodusport.fr\/blog\/poursuite-hochfilzen-victoire-julia-simon-en-patronne\/"},"author":{"name":"Flo Ostermann","@id":"https:\/\/dicodusport.fr\/blog\/#\/schema\/person\/cb02af4c173ce4a653b55e9baf388d4a"},"headline":"Poursuite d&rsquo;Hochfilzen : Victoire de Julia Simon en patronne !","datePublished":"2022-12-10T11:03:29+00:00","dateModified":"2022-12-10T12:06:23+00:00","mainEntityOfPage":{"@id":"https:\/\/dicodusport.fr\/blog\/poursuite-hochfilzen-victoire-julia-simon-en-patronne\/"},"wordCount":376,"commentCount":0,"publisher":{"@id":"https:\/\/dicodusport.fr\/blog\/#organization"},"image":{"@id":"https:\/\/dicodusport.fr\/blog\/poursuite-hochfilzen-victoire-julia-simon-en-patronne\/#primaryimage"},"thumbnailUrl":"https:\/\/dicodusport.fr\/blog\/wp-content\/uploads\/2022\/12\/Poursuite-dHochfilzen-Victoire-de-Julia-Simon-en-patronne-1.png","keywords":["Biathlon","Biathlon Hochfilzen","Coupe du monde","Hochfilzen","sport"],"articleSection":["Coupe du monde de biathlon"],"inLanguage":"fr-FR","potentialAction":[{"@type":"CommentAction","name":"Comment","target":["https:\/\/dicodusport.fr\/blog\/poursuite-hochfilzen-victoire-julia-simon-en-patronne\/#respond"]}],"copyrightYear":"2022","copyrightHolder":{"@id":"https:\/\/dicodusport.fr\/blog\/#organization"}},{"@type":"WebPage","@id":"https:\/\/dicodusport.fr\/blog\/poursuite-hochfilzen-victoire-julia-simon-en-patronne\/","url":"https:\/\/dicodusport.fr\/blog\/poursuite-hochfilzen-victoire-julia-simon-en-patronne\/","name":"Poursuite d'Hochfilzen : Victoire de Julia Simon en patronne !","isPartOf":{"@id":"https:\/\/dicodusport.fr\/blog\/#website"},"primaryImageOfPage":{"@id":"https:\/\/dicodusport.fr\/blog\/poursuite-hochfilzen-victoire-julia-simon-en-patronne\/#primaryimage"},"image":{"@id":"https:\/\/dicodusport.fr\/blog\/poursuite-hochfilzen-victoire-julia-simon-en-patronne\/#primaryimage"},"thumbnailUrl":"https:\/\/dicodusport.fr\/blog\/wp-content\/uploads\/2022\/12\/Poursuite-dHochfilzen-Victoire-de-Julia-Simon-en-patronne-1.png","datePublished":"2022-12-10T11:03:29+00:00","dateModified":"2022-12-10T12:06:23+00:00","description":"BIATHLON COUPE DU MONDE HOCHFILZEN 2022 - \u00c9norme Julia Simon ! La Fran\u00e7aise a remport\u00e9 ce samedi la poursuite d'Hochfilzen, en Autriche.","breadcrumb":{"@id":"https:\/\/dicodusport.fr\/blog\/poursuite-hochfilzen-victoire-julia-simon-en-patronne\/#breadcrumb"},"inLanguage":"fr-FR","potentialAction":[{"@type":"ReadAction","target":["https:\/\/dicodusport.fr\/blog\/poursuite-hochfilzen-victoire-julia-simon-en-patronne\/"]}]},{"@type":"ImageObject","inLanguage":"fr-FR","@id":"https:\/\/dicodusport.fr\/blog\/poursuite-hochfilzen-victoire-julia-simon-en-patronne\/#primaryimage","url":"https:\/\/dicodusport.fr\/blog\/wp-content\/uploads\/2022\/12\/Poursuite-dHochfilzen-Victoire-de-Julia-Simon-en-patronne-1.png","contentUrl":"https:\/\/dicodusport.fr\/blog\/wp-content\/uploads\/2022\/12\/Poursuite-dHochfilzen-Victoire-de-Julia-Simon-en-patronne-1.png","width":800,"height":445,"caption":"Poursuite d'Hochfilzen Victoire de Julia Simon en patronne ! (1)"},{"@type":"BreadcrumbList","@id":"https:\/\/dicodusport.fr\/blog\/poursuite-hochfilzen-victoire-julia-simon-en-patronne\/#breadcrumb","itemListElement":[{"@type":"ListItem","position":1,"name":"Accueil","item":"https:\/\/dicodusport.fr\/blog\/"},{"@type":"ListItem","position":2,"name":"Poursuite d&rsquo;Hochfilzen : Victoire de Julia Simon en patronne !"}]},{"@type":"WebSite","@id":"https:\/\/dicodusport.fr\/blog\/#website","url":"https:\/\/dicodusport.fr\/blog\/","name":"Dicodusport","description":"L&#039;encyclop\u00e9die de l&#039;actualit\u00e9 sportive","publisher":{"@id":"https:\/\/dicodusport.fr\/blog\/#organization"},"potentialAction":[{"@type":"SearchAction","target":{"@type":"EntryPoint","urlTemplate":"https:\/\/dicodusport.fr\/blog\/?s={search_term_string}"},"query-input":{"@type":"PropertyValueSpecification","valueRequired":true,"valueName":"search_term_string"}}],"inLanguage":"fr-FR"},{"@type":"NewsMediaOrganization","@id":"https:\/\/dicodusport.fr\/blog\/#organization","name":"Dicodusport","url":"https:\/\/dicodusport.fr\/blog\/","logo":{"@type":"ImageObject","inLanguage":"fr-FR","@id":"https:\/\/dicodusport.fr\/blog\/#\/schema\/logo\/image\/","url":"https:\/\/dicodusport.fr\/blog\/wp-content\/uploads\/2020\/06\/cropped-LOGO-DICODUSPORT-2020-SANS-FOND-SANS-TEXTE.png","contentUrl":"https:\/\/dicodusport.fr\/blog\/wp-content\/uploads\/2020\/06\/cropped-LOGO-DICODUSPORT-2020-SANS-FOND-SANS-TEXTE.png","width":512,"height":512,"caption":"Dicodusport"},"image":{"@id":"https:\/\/dicodusport.fr\/blog\/#\/schema\/logo\/image\/"},"sameAs":["https:\/\/www.facebook.com\/dicodusport","https:\/\/x.com\/dicodusport","https:\/\/www.instagram.com\/dicodusport\/","https:\/\/www.youtube.com\/channel\/UC7V2KZ5sd3htJivAbA4ZG3w"],"description":"Dicodusport est l'encyclop\u00e9die de l'actualit\u00e9 sportive.","email":"bonjour@dicodusport.fr","legalName":"DICODUSPORT","foundingDate":"2018-01-14","vatID":"FR71834470973","taxID":"83447097300043","numberOfEmployees":{"@type":"QuantitativeValue","minValue":"1","maxValue":"10"}},{"@type":"Person","@id":"https:\/\/dicodusport.fr\/blog\/#\/schema\/person\/cb02af4c173ce4a653b55e9baf388d4a","name":"Flo Ostermann","image":{"@type":"ImageObject","inLanguage":"fr-FR","@id":"https:\/\/dicodusport.fr\/blog\/#\/schema\/person\/image\/","url":"https:\/\/dicodusport.fr\/blog\/wp-content\/uploads\/2021\/05\/Flo-Ostermann-150x150.jpg","contentUrl":"https:\/\/dicodusport.fr\/blog\/wp-content\/uploads\/2021\/05\/Flo-Ostermann-150x150.jpg","caption":"Flo Ostermann"},"description":"Journaliste\/R\u00e9dacteur depuis septembre 2015 - Mes premiers souvenirs dans le sport ? Les envol\u00e9es du Stade Toulousain et les duels Villeneuve-Schumacher et H\u00e4kkinen-Schumacher \u00e0 la fin des ann\u00e9es 90, la Coupe du monde de football en 1998, l\u2019exploit du XV de France face aux All Blacks en 1999, mais aussi Richard C\u0153ur de Lion qui vole sur les montagnes du Tour de France. Bien parti pour devenir professeur d\u2019EPS, les \u00e9v\u00e9nements de la vie (et la flemme d\u2019animer des s\u00e9ances de 3x500 m\u00e8tres toute ma vie) m\u2019ont conduit \u00e0 revoir mes plans. Me voil\u00e0 depuis fin 2017 sur Dicodusport, m\u00e9dia gr\u00e2ce (et pour) lequel je partage ma passion : le sport dans tous ses \u00e9tats. Le tout accompagn\u00e9 par les fous furieux et folles furieuses cit\u00e9s sur cette page !","sameAs":["https:\/\/www.facebook.com\/florent.ostermann","https:\/\/x.com\/https:\/\/twitter.com\/FlOstermann","admin"],"url":"https:\/\/dicodusport.fr\/blog\/author\/flo\/"}]}},"_links":{"self":[{"href":"https:\/\/dicodusport.fr\/blog\/wp-json\/wp\/v2\/posts\/286915","targetHints":{"allow":["GET"]}}],"collection":[{"href":"https:\/\/dicodusport.fr\/blog\/wp-json\/wp\/v2\/posts"}],"about":[{"href":"https:\/\/dicodusport.fr\/blog\/wp-json\/wp\/v2\/types\/post"}],"author":[{"embeddable":true,"href":"https:\/\/dicodusport.fr\/blog\/wp-json\/wp\/v2\/users\/4"}],"replies":[{"embeddable":true,"href":"https:\/\/dicodusport.fr\/blog\/wp-json\/wp\/v2\/comments?post=286915"}],"version-history":[{"count":0,"href":"https:\/\/dicodusport.fr\/blog\/wp-json\/wp\/v2\/posts\/286915\/revisions"}],"wp:featuredmedia":[{"embeddable":true,"href":"https:\/\/dicodusport.fr\/blog\/wp-json\/wp\/v2\/media\/286975"}],"wp:attachment":[{"href":"https:\/\/dicodusport.fr\/blog\/wp-json\/wp\/v2\/media?parent=286915"}],"wp:term":[{"taxonomy":"category","embeddable":true,"href":"https:\/\/dicodusport.fr\/blog\/wp-json\/wp\/v2\/categories?post=286915"},{"taxonomy":"post_tag","embeddable":true,"href":"https:\/\/dicodusport.fr\/blog\/wp-json\/wp\/v2\/tags?post=286915"}],"curies":[{"name":"wp","href":"https:\/\/api.w.org\/{rel}","templated":true}]}}