{"id":287034,"date":"2022-12-10T14:51:59","date_gmt":"2022-12-10T13:51:59","guid":{"rendered":"https:\/\/dicodusport.fr\/blog\/?p=287034&#038;preview=true&#038;preview_id=287034"},"modified":"2022-12-10T15:27:54","modified_gmt":"2022-12-10T14:27:54","slug":"coupe-du-monde-ski-de-bosses-perrine-laffont-troisieme-a-idre-fjall","status":"publish","type":"post","link":"https:\/\/dicodusport.fr\/blog\/coupe-du-monde-ski-de-bosses-perrine-laffont-troisieme-a-idre-fjall\/","title":{"rendered":"Coupe du monde ski de bosses : Perrine Laffont troisi\u00e8me \u00e0 Idre Fj\u00e4ll"},"content":{"rendered":"<p align=\"justify\"><em><strong>COUPE DU MONDE DE SKI DE BOSSES &#8211; Deuxi\u00e8me \u00e0 Ruka (Finlande) le week-end dernier, Perrine Laffont a pris la troisi\u00e8me place du deuxi\u00e8me week-end de Coupe du monde ce samedi, \u00e0 Idre Fj\u00e4ll (Su\u00e8de). De son c\u00f4t\u00e9, la nouvelle patronne du circuit, l&rsquo;Australienne Jakara Anthony, s&rsquo;est \u00e0 nouveau impos\u00e9e.<\/strong><\/em><\/p>\n<p align=\"justify\"><a href=\"https:\/\/dicodusport.fr\/blog\/coupe-du-monde-ski-de-bosses-perrine-laffont-deuxieme-a-ruka\/\">Deuxi\u00e8me \u00e0 <strong>Ruka<\/strong> (Finlande) en ouverture il y a une semaine<\/a>, <strong>Perrine Laffont<\/strong> encha\u00eene. La Fran\u00e7aise a d\u00e9croch\u00e9 la troisi\u00e8me place \u00e0 <strong>Idre Fj\u00e4ll<\/strong> ce samedi, en Su\u00e8de. Un ton en-dessous du duo <strong>Kawamura-Anthony<\/strong>, Laffont a r\u00e9alis\u00e9 une super-finale loin d&rsquo;\u00eatre catastrophique, avec un run not\u00e9 \u00e0 76.08 points, apr\u00e8s s&rsquo;\u00eatre class\u00e9e 4\u00e8me des qualifications vendredi et du premier acte de la finale. La Tricolore dispose n\u00e9anmoins d&rsquo;une belle marge de progression en vue des prochaines \u00e9ch\u00e9ances, \u00e0 commencer par demain, dimanche, avec l&rsquo;\u00e9preuve des bosses parall\u00e8les.<\/p>\n<blockquote class=\"twitter-tweet\">\n<p dir=\"ltr\" lang=\"fr\">\u201cSoulag\u00e9e\u201d <a href=\"https:\/\/twitter.com\/LaffontPerrine?ref_src=twsrc%5Etfw\">@LaffontPerrine<\/a>, apr\u00e8s sa superbe &#x1f949;\u00e8me place \u00e0 Idre Fj\u00e4ll. &#x1f399;&#xfe0f;<\/p>\n<p>&#x1f3a5; : FFS TV <a href=\"https:\/\/t.co\/15RlMCYNPj\">pic.twitter.com\/15RlMCYNPj<\/a><\/p>\n<p>\u2014 FFS &#8211; F\u00e9d\u00e9ration Fran\u00e7aise de Ski (@FedFranceSki) <a href=\"https:\/\/twitter.com\/FedFranceSki\/status\/1601576206566318081?ref_src=twsrc%5Etfw\">December 10, 2022<\/a><\/p><\/blockquote>\n<p><script async src=\"https:\/\/platform.twitter.com\/widgets.js\" charset=\"utf-8\"><\/script><\/p>\n<p align=\"justify\">Devant, l&rsquo;Australienne <strong>Jakara Anthony<\/strong>, championne olympique en titre, laur\u00e9ate du gros globe la saison pass\u00e9e et victorieuse \u00e0 <strong>Ruka<\/strong> le week-end dernier, a encore mis le curseur tr\u00e8s haut, avec un run final \u00e0 81.75 points. La Japonaise <strong>Anri Kawamura<\/strong> a elle aussi pass\u00e9e la barre des 80 points (80.02), pour s&#8217;emparer de la deuxi\u00e8me place.<\/p>\n<p style=\"text-align: justify;\" align=\"justify\">\n","protected":false},"excerpt":{"rendered":"<p>COUPE DU MONDE DE SKI DE BOSSES &#8211; Deuxi\u00e8me \u00e0 Ruka (Finlande) le week-end dernier, Perrine Laffont a pris la troisi\u00e8me place du deuxi\u00e8me week-end de Coupe du monde ce samedi, \u00e0 Idre Fj\u00e4ll (Su\u00e8de). De son c\u00f4t\u00e9, la nouvelle patronne du circuit, l&rsquo;Australienne Jakara Anthony, s&rsquo;est \u00e0 nouveau impos\u00e9e.<\/p>\n","protected":false},"author":4,"featured_media":287044,"comment_status":"open","ping_status":"closed","sticky":false,"template":"","format":"standard","meta":{"_acf_changed":false,"_daextam_enable_autolinks":"","footnotes":""},"categories":[9217],"tags":[3262,3263],"class_list":["post-287034","post","type-post","status-publish","format-standard","has-post-thumbnail","hentry","category-ski","tag-perrine-laffont","tag-ski-de-bosses"],"acf":[],"yoast_head":"<!-- This site is optimized with the Yoast SEO Premium plugin v26.7 (Yoast SEO v26.7) - https:\/\/yoast.com\/wordpress\/plugins\/seo\/ -->\n<title>Coupe du monde ski de bosses : Perrine Laffont troisi\u00e8me \u00e0 Idre Fj\u00e4ll<\/title>\n<meta name=\"description\" content=\"COUPE DU MONDE DE SKI DE BOSSES - Deuxi\u00e8me \u00e0 Ruka (Finlande) le week-end dernier, Perrine Laffont a pris la troisi\u00e8me place \u00e0 Idre Fj\u00e4ll.\" \/>\n<meta name=\"robots\" content=\"index, follow, max-snippet:-1, max-image-preview:large, max-video-preview:-1\" \/>\n<link rel=\"canonical\" href=\"https:\/\/dicodusport.fr\/blog\/coupe-du-monde-ski-de-bosses-perrine-laffont-troisieme-a-idre-fjall\/\" \/>\n<meta property=\"og:locale\" content=\"fr_FR\" \/>\n<meta property=\"og:type\" content=\"article\" \/>\n<meta property=\"og:title\" content=\"Coupe du monde ski de bosses : Perrine Laffont troisi\u00e8me \u00e0 Idre Fj\u00e4ll\" \/>\n<meta property=\"og:description\" content=\"COUPE DU MONDE DE SKI DE BOSSES - Deuxi\u00e8me \u00e0 Ruka (Finlande) le week-end dernier, Perrine Laffont a pris la troisi\u00e8me place \u00e0 Idre Fj\u00e4ll.\" \/>\n<meta property=\"og:url\" content=\"https:\/\/dicodusport.fr\/blog\/coupe-du-monde-ski-de-bosses-perrine-laffont-troisieme-a-idre-fjall\/\" \/>\n<meta property=\"og:site_name\" content=\"Dicodusport\" \/>\n<meta property=\"article:publisher\" content=\"https:\/\/www.facebook.com\/dicodusport\" \/>\n<meta property=\"article:author\" content=\"https:\/\/www.facebook.com\/florent.ostermann\" \/>\n<meta property=\"article:published_time\" content=\"2022-12-10T13:51:59+00:00\" \/>\n<meta property=\"article:modified_time\" content=\"2022-12-10T14:27:54+00:00\" \/>\n<meta property=\"og:image\" content=\"https:\/\/dicodusport.fr\/blog\/wp-content\/uploads\/2022\/12\/Coupe-du-monde-ski-de-bosses-Perrine-Laffont-troisieme-a-Idre-Fjall.png\" \/>\n\t<meta property=\"og:image:width\" content=\"800\" \/>\n\t<meta property=\"og:image:height\" content=\"445\" \/>\n\t<meta property=\"og:image:type\" content=\"image\/png\" \/>\n<meta name=\"author\" content=\"Flo Ostermann\" \/>\n<meta name=\"twitter:card\" content=\"summary_large_image\" \/>\n<meta name=\"twitter:title\" content=\"Coupe du monde ski de bosses : Perrine Laffont troisi\u00e8me \u00e0 Idre Fj\u00e4ll\" \/>\n<meta name=\"twitter:creator\" content=\"@https:\/\/twitter.com\/FlOstermann\" \/>\n<meta name=\"twitter:site\" content=\"@dicodusport\" \/>\n<script type=\"application\/ld+json\" class=\"yoast-schema-graph\">{\"@context\":\"https:\/\/schema.org\",\"@graph\":[{\"@type\":\"NewsArticle\",\"@id\":\"https:\/\/dicodusport.fr\/blog\/coupe-du-monde-ski-de-bosses-perrine-laffont-troisieme-a-idre-fjall\/#article\",\"isPartOf\":{\"@id\":\"https:\/\/dicodusport.fr\/blog\/coupe-du-monde-ski-de-bosses-perrine-laffont-troisieme-a-idre-fjall\/\"},\"author\":{\"name\":\"Flo Ostermann\",\"@id\":\"https:\/\/dicodusport.fr\/blog\/#\/schema\/person\/cb02af4c173ce4a653b55e9baf388d4a\"},\"headline\":\"Coupe du monde ski de bosses : Perrine Laffont troisi\u00e8me \u00e0 Idre Fj\u00e4ll\",\"datePublished\":\"2022-12-10T13:51:59+00:00\",\"dateModified\":\"2022-12-10T14:27:54+00:00\",\"mainEntityOfPage\":{\"@id\":\"https:\/\/dicodusport.fr\/blog\/coupe-du-monde-ski-de-bosses-perrine-laffont-troisieme-a-idre-fjall\/\"},\"wordCount\":264,\"commentCount\":0,\"publisher\":{\"@id\":\"https:\/\/dicodusport.fr\/blog\/#organization\"},\"image\":{\"@id\":\"https:\/\/dicodusport.fr\/blog\/coupe-du-monde-ski-de-bosses-perrine-laffont-troisieme-a-idre-fjall\/#primaryimage\"},\"thumbnailUrl\":\"https:\/\/dicodusport.fr\/blog\/wp-content\/uploads\/2022\/12\/Coupe-du-monde-ski-de-bosses-Perrine-Laffont-troisieme-a-Idre-Fjall.png\",\"keywords\":[\"Perrine Laffont\",\"ski de bosses\"],\"articleSection\":[\"Ski\"],\"inLanguage\":\"fr-FR\",\"potentialAction\":[{\"@type\":\"CommentAction\",\"name\":\"Comment\",\"target\":[\"https:\/\/dicodusport.fr\/blog\/coupe-du-monde-ski-de-bosses-perrine-laffont-troisieme-a-idre-fjall\/#respond\"]}],\"copyrightYear\":\"2022\",\"copyrightHolder\":{\"@id\":\"https:\/\/dicodusport.fr\/blog\/#organization\"}},{\"@type\":\"WebPage\",\"@id\":\"https:\/\/dicodusport.fr\/blog\/coupe-du-monde-ski-de-bosses-perrine-laffont-troisieme-a-idre-fjall\/\",\"url\":\"https:\/\/dicodusport.fr\/blog\/coupe-du-monde-ski-de-bosses-perrine-laffont-troisieme-a-idre-fjall\/\",\"name\":\"Coupe du monde ski de bosses : Perrine Laffont troisi\u00e8me \u00e0 Idre Fj\u00e4ll\",\"isPartOf\":{\"@id\":\"https:\/\/dicodusport.fr\/blog\/#website\"},\"primaryImageOfPage\":{\"@id\":\"https:\/\/dicodusport.fr\/blog\/coupe-du-monde-ski-de-bosses-perrine-laffont-troisieme-a-idre-fjall\/#primaryimage\"},\"image\":{\"@id\":\"https:\/\/dicodusport.fr\/blog\/coupe-du-monde-ski-de-bosses-perrine-laffont-troisieme-a-idre-fjall\/#primaryimage\"},\"thumbnailUrl\":\"https:\/\/dicodusport.fr\/blog\/wp-content\/uploads\/2022\/12\/Coupe-du-monde-ski-de-bosses-Perrine-Laffont-troisieme-a-Idre-Fjall.png\",\"datePublished\":\"2022-12-10T13:51:59+00:00\",\"dateModified\":\"2022-12-10T14:27:54+00:00\",\"description\":\"COUPE DU MONDE DE SKI DE BOSSES - Deuxi\u00e8me \u00e0 Ruka (Finlande) le week-end dernier, Perrine Laffont a pris la troisi\u00e8me place \u00e0 Idre Fj\u00e4ll.\",\"breadcrumb\":{\"@id\":\"https:\/\/dicodusport.fr\/blog\/coupe-du-monde-ski-de-bosses-perrine-laffont-troisieme-a-idre-fjall\/#breadcrumb\"},\"inLanguage\":\"fr-FR\",\"potentialAction\":[{\"@type\":\"ReadAction\",\"target\":[\"https:\/\/dicodusport.fr\/blog\/coupe-du-monde-ski-de-bosses-perrine-laffont-troisieme-a-idre-fjall\/\"]}]},{\"@type\":\"ImageObject\",\"inLanguage\":\"fr-FR\",\"@id\":\"https:\/\/dicodusport.fr\/blog\/coupe-du-monde-ski-de-bosses-perrine-laffont-troisieme-a-idre-fjall\/#primaryimage\",\"url\":\"https:\/\/dicodusport.fr\/blog\/wp-content\/uploads\/2022\/12\/Coupe-du-monde-ski-de-bosses-Perrine-Laffont-troisieme-a-Idre-Fjall.png\",\"contentUrl\":\"https:\/\/dicodusport.fr\/blog\/wp-content\/uploads\/2022\/12\/Coupe-du-monde-ski-de-bosses-Perrine-Laffont-troisieme-a-Idre-Fjall.png\",\"width\":800,\"height\":445,\"caption\":\"Coupe du monde ski de bosses Perrine Laffont troisi\u00e8me \u00e0 Idre Fj\u00e4ll\"},{\"@type\":\"BreadcrumbList\",\"@id\":\"https:\/\/dicodusport.fr\/blog\/coupe-du-monde-ski-de-bosses-perrine-laffont-troisieme-a-idre-fjall\/#breadcrumb\",\"itemListElement\":[{\"@type\":\"ListItem\",\"position\":1,\"name\":\"Accueil\",\"item\":\"https:\/\/dicodusport.fr\/blog\/\"},{\"@type\":\"ListItem\",\"position\":2,\"name\":\"Coupe du monde ski de bosses : Perrine Laffont troisi\u00e8me \u00e0 Idre Fj\u00e4ll\"}]},{\"@type\":\"WebSite\",\"@id\":\"https:\/\/dicodusport.fr\/blog\/#website\",\"url\":\"https:\/\/dicodusport.fr\/blog\/\",\"name\":\"Dicodusport\",\"description\":\"L&#039;encyclop\u00e9die de l&#039;actualit\u00e9 sportive\",\"publisher\":{\"@id\":\"https:\/\/dicodusport.fr\/blog\/#organization\"},\"potentialAction\":[{\"@type\":\"SearchAction\",\"target\":{\"@type\":\"EntryPoint\",\"urlTemplate\":\"https:\/\/dicodusport.fr\/blog\/?s={search_term_string}\"},\"query-input\":{\"@type\":\"PropertyValueSpecification\",\"valueRequired\":true,\"valueName\":\"search_term_string\"}}],\"inLanguage\":\"fr-FR\"},{\"@type\":\"NewsMediaOrganization\",\"@id\":\"https:\/\/dicodusport.fr\/blog\/#organization\",\"name\":\"Dicodusport\",\"url\":\"https:\/\/dicodusport.fr\/blog\/\",\"logo\":{\"@type\":\"ImageObject\",\"inLanguage\":\"fr-FR\",\"@id\":\"https:\/\/dicodusport.fr\/blog\/#\/schema\/logo\/image\/\",\"url\":\"https:\/\/dicodusport.fr\/blog\/wp-content\/uploads\/2020\/06\/cropped-LOGO-DICODUSPORT-2020-SANS-FOND-SANS-TEXTE.png\",\"contentUrl\":\"https:\/\/dicodusport.fr\/blog\/wp-content\/uploads\/2020\/06\/cropped-LOGO-DICODUSPORT-2020-SANS-FOND-SANS-TEXTE.png\",\"width\":512,\"height\":512,\"caption\":\"Dicodusport\"},\"image\":{\"@id\":\"https:\/\/dicodusport.fr\/blog\/#\/schema\/logo\/image\/\"},\"sameAs\":[\"https:\/\/www.facebook.com\/dicodusport\",\"https:\/\/x.com\/dicodusport\",\"https:\/\/www.instagram.com\/dicodusport\/\",\"https:\/\/www.youtube.com\/channel\/UC7V2KZ5sd3htJivAbA4ZG3w\"],\"description\":\"Dicodusport est l'encyclop\u00e9die de l'actualit\u00e9 sportive.\",\"email\":\"bonjour@dicodusport.fr\",\"legalName\":\"DICODUSPORT\",\"foundingDate\":\"2018-01-14\",\"vatID\":\"FR71834470973\",\"taxID\":\"83447097300043\",\"numberOfEmployees\":{\"@type\":\"QuantitativeValue\",\"minValue\":\"1\",\"maxValue\":\"10\"}},{\"@type\":\"Person\",\"@id\":\"https:\/\/dicodusport.fr\/blog\/#\/schema\/person\/cb02af4c173ce4a653b55e9baf388d4a\",\"name\":\"Flo Ostermann\",\"image\":{\"@type\":\"ImageObject\",\"inLanguage\":\"fr-FR\",\"@id\":\"https:\/\/dicodusport.fr\/blog\/#\/schema\/person\/image\/\",\"url\":\"https:\/\/dicodusport.fr\/blog\/wp-content\/uploads\/2021\/05\/Flo-Ostermann-150x150.jpg\",\"contentUrl\":\"https:\/\/dicodusport.fr\/blog\/wp-content\/uploads\/2021\/05\/Flo-Ostermann-150x150.jpg\",\"caption\":\"Flo Ostermann\"},\"description\":\"Journaliste\/R\u00e9dacteur depuis septembre 2015 - Mes premiers souvenirs dans le sport ? Les envol\u00e9es du Stade Toulousain et les duels Villeneuve-Schumacher et H\u00e4kkinen-Schumacher \u00e0 la fin des ann\u00e9es 90, la Coupe du monde de football en 1998, l\u2019exploit du XV de France face aux All Blacks en 1999, mais aussi Richard C\u0153ur de Lion qui vole sur les montagnes du Tour de France. Bien parti pour devenir professeur d\u2019EPS, les \u00e9v\u00e9nements de la vie (et la flemme d\u2019animer des s\u00e9ances de 3x500 m\u00e8tres toute ma vie) m\u2019ont conduit \u00e0 revoir mes plans. Me voil\u00e0 depuis fin 2017 sur Dicodusport, m\u00e9dia gr\u00e2ce (et pour) lequel je partage ma passion : le sport dans tous ses \u00e9tats. Le tout accompagn\u00e9 par les fous furieux et folles furieuses cit\u00e9s sur cette page !\",\"sameAs\":[\"https:\/\/www.facebook.com\/florent.ostermann\",\"https:\/\/x.com\/https:\/\/twitter.com\/FlOstermann\",\"admin\"],\"url\":\"https:\/\/dicodusport.fr\/blog\/author\/flo\/\"}]}<\/script>\n<!-- \/ Yoast SEO Premium plugin. -->","yoast_head_json":{"title":"Coupe du monde ski de bosses : Perrine Laffont troisi\u00e8me \u00e0 Idre Fj\u00e4ll","description":"COUPE DU MONDE DE SKI DE BOSSES - Deuxi\u00e8me \u00e0 Ruka (Finlande) le week-end dernier, Perrine Laffont a pris la troisi\u00e8me place \u00e0 Idre Fj\u00e4ll.","robots":{"index":"index","follow":"follow","max-snippet":"max-snippet:-1","max-image-preview":"max-image-preview:large","max-video-preview":"max-video-preview:-1"},"canonical":"https:\/\/dicodusport.fr\/blog\/coupe-du-monde-ski-de-bosses-perrine-laffont-troisieme-a-idre-fjall\/","og_locale":"fr_FR","og_type":"article","og_title":"Coupe du monde ski de bosses : Perrine Laffont troisi\u00e8me \u00e0 Idre Fj\u00e4ll","og_description":"COUPE DU MONDE DE SKI DE BOSSES - Deuxi\u00e8me \u00e0 Ruka (Finlande) le week-end dernier, Perrine Laffont a pris la troisi\u00e8me place \u00e0 Idre Fj\u00e4ll.","og_url":"https:\/\/dicodusport.fr\/blog\/coupe-du-monde-ski-de-bosses-perrine-laffont-troisieme-a-idre-fjall\/","og_site_name":"Dicodusport","article_publisher":"https:\/\/www.facebook.com\/dicodusport","article_author":"https:\/\/www.facebook.com\/florent.ostermann","article_published_time":"2022-12-10T13:51:59+00:00","article_modified_time":"2022-12-10T14:27:54+00:00","og_image":[{"width":800,"height":445,"url":"https:\/\/dicodusport.fr\/blog\/wp-content\/uploads\/2022\/12\/Coupe-du-monde-ski-de-bosses-Perrine-Laffont-troisieme-a-Idre-Fjall.png","type":"image\/png"}],"author":"Flo Ostermann","twitter_card":"summary_large_image","twitter_title":"Coupe du monde ski de bosses : Perrine Laffont troisi\u00e8me \u00e0 Idre Fj\u00e4ll","twitter_creator":"@https:\/\/twitter.com\/FlOstermann","twitter_site":"@dicodusport","schema":{"@context":"https:\/\/schema.org","@graph":[{"@type":"NewsArticle","@id":"https:\/\/dicodusport.fr\/blog\/coupe-du-monde-ski-de-bosses-perrine-laffont-troisieme-a-idre-fjall\/#article","isPartOf":{"@id":"https:\/\/dicodusport.fr\/blog\/coupe-du-monde-ski-de-bosses-perrine-laffont-troisieme-a-idre-fjall\/"},"author":{"name":"Flo Ostermann","@id":"https:\/\/dicodusport.fr\/blog\/#\/schema\/person\/cb02af4c173ce4a653b55e9baf388d4a"},"headline":"Coupe du monde ski de bosses : Perrine Laffont troisi\u00e8me \u00e0 Idre Fj\u00e4ll","datePublished":"2022-12-10T13:51:59+00:00","dateModified":"2022-12-10T14:27:54+00:00","mainEntityOfPage":{"@id":"https:\/\/dicodusport.fr\/blog\/coupe-du-monde-ski-de-bosses-perrine-laffont-troisieme-a-idre-fjall\/"},"wordCount":264,"commentCount":0,"publisher":{"@id":"https:\/\/dicodusport.fr\/blog\/#organization"},"image":{"@id":"https:\/\/dicodusport.fr\/blog\/coupe-du-monde-ski-de-bosses-perrine-laffont-troisieme-a-idre-fjall\/#primaryimage"},"thumbnailUrl":"https:\/\/dicodusport.fr\/blog\/wp-content\/uploads\/2022\/12\/Coupe-du-monde-ski-de-bosses-Perrine-Laffont-troisieme-a-Idre-Fjall.png","keywords":["Perrine Laffont","ski de bosses"],"articleSection":["Ski"],"inLanguage":"fr-FR","potentialAction":[{"@type":"CommentAction","name":"Comment","target":["https:\/\/dicodusport.fr\/blog\/coupe-du-monde-ski-de-bosses-perrine-laffont-troisieme-a-idre-fjall\/#respond"]}],"copyrightYear":"2022","copyrightHolder":{"@id":"https:\/\/dicodusport.fr\/blog\/#organization"}},{"@type":"WebPage","@id":"https:\/\/dicodusport.fr\/blog\/coupe-du-monde-ski-de-bosses-perrine-laffont-troisieme-a-idre-fjall\/","url":"https:\/\/dicodusport.fr\/blog\/coupe-du-monde-ski-de-bosses-perrine-laffont-troisieme-a-idre-fjall\/","name":"Coupe du monde ski de bosses : Perrine Laffont troisi\u00e8me \u00e0 Idre Fj\u00e4ll","isPartOf":{"@id":"https:\/\/dicodusport.fr\/blog\/#website"},"primaryImageOfPage":{"@id":"https:\/\/dicodusport.fr\/blog\/coupe-du-monde-ski-de-bosses-perrine-laffont-troisieme-a-idre-fjall\/#primaryimage"},"image":{"@id":"https:\/\/dicodusport.fr\/blog\/coupe-du-monde-ski-de-bosses-perrine-laffont-troisieme-a-idre-fjall\/#primaryimage"},"thumbnailUrl":"https:\/\/dicodusport.fr\/blog\/wp-content\/uploads\/2022\/12\/Coupe-du-monde-ski-de-bosses-Perrine-Laffont-troisieme-a-Idre-Fjall.png","datePublished":"2022-12-10T13:51:59+00:00","dateModified":"2022-12-10T14:27:54+00:00","description":"COUPE DU MONDE DE SKI DE BOSSES - Deuxi\u00e8me \u00e0 Ruka (Finlande) le week-end dernier, Perrine Laffont a pris la troisi\u00e8me place \u00e0 Idre Fj\u00e4ll.","breadcrumb":{"@id":"https:\/\/dicodusport.fr\/blog\/coupe-du-monde-ski-de-bosses-perrine-laffont-troisieme-a-idre-fjall\/#breadcrumb"},"inLanguage":"fr-FR","potentialAction":[{"@type":"ReadAction","target":["https:\/\/dicodusport.fr\/blog\/coupe-du-monde-ski-de-bosses-perrine-laffont-troisieme-a-idre-fjall\/"]}]},{"@type":"ImageObject","inLanguage":"fr-FR","@id":"https:\/\/dicodusport.fr\/blog\/coupe-du-monde-ski-de-bosses-perrine-laffont-troisieme-a-idre-fjall\/#primaryimage","url":"https:\/\/dicodusport.fr\/blog\/wp-content\/uploads\/2022\/12\/Coupe-du-monde-ski-de-bosses-Perrine-Laffont-troisieme-a-Idre-Fjall.png","contentUrl":"https:\/\/dicodusport.fr\/blog\/wp-content\/uploads\/2022\/12\/Coupe-du-monde-ski-de-bosses-Perrine-Laffont-troisieme-a-Idre-Fjall.png","width":800,"height":445,"caption":"Coupe du monde ski de bosses Perrine Laffont troisi\u00e8me \u00e0 Idre Fj\u00e4ll"},{"@type":"BreadcrumbList","@id":"https:\/\/dicodusport.fr\/blog\/coupe-du-monde-ski-de-bosses-perrine-laffont-troisieme-a-idre-fjall\/#breadcrumb","itemListElement":[{"@type":"ListItem","position":1,"name":"Accueil","item":"https:\/\/dicodusport.fr\/blog\/"},{"@type":"ListItem","position":2,"name":"Coupe du monde ski de bosses : Perrine Laffont troisi\u00e8me \u00e0 Idre Fj\u00e4ll"}]},{"@type":"WebSite","@id":"https:\/\/dicodusport.fr\/blog\/#website","url":"https:\/\/dicodusport.fr\/blog\/","name":"Dicodusport","description":"L&#039;encyclop\u00e9die de l&#039;actualit\u00e9 sportive","publisher":{"@id":"https:\/\/dicodusport.fr\/blog\/#organization"},"potentialAction":[{"@type":"SearchAction","target":{"@type":"EntryPoint","urlTemplate":"https:\/\/dicodusport.fr\/blog\/?s={search_term_string}"},"query-input":{"@type":"PropertyValueSpecification","valueRequired":true,"valueName":"search_term_string"}}],"inLanguage":"fr-FR"},{"@type":"NewsMediaOrganization","@id":"https:\/\/dicodusport.fr\/blog\/#organization","name":"Dicodusport","url":"https:\/\/dicodusport.fr\/blog\/","logo":{"@type":"ImageObject","inLanguage":"fr-FR","@id":"https:\/\/dicodusport.fr\/blog\/#\/schema\/logo\/image\/","url":"https:\/\/dicodusport.fr\/blog\/wp-content\/uploads\/2020\/06\/cropped-LOGO-DICODUSPORT-2020-SANS-FOND-SANS-TEXTE.png","contentUrl":"https:\/\/dicodusport.fr\/blog\/wp-content\/uploads\/2020\/06\/cropped-LOGO-DICODUSPORT-2020-SANS-FOND-SANS-TEXTE.png","width":512,"height":512,"caption":"Dicodusport"},"image":{"@id":"https:\/\/dicodusport.fr\/blog\/#\/schema\/logo\/image\/"},"sameAs":["https:\/\/www.facebook.com\/dicodusport","https:\/\/x.com\/dicodusport","https:\/\/www.instagram.com\/dicodusport\/","https:\/\/www.youtube.com\/channel\/UC7V2KZ5sd3htJivAbA4ZG3w"],"description":"Dicodusport est l'encyclop\u00e9die de l'actualit\u00e9 sportive.","email":"bonjour@dicodusport.fr","legalName":"DICODUSPORT","foundingDate":"2018-01-14","vatID":"FR71834470973","taxID":"83447097300043","numberOfEmployees":{"@type":"QuantitativeValue","minValue":"1","maxValue":"10"}},{"@type":"Person","@id":"https:\/\/dicodusport.fr\/blog\/#\/schema\/person\/cb02af4c173ce4a653b55e9baf388d4a","name":"Flo Ostermann","image":{"@type":"ImageObject","inLanguage":"fr-FR","@id":"https:\/\/dicodusport.fr\/blog\/#\/schema\/person\/image\/","url":"https:\/\/dicodusport.fr\/blog\/wp-content\/uploads\/2021\/05\/Flo-Ostermann-150x150.jpg","contentUrl":"https:\/\/dicodusport.fr\/blog\/wp-content\/uploads\/2021\/05\/Flo-Ostermann-150x150.jpg","caption":"Flo Ostermann"},"description":"Journaliste\/R\u00e9dacteur depuis septembre 2015 - Mes premiers souvenirs dans le sport ? Les envol\u00e9es du Stade Toulousain et les duels Villeneuve-Schumacher et H\u00e4kkinen-Schumacher \u00e0 la fin des ann\u00e9es 90, la Coupe du monde de football en 1998, l\u2019exploit du XV de France face aux All Blacks en 1999, mais aussi Richard C\u0153ur de Lion qui vole sur les montagnes du Tour de France. Bien parti pour devenir professeur d\u2019EPS, les \u00e9v\u00e9nements de la vie (et la flemme d\u2019animer des s\u00e9ances de 3x500 m\u00e8tres toute ma vie) m\u2019ont conduit \u00e0 revoir mes plans. Me voil\u00e0 depuis fin 2017 sur Dicodusport, m\u00e9dia gr\u00e2ce (et pour) lequel je partage ma passion : le sport dans tous ses \u00e9tats. Le tout accompagn\u00e9 par les fous furieux et folles furieuses cit\u00e9s sur cette page !","sameAs":["https:\/\/www.facebook.com\/florent.ostermann","https:\/\/x.com\/https:\/\/twitter.com\/FlOstermann","admin"],"url":"https:\/\/dicodusport.fr\/blog\/author\/flo\/"}]}},"_links":{"self":[{"href":"https:\/\/dicodusport.fr\/blog\/wp-json\/wp\/v2\/posts\/287034","targetHints":{"allow":["GET"]}}],"collection":[{"href":"https:\/\/dicodusport.fr\/blog\/wp-json\/wp\/v2\/posts"}],"about":[{"href":"https:\/\/dicodusport.fr\/blog\/wp-json\/wp\/v2\/types\/post"}],"author":[{"embeddable":true,"href":"https:\/\/dicodusport.fr\/blog\/wp-json\/wp\/v2\/users\/4"}],"replies":[{"embeddable":true,"href":"https:\/\/dicodusport.fr\/blog\/wp-json\/wp\/v2\/comments?post=287034"}],"version-history":[{"count":0,"href":"https:\/\/dicodusport.fr\/blog\/wp-json\/wp\/v2\/posts\/287034\/revisions"}],"wp:featuredmedia":[{"embeddable":true,"href":"https:\/\/dicodusport.fr\/blog\/wp-json\/wp\/v2\/media\/287044"}],"wp:attachment":[{"href":"https:\/\/dicodusport.fr\/blog\/wp-json\/wp\/v2\/media?parent=287034"}],"wp:term":[{"taxonomy":"category","embeddable":true,"href":"https:\/\/dicodusport.fr\/blog\/wp-json\/wp\/v2\/categories?post=287034"},{"taxonomy":"post_tag","embeddable":true,"href":"https:\/\/dicodusport.fr\/blog\/wp-json\/wp\/v2\/tags?post=287034"}],"curies":[{"name":"wp","href":"https:\/\/api.w.org\/{rel}","templated":true}]}}