{"id":287457,"date":"2022-12-12T08:30:28","date_gmt":"2022-12-12T07:30:28","guid":{"rendered":"https:\/\/dicodusport.fr\/blog\/?p=287457&#038;preview=true&#038;preview_id=287457"},"modified":"2022-12-12T09:44:50","modified_gmt":"2022-12-12T08:44:50","slug":"mercato-noa-nakaitaci-va-quitter-le-lou-pour-un-autre-club-de-top-14","status":"publish","type":"post","link":"https:\/\/dicodusport.fr\/blog\/mercato-noa-nakaitaci-va-quitter-le-lou-pour-un-autre-club-de-top-14\/","title":{"rendered":"Mercato : Noa Nakaitaci va quitter le LOU pour un autre club de Top 14"},"content":{"rendered":"<p align=\"justify\"><em><strong>TOP 14 2022-2023 &#8211; Selon le Midi Olympique, Noa Nakaitaci devrait quitter le LOU \u00e0 la fin de la saison pour rejoindre Bayonne.\u00a0<\/strong><\/em><\/p>\n<p align=\"justify\">Apr\u00e8s <strong>Josua<\/strong> <strong>Tuisova<\/strong>, Lyon va perdre un autre trois-quarts en fin de saison. <strong>Noa<\/strong> <strong>Nakaitaci<\/strong> arrive en fin de contrat et devrait se diriger vers l&rsquo;<strong>Aviron<\/strong> <strong>Bayonnais<\/strong>. Arriv\u00e9 en 2018, il est tr\u00e8s peu utilis\u00e9 par <strong>Xavier<\/strong> <strong>Garbajosa<\/strong> cette saison, et le <strong>LOU<\/strong> ne comptait apparemment pas lui proposer de prolongation. <strong>Brive<\/strong> aurait aim\u00e9 le recruter pour la fin de saison, et un pr\u00eat n&rsquo;est pas exclu pour quelques mois. Mais pour la saison prochaine, l&rsquo;ancien ailier de l&rsquo;<strong>ASM Clermont<\/strong> et du <strong>XV<\/strong> <strong>de<\/strong> <strong>France<\/strong> devrait poser ses valises au <strong>Pays<\/strong> <strong>Basque<\/strong>. Un nouveau gros coup pour l&rsquo;<strong>Aviron<\/strong> <strong>Bayonnais,<\/strong> apr\u00e8s <a href=\"https:\/\/dicodusport.fr\/blog\/mercato-arthur-iturria-quitte-clermont-pour-une-destination-inattendue\/\"><strong>Arthur<\/strong> <strong>Iturria<\/strong><\/a> notamment.<\/p>\n<blockquote class=\"twitter-tweet\">\n<p dir=\"ltr\" lang=\"fr\">Clermont temp\u00eate en Une de Midi Olympique !<\/p>\n<p>Le journal est d\u00e9j\u00e0 dispo ici &gt; <a href=\"https:\/\/t.co\/fwthVg357c\">https:\/\/t.co\/fwthVg357c<\/a> <a href=\"https:\/\/t.co\/2YpOJ5fVpP\">pic.twitter.com\/2YpOJ5fVpP<\/a><\/p>\n<p>\u2014 Midi Olympique (@midi_olympique) <a href=\"https:\/\/twitter.com\/midi_olympique\/status\/1602028285369937920?ref_src=twsrc%5Etfw\">December 11, 2022<\/a><\/p><\/blockquote>\n<p><script async src=\"https:\/\/platform.twitter.com\/widgets.js\" charset=\"utf-8\"><\/script><\/p>\n","protected":false},"excerpt":{"rendered":"<p>TOP 14 2022-2023 &#8211; Selon le Midi Olympique, Noa Nakaitaci devrait quitter le LOU \u00e0 la fin de la saison pour rejoindre Bayonne.\u00a0<\/p>\n","protected":false},"author":1,"featured_media":287458,"comment_status":"open","ping_status":"closed","sticky":false,"template":"","format":"standard","meta":{"_acf_changed":false,"_daextam_enable_autolinks":"","footnotes":""},"categories":[9129,47050],"tags":[8158,2812,28454],"class_list":["post-287457","post","type-post","status-publish","format-standard","has-post-thumbnail","hentry","category-rugby-a-xv","category-top-14","tag-aviron-bayonnais","tag-lou","tag-noa-nakaitaci"],"acf":[],"yoast_head":"<!-- This site is optimized with the Yoast SEO Premium plugin v26.7 (Yoast SEO v26.7) - https:\/\/yoast.com\/wordpress\/plugins\/seo\/ -->\n<title>Mercato : Noa Nakaitaci va quitter le LOU pour un autre club de Top 14<\/title>\n<meta name=\"description\" content=\"TOP 14 2022-2023 - Selon le Midi Olympique, Noa Nakaitaci devrait quitter le LOU \u00e0 la fin de la saison pour rejoindre Bayonne.\u00a0\" \/>\n<meta name=\"robots\" content=\"index, follow, max-snippet:-1, max-image-preview:large, max-video-preview:-1\" \/>\n<link rel=\"canonical\" href=\"https:\/\/dicodusport.fr\/blog\/mercato-noa-nakaitaci-va-quitter-le-lou-pour-un-autre-club-de-top-14\/\" \/>\n<meta property=\"og:locale\" content=\"fr_FR\" \/>\n<meta property=\"og:type\" content=\"article\" \/>\n<meta property=\"og:title\" content=\"Mercato : Noa Nakaitaci va quitter le LOU pour un autre club de Top 14\" \/>\n<meta property=\"og:description\" content=\"TOP 14 2022-2023 - Selon le Midi Olympique, Noa Nakaitaci devrait quitter le LOU \u00e0 la fin de la saison pour rejoindre Bayonne.\u00a0\" \/>\n<meta property=\"og:url\" content=\"https:\/\/dicodusport.fr\/blog\/mercato-noa-nakaitaci-va-quitter-le-lou-pour-un-autre-club-de-top-14\/\" \/>\n<meta property=\"og:site_name\" content=\"Dicodusport\" \/>\n<meta property=\"article:publisher\" content=\"https:\/\/www.facebook.com\/dicodusport\" \/>\n<meta property=\"article:author\" content=\"https:\/\/www.facebook.com\/dicodusport\" \/>\n<meta property=\"article:published_time\" content=\"2022-12-12T07:30:28+00:00\" \/>\n<meta property=\"article:modified_time\" content=\"2022-12-12T08:44:50+00:00\" \/>\n<meta property=\"og:image\" content=\"https:\/\/dicodusport.fr\/blog\/wp-content\/uploads\/2022\/12\/Mercato-Noa-Nakaitaci-va-quitter-le-LOU-pour-un-autre-club-de-Top-14.png\" \/>\n\t<meta property=\"og:image:width\" content=\"800\" \/>\n\t<meta property=\"og:image:height\" content=\"445\" \/>\n\t<meta property=\"og:image:type\" content=\"image\/png\" \/>\n<meta name=\"author\" content=\"Nicolas Jacquemard\" \/>\n<meta name=\"twitter:card\" content=\"summary_large_image\" \/>\n<meta name=\"twitter:title\" content=\"Mercato : Noa Nakaitaci va quitter le LOU pour un autre club de Top 14\" \/>\n<meta name=\"twitter:creator\" content=\"@https:\/\/twitter.com\/Nico_Jacquemard\" \/>\n<meta name=\"twitter:site\" content=\"@dicodusport\" \/>\n<script type=\"application\/ld+json\" class=\"yoast-schema-graph\">{\"@context\":\"https:\/\/schema.org\",\"@graph\":[{\"@type\":\"NewsArticle\",\"@id\":\"https:\/\/dicodusport.fr\/blog\/mercato-noa-nakaitaci-va-quitter-le-lou-pour-un-autre-club-de-top-14\/#article\",\"isPartOf\":{\"@id\":\"https:\/\/dicodusport.fr\/blog\/mercato-noa-nakaitaci-va-quitter-le-lou-pour-un-autre-club-de-top-14\/\"},\"author\":{\"name\":\"Nicolas Jacquemard\",\"@id\":\"https:\/\/dicodusport.fr\/blog\/#\/schema\/person\/55dcb50ad410894e431ed812bbb70191\"},\"headline\":\"Mercato : Noa Nakaitaci va quitter le LOU pour un autre club de Top 14\",\"datePublished\":\"2022-12-12T07:30:28+00:00\",\"dateModified\":\"2022-12-12T08:44:50+00:00\",\"mainEntityOfPage\":{\"@id\":\"https:\/\/dicodusport.fr\/blog\/mercato-noa-nakaitaci-va-quitter-le-lou-pour-un-autre-club-de-top-14\/\"},\"wordCount\":176,\"commentCount\":0,\"publisher\":{\"@id\":\"https:\/\/dicodusport.fr\/blog\/#organization\"},\"image\":{\"@id\":\"https:\/\/dicodusport.fr\/blog\/mercato-noa-nakaitaci-va-quitter-le-lou-pour-un-autre-club-de-top-14\/#primaryimage\"},\"thumbnailUrl\":\"https:\/\/dicodusport.fr\/blog\/wp-content\/uploads\/2022\/12\/Mercato-Noa-Nakaitaci-va-quitter-le-LOU-pour-un-autre-club-de-Top-14.png\",\"keywords\":[\"Aviron Bayonnais\",\"LOU\",\"Noa Nakaitaci\"],\"articleSection\":[\"Rugby \u00e0 XV\",\"Top 14\"],\"inLanguage\":\"fr-FR\",\"potentialAction\":[{\"@type\":\"CommentAction\",\"name\":\"Comment\",\"target\":[\"https:\/\/dicodusport.fr\/blog\/mercato-noa-nakaitaci-va-quitter-le-lou-pour-un-autre-club-de-top-14\/#respond\"]}],\"copyrightYear\":\"2022\",\"copyrightHolder\":{\"@id\":\"https:\/\/dicodusport.fr\/blog\/#organization\"}},{\"@type\":\"WebPage\",\"@id\":\"https:\/\/dicodusport.fr\/blog\/mercato-noa-nakaitaci-va-quitter-le-lou-pour-un-autre-club-de-top-14\/\",\"url\":\"https:\/\/dicodusport.fr\/blog\/mercato-noa-nakaitaci-va-quitter-le-lou-pour-un-autre-club-de-top-14\/\",\"name\":\"Mercato : Noa Nakaitaci va quitter le LOU pour un autre club de Top 14\",\"isPartOf\":{\"@id\":\"https:\/\/dicodusport.fr\/blog\/#website\"},\"primaryImageOfPage\":{\"@id\":\"https:\/\/dicodusport.fr\/blog\/mercato-noa-nakaitaci-va-quitter-le-lou-pour-un-autre-club-de-top-14\/#primaryimage\"},\"image\":{\"@id\":\"https:\/\/dicodusport.fr\/blog\/mercato-noa-nakaitaci-va-quitter-le-lou-pour-un-autre-club-de-top-14\/#primaryimage\"},\"thumbnailUrl\":\"https:\/\/dicodusport.fr\/blog\/wp-content\/uploads\/2022\/12\/Mercato-Noa-Nakaitaci-va-quitter-le-LOU-pour-un-autre-club-de-Top-14.png\",\"datePublished\":\"2022-12-12T07:30:28+00:00\",\"dateModified\":\"2022-12-12T08:44:50+00:00\",\"description\":\"TOP 14 2022-2023 - Selon le Midi Olympique, Noa Nakaitaci devrait quitter le LOU \u00e0 la fin de la saison pour rejoindre Bayonne.\u00a0\",\"breadcrumb\":{\"@id\":\"https:\/\/dicodusport.fr\/blog\/mercato-noa-nakaitaci-va-quitter-le-lou-pour-un-autre-club-de-top-14\/#breadcrumb\"},\"inLanguage\":\"fr-FR\",\"potentialAction\":[{\"@type\":\"ReadAction\",\"target\":[\"https:\/\/dicodusport.fr\/blog\/mercato-noa-nakaitaci-va-quitter-le-lou-pour-un-autre-club-de-top-14\/\"]}]},{\"@type\":\"ImageObject\",\"inLanguage\":\"fr-FR\",\"@id\":\"https:\/\/dicodusport.fr\/blog\/mercato-noa-nakaitaci-va-quitter-le-lou-pour-un-autre-club-de-top-14\/#primaryimage\",\"url\":\"https:\/\/dicodusport.fr\/blog\/wp-content\/uploads\/2022\/12\/Mercato-Noa-Nakaitaci-va-quitter-le-LOU-pour-un-autre-club-de-Top-14.png\",\"contentUrl\":\"https:\/\/dicodusport.fr\/blog\/wp-content\/uploads\/2022\/12\/Mercato-Noa-Nakaitaci-va-quitter-le-LOU-pour-un-autre-club-de-Top-14.png\",\"width\":800,\"height\":445},{\"@type\":\"BreadcrumbList\",\"@id\":\"https:\/\/dicodusport.fr\/blog\/mercato-noa-nakaitaci-va-quitter-le-lou-pour-un-autre-club-de-top-14\/#breadcrumb\",\"itemListElement\":[{\"@type\":\"ListItem\",\"position\":1,\"name\":\"Accueil\",\"item\":\"https:\/\/dicodusport.fr\/blog\/\"},{\"@type\":\"ListItem\",\"position\":2,\"name\":\"Mercato : Noa Nakaitaci va quitter le LOU pour un autre club de Top 14\"}]},{\"@type\":\"WebSite\",\"@id\":\"https:\/\/dicodusport.fr\/blog\/#website\",\"url\":\"https:\/\/dicodusport.fr\/blog\/\",\"name\":\"Dicodusport\",\"description\":\"L&#039;encyclop\u00e9die de l&#039;actualit\u00e9 sportive\",\"publisher\":{\"@id\":\"https:\/\/dicodusport.fr\/blog\/#organization\"},\"potentialAction\":[{\"@type\":\"SearchAction\",\"target\":{\"@type\":\"EntryPoint\",\"urlTemplate\":\"https:\/\/dicodusport.fr\/blog\/?s={search_term_string}\"},\"query-input\":{\"@type\":\"PropertyValueSpecification\",\"valueRequired\":true,\"valueName\":\"search_term_string\"}}],\"inLanguage\":\"fr-FR\"},{\"@type\":\"NewsMediaOrganization\",\"@id\":\"https:\/\/dicodusport.fr\/blog\/#organization\",\"name\":\"Dicodusport\",\"url\":\"https:\/\/dicodusport.fr\/blog\/\",\"logo\":{\"@type\":\"ImageObject\",\"inLanguage\":\"fr-FR\",\"@id\":\"https:\/\/dicodusport.fr\/blog\/#\/schema\/logo\/image\/\",\"url\":\"https:\/\/dicodusport.fr\/blog\/wp-content\/uploads\/2020\/06\/cropped-LOGO-DICODUSPORT-2020-SANS-FOND-SANS-TEXTE.png\",\"contentUrl\":\"https:\/\/dicodusport.fr\/blog\/wp-content\/uploads\/2020\/06\/cropped-LOGO-DICODUSPORT-2020-SANS-FOND-SANS-TEXTE.png\",\"width\":512,\"height\":512,\"caption\":\"Dicodusport\"},\"image\":{\"@id\":\"https:\/\/dicodusport.fr\/blog\/#\/schema\/logo\/image\/\"},\"sameAs\":[\"https:\/\/www.facebook.com\/dicodusport\",\"https:\/\/x.com\/dicodusport\",\"https:\/\/www.instagram.com\/dicodusport\/\",\"https:\/\/www.youtube.com\/channel\/UC7V2KZ5sd3htJivAbA4ZG3w\"],\"description\":\"Dicodusport est l'encyclop\u00e9die de l'actualit\u00e9 sportive.\",\"email\":\"bonjour@dicodusport.fr\",\"legalName\":\"DICODUSPORT\",\"foundingDate\":\"2018-01-14\",\"vatID\":\"FR71834470973\",\"taxID\":\"83447097300043\",\"numberOfEmployees\":{\"@type\":\"QuantitativeValue\",\"minValue\":\"1\",\"maxValue\":\"10\"}},{\"@type\":\"Person\",\"@id\":\"https:\/\/dicodusport.fr\/blog\/#\/schema\/person\/55dcb50ad410894e431ed812bbb70191\",\"name\":\"Nicolas Jacquemard\",\"image\":{\"@type\":\"ImageObject\",\"inLanguage\":\"fr-FR\",\"@id\":\"https:\/\/dicodusport.fr\/blog\/#\/schema\/person\/image\/\",\"url\":\"https:\/\/dicodusport.fr\/blog\/wp-content\/uploads\/2021\/05\/Nicolas-Jacquemard-150x150.jpeg\",\"contentUrl\":\"https:\/\/dicodusport.fr\/blog\/wp-content\/uploads\/2021\/05\/Nicolas-Jacquemard-150x150.jpeg\",\"caption\":\"Nicolas Jacquemard\"},\"description\":\"Passionn\u00e9 de sport et entrepreneur depuis mes 18 ans, la cr\u00e9ation de Dicodusport m'a sembl\u00e9 \u00e9vidente pour participer \u00e0 la m\u00e9diatisation d'un plus grand nombre de sports. Le chemin est long mais avec une \u00e9quipe des plus motiv\u00e9es et les Jeux Olympiques de Paris 2024 en point de mire, nous y arriverons ! Journaliste dans le monde du sport depuis plus de 5 ans, je traite aussi bien de football, de rugby, de biathlon que de cyclisme.\",\"sameAs\":[\"https:\/\/www.facebook.com\/dicodusport\",\"https:\/\/x.com\/https:\/\/twitter.com\/Nico_Jacquemard\"],\"url\":\"https:\/\/dicodusport.fr\/blog\/author\/dicodusport\/\"}]}<\/script>\n<!-- \/ Yoast SEO Premium plugin. -->","yoast_head_json":{"title":"Mercato : Noa Nakaitaci va quitter le LOU pour un autre club de Top 14","description":"TOP 14 2022-2023 - Selon le Midi Olympique, Noa Nakaitaci devrait quitter le LOU \u00e0 la fin de la saison pour rejoindre Bayonne.\u00a0","robots":{"index":"index","follow":"follow","max-snippet":"max-snippet:-1","max-image-preview":"max-image-preview:large","max-video-preview":"max-video-preview:-1"},"canonical":"https:\/\/dicodusport.fr\/blog\/mercato-noa-nakaitaci-va-quitter-le-lou-pour-un-autre-club-de-top-14\/","og_locale":"fr_FR","og_type":"article","og_title":"Mercato : Noa Nakaitaci va quitter le LOU pour un autre club de Top 14","og_description":"TOP 14 2022-2023 - Selon le Midi Olympique, Noa Nakaitaci devrait quitter le LOU \u00e0 la fin de la saison pour rejoindre Bayonne.\u00a0","og_url":"https:\/\/dicodusport.fr\/blog\/mercato-noa-nakaitaci-va-quitter-le-lou-pour-un-autre-club-de-top-14\/","og_site_name":"Dicodusport","article_publisher":"https:\/\/www.facebook.com\/dicodusport","article_author":"https:\/\/www.facebook.com\/dicodusport","article_published_time":"2022-12-12T07:30:28+00:00","article_modified_time":"2022-12-12T08:44:50+00:00","og_image":[{"width":800,"height":445,"url":"https:\/\/dicodusport.fr\/blog\/wp-content\/uploads\/2022\/12\/Mercato-Noa-Nakaitaci-va-quitter-le-LOU-pour-un-autre-club-de-Top-14.png","type":"image\/png"}],"author":"Nicolas Jacquemard","twitter_card":"summary_large_image","twitter_title":"Mercato : Noa Nakaitaci va quitter le LOU pour un autre club de Top 14","twitter_creator":"@https:\/\/twitter.com\/Nico_Jacquemard","twitter_site":"@dicodusport","schema":{"@context":"https:\/\/schema.org","@graph":[{"@type":"NewsArticle","@id":"https:\/\/dicodusport.fr\/blog\/mercato-noa-nakaitaci-va-quitter-le-lou-pour-un-autre-club-de-top-14\/#article","isPartOf":{"@id":"https:\/\/dicodusport.fr\/blog\/mercato-noa-nakaitaci-va-quitter-le-lou-pour-un-autre-club-de-top-14\/"},"author":{"name":"Nicolas Jacquemard","@id":"https:\/\/dicodusport.fr\/blog\/#\/schema\/person\/55dcb50ad410894e431ed812bbb70191"},"headline":"Mercato : Noa Nakaitaci va quitter le LOU pour un autre club de Top 14","datePublished":"2022-12-12T07:30:28+00:00","dateModified":"2022-12-12T08:44:50+00:00","mainEntityOfPage":{"@id":"https:\/\/dicodusport.fr\/blog\/mercato-noa-nakaitaci-va-quitter-le-lou-pour-un-autre-club-de-top-14\/"},"wordCount":176,"commentCount":0,"publisher":{"@id":"https:\/\/dicodusport.fr\/blog\/#organization"},"image":{"@id":"https:\/\/dicodusport.fr\/blog\/mercato-noa-nakaitaci-va-quitter-le-lou-pour-un-autre-club-de-top-14\/#primaryimage"},"thumbnailUrl":"https:\/\/dicodusport.fr\/blog\/wp-content\/uploads\/2022\/12\/Mercato-Noa-Nakaitaci-va-quitter-le-LOU-pour-un-autre-club-de-Top-14.png","keywords":["Aviron Bayonnais","LOU","Noa Nakaitaci"],"articleSection":["Rugby \u00e0 XV","Top 14"],"inLanguage":"fr-FR","potentialAction":[{"@type":"CommentAction","name":"Comment","target":["https:\/\/dicodusport.fr\/blog\/mercato-noa-nakaitaci-va-quitter-le-lou-pour-un-autre-club-de-top-14\/#respond"]}],"copyrightYear":"2022","copyrightHolder":{"@id":"https:\/\/dicodusport.fr\/blog\/#organization"}},{"@type":"WebPage","@id":"https:\/\/dicodusport.fr\/blog\/mercato-noa-nakaitaci-va-quitter-le-lou-pour-un-autre-club-de-top-14\/","url":"https:\/\/dicodusport.fr\/blog\/mercato-noa-nakaitaci-va-quitter-le-lou-pour-un-autre-club-de-top-14\/","name":"Mercato : Noa Nakaitaci va quitter le LOU pour un autre club de Top 14","isPartOf":{"@id":"https:\/\/dicodusport.fr\/blog\/#website"},"primaryImageOfPage":{"@id":"https:\/\/dicodusport.fr\/blog\/mercato-noa-nakaitaci-va-quitter-le-lou-pour-un-autre-club-de-top-14\/#primaryimage"},"image":{"@id":"https:\/\/dicodusport.fr\/blog\/mercato-noa-nakaitaci-va-quitter-le-lou-pour-un-autre-club-de-top-14\/#primaryimage"},"thumbnailUrl":"https:\/\/dicodusport.fr\/blog\/wp-content\/uploads\/2022\/12\/Mercato-Noa-Nakaitaci-va-quitter-le-LOU-pour-un-autre-club-de-Top-14.png","datePublished":"2022-12-12T07:30:28+00:00","dateModified":"2022-12-12T08:44:50+00:00","description":"TOP 14 2022-2023 - Selon le Midi Olympique, Noa Nakaitaci devrait quitter le LOU \u00e0 la fin de la saison pour rejoindre Bayonne.\u00a0","breadcrumb":{"@id":"https:\/\/dicodusport.fr\/blog\/mercato-noa-nakaitaci-va-quitter-le-lou-pour-un-autre-club-de-top-14\/#breadcrumb"},"inLanguage":"fr-FR","potentialAction":[{"@type":"ReadAction","target":["https:\/\/dicodusport.fr\/blog\/mercato-noa-nakaitaci-va-quitter-le-lou-pour-un-autre-club-de-top-14\/"]}]},{"@type":"ImageObject","inLanguage":"fr-FR","@id":"https:\/\/dicodusport.fr\/blog\/mercato-noa-nakaitaci-va-quitter-le-lou-pour-un-autre-club-de-top-14\/#primaryimage","url":"https:\/\/dicodusport.fr\/blog\/wp-content\/uploads\/2022\/12\/Mercato-Noa-Nakaitaci-va-quitter-le-LOU-pour-un-autre-club-de-Top-14.png","contentUrl":"https:\/\/dicodusport.fr\/blog\/wp-content\/uploads\/2022\/12\/Mercato-Noa-Nakaitaci-va-quitter-le-LOU-pour-un-autre-club-de-Top-14.png","width":800,"height":445},{"@type":"BreadcrumbList","@id":"https:\/\/dicodusport.fr\/blog\/mercato-noa-nakaitaci-va-quitter-le-lou-pour-un-autre-club-de-top-14\/#breadcrumb","itemListElement":[{"@type":"ListItem","position":1,"name":"Accueil","item":"https:\/\/dicodusport.fr\/blog\/"},{"@type":"ListItem","position":2,"name":"Mercato : Noa Nakaitaci va quitter le LOU pour un autre club de Top 14"}]},{"@type":"WebSite","@id":"https:\/\/dicodusport.fr\/blog\/#website","url":"https:\/\/dicodusport.fr\/blog\/","name":"Dicodusport","description":"L&#039;encyclop\u00e9die de l&#039;actualit\u00e9 sportive","publisher":{"@id":"https:\/\/dicodusport.fr\/blog\/#organization"},"potentialAction":[{"@type":"SearchAction","target":{"@type":"EntryPoint","urlTemplate":"https:\/\/dicodusport.fr\/blog\/?s={search_term_string}"},"query-input":{"@type":"PropertyValueSpecification","valueRequired":true,"valueName":"search_term_string"}}],"inLanguage":"fr-FR"},{"@type":"NewsMediaOrganization","@id":"https:\/\/dicodusport.fr\/blog\/#organization","name":"Dicodusport","url":"https:\/\/dicodusport.fr\/blog\/","logo":{"@type":"ImageObject","inLanguage":"fr-FR","@id":"https:\/\/dicodusport.fr\/blog\/#\/schema\/logo\/image\/","url":"https:\/\/dicodusport.fr\/blog\/wp-content\/uploads\/2020\/06\/cropped-LOGO-DICODUSPORT-2020-SANS-FOND-SANS-TEXTE.png","contentUrl":"https:\/\/dicodusport.fr\/blog\/wp-content\/uploads\/2020\/06\/cropped-LOGO-DICODUSPORT-2020-SANS-FOND-SANS-TEXTE.png","width":512,"height":512,"caption":"Dicodusport"},"image":{"@id":"https:\/\/dicodusport.fr\/blog\/#\/schema\/logo\/image\/"},"sameAs":["https:\/\/www.facebook.com\/dicodusport","https:\/\/x.com\/dicodusport","https:\/\/www.instagram.com\/dicodusport\/","https:\/\/www.youtube.com\/channel\/UC7V2KZ5sd3htJivAbA4ZG3w"],"description":"Dicodusport est l'encyclop\u00e9die de l'actualit\u00e9 sportive.","email":"bonjour@dicodusport.fr","legalName":"DICODUSPORT","foundingDate":"2018-01-14","vatID":"FR71834470973","taxID":"83447097300043","numberOfEmployees":{"@type":"QuantitativeValue","minValue":"1","maxValue":"10"}},{"@type":"Person","@id":"https:\/\/dicodusport.fr\/blog\/#\/schema\/person\/55dcb50ad410894e431ed812bbb70191","name":"Nicolas Jacquemard","image":{"@type":"ImageObject","inLanguage":"fr-FR","@id":"https:\/\/dicodusport.fr\/blog\/#\/schema\/person\/image\/","url":"https:\/\/dicodusport.fr\/blog\/wp-content\/uploads\/2021\/05\/Nicolas-Jacquemard-150x150.jpeg","contentUrl":"https:\/\/dicodusport.fr\/blog\/wp-content\/uploads\/2021\/05\/Nicolas-Jacquemard-150x150.jpeg","caption":"Nicolas Jacquemard"},"description":"Passionn\u00e9 de sport et entrepreneur depuis mes 18 ans, la cr\u00e9ation de Dicodusport m'a sembl\u00e9 \u00e9vidente pour participer \u00e0 la m\u00e9diatisation d'un plus grand nombre de sports. Le chemin est long mais avec une \u00e9quipe des plus motiv\u00e9es et les Jeux Olympiques de Paris 2024 en point de mire, nous y arriverons ! Journaliste dans le monde du sport depuis plus de 5 ans, je traite aussi bien de football, de rugby, de biathlon que de cyclisme.","sameAs":["https:\/\/www.facebook.com\/dicodusport","https:\/\/x.com\/https:\/\/twitter.com\/Nico_Jacquemard"],"url":"https:\/\/dicodusport.fr\/blog\/author\/dicodusport\/"}]}},"_links":{"self":[{"href":"https:\/\/dicodusport.fr\/blog\/wp-json\/wp\/v2\/posts\/287457","targetHints":{"allow":["GET"]}}],"collection":[{"href":"https:\/\/dicodusport.fr\/blog\/wp-json\/wp\/v2\/posts"}],"about":[{"href":"https:\/\/dicodusport.fr\/blog\/wp-json\/wp\/v2\/types\/post"}],"author":[{"embeddable":true,"href":"https:\/\/dicodusport.fr\/blog\/wp-json\/wp\/v2\/users\/1"}],"replies":[{"embeddable":true,"href":"https:\/\/dicodusport.fr\/blog\/wp-json\/wp\/v2\/comments?post=287457"}],"version-history":[{"count":0,"href":"https:\/\/dicodusport.fr\/blog\/wp-json\/wp\/v2\/posts\/287457\/revisions"}],"wp:featuredmedia":[{"embeddable":true,"href":"https:\/\/dicodusport.fr\/blog\/wp-json\/wp\/v2\/media\/287458"}],"wp:attachment":[{"href":"https:\/\/dicodusport.fr\/blog\/wp-json\/wp\/v2\/media?parent=287457"}],"wp:term":[{"taxonomy":"category","embeddable":true,"href":"https:\/\/dicodusport.fr\/blog\/wp-json\/wp\/v2\/categories?post=287457"},{"taxonomy":"post_tag","embeddable":true,"href":"https:\/\/dicodusport.fr\/blog\/wp-json\/wp\/v2\/tags?post=287457"}],"curies":[{"name":"wp","href":"https:\/\/api.w.org\/{rel}","templated":true}]}}