{"id":287508,"date":"2022-12-12T10:54:27","date_gmt":"2022-12-12T09:54:27","guid":{"rendered":"https:\/\/dicodusport.fr\/blog\/?p=287508&#038;preview=true&#038;preview_id=287508"},"modified":"2022-12-12T15:10:30","modified_gmt":"2022-12-12T14:10:30","slug":"mercato-arkea-samsic-confirme-la-signature-dun-ancien-de-la-bb-hotels","status":"publish","type":"post","link":"https:\/\/dicodusport.fr\/blog\/mercato-arkea-samsic-confirme-la-signature-dun-ancien-de-la-bb-hotels\/","title":{"rendered":"Mercato : Ark\u00e9a-Samsic confirme la signature d&rsquo;un ancien de la B&#038;B Hotels"},"content":{"rendered":"<p style=\"text-align: justify;\" align=\"justify\"><em><strong>CYCLISME SUR ROUTE 2023 &#8211; La Team Ark\u00e9a-Samsic a annonc\u00e9 la signature du sprinteur italien Luca Mozzato.\u00a0<\/strong><\/em><\/p>\n<p style=\"text-align: justify;\" align=\"justify\">M\u00eame s&rsquo;il a \u00e9t\u00e9 en contact avec des formations \u00e9trang\u00e8res comme la Trek-Segafredo, <strong>Luca<\/strong> <strong>Mozzato<\/strong> s&rsquo;est engag\u00e9 avec la formation fran\u00e7aise Ark\u00e9a-Samsic pour 2023. Le sprinteur italien de 24 ans \u00e9tait un des coureurs de la <strong>B&amp;B Hotels<\/strong> qui attirait le plus de convoitises depuis l&rsquo;annonce de <a href=\"https:\/\/dicodusport.fr\/blog\/cyclisme-sur-route-bb-hotels-va-disparaitre\/\">l&rsquo;arr\u00eat de l&rsquo;\u00e9quipe manag\u00e9e par J\u00e9r\u00f4me Pineau<\/a>. Au moment de s&rsquo;engager avec <strong>Ark\u00e9a-Samsic<\/strong>, <strong>Luca<\/strong> <strong>Mozzato<\/strong> s&rsquo;est expliqu\u00e9.<\/p>\n<blockquote>\n<p style=\"text-align: justify;\" align=\"justify\">Signer chez Ark\u00e9a-Samsic repr\u00e9sente une tr\u00e8s belle opportunit\u00e9 pour moi compte tenu de la situation dans laquelle je me trouvais ces derniers jours. Je suis de surcro\u00eet heureux de rester en France, de continuer \u00e0 porter les couleurs bretonnes au sein d\u2019une formation encore plus forte, et qui acc\u00e8dera en 2023 \u00e0 l\u2019UCI WorldTour. Ark\u00e9a-Samsic est une structure ancr\u00e9e depuis de nombreuses ann\u00e9e dans le peloton professionnel. Je me sens bien en France. Je parle la langue, les courses de votre calendrier national me plaisent. Je sens que je vais tr\u00e8s vite m\u2019int\u00e9grer. J\u2019ai comme tout coureur l\u2019objectif et l\u2019envie de gagner, et pour moi cela co\u00efnciderait \u00e0 d\u00e9bloquer mon compteur victoire chez les professionnels. Je peux bien \u00e9videmment me mettre aussi au service du collectif afin d\u2019aider les autres sprinteurs \u00e0 d\u00e9crocher des succ\u00e8s. J\u2019ai de l\u2019ambition \u00e0 titre individuel, mais le mot collectif compte \u00e9galement pour moi. Je tiendrai le r\u00f4le que les directeurs sportifs me donneront.<\/p>\n<\/blockquote>\n<p style=\"text-align: justify;\" align=\"justify\">L&rsquo;Italien a termin\u00e9 tr\u00e8s fort la saison, avec six top 10 sur ses sept derni\u00e8res courses, dont la troisi\u00e8me place sur le <strong>Tour<\/strong> <strong>de<\/strong> <strong>Vend\u00e9e<\/strong> ou encore une quatri\u00e8me place sur le <strong>Grand<\/strong> <strong>Prix d&rsquo;Isbergues<\/strong>.<\/p>\n<blockquote class=\"twitter-tweet\">\n<p dir=\"ltr\" lang=\"fr\">&#x270d;&#xfe0f;<\/p>\n<p>&#xfe0f;\u00ab Je suis heureux de rester en France, de continuer \u00e0 porter les couleurs bretonnes au sein d\u2019une formation encore plus forte \u00bb<\/p>\n<p><a href=\"https:\/\/t.co\/biVD6qZGre\">https:\/\/t.co\/biVD6qZGre<\/a> <a href=\"https:\/\/t.co\/CX1WhXSm44\">pic.twitter.com\/CX1WhXSm44<\/a><\/p>\n<p>\u2014 Team Ark\u00e9a Samsic (@Arkea_Samsic) <a href=\"https:\/\/twitter.com\/Arkea_Samsic\/status\/1602234156603301888?ref_src=twsrc%5Etfw\">December 12, 2022<\/a><\/p><\/blockquote>\n<p style=\"text-align: justify;\"><script async src=\"https:\/\/platform.twitter.com\/widgets.js\" charset=\"utf-8\"><\/script><\/p>\n","protected":false},"excerpt":{"rendered":"<p>CYCLISME SUR ROUTE 2023 &#8211; La Team Ark\u00e9a-Samsic a annonc\u00e9 la signature du sprinteur italien Luca Mozzato.\u00a0<\/p>\n","protected":false},"author":1,"featured_media":279036,"comment_status":"open","ping_status":"closed","sticky":false,"template":"","format":"standard","meta":{"_acf_changed":false,"_daextam_enable_autolinks":"","footnotes":""},"categories":[46994],"tags":[7045,27946],"class_list":["post-287508","post","type-post","status-publish","format-standard","has-post-thumbnail","hentry","category-cyclisme-sur-route","tag-arkea-samsic","tag-luca-mozzato"],"acf":[],"yoast_head":"<!-- This site is optimized with the Yoast SEO Premium plugin v26.7 (Yoast SEO v26.7) - https:\/\/yoast.com\/wordpress\/plugins\/seo\/ -->\n<title>Mercato : Ark\u00e9a-Samsic confirme la signature d&#039;un ancien de la B&amp;B Hotels<\/title>\n<meta name=\"description\" content=\"CYCLISME SUR ROUTE 2023 - La Team Ark\u00e9a-Samsic a annonc\u00e9 ce lundi la signature du sprinteur italien Luca Mozzato.\u00a0\" \/>\n<meta name=\"robots\" content=\"index, follow, max-snippet:-1, max-image-preview:large, max-video-preview:-1\" \/>\n<link rel=\"canonical\" href=\"https:\/\/dicodusport.fr\/blog\/mercato-arkea-samsic-confirme-la-signature-dun-ancien-de-la-bb-hotels\/\" \/>\n<meta property=\"og:locale\" content=\"fr_FR\" \/>\n<meta property=\"og:type\" content=\"article\" \/>\n<meta property=\"og:title\" content=\"Mercato : Ark\u00e9a-Samsic confirme la signature d&#039;un ancien de la B&amp;B Hotels\" \/>\n<meta property=\"og:description\" content=\"CYCLISME SUR ROUTE 2023 - La Team Ark\u00e9a-Samsic a annonc\u00e9 ce lundi la signature du sprinteur italien Luca Mozzato.\u00a0\" \/>\n<meta property=\"og:url\" content=\"https:\/\/dicodusport.fr\/blog\/mercato-arkea-samsic-confirme-la-signature-dun-ancien-de-la-bb-hotels\/\" \/>\n<meta property=\"og:site_name\" content=\"Dicodusport\" \/>\n<meta property=\"article:publisher\" content=\"https:\/\/www.facebook.com\/dicodusport\" \/>\n<meta property=\"article:author\" content=\"https:\/\/www.facebook.com\/dicodusport\" \/>\n<meta property=\"article:published_time\" content=\"2022-12-12T09:54:27+00:00\" \/>\n<meta property=\"article:modified_time\" content=\"2022-12-12T14:10:30+00:00\" \/>\n<meta property=\"og:image\" content=\"https:\/\/dicodusport.fr\/blog\/wp-content\/uploads\/2022\/11\/Luca-Mozzato-BB-Hotels-Dans-le-pire-des-cas-lequipe-continue-comme-elle-est-maintenant-.png\" \/>\n\t<meta property=\"og:image:width\" content=\"800\" \/>\n\t<meta property=\"og:image:height\" content=\"445\" \/>\n\t<meta property=\"og:image:type\" content=\"image\/png\" \/>\n<meta name=\"author\" content=\"Nicolas Jacquemard\" \/>\n<meta name=\"twitter:card\" content=\"summary_large_image\" \/>\n<meta name=\"twitter:title\" content=\"Mercato : Ark\u00e9a-Samsic confirme la signature d&#039;un ancien de la B&amp;B Hotels\" \/>\n<meta name=\"twitter:creator\" content=\"@https:\/\/twitter.com\/Nico_Jacquemard\" \/>\n<meta name=\"twitter:site\" content=\"@dicodusport\" \/>\n<script type=\"application\/ld+json\" class=\"yoast-schema-graph\">{\"@context\":\"https:\/\/schema.org\",\"@graph\":[{\"@type\":\"NewsArticle\",\"@id\":\"https:\/\/dicodusport.fr\/blog\/mercato-arkea-samsic-confirme-la-signature-dun-ancien-de-la-bb-hotels\/#article\",\"isPartOf\":{\"@id\":\"https:\/\/dicodusport.fr\/blog\/mercato-arkea-samsic-confirme-la-signature-dun-ancien-de-la-bb-hotels\/\"},\"author\":{\"name\":\"Nicolas Jacquemard\",\"@id\":\"https:\/\/dicodusport.fr\/blog\/#\/schema\/person\/55dcb50ad410894e431ed812bbb70191\"},\"headline\":\"Mercato : Ark\u00e9a-Samsic confirme la signature d&rsquo;un ancien de la B&#038;B Hotels\",\"datePublished\":\"2022-12-12T09:54:27+00:00\",\"dateModified\":\"2022-12-12T14:10:30+00:00\",\"mainEntityOfPage\":{\"@id\":\"https:\/\/dicodusport.fr\/blog\/mercato-arkea-samsic-confirme-la-signature-dun-ancien-de-la-bb-hotels\/\"},\"wordCount\":373,\"commentCount\":0,\"publisher\":{\"@id\":\"https:\/\/dicodusport.fr\/blog\/#organization\"},\"image\":{\"@id\":\"https:\/\/dicodusport.fr\/blog\/mercato-arkea-samsic-confirme-la-signature-dun-ancien-de-la-bb-hotels\/#primaryimage\"},\"thumbnailUrl\":\"https:\/\/dicodusport.fr\/blog\/wp-content\/uploads\/2022\/11\/Luca-Mozzato-BB-Hotels-Dans-le-pire-des-cas-lequipe-continue-comme-elle-est-maintenant-.png\",\"keywords\":[\"Arkea-Samsic\",\"Luca Mozzato\"],\"articleSection\":[\"Cyclisme sur route\"],\"inLanguage\":\"fr-FR\",\"potentialAction\":[{\"@type\":\"CommentAction\",\"name\":\"Comment\",\"target\":[\"https:\/\/dicodusport.fr\/blog\/mercato-arkea-samsic-confirme-la-signature-dun-ancien-de-la-bb-hotels\/#respond\"]}],\"copyrightYear\":\"2022\",\"copyrightHolder\":{\"@id\":\"https:\/\/dicodusport.fr\/blog\/#organization\"}},{\"@type\":\"WebPage\",\"@id\":\"https:\/\/dicodusport.fr\/blog\/mercato-arkea-samsic-confirme-la-signature-dun-ancien-de-la-bb-hotels\/\",\"url\":\"https:\/\/dicodusport.fr\/blog\/mercato-arkea-samsic-confirme-la-signature-dun-ancien-de-la-bb-hotels\/\",\"name\":\"Mercato : Ark\u00e9a-Samsic confirme la signature d'un ancien de la B&B Hotels\",\"isPartOf\":{\"@id\":\"https:\/\/dicodusport.fr\/blog\/#website\"},\"primaryImageOfPage\":{\"@id\":\"https:\/\/dicodusport.fr\/blog\/mercato-arkea-samsic-confirme-la-signature-dun-ancien-de-la-bb-hotels\/#primaryimage\"},\"image\":{\"@id\":\"https:\/\/dicodusport.fr\/blog\/mercato-arkea-samsic-confirme-la-signature-dun-ancien-de-la-bb-hotels\/#primaryimage\"},\"thumbnailUrl\":\"https:\/\/dicodusport.fr\/blog\/wp-content\/uploads\/2022\/11\/Luca-Mozzato-BB-Hotels-Dans-le-pire-des-cas-lequipe-continue-comme-elle-est-maintenant-.png\",\"datePublished\":\"2022-12-12T09:54:27+00:00\",\"dateModified\":\"2022-12-12T14:10:30+00:00\",\"description\":\"CYCLISME SUR ROUTE 2023 - La Team Ark\u00e9a-Samsic a annonc\u00e9 ce lundi la signature du sprinteur italien Luca Mozzato.\u00a0\",\"breadcrumb\":{\"@id\":\"https:\/\/dicodusport.fr\/blog\/mercato-arkea-samsic-confirme-la-signature-dun-ancien-de-la-bb-hotels\/#breadcrumb\"},\"inLanguage\":\"fr-FR\",\"potentialAction\":[{\"@type\":\"ReadAction\",\"target\":[\"https:\/\/dicodusport.fr\/blog\/mercato-arkea-samsic-confirme-la-signature-dun-ancien-de-la-bb-hotels\/\"]}]},{\"@type\":\"ImageObject\",\"inLanguage\":\"fr-FR\",\"@id\":\"https:\/\/dicodusport.fr\/blog\/mercato-arkea-samsic-confirme-la-signature-dun-ancien-de-la-bb-hotels\/#primaryimage\",\"url\":\"https:\/\/dicodusport.fr\/blog\/wp-content\/uploads\/2022\/11\/Luca-Mozzato-BB-Hotels-Dans-le-pire-des-cas-lequipe-continue-comme-elle-est-maintenant-.png\",\"contentUrl\":\"https:\/\/dicodusport.fr\/blog\/wp-content\/uploads\/2022\/11\/Luca-Mozzato-BB-Hotels-Dans-le-pire-des-cas-lequipe-continue-comme-elle-est-maintenant-.png\",\"width\":800,\"height\":445,\"caption\":\"Luca Mozzato (B&B Hotels) \u00ab Dans le pire des cas, l'\u00e9quipe continue comme elle est maintenant \u00bb\"},{\"@type\":\"BreadcrumbList\",\"@id\":\"https:\/\/dicodusport.fr\/blog\/mercato-arkea-samsic-confirme-la-signature-dun-ancien-de-la-bb-hotels\/#breadcrumb\",\"itemListElement\":[{\"@type\":\"ListItem\",\"position\":1,\"name\":\"Accueil\",\"item\":\"https:\/\/dicodusport.fr\/blog\/\"},{\"@type\":\"ListItem\",\"position\":2,\"name\":\"Mercato : Ark\u00e9a-Samsic confirme la signature d&rsquo;un ancien de la B&#038;B Hotels\"}]},{\"@type\":\"WebSite\",\"@id\":\"https:\/\/dicodusport.fr\/blog\/#website\",\"url\":\"https:\/\/dicodusport.fr\/blog\/\",\"name\":\"Dicodusport\",\"description\":\"L&#039;encyclop\u00e9die de l&#039;actualit\u00e9 sportive\",\"publisher\":{\"@id\":\"https:\/\/dicodusport.fr\/blog\/#organization\"},\"potentialAction\":[{\"@type\":\"SearchAction\",\"target\":{\"@type\":\"EntryPoint\",\"urlTemplate\":\"https:\/\/dicodusport.fr\/blog\/?s={search_term_string}\"},\"query-input\":{\"@type\":\"PropertyValueSpecification\",\"valueRequired\":true,\"valueName\":\"search_term_string\"}}],\"inLanguage\":\"fr-FR\"},{\"@type\":\"NewsMediaOrganization\",\"@id\":\"https:\/\/dicodusport.fr\/blog\/#organization\",\"name\":\"Dicodusport\",\"url\":\"https:\/\/dicodusport.fr\/blog\/\",\"logo\":{\"@type\":\"ImageObject\",\"inLanguage\":\"fr-FR\",\"@id\":\"https:\/\/dicodusport.fr\/blog\/#\/schema\/logo\/image\/\",\"url\":\"https:\/\/dicodusport.fr\/blog\/wp-content\/uploads\/2020\/06\/cropped-LOGO-DICODUSPORT-2020-SANS-FOND-SANS-TEXTE.png\",\"contentUrl\":\"https:\/\/dicodusport.fr\/blog\/wp-content\/uploads\/2020\/06\/cropped-LOGO-DICODUSPORT-2020-SANS-FOND-SANS-TEXTE.png\",\"width\":512,\"height\":512,\"caption\":\"Dicodusport\"},\"image\":{\"@id\":\"https:\/\/dicodusport.fr\/blog\/#\/schema\/logo\/image\/\"},\"sameAs\":[\"https:\/\/www.facebook.com\/dicodusport\",\"https:\/\/x.com\/dicodusport\",\"https:\/\/www.instagram.com\/dicodusport\/\",\"https:\/\/www.youtube.com\/channel\/UC7V2KZ5sd3htJivAbA4ZG3w\"],\"description\":\"Dicodusport est l'encyclop\u00e9die de l'actualit\u00e9 sportive.\",\"email\":\"bonjour@dicodusport.fr\",\"legalName\":\"DICODUSPORT\",\"foundingDate\":\"2018-01-14\",\"vatID\":\"FR71834470973\",\"taxID\":\"83447097300043\",\"numberOfEmployees\":{\"@type\":\"QuantitativeValue\",\"minValue\":\"1\",\"maxValue\":\"10\"}},{\"@type\":\"Person\",\"@id\":\"https:\/\/dicodusport.fr\/blog\/#\/schema\/person\/55dcb50ad410894e431ed812bbb70191\",\"name\":\"Nicolas Jacquemard\",\"image\":{\"@type\":\"ImageObject\",\"inLanguage\":\"fr-FR\",\"@id\":\"https:\/\/dicodusport.fr\/blog\/#\/schema\/person\/image\/\",\"url\":\"https:\/\/dicodusport.fr\/blog\/wp-content\/uploads\/2021\/05\/Nicolas-Jacquemard-150x150.jpeg\",\"contentUrl\":\"https:\/\/dicodusport.fr\/blog\/wp-content\/uploads\/2021\/05\/Nicolas-Jacquemard-150x150.jpeg\",\"caption\":\"Nicolas Jacquemard\"},\"description\":\"Passionn\u00e9 de sport et entrepreneur depuis mes 18 ans, la cr\u00e9ation de Dicodusport m'a sembl\u00e9 \u00e9vidente pour participer \u00e0 la m\u00e9diatisation d'un plus grand nombre de sports. Le chemin est long mais avec une \u00e9quipe des plus motiv\u00e9es et les Jeux Olympiques de Paris 2024 en point de mire, nous y arriverons ! Journaliste dans le monde du sport depuis plus de 5 ans, je traite aussi bien de football, de rugby, de biathlon que de cyclisme.\",\"sameAs\":[\"https:\/\/www.facebook.com\/dicodusport\",\"https:\/\/x.com\/https:\/\/twitter.com\/Nico_Jacquemard\"],\"url\":\"https:\/\/dicodusport.fr\/blog\/author\/dicodusport\/\"}]}<\/script>\n<!-- \/ Yoast SEO Premium plugin. -->","yoast_head_json":{"title":"Mercato : Ark\u00e9a-Samsic confirme la signature d'un ancien de la B&B Hotels","description":"CYCLISME SUR ROUTE 2023 - La Team Ark\u00e9a-Samsic a annonc\u00e9 ce lundi la signature du sprinteur italien Luca Mozzato.\u00a0","robots":{"index":"index","follow":"follow","max-snippet":"max-snippet:-1","max-image-preview":"max-image-preview:large","max-video-preview":"max-video-preview:-1"},"canonical":"https:\/\/dicodusport.fr\/blog\/mercato-arkea-samsic-confirme-la-signature-dun-ancien-de-la-bb-hotels\/","og_locale":"fr_FR","og_type":"article","og_title":"Mercato : Ark\u00e9a-Samsic confirme la signature d'un ancien de la B&B Hotels","og_description":"CYCLISME SUR ROUTE 2023 - La Team Ark\u00e9a-Samsic a annonc\u00e9 ce lundi la signature du sprinteur italien Luca Mozzato.\u00a0","og_url":"https:\/\/dicodusport.fr\/blog\/mercato-arkea-samsic-confirme-la-signature-dun-ancien-de-la-bb-hotels\/","og_site_name":"Dicodusport","article_publisher":"https:\/\/www.facebook.com\/dicodusport","article_author":"https:\/\/www.facebook.com\/dicodusport","article_published_time":"2022-12-12T09:54:27+00:00","article_modified_time":"2022-12-12T14:10:30+00:00","og_image":[{"width":800,"height":445,"url":"https:\/\/dicodusport.fr\/blog\/wp-content\/uploads\/2022\/11\/Luca-Mozzato-BB-Hotels-Dans-le-pire-des-cas-lequipe-continue-comme-elle-est-maintenant-.png","type":"image\/png"}],"author":"Nicolas Jacquemard","twitter_card":"summary_large_image","twitter_title":"Mercato : Ark\u00e9a-Samsic confirme la signature d'un ancien de la B&B Hotels","twitter_creator":"@https:\/\/twitter.com\/Nico_Jacquemard","twitter_site":"@dicodusport","schema":{"@context":"https:\/\/schema.org","@graph":[{"@type":"NewsArticle","@id":"https:\/\/dicodusport.fr\/blog\/mercato-arkea-samsic-confirme-la-signature-dun-ancien-de-la-bb-hotels\/#article","isPartOf":{"@id":"https:\/\/dicodusport.fr\/blog\/mercato-arkea-samsic-confirme-la-signature-dun-ancien-de-la-bb-hotels\/"},"author":{"name":"Nicolas Jacquemard","@id":"https:\/\/dicodusport.fr\/blog\/#\/schema\/person\/55dcb50ad410894e431ed812bbb70191"},"headline":"Mercato : Ark\u00e9a-Samsic confirme la signature d&rsquo;un ancien de la B&#038;B Hotels","datePublished":"2022-12-12T09:54:27+00:00","dateModified":"2022-12-12T14:10:30+00:00","mainEntityOfPage":{"@id":"https:\/\/dicodusport.fr\/blog\/mercato-arkea-samsic-confirme-la-signature-dun-ancien-de-la-bb-hotels\/"},"wordCount":373,"commentCount":0,"publisher":{"@id":"https:\/\/dicodusport.fr\/blog\/#organization"},"image":{"@id":"https:\/\/dicodusport.fr\/blog\/mercato-arkea-samsic-confirme-la-signature-dun-ancien-de-la-bb-hotels\/#primaryimage"},"thumbnailUrl":"https:\/\/dicodusport.fr\/blog\/wp-content\/uploads\/2022\/11\/Luca-Mozzato-BB-Hotels-Dans-le-pire-des-cas-lequipe-continue-comme-elle-est-maintenant-.png","keywords":["Arkea-Samsic","Luca Mozzato"],"articleSection":["Cyclisme sur route"],"inLanguage":"fr-FR","potentialAction":[{"@type":"CommentAction","name":"Comment","target":["https:\/\/dicodusport.fr\/blog\/mercato-arkea-samsic-confirme-la-signature-dun-ancien-de-la-bb-hotels\/#respond"]}],"copyrightYear":"2022","copyrightHolder":{"@id":"https:\/\/dicodusport.fr\/blog\/#organization"}},{"@type":"WebPage","@id":"https:\/\/dicodusport.fr\/blog\/mercato-arkea-samsic-confirme-la-signature-dun-ancien-de-la-bb-hotels\/","url":"https:\/\/dicodusport.fr\/blog\/mercato-arkea-samsic-confirme-la-signature-dun-ancien-de-la-bb-hotels\/","name":"Mercato : Ark\u00e9a-Samsic confirme la signature d'un ancien de la B&B Hotels","isPartOf":{"@id":"https:\/\/dicodusport.fr\/blog\/#website"},"primaryImageOfPage":{"@id":"https:\/\/dicodusport.fr\/blog\/mercato-arkea-samsic-confirme-la-signature-dun-ancien-de-la-bb-hotels\/#primaryimage"},"image":{"@id":"https:\/\/dicodusport.fr\/blog\/mercato-arkea-samsic-confirme-la-signature-dun-ancien-de-la-bb-hotels\/#primaryimage"},"thumbnailUrl":"https:\/\/dicodusport.fr\/blog\/wp-content\/uploads\/2022\/11\/Luca-Mozzato-BB-Hotels-Dans-le-pire-des-cas-lequipe-continue-comme-elle-est-maintenant-.png","datePublished":"2022-12-12T09:54:27+00:00","dateModified":"2022-12-12T14:10:30+00:00","description":"CYCLISME SUR ROUTE 2023 - La Team Ark\u00e9a-Samsic a annonc\u00e9 ce lundi la signature du sprinteur italien Luca Mozzato.\u00a0","breadcrumb":{"@id":"https:\/\/dicodusport.fr\/blog\/mercato-arkea-samsic-confirme-la-signature-dun-ancien-de-la-bb-hotels\/#breadcrumb"},"inLanguage":"fr-FR","potentialAction":[{"@type":"ReadAction","target":["https:\/\/dicodusport.fr\/blog\/mercato-arkea-samsic-confirme-la-signature-dun-ancien-de-la-bb-hotels\/"]}]},{"@type":"ImageObject","inLanguage":"fr-FR","@id":"https:\/\/dicodusport.fr\/blog\/mercato-arkea-samsic-confirme-la-signature-dun-ancien-de-la-bb-hotels\/#primaryimage","url":"https:\/\/dicodusport.fr\/blog\/wp-content\/uploads\/2022\/11\/Luca-Mozzato-BB-Hotels-Dans-le-pire-des-cas-lequipe-continue-comme-elle-est-maintenant-.png","contentUrl":"https:\/\/dicodusport.fr\/blog\/wp-content\/uploads\/2022\/11\/Luca-Mozzato-BB-Hotels-Dans-le-pire-des-cas-lequipe-continue-comme-elle-est-maintenant-.png","width":800,"height":445,"caption":"Luca Mozzato (B&B Hotels) \u00ab Dans le pire des cas, l'\u00e9quipe continue comme elle est maintenant \u00bb"},{"@type":"BreadcrumbList","@id":"https:\/\/dicodusport.fr\/blog\/mercato-arkea-samsic-confirme-la-signature-dun-ancien-de-la-bb-hotels\/#breadcrumb","itemListElement":[{"@type":"ListItem","position":1,"name":"Accueil","item":"https:\/\/dicodusport.fr\/blog\/"},{"@type":"ListItem","position":2,"name":"Mercato : Ark\u00e9a-Samsic confirme la signature d&rsquo;un ancien de la B&#038;B Hotels"}]},{"@type":"WebSite","@id":"https:\/\/dicodusport.fr\/blog\/#website","url":"https:\/\/dicodusport.fr\/blog\/","name":"Dicodusport","description":"L&#039;encyclop\u00e9die de l&#039;actualit\u00e9 sportive","publisher":{"@id":"https:\/\/dicodusport.fr\/blog\/#organization"},"potentialAction":[{"@type":"SearchAction","target":{"@type":"EntryPoint","urlTemplate":"https:\/\/dicodusport.fr\/blog\/?s={search_term_string}"},"query-input":{"@type":"PropertyValueSpecification","valueRequired":true,"valueName":"search_term_string"}}],"inLanguage":"fr-FR"},{"@type":"NewsMediaOrganization","@id":"https:\/\/dicodusport.fr\/blog\/#organization","name":"Dicodusport","url":"https:\/\/dicodusport.fr\/blog\/","logo":{"@type":"ImageObject","inLanguage":"fr-FR","@id":"https:\/\/dicodusport.fr\/blog\/#\/schema\/logo\/image\/","url":"https:\/\/dicodusport.fr\/blog\/wp-content\/uploads\/2020\/06\/cropped-LOGO-DICODUSPORT-2020-SANS-FOND-SANS-TEXTE.png","contentUrl":"https:\/\/dicodusport.fr\/blog\/wp-content\/uploads\/2020\/06\/cropped-LOGO-DICODUSPORT-2020-SANS-FOND-SANS-TEXTE.png","width":512,"height":512,"caption":"Dicodusport"},"image":{"@id":"https:\/\/dicodusport.fr\/blog\/#\/schema\/logo\/image\/"},"sameAs":["https:\/\/www.facebook.com\/dicodusport","https:\/\/x.com\/dicodusport","https:\/\/www.instagram.com\/dicodusport\/","https:\/\/www.youtube.com\/channel\/UC7V2KZ5sd3htJivAbA4ZG3w"],"description":"Dicodusport est l'encyclop\u00e9die de l'actualit\u00e9 sportive.","email":"bonjour@dicodusport.fr","legalName":"DICODUSPORT","foundingDate":"2018-01-14","vatID":"FR71834470973","taxID":"83447097300043","numberOfEmployees":{"@type":"QuantitativeValue","minValue":"1","maxValue":"10"}},{"@type":"Person","@id":"https:\/\/dicodusport.fr\/blog\/#\/schema\/person\/55dcb50ad410894e431ed812bbb70191","name":"Nicolas Jacquemard","image":{"@type":"ImageObject","inLanguage":"fr-FR","@id":"https:\/\/dicodusport.fr\/blog\/#\/schema\/person\/image\/","url":"https:\/\/dicodusport.fr\/blog\/wp-content\/uploads\/2021\/05\/Nicolas-Jacquemard-150x150.jpeg","contentUrl":"https:\/\/dicodusport.fr\/blog\/wp-content\/uploads\/2021\/05\/Nicolas-Jacquemard-150x150.jpeg","caption":"Nicolas Jacquemard"},"description":"Passionn\u00e9 de sport et entrepreneur depuis mes 18 ans, la cr\u00e9ation de Dicodusport m'a sembl\u00e9 \u00e9vidente pour participer \u00e0 la m\u00e9diatisation d'un plus grand nombre de sports. Le chemin est long mais avec une \u00e9quipe des plus motiv\u00e9es et les Jeux Olympiques de Paris 2024 en point de mire, nous y arriverons ! Journaliste dans le monde du sport depuis plus de 5 ans, je traite aussi bien de football, de rugby, de biathlon que de cyclisme.","sameAs":["https:\/\/www.facebook.com\/dicodusport","https:\/\/x.com\/https:\/\/twitter.com\/Nico_Jacquemard"],"url":"https:\/\/dicodusport.fr\/blog\/author\/dicodusport\/"}]}},"_links":{"self":[{"href":"https:\/\/dicodusport.fr\/blog\/wp-json\/wp\/v2\/posts\/287508","targetHints":{"allow":["GET"]}}],"collection":[{"href":"https:\/\/dicodusport.fr\/blog\/wp-json\/wp\/v2\/posts"}],"about":[{"href":"https:\/\/dicodusport.fr\/blog\/wp-json\/wp\/v2\/types\/post"}],"author":[{"embeddable":true,"href":"https:\/\/dicodusport.fr\/blog\/wp-json\/wp\/v2\/users\/1"}],"replies":[{"embeddable":true,"href":"https:\/\/dicodusport.fr\/blog\/wp-json\/wp\/v2\/comments?post=287508"}],"version-history":[{"count":0,"href":"https:\/\/dicodusport.fr\/blog\/wp-json\/wp\/v2\/posts\/287508\/revisions"}],"wp:featuredmedia":[{"embeddable":true,"href":"https:\/\/dicodusport.fr\/blog\/wp-json\/wp\/v2\/media\/279036"}],"wp:attachment":[{"href":"https:\/\/dicodusport.fr\/blog\/wp-json\/wp\/v2\/media?parent=287508"}],"wp:term":[{"taxonomy":"category","embeddable":true,"href":"https:\/\/dicodusport.fr\/blog\/wp-json\/wp\/v2\/categories?post=287508"},{"taxonomy":"post_tag","embeddable":true,"href":"https:\/\/dicodusport.fr\/blog\/wp-json\/wp\/v2\/tags?post=287508"}],"curies":[{"name":"wp","href":"https:\/\/api.w.org\/{rel}","templated":true}]}}