{"id":287755,"date":"2022-12-13T18:05:04","date_gmt":"2022-12-13T17:05:04","guid":{"rendered":"https:\/\/dicodusport.fr\/blog\/?p=287755&#038;preview=true&#038;preview_id=287755"},"modified":"2022-12-13T18:38:38","modified_gmt":"2022-12-13T17:38:38","slug":"ffr-la-ministre-des-sports-demande-le-depart-de-bernard-laporte","status":"publish","type":"post","link":"https:\/\/dicodusport.fr\/blog\/ffr-la-ministre-des-sports-demande-le-depart-de-bernard-laporte\/","title":{"rendered":"FFR : La Ministre des Sports demande le d\u00e9part de Bernard Laporte"},"content":{"rendered":"<p align=\"justify\"><em><a style=\"font-weight: bold;\" href=\"https:\/\/dicodusport.fr\/blog\/actualites\/rugby\/rugby-a-xv\/\">RUGBY \u00c0 XV<\/a><b> &#8211; Dans un communiqu\u00e9 publi\u00e9 ce mardi en fin de journ\u00e9e, la Ministre des Sports, Am\u00e9lie Oud\u00e9a-Cast\u00e9ra, a demand\u00e9 au pr\u00e9sident de la F\u00e9d\u00e9ration Fran\u00e7aise de Rugby, Bernard Laporte, de quitter ses fonctions. Ce dernier a \u00e9t\u00e9 reconnu coupable, ce mardi midi, de prise ill\u00e9gale d\u2019int\u00e9r\u00eats sur la signature au nom de la <strong>FFR<\/strong>\u00a0du contrat avec\u00a0<strong>AIA<\/strong>, mais aussi de d\u00e9lit de trafic d\u2019influence, de corruption passive pour les 4 interventions.<\/b><\/em><\/p>\n<p align=\"justify\">Le couperet est tomb\u00e9 ce mardi, aux alentours de 14 heures. <a href=\"https:\/\/dicodusport.fr\/blog\/bernard-laporte-et-mohed-altrad-reconnus-coupables\/\">Le Tribunal Correctionnel de Paris a reconnu coupable <strong>Bernard Laporte<\/strong><\/a> de prise ill\u00e9gale d\u2019int\u00e9r\u00eats, mais aussi de d\u00e9lit de trafic d&rsquo;influence et de corruption passive dans quatre dossiers : le vote pour le rachat du Gloucester (Premiership), le report du match entre le MHR et le Racing 92, le partenariat France 2023 et le sponsoring du maillot XV de France. Le juge a condamn\u00e9 l&rsquo;ancien s\u00e9lectionneur du XV de France \u00e0 <strong>deux ans de prison<\/strong>\u00a0<strong>avec sursis et 75 000 euros d\u2019amende.<\/strong><\/p>\n<p align=\"justify\">De plus, <strong>Bernard Laporte<\/strong> a \u00e9galement \u00e9cop\u00e9 d&rsquo;une interdiction formelle d\u2019exercer toute fonction dans le rugby durant 2 ans. Et c&rsquo;est sur ce point que la Ministre des Sports, <strong>Am\u00e9lie Oud\u00e9a-Cast\u00e9ra<\/strong>, a appuy\u00e9 ce mardi soir, via un communiqu\u00e9. Car en faisant appel, <strong>Bernard Laporte<\/strong> peut continuer \u00e0 exercer ses fonctions de pr\u00e9sident de la F\u00e9d\u00e9ration Fran\u00e7aise de Rugby, la peine n&rsquo;\u00e9tant pas ex\u00e9cutoire. Sauf que la Ministre ne l&rsquo;entend pas de cette oreille.<\/p>\n<h2 style=\"text-align: justify;\" align=\"justify\">Le d\u00e9part de Bernard Laporte demand\u00e9<\/h2>\n<p style=\"text-align: justify;\">En effet, via un communiqu\u00e9 publi\u00e9 par le <strong>Minist\u00e8re des Sports<\/strong> en personne, <strong>Am\u00e9lie Oud\u00e9a-Cast\u00e9ra<\/strong> n&rsquo;y va pas par quatre chemins. Cette derni\u00e8re <em>\u00ab consid\u00e8re que ce nouveau contexte fait obstacle \u00e0 ce que Bernard Laporte puisse, en l\u2019\u00e9tat, poursuivre sa mission dans de bonnes conditions \u00e0 la t\u00eate d\u2019une F\u00e9d\u00e9ration d\u00e9l\u00e9gataire d\u2019une mission de service public \u00bb<\/em>. Ainsi, la Ministre <em>\u00ab appelle \u00e0 ce qu\u2019un nouveau temps d\u00e9mocratique permette aussi rapidement que possible au rugby fran\u00e7ais de repartir sur des bases suffisamment saines et solides avec une gouvernance de la F\u00e9d\u00e9ration qui aura la pleine confiance des clubs et saura rassembler \u00bb<\/em>.<\/p>\n<p style=\"text-align: justify;\">Des mots forts donc, qui r\u00e9sonnent comme une volont\u00e9 assum\u00e9e de faire tomber le boss de la FFR. \u00c0 moins d&rsquo;un an de la Coupe du monde de rugby en France (8 septembre au 28 octobre 2023), <strong>Laporte<\/strong>, en poste depuis 2016, et r\u00e9\u00e9lu en 2020, pourrait \u00eatre le deuxi\u00e8me protagoniste, \u00e0 l&rsquo;origine de l&rsquo;obtention et de l&rsquo;organisation du Mondial 2023, \u00e0 chuter. Pour rappel, <strong>Claude Atcher<\/strong>, d\u00e9sormais ex-patron du Groupement d\u2019Int\u00e9r\u00eat Public (GIP) de France 2023, a \u00e9t\u00e9 mis \u00e0 pied par la Ministre des Sports fin ao\u00fbt pour <em>\u00ab harc\u00e8lement moral \u00bb<\/em>, <a href=\"https:\/\/dicodusport.fr\/blog\/claude-atcher-definitivement-ecarte-de-france-2023\/\">avant d&rsquo;\u00eatre d\u00e9finitivement \u00e9cart\u00e9 d\u00e9but octobre<\/a>. \u00c0 l&rsquo;\u00e9poque, <a href=\"https:\/\/www.leparisien.fr\/sports\/rugby\/mis-a-pied-de-claude-atcher-face-a-la-souffrance-des-salaries-la-ministre-des-sports-voulait-agir-tres-vite-30-08-2022-GOPNFFKGGFAFBHLXLD634CGRH4.php\" target=\"_blank\" rel=\"nofollow noopener\">la Ministre des Sports louait <em>\u00ab l\u2019\u00e9tat d\u2019esprit constructif \u00bb<\/em> de Bernard Laporte<\/a>, dans le processus menant \u00e0 la mise \u00e0 pied d&rsquo;Atcher, pourtant proche de l&rsquo;ancien manager du RC Toulon. Le retour du b\u00e2ton, en somme.<\/p>\n<blockquote class=\"twitter-tweet\">\n<p dir=\"ltr\" lang=\"fr\">\u00ab\u00a0La ministre appelle \u00e0 ce qu\u2019un nouveau temps d\u00e9mocratique permette aussi rapidement que possible au rugby fran\u00e7ais de repartir sur des bases suffisamment saines et solides avec une gouvernance de la F\u00e9d\u00e9ration qui aura la pleine confiance des clubs et saura rassembler\u00a0\u00bb <a href=\"https:\/\/twitter.com\/RMCsport?ref_src=twsrc%5Etfw\">@RMCsport<\/a> <a href=\"https:\/\/t.co\/KJHKmuoiBB\">https:\/\/t.co\/KJHKmuoiBB<\/a><\/p>\n<p>\u2014 JF Paturaud (@JFPaturaud) <a href=\"https:\/\/twitter.com\/JFPaturaud\/status\/1602708455206404098?ref_src=twsrc%5Etfw\">December 13, 2022<\/a><\/p><\/blockquote>\n<p><script async src=\"https:\/\/platform.twitter.com\/widgets.js\" charset=\"utf-8\"><\/script><\/p>\n","protected":false},"excerpt":{"rendered":"<p>RUGBY \u00c0 XV &#8211; Dans un communiqu\u00e9 publi\u00e9 ce mardi en fin de journ\u00e9e, la Ministre des Sports, Am\u00e9lie Oud\u00e9a-Cast\u00e9ra, a demand\u00e9 au pr\u00e9sident de la F\u00e9d\u00e9ration Fran\u00e7aise de Rugby, Bernard Laporte, de quitter ses fonctions. Ce dernier a \u00e9t\u00e9 reconnu coupable, ce mardi midi, \u00a0de prise ill\u00e9gale d\u2019int\u00e9r\u00eats sur la signature au nom de la\u00a0FFR\u00a0du contrat avec\u00a0AIA, mais aussi du d\u00e9lit de trafic d\u2019influence, de corruption passive pour les 4 interventions.<\/p>\n","protected":false},"author":4,"featured_media":287757,"comment_status":"open","ping_status":"closed","sticky":false,"template":"","format":"standard","meta":{"_acf_changed":false,"_daextam_enable_autolinks":"","footnotes":""},"categories":[9129],"tags":[2293,10289,1253,13],"class_list":["post-287755","post","type-post","status-publish","format-standard","has-post-thumbnail","hentry","category-rugby-a-xv","tag-bernard-laporte","tag-federation-francaise-de-rugby","tag-ffr","tag-rugby"],"acf":[],"yoast_head":"<!-- This site is optimized with the Yoast SEO Premium plugin v26.7 (Yoast SEO v26.7) - https:\/\/yoast.com\/wordpress\/plugins\/seo\/ -->\n<title>FFR : La Ministre des Sports demande le d\u00e9part de Bernard Laporte<\/title>\n<meta name=\"description\" content=\"RUGBY \u00c0 XV - Dans un communiqu\u00e9 publi\u00e9 ce mardi, la Ministre des Sports, Am\u00e9lie Oud\u00e9a-Cast\u00e9ra, a demand\u00e9 Bernard Laporte de quitter la FFR.\" \/>\n<meta name=\"robots\" content=\"index, follow, max-snippet:-1, max-image-preview:large, max-video-preview:-1\" \/>\n<link rel=\"canonical\" href=\"https:\/\/dicodusport.fr\/blog\/ffr-la-ministre-des-sports-demande-le-depart-de-bernard-laporte\/\" \/>\n<meta property=\"og:locale\" content=\"fr_FR\" \/>\n<meta property=\"og:type\" content=\"article\" \/>\n<meta property=\"og:title\" content=\"FFR : La Ministre des Sports demande le d\u00e9part de Bernard Laporte\" \/>\n<meta property=\"og:description\" content=\"RUGBY \u00c0 XV - Dans un communiqu\u00e9 publi\u00e9 ce mardi, la Ministre des Sports, Am\u00e9lie Oud\u00e9a-Cast\u00e9ra, a demand\u00e9 Bernard Laporte de quitter la FFR.\" \/>\n<meta property=\"og:url\" content=\"https:\/\/dicodusport.fr\/blog\/ffr-la-ministre-des-sports-demande-le-depart-de-bernard-laporte\/\" \/>\n<meta property=\"og:site_name\" content=\"Dicodusport\" \/>\n<meta property=\"article:publisher\" content=\"https:\/\/www.facebook.com\/dicodusport\" \/>\n<meta property=\"article:author\" content=\"https:\/\/www.facebook.com\/florent.ostermann\" \/>\n<meta property=\"article:published_time\" content=\"2022-12-13T17:05:04+00:00\" \/>\n<meta property=\"article:modified_time\" content=\"2022-12-13T17:38:38+00:00\" \/>\n<meta property=\"og:image\" content=\"https:\/\/dicodusport.fr\/blog\/wp-content\/uploads\/2022\/12\/FFR-La-Ministre-des-Sports-demande-le-depart-de-Bernard-Laporte.png\" \/>\n\t<meta property=\"og:image:width\" content=\"800\" \/>\n\t<meta property=\"og:image:height\" content=\"445\" \/>\n\t<meta property=\"og:image:type\" content=\"image\/png\" \/>\n<meta name=\"author\" content=\"Flo Ostermann\" \/>\n<meta name=\"twitter:card\" content=\"summary_large_image\" \/>\n<meta name=\"twitter:title\" content=\"FFR : La Ministre des Sports demande le d\u00e9part de Bernard Laporte\" \/>\n<meta name=\"twitter:creator\" content=\"@https:\/\/twitter.com\/FlOstermann\" \/>\n<meta name=\"twitter:site\" content=\"@dicodusport\" \/>\n<script type=\"application\/ld+json\" class=\"yoast-schema-graph\">{\"@context\":\"https:\/\/schema.org\",\"@graph\":[{\"@type\":\"NewsArticle\",\"@id\":\"https:\/\/dicodusport.fr\/blog\/ffr-la-ministre-des-sports-demande-le-depart-de-bernard-laporte\/#article\",\"isPartOf\":{\"@id\":\"https:\/\/dicodusport.fr\/blog\/ffr-la-ministre-des-sports-demande-le-depart-de-bernard-laporte\/\"},\"author\":{\"name\":\"Flo Ostermann\",\"@id\":\"https:\/\/dicodusport.fr\/blog\/#\/schema\/person\/cb02af4c173ce4a653b55e9baf388d4a\"},\"headline\":\"FFR : La Ministre des Sports demande le d\u00e9part de Bernard Laporte\",\"datePublished\":\"2022-12-13T17:05:04+00:00\",\"dateModified\":\"2022-12-13T17:38:38+00:00\",\"mainEntityOfPage\":{\"@id\":\"https:\/\/dicodusport.fr\/blog\/ffr-la-ministre-des-sports-demande-le-depart-de-bernard-laporte\/\"},\"wordCount\":601,\"commentCount\":0,\"publisher\":{\"@id\":\"https:\/\/dicodusport.fr\/blog\/#organization\"},\"image\":{\"@id\":\"https:\/\/dicodusport.fr\/blog\/ffr-la-ministre-des-sports-demande-le-depart-de-bernard-laporte\/#primaryimage\"},\"thumbnailUrl\":\"https:\/\/dicodusport.fr\/blog\/wp-content\/uploads\/2022\/12\/FFR-La-Ministre-des-Sports-demande-le-depart-de-Bernard-Laporte.png\",\"keywords\":[\"Bernard Laporte\",\"F\u00e9d\u00e9ration Fran\u00e7aise de Rugby\",\"FFR\",\"Rugby\"],\"articleSection\":[\"Rugby \u00e0 XV\"],\"inLanguage\":\"fr-FR\",\"potentialAction\":[{\"@type\":\"CommentAction\",\"name\":\"Comment\",\"target\":[\"https:\/\/dicodusport.fr\/blog\/ffr-la-ministre-des-sports-demande-le-depart-de-bernard-laporte\/#respond\"]}],\"copyrightYear\":\"2022\",\"copyrightHolder\":{\"@id\":\"https:\/\/dicodusport.fr\/blog\/#organization\"}},{\"@type\":\"WebPage\",\"@id\":\"https:\/\/dicodusport.fr\/blog\/ffr-la-ministre-des-sports-demande-le-depart-de-bernard-laporte\/\",\"url\":\"https:\/\/dicodusport.fr\/blog\/ffr-la-ministre-des-sports-demande-le-depart-de-bernard-laporte\/\",\"name\":\"FFR : La Ministre des Sports demande le d\u00e9part de Bernard Laporte\",\"isPartOf\":{\"@id\":\"https:\/\/dicodusport.fr\/blog\/#website\"},\"primaryImageOfPage\":{\"@id\":\"https:\/\/dicodusport.fr\/blog\/ffr-la-ministre-des-sports-demande-le-depart-de-bernard-laporte\/#primaryimage\"},\"image\":{\"@id\":\"https:\/\/dicodusport.fr\/blog\/ffr-la-ministre-des-sports-demande-le-depart-de-bernard-laporte\/#primaryimage\"},\"thumbnailUrl\":\"https:\/\/dicodusport.fr\/blog\/wp-content\/uploads\/2022\/12\/FFR-La-Ministre-des-Sports-demande-le-depart-de-Bernard-Laporte.png\",\"datePublished\":\"2022-12-13T17:05:04+00:00\",\"dateModified\":\"2022-12-13T17:38:38+00:00\",\"description\":\"RUGBY \u00c0 XV - Dans un communiqu\u00e9 publi\u00e9 ce mardi, la Ministre des Sports, Am\u00e9lie Oud\u00e9a-Cast\u00e9ra, a demand\u00e9 Bernard Laporte de quitter la FFR.\",\"breadcrumb\":{\"@id\":\"https:\/\/dicodusport.fr\/blog\/ffr-la-ministre-des-sports-demande-le-depart-de-bernard-laporte\/#breadcrumb\"},\"inLanguage\":\"fr-FR\",\"potentialAction\":[{\"@type\":\"ReadAction\",\"target\":[\"https:\/\/dicodusport.fr\/blog\/ffr-la-ministre-des-sports-demande-le-depart-de-bernard-laporte\/\"]}]},{\"@type\":\"ImageObject\",\"inLanguage\":\"fr-FR\",\"@id\":\"https:\/\/dicodusport.fr\/blog\/ffr-la-ministre-des-sports-demande-le-depart-de-bernard-laporte\/#primaryimage\",\"url\":\"https:\/\/dicodusport.fr\/blog\/wp-content\/uploads\/2022\/12\/FFR-La-Ministre-des-Sports-demande-le-depart-de-Bernard-Laporte.png\",\"contentUrl\":\"https:\/\/dicodusport.fr\/blog\/wp-content\/uploads\/2022\/12\/FFR-La-Ministre-des-Sports-demande-le-depart-de-Bernard-Laporte.png\",\"width\":800,\"height\":445,\"caption\":\"FFR La Ministre des Sports demande le d\u00e9part de Bernard Laporte\"},{\"@type\":\"BreadcrumbList\",\"@id\":\"https:\/\/dicodusport.fr\/blog\/ffr-la-ministre-des-sports-demande-le-depart-de-bernard-laporte\/#breadcrumb\",\"itemListElement\":[{\"@type\":\"ListItem\",\"position\":1,\"name\":\"Accueil\",\"item\":\"https:\/\/dicodusport.fr\/blog\/\"},{\"@type\":\"ListItem\",\"position\":2,\"name\":\"FFR : La Ministre des Sports demande le d\u00e9part de Bernard Laporte\"}]},{\"@type\":\"WebSite\",\"@id\":\"https:\/\/dicodusport.fr\/blog\/#website\",\"url\":\"https:\/\/dicodusport.fr\/blog\/\",\"name\":\"Dicodusport\",\"description\":\"L&#039;encyclop\u00e9die de l&#039;actualit\u00e9 sportive\",\"publisher\":{\"@id\":\"https:\/\/dicodusport.fr\/blog\/#organization\"},\"potentialAction\":[{\"@type\":\"SearchAction\",\"target\":{\"@type\":\"EntryPoint\",\"urlTemplate\":\"https:\/\/dicodusport.fr\/blog\/?s={search_term_string}\"},\"query-input\":{\"@type\":\"PropertyValueSpecification\",\"valueRequired\":true,\"valueName\":\"search_term_string\"}}],\"inLanguage\":\"fr-FR\"},{\"@type\":\"NewsMediaOrganization\",\"@id\":\"https:\/\/dicodusport.fr\/blog\/#organization\",\"name\":\"Dicodusport\",\"url\":\"https:\/\/dicodusport.fr\/blog\/\",\"logo\":{\"@type\":\"ImageObject\",\"inLanguage\":\"fr-FR\",\"@id\":\"https:\/\/dicodusport.fr\/blog\/#\/schema\/logo\/image\/\",\"url\":\"https:\/\/dicodusport.fr\/blog\/wp-content\/uploads\/2020\/06\/cropped-LOGO-DICODUSPORT-2020-SANS-FOND-SANS-TEXTE.png\",\"contentUrl\":\"https:\/\/dicodusport.fr\/blog\/wp-content\/uploads\/2020\/06\/cropped-LOGO-DICODUSPORT-2020-SANS-FOND-SANS-TEXTE.png\",\"width\":512,\"height\":512,\"caption\":\"Dicodusport\"},\"image\":{\"@id\":\"https:\/\/dicodusport.fr\/blog\/#\/schema\/logo\/image\/\"},\"sameAs\":[\"https:\/\/www.facebook.com\/dicodusport\",\"https:\/\/x.com\/dicodusport\",\"https:\/\/www.instagram.com\/dicodusport\/\",\"https:\/\/www.youtube.com\/channel\/UC7V2KZ5sd3htJivAbA4ZG3w\"],\"description\":\"Dicodusport est l'encyclop\u00e9die de l'actualit\u00e9 sportive.\",\"email\":\"bonjour@dicodusport.fr\",\"legalName\":\"DICODUSPORT\",\"foundingDate\":\"2018-01-14\",\"vatID\":\"FR71834470973\",\"taxID\":\"83447097300043\",\"numberOfEmployees\":{\"@type\":\"QuantitativeValue\",\"minValue\":\"1\",\"maxValue\":\"10\"}},{\"@type\":\"Person\",\"@id\":\"https:\/\/dicodusport.fr\/blog\/#\/schema\/person\/cb02af4c173ce4a653b55e9baf388d4a\",\"name\":\"Flo Ostermann\",\"image\":{\"@type\":\"ImageObject\",\"inLanguage\":\"fr-FR\",\"@id\":\"https:\/\/dicodusport.fr\/blog\/#\/schema\/person\/image\/\",\"url\":\"https:\/\/dicodusport.fr\/blog\/wp-content\/uploads\/2021\/05\/Flo-Ostermann-150x150.jpg\",\"contentUrl\":\"https:\/\/dicodusport.fr\/blog\/wp-content\/uploads\/2021\/05\/Flo-Ostermann-150x150.jpg\",\"caption\":\"Flo Ostermann\"},\"description\":\"Journaliste\/R\u00e9dacteur depuis septembre 2015 - Mes premiers souvenirs dans le sport ? Les envol\u00e9es du Stade Toulousain et les duels Villeneuve-Schumacher et H\u00e4kkinen-Schumacher \u00e0 la fin des ann\u00e9es 90, la Coupe du monde de football en 1998, l\u2019exploit du XV de France face aux All Blacks en 1999, mais aussi Richard C\u0153ur de Lion qui vole sur les montagnes du Tour de France. Bien parti pour devenir professeur d\u2019EPS, les \u00e9v\u00e9nements de la vie (et la flemme d\u2019animer des s\u00e9ances de 3x500 m\u00e8tres toute ma vie) m\u2019ont conduit \u00e0 revoir mes plans. Me voil\u00e0 depuis fin 2017 sur Dicodusport, m\u00e9dia gr\u00e2ce (et pour) lequel je partage ma passion : le sport dans tous ses \u00e9tats. Le tout accompagn\u00e9 par les fous furieux et folles furieuses cit\u00e9s sur cette page !\",\"sameAs\":[\"https:\/\/www.facebook.com\/florent.ostermann\",\"https:\/\/x.com\/https:\/\/twitter.com\/FlOstermann\",\"admin\"],\"url\":\"https:\/\/dicodusport.fr\/blog\/author\/flo\/\"}]}<\/script>\n<!-- \/ Yoast SEO Premium plugin. -->","yoast_head_json":{"title":"FFR : La Ministre des Sports demande le d\u00e9part de Bernard Laporte","description":"RUGBY \u00c0 XV - Dans un communiqu\u00e9 publi\u00e9 ce mardi, la Ministre des Sports, Am\u00e9lie Oud\u00e9a-Cast\u00e9ra, a demand\u00e9 Bernard Laporte de quitter la FFR.","robots":{"index":"index","follow":"follow","max-snippet":"max-snippet:-1","max-image-preview":"max-image-preview:large","max-video-preview":"max-video-preview:-1"},"canonical":"https:\/\/dicodusport.fr\/blog\/ffr-la-ministre-des-sports-demande-le-depart-de-bernard-laporte\/","og_locale":"fr_FR","og_type":"article","og_title":"FFR : La Ministre des Sports demande le d\u00e9part de Bernard Laporte","og_description":"RUGBY \u00c0 XV - Dans un communiqu\u00e9 publi\u00e9 ce mardi, la Ministre des Sports, Am\u00e9lie Oud\u00e9a-Cast\u00e9ra, a demand\u00e9 Bernard Laporte de quitter la FFR.","og_url":"https:\/\/dicodusport.fr\/blog\/ffr-la-ministre-des-sports-demande-le-depart-de-bernard-laporte\/","og_site_name":"Dicodusport","article_publisher":"https:\/\/www.facebook.com\/dicodusport","article_author":"https:\/\/www.facebook.com\/florent.ostermann","article_published_time":"2022-12-13T17:05:04+00:00","article_modified_time":"2022-12-13T17:38:38+00:00","og_image":[{"width":800,"height":445,"url":"https:\/\/dicodusport.fr\/blog\/wp-content\/uploads\/2022\/12\/FFR-La-Ministre-des-Sports-demande-le-depart-de-Bernard-Laporte.png","type":"image\/png"}],"author":"Flo Ostermann","twitter_card":"summary_large_image","twitter_title":"FFR : La Ministre des Sports demande le d\u00e9part de Bernard Laporte","twitter_creator":"@https:\/\/twitter.com\/FlOstermann","twitter_site":"@dicodusport","schema":{"@context":"https:\/\/schema.org","@graph":[{"@type":"NewsArticle","@id":"https:\/\/dicodusport.fr\/blog\/ffr-la-ministre-des-sports-demande-le-depart-de-bernard-laporte\/#article","isPartOf":{"@id":"https:\/\/dicodusport.fr\/blog\/ffr-la-ministre-des-sports-demande-le-depart-de-bernard-laporte\/"},"author":{"name":"Flo Ostermann","@id":"https:\/\/dicodusport.fr\/blog\/#\/schema\/person\/cb02af4c173ce4a653b55e9baf388d4a"},"headline":"FFR : La Ministre des Sports demande le d\u00e9part de Bernard Laporte","datePublished":"2022-12-13T17:05:04+00:00","dateModified":"2022-12-13T17:38:38+00:00","mainEntityOfPage":{"@id":"https:\/\/dicodusport.fr\/blog\/ffr-la-ministre-des-sports-demande-le-depart-de-bernard-laporte\/"},"wordCount":601,"commentCount":0,"publisher":{"@id":"https:\/\/dicodusport.fr\/blog\/#organization"},"image":{"@id":"https:\/\/dicodusport.fr\/blog\/ffr-la-ministre-des-sports-demande-le-depart-de-bernard-laporte\/#primaryimage"},"thumbnailUrl":"https:\/\/dicodusport.fr\/blog\/wp-content\/uploads\/2022\/12\/FFR-La-Ministre-des-Sports-demande-le-depart-de-Bernard-Laporte.png","keywords":["Bernard Laporte","F\u00e9d\u00e9ration Fran\u00e7aise de Rugby","FFR","Rugby"],"articleSection":["Rugby \u00e0 XV"],"inLanguage":"fr-FR","potentialAction":[{"@type":"CommentAction","name":"Comment","target":["https:\/\/dicodusport.fr\/blog\/ffr-la-ministre-des-sports-demande-le-depart-de-bernard-laporte\/#respond"]}],"copyrightYear":"2022","copyrightHolder":{"@id":"https:\/\/dicodusport.fr\/blog\/#organization"}},{"@type":"WebPage","@id":"https:\/\/dicodusport.fr\/blog\/ffr-la-ministre-des-sports-demande-le-depart-de-bernard-laporte\/","url":"https:\/\/dicodusport.fr\/blog\/ffr-la-ministre-des-sports-demande-le-depart-de-bernard-laporte\/","name":"FFR : La Ministre des Sports demande le d\u00e9part de Bernard Laporte","isPartOf":{"@id":"https:\/\/dicodusport.fr\/blog\/#website"},"primaryImageOfPage":{"@id":"https:\/\/dicodusport.fr\/blog\/ffr-la-ministre-des-sports-demande-le-depart-de-bernard-laporte\/#primaryimage"},"image":{"@id":"https:\/\/dicodusport.fr\/blog\/ffr-la-ministre-des-sports-demande-le-depart-de-bernard-laporte\/#primaryimage"},"thumbnailUrl":"https:\/\/dicodusport.fr\/blog\/wp-content\/uploads\/2022\/12\/FFR-La-Ministre-des-Sports-demande-le-depart-de-Bernard-Laporte.png","datePublished":"2022-12-13T17:05:04+00:00","dateModified":"2022-12-13T17:38:38+00:00","description":"RUGBY \u00c0 XV - Dans un communiqu\u00e9 publi\u00e9 ce mardi, la Ministre des Sports, Am\u00e9lie Oud\u00e9a-Cast\u00e9ra, a demand\u00e9 Bernard Laporte de quitter la FFR.","breadcrumb":{"@id":"https:\/\/dicodusport.fr\/blog\/ffr-la-ministre-des-sports-demande-le-depart-de-bernard-laporte\/#breadcrumb"},"inLanguage":"fr-FR","potentialAction":[{"@type":"ReadAction","target":["https:\/\/dicodusport.fr\/blog\/ffr-la-ministre-des-sports-demande-le-depart-de-bernard-laporte\/"]}]},{"@type":"ImageObject","inLanguage":"fr-FR","@id":"https:\/\/dicodusport.fr\/blog\/ffr-la-ministre-des-sports-demande-le-depart-de-bernard-laporte\/#primaryimage","url":"https:\/\/dicodusport.fr\/blog\/wp-content\/uploads\/2022\/12\/FFR-La-Ministre-des-Sports-demande-le-depart-de-Bernard-Laporte.png","contentUrl":"https:\/\/dicodusport.fr\/blog\/wp-content\/uploads\/2022\/12\/FFR-La-Ministre-des-Sports-demande-le-depart-de-Bernard-Laporte.png","width":800,"height":445,"caption":"FFR La Ministre des Sports demande le d\u00e9part de Bernard Laporte"},{"@type":"BreadcrumbList","@id":"https:\/\/dicodusport.fr\/blog\/ffr-la-ministre-des-sports-demande-le-depart-de-bernard-laporte\/#breadcrumb","itemListElement":[{"@type":"ListItem","position":1,"name":"Accueil","item":"https:\/\/dicodusport.fr\/blog\/"},{"@type":"ListItem","position":2,"name":"FFR : La Ministre des Sports demande le d\u00e9part de Bernard Laporte"}]},{"@type":"WebSite","@id":"https:\/\/dicodusport.fr\/blog\/#website","url":"https:\/\/dicodusport.fr\/blog\/","name":"Dicodusport","description":"L&#039;encyclop\u00e9die de l&#039;actualit\u00e9 sportive","publisher":{"@id":"https:\/\/dicodusport.fr\/blog\/#organization"},"potentialAction":[{"@type":"SearchAction","target":{"@type":"EntryPoint","urlTemplate":"https:\/\/dicodusport.fr\/blog\/?s={search_term_string}"},"query-input":{"@type":"PropertyValueSpecification","valueRequired":true,"valueName":"search_term_string"}}],"inLanguage":"fr-FR"},{"@type":"NewsMediaOrganization","@id":"https:\/\/dicodusport.fr\/blog\/#organization","name":"Dicodusport","url":"https:\/\/dicodusport.fr\/blog\/","logo":{"@type":"ImageObject","inLanguage":"fr-FR","@id":"https:\/\/dicodusport.fr\/blog\/#\/schema\/logo\/image\/","url":"https:\/\/dicodusport.fr\/blog\/wp-content\/uploads\/2020\/06\/cropped-LOGO-DICODUSPORT-2020-SANS-FOND-SANS-TEXTE.png","contentUrl":"https:\/\/dicodusport.fr\/blog\/wp-content\/uploads\/2020\/06\/cropped-LOGO-DICODUSPORT-2020-SANS-FOND-SANS-TEXTE.png","width":512,"height":512,"caption":"Dicodusport"},"image":{"@id":"https:\/\/dicodusport.fr\/blog\/#\/schema\/logo\/image\/"},"sameAs":["https:\/\/www.facebook.com\/dicodusport","https:\/\/x.com\/dicodusport","https:\/\/www.instagram.com\/dicodusport\/","https:\/\/www.youtube.com\/channel\/UC7V2KZ5sd3htJivAbA4ZG3w"],"description":"Dicodusport est l'encyclop\u00e9die de l'actualit\u00e9 sportive.","email":"bonjour@dicodusport.fr","legalName":"DICODUSPORT","foundingDate":"2018-01-14","vatID":"FR71834470973","taxID":"83447097300043","numberOfEmployees":{"@type":"QuantitativeValue","minValue":"1","maxValue":"10"}},{"@type":"Person","@id":"https:\/\/dicodusport.fr\/blog\/#\/schema\/person\/cb02af4c173ce4a653b55e9baf388d4a","name":"Flo Ostermann","image":{"@type":"ImageObject","inLanguage":"fr-FR","@id":"https:\/\/dicodusport.fr\/blog\/#\/schema\/person\/image\/","url":"https:\/\/dicodusport.fr\/blog\/wp-content\/uploads\/2021\/05\/Flo-Ostermann-150x150.jpg","contentUrl":"https:\/\/dicodusport.fr\/blog\/wp-content\/uploads\/2021\/05\/Flo-Ostermann-150x150.jpg","caption":"Flo Ostermann"},"description":"Journaliste\/R\u00e9dacteur depuis septembre 2015 - Mes premiers souvenirs dans le sport ? Les envol\u00e9es du Stade Toulousain et les duels Villeneuve-Schumacher et H\u00e4kkinen-Schumacher \u00e0 la fin des ann\u00e9es 90, la Coupe du monde de football en 1998, l\u2019exploit du XV de France face aux All Blacks en 1999, mais aussi Richard C\u0153ur de Lion qui vole sur les montagnes du Tour de France. Bien parti pour devenir professeur d\u2019EPS, les \u00e9v\u00e9nements de la vie (et la flemme d\u2019animer des s\u00e9ances de 3x500 m\u00e8tres toute ma vie) m\u2019ont conduit \u00e0 revoir mes plans. Me voil\u00e0 depuis fin 2017 sur Dicodusport, m\u00e9dia gr\u00e2ce (et pour) lequel je partage ma passion : le sport dans tous ses \u00e9tats. Le tout accompagn\u00e9 par les fous furieux et folles furieuses cit\u00e9s sur cette page !","sameAs":["https:\/\/www.facebook.com\/florent.ostermann","https:\/\/x.com\/https:\/\/twitter.com\/FlOstermann","admin"],"url":"https:\/\/dicodusport.fr\/blog\/author\/flo\/"}]}},"_links":{"self":[{"href":"https:\/\/dicodusport.fr\/blog\/wp-json\/wp\/v2\/posts\/287755","targetHints":{"allow":["GET"]}}],"collection":[{"href":"https:\/\/dicodusport.fr\/blog\/wp-json\/wp\/v2\/posts"}],"about":[{"href":"https:\/\/dicodusport.fr\/blog\/wp-json\/wp\/v2\/types\/post"}],"author":[{"embeddable":true,"href":"https:\/\/dicodusport.fr\/blog\/wp-json\/wp\/v2\/users\/4"}],"replies":[{"embeddable":true,"href":"https:\/\/dicodusport.fr\/blog\/wp-json\/wp\/v2\/comments?post=287755"}],"version-history":[{"count":0,"href":"https:\/\/dicodusport.fr\/blog\/wp-json\/wp\/v2\/posts\/287755\/revisions"}],"wp:featuredmedia":[{"embeddable":true,"href":"https:\/\/dicodusport.fr\/blog\/wp-json\/wp\/v2\/media\/287757"}],"wp:attachment":[{"href":"https:\/\/dicodusport.fr\/blog\/wp-json\/wp\/v2\/media?parent=287755"}],"wp:term":[{"taxonomy":"category","embeddable":true,"href":"https:\/\/dicodusport.fr\/blog\/wp-json\/wp\/v2\/categories?post=287755"},{"taxonomy":"post_tag","embeddable":true,"href":"https:\/\/dicodusport.fr\/blog\/wp-json\/wp\/v2\/tags?post=287755"}],"curies":[{"name":"wp","href":"https:\/\/api.w.org\/{rel}","templated":true}]}}