{"id":288085,"date":"2022-12-15T15:22:53","date_gmt":"2022-12-15T14:22:53","guid":{"rendered":"https:\/\/dicodusport.fr\/blog\/?p=288085&#038;preview=true&#038;preview_id=288085"},"modified":"2025-08-24T13:09:32","modified_gmt":"2025-08-24T11:09:32","slug":"ibu-cup-ridnaun-paula-botet-troisieme-du-sprint-federica-sanfilippo-simpose","status":"publish","type":"post","link":"https:\/\/dicodusport.fr\/blog\/ibu-cup-ridnaun-paula-botet-troisieme-du-sprint-federica-sanfilippo-simpose\/","title":{"rendered":"IBU Cup Ridnaun : Paula Botet troisi\u00e8me du sprint, Federica Sanfilippo s&rsquo;impose"},"content":{"rendered":"<p style=\"text-align: justify;\"><b><i><a href=\"https:\/\/dicodusport.fr\/blog\/ibu-cup-ridnaun-2022-programme-complet-et-resultats\/\">BIATHLON &#8211; IBU CUP DE RIDNAUN 2022<\/a> &#8211; De retour en IBU Cup, la Fran\u00e7aise Paula Botet a pris la troisi\u00e8me place du sprint f\u00e9minin de Ridnaun (Italie). La Fran\u00e7aise a \u00e9t\u00e9 devanc\u00e9e par l&rsquo;Italienne Federica Sanfilippo, victorieuse et Vanessa Hinz, deuxi\u00e8me.<\/i><\/b><\/p>\n<p style=\"text-align: justify;\">Retour positif pour <strong>Paula Botet<\/strong> en <strong>IBU Cup<\/strong>. Avec le groupe Coupe du monde depuis le mois de janvier dernier, la Bressaude de 21 ans \u00e9tait de retour sur le circuit secondaire. Auteure d&rsquo;un 9\/10 au tir (1-0) et du troisi\u00e8me temps de ski, la Fran\u00e7aise a pris la troisi\u00e8me place du sprint de <strong>Ridnaun<\/strong> (Italie), \u00e0 11 secondes de la gagne. Il s&rsquo;agit de son premier podium en <strong>IBU Cup<\/strong>.<\/p>\n<p style=\"text-align: justify;\">La laur\u00e9ate du jour, l&rsquo;Italienne <strong>Federica Sanfilippo<\/strong>, habitu\u00e9e aux joutes de la Coupe du monde, confirme quant \u00e0 elle sa mont\u00e9e en puissance. Elle aussi \u00e0 9\/10, elle devance l&rsquo;Allemande <strong>Vanessa Hinz<\/strong> de 9.5 secondes. Cette derni\u00e8re a \u00e9galement commis une faute face aux cibles (1-0). \u00c0 noter \u00e9galement la 5\u00e8me place de <strong>Gilonne Guigonnat<\/strong> (+23.0, 0-0), et qui se replace troisi\u00e8me du g\u00e9n\u00e9ral de l&rsquo;IBU Cup. La poursuite de ce samedi (13h), s&rsquo;annonce tr\u00e8s ouverte.<\/p>\n<blockquote class=\"twitter-tweet\">\n<p dir=\"ltr\" lang=\"en\">Three different nations on the Women&rsquo;s Sprint podium today. Congrats!&#x1f44f;<\/p>\n<p>1.&#x1f1ee;&#x1f1f9;Federica Sanfilippo<br \/>\n2.&#x1f1e9;&#x1f1ea;Vanessa Hinz<br \/>\n3.&#x1f1eb;&#x1f1f7;Paula Botet<\/p>\n<p>&#x1f4f7;Deubert\/IBU | <a href=\"https:\/\/twitter.com\/hashtag\/biathlon?src=hash&amp;ref_src=twsrc%5Etfw\">#biathlon<\/a> | <a href=\"https:\/\/twitter.com\/hashtag\/ibucup?src=hash&amp;ref_src=twsrc%5Etfw\">#ibucup<\/a> <a href=\"https:\/\/t.co\/gRYGI9QYe9\">pic.twitter.com\/gRYGI9QYe9<\/a><\/p>\n<p>\u2014 IBU Cup Biathlon (@IBU_CUP) <a href=\"https:\/\/twitter.com\/IBU_CUP\/status\/1603398668123607045?ref_src=twsrc%5Etfw\">December 15, 2022<\/a><\/p><\/blockquote>\n<p><script async src=\"https:\/\/platform.twitter.com\/widgets.js\" charset=\"utf-8\"><\/script><\/p>\n<h2 style=\"text-align: justify;\">Le classement des Fran\u00e7aises<\/h2>\n<p style=\"text-align: justify;\">3. Paula Botet (+11.7) : 1-0<br \/>\n5. Gilonne Guigonnat (+23.0) : 0-0<br \/>\n7. Camille Bened (+36.8) : 0-1<br \/>\n12. L\u00e9onie Jeannier (+53.1) : 0-1<br \/>\n16. Fany Bertrand (+57.4) : 0-0<br \/>\n18. Jeanne Richard (+1:06.6) : 0-1<\/p>\n<h2 style=\"text-align: justify;\">\u00c0 lire aussi<\/h2>\n<ul>\n<li style=\"text-align: justify;\"><a href=\"https:\/\/dicodusport.fr\/blog\/biathlon-ibu-cup-ridnaun-classement-sprint-femmes\/\"><strong>Le classement du sprint femmes<\/strong><\/a><\/li>\n<li style=\"text-align: justify;\"><a href=\"https:\/\/dicodusport.fr\/blog\/ibu-cup-2022-2023-classement-general-femmes\/\"><strong>Classement g\u00e9n\u00e9ral de l&rsquo;IBU Cup<\/strong><\/a><\/li>\n<li style=\"text-align: justify;\"><a href=\"https:\/\/dicodusport.fr\/blog\/biathlon-ibu-cup-2022-2023-le-calendrier-complet\/\"><strong>Le calendrier complet de l&rsquo;IBU Cup 2022-2023<\/strong><\/a><\/li>\n<\/ul>\n","protected":false},"excerpt":{"rendered":"<p>BIATHLON &#8211; IBU CUP DE RIDNAUN 2022 &#8211; De retour en IBU Cup, la Fran\u00e7aise Paula Botet a pris la troisi\u00e8me place du sprint f\u00e9minin de Ridnaun (Italie). La Fran\u00e7aise a \u00e9t\u00e9 devanc\u00e9e par l&rsquo;Italienne Federica Sanfilippo, victorieuse et Vanessa Hinz, deuxi\u00e8me.<\/p>\n","protected":false},"author":4,"featured_media":288108,"comment_status":"open","ping_status":"closed","sticky":false,"template":"","format":"standard","meta":{"_acf_changed":false,"_daextam_enable_autolinks":"","footnotes":""},"categories":[2426],"tags":[2427,28477,22264],"class_list":["post-288085","post","type-post","status-publish","format-standard","has-post-thumbnail","hentry","category-biathlon","tag-biathlon","tag-biathlon-ridnaun","tag-ibu-cup-ridnaun"],"acf":[],"yoast_head":"<!-- This site is optimized with the Yoast SEO Premium plugin v26.7 (Yoast SEO v26.7) - https:\/\/yoast.com\/wordpress\/plugins\/seo\/ -->\n<title>IBU Cup Ridnaun : Paula Botet troisi\u00e8me du sprint, Federica Sanfilippo s&#039;impose<\/title>\n<meta name=\"description\" content=\"BIATHLON - IBU CUP DE RIDNAUN 2022 - De retour en IBU Cup, la Fran\u00e7aise Paula Botet a pris la troisi\u00e8me place du sprint f\u00e9minin de Ridnaun.\" \/>\n<meta name=\"robots\" content=\"index, follow, max-snippet:-1, max-image-preview:large, max-video-preview:-1\" \/>\n<link rel=\"canonical\" href=\"https:\/\/dicodusport.fr\/blog\/ibu-cup-ridnaun-paula-botet-troisieme-du-sprint-federica-sanfilippo-simpose\/\" \/>\n<meta property=\"og:locale\" content=\"fr_FR\" \/>\n<meta property=\"og:type\" content=\"article\" \/>\n<meta property=\"og:title\" content=\"IBU Cup Ridnaun : Paula Botet troisi\u00e8me du sprint, Federica Sanfilippo s&#039;impose\" \/>\n<meta property=\"og:description\" content=\"BIATHLON - IBU CUP DE RIDNAUN 2022 - De retour en IBU Cup, la Fran\u00e7aise Paula Botet a pris la troisi\u00e8me place du sprint f\u00e9minin de Ridnaun.\" \/>\n<meta property=\"og:url\" content=\"https:\/\/dicodusport.fr\/blog\/ibu-cup-ridnaun-paula-botet-troisieme-du-sprint-federica-sanfilippo-simpose\/\" \/>\n<meta property=\"og:site_name\" content=\"Dicodusport\" \/>\n<meta property=\"article:publisher\" content=\"https:\/\/www.facebook.com\/dicodusport\" \/>\n<meta property=\"article:author\" content=\"https:\/\/www.facebook.com\/florent.ostermann\" \/>\n<meta property=\"article:published_time\" content=\"2022-12-15T14:22:53+00:00\" \/>\n<meta property=\"article:modified_time\" content=\"2025-08-24T11:09:32+00:00\" \/>\n<meta property=\"og:image\" content=\"https:\/\/dicodusport.fr\/blog\/wp-content\/uploads\/2022\/12\/IBU-Cup-Ridnaun-Paula-Botet-troisieme-du-sprint-Federica-Sanfilippo-simpose.png\" \/>\n\t<meta property=\"og:image:width\" content=\"800\" \/>\n\t<meta property=\"og:image:height\" content=\"445\" \/>\n\t<meta property=\"og:image:type\" content=\"image\/png\" \/>\n<meta name=\"author\" content=\"Flo Ostermann\" \/>\n<meta name=\"twitter:card\" content=\"summary_large_image\" \/>\n<meta name=\"twitter:title\" content=\"IBU Cup Ridnaun : Paula Botet troisi\u00e8me du sprint, Federica Sanfilippo s&#039;impose\" \/>\n<meta name=\"twitter:creator\" content=\"@https:\/\/twitter.com\/FlOstermann\" \/>\n<meta name=\"twitter:site\" content=\"@dicodusport\" \/>\n<script type=\"application\/ld+json\" class=\"yoast-schema-graph\">{\"@context\":\"https:\/\/schema.org\",\"@graph\":[{\"@type\":\"NewsArticle\",\"@id\":\"https:\/\/dicodusport.fr\/blog\/ibu-cup-ridnaun-paula-botet-troisieme-du-sprint-federica-sanfilippo-simpose\/#article\",\"isPartOf\":{\"@id\":\"https:\/\/dicodusport.fr\/blog\/ibu-cup-ridnaun-paula-botet-troisieme-du-sprint-federica-sanfilippo-simpose\/\"},\"author\":{\"name\":\"Flo Ostermann\",\"@id\":\"https:\/\/dicodusport.fr\/blog\/#\/schema\/person\/cb02af4c173ce4a653b55e9baf388d4a\"},\"headline\":\"IBU Cup Ridnaun : Paula Botet troisi\u00e8me du sprint, Federica Sanfilippo s&rsquo;impose\",\"datePublished\":\"2022-12-15T14:22:53+00:00\",\"dateModified\":\"2025-08-24T11:09:32+00:00\",\"mainEntityOfPage\":{\"@id\":\"https:\/\/dicodusport.fr\/blog\/ibu-cup-ridnaun-paula-botet-troisieme-du-sprint-federica-sanfilippo-simpose\/\"},\"wordCount\":318,\"commentCount\":0,\"publisher\":{\"@id\":\"https:\/\/dicodusport.fr\/blog\/#organization\"},\"image\":{\"@id\":\"https:\/\/dicodusport.fr\/blog\/ibu-cup-ridnaun-paula-botet-troisieme-du-sprint-federica-sanfilippo-simpose\/#primaryimage\"},\"thumbnailUrl\":\"https:\/\/dicodusport.fr\/blog\/wp-content\/uploads\/2022\/12\/IBU-Cup-Ridnaun-Paula-Botet-troisieme-du-sprint-Federica-Sanfilippo-simpose.png\",\"keywords\":[\"Biathlon\",\"Biathlon Ridnaun\",\"Ibu Cup Ridnaun\"],\"articleSection\":[\"Biathlon\"],\"inLanguage\":\"fr-FR\",\"potentialAction\":[{\"@type\":\"CommentAction\",\"name\":\"Comment\",\"target\":[\"https:\/\/dicodusport.fr\/blog\/ibu-cup-ridnaun-paula-botet-troisieme-du-sprint-federica-sanfilippo-simpose\/#respond\"]}],\"copyrightYear\":\"2022\",\"copyrightHolder\":{\"@id\":\"https:\/\/dicodusport.fr\/blog\/#organization\"}},{\"@type\":\"WebPage\",\"@id\":\"https:\/\/dicodusport.fr\/blog\/ibu-cup-ridnaun-paula-botet-troisieme-du-sprint-federica-sanfilippo-simpose\/\",\"url\":\"https:\/\/dicodusport.fr\/blog\/ibu-cup-ridnaun-paula-botet-troisieme-du-sprint-federica-sanfilippo-simpose\/\",\"name\":\"IBU Cup Ridnaun : Paula Botet troisi\u00e8me du sprint, Federica Sanfilippo s'impose\",\"isPartOf\":{\"@id\":\"https:\/\/dicodusport.fr\/blog\/#website\"},\"primaryImageOfPage\":{\"@id\":\"https:\/\/dicodusport.fr\/blog\/ibu-cup-ridnaun-paula-botet-troisieme-du-sprint-federica-sanfilippo-simpose\/#primaryimage\"},\"image\":{\"@id\":\"https:\/\/dicodusport.fr\/blog\/ibu-cup-ridnaun-paula-botet-troisieme-du-sprint-federica-sanfilippo-simpose\/#primaryimage\"},\"thumbnailUrl\":\"https:\/\/dicodusport.fr\/blog\/wp-content\/uploads\/2022\/12\/IBU-Cup-Ridnaun-Paula-Botet-troisieme-du-sprint-Federica-Sanfilippo-simpose.png\",\"datePublished\":\"2022-12-15T14:22:53+00:00\",\"dateModified\":\"2025-08-24T11:09:32+00:00\",\"description\":\"BIATHLON - IBU CUP DE RIDNAUN 2022 - De retour en IBU Cup, la Fran\u00e7aise Paula Botet a pris la troisi\u00e8me place du sprint f\u00e9minin de Ridnaun.\",\"breadcrumb\":{\"@id\":\"https:\/\/dicodusport.fr\/blog\/ibu-cup-ridnaun-paula-botet-troisieme-du-sprint-federica-sanfilippo-simpose\/#breadcrumb\"},\"inLanguage\":\"fr-FR\",\"potentialAction\":[{\"@type\":\"ReadAction\",\"target\":[\"https:\/\/dicodusport.fr\/blog\/ibu-cup-ridnaun-paula-botet-troisieme-du-sprint-federica-sanfilippo-simpose\/\"]}]},{\"@type\":\"ImageObject\",\"inLanguage\":\"fr-FR\",\"@id\":\"https:\/\/dicodusport.fr\/blog\/ibu-cup-ridnaun-paula-botet-troisieme-du-sprint-federica-sanfilippo-simpose\/#primaryimage\",\"url\":\"https:\/\/dicodusport.fr\/blog\/wp-content\/uploads\/2022\/12\/IBU-Cup-Ridnaun-Paula-Botet-troisieme-du-sprint-Federica-Sanfilippo-simpose.png\",\"contentUrl\":\"https:\/\/dicodusport.fr\/blog\/wp-content\/uploads\/2022\/12\/IBU-Cup-Ridnaun-Paula-Botet-troisieme-du-sprint-Federica-Sanfilippo-simpose.png\",\"width\":800,\"height\":445,\"caption\":\"Paula Botet - Photo Icon Sport\"},{\"@type\":\"BreadcrumbList\",\"@id\":\"https:\/\/dicodusport.fr\/blog\/ibu-cup-ridnaun-paula-botet-troisieme-du-sprint-federica-sanfilippo-simpose\/#breadcrumb\",\"itemListElement\":[{\"@type\":\"ListItem\",\"position\":1,\"name\":\"Accueil\",\"item\":\"https:\/\/dicodusport.fr\/blog\/\"},{\"@type\":\"ListItem\",\"position\":2,\"name\":\"IBU Cup Ridnaun : Paula Botet troisi\u00e8me du sprint, Federica Sanfilippo s&rsquo;impose\"}]},{\"@type\":\"WebSite\",\"@id\":\"https:\/\/dicodusport.fr\/blog\/#website\",\"url\":\"https:\/\/dicodusport.fr\/blog\/\",\"name\":\"Dicodusport\",\"description\":\"L&#039;encyclop\u00e9die de l&#039;actualit\u00e9 sportive\",\"publisher\":{\"@id\":\"https:\/\/dicodusport.fr\/blog\/#organization\"},\"potentialAction\":[{\"@type\":\"SearchAction\",\"target\":{\"@type\":\"EntryPoint\",\"urlTemplate\":\"https:\/\/dicodusport.fr\/blog\/?s={search_term_string}\"},\"query-input\":{\"@type\":\"PropertyValueSpecification\",\"valueRequired\":true,\"valueName\":\"search_term_string\"}}],\"inLanguage\":\"fr-FR\"},{\"@type\":\"NewsMediaOrganization\",\"@id\":\"https:\/\/dicodusport.fr\/blog\/#organization\",\"name\":\"Dicodusport\",\"url\":\"https:\/\/dicodusport.fr\/blog\/\",\"logo\":{\"@type\":\"ImageObject\",\"inLanguage\":\"fr-FR\",\"@id\":\"https:\/\/dicodusport.fr\/blog\/#\/schema\/logo\/image\/\",\"url\":\"https:\/\/dicodusport.fr\/blog\/wp-content\/uploads\/2020\/06\/cropped-LOGO-DICODUSPORT-2020-SANS-FOND-SANS-TEXTE.png\",\"contentUrl\":\"https:\/\/dicodusport.fr\/blog\/wp-content\/uploads\/2020\/06\/cropped-LOGO-DICODUSPORT-2020-SANS-FOND-SANS-TEXTE.png\",\"width\":512,\"height\":512,\"caption\":\"Dicodusport\"},\"image\":{\"@id\":\"https:\/\/dicodusport.fr\/blog\/#\/schema\/logo\/image\/\"},\"sameAs\":[\"https:\/\/www.facebook.com\/dicodusport\",\"https:\/\/x.com\/dicodusport\",\"https:\/\/www.instagram.com\/dicodusport\/\",\"https:\/\/www.youtube.com\/channel\/UC7V2KZ5sd3htJivAbA4ZG3w\"],\"description\":\"Dicodusport est l'encyclop\u00e9die de l'actualit\u00e9 sportive.\",\"email\":\"bonjour@dicodusport.fr\",\"legalName\":\"DICODUSPORT\",\"foundingDate\":\"2018-01-14\",\"vatID\":\"FR71834470973\",\"taxID\":\"83447097300043\",\"numberOfEmployees\":{\"@type\":\"QuantitativeValue\",\"minValue\":\"1\",\"maxValue\":\"10\"}},{\"@type\":\"Person\",\"@id\":\"https:\/\/dicodusport.fr\/blog\/#\/schema\/person\/cb02af4c173ce4a653b55e9baf388d4a\",\"name\":\"Flo Ostermann\",\"image\":{\"@type\":\"ImageObject\",\"inLanguage\":\"fr-FR\",\"@id\":\"https:\/\/dicodusport.fr\/blog\/#\/schema\/person\/image\/\",\"url\":\"https:\/\/dicodusport.fr\/blog\/wp-content\/uploads\/2021\/05\/Flo-Ostermann-150x150.jpg\",\"contentUrl\":\"https:\/\/dicodusport.fr\/blog\/wp-content\/uploads\/2021\/05\/Flo-Ostermann-150x150.jpg\",\"caption\":\"Flo Ostermann\"},\"description\":\"Journaliste\/R\u00e9dacteur depuis septembre 2015 - Mes premiers souvenirs dans le sport ? Les envol\u00e9es du Stade Toulousain et les duels Villeneuve-Schumacher et H\u00e4kkinen-Schumacher \u00e0 la fin des ann\u00e9es 90, la Coupe du monde de football en 1998, l\u2019exploit du XV de France face aux All Blacks en 1999, mais aussi Richard C\u0153ur de Lion qui vole sur les montagnes du Tour de France. Bien parti pour devenir professeur d\u2019EPS, les \u00e9v\u00e9nements de la vie (et la flemme d\u2019animer des s\u00e9ances de 3x500 m\u00e8tres toute ma vie) m\u2019ont conduit \u00e0 revoir mes plans. Me voil\u00e0 depuis fin 2017 sur Dicodusport, m\u00e9dia gr\u00e2ce (et pour) lequel je partage ma passion : le sport dans tous ses \u00e9tats. Le tout accompagn\u00e9 par les fous furieux et folles furieuses cit\u00e9s sur cette page !\",\"sameAs\":[\"https:\/\/www.facebook.com\/florent.ostermann\",\"https:\/\/x.com\/https:\/\/twitter.com\/FlOstermann\",\"admin\"],\"url\":\"https:\/\/dicodusport.fr\/blog\/author\/flo\/\"}]}<\/script>\n<!-- \/ Yoast SEO Premium plugin. -->","yoast_head_json":{"title":"IBU Cup Ridnaun : Paula Botet troisi\u00e8me du sprint, Federica Sanfilippo s'impose","description":"BIATHLON - IBU CUP DE RIDNAUN 2022 - De retour en IBU Cup, la Fran\u00e7aise Paula Botet a pris la troisi\u00e8me place du sprint f\u00e9minin de Ridnaun.","robots":{"index":"index","follow":"follow","max-snippet":"max-snippet:-1","max-image-preview":"max-image-preview:large","max-video-preview":"max-video-preview:-1"},"canonical":"https:\/\/dicodusport.fr\/blog\/ibu-cup-ridnaun-paula-botet-troisieme-du-sprint-federica-sanfilippo-simpose\/","og_locale":"fr_FR","og_type":"article","og_title":"IBU Cup Ridnaun : Paula Botet troisi\u00e8me du sprint, Federica Sanfilippo s'impose","og_description":"BIATHLON - IBU CUP DE RIDNAUN 2022 - De retour en IBU Cup, la Fran\u00e7aise Paula Botet a pris la troisi\u00e8me place du sprint f\u00e9minin de Ridnaun.","og_url":"https:\/\/dicodusport.fr\/blog\/ibu-cup-ridnaun-paula-botet-troisieme-du-sprint-federica-sanfilippo-simpose\/","og_site_name":"Dicodusport","article_publisher":"https:\/\/www.facebook.com\/dicodusport","article_author":"https:\/\/www.facebook.com\/florent.ostermann","article_published_time":"2022-12-15T14:22:53+00:00","article_modified_time":"2025-08-24T11:09:32+00:00","og_image":[{"width":800,"height":445,"url":"https:\/\/dicodusport.fr\/blog\/wp-content\/uploads\/2022\/12\/IBU-Cup-Ridnaun-Paula-Botet-troisieme-du-sprint-Federica-Sanfilippo-simpose.png","type":"image\/png"}],"author":"Flo Ostermann","twitter_card":"summary_large_image","twitter_title":"IBU Cup Ridnaun : Paula Botet troisi\u00e8me du sprint, Federica Sanfilippo s'impose","twitter_creator":"@https:\/\/twitter.com\/FlOstermann","twitter_site":"@dicodusport","schema":{"@context":"https:\/\/schema.org","@graph":[{"@type":"NewsArticle","@id":"https:\/\/dicodusport.fr\/blog\/ibu-cup-ridnaun-paula-botet-troisieme-du-sprint-federica-sanfilippo-simpose\/#article","isPartOf":{"@id":"https:\/\/dicodusport.fr\/blog\/ibu-cup-ridnaun-paula-botet-troisieme-du-sprint-federica-sanfilippo-simpose\/"},"author":{"name":"Flo Ostermann","@id":"https:\/\/dicodusport.fr\/blog\/#\/schema\/person\/cb02af4c173ce4a653b55e9baf388d4a"},"headline":"IBU Cup Ridnaun : Paula Botet troisi\u00e8me du sprint, Federica Sanfilippo s&rsquo;impose","datePublished":"2022-12-15T14:22:53+00:00","dateModified":"2025-08-24T11:09:32+00:00","mainEntityOfPage":{"@id":"https:\/\/dicodusport.fr\/blog\/ibu-cup-ridnaun-paula-botet-troisieme-du-sprint-federica-sanfilippo-simpose\/"},"wordCount":318,"commentCount":0,"publisher":{"@id":"https:\/\/dicodusport.fr\/blog\/#organization"},"image":{"@id":"https:\/\/dicodusport.fr\/blog\/ibu-cup-ridnaun-paula-botet-troisieme-du-sprint-federica-sanfilippo-simpose\/#primaryimage"},"thumbnailUrl":"https:\/\/dicodusport.fr\/blog\/wp-content\/uploads\/2022\/12\/IBU-Cup-Ridnaun-Paula-Botet-troisieme-du-sprint-Federica-Sanfilippo-simpose.png","keywords":["Biathlon","Biathlon Ridnaun","Ibu Cup Ridnaun"],"articleSection":["Biathlon"],"inLanguage":"fr-FR","potentialAction":[{"@type":"CommentAction","name":"Comment","target":["https:\/\/dicodusport.fr\/blog\/ibu-cup-ridnaun-paula-botet-troisieme-du-sprint-federica-sanfilippo-simpose\/#respond"]}],"copyrightYear":"2022","copyrightHolder":{"@id":"https:\/\/dicodusport.fr\/blog\/#organization"}},{"@type":"WebPage","@id":"https:\/\/dicodusport.fr\/blog\/ibu-cup-ridnaun-paula-botet-troisieme-du-sprint-federica-sanfilippo-simpose\/","url":"https:\/\/dicodusport.fr\/blog\/ibu-cup-ridnaun-paula-botet-troisieme-du-sprint-federica-sanfilippo-simpose\/","name":"IBU Cup Ridnaun : Paula Botet troisi\u00e8me du sprint, Federica Sanfilippo s'impose","isPartOf":{"@id":"https:\/\/dicodusport.fr\/blog\/#website"},"primaryImageOfPage":{"@id":"https:\/\/dicodusport.fr\/blog\/ibu-cup-ridnaun-paula-botet-troisieme-du-sprint-federica-sanfilippo-simpose\/#primaryimage"},"image":{"@id":"https:\/\/dicodusport.fr\/blog\/ibu-cup-ridnaun-paula-botet-troisieme-du-sprint-federica-sanfilippo-simpose\/#primaryimage"},"thumbnailUrl":"https:\/\/dicodusport.fr\/blog\/wp-content\/uploads\/2022\/12\/IBU-Cup-Ridnaun-Paula-Botet-troisieme-du-sprint-Federica-Sanfilippo-simpose.png","datePublished":"2022-12-15T14:22:53+00:00","dateModified":"2025-08-24T11:09:32+00:00","description":"BIATHLON - IBU CUP DE RIDNAUN 2022 - De retour en IBU Cup, la Fran\u00e7aise Paula Botet a pris la troisi\u00e8me place du sprint f\u00e9minin de Ridnaun.","breadcrumb":{"@id":"https:\/\/dicodusport.fr\/blog\/ibu-cup-ridnaun-paula-botet-troisieme-du-sprint-federica-sanfilippo-simpose\/#breadcrumb"},"inLanguage":"fr-FR","potentialAction":[{"@type":"ReadAction","target":["https:\/\/dicodusport.fr\/blog\/ibu-cup-ridnaun-paula-botet-troisieme-du-sprint-federica-sanfilippo-simpose\/"]}]},{"@type":"ImageObject","inLanguage":"fr-FR","@id":"https:\/\/dicodusport.fr\/blog\/ibu-cup-ridnaun-paula-botet-troisieme-du-sprint-federica-sanfilippo-simpose\/#primaryimage","url":"https:\/\/dicodusport.fr\/blog\/wp-content\/uploads\/2022\/12\/IBU-Cup-Ridnaun-Paula-Botet-troisieme-du-sprint-Federica-Sanfilippo-simpose.png","contentUrl":"https:\/\/dicodusport.fr\/blog\/wp-content\/uploads\/2022\/12\/IBU-Cup-Ridnaun-Paula-Botet-troisieme-du-sprint-Federica-Sanfilippo-simpose.png","width":800,"height":445,"caption":"Paula Botet - Photo Icon Sport"},{"@type":"BreadcrumbList","@id":"https:\/\/dicodusport.fr\/blog\/ibu-cup-ridnaun-paula-botet-troisieme-du-sprint-federica-sanfilippo-simpose\/#breadcrumb","itemListElement":[{"@type":"ListItem","position":1,"name":"Accueil","item":"https:\/\/dicodusport.fr\/blog\/"},{"@type":"ListItem","position":2,"name":"IBU Cup Ridnaun : Paula Botet troisi\u00e8me du sprint, Federica Sanfilippo s&rsquo;impose"}]},{"@type":"WebSite","@id":"https:\/\/dicodusport.fr\/blog\/#website","url":"https:\/\/dicodusport.fr\/blog\/","name":"Dicodusport","description":"L&#039;encyclop\u00e9die de l&#039;actualit\u00e9 sportive","publisher":{"@id":"https:\/\/dicodusport.fr\/blog\/#organization"},"potentialAction":[{"@type":"SearchAction","target":{"@type":"EntryPoint","urlTemplate":"https:\/\/dicodusport.fr\/blog\/?s={search_term_string}"},"query-input":{"@type":"PropertyValueSpecification","valueRequired":true,"valueName":"search_term_string"}}],"inLanguage":"fr-FR"},{"@type":"NewsMediaOrganization","@id":"https:\/\/dicodusport.fr\/blog\/#organization","name":"Dicodusport","url":"https:\/\/dicodusport.fr\/blog\/","logo":{"@type":"ImageObject","inLanguage":"fr-FR","@id":"https:\/\/dicodusport.fr\/blog\/#\/schema\/logo\/image\/","url":"https:\/\/dicodusport.fr\/blog\/wp-content\/uploads\/2020\/06\/cropped-LOGO-DICODUSPORT-2020-SANS-FOND-SANS-TEXTE.png","contentUrl":"https:\/\/dicodusport.fr\/blog\/wp-content\/uploads\/2020\/06\/cropped-LOGO-DICODUSPORT-2020-SANS-FOND-SANS-TEXTE.png","width":512,"height":512,"caption":"Dicodusport"},"image":{"@id":"https:\/\/dicodusport.fr\/blog\/#\/schema\/logo\/image\/"},"sameAs":["https:\/\/www.facebook.com\/dicodusport","https:\/\/x.com\/dicodusport","https:\/\/www.instagram.com\/dicodusport\/","https:\/\/www.youtube.com\/channel\/UC7V2KZ5sd3htJivAbA4ZG3w"],"description":"Dicodusport est l'encyclop\u00e9die de l'actualit\u00e9 sportive.","email":"bonjour@dicodusport.fr","legalName":"DICODUSPORT","foundingDate":"2018-01-14","vatID":"FR71834470973","taxID":"83447097300043","numberOfEmployees":{"@type":"QuantitativeValue","minValue":"1","maxValue":"10"}},{"@type":"Person","@id":"https:\/\/dicodusport.fr\/blog\/#\/schema\/person\/cb02af4c173ce4a653b55e9baf388d4a","name":"Flo Ostermann","image":{"@type":"ImageObject","inLanguage":"fr-FR","@id":"https:\/\/dicodusport.fr\/blog\/#\/schema\/person\/image\/","url":"https:\/\/dicodusport.fr\/blog\/wp-content\/uploads\/2021\/05\/Flo-Ostermann-150x150.jpg","contentUrl":"https:\/\/dicodusport.fr\/blog\/wp-content\/uploads\/2021\/05\/Flo-Ostermann-150x150.jpg","caption":"Flo Ostermann"},"description":"Journaliste\/R\u00e9dacteur depuis septembre 2015 - Mes premiers souvenirs dans le sport ? Les envol\u00e9es du Stade Toulousain et les duels Villeneuve-Schumacher et H\u00e4kkinen-Schumacher \u00e0 la fin des ann\u00e9es 90, la Coupe du monde de football en 1998, l\u2019exploit du XV de France face aux All Blacks en 1999, mais aussi Richard C\u0153ur de Lion qui vole sur les montagnes du Tour de France. Bien parti pour devenir professeur d\u2019EPS, les \u00e9v\u00e9nements de la vie (et la flemme d\u2019animer des s\u00e9ances de 3x500 m\u00e8tres toute ma vie) m\u2019ont conduit \u00e0 revoir mes plans. Me voil\u00e0 depuis fin 2017 sur Dicodusport, m\u00e9dia gr\u00e2ce (et pour) lequel je partage ma passion : le sport dans tous ses \u00e9tats. Le tout accompagn\u00e9 par les fous furieux et folles furieuses cit\u00e9s sur cette page !","sameAs":["https:\/\/www.facebook.com\/florent.ostermann","https:\/\/x.com\/https:\/\/twitter.com\/FlOstermann","admin"],"url":"https:\/\/dicodusport.fr\/blog\/author\/flo\/"}]}},"_links":{"self":[{"href":"https:\/\/dicodusport.fr\/blog\/wp-json\/wp\/v2\/posts\/288085","targetHints":{"allow":["GET"]}}],"collection":[{"href":"https:\/\/dicodusport.fr\/blog\/wp-json\/wp\/v2\/posts"}],"about":[{"href":"https:\/\/dicodusport.fr\/blog\/wp-json\/wp\/v2\/types\/post"}],"author":[{"embeddable":true,"href":"https:\/\/dicodusport.fr\/blog\/wp-json\/wp\/v2\/users\/4"}],"replies":[{"embeddable":true,"href":"https:\/\/dicodusport.fr\/blog\/wp-json\/wp\/v2\/comments?post=288085"}],"version-history":[{"count":1,"href":"https:\/\/dicodusport.fr\/blog\/wp-json\/wp\/v2\/posts\/288085\/revisions"}],"predecessor-version":[{"id":605037,"href":"https:\/\/dicodusport.fr\/blog\/wp-json\/wp\/v2\/posts\/288085\/revisions\/605037"}],"wp:featuredmedia":[{"embeddable":true,"href":"https:\/\/dicodusport.fr\/blog\/wp-json\/wp\/v2\/media\/288108"}],"wp:attachment":[{"href":"https:\/\/dicodusport.fr\/blog\/wp-json\/wp\/v2\/media?parent=288085"}],"wp:term":[{"taxonomy":"category","embeddable":true,"href":"https:\/\/dicodusport.fr\/blog\/wp-json\/wp\/v2\/categories?post=288085"},{"taxonomy":"post_tag","embeddable":true,"href":"https:\/\/dicodusport.fr\/blog\/wp-json\/wp\/v2\/tags?post=288085"}],"curies":[{"name":"wp","href":"https:\/\/api.w.org\/{rel}","templated":true}]}}