{"id":288240,"date":"2022-12-16T15:26:46","date_gmt":"2022-12-16T14:26:46","guid":{"rendered":"https:\/\/dicodusport.fr\/blog\/?p=288240&#038;preview=true&#038;preview_id=288240"},"modified":"2022-12-16T18:36:18","modified_gmt":"2022-12-16T17:36:18","slug":"sinisa-mihajlovic-est-mort-a-53-ans","status":"publish","type":"post","link":"https:\/\/dicodusport.fr\/blog\/sinisa-mihajlovic-est-mort-a-53-ans\/","title":{"rendered":"Sinisa Mihajlovic est mort \u00e0 53 ans"},"content":{"rendered":"<p align=\"justify\"><em><b>FOOTBALL &#8211; Sinisa Mihajlovic, l\u00e9gende du football yougoslave, est mort \u00e0 53 ans, apr\u00e8s une longue bataille contre une leuc\u00e9mie.\u00a0<\/b><\/em><\/p>\n<p align=\"justify\">Ce vendredi, la famille de la l\u00e9gende yougoslave, <strong>Sinisa Mihajlovic<\/strong>, a annonc\u00e9 la terrible nouvelle en d\u00e9but d&rsquo;apr\u00e8s-midi. Sur le communiqu\u00e9, on peut lire :<\/p>\n<blockquote>\n<p style=\"text-align: justify;\" align=\"justify\">Sa femme Arianna, ses enfants Viktorija, Virginia, Miroslav, Dusan et Nikolas, sa petite-fille Violante, sa m\u00e8re Vikyorija et son fr\u00e8re Drazen, communiquent dans la douleur la mort injuste et pr\u00e9matur\u00e9e de leur mari, p\u00e8re, fils et fr\u00e8re exemplaire, Sinisa Mihajlovic. Un homme unique, un professionnel extraordinaire, serviable et bon envers tout le monde. Il s&rsquo;est courageusement battu contre une horrible maladie. Nous remercions les m\u00e9decins et les infirmi\u00e8res qui l&rsquo;ont suivi au fil des ann\u00e9es, avec amour et respect. (&#8230;) Sinisa sera toujours avec nous.<\/p>\n<\/blockquote>\n<p align=\"justify\">D\u00e9fenseur central avec une patte gauche magnifique, <strong>Sinisa Mihajlovic<\/strong> \u00e9tait reconnu comme un des meilleurs tireurs de coups francs de l&rsquo;histoire du football. Pass\u00e9 par la <strong>Sampdoria<\/strong>, la <strong>Lazio<\/strong> <strong>Rome<\/strong> et <strong>l&rsquo;Inter<\/strong> <strong>Milan<\/strong> comme joueur, il avait ensuite encha\u00een\u00e9 avec une carri\u00e8re d&rsquo;entra\u00eeneur. Il a notamment \u00e9t\u00e9 s\u00e9lectionneur de la <strong>Serbie<\/strong> ou encore entra\u00eeneur du <strong>Milan<\/strong> <strong>AC<\/strong>. Plus r\u00e9cemment, il \u00e9tait \u00e0 la t\u00eate de Bologne et \u00e9tait encore en poste jusqu&rsquo;en septembre 2022, date de son \u00e9viction du club.<\/p>\n<blockquote class=\"twitter-tweet\">\n<p dir=\"ltr\" lang=\"fr\">\u00c2g\u00e9 de 53 ans, Sinisa Mihajlovic s\u2019est \u00e9teint aujourd\u2019hui, apr\u00e8s une longue bataille contre la leuc\u00e9mie &#x1f940;<\/p>\n<p>Que son \u00e2me repose en paix &#x2665;&#xfe0f; <a href=\"https:\/\/t.co\/Nfynf7zEaI\">pic.twitter.com\/Nfynf7zEaI<\/a><\/p>\n<p>\u2014 Instant Foot &#x26bd;&#xfe0f; (@lnstantFoot) <a href=\"https:\/\/twitter.com\/lnstantFoot\/status\/1603755376058441736?ref_src=twsrc%5Etfw\">December 16, 2022<\/a><\/p><\/blockquote>\n<p><script async src=\"https:\/\/platform.twitter.com\/widgets.js\" charset=\"utf-8\"><\/script><\/p>\n","protected":false},"excerpt":{"rendered":"<p>FOOTBALL &#8211; Sinisa Mihajlovic, l\u00e9gende du football yougoslave, est mort \u00e0 53 ans, apr\u00e8s une longue bataille contre une leuc\u00e9mie.\u00a0<\/p>\n","protected":false},"author":1,"featured_media":288350,"comment_status":"open","ping_status":"closed","sticky":false,"template":"","format":"standard","meta":{"_acf_changed":false,"_daextam_enable_autolinks":"","footnotes":""},"categories":[12712,2301],"tags":[74,75],"class_list":["post-288240","post","type-post","status-publish","format-standard","has-post-thumbnail","hentry","category-carnet-noir","category-football","tag-foot","tag-football"],"acf":[],"yoast_head":"<!-- This site is optimized with the Yoast SEO Premium plugin v26.7 (Yoast SEO v26.7) - https:\/\/yoast.com\/wordpress\/plugins\/seo\/ -->\n<title>Sinisa Mihajlovic est mort \u00e0 53 ans<\/title>\n<meta name=\"description\" content=\"FOOTBALL - Sinisa Mihajlovic, l\u00e9gende du football yougoslave, est mort \u00e0 53 ans, apr\u00e8s une longue bataille contre une leuc\u00e9mie.\u00a0\" \/>\n<meta name=\"robots\" content=\"index, follow, max-snippet:-1, max-image-preview:large, max-video-preview:-1\" \/>\n<link rel=\"canonical\" href=\"https:\/\/dicodusport.fr\/blog\/sinisa-mihajlovic-est-mort-a-53-ans\/\" \/>\n<meta property=\"og:locale\" content=\"fr_FR\" \/>\n<meta property=\"og:type\" content=\"article\" \/>\n<meta property=\"og:title\" content=\"Sinisa Mihajlovic est mort \u00e0 53 ans\" \/>\n<meta property=\"og:description\" content=\"FOOTBALL - Sinisa Mihajlovic, l\u00e9gende du football yougoslave, est mort \u00e0 53 ans, apr\u00e8s une longue bataille contre une leuc\u00e9mie.\u00a0\" \/>\n<meta property=\"og:url\" content=\"https:\/\/dicodusport.fr\/blog\/sinisa-mihajlovic-est-mort-a-53-ans\/\" \/>\n<meta property=\"og:site_name\" content=\"Dicodusport\" \/>\n<meta property=\"article:publisher\" content=\"https:\/\/www.facebook.com\/dicodusport\" \/>\n<meta property=\"article:author\" content=\"https:\/\/www.facebook.com\/dicodusport\" \/>\n<meta property=\"article:published_time\" content=\"2022-12-16T14:26:46+00:00\" \/>\n<meta property=\"article:modified_time\" content=\"2022-12-16T17:36:18+00:00\" \/>\n<meta property=\"og:image\" content=\"https:\/\/dicodusport.fr\/blog\/wp-content\/uploads\/2022\/12\/Sinisa-Mihajlovic-est-mort-a\u0300-53-ans-.png\" \/>\n\t<meta property=\"og:image:width\" content=\"800\" \/>\n\t<meta property=\"og:image:height\" content=\"445\" \/>\n\t<meta property=\"og:image:type\" content=\"image\/png\" \/>\n<meta name=\"author\" content=\"Nicolas Jacquemard\" \/>\n<meta name=\"twitter:card\" content=\"summary_large_image\" \/>\n<meta name=\"twitter:title\" content=\"Sinisa Mihajlovic est mort \u00e0 53 ans\" \/>\n<meta name=\"twitter:creator\" content=\"@https:\/\/twitter.com\/Nico_Jacquemard\" \/>\n<meta name=\"twitter:site\" content=\"@dicodusport\" \/>\n<script type=\"application\/ld+json\" class=\"yoast-schema-graph\">{\"@context\":\"https:\/\/schema.org\",\"@graph\":[{\"@type\":\"NewsArticle\",\"@id\":\"https:\/\/dicodusport.fr\/blog\/sinisa-mihajlovic-est-mort-a-53-ans\/#article\",\"isPartOf\":{\"@id\":\"https:\/\/dicodusport.fr\/blog\/sinisa-mihajlovic-est-mort-a-53-ans\/\"},\"author\":{\"name\":\"Nicolas Jacquemard\",\"@id\":\"https:\/\/dicodusport.fr\/blog\/#\/schema\/person\/55dcb50ad410894e431ed812bbb70191\"},\"headline\":\"Sinisa Mihajlovic est mort \u00e0 53 ans\",\"datePublished\":\"2022-12-16T14:26:46+00:00\",\"dateModified\":\"2022-12-16T17:36:18+00:00\",\"mainEntityOfPage\":{\"@id\":\"https:\/\/dicodusport.fr\/blog\/sinisa-mihajlovic-est-mort-a-53-ans\/\"},\"wordCount\":282,\"commentCount\":0,\"publisher\":{\"@id\":\"https:\/\/dicodusport.fr\/blog\/#organization\"},\"image\":{\"@id\":\"https:\/\/dicodusport.fr\/blog\/sinisa-mihajlovic-est-mort-a-53-ans\/#primaryimage\"},\"thumbnailUrl\":\"https:\/\/dicodusport.fr\/blog\/wp-content\/uploads\/2022\/12\/Sinisa-Mihajlovic-est-mort-a\u0300-53-ans-.png\",\"keywords\":[\"foot\",\"Football\"],\"articleSection\":[\"Carnet noir\",\"Football\"],\"inLanguage\":\"fr-FR\",\"potentialAction\":[{\"@type\":\"CommentAction\",\"name\":\"Comment\",\"target\":[\"https:\/\/dicodusport.fr\/blog\/sinisa-mihajlovic-est-mort-a-53-ans\/#respond\"]}],\"copyrightYear\":\"2022\",\"copyrightHolder\":{\"@id\":\"https:\/\/dicodusport.fr\/blog\/#organization\"}},{\"@type\":\"WebPage\",\"@id\":\"https:\/\/dicodusport.fr\/blog\/sinisa-mihajlovic-est-mort-a-53-ans\/\",\"url\":\"https:\/\/dicodusport.fr\/blog\/sinisa-mihajlovic-est-mort-a-53-ans\/\",\"name\":\"Sinisa Mihajlovic est mort \u00e0 53 ans\",\"isPartOf\":{\"@id\":\"https:\/\/dicodusport.fr\/blog\/#website\"},\"primaryImageOfPage\":{\"@id\":\"https:\/\/dicodusport.fr\/blog\/sinisa-mihajlovic-est-mort-a-53-ans\/#primaryimage\"},\"image\":{\"@id\":\"https:\/\/dicodusport.fr\/blog\/sinisa-mihajlovic-est-mort-a-53-ans\/#primaryimage\"},\"thumbnailUrl\":\"https:\/\/dicodusport.fr\/blog\/wp-content\/uploads\/2022\/12\/Sinisa-Mihajlovic-est-mort-a\u0300-53-ans-.png\",\"datePublished\":\"2022-12-16T14:26:46+00:00\",\"dateModified\":\"2022-12-16T17:36:18+00:00\",\"description\":\"FOOTBALL - Sinisa Mihajlovic, l\u00e9gende du football yougoslave, est mort \u00e0 53 ans, apr\u00e8s une longue bataille contre une leuc\u00e9mie.\u00a0\",\"breadcrumb\":{\"@id\":\"https:\/\/dicodusport.fr\/blog\/sinisa-mihajlovic-est-mort-a-53-ans\/#breadcrumb\"},\"inLanguage\":\"fr-FR\",\"potentialAction\":[{\"@type\":\"ReadAction\",\"target\":[\"https:\/\/dicodusport.fr\/blog\/sinisa-mihajlovic-est-mort-a-53-ans\/\"]}]},{\"@type\":\"ImageObject\",\"inLanguage\":\"fr-FR\",\"@id\":\"https:\/\/dicodusport.fr\/blog\/sinisa-mihajlovic-est-mort-a-53-ans\/#primaryimage\",\"url\":\"https:\/\/dicodusport.fr\/blog\/wp-content\/uploads\/2022\/12\/Sinisa-Mihajlovic-est-mort-a\u0300-53-ans-.png\",\"contentUrl\":\"https:\/\/dicodusport.fr\/blog\/wp-content\/uploads\/2022\/12\/Sinisa-Mihajlovic-est-mort-a\u0300-53-ans-.png\",\"width\":800,\"height\":445},{\"@type\":\"BreadcrumbList\",\"@id\":\"https:\/\/dicodusport.fr\/blog\/sinisa-mihajlovic-est-mort-a-53-ans\/#breadcrumb\",\"itemListElement\":[{\"@type\":\"ListItem\",\"position\":1,\"name\":\"Accueil\",\"item\":\"https:\/\/dicodusport.fr\/blog\/\"},{\"@type\":\"ListItem\",\"position\":2,\"name\":\"Sinisa Mihajlovic est mort \u00e0 53 ans\"}]},{\"@type\":\"WebSite\",\"@id\":\"https:\/\/dicodusport.fr\/blog\/#website\",\"url\":\"https:\/\/dicodusport.fr\/blog\/\",\"name\":\"Dicodusport\",\"description\":\"L&#039;encyclop\u00e9die de l&#039;actualit\u00e9 sportive\",\"publisher\":{\"@id\":\"https:\/\/dicodusport.fr\/blog\/#organization\"},\"potentialAction\":[{\"@type\":\"SearchAction\",\"target\":{\"@type\":\"EntryPoint\",\"urlTemplate\":\"https:\/\/dicodusport.fr\/blog\/?s={search_term_string}\"},\"query-input\":{\"@type\":\"PropertyValueSpecification\",\"valueRequired\":true,\"valueName\":\"search_term_string\"}}],\"inLanguage\":\"fr-FR\"},{\"@type\":\"NewsMediaOrganization\",\"@id\":\"https:\/\/dicodusport.fr\/blog\/#organization\",\"name\":\"Dicodusport\",\"url\":\"https:\/\/dicodusport.fr\/blog\/\",\"logo\":{\"@type\":\"ImageObject\",\"inLanguage\":\"fr-FR\",\"@id\":\"https:\/\/dicodusport.fr\/blog\/#\/schema\/logo\/image\/\",\"url\":\"https:\/\/dicodusport.fr\/blog\/wp-content\/uploads\/2020\/06\/cropped-LOGO-DICODUSPORT-2020-SANS-FOND-SANS-TEXTE.png\",\"contentUrl\":\"https:\/\/dicodusport.fr\/blog\/wp-content\/uploads\/2020\/06\/cropped-LOGO-DICODUSPORT-2020-SANS-FOND-SANS-TEXTE.png\",\"width\":512,\"height\":512,\"caption\":\"Dicodusport\"},\"image\":{\"@id\":\"https:\/\/dicodusport.fr\/blog\/#\/schema\/logo\/image\/\"},\"sameAs\":[\"https:\/\/www.facebook.com\/dicodusport\",\"https:\/\/x.com\/dicodusport\",\"https:\/\/www.instagram.com\/dicodusport\/\",\"https:\/\/www.youtube.com\/channel\/UC7V2KZ5sd3htJivAbA4ZG3w\"],\"description\":\"Dicodusport est l'encyclop\u00e9die de l'actualit\u00e9 sportive.\",\"email\":\"bonjour@dicodusport.fr\",\"legalName\":\"DICODUSPORT\",\"foundingDate\":\"2018-01-14\",\"vatID\":\"FR71834470973\",\"taxID\":\"83447097300043\",\"numberOfEmployees\":{\"@type\":\"QuantitativeValue\",\"minValue\":\"1\",\"maxValue\":\"10\"}},{\"@type\":\"Person\",\"@id\":\"https:\/\/dicodusport.fr\/blog\/#\/schema\/person\/55dcb50ad410894e431ed812bbb70191\",\"name\":\"Nicolas Jacquemard\",\"image\":{\"@type\":\"ImageObject\",\"inLanguage\":\"fr-FR\",\"@id\":\"https:\/\/dicodusport.fr\/blog\/#\/schema\/person\/image\/\",\"url\":\"https:\/\/dicodusport.fr\/blog\/wp-content\/uploads\/2021\/05\/Nicolas-Jacquemard-150x150.jpeg\",\"contentUrl\":\"https:\/\/dicodusport.fr\/blog\/wp-content\/uploads\/2021\/05\/Nicolas-Jacquemard-150x150.jpeg\",\"caption\":\"Nicolas Jacquemard\"},\"description\":\"Passionn\u00e9 de sport et entrepreneur depuis mes 18 ans, la cr\u00e9ation de Dicodusport m'a sembl\u00e9 \u00e9vidente pour participer \u00e0 la m\u00e9diatisation d'un plus grand nombre de sports. Le chemin est long mais avec une \u00e9quipe des plus motiv\u00e9es et les Jeux Olympiques de Paris 2024 en point de mire, nous y arriverons ! Journaliste dans le monde du sport depuis plus de 5 ans, je traite aussi bien de football, de rugby, de biathlon que de cyclisme.\",\"sameAs\":[\"https:\/\/www.facebook.com\/dicodusport\",\"https:\/\/x.com\/https:\/\/twitter.com\/Nico_Jacquemard\"],\"url\":\"https:\/\/dicodusport.fr\/blog\/author\/dicodusport\/\"}]}<\/script>\n<!-- \/ Yoast SEO Premium plugin. -->","yoast_head_json":{"title":"Sinisa Mihajlovic est mort \u00e0 53 ans","description":"FOOTBALL - Sinisa Mihajlovic, l\u00e9gende du football yougoslave, est mort \u00e0 53 ans, apr\u00e8s une longue bataille contre une leuc\u00e9mie.\u00a0","robots":{"index":"index","follow":"follow","max-snippet":"max-snippet:-1","max-image-preview":"max-image-preview:large","max-video-preview":"max-video-preview:-1"},"canonical":"https:\/\/dicodusport.fr\/blog\/sinisa-mihajlovic-est-mort-a-53-ans\/","og_locale":"fr_FR","og_type":"article","og_title":"Sinisa Mihajlovic est mort \u00e0 53 ans","og_description":"FOOTBALL - Sinisa Mihajlovic, l\u00e9gende du football yougoslave, est mort \u00e0 53 ans, apr\u00e8s une longue bataille contre une leuc\u00e9mie.\u00a0","og_url":"https:\/\/dicodusport.fr\/blog\/sinisa-mihajlovic-est-mort-a-53-ans\/","og_site_name":"Dicodusport","article_publisher":"https:\/\/www.facebook.com\/dicodusport","article_author":"https:\/\/www.facebook.com\/dicodusport","article_published_time":"2022-12-16T14:26:46+00:00","article_modified_time":"2022-12-16T17:36:18+00:00","og_image":[{"width":800,"height":445,"url":"https:\/\/dicodusport.fr\/blog\/wp-content\/uploads\/2022\/12\/Sinisa-Mihajlovic-est-mort-a\u0300-53-ans-.png","type":"image\/png"}],"author":"Nicolas Jacquemard","twitter_card":"summary_large_image","twitter_title":"Sinisa Mihajlovic est mort \u00e0 53 ans","twitter_creator":"@https:\/\/twitter.com\/Nico_Jacquemard","twitter_site":"@dicodusport","schema":{"@context":"https:\/\/schema.org","@graph":[{"@type":"NewsArticle","@id":"https:\/\/dicodusport.fr\/blog\/sinisa-mihajlovic-est-mort-a-53-ans\/#article","isPartOf":{"@id":"https:\/\/dicodusport.fr\/blog\/sinisa-mihajlovic-est-mort-a-53-ans\/"},"author":{"name":"Nicolas Jacquemard","@id":"https:\/\/dicodusport.fr\/blog\/#\/schema\/person\/55dcb50ad410894e431ed812bbb70191"},"headline":"Sinisa Mihajlovic est mort \u00e0 53 ans","datePublished":"2022-12-16T14:26:46+00:00","dateModified":"2022-12-16T17:36:18+00:00","mainEntityOfPage":{"@id":"https:\/\/dicodusport.fr\/blog\/sinisa-mihajlovic-est-mort-a-53-ans\/"},"wordCount":282,"commentCount":0,"publisher":{"@id":"https:\/\/dicodusport.fr\/blog\/#organization"},"image":{"@id":"https:\/\/dicodusport.fr\/blog\/sinisa-mihajlovic-est-mort-a-53-ans\/#primaryimage"},"thumbnailUrl":"https:\/\/dicodusport.fr\/blog\/wp-content\/uploads\/2022\/12\/Sinisa-Mihajlovic-est-mort-a\u0300-53-ans-.png","keywords":["foot","Football"],"articleSection":["Carnet noir","Football"],"inLanguage":"fr-FR","potentialAction":[{"@type":"CommentAction","name":"Comment","target":["https:\/\/dicodusport.fr\/blog\/sinisa-mihajlovic-est-mort-a-53-ans\/#respond"]}],"copyrightYear":"2022","copyrightHolder":{"@id":"https:\/\/dicodusport.fr\/blog\/#organization"}},{"@type":"WebPage","@id":"https:\/\/dicodusport.fr\/blog\/sinisa-mihajlovic-est-mort-a-53-ans\/","url":"https:\/\/dicodusport.fr\/blog\/sinisa-mihajlovic-est-mort-a-53-ans\/","name":"Sinisa Mihajlovic est mort \u00e0 53 ans","isPartOf":{"@id":"https:\/\/dicodusport.fr\/blog\/#website"},"primaryImageOfPage":{"@id":"https:\/\/dicodusport.fr\/blog\/sinisa-mihajlovic-est-mort-a-53-ans\/#primaryimage"},"image":{"@id":"https:\/\/dicodusport.fr\/blog\/sinisa-mihajlovic-est-mort-a-53-ans\/#primaryimage"},"thumbnailUrl":"https:\/\/dicodusport.fr\/blog\/wp-content\/uploads\/2022\/12\/Sinisa-Mihajlovic-est-mort-a\u0300-53-ans-.png","datePublished":"2022-12-16T14:26:46+00:00","dateModified":"2022-12-16T17:36:18+00:00","description":"FOOTBALL - Sinisa Mihajlovic, l\u00e9gende du football yougoslave, est mort \u00e0 53 ans, apr\u00e8s une longue bataille contre une leuc\u00e9mie.\u00a0","breadcrumb":{"@id":"https:\/\/dicodusport.fr\/blog\/sinisa-mihajlovic-est-mort-a-53-ans\/#breadcrumb"},"inLanguage":"fr-FR","potentialAction":[{"@type":"ReadAction","target":["https:\/\/dicodusport.fr\/blog\/sinisa-mihajlovic-est-mort-a-53-ans\/"]}]},{"@type":"ImageObject","inLanguage":"fr-FR","@id":"https:\/\/dicodusport.fr\/blog\/sinisa-mihajlovic-est-mort-a-53-ans\/#primaryimage","url":"https:\/\/dicodusport.fr\/blog\/wp-content\/uploads\/2022\/12\/Sinisa-Mihajlovic-est-mort-a\u0300-53-ans-.png","contentUrl":"https:\/\/dicodusport.fr\/blog\/wp-content\/uploads\/2022\/12\/Sinisa-Mihajlovic-est-mort-a\u0300-53-ans-.png","width":800,"height":445},{"@type":"BreadcrumbList","@id":"https:\/\/dicodusport.fr\/blog\/sinisa-mihajlovic-est-mort-a-53-ans\/#breadcrumb","itemListElement":[{"@type":"ListItem","position":1,"name":"Accueil","item":"https:\/\/dicodusport.fr\/blog\/"},{"@type":"ListItem","position":2,"name":"Sinisa Mihajlovic est mort \u00e0 53 ans"}]},{"@type":"WebSite","@id":"https:\/\/dicodusport.fr\/blog\/#website","url":"https:\/\/dicodusport.fr\/blog\/","name":"Dicodusport","description":"L&#039;encyclop\u00e9die de l&#039;actualit\u00e9 sportive","publisher":{"@id":"https:\/\/dicodusport.fr\/blog\/#organization"},"potentialAction":[{"@type":"SearchAction","target":{"@type":"EntryPoint","urlTemplate":"https:\/\/dicodusport.fr\/blog\/?s={search_term_string}"},"query-input":{"@type":"PropertyValueSpecification","valueRequired":true,"valueName":"search_term_string"}}],"inLanguage":"fr-FR"},{"@type":"NewsMediaOrganization","@id":"https:\/\/dicodusport.fr\/blog\/#organization","name":"Dicodusport","url":"https:\/\/dicodusport.fr\/blog\/","logo":{"@type":"ImageObject","inLanguage":"fr-FR","@id":"https:\/\/dicodusport.fr\/blog\/#\/schema\/logo\/image\/","url":"https:\/\/dicodusport.fr\/blog\/wp-content\/uploads\/2020\/06\/cropped-LOGO-DICODUSPORT-2020-SANS-FOND-SANS-TEXTE.png","contentUrl":"https:\/\/dicodusport.fr\/blog\/wp-content\/uploads\/2020\/06\/cropped-LOGO-DICODUSPORT-2020-SANS-FOND-SANS-TEXTE.png","width":512,"height":512,"caption":"Dicodusport"},"image":{"@id":"https:\/\/dicodusport.fr\/blog\/#\/schema\/logo\/image\/"},"sameAs":["https:\/\/www.facebook.com\/dicodusport","https:\/\/x.com\/dicodusport","https:\/\/www.instagram.com\/dicodusport\/","https:\/\/www.youtube.com\/channel\/UC7V2KZ5sd3htJivAbA4ZG3w"],"description":"Dicodusport est l'encyclop\u00e9die de l'actualit\u00e9 sportive.","email":"bonjour@dicodusport.fr","legalName":"DICODUSPORT","foundingDate":"2018-01-14","vatID":"FR71834470973","taxID":"83447097300043","numberOfEmployees":{"@type":"QuantitativeValue","minValue":"1","maxValue":"10"}},{"@type":"Person","@id":"https:\/\/dicodusport.fr\/blog\/#\/schema\/person\/55dcb50ad410894e431ed812bbb70191","name":"Nicolas Jacquemard","image":{"@type":"ImageObject","inLanguage":"fr-FR","@id":"https:\/\/dicodusport.fr\/blog\/#\/schema\/person\/image\/","url":"https:\/\/dicodusport.fr\/blog\/wp-content\/uploads\/2021\/05\/Nicolas-Jacquemard-150x150.jpeg","contentUrl":"https:\/\/dicodusport.fr\/blog\/wp-content\/uploads\/2021\/05\/Nicolas-Jacquemard-150x150.jpeg","caption":"Nicolas Jacquemard"},"description":"Passionn\u00e9 de sport et entrepreneur depuis mes 18 ans, la cr\u00e9ation de Dicodusport m'a sembl\u00e9 \u00e9vidente pour participer \u00e0 la m\u00e9diatisation d'un plus grand nombre de sports. Le chemin est long mais avec une \u00e9quipe des plus motiv\u00e9es et les Jeux Olympiques de Paris 2024 en point de mire, nous y arriverons ! Journaliste dans le monde du sport depuis plus de 5 ans, je traite aussi bien de football, de rugby, de biathlon que de cyclisme.","sameAs":["https:\/\/www.facebook.com\/dicodusport","https:\/\/x.com\/https:\/\/twitter.com\/Nico_Jacquemard"],"url":"https:\/\/dicodusport.fr\/blog\/author\/dicodusport\/"}]}},"_links":{"self":[{"href":"https:\/\/dicodusport.fr\/blog\/wp-json\/wp\/v2\/posts\/288240","targetHints":{"allow":["GET"]}}],"collection":[{"href":"https:\/\/dicodusport.fr\/blog\/wp-json\/wp\/v2\/posts"}],"about":[{"href":"https:\/\/dicodusport.fr\/blog\/wp-json\/wp\/v2\/types\/post"}],"author":[{"embeddable":true,"href":"https:\/\/dicodusport.fr\/blog\/wp-json\/wp\/v2\/users\/1"}],"replies":[{"embeddable":true,"href":"https:\/\/dicodusport.fr\/blog\/wp-json\/wp\/v2\/comments?post=288240"}],"version-history":[{"count":0,"href":"https:\/\/dicodusport.fr\/blog\/wp-json\/wp\/v2\/posts\/288240\/revisions"}],"wp:featuredmedia":[{"embeddable":true,"href":"https:\/\/dicodusport.fr\/blog\/wp-json\/wp\/v2\/media\/288350"}],"wp:attachment":[{"href":"https:\/\/dicodusport.fr\/blog\/wp-json\/wp\/v2\/media?parent=288240"}],"wp:term":[{"taxonomy":"category","embeddable":true,"href":"https:\/\/dicodusport.fr\/blog\/wp-json\/wp\/v2\/categories?post=288240"},{"taxonomy":"post_tag","embeddable":true,"href":"https:\/\/dicodusport.fr\/blog\/wp-json\/wp\/v2\/tags?post=288240"}],"curies":[{"name":"wp","href":"https:\/\/api.w.org\/{rel}","templated":true}]}}