{"id":288314,"date":"2022-12-16T13:47:40","date_gmt":"2022-12-16T12:47:40","guid":{"rendered":"https:\/\/dicodusport.fr\/blog\/?p=288314&#038;preview=true&#038;preview_id=288314"},"modified":"2022-12-16T14:17:50","modified_gmt":"2022-12-16T13:17:50","slug":"coupe-du-monde-ski-de-bosses-perrine-laffont-deuxieme-a-laple-dhuez","status":"publish","type":"post","link":"https:\/\/dicodusport.fr\/blog\/coupe-du-monde-ski-de-bosses-perrine-laffont-deuxieme-a-laple-dhuez\/","title":{"rendered":"Coupe du monde ski de bosses : Perrine Laffont deuxi\u00e8me \u00e0 l&rsquo;Alpe d&rsquo;Huez"},"content":{"rendered":"<p align=\"justify\"><em><b>COUPE DU MONDE DE SKI DE BOSSES &#8211; N&rsquo;ayant jamais quitt\u00e9 le podium depuis le d\u00e9but de la saison, la Fran\u00e7aise Perrine Laffont a r\u00e9it\u00e9r\u00e9 la performance \u00e0 domicile. Elle termine juste derri\u00e8re l&rsquo;impressionnante Jakara Anthony. L&rsquo;Am\u00e9ricaine Elizabeth Lemley compl\u00e8te le podium.<\/b><\/em><\/p>\n<p align=\"justify\">Depuis le d\u00e9but de la saison,<strong> Perrine Laffont<\/strong> retrouve go\u00fbt \u00e0 la comp\u00e9tition et ne quitte plus le podium. N\u00e9anmoins, elle ne compte pas encore de victoire, apr\u00e8s 3 manches r\u00e9parties en 2 \u00e9tapes, dont une \u00e9preuve de bosses parall\u00e8le \u00e0 Idre Fj\u00e4ll la semaine pass\u00e9e, <a href=\"https:\/\/dicodusport.fr\/blog\/coupe-du-monde-ski-de-bosses-perrine-laffont-de-nouveau-troisieme-a-idre-fjall\/\">sur laquelle l&rsquo;Ari\u00e9geoise a pris la troisi\u00e8me place<\/a>.<\/p>\n<h2 style=\"text-align: justify;\" align=\"justify\">Quatri\u00e8me podium pour Laffont<\/h2>\n<p align=\"justify\">Aujourd&rsquo;hui, la Fran\u00e7aise a facilement r\u00e9ussi \u00e0 se qualifier avec un score de 77.80 points, soit le troisi\u00e8me meilleur run de toutes les filles. Lors de la premi\u00e8re manche de la finale, elle n&rsquo;a pas pris de risque et a \u00e9t\u00e9 tr\u00e8s propre, ce qui lui a valu un run \u00e0 75.81 points. \u00c0 l&rsquo;occasion de la super-finale, l&rsquo;Am\u00e9ricaine <strong>Jaelin Kauf<\/strong> s&rsquo;est \u00e9lanc\u00e9e et s&rsquo;est loup\u00e9e. Ensuite, l&rsquo;actuelle intouchable <strong>Jakara Anthony<\/strong> a remport\u00e9 sa troisi\u00e8me victoire de la saison avec un score de 79.70 points. L&rsquo;Am\u00e9ricaine <strong>Elizabeth Lemley<\/strong> compl\u00e8te le podium.<\/p>\n<p align=\"justify\">Rappelons que <strong>Perrine Laffont<\/strong> avait lourdement chut\u00e9 ici, \u00e0 domicile, l&rsquo;ann\u00e9e derni\u00e8re. Au micro de <em>La Cha\u00eene L&rsquo;\u00c9quipe<\/em>, la Tricolore se r\u00e9jouissait de ce podium, regrettant n\u00e9anmoins de <em>\u00ab ne pas r\u00e9ussir, pour le moment, \u00e0 l\u00e2cher de gros sauts \u00bb<\/em>. La championne olympique 2018 pourra prendre sa revanche d\u00e8s demain, sur les bosses parall\u00e8les.<\/p>\n<blockquote class=\"twitter-tweet\">\n<p dir=\"ltr\" lang=\"fr\"> \u0302 ! <\/p>\n<p>Pour la 4\u00e8me fois de la saison, Perrine Laffont monte sur le podium. Elle termine 2\u00e8me \u00e0 l&rsquo;Alpe d&rsquo;Huez, quel d\u00e9but de saison ! <\/p>\n<p> Agence Zoom<a href=\"https:\/\/twitter.com\/hashtag\/EspritGlisse?src=hash&amp;ref_src=twsrc%5Etfw\">#EspritGlisse<\/a> <a href=\"https:\/\/twitter.com\/hashtag\/skidebosses?src=hash&amp;ref_src=twsrc%5Etfw\">#skidebosses<\/a> <a href=\"https:\/\/t.co\/clxyztrvir\">pic.twitter.com\/clxyztrvir<\/a><\/p>\n<p>\u2014 Esprit Glisse Caisse d\u2019Epargne (@EspritGlisse) <a href=\"https:\/\/twitter.com\/EspritGlisse\/status\/1603739505638400005?ref_src=twsrc%5Etfw\">December 16, 2022<\/a><\/p><\/blockquote>\n<p><script async src=\"https:\/\/platform.twitter.com\/widgets.js\" charset=\"utf-8\"><\/script><\/p>\n<p align=\"justify\">Chez les hommes, le roi canadien <strong>Mikael Kingsbury<\/strong> a \u00e9t\u00e9 battu aujourd&rsquo;hui. C&rsquo;est le Japonais <strong>Ikuma Horishima<\/strong> qui a fait un tr\u00e8s bon run, scor\u00e9 \u00e0 82.66 points contre 80.85 points pour le Nord-Am\u00e9ricain. Le Fran\u00e7ais <strong>Benjamin Cavet<\/strong> a aussi fait un beau run et termine au pied du podium, \u00e0 la quatri\u00e8me place.<\/p>\n<p>&nbsp;<\/p>\n","protected":false},"excerpt":{"rendered":"<p>COUPE DU MONDE DE SKI DE BOSSES &#8211; N&rsquo;ayant jamais quitt\u00e9 le podium depuis le d\u00e9but de la saison, la Fran\u00e7aise Perrine Laffont a r\u00e9it\u00e9r\u00e9 la performance \u00e0 domicile. Elle termine juste derri\u00e8re l&rsquo;impressionnante Jakara Anthony. L&rsquo;Am\u00e9ricaine Elizabeth Lemley compl\u00e8te le podium.<\/p>\n","protected":false},"author":54,"featured_media":287424,"comment_status":"open","ping_status":"closed","sticky":false,"template":"","format":"standard","meta":{"_acf_changed":false,"_daextam_enable_autolinks":"","footnotes":""},"categories":[9217],"tags":[3741,3262,3263],"class_list":["post-288314","post","type-post","status-publish","format-standard","has-post-thumbnail","hentry","category-ski","tag-benjamin-cavet","tag-perrine-laffont","tag-ski-de-bosses"],"acf":[],"yoast_head":"<!-- This site is optimized with the Yoast SEO Premium plugin v26.7 (Yoast SEO v26.7) - https:\/\/yoast.com\/wordpress\/plugins\/seo\/ -->\n<title>Coupe du monde ski de bosses : Perrine Laffont deuxi\u00e8me \u00e0 l&#039;Alpe d&#039;Huez<\/title>\n<meta name=\"description\" content=\"COUPE DU MONDE DE SKI DE BOSSES - La Fran\u00e7aise Perrine Laffont a termin\u00e9 deuxi\u00e8me \u00e0 domicile, \u00e0 l&#039;Alpe d&#039;Huez.\" \/>\n<meta name=\"robots\" content=\"index, follow, max-snippet:-1, max-image-preview:large, max-video-preview:-1\" \/>\n<link rel=\"canonical\" href=\"https:\/\/dicodusport.fr\/blog\/coupe-du-monde-ski-de-bosses-perrine-laffont-deuxieme-a-laple-dhuez\/\" \/>\n<meta property=\"og:locale\" content=\"fr_FR\" \/>\n<meta property=\"og:type\" content=\"article\" \/>\n<meta property=\"og:title\" content=\"Coupe du monde ski de bosses : Perrine Laffont deuxi\u00e8me \u00e0 l&#039;Alpe d&#039;Huez\" \/>\n<meta property=\"og:description\" content=\"COUPE DU MONDE DE SKI DE BOSSES - La Fran\u00e7aise Perrine Laffont a termin\u00e9 deuxi\u00e8me \u00e0 domicile, \u00e0 l&#039;Alpe d&#039;Huez.\" \/>\n<meta property=\"og:url\" content=\"https:\/\/dicodusport.fr\/blog\/coupe-du-monde-ski-de-bosses-perrine-laffont-deuxieme-a-laple-dhuez\/\" \/>\n<meta property=\"og:site_name\" content=\"Dicodusport\" \/>\n<meta property=\"article:publisher\" content=\"https:\/\/www.facebook.com\/dicodusport\" \/>\n<meta property=\"article:author\" content=\"https:\/\/www.facebook.com\/roxane.lecacher\" \/>\n<meta property=\"article:published_time\" content=\"2022-12-16T12:47:40+00:00\" \/>\n<meta property=\"article:modified_time\" content=\"2022-12-16T13:17:50+00:00\" \/>\n<meta property=\"og:image\" content=\"https:\/\/dicodusport.fr\/blog\/wp-content\/uploads\/2022\/12\/Coupe-du-monde-ski-de-bosses-Perrine-Laffont-de-nouveau-troisieme-a-Idre-Fjall.png\" \/>\n\t<meta property=\"og:image:width\" content=\"800\" \/>\n\t<meta property=\"og:image:height\" content=\"445\" \/>\n\t<meta property=\"og:image:type\" content=\"image\/png\" \/>\n<meta name=\"author\" content=\"Roxane Lecacher\" \/>\n<meta name=\"twitter:card\" content=\"summary_large_image\" \/>\n<meta name=\"twitter:title\" content=\"Coupe du monde ski de bosses : Perrine Laffont deuxi\u00e8me \u00e0 l&#039;Alpe d&#039;Huez\" \/>\n<meta name=\"twitter:creator\" content=\"@dicodusport\" \/>\n<meta name=\"twitter:site\" content=\"@dicodusport\" \/>\n<script type=\"application\/ld+json\" class=\"yoast-schema-graph\">{\"@context\":\"https:\/\/schema.org\",\"@graph\":[{\"@type\":\"NewsArticle\",\"@id\":\"https:\/\/dicodusport.fr\/blog\/coupe-du-monde-ski-de-bosses-perrine-laffont-deuxieme-a-laple-dhuez\/#article\",\"isPartOf\":{\"@id\":\"https:\/\/dicodusport.fr\/blog\/coupe-du-monde-ski-de-bosses-perrine-laffont-deuxieme-a-laple-dhuez\/\"},\"author\":{\"name\":\"Roxane Lecacher\",\"@id\":\"https:\/\/dicodusport.fr\/blog\/#\/schema\/person\/819fb2545dd2715bd7c0580d6d4b411a\"},\"headline\":\"Coupe du monde ski de bosses : Perrine Laffont deuxi\u00e8me \u00e0 l&rsquo;Alpe d&rsquo;Huez\",\"datePublished\":\"2022-12-16T12:47:40+00:00\",\"dateModified\":\"2022-12-16T13:17:50+00:00\",\"mainEntityOfPage\":{\"@id\":\"https:\/\/dicodusport.fr\/blog\/coupe-du-monde-ski-de-bosses-perrine-laffont-deuxieme-a-laple-dhuez\/\"},\"wordCount\":394,\"commentCount\":0,\"publisher\":{\"@id\":\"https:\/\/dicodusport.fr\/blog\/#organization\"},\"image\":{\"@id\":\"https:\/\/dicodusport.fr\/blog\/coupe-du-monde-ski-de-bosses-perrine-laffont-deuxieme-a-laple-dhuez\/#primaryimage\"},\"thumbnailUrl\":\"https:\/\/dicodusport.fr\/blog\/wp-content\/uploads\/2022\/12\/Coupe-du-monde-ski-de-bosses-Perrine-Laffont-de-nouveau-troisieme-a-Idre-Fjall.png\",\"keywords\":[\"Benjamin Cavet\",\"Perrine Laffont\",\"ski de bosses\"],\"articleSection\":[\"Ski\"],\"inLanguage\":\"fr-FR\",\"potentialAction\":[{\"@type\":\"CommentAction\",\"name\":\"Comment\",\"target\":[\"https:\/\/dicodusport.fr\/blog\/coupe-du-monde-ski-de-bosses-perrine-laffont-deuxieme-a-laple-dhuez\/#respond\"]}],\"copyrightYear\":\"2022\",\"copyrightHolder\":{\"@id\":\"https:\/\/dicodusport.fr\/blog\/#organization\"}},{\"@type\":\"WebPage\",\"@id\":\"https:\/\/dicodusport.fr\/blog\/coupe-du-monde-ski-de-bosses-perrine-laffont-deuxieme-a-laple-dhuez\/\",\"url\":\"https:\/\/dicodusport.fr\/blog\/coupe-du-monde-ski-de-bosses-perrine-laffont-deuxieme-a-laple-dhuez\/\",\"name\":\"Coupe du monde ski de bosses : Perrine Laffont deuxi\u00e8me \u00e0 l'Alpe d'Huez\",\"isPartOf\":{\"@id\":\"https:\/\/dicodusport.fr\/blog\/#website\"},\"primaryImageOfPage\":{\"@id\":\"https:\/\/dicodusport.fr\/blog\/coupe-du-monde-ski-de-bosses-perrine-laffont-deuxieme-a-laple-dhuez\/#primaryimage\"},\"image\":{\"@id\":\"https:\/\/dicodusport.fr\/blog\/coupe-du-monde-ski-de-bosses-perrine-laffont-deuxieme-a-laple-dhuez\/#primaryimage\"},\"thumbnailUrl\":\"https:\/\/dicodusport.fr\/blog\/wp-content\/uploads\/2022\/12\/Coupe-du-monde-ski-de-bosses-Perrine-Laffont-de-nouveau-troisieme-a-Idre-Fjall.png\",\"datePublished\":\"2022-12-16T12:47:40+00:00\",\"dateModified\":\"2022-12-16T13:17:50+00:00\",\"description\":\"COUPE DU MONDE DE SKI DE BOSSES - La Fran\u00e7aise Perrine Laffont a termin\u00e9 deuxi\u00e8me \u00e0 domicile, \u00e0 l'Alpe d'Huez.\",\"breadcrumb\":{\"@id\":\"https:\/\/dicodusport.fr\/blog\/coupe-du-monde-ski-de-bosses-perrine-laffont-deuxieme-a-laple-dhuez\/#breadcrumb\"},\"inLanguage\":\"fr-FR\",\"potentialAction\":[{\"@type\":\"ReadAction\",\"target\":[\"https:\/\/dicodusport.fr\/blog\/coupe-du-monde-ski-de-bosses-perrine-laffont-deuxieme-a-laple-dhuez\/\"]}]},{\"@type\":\"ImageObject\",\"inLanguage\":\"fr-FR\",\"@id\":\"https:\/\/dicodusport.fr\/blog\/coupe-du-monde-ski-de-bosses-perrine-laffont-deuxieme-a-laple-dhuez\/#primaryimage\",\"url\":\"https:\/\/dicodusport.fr\/blog\/wp-content\/uploads\/2022\/12\/Coupe-du-monde-ski-de-bosses-Perrine-Laffont-de-nouveau-troisieme-a-Idre-Fjall.png\",\"contentUrl\":\"https:\/\/dicodusport.fr\/blog\/wp-content\/uploads\/2022\/12\/Coupe-du-monde-ski-de-bosses-Perrine-Laffont-de-nouveau-troisieme-a-Idre-Fjall.png\",\"width\":800,\"height\":445,\"caption\":\"Mondiaux ski de bosses Perrine Laffont conserve son titre mondial en bosses individuelles\"},{\"@type\":\"BreadcrumbList\",\"@id\":\"https:\/\/dicodusport.fr\/blog\/coupe-du-monde-ski-de-bosses-perrine-laffont-deuxieme-a-laple-dhuez\/#breadcrumb\",\"itemListElement\":[{\"@type\":\"ListItem\",\"position\":1,\"name\":\"Accueil\",\"item\":\"https:\/\/dicodusport.fr\/blog\/\"},{\"@type\":\"ListItem\",\"position\":2,\"name\":\"Coupe du monde ski de bosses : Perrine Laffont deuxi\u00e8me \u00e0 l&rsquo;Alpe d&rsquo;Huez\"}]},{\"@type\":\"WebSite\",\"@id\":\"https:\/\/dicodusport.fr\/blog\/#website\",\"url\":\"https:\/\/dicodusport.fr\/blog\/\",\"name\":\"Dicodusport\",\"description\":\"L&#039;encyclop\u00e9die de l&#039;actualit\u00e9 sportive\",\"publisher\":{\"@id\":\"https:\/\/dicodusport.fr\/blog\/#organization\"},\"potentialAction\":[{\"@type\":\"SearchAction\",\"target\":{\"@type\":\"EntryPoint\",\"urlTemplate\":\"https:\/\/dicodusport.fr\/blog\/?s={search_term_string}\"},\"query-input\":{\"@type\":\"PropertyValueSpecification\",\"valueRequired\":true,\"valueName\":\"search_term_string\"}}],\"inLanguage\":\"fr-FR\"},{\"@type\":\"NewsMediaOrganization\",\"@id\":\"https:\/\/dicodusport.fr\/blog\/#organization\",\"name\":\"Dicodusport\",\"url\":\"https:\/\/dicodusport.fr\/blog\/\",\"logo\":{\"@type\":\"ImageObject\",\"inLanguage\":\"fr-FR\",\"@id\":\"https:\/\/dicodusport.fr\/blog\/#\/schema\/logo\/image\/\",\"url\":\"https:\/\/dicodusport.fr\/blog\/wp-content\/uploads\/2020\/06\/cropped-LOGO-DICODUSPORT-2020-SANS-FOND-SANS-TEXTE.png\",\"contentUrl\":\"https:\/\/dicodusport.fr\/blog\/wp-content\/uploads\/2020\/06\/cropped-LOGO-DICODUSPORT-2020-SANS-FOND-SANS-TEXTE.png\",\"width\":512,\"height\":512,\"caption\":\"Dicodusport\"},\"image\":{\"@id\":\"https:\/\/dicodusport.fr\/blog\/#\/schema\/logo\/image\/\"},\"sameAs\":[\"https:\/\/www.facebook.com\/dicodusport\",\"https:\/\/x.com\/dicodusport\",\"https:\/\/www.instagram.com\/dicodusport\/\",\"https:\/\/www.youtube.com\/channel\/UC7V2KZ5sd3htJivAbA4ZG3w\"],\"description\":\"Dicodusport est l'encyclop\u00e9die de l'actualit\u00e9 sportive.\",\"email\":\"bonjour@dicodusport.fr\",\"legalName\":\"DICODUSPORT\",\"foundingDate\":\"2018-01-14\",\"vatID\":\"FR71834470973\",\"taxID\":\"83447097300043\",\"numberOfEmployees\":{\"@type\":\"QuantitativeValue\",\"minValue\":\"1\",\"maxValue\":\"10\"}},{\"@type\":\"Person\",\"@id\":\"https:\/\/dicodusport.fr\/blog\/#\/schema\/person\/819fb2545dd2715bd7c0580d6d4b411a\",\"name\":\"Roxane Lecacher\",\"image\":{\"@type\":\"ImageObject\",\"inLanguage\":\"fr-FR\",\"@id\":\"https:\/\/dicodusport.fr\/blog\/#\/schema\/person\/image\/\",\"url\":\"https:\/\/dicodusport.fr\/blog\/wp-content\/uploads\/2021\/05\/Roxane-Lecacher-150x150.jpg\",\"contentUrl\":\"https:\/\/dicodusport.fr\/blog\/wp-content\/uploads\/2021\/05\/Roxane-Lecacher-150x150.jpg\",\"caption\":\"Roxane Lecacher\"},\"description\":\"Journaliste\/r\u00e9dactrice depuis janvier 2021 - N\u00e9e quelques jours avant la premi\u00e8re \u00e9toile des Bleus, je baigne dans une famille tr\u00e8s sportive. Je n\u2019ai eu d\u2019autres choix que de me passionner pour le sujet. Pratiquante de l\u2019athl\u00e9tisme depuis toute petite, j\u2019ai aussi un attrait tout particulier pour la Formule 1, le biathlon et le foot. Pendant les grands \u00e9v\u00e9nements, il est impossible de d\u00e9crocher de ma t\u00e9l\u00e9. C\u2019est \u00e0 travers Dicodusport que j\u2019aime d\u00e9sormais vous transmettre mes \u00e9motions et ma passion.\",\"sameAs\":[\"https:\/\/www.facebook.com\/roxane.lecacher\",\"https:\/\/fr.linkedin.com\/in\/roxane-lecacher-23368313b\"],\"url\":\"https:\/\/dicodusport.fr\/blog\/author\/roxanel\/\"}]}<\/script>\n<!-- \/ Yoast SEO Premium plugin. -->","yoast_head_json":{"title":"Coupe du monde ski de bosses : Perrine Laffont deuxi\u00e8me \u00e0 l'Alpe d'Huez","description":"COUPE DU MONDE DE SKI DE BOSSES - La Fran\u00e7aise Perrine Laffont a termin\u00e9 deuxi\u00e8me \u00e0 domicile, \u00e0 l'Alpe d'Huez.","robots":{"index":"index","follow":"follow","max-snippet":"max-snippet:-1","max-image-preview":"max-image-preview:large","max-video-preview":"max-video-preview:-1"},"canonical":"https:\/\/dicodusport.fr\/blog\/coupe-du-monde-ski-de-bosses-perrine-laffont-deuxieme-a-laple-dhuez\/","og_locale":"fr_FR","og_type":"article","og_title":"Coupe du monde ski de bosses : Perrine Laffont deuxi\u00e8me \u00e0 l'Alpe d'Huez","og_description":"COUPE DU MONDE DE SKI DE BOSSES - La Fran\u00e7aise Perrine Laffont a termin\u00e9 deuxi\u00e8me \u00e0 domicile, \u00e0 l'Alpe d'Huez.","og_url":"https:\/\/dicodusport.fr\/blog\/coupe-du-monde-ski-de-bosses-perrine-laffont-deuxieme-a-laple-dhuez\/","og_site_name":"Dicodusport","article_publisher":"https:\/\/www.facebook.com\/dicodusport","article_author":"https:\/\/www.facebook.com\/roxane.lecacher","article_published_time":"2022-12-16T12:47:40+00:00","article_modified_time":"2022-12-16T13:17:50+00:00","og_image":[{"width":800,"height":445,"url":"https:\/\/dicodusport.fr\/blog\/wp-content\/uploads\/2022\/12\/Coupe-du-monde-ski-de-bosses-Perrine-Laffont-de-nouveau-troisieme-a-Idre-Fjall.png","type":"image\/png"}],"author":"Roxane Lecacher","twitter_card":"summary_large_image","twitter_title":"Coupe du monde ski de bosses : Perrine Laffont deuxi\u00e8me \u00e0 l'Alpe d'Huez","twitter_creator":"@dicodusport","twitter_site":"@dicodusport","schema":{"@context":"https:\/\/schema.org","@graph":[{"@type":"NewsArticle","@id":"https:\/\/dicodusport.fr\/blog\/coupe-du-monde-ski-de-bosses-perrine-laffont-deuxieme-a-laple-dhuez\/#article","isPartOf":{"@id":"https:\/\/dicodusport.fr\/blog\/coupe-du-monde-ski-de-bosses-perrine-laffont-deuxieme-a-laple-dhuez\/"},"author":{"name":"Roxane Lecacher","@id":"https:\/\/dicodusport.fr\/blog\/#\/schema\/person\/819fb2545dd2715bd7c0580d6d4b411a"},"headline":"Coupe du monde ski de bosses : Perrine Laffont deuxi\u00e8me \u00e0 l&rsquo;Alpe d&rsquo;Huez","datePublished":"2022-12-16T12:47:40+00:00","dateModified":"2022-12-16T13:17:50+00:00","mainEntityOfPage":{"@id":"https:\/\/dicodusport.fr\/blog\/coupe-du-monde-ski-de-bosses-perrine-laffont-deuxieme-a-laple-dhuez\/"},"wordCount":394,"commentCount":0,"publisher":{"@id":"https:\/\/dicodusport.fr\/blog\/#organization"},"image":{"@id":"https:\/\/dicodusport.fr\/blog\/coupe-du-monde-ski-de-bosses-perrine-laffont-deuxieme-a-laple-dhuez\/#primaryimage"},"thumbnailUrl":"https:\/\/dicodusport.fr\/blog\/wp-content\/uploads\/2022\/12\/Coupe-du-monde-ski-de-bosses-Perrine-Laffont-de-nouveau-troisieme-a-Idre-Fjall.png","keywords":["Benjamin Cavet","Perrine Laffont","ski de bosses"],"articleSection":["Ski"],"inLanguage":"fr-FR","potentialAction":[{"@type":"CommentAction","name":"Comment","target":["https:\/\/dicodusport.fr\/blog\/coupe-du-monde-ski-de-bosses-perrine-laffont-deuxieme-a-laple-dhuez\/#respond"]}],"copyrightYear":"2022","copyrightHolder":{"@id":"https:\/\/dicodusport.fr\/blog\/#organization"}},{"@type":"WebPage","@id":"https:\/\/dicodusport.fr\/blog\/coupe-du-monde-ski-de-bosses-perrine-laffont-deuxieme-a-laple-dhuez\/","url":"https:\/\/dicodusport.fr\/blog\/coupe-du-monde-ski-de-bosses-perrine-laffont-deuxieme-a-laple-dhuez\/","name":"Coupe du monde ski de bosses : Perrine Laffont deuxi\u00e8me \u00e0 l'Alpe d'Huez","isPartOf":{"@id":"https:\/\/dicodusport.fr\/blog\/#website"},"primaryImageOfPage":{"@id":"https:\/\/dicodusport.fr\/blog\/coupe-du-monde-ski-de-bosses-perrine-laffont-deuxieme-a-laple-dhuez\/#primaryimage"},"image":{"@id":"https:\/\/dicodusport.fr\/blog\/coupe-du-monde-ski-de-bosses-perrine-laffont-deuxieme-a-laple-dhuez\/#primaryimage"},"thumbnailUrl":"https:\/\/dicodusport.fr\/blog\/wp-content\/uploads\/2022\/12\/Coupe-du-monde-ski-de-bosses-Perrine-Laffont-de-nouveau-troisieme-a-Idre-Fjall.png","datePublished":"2022-12-16T12:47:40+00:00","dateModified":"2022-12-16T13:17:50+00:00","description":"COUPE DU MONDE DE SKI DE BOSSES - La Fran\u00e7aise Perrine Laffont a termin\u00e9 deuxi\u00e8me \u00e0 domicile, \u00e0 l'Alpe d'Huez.","breadcrumb":{"@id":"https:\/\/dicodusport.fr\/blog\/coupe-du-monde-ski-de-bosses-perrine-laffont-deuxieme-a-laple-dhuez\/#breadcrumb"},"inLanguage":"fr-FR","potentialAction":[{"@type":"ReadAction","target":["https:\/\/dicodusport.fr\/blog\/coupe-du-monde-ski-de-bosses-perrine-laffont-deuxieme-a-laple-dhuez\/"]}]},{"@type":"ImageObject","inLanguage":"fr-FR","@id":"https:\/\/dicodusport.fr\/blog\/coupe-du-monde-ski-de-bosses-perrine-laffont-deuxieme-a-laple-dhuez\/#primaryimage","url":"https:\/\/dicodusport.fr\/blog\/wp-content\/uploads\/2022\/12\/Coupe-du-monde-ski-de-bosses-Perrine-Laffont-de-nouveau-troisieme-a-Idre-Fjall.png","contentUrl":"https:\/\/dicodusport.fr\/blog\/wp-content\/uploads\/2022\/12\/Coupe-du-monde-ski-de-bosses-Perrine-Laffont-de-nouveau-troisieme-a-Idre-Fjall.png","width":800,"height":445,"caption":"Mondiaux ski de bosses Perrine Laffont conserve son titre mondial en bosses individuelles"},{"@type":"BreadcrumbList","@id":"https:\/\/dicodusport.fr\/blog\/coupe-du-monde-ski-de-bosses-perrine-laffont-deuxieme-a-laple-dhuez\/#breadcrumb","itemListElement":[{"@type":"ListItem","position":1,"name":"Accueil","item":"https:\/\/dicodusport.fr\/blog\/"},{"@type":"ListItem","position":2,"name":"Coupe du monde ski de bosses : Perrine Laffont deuxi\u00e8me \u00e0 l&rsquo;Alpe d&rsquo;Huez"}]},{"@type":"WebSite","@id":"https:\/\/dicodusport.fr\/blog\/#website","url":"https:\/\/dicodusport.fr\/blog\/","name":"Dicodusport","description":"L&#039;encyclop\u00e9die de l&#039;actualit\u00e9 sportive","publisher":{"@id":"https:\/\/dicodusport.fr\/blog\/#organization"},"potentialAction":[{"@type":"SearchAction","target":{"@type":"EntryPoint","urlTemplate":"https:\/\/dicodusport.fr\/blog\/?s={search_term_string}"},"query-input":{"@type":"PropertyValueSpecification","valueRequired":true,"valueName":"search_term_string"}}],"inLanguage":"fr-FR"},{"@type":"NewsMediaOrganization","@id":"https:\/\/dicodusport.fr\/blog\/#organization","name":"Dicodusport","url":"https:\/\/dicodusport.fr\/blog\/","logo":{"@type":"ImageObject","inLanguage":"fr-FR","@id":"https:\/\/dicodusport.fr\/blog\/#\/schema\/logo\/image\/","url":"https:\/\/dicodusport.fr\/blog\/wp-content\/uploads\/2020\/06\/cropped-LOGO-DICODUSPORT-2020-SANS-FOND-SANS-TEXTE.png","contentUrl":"https:\/\/dicodusport.fr\/blog\/wp-content\/uploads\/2020\/06\/cropped-LOGO-DICODUSPORT-2020-SANS-FOND-SANS-TEXTE.png","width":512,"height":512,"caption":"Dicodusport"},"image":{"@id":"https:\/\/dicodusport.fr\/blog\/#\/schema\/logo\/image\/"},"sameAs":["https:\/\/www.facebook.com\/dicodusport","https:\/\/x.com\/dicodusport","https:\/\/www.instagram.com\/dicodusport\/","https:\/\/www.youtube.com\/channel\/UC7V2KZ5sd3htJivAbA4ZG3w"],"description":"Dicodusport est l'encyclop\u00e9die de l'actualit\u00e9 sportive.","email":"bonjour@dicodusport.fr","legalName":"DICODUSPORT","foundingDate":"2018-01-14","vatID":"FR71834470973","taxID":"83447097300043","numberOfEmployees":{"@type":"QuantitativeValue","minValue":"1","maxValue":"10"}},{"@type":"Person","@id":"https:\/\/dicodusport.fr\/blog\/#\/schema\/person\/819fb2545dd2715bd7c0580d6d4b411a","name":"Roxane Lecacher","image":{"@type":"ImageObject","inLanguage":"fr-FR","@id":"https:\/\/dicodusport.fr\/blog\/#\/schema\/person\/image\/","url":"https:\/\/dicodusport.fr\/blog\/wp-content\/uploads\/2021\/05\/Roxane-Lecacher-150x150.jpg","contentUrl":"https:\/\/dicodusport.fr\/blog\/wp-content\/uploads\/2021\/05\/Roxane-Lecacher-150x150.jpg","caption":"Roxane Lecacher"},"description":"Journaliste\/r\u00e9dactrice depuis janvier 2021 - N\u00e9e quelques jours avant la premi\u00e8re \u00e9toile des Bleus, je baigne dans une famille tr\u00e8s sportive. Je n\u2019ai eu d\u2019autres choix que de me passionner pour le sujet. Pratiquante de l\u2019athl\u00e9tisme depuis toute petite, j\u2019ai aussi un attrait tout particulier pour la Formule 1, le biathlon et le foot. Pendant les grands \u00e9v\u00e9nements, il est impossible de d\u00e9crocher de ma t\u00e9l\u00e9. C\u2019est \u00e0 travers Dicodusport que j\u2019aime d\u00e9sormais vous transmettre mes \u00e9motions et ma passion.","sameAs":["https:\/\/www.facebook.com\/roxane.lecacher","https:\/\/fr.linkedin.com\/in\/roxane-lecacher-23368313b"],"url":"https:\/\/dicodusport.fr\/blog\/author\/roxanel\/"}]}},"_links":{"self":[{"href":"https:\/\/dicodusport.fr\/blog\/wp-json\/wp\/v2\/posts\/288314","targetHints":{"allow":["GET"]}}],"collection":[{"href":"https:\/\/dicodusport.fr\/blog\/wp-json\/wp\/v2\/posts"}],"about":[{"href":"https:\/\/dicodusport.fr\/blog\/wp-json\/wp\/v2\/types\/post"}],"author":[{"embeddable":true,"href":"https:\/\/dicodusport.fr\/blog\/wp-json\/wp\/v2\/users\/54"}],"replies":[{"embeddable":true,"href":"https:\/\/dicodusport.fr\/blog\/wp-json\/wp\/v2\/comments?post=288314"}],"version-history":[{"count":0,"href":"https:\/\/dicodusport.fr\/blog\/wp-json\/wp\/v2\/posts\/288314\/revisions"}],"wp:featuredmedia":[{"embeddable":true,"href":"https:\/\/dicodusport.fr\/blog\/wp-json\/wp\/v2\/media\/287424"}],"wp:attachment":[{"href":"https:\/\/dicodusport.fr\/blog\/wp-json\/wp\/v2\/media?parent=288314"}],"wp:term":[{"taxonomy":"category","embeddable":true,"href":"https:\/\/dicodusport.fr\/blog\/wp-json\/wp\/v2\/categories?post=288314"},{"taxonomy":"post_tag","embeddable":true,"href":"https:\/\/dicodusport.fr\/blog\/wp-json\/wp\/v2\/tags?post=288314"}],"curies":[{"name":"wp","href":"https:\/\/api.w.org\/{rel}","templated":true}]}}