{"id":288703,"date":"2022-12-17T17:37:40","date_gmt":"2022-12-17T16:37:40","guid":{"rendered":"https:\/\/dicodusport.fr\/blog\/?p=288703&#038;preview=true&#038;preview_id=288703"},"modified":"2022-12-17T17:37:40","modified_gmt":"2022-12-17T16:37:40","slug":"coupe-du-monde-bosses-paralleles-perrine-laffont-et-ben-cavet-en-argent-alpe-d-huez","status":"publish","type":"post","link":"https:\/\/dicodusport.fr\/blog\/coupe-du-monde-bosses-paralleles-perrine-laffont-et-ben-cavet-en-argent-alpe-d-huez\/","title":{"rendered":"Coupe du monde Bosses parall\u00e8les : Perrine Laffont et Ben Cavet en argent \u00e0 l&rsquo;Alpe d&rsquo;Huez"},"content":{"rendered":"<p align=\"justify\"><em><b>COUPE DU MONDE DE SKI DE BOSSES &#8211; Cinqui\u00e8me podium en autant de courses pour Perrine Laffont ! L&rsquo;Ari\u00e9geoise a pris la deuxi\u00e8me place de la Coupe du monde de bosses parall\u00e8les \u00e0 l&rsquo;Alpe d&rsquo;Huez. M\u00eame r\u00e9sultats pour Ben Cavet, qui montre sur son premier podium cette saison.<\/b><\/em><\/p>\n<p align=\"justify\"><a href=\"https:\/\/dicodusport.fr\/blog\/coupe-du-monde-ski-de-bosses-perrine-laffont-deuxieme-a-laple-dhuez\/\">Deuxi\u00e8me en bosses simples samedi<\/a>, deuxi\u00e8me en bosses parall\u00e8le ce dimanche. \u00c0 l&rsquo;Alpe d&rsquo;Huez, <strong>Perrine Laffont<\/strong> a donc d\u00e9croch\u00e9 son cinqui\u00e8me podium en autant de courses cette saison. L&rsquo;Ari\u00e9geoise de 24 ans a d\u00e9croch\u00e9 son 48\u00e8me podium sur le circuit, lors d&rsquo;une \u00e9preuve qu&rsquo;elle appr\u00e9cie. Cette fois, elle n&rsquo;est pas tomb\u00e9e face \u00e0 l&rsquo;Australienne <strong>Jakara Anthony<\/strong>, mais face \u00e0 la Japonaise <strong>Anri Kawamura<\/strong>, au terme d&rsquo;une finale serr\u00e9e. Le jury ayant finalement d\u00e9cid\u00e9 d&rsquo;accorder la victoire \u00e0 la Nipponne (19-16).<\/p>\n<p align=\"justify\">\u00c0 l&rsquo;issue de la course, Laffont s&rsquo;est confi\u00e9e \u00e0 nos confr\u00e8res de <a href=\"https:\/\/www.lequipe.fr\/Adrenaline\/Ski-freestyle\/Actualites\/Benjamin-cavet-et-perrine-laffont-deuxiemes-en-ski-de-bosses-parallele\/1370606\" target=\"_blank\" rel=\"noopener\"><em>L&rsquo;\u00c9quipe<\/em><\/a>. <em>\u00ab C&rsquo;est juste incroyable. La fatigue a commenc\u00e9 \u00e0 se faire sentir car nous avons encha\u00een\u00e9 trois semaines de comp\u00e9tition depuis le d\u00e9but de la Coupe du monde. Faire tous les runs et toutes les finales, c&rsquo;est beaucoup \u00e9motionnellement mais aussi physiquement. Je suis contente car j&rsquo;ai \u00e9t\u00e9 me chercher \u00e0 l&rsquo;Alpe d&rsquo;Huez ! \u00bb<\/em>, a-t-elle d\u00e9clar\u00e9.<\/p>\n<p align=\"justify\">Cerise sur le g\u00e2teau, <strong>Benjamin Cavet<\/strong> est lui aussi all\u00e9 cherche l&rsquo;argent sur les bosses parall\u00e8les masculines. D\u00e9j\u00e0 tr\u00e8s bon samedi en simple avec une 4\u00e8me place, le double vice-champion du monde a chut\u00e9 face \u00e0, lui aussi, un Japonais, <strong>Ikuma Horishima<\/strong>, vainqueur la veille en simple. Un joli week-end alpin pour Cavet, auteur d&rsquo;un d\u00e9but de saison d\u00e9cevant, et qui revient en forme au bon moment.<\/p>\n<blockquote class=\"twitter-tweet\">\n<p dir=\"ltr\" lang=\"fr\">Double &#x1f948;&#x1f948; \u00e0 l\u2019<a href=\"https:\/\/twitter.com\/alpedhuez?ref_src=twsrc%5Etfw\">@alpedhuez<\/a> en ski de bosses&#x1f60d; <a href=\"https:\/\/twitter.com\/LaffontPerrine?ref_src=twsrc%5Etfw\">@LaffontPerrine<\/a> d\u00e9croche un nouveau podium et <a href=\"https:\/\/twitter.com\/BenCavet?ref_src=twsrc%5Etfw\">@BenCavet<\/a> signe son retour sur la bo\u00eete ! &#x1f525;<\/p>\n<p>Des Fran\u00e7ais g\u00e9niaux \u00e0 la maison &#x1f929;<\/p>\n<p>&#x1f4f8; : FFS <a href=\"https:\/\/twitter.com\/hashtag\/SunValley?src=hash&amp;ref_src=twsrc%5Etfw\">#SunValley<\/a> <a href=\"https:\/\/t.co\/3yWljqC7bX\">pic.twitter.com\/3yWljqC7bX<\/a><\/p>\n<p>\u2014 FFS &#8211; F\u00e9d\u00e9ration Fran\u00e7aise de Ski (@FedFranceSki) <a href=\"https:\/\/twitter.com\/FedFranceSki\/status\/1604108490800336898?ref_src=twsrc%5Etfw\">December 17, 2022<\/a><\/p><\/blockquote>\n<p><script async src=\"https:\/\/platform.twitter.com\/widgets.js\" charset=\"utf-8\"><\/script><\/p>\n","protected":false},"excerpt":{"rendered":"<p>COUPE DU MONDE DE SKI DE BOSSES &#8211; Cinqui\u00e8me podium en autant de courses pour Perrine Laffont ! L&rsquo;Ari\u00e9geoise a pris la deuxi\u00e8me place de la Coupe du monde de bosses parall\u00e8les \u00e0 l&rsquo;Alpe d&rsquo;Huez. M\u00eame r\u00e9sultats pour Ben Cavet, qui montre sur son premier podium cette saison.<\/p>\n","protected":false},"author":4,"featured_media":288705,"comment_status":"open","ping_status":"closed","sticky":false,"template":"","format":"standard","meta":{"_acf_changed":false,"_daextam_enable_autolinks":"","footnotes":""},"categories":[9217],"tags":[3741,3262,3263],"class_list":["post-288703","post","type-post","status-publish","format-standard","has-post-thumbnail","hentry","category-ski","tag-benjamin-cavet","tag-perrine-laffont","tag-ski-de-bosses"],"acf":[],"yoast_head":"<!-- This site is optimized with the Yoast SEO Premium plugin v26.7 (Yoast SEO v26.7) - https:\/\/yoast.com\/wordpress\/plugins\/seo\/ -->\n<title>Coupe du monde Bosses parall\u00e8les : Perrine Laffont et Ben Cavet en argent \u00e0 l&#039;Alpe d&#039;Huez<\/title>\n<meta name=\"description\" content=\"COUPE DU MONDE DE SKI DE BOSSES - Perrine Laffont et Ben Cavet ont pris la deuxi\u00e8me place des bosses parall\u00e8le de l&#039;Alpe d&#039;Huez.\" \/>\n<meta name=\"robots\" content=\"index, follow, max-snippet:-1, max-image-preview:large, max-video-preview:-1\" \/>\n<link rel=\"canonical\" href=\"https:\/\/dicodusport.fr\/blog\/coupe-du-monde-bosses-paralleles-perrine-laffont-et-ben-cavet-en-argent-alpe-d-huez\/\" \/>\n<meta property=\"og:locale\" content=\"fr_FR\" \/>\n<meta property=\"og:type\" content=\"article\" \/>\n<meta property=\"og:title\" content=\"Coupe du monde Bosses parall\u00e8les : Perrine Laffont et Ben Cavet en argent \u00e0 l&#039;Alpe d&#039;Huez\" \/>\n<meta property=\"og:description\" content=\"COUPE DU MONDE DE SKI DE BOSSES - Perrine Laffont et Ben Cavet ont pris la deuxi\u00e8me place des bosses parall\u00e8le de l&#039;Alpe d&#039;Huez.\" \/>\n<meta property=\"og:url\" content=\"https:\/\/dicodusport.fr\/blog\/coupe-du-monde-bosses-paralleles-perrine-laffont-et-ben-cavet-en-argent-alpe-d-huez\/\" \/>\n<meta property=\"og:site_name\" content=\"Dicodusport\" \/>\n<meta property=\"article:publisher\" content=\"https:\/\/www.facebook.com\/dicodusport\" \/>\n<meta property=\"article:author\" content=\"https:\/\/www.facebook.com\/florent.ostermann\" \/>\n<meta property=\"article:published_time\" content=\"2022-12-17T16:37:40+00:00\" \/>\n<meta property=\"og:image\" content=\"https:\/\/dicodusport.fr\/blog\/wp-content\/uploads\/2022\/12\/Coupe-du-monde-Bosses-paralleles-Perrine-Laffont-et-Ben-Cavet-en-argent-aux-Deux-Alpes.png\" \/>\n\t<meta property=\"og:image:width\" content=\"800\" \/>\n\t<meta property=\"og:image:height\" content=\"445\" \/>\n\t<meta property=\"og:image:type\" content=\"image\/png\" \/>\n<meta name=\"author\" content=\"Flo Ostermann\" \/>\n<meta name=\"twitter:card\" content=\"summary_large_image\" \/>\n<meta name=\"twitter:title\" content=\"Coupe du monde Bosses parall\u00e8les : Perrine Laffont et Ben Cavet en argent \u00e0 l&#039;Alpe d&#039;Huez\" \/>\n<meta name=\"twitter:creator\" content=\"@https:\/\/twitter.com\/FlOstermann\" \/>\n<meta name=\"twitter:site\" content=\"@dicodusport\" \/>\n<script type=\"application\/ld+json\" class=\"yoast-schema-graph\">{\"@context\":\"https:\/\/schema.org\",\"@graph\":[{\"@type\":\"NewsArticle\",\"@id\":\"https:\/\/dicodusport.fr\/blog\/coupe-du-monde-bosses-paralleles-perrine-laffont-et-ben-cavet-en-argent-alpe-d-huez\/#article\",\"isPartOf\":{\"@id\":\"https:\/\/dicodusport.fr\/blog\/coupe-du-monde-bosses-paralleles-perrine-laffont-et-ben-cavet-en-argent-alpe-d-huez\/\"},\"author\":{\"name\":\"Flo Ostermann\",\"@id\":\"https:\/\/dicodusport.fr\/blog\/#\/schema\/person\/cb02af4c173ce4a653b55e9baf388d4a\"},\"headline\":\"Coupe du monde Bosses parall\u00e8les : Perrine Laffont et Ben Cavet en argent \u00e0 l&rsquo;Alpe d&rsquo;Huez\",\"datePublished\":\"2022-12-17T16:37:40+00:00\",\"mainEntityOfPage\":{\"@id\":\"https:\/\/dicodusport.fr\/blog\/coupe-du-monde-bosses-paralleles-perrine-laffont-et-ben-cavet-en-argent-alpe-d-huez\/\"},\"wordCount\":379,\"commentCount\":0,\"publisher\":{\"@id\":\"https:\/\/dicodusport.fr\/blog\/#organization\"},\"image\":{\"@id\":\"https:\/\/dicodusport.fr\/blog\/coupe-du-monde-bosses-paralleles-perrine-laffont-et-ben-cavet-en-argent-alpe-d-huez\/#primaryimage\"},\"thumbnailUrl\":\"https:\/\/dicodusport.fr\/blog\/wp-content\/uploads\/2022\/12\/Coupe-du-monde-Bosses-paralleles-Perrine-Laffont-et-Ben-Cavet-en-argent-aux-Deux-Alpes.png\",\"keywords\":[\"Benjamin Cavet\",\"Perrine Laffont\",\"ski de bosses\"],\"articleSection\":[\"Ski\"],\"inLanguage\":\"fr-FR\",\"potentialAction\":[{\"@type\":\"CommentAction\",\"name\":\"Comment\",\"target\":[\"https:\/\/dicodusport.fr\/blog\/coupe-du-monde-bosses-paralleles-perrine-laffont-et-ben-cavet-en-argent-alpe-d-huez\/#respond\"]}],\"copyrightYear\":\"2022\",\"copyrightHolder\":{\"@id\":\"https:\/\/dicodusport.fr\/blog\/#organization\"}},{\"@type\":\"WebPage\",\"@id\":\"https:\/\/dicodusport.fr\/blog\/coupe-du-monde-bosses-paralleles-perrine-laffont-et-ben-cavet-en-argent-alpe-d-huez\/\",\"url\":\"https:\/\/dicodusport.fr\/blog\/coupe-du-monde-bosses-paralleles-perrine-laffont-et-ben-cavet-en-argent-alpe-d-huez\/\",\"name\":\"Coupe du monde Bosses parall\u00e8les : Perrine Laffont et Ben Cavet en argent \u00e0 l'Alpe d'Huez\",\"isPartOf\":{\"@id\":\"https:\/\/dicodusport.fr\/blog\/#website\"},\"primaryImageOfPage\":{\"@id\":\"https:\/\/dicodusport.fr\/blog\/coupe-du-monde-bosses-paralleles-perrine-laffont-et-ben-cavet-en-argent-alpe-d-huez\/#primaryimage\"},\"image\":{\"@id\":\"https:\/\/dicodusport.fr\/blog\/coupe-du-monde-bosses-paralleles-perrine-laffont-et-ben-cavet-en-argent-alpe-d-huez\/#primaryimage\"},\"thumbnailUrl\":\"https:\/\/dicodusport.fr\/blog\/wp-content\/uploads\/2022\/12\/Coupe-du-monde-Bosses-paralleles-Perrine-Laffont-et-Ben-Cavet-en-argent-aux-Deux-Alpes.png\",\"datePublished\":\"2022-12-17T16:37:40+00:00\",\"description\":\"COUPE DU MONDE DE SKI DE BOSSES - Perrine Laffont et Ben Cavet ont pris la deuxi\u00e8me place des bosses parall\u00e8le de l'Alpe d'Huez.\",\"breadcrumb\":{\"@id\":\"https:\/\/dicodusport.fr\/blog\/coupe-du-monde-bosses-paralleles-perrine-laffont-et-ben-cavet-en-argent-alpe-d-huez\/#breadcrumb\"},\"inLanguage\":\"fr-FR\",\"potentialAction\":[{\"@type\":\"ReadAction\",\"target\":[\"https:\/\/dicodusport.fr\/blog\/coupe-du-monde-bosses-paralleles-perrine-laffont-et-ben-cavet-en-argent-alpe-d-huez\/\"]}]},{\"@type\":\"ImageObject\",\"inLanguage\":\"fr-FR\",\"@id\":\"https:\/\/dicodusport.fr\/blog\/coupe-du-monde-bosses-paralleles-perrine-laffont-et-ben-cavet-en-argent-alpe-d-huez\/#primaryimage\",\"url\":\"https:\/\/dicodusport.fr\/blog\/wp-content\/uploads\/2022\/12\/Coupe-du-monde-Bosses-paralleles-Perrine-Laffont-et-Ben-Cavet-en-argent-aux-Deux-Alpes.png\",\"contentUrl\":\"https:\/\/dicodusport.fr\/blog\/wp-content\/uploads\/2022\/12\/Coupe-du-monde-Bosses-paralleles-Perrine-Laffont-et-Ben-Cavet-en-argent-aux-Deux-Alpes.png\",\"width\":800,\"height\":445,\"caption\":\"Coupe du monde Bosses parall\u00e8les Perrine Laffont et Ben Cavet en argent aux Deux-Alpes\"},{\"@type\":\"BreadcrumbList\",\"@id\":\"https:\/\/dicodusport.fr\/blog\/coupe-du-monde-bosses-paralleles-perrine-laffont-et-ben-cavet-en-argent-alpe-d-huez\/#breadcrumb\",\"itemListElement\":[{\"@type\":\"ListItem\",\"position\":1,\"name\":\"Accueil\",\"item\":\"https:\/\/dicodusport.fr\/blog\/\"},{\"@type\":\"ListItem\",\"position\":2,\"name\":\"Coupe du monde Bosses parall\u00e8les : Perrine Laffont et Ben Cavet en argent \u00e0 l&rsquo;Alpe d&rsquo;Huez\"}]},{\"@type\":\"WebSite\",\"@id\":\"https:\/\/dicodusport.fr\/blog\/#website\",\"url\":\"https:\/\/dicodusport.fr\/blog\/\",\"name\":\"Dicodusport\",\"description\":\"L&#039;encyclop\u00e9die de l&#039;actualit\u00e9 sportive\",\"publisher\":{\"@id\":\"https:\/\/dicodusport.fr\/blog\/#organization\"},\"potentialAction\":[{\"@type\":\"SearchAction\",\"target\":{\"@type\":\"EntryPoint\",\"urlTemplate\":\"https:\/\/dicodusport.fr\/blog\/?s={search_term_string}\"},\"query-input\":{\"@type\":\"PropertyValueSpecification\",\"valueRequired\":true,\"valueName\":\"search_term_string\"}}],\"inLanguage\":\"fr-FR\"},{\"@type\":\"NewsMediaOrganization\",\"@id\":\"https:\/\/dicodusport.fr\/blog\/#organization\",\"name\":\"Dicodusport\",\"url\":\"https:\/\/dicodusport.fr\/blog\/\",\"logo\":{\"@type\":\"ImageObject\",\"inLanguage\":\"fr-FR\",\"@id\":\"https:\/\/dicodusport.fr\/blog\/#\/schema\/logo\/image\/\",\"url\":\"https:\/\/dicodusport.fr\/blog\/wp-content\/uploads\/2020\/06\/cropped-LOGO-DICODUSPORT-2020-SANS-FOND-SANS-TEXTE.png\",\"contentUrl\":\"https:\/\/dicodusport.fr\/blog\/wp-content\/uploads\/2020\/06\/cropped-LOGO-DICODUSPORT-2020-SANS-FOND-SANS-TEXTE.png\",\"width\":512,\"height\":512,\"caption\":\"Dicodusport\"},\"image\":{\"@id\":\"https:\/\/dicodusport.fr\/blog\/#\/schema\/logo\/image\/\"},\"sameAs\":[\"https:\/\/www.facebook.com\/dicodusport\",\"https:\/\/x.com\/dicodusport\",\"https:\/\/www.instagram.com\/dicodusport\/\",\"https:\/\/www.youtube.com\/channel\/UC7V2KZ5sd3htJivAbA4ZG3w\"],\"description\":\"Dicodusport est l'encyclop\u00e9die de l'actualit\u00e9 sportive.\",\"email\":\"bonjour@dicodusport.fr\",\"legalName\":\"DICODUSPORT\",\"foundingDate\":\"2018-01-14\",\"vatID\":\"FR71834470973\",\"taxID\":\"83447097300043\",\"numberOfEmployees\":{\"@type\":\"QuantitativeValue\",\"minValue\":\"1\",\"maxValue\":\"10\"}},{\"@type\":\"Person\",\"@id\":\"https:\/\/dicodusport.fr\/blog\/#\/schema\/person\/cb02af4c173ce4a653b55e9baf388d4a\",\"name\":\"Flo Ostermann\",\"image\":{\"@type\":\"ImageObject\",\"inLanguage\":\"fr-FR\",\"@id\":\"https:\/\/dicodusport.fr\/blog\/#\/schema\/person\/image\/\",\"url\":\"https:\/\/dicodusport.fr\/blog\/wp-content\/uploads\/2021\/05\/Flo-Ostermann-150x150.jpg\",\"contentUrl\":\"https:\/\/dicodusport.fr\/blog\/wp-content\/uploads\/2021\/05\/Flo-Ostermann-150x150.jpg\",\"caption\":\"Flo Ostermann\"},\"description\":\"Journaliste\/R\u00e9dacteur depuis septembre 2015 - Mes premiers souvenirs dans le sport ? Les envol\u00e9es du Stade Toulousain et les duels Villeneuve-Schumacher et H\u00e4kkinen-Schumacher \u00e0 la fin des ann\u00e9es 90, la Coupe du monde de football en 1998, l\u2019exploit du XV de France face aux All Blacks en 1999, mais aussi Richard C\u0153ur de Lion qui vole sur les montagnes du Tour de France. Bien parti pour devenir professeur d\u2019EPS, les \u00e9v\u00e9nements de la vie (et la flemme d\u2019animer des s\u00e9ances de 3x500 m\u00e8tres toute ma vie) m\u2019ont conduit \u00e0 revoir mes plans. Me voil\u00e0 depuis fin 2017 sur Dicodusport, m\u00e9dia gr\u00e2ce (et pour) lequel je partage ma passion : le sport dans tous ses \u00e9tats. Le tout accompagn\u00e9 par les fous furieux et folles furieuses cit\u00e9s sur cette page !\",\"sameAs\":[\"https:\/\/www.facebook.com\/florent.ostermann\",\"https:\/\/x.com\/https:\/\/twitter.com\/FlOstermann\",\"admin\"],\"url\":\"https:\/\/dicodusport.fr\/blog\/author\/flo\/\"}]}<\/script>\n<!-- \/ Yoast SEO Premium plugin. -->","yoast_head_json":{"title":"Coupe du monde Bosses parall\u00e8les : Perrine Laffont et Ben Cavet en argent \u00e0 l'Alpe d'Huez","description":"COUPE DU MONDE DE SKI DE BOSSES - Perrine Laffont et Ben Cavet ont pris la deuxi\u00e8me place des bosses parall\u00e8le de l'Alpe d'Huez.","robots":{"index":"index","follow":"follow","max-snippet":"max-snippet:-1","max-image-preview":"max-image-preview:large","max-video-preview":"max-video-preview:-1"},"canonical":"https:\/\/dicodusport.fr\/blog\/coupe-du-monde-bosses-paralleles-perrine-laffont-et-ben-cavet-en-argent-alpe-d-huez\/","og_locale":"fr_FR","og_type":"article","og_title":"Coupe du monde Bosses parall\u00e8les : Perrine Laffont et Ben Cavet en argent \u00e0 l'Alpe d'Huez","og_description":"COUPE DU MONDE DE SKI DE BOSSES - Perrine Laffont et Ben Cavet ont pris la deuxi\u00e8me place des bosses parall\u00e8le de l'Alpe d'Huez.","og_url":"https:\/\/dicodusport.fr\/blog\/coupe-du-monde-bosses-paralleles-perrine-laffont-et-ben-cavet-en-argent-alpe-d-huez\/","og_site_name":"Dicodusport","article_publisher":"https:\/\/www.facebook.com\/dicodusport","article_author":"https:\/\/www.facebook.com\/florent.ostermann","article_published_time":"2022-12-17T16:37:40+00:00","og_image":[{"width":800,"height":445,"url":"https:\/\/dicodusport.fr\/blog\/wp-content\/uploads\/2022\/12\/Coupe-du-monde-Bosses-paralleles-Perrine-Laffont-et-Ben-Cavet-en-argent-aux-Deux-Alpes.png","type":"image\/png"}],"author":"Flo Ostermann","twitter_card":"summary_large_image","twitter_title":"Coupe du monde Bosses parall\u00e8les : Perrine Laffont et Ben Cavet en argent \u00e0 l'Alpe d'Huez","twitter_creator":"@https:\/\/twitter.com\/FlOstermann","twitter_site":"@dicodusport","schema":{"@context":"https:\/\/schema.org","@graph":[{"@type":"NewsArticle","@id":"https:\/\/dicodusport.fr\/blog\/coupe-du-monde-bosses-paralleles-perrine-laffont-et-ben-cavet-en-argent-alpe-d-huez\/#article","isPartOf":{"@id":"https:\/\/dicodusport.fr\/blog\/coupe-du-monde-bosses-paralleles-perrine-laffont-et-ben-cavet-en-argent-alpe-d-huez\/"},"author":{"name":"Flo Ostermann","@id":"https:\/\/dicodusport.fr\/blog\/#\/schema\/person\/cb02af4c173ce4a653b55e9baf388d4a"},"headline":"Coupe du monde Bosses parall\u00e8les : Perrine Laffont et Ben Cavet en argent \u00e0 l&rsquo;Alpe d&rsquo;Huez","datePublished":"2022-12-17T16:37:40+00:00","mainEntityOfPage":{"@id":"https:\/\/dicodusport.fr\/blog\/coupe-du-monde-bosses-paralleles-perrine-laffont-et-ben-cavet-en-argent-alpe-d-huez\/"},"wordCount":379,"commentCount":0,"publisher":{"@id":"https:\/\/dicodusport.fr\/blog\/#organization"},"image":{"@id":"https:\/\/dicodusport.fr\/blog\/coupe-du-monde-bosses-paralleles-perrine-laffont-et-ben-cavet-en-argent-alpe-d-huez\/#primaryimage"},"thumbnailUrl":"https:\/\/dicodusport.fr\/blog\/wp-content\/uploads\/2022\/12\/Coupe-du-monde-Bosses-paralleles-Perrine-Laffont-et-Ben-Cavet-en-argent-aux-Deux-Alpes.png","keywords":["Benjamin Cavet","Perrine Laffont","ski de bosses"],"articleSection":["Ski"],"inLanguage":"fr-FR","potentialAction":[{"@type":"CommentAction","name":"Comment","target":["https:\/\/dicodusport.fr\/blog\/coupe-du-monde-bosses-paralleles-perrine-laffont-et-ben-cavet-en-argent-alpe-d-huez\/#respond"]}],"copyrightYear":"2022","copyrightHolder":{"@id":"https:\/\/dicodusport.fr\/blog\/#organization"}},{"@type":"WebPage","@id":"https:\/\/dicodusport.fr\/blog\/coupe-du-monde-bosses-paralleles-perrine-laffont-et-ben-cavet-en-argent-alpe-d-huez\/","url":"https:\/\/dicodusport.fr\/blog\/coupe-du-monde-bosses-paralleles-perrine-laffont-et-ben-cavet-en-argent-alpe-d-huez\/","name":"Coupe du monde Bosses parall\u00e8les : Perrine Laffont et Ben Cavet en argent \u00e0 l'Alpe d'Huez","isPartOf":{"@id":"https:\/\/dicodusport.fr\/blog\/#website"},"primaryImageOfPage":{"@id":"https:\/\/dicodusport.fr\/blog\/coupe-du-monde-bosses-paralleles-perrine-laffont-et-ben-cavet-en-argent-alpe-d-huez\/#primaryimage"},"image":{"@id":"https:\/\/dicodusport.fr\/blog\/coupe-du-monde-bosses-paralleles-perrine-laffont-et-ben-cavet-en-argent-alpe-d-huez\/#primaryimage"},"thumbnailUrl":"https:\/\/dicodusport.fr\/blog\/wp-content\/uploads\/2022\/12\/Coupe-du-monde-Bosses-paralleles-Perrine-Laffont-et-Ben-Cavet-en-argent-aux-Deux-Alpes.png","datePublished":"2022-12-17T16:37:40+00:00","description":"COUPE DU MONDE DE SKI DE BOSSES - Perrine Laffont et Ben Cavet ont pris la deuxi\u00e8me place des bosses parall\u00e8le de l'Alpe d'Huez.","breadcrumb":{"@id":"https:\/\/dicodusport.fr\/blog\/coupe-du-monde-bosses-paralleles-perrine-laffont-et-ben-cavet-en-argent-alpe-d-huez\/#breadcrumb"},"inLanguage":"fr-FR","potentialAction":[{"@type":"ReadAction","target":["https:\/\/dicodusport.fr\/blog\/coupe-du-monde-bosses-paralleles-perrine-laffont-et-ben-cavet-en-argent-alpe-d-huez\/"]}]},{"@type":"ImageObject","inLanguage":"fr-FR","@id":"https:\/\/dicodusport.fr\/blog\/coupe-du-monde-bosses-paralleles-perrine-laffont-et-ben-cavet-en-argent-alpe-d-huez\/#primaryimage","url":"https:\/\/dicodusport.fr\/blog\/wp-content\/uploads\/2022\/12\/Coupe-du-monde-Bosses-paralleles-Perrine-Laffont-et-Ben-Cavet-en-argent-aux-Deux-Alpes.png","contentUrl":"https:\/\/dicodusport.fr\/blog\/wp-content\/uploads\/2022\/12\/Coupe-du-monde-Bosses-paralleles-Perrine-Laffont-et-Ben-Cavet-en-argent-aux-Deux-Alpes.png","width":800,"height":445,"caption":"Coupe du monde Bosses parall\u00e8les Perrine Laffont et Ben Cavet en argent aux Deux-Alpes"},{"@type":"BreadcrumbList","@id":"https:\/\/dicodusport.fr\/blog\/coupe-du-monde-bosses-paralleles-perrine-laffont-et-ben-cavet-en-argent-alpe-d-huez\/#breadcrumb","itemListElement":[{"@type":"ListItem","position":1,"name":"Accueil","item":"https:\/\/dicodusport.fr\/blog\/"},{"@type":"ListItem","position":2,"name":"Coupe du monde Bosses parall\u00e8les : Perrine Laffont et Ben Cavet en argent \u00e0 l&rsquo;Alpe d&rsquo;Huez"}]},{"@type":"WebSite","@id":"https:\/\/dicodusport.fr\/blog\/#website","url":"https:\/\/dicodusport.fr\/blog\/","name":"Dicodusport","description":"L&#039;encyclop\u00e9die de l&#039;actualit\u00e9 sportive","publisher":{"@id":"https:\/\/dicodusport.fr\/blog\/#organization"},"potentialAction":[{"@type":"SearchAction","target":{"@type":"EntryPoint","urlTemplate":"https:\/\/dicodusport.fr\/blog\/?s={search_term_string}"},"query-input":{"@type":"PropertyValueSpecification","valueRequired":true,"valueName":"search_term_string"}}],"inLanguage":"fr-FR"},{"@type":"NewsMediaOrganization","@id":"https:\/\/dicodusport.fr\/blog\/#organization","name":"Dicodusport","url":"https:\/\/dicodusport.fr\/blog\/","logo":{"@type":"ImageObject","inLanguage":"fr-FR","@id":"https:\/\/dicodusport.fr\/blog\/#\/schema\/logo\/image\/","url":"https:\/\/dicodusport.fr\/blog\/wp-content\/uploads\/2020\/06\/cropped-LOGO-DICODUSPORT-2020-SANS-FOND-SANS-TEXTE.png","contentUrl":"https:\/\/dicodusport.fr\/blog\/wp-content\/uploads\/2020\/06\/cropped-LOGO-DICODUSPORT-2020-SANS-FOND-SANS-TEXTE.png","width":512,"height":512,"caption":"Dicodusport"},"image":{"@id":"https:\/\/dicodusport.fr\/blog\/#\/schema\/logo\/image\/"},"sameAs":["https:\/\/www.facebook.com\/dicodusport","https:\/\/x.com\/dicodusport","https:\/\/www.instagram.com\/dicodusport\/","https:\/\/www.youtube.com\/channel\/UC7V2KZ5sd3htJivAbA4ZG3w"],"description":"Dicodusport est l'encyclop\u00e9die de l'actualit\u00e9 sportive.","email":"bonjour@dicodusport.fr","legalName":"DICODUSPORT","foundingDate":"2018-01-14","vatID":"FR71834470973","taxID":"83447097300043","numberOfEmployees":{"@type":"QuantitativeValue","minValue":"1","maxValue":"10"}},{"@type":"Person","@id":"https:\/\/dicodusport.fr\/blog\/#\/schema\/person\/cb02af4c173ce4a653b55e9baf388d4a","name":"Flo Ostermann","image":{"@type":"ImageObject","inLanguage":"fr-FR","@id":"https:\/\/dicodusport.fr\/blog\/#\/schema\/person\/image\/","url":"https:\/\/dicodusport.fr\/blog\/wp-content\/uploads\/2021\/05\/Flo-Ostermann-150x150.jpg","contentUrl":"https:\/\/dicodusport.fr\/blog\/wp-content\/uploads\/2021\/05\/Flo-Ostermann-150x150.jpg","caption":"Flo Ostermann"},"description":"Journaliste\/R\u00e9dacteur depuis septembre 2015 - Mes premiers souvenirs dans le sport ? Les envol\u00e9es du Stade Toulousain et les duels Villeneuve-Schumacher et H\u00e4kkinen-Schumacher \u00e0 la fin des ann\u00e9es 90, la Coupe du monde de football en 1998, l\u2019exploit du XV de France face aux All Blacks en 1999, mais aussi Richard C\u0153ur de Lion qui vole sur les montagnes du Tour de France. Bien parti pour devenir professeur d\u2019EPS, les \u00e9v\u00e9nements de la vie (et la flemme d\u2019animer des s\u00e9ances de 3x500 m\u00e8tres toute ma vie) m\u2019ont conduit \u00e0 revoir mes plans. Me voil\u00e0 depuis fin 2017 sur Dicodusport, m\u00e9dia gr\u00e2ce (et pour) lequel je partage ma passion : le sport dans tous ses \u00e9tats. Le tout accompagn\u00e9 par les fous furieux et folles furieuses cit\u00e9s sur cette page !","sameAs":["https:\/\/www.facebook.com\/florent.ostermann","https:\/\/x.com\/https:\/\/twitter.com\/FlOstermann","admin"],"url":"https:\/\/dicodusport.fr\/blog\/author\/flo\/"}]}},"_links":{"self":[{"href":"https:\/\/dicodusport.fr\/blog\/wp-json\/wp\/v2\/posts\/288703","targetHints":{"allow":["GET"]}}],"collection":[{"href":"https:\/\/dicodusport.fr\/blog\/wp-json\/wp\/v2\/posts"}],"about":[{"href":"https:\/\/dicodusport.fr\/blog\/wp-json\/wp\/v2\/types\/post"}],"author":[{"embeddable":true,"href":"https:\/\/dicodusport.fr\/blog\/wp-json\/wp\/v2\/users\/4"}],"replies":[{"embeddable":true,"href":"https:\/\/dicodusport.fr\/blog\/wp-json\/wp\/v2\/comments?post=288703"}],"version-history":[{"count":0,"href":"https:\/\/dicodusport.fr\/blog\/wp-json\/wp\/v2\/posts\/288703\/revisions"}],"wp:featuredmedia":[{"embeddable":true,"href":"https:\/\/dicodusport.fr\/blog\/wp-json\/wp\/v2\/media\/288705"}],"wp:attachment":[{"href":"https:\/\/dicodusport.fr\/blog\/wp-json\/wp\/v2\/media?parent=288703"}],"wp:term":[{"taxonomy":"category","embeddable":true,"href":"https:\/\/dicodusport.fr\/blog\/wp-json\/wp\/v2\/categories?post=288703"},{"taxonomy":"post_tag","embeddable":true,"href":"https:\/\/dicodusport.fr\/blog\/wp-json\/wp\/v2\/tags?post=288703"}],"curies":[{"name":"wp","href":"https:\/\/api.w.org\/{rel}","templated":true}]}}