{"id":288837,"date":"2022-12-18T09:29:23","date_gmt":"2022-12-18T08:29:23","guid":{"rendered":"https:\/\/dicodusport.fr\/blog\/?p=288837&#038;preview=true&#038;preview_id=288837"},"modified":"2022-12-18T10:14:41","modified_gmt":"2022-12-18T09:14:41","slug":"bernard-laporte-je-ne-vois-pas-pourquoi-je-devrais-men-aller","status":"publish","type":"post","link":"https:\/\/dicodusport.fr\/blog\/bernard-laporte-je-ne-vois-pas-pourquoi-je-devrais-men-aller\/","title":{"rendered":"Bernard Laporte : \u00ab\u00a0Je ne vois pas pourquoi je devrais m&rsquo;en aller\u00a0\u00bb"},"content":{"rendered":"<p style=\"text-align: justify;\" align=\"justify\"><em><strong>RUGBY \u00c0 XV &#8211; Alors que la la pression monte suite \u00e0 sa condamnation en premi\u00e8re instance, Bernard Laporte ne compte pas quitter la pr\u00e9sidence de la F\u00e9d\u00e9ration Fran\u00e7aise de Rugby.\u00a0<\/strong><\/em><\/p>\n<p style=\"text-align: justify;\" align=\"justify\"><a href=\"https:\/\/dicodusport.fr\/blog\/ffr-la-ministre-des-sports-demande-le-depart-de-bernard-laporte\/\">La Ministre des sports<\/a>, <a href=\"https:\/\/dicodusport.fr\/blog\/la-lnr-pousse-aussi-bernard-laporte-vers-la-sortie-en-demandant-de-nouvelles-elections\/\">la <strong>Ligue Nationale de Rugby<\/strong><\/a> ou encore le comit\u00e9 \u00e9thique de la <strong>F\u00e9d\u00e9ration Fran\u00e7aise de Rugby<\/strong> lui ont demand\u00e9 de partir. Mais <strong>Bernard<\/strong> <strong>Laporte<\/strong> ne semble pas d\u00e9cid\u00e9 \u00e0 quitter ses fonctions, bien au contraire. Dans <em>le Journal du Dimanche<\/em>, il s&rsquo;est expliqu\u00e9.<\/p>\n<blockquote>\n<p style=\"text-align: justify;\" align=\"justify\">Je suis l\u00e9galiste. Je ne vois pas pourquoi je devrais m&rsquo;en aller. Cela voudrait dire que je reconnais les faits que l&rsquo;on me reproche. Impossible. D&rsquo;autant que l&rsquo;ex\u00e9cution provisoire, demand\u00e9e par le parquet, n&rsquo;a pas \u00e9t\u00e9 prononc\u00e9e. Sur le fond, si on m\u2019avait dit : \u00ab\u00a0un, tu as vol\u00e9 un centime \u00e0 la f\u00e9d\u00e9ration ; deux, tu as mal d\u00e9pens\u00e9 son argent\u00a0\u00bb, \u00e7a m\u2019aurait fait r\u00e9fl\u00e9chir. Mais ce n\u2019est pas le cas. Chacun reconna\u00eet qu\u2019elle est bien g\u00e9r\u00e9e et qu\u2019elle se d\u00e9veloppe. J\u2019ai refus\u00e9 cinq ans de contrat \u00e0 1,12 million d\u2019euros par an \u00e0 Montpellier, pr\u00e9sid\u00e9 par Mohed Altrad, pour \u00eatre pr\u00e9sident b\u00e9n\u00e9vole de la FFR. On vient ensuite m\u2019accuser d\u2019\u00eatre corrompu, pour avoir touch\u00e9 150 000 euros de la m\u00eame personne. C\u2019est une incoh\u00e9rence.<\/p>\n<\/blockquote>\n<p style=\"text-align: justify;\" align=\"justify\"><strong>Bernard<\/strong> <strong>Laporte<\/strong> a fait appel de la d\u00e9cision et compte prouver son innocence. \u00c0 nos confr\u00e8res, il a une nouvelle fois clam\u00e9 son innocence sur les faits reproch\u00e9s :<\/p>\n<blockquote>\n<p style=\"text-align: justify;\" align=\"justify\">Ils ont le droit de dire ce qu&rsquo;ils veulent, moi je suis certain d&rsquo;\u00eatre innocent.<\/p>\n<\/blockquote>\n<blockquote class=\"twitter-tweet\">\n<p dir=\"ltr\" lang=\"fr\">Dans un entretien, Bernard Laporte a indiqu\u00e9 qu&rsquo;il \u00e9tait d\u00e9cid\u00e9 \u00e0 rester pr\u00e9sident de la F\u00e9d\u00e9ration fran\u00e7aise de rugby. Et ce malgr\u00e9 les appels \u00e0 la d\u00e9mission du minist\u00e8re et de la Ligue nationale.<a href=\"https:\/\/t.co\/Yen2AdsC3i\">https:\/\/t.co\/Yen2AdsC3i<\/a><\/p>\n<p>\u2014 RUGBYRAMA (@RugbyramaFR) <a href=\"https:\/\/twitter.com\/RugbyramaFR\/status\/1604387368861138944?ref_src=twsrc%5Etfw\">December 18, 2022<\/a><\/p><\/blockquote>\n<p style=\"text-align: justify;\"><script async src=\"https:\/\/platform.twitter.com\/widgets.js\" charset=\"utf-8\"><\/script><\/p>\n","protected":false},"excerpt":{"rendered":"<p>RUGBY \u00c0 XV &#8211; Alors que la la pression monte suite \u00e0 sa condamnation en premi\u00e8re instance, Bernard Laporte ne compte pas quitter ka pr\u00e9sidence de la F\u00e9d\u00e9ration Fran\u00e7aise de Rugby.\u00a0<\/p>\n","protected":false},"author":1,"featured_media":287757,"comment_status":"open","ping_status":"closed","sticky":false,"template":"","format":"standard","meta":{"_acf_changed":false,"_daextam_enable_autolinks":"","footnotes":""},"categories":[9129],"tags":[2293,10289,1253,9642],"class_list":["post-288837","post","type-post","status-publish","format-standard","has-post-thumbnail","hentry","category-rugby-a-xv","tag-bernard-laporte","tag-federation-francaise-de-rugby","tag-ffr","tag-mohed-altrad"],"acf":[],"yoast_head":"<!-- This site is optimized with the Yoast SEO Premium plugin v26.7 (Yoast SEO v26.7) - https:\/\/yoast.com\/wordpress\/plugins\/seo\/ -->\n<title>Bernard Laporte : &quot;Je ne vois pas pourquoi je devrais m&#039;en aller&quot;<\/title>\n<meta name=\"description\" content=\"RUGBY - Alors que la la pression monte suite \u00e0 sa condamnation en premi\u00e8re instance, Bernard Laporte ne compte pas quitter la pr\u00e9sidence de la FFR.\" \/>\n<meta name=\"robots\" content=\"index, follow, max-snippet:-1, max-image-preview:large, max-video-preview:-1\" \/>\n<link rel=\"canonical\" href=\"https:\/\/dicodusport.fr\/blog\/bernard-laporte-je-ne-vois-pas-pourquoi-je-devrais-men-aller\/\" \/>\n<meta property=\"og:locale\" content=\"fr_FR\" \/>\n<meta property=\"og:type\" content=\"article\" \/>\n<meta property=\"og:title\" content=\"Bernard Laporte : &quot;Je ne vois pas pourquoi je devrais m&#039;en aller&quot;\" \/>\n<meta property=\"og:description\" content=\"RUGBY - Alors que la la pression monte suite \u00e0 sa condamnation en premi\u00e8re instance, Bernard Laporte ne compte pas quitter la pr\u00e9sidence de la FFR.\" \/>\n<meta property=\"og:url\" content=\"https:\/\/dicodusport.fr\/blog\/bernard-laporte-je-ne-vois-pas-pourquoi-je-devrais-men-aller\/\" \/>\n<meta property=\"og:site_name\" content=\"Dicodusport\" \/>\n<meta property=\"article:publisher\" content=\"https:\/\/www.facebook.com\/dicodusport\" \/>\n<meta property=\"article:author\" content=\"https:\/\/www.facebook.com\/dicodusport\" \/>\n<meta property=\"article:published_time\" content=\"2022-12-18T08:29:23+00:00\" \/>\n<meta property=\"article:modified_time\" content=\"2022-12-18T09:14:41+00:00\" \/>\n<meta property=\"og:image\" content=\"https:\/\/dicodusport.fr\/blog\/wp-content\/uploads\/2022\/12\/FFR-La-Ministre-des-Sports-demande-le-depart-de-Bernard-Laporte.png\" \/>\n\t<meta property=\"og:image:width\" content=\"800\" \/>\n\t<meta property=\"og:image:height\" content=\"445\" \/>\n\t<meta property=\"og:image:type\" content=\"image\/png\" \/>\n<meta name=\"author\" content=\"Nicolas Jacquemard\" \/>\n<meta name=\"twitter:card\" content=\"summary_large_image\" \/>\n<meta name=\"twitter:title\" content=\"Bernard Laporte : &quot;Je ne vois pas pourquoi je devrais m&#039;en aller&quot;\" \/>\n<meta name=\"twitter:creator\" content=\"@https:\/\/twitter.com\/Nico_Jacquemard\" \/>\n<meta name=\"twitter:site\" content=\"@dicodusport\" \/>\n<script type=\"application\/ld+json\" class=\"yoast-schema-graph\">{\"@context\":\"https:\/\/schema.org\",\"@graph\":[{\"@type\":\"NewsArticle\",\"@id\":\"https:\/\/dicodusport.fr\/blog\/bernard-laporte-je-ne-vois-pas-pourquoi-je-devrais-men-aller\/#article\",\"isPartOf\":{\"@id\":\"https:\/\/dicodusport.fr\/blog\/bernard-laporte-je-ne-vois-pas-pourquoi-je-devrais-men-aller\/\"},\"author\":{\"name\":\"Nicolas Jacquemard\",\"@id\":\"https:\/\/dicodusport.fr\/blog\/#\/schema\/person\/55dcb50ad410894e431ed812bbb70191\"},\"headline\":\"Bernard Laporte : \u00ab\u00a0Je ne vois pas pourquoi je devrais m&rsquo;en aller\u00a0\u00bb\",\"datePublished\":\"2022-12-18T08:29:23+00:00\",\"dateModified\":\"2022-12-18T09:14:41+00:00\",\"mainEntityOfPage\":{\"@id\":\"https:\/\/dicodusport.fr\/blog\/bernard-laporte-je-ne-vois-pas-pourquoi-je-devrais-men-aller\/\"},\"wordCount\":345,\"commentCount\":0,\"publisher\":{\"@id\":\"https:\/\/dicodusport.fr\/blog\/#organization\"},\"image\":{\"@id\":\"https:\/\/dicodusport.fr\/blog\/bernard-laporte-je-ne-vois-pas-pourquoi-je-devrais-men-aller\/#primaryimage\"},\"thumbnailUrl\":\"https:\/\/dicodusport.fr\/blog\/wp-content\/uploads\/2022\/12\/FFR-La-Ministre-des-Sports-demande-le-depart-de-Bernard-Laporte.png\",\"keywords\":[\"Bernard Laporte\",\"F\u00e9d\u00e9ration Fran\u00e7aise de Rugby\",\"FFR\",\"Mohed Altrad\"],\"articleSection\":[\"Rugby \u00e0 XV\"],\"inLanguage\":\"fr-FR\",\"potentialAction\":[{\"@type\":\"CommentAction\",\"name\":\"Comment\",\"target\":[\"https:\/\/dicodusport.fr\/blog\/bernard-laporte-je-ne-vois-pas-pourquoi-je-devrais-men-aller\/#respond\"]}],\"copyrightYear\":\"2022\",\"copyrightHolder\":{\"@id\":\"https:\/\/dicodusport.fr\/blog\/#organization\"}},{\"@type\":\"WebPage\",\"@id\":\"https:\/\/dicodusport.fr\/blog\/bernard-laporte-je-ne-vois-pas-pourquoi-je-devrais-men-aller\/\",\"url\":\"https:\/\/dicodusport.fr\/blog\/bernard-laporte-je-ne-vois-pas-pourquoi-je-devrais-men-aller\/\",\"name\":\"Bernard Laporte : \\\"Je ne vois pas pourquoi je devrais m'en aller\\\"\",\"isPartOf\":{\"@id\":\"https:\/\/dicodusport.fr\/blog\/#website\"},\"primaryImageOfPage\":{\"@id\":\"https:\/\/dicodusport.fr\/blog\/bernard-laporte-je-ne-vois-pas-pourquoi-je-devrais-men-aller\/#primaryimage\"},\"image\":{\"@id\":\"https:\/\/dicodusport.fr\/blog\/bernard-laporte-je-ne-vois-pas-pourquoi-je-devrais-men-aller\/#primaryimage\"},\"thumbnailUrl\":\"https:\/\/dicodusport.fr\/blog\/wp-content\/uploads\/2022\/12\/FFR-La-Ministre-des-Sports-demande-le-depart-de-Bernard-Laporte.png\",\"datePublished\":\"2022-12-18T08:29:23+00:00\",\"dateModified\":\"2022-12-18T09:14:41+00:00\",\"description\":\"RUGBY - Alors que la la pression monte suite \u00e0 sa condamnation en premi\u00e8re instance, Bernard Laporte ne compte pas quitter la pr\u00e9sidence de la FFR.\",\"breadcrumb\":{\"@id\":\"https:\/\/dicodusport.fr\/blog\/bernard-laporte-je-ne-vois-pas-pourquoi-je-devrais-men-aller\/#breadcrumb\"},\"inLanguage\":\"fr-FR\",\"potentialAction\":[{\"@type\":\"ReadAction\",\"target\":[\"https:\/\/dicodusport.fr\/blog\/bernard-laporte-je-ne-vois-pas-pourquoi-je-devrais-men-aller\/\"]}]},{\"@type\":\"ImageObject\",\"inLanguage\":\"fr-FR\",\"@id\":\"https:\/\/dicodusport.fr\/blog\/bernard-laporte-je-ne-vois-pas-pourquoi-je-devrais-men-aller\/#primaryimage\",\"url\":\"https:\/\/dicodusport.fr\/blog\/wp-content\/uploads\/2022\/12\/FFR-La-Ministre-des-Sports-demande-le-depart-de-Bernard-Laporte.png\",\"contentUrl\":\"https:\/\/dicodusport.fr\/blog\/wp-content\/uploads\/2022\/12\/FFR-La-Ministre-des-Sports-demande-le-depart-de-Bernard-Laporte.png\",\"width\":800,\"height\":445,\"caption\":\"FFR La Ministre des Sports demande le d\u00e9part de Bernard Laporte\"},{\"@type\":\"BreadcrumbList\",\"@id\":\"https:\/\/dicodusport.fr\/blog\/bernard-laporte-je-ne-vois-pas-pourquoi-je-devrais-men-aller\/#breadcrumb\",\"itemListElement\":[{\"@type\":\"ListItem\",\"position\":1,\"name\":\"Accueil\",\"item\":\"https:\/\/dicodusport.fr\/blog\/\"},{\"@type\":\"ListItem\",\"position\":2,\"name\":\"Bernard Laporte : \u00ab\u00a0Je ne vois pas pourquoi je devrais m&rsquo;en aller\u00a0\u00bb\"}]},{\"@type\":\"WebSite\",\"@id\":\"https:\/\/dicodusport.fr\/blog\/#website\",\"url\":\"https:\/\/dicodusport.fr\/blog\/\",\"name\":\"Dicodusport\",\"description\":\"L&#039;encyclop\u00e9die de l&#039;actualit\u00e9 sportive\",\"publisher\":{\"@id\":\"https:\/\/dicodusport.fr\/blog\/#organization\"},\"potentialAction\":[{\"@type\":\"SearchAction\",\"target\":{\"@type\":\"EntryPoint\",\"urlTemplate\":\"https:\/\/dicodusport.fr\/blog\/?s={search_term_string}\"},\"query-input\":{\"@type\":\"PropertyValueSpecification\",\"valueRequired\":true,\"valueName\":\"search_term_string\"}}],\"inLanguage\":\"fr-FR\"},{\"@type\":\"NewsMediaOrganization\",\"@id\":\"https:\/\/dicodusport.fr\/blog\/#organization\",\"name\":\"Dicodusport\",\"url\":\"https:\/\/dicodusport.fr\/blog\/\",\"logo\":{\"@type\":\"ImageObject\",\"inLanguage\":\"fr-FR\",\"@id\":\"https:\/\/dicodusport.fr\/blog\/#\/schema\/logo\/image\/\",\"url\":\"https:\/\/dicodusport.fr\/blog\/wp-content\/uploads\/2020\/06\/cropped-LOGO-DICODUSPORT-2020-SANS-FOND-SANS-TEXTE.png\",\"contentUrl\":\"https:\/\/dicodusport.fr\/blog\/wp-content\/uploads\/2020\/06\/cropped-LOGO-DICODUSPORT-2020-SANS-FOND-SANS-TEXTE.png\",\"width\":512,\"height\":512,\"caption\":\"Dicodusport\"},\"image\":{\"@id\":\"https:\/\/dicodusport.fr\/blog\/#\/schema\/logo\/image\/\"},\"sameAs\":[\"https:\/\/www.facebook.com\/dicodusport\",\"https:\/\/x.com\/dicodusport\",\"https:\/\/www.instagram.com\/dicodusport\/\",\"https:\/\/www.youtube.com\/channel\/UC7V2KZ5sd3htJivAbA4ZG3w\"],\"description\":\"Dicodusport est l'encyclop\u00e9die de l'actualit\u00e9 sportive.\",\"email\":\"bonjour@dicodusport.fr\",\"legalName\":\"DICODUSPORT\",\"foundingDate\":\"2018-01-14\",\"vatID\":\"FR71834470973\",\"taxID\":\"83447097300043\",\"numberOfEmployees\":{\"@type\":\"QuantitativeValue\",\"minValue\":\"1\",\"maxValue\":\"10\"}},{\"@type\":\"Person\",\"@id\":\"https:\/\/dicodusport.fr\/blog\/#\/schema\/person\/55dcb50ad410894e431ed812bbb70191\",\"name\":\"Nicolas Jacquemard\",\"image\":{\"@type\":\"ImageObject\",\"inLanguage\":\"fr-FR\",\"@id\":\"https:\/\/dicodusport.fr\/blog\/#\/schema\/person\/image\/\",\"url\":\"https:\/\/dicodusport.fr\/blog\/wp-content\/uploads\/2021\/05\/Nicolas-Jacquemard-150x150.jpeg\",\"contentUrl\":\"https:\/\/dicodusport.fr\/blog\/wp-content\/uploads\/2021\/05\/Nicolas-Jacquemard-150x150.jpeg\",\"caption\":\"Nicolas Jacquemard\"},\"description\":\"Passionn\u00e9 de sport et entrepreneur depuis mes 18 ans, la cr\u00e9ation de Dicodusport m'a sembl\u00e9 \u00e9vidente pour participer \u00e0 la m\u00e9diatisation d'un plus grand nombre de sports. Le chemin est long mais avec une \u00e9quipe des plus motiv\u00e9es et les Jeux Olympiques de Paris 2024 en point de mire, nous y arriverons ! Journaliste dans le monde du sport depuis plus de 5 ans, je traite aussi bien de football, de rugby, de biathlon que de cyclisme.\",\"sameAs\":[\"https:\/\/www.facebook.com\/dicodusport\",\"https:\/\/x.com\/https:\/\/twitter.com\/Nico_Jacquemard\"],\"url\":\"https:\/\/dicodusport.fr\/blog\/author\/dicodusport\/\"}]}<\/script>\n<!-- \/ Yoast SEO Premium plugin. -->","yoast_head_json":{"title":"Bernard Laporte : \"Je ne vois pas pourquoi je devrais m'en aller\"","description":"RUGBY - Alors que la la pression monte suite \u00e0 sa condamnation en premi\u00e8re instance, Bernard Laporte ne compte pas quitter la pr\u00e9sidence de la FFR.","robots":{"index":"index","follow":"follow","max-snippet":"max-snippet:-1","max-image-preview":"max-image-preview:large","max-video-preview":"max-video-preview:-1"},"canonical":"https:\/\/dicodusport.fr\/blog\/bernard-laporte-je-ne-vois-pas-pourquoi-je-devrais-men-aller\/","og_locale":"fr_FR","og_type":"article","og_title":"Bernard Laporte : \"Je ne vois pas pourquoi je devrais m'en aller\"","og_description":"RUGBY - Alors que la la pression monte suite \u00e0 sa condamnation en premi\u00e8re instance, Bernard Laporte ne compte pas quitter la pr\u00e9sidence de la FFR.","og_url":"https:\/\/dicodusport.fr\/blog\/bernard-laporte-je-ne-vois-pas-pourquoi-je-devrais-men-aller\/","og_site_name":"Dicodusport","article_publisher":"https:\/\/www.facebook.com\/dicodusport","article_author":"https:\/\/www.facebook.com\/dicodusport","article_published_time":"2022-12-18T08:29:23+00:00","article_modified_time":"2022-12-18T09:14:41+00:00","og_image":[{"width":800,"height":445,"url":"https:\/\/dicodusport.fr\/blog\/wp-content\/uploads\/2022\/12\/FFR-La-Ministre-des-Sports-demande-le-depart-de-Bernard-Laporte.png","type":"image\/png"}],"author":"Nicolas Jacquemard","twitter_card":"summary_large_image","twitter_title":"Bernard Laporte : \"Je ne vois pas pourquoi je devrais m'en aller\"","twitter_creator":"@https:\/\/twitter.com\/Nico_Jacquemard","twitter_site":"@dicodusport","schema":{"@context":"https:\/\/schema.org","@graph":[{"@type":"NewsArticle","@id":"https:\/\/dicodusport.fr\/blog\/bernard-laporte-je-ne-vois-pas-pourquoi-je-devrais-men-aller\/#article","isPartOf":{"@id":"https:\/\/dicodusport.fr\/blog\/bernard-laporte-je-ne-vois-pas-pourquoi-je-devrais-men-aller\/"},"author":{"name":"Nicolas Jacquemard","@id":"https:\/\/dicodusport.fr\/blog\/#\/schema\/person\/55dcb50ad410894e431ed812bbb70191"},"headline":"Bernard Laporte : \u00ab\u00a0Je ne vois pas pourquoi je devrais m&rsquo;en aller\u00a0\u00bb","datePublished":"2022-12-18T08:29:23+00:00","dateModified":"2022-12-18T09:14:41+00:00","mainEntityOfPage":{"@id":"https:\/\/dicodusport.fr\/blog\/bernard-laporte-je-ne-vois-pas-pourquoi-je-devrais-men-aller\/"},"wordCount":345,"commentCount":0,"publisher":{"@id":"https:\/\/dicodusport.fr\/blog\/#organization"},"image":{"@id":"https:\/\/dicodusport.fr\/blog\/bernard-laporte-je-ne-vois-pas-pourquoi-je-devrais-men-aller\/#primaryimage"},"thumbnailUrl":"https:\/\/dicodusport.fr\/blog\/wp-content\/uploads\/2022\/12\/FFR-La-Ministre-des-Sports-demande-le-depart-de-Bernard-Laporte.png","keywords":["Bernard Laporte","F\u00e9d\u00e9ration Fran\u00e7aise de Rugby","FFR","Mohed Altrad"],"articleSection":["Rugby \u00e0 XV"],"inLanguage":"fr-FR","potentialAction":[{"@type":"CommentAction","name":"Comment","target":["https:\/\/dicodusport.fr\/blog\/bernard-laporte-je-ne-vois-pas-pourquoi-je-devrais-men-aller\/#respond"]}],"copyrightYear":"2022","copyrightHolder":{"@id":"https:\/\/dicodusport.fr\/blog\/#organization"}},{"@type":"WebPage","@id":"https:\/\/dicodusport.fr\/blog\/bernard-laporte-je-ne-vois-pas-pourquoi-je-devrais-men-aller\/","url":"https:\/\/dicodusport.fr\/blog\/bernard-laporte-je-ne-vois-pas-pourquoi-je-devrais-men-aller\/","name":"Bernard Laporte : \"Je ne vois pas pourquoi je devrais m'en aller\"","isPartOf":{"@id":"https:\/\/dicodusport.fr\/blog\/#website"},"primaryImageOfPage":{"@id":"https:\/\/dicodusport.fr\/blog\/bernard-laporte-je-ne-vois-pas-pourquoi-je-devrais-men-aller\/#primaryimage"},"image":{"@id":"https:\/\/dicodusport.fr\/blog\/bernard-laporte-je-ne-vois-pas-pourquoi-je-devrais-men-aller\/#primaryimage"},"thumbnailUrl":"https:\/\/dicodusport.fr\/blog\/wp-content\/uploads\/2022\/12\/FFR-La-Ministre-des-Sports-demande-le-depart-de-Bernard-Laporte.png","datePublished":"2022-12-18T08:29:23+00:00","dateModified":"2022-12-18T09:14:41+00:00","description":"RUGBY - Alors que la la pression monte suite \u00e0 sa condamnation en premi\u00e8re instance, Bernard Laporte ne compte pas quitter la pr\u00e9sidence de la FFR.","breadcrumb":{"@id":"https:\/\/dicodusport.fr\/blog\/bernard-laporte-je-ne-vois-pas-pourquoi-je-devrais-men-aller\/#breadcrumb"},"inLanguage":"fr-FR","potentialAction":[{"@type":"ReadAction","target":["https:\/\/dicodusport.fr\/blog\/bernard-laporte-je-ne-vois-pas-pourquoi-je-devrais-men-aller\/"]}]},{"@type":"ImageObject","inLanguage":"fr-FR","@id":"https:\/\/dicodusport.fr\/blog\/bernard-laporte-je-ne-vois-pas-pourquoi-je-devrais-men-aller\/#primaryimage","url":"https:\/\/dicodusport.fr\/blog\/wp-content\/uploads\/2022\/12\/FFR-La-Ministre-des-Sports-demande-le-depart-de-Bernard-Laporte.png","contentUrl":"https:\/\/dicodusport.fr\/blog\/wp-content\/uploads\/2022\/12\/FFR-La-Ministre-des-Sports-demande-le-depart-de-Bernard-Laporte.png","width":800,"height":445,"caption":"FFR La Ministre des Sports demande le d\u00e9part de Bernard Laporte"},{"@type":"BreadcrumbList","@id":"https:\/\/dicodusport.fr\/blog\/bernard-laporte-je-ne-vois-pas-pourquoi-je-devrais-men-aller\/#breadcrumb","itemListElement":[{"@type":"ListItem","position":1,"name":"Accueil","item":"https:\/\/dicodusport.fr\/blog\/"},{"@type":"ListItem","position":2,"name":"Bernard Laporte : \u00ab\u00a0Je ne vois pas pourquoi je devrais m&rsquo;en aller\u00a0\u00bb"}]},{"@type":"WebSite","@id":"https:\/\/dicodusport.fr\/blog\/#website","url":"https:\/\/dicodusport.fr\/blog\/","name":"Dicodusport","description":"L&#039;encyclop\u00e9die de l&#039;actualit\u00e9 sportive","publisher":{"@id":"https:\/\/dicodusport.fr\/blog\/#organization"},"potentialAction":[{"@type":"SearchAction","target":{"@type":"EntryPoint","urlTemplate":"https:\/\/dicodusport.fr\/blog\/?s={search_term_string}"},"query-input":{"@type":"PropertyValueSpecification","valueRequired":true,"valueName":"search_term_string"}}],"inLanguage":"fr-FR"},{"@type":"NewsMediaOrganization","@id":"https:\/\/dicodusport.fr\/blog\/#organization","name":"Dicodusport","url":"https:\/\/dicodusport.fr\/blog\/","logo":{"@type":"ImageObject","inLanguage":"fr-FR","@id":"https:\/\/dicodusport.fr\/blog\/#\/schema\/logo\/image\/","url":"https:\/\/dicodusport.fr\/blog\/wp-content\/uploads\/2020\/06\/cropped-LOGO-DICODUSPORT-2020-SANS-FOND-SANS-TEXTE.png","contentUrl":"https:\/\/dicodusport.fr\/blog\/wp-content\/uploads\/2020\/06\/cropped-LOGO-DICODUSPORT-2020-SANS-FOND-SANS-TEXTE.png","width":512,"height":512,"caption":"Dicodusport"},"image":{"@id":"https:\/\/dicodusport.fr\/blog\/#\/schema\/logo\/image\/"},"sameAs":["https:\/\/www.facebook.com\/dicodusport","https:\/\/x.com\/dicodusport","https:\/\/www.instagram.com\/dicodusport\/","https:\/\/www.youtube.com\/channel\/UC7V2KZ5sd3htJivAbA4ZG3w"],"description":"Dicodusport est l'encyclop\u00e9die de l'actualit\u00e9 sportive.","email":"bonjour@dicodusport.fr","legalName":"DICODUSPORT","foundingDate":"2018-01-14","vatID":"FR71834470973","taxID":"83447097300043","numberOfEmployees":{"@type":"QuantitativeValue","minValue":"1","maxValue":"10"}},{"@type":"Person","@id":"https:\/\/dicodusport.fr\/blog\/#\/schema\/person\/55dcb50ad410894e431ed812bbb70191","name":"Nicolas Jacquemard","image":{"@type":"ImageObject","inLanguage":"fr-FR","@id":"https:\/\/dicodusport.fr\/blog\/#\/schema\/person\/image\/","url":"https:\/\/dicodusport.fr\/blog\/wp-content\/uploads\/2021\/05\/Nicolas-Jacquemard-150x150.jpeg","contentUrl":"https:\/\/dicodusport.fr\/blog\/wp-content\/uploads\/2021\/05\/Nicolas-Jacquemard-150x150.jpeg","caption":"Nicolas Jacquemard"},"description":"Passionn\u00e9 de sport et entrepreneur depuis mes 18 ans, la cr\u00e9ation de Dicodusport m'a sembl\u00e9 \u00e9vidente pour participer \u00e0 la m\u00e9diatisation d'un plus grand nombre de sports. Le chemin est long mais avec une \u00e9quipe des plus motiv\u00e9es et les Jeux Olympiques de Paris 2024 en point de mire, nous y arriverons ! Journaliste dans le monde du sport depuis plus de 5 ans, je traite aussi bien de football, de rugby, de biathlon que de cyclisme.","sameAs":["https:\/\/www.facebook.com\/dicodusport","https:\/\/x.com\/https:\/\/twitter.com\/Nico_Jacquemard"],"url":"https:\/\/dicodusport.fr\/blog\/author\/dicodusport\/"}]}},"_links":{"self":[{"href":"https:\/\/dicodusport.fr\/blog\/wp-json\/wp\/v2\/posts\/288837","targetHints":{"allow":["GET"]}}],"collection":[{"href":"https:\/\/dicodusport.fr\/blog\/wp-json\/wp\/v2\/posts"}],"about":[{"href":"https:\/\/dicodusport.fr\/blog\/wp-json\/wp\/v2\/types\/post"}],"author":[{"embeddable":true,"href":"https:\/\/dicodusport.fr\/blog\/wp-json\/wp\/v2\/users\/1"}],"replies":[{"embeddable":true,"href":"https:\/\/dicodusport.fr\/blog\/wp-json\/wp\/v2\/comments?post=288837"}],"version-history":[{"count":0,"href":"https:\/\/dicodusport.fr\/blog\/wp-json\/wp\/v2\/posts\/288837\/revisions"}],"wp:featuredmedia":[{"embeddable":true,"href":"https:\/\/dicodusport.fr\/blog\/wp-json\/wp\/v2\/media\/287757"}],"wp:attachment":[{"href":"https:\/\/dicodusport.fr\/blog\/wp-json\/wp\/v2\/media?parent=288837"}],"wp:term":[{"taxonomy":"category","embeddable":true,"href":"https:\/\/dicodusport.fr\/blog\/wp-json\/wp\/v2\/categories?post=288837"},{"taxonomy":"post_tag","embeddable":true,"href":"https:\/\/dicodusport.fr\/blog\/wp-json\/wp\/v2\/tags?post=288837"}],"curies":[{"name":"wp","href":"https:\/\/api.w.org\/{rel}","templated":true}]}}